{"id":56623,"date":"2025-01-07T09:35:35","date_gmt":"2025-01-07T12:35:35","guid":{"rendered":"https:\/\/jornalfatosenoticias.com.br\/?p=56623"},"modified":"2025-01-07T09:35:37","modified_gmt":"2025-01-07T12:35:37","slug":"perseverance-capta-imagem-de-nuvem-de-gelo-em-marte","status":"publish","type":"post","link":"https:\/\/jornalfatosenoticias.com.br\/index.php\/2025\/01\/07\/perseverance-capta-imagem-de-nuvem-de-gelo-em-marte\/","title":{"rendered":"Perseverance capta imagem de nuvem de gelo em Marte"},"content":{"rendered":"\n<p><em><span class=\"has-inline-color has-black-color\">A estrutura das nuvens marcianas \u00e9 um t\u00f3pico de interesse cient\u00edfico porque exibe padr\u00f5es incomuns de movimento<\/span><\/em><\/p>\n\n\n\n<p><span class=\"has-inline-color has-black-color\">Por <strong><a href=\"https:\/\/gizmodo.uol.com.br\/author\/pablo-nogueira\/\">Pablo Nogueira<\/a><\/strong><\/span><\/p>\n\n\n\n<div class=\"wp-block-image\"><figure class=\"aligncenter size-large\"><a href=\"https:\/\/mizu.com.br\/\"><img loading=\"lazy\" decoding=\"async\" width=\"729\" height=\"90\" src=\"https:\/\/jornalfatosenoticias.com.br\/wp-content\/uploads\/2020\/02\/Logo_Mizu.png\" alt=\"\" class=\"wp-image-1441\" srcset=\"https:\/\/jornalfatosenoticias.com.br\/wp-content\/uploads\/2020\/02\/Logo_Mizu.png 729w, https:\/\/jornalfatosenoticias.com.br\/wp-content\/uploads\/2020\/02\/Logo_Mizu-300x37.png 300w\" sizes=\"auto, (max-width: 729px) 100vw, 729px\" \/><\/a><\/figure><\/div>\n\n\n\n<p>O rover Perseverance, <a href=\"https:\/\/gizmodo.uol.com.br\/3-anos-em-marte-reveja-o-video-do-pouso-do-rover-perseverance\/\">que explora a superf\u00edcie de Marte desde 2021<\/a>, captou uma imagem que mostra uma intrigante nuvem de gelo no planeta. A imagem <a href=\"https:\/\/apod.nasa.gov\/apod\/ap241203.html\">escolhida<\/a> pela Nasa como a foto astron\u00f4mica do \u00faltimo dia 3 de dezembro mostra o c\u00e9u de Marte pela perspectiva do Perseverance, que captou a imagem em mar\u00e7o deste ano. A foto passou por um <a href=\"https:\/\/gizmodo.uol.com.br\/rover-perseverance-da-nasa-fotografa-outro-rosto-de-marte\/\">processo de edi\u00e7\u00e3o para criar a imagem da nuvem de gelo em Marte<\/a>, com uma calibragem mais neutra de cores.<br>Desse modo, \u00e9 poss\u00edvel <a href=\"https:\/\/gizmodo.uol.com.br\/rover-da-nasa-encontra-rochas-em-forma-de-pipoca-em-marte\/\">observar as caracter\u00edsticas \u00fanicas do planeta vermelho<\/a>, que n\u00e3o recebeu esse apelido \u00e0 toa. A alta concentra\u00e7\u00e3o de ferro no solo de Marte se combina com oxig\u00eanio e forma ferrugem, criando o tom avermelhado do planeta. Esse\u00a0<a href=\"https:\/\/gizmodo.uol.com.br\/rover-curiosity-vai-investigar-teias-de-aranha-gigantes-em-marte\/\">processo \u00e9 respons\u00e1vel pela apar\u00eancia de Marte<\/a>, que fica vis\u00edvel na imagem do Perseverance em todos os lugares, exceto na nuvem de gelo.<\/p>\n\n\n\n<div class=\"wp-block-image\"><figure class=\"aligncenter size-large\"><a href=\"http:\/\/www.ferrarimaquinas.com.br\/\"><img loading=\"lazy\" decoding=\"async\" width=\"300\" height=\"250\" src=\"https:\/\/jornalfatosenoticias.com.br\/wp-content\/uploads\/2022\/02\/FERRARI_MAQUINAS-E-FERRAMENTAS2.jpg\" alt=\"\" class=\"wp-image-27860\"\/><\/a><\/figure><\/div>\n\n\n\n<p>A nuvem de gelo tamb\u00e9m s\u00f3 existe pelo ambiente peculiar de Marte, que possui uma atmosfera bem fina. Predominantemente composta por CO\u2082, h\u00e1 apenas vest\u00edgios de outros gases na atmosfera marciana. No entanto, apesar da sua espessura, a atmosfera de Marte consegue formar nuvens compostas por cristais de gelo, que o Perseverance captou.<\/p>\n\n\n\n<div class=\"wp-block-image\"><figure class=\"aligncenter size-large is-resized\"><a href=\"https:\/\/www.controlsystems.com.br\/\"><img loading=\"lazy\" decoding=\"async\" src=\"https:\/\/jornalfatosenoticias.com.br\/wp-content\/uploads\/2020\/02\/CONTROL-CS.jpg\" alt=\"\" class=\"wp-image-44991\" width=\"264\" height=\"317\" srcset=\"https:\/\/jornalfatosenoticias.com.br\/wp-content\/uploads\/2020\/02\/CONTROL-CS.jpg 834w, https:\/\/jornalfatosenoticias.com.br\/wp-content\/uploads\/2020\/02\/CONTROL-CS-250x300.jpg 250w, https:\/\/jornalfatosenoticias.com.br\/wp-content\/uploads\/2020\/02\/CONTROL-CS-768x921.jpg 768w\" sizes=\"auto, (max-width: 264px) 100vw, 264px\" \/><\/a><\/figure><\/div>\n\n\n\n<p>Novamente, isso ocorre pelas condi\u00e7\u00f5es de Marte, <a href=\"https:\/\/gizmodo.uol.com.br\/estudo-da-nasa-revela-possibilidade-de-vida-debaixo-do-gelo-de-marte\/\">sobretudo pela baixa press\u00e3o e as temperaturas frias<\/a>, que impossibilitam a exist\u00eancia de \u00e1gua em estado l\u00edquido na superf\u00edcie. A press\u00e3o em Marte \u00e9 t\u00e3o baixa <a href=\"https:\/\/gizmodo.uol.com.br\/estudo-da-nasa-revela-possibilidade-de-vida-debaixo-do-gelo-de-marte\/\">que o gelo se transforma diretamente em g\u00e1s ao derreter, sem passar pelo estado l\u00edquido<\/a>. Um processo similar ocorre na Terra com gelo seco. Ali\u00e1s, a estrutura das nuvens marcianas \u00e9 <a href=\"https:\/\/gizmodo.uol.com.br\/por-que-nao-encontramos-sinais-de-vida-em-marte-estudo-traz-resposta\/\">um t\u00f3pico de interesse cient\u00edfico porque<\/a>, al\u00e9m de sua forma\u00e7\u00e3o, elas exibem padr\u00f5es incomuns que os cientistas ainda tentam entender.<\/p>\n\n\n\n<div class=\"wp-block-image\"><figure class=\"aligncenter size-large is-resized\"><a href=\"https:\/\/www.instagram.com\/vmais.midias\/\"><img loading=\"lazy\" decoding=\"async\" src=\"https:\/\/jornalfatosenoticias.com.br\/wp-content\/uploads\/2020\/02\/DE-MAIS-DESTAQUE-VMAIS-800X700.png\" alt=\"\" class=\"wp-image-53112\" width=\"307\" height=\"268\" srcset=\"https:\/\/jornalfatosenoticias.com.br\/wp-content\/uploads\/2020\/02\/DE-MAIS-DESTAQUE-VMAIS-800X700.png 800w, https:\/\/jornalfatosenoticias.com.br\/wp-content\/uploads\/2020\/02\/DE-MAIS-DESTAQUE-VMAIS-800X700-300x263.png 300w, https:\/\/jornalfatosenoticias.com.br\/wp-content\/uploads\/2020\/02\/DE-MAIS-DESTAQUE-VMAIS-800X700-768x672.png 768w\" sizes=\"auto, (max-width: 307px) 100vw, 307px\" \/><\/a><\/figure><\/div>\n\n\n\n<p><strong><em>Fonte: <a href=\"https:\/\/gizmodo.uol.com.br\/perseverance-capta-imagem-de-nuvem-de-gelo-em-marte\/\">Giz Brasil<\/a><\/em><\/strong><\/p>\n","protected":false},"excerpt":{"rendered":"<p>A estrutura das nuvens marcianas \u00e9 um t\u00f3pico de interesse cient\u00edfico porque exibe padr\u00f5es incomuns de movimento Por Pablo Nogueira O rover Perseverance, que explora a superf\u00edcie de Marte desde 2021, captou uma imagem que mostra uma intrigante nuvem de gelo no planeta. A imagem escolhida pela Nasa como a foto astron\u00f4mica do \u00faltimo dia [&hellip;]<\/p>\n","protected":false},"author":2,"featured_media":56624,"comment_status":"open","ping_status":"open","sticky":false,"template":"","format":"standard","meta":{"footnotes":""},"categories":[2],"tags":[25843,434,164,25842,4076],"class_list":["post-56623","post","type-post","status-publish","format-standard","has-post-thumbnail","hentry","category-ciencia","tag-geologia-de-marte","tag-marte","tag-nasa","tag-nasa-mars-rover-perseverance","tag-perseverance"],"yoast_head":"<!-- This site is optimized with the Yoast SEO plugin v26.5 - https:\/\/yoast.com\/wordpress\/plugins\/seo\/ -->\n<title>Perseverance capta imagem de nuvem de gelo em Marte - Jornal Fatos e Not\u00edcias<\/title>\n<meta name=\"robots\" content=\"index, follow, max-snippet:-1, max-image-preview:large, max-video-preview:-1\" \/>\n<link rel=\"canonical\" href=\"https:\/\/jornalfatosenoticias.com.br\/index.php\/2025\/01\/07\/perseverance-capta-imagem-de-nuvem-de-gelo-em-marte\/\" \/>\n<meta property=\"og:locale\" content=\"pt_BR\" \/>\n<meta property=\"og:type\" content=\"article\" \/>\n<meta property=\"og:title\" content=\"Perseverance capta imagem de nuvem de gelo em Marte - Jornal Fatos e Not\u00edcias\" \/>\n<meta property=\"og:description\" content=\"A estrutura das nuvens marcianas \u00e9 um t\u00f3pico de interesse cient\u00edfico porque exibe padr\u00f5es incomuns de movimento Por Pablo Nogueira O rover Perseverance, que explora a superf\u00edcie de Marte desde 2021, captou uma imagem que mostra uma intrigante nuvem de gelo no planeta. A imagem escolhida pela Nasa como a foto astron\u00f4mica do \u00faltimo dia [&hellip;]\" \/>\n<meta property=\"og:url\" content=\"https:\/\/jornalfatosenoticias.com.br\/index.php\/2025\/01\/07\/perseverance-capta-imagem-de-nuvem-de-gelo-em-marte\/\" \/>\n<meta property=\"og:site_name\" content=\"Jornal Fatos e Not\u00edcias\" \/>\n<meta property=\"article:published_time\" content=\"2025-01-07T12:35:35+00:00\" \/>\n<meta property=\"article:modified_time\" content=\"2025-01-07T12:35:37+00:00\" \/>\n<meta property=\"og:image\" content=\"https:\/\/jornalfatosenoticias.com.br\/wp-content\/uploads\/2025\/01\/nuvem-gelo-marte-perseverance.jpg\" \/>\n\t<meta property=\"og:image:width\" content=\"1000\" \/>\n\t<meta property=\"og:image:height\" content=\"562\" \/>\n\t<meta property=\"og:image:type\" content=\"image\/jpeg\" \/>\n<meta name=\"author\" content=\"Luzimara Fernandes\" \/>\n<meta name=\"twitter:card\" content=\"summary_large_image\" \/>\n<meta name=\"twitter:label1\" content=\"Escrito por\" \/>\n\t<meta name=\"twitter:data1\" content=\"Luzimara Fernandes\" \/>\n\t<meta name=\"twitter:label2\" content=\"Est. tempo de leitura\" \/>\n\t<meta name=\"twitter:data2\" content=\"2 minutos\" \/>\n<script type=\"application\/ld+json\" class=\"yoast-schema-graph\">{\"@context\":\"https:\/\/schema.org\",\"@graph\":[{\"@type\":\"Article\",\"@id\":\"https:\/\/jornalfatosenoticias.com.br\/index.php\/2025\/01\/07\/perseverance-capta-imagem-de-nuvem-de-gelo-em-marte\/#article\",\"isPartOf\":{\"@id\":\"https:\/\/jornalfatosenoticias.com.br\/index.php\/2025\/01\/07\/perseverance-capta-imagem-de-nuvem-de-gelo-em-marte\/\"},\"author\":{\"name\":\"Luzimara Fernandes\",\"@id\":\"https:\/\/jornalfatosenoticias.com.br\/#\/schema\/person\/d63837fa13ac8666eb9e74e0985d6f81\"},\"headline\":\"Perseverance capta imagem de nuvem de gelo em Marte\",\"datePublished\":\"2025-01-07T12:35:35+00:00\",\"dateModified\":\"2025-01-07T12:35:37+00:00\",\"mainEntityOfPage\":{\"@id\":\"https:\/\/jornalfatosenoticias.com.br\/index.php\/2025\/01\/07\/perseverance-capta-imagem-de-nuvem-de-gelo-em-marte\/\"},\"wordCount\":338,\"commentCount\":0,\"publisher\":{\"@id\":\"https:\/\/jornalfatosenoticias.com.br\/#organization\"},\"image\":{\"@id\":\"https:\/\/jornalfatosenoticias.com.br\/index.php\/2025\/01\/07\/perseverance-capta-imagem-de-nuvem-de-gelo-em-marte\/#primaryimage\"},\"thumbnailUrl\":\"https:\/\/jornalfatosenoticias.com.br\/wp-content\/uploads\/2025\/01\/nuvem-gelo-marte-perseverance.jpg\",\"keywords\":[\"Geologia de Marte\",\"Marte\",\"Nasa\",\"Nasa Mars Rover Perseverance\",\"Perseverance\"],\"articleSection\":[\"Ci\u00eancia\"],\"inLanguage\":\"pt-BR\",\"potentialAction\":[{\"@type\":\"CommentAction\",\"name\":\"Comment\",\"target\":[\"https:\/\/jornalfatosenoticias.com.br\/index.php\/2025\/01\/07\/perseverance-capta-imagem-de-nuvem-de-gelo-em-marte\/#respond\"]}]},{\"@type\":\"WebPage\",\"@id\":\"https:\/\/jornalfatosenoticias.com.br\/index.php\/2025\/01\/07\/perseverance-capta-imagem-de-nuvem-de-gelo-em-marte\/\",\"url\":\"https:\/\/jornalfatosenoticias.com.br\/index.php\/2025\/01\/07\/perseverance-capta-imagem-de-nuvem-de-gelo-em-marte\/\",\"name\":\"Perseverance capta imagem de nuvem de gelo em Marte - Jornal Fatos e Not\u00edcias\",\"isPartOf\":{\"@id\":\"https:\/\/jornalfatosenoticias.com.br\/#website\"},\"primaryImageOfPage\":{\"@id\":\"https:\/\/jornalfatosenoticias.com.br\/index.php\/2025\/01\/07\/perseverance-capta-imagem-de-nuvem-de-gelo-em-marte\/#primaryimage\"},\"image\":{\"@id\":\"https:\/\/jornalfatosenoticias.com.br\/index.php\/2025\/01\/07\/perseverance-capta-imagem-de-nuvem-de-gelo-em-marte\/#primaryimage\"},\"thumbnailUrl\":\"https:\/\/jornalfatosenoticias.com.br\/wp-content\/uploads\/2025\/01\/nuvem-gelo-marte-perseverance.jpg\",\"datePublished\":\"2025-01-07T12:35:35+00:00\",\"dateModified\":\"2025-01-07T12:35:37+00:00\",\"breadcrumb\":{\"@id\":\"https:\/\/jornalfatosenoticias.com.br\/index.php\/2025\/01\/07\/perseverance-capta-imagem-de-nuvem-de-gelo-em-marte\/#breadcrumb\"},\"inLanguage\":\"pt-BR\",\"potentialAction\":[{\"@type\":\"ReadAction\",\"target\":[\"https:\/\/jornalfatosenoticias.com.br\/index.php\/2025\/01\/07\/perseverance-capta-imagem-de-nuvem-de-gelo-em-marte\/\"]}]},{\"@type\":\"ImageObject\",\"inLanguage\":\"pt-BR\",\"@id\":\"https:\/\/jornalfatosenoticias.com.br\/index.php\/2025\/01\/07\/perseverance-capta-imagem-de-nuvem-de-gelo-em-marte\/#primaryimage\",\"url\":\"https:\/\/jornalfatosenoticias.com.br\/wp-content\/uploads\/2025\/01\/nuvem-gelo-marte-perseverance.jpg\",\"contentUrl\":\"https:\/\/jornalfatosenoticias.com.br\/wp-content\/uploads\/2025\/01\/nuvem-gelo-marte-perseverance.jpg\",\"width\":1000,\"height\":562},{\"@type\":\"BreadcrumbList\",\"@id\":\"https:\/\/jornalfatosenoticias.com.br\/index.php\/2025\/01\/07\/perseverance-capta-imagem-de-nuvem-de-gelo-em-marte\/#breadcrumb\",\"itemListElement\":[{\"@type\":\"ListItem\",\"position\":1,\"name\":\"In\u00edcio\",\"item\":\"https:\/\/jornalfatosenoticias.com.br\/\"},{\"@type\":\"ListItem\",\"position\":2,\"name\":\"Perseverance capta imagem de nuvem de gelo em Marte\"}]},{\"@type\":\"WebSite\",\"@id\":\"https:\/\/jornalfatosenoticias.com.br\/#website\",\"url\":\"https:\/\/jornalfatosenoticias.com.br\/\",\"name\":\"Jornal Fatos e Not\u00edcias\",\"description\":\"Not\u00edcias em geral\",\"publisher\":{\"@id\":\"https:\/\/jornalfatosenoticias.com.br\/#organization\"},\"potentialAction\":[{\"@type\":\"SearchAction\",\"target\":{\"@type\":\"EntryPoint\",\"urlTemplate\":\"https:\/\/jornalfatosenoticias.com.br\/?s={search_term_string}\"},\"query-input\":{\"@type\":\"PropertyValueSpecification\",\"valueRequired\":true,\"valueName\":\"search_term_string\"}}],\"inLanguage\":\"pt-BR\"},{\"@type\":\"Organization\",\"@id\":\"https:\/\/jornalfatosenoticias.com.br\/#organization\",\"name\":\"Jornal Fatos e Not\u00edcias\",\"url\":\"https:\/\/jornalfatosenoticias.com.br\/\",\"logo\":{\"@type\":\"ImageObject\",\"inLanguage\":\"pt-BR\",\"@id\":\"https:\/\/jornalfatosenoticias.com.br\/#\/schema\/logo\/image\/\",\"url\":\"https:\/\/jornalfatosenoticias.com.br\/wp-content\/uploads\/2020\/02\/logo120.png\",\"contentUrl\":\"https:\/\/jornalfatosenoticias.com.br\/wp-content\/uploads\/2020\/02\/logo120.png\",\"width\":1227,\"height\":120,\"caption\":\"Jornal Fatos e Not\u00edcias\"},\"image\":{\"@id\":\"https:\/\/jornalfatosenoticias.com.br\/#\/schema\/logo\/image\/\"}},{\"@type\":\"Person\",\"@id\":\"https:\/\/jornalfatosenoticias.com.br\/#\/schema\/person\/d63837fa13ac8666eb9e74e0985d6f81\",\"name\":\"Luzimara Fernandes\",\"image\":{\"@type\":\"ImageObject\",\"inLanguage\":\"pt-BR\",\"@id\":\"https:\/\/jornalfatosenoticias.com.br\/#\/schema\/person\/image\/\",\"url\":\"https:\/\/jornalfatosenoticias.com.br\/wp-content\/uploads\/2025\/05\/EU_portal.jpg\",\"contentUrl\":\"https:\/\/jornalfatosenoticias.com.br\/wp-content\/uploads\/2025\/05\/EU_portal.jpg\",\"caption\":\"Luzimara Fernandes\"},\"description\":\"Jornalista MTB 2358-ES\",\"sameAs\":[\"https:\/\/jornalfatosenoticias.com.br\"],\"url\":\"https:\/\/jornalfatosenoticias.com.br\/index.php\/author\/luzimara\/\"}]}<\/script>\n<!-- \/ Yoast SEO plugin. -->","yoast_head_json":{"title":"Perseverance capta imagem de nuvem de gelo em Marte - Jornal Fatos e Not\u00edcias","robots":{"index":"index","follow":"follow","max-snippet":"max-snippet:-1","max-image-preview":"max-image-preview:large","max-video-preview":"max-video-preview:-1"},"canonical":"https:\/\/jornalfatosenoticias.com.br\/index.php\/2025\/01\/07\/perseverance-capta-imagem-de-nuvem-de-gelo-em-marte\/","og_locale":"pt_BR","og_type":"article","og_title":"Perseverance capta imagem de nuvem de gelo em Marte - Jornal Fatos e Not\u00edcias","og_description":"A estrutura das nuvens marcianas \u00e9 um t\u00f3pico de interesse cient\u00edfico porque exibe padr\u00f5es incomuns de movimento Por Pablo Nogueira O rover Perseverance, que explora a superf\u00edcie de Marte desde 2021, captou uma imagem que mostra uma intrigante nuvem de gelo no planeta. A imagem escolhida pela Nasa como a foto astron\u00f4mica do \u00faltimo dia [&hellip;]","og_url":"https:\/\/jornalfatosenoticias.com.br\/index.php\/2025\/01\/07\/perseverance-capta-imagem-de-nuvem-de-gelo-em-marte\/","og_site_name":"Jornal Fatos e Not\u00edcias","article_published_time":"2025-01-07T12:35:35+00:00","article_modified_time":"2025-01-07T12:35:37+00:00","og_image":[{"width":1000,"height":562,"url":"https:\/\/jornalfatosenoticias.com.br\/wp-content\/uploads\/2025\/01\/nuvem-gelo-marte-perseverance.jpg","type":"image\/jpeg"}],"author":"Luzimara Fernandes","twitter_card":"summary_large_image","twitter_misc":{"Escrito por":"Luzimara Fernandes","Est. tempo de leitura":"2 minutos"},"schema":{"@context":"https:\/\/schema.org","@graph":[{"@type":"Article","@id":"https:\/\/jornalfatosenoticias.com.br\/index.php\/2025\/01\/07\/perseverance-capta-imagem-de-nuvem-de-gelo-em-marte\/#article","isPartOf":{"@id":"https:\/\/jornalfatosenoticias.com.br\/index.php\/2025\/01\/07\/perseverance-capta-imagem-de-nuvem-de-gelo-em-marte\/"},"author":{"name":"Luzimara Fernandes","@id":"https:\/\/jornalfatosenoticias.com.br\/#\/schema\/person\/d63837fa13ac8666eb9e74e0985d6f81"},"headline":"Perseverance capta imagem de nuvem de gelo em Marte","datePublished":"2025-01-07T12:35:35+00:00","dateModified":"2025-01-07T12:35:37+00:00","mainEntityOfPage":{"@id":"https:\/\/jornalfatosenoticias.com.br\/index.php\/2025\/01\/07\/perseverance-capta-imagem-de-nuvem-de-gelo-em-marte\/"},"wordCount":338,"commentCount":0,"publisher":{"@id":"https:\/\/jornalfatosenoticias.com.br\/#organization"},"image":{"@id":"https:\/\/jornalfatosenoticias.com.br\/index.php\/2025\/01\/07\/perseverance-capta-imagem-de-nuvem-de-gelo-em-marte\/#primaryimage"},"thumbnailUrl":"https:\/\/jornalfatosenoticias.com.br\/wp-content\/uploads\/2025\/01\/nuvem-gelo-marte-perseverance.jpg","keywords":["Geologia de Marte","Marte","Nasa","Nasa Mars Rover Perseverance","Perseverance"],"articleSection":["Ci\u00eancia"],"inLanguage":"pt-BR","potentialAction":[{"@type":"CommentAction","name":"Comment","target":["https:\/\/jornalfatosenoticias.com.br\/index.php\/2025\/01\/07\/perseverance-capta-imagem-de-nuvem-de-gelo-em-marte\/#respond"]}]},{"@type":"WebPage","@id":"https:\/\/jornalfatosenoticias.com.br\/index.php\/2025\/01\/07\/perseverance-capta-imagem-de-nuvem-de-gelo-em-marte\/","url":"https:\/\/jornalfatosenoticias.com.br\/index.php\/2025\/01\/07\/perseverance-capta-imagem-de-nuvem-de-gelo-em-marte\/","name":"Perseverance capta imagem de nuvem de gelo em Marte - Jornal Fatos e Not\u00edcias","isPartOf":{"@id":"https:\/\/jornalfatosenoticias.com.br\/#website"},"primaryImageOfPage":{"@id":"https:\/\/jornalfatosenoticias.com.br\/index.php\/2025\/01\/07\/perseverance-capta-imagem-de-nuvem-de-gelo-em-marte\/#primaryimage"},"image":{"@id":"https:\/\/jornalfatosenoticias.com.br\/index.php\/2025\/01\/07\/perseverance-capta-imagem-de-nuvem-de-gelo-em-marte\/#primaryimage"},"thumbnailUrl":"https:\/\/jornalfatosenoticias.com.br\/wp-content\/uploads\/2025\/01\/nuvem-gelo-marte-perseverance.jpg","datePublished":"2025-01-07T12:35:35+00:00","dateModified":"2025-01-07T12:35:37+00:00","breadcrumb":{"@id":"https:\/\/jornalfatosenoticias.com.br\/index.php\/2025\/01\/07\/perseverance-capta-imagem-de-nuvem-de-gelo-em-marte\/#breadcrumb"},"inLanguage":"pt-BR","potentialAction":[{"@type":"ReadAction","target":["https:\/\/jornalfatosenoticias.com.br\/index.php\/2025\/01\/07\/perseverance-capta-imagem-de-nuvem-de-gelo-em-marte\/"]}]},{"@type":"ImageObject","inLanguage":"pt-BR","@id":"https:\/\/jornalfatosenoticias.com.br\/index.php\/2025\/01\/07\/perseverance-capta-imagem-de-nuvem-de-gelo-em-marte\/#primaryimage","url":"https:\/\/jornalfatosenoticias.com.br\/wp-content\/uploads\/2025\/01\/nuvem-gelo-marte-perseverance.jpg","contentUrl":"https:\/\/jornalfatosenoticias.com.br\/wp-content\/uploads\/2025\/01\/nuvem-gelo-marte-perseverance.jpg","width":1000,"height":562},{"@type":"BreadcrumbList","@id":"https:\/\/jornalfatosenoticias.com.br\/index.php\/2025\/01\/07\/perseverance-capta-imagem-de-nuvem-de-gelo-em-marte\/#breadcrumb","itemListElement":[{"@type":"ListItem","position":1,"name":"In\u00edcio","item":"https:\/\/jornalfatosenoticias.com.br\/"},{"@type":"ListItem","position":2,"name":"Perseverance capta imagem de nuvem de gelo em Marte"}]},{"@type":"WebSite","@id":"https:\/\/jornalfatosenoticias.com.br\/#website","url":"https:\/\/jornalfatosenoticias.com.br\/","name":"Jornal Fatos e Not\u00edcias","description":"Not\u00edcias em geral","publisher":{"@id":"https:\/\/jornalfatosenoticias.com.br\/#organization"},"potentialAction":[{"@type":"SearchAction","target":{"@type":"EntryPoint","urlTemplate":"https:\/\/jornalfatosenoticias.com.br\/?s={search_term_string}"},"query-input":{"@type":"PropertyValueSpecification","valueRequired":true,"valueName":"search_term_string"}}],"inLanguage":"pt-BR"},{"@type":"Organization","@id":"https:\/\/jornalfatosenoticias.com.br\/#organization","name":"Jornal Fatos e Not\u00edcias","url":"https:\/\/jornalfatosenoticias.com.br\/","logo":{"@type":"ImageObject","inLanguage":"pt-BR","@id":"https:\/\/jornalfatosenoticias.com.br\/#\/schema\/logo\/image\/","url":"https:\/\/jornalfatosenoticias.com.br\/wp-content\/uploads\/2020\/02\/logo120.png","contentUrl":"https:\/\/jornalfatosenoticias.com.br\/wp-content\/uploads\/2020\/02\/logo120.png","width":1227,"height":120,"caption":"Jornal Fatos e Not\u00edcias"},"image":{"@id":"https:\/\/jornalfatosenoticias.com.br\/#\/schema\/logo\/image\/"}},{"@type":"Person","@id":"https:\/\/jornalfatosenoticias.com.br\/#\/schema\/person\/d63837fa13ac8666eb9e74e0985d6f81","name":"Luzimara Fernandes","image":{"@type":"ImageObject","inLanguage":"pt-BR","@id":"https:\/\/jornalfatosenoticias.com.br\/#\/schema\/person\/image\/","url":"https:\/\/jornalfatosenoticias.com.br\/wp-content\/uploads\/2025\/05\/EU_portal.jpg","contentUrl":"https:\/\/jornalfatosenoticias.com.br\/wp-content\/uploads\/2025\/05\/EU_portal.jpg","caption":"Luzimara Fernandes"},"description":"Jornalista MTB 2358-ES","sameAs":["https:\/\/jornalfatosenoticias.com.br"],"url":"https:\/\/jornalfatosenoticias.com.br\/index.php\/author\/luzimara\/"}]}},"cc_featured_image_caption":{"caption_text":"(Foto: JPL\/Nasa\/Reprodu\u00e7\u00e3o)","source_text":"","source_url":""},"jetpack_featured_media_url":"https:\/\/jornalfatosenoticias.com.br\/wp-content\/uploads\/2025\/01\/nuvem-gelo-marte-perseverance.jpg","_links":{"self":[{"href":"https:\/\/jornalfatosenoticias.com.br\/index.php\/wp-json\/wp\/v2\/posts\/56623","targetHints":{"allow":["GET"]}}],"collection":[{"href":"https:\/\/jornalfatosenoticias.com.br\/index.php\/wp-json\/wp\/v2\/posts"}],"about":[{"href":"https:\/\/jornalfatosenoticias.com.br\/index.php\/wp-json\/wp\/v2\/types\/post"}],"author":[{"embeddable":true,"href":"https:\/\/jornalfatosenoticias.com.br\/index.php\/wp-json\/wp\/v2\/users\/2"}],"replies":[{"embeddable":true,"href":"https:\/\/jornalfatosenoticias.com.br\/index.php\/wp-json\/wp\/v2\/comments?post=56623"}],"version-history":[{"count":0,"href":"https:\/\/jornalfatosenoticias.com.br\/index.php\/wp-json\/wp\/v2\/posts\/56623\/revisions"}],"wp:featuredmedia":[{"embeddable":true,"href":"https:\/\/jornalfatosenoticias.com.br\/index.php\/wp-json\/wp\/v2\/media\/56624"}],"wp:attachment":[{"href":"https:\/\/jornalfatosenoticias.com.br\/index.php\/wp-json\/wp\/v2\/media?parent=56623"}],"wp:term":[{"taxonomy":"category","embeddable":true,"href":"https:\/\/jornalfatosenoticias.com.br\/index.php\/wp-json\/wp\/v2\/categories?post=56623"},{"taxonomy":"post_tag","embeddable":true,"href":"https:\/\/jornalfatosenoticias.com.br\/index.php\/wp-json\/wp\/v2\/tags?post=56623"}],"curies":[{"name":"wp","href":"https:\/\/api.w.org\/{rel}","templated":true}]}}