{"id":56653,"date":"2025-01-07T15:48:06","date_gmt":"2025-01-07T18:48:06","guid":{"rendered":"https:\/\/jornalfatosenoticias.com.br\/?p=56653"},"modified":"2025-01-07T15:48:07","modified_gmt":"2025-01-07T18:48:07","slug":"mercado-estima-inflacao-acima-do-teto-da-meta-a-quase-5-em-2025","status":"publish","type":"post","link":"https:\/\/jornalfatosenoticias.com.br\/index.php\/2025\/01\/07\/mercado-estima-inflacao-acima-do-teto-da-meta-a-quase-5-em-2025\/","title":{"rendered":"Mercado estima infla\u00e7\u00e3o acima do teto da meta a quase 5% em 2025"},"content":{"rendered":"\n<p><em><span class=\"has-inline-color has-black-color\">Expectativa de infla\u00e7\u00e3o para 2025 subiu para 4,99% e taxa b\u00e1sica de juros a 15%, embora bancos esperem queda no segundo semestre<\/span><\/em><\/p>\n\n\n\n<p><span class=\"has-inline-color has-black-color\">Por <strong><a href=\"https:\/\/www.gazetadopovo.com.br\/autor\/guilherme-grandi\/\" rel=\"sponsored nofollow\">Guilherme Grandi<\/a><\/strong><\/span><\/p>\n\n\n\n<div class=\"wp-block-image\"><figure class=\"aligncenter size-large\"><a href=\"https:\/\/www.facebook.com\/vetor.vix\/\"><img loading=\"lazy\" decoding=\"async\" width=\"1024\" height=\"273\" src=\"https:\/\/jornalfatosenoticias.com.br\/wp-content\/uploads\/2023\/09\/vetorvix1024_1.jpg\" alt=\"\" class=\"wp-image-44868\" srcset=\"https:\/\/jornalfatosenoticias.com.br\/wp-content\/uploads\/2023\/09\/vetorvix1024_1.jpg 1024w, https:\/\/jornalfatosenoticias.com.br\/wp-content\/uploads\/2023\/09\/vetorvix1024_1-300x80.jpg 300w, https:\/\/jornalfatosenoticias.com.br\/wp-content\/uploads\/2023\/09\/vetorvix1024_1-768x205.jpg 768w\" sizes=\"auto, (max-width: 1024px) 100vw, 1024px\" \/><\/a><\/figure><\/div>\n\n\n\n<p>Os analistas do mercado financeiro voltaram a refor\u00e7ar a preocupa\u00e7\u00e3o com a alta da infla\u00e7\u00e3o no primeiro Relat\u00f3rio Focus do ano, publicado nesta segunda (6). O boletim do Banco Central que compila as estimativas de agentes e institui\u00e7\u00f5es aponta que o \u00cdndice de Pre\u00e7os ao Consumidor Amplo (IPCA) dever\u00e1 chegar a 4,99% neste ano, quase meio ponto percentual acima do teto da meta de 4,5%.<br>Desde o final do ano passado a expectativa para a infla\u00e7\u00e3o vem em uma tend\u00eancia de alta com algumas varia\u00e7\u00f5es para baixo, como a esperada para o fechamento de 2024 segundo a nova proje\u00e7\u00e3o: 4,89%, ou 0,01 ponto percentual a menos na compara\u00e7\u00e3o com a semana passada (veja na \u00edntegra).<br>Al\u00e9m do aumento da infla\u00e7\u00e3o deste ano, os analistas tamb\u00e9m preveem um reflexo no ano que vem (4,03%) e em 2027, quando come\u00e7ar\u00e1 a convergir para o centro da meta de 3% e ficar em torno de 3,9%:<\/p>\n\n\n\n<div class=\"wp-block-image\"><figure class=\"aligncenter size-large is-resized\"><a href=\"https:\/\/www.instagram.com\/vmais.midias\/\"><img loading=\"lazy\" decoding=\"async\" src=\"https:\/\/jornalfatosenoticias.com.br\/wp-content\/uploads\/2020\/02\/DE-MAIS-DESTAQUE-VMAIS-800X700.png\" alt=\"\" class=\"wp-image-53112\" width=\"323\" height=\"282\" srcset=\"https:\/\/jornalfatosenoticias.com.br\/wp-content\/uploads\/2020\/02\/DE-MAIS-DESTAQUE-VMAIS-800X700.png 800w, https:\/\/jornalfatosenoticias.com.br\/wp-content\/uploads\/2020\/02\/DE-MAIS-DESTAQUE-VMAIS-800X700-300x263.png 300w, https:\/\/jornalfatosenoticias.com.br\/wp-content\/uploads\/2020\/02\/DE-MAIS-DESTAQUE-VMAIS-800X700-768x672.png 768w\" sizes=\"auto, (max-width: 323px) 100vw, 323px\" \/><\/a><\/figure><\/div>\n\n\n\n<p><strong>\u2713 2024:<\/strong> de 4,9% para 4,89%;<br><strong>\u2713 2025:<\/strong> de 4,96% para 4,99%;<br><strong>\u2713 2026:<\/strong> de 4,01% para 4,03%;<br><strong>\u2713 2027:<\/strong> de 3,83% para 3,9%.<\/p>\n\n\n\n<div class=\"wp-block-image\"><figure class=\"aligncenter size-large is-resized\"><a href=\"https:\/\/www.instagram.com\/restaurantepegoretti\/\"><img loading=\"lazy\" decoding=\"async\" src=\"https:\/\/jornalfatosenoticias.com.br\/wp-content\/uploads\/2023\/12\/pegoretti-logo-pdf-1024x389.jpg\" alt=\"\" class=\"wp-image-47536\" width=\"453\" height=\"172\" srcset=\"https:\/\/jornalfatosenoticias.com.br\/wp-content\/uploads\/2023\/12\/pegoretti-logo-pdf-1024x389.jpg 1024w, https:\/\/jornalfatosenoticias.com.br\/wp-content\/uploads\/2023\/12\/pegoretti-logo-pdf-300x114.jpg 300w, https:\/\/jornalfatosenoticias.com.br\/wp-content\/uploads\/2023\/12\/pegoretti-logo-pdf-768x291.jpg 768w, https:\/\/jornalfatosenoticias.com.br\/wp-content\/uploads\/2023\/12\/pegoretti-logo-pdf.jpg 1120w\" sizes=\"auto, (max-width: 453px) 100vw, 453px\" \/><\/a><\/figure><\/div>\n\n\n\n<p>Assim tamb\u00e9m como o mercado financeiro come\u00e7ou a estimar na semana passada, o Relat\u00f3rio Focus reproduz a expectativa de que a taxa b\u00e1sica de juros ser\u00e1 elevada a 15% neste ano, ante os 14,75% previstos at\u00e9 ent\u00e3o. Para os analistas, este percentual vai vigorar at\u00e9 o final do ano, mas a Federa\u00e7\u00e3o Brasileira de Bancos (Febraban) estima que este \u00e1pice ser\u00e1 apenas em junho e come\u00e7ar\u00e1 a reduzir depois.<\/p>\n\n\n\n<div class=\"wp-block-image\"><figure class=\"aligncenter size-large is-resized\"><a href=\"https:\/\/www.instagram.com\/esteiochurrascaria\/\"><img loading=\"lazy\" decoding=\"async\" src=\"https:\/\/jornalfatosenoticias.com.br\/wp-content\/uploads\/2022\/02\/LOGO-ESTEIO-1024x730.png\" alt=\"\" class=\"wp-image-27942\" width=\"364\" height=\"259\" srcset=\"https:\/\/jornalfatosenoticias.com.br\/wp-content\/uploads\/2022\/02\/LOGO-ESTEIO-1024x730.png 1024w, https:\/\/jornalfatosenoticias.com.br\/wp-content\/uploads\/2022\/02\/LOGO-ESTEIO-300x214.png 300w, https:\/\/jornalfatosenoticias.com.br\/wp-content\/uploads\/2022\/02\/LOGO-ESTEIO-768x548.png 768w, https:\/\/jornalfatosenoticias.com.br\/wp-content\/uploads\/2022\/02\/LOGO-ESTEIO.png 1123w\" sizes=\"auto, (max-width: 364px) 100vw, 364px\" \/><\/a><\/figure><\/div>\n\n\n\n<blockquote class=\"wp-block-quote is-layout-flow wp-block-quote-is-layout-flow\"><p><span class=\"has-inline-color has-luminous-vivid-orange-color\">Na medida em que o Banco Central se antecipou e acabou imprimindo um ritmo mais forte, mais contracionista, isso deve fazer com que a infla\u00e7\u00e3o comece a convergir pra meta, embora ainda estejamos com um quadro mais cr\u00edtico de infla\u00e7\u00e3o\u201d, disse Isaac Sidney, presidente da Febraban, na semana passada.<\/span><\/p><\/blockquote>\n\n\n\n<div class=\"wp-block-image\"><figure class=\"aligncenter size-large is-resized\"><a href=\"https:\/\/www.facebook.com\/profile.php?id=100069289606145\"><img loading=\"lazy\" decoding=\"async\" src=\"https:\/\/jornalfatosenoticias.com.br\/wp-content\/uploads\/2024\/11\/Guaitolini-Contabilidade-1024x714.jpeg\" alt=\"\" class=\"wp-image-55808\" width=\"350\" height=\"244\" srcset=\"https:\/\/jornalfatosenoticias.com.br\/wp-content\/uploads\/2024\/11\/Guaitolini-Contabilidade-1024x714.jpeg 1024w, https:\/\/jornalfatosenoticias.com.br\/wp-content\/uploads\/2024\/11\/Guaitolini-Contabilidade-300x209.jpeg 300w, https:\/\/jornalfatosenoticias.com.br\/wp-content\/uploads\/2024\/11\/Guaitolini-Contabilidade-768x535.jpeg 768w, https:\/\/jornalfatosenoticias.com.br\/wp-content\/uploads\/2024\/11\/Guaitolini-Contabilidade.jpeg 1280w\" sizes=\"auto, (max-width: 350px) 100vw, 350px\" \/><\/a><\/figure><\/div>\n\n\n\n<h3 class=\"wp-block-heading\"><span class=\"has-inline-color has-black-color\">Para o mercado financeiro, a Selic voltar\u00e1 a ser reduzida apenas em 2026:<\/span><\/h3>\n\n\n\n<p><strong>\u2713<\/strong> <strong>2025:<\/strong> 15%;<br><strong>\u2713<\/strong> <strong>2026:<\/strong> 12%;<br><strong>\u2713<\/strong> <strong>2027:<\/strong> 10%.<\/p>\n\n\n\n<div class=\"wp-block-image\"><figure class=\"aligncenter size-large is-resized\"><a href=\"https:\/\/www.ithbrasil.com.br\/\"><img loading=\"lazy\" decoding=\"async\" src=\"https:\/\/jornalfatosenoticias.com.br\/wp-content\/uploads\/2023\/08\/ITH.jpeg\" alt=\"\" class=\"wp-image-44638\" width=\"330\" height=\"268\" srcset=\"https:\/\/jornalfatosenoticias.com.br\/wp-content\/uploads\/2023\/08\/ITH.jpeg 800w, https:\/\/jornalfatosenoticias.com.br\/wp-content\/uploads\/2023\/08\/ITH-300x244.jpeg 300w, https:\/\/jornalfatosenoticias.com.br\/wp-content\/uploads\/2023\/08\/ITH-768x624.jpeg 768w\" sizes=\"auto, (max-width: 330px) 100vw, 330px\" \/><\/a><\/figure><\/div>\n\n\n\n<p>Os analistas tamb\u00e9m estimam que o c\u00e2mbio do d\u00f3lar deve permanecer acima de R$ 6 neste ano e come\u00e7ar a reduzir no ano que vem a R$ 5,90 e a R$ 5,80 em 2027. J\u00e1 o Produto Interno Bruto (PIB) do pa\u00eds deve crescer menos neste ano, de 2,02% contra 3,49% de 2024. Para os pr\u00f3ximos dois anos, a expectativa \u00e9 de 1,8% e de 2%, respectivamente.<\/p>\n\n\n\n<div class=\"wp-block-image\"><figure class=\"aligncenter size-large is-resized\"><a href=\"https:\/\/www.legisjuris.com.br\/\"><img loading=\"lazy\" decoding=\"async\" src=\"https:\/\/jornalfatosenoticias.com.br\/wp-content\/uploads\/2024\/09\/Legis-Juris-Consultoria_logo.jpg\" alt=\"\" class=\"wp-image-53915\" width=\"461\" height=\"193\" srcset=\"https:\/\/jornalfatosenoticias.com.br\/wp-content\/uploads\/2024\/09\/Legis-Juris-Consultoria_logo.jpg 969w, https:\/\/jornalfatosenoticias.com.br\/wp-content\/uploads\/2024\/09\/Legis-Juris-Consultoria_logo-300x126.jpg 300w, https:\/\/jornalfatosenoticias.com.br\/wp-content\/uploads\/2024\/09\/Legis-Juris-Consultoria_logo-768x322.jpg 768w\" sizes=\"auto, (max-width: 461px) 100vw, 461px\" \/><\/a><\/figure><\/div>\n\n\n\n<p><strong><em>Fonte: <a href=\"https:\/\/www.gazetadopovo.com.br\/economia\/mercado-estima-inflacao-acima-teto-meta-quase-5-2025\/\">Gazeta do Povo<\/a><\/em><\/strong><\/p>\n","protected":false},"excerpt":{"rendered":"<p>Expectativa de infla\u00e7\u00e3o para 2025 subiu para 4,99% e taxa b\u00e1sica de juros a 15%, embora bancos esperem queda no segundo semestre Por Guilherme Grandi Os analistas do mercado financeiro voltaram a refor\u00e7ar a preocupa\u00e7\u00e3o com a alta da infla\u00e7\u00e3o no primeiro Relat\u00f3rio Focus do ano, publicado nesta segunda (6). O boletim do Banco Central [&hellip;]<\/p>\n","protected":false},"author":2,"featured_media":56654,"comment_status":"open","ping_status":"open","sticky":false,"template":"","format":"standard","meta":{"footnotes":""},"categories":[9],"tags":[489,4182,1169,1168,278,25112],"class_list":["post-56653","post","type-post","status-publish","format-standard","has-post-thumbnail","hentry","category-economia","tag-banco-central","tag-inflacao","tag-ipca","tag-mercado-financeiro","tag-pib","tag-relatorio-focus"],"yoast_head":"<!-- This site is optimized with the Yoast SEO plugin v26.5 - https:\/\/yoast.com\/wordpress\/plugins\/seo\/ -->\n<title>Mercado estima infla\u00e7\u00e3o acima do teto da meta a quase 5% em 2025 - Jornal Fatos e Not\u00edcias<\/title>\n<meta name=\"robots\" content=\"index, follow, max-snippet:-1, max-image-preview:large, max-video-preview:-1\" \/>\n<link rel=\"canonical\" href=\"https:\/\/jornalfatosenoticias.com.br\/index.php\/2025\/01\/07\/mercado-estima-inflacao-acima-do-teto-da-meta-a-quase-5-em-2025\/\" \/>\n<meta property=\"og:locale\" content=\"pt_BR\" \/>\n<meta property=\"og:type\" content=\"article\" \/>\n<meta property=\"og:title\" content=\"Mercado estima infla\u00e7\u00e3o acima do teto da meta a quase 5% em 2025 - Jornal Fatos e Not\u00edcias\" \/>\n<meta property=\"og:description\" content=\"Expectativa de infla\u00e7\u00e3o para 2025 subiu para 4,99% e taxa b\u00e1sica de juros a 15%, embora bancos esperem queda no segundo semestre Por Guilherme Grandi Os analistas do mercado financeiro voltaram a refor\u00e7ar a preocupa\u00e7\u00e3o com a alta da infla\u00e7\u00e3o no primeiro Relat\u00f3rio Focus do ano, publicado nesta segunda (6). O boletim do Banco Central [&hellip;]\" \/>\n<meta property=\"og:url\" content=\"https:\/\/jornalfatosenoticias.com.br\/index.php\/2025\/01\/07\/mercado-estima-inflacao-acima-do-teto-da-meta-a-quase-5-em-2025\/\" \/>\n<meta property=\"og:site_name\" content=\"Jornal Fatos e Not\u00edcias\" \/>\n<meta property=\"article:published_time\" content=\"2025-01-07T18:48:06+00:00\" \/>\n<meta property=\"article:modified_time\" content=\"2025-01-07T18:48:07+00:00\" \/>\n<meta property=\"og:image\" content=\"https:\/\/jornalfatosenoticias.com.br\/wp-content\/uploads\/2025\/01\/inflacao_gettyimages.jpg\" \/>\n\t<meta property=\"og:image:width\" content=\"612\" \/>\n\t<meta property=\"og:image:height\" content=\"409\" \/>\n\t<meta property=\"og:image:type\" content=\"image\/jpeg\" \/>\n<meta name=\"author\" content=\"Luzimara Fernandes\" \/>\n<meta name=\"twitter:card\" content=\"summary_large_image\" \/>\n<meta name=\"twitter:label1\" content=\"Escrito por\" \/>\n\t<meta name=\"twitter:data1\" content=\"Luzimara Fernandes\" \/>\n\t<meta name=\"twitter:label2\" content=\"Est. tempo de leitura\" \/>\n\t<meta name=\"twitter:data2\" content=\"2 minutos\" \/>\n<script type=\"application\/ld+json\" class=\"yoast-schema-graph\">{\"@context\":\"https:\/\/schema.org\",\"@graph\":[{\"@type\":\"Article\",\"@id\":\"https:\/\/jornalfatosenoticias.com.br\/index.php\/2025\/01\/07\/mercado-estima-inflacao-acima-do-teto-da-meta-a-quase-5-em-2025\/#article\",\"isPartOf\":{\"@id\":\"https:\/\/jornalfatosenoticias.com.br\/index.php\/2025\/01\/07\/mercado-estima-inflacao-acima-do-teto-da-meta-a-quase-5-em-2025\/\"},\"author\":{\"name\":\"Luzimara Fernandes\",\"@id\":\"https:\/\/jornalfatosenoticias.com.br\/#\/schema\/person\/d63837fa13ac8666eb9e74e0985d6f81\"},\"headline\":\"Mercado estima infla\u00e7\u00e3o acima do teto da meta a quase 5% em 2025\",\"datePublished\":\"2025-01-07T18:48:06+00:00\",\"dateModified\":\"2025-01-07T18:48:07+00:00\",\"mainEntityOfPage\":{\"@id\":\"https:\/\/jornalfatosenoticias.com.br\/index.php\/2025\/01\/07\/mercado-estima-inflacao-acima-do-teto-da-meta-a-quase-5-em-2025\/\"},\"wordCount\":407,\"commentCount\":0,\"publisher\":{\"@id\":\"https:\/\/jornalfatosenoticias.com.br\/#organization\"},\"image\":{\"@id\":\"https:\/\/jornalfatosenoticias.com.br\/index.php\/2025\/01\/07\/mercado-estima-inflacao-acima-do-teto-da-meta-a-quase-5-em-2025\/#primaryimage\"},\"thumbnailUrl\":\"https:\/\/jornalfatosenoticias.com.br\/wp-content\/uploads\/2025\/01\/inflacao_gettyimages.jpg\",\"keywords\":[\"Banco Central\",\"infla\u00e7\u00e3o\",\"IPCA\",\"mercado financeiro\",\"PIB\",\"Relat\u00f3rio Focus\"],\"articleSection\":[\"Economia\"],\"inLanguage\":\"pt-BR\",\"potentialAction\":[{\"@type\":\"CommentAction\",\"name\":\"Comment\",\"target\":[\"https:\/\/jornalfatosenoticias.com.br\/index.php\/2025\/01\/07\/mercado-estima-inflacao-acima-do-teto-da-meta-a-quase-5-em-2025\/#respond\"]}]},{\"@type\":\"WebPage\",\"@id\":\"https:\/\/jornalfatosenoticias.com.br\/index.php\/2025\/01\/07\/mercado-estima-inflacao-acima-do-teto-da-meta-a-quase-5-em-2025\/\",\"url\":\"https:\/\/jornalfatosenoticias.com.br\/index.php\/2025\/01\/07\/mercado-estima-inflacao-acima-do-teto-da-meta-a-quase-5-em-2025\/\",\"name\":\"Mercado estima infla\u00e7\u00e3o acima do teto da meta a quase 5% em 2025 - Jornal Fatos e Not\u00edcias\",\"isPartOf\":{\"@id\":\"https:\/\/jornalfatosenoticias.com.br\/#website\"},\"primaryImageOfPage\":{\"@id\":\"https:\/\/jornalfatosenoticias.com.br\/index.php\/2025\/01\/07\/mercado-estima-inflacao-acima-do-teto-da-meta-a-quase-5-em-2025\/#primaryimage\"},\"image\":{\"@id\":\"https:\/\/jornalfatosenoticias.com.br\/index.php\/2025\/01\/07\/mercado-estima-inflacao-acima-do-teto-da-meta-a-quase-5-em-2025\/#primaryimage\"},\"thumbnailUrl\":\"https:\/\/jornalfatosenoticias.com.br\/wp-content\/uploads\/2025\/01\/inflacao_gettyimages.jpg\",\"datePublished\":\"2025-01-07T18:48:06+00:00\",\"dateModified\":\"2025-01-07T18:48:07+00:00\",\"breadcrumb\":{\"@id\":\"https:\/\/jornalfatosenoticias.com.br\/index.php\/2025\/01\/07\/mercado-estima-inflacao-acima-do-teto-da-meta-a-quase-5-em-2025\/#breadcrumb\"},\"inLanguage\":\"pt-BR\",\"potentialAction\":[{\"@type\":\"ReadAction\",\"target\":[\"https:\/\/jornalfatosenoticias.com.br\/index.php\/2025\/01\/07\/mercado-estima-inflacao-acima-do-teto-da-meta-a-quase-5-em-2025\/\"]}]},{\"@type\":\"ImageObject\",\"inLanguage\":\"pt-BR\",\"@id\":\"https:\/\/jornalfatosenoticias.com.br\/index.php\/2025\/01\/07\/mercado-estima-inflacao-acima-do-teto-da-meta-a-quase-5-em-2025\/#primaryimage\",\"url\":\"https:\/\/jornalfatosenoticias.com.br\/wp-content\/uploads\/2025\/01\/inflacao_gettyimages.jpg\",\"contentUrl\":\"https:\/\/jornalfatosenoticias.com.br\/wp-content\/uploads\/2025\/01\/inflacao_gettyimages.jpg\",\"width\":612,\"height\":409,\"caption\":\"A shopper counts real banknotes before paying for fruit at a street market in Sao Paulo, Brazil, on Wednesday, July 13, 2016. Brazil's real climbed to a one-week high as commodities and emerging-market assets rallied amid speculation that policy makers in major economies will work to stimulate growth. Photographer: Paulo Fridman\/Bloomberg via Getty Images\"},{\"@type\":\"BreadcrumbList\",\"@id\":\"https:\/\/jornalfatosenoticias.com.br\/index.php\/2025\/01\/07\/mercado-estima-inflacao-acima-do-teto-da-meta-a-quase-5-em-2025\/#breadcrumb\",\"itemListElement\":[{\"@type\":\"ListItem\",\"position\":1,\"name\":\"In\u00edcio\",\"item\":\"https:\/\/jornalfatosenoticias.com.br\/\"},{\"@type\":\"ListItem\",\"position\":2,\"name\":\"Mercado estima infla\u00e7\u00e3o acima do teto da meta a quase 5% em 2025\"}]},{\"@type\":\"WebSite\",\"@id\":\"https:\/\/jornalfatosenoticias.com.br\/#website\",\"url\":\"https:\/\/jornalfatosenoticias.com.br\/\",\"name\":\"Jornal Fatos e Not\u00edcias\",\"description\":\"Not\u00edcias em geral\",\"publisher\":{\"@id\":\"https:\/\/jornalfatosenoticias.com.br\/#organization\"},\"potentialAction\":[{\"@type\":\"SearchAction\",\"target\":{\"@type\":\"EntryPoint\",\"urlTemplate\":\"https:\/\/jornalfatosenoticias.com.br\/?s={search_term_string}\"},\"query-input\":{\"@type\":\"PropertyValueSpecification\",\"valueRequired\":true,\"valueName\":\"search_term_string\"}}],\"inLanguage\":\"pt-BR\"},{\"@type\":\"Organization\",\"@id\":\"https:\/\/jornalfatosenoticias.com.br\/#organization\",\"name\":\"Jornal Fatos e Not\u00edcias\",\"url\":\"https:\/\/jornalfatosenoticias.com.br\/\",\"logo\":{\"@type\":\"ImageObject\",\"inLanguage\":\"pt-BR\",\"@id\":\"https:\/\/jornalfatosenoticias.com.br\/#\/schema\/logo\/image\/\",\"url\":\"https:\/\/jornalfatosenoticias.com.br\/wp-content\/uploads\/2020\/02\/logo120.png\",\"contentUrl\":\"https:\/\/jornalfatosenoticias.com.br\/wp-content\/uploads\/2020\/02\/logo120.png\",\"width\":1227,\"height\":120,\"caption\":\"Jornal Fatos e Not\u00edcias\"},\"image\":{\"@id\":\"https:\/\/jornalfatosenoticias.com.br\/#\/schema\/logo\/image\/\"}},{\"@type\":\"Person\",\"@id\":\"https:\/\/jornalfatosenoticias.com.br\/#\/schema\/person\/d63837fa13ac8666eb9e74e0985d6f81\",\"name\":\"Luzimara Fernandes\",\"image\":{\"@type\":\"ImageObject\",\"inLanguage\":\"pt-BR\",\"@id\":\"https:\/\/jornalfatosenoticias.com.br\/#\/schema\/person\/image\/\",\"url\":\"https:\/\/jornalfatosenoticias.com.br\/wp-content\/uploads\/2025\/05\/EU_portal.jpg\",\"contentUrl\":\"https:\/\/jornalfatosenoticias.com.br\/wp-content\/uploads\/2025\/05\/EU_portal.jpg\",\"caption\":\"Luzimara Fernandes\"},\"description\":\"Jornalista MTB 2358-ES\",\"sameAs\":[\"https:\/\/jornalfatosenoticias.com.br\"],\"url\":\"https:\/\/jornalfatosenoticias.com.br\/index.php\/author\/luzimara\/\"}]}<\/script>\n<!-- \/ Yoast SEO plugin. -->","yoast_head_json":{"title":"Mercado estima infla\u00e7\u00e3o acima do teto da meta a quase 5% em 2025 - Jornal Fatos e Not\u00edcias","robots":{"index":"index","follow":"follow","max-snippet":"max-snippet:-1","max-image-preview":"max-image-preview:large","max-video-preview":"max-video-preview:-1"},"canonical":"https:\/\/jornalfatosenoticias.com.br\/index.php\/2025\/01\/07\/mercado-estima-inflacao-acima-do-teto-da-meta-a-quase-5-em-2025\/","og_locale":"pt_BR","og_type":"article","og_title":"Mercado estima infla\u00e7\u00e3o acima do teto da meta a quase 5% em 2025 - Jornal Fatos e Not\u00edcias","og_description":"Expectativa de infla\u00e7\u00e3o para 2025 subiu para 4,99% e taxa b\u00e1sica de juros a 15%, embora bancos esperem queda no segundo semestre Por Guilherme Grandi Os analistas do mercado financeiro voltaram a refor\u00e7ar a preocupa\u00e7\u00e3o com a alta da infla\u00e7\u00e3o no primeiro Relat\u00f3rio Focus do ano, publicado nesta segunda (6). O boletim do Banco Central [&hellip;]","og_url":"https:\/\/jornalfatosenoticias.com.br\/index.php\/2025\/01\/07\/mercado-estima-inflacao-acima-do-teto-da-meta-a-quase-5-em-2025\/","og_site_name":"Jornal Fatos e Not\u00edcias","article_published_time":"2025-01-07T18:48:06+00:00","article_modified_time":"2025-01-07T18:48:07+00:00","og_image":[{"width":612,"height":409,"url":"https:\/\/jornalfatosenoticias.com.br\/wp-content\/uploads\/2025\/01\/inflacao_gettyimages.jpg","type":"image\/jpeg"}],"author":"Luzimara Fernandes","twitter_card":"summary_large_image","twitter_misc":{"Escrito por":"Luzimara Fernandes","Est. tempo de leitura":"2 minutos"},"schema":{"@context":"https:\/\/schema.org","@graph":[{"@type":"Article","@id":"https:\/\/jornalfatosenoticias.com.br\/index.php\/2025\/01\/07\/mercado-estima-inflacao-acima-do-teto-da-meta-a-quase-5-em-2025\/#article","isPartOf":{"@id":"https:\/\/jornalfatosenoticias.com.br\/index.php\/2025\/01\/07\/mercado-estima-inflacao-acima-do-teto-da-meta-a-quase-5-em-2025\/"},"author":{"name":"Luzimara Fernandes","@id":"https:\/\/jornalfatosenoticias.com.br\/#\/schema\/person\/d63837fa13ac8666eb9e74e0985d6f81"},"headline":"Mercado estima infla\u00e7\u00e3o acima do teto da meta a quase 5% em 2025","datePublished":"2025-01-07T18:48:06+00:00","dateModified":"2025-01-07T18:48:07+00:00","mainEntityOfPage":{"@id":"https:\/\/jornalfatosenoticias.com.br\/index.php\/2025\/01\/07\/mercado-estima-inflacao-acima-do-teto-da-meta-a-quase-5-em-2025\/"},"wordCount":407,"commentCount":0,"publisher":{"@id":"https:\/\/jornalfatosenoticias.com.br\/#organization"},"image":{"@id":"https:\/\/jornalfatosenoticias.com.br\/index.php\/2025\/01\/07\/mercado-estima-inflacao-acima-do-teto-da-meta-a-quase-5-em-2025\/#primaryimage"},"thumbnailUrl":"https:\/\/jornalfatosenoticias.com.br\/wp-content\/uploads\/2025\/01\/inflacao_gettyimages.jpg","keywords":["Banco Central","infla\u00e7\u00e3o","IPCA","mercado financeiro","PIB","Relat\u00f3rio Focus"],"articleSection":["Economia"],"inLanguage":"pt-BR","potentialAction":[{"@type":"CommentAction","name":"Comment","target":["https:\/\/jornalfatosenoticias.com.br\/index.php\/2025\/01\/07\/mercado-estima-inflacao-acima-do-teto-da-meta-a-quase-5-em-2025\/#respond"]}]},{"@type":"WebPage","@id":"https:\/\/jornalfatosenoticias.com.br\/index.php\/2025\/01\/07\/mercado-estima-inflacao-acima-do-teto-da-meta-a-quase-5-em-2025\/","url":"https:\/\/jornalfatosenoticias.com.br\/index.php\/2025\/01\/07\/mercado-estima-inflacao-acima-do-teto-da-meta-a-quase-5-em-2025\/","name":"Mercado estima infla\u00e7\u00e3o acima do teto da meta a quase 5% em 2025 - Jornal Fatos e Not\u00edcias","isPartOf":{"@id":"https:\/\/jornalfatosenoticias.com.br\/#website"},"primaryImageOfPage":{"@id":"https:\/\/jornalfatosenoticias.com.br\/index.php\/2025\/01\/07\/mercado-estima-inflacao-acima-do-teto-da-meta-a-quase-5-em-2025\/#primaryimage"},"image":{"@id":"https:\/\/jornalfatosenoticias.com.br\/index.php\/2025\/01\/07\/mercado-estima-inflacao-acima-do-teto-da-meta-a-quase-5-em-2025\/#primaryimage"},"thumbnailUrl":"https:\/\/jornalfatosenoticias.com.br\/wp-content\/uploads\/2025\/01\/inflacao_gettyimages.jpg","datePublished":"2025-01-07T18:48:06+00:00","dateModified":"2025-01-07T18:48:07+00:00","breadcrumb":{"@id":"https:\/\/jornalfatosenoticias.com.br\/index.php\/2025\/01\/07\/mercado-estima-inflacao-acima-do-teto-da-meta-a-quase-5-em-2025\/#breadcrumb"},"inLanguage":"pt-BR","potentialAction":[{"@type":"ReadAction","target":["https:\/\/jornalfatosenoticias.com.br\/index.php\/2025\/01\/07\/mercado-estima-inflacao-acima-do-teto-da-meta-a-quase-5-em-2025\/"]}]},{"@type":"ImageObject","inLanguage":"pt-BR","@id":"https:\/\/jornalfatosenoticias.com.br\/index.php\/2025\/01\/07\/mercado-estima-inflacao-acima-do-teto-da-meta-a-quase-5-em-2025\/#primaryimage","url":"https:\/\/jornalfatosenoticias.com.br\/wp-content\/uploads\/2025\/01\/inflacao_gettyimages.jpg","contentUrl":"https:\/\/jornalfatosenoticias.com.br\/wp-content\/uploads\/2025\/01\/inflacao_gettyimages.jpg","width":612,"height":409,"caption":"A shopper counts real banknotes before paying for fruit at a street market in Sao Paulo, Brazil, on Wednesday, July 13, 2016. Brazil's real climbed to a one-week high as commodities and emerging-market assets rallied amid speculation that policy makers in major economies will work to stimulate growth. Photographer: Paulo Fridman\/Bloomberg via Getty Images"},{"@type":"BreadcrumbList","@id":"https:\/\/jornalfatosenoticias.com.br\/index.php\/2025\/01\/07\/mercado-estima-inflacao-acima-do-teto-da-meta-a-quase-5-em-2025\/#breadcrumb","itemListElement":[{"@type":"ListItem","position":1,"name":"In\u00edcio","item":"https:\/\/jornalfatosenoticias.com.br\/"},{"@type":"ListItem","position":2,"name":"Mercado estima infla\u00e7\u00e3o acima do teto da meta a quase 5% em 2025"}]},{"@type":"WebSite","@id":"https:\/\/jornalfatosenoticias.com.br\/#website","url":"https:\/\/jornalfatosenoticias.com.br\/","name":"Jornal Fatos e Not\u00edcias","description":"Not\u00edcias em geral","publisher":{"@id":"https:\/\/jornalfatosenoticias.com.br\/#organization"},"potentialAction":[{"@type":"SearchAction","target":{"@type":"EntryPoint","urlTemplate":"https:\/\/jornalfatosenoticias.com.br\/?s={search_term_string}"},"query-input":{"@type":"PropertyValueSpecification","valueRequired":true,"valueName":"search_term_string"}}],"inLanguage":"pt-BR"},{"@type":"Organization","@id":"https:\/\/jornalfatosenoticias.com.br\/#organization","name":"Jornal Fatos e Not\u00edcias","url":"https:\/\/jornalfatosenoticias.com.br\/","logo":{"@type":"ImageObject","inLanguage":"pt-BR","@id":"https:\/\/jornalfatosenoticias.com.br\/#\/schema\/logo\/image\/","url":"https:\/\/jornalfatosenoticias.com.br\/wp-content\/uploads\/2020\/02\/logo120.png","contentUrl":"https:\/\/jornalfatosenoticias.com.br\/wp-content\/uploads\/2020\/02\/logo120.png","width":1227,"height":120,"caption":"Jornal Fatos e Not\u00edcias"},"image":{"@id":"https:\/\/jornalfatosenoticias.com.br\/#\/schema\/logo\/image\/"}},{"@type":"Person","@id":"https:\/\/jornalfatosenoticias.com.br\/#\/schema\/person\/d63837fa13ac8666eb9e74e0985d6f81","name":"Luzimara Fernandes","image":{"@type":"ImageObject","inLanguage":"pt-BR","@id":"https:\/\/jornalfatosenoticias.com.br\/#\/schema\/person\/image\/","url":"https:\/\/jornalfatosenoticias.com.br\/wp-content\/uploads\/2025\/05\/EU_portal.jpg","contentUrl":"https:\/\/jornalfatosenoticias.com.br\/wp-content\/uploads\/2025\/05\/EU_portal.jpg","caption":"Luzimara Fernandes"},"description":"Jornalista MTB 2358-ES","sameAs":["https:\/\/jornalfatosenoticias.com.br"],"url":"https:\/\/jornalfatosenoticias.com.br\/index.php\/author\/luzimara\/"}]}},"cc_featured_image_caption":{"caption_text":"(Foto: Getty Images)","source_text":"","source_url":""},"jetpack_featured_media_url":"https:\/\/jornalfatosenoticias.com.br\/wp-content\/uploads\/2025\/01\/inflacao_gettyimages.jpg","_links":{"self":[{"href":"https:\/\/jornalfatosenoticias.com.br\/index.php\/wp-json\/wp\/v2\/posts\/56653","targetHints":{"allow":["GET"]}}],"collection":[{"href":"https:\/\/jornalfatosenoticias.com.br\/index.php\/wp-json\/wp\/v2\/posts"}],"about":[{"href":"https:\/\/jornalfatosenoticias.com.br\/index.php\/wp-json\/wp\/v2\/types\/post"}],"author":[{"embeddable":true,"href":"https:\/\/jornalfatosenoticias.com.br\/index.php\/wp-json\/wp\/v2\/users\/2"}],"replies":[{"embeddable":true,"href":"https:\/\/jornalfatosenoticias.com.br\/index.php\/wp-json\/wp\/v2\/comments?post=56653"}],"version-history":[{"count":0,"href":"https:\/\/jornalfatosenoticias.com.br\/index.php\/wp-json\/wp\/v2\/posts\/56653\/revisions"}],"wp:featuredmedia":[{"embeddable":true,"href":"https:\/\/jornalfatosenoticias.com.br\/index.php\/wp-json\/wp\/v2\/media\/56654"}],"wp:attachment":[{"href":"https:\/\/jornalfatosenoticias.com.br\/index.php\/wp-json\/wp\/v2\/media?parent=56653"}],"wp:term":[{"taxonomy":"category","embeddable":true,"href":"https:\/\/jornalfatosenoticias.com.br\/index.php\/wp-json\/wp\/v2\/categories?post=56653"},{"taxonomy":"post_tag","embeddable":true,"href":"https:\/\/jornalfatosenoticias.com.br\/index.php\/wp-json\/wp\/v2\/tags?post=56653"}],"curies":[{"name":"wp","href":"https:\/\/api.w.org\/{rel}","templated":true}]}}