{"id":56660,"date":"2025-01-08T11:48:04","date_gmt":"2025-01-08T14:48:04","guid":{"rendered":"https:\/\/jornalfatosenoticias.com.br\/?p=56660"},"modified":"2025-01-08T11:48:06","modified_gmt":"2025-01-08T14:48:06","slug":"brasil-leva-a-kbis-2025-um-espaco-que-reforca-sua-incomparavel-riqueza-geologica","status":"publish","type":"post","link":"https:\/\/jornalfatosenoticias.com.br\/index.php\/2025\/01\/08\/brasil-leva-a-kbis-2025-um-espaco-que-reforca-sua-incomparavel-riqueza-geologica\/","title":{"rendered":"Brasil leva \u00e0 KBIS 2025 um espa\u00e7o que refor\u00e7a sua incompar\u00e1vel riqueza geol\u00f3gica"},"content":{"rendered":"\n<p><span class=\"has-inline-color has-black-color\">Por <strong>Assessoria de Comunica\u00e7\u00e3o<\/strong><\/span><\/p>\n\n\n\n<div class=\"wp-block-image\"><figure class=\"aligncenter size-large\"><a href=\"https:\/\/mizu.com.br\/\"><img loading=\"lazy\" decoding=\"async\" width=\"729\" height=\"90\" src=\"https:\/\/jornalfatosenoticias.com.br\/wp-content\/uploads\/2020\/02\/Logo_Mizu.png\" alt=\"\" class=\"wp-image-1441\" srcset=\"https:\/\/jornalfatosenoticias.com.br\/wp-content\/uploads\/2020\/02\/Logo_Mizu.png 729w, https:\/\/jornalfatosenoticias.com.br\/wp-content\/uploads\/2020\/02\/Logo_Mizu-300x37.png 300w\" sizes=\"auto, (max-width: 729px) 100vw, 729px\" \/><\/a><\/figure><\/div>\n\n\n\n<p>O Brasil retorna \u00e0 <strong>KBIS 2025, <\/strong>o maior evento de design de cozinhas e banheiros da Am\u00e9rica do Norte, reafirmando sua posi\u00e7\u00e3o como l\u00edder global no setor de rochas naturais. Em sua segunda participa\u00e7\u00e3o consecutiva, o pa\u00eds apresentar\u00e1 o espa\u00e7o &#8220;<a href=\"http:\/\/braziliannaturalstone.com\/\"><strong>It\u2019s Natural \u2014 Brazilian Natural Stone<\/strong><\/a>&#8220;, localizado no South Hall e projetado para impressionar e consolidar a relev\u00e2ncia brasileira no mercado internacional.<br>Essa participa\u00e7\u00e3o \u00e9 fruto do programa que leva o mesmo nome do espa\u00e7o, desenvolvido pelo Centro Brasileiro dos Exportadores de Rochas Ornamentais (<a href=\"https:\/\/centrorochas.org.br\/\"><strong>Centrorochas<\/strong><\/a>), em parceria com a Ag\u00eancia Brasileira de Promo\u00e7\u00e3o de Exporta\u00e7\u00f5es e Investimentos (<a href=\"https:\/\/apexbrasil.com.br\/\"><strong>ApexBrasil<\/strong><\/a>). O ambiente, idealizado pelo renomado escrit\u00f3rio uruguaio <a href=\"https:\/\/www.laagencia.design\/\"><strong>La Agencia<\/strong><\/a>, foi concebido para destacar a incompar\u00e1vel geodiversidade brasileira \u2014 a maior do planeta. Essa caracter\u00edstica \u00fanica posiciona o Brasil como refer\u00eancia mundial na produ\u00e7\u00e3o de rochas naturais (o pa\u00eds \u00e9 o quarto maior produtor e o quinto maior exportador mundial), atendendo \u00e0s demandas mais exigentes de designers, arquitetos e especificadores de todo o mundo.<\/p>\n\n\n\n<div class=\"wp-block-image\"><figure class=\"aligncenter size-large\"><a href=\"http:\/\/www.ferrarimaquinas.com.br\/\"><img loading=\"lazy\" decoding=\"async\" width=\"300\" height=\"250\" src=\"https:\/\/jornalfatosenoticias.com.br\/wp-content\/uploads\/2022\/02\/FERRARI_MAQUINAS-E-FERRAMENTAS2.jpg\" alt=\"\" class=\"wp-image-27860\"\/><\/a><\/figure><\/div>\n\n\n\n<p>Sete empresas l\u00edderes do setor de rochas naturais brasileiras abra\u00e7aram a miss\u00e3o de mostrar, mais uma vez, o protagonismo do Brasil na KBIS: <a href=\"https:\/\/brasigran.com.br\/\"><strong>Brasigran<\/strong><\/a>, <a href=\"https:\/\/brothersingranite.com\/\"><strong>Brothers in Granite<\/strong><\/a>, <a href=\"https:\/\/www.decolores.com.br\/\"><strong>Decolores<\/strong><\/a>, <a href=\"https:\/\/www.granos.com.br\/\"><strong>Granos<\/strong><\/a>, <a href=\"https:\/\/www.magban.com\/\"><strong>Magban<\/strong><\/a>, <a href=\"https:\/\/novaurora.com.br\/\"><strong>Nova Aurora<\/strong><\/a> e <a href=\"https:\/\/zucchistones.com\/\"><strong>Zucchi Stones<\/strong><\/a>. Juntas, elas levar\u00e3o ao evento a diversidade, qualidade, beleza, inova\u00e7\u00e3o e toda sustentabilidade que definem o arranjo do produto de rochas do Brasil.<\/p>\n\n\n\n<div class=\"wp-block-image\"><figure class=\"aligncenter size-large is-resized\"><a href=\"https:\/\/www.instagram.com\/vmais.midias\/\"><img loading=\"lazy\" decoding=\"async\" src=\"https:\/\/jornalfatosenoticias.com.br\/wp-content\/uploads\/2020\/02\/DE-MAIS-DESTAQUE-VMAIS-800X700.png\" alt=\"\" class=\"wp-image-53112\" width=\"348\" height=\"304\" srcset=\"https:\/\/jornalfatosenoticias.com.br\/wp-content\/uploads\/2020\/02\/DE-MAIS-DESTAQUE-VMAIS-800X700.png 800w, https:\/\/jornalfatosenoticias.com.br\/wp-content\/uploads\/2020\/02\/DE-MAIS-DESTAQUE-VMAIS-800X700-300x263.png 300w, https:\/\/jornalfatosenoticias.com.br\/wp-content\/uploads\/2020\/02\/DE-MAIS-DESTAQUE-VMAIS-800X700-768x672.png 768w\" sizes=\"auto, (max-width: 348px) 100vw, 348px\" \/><\/a><\/figure><\/div>\n\n\n\n<p>Os materiais selecionados para o pavilh\u00e3o s\u00e3o um reflexo do cuidado, da sofistica\u00e7\u00e3o e da excel\u00eancia os m\u00e1rmores, granitos e quartzitos brasileiros:<br><strong><span class=\"has-inline-color has-black-color\">\u2022 Piso:<\/span><\/strong> MagBlanc (Magban) \u2014 acabamento fosco;<br><strong><span class=\"has-inline-color has-black-color\">\u2022 Parede:<\/span><\/strong> Terracota (Granos) \u2014 acabamento escovado;<br><strong><span class=\"has-inline-color has-black-color\">\u2022 Balc\u00e3o:<\/span><\/strong> Vit\u00f3ria R\u00e9gia (Brasigran) \u2014 acabamento escovado.<\/p>\n\n\n\n<div class=\"wp-block-image\"><figure class=\"aligncenter size-large is-resized\"><a href=\"https:\/\/www.controlsystems.com.br\/\"><img loading=\"lazy\" decoding=\"async\" src=\"https:\/\/jornalfatosenoticias.com.br\/wp-content\/uploads\/2020\/02\/CONTROL-CS.jpg\" alt=\"\" class=\"wp-image-44991\" width=\"317\" height=\"380\" srcset=\"https:\/\/jornalfatosenoticias.com.br\/wp-content\/uploads\/2020\/02\/CONTROL-CS.jpg 834w, https:\/\/jornalfatosenoticias.com.br\/wp-content\/uploads\/2020\/02\/CONTROL-CS-250x300.jpg 250w, https:\/\/jornalfatosenoticias.com.br\/wp-content\/uploads\/2020\/02\/CONTROL-CS-768x921.jpg 768w\" sizes=\"auto, (max-width: 317px) 100vw, 317px\" \/><\/a><\/figure><\/div>\n\n\n\n<p>Complementando o espa\u00e7o, o mobili\u00e1rio contar\u00e1 com materiais ic\u00f4nicos como Aurora Blue (Nova Aurora), Oslo (Brasigran), Cristallo Illuminatis (Brothers in Granite), Matterhorn (Zucchi), Splendido e Bronzite (Decolores), e Aurora Green (Nova Aurora), evidenciando a ampla gama de possibilidades criativas oferecidas pelas pedras naturais.<\/p>\n\n\n\n<div class=\"wp-block-image\"><figure class=\"aligncenter size-large\"><img loading=\"lazy\" decoding=\"async\" width=\"1000\" height=\"547\" src=\"https:\/\/jornalfatosenoticias.com.br\/wp-content\/uploads\/2025\/01\/KBIS-2025_2.jpeg\" alt=\"\" class=\"wp-image-56662\" srcset=\"https:\/\/jornalfatosenoticias.com.br\/wp-content\/uploads\/2025\/01\/KBIS-2025_2.jpeg 1000w, https:\/\/jornalfatosenoticias.com.br\/wp-content\/uploads\/2025\/01\/KBIS-2025_2-300x164.jpeg 300w, https:\/\/jornalfatosenoticias.com.br\/wp-content\/uploads\/2025\/01\/KBIS-2025_2-768x420.jpeg 768w\" sizes=\"auto, (max-width: 1000px) 100vw, 1000px\" \/><figcaption><em><span class=\"has-inline-color has-black-color\">(Foto: Assessoria de Comunica\u00e7\u00e3o)<\/span><\/em><\/figcaption><\/figure><\/div>\n\n\n\n<p><strong><span class=\"has-inline-color has-vivid-purple-color\">KBIS: um evento estrat\u00e9gico<br><\/span><\/strong>A KBIS 2025 acontecer\u00e1 de 25 a 27 de fevereiro no Centro de Conven\u00e7\u00f5es de Las Vegas, consolidando-se como a maior feira da ind\u00fastria de cozinhas e banheiros da Am\u00e9rica do Norte. Em 2024, o evento contou com mais de 41.500 participantes registrados e 670 expositores, e este ano ter\u00e1 10% a mais de espa\u00e7o no ch\u00e3o de exposi\u00e7\u00e3o, refor\u00e7ando sua relev\u00e2ncia para o mercado global.<br>A presen\u00e7a do Brasil na KBIS busca conectar diretamente as rochas naturais brasileiras aos principais especificadores, projetistas, arquitetos e designers norte-americanos. <\/p>\n\n\n\n<div class=\"wp-block-image\"><figure class=\"aligncenter size-large is-resized\"><a href=\"https:\/\/www.instagram.com\/esteiochurrascaria\/\"><img loading=\"lazy\" decoding=\"async\" src=\"https:\/\/jornalfatosenoticias.com.br\/wp-content\/uploads\/2022\/02\/LOGO-ESTEIO-1024x730.png\" alt=\"\" class=\"wp-image-27942\" width=\"361\" height=\"257\" srcset=\"https:\/\/jornalfatosenoticias.com.br\/wp-content\/uploads\/2022\/02\/LOGO-ESTEIO-1024x730.png 1024w, https:\/\/jornalfatosenoticias.com.br\/wp-content\/uploads\/2022\/02\/LOGO-ESTEIO-300x214.png 300w, https:\/\/jornalfatosenoticias.com.br\/wp-content\/uploads\/2022\/02\/LOGO-ESTEIO-768x548.png 768w, https:\/\/jornalfatosenoticias.com.br\/wp-content\/uploads\/2022\/02\/LOGO-ESTEIO.png 1123w\" sizes=\"auto, (max-width: 361px) 100vw, 361px\" \/><\/a><\/figure><\/div>\n\n\n\n<blockquote class=\"wp-block-quote is-layout-flow wp-block-quote-is-layout-flow\"><p><span class=\"has-inline-color has-luminous-vivid-orange-color\">O objetivo \u00e9 consolidar as nossas pedras naturais como s\u00edmbolo de qualidade, sustentabilidade e design diferenciado, destacando sua beleza singular em rela\u00e7\u00e3o a produtos concorrentes, como as superf\u00edcies artificiais\u201d, afirmou o presidente do Centrorochas, Tales Machado.<\/span><\/p><\/blockquote>\n\n\n\n<div class=\"wp-block-image\"><figure class=\"aligncenter size-large is-resized\"><a href=\"https:\/\/www.facebook.com\/profile.php?id=100069289606145\"><img loading=\"lazy\" decoding=\"async\" src=\"https:\/\/jornalfatosenoticias.com.br\/wp-content\/uploads\/2024\/11\/Guaitolini-Contabilidade-1024x714.jpeg\" alt=\"\" class=\"wp-image-55808\" width=\"376\" height=\"262\" srcset=\"https:\/\/jornalfatosenoticias.com.br\/wp-content\/uploads\/2024\/11\/Guaitolini-Contabilidade-1024x714.jpeg 1024w, https:\/\/jornalfatosenoticias.com.br\/wp-content\/uploads\/2024\/11\/Guaitolini-Contabilidade-300x209.jpeg 300w, https:\/\/jornalfatosenoticias.com.br\/wp-content\/uploads\/2024\/11\/Guaitolini-Contabilidade-768x535.jpeg 768w, https:\/\/jornalfatosenoticias.com.br\/wp-content\/uploads\/2024\/11\/Guaitolini-Contabilidade.jpeg 1280w\" sizes=\"auto, (max-width: 376px) 100vw, 376px\" \/><\/a><\/figure><\/div>\n\n\n\n<blockquote class=\"wp-block-quote is-layout-flow wp-block-quote-is-layout-flow\"><p><span class=\"has-inline-color has-luminous-vivid-orange-color\">Na KBIS 2025, iremos celebrar a incompar\u00e1vel geodiversidade do Brasil e fortalecer os la\u00e7os com o mercado internacional, mostrando ao mundo que as nossas rochas naturais s\u00e3o mais do que simples materiais: s\u00e3o verdadeiras obras de arte\u201d, completou o gerente do projeto setorial, Thiago Fukuda.<\/span><\/p><\/blockquote>\n\n\n\n<div class=\"wp-block-image\"><figure class=\"aligncenter size-large is-resized\"><a href=\"https:\/\/www.instagram.com\/serra4x4cambioautomatico\/\"><img loading=\"lazy\" decoding=\"async\" src=\"https:\/\/jornalfatosenoticias.com.br\/wp-content\/uploads\/2024\/08\/Serra-4x4-1-886x1024.jpg\" alt=\"\" class=\"wp-image-53632\" width=\"322\" height=\"372\" srcset=\"https:\/\/jornalfatosenoticias.com.br\/wp-content\/uploads\/2024\/08\/Serra-4x4-1-886x1024.jpg 886w, https:\/\/jornalfatosenoticias.com.br\/wp-content\/uploads\/2024\/08\/Serra-4x4-1-260x300.jpg 260w, https:\/\/jornalfatosenoticias.com.br\/wp-content\/uploads\/2024\/08\/Serra-4x4-1-768x888.jpg 768w, https:\/\/jornalfatosenoticias.com.br\/wp-content\/uploads\/2024\/08\/Serra-4x4-1.jpg 1181w\" sizes=\"auto, (max-width: 322px) 100vw, 322px\" \/><\/a><\/figure><\/div>\n\n\n\n<p><strong><span class=\"has-inline-color has-vivid-purple-color\">Sobre o It\u2019s Natural \u2014 Brazilian Natural Stone<br><\/span><\/strong>O It\u2019s Natural \u2014 Brazilian Natural Stone \u00e9 um programa de incentivo \u00e0s exporta\u00e7\u00f5es desenvolvido pelo Centro Brasileiro dos Exportadores de Rochas Ornamentais (Centrorochas) em parceria com a Ag\u00eancia Brasileira de Promo\u00e7\u00e3o de Exporta\u00e7\u00f5es e Investimentos (ApexBrasil). O programa, que atualmente conta com 223 empresas poiadas, tem por objetivos estimular e aumentar as exporta\u00e7\u00f5es de rochas ornamentais brasileiras, atrav\u00e9s de um conjunto de a\u00e7\u00f5es estrat\u00e9gicas de internacionaliza\u00e7\u00e3o com a\u00e7\u00f5es de promo\u00e7\u00e3o, fortalecimento da imagem e desenvolvimento do setor no mercado mundial. As empresas interessadas em fazer parte do projeto devem acessar <a href=\"https:\/\/podio.com\/webforms\/26378838\/1995038\"><strong>https:\/\/podio.com\/webforms\/26378838\/1995038<\/strong><\/a> para realizar cadastro gratuito.<\/p>\n\n\n\n<div class=\"wp-block-image\"><figure class=\"aligncenter size-large\"><a href=\"https:\/\/www.facebook.com\/vetor.vix\/\"><img loading=\"lazy\" decoding=\"async\" width=\"1024\" height=\"273\" src=\"https:\/\/jornalfatosenoticias.com.br\/wp-content\/uploads\/2023\/09\/vetorvix1024_1.jpg\" alt=\"\" class=\"wp-image-44868\" srcset=\"https:\/\/jornalfatosenoticias.com.br\/wp-content\/uploads\/2023\/09\/vetorvix1024_1.jpg 1024w, https:\/\/jornalfatosenoticias.com.br\/wp-content\/uploads\/2023\/09\/vetorvix1024_1-300x80.jpg 300w, https:\/\/jornalfatosenoticias.com.br\/wp-content\/uploads\/2023\/09\/vetorvix1024_1-768x205.jpg 768w\" sizes=\"auto, (max-width: 1024px) 100vw, 1024px\" \/><\/a><\/figure><\/div>\n\n\n\n<p><strong><span class=\"has-inline-color has-vivid-purple-color\">Sobre o Centrorochas<br><\/span><\/strong>O Centro Brasileiro dos Exportadores de Rochas Ornamentais est\u00e1 presente em todas as demandas nacionais para aumentar a competitividade do setor de rochas ornamentais. A entidade atua diretamente dando suporte nos tr\u00e2mites relacionados \u00e0 presen\u00e7a do empres\u00e1rio brasileiro no exterior combinando com atividades comerciais e operacionais relativas ao desenvolvimento e evolu\u00e7\u00e3o das empresas brasileiras.<\/p>\n\n\n\n<div class=\"wp-block-image\"><figure class=\"aligncenter size-large is-resized\"><a href=\"https:\/\/www.instagram.com\/ligadossaborespizzaria\/\"><img loading=\"lazy\" decoding=\"async\" src=\"https:\/\/jornalfatosenoticias.com.br\/wp-content\/uploads\/2024\/09\/WhatsApp-Image-2024-09-14-at-22.46.10-819x1024.jpeg\" alt=\"\" class=\"wp-image-54180\" width=\"309\" height=\"386\" srcset=\"https:\/\/jornalfatosenoticias.com.br\/wp-content\/uploads\/2024\/09\/WhatsApp-Image-2024-09-14-at-22.46.10-819x1024.jpeg 819w, https:\/\/jornalfatosenoticias.com.br\/wp-content\/uploads\/2024\/09\/WhatsApp-Image-2024-09-14-at-22.46.10-240x300.jpeg 240w, https:\/\/jornalfatosenoticias.com.br\/wp-content\/uploads\/2024\/09\/WhatsApp-Image-2024-09-14-at-22.46.10-768x960.jpeg 768w, https:\/\/jornalfatosenoticias.com.br\/wp-content\/uploads\/2024\/09\/WhatsApp-Image-2024-09-14-at-22.46.10.jpeg 1024w\" sizes=\"auto, (max-width: 309px) 100vw, 309px\" \/><\/a><\/figure><\/div>\n\n\n\n<p><strong><span class=\"has-inline-color has-vivid-purple-color\">Sobre a ApexBrasil<br><\/span><\/strong>A Ag\u00eancia Brasileira de Promo\u00e7\u00e3o de Exporta\u00e7\u00f5es e Investimentos atua para promover os produtos e servi\u00e7os brasileiros no exterior e atrair investimentos estrangeiros para setores estrat\u00e9gicos da economia brasileira. Para alcan\u00e7ar esses objetivos, a Ag\u00eancia realiza a\u00e7\u00f5es diversificadas de promo\u00e7\u00e3o comercial que visam promover as exporta\u00e7\u00f5es e valorizar os produtos e servi\u00e7os brasileiros no exterior, como miss\u00f5es prospectivas e comerciais, rodadas de neg\u00f3cios, apoio \u00e0 participa\u00e7\u00e3o de empresas brasileiras em grandes feiras internacionais, visitas de compradores estrangeiros e formadores de opini\u00e3o para conhecer a estrutura produtiva brasileira entre outras plataformas de neg\u00f3cios que tamb\u00e9m t\u00eam por objetivo fortalecer a marca Brasil. <\/p>\n\n\n\n<div class=\"wp-block-image\"><figure class=\"aligncenter size-large is-resized\"><a href=\"https:\/\/hotelmarquetti.com.br\/\"><img loading=\"lazy\" decoding=\"async\" src=\"https:\/\/jornalfatosenoticias.com.br\/wp-content\/uploads\/2023\/03\/nova-logo-Marquetti.jpg\" alt=\"\" class=\"wp-image-40207\" width=\"380\" height=\"255\" srcset=\"https:\/\/jornalfatosenoticias.com.br\/wp-content\/uploads\/2023\/03\/nova-logo-Marquetti.jpg 643w, https:\/\/jornalfatosenoticias.com.br\/wp-content\/uploads\/2023\/03\/nova-logo-Marquetti-300x202.jpg 300w\" sizes=\"auto, (max-width: 380px) 100vw, 380px\" \/><\/a><\/figure><\/div>\n\n\n\n<p>A Ag\u00eancia tamb\u00e9m atua de forma coordenada com atores p\u00fablicos e privados para atra\u00e7\u00e3o de investimentos estrangeiros diretos (IED) para o Brasil com foco em setores estrat\u00e9gicos para o desenvolvimento da competitividade das empresas brasileiras e do pa\u00eds.<\/p>\n\n\n\n<div class=\"wp-block-image\"><figure class=\"aligncenter size-large is-resized\"><a href=\"https:\/\/www.ithbrasil.com.br\/\"><img loading=\"lazy\" decoding=\"async\" src=\"https:\/\/jornalfatosenoticias.com.br\/wp-content\/uploads\/2023\/08\/ITH.jpeg\" alt=\"\" class=\"wp-image-44638\" width=\"319\" height=\"259\" srcset=\"https:\/\/jornalfatosenoticias.com.br\/wp-content\/uploads\/2023\/08\/ITH.jpeg 800w, https:\/\/jornalfatosenoticias.com.br\/wp-content\/uploads\/2023\/08\/ITH-300x244.jpeg 300w, https:\/\/jornalfatosenoticias.com.br\/wp-content\/uploads\/2023\/08\/ITH-768x624.jpeg 768w\" sizes=\"auto, (max-width: 319px) 100vw, 319px\" \/><\/a><\/figure><\/div>\n\n\n\n<p><strong><span class=\"has-inline-color has-vivid-purple-color\"><span style=\"text-decoration: underline;\">Servi\u00e7o<\/span><\/span><\/strong><br><em>It\u2019s Natural \u2014 Brazilian Natural Stone na KBIS 2025<br><\/em><strong>Data: <\/strong>25 a 27 de fevereiro<br><strong>Local: <\/strong>Estande SL6015, South Hall, Centro de Conven\u00e7\u00f5es de Las Vegas<br><strong>Hor\u00e1rio: <\/strong>9h \u00e0s 17h<\/p>\n\n\n\n<div class=\"wp-block-image\"><figure class=\"aligncenter size-large is-resized\"><a href=\"https:\/\/panper.com.br\/\"><img loading=\"lazy\" decoding=\"async\" src=\"https:\/\/jornalfatosenoticias.com.br\/wp-content\/uploads\/2023\/03\/logo-Panper_portal.jpg\" alt=\"\" class=\"wp-image-40208\" width=\"338\" height=\"234\" srcset=\"https:\/\/jornalfatosenoticias.com.br\/wp-content\/uploads\/2023\/03\/logo-Panper_portal.jpg 400w, https:\/\/jornalfatosenoticias.com.br\/wp-content\/uploads\/2023\/03\/logo-Panper_portal-300x208.jpg 300w\" sizes=\"auto, (max-width: 338px) 100vw, 338px\" \/><\/a><\/figure><\/div>\n\n\n\n<p><strong><span class=\"has-inline-color has-vivid-purple-color\"><span style=\"text-decoration: underline;\">Informa\u00e7\u00f5es para imprensa<br><\/span><\/span><\/strong><em>Karina Porto Firme<br><\/em>Assessoria de Comunica\u00e7\u00e3o Centrorochas e It\u2019s Natural \u2014 Brazilian Natural Stone<br>27 99705-5705<br>karina.portofirme@centrorochas.org.br<br>Site: www.braziliannaturalstone.com<br>Instagram: @braziliannaturalstone @centrorochas<br>Linkedin: www.linkedin.com\/company\/braziliannaturalstone\/<\/p>\n","protected":false},"excerpt":{"rendered":"<p>Por Assessoria de Comunica\u00e7\u00e3o O Brasil retorna \u00e0 KBIS 2025, o maior evento de design de cozinhas e banheiros da Am\u00e9rica do Norte, reafirmando sua posi\u00e7\u00e3o como l\u00edder global no setor de rochas naturais. Em sua segunda participa\u00e7\u00e3o consecutiva, o pa\u00eds apresentar\u00e1 o espa\u00e7o &#8220;It\u2019s Natural \u2014 Brazilian Natural Stone&#8220;, localizado no South Hall e [&hellip;]<\/p>\n","protected":false},"author":2,"featured_media":56661,"comment_status":"open","ping_status":"open","sticky":false,"template":"","format":"standard","meta":{"footnotes":""},"categories":[744],"tags":[13497,15387,25861,25860,17337],"class_list":["post-56660","post","type-post","status-publish","format-standard","has-post-thumbnail","hentry","category-arq-urbanismo","tag-apexbrasil","tag-centrorochas","tag-its-natural-brazilian-natural-stone-2","tag-kbis-2025","tag-rochas-ornamentais"],"yoast_head":"<!-- This site is optimized with the Yoast SEO plugin v26.5 - https:\/\/yoast.com\/wordpress\/plugins\/seo\/ -->\n<title>Brasil leva \u00e0 KBIS 2025 um espa\u00e7o que refor\u00e7a sua incompar\u00e1vel riqueza geol\u00f3gica - Jornal Fatos e Not\u00edcias<\/title>\n<meta name=\"robots\" content=\"index, follow, max-snippet:-1, max-image-preview:large, max-video-preview:-1\" \/>\n<link rel=\"canonical\" href=\"https:\/\/jornalfatosenoticias.com.br\/index.php\/2025\/01\/08\/brasil-leva-a-kbis-2025-um-espaco-que-reforca-sua-incomparavel-riqueza-geologica\/\" \/>\n<meta property=\"og:locale\" content=\"pt_BR\" \/>\n<meta property=\"og:type\" content=\"article\" \/>\n<meta property=\"og:title\" content=\"Brasil leva \u00e0 KBIS 2025 um espa\u00e7o que refor\u00e7a sua incompar\u00e1vel riqueza geol\u00f3gica - Jornal Fatos e Not\u00edcias\" \/>\n<meta property=\"og:description\" content=\"Por Assessoria de Comunica\u00e7\u00e3o O Brasil retorna \u00e0 KBIS 2025, o maior evento de design de cozinhas e banheiros da Am\u00e9rica do Norte, reafirmando sua posi\u00e7\u00e3o como l\u00edder global no setor de rochas naturais. Em sua segunda participa\u00e7\u00e3o consecutiva, o pa\u00eds apresentar\u00e1 o espa\u00e7o &#8220;It\u2019s Natural \u2014 Brazilian Natural Stone&#8220;, localizado no South Hall e [&hellip;]\" \/>\n<meta property=\"og:url\" content=\"https:\/\/jornalfatosenoticias.com.br\/index.php\/2025\/01\/08\/brasil-leva-a-kbis-2025-um-espaco-que-reforca-sua-incomparavel-riqueza-geologica\/\" \/>\n<meta property=\"og:site_name\" content=\"Jornal Fatos e Not\u00edcias\" \/>\n<meta property=\"article:published_time\" content=\"2025-01-08T14:48:04+00:00\" \/>\n<meta property=\"article:modified_time\" content=\"2025-01-08T14:48:06+00:00\" \/>\n<meta property=\"og:image\" content=\"https:\/\/jornalfatosenoticias.com.br\/wp-content\/uploads\/2025\/01\/KBIS-2025_1.jpeg\" \/>\n\t<meta property=\"og:image:width\" content=\"1000\" \/>\n\t<meta property=\"og:image:height\" content=\"537\" \/>\n\t<meta property=\"og:image:type\" content=\"image\/jpeg\" \/>\n<meta name=\"author\" content=\"Luzimara Fernandes\" \/>\n<meta name=\"twitter:card\" content=\"summary_large_image\" \/>\n<meta name=\"twitter:label1\" content=\"Escrito por\" \/>\n\t<meta name=\"twitter:data1\" content=\"Luzimara Fernandes\" \/>\n\t<meta name=\"twitter:label2\" content=\"Est. tempo de leitura\" \/>\n\t<meta name=\"twitter:data2\" content=\"5 minutos\" \/>\n<script type=\"application\/ld+json\" class=\"yoast-schema-graph\">{\"@context\":\"https:\/\/schema.org\",\"@graph\":[{\"@type\":\"Article\",\"@id\":\"https:\/\/jornalfatosenoticias.com.br\/index.php\/2025\/01\/08\/brasil-leva-a-kbis-2025-um-espaco-que-reforca-sua-incomparavel-riqueza-geologica\/#article\",\"isPartOf\":{\"@id\":\"https:\/\/jornalfatosenoticias.com.br\/index.php\/2025\/01\/08\/brasil-leva-a-kbis-2025-um-espaco-que-reforca-sua-incomparavel-riqueza-geologica\/\"},\"author\":{\"name\":\"Luzimara Fernandes\",\"@id\":\"https:\/\/jornalfatosenoticias.com.br\/#\/schema\/person\/d63837fa13ac8666eb9e74e0985d6f81\"},\"headline\":\"Brasil leva \u00e0 KBIS 2025 um espa\u00e7o que refor\u00e7a sua incompar\u00e1vel riqueza geol\u00f3gica\",\"datePublished\":\"2025-01-08T14:48:04+00:00\",\"dateModified\":\"2025-01-08T14:48:06+00:00\",\"mainEntityOfPage\":{\"@id\":\"https:\/\/jornalfatosenoticias.com.br\/index.php\/2025\/01\/08\/brasil-leva-a-kbis-2025-um-espaco-que-reforca-sua-incomparavel-riqueza-geologica\/\"},\"wordCount\":941,\"commentCount\":0,\"publisher\":{\"@id\":\"https:\/\/jornalfatosenoticias.com.br\/#organization\"},\"image\":{\"@id\":\"https:\/\/jornalfatosenoticias.com.br\/index.php\/2025\/01\/08\/brasil-leva-a-kbis-2025-um-espaco-que-reforca-sua-incomparavel-riqueza-geologica\/#primaryimage\"},\"thumbnailUrl\":\"https:\/\/jornalfatosenoticias.com.br\/wp-content\/uploads\/2025\/01\/KBIS-2025_1.jpeg\",\"keywords\":[\"ApexBrasil\",\"Centrorochas\",\"It\u2019s Natural \u2014 Brazilian Natural Stone\",\"KBIS 2025\",\"rochas ornamentais\"],\"articleSection\":[\"Arq &amp; Urb\"],\"inLanguage\":\"pt-BR\",\"potentialAction\":[{\"@type\":\"CommentAction\",\"name\":\"Comment\",\"target\":[\"https:\/\/jornalfatosenoticias.com.br\/index.php\/2025\/01\/08\/brasil-leva-a-kbis-2025-um-espaco-que-reforca-sua-incomparavel-riqueza-geologica\/#respond\"]}]},{\"@type\":\"WebPage\",\"@id\":\"https:\/\/jornalfatosenoticias.com.br\/index.php\/2025\/01\/08\/brasil-leva-a-kbis-2025-um-espaco-que-reforca-sua-incomparavel-riqueza-geologica\/\",\"url\":\"https:\/\/jornalfatosenoticias.com.br\/index.php\/2025\/01\/08\/brasil-leva-a-kbis-2025-um-espaco-que-reforca-sua-incomparavel-riqueza-geologica\/\",\"name\":\"Brasil leva \u00e0 KBIS 2025 um espa\u00e7o que refor\u00e7a sua incompar\u00e1vel riqueza geol\u00f3gica - Jornal Fatos e Not\u00edcias\",\"isPartOf\":{\"@id\":\"https:\/\/jornalfatosenoticias.com.br\/#website\"},\"primaryImageOfPage\":{\"@id\":\"https:\/\/jornalfatosenoticias.com.br\/index.php\/2025\/01\/08\/brasil-leva-a-kbis-2025-um-espaco-que-reforca-sua-incomparavel-riqueza-geologica\/#primaryimage\"},\"image\":{\"@id\":\"https:\/\/jornalfatosenoticias.com.br\/index.php\/2025\/01\/08\/brasil-leva-a-kbis-2025-um-espaco-que-reforca-sua-incomparavel-riqueza-geologica\/#primaryimage\"},\"thumbnailUrl\":\"https:\/\/jornalfatosenoticias.com.br\/wp-content\/uploads\/2025\/01\/KBIS-2025_1.jpeg\",\"datePublished\":\"2025-01-08T14:48:04+00:00\",\"dateModified\":\"2025-01-08T14:48:06+00:00\",\"breadcrumb\":{\"@id\":\"https:\/\/jornalfatosenoticias.com.br\/index.php\/2025\/01\/08\/brasil-leva-a-kbis-2025-um-espaco-que-reforca-sua-incomparavel-riqueza-geologica\/#breadcrumb\"},\"inLanguage\":\"pt-BR\",\"potentialAction\":[{\"@type\":\"ReadAction\",\"target\":[\"https:\/\/jornalfatosenoticias.com.br\/index.php\/2025\/01\/08\/brasil-leva-a-kbis-2025-um-espaco-que-reforca-sua-incomparavel-riqueza-geologica\/\"]}]},{\"@type\":\"ImageObject\",\"inLanguage\":\"pt-BR\",\"@id\":\"https:\/\/jornalfatosenoticias.com.br\/index.php\/2025\/01\/08\/brasil-leva-a-kbis-2025-um-espaco-que-reforca-sua-incomparavel-riqueza-geologica\/#primaryimage\",\"url\":\"https:\/\/jornalfatosenoticias.com.br\/wp-content\/uploads\/2025\/01\/KBIS-2025_1.jpeg\",\"contentUrl\":\"https:\/\/jornalfatosenoticias.com.br\/wp-content\/uploads\/2025\/01\/KBIS-2025_1.jpeg\",\"width\":1000,\"height\":537},{\"@type\":\"BreadcrumbList\",\"@id\":\"https:\/\/jornalfatosenoticias.com.br\/index.php\/2025\/01\/08\/brasil-leva-a-kbis-2025-um-espaco-que-reforca-sua-incomparavel-riqueza-geologica\/#breadcrumb\",\"itemListElement\":[{\"@type\":\"ListItem\",\"position\":1,\"name\":\"In\u00edcio\",\"item\":\"https:\/\/jornalfatosenoticias.com.br\/\"},{\"@type\":\"ListItem\",\"position\":2,\"name\":\"Brasil leva \u00e0 KBIS 2025 um espa\u00e7o que refor\u00e7a sua incompar\u00e1vel riqueza geol\u00f3gica\"}]},{\"@type\":\"WebSite\",\"@id\":\"https:\/\/jornalfatosenoticias.com.br\/#website\",\"url\":\"https:\/\/jornalfatosenoticias.com.br\/\",\"name\":\"Jornal Fatos e Not\u00edcias\",\"description\":\"Not\u00edcias em geral\",\"publisher\":{\"@id\":\"https:\/\/jornalfatosenoticias.com.br\/#organization\"},\"potentialAction\":[{\"@type\":\"SearchAction\",\"target\":{\"@type\":\"EntryPoint\",\"urlTemplate\":\"https:\/\/jornalfatosenoticias.com.br\/?s={search_term_string}\"},\"query-input\":{\"@type\":\"PropertyValueSpecification\",\"valueRequired\":true,\"valueName\":\"search_term_string\"}}],\"inLanguage\":\"pt-BR\"},{\"@type\":\"Organization\",\"@id\":\"https:\/\/jornalfatosenoticias.com.br\/#organization\",\"name\":\"Jornal Fatos e Not\u00edcias\",\"url\":\"https:\/\/jornalfatosenoticias.com.br\/\",\"logo\":{\"@type\":\"ImageObject\",\"inLanguage\":\"pt-BR\",\"@id\":\"https:\/\/jornalfatosenoticias.com.br\/#\/schema\/logo\/image\/\",\"url\":\"https:\/\/jornalfatosenoticias.com.br\/wp-content\/uploads\/2020\/02\/logo120.png\",\"contentUrl\":\"https:\/\/jornalfatosenoticias.com.br\/wp-content\/uploads\/2020\/02\/logo120.png\",\"width\":1227,\"height\":120,\"caption\":\"Jornal Fatos e Not\u00edcias\"},\"image\":{\"@id\":\"https:\/\/jornalfatosenoticias.com.br\/#\/schema\/logo\/image\/\"}},{\"@type\":\"Person\",\"@id\":\"https:\/\/jornalfatosenoticias.com.br\/#\/schema\/person\/d63837fa13ac8666eb9e74e0985d6f81\",\"name\":\"Luzimara Fernandes\",\"image\":{\"@type\":\"ImageObject\",\"inLanguage\":\"pt-BR\",\"@id\":\"https:\/\/jornalfatosenoticias.com.br\/#\/schema\/person\/image\/\",\"url\":\"https:\/\/jornalfatosenoticias.com.br\/wp-content\/uploads\/2025\/05\/EU_portal.jpg\",\"contentUrl\":\"https:\/\/jornalfatosenoticias.com.br\/wp-content\/uploads\/2025\/05\/EU_portal.jpg\",\"caption\":\"Luzimara Fernandes\"},\"description\":\"Jornalista MTB 2358-ES\",\"sameAs\":[\"https:\/\/jornalfatosenoticias.com.br\"],\"url\":\"https:\/\/jornalfatosenoticias.com.br\/index.php\/author\/luzimara\/\"}]}<\/script>\n<!-- \/ Yoast SEO plugin. -->","yoast_head_json":{"title":"Brasil leva \u00e0 KBIS 2025 um espa\u00e7o que refor\u00e7a sua incompar\u00e1vel riqueza geol\u00f3gica - Jornal Fatos e Not\u00edcias","robots":{"index":"index","follow":"follow","max-snippet":"max-snippet:-1","max-image-preview":"max-image-preview:large","max-video-preview":"max-video-preview:-1"},"canonical":"https:\/\/jornalfatosenoticias.com.br\/index.php\/2025\/01\/08\/brasil-leva-a-kbis-2025-um-espaco-que-reforca-sua-incomparavel-riqueza-geologica\/","og_locale":"pt_BR","og_type":"article","og_title":"Brasil leva \u00e0 KBIS 2025 um espa\u00e7o que refor\u00e7a sua incompar\u00e1vel riqueza geol\u00f3gica - Jornal Fatos e Not\u00edcias","og_description":"Por Assessoria de Comunica\u00e7\u00e3o O Brasil retorna \u00e0 KBIS 2025, o maior evento de design de cozinhas e banheiros da Am\u00e9rica do Norte, reafirmando sua posi\u00e7\u00e3o como l\u00edder global no setor de rochas naturais. Em sua segunda participa\u00e7\u00e3o consecutiva, o pa\u00eds apresentar\u00e1 o espa\u00e7o &#8220;It\u2019s Natural \u2014 Brazilian Natural Stone&#8220;, localizado no South Hall e [&hellip;]","og_url":"https:\/\/jornalfatosenoticias.com.br\/index.php\/2025\/01\/08\/brasil-leva-a-kbis-2025-um-espaco-que-reforca-sua-incomparavel-riqueza-geologica\/","og_site_name":"Jornal Fatos e Not\u00edcias","article_published_time":"2025-01-08T14:48:04+00:00","article_modified_time":"2025-01-08T14:48:06+00:00","og_image":[{"width":1000,"height":537,"url":"https:\/\/jornalfatosenoticias.com.br\/wp-content\/uploads\/2025\/01\/KBIS-2025_1.jpeg","type":"image\/jpeg"}],"author":"Luzimara Fernandes","twitter_card":"summary_large_image","twitter_misc":{"Escrito por":"Luzimara Fernandes","Est. tempo de leitura":"5 minutos"},"schema":{"@context":"https:\/\/schema.org","@graph":[{"@type":"Article","@id":"https:\/\/jornalfatosenoticias.com.br\/index.php\/2025\/01\/08\/brasil-leva-a-kbis-2025-um-espaco-que-reforca-sua-incomparavel-riqueza-geologica\/#article","isPartOf":{"@id":"https:\/\/jornalfatosenoticias.com.br\/index.php\/2025\/01\/08\/brasil-leva-a-kbis-2025-um-espaco-que-reforca-sua-incomparavel-riqueza-geologica\/"},"author":{"name":"Luzimara Fernandes","@id":"https:\/\/jornalfatosenoticias.com.br\/#\/schema\/person\/d63837fa13ac8666eb9e74e0985d6f81"},"headline":"Brasil leva \u00e0 KBIS 2025 um espa\u00e7o que refor\u00e7a sua incompar\u00e1vel riqueza geol\u00f3gica","datePublished":"2025-01-08T14:48:04+00:00","dateModified":"2025-01-08T14:48:06+00:00","mainEntityOfPage":{"@id":"https:\/\/jornalfatosenoticias.com.br\/index.php\/2025\/01\/08\/brasil-leva-a-kbis-2025-um-espaco-que-reforca-sua-incomparavel-riqueza-geologica\/"},"wordCount":941,"commentCount":0,"publisher":{"@id":"https:\/\/jornalfatosenoticias.com.br\/#organization"},"image":{"@id":"https:\/\/jornalfatosenoticias.com.br\/index.php\/2025\/01\/08\/brasil-leva-a-kbis-2025-um-espaco-que-reforca-sua-incomparavel-riqueza-geologica\/#primaryimage"},"thumbnailUrl":"https:\/\/jornalfatosenoticias.com.br\/wp-content\/uploads\/2025\/01\/KBIS-2025_1.jpeg","keywords":["ApexBrasil","Centrorochas","It\u2019s Natural \u2014 Brazilian Natural Stone","KBIS 2025","rochas ornamentais"],"articleSection":["Arq &amp; Urb"],"inLanguage":"pt-BR","potentialAction":[{"@type":"CommentAction","name":"Comment","target":["https:\/\/jornalfatosenoticias.com.br\/index.php\/2025\/01\/08\/brasil-leva-a-kbis-2025-um-espaco-que-reforca-sua-incomparavel-riqueza-geologica\/#respond"]}]},{"@type":"WebPage","@id":"https:\/\/jornalfatosenoticias.com.br\/index.php\/2025\/01\/08\/brasil-leva-a-kbis-2025-um-espaco-que-reforca-sua-incomparavel-riqueza-geologica\/","url":"https:\/\/jornalfatosenoticias.com.br\/index.php\/2025\/01\/08\/brasil-leva-a-kbis-2025-um-espaco-que-reforca-sua-incomparavel-riqueza-geologica\/","name":"Brasil leva \u00e0 KBIS 2025 um espa\u00e7o que refor\u00e7a sua incompar\u00e1vel riqueza geol\u00f3gica - Jornal Fatos e Not\u00edcias","isPartOf":{"@id":"https:\/\/jornalfatosenoticias.com.br\/#website"},"primaryImageOfPage":{"@id":"https:\/\/jornalfatosenoticias.com.br\/index.php\/2025\/01\/08\/brasil-leva-a-kbis-2025-um-espaco-que-reforca-sua-incomparavel-riqueza-geologica\/#primaryimage"},"image":{"@id":"https:\/\/jornalfatosenoticias.com.br\/index.php\/2025\/01\/08\/brasil-leva-a-kbis-2025-um-espaco-que-reforca-sua-incomparavel-riqueza-geologica\/#primaryimage"},"thumbnailUrl":"https:\/\/jornalfatosenoticias.com.br\/wp-content\/uploads\/2025\/01\/KBIS-2025_1.jpeg","datePublished":"2025-01-08T14:48:04+00:00","dateModified":"2025-01-08T14:48:06+00:00","breadcrumb":{"@id":"https:\/\/jornalfatosenoticias.com.br\/index.php\/2025\/01\/08\/brasil-leva-a-kbis-2025-um-espaco-que-reforca-sua-incomparavel-riqueza-geologica\/#breadcrumb"},"inLanguage":"pt-BR","potentialAction":[{"@type":"ReadAction","target":["https:\/\/jornalfatosenoticias.com.br\/index.php\/2025\/01\/08\/brasil-leva-a-kbis-2025-um-espaco-que-reforca-sua-incomparavel-riqueza-geologica\/"]}]},{"@type":"ImageObject","inLanguage":"pt-BR","@id":"https:\/\/jornalfatosenoticias.com.br\/index.php\/2025\/01\/08\/brasil-leva-a-kbis-2025-um-espaco-que-reforca-sua-incomparavel-riqueza-geologica\/#primaryimage","url":"https:\/\/jornalfatosenoticias.com.br\/wp-content\/uploads\/2025\/01\/KBIS-2025_1.jpeg","contentUrl":"https:\/\/jornalfatosenoticias.com.br\/wp-content\/uploads\/2025\/01\/KBIS-2025_1.jpeg","width":1000,"height":537},{"@type":"BreadcrumbList","@id":"https:\/\/jornalfatosenoticias.com.br\/index.php\/2025\/01\/08\/brasil-leva-a-kbis-2025-um-espaco-que-reforca-sua-incomparavel-riqueza-geologica\/#breadcrumb","itemListElement":[{"@type":"ListItem","position":1,"name":"In\u00edcio","item":"https:\/\/jornalfatosenoticias.com.br\/"},{"@type":"ListItem","position":2,"name":"Brasil leva \u00e0 KBIS 2025 um espa\u00e7o que refor\u00e7a sua incompar\u00e1vel riqueza geol\u00f3gica"}]},{"@type":"WebSite","@id":"https:\/\/jornalfatosenoticias.com.br\/#website","url":"https:\/\/jornalfatosenoticias.com.br\/","name":"Jornal Fatos e Not\u00edcias","description":"Not\u00edcias em geral","publisher":{"@id":"https:\/\/jornalfatosenoticias.com.br\/#organization"},"potentialAction":[{"@type":"SearchAction","target":{"@type":"EntryPoint","urlTemplate":"https:\/\/jornalfatosenoticias.com.br\/?s={search_term_string}"},"query-input":{"@type":"PropertyValueSpecification","valueRequired":true,"valueName":"search_term_string"}}],"inLanguage":"pt-BR"},{"@type":"Organization","@id":"https:\/\/jornalfatosenoticias.com.br\/#organization","name":"Jornal Fatos e Not\u00edcias","url":"https:\/\/jornalfatosenoticias.com.br\/","logo":{"@type":"ImageObject","inLanguage":"pt-BR","@id":"https:\/\/jornalfatosenoticias.com.br\/#\/schema\/logo\/image\/","url":"https:\/\/jornalfatosenoticias.com.br\/wp-content\/uploads\/2020\/02\/logo120.png","contentUrl":"https:\/\/jornalfatosenoticias.com.br\/wp-content\/uploads\/2020\/02\/logo120.png","width":1227,"height":120,"caption":"Jornal Fatos e Not\u00edcias"},"image":{"@id":"https:\/\/jornalfatosenoticias.com.br\/#\/schema\/logo\/image\/"}},{"@type":"Person","@id":"https:\/\/jornalfatosenoticias.com.br\/#\/schema\/person\/d63837fa13ac8666eb9e74e0985d6f81","name":"Luzimara Fernandes","image":{"@type":"ImageObject","inLanguage":"pt-BR","@id":"https:\/\/jornalfatosenoticias.com.br\/#\/schema\/person\/image\/","url":"https:\/\/jornalfatosenoticias.com.br\/wp-content\/uploads\/2025\/05\/EU_portal.jpg","contentUrl":"https:\/\/jornalfatosenoticias.com.br\/wp-content\/uploads\/2025\/05\/EU_portal.jpg","caption":"Luzimara Fernandes"},"description":"Jornalista MTB 2358-ES","sameAs":["https:\/\/jornalfatosenoticias.com.br"],"url":"https:\/\/jornalfatosenoticias.com.br\/index.php\/author\/luzimara\/"}]}},"cc_featured_image_caption":{"caption_text":"(Foto: Assessoria de Comunica\u00e7\u00e3o)","source_text":"","source_url":""},"jetpack_featured_media_url":"https:\/\/jornalfatosenoticias.com.br\/wp-content\/uploads\/2025\/01\/KBIS-2025_1.jpeg","_links":{"self":[{"href":"https:\/\/jornalfatosenoticias.com.br\/index.php\/wp-json\/wp\/v2\/posts\/56660","targetHints":{"allow":["GET"]}}],"collection":[{"href":"https:\/\/jornalfatosenoticias.com.br\/index.php\/wp-json\/wp\/v2\/posts"}],"about":[{"href":"https:\/\/jornalfatosenoticias.com.br\/index.php\/wp-json\/wp\/v2\/types\/post"}],"author":[{"embeddable":true,"href":"https:\/\/jornalfatosenoticias.com.br\/index.php\/wp-json\/wp\/v2\/users\/2"}],"replies":[{"embeddable":true,"href":"https:\/\/jornalfatosenoticias.com.br\/index.php\/wp-json\/wp\/v2\/comments?post=56660"}],"version-history":[{"count":0,"href":"https:\/\/jornalfatosenoticias.com.br\/index.php\/wp-json\/wp\/v2\/posts\/56660\/revisions"}],"wp:featuredmedia":[{"embeddable":true,"href":"https:\/\/jornalfatosenoticias.com.br\/index.php\/wp-json\/wp\/v2\/media\/56661"}],"wp:attachment":[{"href":"https:\/\/jornalfatosenoticias.com.br\/index.php\/wp-json\/wp\/v2\/media?parent=56660"}],"wp:term":[{"taxonomy":"category","embeddable":true,"href":"https:\/\/jornalfatosenoticias.com.br\/index.php\/wp-json\/wp\/v2\/categories?post=56660"},{"taxonomy":"post_tag","embeddable":true,"href":"https:\/\/jornalfatosenoticias.com.br\/index.php\/wp-json\/wp\/v2\/tags?post=56660"}],"curies":[{"name":"wp","href":"https:\/\/api.w.org\/{rel}","templated":true}]}}