{"id":56694,"date":"2025-01-09T09:23:23","date_gmt":"2025-01-09T12:23:23","guid":{"rendered":"https:\/\/jornalfatosenoticias.com.br\/?p=56694"},"modified":"2025-01-09T09:26:07","modified_gmt":"2025-01-09T12:26:07","slug":"colonia-de-ferias-da-fafi","status":"publish","type":"post","link":"https:\/\/jornalfatosenoticias.com.br\/index.php\/2025\/01\/09\/colonia-de-ferias-da-fafi\/","title":{"rendered":"Col\u00f4nia de F\u00e9rias da Fafi"},"content":{"rendered":"\n<p><em><span class=\"has-inline-color has-black-color\">Arte, criatividade e divers\u00e3o nas f\u00e9rias escolares<\/span><\/em><\/p>\n\n\n\n<p><span class=\"has-inline-color has-black-color\">Por <strong>Pedro Vargas<\/strong><\/span><\/p>\n\n\n\n<div class=\"wp-block-image\"><figure class=\"aligncenter size-large\"><a href=\"https:\/\/mizu.com.br\/\"><img loading=\"lazy\" decoding=\"async\" width=\"729\" height=\"90\" src=\"https:\/\/jornalfatosenoticias.com.br\/wp-content\/uploads\/2020\/02\/Logo_Mizu.png\" alt=\"\" class=\"wp-image-1441\" srcset=\"https:\/\/jornalfatosenoticias.com.br\/wp-content\/uploads\/2020\/02\/Logo_Mizu.png 729w, https:\/\/jornalfatosenoticias.com.br\/wp-content\/uploads\/2020\/02\/Logo_Mizu-300x37.png 300w\" sizes=\"auto, (max-width: 729px) 100vw, 729px\" \/><\/a><\/figure><\/div>\n\n\n\n<p>Em tempos de f\u00e9rias escolares, a Escola T\u00e9cnica Municipal de Teatro, Dan\u00e7a e M\u00fasica (Fafi) traz uma novidade para as fam\u00edlias de Vit\u00f3ria: a in\u00e9dita Col\u00f4nia de F\u00e9rias da Fafi. Localizada no Centro Hist\u00f3rico da capital, a institui\u00e7\u00e3o ofertar\u00e1 para as crian\u00e7as de seis a 12 anos de idade uma programa\u00e7\u00e3o repleta de aprendizado e divers\u00e3o, a partir da pr\u00f3xima segunda-feira (13). Com oficinas de teatro, m\u00fasica e dan\u00e7a, a Col\u00f4nia segue at\u00e9 o dia 24 de janeiro e promete estimular a criatividade e o desenvolvimento art\u00edstico dos pequenos.<br>&#8220;Nossa a\u00e7\u00e3o tem como principal objetivo proporcionar \u00e0s crian\u00e7as um espa\u00e7o de integra\u00e7\u00e3o por meio de atividades culturais, l\u00fadicas e educativas, nas \u00e1reas de teatro, m\u00fasica e dan\u00e7a. As oficinas s\u00e3o voltadas para o desenvolvimento de habilidades art\u00edsticas e sociais, promovendo a criatividade e o trabalho em equipe&#8221;, explica a coordenadora da institui\u00e7\u00e3o F\u00e1tima Rodrigues Burzlaff.<\/p>\n\n\n\n<div class=\"wp-block-image\"><figure class=\"aligncenter size-large is-resized\"><a href=\"https:\/\/www.facebook.com\/postobkr\/?locale=pt_BR\"><img loading=\"lazy\" decoding=\"async\" src=\"https:\/\/jornalfatosenoticias.com.br\/wp-content\/uploads\/2023\/08\/BKR-1024x1021.jpg\" alt=\"\" class=\"wp-image-44494\" width=\"321\" height=\"320\" srcset=\"https:\/\/jornalfatosenoticias.com.br\/wp-content\/uploads\/2023\/08\/BKR-1024x1021.jpg 1024w, https:\/\/jornalfatosenoticias.com.br\/wp-content\/uploads\/2023\/08\/BKR-300x300.jpg 300w, https:\/\/jornalfatosenoticias.com.br\/wp-content\/uploads\/2023\/08\/BKR-150x150.jpg 150w, https:\/\/jornalfatosenoticias.com.br\/wp-content\/uploads\/2023\/08\/BKR-768x766.jpg 768w, https:\/\/jornalfatosenoticias.com.br\/wp-content\/uploads\/2023\/08\/BKR.jpg 1080w\" sizes=\"auto, (max-width: 321px) 100vw, 321px\" \/><\/a><\/figure><\/div>\n\n\n\n<p>A Col\u00f4nia de F\u00e9rias da Fafi contar\u00e1 com atividades presenciais e os participantes ser\u00e3o divididos por idades. Cada faixa et\u00e1ria participar\u00e1 de cinco dias de programa\u00e7\u00e3o conforme segue:<\/p>\n\n\n\n<div class=\"wp-block-image\"><figure class=\"aligncenter size-large is-resized\"><a href=\"https:\/\/www.legisjuris.com.br\/\"><img loading=\"lazy\" decoding=\"async\" src=\"https:\/\/jornalfatosenoticias.com.br\/wp-content\/uploads\/2024\/09\/Legis-Juris-Consultoria_logo.jpg\" alt=\"\" class=\"wp-image-53915\" width=\"415\" height=\"174\" srcset=\"https:\/\/jornalfatosenoticias.com.br\/wp-content\/uploads\/2024\/09\/Legis-Juris-Consultoria_logo.jpg 969w, https:\/\/jornalfatosenoticias.com.br\/wp-content\/uploads\/2024\/09\/Legis-Juris-Consultoria_logo-300x126.jpg 300w, https:\/\/jornalfatosenoticias.com.br\/wp-content\/uploads\/2024\/09\/Legis-Juris-Consultoria_logo-768x322.jpg 768w\" sizes=\"auto, (max-width: 415px) 100vw, 415px\" \/><\/a><\/figure><\/div>\n\n\n\n<p><span class=\"has-inline-color has-vivid-purple-color\"><strong><span style=\"text-decoration: underline;\">1.\u00aa semana: de 13 a 17 de janeiro de 2025<br><\/span><\/strong><\/span>Turma 01 &#8211; seis a oito anos<br>Turma 02 &#8211; nove e 10 anos<br>Turma 03 &#8211; 11 e 12 anos<\/p>\n\n\n\n<p><strong><span class=\"has-inline-color has-vivid-purple-color\"><span style=\"text-decoration: underline;\">2.\u00aa semana: de 20 a 24 de janeiro de 2025<br><\/span><\/span><\/strong>Turma 04 &#8211; seis a oito anos<br>Turma 05 &#8211; nove e 10 anos<br>Turma 06 &#8211; 11 e 12 anos<\/p>\n\n\n\n<div class=\"wp-block-image\"><figure class=\"aligncenter size-large is-resized\"><a href=\"https:\/\/hotelmarquetti.com.br\/\"><img loading=\"lazy\" decoding=\"async\" src=\"https:\/\/jornalfatosenoticias.com.br\/wp-content\/uploads\/2023\/03\/nova-logo-Marquetti.jpg\" alt=\"\" class=\"wp-image-40207\" width=\"329\" height=\"221\" srcset=\"https:\/\/jornalfatosenoticias.com.br\/wp-content\/uploads\/2023\/03\/nova-logo-Marquetti.jpg 643w, https:\/\/jornalfatosenoticias.com.br\/wp-content\/uploads\/2023\/03\/nova-logo-Marquetti-300x202.jpg 300w\" sizes=\"auto, (max-width: 329px) 100vw, 329px\" \/><\/a><\/figure><\/div>\n\n\n\n<p>Os encontros ocorrer\u00e3o de segunda a sexta-feira, das 14 \u00e0s 17 horas. Cada turma ter\u00e1 20 integrantes e participar\u00e1 de duas oficinas por dia, sendo cada oficina com dura\u00e7\u00e3o de 1h20, com intervalo de 20 minutos para lanche. As inscri\u00e7\u00f5es s\u00e3o gratuitas, j\u00e1 est\u00e3o abertas, e podem ser feitas at\u00e9 o pr\u00f3ximo domingo (12). Para participar, as fam\u00edlias dever\u00e3o escolher entre a primeira e a segunda semana, de acordo com a faixa et\u00e1ria desejada. O formul\u00e1rio dever\u00e1 ser preenchido exclusivamente por meio do link <a href=\"https:\/\/forms.gle\/eyJHrPcgsjdzp9s27.\">https:\/\/forms.gle\/eyJHrPcgsjdzp9s27.<\/a><\/p>\n\n\n\n<div class=\"wp-block-image\"><figure class=\"aligncenter size-large is-resized\"><a href=\"https:\/\/www.instagram.com\/ligadossaborespizzaria\/\"><img loading=\"lazy\" decoding=\"async\" src=\"https:\/\/jornalfatosenoticias.com.br\/wp-content\/uploads\/2020\/02\/WhatsApp-Image-2024-10-02-at-08.18.14-819x1024.jpeg\" alt=\"\" class=\"wp-image-54612\" width=\"307\" height=\"383\" srcset=\"https:\/\/jornalfatosenoticias.com.br\/wp-content\/uploads\/2020\/02\/WhatsApp-Image-2024-10-02-at-08.18.14-819x1024.jpeg 819w, https:\/\/jornalfatosenoticias.com.br\/wp-content\/uploads\/2020\/02\/WhatsApp-Image-2024-10-02-at-08.18.14-240x300.jpeg 240w, https:\/\/jornalfatosenoticias.com.br\/wp-content\/uploads\/2020\/02\/WhatsApp-Image-2024-10-02-at-08.18.14-768x960.jpeg 768w, https:\/\/jornalfatosenoticias.com.br\/wp-content\/uploads\/2020\/02\/WhatsApp-Image-2024-10-02-at-08.18.14.jpeg 1024w\" sizes=\"auto, (max-width: 307px) 100vw, 307px\" \/><\/a><\/figure><\/div>\n\n\n\n<p><strong><span class=\"has-inline-color has-vivid-purple-color\">Respons\u00e1veis<\/span><\/strong><br>Para atender a turminha, um time de profissionais educadores qualificados foi especialmente &#8220;escalado&#8221;. A programa\u00e7\u00e3o contar\u00e1 com 12 oficineiros que atuar\u00e3o em duplas e ir\u00e3o orientar as crian\u00e7as de acordo com as diferentes linguagens art\u00edsticas. Entre os profissionais est\u00e3o: Anna Claudia Perin Vidigal, Adriana Rodrigues de Souza, Ariany Alexandrino Costa dos Santos, Karoliny Francisco Pereira Coelho, Elisangela Pegoretti, F\u00e1bio Samora, Gabriel Pereira Azevedo, Juliana da Silva de Souza, Lav\u00ednia Karla de Jesus Santos Nunes, Martielly Cintra Gon\u00e7alves Zamproni, Matheus Silva de Oliveira e Mayara Rodrigues Soneghetti.<\/p>\n\n\n\n<div class=\"wp-block-image\"><figure class=\"aligncenter size-large is-resized\"><a href=\"https:\/\/panper.com.br\/\"><img loading=\"lazy\" decoding=\"async\" src=\"https:\/\/jornalfatosenoticias.com.br\/wp-content\/uploads\/2023\/03\/logo-Panper_portal.jpg\" alt=\"\" class=\"wp-image-40208\" width=\"325\" height=\"225\" srcset=\"https:\/\/jornalfatosenoticias.com.br\/wp-content\/uploads\/2023\/03\/logo-Panper_portal.jpg 400w, https:\/\/jornalfatosenoticias.com.br\/wp-content\/uploads\/2023\/03\/logo-Panper_portal-300x208.jpg 300w\" sizes=\"auto, (max-width: 325px) 100vw, 325px\" \/><\/a><\/figure><\/div>\n\n\n\n<p><strong><span class=\"has-inline-color has-vivid-purple-color\">Acessibilidade e inclus\u00e3o<br><\/span><\/strong>Para garantir que todas as crian\u00e7as tenham acesso \u00e0s atividades a Fafi oferece condi\u00e7\u00f5es de acessibilidade para pessoas com defici\u00eancia (PcD) ou mobilidade reduzida. As oficinas ser\u00e3o adaptadas conforme a demanda, garantindo um ambiente inclusivo e acolhedor.<\/p>\n\n\n\n<div class=\"wp-block-image\"><figure class=\"aligncenter size-large is-resized\"><a href=\"https:\/\/www.facebook.com\/profile.php?id=100069289606145\"><img loading=\"lazy\" decoding=\"async\" src=\"https:\/\/jornalfatosenoticias.com.br\/wp-content\/uploads\/2024\/11\/Guaitolini-Contabilidade-1024x714.jpeg\" alt=\"\" class=\"wp-image-55808\" width=\"324\" height=\"226\" srcset=\"https:\/\/jornalfatosenoticias.com.br\/wp-content\/uploads\/2024\/11\/Guaitolini-Contabilidade-1024x714.jpeg 1024w, https:\/\/jornalfatosenoticias.com.br\/wp-content\/uploads\/2024\/11\/Guaitolini-Contabilidade-300x209.jpeg 300w, https:\/\/jornalfatosenoticias.com.br\/wp-content\/uploads\/2024\/11\/Guaitolini-Contabilidade-768x535.jpeg 768w, https:\/\/jornalfatosenoticias.com.br\/wp-content\/uploads\/2024\/11\/Guaitolini-Contabilidade.jpeg 1280w\" sizes=\"auto, (max-width: 324px) 100vw, 324px\" \/><\/a><\/figure><\/div>\n\n\n\n<p><strong><span class=\"has-inline-color has-vivid-purple-color\"><span style=\"text-decoration: underline;\">Servi\u00e7o<br><\/span><\/span><\/strong><em><span class=\"has-inline-color has-black-color\">Col\u00f4nia de F\u00e9rias da Fafi 2025<br><\/span><\/em><strong>Quando:<\/strong> de 13 a 24 de janeiro (com turmas distribu\u00eddas por faixa et\u00e1ria) das 14 \u00e0s 17 horas.<br><strong>Onde: <\/strong>Escola T\u00e9cnica Municipal de Teatro, Dan\u00e7a e M\u00fasica (Fafi) \u2014 Avenida Jer\u00f4nimo Monteiro, 656 \u2014 Centro Hist\u00f3rico de Vit\u00f3ria.<br><strong>Inscri\u00e7\u00f5es gratuitas:<\/strong> por meio do link <a href=\"https:\/\/forms.gle\/eyJHrPcgsjdzp9s27.\">https:\/\/forms.gle\/eyJHrPcgsjdzp9s27<\/a>.<br><strong>Classifica\u00e7\u00e3o indicativa:<\/strong> seis a 12 anos de idade.<\/p>\n\n\n\n<div class=\"wp-block-image\"><figure class=\"aligncenter size-large\"><a href=\"https:\/\/cesconetto.com.br\/\"><img loading=\"lazy\" decoding=\"async\" width=\"300\" height=\"250\" src=\"https:\/\/jornalfatosenoticias.com.br\/wp-content\/uploads\/2020\/02\/Banner-2.png\" alt=\"\" class=\"wp-image-43787\"\/><\/a><\/figure><\/div>\n\n\n\n<p><strong><em>Fonte: <a href=\"https:\/\/www.vitoria.es.gov.br\/noticia\/colonia-de-ferias-da-fafi-arte-criatividade-e-diversao-nas-ferias-escolares-52347\">PMV<\/a><\/em><\/strong><\/p>\n","protected":false},"excerpt":{"rendered":"<p>Arte, criatividade e divers\u00e3o nas f\u00e9rias escolares Por Pedro Vargas Em tempos de f\u00e9rias escolares, a Escola T\u00e9cnica Municipal de Teatro, Dan\u00e7a e M\u00fasica (Fafi) traz uma novidade para as fam\u00edlias de Vit\u00f3ria: a in\u00e9dita Col\u00f4nia de F\u00e9rias da Fafi. Localizada no Centro Hist\u00f3rico da capital, a institui\u00e7\u00e3o ofertar\u00e1 para as crian\u00e7as de seis a [&hellip;]<\/p>\n","protected":false},"author":2,"featured_media":56695,"comment_status":"open","ping_status":"open","sticky":false,"template":"","format":"standard","meta":{"footnotes":""},"categories":[4],"tags":[3677,25871,25872,412,4943,20256,16175,20255,4243,6853,103,3315,4311],"class_list":["post-56694","post","type-post","status-publish","format-standard","has-post-thumbnail","hentry","category-cultura","tag-arte","tag-colonia-de-ferias","tag-colonia-de-ferias-da-fafi","tag-criatividade","tag-danca","tag-danca-e-musica","tag-diversao","tag-escola-tecnica-municipal-de-teatro","tag-fafi","tag-ferias-escolares","tag-musica","tag-oficinas","tag-teatro"],"yoast_head":"<!-- This site is optimized with the Yoast SEO plugin v26.5 - https:\/\/yoast.com\/wordpress\/plugins\/seo\/ -->\n<title>Col\u00f4nia de F\u00e9rias da Fafi - Jornal Fatos e Not\u00edcias<\/title>\n<meta name=\"robots\" content=\"index, follow, max-snippet:-1, max-image-preview:large, max-video-preview:-1\" \/>\n<link rel=\"canonical\" href=\"https:\/\/jornalfatosenoticias.com.br\/index.php\/2025\/01\/09\/colonia-de-ferias-da-fafi\/\" \/>\n<meta property=\"og:locale\" content=\"pt_BR\" \/>\n<meta property=\"og:type\" content=\"article\" \/>\n<meta property=\"og:title\" content=\"Col\u00f4nia de F\u00e9rias da Fafi - Jornal Fatos e Not\u00edcias\" \/>\n<meta property=\"og:description\" content=\"Arte, criatividade e divers\u00e3o nas f\u00e9rias escolares Por Pedro Vargas Em tempos de f\u00e9rias escolares, a Escola T\u00e9cnica Municipal de Teatro, Dan\u00e7a e M\u00fasica (Fafi) traz uma novidade para as fam\u00edlias de Vit\u00f3ria: a in\u00e9dita Col\u00f4nia de F\u00e9rias da Fafi. Localizada no Centro Hist\u00f3rico da capital, a institui\u00e7\u00e3o ofertar\u00e1 para as crian\u00e7as de seis a [&hellip;]\" \/>\n<meta property=\"og:url\" content=\"https:\/\/jornalfatosenoticias.com.br\/index.php\/2025\/01\/09\/colonia-de-ferias-da-fafi\/\" \/>\n<meta property=\"og:site_name\" content=\"Jornal Fatos e Not\u00edcias\" \/>\n<meta property=\"article:published_time\" content=\"2025-01-09T12:23:23+00:00\" \/>\n<meta property=\"article:modified_time\" content=\"2025-01-09T12:26:07+00:00\" \/>\n<meta property=\"og:image\" content=\"https:\/\/jornalfatosenoticias.com.br\/wp-content\/uploads\/2025\/01\/FAFI.jpg\" \/>\n\t<meta property=\"og:image:width\" content=\"1000\" \/>\n\t<meta property=\"og:image:height\" content=\"579\" \/>\n\t<meta property=\"og:image:type\" content=\"image\/jpeg\" \/>\n<meta name=\"author\" content=\"Luzimara Fernandes\" \/>\n<meta name=\"twitter:card\" content=\"summary_large_image\" \/>\n<meta name=\"twitter:label1\" content=\"Escrito por\" \/>\n\t<meta name=\"twitter:data1\" content=\"Luzimara Fernandes\" \/>\n\t<meta name=\"twitter:label2\" content=\"Est. tempo de leitura\" \/>\n\t<meta name=\"twitter:data2\" content=\"3 minutos\" \/>\n<script type=\"application\/ld+json\" class=\"yoast-schema-graph\">{\"@context\":\"https:\/\/schema.org\",\"@graph\":[{\"@type\":\"Article\",\"@id\":\"https:\/\/jornalfatosenoticias.com.br\/index.php\/2025\/01\/09\/colonia-de-ferias-da-fafi\/#article\",\"isPartOf\":{\"@id\":\"https:\/\/jornalfatosenoticias.com.br\/index.php\/2025\/01\/09\/colonia-de-ferias-da-fafi\/\"},\"author\":{\"name\":\"Luzimara Fernandes\",\"@id\":\"https:\/\/jornalfatosenoticias.com.br\/#\/schema\/person\/d63837fa13ac8666eb9e74e0985d6f81\"},\"headline\":\"Col\u00f4nia de F\u00e9rias da Fafi\",\"datePublished\":\"2025-01-09T12:23:23+00:00\",\"dateModified\":\"2025-01-09T12:26:07+00:00\",\"mainEntityOfPage\":{\"@id\":\"https:\/\/jornalfatosenoticias.com.br\/index.php\/2025\/01\/09\/colonia-de-ferias-da-fafi\/\"},\"wordCount\":567,\"commentCount\":0,\"publisher\":{\"@id\":\"https:\/\/jornalfatosenoticias.com.br\/#organization\"},\"image\":{\"@id\":\"https:\/\/jornalfatosenoticias.com.br\/index.php\/2025\/01\/09\/colonia-de-ferias-da-fafi\/#primaryimage\"},\"thumbnailUrl\":\"https:\/\/jornalfatosenoticias.com.br\/wp-content\/uploads\/2025\/01\/FAFI.jpg\",\"keywords\":[\"arte\",\"col\u00f4nia de f\u00e9rias\",\"Col\u00f4nia de F\u00e9rias da Fafi\",\"criatividade\",\"dan\u00e7a\",\"Dan\u00e7a e M\u00fasica\",\"divers\u00e3o\",\"Escola T\u00e9cnica Municipal de Teatro\",\"Fafi\",\"f\u00e9rias escolares\",\"m\u00fasica\",\"oficinas\",\"teatro\"],\"articleSection\":[\"Cultura\"],\"inLanguage\":\"pt-BR\",\"potentialAction\":[{\"@type\":\"CommentAction\",\"name\":\"Comment\",\"target\":[\"https:\/\/jornalfatosenoticias.com.br\/index.php\/2025\/01\/09\/colonia-de-ferias-da-fafi\/#respond\"]}]},{\"@type\":\"WebPage\",\"@id\":\"https:\/\/jornalfatosenoticias.com.br\/index.php\/2025\/01\/09\/colonia-de-ferias-da-fafi\/\",\"url\":\"https:\/\/jornalfatosenoticias.com.br\/index.php\/2025\/01\/09\/colonia-de-ferias-da-fafi\/\",\"name\":\"Col\u00f4nia de F\u00e9rias da Fafi - Jornal Fatos e Not\u00edcias\",\"isPartOf\":{\"@id\":\"https:\/\/jornalfatosenoticias.com.br\/#website\"},\"primaryImageOfPage\":{\"@id\":\"https:\/\/jornalfatosenoticias.com.br\/index.php\/2025\/01\/09\/colonia-de-ferias-da-fafi\/#primaryimage\"},\"image\":{\"@id\":\"https:\/\/jornalfatosenoticias.com.br\/index.php\/2025\/01\/09\/colonia-de-ferias-da-fafi\/#primaryimage\"},\"thumbnailUrl\":\"https:\/\/jornalfatosenoticias.com.br\/wp-content\/uploads\/2025\/01\/FAFI.jpg\",\"datePublished\":\"2025-01-09T12:23:23+00:00\",\"dateModified\":\"2025-01-09T12:26:07+00:00\",\"breadcrumb\":{\"@id\":\"https:\/\/jornalfatosenoticias.com.br\/index.php\/2025\/01\/09\/colonia-de-ferias-da-fafi\/#breadcrumb\"},\"inLanguage\":\"pt-BR\",\"potentialAction\":[{\"@type\":\"ReadAction\",\"target\":[\"https:\/\/jornalfatosenoticias.com.br\/index.php\/2025\/01\/09\/colonia-de-ferias-da-fafi\/\"]}]},{\"@type\":\"ImageObject\",\"inLanguage\":\"pt-BR\",\"@id\":\"https:\/\/jornalfatosenoticias.com.br\/index.php\/2025\/01\/09\/colonia-de-ferias-da-fafi\/#primaryimage\",\"url\":\"https:\/\/jornalfatosenoticias.com.br\/wp-content\/uploads\/2025\/01\/FAFI.jpg\",\"contentUrl\":\"https:\/\/jornalfatosenoticias.com.br\/wp-content\/uploads\/2025\/01\/FAFI.jpg\",\"width\":1000,\"height\":579,\"caption\":\"FAFI\"},{\"@type\":\"BreadcrumbList\",\"@id\":\"https:\/\/jornalfatosenoticias.com.br\/index.php\/2025\/01\/09\/colonia-de-ferias-da-fafi\/#breadcrumb\",\"itemListElement\":[{\"@type\":\"ListItem\",\"position\":1,\"name\":\"In\u00edcio\",\"item\":\"https:\/\/jornalfatosenoticias.com.br\/\"},{\"@type\":\"ListItem\",\"position\":2,\"name\":\"Col\u00f4nia de F\u00e9rias da Fafi\"}]},{\"@type\":\"WebSite\",\"@id\":\"https:\/\/jornalfatosenoticias.com.br\/#website\",\"url\":\"https:\/\/jornalfatosenoticias.com.br\/\",\"name\":\"Jornal Fatos e Not\u00edcias\",\"description\":\"Not\u00edcias em geral\",\"publisher\":{\"@id\":\"https:\/\/jornalfatosenoticias.com.br\/#organization\"},\"potentialAction\":[{\"@type\":\"SearchAction\",\"target\":{\"@type\":\"EntryPoint\",\"urlTemplate\":\"https:\/\/jornalfatosenoticias.com.br\/?s={search_term_string}\"},\"query-input\":{\"@type\":\"PropertyValueSpecification\",\"valueRequired\":true,\"valueName\":\"search_term_string\"}}],\"inLanguage\":\"pt-BR\"},{\"@type\":\"Organization\",\"@id\":\"https:\/\/jornalfatosenoticias.com.br\/#organization\",\"name\":\"Jornal Fatos e Not\u00edcias\",\"url\":\"https:\/\/jornalfatosenoticias.com.br\/\",\"logo\":{\"@type\":\"ImageObject\",\"inLanguage\":\"pt-BR\",\"@id\":\"https:\/\/jornalfatosenoticias.com.br\/#\/schema\/logo\/image\/\",\"url\":\"https:\/\/jornalfatosenoticias.com.br\/wp-content\/uploads\/2020\/02\/logo120.png\",\"contentUrl\":\"https:\/\/jornalfatosenoticias.com.br\/wp-content\/uploads\/2020\/02\/logo120.png\",\"width\":1227,\"height\":120,\"caption\":\"Jornal Fatos e Not\u00edcias\"},\"image\":{\"@id\":\"https:\/\/jornalfatosenoticias.com.br\/#\/schema\/logo\/image\/\"}},{\"@type\":\"Person\",\"@id\":\"https:\/\/jornalfatosenoticias.com.br\/#\/schema\/person\/d63837fa13ac8666eb9e74e0985d6f81\",\"name\":\"Luzimara Fernandes\",\"image\":{\"@type\":\"ImageObject\",\"inLanguage\":\"pt-BR\",\"@id\":\"https:\/\/jornalfatosenoticias.com.br\/#\/schema\/person\/image\/\",\"url\":\"https:\/\/jornalfatosenoticias.com.br\/wp-content\/uploads\/2025\/05\/EU_portal.jpg\",\"contentUrl\":\"https:\/\/jornalfatosenoticias.com.br\/wp-content\/uploads\/2025\/05\/EU_portal.jpg\",\"caption\":\"Luzimara Fernandes\"},\"description\":\"Jornalista MTB 2358-ES\",\"sameAs\":[\"https:\/\/jornalfatosenoticias.com.br\"],\"url\":\"https:\/\/jornalfatosenoticias.com.br\/index.php\/author\/luzimara\/\"}]}<\/script>\n<!-- \/ Yoast SEO plugin. -->","yoast_head_json":{"title":"Col\u00f4nia de F\u00e9rias da Fafi - Jornal Fatos e Not\u00edcias","robots":{"index":"index","follow":"follow","max-snippet":"max-snippet:-1","max-image-preview":"max-image-preview:large","max-video-preview":"max-video-preview:-1"},"canonical":"https:\/\/jornalfatosenoticias.com.br\/index.php\/2025\/01\/09\/colonia-de-ferias-da-fafi\/","og_locale":"pt_BR","og_type":"article","og_title":"Col\u00f4nia de F\u00e9rias da Fafi - Jornal Fatos e Not\u00edcias","og_description":"Arte, criatividade e divers\u00e3o nas f\u00e9rias escolares Por Pedro Vargas Em tempos de f\u00e9rias escolares, a Escola T\u00e9cnica Municipal de Teatro, Dan\u00e7a e M\u00fasica (Fafi) traz uma novidade para as fam\u00edlias de Vit\u00f3ria: a in\u00e9dita Col\u00f4nia de F\u00e9rias da Fafi. Localizada no Centro Hist\u00f3rico da capital, a institui\u00e7\u00e3o ofertar\u00e1 para as crian\u00e7as de seis a [&hellip;]","og_url":"https:\/\/jornalfatosenoticias.com.br\/index.php\/2025\/01\/09\/colonia-de-ferias-da-fafi\/","og_site_name":"Jornal Fatos e Not\u00edcias","article_published_time":"2025-01-09T12:23:23+00:00","article_modified_time":"2025-01-09T12:26:07+00:00","og_image":[{"width":1000,"height":579,"url":"https:\/\/jornalfatosenoticias.com.br\/wp-content\/uploads\/2025\/01\/FAFI.jpg","type":"image\/jpeg"}],"author":"Luzimara Fernandes","twitter_card":"summary_large_image","twitter_misc":{"Escrito por":"Luzimara Fernandes","Est. tempo de leitura":"3 minutos"},"schema":{"@context":"https:\/\/schema.org","@graph":[{"@type":"Article","@id":"https:\/\/jornalfatosenoticias.com.br\/index.php\/2025\/01\/09\/colonia-de-ferias-da-fafi\/#article","isPartOf":{"@id":"https:\/\/jornalfatosenoticias.com.br\/index.php\/2025\/01\/09\/colonia-de-ferias-da-fafi\/"},"author":{"name":"Luzimara Fernandes","@id":"https:\/\/jornalfatosenoticias.com.br\/#\/schema\/person\/d63837fa13ac8666eb9e74e0985d6f81"},"headline":"Col\u00f4nia de F\u00e9rias da Fafi","datePublished":"2025-01-09T12:23:23+00:00","dateModified":"2025-01-09T12:26:07+00:00","mainEntityOfPage":{"@id":"https:\/\/jornalfatosenoticias.com.br\/index.php\/2025\/01\/09\/colonia-de-ferias-da-fafi\/"},"wordCount":567,"commentCount":0,"publisher":{"@id":"https:\/\/jornalfatosenoticias.com.br\/#organization"},"image":{"@id":"https:\/\/jornalfatosenoticias.com.br\/index.php\/2025\/01\/09\/colonia-de-ferias-da-fafi\/#primaryimage"},"thumbnailUrl":"https:\/\/jornalfatosenoticias.com.br\/wp-content\/uploads\/2025\/01\/FAFI.jpg","keywords":["arte","col\u00f4nia de f\u00e9rias","Col\u00f4nia de F\u00e9rias da Fafi","criatividade","dan\u00e7a","Dan\u00e7a e M\u00fasica","divers\u00e3o","Escola T\u00e9cnica Municipal de Teatro","Fafi","f\u00e9rias escolares","m\u00fasica","oficinas","teatro"],"articleSection":["Cultura"],"inLanguage":"pt-BR","potentialAction":[{"@type":"CommentAction","name":"Comment","target":["https:\/\/jornalfatosenoticias.com.br\/index.php\/2025\/01\/09\/colonia-de-ferias-da-fafi\/#respond"]}]},{"@type":"WebPage","@id":"https:\/\/jornalfatosenoticias.com.br\/index.php\/2025\/01\/09\/colonia-de-ferias-da-fafi\/","url":"https:\/\/jornalfatosenoticias.com.br\/index.php\/2025\/01\/09\/colonia-de-ferias-da-fafi\/","name":"Col\u00f4nia de F\u00e9rias da Fafi - Jornal Fatos e Not\u00edcias","isPartOf":{"@id":"https:\/\/jornalfatosenoticias.com.br\/#website"},"primaryImageOfPage":{"@id":"https:\/\/jornalfatosenoticias.com.br\/index.php\/2025\/01\/09\/colonia-de-ferias-da-fafi\/#primaryimage"},"image":{"@id":"https:\/\/jornalfatosenoticias.com.br\/index.php\/2025\/01\/09\/colonia-de-ferias-da-fafi\/#primaryimage"},"thumbnailUrl":"https:\/\/jornalfatosenoticias.com.br\/wp-content\/uploads\/2025\/01\/FAFI.jpg","datePublished":"2025-01-09T12:23:23+00:00","dateModified":"2025-01-09T12:26:07+00:00","breadcrumb":{"@id":"https:\/\/jornalfatosenoticias.com.br\/index.php\/2025\/01\/09\/colonia-de-ferias-da-fafi\/#breadcrumb"},"inLanguage":"pt-BR","potentialAction":[{"@type":"ReadAction","target":["https:\/\/jornalfatosenoticias.com.br\/index.php\/2025\/01\/09\/colonia-de-ferias-da-fafi\/"]}]},{"@type":"ImageObject","inLanguage":"pt-BR","@id":"https:\/\/jornalfatosenoticias.com.br\/index.php\/2025\/01\/09\/colonia-de-ferias-da-fafi\/#primaryimage","url":"https:\/\/jornalfatosenoticias.com.br\/wp-content\/uploads\/2025\/01\/FAFI.jpg","contentUrl":"https:\/\/jornalfatosenoticias.com.br\/wp-content\/uploads\/2025\/01\/FAFI.jpg","width":1000,"height":579,"caption":"FAFI"},{"@type":"BreadcrumbList","@id":"https:\/\/jornalfatosenoticias.com.br\/index.php\/2025\/01\/09\/colonia-de-ferias-da-fafi\/#breadcrumb","itemListElement":[{"@type":"ListItem","position":1,"name":"In\u00edcio","item":"https:\/\/jornalfatosenoticias.com.br\/"},{"@type":"ListItem","position":2,"name":"Col\u00f4nia de F\u00e9rias da Fafi"}]},{"@type":"WebSite","@id":"https:\/\/jornalfatosenoticias.com.br\/#website","url":"https:\/\/jornalfatosenoticias.com.br\/","name":"Jornal Fatos e Not\u00edcias","description":"Not\u00edcias em geral","publisher":{"@id":"https:\/\/jornalfatosenoticias.com.br\/#organization"},"potentialAction":[{"@type":"SearchAction","target":{"@type":"EntryPoint","urlTemplate":"https:\/\/jornalfatosenoticias.com.br\/?s={search_term_string}"},"query-input":{"@type":"PropertyValueSpecification","valueRequired":true,"valueName":"search_term_string"}}],"inLanguage":"pt-BR"},{"@type":"Organization","@id":"https:\/\/jornalfatosenoticias.com.br\/#organization","name":"Jornal Fatos e Not\u00edcias","url":"https:\/\/jornalfatosenoticias.com.br\/","logo":{"@type":"ImageObject","inLanguage":"pt-BR","@id":"https:\/\/jornalfatosenoticias.com.br\/#\/schema\/logo\/image\/","url":"https:\/\/jornalfatosenoticias.com.br\/wp-content\/uploads\/2020\/02\/logo120.png","contentUrl":"https:\/\/jornalfatosenoticias.com.br\/wp-content\/uploads\/2020\/02\/logo120.png","width":1227,"height":120,"caption":"Jornal Fatos e Not\u00edcias"},"image":{"@id":"https:\/\/jornalfatosenoticias.com.br\/#\/schema\/logo\/image\/"}},{"@type":"Person","@id":"https:\/\/jornalfatosenoticias.com.br\/#\/schema\/person\/d63837fa13ac8666eb9e74e0985d6f81","name":"Luzimara Fernandes","image":{"@type":"ImageObject","inLanguage":"pt-BR","@id":"https:\/\/jornalfatosenoticias.com.br\/#\/schema\/person\/image\/","url":"https:\/\/jornalfatosenoticias.com.br\/wp-content\/uploads\/2025\/05\/EU_portal.jpg","contentUrl":"https:\/\/jornalfatosenoticias.com.br\/wp-content\/uploads\/2025\/05\/EU_portal.jpg","caption":"Luzimara Fernandes"},"description":"Jornalista MTB 2358-ES","sameAs":["https:\/\/jornalfatosenoticias.com.br"],"url":"https:\/\/jornalfatosenoticias.com.br\/index.php\/author\/luzimara\/"}]}},"cc_featured_image_caption":{"caption_text":"(Foto: Leonardo Silveira\/PMV) ","source_text":"","source_url":""},"jetpack_featured_media_url":"https:\/\/jornalfatosenoticias.com.br\/wp-content\/uploads\/2025\/01\/FAFI.jpg","_links":{"self":[{"href":"https:\/\/jornalfatosenoticias.com.br\/index.php\/wp-json\/wp\/v2\/posts\/56694","targetHints":{"allow":["GET"]}}],"collection":[{"href":"https:\/\/jornalfatosenoticias.com.br\/index.php\/wp-json\/wp\/v2\/posts"}],"about":[{"href":"https:\/\/jornalfatosenoticias.com.br\/index.php\/wp-json\/wp\/v2\/types\/post"}],"author":[{"embeddable":true,"href":"https:\/\/jornalfatosenoticias.com.br\/index.php\/wp-json\/wp\/v2\/users\/2"}],"replies":[{"embeddable":true,"href":"https:\/\/jornalfatosenoticias.com.br\/index.php\/wp-json\/wp\/v2\/comments?post=56694"}],"version-history":[{"count":0,"href":"https:\/\/jornalfatosenoticias.com.br\/index.php\/wp-json\/wp\/v2\/posts\/56694\/revisions"}],"wp:featuredmedia":[{"embeddable":true,"href":"https:\/\/jornalfatosenoticias.com.br\/index.php\/wp-json\/wp\/v2\/media\/56695"}],"wp:attachment":[{"href":"https:\/\/jornalfatosenoticias.com.br\/index.php\/wp-json\/wp\/v2\/media?parent=56694"}],"wp:term":[{"taxonomy":"category","embeddable":true,"href":"https:\/\/jornalfatosenoticias.com.br\/index.php\/wp-json\/wp\/v2\/categories?post=56694"},{"taxonomy":"post_tag","embeddable":true,"href":"https:\/\/jornalfatosenoticias.com.br\/index.php\/wp-json\/wp\/v2\/tags?post=56694"}],"curies":[{"name":"wp","href":"https:\/\/api.w.org\/{rel}","templated":true}]}}