{"id":56756,"date":"2025-01-10T12:24:40","date_gmt":"2025-01-10T15:24:40","guid":{"rendered":"https:\/\/jornalfatosenoticias.com.br\/?p=56756"},"modified":"2025-01-10T12:24:41","modified_gmt":"2025-01-10T15:24:41","slug":"novo-tratamento-usa-som-e-agua-para-eliminar-cancer","status":"publish","type":"post","link":"https:\/\/jornalfatosenoticias.com.br\/index.php\/2025\/01\/10\/novo-tratamento-usa-som-e-agua-para-eliminar-cancer\/","title":{"rendered":"Novo tratamento usa som e \u00e1gua para eliminar c\u00e2ncer"},"content":{"rendered":"\n<p><em><span class=\"has-inline-color has-black-color\">M\u00e9todo \u00e9 capaz de matar c\u00e9lulas cancer\u00edgenas sem a necessidade de expor o organismo do paciente \u00e0 radia\u00e7\u00e3o<\/span><\/em><\/p>\n\n\n\n<p><span class=\"has-inline-color has-black-color\">Por <strong><a href=\"https:\/\/olhardigital.com.br\/author\/alessandro-lorenzo\/\">Alessandro Di Lorenzo<\/a><\/strong><\/span><\/p>\n\n\n\n<div class=\"wp-block-image\"><figure class=\"aligncenter size-large\"><a href=\"https:\/\/mizu.com.br\/\"><img loading=\"lazy\" decoding=\"async\" width=\"729\" height=\"90\" src=\"https:\/\/jornalfatosenoticias.com.br\/wp-content\/uploads\/2020\/02\/Logo_Mizu.png\" alt=\"\" class=\"wp-image-1441\" srcset=\"https:\/\/jornalfatosenoticias.com.br\/wp-content\/uploads\/2020\/02\/Logo_Mizu.png 729w, https:\/\/jornalfatosenoticias.com.br\/wp-content\/uploads\/2020\/02\/Logo_Mizu-300x37.png 300w\" sizes=\"auto, (max-width: 729px) 100vw, 729px\" \/><\/a><\/figure><\/div>\n\n\n\n<p>Uma nova t\u00e9cnica est\u00e1 sendo considerada um potencial divisor de \u00e1guas na luta contra o\u00a0<a href=\"https:\/\/olhardigital.com.br\/tag\/cancer\/\" target=\"_blank\" rel=\"noreferrer noopener\"><strong>c\u00e2ncer<\/strong><\/a>. Segundo pesquisadores, ela \u00e9 capaz de matar\u00a0<a href=\"https:\/\/olhardigital.com.br\/tag\/celulas\/\" target=\"_blank\" rel=\"noreferrer noopener\"><strong>c\u00e9lulas<\/strong><\/a> cancer\u00edgenas sem a necessidade de expor o organismo do paciente \u00e0 radia\u00e7\u00e3o. O segredo est\u00e1 na histotripsia, um m\u00e9todo n\u00e3o invasivo que usa ondas emitidas por ultrassom, de forma focalizada, para destruir os tumores. Esta tecnologia \u00e9 mais precisa e elimina poss\u00edveis danos colaterais aos tecidos humanos.<br>Os m\u00e9dicos explicam que, como o som se dissipa no ar, \u00e9 necess\u00e1rio utilizar \u00e1gua para manter os feixes focados nos \u00f3rg\u00e3os que precisam de tratamento. Ao contr\u00e1rio da radia\u00e7\u00e3o, esta terapia n\u00e3o afeta nenhum outro tecido.<\/p>\n\n\n\n<div class=\"wp-block-image\"><figure class=\"aligncenter size-large is-resized\"><a href=\"https:\/\/www.ithbrasil.com.br\/\"><img loading=\"lazy\" decoding=\"async\" src=\"https:\/\/jornalfatosenoticias.com.br\/wp-content\/uploads\/2023\/08\/ITH.jpeg\" alt=\"\" class=\"wp-image-44638\" width=\"319\" height=\"259\" srcset=\"https:\/\/jornalfatosenoticias.com.br\/wp-content\/uploads\/2023\/08\/ITH.jpeg 800w, https:\/\/jornalfatosenoticias.com.br\/wp-content\/uploads\/2023\/08\/ITH-300x244.jpeg 300w, https:\/\/jornalfatosenoticias.com.br\/wp-content\/uploads\/2023\/08\/ITH-768x624.jpeg 768w\" sizes=\"auto, (max-width: 319px) 100vw, 319px\" \/><\/a><\/figure><\/div>\n\n\n\n<p>Al\u00e9m disso, o m\u00e9todo pode ser repetido quantas vezes for necess\u00e1rio. Segundo os especialistas, ap\u00f3s cada tratamento, o \u00f3rg\u00e3o se recupera totalmente. Os primeiros estudos mostram que a liquefa\u00e7\u00e3o dos tumores deixa para tr\u00e1s material gen\u00e9tico benigno que pode melhorar as defesas do corpo contra o c\u00e2ncer.<\/p>\n\n\n\n<div class=\"wp-block-image\"><figure class=\"aligncenter size-large is-resized\"><a href=\"https:\/\/www.instagram.com\/restaurantepegoretti\/\"><img loading=\"lazy\" decoding=\"async\" src=\"https:\/\/jornalfatosenoticias.com.br\/wp-content\/uploads\/2023\/12\/pegoretti-logo-pdf-1024x389.jpg\" alt=\"\" class=\"wp-image-47536\" width=\"443\" height=\"168\" srcset=\"https:\/\/jornalfatosenoticias.com.br\/wp-content\/uploads\/2023\/12\/pegoretti-logo-pdf-1024x389.jpg 1024w, https:\/\/jornalfatosenoticias.com.br\/wp-content\/uploads\/2023\/12\/pegoretti-logo-pdf-300x114.jpg 300w, https:\/\/jornalfatosenoticias.com.br\/wp-content\/uploads\/2023\/12\/pegoretti-logo-pdf-768x291.jpg 768w, https:\/\/jornalfatosenoticias.com.br\/wp-content\/uploads\/2023\/12\/pegoretti-logo-pdf.jpg 1120w\" sizes=\"auto, (max-width: 443px) 100vw, 443px\" \/><\/a><\/figure><\/div>\n\n\n\n<p>A ideia agora \u00e9 testar a tecnologia em outros \u00f3rg\u00e3os. As principais d\u00favidas est\u00e3o relacionadas a como o tecido tireoidiano e o mam\u00e1rio ir\u00e3o se comportar ao receberem a terapia experimental. De qualquer forma, h\u00e1 uma esperan\u00e7a muito grande na amplia\u00e7\u00e3o do uso deste tratamento no futuro. O <a href=\"https:\/\/www.providence.org\/locations\/socal\/mission-hospital-mission-viejo\/cancer-center\/histotripsy\" target=\"_blank\" rel=\"noreferrer noopener\"><strong>hospital americano Providence Mission<\/strong><\/a>\u00a0\u00e9 l\u00edder nacional no tratamento de pacientes com essa nova modalidade, aprovada pela FDA. As informa\u00e7\u00f5es s\u00e3o do\u00a0<strong><a href=\"https:\/\/abc7.com\/post\/histotripsy-treatment-fda-approved-therapy-kills-cancer-using-sound-water-led-team-providence-mission-hospital\/15648669\/\" target=\"_blank\" rel=\"noreferrer noopener\">KABC-TV<\/a>.<\/strong><\/p>\n\n\n\n<div class=\"wp-block-image\"><figure class=\"aligncenter size-large is-resized\"><a href=\"https:\/\/www.instagram.com\/esteiochurrascaria\/\"><img loading=\"lazy\" decoding=\"async\" src=\"https:\/\/jornalfatosenoticias.com.br\/wp-content\/uploads\/2022\/02\/LOGO-ESTEIO-1024x730.png\" alt=\"\" class=\"wp-image-27942\" width=\"344\" height=\"245\" srcset=\"https:\/\/jornalfatosenoticias.com.br\/wp-content\/uploads\/2022\/02\/LOGO-ESTEIO-1024x730.png 1024w, https:\/\/jornalfatosenoticias.com.br\/wp-content\/uploads\/2022\/02\/LOGO-ESTEIO-300x214.png 300w, https:\/\/jornalfatosenoticias.com.br\/wp-content\/uploads\/2022\/02\/LOGO-ESTEIO-768x548.png 768w, https:\/\/jornalfatosenoticias.com.br\/wp-content\/uploads\/2022\/02\/LOGO-ESTEIO.png 1123w\" sizes=\"auto, (max-width: 344px) 100vw, 344px\" \/><\/a><\/figure><\/div>\n\n\n\n<p><strong><em>Fonte: <a href=\"https:\/\/olhardigital.com.br\/2025\/01\/01\/medicina-e-saude\/novo-tratamento-usa-som-e-agua-para-eliminar-cancer\/\">Olhar Digital<\/a><\/em><\/strong><\/p>\n","protected":false},"excerpt":{"rendered":"<p>M\u00e9todo \u00e9 capaz de matar c\u00e9lulas cancer\u00edgenas sem a necessidade de expor o organismo do paciente \u00e0 radia\u00e7\u00e3o Por Alessandro Di Lorenzo Uma nova t\u00e9cnica est\u00e1 sendo considerada um potencial divisor de \u00e1guas na luta contra o\u00a0c\u00e2ncer. Segundo pesquisadores, ela \u00e9 capaz de matar\u00a0c\u00e9lulas cancer\u00edgenas sem a necessidade de expor o organismo do paciente \u00e0 [&hellip;]<\/p>\n","protected":false},"author":2,"featured_media":56757,"comment_status":"open","ping_status":"open","sticky":false,"template":"","format":"standard","meta":{"footnotes":""},"categories":[11],"tags":[642,1118,8807,1120],"class_list":["post-56756","post","type-post","status-publish","format-standard","has-post-thumbnail","hentry","category-saude","tag-cancer","tag-celulas-cancerigenas","tag-celulas-cancerosas","tag-tratamento"],"yoast_head":"<!-- This site is optimized with the Yoast SEO plugin v26.5 - https:\/\/yoast.com\/wordpress\/plugins\/seo\/ -->\n<title>Novo tratamento usa som e \u00e1gua para eliminar c\u00e2ncer - Jornal Fatos e Not\u00edcias<\/title>\n<meta name=\"robots\" content=\"index, follow, max-snippet:-1, max-image-preview:large, max-video-preview:-1\" \/>\n<link rel=\"canonical\" href=\"https:\/\/jornalfatosenoticias.com.br\/index.php\/2025\/01\/10\/novo-tratamento-usa-som-e-agua-para-eliminar-cancer\/\" \/>\n<meta property=\"og:locale\" content=\"pt_BR\" \/>\n<meta property=\"og:type\" content=\"article\" \/>\n<meta property=\"og:title\" content=\"Novo tratamento usa som e \u00e1gua para eliminar c\u00e2ncer - Jornal Fatos e Not\u00edcias\" \/>\n<meta property=\"og:description\" content=\"M\u00e9todo \u00e9 capaz de matar c\u00e9lulas cancer\u00edgenas sem a necessidade de expor o organismo do paciente \u00e0 radia\u00e7\u00e3o Por Alessandro Di Lorenzo Uma nova t\u00e9cnica est\u00e1 sendo considerada um potencial divisor de \u00e1guas na luta contra o\u00a0c\u00e2ncer. Segundo pesquisadores, ela \u00e9 capaz de matar\u00a0c\u00e9lulas cancer\u00edgenas sem a necessidade de expor o organismo do paciente \u00e0 [&hellip;]\" \/>\n<meta property=\"og:url\" content=\"https:\/\/jornalfatosenoticias.com.br\/index.php\/2025\/01\/10\/novo-tratamento-usa-som-e-agua-para-eliminar-cancer\/\" \/>\n<meta property=\"og:site_name\" content=\"Jornal Fatos e Not\u00edcias\" \/>\n<meta property=\"article:published_time\" content=\"2025-01-10T15:24:40+00:00\" \/>\n<meta property=\"article:modified_time\" content=\"2025-01-10T15:24:41+00:00\" \/>\n<meta property=\"og:image\" content=\"https:\/\/jornalfatosenoticias.com.br\/wp-content\/uploads\/2025\/01\/cancer_istock.jpg\" \/>\n\t<meta property=\"og:image:width\" content=\"612\" \/>\n\t<meta property=\"og:image:height\" content=\"355\" \/>\n\t<meta property=\"og:image:type\" content=\"image\/jpeg\" \/>\n<meta name=\"author\" content=\"Luzimara Fernandes\" \/>\n<meta name=\"twitter:card\" content=\"summary_large_image\" \/>\n<meta name=\"twitter:label1\" content=\"Escrito por\" \/>\n\t<meta name=\"twitter:data1\" content=\"Luzimara Fernandes\" \/>\n\t<meta name=\"twitter:label2\" content=\"Est. tempo de leitura\" \/>\n\t<meta name=\"twitter:data2\" content=\"1 minuto\" \/>\n<script type=\"application\/ld+json\" class=\"yoast-schema-graph\">{\"@context\":\"https:\/\/schema.org\",\"@graph\":[{\"@type\":\"Article\",\"@id\":\"https:\/\/jornalfatosenoticias.com.br\/index.php\/2025\/01\/10\/novo-tratamento-usa-som-e-agua-para-eliminar-cancer\/#article\",\"isPartOf\":{\"@id\":\"https:\/\/jornalfatosenoticias.com.br\/index.php\/2025\/01\/10\/novo-tratamento-usa-som-e-agua-para-eliminar-cancer\/\"},\"author\":{\"name\":\"Luzimara Fernandes\",\"@id\":\"https:\/\/jornalfatosenoticias.com.br\/#\/schema\/person\/d63837fa13ac8666eb9e74e0985d6f81\"},\"headline\":\"Novo tratamento usa som e \u00e1gua para eliminar c\u00e2ncer\",\"datePublished\":\"2025-01-10T15:24:40+00:00\",\"dateModified\":\"2025-01-10T15:24:41+00:00\",\"mainEntityOfPage\":{\"@id\":\"https:\/\/jornalfatosenoticias.com.br\/index.php\/2025\/01\/10\/novo-tratamento-usa-som-e-agua-para-eliminar-cancer\/\"},\"wordCount\":290,\"commentCount\":0,\"publisher\":{\"@id\":\"https:\/\/jornalfatosenoticias.com.br\/#organization\"},\"image\":{\"@id\":\"https:\/\/jornalfatosenoticias.com.br\/index.php\/2025\/01\/10\/novo-tratamento-usa-som-e-agua-para-eliminar-cancer\/#primaryimage\"},\"thumbnailUrl\":\"https:\/\/jornalfatosenoticias.com.br\/wp-content\/uploads\/2025\/01\/cancer_istock.jpg\",\"keywords\":[\"c\u00e2ncer\",\"c\u00e9lulas cancer\u00edgenas\",\"c\u00e9lulas cancerosas\",\"tratamento\"],\"articleSection\":[\"Sa\u00fade\"],\"inLanguage\":\"pt-BR\",\"potentialAction\":[{\"@type\":\"CommentAction\",\"name\":\"Comment\",\"target\":[\"https:\/\/jornalfatosenoticias.com.br\/index.php\/2025\/01\/10\/novo-tratamento-usa-som-e-agua-para-eliminar-cancer\/#respond\"]}]},{\"@type\":\"WebPage\",\"@id\":\"https:\/\/jornalfatosenoticias.com.br\/index.php\/2025\/01\/10\/novo-tratamento-usa-som-e-agua-para-eliminar-cancer\/\",\"url\":\"https:\/\/jornalfatosenoticias.com.br\/index.php\/2025\/01\/10\/novo-tratamento-usa-som-e-agua-para-eliminar-cancer\/\",\"name\":\"Novo tratamento usa som e \u00e1gua para eliminar c\u00e2ncer - Jornal Fatos e Not\u00edcias\",\"isPartOf\":{\"@id\":\"https:\/\/jornalfatosenoticias.com.br\/#website\"},\"primaryImageOfPage\":{\"@id\":\"https:\/\/jornalfatosenoticias.com.br\/index.php\/2025\/01\/10\/novo-tratamento-usa-som-e-agua-para-eliminar-cancer\/#primaryimage\"},\"image\":{\"@id\":\"https:\/\/jornalfatosenoticias.com.br\/index.php\/2025\/01\/10\/novo-tratamento-usa-som-e-agua-para-eliminar-cancer\/#primaryimage\"},\"thumbnailUrl\":\"https:\/\/jornalfatosenoticias.com.br\/wp-content\/uploads\/2025\/01\/cancer_istock.jpg\",\"datePublished\":\"2025-01-10T15:24:40+00:00\",\"dateModified\":\"2025-01-10T15:24:41+00:00\",\"breadcrumb\":{\"@id\":\"https:\/\/jornalfatosenoticias.com.br\/index.php\/2025\/01\/10\/novo-tratamento-usa-som-e-agua-para-eliminar-cancer\/#breadcrumb\"},\"inLanguage\":\"pt-BR\",\"potentialAction\":[{\"@type\":\"ReadAction\",\"target\":[\"https:\/\/jornalfatosenoticias.com.br\/index.php\/2025\/01\/10\/novo-tratamento-usa-som-e-agua-para-eliminar-cancer\/\"]}]},{\"@type\":\"ImageObject\",\"inLanguage\":\"pt-BR\",\"@id\":\"https:\/\/jornalfatosenoticias.com.br\/index.php\/2025\/01\/10\/novo-tratamento-usa-som-e-agua-para-eliminar-cancer\/#primaryimage\",\"url\":\"https:\/\/jornalfatosenoticias.com.br\/wp-content\/uploads\/2025\/01\/cancer_istock.jpg\",\"contentUrl\":\"https:\/\/jornalfatosenoticias.com.br\/wp-content\/uploads\/2025\/01\/cancer_istock.jpg\",\"width\":612,\"height\":355,\"caption\":\"Abstract vertical illustration of targeting cancer cell made of glowing neon particles. Blue geometric background depicting cancer cell screening and disease treatment medical concept. Digital vector illustration\"},{\"@type\":\"BreadcrumbList\",\"@id\":\"https:\/\/jornalfatosenoticias.com.br\/index.php\/2025\/01\/10\/novo-tratamento-usa-som-e-agua-para-eliminar-cancer\/#breadcrumb\",\"itemListElement\":[{\"@type\":\"ListItem\",\"position\":1,\"name\":\"In\u00edcio\",\"item\":\"https:\/\/jornalfatosenoticias.com.br\/\"},{\"@type\":\"ListItem\",\"position\":2,\"name\":\"Novo tratamento usa som e \u00e1gua para eliminar c\u00e2ncer\"}]},{\"@type\":\"WebSite\",\"@id\":\"https:\/\/jornalfatosenoticias.com.br\/#website\",\"url\":\"https:\/\/jornalfatosenoticias.com.br\/\",\"name\":\"Jornal Fatos e Not\u00edcias\",\"description\":\"Not\u00edcias em geral\",\"publisher\":{\"@id\":\"https:\/\/jornalfatosenoticias.com.br\/#organization\"},\"potentialAction\":[{\"@type\":\"SearchAction\",\"target\":{\"@type\":\"EntryPoint\",\"urlTemplate\":\"https:\/\/jornalfatosenoticias.com.br\/?s={search_term_string}\"},\"query-input\":{\"@type\":\"PropertyValueSpecification\",\"valueRequired\":true,\"valueName\":\"search_term_string\"}}],\"inLanguage\":\"pt-BR\"},{\"@type\":\"Organization\",\"@id\":\"https:\/\/jornalfatosenoticias.com.br\/#organization\",\"name\":\"Jornal Fatos e Not\u00edcias\",\"url\":\"https:\/\/jornalfatosenoticias.com.br\/\",\"logo\":{\"@type\":\"ImageObject\",\"inLanguage\":\"pt-BR\",\"@id\":\"https:\/\/jornalfatosenoticias.com.br\/#\/schema\/logo\/image\/\",\"url\":\"https:\/\/jornalfatosenoticias.com.br\/wp-content\/uploads\/2020\/02\/logo120.png\",\"contentUrl\":\"https:\/\/jornalfatosenoticias.com.br\/wp-content\/uploads\/2020\/02\/logo120.png\",\"width\":1227,\"height\":120,\"caption\":\"Jornal Fatos e Not\u00edcias\"},\"image\":{\"@id\":\"https:\/\/jornalfatosenoticias.com.br\/#\/schema\/logo\/image\/\"}},{\"@type\":\"Person\",\"@id\":\"https:\/\/jornalfatosenoticias.com.br\/#\/schema\/person\/d63837fa13ac8666eb9e74e0985d6f81\",\"name\":\"Luzimara Fernandes\",\"image\":{\"@type\":\"ImageObject\",\"inLanguage\":\"pt-BR\",\"@id\":\"https:\/\/jornalfatosenoticias.com.br\/#\/schema\/person\/image\/\",\"url\":\"https:\/\/jornalfatosenoticias.com.br\/wp-content\/uploads\/2025\/05\/EU_portal.jpg\",\"contentUrl\":\"https:\/\/jornalfatosenoticias.com.br\/wp-content\/uploads\/2025\/05\/EU_portal.jpg\",\"caption\":\"Luzimara Fernandes\"},\"description\":\"Jornalista MTB 2358-ES\",\"sameAs\":[\"https:\/\/jornalfatosenoticias.com.br\"],\"url\":\"https:\/\/jornalfatosenoticias.com.br\/index.php\/author\/luzimara\/\"}]}<\/script>\n<!-- \/ Yoast SEO plugin. -->","yoast_head_json":{"title":"Novo tratamento usa som e \u00e1gua para eliminar c\u00e2ncer - Jornal Fatos e Not\u00edcias","robots":{"index":"index","follow":"follow","max-snippet":"max-snippet:-1","max-image-preview":"max-image-preview:large","max-video-preview":"max-video-preview:-1"},"canonical":"https:\/\/jornalfatosenoticias.com.br\/index.php\/2025\/01\/10\/novo-tratamento-usa-som-e-agua-para-eliminar-cancer\/","og_locale":"pt_BR","og_type":"article","og_title":"Novo tratamento usa som e \u00e1gua para eliminar c\u00e2ncer - Jornal Fatos e Not\u00edcias","og_description":"M\u00e9todo \u00e9 capaz de matar c\u00e9lulas cancer\u00edgenas sem a necessidade de expor o organismo do paciente \u00e0 radia\u00e7\u00e3o Por Alessandro Di Lorenzo Uma nova t\u00e9cnica est\u00e1 sendo considerada um potencial divisor de \u00e1guas na luta contra o\u00a0c\u00e2ncer. Segundo pesquisadores, ela \u00e9 capaz de matar\u00a0c\u00e9lulas cancer\u00edgenas sem a necessidade de expor o organismo do paciente \u00e0 [&hellip;]","og_url":"https:\/\/jornalfatosenoticias.com.br\/index.php\/2025\/01\/10\/novo-tratamento-usa-som-e-agua-para-eliminar-cancer\/","og_site_name":"Jornal Fatos e Not\u00edcias","article_published_time":"2025-01-10T15:24:40+00:00","article_modified_time":"2025-01-10T15:24:41+00:00","og_image":[{"width":612,"height":355,"url":"https:\/\/jornalfatosenoticias.com.br\/wp-content\/uploads\/2025\/01\/cancer_istock.jpg","type":"image\/jpeg"}],"author":"Luzimara Fernandes","twitter_card":"summary_large_image","twitter_misc":{"Escrito por":"Luzimara Fernandes","Est. tempo de leitura":"1 minuto"},"schema":{"@context":"https:\/\/schema.org","@graph":[{"@type":"Article","@id":"https:\/\/jornalfatosenoticias.com.br\/index.php\/2025\/01\/10\/novo-tratamento-usa-som-e-agua-para-eliminar-cancer\/#article","isPartOf":{"@id":"https:\/\/jornalfatosenoticias.com.br\/index.php\/2025\/01\/10\/novo-tratamento-usa-som-e-agua-para-eliminar-cancer\/"},"author":{"name":"Luzimara Fernandes","@id":"https:\/\/jornalfatosenoticias.com.br\/#\/schema\/person\/d63837fa13ac8666eb9e74e0985d6f81"},"headline":"Novo tratamento usa som e \u00e1gua para eliminar c\u00e2ncer","datePublished":"2025-01-10T15:24:40+00:00","dateModified":"2025-01-10T15:24:41+00:00","mainEntityOfPage":{"@id":"https:\/\/jornalfatosenoticias.com.br\/index.php\/2025\/01\/10\/novo-tratamento-usa-som-e-agua-para-eliminar-cancer\/"},"wordCount":290,"commentCount":0,"publisher":{"@id":"https:\/\/jornalfatosenoticias.com.br\/#organization"},"image":{"@id":"https:\/\/jornalfatosenoticias.com.br\/index.php\/2025\/01\/10\/novo-tratamento-usa-som-e-agua-para-eliminar-cancer\/#primaryimage"},"thumbnailUrl":"https:\/\/jornalfatosenoticias.com.br\/wp-content\/uploads\/2025\/01\/cancer_istock.jpg","keywords":["c\u00e2ncer","c\u00e9lulas cancer\u00edgenas","c\u00e9lulas cancerosas","tratamento"],"articleSection":["Sa\u00fade"],"inLanguage":"pt-BR","potentialAction":[{"@type":"CommentAction","name":"Comment","target":["https:\/\/jornalfatosenoticias.com.br\/index.php\/2025\/01\/10\/novo-tratamento-usa-som-e-agua-para-eliminar-cancer\/#respond"]}]},{"@type":"WebPage","@id":"https:\/\/jornalfatosenoticias.com.br\/index.php\/2025\/01\/10\/novo-tratamento-usa-som-e-agua-para-eliminar-cancer\/","url":"https:\/\/jornalfatosenoticias.com.br\/index.php\/2025\/01\/10\/novo-tratamento-usa-som-e-agua-para-eliminar-cancer\/","name":"Novo tratamento usa som e \u00e1gua para eliminar c\u00e2ncer - Jornal Fatos e Not\u00edcias","isPartOf":{"@id":"https:\/\/jornalfatosenoticias.com.br\/#website"},"primaryImageOfPage":{"@id":"https:\/\/jornalfatosenoticias.com.br\/index.php\/2025\/01\/10\/novo-tratamento-usa-som-e-agua-para-eliminar-cancer\/#primaryimage"},"image":{"@id":"https:\/\/jornalfatosenoticias.com.br\/index.php\/2025\/01\/10\/novo-tratamento-usa-som-e-agua-para-eliminar-cancer\/#primaryimage"},"thumbnailUrl":"https:\/\/jornalfatosenoticias.com.br\/wp-content\/uploads\/2025\/01\/cancer_istock.jpg","datePublished":"2025-01-10T15:24:40+00:00","dateModified":"2025-01-10T15:24:41+00:00","breadcrumb":{"@id":"https:\/\/jornalfatosenoticias.com.br\/index.php\/2025\/01\/10\/novo-tratamento-usa-som-e-agua-para-eliminar-cancer\/#breadcrumb"},"inLanguage":"pt-BR","potentialAction":[{"@type":"ReadAction","target":["https:\/\/jornalfatosenoticias.com.br\/index.php\/2025\/01\/10\/novo-tratamento-usa-som-e-agua-para-eliminar-cancer\/"]}]},{"@type":"ImageObject","inLanguage":"pt-BR","@id":"https:\/\/jornalfatosenoticias.com.br\/index.php\/2025\/01\/10\/novo-tratamento-usa-som-e-agua-para-eliminar-cancer\/#primaryimage","url":"https:\/\/jornalfatosenoticias.com.br\/wp-content\/uploads\/2025\/01\/cancer_istock.jpg","contentUrl":"https:\/\/jornalfatosenoticias.com.br\/wp-content\/uploads\/2025\/01\/cancer_istock.jpg","width":612,"height":355,"caption":"Abstract vertical illustration of targeting cancer cell made of glowing neon particles. Blue geometric background depicting cancer cell screening and disease treatment medical concept. Digital vector illustration"},{"@type":"BreadcrumbList","@id":"https:\/\/jornalfatosenoticias.com.br\/index.php\/2025\/01\/10\/novo-tratamento-usa-som-e-agua-para-eliminar-cancer\/#breadcrumb","itemListElement":[{"@type":"ListItem","position":1,"name":"In\u00edcio","item":"https:\/\/jornalfatosenoticias.com.br\/"},{"@type":"ListItem","position":2,"name":"Novo tratamento usa som e \u00e1gua para eliminar c\u00e2ncer"}]},{"@type":"WebSite","@id":"https:\/\/jornalfatosenoticias.com.br\/#website","url":"https:\/\/jornalfatosenoticias.com.br\/","name":"Jornal Fatos e Not\u00edcias","description":"Not\u00edcias em geral","publisher":{"@id":"https:\/\/jornalfatosenoticias.com.br\/#organization"},"potentialAction":[{"@type":"SearchAction","target":{"@type":"EntryPoint","urlTemplate":"https:\/\/jornalfatosenoticias.com.br\/?s={search_term_string}"},"query-input":{"@type":"PropertyValueSpecification","valueRequired":true,"valueName":"search_term_string"}}],"inLanguage":"pt-BR"},{"@type":"Organization","@id":"https:\/\/jornalfatosenoticias.com.br\/#organization","name":"Jornal Fatos e Not\u00edcias","url":"https:\/\/jornalfatosenoticias.com.br\/","logo":{"@type":"ImageObject","inLanguage":"pt-BR","@id":"https:\/\/jornalfatosenoticias.com.br\/#\/schema\/logo\/image\/","url":"https:\/\/jornalfatosenoticias.com.br\/wp-content\/uploads\/2020\/02\/logo120.png","contentUrl":"https:\/\/jornalfatosenoticias.com.br\/wp-content\/uploads\/2020\/02\/logo120.png","width":1227,"height":120,"caption":"Jornal Fatos e Not\u00edcias"},"image":{"@id":"https:\/\/jornalfatosenoticias.com.br\/#\/schema\/logo\/image\/"}},{"@type":"Person","@id":"https:\/\/jornalfatosenoticias.com.br\/#\/schema\/person\/d63837fa13ac8666eb9e74e0985d6f81","name":"Luzimara Fernandes","image":{"@type":"ImageObject","inLanguage":"pt-BR","@id":"https:\/\/jornalfatosenoticias.com.br\/#\/schema\/person\/image\/","url":"https:\/\/jornalfatosenoticias.com.br\/wp-content\/uploads\/2025\/05\/EU_portal.jpg","contentUrl":"https:\/\/jornalfatosenoticias.com.br\/wp-content\/uploads\/2025\/05\/EU_portal.jpg","caption":"Luzimara Fernandes"},"description":"Jornalista MTB 2358-ES","sameAs":["https:\/\/jornalfatosenoticias.com.br"],"url":"https:\/\/jornalfatosenoticias.com.br\/index.php\/author\/luzimara\/"}]}},"cc_featured_image_caption":{"caption_text":"(Foto: iStock) ","source_text":"","source_url":""},"jetpack_featured_media_url":"https:\/\/jornalfatosenoticias.com.br\/wp-content\/uploads\/2025\/01\/cancer_istock.jpg","_links":{"self":[{"href":"https:\/\/jornalfatosenoticias.com.br\/index.php\/wp-json\/wp\/v2\/posts\/56756","targetHints":{"allow":["GET"]}}],"collection":[{"href":"https:\/\/jornalfatosenoticias.com.br\/index.php\/wp-json\/wp\/v2\/posts"}],"about":[{"href":"https:\/\/jornalfatosenoticias.com.br\/index.php\/wp-json\/wp\/v2\/types\/post"}],"author":[{"embeddable":true,"href":"https:\/\/jornalfatosenoticias.com.br\/index.php\/wp-json\/wp\/v2\/users\/2"}],"replies":[{"embeddable":true,"href":"https:\/\/jornalfatosenoticias.com.br\/index.php\/wp-json\/wp\/v2\/comments?post=56756"}],"version-history":[{"count":0,"href":"https:\/\/jornalfatosenoticias.com.br\/index.php\/wp-json\/wp\/v2\/posts\/56756\/revisions"}],"wp:featuredmedia":[{"embeddable":true,"href":"https:\/\/jornalfatosenoticias.com.br\/index.php\/wp-json\/wp\/v2\/media\/56757"}],"wp:attachment":[{"href":"https:\/\/jornalfatosenoticias.com.br\/index.php\/wp-json\/wp\/v2\/media?parent=56756"}],"wp:term":[{"taxonomy":"category","embeddable":true,"href":"https:\/\/jornalfatosenoticias.com.br\/index.php\/wp-json\/wp\/v2\/categories?post=56756"},{"taxonomy":"post_tag","embeddable":true,"href":"https:\/\/jornalfatosenoticias.com.br\/index.php\/wp-json\/wp\/v2\/tags?post=56756"}],"curies":[{"name":"wp","href":"https:\/\/api.w.org\/{rel}","templated":true}]}}