{"id":56759,"date":"2025-01-10T12:30:43","date_gmt":"2025-01-10T15:30:43","guid":{"rendered":"https:\/\/jornalfatosenoticias.com.br\/?p=56759"},"modified":"2025-01-10T12:30:45","modified_gmt":"2025-01-10T15:30:45","slug":"estudo-desmente-que-a-dieta-dos-humanos-primitivos-era-baseada-em-carne","status":"publish","type":"post","link":"https:\/\/jornalfatosenoticias.com.br\/index.php\/2025\/01\/10\/estudo-desmente-que-a-dieta-dos-humanos-primitivos-era-baseada-em-carne\/","title":{"rendered":"Estudo desmente que a dieta dos humanos primitivos era baseada em carne"},"content":{"rendered":"\n<p><em><span class=\"has-inline-color has-black-color\">Evid\u00eancias sugerem que plantas ricas em carboidratos eram um componente essencial na alimenta\u00e7\u00e3o na pr\u00e9-hist\u00f3ria<\/span><\/em><\/p>\n\n\n\n<div class=\"wp-block-image\"><figure class=\"aligncenter size-large\"><a href=\"https:\/\/www.facebook.com\/vetor.vix\/\"><img loading=\"lazy\" decoding=\"async\" width=\"1024\" height=\"273\" src=\"https:\/\/jornalfatosenoticias.com.br\/wp-content\/uploads\/2023\/09\/vetorvix1024_1.jpg\" alt=\"\" class=\"wp-image-44868\" srcset=\"https:\/\/jornalfatosenoticias.com.br\/wp-content\/uploads\/2023\/09\/vetorvix1024_1.jpg 1024w, https:\/\/jornalfatosenoticias.com.br\/wp-content\/uploads\/2023\/09\/vetorvix1024_1-300x80.jpg 300w, https:\/\/jornalfatosenoticias.com.br\/wp-content\/uploads\/2023\/09\/vetorvix1024_1-768x205.jpg 768w\" sizes=\"auto, (max-width: 1024px) 100vw, 1024px\" \/><\/a><\/figure><\/div>\n\n\n\n<p>Pesquisadores identificaram novas evid\u00eancias que mudam tudo o que se sabe sobre dietas pr\u00e9-hist\u00f3ricas. Os dados revelam que plantas ricas em amido eram um componente essencial na alimenta\u00e7\u00e3o dos ca\u00e7adores-coletores de 780 mil anos atr\u00e1s. O estudo, feito ao longo do rio Jord\u00e3o, em Israel, coloca em xeque o consenso de que o consumo de carne era o principal pilar energ\u00e9tico dos primeiros <a href=\"https:\/\/www.canalhistory.com.br\/etiquetas\/hominideos\">homin\u00eddeos<\/a>.<br>A pesquisa, publicada na revista Proceedings of the National Academy of Sciences (PNAS), analisou gr\u00e3os de amido encontrados em ferramentas de basalto no s\u00edtio arqueol\u00f3gico de Gesher Benot Ya\u2019akov. Al\u00e9m de camadas de ocupa\u00e7\u00e3o, o local preservou f\u00f3sseis de animais, sementes e frutos, proporcionando uma vis\u00e3o ampla da intera\u00e7\u00e3o dos humanos primitivos com seu ambiente.<\/p>\n\n\n\n<div class=\"wp-block-image\"><figure class=\"aligncenter size-large is-resized\"><a href=\"https:\/\/www.controlsystems.com.br\/\"><img loading=\"lazy\" decoding=\"async\" src=\"https:\/\/jornalfatosenoticias.com.br\/wp-content\/uploads\/2020\/02\/CONTROL-CS.jpg\" alt=\"\" class=\"wp-image-44991\" width=\"335\" height=\"401\" srcset=\"https:\/\/jornalfatosenoticias.com.br\/wp-content\/uploads\/2020\/02\/CONTROL-CS.jpg 834w, https:\/\/jornalfatosenoticias.com.br\/wp-content\/uploads\/2020\/02\/CONTROL-CS-250x300.jpg 250w, https:\/\/jornalfatosenoticias.com.br\/wp-content\/uploads\/2020\/02\/CONTROL-CS-768x921.jpg 768w\" sizes=\"auto, (max-width: 335px) 100vw, 335px\" \/><\/a><\/figure><\/div>\n\n\n\n<p>A pesquisa contradiz a ideia de que dietas pr\u00e9-hist\u00f3ricas eram baseadas em prote\u00ednas animais, como sugere a popular &#8220;dieta paleol\u00edtica&#8221;. A an\u00e1lise detalhada das ferramentas revelou tra\u00e7os de tub\u00e9rculos, cereais, nozes e plantas aqu\u00e1ticas, elementos ricos em carboidratos cruciais para o desenvolvimento do c\u00e9rebro humano.<\/p>\n\n\n\n<div class=\"wp-block-image\"><figure class=\"aligncenter size-large\"><a href=\"http:\/\/www.ferrarimaquinas.com.br\/\"><img loading=\"lazy\" decoding=\"async\" width=\"300\" height=\"250\" src=\"https:\/\/jornalfatosenoticias.com.br\/wp-content\/uploads\/2022\/02\/FERRARI_MAQUINAS-E-FERRAMENTAS2.jpg\" alt=\"\" class=\"wp-image-27860\"\/><\/a><\/figure><\/div>\n\n\n\n<blockquote class=\"wp-block-quote is-layout-flow wp-block-quote-is-layout-flow\"><p><span class=\"has-inline-color has-luminous-vivid-orange-color\">Esta descoberta ressalta a import\u00e2ncia das plantas na evolu\u00e7\u00e3o dos nossos ancestrais&#8221;, afirmou Hadar Ahituv, l\u00edder do estudo e pesquisador da Universidade Bar-Ilan. &#8220;Agora entendemos que os homin\u00eddeos coletavam e processavam uma ampla variedade de plantas ao longo do ano, utilizando ferramentas de basalto&#8221;, completou.<\/span><\/p><\/blockquote>\n\n\n\n<div class=\"wp-block-image\"><figure class=\"aligncenter size-large\"><a href=\"https:\/\/cesconetto.com.br\/\"><img loading=\"lazy\" decoding=\"async\" width=\"300\" height=\"250\" src=\"https:\/\/jornalfatosenoticias.com.br\/wp-content\/uploads\/2020\/02\/Banner-2.png\" alt=\"\" class=\"wp-image-43787\"\/><\/a><\/figure><\/div>\n\n\n\n<p>Al\u00e9m de refor\u00e7ar a import\u00e2ncia das plantas, o estudo revela m\u00e9todos sofisticados de processamento e sugere que essas pr\u00e1ticas exigiam coopera\u00e7\u00e3o social e um profundo conhecimento ambiental. A descoberta representa um marco na arqueologia, oferecendo novas perspectivas sobre os h\u00e1bitos alimentares e a evolu\u00e7\u00e3o cognitiva dos primeiros seres humanos.<\/p>\n\n\n\n<div class=\"wp-block-image\"><figure class=\"aligncenter size-large is-resized\"><a href=\"https:\/\/hotelmarquetti.com.br\/\"><img loading=\"lazy\" decoding=\"async\" src=\"https:\/\/jornalfatosenoticias.com.br\/wp-content\/uploads\/2020\/02\/nova-logo-Marquetti.jpg\" alt=\"\" class=\"wp-image-22331\" width=\"336\" height=\"226\" srcset=\"https:\/\/jornalfatosenoticias.com.br\/wp-content\/uploads\/2020\/02\/nova-logo-Marquetti.jpg 643w, https:\/\/jornalfatosenoticias.com.br\/wp-content\/uploads\/2020\/02\/nova-logo-Marquetti-300x202.jpg 300w\" sizes=\"auto, (max-width: 336px) 100vw, 336px\" \/><\/a><\/figure><\/div>\n\n\n\n<p><strong><em>Fonte: <a href=\"https:\/\/www.canalhistory.com.br\/historia-geral\/estudo-desmente-que-dieta-dos-humanos-primitivos-era-baseada-em-carne\">History Channel Brasil<\/a><\/em><\/strong><\/p>\n","protected":false},"excerpt":{"rendered":"<p>Evid\u00eancias sugerem que plantas ricas em carboidratos eram um componente essencial na alimenta\u00e7\u00e3o na pr\u00e9-hist\u00f3ria Pesquisadores identificaram novas evid\u00eancias que mudam tudo o que se sabe sobre dietas pr\u00e9-hist\u00f3ricas. Os dados revelam que plantas ricas em amido eram um componente essencial na alimenta\u00e7\u00e3o dos ca\u00e7adores-coletores de 780 mil anos atr\u00e1s. O estudo, feito ao longo [&hellip;]<\/p>\n","protected":false},"author":2,"featured_media":56760,"comment_status":"open","ping_status":"open","sticky":false,"template":"","format":"standard","meta":{"footnotes":""},"categories":[9808],"tags":[1478,25894,714,20783,162,220],"class_list":["post-56759","post","type-post","status-publish","format-standard","has-post-thumbnail","hentry","category-paleo-arqueologia","tag-arqueologia","tag-dieta-paleolitica","tag-estudo","tag-hominideos","tag-israel","tag-pre-historia"],"yoast_head":"<!-- This site is optimized with the Yoast SEO plugin v26.5 - https:\/\/yoast.com\/wordpress\/plugins\/seo\/ -->\n<title>Estudo desmente que a dieta dos humanos primitivos era baseada em carne - Jornal Fatos e Not\u00edcias<\/title>\n<meta name=\"robots\" content=\"index, follow, max-snippet:-1, max-image-preview:large, max-video-preview:-1\" \/>\n<link rel=\"canonical\" href=\"https:\/\/jornalfatosenoticias.com.br\/index.php\/2025\/01\/10\/estudo-desmente-que-a-dieta-dos-humanos-primitivos-era-baseada-em-carne\/\" \/>\n<meta property=\"og:locale\" content=\"pt_BR\" \/>\n<meta property=\"og:type\" content=\"article\" \/>\n<meta property=\"og:title\" content=\"Estudo desmente que a dieta dos humanos primitivos era baseada em carne - Jornal Fatos e Not\u00edcias\" \/>\n<meta property=\"og:description\" content=\"Evid\u00eancias sugerem que plantas ricas em carboidratos eram um componente essencial na alimenta\u00e7\u00e3o na pr\u00e9-hist\u00f3ria Pesquisadores identificaram novas evid\u00eancias que mudam tudo o que se sabe sobre dietas pr\u00e9-hist\u00f3ricas. Os dados revelam que plantas ricas em amido eram um componente essencial na alimenta\u00e7\u00e3o dos ca\u00e7adores-coletores de 780 mil anos atr\u00e1s. O estudo, feito ao longo [&hellip;]\" \/>\n<meta property=\"og:url\" content=\"https:\/\/jornalfatosenoticias.com.br\/index.php\/2025\/01\/10\/estudo-desmente-que-a-dieta-dos-humanos-primitivos-era-baseada-em-carne\/\" \/>\n<meta property=\"og:site_name\" content=\"Jornal Fatos e Not\u00edcias\" \/>\n<meta property=\"article:published_time\" content=\"2025-01-10T15:30:43+00:00\" \/>\n<meta property=\"article:modified_time\" content=\"2025-01-10T15:30:45+00:00\" \/>\n<meta property=\"og:image\" content=\"https:\/\/jornalfatosenoticias.com.br\/wp-content\/uploads\/2025\/01\/Humanos-pre-historicos-Caverna-Fogueira-istock.jpg\" \/>\n\t<meta property=\"og:image:width\" content=\"1000\" \/>\n\t<meta property=\"og:image:height\" content=\"583\" \/>\n\t<meta property=\"og:image:type\" content=\"image\/jpeg\" \/>\n<meta name=\"author\" content=\"Luzimara Fernandes\" \/>\n<meta name=\"twitter:card\" content=\"summary_large_image\" \/>\n<meta name=\"twitter:label1\" content=\"Escrito por\" \/>\n\t<meta name=\"twitter:data1\" content=\"Luzimara Fernandes\" \/>\n\t<meta name=\"twitter:label2\" content=\"Est. tempo de leitura\" \/>\n\t<meta name=\"twitter:data2\" content=\"2 minutos\" \/>\n<script type=\"application\/ld+json\" class=\"yoast-schema-graph\">{\"@context\":\"https:\/\/schema.org\",\"@graph\":[{\"@type\":\"Article\",\"@id\":\"https:\/\/jornalfatosenoticias.com.br\/index.php\/2025\/01\/10\/estudo-desmente-que-a-dieta-dos-humanos-primitivos-era-baseada-em-carne\/#article\",\"isPartOf\":{\"@id\":\"https:\/\/jornalfatosenoticias.com.br\/index.php\/2025\/01\/10\/estudo-desmente-que-a-dieta-dos-humanos-primitivos-era-baseada-em-carne\/\"},\"author\":{\"name\":\"Luzimara Fernandes\",\"@id\":\"https:\/\/jornalfatosenoticias.com.br\/#\/schema\/person\/d63837fa13ac8666eb9e74e0985d6f81\"},\"headline\":\"Estudo desmente que a dieta dos humanos primitivos era baseada em carne\",\"datePublished\":\"2025-01-10T15:30:43+00:00\",\"dateModified\":\"2025-01-10T15:30:45+00:00\",\"mainEntityOfPage\":{\"@id\":\"https:\/\/jornalfatosenoticias.com.br\/index.php\/2025\/01\/10\/estudo-desmente-que-a-dieta-dos-humanos-primitivos-era-baseada-em-carne\/\"},\"wordCount\":331,\"commentCount\":0,\"publisher\":{\"@id\":\"https:\/\/jornalfatosenoticias.com.br\/#organization\"},\"image\":{\"@id\":\"https:\/\/jornalfatosenoticias.com.br\/index.php\/2025\/01\/10\/estudo-desmente-que-a-dieta-dos-humanos-primitivos-era-baseada-em-carne\/#primaryimage\"},\"thumbnailUrl\":\"https:\/\/jornalfatosenoticias.com.br\/wp-content\/uploads\/2025\/01\/Humanos-pre-historicos-Caverna-Fogueira-istock.jpg\",\"keywords\":[\"arqueologia\",\"dieta paleol\u00edtica\",\"Estudo\",\"homin\u00eddeos\",\"Israel\",\"pr\u00e9-hist\u00f3ria\"],\"articleSection\":[\"Paleo &amp; Arqueologia\"],\"inLanguage\":\"pt-BR\",\"potentialAction\":[{\"@type\":\"CommentAction\",\"name\":\"Comment\",\"target\":[\"https:\/\/jornalfatosenoticias.com.br\/index.php\/2025\/01\/10\/estudo-desmente-que-a-dieta-dos-humanos-primitivos-era-baseada-em-carne\/#respond\"]}]},{\"@type\":\"WebPage\",\"@id\":\"https:\/\/jornalfatosenoticias.com.br\/index.php\/2025\/01\/10\/estudo-desmente-que-a-dieta-dos-humanos-primitivos-era-baseada-em-carne\/\",\"url\":\"https:\/\/jornalfatosenoticias.com.br\/index.php\/2025\/01\/10\/estudo-desmente-que-a-dieta-dos-humanos-primitivos-era-baseada-em-carne\/\",\"name\":\"Estudo desmente que a dieta dos humanos primitivos era baseada em carne - Jornal Fatos e Not\u00edcias\",\"isPartOf\":{\"@id\":\"https:\/\/jornalfatosenoticias.com.br\/#website\"},\"primaryImageOfPage\":{\"@id\":\"https:\/\/jornalfatosenoticias.com.br\/index.php\/2025\/01\/10\/estudo-desmente-que-a-dieta-dos-humanos-primitivos-era-baseada-em-carne\/#primaryimage\"},\"image\":{\"@id\":\"https:\/\/jornalfatosenoticias.com.br\/index.php\/2025\/01\/10\/estudo-desmente-que-a-dieta-dos-humanos-primitivos-era-baseada-em-carne\/#primaryimage\"},\"thumbnailUrl\":\"https:\/\/jornalfatosenoticias.com.br\/wp-content\/uploads\/2025\/01\/Humanos-pre-historicos-Caverna-Fogueira-istock.jpg\",\"datePublished\":\"2025-01-10T15:30:43+00:00\",\"dateModified\":\"2025-01-10T15:30:45+00:00\",\"breadcrumb\":{\"@id\":\"https:\/\/jornalfatosenoticias.com.br\/index.php\/2025\/01\/10\/estudo-desmente-que-a-dieta-dos-humanos-primitivos-era-baseada-em-carne\/#breadcrumb\"},\"inLanguage\":\"pt-BR\",\"potentialAction\":[{\"@type\":\"ReadAction\",\"target\":[\"https:\/\/jornalfatosenoticias.com.br\/index.php\/2025\/01\/10\/estudo-desmente-que-a-dieta-dos-humanos-primitivos-era-baseada-em-carne\/\"]}]},{\"@type\":\"ImageObject\",\"inLanguage\":\"pt-BR\",\"@id\":\"https:\/\/jornalfatosenoticias.com.br\/index.php\/2025\/01\/10\/estudo-desmente-que-a-dieta-dos-humanos-primitivos-era-baseada-em-carne\/#primaryimage\",\"url\":\"https:\/\/jornalfatosenoticias.com.br\/wp-content\/uploads\/2025\/01\/Humanos-pre-historicos-Caverna-Fogueira-istock.jpg\",\"contentUrl\":\"https:\/\/jornalfatosenoticias.com.br\/wp-content\/uploads\/2025\/01\/Humanos-pre-historicos-Caverna-Fogueira-istock.jpg\",\"width\":1000,\"height\":583},{\"@type\":\"BreadcrumbList\",\"@id\":\"https:\/\/jornalfatosenoticias.com.br\/index.php\/2025\/01\/10\/estudo-desmente-que-a-dieta-dos-humanos-primitivos-era-baseada-em-carne\/#breadcrumb\",\"itemListElement\":[{\"@type\":\"ListItem\",\"position\":1,\"name\":\"In\u00edcio\",\"item\":\"https:\/\/jornalfatosenoticias.com.br\/\"},{\"@type\":\"ListItem\",\"position\":2,\"name\":\"Estudo desmente que a dieta dos humanos primitivos era baseada em carne\"}]},{\"@type\":\"WebSite\",\"@id\":\"https:\/\/jornalfatosenoticias.com.br\/#website\",\"url\":\"https:\/\/jornalfatosenoticias.com.br\/\",\"name\":\"Jornal Fatos e Not\u00edcias\",\"description\":\"Not\u00edcias em geral\",\"publisher\":{\"@id\":\"https:\/\/jornalfatosenoticias.com.br\/#organization\"},\"potentialAction\":[{\"@type\":\"SearchAction\",\"target\":{\"@type\":\"EntryPoint\",\"urlTemplate\":\"https:\/\/jornalfatosenoticias.com.br\/?s={search_term_string}\"},\"query-input\":{\"@type\":\"PropertyValueSpecification\",\"valueRequired\":true,\"valueName\":\"search_term_string\"}}],\"inLanguage\":\"pt-BR\"},{\"@type\":\"Organization\",\"@id\":\"https:\/\/jornalfatosenoticias.com.br\/#organization\",\"name\":\"Jornal Fatos e Not\u00edcias\",\"url\":\"https:\/\/jornalfatosenoticias.com.br\/\",\"logo\":{\"@type\":\"ImageObject\",\"inLanguage\":\"pt-BR\",\"@id\":\"https:\/\/jornalfatosenoticias.com.br\/#\/schema\/logo\/image\/\",\"url\":\"https:\/\/jornalfatosenoticias.com.br\/wp-content\/uploads\/2020\/02\/logo120.png\",\"contentUrl\":\"https:\/\/jornalfatosenoticias.com.br\/wp-content\/uploads\/2020\/02\/logo120.png\",\"width\":1227,\"height\":120,\"caption\":\"Jornal Fatos e Not\u00edcias\"},\"image\":{\"@id\":\"https:\/\/jornalfatosenoticias.com.br\/#\/schema\/logo\/image\/\"}},{\"@type\":\"Person\",\"@id\":\"https:\/\/jornalfatosenoticias.com.br\/#\/schema\/person\/d63837fa13ac8666eb9e74e0985d6f81\",\"name\":\"Luzimara Fernandes\",\"image\":{\"@type\":\"ImageObject\",\"inLanguage\":\"pt-BR\",\"@id\":\"https:\/\/jornalfatosenoticias.com.br\/#\/schema\/person\/image\/\",\"url\":\"https:\/\/jornalfatosenoticias.com.br\/wp-content\/uploads\/2025\/05\/EU_portal.jpg\",\"contentUrl\":\"https:\/\/jornalfatosenoticias.com.br\/wp-content\/uploads\/2025\/05\/EU_portal.jpg\",\"caption\":\"Luzimara Fernandes\"},\"description\":\"Jornalista MTB 2358-ES\",\"sameAs\":[\"https:\/\/jornalfatosenoticias.com.br\"],\"url\":\"https:\/\/jornalfatosenoticias.com.br\/index.php\/author\/luzimara\/\"}]}<\/script>\n<!-- \/ Yoast SEO plugin. -->","yoast_head_json":{"title":"Estudo desmente que a dieta dos humanos primitivos era baseada em carne - Jornal Fatos e Not\u00edcias","robots":{"index":"index","follow":"follow","max-snippet":"max-snippet:-1","max-image-preview":"max-image-preview:large","max-video-preview":"max-video-preview:-1"},"canonical":"https:\/\/jornalfatosenoticias.com.br\/index.php\/2025\/01\/10\/estudo-desmente-que-a-dieta-dos-humanos-primitivos-era-baseada-em-carne\/","og_locale":"pt_BR","og_type":"article","og_title":"Estudo desmente que a dieta dos humanos primitivos era baseada em carne - Jornal Fatos e Not\u00edcias","og_description":"Evid\u00eancias sugerem que plantas ricas em carboidratos eram um componente essencial na alimenta\u00e7\u00e3o na pr\u00e9-hist\u00f3ria Pesquisadores identificaram novas evid\u00eancias que mudam tudo o que se sabe sobre dietas pr\u00e9-hist\u00f3ricas. Os dados revelam que plantas ricas em amido eram um componente essencial na alimenta\u00e7\u00e3o dos ca\u00e7adores-coletores de 780 mil anos atr\u00e1s. O estudo, feito ao longo [&hellip;]","og_url":"https:\/\/jornalfatosenoticias.com.br\/index.php\/2025\/01\/10\/estudo-desmente-que-a-dieta-dos-humanos-primitivos-era-baseada-em-carne\/","og_site_name":"Jornal Fatos e Not\u00edcias","article_published_time":"2025-01-10T15:30:43+00:00","article_modified_time":"2025-01-10T15:30:45+00:00","og_image":[{"width":1000,"height":583,"url":"https:\/\/jornalfatosenoticias.com.br\/wp-content\/uploads\/2025\/01\/Humanos-pre-historicos-Caverna-Fogueira-istock.jpg","type":"image\/jpeg"}],"author":"Luzimara Fernandes","twitter_card":"summary_large_image","twitter_misc":{"Escrito por":"Luzimara Fernandes","Est. tempo de leitura":"2 minutos"},"schema":{"@context":"https:\/\/schema.org","@graph":[{"@type":"Article","@id":"https:\/\/jornalfatosenoticias.com.br\/index.php\/2025\/01\/10\/estudo-desmente-que-a-dieta-dos-humanos-primitivos-era-baseada-em-carne\/#article","isPartOf":{"@id":"https:\/\/jornalfatosenoticias.com.br\/index.php\/2025\/01\/10\/estudo-desmente-que-a-dieta-dos-humanos-primitivos-era-baseada-em-carne\/"},"author":{"name":"Luzimara Fernandes","@id":"https:\/\/jornalfatosenoticias.com.br\/#\/schema\/person\/d63837fa13ac8666eb9e74e0985d6f81"},"headline":"Estudo desmente que a dieta dos humanos primitivos era baseada em carne","datePublished":"2025-01-10T15:30:43+00:00","dateModified":"2025-01-10T15:30:45+00:00","mainEntityOfPage":{"@id":"https:\/\/jornalfatosenoticias.com.br\/index.php\/2025\/01\/10\/estudo-desmente-que-a-dieta-dos-humanos-primitivos-era-baseada-em-carne\/"},"wordCount":331,"commentCount":0,"publisher":{"@id":"https:\/\/jornalfatosenoticias.com.br\/#organization"},"image":{"@id":"https:\/\/jornalfatosenoticias.com.br\/index.php\/2025\/01\/10\/estudo-desmente-que-a-dieta-dos-humanos-primitivos-era-baseada-em-carne\/#primaryimage"},"thumbnailUrl":"https:\/\/jornalfatosenoticias.com.br\/wp-content\/uploads\/2025\/01\/Humanos-pre-historicos-Caverna-Fogueira-istock.jpg","keywords":["arqueologia","dieta paleol\u00edtica","Estudo","homin\u00eddeos","Israel","pr\u00e9-hist\u00f3ria"],"articleSection":["Paleo &amp; Arqueologia"],"inLanguage":"pt-BR","potentialAction":[{"@type":"CommentAction","name":"Comment","target":["https:\/\/jornalfatosenoticias.com.br\/index.php\/2025\/01\/10\/estudo-desmente-que-a-dieta-dos-humanos-primitivos-era-baseada-em-carne\/#respond"]}]},{"@type":"WebPage","@id":"https:\/\/jornalfatosenoticias.com.br\/index.php\/2025\/01\/10\/estudo-desmente-que-a-dieta-dos-humanos-primitivos-era-baseada-em-carne\/","url":"https:\/\/jornalfatosenoticias.com.br\/index.php\/2025\/01\/10\/estudo-desmente-que-a-dieta-dos-humanos-primitivos-era-baseada-em-carne\/","name":"Estudo desmente que a dieta dos humanos primitivos era baseada em carne - Jornal Fatos e Not\u00edcias","isPartOf":{"@id":"https:\/\/jornalfatosenoticias.com.br\/#website"},"primaryImageOfPage":{"@id":"https:\/\/jornalfatosenoticias.com.br\/index.php\/2025\/01\/10\/estudo-desmente-que-a-dieta-dos-humanos-primitivos-era-baseada-em-carne\/#primaryimage"},"image":{"@id":"https:\/\/jornalfatosenoticias.com.br\/index.php\/2025\/01\/10\/estudo-desmente-que-a-dieta-dos-humanos-primitivos-era-baseada-em-carne\/#primaryimage"},"thumbnailUrl":"https:\/\/jornalfatosenoticias.com.br\/wp-content\/uploads\/2025\/01\/Humanos-pre-historicos-Caverna-Fogueira-istock.jpg","datePublished":"2025-01-10T15:30:43+00:00","dateModified":"2025-01-10T15:30:45+00:00","breadcrumb":{"@id":"https:\/\/jornalfatosenoticias.com.br\/index.php\/2025\/01\/10\/estudo-desmente-que-a-dieta-dos-humanos-primitivos-era-baseada-em-carne\/#breadcrumb"},"inLanguage":"pt-BR","potentialAction":[{"@type":"ReadAction","target":["https:\/\/jornalfatosenoticias.com.br\/index.php\/2025\/01\/10\/estudo-desmente-que-a-dieta-dos-humanos-primitivos-era-baseada-em-carne\/"]}]},{"@type":"ImageObject","inLanguage":"pt-BR","@id":"https:\/\/jornalfatosenoticias.com.br\/index.php\/2025\/01\/10\/estudo-desmente-que-a-dieta-dos-humanos-primitivos-era-baseada-em-carne\/#primaryimage","url":"https:\/\/jornalfatosenoticias.com.br\/wp-content\/uploads\/2025\/01\/Humanos-pre-historicos-Caverna-Fogueira-istock.jpg","contentUrl":"https:\/\/jornalfatosenoticias.com.br\/wp-content\/uploads\/2025\/01\/Humanos-pre-historicos-Caverna-Fogueira-istock.jpg","width":1000,"height":583},{"@type":"BreadcrumbList","@id":"https:\/\/jornalfatosenoticias.com.br\/index.php\/2025\/01\/10\/estudo-desmente-que-a-dieta-dos-humanos-primitivos-era-baseada-em-carne\/#breadcrumb","itemListElement":[{"@type":"ListItem","position":1,"name":"In\u00edcio","item":"https:\/\/jornalfatosenoticias.com.br\/"},{"@type":"ListItem","position":2,"name":"Estudo desmente que a dieta dos humanos primitivos era baseada em carne"}]},{"@type":"WebSite","@id":"https:\/\/jornalfatosenoticias.com.br\/#website","url":"https:\/\/jornalfatosenoticias.com.br\/","name":"Jornal Fatos e Not\u00edcias","description":"Not\u00edcias em geral","publisher":{"@id":"https:\/\/jornalfatosenoticias.com.br\/#organization"},"potentialAction":[{"@type":"SearchAction","target":{"@type":"EntryPoint","urlTemplate":"https:\/\/jornalfatosenoticias.com.br\/?s={search_term_string}"},"query-input":{"@type":"PropertyValueSpecification","valueRequired":true,"valueName":"search_term_string"}}],"inLanguage":"pt-BR"},{"@type":"Organization","@id":"https:\/\/jornalfatosenoticias.com.br\/#organization","name":"Jornal Fatos e Not\u00edcias","url":"https:\/\/jornalfatosenoticias.com.br\/","logo":{"@type":"ImageObject","inLanguage":"pt-BR","@id":"https:\/\/jornalfatosenoticias.com.br\/#\/schema\/logo\/image\/","url":"https:\/\/jornalfatosenoticias.com.br\/wp-content\/uploads\/2020\/02\/logo120.png","contentUrl":"https:\/\/jornalfatosenoticias.com.br\/wp-content\/uploads\/2020\/02\/logo120.png","width":1227,"height":120,"caption":"Jornal Fatos e Not\u00edcias"},"image":{"@id":"https:\/\/jornalfatosenoticias.com.br\/#\/schema\/logo\/image\/"}},{"@type":"Person","@id":"https:\/\/jornalfatosenoticias.com.br\/#\/schema\/person\/d63837fa13ac8666eb9e74e0985d6f81","name":"Luzimara Fernandes","image":{"@type":"ImageObject","inLanguage":"pt-BR","@id":"https:\/\/jornalfatosenoticias.com.br\/#\/schema\/person\/image\/","url":"https:\/\/jornalfatosenoticias.com.br\/wp-content\/uploads\/2025\/05\/EU_portal.jpg","contentUrl":"https:\/\/jornalfatosenoticias.com.br\/wp-content\/uploads\/2025\/05\/EU_portal.jpg","caption":"Luzimara Fernandes"},"description":"Jornalista MTB 2358-ES","sameAs":["https:\/\/jornalfatosenoticias.com.br"],"url":"https:\/\/jornalfatosenoticias.com.br\/index.php\/author\/luzimara\/"}]}},"cc_featured_image_caption":{"caption_text":"(Foto: iStock) ","source_text":"","source_url":""},"jetpack_featured_media_url":"https:\/\/jornalfatosenoticias.com.br\/wp-content\/uploads\/2025\/01\/Humanos-pre-historicos-Caverna-Fogueira-istock.jpg","_links":{"self":[{"href":"https:\/\/jornalfatosenoticias.com.br\/index.php\/wp-json\/wp\/v2\/posts\/56759","targetHints":{"allow":["GET"]}}],"collection":[{"href":"https:\/\/jornalfatosenoticias.com.br\/index.php\/wp-json\/wp\/v2\/posts"}],"about":[{"href":"https:\/\/jornalfatosenoticias.com.br\/index.php\/wp-json\/wp\/v2\/types\/post"}],"author":[{"embeddable":true,"href":"https:\/\/jornalfatosenoticias.com.br\/index.php\/wp-json\/wp\/v2\/users\/2"}],"replies":[{"embeddable":true,"href":"https:\/\/jornalfatosenoticias.com.br\/index.php\/wp-json\/wp\/v2\/comments?post=56759"}],"version-history":[{"count":0,"href":"https:\/\/jornalfatosenoticias.com.br\/index.php\/wp-json\/wp\/v2\/posts\/56759\/revisions"}],"wp:featuredmedia":[{"embeddable":true,"href":"https:\/\/jornalfatosenoticias.com.br\/index.php\/wp-json\/wp\/v2\/media\/56760"}],"wp:attachment":[{"href":"https:\/\/jornalfatosenoticias.com.br\/index.php\/wp-json\/wp\/v2\/media?parent=56759"}],"wp:term":[{"taxonomy":"category","embeddable":true,"href":"https:\/\/jornalfatosenoticias.com.br\/index.php\/wp-json\/wp\/v2\/categories?post=56759"},{"taxonomy":"post_tag","embeddable":true,"href":"https:\/\/jornalfatosenoticias.com.br\/index.php\/wp-json\/wp\/v2\/tags?post=56759"}],"curies":[{"name":"wp","href":"https:\/\/api.w.org\/{rel}","templated":true}]}}