{"id":56762,"date":"2025-01-10T12:38:43","date_gmt":"2025-01-10T15:38:43","guid":{"rendered":"https:\/\/jornalfatosenoticias.com.br\/?p=56762"},"modified":"2025-01-10T12:38:44","modified_gmt":"2025-01-10T15:38:44","slug":"comercio-ilegal-de-suculentas-desafia-conservacao-ambiental-na-africa-do-sul","status":"publish","type":"post","link":"https:\/\/jornalfatosenoticias.com.br\/index.php\/2025\/01\/10\/comercio-ilegal-de-suculentas-desafia-conservacao-ambiental-na-africa-do-sul\/","title":{"rendered":"Com\u00e9rcio ilegal de suculentas desafia conserva\u00e7\u00e3o ambiental na \u00c1frica do Sul"},"content":{"rendered":"\n<p><em><span class=\"has-inline-color has-black-color\">Prote\u00e7\u00e3o de plantas raras exige estrat\u00e9gias que integrem comunidades locais e conserva\u00e7\u00e3o sustent\u00e1vel<\/span><\/em><\/p>\n\n\n\n<p><span class=\"has-inline-color has-black-color\">Por <strong>Stella Legnaioli<\/strong><\/span><\/p>\n\n\n\n<div class=\"wp-block-image\"><figure class=\"aligncenter size-large\"><a href=\"https:\/\/www.instagram.com\/vmais.midias\/\"><img loading=\"lazy\" decoding=\"async\" width=\"1024\" height=\"110\" src=\"https:\/\/jornalfatosenoticias.com.br\/wp-content\/uploads\/2020\/02\/DE-MAIS-DESTAQUE-VMAIS-1120X120-1024x110.png\" alt=\"\" class=\"wp-image-53110\" srcset=\"https:\/\/jornalfatosenoticias.com.br\/wp-content\/uploads\/2020\/02\/DE-MAIS-DESTAQUE-VMAIS-1120X120-1024x110.png 1024w, https:\/\/jornalfatosenoticias.com.br\/wp-content\/uploads\/2020\/02\/DE-MAIS-DESTAQUE-VMAIS-1120X120-300x32.png 300w, https:\/\/jornalfatosenoticias.com.br\/wp-content\/uploads\/2020\/02\/DE-MAIS-DESTAQUE-VMAIS-1120X120-768x82.png 768w, https:\/\/jornalfatosenoticias.com.br\/wp-content\/uploads\/2020\/02\/DE-MAIS-DESTAQUE-VMAIS-1120X120.png 1120w\" sizes=\"auto, (max-width: 1024px) 100vw, 1024px\" \/><\/a><\/figure><\/div>\n\n\n\n<p>No \u00e1rido bioma Karoo, na \u00c1frica do Sul, um dos maiores hotspots de biodiversidade do mundo, as suculentas enfrentam uma amea\u00e7a crescente: o com\u00e9rcio ilegal. Essas plantas, conhecidas por suas formas incomuns e resist\u00eancia em ambientes hostis, est\u00e3o sendo extra\u00eddas em massa, abastecendo um mercado internacional impulsionado pelas redes sociais e pelo aumento da demanda por cole\u00e7\u00f5es raras. Desde 2019, mais de um milh\u00e3o de suculentas foram retiradas ilegalmente de seus habitats, comprometendo n\u00e3o apenas o equil\u00edbrio ecol\u00f3gico, mas tamb\u00e9m a subsist\u00eancia de comunidades locais.<br>O Karoo, que se estende por partes das prov\u00edncias de Cabo Ocidental e Cabo Setentrional, abriga mais de seis mil esp\u00e9cies de plantas, das quais 40% n\u00e3o existem em nenhum outro lugar do mundo. Algumas dessas plantas, como Conophytum e Lithops, crescem t\u00e3o lentamente que podem levar s\u00e9culos para se desenvolver plenamente. Esse ritmo de crescimento as torna especialmente vulner\u00e1veis ao com\u00e9rcio ilegal, que as remove de maneira insustent\u00e1vel para atender \u00e0 demanda de colecionadores internacionais.<\/p>\n\n\n\n<div class=\"wp-block-image\"><figure class=\"aligncenter size-large is-resized\"><a href=\"https:\/\/www.facebook.com\/profile.php?id=100069289606145\"><img loading=\"lazy\" decoding=\"async\" src=\"https:\/\/jornalfatosenoticias.com.br\/wp-content\/uploads\/2024\/11\/Guaitolini-Contabilidade-1024x714.jpeg\" alt=\"\" class=\"wp-image-55808\" width=\"346\" height=\"241\" srcset=\"https:\/\/jornalfatosenoticias.com.br\/wp-content\/uploads\/2024\/11\/Guaitolini-Contabilidade-1024x714.jpeg 1024w, https:\/\/jornalfatosenoticias.com.br\/wp-content\/uploads\/2024\/11\/Guaitolini-Contabilidade-300x209.jpeg 300w, https:\/\/jornalfatosenoticias.com.br\/wp-content\/uploads\/2024\/11\/Guaitolini-Contabilidade-768x535.jpeg 768w, https:\/\/jornalfatosenoticias.com.br\/wp-content\/uploads\/2024\/11\/Guaitolini-Contabilidade.jpeg 1280w\" sizes=\"auto, (max-width: 346px) 100vw, 346px\" \/><\/a><\/figure><\/div>\n\n\n\n<p>Enquanto plantas suculentas s\u00e3o cobi\u00e7adas em cole\u00e7\u00f5es privadas ao redor do mundo, as comunidades que tradicionalmente utilizam essas plantas para fins culturais e medicinais frequentemente s\u00e3o exclu\u00eddas dos benef\u00edcios econ\u00f4micos gerados. A regulamenta\u00e7\u00e3o existente, que inclui o <em>National Environmental Management: Biodiversity Act <\/em>e normas espec\u00edficas para esp\u00e9cies amea\u00e7adas, n\u00e3o tem sido suficiente para conter as pr\u00e1ticas ilegais. Relat\u00f3rios recentes indicam que a coleta clandestina aumentou drasticamente nos \u00faltimos anos, levando algumas esp\u00e9cies \u00e0 extin\u00e7\u00e3o funcional, quando popula\u00e7\u00f5es selvagens j\u00e1 n\u00e3o conseguem se reproduzir naturalmente.<\/p>\n\n\n\n<div class=\"wp-block-image\"><figure class=\"aligncenter size-large is-resized\"><a href=\"https:\/\/www.instagram.com\/serra4x4cambioautomatico\/\"><img loading=\"lazy\" decoding=\"async\" src=\"https:\/\/jornalfatosenoticias.com.br\/wp-content\/uploads\/2024\/08\/Serra-4x4-1-886x1024.jpg\" alt=\"\" class=\"wp-image-53632\" width=\"312\" height=\"360\" srcset=\"https:\/\/jornalfatosenoticias.com.br\/wp-content\/uploads\/2024\/08\/Serra-4x4-1-886x1024.jpg 886w, https:\/\/jornalfatosenoticias.com.br\/wp-content\/uploads\/2024\/08\/Serra-4x4-1-260x300.jpg 260w, https:\/\/jornalfatosenoticias.com.br\/wp-content\/uploads\/2024\/08\/Serra-4x4-1-768x888.jpg 768w, https:\/\/jornalfatosenoticias.com.br\/wp-content\/uploads\/2024\/08\/Serra-4x4-1.jpg 1181w\" sizes=\"auto, (max-width: 312px) 100vw, 312px\" \/><\/a><\/figure><\/div>\n\n\n\n<p>A ideia de uma \u201cmilitariza\u00e7\u00e3o verde\u201d, estrat\u00e9gia usada contra a ca\u00e7a ilegal de rinocerontes, tamb\u00e9m tem sido debatida para enfrentar o com\u00e9rcio de suculentas. No entanto, experi\u00eancias passadas demonstram que tais abordagens frequentemente resultam em viola\u00e7\u00f5es de direitos humanos e em conflitos entre comunidades locais e autoridades de conserva\u00e7\u00e3o. Al\u00e9m disso, essa militariza\u00e7\u00e3o n\u00e3o garante a prote\u00e7\u00e3o efetiva das esp\u00e9cies.<\/p>\n\n\n\n<div class=\"wp-block-image\"><figure class=\"aligncenter size-large is-resized\"><a href=\"https:\/\/panper.com.br\/\"><img loading=\"lazy\" decoding=\"async\" src=\"https:\/\/jornalfatosenoticias.com.br\/wp-content\/uploads\/2023\/03\/logo-Panper_portal.jpg\" alt=\"\" class=\"wp-image-40208\" width=\"334\" height=\"231\" srcset=\"https:\/\/jornalfatosenoticias.com.br\/wp-content\/uploads\/2023\/03\/logo-Panper_portal.jpg 400w, https:\/\/jornalfatosenoticias.com.br\/wp-content\/uploads\/2023\/03\/logo-Panper_portal-300x208.jpg 300w\" sizes=\"auto, (max-width: 334px) 100vw, 334px\" \/><\/a><\/figure><\/div>\n\n\n\n<p>Especialistas sugerem que uma abordagem mais eficaz seria a redu\u00e7\u00e3o de danos socioecol\u00f3gicos, priorizando solu\u00e7\u00f5es que integrem comunidades locais como aliadas na conserva\u00e7\u00e3o. Parcerias com colecionadores e usu\u00e1rios tradicionais podem fomentar pr\u00e1ticas sustent\u00e1veis, permitindo que certas esp\u00e9cies sejam cultivadas e comercializadas legalmente.<\/p>\n\n\n\n<div class=\"wp-block-image\"><figure class=\"aligncenter size-large is-resized\"><a href=\"https:\/\/www.instagram.com\/ligadossaborespizzaria\/\"><img loading=\"lazy\" decoding=\"async\" src=\"https:\/\/jornalfatosenoticias.com.br\/wp-content\/uploads\/2020\/02\/WhatsApp-Image-2024-10-02-at-08.18.14-819x1024.jpeg\" alt=\"\" class=\"wp-image-54612\" width=\"326\" height=\"408\" srcset=\"https:\/\/jornalfatosenoticias.com.br\/wp-content\/uploads\/2020\/02\/WhatsApp-Image-2024-10-02-at-08.18.14-819x1024.jpeg 819w, https:\/\/jornalfatosenoticias.com.br\/wp-content\/uploads\/2020\/02\/WhatsApp-Image-2024-10-02-at-08.18.14-240x300.jpeg 240w, https:\/\/jornalfatosenoticias.com.br\/wp-content\/uploads\/2020\/02\/WhatsApp-Image-2024-10-02-at-08.18.14-768x960.jpeg 768w, https:\/\/jornalfatosenoticias.com.br\/wp-content\/uploads\/2020\/02\/WhatsApp-Image-2024-10-02-at-08.18.14.jpeg 1024w\" sizes=\"auto, (max-width: 326px) 100vw, 326px\" \/><\/a><\/figure><\/div>\n\n\n\n<p>A propaga\u00e7\u00e3o em viveiros, por exemplo, \u00e9 uma alternativa vi\u00e1vel para criar fontes de renda e reduzir a press\u00e3o sobre as popula\u00e7\u00f5es selvagens. Contudo, barreiras como a obten\u00e7\u00e3o de licen\u00e7as e a falta de recursos t\u00e9cnicos dificultam o acesso das comunidades a mercados legais. Implementar acordos globais que garantam o benef\u00edcio econ\u00f4mico dos recursos gen\u00e9ticos \u00e0s popula\u00e7\u00f5es locais pode transformar o cen\u00e1rio atual.<\/p>\n\n\n\n<div class=\"wp-block-image\"><figure class=\"aligncenter size-large is-resized\"><a href=\"https:\/\/www.legisjuris.com.br\/\"><img loading=\"lazy\" decoding=\"async\" src=\"https:\/\/jornalfatosenoticias.com.br\/wp-content\/uploads\/2024\/09\/Legis-Juris-Consultoria_logo.jpg\" alt=\"\" class=\"wp-image-53915\" width=\"451\" height=\"189\" srcset=\"https:\/\/jornalfatosenoticias.com.br\/wp-content\/uploads\/2024\/09\/Legis-Juris-Consultoria_logo.jpg 969w, https:\/\/jornalfatosenoticias.com.br\/wp-content\/uploads\/2024\/09\/Legis-Juris-Consultoria_logo-300x126.jpg 300w, https:\/\/jornalfatosenoticias.com.br\/wp-content\/uploads\/2024\/09\/Legis-Juris-Consultoria_logo-768x322.jpg 768w\" sizes=\"auto, (max-width: 451px) 100vw, 451px\" \/><\/a><\/figure><\/div>\n\n\n\n<p>Para conservar as suculentas e seu habitat, \u00e9 essencial aprender com erros anteriores. Iniciativas que promovam a inclus\u00e3o de conhecimentos ind\u00edgenas e a cria\u00e7\u00e3o de cadeias de valor leg\u00edtimas t\u00eam potencial para proteger as plantas, enquanto geram oportunidades econ\u00f4micas nas regi\u00f5es afetadas. A biodiversidade da \u00c1frica do Sul e os meios de subsist\u00eancia das comunidades locais podem coexistir, desde que estrat\u00e9gias sustent\u00e1veis sejam priorizadas no combate ao com\u00e9rcio ilegal.<\/p>\n\n\n\n<div class=\"wp-block-image\"><figure class=\"aligncenter size-large is-resized\"><a href=\"https:\/\/www.facebook.com\/postobkr\/?locale=pt_BR\"><img loading=\"lazy\" decoding=\"async\" src=\"https:\/\/jornalfatosenoticias.com.br\/wp-content\/uploads\/2023\/08\/BKR-1024x1021.jpg\" alt=\"\" class=\"wp-image-44494\" width=\"318\" height=\"317\" srcset=\"https:\/\/jornalfatosenoticias.com.br\/wp-content\/uploads\/2023\/08\/BKR-1024x1021.jpg 1024w, https:\/\/jornalfatosenoticias.com.br\/wp-content\/uploads\/2023\/08\/BKR-300x300.jpg 300w, https:\/\/jornalfatosenoticias.com.br\/wp-content\/uploads\/2023\/08\/BKR-150x150.jpg 150w, https:\/\/jornalfatosenoticias.com.br\/wp-content\/uploads\/2023\/08\/BKR-768x766.jpg 768w, https:\/\/jornalfatosenoticias.com.br\/wp-content\/uploads\/2023\/08\/BKR.jpg 1080w\" sizes=\"auto, (max-width: 318px) 100vw, 318px\" \/><\/a><\/figure><\/div>\n\n\n\n<p><strong><em>Fonte: <a href=\"https:\/\/www.ecycle.com.br\/comercio-ilegal-de-suculentas-desafia-conservacao-ambiental-na-africa-do-sul\/\">eCycle<\/a><\/em><\/strong><\/p>\n","protected":false},"excerpt":{"rendered":"<p>Prote\u00e7\u00e3o de plantas raras exige estrat\u00e9gias que integrem comunidades locais e conserva\u00e7\u00e3o sustent\u00e1vel Por Stella Legnaioli No \u00e1rido bioma Karoo, na \u00c1frica do Sul, um dos maiores hotspots de biodiversidade do mundo, as suculentas enfrentam uma amea\u00e7a crescente: o com\u00e9rcio ilegal. Essas plantas, conhecidas por suas formas incomuns e resist\u00eancia em ambientes hostis, est\u00e3o sendo [&hellip;]<\/p>\n","protected":false},"author":2,"featured_media":56763,"comment_status":"open","ping_status":"open","sticky":false,"template":"","format":"standard","meta":{"footnotes":""},"categories":[8],"tags":[681,10108,4041,25895,4641],"class_list":["post-56762","post","type-post","status-publish","format-standard","has-post-thumbnail","hentry","category-meio-ambiente","tag-africa-do-sul","tag-comercio-ilegal","tag-conservacao-ambiental","tag-plantas-raras","tag-suculentas"],"yoast_head":"<!-- This site is optimized with the Yoast SEO plugin v26.5 - https:\/\/yoast.com\/wordpress\/plugins\/seo\/ -->\n<title>Com\u00e9rcio ilegal de suculentas desafia conserva\u00e7\u00e3o ambiental na \u00c1frica do Sul - Jornal Fatos e Not\u00edcias<\/title>\n<meta name=\"robots\" content=\"index, follow, max-snippet:-1, max-image-preview:large, max-video-preview:-1\" \/>\n<link rel=\"canonical\" href=\"https:\/\/jornalfatosenoticias.com.br\/index.php\/2025\/01\/10\/comercio-ilegal-de-suculentas-desafia-conservacao-ambiental-na-africa-do-sul\/\" \/>\n<meta property=\"og:locale\" content=\"pt_BR\" \/>\n<meta property=\"og:type\" content=\"article\" \/>\n<meta property=\"og:title\" content=\"Com\u00e9rcio ilegal de suculentas desafia conserva\u00e7\u00e3o ambiental na \u00c1frica do Sul - Jornal Fatos e Not\u00edcias\" \/>\n<meta property=\"og:description\" content=\"Prote\u00e7\u00e3o de plantas raras exige estrat\u00e9gias que integrem comunidades locais e conserva\u00e7\u00e3o sustent\u00e1vel Por Stella Legnaioli No \u00e1rido bioma Karoo, na \u00c1frica do Sul, um dos maiores hotspots de biodiversidade do mundo, as suculentas enfrentam uma amea\u00e7a crescente: o com\u00e9rcio ilegal. Essas plantas, conhecidas por suas formas incomuns e resist\u00eancia em ambientes hostis, est\u00e3o sendo [&hellip;]\" \/>\n<meta property=\"og:url\" content=\"https:\/\/jornalfatosenoticias.com.br\/index.php\/2025\/01\/10\/comercio-ilegal-de-suculentas-desafia-conservacao-ambiental-na-africa-do-sul\/\" \/>\n<meta property=\"og:site_name\" content=\"Jornal Fatos e Not\u00edcias\" \/>\n<meta property=\"article:published_time\" content=\"2025-01-10T15:38:43+00:00\" \/>\n<meta property=\"article:modified_time\" content=\"2025-01-10T15:38:44+00:00\" \/>\n<meta property=\"og:image\" content=\"https:\/\/jornalfatosenoticias.com.br\/wp-content\/uploads\/2025\/01\/suculenta_freepik.jpg\" \/>\n\t<meta property=\"og:image:width\" content=\"1000\" \/>\n\t<meta property=\"og:image:height\" content=\"675\" \/>\n\t<meta property=\"og:image:type\" content=\"image\/jpeg\" \/>\n<meta name=\"author\" content=\"Luzimara Fernandes\" \/>\n<meta name=\"twitter:card\" content=\"summary_large_image\" \/>\n<meta name=\"twitter:label1\" content=\"Escrito por\" \/>\n\t<meta name=\"twitter:data1\" content=\"Luzimara Fernandes\" \/>\n\t<meta name=\"twitter:label2\" content=\"Est. tempo de leitura\" \/>\n\t<meta name=\"twitter:data2\" content=\"3 minutos\" \/>\n<script type=\"application\/ld+json\" class=\"yoast-schema-graph\">{\"@context\":\"https:\/\/schema.org\",\"@graph\":[{\"@type\":\"Article\",\"@id\":\"https:\/\/jornalfatosenoticias.com.br\/index.php\/2025\/01\/10\/comercio-ilegal-de-suculentas-desafia-conservacao-ambiental-na-africa-do-sul\/#article\",\"isPartOf\":{\"@id\":\"https:\/\/jornalfatosenoticias.com.br\/index.php\/2025\/01\/10\/comercio-ilegal-de-suculentas-desafia-conservacao-ambiental-na-africa-do-sul\/\"},\"author\":{\"name\":\"Luzimara Fernandes\",\"@id\":\"https:\/\/jornalfatosenoticias.com.br\/#\/schema\/person\/d63837fa13ac8666eb9e74e0985d6f81\"},\"headline\":\"Com\u00e9rcio ilegal de suculentas desafia conserva\u00e7\u00e3o ambiental na \u00c1frica do Sul\",\"datePublished\":\"2025-01-10T15:38:43+00:00\",\"dateModified\":\"2025-01-10T15:38:44+00:00\",\"mainEntityOfPage\":{\"@id\":\"https:\/\/jornalfatosenoticias.com.br\/index.php\/2025\/01\/10\/comercio-ilegal-de-suculentas-desafia-conservacao-ambiental-na-africa-do-sul\/\"},\"wordCount\":590,\"commentCount\":0,\"publisher\":{\"@id\":\"https:\/\/jornalfatosenoticias.com.br\/#organization\"},\"image\":{\"@id\":\"https:\/\/jornalfatosenoticias.com.br\/index.php\/2025\/01\/10\/comercio-ilegal-de-suculentas-desafia-conservacao-ambiental-na-africa-do-sul\/#primaryimage\"},\"thumbnailUrl\":\"https:\/\/jornalfatosenoticias.com.br\/wp-content\/uploads\/2025\/01\/suculenta_freepik.jpg\",\"keywords\":[\"\u00c1frica do Sul\",\"com\u00e9rcio ilegal\",\"conserva\u00e7\u00e3o ambiental\",\"plantas raras\",\"suculentas\"],\"articleSection\":[\"Meio ambiente\"],\"inLanguage\":\"pt-BR\",\"potentialAction\":[{\"@type\":\"CommentAction\",\"name\":\"Comment\",\"target\":[\"https:\/\/jornalfatosenoticias.com.br\/index.php\/2025\/01\/10\/comercio-ilegal-de-suculentas-desafia-conservacao-ambiental-na-africa-do-sul\/#respond\"]}]},{\"@type\":\"WebPage\",\"@id\":\"https:\/\/jornalfatosenoticias.com.br\/index.php\/2025\/01\/10\/comercio-ilegal-de-suculentas-desafia-conservacao-ambiental-na-africa-do-sul\/\",\"url\":\"https:\/\/jornalfatosenoticias.com.br\/index.php\/2025\/01\/10\/comercio-ilegal-de-suculentas-desafia-conservacao-ambiental-na-africa-do-sul\/\",\"name\":\"Com\u00e9rcio ilegal de suculentas desafia conserva\u00e7\u00e3o ambiental na \u00c1frica do Sul - Jornal Fatos e Not\u00edcias\",\"isPartOf\":{\"@id\":\"https:\/\/jornalfatosenoticias.com.br\/#website\"},\"primaryImageOfPage\":{\"@id\":\"https:\/\/jornalfatosenoticias.com.br\/index.php\/2025\/01\/10\/comercio-ilegal-de-suculentas-desafia-conservacao-ambiental-na-africa-do-sul\/#primaryimage\"},\"image\":{\"@id\":\"https:\/\/jornalfatosenoticias.com.br\/index.php\/2025\/01\/10\/comercio-ilegal-de-suculentas-desafia-conservacao-ambiental-na-africa-do-sul\/#primaryimage\"},\"thumbnailUrl\":\"https:\/\/jornalfatosenoticias.com.br\/wp-content\/uploads\/2025\/01\/suculenta_freepik.jpg\",\"datePublished\":\"2025-01-10T15:38:43+00:00\",\"dateModified\":\"2025-01-10T15:38:44+00:00\",\"breadcrumb\":{\"@id\":\"https:\/\/jornalfatosenoticias.com.br\/index.php\/2025\/01\/10\/comercio-ilegal-de-suculentas-desafia-conservacao-ambiental-na-africa-do-sul\/#breadcrumb\"},\"inLanguage\":\"pt-BR\",\"potentialAction\":[{\"@type\":\"ReadAction\",\"target\":[\"https:\/\/jornalfatosenoticias.com.br\/index.php\/2025\/01\/10\/comercio-ilegal-de-suculentas-desafia-conservacao-ambiental-na-africa-do-sul\/\"]}]},{\"@type\":\"ImageObject\",\"inLanguage\":\"pt-BR\",\"@id\":\"https:\/\/jornalfatosenoticias.com.br\/index.php\/2025\/01\/10\/comercio-ilegal-de-suculentas-desafia-conservacao-ambiental-na-africa-do-sul\/#primaryimage\",\"url\":\"https:\/\/jornalfatosenoticias.com.br\/wp-content\/uploads\/2025\/01\/suculenta_freepik.jpg\",\"contentUrl\":\"https:\/\/jornalfatosenoticias.com.br\/wp-content\/uploads\/2025\/01\/suculenta_freepik.jpg\",\"width\":1000,\"height\":675},{\"@type\":\"BreadcrumbList\",\"@id\":\"https:\/\/jornalfatosenoticias.com.br\/index.php\/2025\/01\/10\/comercio-ilegal-de-suculentas-desafia-conservacao-ambiental-na-africa-do-sul\/#breadcrumb\",\"itemListElement\":[{\"@type\":\"ListItem\",\"position\":1,\"name\":\"In\u00edcio\",\"item\":\"https:\/\/jornalfatosenoticias.com.br\/\"},{\"@type\":\"ListItem\",\"position\":2,\"name\":\"Com\u00e9rcio ilegal de suculentas desafia conserva\u00e7\u00e3o ambiental na \u00c1frica do Sul\"}]},{\"@type\":\"WebSite\",\"@id\":\"https:\/\/jornalfatosenoticias.com.br\/#website\",\"url\":\"https:\/\/jornalfatosenoticias.com.br\/\",\"name\":\"Jornal Fatos e Not\u00edcias\",\"description\":\"Not\u00edcias em geral\",\"publisher\":{\"@id\":\"https:\/\/jornalfatosenoticias.com.br\/#organization\"},\"potentialAction\":[{\"@type\":\"SearchAction\",\"target\":{\"@type\":\"EntryPoint\",\"urlTemplate\":\"https:\/\/jornalfatosenoticias.com.br\/?s={search_term_string}\"},\"query-input\":{\"@type\":\"PropertyValueSpecification\",\"valueRequired\":true,\"valueName\":\"search_term_string\"}}],\"inLanguage\":\"pt-BR\"},{\"@type\":\"Organization\",\"@id\":\"https:\/\/jornalfatosenoticias.com.br\/#organization\",\"name\":\"Jornal Fatos e Not\u00edcias\",\"url\":\"https:\/\/jornalfatosenoticias.com.br\/\",\"logo\":{\"@type\":\"ImageObject\",\"inLanguage\":\"pt-BR\",\"@id\":\"https:\/\/jornalfatosenoticias.com.br\/#\/schema\/logo\/image\/\",\"url\":\"https:\/\/jornalfatosenoticias.com.br\/wp-content\/uploads\/2020\/02\/logo120.png\",\"contentUrl\":\"https:\/\/jornalfatosenoticias.com.br\/wp-content\/uploads\/2020\/02\/logo120.png\",\"width\":1227,\"height\":120,\"caption\":\"Jornal Fatos e Not\u00edcias\"},\"image\":{\"@id\":\"https:\/\/jornalfatosenoticias.com.br\/#\/schema\/logo\/image\/\"}},{\"@type\":\"Person\",\"@id\":\"https:\/\/jornalfatosenoticias.com.br\/#\/schema\/person\/d63837fa13ac8666eb9e74e0985d6f81\",\"name\":\"Luzimara Fernandes\",\"image\":{\"@type\":\"ImageObject\",\"inLanguage\":\"pt-BR\",\"@id\":\"https:\/\/jornalfatosenoticias.com.br\/#\/schema\/person\/image\/\",\"url\":\"https:\/\/jornalfatosenoticias.com.br\/wp-content\/uploads\/2025\/05\/EU_portal.jpg\",\"contentUrl\":\"https:\/\/jornalfatosenoticias.com.br\/wp-content\/uploads\/2025\/05\/EU_portal.jpg\",\"caption\":\"Luzimara Fernandes\"},\"description\":\"Jornalista MTB 2358-ES\",\"sameAs\":[\"https:\/\/jornalfatosenoticias.com.br\"],\"url\":\"https:\/\/jornalfatosenoticias.com.br\/index.php\/author\/luzimara\/\"}]}<\/script>\n<!-- \/ Yoast SEO plugin. -->","yoast_head_json":{"title":"Com\u00e9rcio ilegal de suculentas desafia conserva\u00e7\u00e3o ambiental na \u00c1frica do Sul - Jornal Fatos e Not\u00edcias","robots":{"index":"index","follow":"follow","max-snippet":"max-snippet:-1","max-image-preview":"max-image-preview:large","max-video-preview":"max-video-preview:-1"},"canonical":"https:\/\/jornalfatosenoticias.com.br\/index.php\/2025\/01\/10\/comercio-ilegal-de-suculentas-desafia-conservacao-ambiental-na-africa-do-sul\/","og_locale":"pt_BR","og_type":"article","og_title":"Com\u00e9rcio ilegal de suculentas desafia conserva\u00e7\u00e3o ambiental na \u00c1frica do Sul - Jornal Fatos e Not\u00edcias","og_description":"Prote\u00e7\u00e3o de plantas raras exige estrat\u00e9gias que integrem comunidades locais e conserva\u00e7\u00e3o sustent\u00e1vel Por Stella Legnaioli No \u00e1rido bioma Karoo, na \u00c1frica do Sul, um dos maiores hotspots de biodiversidade do mundo, as suculentas enfrentam uma amea\u00e7a crescente: o com\u00e9rcio ilegal. Essas plantas, conhecidas por suas formas incomuns e resist\u00eancia em ambientes hostis, est\u00e3o sendo [&hellip;]","og_url":"https:\/\/jornalfatosenoticias.com.br\/index.php\/2025\/01\/10\/comercio-ilegal-de-suculentas-desafia-conservacao-ambiental-na-africa-do-sul\/","og_site_name":"Jornal Fatos e Not\u00edcias","article_published_time":"2025-01-10T15:38:43+00:00","article_modified_time":"2025-01-10T15:38:44+00:00","og_image":[{"width":1000,"height":675,"url":"https:\/\/jornalfatosenoticias.com.br\/wp-content\/uploads\/2025\/01\/suculenta_freepik.jpg","type":"image\/jpeg"}],"author":"Luzimara Fernandes","twitter_card":"summary_large_image","twitter_misc":{"Escrito por":"Luzimara Fernandes","Est. tempo de leitura":"3 minutos"},"schema":{"@context":"https:\/\/schema.org","@graph":[{"@type":"Article","@id":"https:\/\/jornalfatosenoticias.com.br\/index.php\/2025\/01\/10\/comercio-ilegal-de-suculentas-desafia-conservacao-ambiental-na-africa-do-sul\/#article","isPartOf":{"@id":"https:\/\/jornalfatosenoticias.com.br\/index.php\/2025\/01\/10\/comercio-ilegal-de-suculentas-desafia-conservacao-ambiental-na-africa-do-sul\/"},"author":{"name":"Luzimara Fernandes","@id":"https:\/\/jornalfatosenoticias.com.br\/#\/schema\/person\/d63837fa13ac8666eb9e74e0985d6f81"},"headline":"Com\u00e9rcio ilegal de suculentas desafia conserva\u00e7\u00e3o ambiental na \u00c1frica do Sul","datePublished":"2025-01-10T15:38:43+00:00","dateModified":"2025-01-10T15:38:44+00:00","mainEntityOfPage":{"@id":"https:\/\/jornalfatosenoticias.com.br\/index.php\/2025\/01\/10\/comercio-ilegal-de-suculentas-desafia-conservacao-ambiental-na-africa-do-sul\/"},"wordCount":590,"commentCount":0,"publisher":{"@id":"https:\/\/jornalfatosenoticias.com.br\/#organization"},"image":{"@id":"https:\/\/jornalfatosenoticias.com.br\/index.php\/2025\/01\/10\/comercio-ilegal-de-suculentas-desafia-conservacao-ambiental-na-africa-do-sul\/#primaryimage"},"thumbnailUrl":"https:\/\/jornalfatosenoticias.com.br\/wp-content\/uploads\/2025\/01\/suculenta_freepik.jpg","keywords":["\u00c1frica do Sul","com\u00e9rcio ilegal","conserva\u00e7\u00e3o ambiental","plantas raras","suculentas"],"articleSection":["Meio ambiente"],"inLanguage":"pt-BR","potentialAction":[{"@type":"CommentAction","name":"Comment","target":["https:\/\/jornalfatosenoticias.com.br\/index.php\/2025\/01\/10\/comercio-ilegal-de-suculentas-desafia-conservacao-ambiental-na-africa-do-sul\/#respond"]}]},{"@type":"WebPage","@id":"https:\/\/jornalfatosenoticias.com.br\/index.php\/2025\/01\/10\/comercio-ilegal-de-suculentas-desafia-conservacao-ambiental-na-africa-do-sul\/","url":"https:\/\/jornalfatosenoticias.com.br\/index.php\/2025\/01\/10\/comercio-ilegal-de-suculentas-desafia-conservacao-ambiental-na-africa-do-sul\/","name":"Com\u00e9rcio ilegal de suculentas desafia conserva\u00e7\u00e3o ambiental na \u00c1frica do Sul - Jornal Fatos e Not\u00edcias","isPartOf":{"@id":"https:\/\/jornalfatosenoticias.com.br\/#website"},"primaryImageOfPage":{"@id":"https:\/\/jornalfatosenoticias.com.br\/index.php\/2025\/01\/10\/comercio-ilegal-de-suculentas-desafia-conservacao-ambiental-na-africa-do-sul\/#primaryimage"},"image":{"@id":"https:\/\/jornalfatosenoticias.com.br\/index.php\/2025\/01\/10\/comercio-ilegal-de-suculentas-desafia-conservacao-ambiental-na-africa-do-sul\/#primaryimage"},"thumbnailUrl":"https:\/\/jornalfatosenoticias.com.br\/wp-content\/uploads\/2025\/01\/suculenta_freepik.jpg","datePublished":"2025-01-10T15:38:43+00:00","dateModified":"2025-01-10T15:38:44+00:00","breadcrumb":{"@id":"https:\/\/jornalfatosenoticias.com.br\/index.php\/2025\/01\/10\/comercio-ilegal-de-suculentas-desafia-conservacao-ambiental-na-africa-do-sul\/#breadcrumb"},"inLanguage":"pt-BR","potentialAction":[{"@type":"ReadAction","target":["https:\/\/jornalfatosenoticias.com.br\/index.php\/2025\/01\/10\/comercio-ilegal-de-suculentas-desafia-conservacao-ambiental-na-africa-do-sul\/"]}]},{"@type":"ImageObject","inLanguage":"pt-BR","@id":"https:\/\/jornalfatosenoticias.com.br\/index.php\/2025\/01\/10\/comercio-ilegal-de-suculentas-desafia-conservacao-ambiental-na-africa-do-sul\/#primaryimage","url":"https:\/\/jornalfatosenoticias.com.br\/wp-content\/uploads\/2025\/01\/suculenta_freepik.jpg","contentUrl":"https:\/\/jornalfatosenoticias.com.br\/wp-content\/uploads\/2025\/01\/suculenta_freepik.jpg","width":1000,"height":675},{"@type":"BreadcrumbList","@id":"https:\/\/jornalfatosenoticias.com.br\/index.php\/2025\/01\/10\/comercio-ilegal-de-suculentas-desafia-conservacao-ambiental-na-africa-do-sul\/#breadcrumb","itemListElement":[{"@type":"ListItem","position":1,"name":"In\u00edcio","item":"https:\/\/jornalfatosenoticias.com.br\/"},{"@type":"ListItem","position":2,"name":"Com\u00e9rcio ilegal de suculentas desafia conserva\u00e7\u00e3o ambiental na \u00c1frica do Sul"}]},{"@type":"WebSite","@id":"https:\/\/jornalfatosenoticias.com.br\/#website","url":"https:\/\/jornalfatosenoticias.com.br\/","name":"Jornal Fatos e Not\u00edcias","description":"Not\u00edcias em geral","publisher":{"@id":"https:\/\/jornalfatosenoticias.com.br\/#organization"},"potentialAction":[{"@type":"SearchAction","target":{"@type":"EntryPoint","urlTemplate":"https:\/\/jornalfatosenoticias.com.br\/?s={search_term_string}"},"query-input":{"@type":"PropertyValueSpecification","valueRequired":true,"valueName":"search_term_string"}}],"inLanguage":"pt-BR"},{"@type":"Organization","@id":"https:\/\/jornalfatosenoticias.com.br\/#organization","name":"Jornal Fatos e Not\u00edcias","url":"https:\/\/jornalfatosenoticias.com.br\/","logo":{"@type":"ImageObject","inLanguage":"pt-BR","@id":"https:\/\/jornalfatosenoticias.com.br\/#\/schema\/logo\/image\/","url":"https:\/\/jornalfatosenoticias.com.br\/wp-content\/uploads\/2020\/02\/logo120.png","contentUrl":"https:\/\/jornalfatosenoticias.com.br\/wp-content\/uploads\/2020\/02\/logo120.png","width":1227,"height":120,"caption":"Jornal Fatos e Not\u00edcias"},"image":{"@id":"https:\/\/jornalfatosenoticias.com.br\/#\/schema\/logo\/image\/"}},{"@type":"Person","@id":"https:\/\/jornalfatosenoticias.com.br\/#\/schema\/person\/d63837fa13ac8666eb9e74e0985d6f81","name":"Luzimara Fernandes","image":{"@type":"ImageObject","inLanguage":"pt-BR","@id":"https:\/\/jornalfatosenoticias.com.br\/#\/schema\/person\/image\/","url":"https:\/\/jornalfatosenoticias.com.br\/wp-content\/uploads\/2025\/05\/EU_portal.jpg","contentUrl":"https:\/\/jornalfatosenoticias.com.br\/wp-content\/uploads\/2025\/05\/EU_portal.jpg","caption":"Luzimara Fernandes"},"description":"Jornalista MTB 2358-ES","sameAs":["https:\/\/jornalfatosenoticias.com.br"],"url":"https:\/\/jornalfatosenoticias.com.br\/index.php\/author\/luzimara\/"}]}},"cc_featured_image_caption":{"caption_text":"(Foto: Freepik) ","source_text":"","source_url":""},"jetpack_featured_media_url":"https:\/\/jornalfatosenoticias.com.br\/wp-content\/uploads\/2025\/01\/suculenta_freepik.jpg","_links":{"self":[{"href":"https:\/\/jornalfatosenoticias.com.br\/index.php\/wp-json\/wp\/v2\/posts\/56762","targetHints":{"allow":["GET"]}}],"collection":[{"href":"https:\/\/jornalfatosenoticias.com.br\/index.php\/wp-json\/wp\/v2\/posts"}],"about":[{"href":"https:\/\/jornalfatosenoticias.com.br\/index.php\/wp-json\/wp\/v2\/types\/post"}],"author":[{"embeddable":true,"href":"https:\/\/jornalfatosenoticias.com.br\/index.php\/wp-json\/wp\/v2\/users\/2"}],"replies":[{"embeddable":true,"href":"https:\/\/jornalfatosenoticias.com.br\/index.php\/wp-json\/wp\/v2\/comments?post=56762"}],"version-history":[{"count":0,"href":"https:\/\/jornalfatosenoticias.com.br\/index.php\/wp-json\/wp\/v2\/posts\/56762\/revisions"}],"wp:featuredmedia":[{"embeddable":true,"href":"https:\/\/jornalfatosenoticias.com.br\/index.php\/wp-json\/wp\/v2\/media\/56763"}],"wp:attachment":[{"href":"https:\/\/jornalfatosenoticias.com.br\/index.php\/wp-json\/wp\/v2\/media?parent=56762"}],"wp:term":[{"taxonomy":"category","embeddable":true,"href":"https:\/\/jornalfatosenoticias.com.br\/index.php\/wp-json\/wp\/v2\/categories?post=56762"},{"taxonomy":"post_tag","embeddable":true,"href":"https:\/\/jornalfatosenoticias.com.br\/index.php\/wp-json\/wp\/v2\/tags?post=56762"}],"curies":[{"name":"wp","href":"https:\/\/api.w.org\/{rel}","templated":true}]}}