{"id":56777,"date":"2025-01-13T16:02:18","date_gmt":"2025-01-13T19:02:18","guid":{"rendered":"https:\/\/jornalfatosenoticias.com.br\/?p=56777"},"modified":"2025-01-13T16:02:19","modified_gmt":"2025-01-13T19:02:19","slug":"desempenho-fraco-de-alunos-de-escolas-privadas-em-matematica-expoe-crise-estrutural-da-educacao-no-brasil","status":"publish","type":"post","link":"https:\/\/jornalfatosenoticias.com.br\/index.php\/2025\/01\/13\/desempenho-fraco-de-alunos-de-escolas-privadas-em-matematica-expoe-crise-estrutural-da-educacao-no-brasil\/","title":{"rendered":"Desempenho fraco de alunos de escolas privadas em matem\u00e1tica exp\u00f5e crise estrutural da educa\u00e7\u00e3o no Brasil"},"content":{"rendered":"\n<p><em><span class=\"has-inline-color has-black-color\">Brasil ficou entre os piores no ranking do TIMSS, avalia\u00e7\u00e3o internacional que mede desempenho de alunos do 4.\u00ba e 8.\u00ba ano em matem\u00e1tica e ci\u00eancias<\/span><\/em><\/p>\n\n\n\n<p><span class=\"has-inline-color has-black-color\">Por <strong><a href=\"https:\/\/www.gazetadopovo.com.br\/autor\/marlice-pinto-vilela\/\">Marlice Pinto Vilela<\/a><\/strong><\/span><\/p>\n\n\n\n<div class=\"wp-block-image\"><figure class=\"aligncenter size-large\"><a href=\"https:\/\/mizu.com.br\/\"><img loading=\"lazy\" decoding=\"async\" width=\"729\" height=\"90\" src=\"https:\/\/jornalfatosenoticias.com.br\/wp-content\/uploads\/2020\/02\/Logo_Mizu.png\" alt=\"\" class=\"wp-image-1441\" srcset=\"https:\/\/jornalfatosenoticias.com.br\/wp-content\/uploads\/2020\/02\/Logo_Mizu.png 729w, https:\/\/jornalfatosenoticias.com.br\/wp-content\/uploads\/2020\/02\/Logo_Mizu-300x37.png 300w\" sizes=\"auto, (max-width: 729px) 100vw, 729px\" \/><\/a><\/figure><\/div>\n\n\n\n<p>Alunos brasileiros de escolas privadas tiveram um desempenho superior aos estudantes de escolas p\u00fablicas no TIMSS, exame internacional que mede conhecimentos em matem\u00e1tica e ci\u00eancia, mas esse resultado est\u00e1 longe de ser satisfat\u00f3rio. Divulgado no \u00faltimo dia 4, o <a href=\"https:\/\/www.gazetadopovo.com.br\/vida-e-cidadania\/brasil-fica-entre-os-piores-em-ranking-global-de-matematica\/\">Brasil ficou entre os piores do mundo no ranking.<\/a><br>Enquanto a m\u00e9dia dos alunos brasileiros do 4.\u00ba ano em matem\u00e1tica \u00e9 de 378 (n\u00edvel baixo), quando \u00e9 feito o recorte por alunos de escola privada, a m\u00e9dia sobe para 469,7 (n\u00edvel intermedi\u00e1rio). Apesar disso, o resultado dos alunos de escolas particulares ainda fica atr\u00e1s de pa\u00edses como Azerbaij\u00e3o, Cazaquist\u00e3o e Maced\u00f4nia, que atingiram o n\u00edvel alto. Enquanto estudantes no n\u00edvel intermedi\u00e1rio conseguem realizar opera\u00e7\u00f5es b\u00e1sicas, como adicionar n\u00fameros decimais e medir dist\u00e2ncias simples, aqueles no n\u00edvel alto (de 476 a 550) dominam fra\u00e7\u00f5es, decimais e conceitos geom\u00e9tricos mais complexos.<\/p>\n\n\n\n<div class=\"wp-block-image\"><figure class=\"aligncenter size-large\"><a href=\"https:\/\/cesconetto.com.br\/\"><img loading=\"lazy\" decoding=\"async\" width=\"300\" height=\"250\" src=\"https:\/\/jornalfatosenoticias.com.br\/wp-content\/uploads\/2022\/02\/Banner-2.png\" alt=\"\" class=\"wp-image-27877\"\/><\/a><\/figure><\/div>\n\n\n\n<p>J\u00e1 no 8.\u00ba ano, alunos brasileiros de escolas particulares alcan\u00e7aram uma m\u00e9dia de 469,9 pontos em matem\u00e1tica, abaixo da m\u00e9dia internacional de 478. Essa pontua\u00e7\u00e3o coloca esses estudantes no n\u00edvel intermedi\u00e1rio, que vai at\u00e9 475 pontos. Em compara\u00e7\u00e3o, a m\u00e9dia global est\u00e1 no n\u00edvel alto, que come\u00e7a a partir de 476 pontos. Apenas 1% dos alunos brasileiros atingiram o n\u00edvel m\u00e1ximo de profici\u00eancia em matem\u00e1tica, tanto no 4.\u00ba como no 8.\u00ba ano.<\/p>\n\n\n\n<div class=\"wp-block-image\"><figure class=\"aligncenter size-large is-resized\"><a href=\"https:\/\/www.instagram.com\/esteiochurrascaria\/\"><img loading=\"lazy\" decoding=\"async\" src=\"https:\/\/jornalfatosenoticias.com.br\/wp-content\/uploads\/2022\/02\/LOGO-ESTEIO-1024x730.png\" alt=\"\" class=\"wp-image-27942\" width=\"333\" height=\"237\" srcset=\"https:\/\/jornalfatosenoticias.com.br\/wp-content\/uploads\/2022\/02\/LOGO-ESTEIO-1024x730.png 1024w, https:\/\/jornalfatosenoticias.com.br\/wp-content\/uploads\/2022\/02\/LOGO-ESTEIO-300x214.png 300w, https:\/\/jornalfatosenoticias.com.br\/wp-content\/uploads\/2022\/02\/LOGO-ESTEIO-768x548.png 768w, https:\/\/jornalfatosenoticias.com.br\/wp-content\/uploads\/2022\/02\/LOGO-ESTEIO.png 1123w\" sizes=\"auto, (max-width: 333px) 100vw, 333px\" \/><\/a><\/figure><\/div>\n\n\n\n<blockquote class=\"wp-block-quote is-layout-flow wp-block-quote-is-layout-flow\"><p><span class=\"has-inline-color has-luminous-vivid-orange-color\">O desempenho dos 5% melhores alunos brasileiros foi o pior entre todos os participantes. Ou seja, os nossos melhores, al\u00e9m de estarem emparelhados com os alunos de desempenho m\u00e9dio dos pa\u00edses desenvolvidos, apresentam os menores escores de todos os pa\u00edses. Isso \u00e9 muito preocupante\u201d, alerta Ilona Becskeh\u00e1zy, doutora em pol\u00edtica educacional pela USP.<\/span><\/p><\/blockquote>\n\n\n\n<div class=\"wp-block-image\"><figure class=\"aligncenter size-large is-resized\"><a href=\"https:\/\/www.legisjuris.com.br\/\"><img loading=\"lazy\" decoding=\"async\" src=\"https:\/\/jornalfatosenoticias.com.br\/wp-content\/uploads\/2024\/09\/Legis-Juris-Consultoria_logo.jpg\" alt=\"\" class=\"wp-image-53915\" width=\"439\" height=\"184\" srcset=\"https:\/\/jornalfatosenoticias.com.br\/wp-content\/uploads\/2024\/09\/Legis-Juris-Consultoria_logo.jpg 969w, https:\/\/jornalfatosenoticias.com.br\/wp-content\/uploads\/2024\/09\/Legis-Juris-Consultoria_logo-300x126.jpg 300w, https:\/\/jornalfatosenoticias.com.br\/wp-content\/uploads\/2024\/09\/Legis-Juris-Consultoria_logo-768x322.jpg 768w\" sizes=\"auto, (max-width: 439px) 100vw, 439px\" \/><\/a><\/figure><\/div>\n\n\n\n<p><strong><span class=\"has-inline-color has-vivid-purple-color\">Baixo resultado de escolas particulares mostra que o problema est\u00e1 na forma de ensinar<br><\/span><\/strong>Para Cl\u00e1udia Costin, especialista em educa\u00e7\u00e3o e ex-diretora global de educa\u00e7\u00e3o do Banco Mundial, o fraco desempenho dos estudantes tamb\u00e9m de escolas privadas reflete problemas estruturais da educa\u00e7\u00e3o brasileira. <strong><em>\u201cN\u00e3o \u00e9 que a escola p\u00fablica saiu p\u00e9ssima e a escola privada saiu muito boa. Ambas sa\u00edram mal. S\u00f3 que, naturalmente, a escola p\u00fablica saiu pior que a escola particular. Ent\u00e3o, temos que reavaliar a forma como a gente ensina\u201d,<\/em><\/strong> analisa.<\/p>\n\n\n\n<div class=\"wp-block-image\"><figure class=\"aligncenter size-large\"><a href=\"http:\/\/www.ferrarimaquinas.com.br\/\"><img loading=\"lazy\" decoding=\"async\" width=\"300\" height=\"250\" src=\"https:\/\/jornalfatosenoticias.com.br\/wp-content\/uploads\/2022\/02\/FERRARI_MAQUINAS-E-FERRAMENTAS2.jpg\" alt=\"\" class=\"wp-image-27860\"\/><\/a><\/figure><\/div>\n\n\n\n<p>Um dos pontos centrais, segundo Costin, \u00e9 a forma\u00e7\u00e3o de professores, um problema que afeta escolas de todas as redes de ensino. <strong><em>\u201c\u00c9 muito importante lembrar que o professor que est\u00e1 na escola privada, ele muitas vezes n\u00e3o passou no concurso para atuar no ensino p\u00fablico. Isso acontece com frequ\u00eancia, embora n\u00e3o seja uma regra geral\u201d, <\/em><\/strong>observa.<\/p>\n\n\n\n<div class=\"wp-block-image\"><figure class=\"aligncenter size-large is-resized\"><a href=\"https:\/\/www.instagram.com\/serra4x4cambioautomatico\/\"><img loading=\"lazy\" decoding=\"async\" src=\"https:\/\/jornalfatosenoticias.com.br\/wp-content\/uploads\/2024\/08\/Serra-4x4-1-886x1024.jpg\" alt=\"\" class=\"wp-image-53632\" width=\"287\" height=\"332\" srcset=\"https:\/\/jornalfatosenoticias.com.br\/wp-content\/uploads\/2024\/08\/Serra-4x4-1-886x1024.jpg 886w, https:\/\/jornalfatosenoticias.com.br\/wp-content\/uploads\/2024\/08\/Serra-4x4-1-260x300.jpg 260w, https:\/\/jornalfatosenoticias.com.br\/wp-content\/uploads\/2024\/08\/Serra-4x4-1-768x888.jpg 768w, https:\/\/jornalfatosenoticias.com.br\/wp-content\/uploads\/2024\/08\/Serra-4x4-1.jpg 1181w\" sizes=\"auto, (max-width: 287px) 100vw, 287px\" \/><\/a><\/figure><\/div>\n\n\n\n<p>O Minist\u00e9rio da Educa\u00e7\u00e3o (MEC) diz estar atento aos problemas de forma\u00e7\u00e3o dos professores. Em maio deste ano, o MEC elaborou novas diretrizes curriculares para os cursos de gradua\u00e7\u00e3o em licenciatura. Diante do crescimento da procura de alunos por cursos de licenciatura EaD, a principal diretriz estabelecida \u00e9 a de que os cursos de forma\u00e7\u00e3o de professores s\u00f3 podem ter 50% da carga com aulas na modalidade de educa\u00e7\u00e3o a dist\u00e2ncia. O Censo de Ensino Superior de 2023 mostrou que 90% das matr\u00edculas de cursos de licenciatura em faculdades particulares foram para cursos EaD.<\/p>\n\n\n\n<div class=\"wp-block-image\"><figure class=\"aligncenter size-large is-resized\"><a href=\"https:\/\/panper.com.br\/\"><img loading=\"lazy\" decoding=\"async\" src=\"https:\/\/jornalfatosenoticias.com.br\/wp-content\/uploads\/2023\/03\/logo-Panper_portal.jpg\" alt=\"\" class=\"wp-image-40208\" width=\"331\" height=\"229\" srcset=\"https:\/\/jornalfatosenoticias.com.br\/wp-content\/uploads\/2023\/03\/logo-Panper_portal.jpg 400w, https:\/\/jornalfatosenoticias.com.br\/wp-content\/uploads\/2023\/03\/logo-Panper_portal-300x208.jpg 300w\" sizes=\"auto, (max-width: 331px) 100vw, 331px\" \/><\/a><\/figure><\/div>\n\n\n\n<p>\u201cO ensino [nos cursos de licenciatura] \u00e9 basicamente te\u00f3rico\u201d, destaca Costin. \u201cSeria o equivalente a formar um m\u00e9dico s\u00f3 com hist\u00f3ria da medicina, filosofia da medicina e sociologia da medicina. \u00c9 preciso ensinar a pr\u00e1tica profissional a esse candidato a ser professor como se ensina a um m\u00e9dico antes da resid\u00eancia m\u00e9dica\u201d, exemplifica. Segundo a especialista, seria preciso reformular a forma\u00e7\u00e3o docente e melhorar a atratividade da carreira.<\/p>\n\n\n\n<div class=\"wp-block-image\"><figure class=\"aligncenter size-large is-resized\"><a href=\"https:\/\/hotelmarquetti.com.br\/\"><img loading=\"lazy\" decoding=\"async\" src=\"https:\/\/jornalfatosenoticias.com.br\/wp-content\/uploads\/2020\/02\/nova-logo-Marquetti.jpg\" alt=\"\" class=\"wp-image-22331\" width=\"286\" height=\"192\" srcset=\"https:\/\/jornalfatosenoticias.com.br\/wp-content\/uploads\/2020\/02\/nova-logo-Marquetti.jpg 643w, https:\/\/jornalfatosenoticias.com.br\/wp-content\/uploads\/2020\/02\/nova-logo-Marquetti-300x202.jpg 300w\" sizes=\"auto, (max-width: 286px) 100vw, 286px\" \/><\/a><\/figure><\/div>\n\n\n\n<p>TIMSS pode ajudar o Brasil a pensar em curr\u00edculos melhores aos alunos<br>A participa\u00e7\u00e3o do Brasil no TIMSS pode ser uma oportunidade para melhorar o curr\u00edculo escolar do pa\u00eds, segundo Ilona Becskeh\u00e1zy. A avalia\u00e7\u00e3o tem como foco o curr\u00edculo e oferece \u00e0s autoridades brasileiras um par\u00e2metro exigente.<\/p>\n\n\n\n<div class=\"wp-block-image\"><figure class=\"aligncenter size-large is-resized\"><a href=\"https:\/\/www.instagram.com\/rcradiadores\/\"><img loading=\"lazy\" decoding=\"async\" src=\"https:\/\/jornalfatosenoticias.com.br\/wp-content\/uploads\/2022\/10\/RC_800x750_page-0001.jpg\" alt=\"\" class=\"wp-image-35338\" width=\"314\" height=\"294\" srcset=\"https:\/\/jornalfatosenoticias.com.br\/wp-content\/uploads\/2022\/10\/RC_800x750_page-0001.jpg 400w, https:\/\/jornalfatosenoticias.com.br\/wp-content\/uploads\/2022\/10\/RC_800x750_page-0001-300x281.jpg 300w\" sizes=\"auto, (max-width: 314px) 100vw, 314px\" \/><\/a><\/figure><\/div>\n\n\n\n<blockquote class=\"wp-block-quote is-layout-flow wp-block-quote-is-layout-flow\"><p><span class=\"has-inline-color has-luminous-vivid-orange-color\"><strong>\u201c\u00c9 \u00f3bvio que se uma sociedade como a brasileira tem baixas aspira\u00e7\u00f5es sobre as gera\u00e7\u00f5es futuras, os demais curr\u00edculos, decorrentes desses desejos med\u00edocres, tamb\u00e9m ser\u00e3o modestos\u201d,<\/strong> afirma. <strong>\u201cPara os pais de escolas privadas, sugiro que peguem os cadernos dos seus filhos de nove anos e vejam se eles j\u00e1 sabem fazer o que \u00e9 cobrado no TIMMS\u201d,<\/strong> sugere.<\/span><\/p><\/blockquote>\n\n\n\n<div class=\"wp-block-image\"><figure class=\"aligncenter size-large is-resized\"><a href=\"https:\/\/www.facebook.com\/profile.php?id=100069289606145\"><img loading=\"lazy\" decoding=\"async\" src=\"https:\/\/jornalfatosenoticias.com.br\/wp-content\/uploads\/2024\/11\/Guaitolini-Contabilidade-1024x714.jpeg\" alt=\"\" class=\"wp-image-55808\" width=\"320\" height=\"223\" srcset=\"https:\/\/jornalfatosenoticias.com.br\/wp-content\/uploads\/2024\/11\/Guaitolini-Contabilidade-1024x714.jpeg 1024w, https:\/\/jornalfatosenoticias.com.br\/wp-content\/uploads\/2024\/11\/Guaitolini-Contabilidade-300x209.jpeg 300w, https:\/\/jornalfatosenoticias.com.br\/wp-content\/uploads\/2024\/11\/Guaitolini-Contabilidade-768x535.jpeg 768w, https:\/\/jornalfatosenoticias.com.br\/wp-content\/uploads\/2024\/11\/Guaitolini-Contabilidade.jpeg 1280w\" sizes=\"auto, (max-width: 320px) 100vw, 320px\" \/><\/a><\/figure><\/div>\n\n\n\n<p>Becskeh\u00e1zy ainda relembra que o Brasil teria muito o que aprender com pa\u00edses asi\u00e1ticos, por exemplo, quando se trata de matem\u00e1tica. \u201cO que aconteceu com os pa\u00edses que participaram do TIMMS e PIRLS desde meados dos anos 1990 foi que tiveram a oportunidade de conhecer os curr\u00edculos de pa\u00edses como Singapura e Hong Kong e passaram a copi\u00e1-los. Isso &#8220;puxou para cima&#8221; as expectativas dos pa\u00edses ocidentais, que confiavam em uma suposta tradi\u00e7\u00e3o da forma\u00e7\u00e3o docente para que as pr\u00f3ximas gera\u00e7\u00f5es aprendessem\u201d, observa.<\/p>\n\n\n\n<div class=\"wp-block-image\"><figure class=\"aligncenter size-large is-resized\"><a href=\"https:\/\/www.controlsystems.com.br\/\"><img loading=\"lazy\" decoding=\"async\" src=\"https:\/\/jornalfatosenoticias.com.br\/wp-content\/uploads\/2020\/02\/CONTROL-CS.jpg\" alt=\"\" class=\"wp-image-44991\" width=\"301\" height=\"361\" srcset=\"https:\/\/jornalfatosenoticias.com.br\/wp-content\/uploads\/2020\/02\/CONTROL-CS.jpg 834w, https:\/\/jornalfatosenoticias.com.br\/wp-content\/uploads\/2020\/02\/CONTROL-CS-250x300.jpg 250w, https:\/\/jornalfatosenoticias.com.br\/wp-content\/uploads\/2020\/02\/CONTROL-CS-768x921.jpg 768w\" sizes=\"auto, (max-width: 301px) 100vw, 301px\" \/><\/a><\/figure><\/div>\n\n\n\n<p>O Brasil aderiu oficialmente \u00e0 avalia\u00e7\u00e3o do TIMSS no final de 2022, ainda no governo Bolsonaro, pelo ent\u00e3o ministro da educa\u00e7\u00e3o Victor Godoy. O objetivo era melhorar a avalia\u00e7\u00e3o dos impactos da pandemia da covid-19 na educa\u00e7\u00e3o brasileira.<\/p>\n\n\n\n<div class=\"wp-block-image\"><figure class=\"aligncenter size-large is-resized\"><a href=\"https:\/\/www.instagram.com\/restaurantepegoretti\/\"><img loading=\"lazy\" decoding=\"async\" src=\"https:\/\/jornalfatosenoticias.com.br\/wp-content\/uploads\/2023\/12\/pegoretti-logo-pdf-1024x389.jpg\" alt=\"\" class=\"wp-image-47536\" width=\"369\" height=\"140\" srcset=\"https:\/\/jornalfatosenoticias.com.br\/wp-content\/uploads\/2023\/12\/pegoretti-logo-pdf-1024x389.jpg 1024w, https:\/\/jornalfatosenoticias.com.br\/wp-content\/uploads\/2023\/12\/pegoretti-logo-pdf-300x114.jpg 300w, https:\/\/jornalfatosenoticias.com.br\/wp-content\/uploads\/2023\/12\/pegoretti-logo-pdf-768x291.jpg 768w, https:\/\/jornalfatosenoticias.com.br\/wp-content\/uploads\/2023\/12\/pegoretti-logo-pdf.jpg 1120w\" sizes=\"auto, (max-width: 369px) 100vw, 369px\" \/><\/a><\/figure><\/div>\n\n\n\n<p><strong><span class=\"has-inline-color has-vivid-purple-color\">Brasil deveria aproveitar resultados do TIMSS para resolver problemas educacionais<br><\/span><\/strong>O TIMSS \u00e9 uma avalia\u00e7\u00e3o organizada pela Associa\u00e7\u00e3o Internacional para a Avalia\u00e7\u00e3o do Desempenho Educacional (IEA). A IEA tamb\u00e9m \u00e9 respons\u00e1vel por organizar o PIRLS, que examina as habilidades de leitura e compreens\u00e3o leitora. \u201cEsses dois estudos (TIMMS e PIRLS) permitiram \u00e0s autoridades educacionais desses pa\u00edses perceberem a import\u00e2ncia do curr\u00edculo. Ali\u00e1s, uma velha m\u00e1xima do setor de administra\u00e7\u00e3o: o que n\u00e3o \u00e9 medido ou especificado simplesmente n\u00e3o acontece\u201d, avalia Becskeh\u00e1zy.<\/p>\n\n\n\n<div class=\"wp-block-image\"><figure class=\"aligncenter size-large is-resized\"><a href=\"https:\/\/www.instagram.com\/ligadossaborespizzaria\/\"><img loading=\"lazy\" decoding=\"async\" src=\"https:\/\/jornalfatosenoticias.com.br\/wp-content\/uploads\/2024\/09\/WhatsApp-Image-2024-09-14-at-22.46.10-819x1024.jpeg\" alt=\"\" class=\"wp-image-54180\" width=\"298\" height=\"373\" srcset=\"https:\/\/jornalfatosenoticias.com.br\/wp-content\/uploads\/2024\/09\/WhatsApp-Image-2024-09-14-at-22.46.10-819x1024.jpeg 819w, https:\/\/jornalfatosenoticias.com.br\/wp-content\/uploads\/2024\/09\/WhatsApp-Image-2024-09-14-at-22.46.10-240x300.jpeg 240w, https:\/\/jornalfatosenoticias.com.br\/wp-content\/uploads\/2024\/09\/WhatsApp-Image-2024-09-14-at-22.46.10-768x960.jpeg 768w, https:\/\/jornalfatosenoticias.com.br\/wp-content\/uploads\/2024\/09\/WhatsApp-Image-2024-09-14-at-22.46.10.jpeg 1024w\" sizes=\"auto, (max-width: 298px) 100vw, 298px\" \/><\/a><\/figure><\/div>\n\n\n\n<p>Para as especialistas ouvidas pela Gazeta do Povo, as habilidades de leitura e matem\u00e1tica est\u00e3o bastante relacionadas. <\/p>\n\n\n\n<blockquote class=\"wp-block-quote is-layout-flow wp-block-quote-is-layout-flow\"><p><span class=\"has-inline-color has-luminous-vivid-orange-color\">O fato de que a gente l\u00ea mal interfere na matem\u00e1tica tamb\u00e9m, e quase n\u00e3o falamos sobre isso. Mas se voc\u00ea tem um problema de matem\u00e1tica, voc\u00ea tem que entender a formula\u00e7\u00e3o da quest\u00e3o para poder responder bem naquele problema\u201d, explica Costin.<\/span><\/p><\/blockquote>\n\n\n\n<div class=\"wp-block-image\"><figure class=\"aligncenter size-large is-resized\"><a href=\"https:\/\/www.ithbrasil.com.br\/\"><img loading=\"lazy\" decoding=\"async\" src=\"https:\/\/jornalfatosenoticias.com.br\/wp-content\/uploads\/2023\/08\/ITH.jpeg\" alt=\"\" class=\"wp-image-44638\" width=\"296\" height=\"240\" srcset=\"https:\/\/jornalfatosenoticias.com.br\/wp-content\/uploads\/2023\/08\/ITH.jpeg 800w, https:\/\/jornalfatosenoticias.com.br\/wp-content\/uploads\/2023\/08\/ITH-300x244.jpeg 300w, https:\/\/jornalfatosenoticias.com.br\/wp-content\/uploads\/2023\/08\/ITH-768x624.jpeg 768w\" sizes=\"auto, (max-width: 296px) 100vw, 296px\" \/><\/a><\/figure><\/div>\n\n\n\n<p>Becskeh\u00e1zy acredita que o governo brasileiro pode utilizar melhor os resultados do TIMSS, como de outros exames internacionais, como o PIRLS e o Pisa, para ter um melhor diagn\u00f3stico da educa\u00e7\u00e3o brasileira. Uma compreens\u00e3o clara das dificuldades educacionais aumenta as chances das pol\u00edticas p\u00fablicas serem mais eficazes. <\/p>\n\n\n\n<div class=\"wp-block-image\"><figure class=\"aligncenter size-large is-resized\"><a href=\"https:\/\/www.instagram.com\/vmais.midias\/\"><img loading=\"lazy\" decoding=\"async\" src=\"https:\/\/jornalfatosenoticias.com.br\/wp-content\/uploads\/2020\/02\/DE-MAIS-DESTAQUE-VMAIS-800X700.png\" alt=\"\" class=\"wp-image-53112\" width=\"303\" height=\"264\" srcset=\"https:\/\/jornalfatosenoticias.com.br\/wp-content\/uploads\/2020\/02\/DE-MAIS-DESTAQUE-VMAIS-800X700.png 800w, https:\/\/jornalfatosenoticias.com.br\/wp-content\/uploads\/2020\/02\/DE-MAIS-DESTAQUE-VMAIS-800X700-768x672.png 768w\" sizes=\"auto, (max-width: 303px) 100vw, 303px\" \/><\/a><\/figure><\/div>\n\n\n\n<blockquote class=\"wp-block-quote is-layout-flow wp-block-quote-is-layout-flow\"><p><span class=\"has-inline-color has-luminous-vivid-orange-color\">Estamos estagnados na mediocridade h\u00e1 muito tempo e n\u00e3o vejo nenhuma chance de isso mudar nos pr\u00f3ximos anos. Mas \u00e9 preciso continuar com esses term\u00f4metros na mesa de cabeceira do doente\u201d, conclui.<\/span><\/p><\/blockquote>\n\n\n\n<div class=\"wp-block-image\"><figure class=\"aligncenter size-large\"><a href=\"https:\/\/www.facebook.com\/vetor.vix\/\"><img loading=\"lazy\" decoding=\"async\" width=\"1024\" height=\"273\" src=\"https:\/\/jornalfatosenoticias.com.br\/wp-content\/uploads\/2023\/09\/vetorvix1024_1.jpg\" alt=\"\" class=\"wp-image-44868\" srcset=\"https:\/\/jornalfatosenoticias.com.br\/wp-content\/uploads\/2023\/09\/vetorvix1024_1.jpg 1024w, https:\/\/jornalfatosenoticias.com.br\/wp-content\/uploads\/2023\/09\/vetorvix1024_1-300x80.jpg 300w, https:\/\/jornalfatosenoticias.com.br\/wp-content\/uploads\/2023\/09\/vetorvix1024_1-768x205.jpg 768w\" sizes=\"auto, (max-width: 1024px) 100vw, 1024px\" \/><\/a><\/figure><\/div>\n\n\n\n<p><strong><em>Fonte: <a href=\"https:\/\/www.gazetadopovo.com.br\/vida-e-cidadania\/desempenho-fraco-escolas-privadas-timss-2023\/\">Gazeta do Povo<\/a><\/em><\/strong><\/p>\n","protected":false},"excerpt":{"rendered":"<p>Brasil ficou entre os piores no ranking do TIMSS, avalia\u00e7\u00e3o internacional que mede desempenho de alunos do 4.\u00ba e 8.\u00ba ano em matem\u00e1tica e ci\u00eancias Por Marlice Pinto Vilela Alunos brasileiros de escolas privadas tiveram um desempenho superior aos estudantes de escolas p\u00fablicas no TIMSS, exame internacional que mede conhecimentos em matem\u00e1tica e ci\u00eancia, mas [&hellip;]<\/p>\n","protected":false},"author":2,"featured_media":56778,"comment_status":"open","ping_status":"open","sticky":false,"template":"","format":"standard","meta":{"footnotes":""},"categories":[7],"tags":[25898,15704,7813,25897,25899],"class_list":["post-56777","post","type-post","status-publish","format-standard","has-post-thumbnail","hentry","category-educacao","tag-crise-estrutural-da-educacao-no-brasil","tag-educacao-no-brasil","tag-pisa","tag-ranking-do-timss","tag-timss"],"yoast_head":"<!-- This site is optimized with the Yoast SEO plugin v26.5 - https:\/\/yoast.com\/wordpress\/plugins\/seo\/ -->\n<title>Desempenho fraco de alunos de escolas privadas em matem\u00e1tica exp\u00f5e crise estrutural da educa\u00e7\u00e3o no Brasil - Jornal Fatos e Not\u00edcias<\/title>\n<meta name=\"robots\" content=\"index, follow, max-snippet:-1, max-image-preview:large, max-video-preview:-1\" \/>\n<link rel=\"canonical\" href=\"https:\/\/jornalfatosenoticias.com.br\/index.php\/2025\/01\/13\/desempenho-fraco-de-alunos-de-escolas-privadas-em-matematica-expoe-crise-estrutural-da-educacao-no-brasil\/\" \/>\n<meta property=\"og:locale\" content=\"pt_BR\" \/>\n<meta property=\"og:type\" content=\"article\" \/>\n<meta property=\"og:title\" content=\"Desempenho fraco de alunos de escolas privadas em matem\u00e1tica exp\u00f5e crise estrutural da educa\u00e7\u00e3o no Brasil - Jornal Fatos e Not\u00edcias\" \/>\n<meta property=\"og:description\" content=\"Brasil ficou entre os piores no ranking do TIMSS, avalia\u00e7\u00e3o internacional que mede desempenho de alunos do 4.\u00ba e 8.\u00ba ano em matem\u00e1tica e ci\u00eancias Por Marlice Pinto Vilela Alunos brasileiros de escolas privadas tiveram um desempenho superior aos estudantes de escolas p\u00fablicas no TIMSS, exame internacional que mede conhecimentos em matem\u00e1tica e ci\u00eancia, mas [&hellip;]\" \/>\n<meta property=\"og:url\" content=\"https:\/\/jornalfatosenoticias.com.br\/index.php\/2025\/01\/13\/desempenho-fraco-de-alunos-de-escolas-privadas-em-matematica-expoe-crise-estrutural-da-educacao-no-brasil\/\" \/>\n<meta property=\"og:site_name\" content=\"Jornal Fatos e Not\u00edcias\" \/>\n<meta property=\"article:published_time\" content=\"2025-01-13T19:02:18+00:00\" \/>\n<meta property=\"article:modified_time\" content=\"2025-01-13T19:02:19+00:00\" \/>\n<meta property=\"og:image\" content=\"https:\/\/jornalfatosenoticias.com.br\/wp-content\/uploads\/2025\/01\/TIMSS_istock.jpg\" \/>\n\t<meta property=\"og:image:width\" content=\"612\" \/>\n\t<meta property=\"og:image:height\" content=\"371\" \/>\n\t<meta property=\"og:image:type\" content=\"image\/jpeg\" \/>\n<meta name=\"author\" content=\"Luzimara Fernandes\" \/>\n<meta name=\"twitter:card\" content=\"summary_large_image\" \/>\n<meta name=\"twitter:label1\" content=\"Escrito por\" \/>\n\t<meta name=\"twitter:data1\" content=\"Luzimara Fernandes\" \/>\n\t<meta name=\"twitter:label2\" content=\"Est. tempo de leitura\" \/>\n\t<meta name=\"twitter:data2\" content=\"6 minutos\" \/>\n<script type=\"application\/ld+json\" class=\"yoast-schema-graph\">{\"@context\":\"https:\/\/schema.org\",\"@graph\":[{\"@type\":\"Article\",\"@id\":\"https:\/\/jornalfatosenoticias.com.br\/index.php\/2025\/01\/13\/desempenho-fraco-de-alunos-de-escolas-privadas-em-matematica-expoe-crise-estrutural-da-educacao-no-brasil\/#article\",\"isPartOf\":{\"@id\":\"https:\/\/jornalfatosenoticias.com.br\/index.php\/2025\/01\/13\/desempenho-fraco-de-alunos-de-escolas-privadas-em-matematica-expoe-crise-estrutural-da-educacao-no-brasil\/\"},\"author\":{\"name\":\"Luzimara Fernandes\",\"@id\":\"https:\/\/jornalfatosenoticias.com.br\/#\/schema\/person\/d63837fa13ac8666eb9e74e0985d6f81\"},\"headline\":\"Desempenho fraco de alunos de escolas privadas em matem\u00e1tica exp\u00f5e crise estrutural da educa\u00e7\u00e3o no Brasil\",\"datePublished\":\"2025-01-13T19:02:18+00:00\",\"dateModified\":\"2025-01-13T19:02:19+00:00\",\"mainEntityOfPage\":{\"@id\":\"https:\/\/jornalfatosenoticias.com.br\/index.php\/2025\/01\/13\/desempenho-fraco-de-alunos-de-escolas-privadas-em-matematica-expoe-crise-estrutural-da-educacao-no-brasil\/\"},\"wordCount\":1169,\"commentCount\":0,\"publisher\":{\"@id\":\"https:\/\/jornalfatosenoticias.com.br\/#organization\"},\"image\":{\"@id\":\"https:\/\/jornalfatosenoticias.com.br\/index.php\/2025\/01\/13\/desempenho-fraco-de-alunos-de-escolas-privadas-em-matematica-expoe-crise-estrutural-da-educacao-no-brasil\/#primaryimage\"},\"thumbnailUrl\":\"https:\/\/jornalfatosenoticias.com.br\/wp-content\/uploads\/2025\/01\/TIMSS_istock.jpg\",\"keywords\":[\"crise estrutural da educa\u00e7\u00e3o no Brasil\",\"educa\u00e7\u00e3o no Brasil\",\"Pisa\",\"ranking do TIMSS\",\"TIMSS\"],\"articleSection\":[\"Educa\u00e7\u00e3o\"],\"inLanguage\":\"pt-BR\",\"potentialAction\":[{\"@type\":\"CommentAction\",\"name\":\"Comment\",\"target\":[\"https:\/\/jornalfatosenoticias.com.br\/index.php\/2025\/01\/13\/desempenho-fraco-de-alunos-de-escolas-privadas-em-matematica-expoe-crise-estrutural-da-educacao-no-brasil\/#respond\"]}]},{\"@type\":\"WebPage\",\"@id\":\"https:\/\/jornalfatosenoticias.com.br\/index.php\/2025\/01\/13\/desempenho-fraco-de-alunos-de-escolas-privadas-em-matematica-expoe-crise-estrutural-da-educacao-no-brasil\/\",\"url\":\"https:\/\/jornalfatosenoticias.com.br\/index.php\/2025\/01\/13\/desempenho-fraco-de-alunos-de-escolas-privadas-em-matematica-expoe-crise-estrutural-da-educacao-no-brasil\/\",\"name\":\"Desempenho fraco de alunos de escolas privadas em matem\u00e1tica exp\u00f5e crise estrutural da educa\u00e7\u00e3o no Brasil - Jornal Fatos e Not\u00edcias\",\"isPartOf\":{\"@id\":\"https:\/\/jornalfatosenoticias.com.br\/#website\"},\"primaryImageOfPage\":{\"@id\":\"https:\/\/jornalfatosenoticias.com.br\/index.php\/2025\/01\/13\/desempenho-fraco-de-alunos-de-escolas-privadas-em-matematica-expoe-crise-estrutural-da-educacao-no-brasil\/#primaryimage\"},\"image\":{\"@id\":\"https:\/\/jornalfatosenoticias.com.br\/index.php\/2025\/01\/13\/desempenho-fraco-de-alunos-de-escolas-privadas-em-matematica-expoe-crise-estrutural-da-educacao-no-brasil\/#primaryimage\"},\"thumbnailUrl\":\"https:\/\/jornalfatosenoticias.com.br\/wp-content\/uploads\/2025\/01\/TIMSS_istock.jpg\",\"datePublished\":\"2025-01-13T19:02:18+00:00\",\"dateModified\":\"2025-01-13T19:02:19+00:00\",\"breadcrumb\":{\"@id\":\"https:\/\/jornalfatosenoticias.com.br\/index.php\/2025\/01\/13\/desempenho-fraco-de-alunos-de-escolas-privadas-em-matematica-expoe-crise-estrutural-da-educacao-no-brasil\/#breadcrumb\"},\"inLanguage\":\"pt-BR\",\"potentialAction\":[{\"@type\":\"ReadAction\",\"target\":[\"https:\/\/jornalfatosenoticias.com.br\/index.php\/2025\/01\/13\/desempenho-fraco-de-alunos-de-escolas-privadas-em-matematica-expoe-crise-estrutural-da-educacao-no-brasil\/\"]}]},{\"@type\":\"ImageObject\",\"inLanguage\":\"pt-BR\",\"@id\":\"https:\/\/jornalfatosenoticias.com.br\/index.php\/2025\/01\/13\/desempenho-fraco-de-alunos-de-escolas-privadas-em-matematica-expoe-crise-estrutural-da-educacao-no-brasil\/#primaryimage\",\"url\":\"https:\/\/jornalfatosenoticias.com.br\/wp-content\/uploads\/2025\/01\/TIMSS_istock.jpg\",\"contentUrl\":\"https:\/\/jornalfatosenoticias.com.br\/wp-content\/uploads\/2025\/01\/TIMSS_istock.jpg\",\"width\":612,\"height\":371,\"caption\":\"Rear view of middle school students studying in classroom\"},{\"@type\":\"BreadcrumbList\",\"@id\":\"https:\/\/jornalfatosenoticias.com.br\/index.php\/2025\/01\/13\/desempenho-fraco-de-alunos-de-escolas-privadas-em-matematica-expoe-crise-estrutural-da-educacao-no-brasil\/#breadcrumb\",\"itemListElement\":[{\"@type\":\"ListItem\",\"position\":1,\"name\":\"In\u00edcio\",\"item\":\"https:\/\/jornalfatosenoticias.com.br\/\"},{\"@type\":\"ListItem\",\"position\":2,\"name\":\"Desempenho fraco de alunos de escolas privadas em matem\u00e1tica exp\u00f5e crise estrutural da educa\u00e7\u00e3o no Brasil\"}]},{\"@type\":\"WebSite\",\"@id\":\"https:\/\/jornalfatosenoticias.com.br\/#website\",\"url\":\"https:\/\/jornalfatosenoticias.com.br\/\",\"name\":\"Jornal Fatos e Not\u00edcias\",\"description\":\"Not\u00edcias em geral\",\"publisher\":{\"@id\":\"https:\/\/jornalfatosenoticias.com.br\/#organization\"},\"potentialAction\":[{\"@type\":\"SearchAction\",\"target\":{\"@type\":\"EntryPoint\",\"urlTemplate\":\"https:\/\/jornalfatosenoticias.com.br\/?s={search_term_string}\"},\"query-input\":{\"@type\":\"PropertyValueSpecification\",\"valueRequired\":true,\"valueName\":\"search_term_string\"}}],\"inLanguage\":\"pt-BR\"},{\"@type\":\"Organization\",\"@id\":\"https:\/\/jornalfatosenoticias.com.br\/#organization\",\"name\":\"Jornal Fatos e Not\u00edcias\",\"url\":\"https:\/\/jornalfatosenoticias.com.br\/\",\"logo\":{\"@type\":\"ImageObject\",\"inLanguage\":\"pt-BR\",\"@id\":\"https:\/\/jornalfatosenoticias.com.br\/#\/schema\/logo\/image\/\",\"url\":\"https:\/\/jornalfatosenoticias.com.br\/wp-content\/uploads\/2020\/02\/logo120.png\",\"contentUrl\":\"https:\/\/jornalfatosenoticias.com.br\/wp-content\/uploads\/2020\/02\/logo120.png\",\"width\":1227,\"height\":120,\"caption\":\"Jornal Fatos e Not\u00edcias\"},\"image\":{\"@id\":\"https:\/\/jornalfatosenoticias.com.br\/#\/schema\/logo\/image\/\"}},{\"@type\":\"Person\",\"@id\":\"https:\/\/jornalfatosenoticias.com.br\/#\/schema\/person\/d63837fa13ac8666eb9e74e0985d6f81\",\"name\":\"Luzimara Fernandes\",\"image\":{\"@type\":\"ImageObject\",\"inLanguage\":\"pt-BR\",\"@id\":\"https:\/\/jornalfatosenoticias.com.br\/#\/schema\/person\/image\/\",\"url\":\"https:\/\/jornalfatosenoticias.com.br\/wp-content\/uploads\/2025\/05\/EU_portal.jpg\",\"contentUrl\":\"https:\/\/jornalfatosenoticias.com.br\/wp-content\/uploads\/2025\/05\/EU_portal.jpg\",\"caption\":\"Luzimara Fernandes\"},\"description\":\"Jornalista MTB 2358-ES\",\"sameAs\":[\"https:\/\/jornalfatosenoticias.com.br\"],\"url\":\"https:\/\/jornalfatosenoticias.com.br\/index.php\/author\/luzimara\/\"}]}<\/script>\n<!-- \/ Yoast SEO plugin. -->","yoast_head_json":{"title":"Desempenho fraco de alunos de escolas privadas em matem\u00e1tica exp\u00f5e crise estrutural da educa\u00e7\u00e3o no Brasil - Jornal Fatos e Not\u00edcias","robots":{"index":"index","follow":"follow","max-snippet":"max-snippet:-1","max-image-preview":"max-image-preview:large","max-video-preview":"max-video-preview:-1"},"canonical":"https:\/\/jornalfatosenoticias.com.br\/index.php\/2025\/01\/13\/desempenho-fraco-de-alunos-de-escolas-privadas-em-matematica-expoe-crise-estrutural-da-educacao-no-brasil\/","og_locale":"pt_BR","og_type":"article","og_title":"Desempenho fraco de alunos de escolas privadas em matem\u00e1tica exp\u00f5e crise estrutural da educa\u00e7\u00e3o no Brasil - Jornal Fatos e Not\u00edcias","og_description":"Brasil ficou entre os piores no ranking do TIMSS, avalia\u00e7\u00e3o internacional que mede desempenho de alunos do 4.\u00ba e 8.\u00ba ano em matem\u00e1tica e ci\u00eancias Por Marlice Pinto Vilela Alunos brasileiros de escolas privadas tiveram um desempenho superior aos estudantes de escolas p\u00fablicas no TIMSS, exame internacional que mede conhecimentos em matem\u00e1tica e ci\u00eancia, mas [&hellip;]","og_url":"https:\/\/jornalfatosenoticias.com.br\/index.php\/2025\/01\/13\/desempenho-fraco-de-alunos-de-escolas-privadas-em-matematica-expoe-crise-estrutural-da-educacao-no-brasil\/","og_site_name":"Jornal Fatos e Not\u00edcias","article_published_time":"2025-01-13T19:02:18+00:00","article_modified_time":"2025-01-13T19:02:19+00:00","og_image":[{"width":612,"height":371,"url":"https:\/\/jornalfatosenoticias.com.br\/wp-content\/uploads\/2025\/01\/TIMSS_istock.jpg","type":"image\/jpeg"}],"author":"Luzimara Fernandes","twitter_card":"summary_large_image","twitter_misc":{"Escrito por":"Luzimara Fernandes","Est. tempo de leitura":"6 minutos"},"schema":{"@context":"https:\/\/schema.org","@graph":[{"@type":"Article","@id":"https:\/\/jornalfatosenoticias.com.br\/index.php\/2025\/01\/13\/desempenho-fraco-de-alunos-de-escolas-privadas-em-matematica-expoe-crise-estrutural-da-educacao-no-brasil\/#article","isPartOf":{"@id":"https:\/\/jornalfatosenoticias.com.br\/index.php\/2025\/01\/13\/desempenho-fraco-de-alunos-de-escolas-privadas-em-matematica-expoe-crise-estrutural-da-educacao-no-brasil\/"},"author":{"name":"Luzimara Fernandes","@id":"https:\/\/jornalfatosenoticias.com.br\/#\/schema\/person\/d63837fa13ac8666eb9e74e0985d6f81"},"headline":"Desempenho fraco de alunos de escolas privadas em matem\u00e1tica exp\u00f5e crise estrutural da educa\u00e7\u00e3o no Brasil","datePublished":"2025-01-13T19:02:18+00:00","dateModified":"2025-01-13T19:02:19+00:00","mainEntityOfPage":{"@id":"https:\/\/jornalfatosenoticias.com.br\/index.php\/2025\/01\/13\/desempenho-fraco-de-alunos-de-escolas-privadas-em-matematica-expoe-crise-estrutural-da-educacao-no-brasil\/"},"wordCount":1169,"commentCount":0,"publisher":{"@id":"https:\/\/jornalfatosenoticias.com.br\/#organization"},"image":{"@id":"https:\/\/jornalfatosenoticias.com.br\/index.php\/2025\/01\/13\/desempenho-fraco-de-alunos-de-escolas-privadas-em-matematica-expoe-crise-estrutural-da-educacao-no-brasil\/#primaryimage"},"thumbnailUrl":"https:\/\/jornalfatosenoticias.com.br\/wp-content\/uploads\/2025\/01\/TIMSS_istock.jpg","keywords":["crise estrutural da educa\u00e7\u00e3o no Brasil","educa\u00e7\u00e3o no Brasil","Pisa","ranking do TIMSS","TIMSS"],"articleSection":["Educa\u00e7\u00e3o"],"inLanguage":"pt-BR","potentialAction":[{"@type":"CommentAction","name":"Comment","target":["https:\/\/jornalfatosenoticias.com.br\/index.php\/2025\/01\/13\/desempenho-fraco-de-alunos-de-escolas-privadas-em-matematica-expoe-crise-estrutural-da-educacao-no-brasil\/#respond"]}]},{"@type":"WebPage","@id":"https:\/\/jornalfatosenoticias.com.br\/index.php\/2025\/01\/13\/desempenho-fraco-de-alunos-de-escolas-privadas-em-matematica-expoe-crise-estrutural-da-educacao-no-brasil\/","url":"https:\/\/jornalfatosenoticias.com.br\/index.php\/2025\/01\/13\/desempenho-fraco-de-alunos-de-escolas-privadas-em-matematica-expoe-crise-estrutural-da-educacao-no-brasil\/","name":"Desempenho fraco de alunos de escolas privadas em matem\u00e1tica exp\u00f5e crise estrutural da educa\u00e7\u00e3o no Brasil - Jornal Fatos e Not\u00edcias","isPartOf":{"@id":"https:\/\/jornalfatosenoticias.com.br\/#website"},"primaryImageOfPage":{"@id":"https:\/\/jornalfatosenoticias.com.br\/index.php\/2025\/01\/13\/desempenho-fraco-de-alunos-de-escolas-privadas-em-matematica-expoe-crise-estrutural-da-educacao-no-brasil\/#primaryimage"},"image":{"@id":"https:\/\/jornalfatosenoticias.com.br\/index.php\/2025\/01\/13\/desempenho-fraco-de-alunos-de-escolas-privadas-em-matematica-expoe-crise-estrutural-da-educacao-no-brasil\/#primaryimage"},"thumbnailUrl":"https:\/\/jornalfatosenoticias.com.br\/wp-content\/uploads\/2025\/01\/TIMSS_istock.jpg","datePublished":"2025-01-13T19:02:18+00:00","dateModified":"2025-01-13T19:02:19+00:00","breadcrumb":{"@id":"https:\/\/jornalfatosenoticias.com.br\/index.php\/2025\/01\/13\/desempenho-fraco-de-alunos-de-escolas-privadas-em-matematica-expoe-crise-estrutural-da-educacao-no-brasil\/#breadcrumb"},"inLanguage":"pt-BR","potentialAction":[{"@type":"ReadAction","target":["https:\/\/jornalfatosenoticias.com.br\/index.php\/2025\/01\/13\/desempenho-fraco-de-alunos-de-escolas-privadas-em-matematica-expoe-crise-estrutural-da-educacao-no-brasil\/"]}]},{"@type":"ImageObject","inLanguage":"pt-BR","@id":"https:\/\/jornalfatosenoticias.com.br\/index.php\/2025\/01\/13\/desempenho-fraco-de-alunos-de-escolas-privadas-em-matematica-expoe-crise-estrutural-da-educacao-no-brasil\/#primaryimage","url":"https:\/\/jornalfatosenoticias.com.br\/wp-content\/uploads\/2025\/01\/TIMSS_istock.jpg","contentUrl":"https:\/\/jornalfatosenoticias.com.br\/wp-content\/uploads\/2025\/01\/TIMSS_istock.jpg","width":612,"height":371,"caption":"Rear view of middle school students studying in classroom"},{"@type":"BreadcrumbList","@id":"https:\/\/jornalfatosenoticias.com.br\/index.php\/2025\/01\/13\/desempenho-fraco-de-alunos-de-escolas-privadas-em-matematica-expoe-crise-estrutural-da-educacao-no-brasil\/#breadcrumb","itemListElement":[{"@type":"ListItem","position":1,"name":"In\u00edcio","item":"https:\/\/jornalfatosenoticias.com.br\/"},{"@type":"ListItem","position":2,"name":"Desempenho fraco de alunos de escolas privadas em matem\u00e1tica exp\u00f5e crise estrutural da educa\u00e7\u00e3o no Brasil"}]},{"@type":"WebSite","@id":"https:\/\/jornalfatosenoticias.com.br\/#website","url":"https:\/\/jornalfatosenoticias.com.br\/","name":"Jornal Fatos e Not\u00edcias","description":"Not\u00edcias em geral","publisher":{"@id":"https:\/\/jornalfatosenoticias.com.br\/#organization"},"potentialAction":[{"@type":"SearchAction","target":{"@type":"EntryPoint","urlTemplate":"https:\/\/jornalfatosenoticias.com.br\/?s={search_term_string}"},"query-input":{"@type":"PropertyValueSpecification","valueRequired":true,"valueName":"search_term_string"}}],"inLanguage":"pt-BR"},{"@type":"Organization","@id":"https:\/\/jornalfatosenoticias.com.br\/#organization","name":"Jornal Fatos e Not\u00edcias","url":"https:\/\/jornalfatosenoticias.com.br\/","logo":{"@type":"ImageObject","inLanguage":"pt-BR","@id":"https:\/\/jornalfatosenoticias.com.br\/#\/schema\/logo\/image\/","url":"https:\/\/jornalfatosenoticias.com.br\/wp-content\/uploads\/2020\/02\/logo120.png","contentUrl":"https:\/\/jornalfatosenoticias.com.br\/wp-content\/uploads\/2020\/02\/logo120.png","width":1227,"height":120,"caption":"Jornal Fatos e Not\u00edcias"},"image":{"@id":"https:\/\/jornalfatosenoticias.com.br\/#\/schema\/logo\/image\/"}},{"@type":"Person","@id":"https:\/\/jornalfatosenoticias.com.br\/#\/schema\/person\/d63837fa13ac8666eb9e74e0985d6f81","name":"Luzimara Fernandes","image":{"@type":"ImageObject","inLanguage":"pt-BR","@id":"https:\/\/jornalfatosenoticias.com.br\/#\/schema\/person\/image\/","url":"https:\/\/jornalfatosenoticias.com.br\/wp-content\/uploads\/2025\/05\/EU_portal.jpg","contentUrl":"https:\/\/jornalfatosenoticias.com.br\/wp-content\/uploads\/2025\/05\/EU_portal.jpg","caption":"Luzimara Fernandes"},"description":"Jornalista MTB 2358-ES","sameAs":["https:\/\/jornalfatosenoticias.com.br"],"url":"https:\/\/jornalfatosenoticias.com.br\/index.php\/author\/luzimara\/"}]}},"cc_featured_image_caption":{"caption_text":"(Foto: iStock) ","source_text":"","source_url":""},"jetpack_featured_media_url":"https:\/\/jornalfatosenoticias.com.br\/wp-content\/uploads\/2025\/01\/TIMSS_istock.jpg","_links":{"self":[{"href":"https:\/\/jornalfatosenoticias.com.br\/index.php\/wp-json\/wp\/v2\/posts\/56777","targetHints":{"allow":["GET"]}}],"collection":[{"href":"https:\/\/jornalfatosenoticias.com.br\/index.php\/wp-json\/wp\/v2\/posts"}],"about":[{"href":"https:\/\/jornalfatosenoticias.com.br\/index.php\/wp-json\/wp\/v2\/types\/post"}],"author":[{"embeddable":true,"href":"https:\/\/jornalfatosenoticias.com.br\/index.php\/wp-json\/wp\/v2\/users\/2"}],"replies":[{"embeddable":true,"href":"https:\/\/jornalfatosenoticias.com.br\/index.php\/wp-json\/wp\/v2\/comments?post=56777"}],"version-history":[{"count":0,"href":"https:\/\/jornalfatosenoticias.com.br\/index.php\/wp-json\/wp\/v2\/posts\/56777\/revisions"}],"wp:featuredmedia":[{"embeddable":true,"href":"https:\/\/jornalfatosenoticias.com.br\/index.php\/wp-json\/wp\/v2\/media\/56778"}],"wp:attachment":[{"href":"https:\/\/jornalfatosenoticias.com.br\/index.php\/wp-json\/wp\/v2\/media?parent=56777"}],"wp:term":[{"taxonomy":"category","embeddable":true,"href":"https:\/\/jornalfatosenoticias.com.br\/index.php\/wp-json\/wp\/v2\/categories?post=56777"},{"taxonomy":"post_tag","embeddable":true,"href":"https:\/\/jornalfatosenoticias.com.br\/index.php\/wp-json\/wp\/v2\/tags?post=56777"}],"curies":[{"name":"wp","href":"https:\/\/api.w.org\/{rel}","templated":true}]}}