{"id":56792,"date":"2025-01-14T09:14:42","date_gmt":"2025-01-14T12:14:42","guid":{"rendered":"https:\/\/jornalfatosenoticias.com.br\/?p=56792"},"modified":"2025-01-14T09:14:43","modified_gmt":"2025-01-14T12:14:43","slug":"dicas-para-brincadeiras-longe-de-telas-nas-ferias","status":"publish","type":"post","link":"https:\/\/jornalfatosenoticias.com.br\/index.php\/2025\/01\/14\/dicas-para-brincadeiras-longe-de-telas-nas-ferias\/","title":{"rendered":"Dicas para brincadeiras longe de telas nas f\u00e9rias"},"content":{"rendered":"\n<p><em><span class=\"has-inline-color has-black-color\">Especialista traz ideias para manter as crian\u00e7as felizes e entretidas sem depender de aparelhos eletr\u00f4nicos<\/span><\/em><\/p>\n\n\n\n<div class=\"wp-block-image\"><figure class=\"aligncenter size-large\"><a href=\"https:\/\/panper.com.br\/\"><img loading=\"lazy\" decoding=\"async\" width=\"1024\" height=\"111\" src=\"https:\/\/jornalfatosenoticias.com.br\/wp-content\/uploads\/2020\/02\/WhatsApp-Image-2022-09-23-at-12.09.18-1024x111.jpeg\" alt=\"\" class=\"wp-image-34527\" srcset=\"https:\/\/jornalfatosenoticias.com.br\/wp-content\/uploads\/2020\/02\/WhatsApp-Image-2022-09-23-at-12.09.18-1024x111.jpeg 1024w, https:\/\/jornalfatosenoticias.com.br\/wp-content\/uploads\/2020\/02\/WhatsApp-Image-2022-09-23-at-12.09.18-300x32.jpeg 300w, https:\/\/jornalfatosenoticias.com.br\/wp-content\/uploads\/2020\/02\/WhatsApp-Image-2022-09-23-at-12.09.18-768x83.jpeg 768w, https:\/\/jornalfatosenoticias.com.br\/wp-content\/uploads\/2020\/02\/WhatsApp-Image-2022-09-23-at-12.09.18.jpeg 1121w\" sizes=\"auto, (max-width: 1024px) 100vw, 1024px\" \/><\/a><\/figure><\/div>\n\n\n\n<p>As <a href=\"https:\/\/ciclovivo.com.br\/vida-sustentavel\/bem-estar\/ferias-escolares-estimular-contato-natureza\/\" target=\"_blank\" rel=\"noreferrer noopener\">f\u00e9rias de ver\u00e3o<\/a> s\u00e3o um per\u00edodo em que crian\u00e7as e adultos constroem mem\u00f3rias de momentos especiais. \u00c9 tamb\u00e9m uma oportunidade de fortalecer a conex\u00e3o entre fam\u00edlia e amigos e \u2014 sempre que poss\u00edvel \u2014 explorar o mundo, de prefer\u00eancia perto da natureza.<br>Para os pequenos, as brincadeiras s\u00e3o uma parte importante deste per\u00edodo que tamb\u00e9m contribuem para o seu desenvolvimento pleno e saud\u00e1vel. Al\u00e9m da divers\u00e3o, o brincar est\u00e1 associado ao aprendizado, coordena\u00e7\u00e3o motora e ao pensamento abstrato, usado para imaginar outras realidades e fortalecer a criatividade.<\/p>\n\n\n\n<div class=\"wp-block-image\"><figure class=\"aligncenter size-large\"><a href=\"https:\/\/cesconetto.com.br\/\"><img loading=\"lazy\" decoding=\"async\" width=\"300\" height=\"250\" src=\"https:\/\/jornalfatosenoticias.com.br\/wp-content\/uploads\/2022\/02\/Banner-2.png\" alt=\"\" class=\"wp-image-27877\"\/><\/a><\/figure><\/div>\n\n\n\n<p>Mas tudo isso est\u00e1 amea\u00e7ado pela presen\u00e7a exagerada de telas atualmente. Adultos e crian\u00e7as frequentemente \u201cse perdem\u201d nos est\u00edmulos imediatos oferecidos por celulares e outros aparelhos eletr\u00f4nicos. O resultado s\u00e3o horas perdidas em frente a telas e que deixaram de ser aproveitadas no mundo off-line, com <a href=\"https:\/\/ciclovivo.com.br\/vida-sustentavel\/bem-estar\/5-beneficios-das-amizades-para-a-saude-dos-idosos\/\" target=\"_blank\" rel=\"noreferrer noopener\">conex\u00f5es mais significativas<\/a> que a internet.<\/p>\n\n\n\n<div class=\"wp-block-image\"><figure class=\"aligncenter size-large is-resized\"><a href=\"https:\/\/www.instagram.com\/restaurantepegoretti\/\"><img loading=\"lazy\" decoding=\"async\" src=\"https:\/\/jornalfatosenoticias.com.br\/wp-content\/uploads\/2023\/12\/pegoretti-logo-pdf-1024x389.jpg\" alt=\"\" class=\"wp-image-47536\" width=\"411\" height=\"156\" srcset=\"https:\/\/jornalfatosenoticias.com.br\/wp-content\/uploads\/2023\/12\/pegoretti-logo-pdf-1024x389.jpg 1024w, https:\/\/jornalfatosenoticias.com.br\/wp-content\/uploads\/2023\/12\/pegoretti-logo-pdf-300x114.jpg 300w, https:\/\/jornalfatosenoticias.com.br\/wp-content\/uploads\/2023\/12\/pegoretti-logo-pdf-768x291.jpg 768w, https:\/\/jornalfatosenoticias.com.br\/wp-content\/uploads\/2023\/12\/pegoretti-logo-pdf.jpg 1120w\" sizes=\"auto, (max-width: 411px) 100vw, 411px\" \/><\/a><\/figure><\/div>\n\n\n\n<p>\u201cSempre \u00e9 importante refor\u00e7armos aos pais e respons\u00e1veis que o brincar para as crian\u00e7as n\u00e3o \u00e9 uma atividade meramente l\u00fadica, mas \u00e9 a forma com que ela vai construindo seu universo, expressa seus sentimentos e dialoga com o mundo a sua volta\u201d, revela Andreia Aparecida de Castro, diretora do Marista Escola Social Irm\u00e3o Louren\u00e7o, que atende gratuitamente crian\u00e7as e adolescentes na Zona Leste de S\u00e3o Paulo.<\/p>\n\n\n\n<div class=\"wp-block-image\"><figure class=\"aligncenter size-large is-resized\"><a href=\"https:\/\/www.facebook.com\/profile.php?id=100069289606145\"><img loading=\"lazy\" decoding=\"async\" src=\"https:\/\/jornalfatosenoticias.com.br\/wp-content\/uploads\/2024\/11\/Guaitolini-Contabilidade-1024x714.jpeg\" alt=\"\" class=\"wp-image-55808\" width=\"312\" height=\"217\" srcset=\"https:\/\/jornalfatosenoticias.com.br\/wp-content\/uploads\/2024\/11\/Guaitolini-Contabilidade-1024x714.jpeg 1024w, https:\/\/jornalfatosenoticias.com.br\/wp-content\/uploads\/2024\/11\/Guaitolini-Contabilidade-300x209.jpeg 300w, https:\/\/jornalfatosenoticias.com.br\/wp-content\/uploads\/2024\/11\/Guaitolini-Contabilidade-768x535.jpeg 768w, https:\/\/jornalfatosenoticias.com.br\/wp-content\/uploads\/2024\/11\/Guaitolini-Contabilidade.jpeg 1280w\" sizes=\"auto, (max-width: 312px) 100vw, 312px\" \/><\/a><\/figure><\/div>\n\n\n\n<p><strong><span class=\"has-inline-color has-vivid-purple-color\">Brincar, brincar e brincar<br><\/span><\/strong>Uma inf\u00e2ncia cercada de brincadeiras contribui para que a crian\u00e7a se sinta mais segura e pronta para as atividades da sua rotina. O uso de telas em excesso, t\u00e3o presente na sociedade, pode ter um impacto muito negativo. Segundo um estudo realizado por pesquisadores australianos da JAMA Pediatrics, quanto mais tempo a crian\u00e7a fica exposta \u00e0s telas, menos ela conversa com os pais, o que impacta diretamente o desenvolvimento infantil e as rela\u00e7\u00f5es familiares.<\/p>\n\n\n\n<div class=\"wp-block-image\"><figure class=\"aligncenter size-large is-resized\"><a href=\"https:\/\/www.instagram.com\/esteiochurrascaria\/\"><img loading=\"lazy\" decoding=\"async\" src=\"https:\/\/jornalfatosenoticias.com.br\/wp-content\/uploads\/2022\/02\/LOGO-ESTEIO-1024x730.png\" alt=\"\" class=\"wp-image-27942\" width=\"313\" height=\"223\" srcset=\"https:\/\/jornalfatosenoticias.com.br\/wp-content\/uploads\/2022\/02\/LOGO-ESTEIO-1024x730.png 1024w, https:\/\/jornalfatosenoticias.com.br\/wp-content\/uploads\/2022\/02\/LOGO-ESTEIO-300x214.png 300w, https:\/\/jornalfatosenoticias.com.br\/wp-content\/uploads\/2022\/02\/LOGO-ESTEIO-768x548.png 768w, https:\/\/jornalfatosenoticias.com.br\/wp-content\/uploads\/2022\/02\/LOGO-ESTEIO.png 1123w\" sizes=\"auto, (max-width: 313px) 100vw, 313px\" \/><\/a><\/figure><\/div>\n\n\n\n<p>Para a educadora, as telas s\u00e3o ferramentas que est\u00e3o dispon\u00edveis e s\u00e3o parte do presente e futuro, por\u00e9m \u00e9 preciso seguir o tempo adequado de exposi\u00e7\u00e3o para cada faixa et\u00e1ria. <\/p>\n\n\n\n<blockquote class=\"wp-block-quote is-layout-flow wp-block-quote-is-layout-flow\"><p><span class=\"has-inline-color has-luminous-vivid-orange-color\">\u00c9 preciso respeitar o tempo adequado para cada idade, e incluir momentos em que a brincadeira possa ser realizada com materiais recicl\u00e1veis, com a m\u00e3o na massa na cozinha, ou at\u00e9 resgatando brincadeiras antigas. S\u00e3o atividades que enriquecem os momentos familiares, e ainda proporcionam conex\u00f5es e mem\u00f3rias para toda a vida, ideias f\u00e1ceis e prontas para serem realizadas nas f\u00e9rias de ver\u00e3o\u201d, finaliza.<\/span><\/p><\/blockquote>\n\n\n\n<div class=\"wp-block-image\"><figure class=\"aligncenter size-large is-resized\"><a href=\"https:\/\/www.instagram.com\/ligadossaborespizzaria\/\"><img loading=\"lazy\" decoding=\"async\" src=\"https:\/\/jornalfatosenoticias.com.br\/wp-content\/uploads\/2020\/02\/WhatsApp-Image-2024-10-02-at-08.18.14-819x1024.jpeg\" alt=\"\" class=\"wp-image-54612\" width=\"295\" height=\"368\" srcset=\"https:\/\/jornalfatosenoticias.com.br\/wp-content\/uploads\/2020\/02\/WhatsApp-Image-2024-10-02-at-08.18.14-819x1024.jpeg 819w, https:\/\/jornalfatosenoticias.com.br\/wp-content\/uploads\/2020\/02\/WhatsApp-Image-2024-10-02-at-08.18.14-240x300.jpeg 240w, https:\/\/jornalfatosenoticias.com.br\/wp-content\/uploads\/2020\/02\/WhatsApp-Image-2024-10-02-at-08.18.14-768x960.jpeg 768w, https:\/\/jornalfatosenoticias.com.br\/wp-content\/uploads\/2020\/02\/WhatsApp-Image-2024-10-02-at-08.18.14.jpeg 1024w\" sizes=\"auto, (max-width: 295px) 100vw, 295px\" \/><\/a><\/figure><\/div>\n\n\n\n<p><strong><span class=\"has-inline-color has-vivid-purple-color\">Dicas para brincadeiras longe das telas<br><\/span><span class=\"has-inline-color has-vivid-cyan-blue-color\">1. Escolha a natureza<br><\/span><\/strong>Os parques e pra\u00e7as s\u00e3o bons lugares para explorar a natureza. Espa\u00e7os ao ar livre oferecem \u00e0 crian\u00e7a uma gama de materiais, possibilidades de desafios, intera\u00e7\u00e3o e inven\u00e7\u00e3o que a desafiam a criar, pensar e imaginar brincadeiras e brinquedos sem fim, inimagin\u00e1veis.<\/p>\n\n\n\n<div class=\"wp-block-image\"><figure class=\"aligncenter size-large is-resized\"><a href=\"https:\/\/www.legisjuris.com.br\/\"><img loading=\"lazy\" decoding=\"async\" src=\"https:\/\/jornalfatosenoticias.com.br\/wp-content\/uploads\/2024\/09\/Legis-Juris-Consultoria_logo.jpg\" alt=\"\" class=\"wp-image-53915\" width=\"440\" height=\"184\" srcset=\"https:\/\/jornalfatosenoticias.com.br\/wp-content\/uploads\/2024\/09\/Legis-Juris-Consultoria_logo.jpg 969w, https:\/\/jornalfatosenoticias.com.br\/wp-content\/uploads\/2024\/09\/Legis-Juris-Consultoria_logo-300x126.jpg 300w, https:\/\/jornalfatosenoticias.com.br\/wp-content\/uploads\/2024\/09\/Legis-Juris-Consultoria_logo-768x322.jpg 768w\" sizes=\"auto, (max-width: 440px) 100vw, 440px\" \/><\/a><\/figure><\/div>\n\n\n\n<p><strong><span class=\"has-inline-color has-vivid-cyan-blue-color\">2. Estimule a criatividade<br><\/span><\/strong>Se a op\u00e7\u00e3o for ficar em casa uma boa dica \u00e9 estimular a criatividade das crian\u00e7as. H\u00e1 v\u00e1rias alternativas que podem ser utilizadas, como um teatro de bonecos feitos de meia, uma pintura em fam\u00edlia, dan\u00e7ar com aquela fantasia que foi utilizada no Carnaval, entre outras. Todas essas atividades proporcionam v\u00ednculos entre adultos e crian\u00e7as.<\/p>\n\n\n\n<div class=\"wp-block-image\"><figure class=\"aligncenter size-large is-resized\"><a href=\"https:\/\/hotelmarquetti.com.br\/\"><img loading=\"lazy\" decoding=\"async\" src=\"https:\/\/jornalfatosenoticias.com.br\/wp-content\/uploads\/2023\/03\/nova-logo-Marquetti.jpg\" alt=\"\" class=\"wp-image-40207\" width=\"320\" height=\"215\" srcset=\"https:\/\/jornalfatosenoticias.com.br\/wp-content\/uploads\/2023\/03\/nova-logo-Marquetti.jpg 643w, https:\/\/jornalfatosenoticias.com.br\/wp-content\/uploads\/2023\/03\/nova-logo-Marquetti-300x202.jpg 300w\" sizes=\"auto, (max-width: 320px) 100vw, 320px\" \/><\/a><\/figure><\/div>\n\n\n\n<p><strong><span class=\"has-inline-color has-vivid-cyan-blue-color\">3. Inclua toda a fam\u00edlia<br><\/span><\/strong>Esque\u00e7a de vez a ideia de que brincar \u00e9 s\u00f3 para as crian\u00e7as e aproveite o momento. Um campeonato de jogos de tabuleiro em fam\u00edlia ou de jogos esportivos com av\u00f3s, tios, primos e irm\u00e3os podem ser uma boa pedida. \u201c\u00c9 uma oportunidade de estimular o prazer da brincadeira nos adultos tamb\u00e9m, fortalecendo as habilidades e a imagina\u00e7\u00e3o\u201d, refor\u00e7a.<\/p>\n\n\n\n<div class=\"wp-block-image\"><figure class=\"aligncenter size-large is-resized\"><a href=\"https:\/\/www.ithbrasil.com.br\/\"><img loading=\"lazy\" decoding=\"async\" src=\"https:\/\/jornalfatosenoticias.com.br\/wp-content\/uploads\/2023\/08\/ITH.jpeg\" alt=\"\" class=\"wp-image-44638\" width=\"304\" height=\"247\" srcset=\"https:\/\/jornalfatosenoticias.com.br\/wp-content\/uploads\/2023\/08\/ITH.jpeg 800w, https:\/\/jornalfatosenoticias.com.br\/wp-content\/uploads\/2023\/08\/ITH-300x244.jpeg 300w, https:\/\/jornalfatosenoticias.com.br\/wp-content\/uploads\/2023\/08\/ITH-768x624.jpeg 768w\" sizes=\"auto, (max-width: 304px) 100vw, 304px\" \/><\/a><\/figure><\/div>\n\n\n\n<p><strong><span class=\"has-inline-color has-vivid-cyan-blue-color\">4. Valorize a arte<br><\/span><\/strong>Um passeio em uma pe\u00e7a de teatro infantil ou em uma biblioteca com conta\u00e7\u00e3o de hist\u00f3rias tamb\u00e9m s\u00e3o boas ideias para as f\u00e9rias de ver\u00e3o. \u201cUsando a imagina\u00e7\u00e3o a crian\u00e7a vai explorando as possibilidades de cria\u00e7\u00e3o e fortalecendo h\u00e1bitos que podem potencializar a sua criatividade\u201d, afirma.<\/p>\n\n\n\n<div class=\"wp-block-image\"><figure class=\"aligncenter size-large is-resized\"><a href=\"https:\/\/www.instagram.com\/vmais.midias\/\"><img loading=\"lazy\" decoding=\"async\" src=\"https:\/\/jornalfatosenoticias.com.br\/wp-content\/uploads\/2020\/02\/DE-MAIS-DESTAQUE-VMAIS-800X700.png\" alt=\"\" class=\"wp-image-53112\" width=\"300\" height=\"261\"\/><\/a><\/figure><\/div>\n\n\n\n<p><strong><span class=\"has-inline-color has-vivid-cyan-blue-color\">5. Resgate brincadeiras antigas<br><\/span><\/strong>Se voc\u00ea foi aquela crian\u00e7a cheia de energia e disposi\u00e7\u00e3o, porque n\u00e3o mostrar brincadeiras da sua inf\u00e2ncia? Mostre como voc\u00ea brincava, quais as regras, com quem voc\u00ea brincava, aproveite o momento para apresentar uma nova brincadeira e ainda relembrar o passado.<\/p>\n\n\n\n<p><strong><em>Fonte: <a href=\"https:\/\/ciclovivo.com.br\/vida-sustentavel\/equilibrio\/ferias-5-dicas-para-brincadeiras-longe-de-telas\/\">CicloVivo<\/a><\/em><\/strong><\/p>\n","protected":false},"excerpt":{"rendered":"<p>Especialista traz ideias para manter as crian\u00e7as felizes e entretidas sem depender de aparelhos eletr\u00f4nicos As f\u00e9rias de ver\u00e3o s\u00e3o um per\u00edodo em que crian\u00e7as e adultos constroem mem\u00f3rias de momentos especiais. \u00c9 tamb\u00e9m uma oportunidade de fortalecer a conex\u00e3o entre fam\u00edlia e amigos e \u2014 sempre que poss\u00edvel \u2014 explorar o mundo, de prefer\u00eancia [&hellip;]<\/p>\n","protected":false},"author":2,"featured_media":56793,"comment_status":"open","ping_status":"open","sticky":false,"template":"","format":"standard","meta":{"footnotes":""},"categories":[42],"tags":[1054,670,6617,25902],"class_list":["post-56792","post","type-post","status-publish","format-standard","has-post-thumbnail","hentry","category-bem-estar","tag-brincadeiras","tag-criancas","tag-ferias","tag-ods-4"],"yoast_head":"<!-- This site is optimized with the Yoast SEO plugin v26.5 - https:\/\/yoast.com\/wordpress\/plugins\/seo\/ -->\n<title>Dicas para brincadeiras longe de telas nas f\u00e9rias - Jornal Fatos e Not\u00edcias<\/title>\n<meta name=\"robots\" content=\"index, follow, max-snippet:-1, max-image-preview:large, max-video-preview:-1\" \/>\n<link rel=\"canonical\" href=\"https:\/\/jornalfatosenoticias.com.br\/index.php\/2025\/01\/14\/dicas-para-brincadeiras-longe-de-telas-nas-ferias\/\" \/>\n<meta property=\"og:locale\" content=\"pt_BR\" \/>\n<meta property=\"og:type\" content=\"article\" \/>\n<meta property=\"og:title\" content=\"Dicas para brincadeiras longe de telas nas f\u00e9rias - Jornal Fatos e Not\u00edcias\" \/>\n<meta property=\"og:description\" content=\"Especialista traz ideias para manter as crian\u00e7as felizes e entretidas sem depender de aparelhos eletr\u00f4nicos As f\u00e9rias de ver\u00e3o s\u00e3o um per\u00edodo em que crian\u00e7as e adultos constroem mem\u00f3rias de momentos especiais. \u00c9 tamb\u00e9m uma oportunidade de fortalecer a conex\u00e3o entre fam\u00edlia e amigos e \u2014 sempre que poss\u00edvel \u2014 explorar o mundo, de prefer\u00eancia [&hellip;]\" \/>\n<meta property=\"og:url\" content=\"https:\/\/jornalfatosenoticias.com.br\/index.php\/2025\/01\/14\/dicas-para-brincadeiras-longe-de-telas-nas-ferias\/\" \/>\n<meta property=\"og:site_name\" content=\"Jornal Fatos e Not\u00edcias\" \/>\n<meta property=\"article:published_time\" content=\"2025-01-14T12:14:42+00:00\" \/>\n<meta property=\"article:modified_time\" content=\"2025-01-14T12:14:43+00:00\" \/>\n<meta property=\"og:image\" content=\"https:\/\/jornalfatosenoticias.com.br\/wp-content\/uploads\/2025\/01\/criancas-brincando-de-amarelinha-desenhada-com-giz-colorido-no-asfalto_freepik.jpg\" \/>\n\t<meta property=\"og:image:width\" content=\"740\" \/>\n\t<meta property=\"og:image:height\" content=\"493\" \/>\n\t<meta property=\"og:image:type\" content=\"image\/jpeg\" \/>\n<meta name=\"author\" content=\"Luzimara Fernandes\" \/>\n<meta name=\"twitter:card\" content=\"summary_large_image\" \/>\n<meta name=\"twitter:label1\" content=\"Escrito por\" \/>\n\t<meta name=\"twitter:data1\" content=\"Luzimara Fernandes\" \/>\n\t<meta name=\"twitter:label2\" content=\"Est. tempo de leitura\" \/>\n\t<meta name=\"twitter:data2\" content=\"4 minutos\" \/>\n<script type=\"application\/ld+json\" class=\"yoast-schema-graph\">{\"@context\":\"https:\/\/schema.org\",\"@graph\":[{\"@type\":\"Article\",\"@id\":\"https:\/\/jornalfatosenoticias.com.br\/index.php\/2025\/01\/14\/dicas-para-brincadeiras-longe-de-telas-nas-ferias\/#article\",\"isPartOf\":{\"@id\":\"https:\/\/jornalfatosenoticias.com.br\/index.php\/2025\/01\/14\/dicas-para-brincadeiras-longe-de-telas-nas-ferias\/\"},\"author\":{\"name\":\"Luzimara Fernandes\",\"@id\":\"https:\/\/jornalfatosenoticias.com.br\/#\/schema\/person\/d63837fa13ac8666eb9e74e0985d6f81\"},\"headline\":\"Dicas para brincadeiras longe de telas nas f\u00e9rias\",\"datePublished\":\"2025-01-14T12:14:42+00:00\",\"dateModified\":\"2025-01-14T12:14:43+00:00\",\"mainEntityOfPage\":{\"@id\":\"https:\/\/jornalfatosenoticias.com.br\/index.php\/2025\/01\/14\/dicas-para-brincadeiras-longe-de-telas-nas-ferias\/\"},\"wordCount\":750,\"commentCount\":0,\"publisher\":{\"@id\":\"https:\/\/jornalfatosenoticias.com.br\/#organization\"},\"image\":{\"@id\":\"https:\/\/jornalfatosenoticias.com.br\/index.php\/2025\/01\/14\/dicas-para-brincadeiras-longe-de-telas-nas-ferias\/#primaryimage\"},\"thumbnailUrl\":\"https:\/\/jornalfatosenoticias.com.br\/wp-content\/uploads\/2025\/01\/criancas-brincando-de-amarelinha-desenhada-com-giz-colorido-no-asfalto_freepik.jpg\",\"keywords\":[\"brincadeiras\",\"crian\u00e7as\",\"f\u00e9rias\",\"ODS 4\"],\"articleSection\":[\"Bem-estar\"],\"inLanguage\":\"pt-BR\",\"potentialAction\":[{\"@type\":\"CommentAction\",\"name\":\"Comment\",\"target\":[\"https:\/\/jornalfatosenoticias.com.br\/index.php\/2025\/01\/14\/dicas-para-brincadeiras-longe-de-telas-nas-ferias\/#respond\"]}]},{\"@type\":\"WebPage\",\"@id\":\"https:\/\/jornalfatosenoticias.com.br\/index.php\/2025\/01\/14\/dicas-para-brincadeiras-longe-de-telas-nas-ferias\/\",\"url\":\"https:\/\/jornalfatosenoticias.com.br\/index.php\/2025\/01\/14\/dicas-para-brincadeiras-longe-de-telas-nas-ferias\/\",\"name\":\"Dicas para brincadeiras longe de telas nas f\u00e9rias - Jornal Fatos e Not\u00edcias\",\"isPartOf\":{\"@id\":\"https:\/\/jornalfatosenoticias.com.br\/#website\"},\"primaryImageOfPage\":{\"@id\":\"https:\/\/jornalfatosenoticias.com.br\/index.php\/2025\/01\/14\/dicas-para-brincadeiras-longe-de-telas-nas-ferias\/#primaryimage\"},\"image\":{\"@id\":\"https:\/\/jornalfatosenoticias.com.br\/index.php\/2025\/01\/14\/dicas-para-brincadeiras-longe-de-telas-nas-ferias\/#primaryimage\"},\"thumbnailUrl\":\"https:\/\/jornalfatosenoticias.com.br\/wp-content\/uploads\/2025\/01\/criancas-brincando-de-amarelinha-desenhada-com-giz-colorido-no-asfalto_freepik.jpg\",\"datePublished\":\"2025-01-14T12:14:42+00:00\",\"dateModified\":\"2025-01-14T12:14:43+00:00\",\"breadcrumb\":{\"@id\":\"https:\/\/jornalfatosenoticias.com.br\/index.php\/2025\/01\/14\/dicas-para-brincadeiras-longe-de-telas-nas-ferias\/#breadcrumb\"},\"inLanguage\":\"pt-BR\",\"potentialAction\":[{\"@type\":\"ReadAction\",\"target\":[\"https:\/\/jornalfatosenoticias.com.br\/index.php\/2025\/01\/14\/dicas-para-brincadeiras-longe-de-telas-nas-ferias\/\"]}]},{\"@type\":\"ImageObject\",\"inLanguage\":\"pt-BR\",\"@id\":\"https:\/\/jornalfatosenoticias.com.br\/index.php\/2025\/01\/14\/dicas-para-brincadeiras-longe-de-telas-nas-ferias\/#primaryimage\",\"url\":\"https:\/\/jornalfatosenoticias.com.br\/wp-content\/uploads\/2025\/01\/criancas-brincando-de-amarelinha-desenhada-com-giz-colorido-no-asfalto_freepik.jpg\",\"contentUrl\":\"https:\/\/jornalfatosenoticias.com.br\/wp-content\/uploads\/2025\/01\/criancas-brincando-de-amarelinha-desenhada-com-giz-colorido-no-asfalto_freepik.jpg\",\"width\":740,\"height\":493},{\"@type\":\"BreadcrumbList\",\"@id\":\"https:\/\/jornalfatosenoticias.com.br\/index.php\/2025\/01\/14\/dicas-para-brincadeiras-longe-de-telas-nas-ferias\/#breadcrumb\",\"itemListElement\":[{\"@type\":\"ListItem\",\"position\":1,\"name\":\"In\u00edcio\",\"item\":\"https:\/\/jornalfatosenoticias.com.br\/\"},{\"@type\":\"ListItem\",\"position\":2,\"name\":\"Dicas para brincadeiras longe de telas nas f\u00e9rias\"}]},{\"@type\":\"WebSite\",\"@id\":\"https:\/\/jornalfatosenoticias.com.br\/#website\",\"url\":\"https:\/\/jornalfatosenoticias.com.br\/\",\"name\":\"Jornal Fatos e Not\u00edcias\",\"description\":\"Not\u00edcias em geral\",\"publisher\":{\"@id\":\"https:\/\/jornalfatosenoticias.com.br\/#organization\"},\"potentialAction\":[{\"@type\":\"SearchAction\",\"target\":{\"@type\":\"EntryPoint\",\"urlTemplate\":\"https:\/\/jornalfatosenoticias.com.br\/?s={search_term_string}\"},\"query-input\":{\"@type\":\"PropertyValueSpecification\",\"valueRequired\":true,\"valueName\":\"search_term_string\"}}],\"inLanguage\":\"pt-BR\"},{\"@type\":\"Organization\",\"@id\":\"https:\/\/jornalfatosenoticias.com.br\/#organization\",\"name\":\"Jornal Fatos e Not\u00edcias\",\"url\":\"https:\/\/jornalfatosenoticias.com.br\/\",\"logo\":{\"@type\":\"ImageObject\",\"inLanguage\":\"pt-BR\",\"@id\":\"https:\/\/jornalfatosenoticias.com.br\/#\/schema\/logo\/image\/\",\"url\":\"https:\/\/jornalfatosenoticias.com.br\/wp-content\/uploads\/2020\/02\/logo120.png\",\"contentUrl\":\"https:\/\/jornalfatosenoticias.com.br\/wp-content\/uploads\/2020\/02\/logo120.png\",\"width\":1227,\"height\":120,\"caption\":\"Jornal Fatos e Not\u00edcias\"},\"image\":{\"@id\":\"https:\/\/jornalfatosenoticias.com.br\/#\/schema\/logo\/image\/\"}},{\"@type\":\"Person\",\"@id\":\"https:\/\/jornalfatosenoticias.com.br\/#\/schema\/person\/d63837fa13ac8666eb9e74e0985d6f81\",\"name\":\"Luzimara Fernandes\",\"image\":{\"@type\":\"ImageObject\",\"inLanguage\":\"pt-BR\",\"@id\":\"https:\/\/jornalfatosenoticias.com.br\/#\/schema\/person\/image\/\",\"url\":\"https:\/\/jornalfatosenoticias.com.br\/wp-content\/uploads\/2025\/05\/EU_portal.jpg\",\"contentUrl\":\"https:\/\/jornalfatosenoticias.com.br\/wp-content\/uploads\/2025\/05\/EU_portal.jpg\",\"caption\":\"Luzimara Fernandes\"},\"description\":\"Jornalista MTB 2358-ES\",\"sameAs\":[\"https:\/\/jornalfatosenoticias.com.br\"],\"url\":\"https:\/\/jornalfatosenoticias.com.br\/index.php\/author\/luzimara\/\"}]}<\/script>\n<!-- \/ Yoast SEO plugin. -->","yoast_head_json":{"title":"Dicas para brincadeiras longe de telas nas f\u00e9rias - Jornal Fatos e Not\u00edcias","robots":{"index":"index","follow":"follow","max-snippet":"max-snippet:-1","max-image-preview":"max-image-preview:large","max-video-preview":"max-video-preview:-1"},"canonical":"https:\/\/jornalfatosenoticias.com.br\/index.php\/2025\/01\/14\/dicas-para-brincadeiras-longe-de-telas-nas-ferias\/","og_locale":"pt_BR","og_type":"article","og_title":"Dicas para brincadeiras longe de telas nas f\u00e9rias - Jornal Fatos e Not\u00edcias","og_description":"Especialista traz ideias para manter as crian\u00e7as felizes e entretidas sem depender de aparelhos eletr\u00f4nicos As f\u00e9rias de ver\u00e3o s\u00e3o um per\u00edodo em que crian\u00e7as e adultos constroem mem\u00f3rias de momentos especiais. \u00c9 tamb\u00e9m uma oportunidade de fortalecer a conex\u00e3o entre fam\u00edlia e amigos e \u2014 sempre que poss\u00edvel \u2014 explorar o mundo, de prefer\u00eancia [&hellip;]","og_url":"https:\/\/jornalfatosenoticias.com.br\/index.php\/2025\/01\/14\/dicas-para-brincadeiras-longe-de-telas-nas-ferias\/","og_site_name":"Jornal Fatos e Not\u00edcias","article_published_time":"2025-01-14T12:14:42+00:00","article_modified_time":"2025-01-14T12:14:43+00:00","og_image":[{"width":740,"height":493,"url":"https:\/\/jornalfatosenoticias.com.br\/wp-content\/uploads\/2025\/01\/criancas-brincando-de-amarelinha-desenhada-com-giz-colorido-no-asfalto_freepik.jpg","type":"image\/jpeg"}],"author":"Luzimara Fernandes","twitter_card":"summary_large_image","twitter_misc":{"Escrito por":"Luzimara Fernandes","Est. tempo de leitura":"4 minutos"},"schema":{"@context":"https:\/\/schema.org","@graph":[{"@type":"Article","@id":"https:\/\/jornalfatosenoticias.com.br\/index.php\/2025\/01\/14\/dicas-para-brincadeiras-longe-de-telas-nas-ferias\/#article","isPartOf":{"@id":"https:\/\/jornalfatosenoticias.com.br\/index.php\/2025\/01\/14\/dicas-para-brincadeiras-longe-de-telas-nas-ferias\/"},"author":{"name":"Luzimara Fernandes","@id":"https:\/\/jornalfatosenoticias.com.br\/#\/schema\/person\/d63837fa13ac8666eb9e74e0985d6f81"},"headline":"Dicas para brincadeiras longe de telas nas f\u00e9rias","datePublished":"2025-01-14T12:14:42+00:00","dateModified":"2025-01-14T12:14:43+00:00","mainEntityOfPage":{"@id":"https:\/\/jornalfatosenoticias.com.br\/index.php\/2025\/01\/14\/dicas-para-brincadeiras-longe-de-telas-nas-ferias\/"},"wordCount":750,"commentCount":0,"publisher":{"@id":"https:\/\/jornalfatosenoticias.com.br\/#organization"},"image":{"@id":"https:\/\/jornalfatosenoticias.com.br\/index.php\/2025\/01\/14\/dicas-para-brincadeiras-longe-de-telas-nas-ferias\/#primaryimage"},"thumbnailUrl":"https:\/\/jornalfatosenoticias.com.br\/wp-content\/uploads\/2025\/01\/criancas-brincando-de-amarelinha-desenhada-com-giz-colorido-no-asfalto_freepik.jpg","keywords":["brincadeiras","crian\u00e7as","f\u00e9rias","ODS 4"],"articleSection":["Bem-estar"],"inLanguage":"pt-BR","potentialAction":[{"@type":"CommentAction","name":"Comment","target":["https:\/\/jornalfatosenoticias.com.br\/index.php\/2025\/01\/14\/dicas-para-brincadeiras-longe-de-telas-nas-ferias\/#respond"]}]},{"@type":"WebPage","@id":"https:\/\/jornalfatosenoticias.com.br\/index.php\/2025\/01\/14\/dicas-para-brincadeiras-longe-de-telas-nas-ferias\/","url":"https:\/\/jornalfatosenoticias.com.br\/index.php\/2025\/01\/14\/dicas-para-brincadeiras-longe-de-telas-nas-ferias\/","name":"Dicas para brincadeiras longe de telas nas f\u00e9rias - Jornal Fatos e Not\u00edcias","isPartOf":{"@id":"https:\/\/jornalfatosenoticias.com.br\/#website"},"primaryImageOfPage":{"@id":"https:\/\/jornalfatosenoticias.com.br\/index.php\/2025\/01\/14\/dicas-para-brincadeiras-longe-de-telas-nas-ferias\/#primaryimage"},"image":{"@id":"https:\/\/jornalfatosenoticias.com.br\/index.php\/2025\/01\/14\/dicas-para-brincadeiras-longe-de-telas-nas-ferias\/#primaryimage"},"thumbnailUrl":"https:\/\/jornalfatosenoticias.com.br\/wp-content\/uploads\/2025\/01\/criancas-brincando-de-amarelinha-desenhada-com-giz-colorido-no-asfalto_freepik.jpg","datePublished":"2025-01-14T12:14:42+00:00","dateModified":"2025-01-14T12:14:43+00:00","breadcrumb":{"@id":"https:\/\/jornalfatosenoticias.com.br\/index.php\/2025\/01\/14\/dicas-para-brincadeiras-longe-de-telas-nas-ferias\/#breadcrumb"},"inLanguage":"pt-BR","potentialAction":[{"@type":"ReadAction","target":["https:\/\/jornalfatosenoticias.com.br\/index.php\/2025\/01\/14\/dicas-para-brincadeiras-longe-de-telas-nas-ferias\/"]}]},{"@type":"ImageObject","inLanguage":"pt-BR","@id":"https:\/\/jornalfatosenoticias.com.br\/index.php\/2025\/01\/14\/dicas-para-brincadeiras-longe-de-telas-nas-ferias\/#primaryimage","url":"https:\/\/jornalfatosenoticias.com.br\/wp-content\/uploads\/2025\/01\/criancas-brincando-de-amarelinha-desenhada-com-giz-colorido-no-asfalto_freepik.jpg","contentUrl":"https:\/\/jornalfatosenoticias.com.br\/wp-content\/uploads\/2025\/01\/criancas-brincando-de-amarelinha-desenhada-com-giz-colorido-no-asfalto_freepik.jpg","width":740,"height":493},{"@type":"BreadcrumbList","@id":"https:\/\/jornalfatosenoticias.com.br\/index.php\/2025\/01\/14\/dicas-para-brincadeiras-longe-de-telas-nas-ferias\/#breadcrumb","itemListElement":[{"@type":"ListItem","position":1,"name":"In\u00edcio","item":"https:\/\/jornalfatosenoticias.com.br\/"},{"@type":"ListItem","position":2,"name":"Dicas para brincadeiras longe de telas nas f\u00e9rias"}]},{"@type":"WebSite","@id":"https:\/\/jornalfatosenoticias.com.br\/#website","url":"https:\/\/jornalfatosenoticias.com.br\/","name":"Jornal Fatos e Not\u00edcias","description":"Not\u00edcias em geral","publisher":{"@id":"https:\/\/jornalfatosenoticias.com.br\/#organization"},"potentialAction":[{"@type":"SearchAction","target":{"@type":"EntryPoint","urlTemplate":"https:\/\/jornalfatosenoticias.com.br\/?s={search_term_string}"},"query-input":{"@type":"PropertyValueSpecification","valueRequired":true,"valueName":"search_term_string"}}],"inLanguage":"pt-BR"},{"@type":"Organization","@id":"https:\/\/jornalfatosenoticias.com.br\/#organization","name":"Jornal Fatos e Not\u00edcias","url":"https:\/\/jornalfatosenoticias.com.br\/","logo":{"@type":"ImageObject","inLanguage":"pt-BR","@id":"https:\/\/jornalfatosenoticias.com.br\/#\/schema\/logo\/image\/","url":"https:\/\/jornalfatosenoticias.com.br\/wp-content\/uploads\/2020\/02\/logo120.png","contentUrl":"https:\/\/jornalfatosenoticias.com.br\/wp-content\/uploads\/2020\/02\/logo120.png","width":1227,"height":120,"caption":"Jornal Fatos e Not\u00edcias"},"image":{"@id":"https:\/\/jornalfatosenoticias.com.br\/#\/schema\/logo\/image\/"}},{"@type":"Person","@id":"https:\/\/jornalfatosenoticias.com.br\/#\/schema\/person\/d63837fa13ac8666eb9e74e0985d6f81","name":"Luzimara Fernandes","image":{"@type":"ImageObject","inLanguage":"pt-BR","@id":"https:\/\/jornalfatosenoticias.com.br\/#\/schema\/person\/image\/","url":"https:\/\/jornalfatosenoticias.com.br\/wp-content\/uploads\/2025\/05\/EU_portal.jpg","contentUrl":"https:\/\/jornalfatosenoticias.com.br\/wp-content\/uploads\/2025\/05\/EU_portal.jpg","caption":"Luzimara Fernandes"},"description":"Jornalista MTB 2358-ES","sameAs":["https:\/\/jornalfatosenoticias.com.br"],"url":"https:\/\/jornalfatosenoticias.com.br\/index.php\/author\/luzimara\/"}]}},"cc_featured_image_caption":{"caption_text":"(Foto: Freepik) ","source_text":"","source_url":""},"jetpack_featured_media_url":"https:\/\/jornalfatosenoticias.com.br\/wp-content\/uploads\/2025\/01\/criancas-brincando-de-amarelinha-desenhada-com-giz-colorido-no-asfalto_freepik.jpg","_links":{"self":[{"href":"https:\/\/jornalfatosenoticias.com.br\/index.php\/wp-json\/wp\/v2\/posts\/56792","targetHints":{"allow":["GET"]}}],"collection":[{"href":"https:\/\/jornalfatosenoticias.com.br\/index.php\/wp-json\/wp\/v2\/posts"}],"about":[{"href":"https:\/\/jornalfatosenoticias.com.br\/index.php\/wp-json\/wp\/v2\/types\/post"}],"author":[{"embeddable":true,"href":"https:\/\/jornalfatosenoticias.com.br\/index.php\/wp-json\/wp\/v2\/users\/2"}],"replies":[{"embeddable":true,"href":"https:\/\/jornalfatosenoticias.com.br\/index.php\/wp-json\/wp\/v2\/comments?post=56792"}],"version-history":[{"count":0,"href":"https:\/\/jornalfatosenoticias.com.br\/index.php\/wp-json\/wp\/v2\/posts\/56792\/revisions"}],"wp:featuredmedia":[{"embeddable":true,"href":"https:\/\/jornalfatosenoticias.com.br\/index.php\/wp-json\/wp\/v2\/media\/56793"}],"wp:attachment":[{"href":"https:\/\/jornalfatosenoticias.com.br\/index.php\/wp-json\/wp\/v2\/media?parent=56792"}],"wp:term":[{"taxonomy":"category","embeddable":true,"href":"https:\/\/jornalfatosenoticias.com.br\/index.php\/wp-json\/wp\/v2\/categories?post=56792"},{"taxonomy":"post_tag","embeddable":true,"href":"https:\/\/jornalfatosenoticias.com.br\/index.php\/wp-json\/wp\/v2\/tags?post=56792"}],"curies":[{"name":"wp","href":"https:\/\/api.w.org\/{rel}","templated":true}]}}