{"id":56795,"date":"2025-01-14T09:25:25","date_gmt":"2025-01-14T12:25:25","guid":{"rendered":"https:\/\/jornalfatosenoticias.com.br\/?p=56795"},"modified":"2025-01-14T09:25:27","modified_gmt":"2025-01-14T12:25:27","slug":"o-sol-ficou-azul-ha-quase-200-anos-e-agora-sabemos-o-real-motivo","status":"publish","type":"post","link":"https:\/\/jornalfatosenoticias.com.br\/index.php\/2025\/01\/14\/o-sol-ficou-azul-ha-quase-200-anos-e-agora-sabemos-o-real-motivo\/","title":{"rendered":"O Sol ficou \u201cazul\u201d h\u00e1 quase 200 anos e agora sabemos o real motivo"},"content":{"rendered":"\n<p><em><span class=\"has-inline-color has-black-color\">Uma erup\u00e7\u00e3o fantasma pode ter feito o nosso Sol mudar de cor por um breve per\u00edodo em 1831; saiba como isso aconteceu<\/span><\/em><\/p>\n\n\n\n<p><span class=\"has-inline-color has-black-color\">Por <strong><a href=\"https:\/\/olhardigital.com.br\/author\/lucas-soares\/\">Lucas Soares<\/a><\/strong><\/span><\/p>\n\n\n\n<div class=\"wp-block-image\"><figure class=\"aligncenter size-large\"><a href=\"https:\/\/mizu.com.br\/\"><img loading=\"lazy\" decoding=\"async\" width=\"729\" height=\"90\" src=\"https:\/\/jornalfatosenoticias.com.br\/wp-content\/uploads\/2020\/02\/Logo_Mizu.png\" alt=\"\" class=\"wp-image-1441\" srcset=\"https:\/\/jornalfatosenoticias.com.br\/wp-content\/uploads\/2020\/02\/Logo_Mizu.png 729w, https:\/\/jornalfatosenoticias.com.br\/wp-content\/uploads\/2020\/02\/Logo_Mizu-300x37.png 300w\" sizes=\"auto, (max-width: 729px) 100vw, 729px\" \/><\/a><\/figure><\/div>\n\n\n\n<p>J\u00e1 imaginou acordar e o Sol estar azul? Bem, se voc\u00ea estivesse em 1831, isso poderia muito bem ser verdade. H\u00e1 quase 200 anos o <a href=\"https:\/\/olhardigital.com.br\/2025\/01\/07\/ciencia-e-espaco\/sonda-revela-o-som-das-explosoes-solares\/\"><strong>nosso astro<\/strong><\/a>\u00a0mudou de aspecto<a href=\"https:\/\/olhardigital.com.br\/2025\/01\/07\/medicina-e-saude\/o-que-acontece-se-voce-ficar-um-ano-sem-tomar-sol\/\">\u00a0<strong>aqui da Terra, causando mudan\u00e7as no clima<\/strong><\/a> de todo o planeta, mas at\u00e9 hoje o motivo disso ter acontecido n\u00e3o estava claro. Eu disse \u201cat\u00e9 hoje\u201d, pois o mist\u00e9rio parece ter sido desvendado por uma equipe de cientistas <strong><a href=\"https:\/\/news.st-andrews.ac.uk\/archive\/st-andrews-researchers-solve-200-year-volcanic-mystery\/\">Universidade de St. Andrews<\/a>.\u00a0<\/strong><br>A causa seria uma \u201cerup\u00e7\u00e3o vulc\u00e2nica fantasma\u201d, que culminou em um resfriamento brusco das temperaturas da Terra entre 1831 e 1833. No per\u00edodo, o clima no nosso planeta ficou cerca de 1\u00b0C mais gelado.<\/p>\n\n\n\n<div class=\"wp-block-image\"><figure class=\"aligncenter size-large is-resized\"><a href=\"https:\/\/www.controlsystems.com.br\/\"><img loading=\"lazy\" decoding=\"async\" src=\"https:\/\/jornalfatosenoticias.com.br\/wp-content\/uploads\/2020\/02\/CONTROL-CS.jpg\" alt=\"\" class=\"wp-image-44991\" width=\"285\" height=\"342\" srcset=\"https:\/\/jornalfatosenoticias.com.br\/wp-content\/uploads\/2020\/02\/CONTROL-CS.jpg 834w, https:\/\/jornalfatosenoticias.com.br\/wp-content\/uploads\/2020\/02\/CONTROL-CS-250x300.jpg 250w, https:\/\/jornalfatosenoticias.com.br\/wp-content\/uploads\/2020\/02\/CONTROL-CS-768x921.jpg 768w\" sizes=\"auto, (max-width: 285px) 100vw, 285px\" \/><\/a><\/figure><\/div>\n\n\n\n<p>Mas isso n\u00e3o \u00e9 exatamente uma novidade, os cientistas j\u00e1 especulavam que o \u201cSol azul\u201d tivesse sido causado por uma erup\u00e7\u00e3o, a d\u00favida estava em qual vulc\u00e3o teria causado um evento dessa magnitude. Por isso, a erup\u00e7\u00e3o ficou conhecida como \u201cfantasma\u201d. As principais apostas eram que o evento foi consequ\u00eancia de abalos do vulc\u00e3o Babuyan Claro, nas Filipinas, ou na erup\u00e7\u00e3o Ferdinandea, perto da Sic\u00edlia.<\/p>\n\n\n\n<div class=\"wp-block-image\"><figure class=\"aligncenter size-large is-resized\"><a href=\"https:\/\/www.instagram.com\/rcradiadores\/\"><img loading=\"lazy\" decoding=\"async\" src=\"https:\/\/jornalfatosenoticias.com.br\/wp-content\/uploads\/2022\/10\/RC_800x750_page-0001.jpg\" alt=\"\" class=\"wp-image-35338\" width=\"311\" height=\"292\" srcset=\"https:\/\/jornalfatosenoticias.com.br\/wp-content\/uploads\/2022\/10\/RC_800x750_page-0001.jpg 400w, https:\/\/jornalfatosenoticias.com.br\/wp-content\/uploads\/2022\/10\/RC_800x750_page-0001-300x281.jpg 300w\" sizes=\"auto, (max-width: 311px) 100vw, 311px\" \/><\/a><\/figure><\/div>\n\n\n\n<p>Mas a verdadeira identidade do nosso fantasma parece estar no extremo oriente da R\u00fassia, pr\u00f3ximo ao Jap\u00e3o, na ilha desabitada de Simushir, parte das Ilhas Curilas. O estudo foi publicado na revista <strong><a href=\"https:\/\/www.pnas.org\/doi\/10.1073\/pnas.2416699122\" target=\"_blank\" rel=\"noreferrer noopener\">Proceedings of the National Academy of Sciences<\/a>.<\/strong> \u201cAnalisamos a qu\u00edmica do gelo em uma resolu\u00e7\u00e3o temporal muito alta. Isso nos permitiu apontar o momento preciso da erup\u00e7\u00e3o para a primavera-ver\u00e3o de 1831, confirmar que foi altamente explosiva e, ent\u00e3o, extrair os pequenos fragmentos de cinzas\u201d, disse o Dr. Will Hutchison, principal autor do estudo da Escola de Ci\u00eancias da Terra e do Meio Ambiente da Universidade de St. Andrews, em uma declara\u00e7\u00e3o.<\/p>\n\n\n\n<div class=\"wp-block-image\"><figure class=\"aligncenter size-large\"><a href=\"http:\/\/www.ferrarimaquinas.com.br\/\"><img loading=\"lazy\" decoding=\"async\" width=\"300\" height=\"250\" src=\"https:\/\/jornalfatosenoticias.com.br\/wp-content\/uploads\/2022\/02\/FERRARI_MAQUINAS-E-FERRAMENTAS2.jpg\" alt=\"\" class=\"wp-image-27860\"\/><\/a><\/figure><\/div>\n\n\n\n<blockquote class=\"wp-block-quote is-layout-flow wp-block-quote-is-layout-flow\"><p><span class=\"has-inline-color has-luminous-vivid-orange-color\">Encontrar a correspond\u00eancia levou muito tempo e exigiu uma colabora\u00e7\u00e3o extensiva com colegas do Jap\u00e3o e da R\u00fassia, que nos enviaram amostras coletadas desses vulc\u00f5es remotos d\u00e9cadas atr\u00e1s&#8221;, explica o Dr. Will Hutchison.<\/span><\/p><\/blockquote>\n\n\n\n<div class=\"wp-block-image\"><figure class=\"aligncenter size-large\"><a href=\"https:\/\/www.facebook.com\/vetor.vix\/\"><img loading=\"lazy\" decoding=\"async\" width=\"1024\" height=\"273\" src=\"https:\/\/jornalfatosenoticias.com.br\/wp-content\/uploads\/2023\/09\/vetorvix1024_1.jpg\" alt=\"\" class=\"wp-image-44868\" srcset=\"https:\/\/jornalfatosenoticias.com.br\/wp-content\/uploads\/2023\/09\/vetorvix1024_1.jpg 1024w, https:\/\/jornalfatosenoticias.com.br\/wp-content\/uploads\/2023\/09\/vetorvix1024_1-300x80.jpg 300w, https:\/\/jornalfatosenoticias.com.br\/wp-content\/uploads\/2023\/09\/vetorvix1024_1-768x205.jpg 768w\" sizes=\"auto, (max-width: 1024px) 100vw, 1024px\" \/><\/a><\/figure><\/div>\n\n\n\n<p><strong><span class=\"has-inline-color has-black-color\">Como o vulc\u00e3o do \u201cSol azul\u201d passou despercebido?<br><\/span><\/strong>Segundo os pesquisadores, este trabalho destaca as Ilhas Curilas como uma regi\u00e3o vulc\u00e2nica pouco estudada, mas extremamente produtiva. O vulc\u00e3o respons\u00e1vel pela erup\u00e7\u00e3o de 1831 era muito remoto, mas teve um impacto global significativo no clima e consequ\u00eancias severas para as popula\u00e7\u00f5es humanas.<\/p>\n\n\n\n<div class=\"wp-block-image\"><figure class=\"aligncenter size-large is-resized\"><a href=\"https:\/\/www.instagram.com\/serra4x4cambioautomatico\/\"><img loading=\"lazy\" decoding=\"async\" src=\"https:\/\/jornalfatosenoticias.com.br\/wp-content\/uploads\/2024\/08\/Serra-4x4-1-886x1024.jpg\" alt=\"\" class=\"wp-image-53632\" width=\"292\" height=\"338\" srcset=\"https:\/\/jornalfatosenoticias.com.br\/wp-content\/uploads\/2024\/08\/Serra-4x4-1-886x1024.jpg 886w, https:\/\/jornalfatosenoticias.com.br\/wp-content\/uploads\/2024\/08\/Serra-4x4-1-260x300.jpg 260w, https:\/\/jornalfatosenoticias.com.br\/wp-content\/uploads\/2024\/08\/Serra-4x4-1-768x888.jpg 768w, https:\/\/jornalfatosenoticias.com.br\/wp-content\/uploads\/2024\/08\/Serra-4x4-1.jpg 1181w\" sizes=\"auto, (max-width: 292px) 100vw, 292px\" \/><\/a><\/figure><\/div>\n\n\n\n<blockquote class=\"wp-block-quote is-layout-flow wp-block-quote-is-layout-flow\"><p><span class=\"has-inline-color has-luminous-vivid-orange-color\">O momento no laborat\u00f3rio quando analisamos as duas cinzas juntas, uma do vulc\u00e3o e uma do n\u00facleo de gelo, foi um verdadeiro momento eureka. Eu n\u00e3o conseguia acreditar que os n\u00fameros eram id\u00eanticos. Depois disso, passei muito tempo investigando a idade e o tamanho da erup\u00e7\u00e3o nos registros de Kuril para realmente me convencer de que a correspond\u00eancia era real\u201d, completou o autor.<\/span><\/p><\/blockquote>\n\n\n\n<div class=\"wp-block-image\"><figure class=\"aligncenter size-large is-resized\"><a href=\"https:\/\/panper.com.br\/\"><img loading=\"lazy\" decoding=\"async\" src=\"https:\/\/jornalfatosenoticias.com.br\/wp-content\/uploads\/2023\/03\/logo-Panper_portal.jpg\" alt=\"\" class=\"wp-image-40208\" width=\"364\" height=\"252\" srcset=\"https:\/\/jornalfatosenoticias.com.br\/wp-content\/uploads\/2023\/03\/logo-Panper_portal.jpg 400w, https:\/\/jornalfatosenoticias.com.br\/wp-content\/uploads\/2023\/03\/logo-Panper_portal-300x208.jpg 300w\" sizes=\"auto, (max-width: 364px) 100vw, 364px\" \/><\/a><\/figure><\/div>\n\n\n\n<p>O Dr. Hutchison termina com um alerta: <strong><em>\u201cexistem tantos vulc\u00f5es como este, o que destaca o qu\u00e3o dif\u00edcil ser\u00e1 prever quando ou onde a pr\u00f3xima erup\u00e7\u00e3o de grande magnitude poder\u00e1 ocorrer\u201d.<\/em><\/strong><\/p>\n\n\n\n<p><strong><em>Fonte: <a href=\"https:\/\/olhardigital.com.br\/2025\/01\/11\/ciencia-e-espaco\/o-sol-ficou-azul-ha-quase-200-anos-e-agora-sabemos-o-real-motivo\/\">Olhar Digital<\/a><\/em><\/strong><\/p>\n","protected":false},"excerpt":{"rendered":"<p>Uma erup\u00e7\u00e3o fantasma pode ter feito o nosso Sol mudar de cor por um breve per\u00edodo em 1831; saiba como isso aconteceu Por Lucas Soares J\u00e1 imaginou acordar e o Sol estar azul? Bem, se voc\u00ea estivesse em 1831, isso poderia muito bem ser verdade. H\u00e1 quase 200 anos o nosso astro\u00a0mudou de aspecto\u00a0aqui da [&hellip;]<\/p>\n","protected":false},"author":2,"featured_media":56796,"comment_status":"open","ping_status":"open","sticky":false,"template":"","format":"standard","meta":{"footnotes":""},"categories":[2],"tags":[228,466,25903,93],"class_list":["post-56795","post","type-post","status-publish","format-standard","has-post-thumbnail","hentry","category-ciencia","tag-erupcao","tag-sol","tag-sol-azul","tag-vulcao"],"yoast_head":"<!-- This site is optimized with the Yoast SEO plugin v26.5 - https:\/\/yoast.com\/wordpress\/plugins\/seo\/ -->\n<title>O Sol ficou \u201cazul\u201d h\u00e1 quase 200 anos e agora sabemos o real motivo - Jornal Fatos e Not\u00edcias<\/title>\n<meta name=\"robots\" content=\"index, follow, max-snippet:-1, max-image-preview:large, max-video-preview:-1\" \/>\n<link rel=\"canonical\" href=\"https:\/\/jornalfatosenoticias.com.br\/index.php\/2025\/01\/14\/o-sol-ficou-azul-ha-quase-200-anos-e-agora-sabemos-o-real-motivo\/\" \/>\n<meta property=\"og:locale\" content=\"pt_BR\" \/>\n<meta property=\"og:type\" content=\"article\" \/>\n<meta property=\"og:title\" content=\"O Sol ficou \u201cazul\u201d h\u00e1 quase 200 anos e agora sabemos o real motivo - Jornal Fatos e Not\u00edcias\" \/>\n<meta property=\"og:description\" content=\"Uma erup\u00e7\u00e3o fantasma pode ter feito o nosso Sol mudar de cor por um breve per\u00edodo em 1831; saiba como isso aconteceu Por Lucas Soares J\u00e1 imaginou acordar e o Sol estar azul? Bem, se voc\u00ea estivesse em 1831, isso poderia muito bem ser verdade. H\u00e1 quase 200 anos o nosso astro\u00a0mudou de aspecto\u00a0aqui da [&hellip;]\" \/>\n<meta property=\"og:url\" content=\"https:\/\/jornalfatosenoticias.com.br\/index.php\/2025\/01\/14\/o-sol-ficou-azul-ha-quase-200-anos-e-agora-sabemos-o-real-motivo\/\" \/>\n<meta property=\"og:site_name\" content=\"Jornal Fatos e Not\u00edcias\" \/>\n<meta property=\"article:published_time\" content=\"2025-01-14T12:25:25+00:00\" \/>\n<meta property=\"article:modified_time\" content=\"2025-01-14T12:25:27+00:00\" \/>\n<meta property=\"og:image\" content=\"https:\/\/jornalfatosenoticias.com.br\/wp-content\/uploads\/2025\/01\/sol-azul_istock.jpg\" \/>\n\t<meta property=\"og:image:width\" content=\"612\" \/>\n\t<meta property=\"og:image:height\" content=\"459\" \/>\n\t<meta property=\"og:image:type\" content=\"image\/jpeg\" \/>\n<meta name=\"author\" content=\"Luzimara Fernandes\" \/>\n<meta name=\"twitter:card\" content=\"summary_large_image\" \/>\n<meta name=\"twitter:label1\" content=\"Escrito por\" \/>\n\t<meta name=\"twitter:data1\" content=\"Luzimara Fernandes\" \/>\n\t<meta name=\"twitter:label2\" content=\"Est. tempo de leitura\" \/>\n\t<meta name=\"twitter:data2\" content=\"3 minutos\" \/>\n<script type=\"application\/ld+json\" class=\"yoast-schema-graph\">{\"@context\":\"https:\/\/schema.org\",\"@graph\":[{\"@type\":\"Article\",\"@id\":\"https:\/\/jornalfatosenoticias.com.br\/index.php\/2025\/01\/14\/o-sol-ficou-azul-ha-quase-200-anos-e-agora-sabemos-o-real-motivo\/#article\",\"isPartOf\":{\"@id\":\"https:\/\/jornalfatosenoticias.com.br\/index.php\/2025\/01\/14\/o-sol-ficou-azul-ha-quase-200-anos-e-agora-sabemos-o-real-motivo\/\"},\"author\":{\"name\":\"Luzimara Fernandes\",\"@id\":\"https:\/\/jornalfatosenoticias.com.br\/#\/schema\/person\/d63837fa13ac8666eb9e74e0985d6f81\"},\"headline\":\"O Sol ficou \u201cazul\u201d h\u00e1 quase 200 anos e agora sabemos o real motivo\",\"datePublished\":\"2025-01-14T12:25:25+00:00\",\"dateModified\":\"2025-01-14T12:25:27+00:00\",\"mainEntityOfPage\":{\"@id\":\"https:\/\/jornalfatosenoticias.com.br\/index.php\/2025\/01\/14\/o-sol-ficou-azul-ha-quase-200-anos-e-agora-sabemos-o-real-motivo\/\"},\"wordCount\":541,\"commentCount\":0,\"publisher\":{\"@id\":\"https:\/\/jornalfatosenoticias.com.br\/#organization\"},\"image\":{\"@id\":\"https:\/\/jornalfatosenoticias.com.br\/index.php\/2025\/01\/14\/o-sol-ficou-azul-ha-quase-200-anos-e-agora-sabemos-o-real-motivo\/#primaryimage\"},\"thumbnailUrl\":\"https:\/\/jornalfatosenoticias.com.br\/wp-content\/uploads\/2025\/01\/sol-azul_istock.jpg\",\"keywords\":[\"erup\u00e7\u00e3o\",\"Sol\",\"Sol azul\",\"vulc\u00e3o\"],\"articleSection\":[\"Ci\u00eancia\"],\"inLanguage\":\"pt-BR\",\"potentialAction\":[{\"@type\":\"CommentAction\",\"name\":\"Comment\",\"target\":[\"https:\/\/jornalfatosenoticias.com.br\/index.php\/2025\/01\/14\/o-sol-ficou-azul-ha-quase-200-anos-e-agora-sabemos-o-real-motivo\/#respond\"]}]},{\"@type\":\"WebPage\",\"@id\":\"https:\/\/jornalfatosenoticias.com.br\/index.php\/2025\/01\/14\/o-sol-ficou-azul-ha-quase-200-anos-e-agora-sabemos-o-real-motivo\/\",\"url\":\"https:\/\/jornalfatosenoticias.com.br\/index.php\/2025\/01\/14\/o-sol-ficou-azul-ha-quase-200-anos-e-agora-sabemos-o-real-motivo\/\",\"name\":\"O Sol ficou \u201cazul\u201d h\u00e1 quase 200 anos e agora sabemos o real motivo - Jornal Fatos e Not\u00edcias\",\"isPartOf\":{\"@id\":\"https:\/\/jornalfatosenoticias.com.br\/#website\"},\"primaryImageOfPage\":{\"@id\":\"https:\/\/jornalfatosenoticias.com.br\/index.php\/2025\/01\/14\/o-sol-ficou-azul-ha-quase-200-anos-e-agora-sabemos-o-real-motivo\/#primaryimage\"},\"image\":{\"@id\":\"https:\/\/jornalfatosenoticias.com.br\/index.php\/2025\/01\/14\/o-sol-ficou-azul-ha-quase-200-anos-e-agora-sabemos-o-real-motivo\/#primaryimage\"},\"thumbnailUrl\":\"https:\/\/jornalfatosenoticias.com.br\/wp-content\/uploads\/2025\/01\/sol-azul_istock.jpg\",\"datePublished\":\"2025-01-14T12:25:25+00:00\",\"dateModified\":\"2025-01-14T12:25:27+00:00\",\"breadcrumb\":{\"@id\":\"https:\/\/jornalfatosenoticias.com.br\/index.php\/2025\/01\/14\/o-sol-ficou-azul-ha-quase-200-anos-e-agora-sabemos-o-real-motivo\/#breadcrumb\"},\"inLanguage\":\"pt-BR\",\"potentialAction\":[{\"@type\":\"ReadAction\",\"target\":[\"https:\/\/jornalfatosenoticias.com.br\/index.php\/2025\/01\/14\/o-sol-ficou-azul-ha-quase-200-anos-e-agora-sabemos-o-real-motivo\/\"]}]},{\"@type\":\"ImageObject\",\"inLanguage\":\"pt-BR\",\"@id\":\"https:\/\/jornalfatosenoticias.com.br\/index.php\/2025\/01\/14\/o-sol-ficou-azul-ha-quase-200-anos-e-agora-sabemos-o-real-motivo\/#primaryimage\",\"url\":\"https:\/\/jornalfatosenoticias.com.br\/wp-content\/uploads\/2025\/01\/sol-azul_istock.jpg\",\"contentUrl\":\"https:\/\/jornalfatosenoticias.com.br\/wp-content\/uploads\/2025\/01\/sol-azul_istock.jpg\",\"width\":612,\"height\":459},{\"@type\":\"BreadcrumbList\",\"@id\":\"https:\/\/jornalfatosenoticias.com.br\/index.php\/2025\/01\/14\/o-sol-ficou-azul-ha-quase-200-anos-e-agora-sabemos-o-real-motivo\/#breadcrumb\",\"itemListElement\":[{\"@type\":\"ListItem\",\"position\":1,\"name\":\"In\u00edcio\",\"item\":\"https:\/\/jornalfatosenoticias.com.br\/\"},{\"@type\":\"ListItem\",\"position\":2,\"name\":\"O Sol ficou \u201cazul\u201d h\u00e1 quase 200 anos e agora sabemos o real motivo\"}]},{\"@type\":\"WebSite\",\"@id\":\"https:\/\/jornalfatosenoticias.com.br\/#website\",\"url\":\"https:\/\/jornalfatosenoticias.com.br\/\",\"name\":\"Jornal Fatos e Not\u00edcias\",\"description\":\"Not\u00edcias em geral\",\"publisher\":{\"@id\":\"https:\/\/jornalfatosenoticias.com.br\/#organization\"},\"potentialAction\":[{\"@type\":\"SearchAction\",\"target\":{\"@type\":\"EntryPoint\",\"urlTemplate\":\"https:\/\/jornalfatosenoticias.com.br\/?s={search_term_string}\"},\"query-input\":{\"@type\":\"PropertyValueSpecification\",\"valueRequired\":true,\"valueName\":\"search_term_string\"}}],\"inLanguage\":\"pt-BR\"},{\"@type\":\"Organization\",\"@id\":\"https:\/\/jornalfatosenoticias.com.br\/#organization\",\"name\":\"Jornal Fatos e Not\u00edcias\",\"url\":\"https:\/\/jornalfatosenoticias.com.br\/\",\"logo\":{\"@type\":\"ImageObject\",\"inLanguage\":\"pt-BR\",\"@id\":\"https:\/\/jornalfatosenoticias.com.br\/#\/schema\/logo\/image\/\",\"url\":\"https:\/\/jornalfatosenoticias.com.br\/wp-content\/uploads\/2020\/02\/logo120.png\",\"contentUrl\":\"https:\/\/jornalfatosenoticias.com.br\/wp-content\/uploads\/2020\/02\/logo120.png\",\"width\":1227,\"height\":120,\"caption\":\"Jornal Fatos e Not\u00edcias\"},\"image\":{\"@id\":\"https:\/\/jornalfatosenoticias.com.br\/#\/schema\/logo\/image\/\"}},{\"@type\":\"Person\",\"@id\":\"https:\/\/jornalfatosenoticias.com.br\/#\/schema\/person\/d63837fa13ac8666eb9e74e0985d6f81\",\"name\":\"Luzimara Fernandes\",\"image\":{\"@type\":\"ImageObject\",\"inLanguage\":\"pt-BR\",\"@id\":\"https:\/\/jornalfatosenoticias.com.br\/#\/schema\/person\/image\/\",\"url\":\"https:\/\/jornalfatosenoticias.com.br\/wp-content\/uploads\/2025\/05\/EU_portal.jpg\",\"contentUrl\":\"https:\/\/jornalfatosenoticias.com.br\/wp-content\/uploads\/2025\/05\/EU_portal.jpg\",\"caption\":\"Luzimara Fernandes\"},\"description\":\"Jornalista MTB 2358-ES\",\"sameAs\":[\"https:\/\/jornalfatosenoticias.com.br\"],\"url\":\"https:\/\/jornalfatosenoticias.com.br\/index.php\/author\/luzimara\/\"}]}<\/script>\n<!-- \/ Yoast SEO plugin. -->","yoast_head_json":{"title":"O Sol ficou \u201cazul\u201d h\u00e1 quase 200 anos e agora sabemos o real motivo - Jornal Fatos e Not\u00edcias","robots":{"index":"index","follow":"follow","max-snippet":"max-snippet:-1","max-image-preview":"max-image-preview:large","max-video-preview":"max-video-preview:-1"},"canonical":"https:\/\/jornalfatosenoticias.com.br\/index.php\/2025\/01\/14\/o-sol-ficou-azul-ha-quase-200-anos-e-agora-sabemos-o-real-motivo\/","og_locale":"pt_BR","og_type":"article","og_title":"O Sol ficou \u201cazul\u201d h\u00e1 quase 200 anos e agora sabemos o real motivo - Jornal Fatos e Not\u00edcias","og_description":"Uma erup\u00e7\u00e3o fantasma pode ter feito o nosso Sol mudar de cor por um breve per\u00edodo em 1831; saiba como isso aconteceu Por Lucas Soares J\u00e1 imaginou acordar e o Sol estar azul? Bem, se voc\u00ea estivesse em 1831, isso poderia muito bem ser verdade. H\u00e1 quase 200 anos o nosso astro\u00a0mudou de aspecto\u00a0aqui da [&hellip;]","og_url":"https:\/\/jornalfatosenoticias.com.br\/index.php\/2025\/01\/14\/o-sol-ficou-azul-ha-quase-200-anos-e-agora-sabemos-o-real-motivo\/","og_site_name":"Jornal Fatos e Not\u00edcias","article_published_time":"2025-01-14T12:25:25+00:00","article_modified_time":"2025-01-14T12:25:27+00:00","og_image":[{"width":612,"height":459,"url":"https:\/\/jornalfatosenoticias.com.br\/wp-content\/uploads\/2025\/01\/sol-azul_istock.jpg","type":"image\/jpeg"}],"author":"Luzimara Fernandes","twitter_card":"summary_large_image","twitter_misc":{"Escrito por":"Luzimara Fernandes","Est. tempo de leitura":"3 minutos"},"schema":{"@context":"https:\/\/schema.org","@graph":[{"@type":"Article","@id":"https:\/\/jornalfatosenoticias.com.br\/index.php\/2025\/01\/14\/o-sol-ficou-azul-ha-quase-200-anos-e-agora-sabemos-o-real-motivo\/#article","isPartOf":{"@id":"https:\/\/jornalfatosenoticias.com.br\/index.php\/2025\/01\/14\/o-sol-ficou-azul-ha-quase-200-anos-e-agora-sabemos-o-real-motivo\/"},"author":{"name":"Luzimara Fernandes","@id":"https:\/\/jornalfatosenoticias.com.br\/#\/schema\/person\/d63837fa13ac8666eb9e74e0985d6f81"},"headline":"O Sol ficou \u201cazul\u201d h\u00e1 quase 200 anos e agora sabemos o real motivo","datePublished":"2025-01-14T12:25:25+00:00","dateModified":"2025-01-14T12:25:27+00:00","mainEntityOfPage":{"@id":"https:\/\/jornalfatosenoticias.com.br\/index.php\/2025\/01\/14\/o-sol-ficou-azul-ha-quase-200-anos-e-agora-sabemos-o-real-motivo\/"},"wordCount":541,"commentCount":0,"publisher":{"@id":"https:\/\/jornalfatosenoticias.com.br\/#organization"},"image":{"@id":"https:\/\/jornalfatosenoticias.com.br\/index.php\/2025\/01\/14\/o-sol-ficou-azul-ha-quase-200-anos-e-agora-sabemos-o-real-motivo\/#primaryimage"},"thumbnailUrl":"https:\/\/jornalfatosenoticias.com.br\/wp-content\/uploads\/2025\/01\/sol-azul_istock.jpg","keywords":["erup\u00e7\u00e3o","Sol","Sol azul","vulc\u00e3o"],"articleSection":["Ci\u00eancia"],"inLanguage":"pt-BR","potentialAction":[{"@type":"CommentAction","name":"Comment","target":["https:\/\/jornalfatosenoticias.com.br\/index.php\/2025\/01\/14\/o-sol-ficou-azul-ha-quase-200-anos-e-agora-sabemos-o-real-motivo\/#respond"]}]},{"@type":"WebPage","@id":"https:\/\/jornalfatosenoticias.com.br\/index.php\/2025\/01\/14\/o-sol-ficou-azul-ha-quase-200-anos-e-agora-sabemos-o-real-motivo\/","url":"https:\/\/jornalfatosenoticias.com.br\/index.php\/2025\/01\/14\/o-sol-ficou-azul-ha-quase-200-anos-e-agora-sabemos-o-real-motivo\/","name":"O Sol ficou \u201cazul\u201d h\u00e1 quase 200 anos e agora sabemos o real motivo - Jornal Fatos e Not\u00edcias","isPartOf":{"@id":"https:\/\/jornalfatosenoticias.com.br\/#website"},"primaryImageOfPage":{"@id":"https:\/\/jornalfatosenoticias.com.br\/index.php\/2025\/01\/14\/o-sol-ficou-azul-ha-quase-200-anos-e-agora-sabemos-o-real-motivo\/#primaryimage"},"image":{"@id":"https:\/\/jornalfatosenoticias.com.br\/index.php\/2025\/01\/14\/o-sol-ficou-azul-ha-quase-200-anos-e-agora-sabemos-o-real-motivo\/#primaryimage"},"thumbnailUrl":"https:\/\/jornalfatosenoticias.com.br\/wp-content\/uploads\/2025\/01\/sol-azul_istock.jpg","datePublished":"2025-01-14T12:25:25+00:00","dateModified":"2025-01-14T12:25:27+00:00","breadcrumb":{"@id":"https:\/\/jornalfatosenoticias.com.br\/index.php\/2025\/01\/14\/o-sol-ficou-azul-ha-quase-200-anos-e-agora-sabemos-o-real-motivo\/#breadcrumb"},"inLanguage":"pt-BR","potentialAction":[{"@type":"ReadAction","target":["https:\/\/jornalfatosenoticias.com.br\/index.php\/2025\/01\/14\/o-sol-ficou-azul-ha-quase-200-anos-e-agora-sabemos-o-real-motivo\/"]}]},{"@type":"ImageObject","inLanguage":"pt-BR","@id":"https:\/\/jornalfatosenoticias.com.br\/index.php\/2025\/01\/14\/o-sol-ficou-azul-ha-quase-200-anos-e-agora-sabemos-o-real-motivo\/#primaryimage","url":"https:\/\/jornalfatosenoticias.com.br\/wp-content\/uploads\/2025\/01\/sol-azul_istock.jpg","contentUrl":"https:\/\/jornalfatosenoticias.com.br\/wp-content\/uploads\/2025\/01\/sol-azul_istock.jpg","width":612,"height":459},{"@type":"BreadcrumbList","@id":"https:\/\/jornalfatosenoticias.com.br\/index.php\/2025\/01\/14\/o-sol-ficou-azul-ha-quase-200-anos-e-agora-sabemos-o-real-motivo\/#breadcrumb","itemListElement":[{"@type":"ListItem","position":1,"name":"In\u00edcio","item":"https:\/\/jornalfatosenoticias.com.br\/"},{"@type":"ListItem","position":2,"name":"O Sol ficou \u201cazul\u201d h\u00e1 quase 200 anos e agora sabemos o real motivo"}]},{"@type":"WebSite","@id":"https:\/\/jornalfatosenoticias.com.br\/#website","url":"https:\/\/jornalfatosenoticias.com.br\/","name":"Jornal Fatos e Not\u00edcias","description":"Not\u00edcias em geral","publisher":{"@id":"https:\/\/jornalfatosenoticias.com.br\/#organization"},"potentialAction":[{"@type":"SearchAction","target":{"@type":"EntryPoint","urlTemplate":"https:\/\/jornalfatosenoticias.com.br\/?s={search_term_string}"},"query-input":{"@type":"PropertyValueSpecification","valueRequired":true,"valueName":"search_term_string"}}],"inLanguage":"pt-BR"},{"@type":"Organization","@id":"https:\/\/jornalfatosenoticias.com.br\/#organization","name":"Jornal Fatos e Not\u00edcias","url":"https:\/\/jornalfatosenoticias.com.br\/","logo":{"@type":"ImageObject","inLanguage":"pt-BR","@id":"https:\/\/jornalfatosenoticias.com.br\/#\/schema\/logo\/image\/","url":"https:\/\/jornalfatosenoticias.com.br\/wp-content\/uploads\/2020\/02\/logo120.png","contentUrl":"https:\/\/jornalfatosenoticias.com.br\/wp-content\/uploads\/2020\/02\/logo120.png","width":1227,"height":120,"caption":"Jornal Fatos e Not\u00edcias"},"image":{"@id":"https:\/\/jornalfatosenoticias.com.br\/#\/schema\/logo\/image\/"}},{"@type":"Person","@id":"https:\/\/jornalfatosenoticias.com.br\/#\/schema\/person\/d63837fa13ac8666eb9e74e0985d6f81","name":"Luzimara Fernandes","image":{"@type":"ImageObject","inLanguage":"pt-BR","@id":"https:\/\/jornalfatosenoticias.com.br\/#\/schema\/person\/image\/","url":"https:\/\/jornalfatosenoticias.com.br\/wp-content\/uploads\/2025\/05\/EU_portal.jpg","contentUrl":"https:\/\/jornalfatosenoticias.com.br\/wp-content\/uploads\/2025\/05\/EU_portal.jpg","caption":"Luzimara Fernandes"},"description":"Jornalista MTB 2358-ES","sameAs":["https:\/\/jornalfatosenoticias.com.br"],"url":"https:\/\/jornalfatosenoticias.com.br\/index.php\/author\/luzimara\/"}]}},"cc_featured_image_caption":{"caption_text":"(Foto: iStock)","source_text":"","source_url":""},"jetpack_featured_media_url":"https:\/\/jornalfatosenoticias.com.br\/wp-content\/uploads\/2025\/01\/sol-azul_istock.jpg","_links":{"self":[{"href":"https:\/\/jornalfatosenoticias.com.br\/index.php\/wp-json\/wp\/v2\/posts\/56795","targetHints":{"allow":["GET"]}}],"collection":[{"href":"https:\/\/jornalfatosenoticias.com.br\/index.php\/wp-json\/wp\/v2\/posts"}],"about":[{"href":"https:\/\/jornalfatosenoticias.com.br\/index.php\/wp-json\/wp\/v2\/types\/post"}],"author":[{"embeddable":true,"href":"https:\/\/jornalfatosenoticias.com.br\/index.php\/wp-json\/wp\/v2\/users\/2"}],"replies":[{"embeddable":true,"href":"https:\/\/jornalfatosenoticias.com.br\/index.php\/wp-json\/wp\/v2\/comments?post=56795"}],"version-history":[{"count":0,"href":"https:\/\/jornalfatosenoticias.com.br\/index.php\/wp-json\/wp\/v2\/posts\/56795\/revisions"}],"wp:featuredmedia":[{"embeddable":true,"href":"https:\/\/jornalfatosenoticias.com.br\/index.php\/wp-json\/wp\/v2\/media\/56796"}],"wp:attachment":[{"href":"https:\/\/jornalfatosenoticias.com.br\/index.php\/wp-json\/wp\/v2\/media?parent=56795"}],"wp:term":[{"taxonomy":"category","embeddable":true,"href":"https:\/\/jornalfatosenoticias.com.br\/index.php\/wp-json\/wp\/v2\/categories?post=56795"},{"taxonomy":"post_tag","embeddable":true,"href":"https:\/\/jornalfatosenoticias.com.br\/index.php\/wp-json\/wp\/v2\/tags?post=56795"}],"curies":[{"name":"wp","href":"https:\/\/api.w.org\/{rel}","templated":true}]}}