{"id":56814,"date":"2025-01-14T11:03:01","date_gmt":"2025-01-14T14:03:01","guid":{"rendered":"https:\/\/jornalfatosenoticias.com.br\/?p=56814"},"modified":"2025-01-14T11:03:03","modified_gmt":"2025-01-14T14:03:03","slug":"prejuizo-recorde-ressalta-uso-politico-e-ma-gestao-das-empresas-estatais-sob-lula-3","status":"publish","type":"post","link":"https:\/\/jornalfatosenoticias.com.br\/index.php\/2025\/01\/14\/prejuizo-recorde-ressalta-uso-politico-e-ma-gestao-das-empresas-estatais-sob-lula-3\/","title":{"rendered":"Preju\u00edzo recorde ressalta uso pol\u00edtico e m\u00e1 gest\u00e3o das empresas estatais sob Lula 3"},"content":{"rendered":"\n<p><em><span class=\"has-inline-color has-black-color\">Rombo recorde em estatais federais: falta de transpar\u00eancia<\/span><\/em><\/p>\n\n\n\n<p><span class=\"has-inline-color has-black-color\">Por <strong><a href=\"https:\/\/www.gazetadopovo.com.br\/autor\/rose-amantea\/\" rel=\"nofollow\">Rose Amant\u00e9a<\/a><\/strong><\/span><\/p>\n\n\n\n<div class=\"wp-block-image\"><figure class=\"aligncenter size-large\"><a href=\"https:\/\/mizu.com.br\/\"><img loading=\"lazy\" decoding=\"async\" width=\"729\" height=\"90\" src=\"https:\/\/jornalfatosenoticias.com.br\/wp-content\/uploads\/2020\/02\/Logo_Mizu.png\" alt=\"\" class=\"wp-image-1441\" srcset=\"https:\/\/jornalfatosenoticias.com.br\/wp-content\/uploads\/2020\/02\/Logo_Mizu.png 729w, https:\/\/jornalfatosenoticias.com.br\/wp-content\/uploads\/2020\/02\/Logo_Mizu-300x37.png 300w\" sizes=\"auto, (max-width: 729px) 100vw, 729px\" \/><\/a><\/figure><\/div>\n\n\n\n<p>O d\u00e9fict recorde das estatais federais em 2024 acentuou a preocupa\u00e7\u00e3o com as contas p\u00fablicas e a press\u00e3o por maior transpar\u00eancia na gest\u00e3o das empresas sob o governo de Luiz In\u00e1cio Lula da Silva (PT). Dados do Banco Central (BC) indicam um resultado cont\u00e1bil negativo de R$ 6 bilh\u00f5es at\u00e9 novembro, o pior desde o in\u00edcio da s\u00e9rie hist\u00f3rica em 2009.<br>Esse resultado abrange 44 estatais federais controladas diretamente pelo governo e 79 subsidi\u00e1rias administradas indiretamente pela Uni\u00e3o. Apenas em novembro, o d\u00e9ficit totalizou R$ 1,6 bilh\u00e3o. As estatais com os maiores preju\u00edzos foram:<\/p>\n\n\n\n<div class=\"wp-block-image\"><figure class=\"aligncenter size-large is-resized\"><a href=\"https:\/\/www.facebook.com\/postobkr\/?locale=pt_BR\"><img loading=\"lazy\" decoding=\"async\" src=\"https:\/\/jornalfatosenoticias.com.br\/wp-content\/uploads\/2023\/08\/BKR-1024x1021.jpg\" alt=\"\" class=\"wp-image-44494\" width=\"322\" height=\"321\" srcset=\"https:\/\/jornalfatosenoticias.com.br\/wp-content\/uploads\/2023\/08\/BKR-1024x1021.jpg 1024w, https:\/\/jornalfatosenoticias.com.br\/wp-content\/uploads\/2023\/08\/BKR-300x300.jpg 300w, https:\/\/jornalfatosenoticias.com.br\/wp-content\/uploads\/2023\/08\/BKR-150x150.jpg 150w, https:\/\/jornalfatosenoticias.com.br\/wp-content\/uploads\/2023\/08\/BKR-768x766.jpg 768w, https:\/\/jornalfatosenoticias.com.br\/wp-content\/uploads\/2023\/08\/BKR.jpg 1080w\" sizes=\"auto, (max-width: 322px) 100vw, 322px\" \/><\/a><\/figure><\/div>\n\n\n\n<ul class=\"wp-block-list\"><li><span class=\"has-inline-color has-black-color\"><strong>Emgepron<\/strong> <strong>(projetos navais): <\/strong><\/span>R$ 2,49 bilh\u00f5es;<\/li><li><strong><span class=\"has-inline-color has-black-color\">Correios:<\/span><\/strong> R$ 2,2 bilh\u00f5es;<\/li><li><span class=\"has-inline-color has-black-color\"><strong>Serpro (processamento de dados):<\/strong> <\/span>R$ 590,4 milh\u00f5es;<\/li><li><strong><span class=\"has-inline-color has-black-color\">Infraero (gest\u00e3o de aeroportos):<\/span><\/strong> R$ 541,8 milh\u00f5es.<\/li><\/ul>\n\n\n\n<div class=\"wp-block-image\"><figure class=\"aligncenter size-large is-resized\"><a href=\"https:\/\/www.instagram.com\/restaurantepegoretti\/\"><img loading=\"lazy\" decoding=\"async\" src=\"https:\/\/jornalfatosenoticias.com.br\/wp-content\/uploads\/2023\/12\/pegoretti-logo-pdf-1024x389.jpg\" alt=\"\" class=\"wp-image-47536\" width=\"432\" height=\"164\" srcset=\"https:\/\/jornalfatosenoticias.com.br\/wp-content\/uploads\/2023\/12\/pegoretti-logo-pdf-1024x389.jpg 1024w, https:\/\/jornalfatosenoticias.com.br\/wp-content\/uploads\/2023\/12\/pegoretti-logo-pdf-300x114.jpg 300w, https:\/\/jornalfatosenoticias.com.br\/wp-content\/uploads\/2023\/12\/pegoretti-logo-pdf-768x291.jpg 768w, https:\/\/jornalfatosenoticias.com.br\/wp-content\/uploads\/2023\/12\/pegoretti-logo-pdf.jpg 1120w\" sizes=\"auto, (max-width: 432px) 100vw, 432px\" \/><\/a><\/figure><\/div>\n\n\n\n<p><strong><span class=\"has-inline-color has-black-color\">Preju\u00edzos abrem espa\u00e7o para que dinheiro p\u00fablico cubra rombos<br><\/span><\/strong>O professor <strong><a href=\"https:\/\/www.fearp.usp.br\/institucional\/docentes\/economia\/3189-sergio-naruhiko-sakurai.html\">S\u00e9rgio Sakurai<\/a><\/strong>, da Faculdade de Economia da Universidade de S\u00e3o Paulo (FEA-RP\/USP) em Ribeir\u00e3o Preto, destaca que o aumento do d\u00e9ficit das estatais, registrado desde 2023, \u00e9 duplamente desafiador.<\/p>\n\n\n\n<blockquote class=\"wp-block-quote is-layout-flow wp-block-quote-is-layout-flow\"><p><span class=\"has-inline-color has-luminous-vivid-orange-color\">[O d\u00e9ficit] j\u00e1 seria uma preocupa\u00e7\u00e3o em situa\u00e7\u00f5es normais. Mas \u00e9 ainda mais alarmante no contexto de dificuldades fiscais, pois aumenta a chance de que o Tesouro Nacional tenha que cobrir esses d\u00e9ficits\u201d.<\/span><\/p><\/blockquote>\n\n\n\n<div class=\"wp-block-image\"><figure class=\"aligncenter size-large is-resized\"><a href=\"https:\/\/www.instagram.com\/esteiochurrascaria\/\"><img loading=\"lazy\" decoding=\"async\" src=\"https:\/\/jornalfatosenoticias.com.br\/wp-content\/uploads\/2022\/02\/LOGO-ESTEIO-1024x730.png\" alt=\"\" class=\"wp-image-27942\" width=\"373\" height=\"266\" srcset=\"https:\/\/jornalfatosenoticias.com.br\/wp-content\/uploads\/2022\/02\/LOGO-ESTEIO-1024x730.png 1024w, https:\/\/jornalfatosenoticias.com.br\/wp-content\/uploads\/2022\/02\/LOGO-ESTEIO-300x214.png 300w, https:\/\/jornalfatosenoticias.com.br\/wp-content\/uploads\/2022\/02\/LOGO-ESTEIO-768x548.png 768w, https:\/\/jornalfatosenoticias.com.br\/wp-content\/uploads\/2022\/02\/LOGO-ESTEIO.png 1123w\" sizes=\"auto, (max-width: 373px) 100vw, 373px\" \/><\/a><\/figure><\/div>\n\n\n\n<p>Para Murilo Viana, especialista em contas p\u00fablicas da GO Associados, os resultados n\u00e3o apenas afetam as finan\u00e7as do Estado, mas tamb\u00e9m revelam a necessidade de uma governan\u00e7a mais robusta na gest\u00e3o das estatais. <\/p>\n\n\n\n<blockquote class=\"wp-block-quote is-layout-flow wp-block-quote-is-layout-flow\"><p><span class=\"has-inline-color has-luminous-vivid-orange-color\">N\u00e3o h\u00e1 transpar\u00eancia sobre os recursos e investimentos\u201d, afirma.<\/span><\/p><\/blockquote>\n\n\n\n<div class=\"wp-block-image\"><figure class=\"aligncenter size-large is-resized\"><a href=\"https:\/\/www.instagram.com\/ligadossaborespizzaria\/\"><img loading=\"lazy\" decoding=\"async\" src=\"https:\/\/jornalfatosenoticias.com.br\/wp-content\/uploads\/2024\/09\/WhatsApp-Image-2024-09-14-at-22.46.10-819x1024.jpeg\" alt=\"\" class=\"wp-image-54180\" width=\"315\" height=\"394\" srcset=\"https:\/\/jornalfatosenoticias.com.br\/wp-content\/uploads\/2024\/09\/WhatsApp-Image-2024-09-14-at-22.46.10-819x1024.jpeg 819w, https:\/\/jornalfatosenoticias.com.br\/wp-content\/uploads\/2024\/09\/WhatsApp-Image-2024-09-14-at-22.46.10-240x300.jpeg 240w, https:\/\/jornalfatosenoticias.com.br\/wp-content\/uploads\/2024\/09\/WhatsApp-Image-2024-09-14-at-22.46.10-768x960.jpeg 768w, https:\/\/jornalfatosenoticias.com.br\/wp-content\/uploads\/2024\/09\/WhatsApp-Image-2024-09-14-at-22.46.10.jpeg 1024w\" sizes=\"auto, (max-width: 315px) 100vw, 315px\" \/><\/a><\/figure><\/div>\n\n\n\n<p>Pressionado pela necessidade de ajuste fiscal, no final de novembro, ap\u00f3s o an\u00fancio de um pacote de cortes de gastos considerado insuficiente, o governo se manifestou. A ministra da Gest\u00e3o e Inova\u00e7\u00e3o, Esther Dweck, afirmou que os resultados s\u00e3o consequ\u00eancia da materializa\u00e7\u00e3o dos investimentos por meio dos recursos do caixa das estatais.<\/p>\n\n\n\n<div class=\"wp-block-image\"><figure class=\"aligncenter size-large is-resized\"><a href=\"https:\/\/hotelmarquetti.com.br\/\"><img loading=\"lazy\" decoding=\"async\" src=\"https:\/\/jornalfatosenoticias.com.br\/wp-content\/uploads\/2023\/03\/nova-logo-Marquetti.jpg\" alt=\"\" class=\"wp-image-40207\" width=\"334\" height=\"224\" srcset=\"https:\/\/jornalfatosenoticias.com.br\/wp-content\/uploads\/2023\/03\/nova-logo-Marquetti.jpg 643w, https:\/\/jornalfatosenoticias.com.br\/wp-content\/uploads\/2023\/03\/nova-logo-Marquetti-300x202.jpg 300w\" sizes=\"auto, (max-width: 334px) 100vw, 334px\" \/><\/a><\/figure><\/div>\n\n\n\n<p>\u201cSe uma empresa, como muitas das que fazem parte das estat\u00edsticas do Banco Central, recebeu aportes em 2019 e 2020, isso resultou em super\u00e1vit, pois o Tesouro injetou recursos nelas\u201d, explicou a ministra. \u201cQuando permitimos que essas empresas voltassem a investir, muitas utilizaram os recursos dispon\u00edveis, gerando um d\u00e9ficit cont\u00e1bil, mas isso n\u00e3o implica preju\u00edzos\u201d.<\/p>\n\n\n\n<div class=\"wp-block-image\"><figure class=\"aligncenter size-large is-resized\"><a href=\"https:\/\/panper.com.br\/\"><img loading=\"lazy\" decoding=\"async\" src=\"https:\/\/jornalfatosenoticias.com.br\/wp-content\/uploads\/2023\/03\/logo-Panper_portal.jpg\" alt=\"\" class=\"wp-image-40208\" width=\"319\" height=\"221\" srcset=\"https:\/\/jornalfatosenoticias.com.br\/wp-content\/uploads\/2023\/03\/logo-Panper_portal.jpg 400w, https:\/\/jornalfatosenoticias.com.br\/wp-content\/uploads\/2023\/03\/logo-Panper_portal-300x208.jpg 300w\" sizes=\"auto, (max-width: 319px) 100vw, 319px\" \/><\/a><\/figure><\/div>\n\n\n\n<p>A justificativa foi refor\u00e7ada pelo ministro da Fazenda, Fernando Haddad. \u201c\u00c0s vezes, a contabilidade das estatais n\u00e3o coincide com a contabilidade p\u00fablica. Quando voc\u00ea realiza investimentos, pode aparecer resultados negativos, mas isso n\u00e3o representa necessariamente uma perda\u201d, afirmou.<\/p>\n\n\n\n<div class=\"wp-block-image\"><figure class=\"aligncenter size-large\"><a href=\"https:\/\/www.facebook.com\/vetor.vix\/\"><img loading=\"lazy\" decoding=\"async\" width=\"1024\" height=\"273\" src=\"https:\/\/jornalfatosenoticias.com.br\/wp-content\/uploads\/2023\/09\/vetorvix1024_1.jpg\" alt=\"\" class=\"wp-image-44868\" srcset=\"https:\/\/jornalfatosenoticias.com.br\/wp-content\/uploads\/2023\/09\/vetorvix1024_1.jpg 1024w, https:\/\/jornalfatosenoticias.com.br\/wp-content\/uploads\/2023\/09\/vetorvix1024_1-300x80.jpg 300w, https:\/\/jornalfatosenoticias.com.br\/wp-content\/uploads\/2023\/09\/vetorvix1024_1-768x205.jpg 768w\" sizes=\"auto, (max-width: 1024px) 100vw, 1024px\" \/><\/a><\/figure><\/div>\n\n\n\n<p>Dweck e Haddad referem-se aos aportes feitos durante as gest\u00f5es dos ex-presidentes Michel Temer (MDB) e Jair Bolsonaro (PL), quando um programa de saneamento das contas das estatais dependentes do Tesouro foi implementado. Temer injetou R$ 5 bilh\u00f5es em 2018, e Bolsonaro, R$ 10 bilh\u00f5es em 2019, resultando em um super\u00e1vit de R$ 14 bilh\u00f5es.<\/p>\n\n\n\n<div class=\"wp-block-image\"><figure class=\"aligncenter size-large is-resized\"><a href=\"https:\/\/www.controlsystems.com.br\/\"><img loading=\"lazy\" decoding=\"async\" src=\"https:\/\/jornalfatosenoticias.com.br\/wp-content\/uploads\/2020\/02\/CONTROL-CS.jpg\" alt=\"\" class=\"wp-image-44991\" width=\"294\" height=\"353\" srcset=\"https:\/\/jornalfatosenoticias.com.br\/wp-content\/uploads\/2020\/02\/CONTROL-CS.jpg 834w, https:\/\/jornalfatosenoticias.com.br\/wp-content\/uploads\/2020\/02\/CONTROL-CS-250x300.jpg 250w, https:\/\/jornalfatosenoticias.com.br\/wp-content\/uploads\/2020\/02\/CONTROL-CS-768x921.jpg 768w\" sizes=\"auto, (max-width: 294px) 100vw, 294px\" \/><\/a><\/figure><\/div>\n\n\n\n<p>Contudo, em 2023, sob o governo Lula, o resultado voltou a ser negativo, com um d\u00e9ficit de R$ 706 milh\u00f5es. Os aportes podem ter coberto d\u00e9ficits anteriores, mas as estatais abriram novos rombos. Desde que Lula assumiu o terceiro mandato, em 2023, o d\u00e9ficit aumentou de 0,01% para 0,05% do Produto Interno Bruto (PIB).<\/p>\n\n\n\n<div class=\"wp-block-image\"><figure class=\"aligncenter size-large is-resized\"><a href=\"https:\/\/www.legisjuris.com.br\/\"><img loading=\"lazy\" decoding=\"async\" src=\"https:\/\/jornalfatosenoticias.com.br\/wp-content\/uploads\/2024\/09\/Legis-Juris-Consultoria_logo.jpg\" alt=\"\" class=\"wp-image-53915\" width=\"394\" height=\"165\" srcset=\"https:\/\/jornalfatosenoticias.com.br\/wp-content\/uploads\/2024\/09\/Legis-Juris-Consultoria_logo.jpg 969w, https:\/\/jornalfatosenoticias.com.br\/wp-content\/uploads\/2024\/09\/Legis-Juris-Consultoria_logo-300x126.jpg 300w, https:\/\/jornalfatosenoticias.com.br\/wp-content\/uploads\/2024\/09\/Legis-Juris-Consultoria_logo-768x322.jpg 768w\" sizes=\"auto, (max-width: 394px) 100vw, 394px\" \/><\/a><\/figure><\/div>\n\n\n\n<p><strong><span class=\"has-inline-color has-black-color\">Falta qualidade em investimento realizado por estatais<br><\/span><\/strong>O professor da FEA-RP\/USP Ribeir\u00e3o Preto diz que esse argumento \u00e9 incompleto. \u201cPor um lado, o governo federal alega que esse d\u00e9ficit \u00e9 explicado por fatores cont\u00e1beis relacionados a investimentos feitos com aportes de anos anteriores. Por outro lado, tamb\u00e9m existem quest\u00f5es relacionadas \u00e0 gest\u00e3o dessas estatais, incluindo interfer\u00eancia pol\u00edtica\u201d.<\/p>\n\n\n\n<div class=\"wp-block-image\"><figure class=\"aligncenter size-large is-resized\"><a href=\"https:\/\/www.facebook.com\/profile.php?id=100069289606145\"><img loading=\"lazy\" decoding=\"async\" src=\"https:\/\/jornalfatosenoticias.com.br\/wp-content\/uploads\/2024\/11\/Guaitolini-Contabilidade-1024x714.jpeg\" alt=\"\" class=\"wp-image-55808\" width=\"352\" height=\"245\" srcset=\"https:\/\/jornalfatosenoticias.com.br\/wp-content\/uploads\/2024\/11\/Guaitolini-Contabilidade-1024x714.jpeg 1024w, https:\/\/jornalfatosenoticias.com.br\/wp-content\/uploads\/2024\/11\/Guaitolini-Contabilidade-300x209.jpeg 300w, https:\/\/jornalfatosenoticias.com.br\/wp-content\/uploads\/2024\/11\/Guaitolini-Contabilidade-768x535.jpeg 768w, https:\/\/jornalfatosenoticias.com.br\/wp-content\/uploads\/2024\/11\/Guaitolini-Contabilidade.jpeg 1280w\" sizes=\"auto, (max-width: 352px) 100vw, 352px\" \/><\/a><\/figure><\/div>\n\n\n\n<p>O especialista da GO Associados complementa, afirmando que, al\u00e9m de \u201cfortes ind\u00edcios de que as estatais est\u00e3o sendo usadas como instrumentos de aparelhamento pol\u00edtico\u201d, o argumento do governo n\u00e3o abrange a qualidade dos investimentos realizados nessas empresas.<\/p>\n\n\n\n<div class=\"wp-block-image\"><figure class=\"aligncenter size-large\"><a href=\"http:\/\/www.ferrarimaquinas.com.br\/\"><img loading=\"lazy\" decoding=\"async\" width=\"300\" height=\"250\" src=\"https:\/\/jornalfatosenoticias.com.br\/wp-content\/uploads\/2022\/02\/FERRARI_MAQUINAS-E-FERRAMENTAS2.jpg\" alt=\"\" class=\"wp-image-27860\"\/><\/a><\/figure><\/div>\n\n\n\n<blockquote class=\"wp-block-quote is-layout-flow wp-block-quote-is-layout-flow\"><p><span class=\"has-inline-color has-luminous-vivid-orange-color\">De fato, o d\u00e9ficit pode n\u00e3o estar diretamente atrelado \u00e0 gest\u00e3o\u201d, afirma. \u201cMas essa n\u00e3o \u00e9 a percep\u00e7\u00e3o geral, dado que n\u00e3o h\u00e1 fiscaliza\u00e7\u00e3o sobre a qualidade dos investimentos e a avalia\u00e7\u00e3o consistente dos projetos e seu retorno efetivo para a sociedade\u201d.<\/span><\/p><\/blockquote>\n\n\n\n<div class=\"wp-block-image\"><figure class=\"aligncenter size-large is-resized\"><a href=\"https:\/\/www.instagram.com\/vmais.midias\/\"><img loading=\"lazy\" decoding=\"async\" src=\"https:\/\/jornalfatosenoticias.com.br\/wp-content\/uploads\/2020\/02\/DE-MAIS-DESTAQUE-VMAIS-800X700.png\" alt=\"\" class=\"wp-image-53112\" width=\"323\" height=\"282\" srcset=\"https:\/\/jornalfatosenoticias.com.br\/wp-content\/uploads\/2020\/02\/DE-MAIS-DESTAQUE-VMAIS-800X700.png 800w, https:\/\/jornalfatosenoticias.com.br\/wp-content\/uploads\/2020\/02\/DE-MAIS-DESTAQUE-VMAIS-800X700-300x263.png 300w, https:\/\/jornalfatosenoticias.com.br\/wp-content\/uploads\/2020\/02\/DE-MAIS-DESTAQUE-VMAIS-800X700-768x672.png 768w\" sizes=\"auto, (max-width: 323px) 100vw, 323px\" \/><\/a><\/figure><\/div>\n\n\n\n<p>A perspectiva de retomada do equil\u00edbrio econ\u00f4mico n\u00e3o parece animadora, segundo especialistas em economia. Em resposta a cr\u00edticas feitas por um editorial do jornal Folha de S. Paulo sobre o rombo das estatais, a presidente do Partido dos Trabalhadores (PT), deputada Gleisi Hoffmann (PR), argumentou que o que \u00e9 rotulado como \u201cd\u00e9ficit\u201d s\u00e3o, na verdade, os investimentos realizados pelas estatais para cumprir seu papel na sociedade e na economia. Para ela, as cr\u00edticas embutem uma \u201cm\u00e1-f\u00e9 privatista\u201d.<\/p>\n\n\n\n<div class=\"wp-block-image\"><figure class=\"aligncenter size-large is-resized\"><a href=\"https:\/\/www.instagram.com\/serra4x4cambioautomatico\/\"><img loading=\"lazy\" decoding=\"async\" src=\"https:\/\/jornalfatosenoticias.com.br\/wp-content\/uploads\/2024\/08\/Serra-4x4-1-886x1024.jpg\" alt=\"\" class=\"wp-image-53632\" width=\"311\" height=\"359\" srcset=\"https:\/\/jornalfatosenoticias.com.br\/wp-content\/uploads\/2024\/08\/Serra-4x4-1-886x1024.jpg 886w, https:\/\/jornalfatosenoticias.com.br\/wp-content\/uploads\/2024\/08\/Serra-4x4-1-260x300.jpg 260w, https:\/\/jornalfatosenoticias.com.br\/wp-content\/uploads\/2024\/08\/Serra-4x4-1-768x888.jpg 768w, https:\/\/jornalfatosenoticias.com.br\/wp-content\/uploads\/2024\/08\/Serra-4x4-1.jpg 1181w\" sizes=\"auto, (max-width: 311px) 100vw, 311px\" \/><\/a><\/figure><\/div>\n\n\n\n<p>Sakurai ressalta que \u00e9 &#8220;altamente question\u00e1vel&#8221; dizer que algumas estatais desempenhem um papel social relevante se o Tesouro deve arcar com seu suporte financeiro. \u201cEssa \u00e9 uma escolha que a sociedade precisa fazer. No cen\u00e1rio atual, o custo de manter essas estatais tem sido muito alto&#8221;, avalia.<\/p>\n\n\n\n<div class=\"wp-block-image\"><figure class=\"aligncenter size-large\"><a href=\"https:\/\/cesconetto.com.br\/\"><img loading=\"lazy\" decoding=\"async\" width=\"300\" height=\"250\" src=\"https:\/\/jornalfatosenoticias.com.br\/wp-content\/uploads\/2022\/02\/Banner-2.png\" alt=\"\" class=\"wp-image-27877\"\/><\/a><\/figure><\/div>\n\n\n\n<p>O caso da Emgepron \u00e9 um dos mais emblem\u00e1ticos. A empresa recebeu R$ 10 bilh\u00f5es do Tesouro entre 2017 e 2019 para a constru\u00e7\u00e3o de navios, mas n\u00e3o utilizou esses recursos, o que contribuiu para o resultado positivo das estatais naquele per\u00edodo. No \u00faltimo ano, a empresa voltou a construir quatro fragatas da classe Tamandar\u00e9 e o navio polar Almirante Saldanha, agravando seu resultado negativo.<\/p>\n\n\n\n<div class=\"wp-block-image\"><figure class=\"aligncenter size-large is-resized\"><a href=\"https:\/\/www.instagram.com\/rcradiadores\/\"><img loading=\"lazy\" decoding=\"async\" src=\"https:\/\/jornalfatosenoticias.com.br\/wp-content\/uploads\/2022\/10\/RC_800x750_page-0001.jpg\" alt=\"\" class=\"wp-image-35338\" width=\"308\" height=\"289\" srcset=\"https:\/\/jornalfatosenoticias.com.br\/wp-content\/uploads\/2022\/10\/RC_800x750_page-0001.jpg 400w, https:\/\/jornalfatosenoticias.com.br\/wp-content\/uploads\/2022\/10\/RC_800x750_page-0001-300x281.jpg 300w\" sizes=\"auto, (max-width: 308px) 100vw, 308px\" \/><\/a><\/figure><\/div>\n\n\n\n<p>A necessidade de melhorias no setor n\u00e3o \u00e9 nova. Durante os governos petistas, diversas tentativas foram feitas para impulsionar estaleiros com investimentos da Petrobras. No entanto, os esc\u00e2ndalos de corrup\u00e7\u00e3o relacionados \u00e0 Opera\u00e7\u00e3o Lava Jato e a consequente diminui\u00e7\u00e3o dos investimentos da estatal levaram o setor ao colapso.<\/p>\n\n\n\n<div class=\"wp-block-image\"><figure class=\"aligncenter size-large is-resized\"><a href=\"https:\/\/www.facebook.com\/postobkr\/?locale=pt_BR\"><img loading=\"lazy\" decoding=\"async\" src=\"https:\/\/jornalfatosenoticias.com.br\/wp-content\/uploads\/2023\/08\/BKR-1024x1021.jpg\" alt=\"\" class=\"wp-image-44494\" width=\"289\" height=\"288\" srcset=\"https:\/\/jornalfatosenoticias.com.br\/wp-content\/uploads\/2023\/08\/BKR-1024x1021.jpg 1024w, https:\/\/jornalfatosenoticias.com.br\/wp-content\/uploads\/2023\/08\/BKR-300x300.jpg 300w, https:\/\/jornalfatosenoticias.com.br\/wp-content\/uploads\/2023\/08\/BKR-150x150.jpg 150w, https:\/\/jornalfatosenoticias.com.br\/wp-content\/uploads\/2023\/08\/BKR-768x766.jpg 768w, https:\/\/jornalfatosenoticias.com.br\/wp-content\/uploads\/2023\/08\/BKR.jpg 1080w\" sizes=\"auto, (max-width: 289px) 100vw, 289px\" \/><\/a><\/figure><\/div>\n\n\n\n<p>Em nota \u00e0 imprensa, a Emgepron assegurou que o d\u00e9ficit apresentado n\u00e3o corresponde a um preju\u00edzo cont\u00e1bil, uma vez que grande parte dos n\u00fameros representa gastos com investimentos em bens imobilizados, como os navios para a Marinha.<\/p>\n\n\n\n<div class=\"wp-block-image\"><figure class=\"aligncenter size-large is-resized\"><a href=\"https:\/\/www.ithbrasil.com.br\/\"><img loading=\"lazy\" decoding=\"async\" src=\"https:\/\/jornalfatosenoticias.com.br\/wp-content\/uploads\/2023\/08\/ITH.jpeg\" alt=\"\" class=\"wp-image-44638\" width=\"300\" height=\"244\" srcset=\"https:\/\/jornalfatosenoticias.com.br\/wp-content\/uploads\/2023\/08\/ITH.jpeg 800w, https:\/\/jornalfatosenoticias.com.br\/wp-content\/uploads\/2023\/08\/ITH-300x244.jpeg 300w, https:\/\/jornalfatosenoticias.com.br\/wp-content\/uploads\/2023\/08\/ITH-768x624.jpeg 768w\" sizes=\"auto, (max-width: 300px) 100vw, 300px\" \/><\/a><\/figure><\/div>\n\n\n\n<p><strong><span class=\"has-inline-color has-black-color\">Correios entram pelo terceiro ano seguido no vermelho<br><\/span><\/strong>Os Correios, por outro lado, encontram-se em seu terceiro ano consecutivo no vermelho e registraram o segundo maior preju\u00edzo de sua hist\u00f3ria em 2024. A administra\u00e7\u00e3o da estatal teve que adotar, em outubro, medidas \u201curgentes\u201d para evitar a \u201cinsolv\u00eancia\u201d da empresa.<\/p>\n\n\n\n<div class=\"wp-block-image\"><figure class=\"aligncenter size-large is-resized\"><a href=\"https:\/\/www.instagram.com\/esteiochurrascaria\/\"><img loading=\"lazy\" decoding=\"async\" src=\"https:\/\/jornalfatosenoticias.com.br\/wp-content\/uploads\/2022\/02\/LOGO-ESTEIO-1024x730.png\" alt=\"\" class=\"wp-image-27942\" width=\"351\" height=\"250\" srcset=\"https:\/\/jornalfatosenoticias.com.br\/wp-content\/uploads\/2022\/02\/LOGO-ESTEIO-1024x730.png 1024w, https:\/\/jornalfatosenoticias.com.br\/wp-content\/uploads\/2022\/02\/LOGO-ESTEIO-300x214.png 300w, https:\/\/jornalfatosenoticias.com.br\/wp-content\/uploads\/2022\/02\/LOGO-ESTEIO-768x548.png 768w, https:\/\/jornalfatosenoticias.com.br\/wp-content\/uploads\/2022\/02\/LOGO-ESTEIO.png 1123w\" sizes=\"auto, (max-width: 351px) 100vw, 351px\" \/><\/a><\/figure><\/div>\n\n\n\n<p>Entre as medidas adotadas, a estatal estabeleceu um teto de gastos, suspendeu contrata\u00e7\u00f5es por, no m\u00ednimo, 120 dias e renegociou o valor dos contratos de aluguel em vigor, com uma redu\u00e7\u00e3o m\u00ednima de 10%. Essas a\u00e7\u00f5es foram necess\u00e1rias para evitar o despejo de 200 im\u00f3veis da estatal por inadimpl\u00eancia em pagamento.<\/p>\n\n\n\n<div class=\"wp-block-image\"><figure class=\"aligncenter size-large is-resized\"><a href=\"https:\/\/www.instagram.com\/ligadossaborespizzaria\/\"><img loading=\"lazy\" decoding=\"async\" src=\"https:\/\/jornalfatosenoticias.com.br\/wp-content\/uploads\/2024\/09\/WhatsApp-Image-2024-09-14-at-22.46.10-819x1024.jpeg\" alt=\"\" class=\"wp-image-54180\" width=\"288\" height=\"360\" srcset=\"https:\/\/jornalfatosenoticias.com.br\/wp-content\/uploads\/2024\/09\/WhatsApp-Image-2024-09-14-at-22.46.10-819x1024.jpeg 819w, https:\/\/jornalfatosenoticias.com.br\/wp-content\/uploads\/2024\/09\/WhatsApp-Image-2024-09-14-at-22.46.10-240x300.jpeg 240w, https:\/\/jornalfatosenoticias.com.br\/wp-content\/uploads\/2024\/09\/WhatsApp-Image-2024-09-14-at-22.46.10-768x960.jpeg 768w, https:\/\/jornalfatosenoticias.com.br\/wp-content\/uploads\/2024\/09\/WhatsApp-Image-2024-09-14-at-22.46.10.jpeg 1024w\" sizes=\"auto, (max-width: 288px) 100vw, 288px\" \/><\/a><\/figure><\/div>\n\n\n\n<p>Atualmente, h\u00e1 122 im\u00f3veis com processo de despejo em andamento, que podem ser executados desde o dia 30 de novembro. Al\u00e9m disso, existem 127 contratos com prazos a vencer at\u00e9 o final do ano, incluindo 206 ag\u00eancias dos Correios, 34 centros de distribui\u00e7\u00e3o domiciliar, tr\u00eas centros de tratamento de cartas e encomendas e um centro de encomendas.<\/p>\n\n\n\n<div class=\"wp-block-image\"><figure class=\"aligncenter size-large is-resized\"><a href=\"https:\/\/hotelmarquetti.com.br\/\"><img loading=\"lazy\" decoding=\"async\" src=\"https:\/\/jornalfatosenoticias.com.br\/wp-content\/uploads\/2023\/03\/nova-logo-Marquetti.jpg\" alt=\"\" class=\"wp-image-40207\" width=\"343\" height=\"230\" srcset=\"https:\/\/jornalfatosenoticias.com.br\/wp-content\/uploads\/2023\/03\/nova-logo-Marquetti.jpg 643w, https:\/\/jornalfatosenoticias.com.br\/wp-content\/uploads\/2023\/03\/nova-logo-Marquetti-300x202.jpg 300w\" sizes=\"auto, (max-width: 343px) 100vw, 343px\" \/><\/a><\/figure><\/div>\n\n\n\n<p>Os Correios ir\u00e3o fechar 38 ag\u00eancias do tipo CEM (Correios Empresa) e reduzir a estrutura de 19 das 49 que permanecer\u00e3o abertas. O an\u00fancio, feito em comunicado interno em 27 de dezembro, baseia-se em um estudo realizado em outubro que apontou baixa viabilidade econ\u00f4mica dessas unidades. A medida, prevista para 1.\u00b0 de fevereiro, deve gerar uma economia de R$ 8 milh\u00f5es. <\/p>\n\n\n\n<div class=\"wp-block-image\"><figure class=\"aligncenter size-large is-resized\"><a href=\"https:\/\/www.instagram.com\/restaurantepegoretti\/\"><img loading=\"lazy\" decoding=\"async\" src=\"https:\/\/jornalfatosenoticias.com.br\/wp-content\/uploads\/2023\/12\/pegoretti-logo-pdf-1024x389.jpg\" alt=\"\" class=\"wp-image-47536\" width=\"424\" height=\"161\" srcset=\"https:\/\/jornalfatosenoticias.com.br\/wp-content\/uploads\/2023\/12\/pegoretti-logo-pdf-1024x389.jpg 1024w, https:\/\/jornalfatosenoticias.com.br\/wp-content\/uploads\/2023\/12\/pegoretti-logo-pdf-300x114.jpg 300w, https:\/\/jornalfatosenoticias.com.br\/wp-content\/uploads\/2023\/12\/pegoretti-logo-pdf-768x291.jpg 768w, https:\/\/jornalfatosenoticias.com.br\/wp-content\/uploads\/2023\/12\/pegoretti-logo-pdf.jpg 1120w\" sizes=\"auto, (max-width: 424px) 100vw, 424px\" \/><\/a><\/figure><\/div>\n\n\n\n<p>A administra\u00e7\u00e3o da estatal atribui parte do preju\u00edzo atual \u00e0 gest\u00e3o do governo anterior, embora a empresa tenha registrado lucro em tr\u00eas dos quatro anos daquela gest\u00e3o. O resultado do quarto ano, por sua vez, foi influenciado por uma decis\u00e3o da atual administra\u00e7\u00e3o.<\/p>\n\n\n\n<div class=\"wp-block-image\"><figure class=\"aligncenter size-large is-resized\"><a href=\"https:\/\/panper.com.br\/\"><img loading=\"lazy\" decoding=\"async\" src=\"https:\/\/jornalfatosenoticias.com.br\/wp-content\/uploads\/2023\/03\/logo-Panper_portal.jpg\" alt=\"\" class=\"wp-image-40208\" width=\"357\" height=\"247\" srcset=\"https:\/\/jornalfatosenoticias.com.br\/wp-content\/uploads\/2023\/03\/logo-Panper_portal.jpg 400w, https:\/\/jornalfatosenoticias.com.br\/wp-content\/uploads\/2023\/03\/logo-Panper_portal-300x208.jpg 300w\" sizes=\"auto, (max-width: 357px) 100vw, 357px\" \/><\/a><\/figure><\/div>\n\n\n\n<p>No \u00faltimo ano do governo Bolsonaro, os balan\u00e7os foram afetados por uma a\u00e7\u00e3o trabalhista no valor de R$ 614 milh\u00f5es, da qual a administra\u00e7\u00e3o petista optou por n\u00e3o recorrer, em abril de 2023, no in\u00edcio da gest\u00e3o de Fabiano Silva dos Santos, indicado por Lula.<\/p>\n\n\n\n<div class=\"wp-block-image\"><figure class=\"aligncenter size-large is-resized\"><a href=\"https:\/\/www.controlsystems.com.br\/\"><img loading=\"lazy\" decoding=\"async\" src=\"https:\/\/jornalfatosenoticias.com.br\/wp-content\/uploads\/2020\/02\/CONTROL-CS.jpg\" alt=\"\" class=\"wp-image-44991\" width=\"283\" height=\"339\" srcset=\"https:\/\/jornalfatosenoticias.com.br\/wp-content\/uploads\/2020\/02\/CONTROL-CS.jpg 834w, https:\/\/jornalfatosenoticias.com.br\/wp-content\/uploads\/2020\/02\/CONTROL-CS-250x300.jpg 250w, https:\/\/jornalfatosenoticias.com.br\/wp-content\/uploads\/2020\/02\/CONTROL-CS-768x921.jpg 768w\" sizes=\"auto, (max-width: 283px) 100vw, 283px\" \/><\/a><\/figure><\/div>\n\n\n\n<p>A empresa tamb\u00e9m justificou o mau desempenho de 2024 em raz\u00e3o da tributa\u00e7\u00e3o de 20% nas compras estrangeiras at\u00e9 US$ 50, popularmente conhecida como &#8220;taxa das blusinhas&#8221;. Isso resultou em uma diminui\u00e7\u00e3o nas encomendas despachadas para endere\u00e7os brasileiros, com uma consequente queda de R$ 1 bilh\u00e3o na receita. Tradicionalmente um reduto de indica\u00e7\u00f5es pol\u00edticas, a situa\u00e7\u00e3o dos Correios trouxe de volta \u00e0 discuss\u00e3o a necessidade de privatiza\u00e7\u00e3o.<\/p>\n\n\n\n<div class=\"wp-block-image\"><figure class=\"aligncenter size-large\"><a href=\"http:\/\/www.ferrarimaquinas.com.br\/\"><img loading=\"lazy\" decoding=\"async\" width=\"300\" height=\"250\" src=\"https:\/\/jornalfatosenoticias.com.br\/wp-content\/uploads\/2022\/02\/FERRARI_MAQUINAS-E-FERRAMENTAS2.jpg\" alt=\"\" class=\"wp-image-27860\"\/><\/a><\/figure><\/div>\n\n\n\n<blockquote class=\"wp-block-quote is-layout-flow wp-block-quote-is-layout-flow\"><p><span class=\"has-inline-color has-luminous-vivid-orange-color\"><strong>Os Correios devem ser privatizados. Essa decis\u00e3o foi retirada do programa nacional de desestatiza\u00e7\u00e3o, um erro do governo que agora gera preju\u00edzos. A empresa n\u00e3o consegue competir, carece de flexibilidade\u201d,<\/strong> afirmou o economista Cl\u00e1udio Frischtak \u00e0 GloboNews. <strong>\u201cEla est\u00e1 sob a legisla\u00e7\u00e3o p\u00fablica, enquanto outras empresas que competem com os Correios t\u00eam o status de direito privado e, portanto, muito mais flexibilidade&#8221;.<\/strong><\/span><\/p><\/blockquote>\n\n\n\n<div class=\"wp-block-image\"><figure class=\"aligncenter size-large\"><a href=\"https:\/\/www.facebook.com\/vetor.vix\/\"><img loading=\"lazy\" decoding=\"async\" width=\"1024\" height=\"273\" src=\"https:\/\/jornalfatosenoticias.com.br\/wp-content\/uploads\/2023\/09\/vetorvix1024_1.jpg\" alt=\"\" class=\"wp-image-44868\" srcset=\"https:\/\/jornalfatosenoticias.com.br\/wp-content\/uploads\/2023\/09\/vetorvix1024_1.jpg 1024w, https:\/\/jornalfatosenoticias.com.br\/wp-content\/uploads\/2023\/09\/vetorvix1024_1-300x80.jpg 300w, https:\/\/jornalfatosenoticias.com.br\/wp-content\/uploads\/2023\/09\/vetorvix1024_1-768x205.jpg 768w\" sizes=\"auto, (max-width: 1024px) 100vw, 1024px\" \/><\/a><\/figure><\/div>\n\n\n\n<p>O projeto de privatiza\u00e7\u00e3o dos Correios foi aprovado na C\u00e2mara em 2021 e era uma das estatais a serem desestatizadas sob o governo Bolsonaro. Entretanto, o projeto emperrou no Senado. Na \u00e9poca, alguns parlamentares admitiam, em conversas informais, que o lucro recorde de 2021 dificultava a discuss\u00e3o sobre a privatiza\u00e7\u00e3o.<\/p>\n\n\n\n<div class=\"wp-block-image\"><figure class=\"aligncenter size-large is-resized\"><a href=\"https:\/\/www.instagram.com\/vmais.midias\/\"><img loading=\"lazy\" decoding=\"async\" src=\"https:\/\/jornalfatosenoticias.com.br\/wp-content\/uploads\/2020\/02\/DE-MAIS-DESTAQUE-VMAIS-800X700.png\" alt=\"\" class=\"wp-image-53112\" width=\"311\" height=\"271\" srcset=\"https:\/\/jornalfatosenoticias.com.br\/wp-content\/uploads\/2020\/02\/DE-MAIS-DESTAQUE-VMAIS-800X700.png 800w, https:\/\/jornalfatosenoticias.com.br\/wp-content\/uploads\/2020\/02\/DE-MAIS-DESTAQUE-VMAIS-800X700-768x672.png 768w\" sizes=\"auto, (max-width: 311px) 100vw, 311px\" \/><\/a><\/figure><\/div>\n\n\n\n<p>Em seu primeiro ato de governo, logo antes de subir pela terceira vez a rampa do Pal\u00e1cio do Planalto, Lula assinou um despacho excluindo os Correios da lista de privatiza\u00e7\u00f5es estabelecida pela gest\u00e3o anterior. Ainda assim, a estatal realizou, em dezembro, um concurso p\u00fablico para a contrata\u00e7\u00e3o de 3.511 funcion\u00e1rios, atraindo mais de 1,7 milh\u00e3o de inscri\u00e7\u00f5es para cargos com sal\u00e1rios iniciais variando entre R$ 2,4 mil e R$ 10,3 mil.<\/p>\n\n\n\n<div class=\"wp-block-image\"><figure class=\"aligncenter size-large is-resized\"><a href=\"https:\/\/www.legisjuris.com.br\/\"><img loading=\"lazy\" decoding=\"async\" src=\"https:\/\/jornalfatosenoticias.com.br\/wp-content\/uploads\/2024\/09\/Legis-Juris-Consultoria_logo.jpg\" alt=\"\" class=\"wp-image-53915\" width=\"437\" height=\"183\" srcset=\"https:\/\/jornalfatosenoticias.com.br\/wp-content\/uploads\/2024\/09\/Legis-Juris-Consultoria_logo.jpg 969w, https:\/\/jornalfatosenoticias.com.br\/wp-content\/uploads\/2024\/09\/Legis-Juris-Consultoria_logo-300x126.jpg 300w, https:\/\/jornalfatosenoticias.com.br\/wp-content\/uploads\/2024\/09\/Legis-Juris-Consultoria_logo-768x322.jpg 768w\" sizes=\"auto, (max-width: 437px) 100vw, 437px\" \/><\/a><\/figure><\/div>\n\n\n\n<p><strong><em>Fonte: <a href=\"https:\/\/www.gazetadopovo.com.br\/economia\/deficit-recorde-empresas-estatais-federais-2024\/\">Gazeta do Povo<\/a><\/em><\/strong><\/p>\n","protected":false},"excerpt":{"rendered":"<p>Rombo recorde em estatais federais: falta de transpar\u00eancia Por Rose Amant\u00e9a O d\u00e9fict recorde das estatais federais em 2024 acentuou a preocupa\u00e7\u00e3o com as contas p\u00fablicas e a press\u00e3o por maior transpar\u00eancia na gest\u00e3o das empresas sob o governo de Luiz In\u00e1cio Lula da Silva (PT). Dados do Banco Central (BC) indicam um resultado cont\u00e1bil [&hellip;]<\/p>\n","protected":false},"author":2,"featured_media":56815,"comment_status":"open","ping_status":"open","sticky":false,"template":"","format":"standard","meta":{"footnotes":""},"categories":[9],"tags":[489,8163,2129,7654,3898,18155,860,946,1795,4847,5241,8611],"class_list":["post-56814","post","type-post","status-publish","format-standard","has-post-thumbnail","hentry","category-economia","tag-banco-central","tag-contas-publicas","tag-corrupcao","tag-desestatizacao","tag-eletrobras","tag-fernando-haddad","tag-governo-federal","tag-investimentos","tag-jair-bolsonaro","tag-lava-jato","tag-privatizacao","tag-tributacao"],"yoast_head":"<!-- This site is optimized with the Yoast SEO plugin v26.5 - https:\/\/yoast.com\/wordpress\/plugins\/seo\/ -->\n<title>Preju\u00edzo recorde ressalta uso pol\u00edtico e m\u00e1 gest\u00e3o das empresas estatais sob Lula 3 - Jornal Fatos e Not\u00edcias<\/title>\n<meta name=\"robots\" content=\"index, follow, max-snippet:-1, max-image-preview:large, max-video-preview:-1\" \/>\n<link rel=\"canonical\" href=\"https:\/\/jornalfatosenoticias.com.br\/index.php\/2025\/01\/14\/prejuizo-recorde-ressalta-uso-politico-e-ma-gestao-das-empresas-estatais-sob-lula-3\/\" \/>\n<meta property=\"og:locale\" content=\"pt_BR\" \/>\n<meta property=\"og:type\" content=\"article\" \/>\n<meta property=\"og:title\" content=\"Preju\u00edzo recorde ressalta uso pol\u00edtico e m\u00e1 gest\u00e3o das empresas estatais sob Lula 3 - Jornal Fatos e Not\u00edcias\" \/>\n<meta property=\"og:description\" content=\"Rombo recorde em estatais federais: falta de transpar\u00eancia Por Rose Amant\u00e9a O d\u00e9fict recorde das estatais federais em 2024 acentuou a preocupa\u00e7\u00e3o com as contas p\u00fablicas e a press\u00e3o por maior transpar\u00eancia na gest\u00e3o das empresas sob o governo de Luiz In\u00e1cio Lula da Silva (PT). Dados do Banco Central (BC) indicam um resultado cont\u00e1bil [&hellip;]\" \/>\n<meta property=\"og:url\" content=\"https:\/\/jornalfatosenoticias.com.br\/index.php\/2025\/01\/14\/prejuizo-recorde-ressalta-uso-politico-e-ma-gestao-das-empresas-estatais-sob-lula-3\/\" \/>\n<meta property=\"og:site_name\" content=\"Jornal Fatos e Not\u00edcias\" \/>\n<meta property=\"article:published_time\" content=\"2025-01-14T14:03:01+00:00\" \/>\n<meta property=\"article:modified_time\" content=\"2025-01-14T14:03:03+00:00\" \/>\n<meta property=\"og:image\" content=\"https:\/\/jornalfatosenoticias.com.br\/wp-content\/uploads\/2025\/01\/rombo-contas-publicas_istock.jpg\" \/>\n\t<meta property=\"og:image:width\" content=\"612\" \/>\n\t<meta property=\"og:image:height\" content=\"459\" \/>\n\t<meta property=\"og:image:type\" content=\"image\/jpeg\" \/>\n<meta name=\"author\" content=\"Luzimara Fernandes\" \/>\n<meta name=\"twitter:card\" content=\"summary_large_image\" \/>\n<meta name=\"twitter:label1\" content=\"Escrito por\" \/>\n\t<meta name=\"twitter:data1\" content=\"Luzimara Fernandes\" \/>\n\t<meta name=\"twitter:label2\" content=\"Est. tempo de leitura\" \/>\n\t<meta name=\"twitter:data2\" content=\"8 minutos\" \/>\n<script type=\"application\/ld+json\" class=\"yoast-schema-graph\">{\"@context\":\"https:\/\/schema.org\",\"@graph\":[{\"@type\":\"Article\",\"@id\":\"https:\/\/jornalfatosenoticias.com.br\/index.php\/2025\/01\/14\/prejuizo-recorde-ressalta-uso-politico-e-ma-gestao-das-empresas-estatais-sob-lula-3\/#article\",\"isPartOf\":{\"@id\":\"https:\/\/jornalfatosenoticias.com.br\/index.php\/2025\/01\/14\/prejuizo-recorde-ressalta-uso-politico-e-ma-gestao-das-empresas-estatais-sob-lula-3\/\"},\"author\":{\"name\":\"Luzimara Fernandes\",\"@id\":\"https:\/\/jornalfatosenoticias.com.br\/#\/schema\/person\/d63837fa13ac8666eb9e74e0985d6f81\"},\"headline\":\"Preju\u00edzo recorde ressalta uso pol\u00edtico e m\u00e1 gest\u00e3o das empresas estatais sob Lula 3\",\"datePublished\":\"2025-01-14T14:03:01+00:00\",\"dateModified\":\"2025-01-14T14:03:03+00:00\",\"mainEntityOfPage\":{\"@id\":\"https:\/\/jornalfatosenoticias.com.br\/index.php\/2025\/01\/14\/prejuizo-recorde-ressalta-uso-politico-e-ma-gestao-das-empresas-estatais-sob-lula-3\/\"},\"wordCount\":1601,\"commentCount\":0,\"publisher\":{\"@id\":\"https:\/\/jornalfatosenoticias.com.br\/#organization\"},\"image\":{\"@id\":\"https:\/\/jornalfatosenoticias.com.br\/index.php\/2025\/01\/14\/prejuizo-recorde-ressalta-uso-politico-e-ma-gestao-das-empresas-estatais-sob-lula-3\/#primaryimage\"},\"thumbnailUrl\":\"https:\/\/jornalfatosenoticias.com.br\/wp-content\/uploads\/2025\/01\/rombo-contas-publicas_istock.jpg\",\"keywords\":[\"Banco Central\",\"contas p\u00fablicas\",\"corrup\u00e7\u00e3o\",\"desestatiza\u00e7\u00e3o\",\"Eletrobras\",\"Fernando Haddad\",\"governo federal\",\"investimentos\",\"Jair Bolsonaro\",\"Lava Jato\",\"privatiza\u00e7\u00e3o\",\"tributa\u00e7\u00e3o\"],\"articleSection\":[\"Economia\"],\"inLanguage\":\"pt-BR\",\"potentialAction\":[{\"@type\":\"CommentAction\",\"name\":\"Comment\",\"target\":[\"https:\/\/jornalfatosenoticias.com.br\/index.php\/2025\/01\/14\/prejuizo-recorde-ressalta-uso-politico-e-ma-gestao-das-empresas-estatais-sob-lula-3\/#respond\"]}]},{\"@type\":\"WebPage\",\"@id\":\"https:\/\/jornalfatosenoticias.com.br\/index.php\/2025\/01\/14\/prejuizo-recorde-ressalta-uso-politico-e-ma-gestao-das-empresas-estatais-sob-lula-3\/\",\"url\":\"https:\/\/jornalfatosenoticias.com.br\/index.php\/2025\/01\/14\/prejuizo-recorde-ressalta-uso-politico-e-ma-gestao-das-empresas-estatais-sob-lula-3\/\",\"name\":\"Preju\u00edzo recorde ressalta uso pol\u00edtico e m\u00e1 gest\u00e3o das empresas estatais sob Lula 3 - Jornal Fatos e Not\u00edcias\",\"isPartOf\":{\"@id\":\"https:\/\/jornalfatosenoticias.com.br\/#website\"},\"primaryImageOfPage\":{\"@id\":\"https:\/\/jornalfatosenoticias.com.br\/index.php\/2025\/01\/14\/prejuizo-recorde-ressalta-uso-politico-e-ma-gestao-das-empresas-estatais-sob-lula-3\/#primaryimage\"},\"image\":{\"@id\":\"https:\/\/jornalfatosenoticias.com.br\/index.php\/2025\/01\/14\/prejuizo-recorde-ressalta-uso-politico-e-ma-gestao-das-empresas-estatais-sob-lula-3\/#primaryimage\"},\"thumbnailUrl\":\"https:\/\/jornalfatosenoticias.com.br\/wp-content\/uploads\/2025\/01\/rombo-contas-publicas_istock.jpg\",\"datePublished\":\"2025-01-14T14:03:01+00:00\",\"dateModified\":\"2025-01-14T14:03:03+00:00\",\"breadcrumb\":{\"@id\":\"https:\/\/jornalfatosenoticias.com.br\/index.php\/2025\/01\/14\/prejuizo-recorde-ressalta-uso-politico-e-ma-gestao-das-empresas-estatais-sob-lula-3\/#breadcrumb\"},\"inLanguage\":\"pt-BR\",\"potentialAction\":[{\"@type\":\"ReadAction\",\"target\":[\"https:\/\/jornalfatosenoticias.com.br\/index.php\/2025\/01\/14\/prejuizo-recorde-ressalta-uso-politico-e-ma-gestao-das-empresas-estatais-sob-lula-3\/\"]}]},{\"@type\":\"ImageObject\",\"inLanguage\":\"pt-BR\",\"@id\":\"https:\/\/jornalfatosenoticias.com.br\/index.php\/2025\/01\/14\/prejuizo-recorde-ressalta-uso-politico-e-ma-gestao-das-empresas-estatais-sob-lula-3\/#primaryimage\",\"url\":\"https:\/\/jornalfatosenoticias.com.br\/wp-content\/uploads\/2025\/01\/rombo-contas-publicas_istock.jpg\",\"contentUrl\":\"https:\/\/jornalfatosenoticias.com.br\/wp-content\/uploads\/2025\/01\/rombo-contas-publicas_istock.jpg\",\"width\":612,\"height\":459,\"caption\":\"Brazilian money graph falling finance crisis\"},{\"@type\":\"BreadcrumbList\",\"@id\":\"https:\/\/jornalfatosenoticias.com.br\/index.php\/2025\/01\/14\/prejuizo-recorde-ressalta-uso-politico-e-ma-gestao-das-empresas-estatais-sob-lula-3\/#breadcrumb\",\"itemListElement\":[{\"@type\":\"ListItem\",\"position\":1,\"name\":\"In\u00edcio\",\"item\":\"https:\/\/jornalfatosenoticias.com.br\/\"},{\"@type\":\"ListItem\",\"position\":2,\"name\":\"Preju\u00edzo recorde ressalta uso pol\u00edtico e m\u00e1 gest\u00e3o das empresas estatais sob Lula 3\"}]},{\"@type\":\"WebSite\",\"@id\":\"https:\/\/jornalfatosenoticias.com.br\/#website\",\"url\":\"https:\/\/jornalfatosenoticias.com.br\/\",\"name\":\"Jornal Fatos e Not\u00edcias\",\"description\":\"Not\u00edcias em geral\",\"publisher\":{\"@id\":\"https:\/\/jornalfatosenoticias.com.br\/#organization\"},\"potentialAction\":[{\"@type\":\"SearchAction\",\"target\":{\"@type\":\"EntryPoint\",\"urlTemplate\":\"https:\/\/jornalfatosenoticias.com.br\/?s={search_term_string}\"},\"query-input\":{\"@type\":\"PropertyValueSpecification\",\"valueRequired\":true,\"valueName\":\"search_term_string\"}}],\"inLanguage\":\"pt-BR\"},{\"@type\":\"Organization\",\"@id\":\"https:\/\/jornalfatosenoticias.com.br\/#organization\",\"name\":\"Jornal Fatos e Not\u00edcias\",\"url\":\"https:\/\/jornalfatosenoticias.com.br\/\",\"logo\":{\"@type\":\"ImageObject\",\"inLanguage\":\"pt-BR\",\"@id\":\"https:\/\/jornalfatosenoticias.com.br\/#\/schema\/logo\/image\/\",\"url\":\"https:\/\/jornalfatosenoticias.com.br\/wp-content\/uploads\/2020\/02\/logo120.png\",\"contentUrl\":\"https:\/\/jornalfatosenoticias.com.br\/wp-content\/uploads\/2020\/02\/logo120.png\",\"width\":1227,\"height\":120,\"caption\":\"Jornal Fatos e Not\u00edcias\"},\"image\":{\"@id\":\"https:\/\/jornalfatosenoticias.com.br\/#\/schema\/logo\/image\/\"}},{\"@type\":\"Person\",\"@id\":\"https:\/\/jornalfatosenoticias.com.br\/#\/schema\/person\/d63837fa13ac8666eb9e74e0985d6f81\",\"name\":\"Luzimara Fernandes\",\"image\":{\"@type\":\"ImageObject\",\"inLanguage\":\"pt-BR\",\"@id\":\"https:\/\/jornalfatosenoticias.com.br\/#\/schema\/person\/image\/\",\"url\":\"https:\/\/jornalfatosenoticias.com.br\/wp-content\/uploads\/2025\/05\/EU_portal.jpg\",\"contentUrl\":\"https:\/\/jornalfatosenoticias.com.br\/wp-content\/uploads\/2025\/05\/EU_portal.jpg\",\"caption\":\"Luzimara Fernandes\"},\"description\":\"Jornalista MTB 2358-ES\",\"sameAs\":[\"https:\/\/jornalfatosenoticias.com.br\"],\"url\":\"https:\/\/jornalfatosenoticias.com.br\/index.php\/author\/luzimara\/\"}]}<\/script>\n<!-- \/ Yoast SEO plugin. -->","yoast_head_json":{"title":"Preju\u00edzo recorde ressalta uso pol\u00edtico e m\u00e1 gest\u00e3o das empresas estatais sob Lula 3 - Jornal Fatos e Not\u00edcias","robots":{"index":"index","follow":"follow","max-snippet":"max-snippet:-1","max-image-preview":"max-image-preview:large","max-video-preview":"max-video-preview:-1"},"canonical":"https:\/\/jornalfatosenoticias.com.br\/index.php\/2025\/01\/14\/prejuizo-recorde-ressalta-uso-politico-e-ma-gestao-das-empresas-estatais-sob-lula-3\/","og_locale":"pt_BR","og_type":"article","og_title":"Preju\u00edzo recorde ressalta uso pol\u00edtico e m\u00e1 gest\u00e3o das empresas estatais sob Lula 3 - Jornal Fatos e Not\u00edcias","og_description":"Rombo recorde em estatais federais: falta de transpar\u00eancia Por Rose Amant\u00e9a O d\u00e9fict recorde das estatais federais em 2024 acentuou a preocupa\u00e7\u00e3o com as contas p\u00fablicas e a press\u00e3o por maior transpar\u00eancia na gest\u00e3o das empresas sob o governo de Luiz In\u00e1cio Lula da Silva (PT). Dados do Banco Central (BC) indicam um resultado cont\u00e1bil [&hellip;]","og_url":"https:\/\/jornalfatosenoticias.com.br\/index.php\/2025\/01\/14\/prejuizo-recorde-ressalta-uso-politico-e-ma-gestao-das-empresas-estatais-sob-lula-3\/","og_site_name":"Jornal Fatos e Not\u00edcias","article_published_time":"2025-01-14T14:03:01+00:00","article_modified_time":"2025-01-14T14:03:03+00:00","og_image":[{"width":612,"height":459,"url":"https:\/\/jornalfatosenoticias.com.br\/wp-content\/uploads\/2025\/01\/rombo-contas-publicas_istock.jpg","type":"image\/jpeg"}],"author":"Luzimara Fernandes","twitter_card":"summary_large_image","twitter_misc":{"Escrito por":"Luzimara Fernandes","Est. tempo de leitura":"8 minutos"},"schema":{"@context":"https:\/\/schema.org","@graph":[{"@type":"Article","@id":"https:\/\/jornalfatosenoticias.com.br\/index.php\/2025\/01\/14\/prejuizo-recorde-ressalta-uso-politico-e-ma-gestao-das-empresas-estatais-sob-lula-3\/#article","isPartOf":{"@id":"https:\/\/jornalfatosenoticias.com.br\/index.php\/2025\/01\/14\/prejuizo-recorde-ressalta-uso-politico-e-ma-gestao-das-empresas-estatais-sob-lula-3\/"},"author":{"name":"Luzimara Fernandes","@id":"https:\/\/jornalfatosenoticias.com.br\/#\/schema\/person\/d63837fa13ac8666eb9e74e0985d6f81"},"headline":"Preju\u00edzo recorde ressalta uso pol\u00edtico e m\u00e1 gest\u00e3o das empresas estatais sob Lula 3","datePublished":"2025-01-14T14:03:01+00:00","dateModified":"2025-01-14T14:03:03+00:00","mainEntityOfPage":{"@id":"https:\/\/jornalfatosenoticias.com.br\/index.php\/2025\/01\/14\/prejuizo-recorde-ressalta-uso-politico-e-ma-gestao-das-empresas-estatais-sob-lula-3\/"},"wordCount":1601,"commentCount":0,"publisher":{"@id":"https:\/\/jornalfatosenoticias.com.br\/#organization"},"image":{"@id":"https:\/\/jornalfatosenoticias.com.br\/index.php\/2025\/01\/14\/prejuizo-recorde-ressalta-uso-politico-e-ma-gestao-das-empresas-estatais-sob-lula-3\/#primaryimage"},"thumbnailUrl":"https:\/\/jornalfatosenoticias.com.br\/wp-content\/uploads\/2025\/01\/rombo-contas-publicas_istock.jpg","keywords":["Banco Central","contas p\u00fablicas","corrup\u00e7\u00e3o","desestatiza\u00e7\u00e3o","Eletrobras","Fernando Haddad","governo federal","investimentos","Jair Bolsonaro","Lava Jato","privatiza\u00e7\u00e3o","tributa\u00e7\u00e3o"],"articleSection":["Economia"],"inLanguage":"pt-BR","potentialAction":[{"@type":"CommentAction","name":"Comment","target":["https:\/\/jornalfatosenoticias.com.br\/index.php\/2025\/01\/14\/prejuizo-recorde-ressalta-uso-politico-e-ma-gestao-das-empresas-estatais-sob-lula-3\/#respond"]}]},{"@type":"WebPage","@id":"https:\/\/jornalfatosenoticias.com.br\/index.php\/2025\/01\/14\/prejuizo-recorde-ressalta-uso-politico-e-ma-gestao-das-empresas-estatais-sob-lula-3\/","url":"https:\/\/jornalfatosenoticias.com.br\/index.php\/2025\/01\/14\/prejuizo-recorde-ressalta-uso-politico-e-ma-gestao-das-empresas-estatais-sob-lula-3\/","name":"Preju\u00edzo recorde ressalta uso pol\u00edtico e m\u00e1 gest\u00e3o das empresas estatais sob Lula 3 - Jornal Fatos e Not\u00edcias","isPartOf":{"@id":"https:\/\/jornalfatosenoticias.com.br\/#website"},"primaryImageOfPage":{"@id":"https:\/\/jornalfatosenoticias.com.br\/index.php\/2025\/01\/14\/prejuizo-recorde-ressalta-uso-politico-e-ma-gestao-das-empresas-estatais-sob-lula-3\/#primaryimage"},"image":{"@id":"https:\/\/jornalfatosenoticias.com.br\/index.php\/2025\/01\/14\/prejuizo-recorde-ressalta-uso-politico-e-ma-gestao-das-empresas-estatais-sob-lula-3\/#primaryimage"},"thumbnailUrl":"https:\/\/jornalfatosenoticias.com.br\/wp-content\/uploads\/2025\/01\/rombo-contas-publicas_istock.jpg","datePublished":"2025-01-14T14:03:01+00:00","dateModified":"2025-01-14T14:03:03+00:00","breadcrumb":{"@id":"https:\/\/jornalfatosenoticias.com.br\/index.php\/2025\/01\/14\/prejuizo-recorde-ressalta-uso-politico-e-ma-gestao-das-empresas-estatais-sob-lula-3\/#breadcrumb"},"inLanguage":"pt-BR","potentialAction":[{"@type":"ReadAction","target":["https:\/\/jornalfatosenoticias.com.br\/index.php\/2025\/01\/14\/prejuizo-recorde-ressalta-uso-politico-e-ma-gestao-das-empresas-estatais-sob-lula-3\/"]}]},{"@type":"ImageObject","inLanguage":"pt-BR","@id":"https:\/\/jornalfatosenoticias.com.br\/index.php\/2025\/01\/14\/prejuizo-recorde-ressalta-uso-politico-e-ma-gestao-das-empresas-estatais-sob-lula-3\/#primaryimage","url":"https:\/\/jornalfatosenoticias.com.br\/wp-content\/uploads\/2025\/01\/rombo-contas-publicas_istock.jpg","contentUrl":"https:\/\/jornalfatosenoticias.com.br\/wp-content\/uploads\/2025\/01\/rombo-contas-publicas_istock.jpg","width":612,"height":459,"caption":"Brazilian money graph falling finance crisis"},{"@type":"BreadcrumbList","@id":"https:\/\/jornalfatosenoticias.com.br\/index.php\/2025\/01\/14\/prejuizo-recorde-ressalta-uso-politico-e-ma-gestao-das-empresas-estatais-sob-lula-3\/#breadcrumb","itemListElement":[{"@type":"ListItem","position":1,"name":"In\u00edcio","item":"https:\/\/jornalfatosenoticias.com.br\/"},{"@type":"ListItem","position":2,"name":"Preju\u00edzo recorde ressalta uso pol\u00edtico e m\u00e1 gest\u00e3o das empresas estatais sob Lula 3"}]},{"@type":"WebSite","@id":"https:\/\/jornalfatosenoticias.com.br\/#website","url":"https:\/\/jornalfatosenoticias.com.br\/","name":"Jornal Fatos e Not\u00edcias","description":"Not\u00edcias em geral","publisher":{"@id":"https:\/\/jornalfatosenoticias.com.br\/#organization"},"potentialAction":[{"@type":"SearchAction","target":{"@type":"EntryPoint","urlTemplate":"https:\/\/jornalfatosenoticias.com.br\/?s={search_term_string}"},"query-input":{"@type":"PropertyValueSpecification","valueRequired":true,"valueName":"search_term_string"}}],"inLanguage":"pt-BR"},{"@type":"Organization","@id":"https:\/\/jornalfatosenoticias.com.br\/#organization","name":"Jornal Fatos e Not\u00edcias","url":"https:\/\/jornalfatosenoticias.com.br\/","logo":{"@type":"ImageObject","inLanguage":"pt-BR","@id":"https:\/\/jornalfatosenoticias.com.br\/#\/schema\/logo\/image\/","url":"https:\/\/jornalfatosenoticias.com.br\/wp-content\/uploads\/2020\/02\/logo120.png","contentUrl":"https:\/\/jornalfatosenoticias.com.br\/wp-content\/uploads\/2020\/02\/logo120.png","width":1227,"height":120,"caption":"Jornal Fatos e Not\u00edcias"},"image":{"@id":"https:\/\/jornalfatosenoticias.com.br\/#\/schema\/logo\/image\/"}},{"@type":"Person","@id":"https:\/\/jornalfatosenoticias.com.br\/#\/schema\/person\/d63837fa13ac8666eb9e74e0985d6f81","name":"Luzimara Fernandes","image":{"@type":"ImageObject","inLanguage":"pt-BR","@id":"https:\/\/jornalfatosenoticias.com.br\/#\/schema\/person\/image\/","url":"https:\/\/jornalfatosenoticias.com.br\/wp-content\/uploads\/2025\/05\/EU_portal.jpg","contentUrl":"https:\/\/jornalfatosenoticias.com.br\/wp-content\/uploads\/2025\/05\/EU_portal.jpg","caption":"Luzimara Fernandes"},"description":"Jornalista MTB 2358-ES","sameAs":["https:\/\/jornalfatosenoticias.com.br"],"url":"https:\/\/jornalfatosenoticias.com.br\/index.php\/author\/luzimara\/"}]}},"cc_featured_image_caption":{"caption_text":"(Foto: iStock)","source_text":"","source_url":""},"jetpack_featured_media_url":"https:\/\/jornalfatosenoticias.com.br\/wp-content\/uploads\/2025\/01\/rombo-contas-publicas_istock.jpg","_links":{"self":[{"href":"https:\/\/jornalfatosenoticias.com.br\/index.php\/wp-json\/wp\/v2\/posts\/56814","targetHints":{"allow":["GET"]}}],"collection":[{"href":"https:\/\/jornalfatosenoticias.com.br\/index.php\/wp-json\/wp\/v2\/posts"}],"about":[{"href":"https:\/\/jornalfatosenoticias.com.br\/index.php\/wp-json\/wp\/v2\/types\/post"}],"author":[{"embeddable":true,"href":"https:\/\/jornalfatosenoticias.com.br\/index.php\/wp-json\/wp\/v2\/users\/2"}],"replies":[{"embeddable":true,"href":"https:\/\/jornalfatosenoticias.com.br\/index.php\/wp-json\/wp\/v2\/comments?post=56814"}],"version-history":[{"count":0,"href":"https:\/\/jornalfatosenoticias.com.br\/index.php\/wp-json\/wp\/v2\/posts\/56814\/revisions"}],"wp:featuredmedia":[{"embeddable":true,"href":"https:\/\/jornalfatosenoticias.com.br\/index.php\/wp-json\/wp\/v2\/media\/56815"}],"wp:attachment":[{"href":"https:\/\/jornalfatosenoticias.com.br\/index.php\/wp-json\/wp\/v2\/media?parent=56814"}],"wp:term":[{"taxonomy":"category","embeddable":true,"href":"https:\/\/jornalfatosenoticias.com.br\/index.php\/wp-json\/wp\/v2\/categories?post=56814"},{"taxonomy":"post_tag","embeddable":true,"href":"https:\/\/jornalfatosenoticias.com.br\/index.php\/wp-json\/wp\/v2\/tags?post=56814"}],"curies":[{"name":"wp","href":"https:\/\/api.w.org\/{rel}","templated":true}]}}