{"id":56820,"date":"2025-01-14T11:30:10","date_gmt":"2025-01-14T14:30:10","guid":{"rendered":"https:\/\/jornalfatosenoticias.com.br\/?p=56820"},"modified":"2025-01-14T11:30:11","modified_gmt":"2025-01-14T14:30:11","slug":"lula-nao-e-convidado-para-posse-de-trump-e-brasil-deve-ser-representado-por-embaixadora","status":"publish","type":"post","link":"https:\/\/jornalfatosenoticias.com.br\/index.php\/2025\/01\/14\/lula-nao-e-convidado-para-posse-de-trump-e-brasil-deve-ser-representado-por-embaixadora\/","title":{"rendered":"Lula n\u00e3o \u00e9 convidado para posse de Trump e Brasil deve ser representado por embaixadora"},"content":{"rendered":"\n<p><span class=\"has-inline-color has-black-color\">Por <strong><a href=\"https:\/\/www.gazetadopovo.com.br\/autor\/carinne-souza\/\">Carinne Souza<\/a><\/strong><\/span><\/p>\n\n\n\n<div class=\"wp-block-image\"><figure class=\"aligncenter size-large\"><a href=\"https:\/\/www.instagram.com\/rcradiadores\/\"><img loading=\"lazy\" decoding=\"async\" width=\"560\" height=\"60\" src=\"https:\/\/jornalfatosenoticias.com.br\/wp-content\/uploads\/2022\/10\/Propaganda-RC-Radiadores-Jornal_page-0001.jpg\" alt=\"\" class=\"wp-image-35270\" srcset=\"https:\/\/jornalfatosenoticias.com.br\/wp-content\/uploads\/2022\/10\/Propaganda-RC-Radiadores-Jornal_page-0001.jpg 560w, https:\/\/jornalfatosenoticias.com.br\/wp-content\/uploads\/2022\/10\/Propaganda-RC-Radiadores-Jornal_page-0001-300x32.jpg 300w\" sizes=\"auto, (max-width: 560px) 100vw, 560px\" \/><\/a><\/figure><\/div>\n\n\n\n<p>Luiz In\u00e1cio Lula da Silva (PT) n\u00e3o foi convidado para participar da posse do presidente eleito nos Estados Unidos, Donald Trump. Na cerim\u00f4nia, o Brasil deve ser representado pela embaixadora brasileira no pa\u00eds, Maria Luiza Viotti. O evento est\u00e1 marcado para a pr\u00f3xima segunda-feira (20).<br>A aus\u00eancia de Lula na solenidade j\u00e1 havia sido confirmada antes mesmo de o convite ser oficialmente feito \u00e0 Embaixada do Brasil nos EUA, conforme apurou a Gazeta do Povo com membros do governo. Diferentemente do Brasil, \u00e9 comum em posse de presidentes americanos que apenas os embaixadores em Washington participem da cerim\u00f4nia.<\/p>\n\n\n\n<div class=\"wp-block-image\"><figure class=\"aligncenter size-large\"><a href=\"http:\/\/www.ferrarimaquinas.com.br\/\"><img loading=\"lazy\" decoding=\"async\" width=\"300\" height=\"250\" src=\"https:\/\/jornalfatosenoticias.com.br\/wp-content\/uploads\/2022\/02\/FERRARI_MAQUINAS-E-FERRAMENTAS2.jpg\" alt=\"\" class=\"wp-image-27860\"\/><\/a><\/figure><\/div>\n\n\n\n<p>Essa \u00e9 uma tradi\u00e7\u00e3o, contudo, que foi quebrada por Donald Trump neste mandato, j\u00e1 que ele fez convites a alguns presidentes. O republicano convidou outros presidentes para a sua posse, como o autocrata chin\u00eas, Xi Jinping, e o mandat\u00e1rio argentino, Javier Milei. Xi ainda n\u00e3o confirmou sua presen\u00e7a, mas a expectativa, de acordo com a imprensa argentina, \u00e9 de que Milei participe da solenidade.<\/p>\n\n\n\n<div class=\"wp-block-image\"><figure class=\"aligncenter size-large is-resized\"><a href=\"https:\/\/www.controlsystems.com.br\/\"><img loading=\"lazy\" decoding=\"async\" src=\"https:\/\/jornalfatosenoticias.com.br\/wp-content\/uploads\/2020\/02\/CONTROL-CS.jpg\" alt=\"\" class=\"wp-image-44991\" width=\"318\" height=\"380\" srcset=\"https:\/\/jornalfatosenoticias.com.br\/wp-content\/uploads\/2020\/02\/CONTROL-CS.jpg 834w, https:\/\/jornalfatosenoticias.com.br\/wp-content\/uploads\/2020\/02\/CONTROL-CS-250x300.jpg 250w, https:\/\/jornalfatosenoticias.com.br\/wp-content\/uploads\/2020\/02\/CONTROL-CS-768x921.jpg 768w\" sizes=\"auto, (max-width: 318px) 100vw, 318px\" \/><\/a><\/figure><\/div>\n\n\n\n<p>Lula, contudo, ficou de fora da lista de convites. O petista e Trump n\u00e3o possuem qualquer proximidade, enquanto o americano possui um bom relacionamento com o ex-presidente Jair Bolsonaro (PL). Diferente de Lula, Bolsonaro informou ter sido convidado para a posse do republicano. Para participar do evento, por\u00e9m, Bolsonaro solicitou ao ministro Alexandre de Moraes, do Supremo Tribunal Federal (STF), a libera\u00e7\u00e3o de seu passaporte para ir ao evento.<\/p>\n\n\n\n<div class=\"wp-block-image\"><figure class=\"aligncenter size-large is-resized\"><a href=\"https:\/\/www.instagram.com\/vmais.midias\/\"><img loading=\"lazy\" decoding=\"async\" src=\"https:\/\/jornalfatosenoticias.com.br\/wp-content\/uploads\/2020\/02\/DE-MAIS-DESTAQUE-VMAIS-800X700.png\" alt=\"\" class=\"wp-image-53112\" width=\"321\" height=\"280\" srcset=\"https:\/\/jornalfatosenoticias.com.br\/wp-content\/uploads\/2020\/02\/DE-MAIS-DESTAQUE-VMAIS-800X700.png 800w, https:\/\/jornalfatosenoticias.com.br\/wp-content\/uploads\/2020\/02\/DE-MAIS-DESTAQUE-VMAIS-800X700-300x263.png 300w, https:\/\/jornalfatosenoticias.com.br\/wp-content\/uploads\/2020\/02\/DE-MAIS-DESTAQUE-VMAIS-800X700-768x672.png 768w\" sizes=\"auto, (max-width: 321px) 100vw, 321px\" \/><\/a><\/figure><\/div>\n\n\n\n<p>O passaporte de Bolsonaro foi apreendido em fevereiro de 2024 no \u00e2mbito do inqu\u00e9rito que investiga a suposta participa\u00e7\u00e3o do ex-presidente nos atos do 8 de Janeiro. Em resposta ao pedido, Moraes solicitou que Bolsonaro apresente &#8220;um convite formal&#8221; para o evento. De acordo com o magistrado, a mensagem com o convite foi recebida por Eduardo Bolsonaro (PL) a partir de &#8220;um endere\u00e7o n\u00e3o identificado&#8221; e &#8220;sem qualquer hor\u00e1rio ou programa\u00e7\u00e3o do evento a ser realizado&#8221;.<br>Caso o ex-presidente n\u00e3o seja autorizado a viajar aos Estados Unidos, a ex-primeira-dama Michelle Bolsonaro (PL) dever\u00e1 represent\u00e1-lo na cerim\u00f4nia, como mostrou reportagem publicada pela Gazeta do Povo.<\/p>\n\n\n\n<div class=\"wp-block-image\"><figure class=\"aligncenter size-large is-resized\"><a href=\"https:\/\/www.instagram.com\/serra4x4cambioautomatico\/\"><img loading=\"lazy\" decoding=\"async\" src=\"https:\/\/jornalfatosenoticias.com.br\/wp-content\/uploads\/2024\/08\/Serra-4x4-1-886x1024.jpg\" alt=\"\" class=\"wp-image-53632\" width=\"294\" height=\"340\" srcset=\"https:\/\/jornalfatosenoticias.com.br\/wp-content\/uploads\/2024\/08\/Serra-4x4-1-886x1024.jpg 886w, https:\/\/jornalfatosenoticias.com.br\/wp-content\/uploads\/2024\/08\/Serra-4x4-1-260x300.jpg 260w, https:\/\/jornalfatosenoticias.com.br\/wp-content\/uploads\/2024\/08\/Serra-4x4-1-768x888.jpg 768w, https:\/\/jornalfatosenoticias.com.br\/wp-content\/uploads\/2024\/08\/Serra-4x4-1.jpg 1181w\" sizes=\"auto, (max-width: 294px) 100vw, 294px\" \/><\/a><\/figure><\/div>\n\n\n\n<p><strong><em>Fonte: <a href=\"https:\/\/www.gazetadopovo.com.br\/republica\/lula-nao-e-convidado-para-posse-de-trump-e-brasil-sera-representado-por-embaixadora\/\">Gazeta do Povo<\/a><\/em><\/strong><\/p>\n","protected":false},"excerpt":{"rendered":"<p>Por Carinne Souza Luiz In\u00e1cio Lula da Silva (PT) n\u00e3o foi convidado para participar da posse do presidente eleito nos Estados Unidos, Donald Trump. Na cerim\u00f4nia, o Brasil deve ser representado pela embaixadora brasileira no pa\u00eds, Maria Luiza Viotti. O evento est\u00e1 marcado para a pr\u00f3xima segunda-feira (20).A aus\u00eancia de Lula na solenidade j\u00e1 havia [&hellip;]<\/p>\n","protected":false},"author":2,"featured_media":55550,"comment_status":"open","ping_status":"open","sticky":false,"template":"","format":"standard","meta":{"footnotes":""},"categories":[10],"tags":[18055,13889,5995,2147,23019,159,1795,18616,7580,19251,19600,18392,294,9243],"class_list":["post-56820","post","type-post","status-publish","format-standard","has-post-thumbnail","hentry","category-politica","tag-8-de-janeiro","tag-alexandre-de-moraes","tag-argentina","tag-donald-trump","tag-eduardo-bolsonaro","tag-eua","tag-jair-bolsonaro","tag-javier-milei","tag-lula","tag-michelle-bolsonaro","tag-partido-dos-trabalhadores","tag-partido-liberal","tag-stf","tag-xi-jinping"],"yoast_head":"<!-- This site is optimized with the Yoast SEO plugin v26.5 - https:\/\/yoast.com\/wordpress\/plugins\/seo\/ -->\n<title>Lula n\u00e3o \u00e9 convidado para posse de Trump e Brasil deve ser representado por embaixadora - Jornal Fatos e Not\u00edcias<\/title>\n<meta name=\"robots\" content=\"index, follow, max-snippet:-1, max-image-preview:large, max-video-preview:-1\" \/>\n<link rel=\"canonical\" href=\"https:\/\/jornalfatosenoticias.com.br\/index.php\/2025\/01\/14\/lula-nao-e-convidado-para-posse-de-trump-e-brasil-deve-ser-representado-por-embaixadora\/\" \/>\n<meta property=\"og:locale\" content=\"pt_BR\" \/>\n<meta property=\"og:type\" content=\"article\" \/>\n<meta property=\"og:title\" content=\"Lula n\u00e3o \u00e9 convidado para posse de Trump e Brasil deve ser representado por embaixadora - Jornal Fatos e Not\u00edcias\" \/>\n<meta property=\"og:description\" content=\"Por Carinne Souza Luiz In\u00e1cio Lula da Silva (PT) n\u00e3o foi convidado para participar da posse do presidente eleito nos Estados Unidos, Donald Trump. Na cerim\u00f4nia, o Brasil deve ser representado pela embaixadora brasileira no pa\u00eds, Maria Luiza Viotti. O evento est\u00e1 marcado para a pr\u00f3xima segunda-feira (20).A aus\u00eancia de Lula na solenidade j\u00e1 havia [&hellip;]\" \/>\n<meta property=\"og:url\" content=\"https:\/\/jornalfatosenoticias.com.br\/index.php\/2025\/01\/14\/lula-nao-e-convidado-para-posse-de-trump-e-brasil-deve-ser-representado-por-embaixadora\/\" \/>\n<meta property=\"og:site_name\" content=\"Jornal Fatos e Not\u00edcias\" \/>\n<meta property=\"article:published_time\" content=\"2025-01-14T14:30:10+00:00\" \/>\n<meta property=\"article:modified_time\" content=\"2025-01-14T14:30:11+00:00\" \/>\n<meta property=\"og:image\" content=\"https:\/\/jornalfatosenoticias.com.br\/wp-content\/uploads\/2024\/11\/trump-e-bolsonaro_gettyimages.jpg\" \/>\n\t<meta property=\"og:image:width\" content=\"612\" \/>\n\t<meta property=\"og:image:height\" content=\"408\" \/>\n\t<meta property=\"og:image:type\" content=\"image\/jpeg\" \/>\n<meta name=\"author\" content=\"Luzimara Fernandes\" \/>\n<meta name=\"twitter:card\" content=\"summary_large_image\" \/>\n<meta name=\"twitter:label1\" content=\"Escrito por\" \/>\n\t<meta name=\"twitter:data1\" content=\"Luzimara Fernandes\" \/>\n\t<meta name=\"twitter:label2\" content=\"Est. tempo de leitura\" \/>\n\t<meta name=\"twitter:data2\" content=\"2 minutos\" \/>\n<script type=\"application\/ld+json\" class=\"yoast-schema-graph\">{\"@context\":\"https:\/\/schema.org\",\"@graph\":[{\"@type\":\"Article\",\"@id\":\"https:\/\/jornalfatosenoticias.com.br\/index.php\/2025\/01\/14\/lula-nao-e-convidado-para-posse-de-trump-e-brasil-deve-ser-representado-por-embaixadora\/#article\",\"isPartOf\":{\"@id\":\"https:\/\/jornalfatosenoticias.com.br\/index.php\/2025\/01\/14\/lula-nao-e-convidado-para-posse-de-trump-e-brasil-deve-ser-representado-por-embaixadora\/\"},\"author\":{\"name\":\"Luzimara Fernandes\",\"@id\":\"https:\/\/jornalfatosenoticias.com.br\/#\/schema\/person\/d63837fa13ac8666eb9e74e0985d6f81\"},\"headline\":\"Lula n\u00e3o \u00e9 convidado para posse de Trump e Brasil deve ser representado por embaixadora\",\"datePublished\":\"2025-01-14T14:30:10+00:00\",\"dateModified\":\"2025-01-14T14:30:11+00:00\",\"mainEntityOfPage\":{\"@id\":\"https:\/\/jornalfatosenoticias.com.br\/index.php\/2025\/01\/14\/lula-nao-e-convidado-para-posse-de-trump-e-brasil-deve-ser-representado-por-embaixadora\/\"},\"wordCount\":374,\"commentCount\":0,\"publisher\":{\"@id\":\"https:\/\/jornalfatosenoticias.com.br\/#organization\"},\"image\":{\"@id\":\"https:\/\/jornalfatosenoticias.com.br\/index.php\/2025\/01\/14\/lula-nao-e-convidado-para-posse-de-trump-e-brasil-deve-ser-representado-por-embaixadora\/#primaryimage\"},\"thumbnailUrl\":\"https:\/\/jornalfatosenoticias.com.br\/wp-content\/uploads\/2024\/11\/trump-e-bolsonaro_gettyimages.jpg\",\"keywords\":[\"8 de janeiro\",\"Alexandre de Moraes\",\"Argentina\",\"Donald Trump\",\"Eduardo Bolsonaro\",\"EUA\",\"Jair Bolsonaro\",\"Javier Milei\",\"Lula\",\"Michelle Bolsonaro\",\"Partido dos Trabalhadores\",\"Partido Liberal\",\"STF\",\"Xi Jinping\"],\"articleSection\":[\"Pol\u00edtica\"],\"inLanguage\":\"pt-BR\",\"potentialAction\":[{\"@type\":\"CommentAction\",\"name\":\"Comment\",\"target\":[\"https:\/\/jornalfatosenoticias.com.br\/index.php\/2025\/01\/14\/lula-nao-e-convidado-para-posse-de-trump-e-brasil-deve-ser-representado-por-embaixadora\/#respond\"]}]},{\"@type\":\"WebPage\",\"@id\":\"https:\/\/jornalfatosenoticias.com.br\/index.php\/2025\/01\/14\/lula-nao-e-convidado-para-posse-de-trump-e-brasil-deve-ser-representado-por-embaixadora\/\",\"url\":\"https:\/\/jornalfatosenoticias.com.br\/index.php\/2025\/01\/14\/lula-nao-e-convidado-para-posse-de-trump-e-brasil-deve-ser-representado-por-embaixadora\/\",\"name\":\"Lula n\u00e3o \u00e9 convidado para posse de Trump e Brasil deve ser representado por embaixadora - Jornal Fatos e Not\u00edcias\",\"isPartOf\":{\"@id\":\"https:\/\/jornalfatosenoticias.com.br\/#website\"},\"primaryImageOfPage\":{\"@id\":\"https:\/\/jornalfatosenoticias.com.br\/index.php\/2025\/01\/14\/lula-nao-e-convidado-para-posse-de-trump-e-brasil-deve-ser-representado-por-embaixadora\/#primaryimage\"},\"image\":{\"@id\":\"https:\/\/jornalfatosenoticias.com.br\/index.php\/2025\/01\/14\/lula-nao-e-convidado-para-posse-de-trump-e-brasil-deve-ser-representado-por-embaixadora\/#primaryimage\"},\"thumbnailUrl\":\"https:\/\/jornalfatosenoticias.com.br\/wp-content\/uploads\/2024\/11\/trump-e-bolsonaro_gettyimages.jpg\",\"datePublished\":\"2025-01-14T14:30:10+00:00\",\"dateModified\":\"2025-01-14T14:30:11+00:00\",\"breadcrumb\":{\"@id\":\"https:\/\/jornalfatosenoticias.com.br\/index.php\/2025\/01\/14\/lula-nao-e-convidado-para-posse-de-trump-e-brasil-deve-ser-representado-por-embaixadora\/#breadcrumb\"},\"inLanguage\":\"pt-BR\",\"potentialAction\":[{\"@type\":\"ReadAction\",\"target\":[\"https:\/\/jornalfatosenoticias.com.br\/index.php\/2025\/01\/14\/lula-nao-e-convidado-para-posse-de-trump-e-brasil-deve-ser-representado-por-embaixadora\/\"]}]},{\"@type\":\"ImageObject\",\"inLanguage\":\"pt-BR\",\"@id\":\"https:\/\/jornalfatosenoticias.com.br\/index.php\/2025\/01\/14\/lula-nao-e-convidado-para-posse-de-trump-e-brasil-deve-ser-representado-por-embaixadora\/#primaryimage\",\"url\":\"https:\/\/jornalfatosenoticias.com.br\/wp-content\/uploads\/2024\/11\/trump-e-bolsonaro_gettyimages.jpg\",\"contentUrl\":\"https:\/\/jornalfatosenoticias.com.br\/wp-content\/uploads\/2024\/11\/trump-e-bolsonaro_gettyimages.jpg\",\"width\":612,\"height\":408,\"caption\":\"U.S. President Donald Trump, left, shakes hands with Jair Bolsonaro, Brazil's president, at Mar-a-Lago resort in Palm Beach, Florida, U.S., on Saturday, March 7, 2020. Bolsonaro, a Trump admirer who fashioned his successful election campaign after the American president's, is traveling to Florida to meet with business leaders and Trump himself. Photographer: Eva Marie Uzcategui\/Bloomberg via Getty Images\"},{\"@type\":\"BreadcrumbList\",\"@id\":\"https:\/\/jornalfatosenoticias.com.br\/index.php\/2025\/01\/14\/lula-nao-e-convidado-para-posse-de-trump-e-brasil-deve-ser-representado-por-embaixadora\/#breadcrumb\",\"itemListElement\":[{\"@type\":\"ListItem\",\"position\":1,\"name\":\"In\u00edcio\",\"item\":\"https:\/\/jornalfatosenoticias.com.br\/\"},{\"@type\":\"ListItem\",\"position\":2,\"name\":\"Lula n\u00e3o \u00e9 convidado para posse de Trump e Brasil deve ser representado por embaixadora\"}]},{\"@type\":\"WebSite\",\"@id\":\"https:\/\/jornalfatosenoticias.com.br\/#website\",\"url\":\"https:\/\/jornalfatosenoticias.com.br\/\",\"name\":\"Jornal Fatos e Not\u00edcias\",\"description\":\"Not\u00edcias em geral\",\"publisher\":{\"@id\":\"https:\/\/jornalfatosenoticias.com.br\/#organization\"},\"potentialAction\":[{\"@type\":\"SearchAction\",\"target\":{\"@type\":\"EntryPoint\",\"urlTemplate\":\"https:\/\/jornalfatosenoticias.com.br\/?s={search_term_string}\"},\"query-input\":{\"@type\":\"PropertyValueSpecification\",\"valueRequired\":true,\"valueName\":\"search_term_string\"}}],\"inLanguage\":\"pt-BR\"},{\"@type\":\"Organization\",\"@id\":\"https:\/\/jornalfatosenoticias.com.br\/#organization\",\"name\":\"Jornal Fatos e Not\u00edcias\",\"url\":\"https:\/\/jornalfatosenoticias.com.br\/\",\"logo\":{\"@type\":\"ImageObject\",\"inLanguage\":\"pt-BR\",\"@id\":\"https:\/\/jornalfatosenoticias.com.br\/#\/schema\/logo\/image\/\",\"url\":\"https:\/\/jornalfatosenoticias.com.br\/wp-content\/uploads\/2020\/02\/logo120.png\",\"contentUrl\":\"https:\/\/jornalfatosenoticias.com.br\/wp-content\/uploads\/2020\/02\/logo120.png\",\"width\":1227,\"height\":120,\"caption\":\"Jornal Fatos e Not\u00edcias\"},\"image\":{\"@id\":\"https:\/\/jornalfatosenoticias.com.br\/#\/schema\/logo\/image\/\"}},{\"@type\":\"Person\",\"@id\":\"https:\/\/jornalfatosenoticias.com.br\/#\/schema\/person\/d63837fa13ac8666eb9e74e0985d6f81\",\"name\":\"Luzimara Fernandes\",\"image\":{\"@type\":\"ImageObject\",\"inLanguage\":\"pt-BR\",\"@id\":\"https:\/\/jornalfatosenoticias.com.br\/#\/schema\/person\/image\/\",\"url\":\"https:\/\/jornalfatosenoticias.com.br\/wp-content\/uploads\/2025\/05\/EU_portal.jpg\",\"contentUrl\":\"https:\/\/jornalfatosenoticias.com.br\/wp-content\/uploads\/2025\/05\/EU_portal.jpg\",\"caption\":\"Luzimara Fernandes\"},\"description\":\"Jornalista MTB 2358-ES\",\"sameAs\":[\"https:\/\/jornalfatosenoticias.com.br\"],\"url\":\"https:\/\/jornalfatosenoticias.com.br\/index.php\/author\/luzimara\/\"}]}<\/script>\n<!-- \/ Yoast SEO plugin. -->","yoast_head_json":{"title":"Lula n\u00e3o \u00e9 convidado para posse de Trump e Brasil deve ser representado por embaixadora - Jornal Fatos e Not\u00edcias","robots":{"index":"index","follow":"follow","max-snippet":"max-snippet:-1","max-image-preview":"max-image-preview:large","max-video-preview":"max-video-preview:-1"},"canonical":"https:\/\/jornalfatosenoticias.com.br\/index.php\/2025\/01\/14\/lula-nao-e-convidado-para-posse-de-trump-e-brasil-deve-ser-representado-por-embaixadora\/","og_locale":"pt_BR","og_type":"article","og_title":"Lula n\u00e3o \u00e9 convidado para posse de Trump e Brasil deve ser representado por embaixadora - Jornal Fatos e Not\u00edcias","og_description":"Por Carinne Souza Luiz In\u00e1cio Lula da Silva (PT) n\u00e3o foi convidado para participar da posse do presidente eleito nos Estados Unidos, Donald Trump. Na cerim\u00f4nia, o Brasil deve ser representado pela embaixadora brasileira no pa\u00eds, Maria Luiza Viotti. O evento est\u00e1 marcado para a pr\u00f3xima segunda-feira (20).A aus\u00eancia de Lula na solenidade j\u00e1 havia [&hellip;]","og_url":"https:\/\/jornalfatosenoticias.com.br\/index.php\/2025\/01\/14\/lula-nao-e-convidado-para-posse-de-trump-e-brasil-deve-ser-representado-por-embaixadora\/","og_site_name":"Jornal Fatos e Not\u00edcias","article_published_time":"2025-01-14T14:30:10+00:00","article_modified_time":"2025-01-14T14:30:11+00:00","og_image":[{"width":612,"height":408,"url":"https:\/\/jornalfatosenoticias.com.br\/wp-content\/uploads\/2024\/11\/trump-e-bolsonaro_gettyimages.jpg","type":"image\/jpeg"}],"author":"Luzimara Fernandes","twitter_card":"summary_large_image","twitter_misc":{"Escrito por":"Luzimara Fernandes","Est. tempo de leitura":"2 minutos"},"schema":{"@context":"https:\/\/schema.org","@graph":[{"@type":"Article","@id":"https:\/\/jornalfatosenoticias.com.br\/index.php\/2025\/01\/14\/lula-nao-e-convidado-para-posse-de-trump-e-brasil-deve-ser-representado-por-embaixadora\/#article","isPartOf":{"@id":"https:\/\/jornalfatosenoticias.com.br\/index.php\/2025\/01\/14\/lula-nao-e-convidado-para-posse-de-trump-e-brasil-deve-ser-representado-por-embaixadora\/"},"author":{"name":"Luzimara Fernandes","@id":"https:\/\/jornalfatosenoticias.com.br\/#\/schema\/person\/d63837fa13ac8666eb9e74e0985d6f81"},"headline":"Lula n\u00e3o \u00e9 convidado para posse de Trump e Brasil deve ser representado por embaixadora","datePublished":"2025-01-14T14:30:10+00:00","dateModified":"2025-01-14T14:30:11+00:00","mainEntityOfPage":{"@id":"https:\/\/jornalfatosenoticias.com.br\/index.php\/2025\/01\/14\/lula-nao-e-convidado-para-posse-de-trump-e-brasil-deve-ser-representado-por-embaixadora\/"},"wordCount":374,"commentCount":0,"publisher":{"@id":"https:\/\/jornalfatosenoticias.com.br\/#organization"},"image":{"@id":"https:\/\/jornalfatosenoticias.com.br\/index.php\/2025\/01\/14\/lula-nao-e-convidado-para-posse-de-trump-e-brasil-deve-ser-representado-por-embaixadora\/#primaryimage"},"thumbnailUrl":"https:\/\/jornalfatosenoticias.com.br\/wp-content\/uploads\/2024\/11\/trump-e-bolsonaro_gettyimages.jpg","keywords":["8 de janeiro","Alexandre de Moraes","Argentina","Donald Trump","Eduardo Bolsonaro","EUA","Jair Bolsonaro","Javier Milei","Lula","Michelle Bolsonaro","Partido dos Trabalhadores","Partido Liberal","STF","Xi Jinping"],"articleSection":["Pol\u00edtica"],"inLanguage":"pt-BR","potentialAction":[{"@type":"CommentAction","name":"Comment","target":["https:\/\/jornalfatosenoticias.com.br\/index.php\/2025\/01\/14\/lula-nao-e-convidado-para-posse-de-trump-e-brasil-deve-ser-representado-por-embaixadora\/#respond"]}]},{"@type":"WebPage","@id":"https:\/\/jornalfatosenoticias.com.br\/index.php\/2025\/01\/14\/lula-nao-e-convidado-para-posse-de-trump-e-brasil-deve-ser-representado-por-embaixadora\/","url":"https:\/\/jornalfatosenoticias.com.br\/index.php\/2025\/01\/14\/lula-nao-e-convidado-para-posse-de-trump-e-brasil-deve-ser-representado-por-embaixadora\/","name":"Lula n\u00e3o \u00e9 convidado para posse de Trump e Brasil deve ser representado por embaixadora - Jornal Fatos e Not\u00edcias","isPartOf":{"@id":"https:\/\/jornalfatosenoticias.com.br\/#website"},"primaryImageOfPage":{"@id":"https:\/\/jornalfatosenoticias.com.br\/index.php\/2025\/01\/14\/lula-nao-e-convidado-para-posse-de-trump-e-brasil-deve-ser-representado-por-embaixadora\/#primaryimage"},"image":{"@id":"https:\/\/jornalfatosenoticias.com.br\/index.php\/2025\/01\/14\/lula-nao-e-convidado-para-posse-de-trump-e-brasil-deve-ser-representado-por-embaixadora\/#primaryimage"},"thumbnailUrl":"https:\/\/jornalfatosenoticias.com.br\/wp-content\/uploads\/2024\/11\/trump-e-bolsonaro_gettyimages.jpg","datePublished":"2025-01-14T14:30:10+00:00","dateModified":"2025-01-14T14:30:11+00:00","breadcrumb":{"@id":"https:\/\/jornalfatosenoticias.com.br\/index.php\/2025\/01\/14\/lula-nao-e-convidado-para-posse-de-trump-e-brasil-deve-ser-representado-por-embaixadora\/#breadcrumb"},"inLanguage":"pt-BR","potentialAction":[{"@type":"ReadAction","target":["https:\/\/jornalfatosenoticias.com.br\/index.php\/2025\/01\/14\/lula-nao-e-convidado-para-posse-de-trump-e-brasil-deve-ser-representado-por-embaixadora\/"]}]},{"@type":"ImageObject","inLanguage":"pt-BR","@id":"https:\/\/jornalfatosenoticias.com.br\/index.php\/2025\/01\/14\/lula-nao-e-convidado-para-posse-de-trump-e-brasil-deve-ser-representado-por-embaixadora\/#primaryimage","url":"https:\/\/jornalfatosenoticias.com.br\/wp-content\/uploads\/2024\/11\/trump-e-bolsonaro_gettyimages.jpg","contentUrl":"https:\/\/jornalfatosenoticias.com.br\/wp-content\/uploads\/2024\/11\/trump-e-bolsonaro_gettyimages.jpg","width":612,"height":408,"caption":"U.S. President Donald Trump, left, shakes hands with Jair Bolsonaro, Brazil's president, at Mar-a-Lago resort in Palm Beach, Florida, U.S., on Saturday, March 7, 2020. Bolsonaro, a Trump admirer who fashioned his successful election campaign after the American president's, is traveling to Florida to meet with business leaders and Trump himself. Photographer: Eva Marie Uzcategui\/Bloomberg via Getty Images"},{"@type":"BreadcrumbList","@id":"https:\/\/jornalfatosenoticias.com.br\/index.php\/2025\/01\/14\/lula-nao-e-convidado-para-posse-de-trump-e-brasil-deve-ser-representado-por-embaixadora\/#breadcrumb","itemListElement":[{"@type":"ListItem","position":1,"name":"In\u00edcio","item":"https:\/\/jornalfatosenoticias.com.br\/"},{"@type":"ListItem","position":2,"name":"Lula n\u00e3o \u00e9 convidado para posse de Trump e Brasil deve ser representado por embaixadora"}]},{"@type":"WebSite","@id":"https:\/\/jornalfatosenoticias.com.br\/#website","url":"https:\/\/jornalfatosenoticias.com.br\/","name":"Jornal Fatos e Not\u00edcias","description":"Not\u00edcias em geral","publisher":{"@id":"https:\/\/jornalfatosenoticias.com.br\/#organization"},"potentialAction":[{"@type":"SearchAction","target":{"@type":"EntryPoint","urlTemplate":"https:\/\/jornalfatosenoticias.com.br\/?s={search_term_string}"},"query-input":{"@type":"PropertyValueSpecification","valueRequired":true,"valueName":"search_term_string"}}],"inLanguage":"pt-BR"},{"@type":"Organization","@id":"https:\/\/jornalfatosenoticias.com.br\/#organization","name":"Jornal Fatos e Not\u00edcias","url":"https:\/\/jornalfatosenoticias.com.br\/","logo":{"@type":"ImageObject","inLanguage":"pt-BR","@id":"https:\/\/jornalfatosenoticias.com.br\/#\/schema\/logo\/image\/","url":"https:\/\/jornalfatosenoticias.com.br\/wp-content\/uploads\/2020\/02\/logo120.png","contentUrl":"https:\/\/jornalfatosenoticias.com.br\/wp-content\/uploads\/2020\/02\/logo120.png","width":1227,"height":120,"caption":"Jornal Fatos e Not\u00edcias"},"image":{"@id":"https:\/\/jornalfatosenoticias.com.br\/#\/schema\/logo\/image\/"}},{"@type":"Person","@id":"https:\/\/jornalfatosenoticias.com.br\/#\/schema\/person\/d63837fa13ac8666eb9e74e0985d6f81","name":"Luzimara Fernandes","image":{"@type":"ImageObject","inLanguage":"pt-BR","@id":"https:\/\/jornalfatosenoticias.com.br\/#\/schema\/person\/image\/","url":"https:\/\/jornalfatosenoticias.com.br\/wp-content\/uploads\/2025\/05\/EU_portal.jpg","contentUrl":"https:\/\/jornalfatosenoticias.com.br\/wp-content\/uploads\/2025\/05\/EU_portal.jpg","caption":"Luzimara Fernandes"},"description":"Jornalista MTB 2358-ES","sameAs":["https:\/\/jornalfatosenoticias.com.br"],"url":"https:\/\/jornalfatosenoticias.com.br\/index.php\/author\/luzimara\/"}]}},"cc_featured_image_caption":{"caption_text":"(Foto: Getty Images) ","source_text":"","source_url":""},"jetpack_featured_media_url":"https:\/\/jornalfatosenoticias.com.br\/wp-content\/uploads\/2024\/11\/trump-e-bolsonaro_gettyimages.jpg","_links":{"self":[{"href":"https:\/\/jornalfatosenoticias.com.br\/index.php\/wp-json\/wp\/v2\/posts\/56820","targetHints":{"allow":["GET"]}}],"collection":[{"href":"https:\/\/jornalfatosenoticias.com.br\/index.php\/wp-json\/wp\/v2\/posts"}],"about":[{"href":"https:\/\/jornalfatosenoticias.com.br\/index.php\/wp-json\/wp\/v2\/types\/post"}],"author":[{"embeddable":true,"href":"https:\/\/jornalfatosenoticias.com.br\/index.php\/wp-json\/wp\/v2\/users\/2"}],"replies":[{"embeddable":true,"href":"https:\/\/jornalfatosenoticias.com.br\/index.php\/wp-json\/wp\/v2\/comments?post=56820"}],"version-history":[{"count":0,"href":"https:\/\/jornalfatosenoticias.com.br\/index.php\/wp-json\/wp\/v2\/posts\/56820\/revisions"}],"wp:featuredmedia":[{"embeddable":true,"href":"https:\/\/jornalfatosenoticias.com.br\/index.php\/wp-json\/wp\/v2\/media\/55550"}],"wp:attachment":[{"href":"https:\/\/jornalfatosenoticias.com.br\/index.php\/wp-json\/wp\/v2\/media?parent=56820"}],"wp:term":[{"taxonomy":"category","embeddable":true,"href":"https:\/\/jornalfatosenoticias.com.br\/index.php\/wp-json\/wp\/v2\/categories?post=56820"},{"taxonomy":"post_tag","embeddable":true,"href":"https:\/\/jornalfatosenoticias.com.br\/index.php\/wp-json\/wp\/v2\/tags?post=56820"}],"curies":[{"name":"wp","href":"https:\/\/api.w.org\/{rel}","templated":true}]}}