{"id":5683,"date":"2020-06-18T16:29:06","date_gmt":"2020-06-18T19:29:06","guid":{"rendered":"https:\/\/jornalfatosenoticias.com.br\/?p=5683"},"modified":"2020-06-18T16:29:11","modified_gmt":"2020-06-18T19:29:11","slug":"pensamentos-negativos-constantes-aumentam-risco-de-alzheimer-diz-estudo","status":"publish","type":"post","link":"https:\/\/jornalfatosenoticias.com.br\/index.php\/2020\/06\/18\/pensamentos-negativos-constantes-aumentam-risco-de-alzheimer-diz-estudo\/","title":{"rendered":"Pensamentos negativos constantes aumentam risco de Alzheimer, diz estudo"},"content":{"rendered":"\n<h6 class=\"wp-block-heading\"><em>Pesquisa aponta que esse tipo de comportamento est\u00e1 associado a um maior ac\u00famulo no c\u00e9rebro de prote\u00ednas causadoras da dem\u00eancia<\/em><\/h6>\n\n\n\n<p>Afastar pensamentos negativos recorrentes n\u00e3o \u00e9 uma recomenda\u00e7\u00e3o apenas daqueles adeptos de uma vida good vibes. Segundo um estudo liderado pela Universidade College London, na Inglaterra, ter esse tipo de comportamento com frequ\u00eancia pode aumentar o risco de Alzheimer.<br>A pesquisa, publicada no \u00faltimo dia 7 de junho na revista cient\u00edfica Alzheimer &amp; Dementia, analisou 360 pessoas com mais de 55 anos e percebeu que pensar sempre em coisas ruins est\u00e1 ligado a uma maior quantidade de prote\u00ednas no c\u00e9rebro que s\u00e3o as respons\u00e1veis pelo Alzheimer.<br>A equipe monitorou os volunt\u00e1rios durante dois anos. Al\u00e9m de responderem a perguntas sobre o que pensam acerca de experi\u00eancias negativas, os participantes foram submetidos a exames que avaliaram a deposi\u00e7\u00e3o das prote\u00ednas tau e amiloide, que levam ao Alzheimer quando se acumulam no c\u00e9rebro.<br>Os cientistas notaram que as pessoas que passaram mais tempo pensando em coisas negativas apresentaram maior ac\u00famulo dessas prote\u00ednas. O comportamento tamb\u00e9m foi associado a uma pior mem\u00f3ria e a um maior decl\u00ednio cognitivo em um per\u00edodo de quatro anos em compara\u00e7\u00e3o \u00e0queles que n\u00e3o eram pessimistas.<br>&#8220;Esperamos que nossas descobertas possam ser usadas para desenvolver estrat\u00e9gias que reduzam esse risco nas pessoas, ajudando-as a diminuir seus padr\u00f5es de pensamento negativo&#8221;, conta Natalie Marchant, principal autora do estudo, em comunicado.<br>Gael Ch\u00e9telat, coautor da pesquisa, ressalta que pr\u00e1ticas mentais como medita\u00e7\u00e3o podem ajudar a promover pensamentos positivos \u2014 e afastar aqueles que fazem mal ao corpo e \u00e0 mente.<\/p>\n\n\n\n<p><strong><em>Fonte: <a href=\"https:\/\/revistagalileu.globo.com\/Ciencia\/Saude\/noticia\/2020\/06\/pensamentos-negativos-constantes-aumentam-risco-de-alzheimer-diz-estudo.html\">Revista Galileu<\/a><\/em><\/strong><\/p>\n","protected":false},"excerpt":{"rendered":"<p>Pesquisa aponta que esse tipo de comportamento est\u00e1 associado a um maior ac\u00famulo no c\u00e9rebro de prote\u00ednas causadoras da dem\u00eancia Afastar pensamentos negativos recorrentes n\u00e3o \u00e9 uma recomenda\u00e7\u00e3o apenas daqueles adeptos de uma vida good vibes. Segundo um estudo liderado pela Universidade College London, na Inglaterra, ter esse tipo de comportamento com frequ\u00eancia pode aumentar [&hellip;]<\/p>\n","protected":false},"author":2,"featured_media":5684,"comment_status":"open","ping_status":"open","sticky":false,"template":"","format":"standard","meta":{"footnotes":""},"categories":[11],"tags":[2501,1400,3402,3401,74],"class_list":["post-5683","post","type-post","status-publish","format-standard","has-post-thumbnail","hentry","category-saude","tag-alzheimer","tag-comportamento","tag-demencia","tag-pensamentos-negativos","tag-saude"],"yoast_head":"<!-- This site is optimized with the Yoast SEO plugin v26.5 - https:\/\/yoast.com\/wordpress\/plugins\/seo\/ -->\n<title>Pensamentos negativos constantes aumentam risco de Alzheimer, diz estudo - Jornal Fatos e Not\u00edcias<\/title>\n<meta name=\"robots\" content=\"index, follow, max-snippet:-1, max-image-preview:large, max-video-preview:-1\" \/>\n<link rel=\"canonical\" href=\"https:\/\/jornalfatosenoticias.com.br\/index.php\/2020\/06\/18\/pensamentos-negativos-constantes-aumentam-risco-de-alzheimer-diz-estudo\/\" \/>\n<meta property=\"og:locale\" content=\"pt_BR\" \/>\n<meta property=\"og:type\" content=\"article\" \/>\n<meta property=\"og:title\" content=\"Pensamentos negativos constantes aumentam risco de Alzheimer, diz estudo - Jornal Fatos e Not\u00edcias\" \/>\n<meta property=\"og:description\" content=\"Pesquisa aponta que esse tipo de comportamento est\u00e1 associado a um maior ac\u00famulo no c\u00e9rebro de prote\u00ednas causadoras da dem\u00eancia Afastar pensamentos negativos recorrentes n\u00e3o \u00e9 uma recomenda\u00e7\u00e3o apenas daqueles adeptos de uma vida good vibes. Segundo um estudo liderado pela Universidade College London, na Inglaterra, ter esse tipo de comportamento com frequ\u00eancia pode aumentar [&hellip;]\" \/>\n<meta property=\"og:url\" content=\"https:\/\/jornalfatosenoticias.com.br\/index.php\/2020\/06\/18\/pensamentos-negativos-constantes-aumentam-risco-de-alzheimer-diz-estudo\/\" \/>\n<meta property=\"og:site_name\" content=\"Jornal Fatos e Not\u00edcias\" \/>\n<meta property=\"article:published_time\" content=\"2020-06-18T19:29:06+00:00\" \/>\n<meta property=\"article:modified_time\" content=\"2020-06-18T19:29:11+00:00\" \/>\n<meta property=\"og:image\" content=\"https:\/\/jornalfatosenoticias.com.br\/wp-content\/uploads\/2020\/06\/ALZHEIMER.jpg\" \/>\n\t<meta property=\"og:image:width\" content=\"1000\" \/>\n\t<meta property=\"og:image:height\" content=\"698\" \/>\n\t<meta property=\"og:image:type\" content=\"image\/jpeg\" \/>\n<meta name=\"author\" content=\"Luzimara Fernandes\" \/>\n<meta name=\"twitter:card\" content=\"summary_large_image\" \/>\n<meta name=\"twitter:label1\" content=\"Escrito por\" \/>\n\t<meta name=\"twitter:data1\" content=\"Luzimara Fernandes\" \/>\n\t<meta name=\"twitter:label2\" content=\"Est. tempo de leitura\" \/>\n\t<meta name=\"twitter:data2\" content=\"1 minuto\" \/>\n<script type=\"application\/ld+json\" class=\"yoast-schema-graph\">{\"@context\":\"https:\/\/schema.org\",\"@graph\":[{\"@type\":\"Article\",\"@id\":\"https:\/\/jornalfatosenoticias.com.br\/index.php\/2020\/06\/18\/pensamentos-negativos-constantes-aumentam-risco-de-alzheimer-diz-estudo\/#article\",\"isPartOf\":{\"@id\":\"https:\/\/jornalfatosenoticias.com.br\/index.php\/2020\/06\/18\/pensamentos-negativos-constantes-aumentam-risco-de-alzheimer-diz-estudo\/\"},\"author\":{\"name\":\"Luzimara Fernandes\",\"@id\":\"https:\/\/jornalfatosenoticias.com.br\/#\/schema\/person\/d63837fa13ac8666eb9e74e0985d6f81\"},\"headline\":\"Pensamentos negativos constantes aumentam risco de Alzheimer, diz estudo\",\"datePublished\":\"2020-06-18T19:29:06+00:00\",\"dateModified\":\"2020-06-18T19:29:11+00:00\",\"mainEntityOfPage\":{\"@id\":\"https:\/\/jornalfatosenoticias.com.br\/index.php\/2020\/06\/18\/pensamentos-negativos-constantes-aumentam-risco-de-alzheimer-diz-estudo\/\"},\"wordCount\":297,\"commentCount\":0,\"publisher\":{\"@id\":\"https:\/\/jornalfatosenoticias.com.br\/#organization\"},\"image\":{\"@id\":\"https:\/\/jornalfatosenoticias.com.br\/index.php\/2020\/06\/18\/pensamentos-negativos-constantes-aumentam-risco-de-alzheimer-diz-estudo\/#primaryimage\"},\"thumbnailUrl\":\"https:\/\/jornalfatosenoticias.com.br\/wp-content\/uploads\/2020\/06\/ALZHEIMER.jpg\",\"keywords\":[\"Alzheimer\",\"comportamento\",\"dem\u00eancia\",\"pensamentos negativos\",\"sa\u00fade\"],\"articleSection\":[\"Sa\u00fade\"],\"inLanguage\":\"pt-BR\",\"potentialAction\":[{\"@type\":\"CommentAction\",\"name\":\"Comment\",\"target\":[\"https:\/\/jornalfatosenoticias.com.br\/index.php\/2020\/06\/18\/pensamentos-negativos-constantes-aumentam-risco-de-alzheimer-diz-estudo\/#respond\"]}]},{\"@type\":\"WebPage\",\"@id\":\"https:\/\/jornalfatosenoticias.com.br\/index.php\/2020\/06\/18\/pensamentos-negativos-constantes-aumentam-risco-de-alzheimer-diz-estudo\/\",\"url\":\"https:\/\/jornalfatosenoticias.com.br\/index.php\/2020\/06\/18\/pensamentos-negativos-constantes-aumentam-risco-de-alzheimer-diz-estudo\/\",\"name\":\"Pensamentos negativos constantes aumentam risco de Alzheimer, diz estudo - Jornal Fatos e Not\u00edcias\",\"isPartOf\":{\"@id\":\"https:\/\/jornalfatosenoticias.com.br\/#website\"},\"primaryImageOfPage\":{\"@id\":\"https:\/\/jornalfatosenoticias.com.br\/index.php\/2020\/06\/18\/pensamentos-negativos-constantes-aumentam-risco-de-alzheimer-diz-estudo\/#primaryimage\"},\"image\":{\"@id\":\"https:\/\/jornalfatosenoticias.com.br\/index.php\/2020\/06\/18\/pensamentos-negativos-constantes-aumentam-risco-de-alzheimer-diz-estudo\/#primaryimage\"},\"thumbnailUrl\":\"https:\/\/jornalfatosenoticias.com.br\/wp-content\/uploads\/2020\/06\/ALZHEIMER.jpg\",\"datePublished\":\"2020-06-18T19:29:06+00:00\",\"dateModified\":\"2020-06-18T19:29:11+00:00\",\"breadcrumb\":{\"@id\":\"https:\/\/jornalfatosenoticias.com.br\/index.php\/2020\/06\/18\/pensamentos-negativos-constantes-aumentam-risco-de-alzheimer-diz-estudo\/#breadcrumb\"},\"inLanguage\":\"pt-BR\",\"potentialAction\":[{\"@type\":\"ReadAction\",\"target\":[\"https:\/\/jornalfatosenoticias.com.br\/index.php\/2020\/06\/18\/pensamentos-negativos-constantes-aumentam-risco-de-alzheimer-diz-estudo\/\"]}]},{\"@type\":\"ImageObject\",\"inLanguage\":\"pt-BR\",\"@id\":\"https:\/\/jornalfatosenoticias.com.br\/index.php\/2020\/06\/18\/pensamentos-negativos-constantes-aumentam-risco-de-alzheimer-diz-estudo\/#primaryimage\",\"url\":\"https:\/\/jornalfatosenoticias.com.br\/wp-content\/uploads\/2020\/06\/ALZHEIMER.jpg\",\"contentUrl\":\"https:\/\/jornalfatosenoticias.com.br\/wp-content\/uploads\/2020\/06\/ALZHEIMER.jpg\",\"width\":1000,\"height\":698},{\"@type\":\"BreadcrumbList\",\"@id\":\"https:\/\/jornalfatosenoticias.com.br\/index.php\/2020\/06\/18\/pensamentos-negativos-constantes-aumentam-risco-de-alzheimer-diz-estudo\/#breadcrumb\",\"itemListElement\":[{\"@type\":\"ListItem\",\"position\":1,\"name\":\"In\u00edcio\",\"item\":\"https:\/\/jornalfatosenoticias.com.br\/\"},{\"@type\":\"ListItem\",\"position\":2,\"name\":\"Pensamentos negativos constantes aumentam risco de Alzheimer, diz estudo\"}]},{\"@type\":\"WebSite\",\"@id\":\"https:\/\/jornalfatosenoticias.com.br\/#website\",\"url\":\"https:\/\/jornalfatosenoticias.com.br\/\",\"name\":\"Jornal Fatos e Not\u00edcias\",\"description\":\"Not\u00edcias em geral\",\"publisher\":{\"@id\":\"https:\/\/jornalfatosenoticias.com.br\/#organization\"},\"potentialAction\":[{\"@type\":\"SearchAction\",\"target\":{\"@type\":\"EntryPoint\",\"urlTemplate\":\"https:\/\/jornalfatosenoticias.com.br\/?s={search_term_string}\"},\"query-input\":{\"@type\":\"PropertyValueSpecification\",\"valueRequired\":true,\"valueName\":\"search_term_string\"}}],\"inLanguage\":\"pt-BR\"},{\"@type\":\"Organization\",\"@id\":\"https:\/\/jornalfatosenoticias.com.br\/#organization\",\"name\":\"Jornal Fatos e Not\u00edcias\",\"url\":\"https:\/\/jornalfatosenoticias.com.br\/\",\"logo\":{\"@type\":\"ImageObject\",\"inLanguage\":\"pt-BR\",\"@id\":\"https:\/\/jornalfatosenoticias.com.br\/#\/schema\/logo\/image\/\",\"url\":\"https:\/\/jornalfatosenoticias.com.br\/wp-content\/uploads\/2020\/02\/logo120.png\",\"contentUrl\":\"https:\/\/jornalfatosenoticias.com.br\/wp-content\/uploads\/2020\/02\/logo120.png\",\"width\":1227,\"height\":120,\"caption\":\"Jornal Fatos e Not\u00edcias\"},\"image\":{\"@id\":\"https:\/\/jornalfatosenoticias.com.br\/#\/schema\/logo\/image\/\"}},{\"@type\":\"Person\",\"@id\":\"https:\/\/jornalfatosenoticias.com.br\/#\/schema\/person\/d63837fa13ac8666eb9e74e0985d6f81\",\"name\":\"Luzimara Fernandes\",\"image\":{\"@type\":\"ImageObject\",\"inLanguage\":\"pt-BR\",\"@id\":\"https:\/\/jornalfatosenoticias.com.br\/#\/schema\/person\/image\/\",\"url\":\"https:\/\/jornalfatosenoticias.com.br\/wp-content\/uploads\/2025\/05\/EU_portal.jpg\",\"contentUrl\":\"https:\/\/jornalfatosenoticias.com.br\/wp-content\/uploads\/2025\/05\/EU_portal.jpg\",\"caption\":\"Luzimara Fernandes\"},\"description\":\"Jornalista MTB 2358-ES\",\"sameAs\":[\"https:\/\/jornalfatosenoticias.com.br\"],\"url\":\"https:\/\/jornalfatosenoticias.com.br\/index.php\/author\/luzimara\/\"}]}<\/script>\n<!-- \/ Yoast SEO plugin. -->","yoast_head_json":{"title":"Pensamentos negativos constantes aumentam risco de Alzheimer, diz estudo - Jornal Fatos e Not\u00edcias","robots":{"index":"index","follow":"follow","max-snippet":"max-snippet:-1","max-image-preview":"max-image-preview:large","max-video-preview":"max-video-preview:-1"},"canonical":"https:\/\/jornalfatosenoticias.com.br\/index.php\/2020\/06\/18\/pensamentos-negativos-constantes-aumentam-risco-de-alzheimer-diz-estudo\/","og_locale":"pt_BR","og_type":"article","og_title":"Pensamentos negativos constantes aumentam risco de Alzheimer, diz estudo - Jornal Fatos e Not\u00edcias","og_description":"Pesquisa aponta que esse tipo de comportamento est\u00e1 associado a um maior ac\u00famulo no c\u00e9rebro de prote\u00ednas causadoras da dem\u00eancia Afastar pensamentos negativos recorrentes n\u00e3o \u00e9 uma recomenda\u00e7\u00e3o apenas daqueles adeptos de uma vida good vibes. Segundo um estudo liderado pela Universidade College London, na Inglaterra, ter esse tipo de comportamento com frequ\u00eancia pode aumentar [&hellip;]","og_url":"https:\/\/jornalfatosenoticias.com.br\/index.php\/2020\/06\/18\/pensamentos-negativos-constantes-aumentam-risco-de-alzheimer-diz-estudo\/","og_site_name":"Jornal Fatos e Not\u00edcias","article_published_time":"2020-06-18T19:29:06+00:00","article_modified_time":"2020-06-18T19:29:11+00:00","og_image":[{"width":1000,"height":698,"url":"https:\/\/jornalfatosenoticias.com.br\/wp-content\/uploads\/2020\/06\/ALZHEIMER.jpg","type":"image\/jpeg"}],"author":"Luzimara Fernandes","twitter_card":"summary_large_image","twitter_misc":{"Escrito por":"Luzimara Fernandes","Est. tempo de leitura":"1 minuto"},"schema":{"@context":"https:\/\/schema.org","@graph":[{"@type":"Article","@id":"https:\/\/jornalfatosenoticias.com.br\/index.php\/2020\/06\/18\/pensamentos-negativos-constantes-aumentam-risco-de-alzheimer-diz-estudo\/#article","isPartOf":{"@id":"https:\/\/jornalfatosenoticias.com.br\/index.php\/2020\/06\/18\/pensamentos-negativos-constantes-aumentam-risco-de-alzheimer-diz-estudo\/"},"author":{"name":"Luzimara Fernandes","@id":"https:\/\/jornalfatosenoticias.com.br\/#\/schema\/person\/d63837fa13ac8666eb9e74e0985d6f81"},"headline":"Pensamentos negativos constantes aumentam risco de Alzheimer, diz estudo","datePublished":"2020-06-18T19:29:06+00:00","dateModified":"2020-06-18T19:29:11+00:00","mainEntityOfPage":{"@id":"https:\/\/jornalfatosenoticias.com.br\/index.php\/2020\/06\/18\/pensamentos-negativos-constantes-aumentam-risco-de-alzheimer-diz-estudo\/"},"wordCount":297,"commentCount":0,"publisher":{"@id":"https:\/\/jornalfatosenoticias.com.br\/#organization"},"image":{"@id":"https:\/\/jornalfatosenoticias.com.br\/index.php\/2020\/06\/18\/pensamentos-negativos-constantes-aumentam-risco-de-alzheimer-diz-estudo\/#primaryimage"},"thumbnailUrl":"https:\/\/jornalfatosenoticias.com.br\/wp-content\/uploads\/2020\/06\/ALZHEIMER.jpg","keywords":["Alzheimer","comportamento","dem\u00eancia","pensamentos negativos","sa\u00fade"],"articleSection":["Sa\u00fade"],"inLanguage":"pt-BR","potentialAction":[{"@type":"CommentAction","name":"Comment","target":["https:\/\/jornalfatosenoticias.com.br\/index.php\/2020\/06\/18\/pensamentos-negativos-constantes-aumentam-risco-de-alzheimer-diz-estudo\/#respond"]}]},{"@type":"WebPage","@id":"https:\/\/jornalfatosenoticias.com.br\/index.php\/2020\/06\/18\/pensamentos-negativos-constantes-aumentam-risco-de-alzheimer-diz-estudo\/","url":"https:\/\/jornalfatosenoticias.com.br\/index.php\/2020\/06\/18\/pensamentos-negativos-constantes-aumentam-risco-de-alzheimer-diz-estudo\/","name":"Pensamentos negativos constantes aumentam risco de Alzheimer, diz estudo - Jornal Fatos e Not\u00edcias","isPartOf":{"@id":"https:\/\/jornalfatosenoticias.com.br\/#website"},"primaryImageOfPage":{"@id":"https:\/\/jornalfatosenoticias.com.br\/index.php\/2020\/06\/18\/pensamentos-negativos-constantes-aumentam-risco-de-alzheimer-diz-estudo\/#primaryimage"},"image":{"@id":"https:\/\/jornalfatosenoticias.com.br\/index.php\/2020\/06\/18\/pensamentos-negativos-constantes-aumentam-risco-de-alzheimer-diz-estudo\/#primaryimage"},"thumbnailUrl":"https:\/\/jornalfatosenoticias.com.br\/wp-content\/uploads\/2020\/06\/ALZHEIMER.jpg","datePublished":"2020-06-18T19:29:06+00:00","dateModified":"2020-06-18T19:29:11+00:00","breadcrumb":{"@id":"https:\/\/jornalfatosenoticias.com.br\/index.php\/2020\/06\/18\/pensamentos-negativos-constantes-aumentam-risco-de-alzheimer-diz-estudo\/#breadcrumb"},"inLanguage":"pt-BR","potentialAction":[{"@type":"ReadAction","target":["https:\/\/jornalfatosenoticias.com.br\/index.php\/2020\/06\/18\/pensamentos-negativos-constantes-aumentam-risco-de-alzheimer-diz-estudo\/"]}]},{"@type":"ImageObject","inLanguage":"pt-BR","@id":"https:\/\/jornalfatosenoticias.com.br\/index.php\/2020\/06\/18\/pensamentos-negativos-constantes-aumentam-risco-de-alzheimer-diz-estudo\/#primaryimage","url":"https:\/\/jornalfatosenoticias.com.br\/wp-content\/uploads\/2020\/06\/ALZHEIMER.jpg","contentUrl":"https:\/\/jornalfatosenoticias.com.br\/wp-content\/uploads\/2020\/06\/ALZHEIMER.jpg","width":1000,"height":698},{"@type":"BreadcrumbList","@id":"https:\/\/jornalfatosenoticias.com.br\/index.php\/2020\/06\/18\/pensamentos-negativos-constantes-aumentam-risco-de-alzheimer-diz-estudo\/#breadcrumb","itemListElement":[{"@type":"ListItem","position":1,"name":"In\u00edcio","item":"https:\/\/jornalfatosenoticias.com.br\/"},{"@type":"ListItem","position":2,"name":"Pensamentos negativos constantes aumentam risco de Alzheimer, diz estudo"}]},{"@type":"WebSite","@id":"https:\/\/jornalfatosenoticias.com.br\/#website","url":"https:\/\/jornalfatosenoticias.com.br\/","name":"Jornal Fatos e Not\u00edcias","description":"Not\u00edcias em geral","publisher":{"@id":"https:\/\/jornalfatosenoticias.com.br\/#organization"},"potentialAction":[{"@type":"SearchAction","target":{"@type":"EntryPoint","urlTemplate":"https:\/\/jornalfatosenoticias.com.br\/?s={search_term_string}"},"query-input":{"@type":"PropertyValueSpecification","valueRequired":true,"valueName":"search_term_string"}}],"inLanguage":"pt-BR"},{"@type":"Organization","@id":"https:\/\/jornalfatosenoticias.com.br\/#organization","name":"Jornal Fatos e Not\u00edcias","url":"https:\/\/jornalfatosenoticias.com.br\/","logo":{"@type":"ImageObject","inLanguage":"pt-BR","@id":"https:\/\/jornalfatosenoticias.com.br\/#\/schema\/logo\/image\/","url":"https:\/\/jornalfatosenoticias.com.br\/wp-content\/uploads\/2020\/02\/logo120.png","contentUrl":"https:\/\/jornalfatosenoticias.com.br\/wp-content\/uploads\/2020\/02\/logo120.png","width":1227,"height":120,"caption":"Jornal Fatos e Not\u00edcias"},"image":{"@id":"https:\/\/jornalfatosenoticias.com.br\/#\/schema\/logo\/image\/"}},{"@type":"Person","@id":"https:\/\/jornalfatosenoticias.com.br\/#\/schema\/person\/d63837fa13ac8666eb9e74e0985d6f81","name":"Luzimara Fernandes","image":{"@type":"ImageObject","inLanguage":"pt-BR","@id":"https:\/\/jornalfatosenoticias.com.br\/#\/schema\/person\/image\/","url":"https:\/\/jornalfatosenoticias.com.br\/wp-content\/uploads\/2025\/05\/EU_portal.jpg","contentUrl":"https:\/\/jornalfatosenoticias.com.br\/wp-content\/uploads\/2025\/05\/EU_portal.jpg","caption":"Luzimara Fernandes"},"description":"Jornalista MTB 2358-ES","sameAs":["https:\/\/jornalfatosenoticias.com.br"],"url":"https:\/\/jornalfatosenoticias.com.br\/index.php\/author\/luzimara\/"}]}},"cc_featured_image_caption":{"caption_text":"(Foto: Pexels) ","source_text":"","source_url":""},"jetpack_featured_media_url":"https:\/\/jornalfatosenoticias.com.br\/wp-content\/uploads\/2020\/06\/ALZHEIMER.jpg","_links":{"self":[{"href":"https:\/\/jornalfatosenoticias.com.br\/index.php\/wp-json\/wp\/v2\/posts\/5683","targetHints":{"allow":["GET"]}}],"collection":[{"href":"https:\/\/jornalfatosenoticias.com.br\/index.php\/wp-json\/wp\/v2\/posts"}],"about":[{"href":"https:\/\/jornalfatosenoticias.com.br\/index.php\/wp-json\/wp\/v2\/types\/post"}],"author":[{"embeddable":true,"href":"https:\/\/jornalfatosenoticias.com.br\/index.php\/wp-json\/wp\/v2\/users\/2"}],"replies":[{"embeddable":true,"href":"https:\/\/jornalfatosenoticias.com.br\/index.php\/wp-json\/wp\/v2\/comments?post=5683"}],"version-history":[{"count":0,"href":"https:\/\/jornalfatosenoticias.com.br\/index.php\/wp-json\/wp\/v2\/posts\/5683\/revisions"}],"wp:featuredmedia":[{"embeddable":true,"href":"https:\/\/jornalfatosenoticias.com.br\/index.php\/wp-json\/wp\/v2\/media\/5684"}],"wp:attachment":[{"href":"https:\/\/jornalfatosenoticias.com.br\/index.php\/wp-json\/wp\/v2\/media?parent=5683"}],"wp:term":[{"taxonomy":"category","embeddable":true,"href":"https:\/\/jornalfatosenoticias.com.br\/index.php\/wp-json\/wp\/v2\/categories?post=5683"},{"taxonomy":"post_tag","embeddable":true,"href":"https:\/\/jornalfatosenoticias.com.br\/index.php\/wp-json\/wp\/v2\/tags?post=5683"}],"curies":[{"name":"wp","href":"https:\/\/api.w.org\/{rel}","templated":true}]}}