{"id":56835,"date":"2025-01-15T08:45:42","date_gmt":"2025-01-15T11:45:42","guid":{"rendered":"https:\/\/jornalfatosenoticias.com.br\/?p=56835"},"modified":"2025-01-15T08:45:43","modified_gmt":"2025-01-15T11:45:43","slug":"apos-ouro-na-olimpiada-brasileira-de-matematica-das-escolas-publicas-estudantes-podem-fazer-iniciacao-cientifica-e-bacharelado","status":"publish","type":"post","link":"https:\/\/jornalfatosenoticias.com.br\/index.php\/2025\/01\/15\/apos-ouro-na-olimpiada-brasileira-de-matematica-das-escolas-publicas-estudantes-podem-fazer-iniciacao-cientifica-e-bacharelado\/","title":{"rendered":"Ap\u00f3s ouro na Olimp\u00edada Brasileira de Matem\u00e1tica das Escolas P\u00fablicas, estudantes podem fazer inicia\u00e7\u00e3o cient\u00edfica e bacharelado"},"content":{"rendered":"\n<p><em><span class=\"has-inline-color has-black-color\">Obmep \u00e9 a maior competi\u00e7\u00e3o cient\u00edfica do pa\u00eds e \u00e9 voltada a jovens do fundamental 2 ao ensino m\u00e9dio<\/span><\/em><\/p>\n\n\n\n<div class=\"wp-block-image\"><figure class=\"aligncenter size-large\"><a href=\"https:\/\/mizu.com.br\/\"><img loading=\"lazy\" decoding=\"async\" width=\"729\" height=\"90\" src=\"https:\/\/jornalfatosenoticias.com.br\/wp-content\/uploads\/2020\/02\/Logo_Mizu.png\" alt=\"\" class=\"wp-image-1441\" srcset=\"https:\/\/jornalfatosenoticias.com.br\/wp-content\/uploads\/2020\/02\/Logo_Mizu.png 729w, https:\/\/jornalfatosenoticias.com.br\/wp-content\/uploads\/2020\/02\/Logo_Mizu-300x37.png 300w\" sizes=\"auto, (max-width: 729px) 100vw, 729px\" \/><\/a><\/figure><\/div>\n\n\n\n<p>Aos 16 anos, um jovem de S\u00e3o Paulo vivenciou o esp\u00edrito ol\u00edmpico na principal competi\u00e7\u00e3o cient\u00edfica do pa\u00eds, a Olimp\u00edada Brasileira de Matem\u00e1tica das Escolas P\u00fablicas (Obmep). Ap\u00f3s anos de dedica\u00e7\u00e3o e duas medalhas de prata, Matheus Panisson, aluno do 9.\u00ba ano do ensino fundamental do Brazilian International School (BIS), localizado em SP, vai conquistar o t\u00e3o sonhado ouro na 19.\u00aa edi\u00e7\u00e3o da Obmep.<br>Os resultados foram divulgados em 20 de dezembro pelo Instituto de Matem\u00e1tica Pura e Aplicada (Impa). A data da cerim\u00f4nia de entrega de pr\u00eamios ser\u00e1 anunciada em 2025. A Obmep \u00e9 a maior competi\u00e7\u00e3o cient\u00edfica do Brasil. Criada pelo Impa em 2005, a olimp\u00edada \u00e9 promovida com recursos dos minist\u00e9rios da Ci\u00eancia, Tecnologia e Inova\u00e7\u00e3o (MCTI) e da Educa\u00e7\u00e3o (MEC) e destinada a estudantes do 6.\u00ba ano do ensino fundamental ao 3.\u00ba ano do ensino m\u00e9dio.<\/p>\n\n\n\n<div class=\"wp-block-image\"><figure class=\"aligncenter size-large\"><a href=\"https:\/\/cesconetto.com.br\/\"><img loading=\"lazy\" decoding=\"async\" width=\"300\" height=\"250\" src=\"https:\/\/jornalfatosenoticias.com.br\/wp-content\/uploads\/2022\/02\/Banner-2.png\" alt=\"\" class=\"wp-image-27877\"\/><\/a><\/figure><\/div>\n\n\n\n<p>Matheus teve como inspira\u00e7\u00e3o o primo medalhista de ouro na competi\u00e7\u00e3o. \u201cEm 2022, quando eu estava no 7.\u00ba ano, comecei a me dedicar bastante para conseguir medalha e conquistei uma de prata. Com o resultado ingressei no Programa de Inicia\u00e7\u00e3o Cient\u00edfica J\u00fanior (PIC), que me ajudou bastante. Ent\u00e3o em 2023, quando estava no 8.\u00ba ano, o n\u00edvel da prova aumentou bastante, mas ainda assim ganhei uma medalha de prata de novo. Com muita dedica\u00e7\u00e3o, em 2024, consegui gabaritar a prova na primeira fase e hoje comemoro a t\u00e3o sonhada medalha de ouro\u201d, orgulha-se.<\/p>\n\n\n\n<div class=\"wp-block-image\"><figure class=\"aligncenter size-large is-resized\"><a href=\"https:\/\/panper.com.br\/\"><img loading=\"lazy\" decoding=\"async\" src=\"https:\/\/jornalfatosenoticias.com.br\/wp-content\/uploads\/2023\/03\/logo-Panper_portal.jpg\" alt=\"\" class=\"wp-image-40208\" width=\"342\" height=\"237\" srcset=\"https:\/\/jornalfatosenoticias.com.br\/wp-content\/uploads\/2023\/03\/logo-Panper_portal.jpg 400w, https:\/\/jornalfatosenoticias.com.br\/wp-content\/uploads\/2023\/03\/logo-Panper_portal-300x208.jpg 300w\" sizes=\"auto, (max-width: 342px) 100vw, 342px\" \/><\/a><\/figure><\/div>\n\n\n\n<p><strong><em>Fonte: <a href=\"https:\/\/revistaeducacao.com.br\/2024\/12\/27\/olimpiada-brasileira-de-matematica-escolas-publicas-iniciacao-cientifica\/\">Revista Educa\u00e7\u00e3o<\/a><\/em><\/strong><\/p>\n","protected":false},"excerpt":{"rendered":"<p>Obmep \u00e9 a maior competi\u00e7\u00e3o cient\u00edfica do pa\u00eds e \u00e9 voltada a jovens do fundamental 2 ao ensino m\u00e9dio Aos 16 anos, um jovem de S\u00e3o Paulo vivenciou o esp\u00edrito ol\u00edmpico na principal competi\u00e7\u00e3o cient\u00edfica do pa\u00eds, a Olimp\u00edada Brasileira de Matem\u00e1tica das Escolas P\u00fablicas (Obmep). Ap\u00f3s anos de dedica\u00e7\u00e3o e duas medalhas de prata, [&hellip;]<\/p>\n","protected":false},"author":2,"featured_media":56836,"comment_status":"open","ping_status":"open","sticky":false,"template":"","format":"standard","meta":{"footnotes":""},"categories":[7],"tags":[25920,2203,9651,25921,8591,13607],"class_list":["post-56835","post","type-post","status-publish","format-standard","has-post-thumbnail","hentry","category-educacao","tag-competicao-cientifica","tag-ensino-fundamental","tag-ensino-medio","tag-iniciacao-cientifica","tag-obmep","tag-olimpiada-brasileira-de-matematica-das-escolas-publicas"],"yoast_head":"<!-- This site is optimized with the Yoast SEO plugin v26.5 - https:\/\/yoast.com\/wordpress\/plugins\/seo\/ -->\n<title>Ap\u00f3s ouro na Olimp\u00edada Brasileira de Matem\u00e1tica das Escolas P\u00fablicas, estudantes podem fazer inicia\u00e7\u00e3o cient\u00edfica e bacharelado - Jornal Fatos e Not\u00edcias<\/title>\n<meta name=\"robots\" content=\"index, follow, max-snippet:-1, max-image-preview:large, max-video-preview:-1\" \/>\n<link rel=\"canonical\" href=\"https:\/\/jornalfatosenoticias.com.br\/index.php\/2025\/01\/15\/apos-ouro-na-olimpiada-brasileira-de-matematica-das-escolas-publicas-estudantes-podem-fazer-iniciacao-cientifica-e-bacharelado\/\" \/>\n<meta property=\"og:locale\" content=\"pt_BR\" \/>\n<meta property=\"og:type\" content=\"article\" \/>\n<meta property=\"og:title\" content=\"Ap\u00f3s ouro na Olimp\u00edada Brasileira de Matem\u00e1tica das Escolas P\u00fablicas, estudantes podem fazer inicia\u00e7\u00e3o cient\u00edfica e bacharelado - Jornal Fatos e Not\u00edcias\" \/>\n<meta property=\"og:description\" content=\"Obmep \u00e9 a maior competi\u00e7\u00e3o cient\u00edfica do pa\u00eds e \u00e9 voltada a jovens do fundamental 2 ao ensino m\u00e9dio Aos 16 anos, um jovem de S\u00e3o Paulo vivenciou o esp\u00edrito ol\u00edmpico na principal competi\u00e7\u00e3o cient\u00edfica do pa\u00eds, a Olimp\u00edada Brasileira de Matem\u00e1tica das Escolas P\u00fablicas (Obmep). Ap\u00f3s anos de dedica\u00e7\u00e3o e duas medalhas de prata, [&hellip;]\" \/>\n<meta property=\"og:url\" content=\"https:\/\/jornalfatosenoticias.com.br\/index.php\/2025\/01\/15\/apos-ouro-na-olimpiada-brasileira-de-matematica-das-escolas-publicas-estudantes-podem-fazer-iniciacao-cientifica-e-bacharelado\/\" \/>\n<meta property=\"og:site_name\" content=\"Jornal Fatos e Not\u00edcias\" \/>\n<meta property=\"article:published_time\" content=\"2025-01-15T11:45:42+00:00\" \/>\n<meta property=\"article:modified_time\" content=\"2025-01-15T11:45:43+00:00\" \/>\n<meta property=\"og:image\" content=\"https:\/\/jornalfatosenoticias.com.br\/wp-content\/uploads\/2025\/01\/Obmep-Impa-Tech-Foto-Fernando-Frazao-Agencia-Brasil.jpeg\" \/>\n\t<meta property=\"og:image:width\" content=\"768\" \/>\n\t<meta property=\"og:image:height\" content=\"512\" \/>\n\t<meta property=\"og:image:type\" content=\"image\/jpeg\" \/>\n<meta name=\"author\" content=\"Luzimara Fernandes\" \/>\n<meta name=\"twitter:card\" content=\"summary_large_image\" \/>\n<meta name=\"twitter:label1\" content=\"Escrito por\" \/>\n\t<meta name=\"twitter:data1\" content=\"Luzimara Fernandes\" \/>\n\t<meta name=\"twitter:label2\" content=\"Est. tempo de leitura\" \/>\n\t<meta name=\"twitter:data2\" content=\"1 minuto\" \/>\n<script type=\"application\/ld+json\" class=\"yoast-schema-graph\">{\"@context\":\"https:\/\/schema.org\",\"@graph\":[{\"@type\":\"Article\",\"@id\":\"https:\/\/jornalfatosenoticias.com.br\/index.php\/2025\/01\/15\/apos-ouro-na-olimpiada-brasileira-de-matematica-das-escolas-publicas-estudantes-podem-fazer-iniciacao-cientifica-e-bacharelado\/#article\",\"isPartOf\":{\"@id\":\"https:\/\/jornalfatosenoticias.com.br\/index.php\/2025\/01\/15\/apos-ouro-na-olimpiada-brasileira-de-matematica-das-escolas-publicas-estudantes-podem-fazer-iniciacao-cientifica-e-bacharelado\/\"},\"author\":{\"name\":\"Luzimara Fernandes\",\"@id\":\"https:\/\/jornalfatosenoticias.com.br\/#\/schema\/person\/d63837fa13ac8666eb9e74e0985d6f81\"},\"headline\":\"Ap\u00f3s ouro na Olimp\u00edada Brasileira de Matem\u00e1tica das Escolas P\u00fablicas, estudantes podem fazer inicia\u00e7\u00e3o cient\u00edfica e bacharelado\",\"datePublished\":\"2025-01-15T11:45:42+00:00\",\"dateModified\":\"2025-01-15T11:45:43+00:00\",\"mainEntityOfPage\":{\"@id\":\"https:\/\/jornalfatosenoticias.com.br\/index.php\/2025\/01\/15\/apos-ouro-na-olimpiada-brasileira-de-matematica-das-escolas-publicas-estudantes-podem-fazer-iniciacao-cientifica-e-bacharelado\/\"},\"wordCount\":298,\"commentCount\":0,\"publisher\":{\"@id\":\"https:\/\/jornalfatosenoticias.com.br\/#organization\"},\"image\":{\"@id\":\"https:\/\/jornalfatosenoticias.com.br\/index.php\/2025\/01\/15\/apos-ouro-na-olimpiada-brasileira-de-matematica-das-escolas-publicas-estudantes-podem-fazer-iniciacao-cientifica-e-bacharelado\/#primaryimage\"},\"thumbnailUrl\":\"https:\/\/jornalfatosenoticias.com.br\/wp-content\/uploads\/2025\/01\/Obmep-Impa-Tech-Foto-Fernando-Frazao-Agencia-Brasil.jpeg\",\"keywords\":[\"competi\u00e7\u00e3o cient\u00edfica\",\"ensino fundamental\",\"ensino m\u00e9dio\",\"inicia\u00e7\u00e3o cient\u00edfica\",\"Obmep\",\"Olimp\u00edada Brasileira de Matem\u00e1tica das Escolas P\u00fablicas\"],\"articleSection\":[\"Educa\u00e7\u00e3o\"],\"inLanguage\":\"pt-BR\",\"potentialAction\":[{\"@type\":\"CommentAction\",\"name\":\"Comment\",\"target\":[\"https:\/\/jornalfatosenoticias.com.br\/index.php\/2025\/01\/15\/apos-ouro-na-olimpiada-brasileira-de-matematica-das-escolas-publicas-estudantes-podem-fazer-iniciacao-cientifica-e-bacharelado\/#respond\"]}]},{\"@type\":\"WebPage\",\"@id\":\"https:\/\/jornalfatosenoticias.com.br\/index.php\/2025\/01\/15\/apos-ouro-na-olimpiada-brasileira-de-matematica-das-escolas-publicas-estudantes-podem-fazer-iniciacao-cientifica-e-bacharelado\/\",\"url\":\"https:\/\/jornalfatosenoticias.com.br\/index.php\/2025\/01\/15\/apos-ouro-na-olimpiada-brasileira-de-matematica-das-escolas-publicas-estudantes-podem-fazer-iniciacao-cientifica-e-bacharelado\/\",\"name\":\"Ap\u00f3s ouro na Olimp\u00edada Brasileira de Matem\u00e1tica das Escolas P\u00fablicas, estudantes podem fazer inicia\u00e7\u00e3o cient\u00edfica e bacharelado - Jornal Fatos e Not\u00edcias\",\"isPartOf\":{\"@id\":\"https:\/\/jornalfatosenoticias.com.br\/#website\"},\"primaryImageOfPage\":{\"@id\":\"https:\/\/jornalfatosenoticias.com.br\/index.php\/2025\/01\/15\/apos-ouro-na-olimpiada-brasileira-de-matematica-das-escolas-publicas-estudantes-podem-fazer-iniciacao-cientifica-e-bacharelado\/#primaryimage\"},\"image\":{\"@id\":\"https:\/\/jornalfatosenoticias.com.br\/index.php\/2025\/01\/15\/apos-ouro-na-olimpiada-brasileira-de-matematica-das-escolas-publicas-estudantes-podem-fazer-iniciacao-cientifica-e-bacharelado\/#primaryimage\"},\"thumbnailUrl\":\"https:\/\/jornalfatosenoticias.com.br\/wp-content\/uploads\/2025\/01\/Obmep-Impa-Tech-Foto-Fernando-Frazao-Agencia-Brasil.jpeg\",\"datePublished\":\"2025-01-15T11:45:42+00:00\",\"dateModified\":\"2025-01-15T11:45:43+00:00\",\"breadcrumb\":{\"@id\":\"https:\/\/jornalfatosenoticias.com.br\/index.php\/2025\/01\/15\/apos-ouro-na-olimpiada-brasileira-de-matematica-das-escolas-publicas-estudantes-podem-fazer-iniciacao-cientifica-e-bacharelado\/#breadcrumb\"},\"inLanguage\":\"pt-BR\",\"potentialAction\":[{\"@type\":\"ReadAction\",\"target\":[\"https:\/\/jornalfatosenoticias.com.br\/index.php\/2025\/01\/15\/apos-ouro-na-olimpiada-brasileira-de-matematica-das-escolas-publicas-estudantes-podem-fazer-iniciacao-cientifica-e-bacharelado\/\"]}]},{\"@type\":\"ImageObject\",\"inLanguage\":\"pt-BR\",\"@id\":\"https:\/\/jornalfatosenoticias.com.br\/index.php\/2025\/01\/15\/apos-ouro-na-olimpiada-brasileira-de-matematica-das-escolas-publicas-estudantes-podem-fazer-iniciacao-cientifica-e-bacharelado\/#primaryimage\",\"url\":\"https:\/\/jornalfatosenoticias.com.br\/wp-content\/uploads\/2025\/01\/Obmep-Impa-Tech-Foto-Fernando-Frazao-Agencia-Brasil.jpeg\",\"contentUrl\":\"https:\/\/jornalfatosenoticias.com.br\/wp-content\/uploads\/2025\/01\/Obmep-Impa-Tech-Foto-Fernando-Frazao-Agencia-Brasil.jpeg\",\"width\":768,\"height\":512},{\"@type\":\"BreadcrumbList\",\"@id\":\"https:\/\/jornalfatosenoticias.com.br\/index.php\/2025\/01\/15\/apos-ouro-na-olimpiada-brasileira-de-matematica-das-escolas-publicas-estudantes-podem-fazer-iniciacao-cientifica-e-bacharelado\/#breadcrumb\",\"itemListElement\":[{\"@type\":\"ListItem\",\"position\":1,\"name\":\"In\u00edcio\",\"item\":\"https:\/\/jornalfatosenoticias.com.br\/\"},{\"@type\":\"ListItem\",\"position\":2,\"name\":\"Ap\u00f3s ouro na Olimp\u00edada Brasileira de Matem\u00e1tica das Escolas P\u00fablicas, estudantes podem fazer inicia\u00e7\u00e3o cient\u00edfica e bacharelado\"}]},{\"@type\":\"WebSite\",\"@id\":\"https:\/\/jornalfatosenoticias.com.br\/#website\",\"url\":\"https:\/\/jornalfatosenoticias.com.br\/\",\"name\":\"Jornal Fatos e Not\u00edcias\",\"description\":\"Not\u00edcias em geral\",\"publisher\":{\"@id\":\"https:\/\/jornalfatosenoticias.com.br\/#organization\"},\"potentialAction\":[{\"@type\":\"SearchAction\",\"target\":{\"@type\":\"EntryPoint\",\"urlTemplate\":\"https:\/\/jornalfatosenoticias.com.br\/?s={search_term_string}\"},\"query-input\":{\"@type\":\"PropertyValueSpecification\",\"valueRequired\":true,\"valueName\":\"search_term_string\"}}],\"inLanguage\":\"pt-BR\"},{\"@type\":\"Organization\",\"@id\":\"https:\/\/jornalfatosenoticias.com.br\/#organization\",\"name\":\"Jornal Fatos e Not\u00edcias\",\"url\":\"https:\/\/jornalfatosenoticias.com.br\/\",\"logo\":{\"@type\":\"ImageObject\",\"inLanguage\":\"pt-BR\",\"@id\":\"https:\/\/jornalfatosenoticias.com.br\/#\/schema\/logo\/image\/\",\"url\":\"https:\/\/jornalfatosenoticias.com.br\/wp-content\/uploads\/2020\/02\/logo120.png\",\"contentUrl\":\"https:\/\/jornalfatosenoticias.com.br\/wp-content\/uploads\/2020\/02\/logo120.png\",\"width\":1227,\"height\":120,\"caption\":\"Jornal Fatos e Not\u00edcias\"},\"image\":{\"@id\":\"https:\/\/jornalfatosenoticias.com.br\/#\/schema\/logo\/image\/\"}},{\"@type\":\"Person\",\"@id\":\"https:\/\/jornalfatosenoticias.com.br\/#\/schema\/person\/d63837fa13ac8666eb9e74e0985d6f81\",\"name\":\"Luzimara Fernandes\",\"image\":{\"@type\":\"ImageObject\",\"inLanguage\":\"pt-BR\",\"@id\":\"https:\/\/jornalfatosenoticias.com.br\/#\/schema\/person\/image\/\",\"url\":\"https:\/\/jornalfatosenoticias.com.br\/wp-content\/uploads\/2025\/05\/EU_portal.jpg\",\"contentUrl\":\"https:\/\/jornalfatosenoticias.com.br\/wp-content\/uploads\/2025\/05\/EU_portal.jpg\",\"caption\":\"Luzimara Fernandes\"},\"description\":\"Jornalista MTB 2358-ES\",\"sameAs\":[\"https:\/\/jornalfatosenoticias.com.br\"],\"url\":\"https:\/\/jornalfatosenoticias.com.br\/index.php\/author\/luzimara\/\"}]}<\/script>\n<!-- \/ Yoast SEO plugin. -->","yoast_head_json":{"title":"Ap\u00f3s ouro na Olimp\u00edada Brasileira de Matem\u00e1tica das Escolas P\u00fablicas, estudantes podem fazer inicia\u00e7\u00e3o cient\u00edfica e bacharelado - Jornal Fatos e Not\u00edcias","robots":{"index":"index","follow":"follow","max-snippet":"max-snippet:-1","max-image-preview":"max-image-preview:large","max-video-preview":"max-video-preview:-1"},"canonical":"https:\/\/jornalfatosenoticias.com.br\/index.php\/2025\/01\/15\/apos-ouro-na-olimpiada-brasileira-de-matematica-das-escolas-publicas-estudantes-podem-fazer-iniciacao-cientifica-e-bacharelado\/","og_locale":"pt_BR","og_type":"article","og_title":"Ap\u00f3s ouro na Olimp\u00edada Brasileira de Matem\u00e1tica das Escolas P\u00fablicas, estudantes podem fazer inicia\u00e7\u00e3o cient\u00edfica e bacharelado - Jornal Fatos e Not\u00edcias","og_description":"Obmep \u00e9 a maior competi\u00e7\u00e3o cient\u00edfica do pa\u00eds e \u00e9 voltada a jovens do fundamental 2 ao ensino m\u00e9dio Aos 16 anos, um jovem de S\u00e3o Paulo vivenciou o esp\u00edrito ol\u00edmpico na principal competi\u00e7\u00e3o cient\u00edfica do pa\u00eds, a Olimp\u00edada Brasileira de Matem\u00e1tica das Escolas P\u00fablicas (Obmep). Ap\u00f3s anos de dedica\u00e7\u00e3o e duas medalhas de prata, [&hellip;]","og_url":"https:\/\/jornalfatosenoticias.com.br\/index.php\/2025\/01\/15\/apos-ouro-na-olimpiada-brasileira-de-matematica-das-escolas-publicas-estudantes-podem-fazer-iniciacao-cientifica-e-bacharelado\/","og_site_name":"Jornal Fatos e Not\u00edcias","article_published_time":"2025-01-15T11:45:42+00:00","article_modified_time":"2025-01-15T11:45:43+00:00","og_image":[{"width":768,"height":512,"url":"https:\/\/jornalfatosenoticias.com.br\/wp-content\/uploads\/2025\/01\/Obmep-Impa-Tech-Foto-Fernando-Frazao-Agencia-Brasil.jpeg","type":"image\/jpeg"}],"author":"Luzimara Fernandes","twitter_card":"summary_large_image","twitter_misc":{"Escrito por":"Luzimara Fernandes","Est. tempo de leitura":"1 minuto"},"schema":{"@context":"https:\/\/schema.org","@graph":[{"@type":"Article","@id":"https:\/\/jornalfatosenoticias.com.br\/index.php\/2025\/01\/15\/apos-ouro-na-olimpiada-brasileira-de-matematica-das-escolas-publicas-estudantes-podem-fazer-iniciacao-cientifica-e-bacharelado\/#article","isPartOf":{"@id":"https:\/\/jornalfatosenoticias.com.br\/index.php\/2025\/01\/15\/apos-ouro-na-olimpiada-brasileira-de-matematica-das-escolas-publicas-estudantes-podem-fazer-iniciacao-cientifica-e-bacharelado\/"},"author":{"name":"Luzimara Fernandes","@id":"https:\/\/jornalfatosenoticias.com.br\/#\/schema\/person\/d63837fa13ac8666eb9e74e0985d6f81"},"headline":"Ap\u00f3s ouro na Olimp\u00edada Brasileira de Matem\u00e1tica das Escolas P\u00fablicas, estudantes podem fazer inicia\u00e7\u00e3o cient\u00edfica e bacharelado","datePublished":"2025-01-15T11:45:42+00:00","dateModified":"2025-01-15T11:45:43+00:00","mainEntityOfPage":{"@id":"https:\/\/jornalfatosenoticias.com.br\/index.php\/2025\/01\/15\/apos-ouro-na-olimpiada-brasileira-de-matematica-das-escolas-publicas-estudantes-podem-fazer-iniciacao-cientifica-e-bacharelado\/"},"wordCount":298,"commentCount":0,"publisher":{"@id":"https:\/\/jornalfatosenoticias.com.br\/#organization"},"image":{"@id":"https:\/\/jornalfatosenoticias.com.br\/index.php\/2025\/01\/15\/apos-ouro-na-olimpiada-brasileira-de-matematica-das-escolas-publicas-estudantes-podem-fazer-iniciacao-cientifica-e-bacharelado\/#primaryimage"},"thumbnailUrl":"https:\/\/jornalfatosenoticias.com.br\/wp-content\/uploads\/2025\/01\/Obmep-Impa-Tech-Foto-Fernando-Frazao-Agencia-Brasil.jpeg","keywords":["competi\u00e7\u00e3o cient\u00edfica","ensino fundamental","ensino m\u00e9dio","inicia\u00e7\u00e3o cient\u00edfica","Obmep","Olimp\u00edada Brasileira de Matem\u00e1tica das Escolas P\u00fablicas"],"articleSection":["Educa\u00e7\u00e3o"],"inLanguage":"pt-BR","potentialAction":[{"@type":"CommentAction","name":"Comment","target":["https:\/\/jornalfatosenoticias.com.br\/index.php\/2025\/01\/15\/apos-ouro-na-olimpiada-brasileira-de-matematica-das-escolas-publicas-estudantes-podem-fazer-iniciacao-cientifica-e-bacharelado\/#respond"]}]},{"@type":"WebPage","@id":"https:\/\/jornalfatosenoticias.com.br\/index.php\/2025\/01\/15\/apos-ouro-na-olimpiada-brasileira-de-matematica-das-escolas-publicas-estudantes-podem-fazer-iniciacao-cientifica-e-bacharelado\/","url":"https:\/\/jornalfatosenoticias.com.br\/index.php\/2025\/01\/15\/apos-ouro-na-olimpiada-brasileira-de-matematica-das-escolas-publicas-estudantes-podem-fazer-iniciacao-cientifica-e-bacharelado\/","name":"Ap\u00f3s ouro na Olimp\u00edada Brasileira de Matem\u00e1tica das Escolas P\u00fablicas, estudantes podem fazer inicia\u00e7\u00e3o cient\u00edfica e bacharelado - Jornal Fatos e Not\u00edcias","isPartOf":{"@id":"https:\/\/jornalfatosenoticias.com.br\/#website"},"primaryImageOfPage":{"@id":"https:\/\/jornalfatosenoticias.com.br\/index.php\/2025\/01\/15\/apos-ouro-na-olimpiada-brasileira-de-matematica-das-escolas-publicas-estudantes-podem-fazer-iniciacao-cientifica-e-bacharelado\/#primaryimage"},"image":{"@id":"https:\/\/jornalfatosenoticias.com.br\/index.php\/2025\/01\/15\/apos-ouro-na-olimpiada-brasileira-de-matematica-das-escolas-publicas-estudantes-podem-fazer-iniciacao-cientifica-e-bacharelado\/#primaryimage"},"thumbnailUrl":"https:\/\/jornalfatosenoticias.com.br\/wp-content\/uploads\/2025\/01\/Obmep-Impa-Tech-Foto-Fernando-Frazao-Agencia-Brasil.jpeg","datePublished":"2025-01-15T11:45:42+00:00","dateModified":"2025-01-15T11:45:43+00:00","breadcrumb":{"@id":"https:\/\/jornalfatosenoticias.com.br\/index.php\/2025\/01\/15\/apos-ouro-na-olimpiada-brasileira-de-matematica-das-escolas-publicas-estudantes-podem-fazer-iniciacao-cientifica-e-bacharelado\/#breadcrumb"},"inLanguage":"pt-BR","potentialAction":[{"@type":"ReadAction","target":["https:\/\/jornalfatosenoticias.com.br\/index.php\/2025\/01\/15\/apos-ouro-na-olimpiada-brasileira-de-matematica-das-escolas-publicas-estudantes-podem-fazer-iniciacao-cientifica-e-bacharelado\/"]}]},{"@type":"ImageObject","inLanguage":"pt-BR","@id":"https:\/\/jornalfatosenoticias.com.br\/index.php\/2025\/01\/15\/apos-ouro-na-olimpiada-brasileira-de-matematica-das-escolas-publicas-estudantes-podem-fazer-iniciacao-cientifica-e-bacharelado\/#primaryimage","url":"https:\/\/jornalfatosenoticias.com.br\/wp-content\/uploads\/2025\/01\/Obmep-Impa-Tech-Foto-Fernando-Frazao-Agencia-Brasil.jpeg","contentUrl":"https:\/\/jornalfatosenoticias.com.br\/wp-content\/uploads\/2025\/01\/Obmep-Impa-Tech-Foto-Fernando-Frazao-Agencia-Brasil.jpeg","width":768,"height":512},{"@type":"BreadcrumbList","@id":"https:\/\/jornalfatosenoticias.com.br\/index.php\/2025\/01\/15\/apos-ouro-na-olimpiada-brasileira-de-matematica-das-escolas-publicas-estudantes-podem-fazer-iniciacao-cientifica-e-bacharelado\/#breadcrumb","itemListElement":[{"@type":"ListItem","position":1,"name":"In\u00edcio","item":"https:\/\/jornalfatosenoticias.com.br\/"},{"@type":"ListItem","position":2,"name":"Ap\u00f3s ouro na Olimp\u00edada Brasileira de Matem\u00e1tica das Escolas P\u00fablicas, estudantes podem fazer inicia\u00e7\u00e3o cient\u00edfica e bacharelado"}]},{"@type":"WebSite","@id":"https:\/\/jornalfatosenoticias.com.br\/#website","url":"https:\/\/jornalfatosenoticias.com.br\/","name":"Jornal Fatos e Not\u00edcias","description":"Not\u00edcias em geral","publisher":{"@id":"https:\/\/jornalfatosenoticias.com.br\/#organization"},"potentialAction":[{"@type":"SearchAction","target":{"@type":"EntryPoint","urlTemplate":"https:\/\/jornalfatosenoticias.com.br\/?s={search_term_string}"},"query-input":{"@type":"PropertyValueSpecification","valueRequired":true,"valueName":"search_term_string"}}],"inLanguage":"pt-BR"},{"@type":"Organization","@id":"https:\/\/jornalfatosenoticias.com.br\/#organization","name":"Jornal Fatos e Not\u00edcias","url":"https:\/\/jornalfatosenoticias.com.br\/","logo":{"@type":"ImageObject","inLanguage":"pt-BR","@id":"https:\/\/jornalfatosenoticias.com.br\/#\/schema\/logo\/image\/","url":"https:\/\/jornalfatosenoticias.com.br\/wp-content\/uploads\/2020\/02\/logo120.png","contentUrl":"https:\/\/jornalfatosenoticias.com.br\/wp-content\/uploads\/2020\/02\/logo120.png","width":1227,"height":120,"caption":"Jornal Fatos e Not\u00edcias"},"image":{"@id":"https:\/\/jornalfatosenoticias.com.br\/#\/schema\/logo\/image\/"}},{"@type":"Person","@id":"https:\/\/jornalfatosenoticias.com.br\/#\/schema\/person\/d63837fa13ac8666eb9e74e0985d6f81","name":"Luzimara Fernandes","image":{"@type":"ImageObject","inLanguage":"pt-BR","@id":"https:\/\/jornalfatosenoticias.com.br\/#\/schema\/person\/image\/","url":"https:\/\/jornalfatosenoticias.com.br\/wp-content\/uploads\/2025\/05\/EU_portal.jpg","contentUrl":"https:\/\/jornalfatosenoticias.com.br\/wp-content\/uploads\/2025\/05\/EU_portal.jpg","caption":"Luzimara Fernandes"},"description":"Jornalista MTB 2358-ES","sameAs":["https:\/\/jornalfatosenoticias.com.br"],"url":"https:\/\/jornalfatosenoticias.com.br\/index.php\/author\/luzimara\/"}]}},"cc_featured_image_caption":{"caption_text":"(Foto: Fernando Fraz\u00e3o\/Ag\u00eancia Brasil) ","source_text":"","source_url":""},"jetpack_featured_media_url":"https:\/\/jornalfatosenoticias.com.br\/wp-content\/uploads\/2025\/01\/Obmep-Impa-Tech-Foto-Fernando-Frazao-Agencia-Brasil.jpeg","_links":{"self":[{"href":"https:\/\/jornalfatosenoticias.com.br\/index.php\/wp-json\/wp\/v2\/posts\/56835","targetHints":{"allow":["GET"]}}],"collection":[{"href":"https:\/\/jornalfatosenoticias.com.br\/index.php\/wp-json\/wp\/v2\/posts"}],"about":[{"href":"https:\/\/jornalfatosenoticias.com.br\/index.php\/wp-json\/wp\/v2\/types\/post"}],"author":[{"embeddable":true,"href":"https:\/\/jornalfatosenoticias.com.br\/index.php\/wp-json\/wp\/v2\/users\/2"}],"replies":[{"embeddable":true,"href":"https:\/\/jornalfatosenoticias.com.br\/index.php\/wp-json\/wp\/v2\/comments?post=56835"}],"version-history":[{"count":0,"href":"https:\/\/jornalfatosenoticias.com.br\/index.php\/wp-json\/wp\/v2\/posts\/56835\/revisions"}],"wp:featuredmedia":[{"embeddable":true,"href":"https:\/\/jornalfatosenoticias.com.br\/index.php\/wp-json\/wp\/v2\/media\/56836"}],"wp:attachment":[{"href":"https:\/\/jornalfatosenoticias.com.br\/index.php\/wp-json\/wp\/v2\/media?parent=56835"}],"wp:term":[{"taxonomy":"category","embeddable":true,"href":"https:\/\/jornalfatosenoticias.com.br\/index.php\/wp-json\/wp\/v2\/categories?post=56835"},{"taxonomy":"post_tag","embeddable":true,"href":"https:\/\/jornalfatosenoticias.com.br\/index.php\/wp-json\/wp\/v2\/tags?post=56835"}],"curies":[{"name":"wp","href":"https:\/\/api.w.org\/{rel}","templated":true}]}}