{"id":56856,"date":"2025-01-15T10:21:41","date_gmt":"2025-01-15T13:21:41","guid":{"rendered":"https:\/\/jornalfatosenoticias.com.br\/?p=56856"},"modified":"2025-01-15T10:21:42","modified_gmt":"2025-01-15T13:21:42","slug":"cuba-e-mexico-sobem-de-posicao-em-ranking-que-mostra-perseguicao-a-cristaos-no-mundo","status":"publish","type":"post","link":"https:\/\/jornalfatosenoticias.com.br\/index.php\/2025\/01\/15\/cuba-e-mexico-sobem-de-posicao-em-ranking-que-mostra-perseguicao-a-cristaos-no-mundo\/","title":{"rendered":"Cuba e M\u00e9xico sobem de posi\u00e7\u00e3o em ranking que mostra persegui\u00e7\u00e3o a crist\u00e3os no mundo"},"content":{"rendered":"\n<p><em><span class=\"has-inline-color has-black-color\">H\u00e1 23 anos a Coreia do Norte est\u00e1 no topo da lista dos pa\u00edses mais perigosos para ser crist\u00e3o<\/span><\/em><\/p>\n\n\n\n<p><span class=\"has-inline-color has-black-color\">Por <strong><a href=\"https:\/\/www.gazetadopovo.com.br\/autor\/isabella-de-paula\/\">Isabella de Paula<\/a><\/strong><\/span><\/p>\n\n\n\n<div class=\"wp-block-image\"><figure class=\"aligncenter size-large\"><a href=\"https:\/\/www.instagram.com\/vmais.midias\/\"><img loading=\"lazy\" decoding=\"async\" width=\"1024\" height=\"110\" src=\"https:\/\/jornalfatosenoticias.com.br\/wp-content\/uploads\/2020\/02\/DE-MAIS-DESTAQUE-VMAIS-1120X120-1024x110.png\" alt=\"\" class=\"wp-image-53110\" srcset=\"https:\/\/jornalfatosenoticias.com.br\/wp-content\/uploads\/2020\/02\/DE-MAIS-DESTAQUE-VMAIS-1120X120-1024x110.png 1024w, https:\/\/jornalfatosenoticias.com.br\/wp-content\/uploads\/2020\/02\/DE-MAIS-DESTAQUE-VMAIS-1120X120-300x32.png 300w, https:\/\/jornalfatosenoticias.com.br\/wp-content\/uploads\/2020\/02\/DE-MAIS-DESTAQUE-VMAIS-1120X120-768x82.png 768w, https:\/\/jornalfatosenoticias.com.br\/wp-content\/uploads\/2020\/02\/DE-MAIS-DESTAQUE-VMAIS-1120X120.png 1120w\" sizes=\"auto, (max-width: 1024px) 100vw, 1024px\" \/><\/a><\/figure><\/div>\n\n\n\n<p>A persegui\u00e7\u00e3o aos crist\u00e3os continua intensa em muitos pa\u00edses do mundo, onde a liberdade religiosa ainda \u00e9 um sonho distante quando comparada \u00e0 realidade experimentada no Brasil e em tantas outras na\u00e7\u00f5es. O mais recente relat\u00f3rio da Portas Abertas, uma ONG dedicada a reportar viola\u00e7\u00f5es de direitos contra crist\u00e3os em n\u00edvel internacional, mostra que os \u00edndices de persegui\u00e7\u00e3o alcan\u00e7aram um novo recorde no \u00faltimo ano, afetando mais de 380 milh\u00f5es de seguidores da f\u00e9 crist\u00e3 em todo o mundo.<br>A Lista Mundial da Persegui\u00e7\u00e3o (LMP) 2025, recebida em primeira m\u00e3o pela Gazeta do Povo, indica que houve um aumento dr\u00e1stico em 39 dos 50 pa\u00edses\u00a0acompanhados no relat\u00f3rio, com 15 milh\u00f5es a mais de seguidores do cristianismo que sofreram algum tipo de viola\u00e7\u00e3o em rela\u00e7\u00e3o aos n\u00fameros do ano passado. Na Am\u00e9rica Latina, dois casos chamam a aten\u00e7\u00e3o: o de Cuba e do M\u00e9xico, que avan\u00e7aram em pol\u00edticas de repress\u00e3o a grupos religiosos.<\/p>\n\n\n\n<div class=\"wp-block-image\"><figure class=\"aligncenter size-large is-resized\"><a href=\"https:\/\/www.facebook.com\/profile.php?id=100069289606145\"><img loading=\"lazy\" decoding=\"async\" src=\"https:\/\/jornalfatosenoticias.com.br\/wp-content\/uploads\/2024\/11\/Guaitolini-Contabilidade-1024x714.jpeg\" alt=\"\" class=\"wp-image-55808\" width=\"363\" height=\"253\" srcset=\"https:\/\/jornalfatosenoticias.com.br\/wp-content\/uploads\/2024\/11\/Guaitolini-Contabilidade-1024x714.jpeg 1024w, https:\/\/jornalfatosenoticias.com.br\/wp-content\/uploads\/2024\/11\/Guaitolini-Contabilidade-300x209.jpeg 300w, https:\/\/jornalfatosenoticias.com.br\/wp-content\/uploads\/2024\/11\/Guaitolini-Contabilidade-768x535.jpeg 768w, https:\/\/jornalfatosenoticias.com.br\/wp-content\/uploads\/2024\/11\/Guaitolini-Contabilidade.jpeg 1280w\" sizes=\"auto, (max-width: 363px) 100vw, 363px\" \/><\/a><\/figure><\/div>\n\n\n\n<p>Segundo a Portas Abertas, esses dados equivalem a 140 milh\u00f5es a mais de crist\u00e3os perseguidos desde 2018. Os dados acumulados em 2024 apontam que um a cada sete crist\u00e3os \u00e9 perseguido no mundo. Desde 1993, a ONG divulga uma pesquisa, com metodologia pr\u00f3pria, avaliando a press\u00e3o e a viol\u00eancia enfrentada pelos religiosos pelo simples fato de seguir a Jesus.\u00a0A partir do levantamento desses n\u00fameros, elabora a Lista Mundial da Persegui\u00e7\u00e3o e o Mapa com os 50 pa\u00edses onde os crist\u00e3os s\u00e3o mais perseguidos. Ao todo, 13 pa\u00edses s\u00e3o apontados como extremamente perigosos para expressar a f\u00e9, enquanto os outros 37 s\u00e3o marcados pela persegui\u00e7\u00e3o severa. Nesta edi\u00e7\u00e3o, o per\u00edodo de levantamento de dados foi de 1.\u00ba de outubro de 2023 a 30 de setembro de 2024.<\/p>\n\n\n\n<div class=\"wp-block-image\"><figure class=\"aligncenter size-large\"><img loading=\"lazy\" decoding=\"async\" width=\"1000\" height=\"714\" src=\"https:\/\/jornalfatosenoticias.com.br\/wp-content\/uploads\/2025\/01\/MapaTop50.jpg\" alt=\"\" class=\"wp-image-56857\" srcset=\"https:\/\/jornalfatosenoticias.com.br\/wp-content\/uploads\/2025\/01\/MapaTop50.jpg 1000w, https:\/\/jornalfatosenoticias.com.br\/wp-content\/uploads\/2025\/01\/MapaTop50-300x214.jpg 300w, https:\/\/jornalfatosenoticias.com.br\/wp-content\/uploads\/2025\/01\/MapaTop50-768x548.jpg 768w\" sizes=\"auto, (max-width: 1000px) 100vw, 1000px\" \/><figcaption><em><span class=\"has-inline-color has-black-color\">Lista Mundial de Persegui\u00e7\u00e3o 2025 da ONG Portas Abertas (Foto: Divulga\u00e7\u00e3o\/Portas Abertas)<\/span><\/em><\/figcaption><\/figure><\/div>\n\n\n\n<p><strong><span class=\"has-inline-color has-black-color\">Coreia do Norte no topo da lista pelo 3.\u00ba ano consecutivo<br><\/span><\/strong>Pelo terceiro ano consecutivo e pela 23.\u00aa vez desde a divulga\u00e7\u00e3o da primeira Lista Mundial da Persegui\u00e7\u00e3o, em 1993, a Coreia do Norte aparece no topo do levantamento como o pa\u00eds mais hostil \u00e0 express\u00e3o religiosa. Desde 2002, o pa\u00eds se mant\u00e9m na primeira posi\u00e7\u00e3o, com exce\u00e7\u00e3o de 2022, quando o Afeganist\u00e3o, sob o regime Talib\u00e3, elevou a persegui\u00e7\u00e3o em n\u00edvel nacional.<\/p>\n\n\n\n<div class=\"wp-block-image\"><figure class=\"aligncenter size-large is-resized\"><a href=\"https:\/\/www.instagram.com\/restaurantepegoretti\/\"><img loading=\"lazy\" decoding=\"async\" src=\"https:\/\/jornalfatosenoticias.com.br\/wp-content\/uploads\/2023\/12\/pegoretti-logo-pdf-1024x389.jpg\" alt=\"\" class=\"wp-image-47536\" width=\"435\" height=\"165\" srcset=\"https:\/\/jornalfatosenoticias.com.br\/wp-content\/uploads\/2023\/12\/pegoretti-logo-pdf-1024x389.jpg 1024w, https:\/\/jornalfatosenoticias.com.br\/wp-content\/uploads\/2023\/12\/pegoretti-logo-pdf-300x114.jpg 300w, https:\/\/jornalfatosenoticias.com.br\/wp-content\/uploads\/2023\/12\/pegoretti-logo-pdf-768x291.jpg 768w, https:\/\/jornalfatosenoticias.com.br\/wp-content\/uploads\/2023\/12\/pegoretti-logo-pdf.jpg 1120w\" sizes=\"auto, (max-width: 435px) 100vw, 435px\" \/><\/a><\/figure><\/div>\n\n\n\n<p>No in\u00edcio do ano passado, a ditadura norte-coreana, liderada por Kim Jong-un, anunciou uma s\u00e9rie de regula\u00e7\u00f5es mais r\u00edgidas contra a manifesta\u00e7\u00e3o religiosa e san\u00e7\u00f5es mais severas contra crist\u00e3os, o que aumentou ainda mais o medo entre a popula\u00e7\u00e3o, que vive isolada do restante do mundo. Para muitos, a identifica\u00e7\u00e3o de crist\u00e3o pelo Estado pode significar uma senten\u00e7a de morte, j\u00e1 que o regime ditatorial comunista pro\u00edbe qualquer manifesta\u00e7\u00e3o religiosa no pa\u00eds e cultuar pode ser um grande risco. Existem duas principais penas para os convertidos ao cristianismo que s\u00e3o descobertos pela ditadura: ou s\u00e3o enviados para campos de trabalho for\u00e7ado como prisioneiros pol\u00edticos, onde eles enfrentam uma vida de trabalho duro at\u00e9 a morte, ou s\u00e3o mortos.<\/p>\n\n\n\n<div class=\"wp-block-image\"><figure class=\"aligncenter size-large is-resized\"><a href=\"https:\/\/www.instagram.com\/ligadossaborespizzaria\/\"><img loading=\"lazy\" decoding=\"async\" src=\"https:\/\/jornalfatosenoticias.com.br\/wp-content\/uploads\/2024\/09\/WhatsApp-Image-2024-09-14-at-22.46.10-819x1024.jpeg\" alt=\"\" class=\"wp-image-54180\" width=\"295\" height=\"368\" srcset=\"https:\/\/jornalfatosenoticias.com.br\/wp-content\/uploads\/2024\/09\/WhatsApp-Image-2024-09-14-at-22.46.10-819x1024.jpeg 819w, https:\/\/jornalfatosenoticias.com.br\/wp-content\/uploads\/2024\/09\/WhatsApp-Image-2024-09-14-at-22.46.10-240x300.jpeg 240w, https:\/\/jornalfatosenoticias.com.br\/wp-content\/uploads\/2024\/09\/WhatsApp-Image-2024-09-14-at-22.46.10-768x960.jpeg 768w, https:\/\/jornalfatosenoticias.com.br\/wp-content\/uploads\/2024\/09\/WhatsApp-Image-2024-09-14-at-22.46.10.jpeg 1024w\" sizes=\"auto, (max-width: 295px) 100vw, 295px\" \/><\/a><\/figure><\/div>\n\n\n\n<p>Segundo o \u00faltimo relat\u00f3rio divulgado nesta ter\u00e7a-feira (14), o n\u00edvel de viol\u00eancia aumentou ainda mais no pa\u00eds, com os crist\u00e3os enfrentando uma poss\u00edvel execu\u00e7\u00e3o p\u00fablica sum\u00e1ria se forem identificados.<\/p>\n\n\n\n<blockquote class=\"wp-block-quote is-layout-flow wp-block-quote-is-layout-flow\"><p><span class=\"has-inline-color has-luminous-vivid-orange-color\">Por causa da paranoia ditatorial e do fechamento das fronteiras para ajuda externa, al\u00e9m da repress\u00e3o, nossos irm\u00e3os norte-coreanos est\u00e3o passando fome e extrema necessidade\u201d, afirma Marco Cruz, secret\u00e1rio-geral da Portas Abertas no Brasil.<\/span><\/p><\/blockquote>\n\n\n\n<div class=\"wp-block-image\"><figure class=\"aligncenter size-large is-resized\"><a href=\"https:\/\/www.ithbrasil.com.br\/\"><img loading=\"lazy\" decoding=\"async\" src=\"https:\/\/jornalfatosenoticias.com.br\/wp-content\/uploads\/2023\/08\/ITH.jpeg\" alt=\"\" class=\"wp-image-44638\" width=\"328\" height=\"266\" srcset=\"https:\/\/jornalfatosenoticias.com.br\/wp-content\/uploads\/2023\/08\/ITH.jpeg 800w, https:\/\/jornalfatosenoticias.com.br\/wp-content\/uploads\/2023\/08\/ITH-300x244.jpeg 300w, https:\/\/jornalfatosenoticias.com.br\/wp-content\/uploads\/2023\/08\/ITH-768x624.jpeg 768w\" sizes=\"auto, (max-width: 328px) 100vw, 328px\" \/><\/a><\/figure><\/div>\n\n\n\n<p><strong><span class=\"has-inline-color has-black-color\">Nig\u00e9ria lidera entre os pa\u00edses que mais matam crist\u00e3os<br><\/span><\/strong>Apesar de a Coreia do Norte ser o primeiro pa\u00eds da lista onde a repress\u00e3o aos crist\u00e3os \u00e9 mais gritante, casos de execu\u00e7\u00e3o e outros atos violentos foram mais recorrentes na Nig\u00e9ria, onde mais de 4.400 seguidores de Jesus foram mortos. O pa\u00eds africano \u00e9 respons\u00e1vel por 69% dos assassinatos em todo o mundo, algo que j\u00e1 havia sido observado na lista de 2024. As maiores amea\u00e7as aos religiosos envolvem a a\u00e7\u00e3o de militantes isl\u00e2micos extremistas, como mil\u00edcias do povo fulani, o Boko Haram e o Estado Isl\u00e2mico da Prov\u00edncia da \u00c1frica Ocidental (ISWAP), al\u00e9m de criminosos armados.<\/p>\n\n\n\n<div class=\"wp-block-image\"><figure class=\"aligncenter size-large is-resized\"><a href=\"https:\/\/hotelmarquetti.com.br\/\"><img loading=\"lazy\" decoding=\"async\" src=\"https:\/\/jornalfatosenoticias.com.br\/wp-content\/uploads\/2023\/03\/nova-logo-Marquetti.jpg\" alt=\"\" class=\"wp-image-40207\" width=\"357\" height=\"240\" srcset=\"https:\/\/jornalfatosenoticias.com.br\/wp-content\/uploads\/2023\/03\/nova-logo-Marquetti.jpg 643w, https:\/\/jornalfatosenoticias.com.br\/wp-content\/uploads\/2023\/03\/nova-logo-Marquetti-300x202.jpg 300w\" sizes=\"auto, (max-width: 357px) 100vw, 357px\" \/><\/a><\/figure><\/div>\n\n\n\n<p>Ao todo, mais de 14 mil propriedades crist\u00e3s foram danificadas, saqueadas, incendiadas, ou at\u00e9 mesmo fechadas por motivos relacionados \u00e0 f\u00e9, no \u00faltimo ano.\u00a0Esses im\u00f3veis envolvem igrejas e resid\u00eancias de crist\u00e3os no pa\u00eds. Al\u00e9m disso, houve novos registros de crist\u00e3os sequestrados, abusados f\u00edsica e psicologicamente, violentados sexualmente, presos sem julgamento e for\u00e7ados a fugir de suas casas.\u00a0A Nig\u00e9ria ocupa a 7.\u00aa posi\u00e7\u00e3o na LMP 2025.<\/p>\n\n\n\n<div class=\"wp-block-image\"><figure class=\"aligncenter size-large\"><a href=\"https:\/\/cesconetto.com.br\/\"><img loading=\"lazy\" decoding=\"async\" width=\"300\" height=\"250\" src=\"https:\/\/jornalfatosenoticias.com.br\/wp-content\/uploads\/2020\/02\/Banner-2.png\" alt=\"\" class=\"wp-image-43787\"\/><\/a><\/figure><\/div>\n\n\n\n<p>A crescente viol\u00eancia observada pelo mundo tamb\u00e9m est\u00e1 causando uma crise de deslocamento, com milh\u00f5es de crist\u00e3os sendo for\u00e7ados a fugir de suas casas. Apenas na \u00c1frica Subsaariana, 16 milh\u00f5es de crist\u00e3os s\u00e3o obrigados a se deslocar internamente por causa da repress\u00e3o por causa da f\u00e9.<\/p>\n\n\n\n<div class=\"wp-block-image\"><figure class=\"aligncenter size-large is-resized\"><a href=\"https:\/\/www.legisjuris.com.br\/\"><img loading=\"lazy\" decoding=\"async\" src=\"https:\/\/jornalfatosenoticias.com.br\/wp-content\/uploads\/2024\/09\/Legis-Juris-Consultoria_logo.jpg\" alt=\"\" class=\"wp-image-53915\" width=\"465\" height=\"195\" srcset=\"https:\/\/jornalfatosenoticias.com.br\/wp-content\/uploads\/2024\/09\/Legis-Juris-Consultoria_logo.jpg 969w, https:\/\/jornalfatosenoticias.com.br\/wp-content\/uploads\/2024\/09\/Legis-Juris-Consultoria_logo-300x126.jpg 300w, https:\/\/jornalfatosenoticias.com.br\/wp-content\/uploads\/2024\/09\/Legis-Juris-Consultoria_logo-768x322.jpg 768w\" sizes=\"auto, (max-width: 465px) 100vw, 465px\" \/><\/a><\/figure><\/div>\n\n\n\n<p><strong><span class=\"has-inline-color has-black-color\">Aumento da persegui\u00e7\u00e3o na Am\u00e9rica Latina<br><\/span><\/strong>No ano passado, a ditadura de Daniel Ortega, na Nicar\u00e1gua, ganhou destaque na lista de persegui\u00e7\u00e3o por conta dos avan\u00e7os violentos contra autoridade cat\u00f3licas no pa\u00eds \u2014 muitos deixaram o territ\u00f3rio para evitar a pris\u00e3o ou outras a\u00e7\u00f5es do regime. A Nicar\u00e1gua manteve-se na 30\u00aa posi\u00e7\u00e3o da LMP.<\/p>\n\n\n\n<div class=\"wp-block-image\"><figure class=\"aligncenter size-large\"><a href=\"http:\/\/www.ferrarimaquinas.com.br\/\"><img loading=\"lazy\" decoding=\"async\" width=\"300\" height=\"250\" src=\"https:\/\/jornalfatosenoticias.com.br\/wp-content\/uploads\/2022\/02\/FERRARI_MAQUINAS-E-FERRAMENTAS2.jpg\" alt=\"\" class=\"wp-image-27860\"\/><\/a><\/figure><\/div>\n\n\n\n<p>No relat\u00f3rio mais recente, dois pa\u00edses chamaram a aten\u00e7\u00e3o por terem avan\u00e7ado em projetos de coibir manifesta\u00e7\u00f5es crist\u00e3s: o regime de Cuba, comandado por Miguel Di\u00e1z-Canel, e o M\u00e9xico, que acaba de trocar de presidente. A crescente crise humanit\u00e1ria de Cuba levou o regime a adotar uma postura ainda mais autorit\u00e1ria sobre os crist\u00e3os, com novos incidentes violentos reportados, entre eles\u00a0pris\u00f5es indevidas, sequestros e abusos sexuais de crist\u00e3os.<\/p>\n\n\n\n<div class=\"wp-block-image\"><figure class=\"aligncenter size-large is-resized\"><a href=\"https:\/\/www.controlsystems.com.br\/\"><img loading=\"lazy\" decoding=\"async\" src=\"https:\/\/jornalfatosenoticias.com.br\/wp-content\/uploads\/2020\/02\/CONTROL-CS.jpg\" alt=\"\" class=\"wp-image-44991\" width=\"294\" height=\"352\" srcset=\"https:\/\/jornalfatosenoticias.com.br\/wp-content\/uploads\/2020\/02\/CONTROL-CS.jpg 834w, https:\/\/jornalfatosenoticias.com.br\/wp-content\/uploads\/2020\/02\/CONTROL-CS-250x300.jpg 250w, https:\/\/jornalfatosenoticias.com.br\/wp-content\/uploads\/2020\/02\/CONTROL-CS-768x921.jpg 768w\" sizes=\"auto, (max-width: 294px) 100vw, 294px\" \/><\/a><\/figure><\/div>\n\n\n\n<p>Al\u00e9m disso, segundo a ONG, igrejas s\u00e3o vigiadas e encontram in\u00fameros obst\u00e1culos para funcionarem se n\u00e3o seguirem as condi\u00e7\u00f5es impostas pela ditadura socialista. Tamb\u00e9m h\u00e1 den\u00fancias de pastores e familiares sendo interrogados e sofrendo amea\u00e7as constantes por conta da f\u00e9 professada.\u00a0Essa realidade fez com que o pa\u00eds subisse da 26.\u00aa para a 22.\u00aa posi\u00e7\u00e3o do novo ranking da Portas Abertas.<\/p>\n\n\n\n<div class=\"wp-block-image\"><figure class=\"aligncenter size-large\"><a href=\"https:\/\/www.facebook.com\/vetor.vix\/\"><img loading=\"lazy\" decoding=\"async\" width=\"1024\" height=\"273\" src=\"https:\/\/jornalfatosenoticias.com.br\/wp-content\/uploads\/2023\/09\/vetorvix1024_1.jpg\" alt=\"\" class=\"wp-image-44868\" srcset=\"https:\/\/jornalfatosenoticias.com.br\/wp-content\/uploads\/2023\/09\/vetorvix1024_1.jpg 1024w, https:\/\/jornalfatosenoticias.com.br\/wp-content\/uploads\/2023\/09\/vetorvix1024_1-300x80.jpg 300w, https:\/\/jornalfatosenoticias.com.br\/wp-content\/uploads\/2023\/09\/vetorvix1024_1-768x205.jpg 768w\" sizes=\"auto, (max-width: 1024px) 100vw, 1024px\" \/><\/a><\/figure><\/div>\n\n\n\n<p>J\u00e1 o M\u00e9xico, que passou da 37.\u00aa para a 31.\u00aa posi\u00e7\u00e3o na LMP, a situa\u00e7\u00e3o de risco \u00e9 diferente, mas igualmente preocupante. O pa\u00eds n\u00e3o \u00e9 regido por uma ditadura, mas enfrenta uma constante press\u00e3o de grupos criminosos organizados, envolvidos principalmente com o narcotr\u00e1fico.<\/p>\n\n\n\n<div class=\"wp-block-image\"><figure class=\"aligncenter size-large is-resized\"><a href=\"https:\/\/panper.com.br\/\"><img loading=\"lazy\" decoding=\"async\" src=\"https:\/\/jornalfatosenoticias.com.br\/wp-content\/uploads\/2023\/03\/logo-Panper_portal.jpg\" alt=\"\" class=\"wp-image-40208\" width=\"326\" height=\"226\" srcset=\"https:\/\/jornalfatosenoticias.com.br\/wp-content\/uploads\/2023\/03\/logo-Panper_portal.jpg 400w, https:\/\/jornalfatosenoticias.com.br\/wp-content\/uploads\/2023\/03\/logo-Panper_portal-300x208.jpg 300w\" sizes=\"auto, (max-width: 326px) 100vw, 326px\" \/><\/a><\/figure><\/div>\n\n\n\n<p>O aumento da viol\u00eancia ocorre justamente pelo crescente controle imposto pelo crime organizado em todos os estados do pa\u00eds, que foi observado particularmente ap\u00f3s o per\u00edodo eleitoral, marcado por in\u00fameros assassinatos. Essa dura realidade dificulta a realiza\u00e7\u00e3o de trabalhos religiosos nos diferentes estados mexicanos.<\/p>\n\n\n\n<div class=\"wp-block-image\"><figure class=\"aligncenter size-large is-resized\"><a href=\"https:\/\/www.instagram.com\/rcradiadores\/\"><img loading=\"lazy\" decoding=\"async\" src=\"https:\/\/jornalfatosenoticias.com.br\/wp-content\/uploads\/2022\/10\/RC_800x750_page-0001.jpg\" alt=\"\" class=\"wp-image-35338\" width=\"311\" height=\"292\" srcset=\"https:\/\/jornalfatosenoticias.com.br\/wp-content\/uploads\/2022\/10\/RC_800x750_page-0001.jpg 400w, https:\/\/jornalfatosenoticias.com.br\/wp-content\/uploads\/2022\/10\/RC_800x750_page-0001-300x281.jpg 300w\" sizes=\"auto, (max-width: 311px) 100vw, 311px\" \/><\/a><\/figure><\/div>\n\n\n\n<p>A pesquisa da Portas Abertas ainda relata &#8220;n\u00edveis preocupantes&#8221; de rejei\u00e7\u00e3o de minorias religiosas dentro de comunidades ind\u00edgenas no M\u00e9xico. A Portas Abertas \u00e9 uma organiza\u00e7\u00e3o crist\u00e3 internacional fundada por um mission\u00e1rio holand\u00eas em 1955 e que atua em mais de 60 pa\u00edses apoiando igrejas que sofrem persegui\u00e7\u00e3o.<\/p>\n\n\n\n<div class=\"wp-block-image\"><figure class=\"aligncenter size-large is-resized\"><a href=\"https:\/\/www.instagram.com\/serra4x4cambioautomatico\/\"><img loading=\"lazy\" decoding=\"async\" src=\"https:\/\/jornalfatosenoticias.com.br\/wp-content\/uploads\/2024\/08\/Serra-4x4-1-886x1024.jpg\" alt=\"\" class=\"wp-image-53632\" width=\"292\" height=\"338\" srcset=\"https:\/\/jornalfatosenoticias.com.br\/wp-content\/uploads\/2024\/08\/Serra-4x4-1-886x1024.jpg 886w, https:\/\/jornalfatosenoticias.com.br\/wp-content\/uploads\/2024\/08\/Serra-4x4-1-260x300.jpg 260w, https:\/\/jornalfatosenoticias.com.br\/wp-content\/uploads\/2024\/08\/Serra-4x4-1-768x888.jpg 768w, https:\/\/jornalfatosenoticias.com.br\/wp-content\/uploads\/2024\/08\/Serra-4x4-1.jpg 1181w\" sizes=\"auto, (max-width: 292px) 100vw, 292px\" \/><\/a><\/figure><\/div>\n\n\n\n<p><strong><em>Fonte: <a href=\"https:\/\/www.gazetadopovo.com.br\/mundo\/perseguicao-cristaos-atinge-novo-recorde-no-mundo-cuba-mexico-disparam-posicao\/\">Gazeta do Povo<\/a><\/em><\/strong><\/p>\n","protected":false},"excerpt":{"rendered":"<p>H\u00e1 23 anos a Coreia do Norte est\u00e1 no topo da lista dos pa\u00edses mais perigosos para ser crist\u00e3o Por Isabella de Paula A persegui\u00e7\u00e3o aos crist\u00e3os continua intensa em muitos pa\u00edses do mundo, onde a liberdade religiosa ainda \u00e9 um sonho distante quando comparada \u00e0 realidade experimentada no Brasil e em tantas outras na\u00e7\u00f5es. [&hellip;]<\/p>\n","protected":false},"author":2,"featured_media":56858,"comment_status":"open","ping_status":"open","sticky":false,"template":"","format":"standard","meta":{"footnotes":""},"categories":[21140],"tags":[260,11204,14161,5043,25938,156,14152,25937,24096],"class_list":["post-56856","post","type-post","status-publish","format-standard","has-post-thumbnail","hentry","category-religiao","tag-america-latina","tag-coreia-do-norte","tag-cristaos","tag-cuba","tag-igrejas-perseguidas","tag-mexico","tag-perseguicao","tag-perseguicao-a-cristaos-no-mundo","tag-portas-abertas"],"yoast_head":"<!-- This site is optimized with the Yoast SEO plugin v26.5 - https:\/\/yoast.com\/wordpress\/plugins\/seo\/ -->\n<title>Cuba e M\u00e9xico sobem de posi\u00e7\u00e3o em ranking que mostra persegui\u00e7\u00e3o a crist\u00e3os no mundo - Jornal Fatos e Not\u00edcias<\/title>\n<meta name=\"robots\" content=\"index, follow, max-snippet:-1, max-image-preview:large, max-video-preview:-1\" \/>\n<link rel=\"canonical\" href=\"https:\/\/jornalfatosenoticias.com.br\/index.php\/2025\/01\/15\/cuba-e-mexico-sobem-de-posicao-em-ranking-que-mostra-perseguicao-a-cristaos-no-mundo\/\" \/>\n<meta property=\"og:locale\" content=\"pt_BR\" \/>\n<meta property=\"og:type\" content=\"article\" \/>\n<meta property=\"og:title\" content=\"Cuba e M\u00e9xico sobem de posi\u00e7\u00e3o em ranking que mostra persegui\u00e7\u00e3o a crist\u00e3os no mundo - Jornal Fatos e Not\u00edcias\" \/>\n<meta property=\"og:description\" content=\"H\u00e1 23 anos a Coreia do Norte est\u00e1 no topo da lista dos pa\u00edses mais perigosos para ser crist\u00e3o Por Isabella de Paula A persegui\u00e7\u00e3o aos crist\u00e3os continua intensa em muitos pa\u00edses do mundo, onde a liberdade religiosa ainda \u00e9 um sonho distante quando comparada \u00e0 realidade experimentada no Brasil e em tantas outras na\u00e7\u00f5es. [&hellip;]\" \/>\n<meta property=\"og:url\" content=\"https:\/\/jornalfatosenoticias.com.br\/index.php\/2025\/01\/15\/cuba-e-mexico-sobem-de-posicao-em-ranking-que-mostra-perseguicao-a-cristaos-no-mundo\/\" \/>\n<meta property=\"og:site_name\" content=\"Jornal Fatos e Not\u00edcias\" \/>\n<meta property=\"article:published_time\" content=\"2025-01-15T13:21:41+00:00\" \/>\n<meta property=\"article:modified_time\" content=\"2025-01-15T13:21:42+00:00\" \/>\n<meta property=\"og:image\" content=\"https:\/\/jornalfatosenoticias.com.br\/wp-content\/uploads\/2025\/01\/perseguicao-a-cristaos.jpg\" \/>\n\t<meta property=\"og:image:width\" content=\"1000\" \/>\n\t<meta property=\"og:image:height\" content=\"643\" \/>\n\t<meta property=\"og:image:type\" content=\"image\/jpeg\" \/>\n<meta name=\"author\" content=\"Luzimara Fernandes\" \/>\n<meta name=\"twitter:card\" content=\"summary_large_image\" \/>\n<meta name=\"twitter:label1\" content=\"Escrito por\" \/>\n\t<meta name=\"twitter:data1\" content=\"Luzimara Fernandes\" \/>\n\t<meta name=\"twitter:label2\" content=\"Est. tempo de leitura\" \/>\n\t<meta name=\"twitter:data2\" content=\"6 minutos\" \/>\n<script type=\"application\/ld+json\" class=\"yoast-schema-graph\">{\"@context\":\"https:\/\/schema.org\",\"@graph\":[{\"@type\":\"Article\",\"@id\":\"https:\/\/jornalfatosenoticias.com.br\/index.php\/2025\/01\/15\/cuba-e-mexico-sobem-de-posicao-em-ranking-que-mostra-perseguicao-a-cristaos-no-mundo\/#article\",\"isPartOf\":{\"@id\":\"https:\/\/jornalfatosenoticias.com.br\/index.php\/2025\/01\/15\/cuba-e-mexico-sobem-de-posicao-em-ranking-que-mostra-perseguicao-a-cristaos-no-mundo\/\"},\"author\":{\"name\":\"Luzimara Fernandes\",\"@id\":\"https:\/\/jornalfatosenoticias.com.br\/#\/schema\/person\/d63837fa13ac8666eb9e74e0985d6f81\"},\"headline\":\"Cuba e M\u00e9xico sobem de posi\u00e7\u00e3o em ranking que mostra persegui\u00e7\u00e3o a crist\u00e3os no mundo\",\"datePublished\":\"2025-01-15T13:21:41+00:00\",\"dateModified\":\"2025-01-15T13:21:42+00:00\",\"mainEntityOfPage\":{\"@id\":\"https:\/\/jornalfatosenoticias.com.br\/index.php\/2025\/01\/15\/cuba-e-mexico-sobem-de-posicao-em-ranking-que-mostra-perseguicao-a-cristaos-no-mundo\/\"},\"wordCount\":1271,\"commentCount\":0,\"publisher\":{\"@id\":\"https:\/\/jornalfatosenoticias.com.br\/#organization\"},\"image\":{\"@id\":\"https:\/\/jornalfatosenoticias.com.br\/index.php\/2025\/01\/15\/cuba-e-mexico-sobem-de-posicao-em-ranking-que-mostra-perseguicao-a-cristaos-no-mundo\/#primaryimage\"},\"thumbnailUrl\":\"https:\/\/jornalfatosenoticias.com.br\/wp-content\/uploads\/2025\/01\/perseguicao-a-cristaos.jpg\",\"keywords\":[\"Am\u00e9rica latina\",\"Coreia do Norte\",\"crist\u00e3os\",\"Cuba\",\"igrejas perseguidas\",\"M\u00e9xico\",\"persegui\u00e7\u00e3o\",\"persegui\u00e7\u00e3o a crist\u00e3os no mundo\",\"Portas Abertas\"],\"articleSection\":[\"Religi\u00e3o\"],\"inLanguage\":\"pt-BR\",\"potentialAction\":[{\"@type\":\"CommentAction\",\"name\":\"Comment\",\"target\":[\"https:\/\/jornalfatosenoticias.com.br\/index.php\/2025\/01\/15\/cuba-e-mexico-sobem-de-posicao-em-ranking-que-mostra-perseguicao-a-cristaos-no-mundo\/#respond\"]}]},{\"@type\":\"WebPage\",\"@id\":\"https:\/\/jornalfatosenoticias.com.br\/index.php\/2025\/01\/15\/cuba-e-mexico-sobem-de-posicao-em-ranking-que-mostra-perseguicao-a-cristaos-no-mundo\/\",\"url\":\"https:\/\/jornalfatosenoticias.com.br\/index.php\/2025\/01\/15\/cuba-e-mexico-sobem-de-posicao-em-ranking-que-mostra-perseguicao-a-cristaos-no-mundo\/\",\"name\":\"Cuba e M\u00e9xico sobem de posi\u00e7\u00e3o em ranking que mostra persegui\u00e7\u00e3o a crist\u00e3os no mundo - Jornal Fatos e Not\u00edcias\",\"isPartOf\":{\"@id\":\"https:\/\/jornalfatosenoticias.com.br\/#website\"},\"primaryImageOfPage\":{\"@id\":\"https:\/\/jornalfatosenoticias.com.br\/index.php\/2025\/01\/15\/cuba-e-mexico-sobem-de-posicao-em-ranking-que-mostra-perseguicao-a-cristaos-no-mundo\/#primaryimage\"},\"image\":{\"@id\":\"https:\/\/jornalfatosenoticias.com.br\/index.php\/2025\/01\/15\/cuba-e-mexico-sobem-de-posicao-em-ranking-que-mostra-perseguicao-a-cristaos-no-mundo\/#primaryimage\"},\"thumbnailUrl\":\"https:\/\/jornalfatosenoticias.com.br\/wp-content\/uploads\/2025\/01\/perseguicao-a-cristaos.jpg\",\"datePublished\":\"2025-01-15T13:21:41+00:00\",\"dateModified\":\"2025-01-15T13:21:42+00:00\",\"breadcrumb\":{\"@id\":\"https:\/\/jornalfatosenoticias.com.br\/index.php\/2025\/01\/15\/cuba-e-mexico-sobem-de-posicao-em-ranking-que-mostra-perseguicao-a-cristaos-no-mundo\/#breadcrumb\"},\"inLanguage\":\"pt-BR\",\"potentialAction\":[{\"@type\":\"ReadAction\",\"target\":[\"https:\/\/jornalfatosenoticias.com.br\/index.php\/2025\/01\/15\/cuba-e-mexico-sobem-de-posicao-em-ranking-que-mostra-perseguicao-a-cristaos-no-mundo\/\"]}]},{\"@type\":\"ImageObject\",\"inLanguage\":\"pt-BR\",\"@id\":\"https:\/\/jornalfatosenoticias.com.br\/index.php\/2025\/01\/15\/cuba-e-mexico-sobem-de-posicao-em-ranking-que-mostra-perseguicao-a-cristaos-no-mundo\/#primaryimage\",\"url\":\"https:\/\/jornalfatosenoticias.com.br\/wp-content\/uploads\/2025\/01\/perseguicao-a-cristaos.jpg\",\"contentUrl\":\"https:\/\/jornalfatosenoticias.com.br\/wp-content\/uploads\/2025\/01\/perseguicao-a-cristaos.jpg\",\"width\":1000,\"height\":643},{\"@type\":\"BreadcrumbList\",\"@id\":\"https:\/\/jornalfatosenoticias.com.br\/index.php\/2025\/01\/15\/cuba-e-mexico-sobem-de-posicao-em-ranking-que-mostra-perseguicao-a-cristaos-no-mundo\/#breadcrumb\",\"itemListElement\":[{\"@type\":\"ListItem\",\"position\":1,\"name\":\"In\u00edcio\",\"item\":\"https:\/\/jornalfatosenoticias.com.br\/\"},{\"@type\":\"ListItem\",\"position\":2,\"name\":\"Cuba e M\u00e9xico sobem de posi\u00e7\u00e3o em ranking que mostra persegui\u00e7\u00e3o a crist\u00e3os no mundo\"}]},{\"@type\":\"WebSite\",\"@id\":\"https:\/\/jornalfatosenoticias.com.br\/#website\",\"url\":\"https:\/\/jornalfatosenoticias.com.br\/\",\"name\":\"Jornal Fatos e Not\u00edcias\",\"description\":\"Not\u00edcias em geral\",\"publisher\":{\"@id\":\"https:\/\/jornalfatosenoticias.com.br\/#organization\"},\"potentialAction\":[{\"@type\":\"SearchAction\",\"target\":{\"@type\":\"EntryPoint\",\"urlTemplate\":\"https:\/\/jornalfatosenoticias.com.br\/?s={search_term_string}\"},\"query-input\":{\"@type\":\"PropertyValueSpecification\",\"valueRequired\":true,\"valueName\":\"search_term_string\"}}],\"inLanguage\":\"pt-BR\"},{\"@type\":\"Organization\",\"@id\":\"https:\/\/jornalfatosenoticias.com.br\/#organization\",\"name\":\"Jornal Fatos e Not\u00edcias\",\"url\":\"https:\/\/jornalfatosenoticias.com.br\/\",\"logo\":{\"@type\":\"ImageObject\",\"inLanguage\":\"pt-BR\",\"@id\":\"https:\/\/jornalfatosenoticias.com.br\/#\/schema\/logo\/image\/\",\"url\":\"https:\/\/jornalfatosenoticias.com.br\/wp-content\/uploads\/2020\/02\/logo120.png\",\"contentUrl\":\"https:\/\/jornalfatosenoticias.com.br\/wp-content\/uploads\/2020\/02\/logo120.png\",\"width\":1227,\"height\":120,\"caption\":\"Jornal Fatos e Not\u00edcias\"},\"image\":{\"@id\":\"https:\/\/jornalfatosenoticias.com.br\/#\/schema\/logo\/image\/\"}},{\"@type\":\"Person\",\"@id\":\"https:\/\/jornalfatosenoticias.com.br\/#\/schema\/person\/d63837fa13ac8666eb9e74e0985d6f81\",\"name\":\"Luzimara Fernandes\",\"image\":{\"@type\":\"ImageObject\",\"inLanguage\":\"pt-BR\",\"@id\":\"https:\/\/jornalfatosenoticias.com.br\/#\/schema\/person\/image\/\",\"url\":\"https:\/\/jornalfatosenoticias.com.br\/wp-content\/uploads\/2025\/05\/EU_portal.jpg\",\"contentUrl\":\"https:\/\/jornalfatosenoticias.com.br\/wp-content\/uploads\/2025\/05\/EU_portal.jpg\",\"caption\":\"Luzimara Fernandes\"},\"description\":\"Jornalista MTB 2358-ES\",\"sameAs\":[\"https:\/\/jornalfatosenoticias.com.br\"],\"url\":\"https:\/\/jornalfatosenoticias.com.br\/index.php\/author\/luzimara\/\"}]}<\/script>\n<!-- \/ Yoast SEO plugin. -->","yoast_head_json":{"title":"Cuba e M\u00e9xico sobem de posi\u00e7\u00e3o em ranking que mostra persegui\u00e7\u00e3o a crist\u00e3os no mundo - Jornal Fatos e Not\u00edcias","robots":{"index":"index","follow":"follow","max-snippet":"max-snippet:-1","max-image-preview":"max-image-preview:large","max-video-preview":"max-video-preview:-1"},"canonical":"https:\/\/jornalfatosenoticias.com.br\/index.php\/2025\/01\/15\/cuba-e-mexico-sobem-de-posicao-em-ranking-que-mostra-perseguicao-a-cristaos-no-mundo\/","og_locale":"pt_BR","og_type":"article","og_title":"Cuba e M\u00e9xico sobem de posi\u00e7\u00e3o em ranking que mostra persegui\u00e7\u00e3o a crist\u00e3os no mundo - Jornal Fatos e Not\u00edcias","og_description":"H\u00e1 23 anos a Coreia do Norte est\u00e1 no topo da lista dos pa\u00edses mais perigosos para ser crist\u00e3o Por Isabella de Paula A persegui\u00e7\u00e3o aos crist\u00e3os continua intensa em muitos pa\u00edses do mundo, onde a liberdade religiosa ainda \u00e9 um sonho distante quando comparada \u00e0 realidade experimentada no Brasil e em tantas outras na\u00e7\u00f5es. [&hellip;]","og_url":"https:\/\/jornalfatosenoticias.com.br\/index.php\/2025\/01\/15\/cuba-e-mexico-sobem-de-posicao-em-ranking-que-mostra-perseguicao-a-cristaos-no-mundo\/","og_site_name":"Jornal Fatos e Not\u00edcias","article_published_time":"2025-01-15T13:21:41+00:00","article_modified_time":"2025-01-15T13:21:42+00:00","og_image":[{"width":1000,"height":643,"url":"https:\/\/jornalfatosenoticias.com.br\/wp-content\/uploads\/2025\/01\/perseguicao-a-cristaos.jpg","type":"image\/jpeg"}],"author":"Luzimara Fernandes","twitter_card":"summary_large_image","twitter_misc":{"Escrito por":"Luzimara Fernandes","Est. tempo de leitura":"6 minutos"},"schema":{"@context":"https:\/\/schema.org","@graph":[{"@type":"Article","@id":"https:\/\/jornalfatosenoticias.com.br\/index.php\/2025\/01\/15\/cuba-e-mexico-sobem-de-posicao-em-ranking-que-mostra-perseguicao-a-cristaos-no-mundo\/#article","isPartOf":{"@id":"https:\/\/jornalfatosenoticias.com.br\/index.php\/2025\/01\/15\/cuba-e-mexico-sobem-de-posicao-em-ranking-que-mostra-perseguicao-a-cristaos-no-mundo\/"},"author":{"name":"Luzimara Fernandes","@id":"https:\/\/jornalfatosenoticias.com.br\/#\/schema\/person\/d63837fa13ac8666eb9e74e0985d6f81"},"headline":"Cuba e M\u00e9xico sobem de posi\u00e7\u00e3o em ranking que mostra persegui\u00e7\u00e3o a crist\u00e3os no mundo","datePublished":"2025-01-15T13:21:41+00:00","dateModified":"2025-01-15T13:21:42+00:00","mainEntityOfPage":{"@id":"https:\/\/jornalfatosenoticias.com.br\/index.php\/2025\/01\/15\/cuba-e-mexico-sobem-de-posicao-em-ranking-que-mostra-perseguicao-a-cristaos-no-mundo\/"},"wordCount":1271,"commentCount":0,"publisher":{"@id":"https:\/\/jornalfatosenoticias.com.br\/#organization"},"image":{"@id":"https:\/\/jornalfatosenoticias.com.br\/index.php\/2025\/01\/15\/cuba-e-mexico-sobem-de-posicao-em-ranking-que-mostra-perseguicao-a-cristaos-no-mundo\/#primaryimage"},"thumbnailUrl":"https:\/\/jornalfatosenoticias.com.br\/wp-content\/uploads\/2025\/01\/perseguicao-a-cristaos.jpg","keywords":["Am\u00e9rica latina","Coreia do Norte","crist\u00e3os","Cuba","igrejas perseguidas","M\u00e9xico","persegui\u00e7\u00e3o","persegui\u00e7\u00e3o a crist\u00e3os no mundo","Portas Abertas"],"articleSection":["Religi\u00e3o"],"inLanguage":"pt-BR","potentialAction":[{"@type":"CommentAction","name":"Comment","target":["https:\/\/jornalfatosenoticias.com.br\/index.php\/2025\/01\/15\/cuba-e-mexico-sobem-de-posicao-em-ranking-que-mostra-perseguicao-a-cristaos-no-mundo\/#respond"]}]},{"@type":"WebPage","@id":"https:\/\/jornalfatosenoticias.com.br\/index.php\/2025\/01\/15\/cuba-e-mexico-sobem-de-posicao-em-ranking-que-mostra-perseguicao-a-cristaos-no-mundo\/","url":"https:\/\/jornalfatosenoticias.com.br\/index.php\/2025\/01\/15\/cuba-e-mexico-sobem-de-posicao-em-ranking-que-mostra-perseguicao-a-cristaos-no-mundo\/","name":"Cuba e M\u00e9xico sobem de posi\u00e7\u00e3o em ranking que mostra persegui\u00e7\u00e3o a crist\u00e3os no mundo - Jornal Fatos e Not\u00edcias","isPartOf":{"@id":"https:\/\/jornalfatosenoticias.com.br\/#website"},"primaryImageOfPage":{"@id":"https:\/\/jornalfatosenoticias.com.br\/index.php\/2025\/01\/15\/cuba-e-mexico-sobem-de-posicao-em-ranking-que-mostra-perseguicao-a-cristaos-no-mundo\/#primaryimage"},"image":{"@id":"https:\/\/jornalfatosenoticias.com.br\/index.php\/2025\/01\/15\/cuba-e-mexico-sobem-de-posicao-em-ranking-que-mostra-perseguicao-a-cristaos-no-mundo\/#primaryimage"},"thumbnailUrl":"https:\/\/jornalfatosenoticias.com.br\/wp-content\/uploads\/2025\/01\/perseguicao-a-cristaos.jpg","datePublished":"2025-01-15T13:21:41+00:00","dateModified":"2025-01-15T13:21:42+00:00","breadcrumb":{"@id":"https:\/\/jornalfatosenoticias.com.br\/index.php\/2025\/01\/15\/cuba-e-mexico-sobem-de-posicao-em-ranking-que-mostra-perseguicao-a-cristaos-no-mundo\/#breadcrumb"},"inLanguage":"pt-BR","potentialAction":[{"@type":"ReadAction","target":["https:\/\/jornalfatosenoticias.com.br\/index.php\/2025\/01\/15\/cuba-e-mexico-sobem-de-posicao-em-ranking-que-mostra-perseguicao-a-cristaos-no-mundo\/"]}]},{"@type":"ImageObject","inLanguage":"pt-BR","@id":"https:\/\/jornalfatosenoticias.com.br\/index.php\/2025\/01\/15\/cuba-e-mexico-sobem-de-posicao-em-ranking-que-mostra-perseguicao-a-cristaos-no-mundo\/#primaryimage","url":"https:\/\/jornalfatosenoticias.com.br\/wp-content\/uploads\/2025\/01\/perseguicao-a-cristaos.jpg","contentUrl":"https:\/\/jornalfatosenoticias.com.br\/wp-content\/uploads\/2025\/01\/perseguicao-a-cristaos.jpg","width":1000,"height":643},{"@type":"BreadcrumbList","@id":"https:\/\/jornalfatosenoticias.com.br\/index.php\/2025\/01\/15\/cuba-e-mexico-sobem-de-posicao-em-ranking-que-mostra-perseguicao-a-cristaos-no-mundo\/#breadcrumb","itemListElement":[{"@type":"ListItem","position":1,"name":"In\u00edcio","item":"https:\/\/jornalfatosenoticias.com.br\/"},{"@type":"ListItem","position":2,"name":"Cuba e M\u00e9xico sobem de posi\u00e7\u00e3o em ranking que mostra persegui\u00e7\u00e3o a crist\u00e3os no mundo"}]},{"@type":"WebSite","@id":"https:\/\/jornalfatosenoticias.com.br\/#website","url":"https:\/\/jornalfatosenoticias.com.br\/","name":"Jornal Fatos e Not\u00edcias","description":"Not\u00edcias em geral","publisher":{"@id":"https:\/\/jornalfatosenoticias.com.br\/#organization"},"potentialAction":[{"@type":"SearchAction","target":{"@type":"EntryPoint","urlTemplate":"https:\/\/jornalfatosenoticias.com.br\/?s={search_term_string}"},"query-input":{"@type":"PropertyValueSpecification","valueRequired":true,"valueName":"search_term_string"}}],"inLanguage":"pt-BR"},{"@type":"Organization","@id":"https:\/\/jornalfatosenoticias.com.br\/#organization","name":"Jornal Fatos e Not\u00edcias","url":"https:\/\/jornalfatosenoticias.com.br\/","logo":{"@type":"ImageObject","inLanguage":"pt-BR","@id":"https:\/\/jornalfatosenoticias.com.br\/#\/schema\/logo\/image\/","url":"https:\/\/jornalfatosenoticias.com.br\/wp-content\/uploads\/2020\/02\/logo120.png","contentUrl":"https:\/\/jornalfatosenoticias.com.br\/wp-content\/uploads\/2020\/02\/logo120.png","width":1227,"height":120,"caption":"Jornal Fatos e Not\u00edcias"},"image":{"@id":"https:\/\/jornalfatosenoticias.com.br\/#\/schema\/logo\/image\/"}},{"@type":"Person","@id":"https:\/\/jornalfatosenoticias.com.br\/#\/schema\/person\/d63837fa13ac8666eb9e74e0985d6f81","name":"Luzimara Fernandes","image":{"@type":"ImageObject","inLanguage":"pt-BR","@id":"https:\/\/jornalfatosenoticias.com.br\/#\/schema\/person\/image\/","url":"https:\/\/jornalfatosenoticias.com.br\/wp-content\/uploads\/2025\/05\/EU_portal.jpg","contentUrl":"https:\/\/jornalfatosenoticias.com.br\/wp-content\/uploads\/2025\/05\/EU_portal.jpg","caption":"Luzimara Fernandes"},"description":"Jornalista MTB 2358-ES","sameAs":["https:\/\/jornalfatosenoticias.com.br"],"url":"https:\/\/jornalfatosenoticias.com.br\/index.php\/author\/luzimara\/"}]}},"cc_featured_image_caption":{"caption_text":"(Foto: BramG\/Portas Abertas)","source_text":"","source_url":""},"jetpack_featured_media_url":"https:\/\/jornalfatosenoticias.com.br\/wp-content\/uploads\/2025\/01\/perseguicao-a-cristaos.jpg","_links":{"self":[{"href":"https:\/\/jornalfatosenoticias.com.br\/index.php\/wp-json\/wp\/v2\/posts\/56856","targetHints":{"allow":["GET"]}}],"collection":[{"href":"https:\/\/jornalfatosenoticias.com.br\/index.php\/wp-json\/wp\/v2\/posts"}],"about":[{"href":"https:\/\/jornalfatosenoticias.com.br\/index.php\/wp-json\/wp\/v2\/types\/post"}],"author":[{"embeddable":true,"href":"https:\/\/jornalfatosenoticias.com.br\/index.php\/wp-json\/wp\/v2\/users\/2"}],"replies":[{"embeddable":true,"href":"https:\/\/jornalfatosenoticias.com.br\/index.php\/wp-json\/wp\/v2\/comments?post=56856"}],"version-history":[{"count":0,"href":"https:\/\/jornalfatosenoticias.com.br\/index.php\/wp-json\/wp\/v2\/posts\/56856\/revisions"}],"wp:featuredmedia":[{"embeddable":true,"href":"https:\/\/jornalfatosenoticias.com.br\/index.php\/wp-json\/wp\/v2\/media\/56858"}],"wp:attachment":[{"href":"https:\/\/jornalfatosenoticias.com.br\/index.php\/wp-json\/wp\/v2\/media?parent=56856"}],"wp:term":[{"taxonomy":"category","embeddable":true,"href":"https:\/\/jornalfatosenoticias.com.br\/index.php\/wp-json\/wp\/v2\/categories?post=56856"},{"taxonomy":"post_tag","embeddable":true,"href":"https:\/\/jornalfatosenoticias.com.br\/index.php\/wp-json\/wp\/v2\/tags?post=56856"}],"curies":[{"name":"wp","href":"https:\/\/api.w.org\/{rel}","templated":true}]}}