{"id":56876,"date":"2025-01-16T14:48:15","date_gmt":"2025-01-16T17:48:15","guid":{"rendered":"https:\/\/jornalfatosenoticias.com.br\/?p=56876"},"modified":"2025-01-16T14:48:16","modified_gmt":"2025-01-16T17:48:16","slug":"a-importancia-do-setor-metalmecanico-no-desenvolvimento-industrial-do-es","status":"publish","type":"post","link":"https:\/\/jornalfatosenoticias.com.br\/index.php\/2025\/01\/16\/a-importancia-do-setor-metalmecanico-no-desenvolvimento-industrial-do-es\/","title":{"rendered":"A import\u00e2ncia do setor metalmec\u00e2nico no desenvolvimento industrial do ES"},"content":{"rendered":"\n<p><em><span class=\"has-inline-color has-black-color\">Evandro Milet, presidente CDMEC<\/span><\/em><\/p>\n\n\n\n<div class=\"wp-block-image\"><figure class=\"aligncenter size-large\"><a href=\"https:\/\/mizu.com.br\/\"><img loading=\"lazy\" decoding=\"async\" width=\"729\" height=\"90\" src=\"https:\/\/jornalfatosenoticias.com.br\/wp-content\/uploads\/2020\/02\/Logo_Mizu.png\" alt=\"\" class=\"wp-image-1441\" srcset=\"https:\/\/jornalfatosenoticias.com.br\/wp-content\/uploads\/2020\/02\/Logo_Mizu.png 729w, https:\/\/jornalfatosenoticias.com.br\/wp-content\/uploads\/2020\/02\/Logo_Mizu-300x37.png 300w\" sizes=\"auto, (max-width: 729px) 100vw, 729px\" \/><\/a><figcaption>https:\/\/mizu.com.br\/<\/figcaption><\/figure><\/div>\n\n\n\n<p>O setor metalmec\u00e2nico \u00e9 um dos mais fortes da economia capixaba, respondendo por mais de 20% do PIB do Esp\u00edrito Santo. Com R$ 100 bilh\u00f5es de investimentos previstos para os pr\u00f3ximos anos \u2014 oriundos da iniciativa privada em setores como o de petr\u00f3leo e g\u00e1s, de minera\u00e7\u00e3o, de siderurgia, de papel e celulose, infraestrutura, energia e ind\u00fastria em geral \u2014 o setor \u00e9 essencial para garantir o crescimento da ind\u00fastria de base que sustenta muitas outras atividades econ\u00f4micas.<br>Para falar sobre a significativa participa\u00e7\u00e3o do metalmec\u00e2nico no PIB industrial capixaba, o jornal <strong><span class=\"has-inline-color has-black-color\"><em>Fatos &amp; Not\u00edcias, <\/em><\/span><\/strong>trouxe para a edi\u00e7\u00e3o da semana uma entrevista com Evandro Milet, presidente do Centro Capixaba de Desenvolvimento Metalmec\u00e2nico (CDMEC), que explana um pouco do setor e das a\u00e7\u00f5es da institui\u00e7\u00e3o no processo de desenvolvimento e transforma\u00e7\u00e3o industrial do Estado.<\/p>\n\n\n\n<div class=\"wp-block-image\"><figure class=\"aligncenter size-large is-resized\"><a href=\"https:\/\/www.ithbrasil.com.br\/\"><img loading=\"lazy\" decoding=\"async\" src=\"https:\/\/jornalfatosenoticias.com.br\/wp-content\/uploads\/2023\/08\/ITH.jpeg\" alt=\"\" class=\"wp-image-44638\" width=\"314\" height=\"255\" srcset=\"https:\/\/jornalfatosenoticias.com.br\/wp-content\/uploads\/2023\/08\/ITH.jpeg 800w, https:\/\/jornalfatosenoticias.com.br\/wp-content\/uploads\/2023\/08\/ITH-300x244.jpeg 300w, https:\/\/jornalfatosenoticias.com.br\/wp-content\/uploads\/2023\/08\/ITH-768x624.jpeg 768w\" sizes=\"auto, (max-width: 314px) 100vw, 314px\" \/><\/a><\/figure><\/div>\n\n\n\n<p><strong><span class=\"has-inline-color has-black-color\">Haroldo Filho &#8211; Qual a import\u00e2ncia e o papel do CDMEC no fortalecimento do setor industrial do Esp\u00edrito Santo?<br><\/span><em>Evandro Milet &#8211; <\/em><\/strong>o setor industrial, incluindo, principalmente, as grandes empresas do Esp\u00edrito Santo, utiliza normalmente o setor de metalmec\u00e2nica capixaba como fornecedor. Ele foi criado para atender \u00e0s grandes empresas. Aracruz Celulose, CST, Vale e Samarco, tiveram que fomentar a forma\u00e7\u00e3o de empresas fornecedoras locais no seu in\u00edcio e, a partir dos processos de privatiza\u00e7\u00e3o, ampliaram esse fomento com uma terceiriza\u00e7\u00e3o envolvendo v\u00e1rios antigos empregados.<\/p>\n\n\n\n<div class=\"wp-block-image\"><figure class=\"aligncenter size-large\"><a href=\"https:\/\/www.facebook.com\/vetor.vix\/\"><img loading=\"lazy\" decoding=\"async\" width=\"1024\" height=\"273\" src=\"https:\/\/jornalfatosenoticias.com.br\/wp-content\/uploads\/2023\/09\/vetorvix1024_1.jpg\" alt=\"\" class=\"wp-image-44868\" srcset=\"https:\/\/jornalfatosenoticias.com.br\/wp-content\/uploads\/2023\/09\/vetorvix1024_1.jpg 1024w, https:\/\/jornalfatosenoticias.com.br\/wp-content\/uploads\/2023\/09\/vetorvix1024_1-300x80.jpg 300w, https:\/\/jornalfatosenoticias.com.br\/wp-content\/uploads\/2023\/09\/vetorvix1024_1-768x205.jpg 768w\" sizes=\"auto, (max-width: 1024px) 100vw, 1024px\" \/><\/a><\/figure><\/div>\n\n\n\n<p>Muitas delas cresceram e atualmente oferecem produtos e servi\u00e7os Brasil afora e at\u00e9 para o exterior, acompanhando os setores de minera\u00e7\u00e3o, siderurgia e celulose em sua expans\u00e3o. O CDMEC tem o papel de promover a inova\u00e7\u00e3o dessas empresas, bem como a muitas outras prestadoras de servi\u00e7os de todos os tipos, suas associadas. Todas elas precisam de inova\u00e7\u00e3o para se manterem no mercado. A ideia \u00e9 que o CDMEC forne\u00e7a treinamentos, capacita\u00e7\u00f5es, palestras, miss\u00f5es, eventos, workshops para que as empresas se renovem e inovem na presta\u00e7\u00e3o de servi\u00e7os, essa \u00e9 nossa principal raz\u00e3o de ser.<\/p>\n\n\n\n<div class=\"wp-block-image\"><figure class=\"aligncenter size-large\"><img loading=\"lazy\" decoding=\"async\" width=\"1000\" height=\"666\" src=\"https:\/\/jornalfatosenoticias.com.br\/wp-content\/uploads\/2025\/01\/metalmecanica_freepik.jpg\" alt=\"\" class=\"wp-image-56877\" srcset=\"https:\/\/jornalfatosenoticias.com.br\/wp-content\/uploads\/2025\/01\/metalmecanica_freepik.jpg 1000w, https:\/\/jornalfatosenoticias.com.br\/wp-content\/uploads\/2025\/01\/metalmecanica_freepik-300x200.jpg 300w, https:\/\/jornalfatosenoticias.com.br\/wp-content\/uploads\/2025\/01\/metalmecanica_freepik-768x511.jpg 768w\" sizes=\"auto, (max-width: 1000px) 100vw, 1000px\" \/><figcaption><em><span class=\"has-inline-color has-black-color\">(Foto: Freepik)<\/span><\/em><\/figcaption><\/figure><\/div>\n\n\n\n<p><strong><span class=\"has-inline-color has-black-color\">O senhor acredita que a \u00e1rea deve ter ainda mais destaque, contribuindo para a economia do Estado dos pr\u00f3ximos anos?<br><\/span><\/strong>O setor metalmec\u00e2nico, de forma geral, est\u00e1 associado ao crescimento das ind\u00fastrias de minera\u00e7\u00e3o, siderurgia, petr\u00f3leo e g\u00e1s, papel e celulose. Setores que, historicamente, s\u00e3o atuantes no Esp\u00edrito Santo. No caso do petr\u00f3leo e g\u00e1s, a participa\u00e7\u00e3o \u00e9 menor, mas h\u00e1 uma perspectiva, uma inten\u00e7\u00e3o de aumentar a participa\u00e7\u00e3o neste setor. Temos uma grande explora\u00e7\u00e3o de petr\u00f3leo e g\u00e1s na nossa costa que ainda n\u00e3o conta com uma presen\u00e7a forte do setor metalomec\u00e2nico capixaba como prestador de servi\u00e7os. Algumas articula\u00e7\u00f5es tamb\u00e9m est\u00e3o sendo feitas, principalmente no \u00e2mbito do projeto feito com o Programa de Desenvolvimento de Fornecedores, o PDF, para que possamos nos aproximar cada vez mais das grandes empresas.<\/p>\n\n\n\n<div class=\"wp-block-image\"><figure class=\"aligncenter size-large is-resized\"><a href=\"https:\/\/www.controlsystems.com.br\/\"><img loading=\"lazy\" decoding=\"async\" src=\"https:\/\/jornalfatosenoticias.com.br\/wp-content\/uploads\/2020\/02\/CONTROL-CS.jpg\" alt=\"\" class=\"wp-image-44991\" width=\"267\" height=\"320\" srcset=\"https:\/\/jornalfatosenoticias.com.br\/wp-content\/uploads\/2020\/02\/CONTROL-CS.jpg 834w, https:\/\/jornalfatosenoticias.com.br\/wp-content\/uploads\/2020\/02\/CONTROL-CS-250x300.jpg 250w, https:\/\/jornalfatosenoticias.com.br\/wp-content\/uploads\/2020\/02\/CONTROL-CS-768x921.jpg 768w\" sizes=\"auto, (max-width: 267px) 100vw, 267px\" \/><\/a><\/figure><\/div>\n\n\n\n<p>No ano passado, n\u00f3s tivemos uma rela\u00e7\u00e3o muito boa com a Vale e a Arcelor Mittal, incluindo reuni\u00f5es peri\u00f3dicas com v\u00e1rios gerentes dessas companhias apresentando informa\u00e7\u00f5es sobre o quanto compram de empresas capixabas e de fora. Essas informa\u00e7\u00f5es s\u00e3o passadas de tal forma que as empresas locais possam perceber as oportunidades de neg\u00f3cio, supridas, hoje, por fornecedores de fora do estado. Essas informa\u00e7\u00f5es s\u00e3o fundamentais. Em meio a isso tudo, o CDMEC est\u00e1 ampliando o trabalho com a Vale, com a ArcelorMittal, com a Samarco e com a Suzano e, certamente, vai ampliar com a Petrobras, que tem um crescimento de oportunidade grande. Eu acho que tem muita coisa para acontecer nos pr\u00f3ximos anos no Esp\u00edrito Santo.<\/p>\n\n\n\n<div class=\"wp-block-image\"><figure class=\"aligncenter size-large\"><a href=\"http:\/\/www.ferrarimaquinas.com.br\/\"><img loading=\"lazy\" decoding=\"async\" width=\"300\" height=\"250\" src=\"https:\/\/jornalfatosenoticias.com.br\/wp-content\/uploads\/2022\/02\/FERRARI_MAQUINAS-E-FERRAMENTAS2.jpg\" alt=\"\" class=\"wp-image-27860\"\/><\/a><\/figure><\/div>\n\n\n\n<p><strong><span class=\"has-inline-color has-black-color\">De que forma o CDMEC vem contribuindo na capacita\u00e7\u00e3o das pessoas para atender \u00e0s necessidades do setor?<br><\/span><\/strong>N\u00f3s temos uma s\u00e9rie de projetos de treinamento que est\u00e3o sendo executados e outros projetados para este ano. Por exemplo, temos o compromisso de oferecer 10 cursos de capacita\u00e7\u00e3o para todas as \u00e1reas da ind\u00fastria at\u00e9 o final de 2025. Vamos realizar oito palestras e workshop de alto impacto sobre tend\u00eancias tecnol\u00f3gicas de inova\u00e7\u00e3o tamb\u00e9m neste ano e vamos fazer miss\u00f5es a empresas relacionadas com o setor de metalmec\u00e2nica.<\/p>\n\n\n\n<div class=\"wp-block-image\"><figure class=\"aligncenter size-large is-resized\"><a href=\"https:\/\/www.instagram.com\/vmais.midias\/\"><img loading=\"lazy\" decoding=\"async\" src=\"https:\/\/jornalfatosenoticias.com.br\/wp-content\/uploads\/2020\/02\/DE-MAIS-DESTAQUE-VMAIS-800X700.png\" alt=\"\" class=\"wp-image-53112\" width=\"306\" height=\"267\" srcset=\"https:\/\/jornalfatosenoticias.com.br\/wp-content\/uploads\/2020\/02\/DE-MAIS-DESTAQUE-VMAIS-800X700.png 800w, https:\/\/jornalfatosenoticias.com.br\/wp-content\/uploads\/2020\/02\/DE-MAIS-DESTAQUE-VMAIS-800X700-300x263.png 300w, https:\/\/jornalfatosenoticias.com.br\/wp-content\/uploads\/2020\/02\/DE-MAIS-DESTAQUE-VMAIS-800X700-768x672.png 768w\" sizes=\"auto, (max-width: 306px) 100vw, 306px\" \/><\/a><\/figure><\/div>\n\n\n\n<p>Estamos planejando um workshop sobre retrofit, para ensinar o setor a converter, quando poss\u00edvel, m\u00e1quinas anal\u00f3gicas em digitais, estamos articulando v\u00e1rios cursos de v\u00e1lvulas de seguran\u00e7a, fizemos e faremos semin\u00e1rios e eventos sobre metrologia, manuten\u00e7\u00e3o, intelig\u00eancia artificial e gest\u00e3o de projetos. E estamos trazendo as grandes empresas para participarem dos nossos eventos. O CDMEC, sem d\u00favida, vem contribuindo com a capacita\u00e7\u00e3o de seus associados.<\/p>\n\n\n\n<div class=\"wp-block-image\"><figure class=\"aligncenter size-large\"><a href=\"https:\/\/cesconetto.com.br\/\"><img loading=\"lazy\" decoding=\"async\" width=\"300\" height=\"250\" src=\"https:\/\/jornalfatosenoticias.com.br\/wp-content\/uploads\/2022\/02\/Banner-2.png\" alt=\"\" class=\"wp-image-27877\"\/><\/a><\/figure><\/div>\n\n\n\n<p><strong><span class=\"has-inline-color has-black-color\">Quais s\u00e3o os principais desafios do setor metalmec\u00e2nico capixaba?<br><\/span><\/strong>Eu acho que o grande desafio \u00e9 sair do Estado, exportar nosso trabalho para outras unidades da federa\u00e7\u00e3o e at\u00e9 internacionalmente. Embora algumas empresas nossas estejam come\u00e7ando a \u201cbeliscar\u201d o mercado externo, ainda h\u00e1 muito o que fazer. O Esp\u00edrito Santo representa por volta de 2% do PIB nacional, ent\u00e3o o grande mercado est\u00e1 fora daqui. Nas \u00e1reas de minera\u00e7\u00e3o, siderurgia e celulose as empresas capixabas de metalmec\u00e2nica j\u00e1 est\u00e3o fazendo muita coisa fora do Estado, grandes projetos j\u00e1 contam com empresas capixabas no seu desenvolvimento, na implanta\u00e7\u00e3o de novos produtos ou na manuten\u00e7\u00e3o.<\/p>\n\n\n\n<div class=\"wp-block-image\"><figure class=\"aligncenter size-large is-resized\"><a href=\"https:\/\/www.instagram.com\/rcradiadores\/\"><img loading=\"lazy\" decoding=\"async\" src=\"https:\/\/jornalfatosenoticias.com.br\/wp-content\/uploads\/2022\/10\/RC_800x750_page-0001.jpg\" alt=\"\" class=\"wp-image-35338\" width=\"299\" height=\"280\" srcset=\"https:\/\/jornalfatosenoticias.com.br\/wp-content\/uploads\/2022\/10\/RC_800x750_page-0001.jpg 400w, https:\/\/jornalfatosenoticias.com.br\/wp-content\/uploads\/2022\/10\/RC_800x750_page-0001-300x281.jpg 300w\" sizes=\"auto, (max-width: 299px) 100vw, 299px\" \/><\/a><\/figure><\/div>\n\n\n\n<p>Muitas empresas aprenderam aqui e est\u00e3o replicando o trabalho em outras regi\u00f5es do Brasil. Ent\u00e3o o desafio, agora, \u00e9 crescer fora do Estado e se atualizar tecnologicamente, porque as exig\u00eancias de inova\u00e7\u00e3o s\u00e3o grandes. Todas as grandes empresas, nacionais e multinacionais, est\u00e3o pressionadas pela concorr\u00eancia e, se o setor metalmec\u00e2nico capixaba n\u00e3o reduzir custos, n\u00e3o aperfei\u00e7oar seus processos, n\u00e3o inovar, vai perder mercado. Para poder disputar no mercado mundial de celulose, de placas de a\u00e7o, de minera\u00e7\u00e3o, de pelotas elas t\u00eam que se preparar.<\/p>\n\n\n\n<div class=\"wp-block-image\"><figure class=\"aligncenter size-large\"><img loading=\"lazy\" decoding=\"async\" width=\"1000\" height=\"647\" src=\"https:\/\/jornalfatosenoticias.com.br\/wp-content\/uploads\/2025\/01\/Evandro-Milet_Haroldo.jpg\" alt=\"\" class=\"wp-image-56878\" srcset=\"https:\/\/jornalfatosenoticias.com.br\/wp-content\/uploads\/2025\/01\/Evandro-Milet_Haroldo.jpg 1000w, https:\/\/jornalfatosenoticias.com.br\/wp-content\/uploads\/2025\/01\/Evandro-Milet_Haroldo-300x194.jpg 300w, https:\/\/jornalfatosenoticias.com.br\/wp-content\/uploads\/2025\/01\/Evandro-Milet_Haroldo-768x497.jpg 768w, https:\/\/jornalfatosenoticias.com.br\/wp-content\/uploads\/2025\/01\/Evandro-Milet_Haroldo-880x570.jpg 880w\" sizes=\"auto, (max-width: 1000px) 100vw, 1000px\" \/><figcaption><em><span class=\"has-inline-color has-black-color\">Evandro Milet e Haroldo Filho (Foto: Haroldo Filho\/F&amp;N)<\/span><\/em><\/figcaption><\/figure><\/div>\n\n\n\n<p><strong><span class=\"has-inline-color has-black-color\">O que fazer para fomentar o crescimento do setor nas outras regi\u00f5es do Estado e qual seria a participa\u00e7\u00e3o dos \u00f3rg\u00e3os governamentais no processo?<br><\/span><\/strong>Para fomentar o crescimento das outras regi\u00f5es, al\u00e9m da moderniza\u00e7\u00e3o, como comentei acima, tamb\u00e9m \u00e9 preciso buscar informa\u00e7\u00f5es e contatos, como fazemos junto ao PDF, na busca de informa\u00e7\u00f5es sobre as empresas que querem investir no Esp\u00edrito Santo. \u00c9 fundamental se manter inteirado sobre grandes projetos que possam vir para c\u00e1 e, de alguma forma, quebrar a cadeia de fornecedores de fora, fazendo uma conex\u00e3o com a cadeia local. Outra a\u00e7\u00e3o, refere-se ao contato com empresas que est\u00e3o fora do Estado, conhecer seus processos e demandas para poder competir de igual para igual. Muitos desses projetos novos, que surgem Brasil afora, disponibilizam informa\u00e7\u00f5es que, se o setor metalmec\u00e2nico n\u00e3o conhecer antecipadamente, ficar\u00e1 exclu\u00eddo, pois quando ele for lan\u00e7ado, a concorr\u00eancia j\u00e1 se antecipou e ocupou o espa\u00e7o.<\/p>\n\n\n\n<div class=\"wp-block-image\"><figure class=\"aligncenter size-large is-resized\"><a href=\"https:\/\/www.instagram.com\/serra4x4cambioautomatico\/\"><img loading=\"lazy\" decoding=\"async\" src=\"https:\/\/jornalfatosenoticias.com.br\/wp-content\/uploads\/2024\/08\/Serra-4x4-1-886x1024.jpg\" alt=\"\" class=\"wp-image-53632\" width=\"279\" height=\"323\" srcset=\"https:\/\/jornalfatosenoticias.com.br\/wp-content\/uploads\/2024\/08\/Serra-4x4-1-886x1024.jpg 886w, https:\/\/jornalfatosenoticias.com.br\/wp-content\/uploads\/2024\/08\/Serra-4x4-1-260x300.jpg 260w, https:\/\/jornalfatosenoticias.com.br\/wp-content\/uploads\/2024\/08\/Serra-4x4-1-768x888.jpg 768w, https:\/\/jornalfatosenoticias.com.br\/wp-content\/uploads\/2024\/08\/Serra-4x4-1.jpg 1181w\" sizes=\"auto, (max-width: 279px) 100vw, 279px\" \/><\/a><\/figure><\/div>\n\n\n\n<p>\u00c9 poss\u00edvel, tamb\u00e9m, ter a participa\u00e7\u00e3o de \u00f3rg\u00e3os governamentais na atra\u00e7\u00e3o de empresas para c\u00e1. A Secretaria de Desenvolvimento \u00e9 entidade fundamental para discutir a implanta\u00e7\u00e3o de projetos no Esp\u00edrito Santo, a participa\u00e7\u00e3o do processo e incentivos fiscais, por isso, a proximidade com \u00f3rg\u00e3os governamentais. Outras entidades p\u00fablicas tamb\u00e9m podem ajudar, trazendo informa\u00e7\u00f5es sobre o que est\u00e1 acontecendo no Brasil em rela\u00e7\u00e3o a outros projetos importantes, em outros estados, para podermos nos capacitar conforme a demanda. Empresas que est\u00e3o aqui t\u00eam liga\u00e7\u00f5es fora do Estado, a Suzano tem liga\u00e7\u00e3o com S\u00e3o Paulo, Maranh\u00e3o e Mato Grosso, por exemplo.<\/p>\n\n\n\n<div class=\"wp-block-image\"><figure class=\"aligncenter size-large is-resized\"><a href=\"https:\/\/www.facebook.com\/postobkr\/?locale=pt_BR\"><img loading=\"lazy\" decoding=\"async\" src=\"https:\/\/jornalfatosenoticias.com.br\/wp-content\/uploads\/2023\/08\/BKR-1024x1021.jpg\" alt=\"\" class=\"wp-image-44494\" width=\"290\" height=\"289\" srcset=\"https:\/\/jornalfatosenoticias.com.br\/wp-content\/uploads\/2023\/08\/BKR-1024x1021.jpg 1024w, https:\/\/jornalfatosenoticias.com.br\/wp-content\/uploads\/2023\/08\/BKR-300x300.jpg 300w, https:\/\/jornalfatosenoticias.com.br\/wp-content\/uploads\/2023\/08\/BKR-150x150.jpg 150w, https:\/\/jornalfatosenoticias.com.br\/wp-content\/uploads\/2023\/08\/BKR-768x766.jpg 768w, https:\/\/jornalfatosenoticias.com.br\/wp-content\/uploads\/2023\/08\/BKR.jpg 1080w\" sizes=\"auto, (max-width: 290px) 100vw, 290px\" \/><\/a><\/figure><\/div>\n\n\n\n<p>A Vale \u00e9 uma dessas empresas que est\u00e1 presente em v\u00e1rios estados. Ela tem f\u00e1bricas, processos industriais e equipamentos que, se tivermos as informa\u00e7\u00f5es necess\u00e1rias, poderemos nos preparar para atend\u00ea-los l\u00e1 fora tamb\u00e9m. A ArcelorMittal tamb\u00e9m est\u00e1 em Santa Catarina, Rio, Minas e, mais recentemente, no Cear\u00e1, em Pec\u00e9m. V\u00e1rias empresas capixabas, por conta da proximidade com estas empresas, est\u00e3o se habilitando para fornecer servi\u00e7os para elas. Desta forma, \u00e9 mais f\u00e1cil chegar nesses estados e participar dos processos. Isso j\u00e1 tem acontecido, mas tem muito mais espa\u00e7o para conquistar.<\/p>\n\n\n\n<div class=\"wp-block-image\"><figure class=\"aligncenter size-large is-resized\"><a href=\"https:\/\/panper.com.br\/\"><img loading=\"lazy\" decoding=\"async\" src=\"https:\/\/jornalfatosenoticias.com.br\/wp-content\/uploads\/2023\/03\/logo-Panper_portal.jpg\" alt=\"\" class=\"wp-image-40208\" width=\"333\" height=\"230\" srcset=\"https:\/\/jornalfatosenoticias.com.br\/wp-content\/uploads\/2023\/03\/logo-Panper_portal.jpg 400w, https:\/\/jornalfatosenoticias.com.br\/wp-content\/uploads\/2023\/03\/logo-Panper_portal-300x208.jpg 300w\" sizes=\"auto, (max-width: 333px) 100vw, 333px\" \/><\/a><\/figure><\/div>\n\n\n\n<p><strong><span class=\"has-inline-color has-black-color\">Como se encontra o setor no cen\u00e1rio nacional e o que seria necess\u00e1rio para alcan\u00e7ar destaque internacional?<br><\/span><\/strong>O cen\u00e1rio internacional \u00e9 uma quest\u00e3o de ousadia para tentar ocup\u00e1-lo. Uma ou outra empresa capixaba j\u00e1 come\u00e7ou a colocar o p\u00e9 nos Estados Unidos. Algumas est\u00e3o operando em projetos espec\u00edficos, a Vale tem investimentos no exterior, a Suzano e a Arcelor, tamb\u00e9m. A Arcelor, por exemplo, leva profissionais daqui para outros estados, para outros pa\u00edses. A planta de Tubar\u00e3o \u00e9 considerada uma das melhores do mundo em produtividade ent\u00e3o, acaba levando alguns expoentes daqui para operar internacionalmente. A Arcelor tamb\u00e9m tem muitos capixabas no Cear\u00e1 e em Luxemburgo. E se essas empresas levam profissionais, podem levar as empresas fornecedoras, \u00e9 uma quest\u00e3o de articula\u00e7\u00e3o, mas, num primeiro momento, o ideal \u00e9 que as empresas do setor metalmec\u00e2nico se espalhem pelo Brasil, onde h\u00e1 muita oportunidade de trabalho.<\/p>\n\n\n\n<div class=\"wp-block-image\"><figure class=\"aligncenter size-large\"><img loading=\"lazy\" decoding=\"async\" width=\"612\" height=\"408\" src=\"https:\/\/jornalfatosenoticias.com.br\/wp-content\/uploads\/2025\/01\/metalmecanica_istock.jpg\" alt=\"\" class=\"wp-image-56879\" srcset=\"https:\/\/jornalfatosenoticias.com.br\/wp-content\/uploads\/2025\/01\/metalmecanica_istock.jpg 612w, https:\/\/jornalfatosenoticias.com.br\/wp-content\/uploads\/2025\/01\/metalmecanica_istock-300x200.jpg 300w\" sizes=\"auto, (max-width: 612px) 100vw, 612px\" \/><figcaption><em><span class=\"has-inline-color has-black-color\">(Foto: iStock)<\/span><\/em><\/figcaption><\/figure><\/div>\n\n\n\n<p><strong><span class=\"has-inline-color has-black-color\">Fala-se muito de pesquisa, desenvolvimento e inova\u00e7\u00e3o. Afinal, qual a import\u00e2ncia desse trip\u00e9 para o desenvolvimento do setor?<br><\/span><\/strong>A import\u00e2ncia \u00e9 permanente. Hoje, todas as grandes empresas est\u00e3o voltadas para a inova\u00e7\u00e3o tecnol\u00f3gica; a intelig\u00eancia artificial est\u00e1 alterando o processo produtivo no mundo inteiro. Todo mundo est\u00e1 estudando sobre como introduzir intelig\u00eancia artificial nos seus processos, como introduzir a rob\u00f3tica, como conectar \u00e0 internet das coisas, seja para produ\u00e7\u00e3o em si, seja para prevenir problemas ambientais e, da mesma forma, a vis\u00e3o computacional. Hoje \u00e9 poss\u00edvel usar drones para identificar e evitar a corros\u00e3o dentro de uma empresa em alturas antes s\u00f3 atingidas com alpinismo. \u00c9 uma outra forma de chegar em pontos de dif\u00edcil acesso. Voc\u00ea usa a internet das coisas (IoT) para evitar cabeamento de sensores dentro da empresa. Hoje em dia t\u00eam sensores de todo tipo para colocar nas empresas. Ent\u00e3o, a inova\u00e7\u00e3o \u00e9 fundamental para a redu\u00e7\u00e3o de custo do processo e para aumento de competitividade das empresas.<\/p>\n\n\n\n<div class=\"wp-block-image\"><figure class=\"aligncenter size-large is-resized\"><a href=\"https:\/\/www.legisjuris.com.br\/\"><img loading=\"lazy\" decoding=\"async\" src=\"https:\/\/jornalfatosenoticias.com.br\/wp-content\/uploads\/2024\/09\/Legis-Juris-Consultoria_logo.jpg\" alt=\"\" class=\"wp-image-53915\" width=\"420\" height=\"176\" srcset=\"https:\/\/jornalfatosenoticias.com.br\/wp-content\/uploads\/2024\/09\/Legis-Juris-Consultoria_logo.jpg 969w, https:\/\/jornalfatosenoticias.com.br\/wp-content\/uploads\/2024\/09\/Legis-Juris-Consultoria_logo-300x126.jpg 300w, https:\/\/jornalfatosenoticias.com.br\/wp-content\/uploads\/2024\/09\/Legis-Juris-Consultoria_logo-768x322.jpg 768w\" sizes=\"auto, (max-width: 420px) 100vw, 420px\" \/><\/a><\/figure><\/div>\n\n\n\n<p><strong><span class=\"has-inline-color has-black-color\">O CDMEC conta com quantos associados?<br><\/span><\/strong>Contando com os mantenedores e apoiadores temos cerca de 100 empresas parceiras associadas. Muitas delas s\u00e3o fornecedores espec\u00edficos de metalmec\u00e2nica, outras prestam servi\u00e7o para o setor. Elas s\u00e3o o nosso p\u00fablico de atendimento.<\/p>\n\n\n\n<div class=\"wp-block-image\"><figure class=\"aligncenter size-large is-resized\"><a href=\"https:\/\/www.facebook.com\/profile.php?id=100069289606145\"><img loading=\"lazy\" decoding=\"async\" src=\"https:\/\/jornalfatosenoticias.com.br\/wp-content\/uploads\/2024\/11\/Guaitolini-Contabilidade-1024x714.jpeg\" alt=\"\" class=\"wp-image-55808\" width=\"348\" height=\"243\" srcset=\"https:\/\/jornalfatosenoticias.com.br\/wp-content\/uploads\/2024\/11\/Guaitolini-Contabilidade-1024x714.jpeg 1024w, https:\/\/jornalfatosenoticias.com.br\/wp-content\/uploads\/2024\/11\/Guaitolini-Contabilidade-300x209.jpeg 300w, https:\/\/jornalfatosenoticias.com.br\/wp-content\/uploads\/2024\/11\/Guaitolini-Contabilidade-768x535.jpeg 768w, https:\/\/jornalfatosenoticias.com.br\/wp-content\/uploads\/2024\/11\/Guaitolini-Contabilidade.jpeg 1280w\" sizes=\"auto, (max-width: 348px) 100vw, 348px\" \/><\/a><\/figure><\/div>\n\n\n\n<p>Finalizando, eu acho que n\u00f3s temos pela frente um ano desafiador, estamos dispostos e empenhados em fazer um planejamento estrat\u00e9gico que ser\u00e1 definido com a diretoria no in\u00edcio do ano, para poder trabalhar nossas metas, com toda a diretoria envolvida e, com isso, oferecermos muita capacita\u00e7\u00e3o, treinamentos, workshop, novas informa\u00e7\u00f5es e tecnologias necess\u00e1rias para a competitividade das empresas do setor metalomec\u00e2nico capixaba.<\/p>\n\n\n\n<div class=\"wp-block-image\"><figure class=\"aligncenter size-large is-resized\"><a href=\"https:\/\/hotelmarquetti.com.br\/\"><img loading=\"lazy\" decoding=\"async\" src=\"https:\/\/jornalfatosenoticias.com.br\/wp-content\/uploads\/2023\/03\/nova-logo-Marquetti.jpg\" alt=\"\" class=\"wp-image-40207\" width=\"306\" height=\"206\" srcset=\"https:\/\/jornalfatosenoticias.com.br\/wp-content\/uploads\/2023\/03\/nova-logo-Marquetti.jpg 643w, https:\/\/jornalfatosenoticias.com.br\/wp-content\/uploads\/2023\/03\/nova-logo-Marquetti-300x202.jpg 300w\" sizes=\"auto, (max-width: 306px) 100vw, 306px\" \/><\/a><\/figure><\/div>\n","protected":false},"excerpt":{"rendered":"<p>Evandro Milet, presidente CDMEC O setor metalmec\u00e2nico \u00e9 um dos mais fortes da economia capixaba, respondendo por mais de 20% do PIB do Esp\u00edrito Santo. Com R$ 100 bilh\u00f5es de investimentos previstos para os pr\u00f3ximos anos \u2014 oriundos da iniciativa privada em setores como o de petr\u00f3leo e g\u00e1s, de minera\u00e7\u00e3o, de siderurgia, de papel [&hellip;]<\/p>\n","protected":false},"author":3,"featured_media":56880,"comment_status":"open","ping_status":"open","sticky":false,"template":"","format":"standard","meta":{"footnotes":""},"categories":[9],"tags":[24186,25946,100,24189,24188],"class_list":["post-56876","post","type-post","status-publish","format-standard","has-post-thumbnail","hentry","category-economia","tag-cdmec","tag-desenvolvimento-industrial","tag-espirito-santo","tag-evandro-milet","tag-setor-metalmecanico"],"yoast_head":"<!-- This site is optimized with the Yoast SEO plugin v26.5 - https:\/\/yoast.com\/wordpress\/plugins\/seo\/ -->\n<title>A import\u00e2ncia do setor metalmec\u00e2nico no desenvolvimento industrial do ES - Jornal Fatos e Not\u00edcias<\/title>\n<meta name=\"robots\" content=\"index, follow, max-snippet:-1, max-image-preview:large, max-video-preview:-1\" \/>\n<link rel=\"canonical\" href=\"https:\/\/jornalfatosenoticias.com.br\/index.php\/2025\/01\/16\/a-importancia-do-setor-metalmecanico-no-desenvolvimento-industrial-do-es\/\" \/>\n<meta property=\"og:locale\" content=\"pt_BR\" \/>\n<meta property=\"og:type\" content=\"article\" \/>\n<meta property=\"og:title\" content=\"A import\u00e2ncia do setor metalmec\u00e2nico no desenvolvimento industrial do ES - Jornal Fatos e Not\u00edcias\" \/>\n<meta property=\"og:description\" content=\"Evandro Milet, presidente CDMEC O setor metalmec\u00e2nico \u00e9 um dos mais fortes da economia capixaba, respondendo por mais de 20% do PIB do Esp\u00edrito Santo. Com R$ 100 bilh\u00f5es de investimentos previstos para os pr\u00f3ximos anos \u2014 oriundos da iniciativa privada em setores como o de petr\u00f3leo e g\u00e1s, de minera\u00e7\u00e3o, de siderurgia, de papel [&hellip;]\" \/>\n<meta property=\"og:url\" content=\"https:\/\/jornalfatosenoticias.com.br\/index.php\/2025\/01\/16\/a-importancia-do-setor-metalmecanico-no-desenvolvimento-industrial-do-es\/\" \/>\n<meta property=\"og:site_name\" content=\"Jornal Fatos e Not\u00edcias\" \/>\n<meta property=\"article:published_time\" content=\"2025-01-16T17:48:15+00:00\" \/>\n<meta property=\"article:modified_time\" content=\"2025-01-16T17:48:16+00:00\" \/>\n<meta property=\"og:image\" content=\"https:\/\/jornalfatosenoticias.com.br\/wp-content\/uploads\/2025\/01\/evandro-milet.jpg\" \/>\n\t<meta property=\"og:image:width\" content=\"1070\" \/>\n\t<meta property=\"og:image:height\" content=\"717\" \/>\n\t<meta property=\"og:image:type\" content=\"image\/jpeg\" \/>\n<meta name=\"author\" content=\"Haroldo Filho\" \/>\n<meta name=\"twitter:card\" content=\"summary_large_image\" \/>\n<meta name=\"twitter:label1\" content=\"Escrito por\" \/>\n\t<meta name=\"twitter:data1\" content=\"Haroldo Filho\" \/>\n\t<meta name=\"twitter:label2\" content=\"Est. tempo de leitura\" \/>\n\t<meta name=\"twitter:data2\" content=\"9 minutos\" \/>\n<script type=\"application\/ld+json\" class=\"yoast-schema-graph\">{\"@context\":\"https:\/\/schema.org\",\"@graph\":[{\"@type\":\"Article\",\"@id\":\"https:\/\/jornalfatosenoticias.com.br\/index.php\/2025\/01\/16\/a-importancia-do-setor-metalmecanico-no-desenvolvimento-industrial-do-es\/#article\",\"isPartOf\":{\"@id\":\"https:\/\/jornalfatosenoticias.com.br\/index.php\/2025\/01\/16\/a-importancia-do-setor-metalmecanico-no-desenvolvimento-industrial-do-es\/\"},\"author\":{\"name\":\"Haroldo Filho\",\"@id\":\"https:\/\/jornalfatosenoticias.com.br\/#\/schema\/person\/05c46cc25b42a5c27e004fb0fa6b4965\"},\"headline\":\"A import\u00e2ncia do setor metalmec\u00e2nico no desenvolvimento industrial do ES\",\"datePublished\":\"2025-01-16T17:48:15+00:00\",\"dateModified\":\"2025-01-16T17:48:16+00:00\",\"mainEntityOfPage\":{\"@id\":\"https:\/\/jornalfatosenoticias.com.br\/index.php\/2025\/01\/16\/a-importancia-do-setor-metalmecanico-no-desenvolvimento-industrial-do-es\/\"},\"wordCount\":1875,\"commentCount\":0,\"publisher\":{\"@id\":\"https:\/\/jornalfatosenoticias.com.br\/#organization\"},\"image\":{\"@id\":\"https:\/\/jornalfatosenoticias.com.br\/index.php\/2025\/01\/16\/a-importancia-do-setor-metalmecanico-no-desenvolvimento-industrial-do-es\/#primaryimage\"},\"thumbnailUrl\":\"https:\/\/jornalfatosenoticias.com.br\/wp-content\/uploads\/2025\/01\/evandro-milet.jpg\",\"keywords\":[\"CDMEC\",\"desenvolvimento industrial\",\"Esp\u00edrito Santo\",\"Evandro Milet\",\"setor metalmec\u00e2nico\"],\"articleSection\":[\"Economia\"],\"inLanguage\":\"pt-BR\",\"potentialAction\":[{\"@type\":\"CommentAction\",\"name\":\"Comment\",\"target\":[\"https:\/\/jornalfatosenoticias.com.br\/index.php\/2025\/01\/16\/a-importancia-do-setor-metalmecanico-no-desenvolvimento-industrial-do-es\/#respond\"]}]},{\"@type\":\"WebPage\",\"@id\":\"https:\/\/jornalfatosenoticias.com.br\/index.php\/2025\/01\/16\/a-importancia-do-setor-metalmecanico-no-desenvolvimento-industrial-do-es\/\",\"url\":\"https:\/\/jornalfatosenoticias.com.br\/index.php\/2025\/01\/16\/a-importancia-do-setor-metalmecanico-no-desenvolvimento-industrial-do-es\/\",\"name\":\"A import\u00e2ncia do setor metalmec\u00e2nico no desenvolvimento industrial do ES - Jornal Fatos e Not\u00edcias\",\"isPartOf\":{\"@id\":\"https:\/\/jornalfatosenoticias.com.br\/#website\"},\"primaryImageOfPage\":{\"@id\":\"https:\/\/jornalfatosenoticias.com.br\/index.php\/2025\/01\/16\/a-importancia-do-setor-metalmecanico-no-desenvolvimento-industrial-do-es\/#primaryimage\"},\"image\":{\"@id\":\"https:\/\/jornalfatosenoticias.com.br\/index.php\/2025\/01\/16\/a-importancia-do-setor-metalmecanico-no-desenvolvimento-industrial-do-es\/#primaryimage\"},\"thumbnailUrl\":\"https:\/\/jornalfatosenoticias.com.br\/wp-content\/uploads\/2025\/01\/evandro-milet.jpg\",\"datePublished\":\"2025-01-16T17:48:15+00:00\",\"dateModified\":\"2025-01-16T17:48:16+00:00\",\"breadcrumb\":{\"@id\":\"https:\/\/jornalfatosenoticias.com.br\/index.php\/2025\/01\/16\/a-importancia-do-setor-metalmecanico-no-desenvolvimento-industrial-do-es\/#breadcrumb\"},\"inLanguage\":\"pt-BR\",\"potentialAction\":[{\"@type\":\"ReadAction\",\"target\":[\"https:\/\/jornalfatosenoticias.com.br\/index.php\/2025\/01\/16\/a-importancia-do-setor-metalmecanico-no-desenvolvimento-industrial-do-es\/\"]}]},{\"@type\":\"ImageObject\",\"inLanguage\":\"pt-BR\",\"@id\":\"https:\/\/jornalfatosenoticias.com.br\/index.php\/2025\/01\/16\/a-importancia-do-setor-metalmecanico-no-desenvolvimento-industrial-do-es\/#primaryimage\",\"url\":\"https:\/\/jornalfatosenoticias.com.br\/wp-content\/uploads\/2025\/01\/evandro-milet.jpg\",\"contentUrl\":\"https:\/\/jornalfatosenoticias.com.br\/wp-content\/uploads\/2025\/01\/evandro-milet.jpg\",\"width\":1070,\"height\":717},{\"@type\":\"BreadcrumbList\",\"@id\":\"https:\/\/jornalfatosenoticias.com.br\/index.php\/2025\/01\/16\/a-importancia-do-setor-metalmecanico-no-desenvolvimento-industrial-do-es\/#breadcrumb\",\"itemListElement\":[{\"@type\":\"ListItem\",\"position\":1,\"name\":\"In\u00edcio\",\"item\":\"https:\/\/jornalfatosenoticias.com.br\/\"},{\"@type\":\"ListItem\",\"position\":2,\"name\":\"A import\u00e2ncia do setor metalmec\u00e2nico no desenvolvimento industrial do ES\"}]},{\"@type\":\"WebSite\",\"@id\":\"https:\/\/jornalfatosenoticias.com.br\/#website\",\"url\":\"https:\/\/jornalfatosenoticias.com.br\/\",\"name\":\"Jornal Fatos e Not\u00edcias\",\"description\":\"Not\u00edcias em geral\",\"publisher\":{\"@id\":\"https:\/\/jornalfatosenoticias.com.br\/#organization\"},\"potentialAction\":[{\"@type\":\"SearchAction\",\"target\":{\"@type\":\"EntryPoint\",\"urlTemplate\":\"https:\/\/jornalfatosenoticias.com.br\/?s={search_term_string}\"},\"query-input\":{\"@type\":\"PropertyValueSpecification\",\"valueRequired\":true,\"valueName\":\"search_term_string\"}}],\"inLanguage\":\"pt-BR\"},{\"@type\":\"Organization\",\"@id\":\"https:\/\/jornalfatosenoticias.com.br\/#organization\",\"name\":\"Jornal Fatos e Not\u00edcias\",\"url\":\"https:\/\/jornalfatosenoticias.com.br\/\",\"logo\":{\"@type\":\"ImageObject\",\"inLanguage\":\"pt-BR\",\"@id\":\"https:\/\/jornalfatosenoticias.com.br\/#\/schema\/logo\/image\/\",\"url\":\"https:\/\/jornalfatosenoticias.com.br\/wp-content\/uploads\/2020\/02\/logo120.png\",\"contentUrl\":\"https:\/\/jornalfatosenoticias.com.br\/wp-content\/uploads\/2020\/02\/logo120.png\",\"width\":1227,\"height\":120,\"caption\":\"Jornal Fatos e Not\u00edcias\"},\"image\":{\"@id\":\"https:\/\/jornalfatosenoticias.com.br\/#\/schema\/logo\/image\/\"}},{\"@type\":\"Person\",\"@id\":\"https:\/\/jornalfatosenoticias.com.br\/#\/schema\/person\/05c46cc25b42a5c27e004fb0fa6b4965\",\"name\":\"Haroldo Filho\",\"image\":{\"@type\":\"ImageObject\",\"inLanguage\":\"pt-BR\",\"@id\":\"https:\/\/jornalfatosenoticias.com.br\/#\/schema\/person\/image\/\",\"url\":\"https:\/\/jornalfatosenoticias.com.br\/wp-content\/uploads\/2025\/08\/WhatsApp-Image-2025-08-18-at-15.30.28-150x150.jpeg\",\"contentUrl\":\"https:\/\/jornalfatosenoticias.com.br\/wp-content\/uploads\/2025\/08\/WhatsApp-Image-2025-08-18-at-15.30.28-150x150.jpeg\",\"caption\":\"Haroldo Filho\"},\"description\":\"Jornalista \u2013 DRT: 0003818\/ES Coordenador-geral da ONG Educar para Crescer\",\"url\":\"https:\/\/jornalfatosenoticias.com.br\/index.php\/author\/haroldo\/\"}]}<\/script>\n<!-- \/ Yoast SEO plugin. -->","yoast_head_json":{"title":"A import\u00e2ncia do setor metalmec\u00e2nico no desenvolvimento industrial do ES - Jornal Fatos e Not\u00edcias","robots":{"index":"index","follow":"follow","max-snippet":"max-snippet:-1","max-image-preview":"max-image-preview:large","max-video-preview":"max-video-preview:-1"},"canonical":"https:\/\/jornalfatosenoticias.com.br\/index.php\/2025\/01\/16\/a-importancia-do-setor-metalmecanico-no-desenvolvimento-industrial-do-es\/","og_locale":"pt_BR","og_type":"article","og_title":"A import\u00e2ncia do setor metalmec\u00e2nico no desenvolvimento industrial do ES - Jornal Fatos e Not\u00edcias","og_description":"Evandro Milet, presidente CDMEC O setor metalmec\u00e2nico \u00e9 um dos mais fortes da economia capixaba, respondendo por mais de 20% do PIB do Esp\u00edrito Santo. Com R$ 100 bilh\u00f5es de investimentos previstos para os pr\u00f3ximos anos \u2014 oriundos da iniciativa privada em setores como o de petr\u00f3leo e g\u00e1s, de minera\u00e7\u00e3o, de siderurgia, de papel [&hellip;]","og_url":"https:\/\/jornalfatosenoticias.com.br\/index.php\/2025\/01\/16\/a-importancia-do-setor-metalmecanico-no-desenvolvimento-industrial-do-es\/","og_site_name":"Jornal Fatos e Not\u00edcias","article_published_time":"2025-01-16T17:48:15+00:00","article_modified_time":"2025-01-16T17:48:16+00:00","og_image":[{"width":1070,"height":717,"url":"https:\/\/jornalfatosenoticias.com.br\/wp-content\/uploads\/2025\/01\/evandro-milet.jpg","type":"image\/jpeg"}],"author":"Haroldo Filho","twitter_card":"summary_large_image","twitter_misc":{"Escrito por":"Haroldo Filho","Est. tempo de leitura":"9 minutos"},"schema":{"@context":"https:\/\/schema.org","@graph":[{"@type":"Article","@id":"https:\/\/jornalfatosenoticias.com.br\/index.php\/2025\/01\/16\/a-importancia-do-setor-metalmecanico-no-desenvolvimento-industrial-do-es\/#article","isPartOf":{"@id":"https:\/\/jornalfatosenoticias.com.br\/index.php\/2025\/01\/16\/a-importancia-do-setor-metalmecanico-no-desenvolvimento-industrial-do-es\/"},"author":{"name":"Haroldo Filho","@id":"https:\/\/jornalfatosenoticias.com.br\/#\/schema\/person\/05c46cc25b42a5c27e004fb0fa6b4965"},"headline":"A import\u00e2ncia do setor metalmec\u00e2nico no desenvolvimento industrial do ES","datePublished":"2025-01-16T17:48:15+00:00","dateModified":"2025-01-16T17:48:16+00:00","mainEntityOfPage":{"@id":"https:\/\/jornalfatosenoticias.com.br\/index.php\/2025\/01\/16\/a-importancia-do-setor-metalmecanico-no-desenvolvimento-industrial-do-es\/"},"wordCount":1875,"commentCount":0,"publisher":{"@id":"https:\/\/jornalfatosenoticias.com.br\/#organization"},"image":{"@id":"https:\/\/jornalfatosenoticias.com.br\/index.php\/2025\/01\/16\/a-importancia-do-setor-metalmecanico-no-desenvolvimento-industrial-do-es\/#primaryimage"},"thumbnailUrl":"https:\/\/jornalfatosenoticias.com.br\/wp-content\/uploads\/2025\/01\/evandro-milet.jpg","keywords":["CDMEC","desenvolvimento industrial","Esp\u00edrito Santo","Evandro Milet","setor metalmec\u00e2nico"],"articleSection":["Economia"],"inLanguage":"pt-BR","potentialAction":[{"@type":"CommentAction","name":"Comment","target":["https:\/\/jornalfatosenoticias.com.br\/index.php\/2025\/01\/16\/a-importancia-do-setor-metalmecanico-no-desenvolvimento-industrial-do-es\/#respond"]}]},{"@type":"WebPage","@id":"https:\/\/jornalfatosenoticias.com.br\/index.php\/2025\/01\/16\/a-importancia-do-setor-metalmecanico-no-desenvolvimento-industrial-do-es\/","url":"https:\/\/jornalfatosenoticias.com.br\/index.php\/2025\/01\/16\/a-importancia-do-setor-metalmecanico-no-desenvolvimento-industrial-do-es\/","name":"A import\u00e2ncia do setor metalmec\u00e2nico no desenvolvimento industrial do ES - Jornal Fatos e Not\u00edcias","isPartOf":{"@id":"https:\/\/jornalfatosenoticias.com.br\/#website"},"primaryImageOfPage":{"@id":"https:\/\/jornalfatosenoticias.com.br\/index.php\/2025\/01\/16\/a-importancia-do-setor-metalmecanico-no-desenvolvimento-industrial-do-es\/#primaryimage"},"image":{"@id":"https:\/\/jornalfatosenoticias.com.br\/index.php\/2025\/01\/16\/a-importancia-do-setor-metalmecanico-no-desenvolvimento-industrial-do-es\/#primaryimage"},"thumbnailUrl":"https:\/\/jornalfatosenoticias.com.br\/wp-content\/uploads\/2025\/01\/evandro-milet.jpg","datePublished":"2025-01-16T17:48:15+00:00","dateModified":"2025-01-16T17:48:16+00:00","breadcrumb":{"@id":"https:\/\/jornalfatosenoticias.com.br\/index.php\/2025\/01\/16\/a-importancia-do-setor-metalmecanico-no-desenvolvimento-industrial-do-es\/#breadcrumb"},"inLanguage":"pt-BR","potentialAction":[{"@type":"ReadAction","target":["https:\/\/jornalfatosenoticias.com.br\/index.php\/2025\/01\/16\/a-importancia-do-setor-metalmecanico-no-desenvolvimento-industrial-do-es\/"]}]},{"@type":"ImageObject","inLanguage":"pt-BR","@id":"https:\/\/jornalfatosenoticias.com.br\/index.php\/2025\/01\/16\/a-importancia-do-setor-metalmecanico-no-desenvolvimento-industrial-do-es\/#primaryimage","url":"https:\/\/jornalfatosenoticias.com.br\/wp-content\/uploads\/2025\/01\/evandro-milet.jpg","contentUrl":"https:\/\/jornalfatosenoticias.com.br\/wp-content\/uploads\/2025\/01\/evandro-milet.jpg","width":1070,"height":717},{"@type":"BreadcrumbList","@id":"https:\/\/jornalfatosenoticias.com.br\/index.php\/2025\/01\/16\/a-importancia-do-setor-metalmecanico-no-desenvolvimento-industrial-do-es\/#breadcrumb","itemListElement":[{"@type":"ListItem","position":1,"name":"In\u00edcio","item":"https:\/\/jornalfatosenoticias.com.br\/"},{"@type":"ListItem","position":2,"name":"A import\u00e2ncia do setor metalmec\u00e2nico no desenvolvimento industrial do ES"}]},{"@type":"WebSite","@id":"https:\/\/jornalfatosenoticias.com.br\/#website","url":"https:\/\/jornalfatosenoticias.com.br\/","name":"Jornal Fatos e Not\u00edcias","description":"Not\u00edcias em geral","publisher":{"@id":"https:\/\/jornalfatosenoticias.com.br\/#organization"},"potentialAction":[{"@type":"SearchAction","target":{"@type":"EntryPoint","urlTemplate":"https:\/\/jornalfatosenoticias.com.br\/?s={search_term_string}"},"query-input":{"@type":"PropertyValueSpecification","valueRequired":true,"valueName":"search_term_string"}}],"inLanguage":"pt-BR"},{"@type":"Organization","@id":"https:\/\/jornalfatosenoticias.com.br\/#organization","name":"Jornal Fatos e Not\u00edcias","url":"https:\/\/jornalfatosenoticias.com.br\/","logo":{"@type":"ImageObject","inLanguage":"pt-BR","@id":"https:\/\/jornalfatosenoticias.com.br\/#\/schema\/logo\/image\/","url":"https:\/\/jornalfatosenoticias.com.br\/wp-content\/uploads\/2020\/02\/logo120.png","contentUrl":"https:\/\/jornalfatosenoticias.com.br\/wp-content\/uploads\/2020\/02\/logo120.png","width":1227,"height":120,"caption":"Jornal Fatos e Not\u00edcias"},"image":{"@id":"https:\/\/jornalfatosenoticias.com.br\/#\/schema\/logo\/image\/"}},{"@type":"Person","@id":"https:\/\/jornalfatosenoticias.com.br\/#\/schema\/person\/05c46cc25b42a5c27e004fb0fa6b4965","name":"Haroldo Filho","image":{"@type":"ImageObject","inLanguage":"pt-BR","@id":"https:\/\/jornalfatosenoticias.com.br\/#\/schema\/person\/image\/","url":"https:\/\/jornalfatosenoticias.com.br\/wp-content\/uploads\/2025\/08\/WhatsApp-Image-2025-08-18-at-15.30.28-150x150.jpeg","contentUrl":"https:\/\/jornalfatosenoticias.com.br\/wp-content\/uploads\/2025\/08\/WhatsApp-Image-2025-08-18-at-15.30.28-150x150.jpeg","caption":"Haroldo Filho"},"description":"Jornalista \u2013 DRT: 0003818\/ES Coordenador-geral da ONG Educar para Crescer","url":"https:\/\/jornalfatosenoticias.com.br\/index.php\/author\/haroldo\/"}]}},"cc_featured_image_caption":{"caption_text":" (Foto: Haroldo Filho\/F&N)","source_text":"","source_url":""},"jetpack_featured_media_url":"https:\/\/jornalfatosenoticias.com.br\/wp-content\/uploads\/2025\/01\/evandro-milet.jpg","_links":{"self":[{"href":"https:\/\/jornalfatosenoticias.com.br\/index.php\/wp-json\/wp\/v2\/posts\/56876","targetHints":{"allow":["GET"]}}],"collection":[{"href":"https:\/\/jornalfatosenoticias.com.br\/index.php\/wp-json\/wp\/v2\/posts"}],"about":[{"href":"https:\/\/jornalfatosenoticias.com.br\/index.php\/wp-json\/wp\/v2\/types\/post"}],"author":[{"embeddable":true,"href":"https:\/\/jornalfatosenoticias.com.br\/index.php\/wp-json\/wp\/v2\/users\/3"}],"replies":[{"embeddable":true,"href":"https:\/\/jornalfatosenoticias.com.br\/index.php\/wp-json\/wp\/v2\/comments?post=56876"}],"version-history":[{"count":0,"href":"https:\/\/jornalfatosenoticias.com.br\/index.php\/wp-json\/wp\/v2\/posts\/56876\/revisions"}],"wp:featuredmedia":[{"embeddable":true,"href":"https:\/\/jornalfatosenoticias.com.br\/index.php\/wp-json\/wp\/v2\/media\/56880"}],"wp:attachment":[{"href":"https:\/\/jornalfatosenoticias.com.br\/index.php\/wp-json\/wp\/v2\/media?parent=56876"}],"wp:term":[{"taxonomy":"category","embeddable":true,"href":"https:\/\/jornalfatosenoticias.com.br\/index.php\/wp-json\/wp\/v2\/categories?post=56876"},{"taxonomy":"post_tag","embeddable":true,"href":"https:\/\/jornalfatosenoticias.com.br\/index.php\/wp-json\/wp\/v2\/tags?post=56876"}],"curies":[{"name":"wp","href":"https:\/\/api.w.org\/{rel}","templated":true}]}}