{"id":56903,"date":"2025-01-16T15:56:42","date_gmt":"2025-01-16T18:56:42","guid":{"rendered":"https:\/\/jornalfatosenoticias.com.br\/?p=56903"},"modified":"2025-01-16T15:56:43","modified_gmt":"2025-01-16T18:56:43","slug":"exclusao-do-icms-st-da-base-de-calculo-da-cofins-e-do-pis","status":"publish","type":"post","link":"https:\/\/jornalfatosenoticias.com.br\/index.php\/2025\/01\/16\/exclusao-do-icms-st-da-base-de-calculo-da-cofins-e-do-pis\/","title":{"rendered":"Exclus\u00e3o do ICMS-ST da base de c\u00e1lculo da COFINS e do PIS"},"content":{"rendered":"\n<p><em><span class=\"has-inline-color has-black-color\">O que o parecer da Procuradoria-Geral da Fazenda Nacional (PGFN) n\u00e3o abordou e os riscos de glosas pela Receita Federal do Brasil<\/span><\/em><\/p>\n\n\n\n<p><span class=\"has-inline-color has-black-color\">Por<\/span>\u00a0<strong><a href=\"https:\/\/jornalfatosenoticias.com.br\/index.php\/2024\/11\/07\/empresas-de-transporte-coletivo-de-passageiros-creditos-cofins-e-pis-o-novo-incentivo\/\">Rogerio Fernandes da Silva &amp; Kalyne Calais<\/a><\/strong><\/p>\n\n\n\n<div class=\"wp-block-image is-style-rounded\"><figure class=\"alignleft size-large\"><img loading=\"lazy\" decoding=\"async\" width=\"120\" height=\"60\" src=\"https:\/\/jornalfatosenoticias.com.br\/wp-content\/uploads\/2024\/09\/Legis_Juris_Consultoria_Rogerio_e_Kalyne-Portal.jpg\" alt=\"\" class=\"wp-image-53912\"\/><\/figure><\/div>\n\n\n\n<p>Em 16 de dezembro de 2024, foi publicado o Parecer SEI n.\u00ba 4090\/2024 da Procuradoria-Geral da Fazenda Nacional (PGFN), que trata da exclus\u00e3o do ICMS-ST da base de c\u00e1lculo do PIS e da COFINS. O parecer alinha a posi\u00e7\u00e3o da PGFN \u00e0 decis\u00e3o do Superior Tribunal de Justi\u00e7a (STJ) no Recurso Especial n.\u00ba 1.896.678\/RS, fundamentado no Tema 1125. Essa decis\u00e3o leva em conta os efeitos do julgamento do Supremo Tribunal Federal (STF) sobre o Tema 69, que trata da exclus\u00e3o do ICMS pr\u00f3prio da base de c\u00e1lculo do PIS e da COFINS desde 15\/03\/2017, com ressalvas para a\u00e7\u00f5es judiciais ou administrativas protocoladas at\u00e9 essa data.<br>Com a emiss\u00e3o desse parecer, a PGFN determinou que n\u00e3o mais ir\u00e1 contestar a exclus\u00e3o do ICMS-ST nessas condi\u00e7\u00f5es. Por consequ\u00eancia, a Receita Federal do Brasil (RFB) tamb\u00e9m fica impedida de autuar contribuintes substitu\u00eddos que estejam excluindo o ICMS-ST da base de c\u00e1lculo dessas contribui\u00e7\u00f5es. Essa orienta\u00e7\u00e3o prevalece sobre as Solu\u00e7\u00f5es de Consulta DISIT 4046 a 4048\/2024, da 4.\u00aa Regi\u00e3o da RFB, que anteriormente vedavam essa exclus\u00e3o.<\/p>\n\n\n\n<div class=\"wp-block-image\"><figure class=\"aligncenter size-large is-resized\"><a href=\"https:\/\/www.legisjuris.com.br\/\"><img loading=\"lazy\" decoding=\"async\" src=\"https:\/\/jornalfatosenoticias.com.br\/wp-content\/uploads\/2024\/09\/Legis-Juris-Consultoria_logo.jpg\" alt=\"\" class=\"wp-image-53915\" width=\"470\" height=\"197\" srcset=\"https:\/\/jornalfatosenoticias.com.br\/wp-content\/uploads\/2024\/09\/Legis-Juris-Consultoria_logo.jpg 969w, https:\/\/jornalfatosenoticias.com.br\/wp-content\/uploads\/2024\/09\/Legis-Juris-Consultoria_logo-300x126.jpg 300w, https:\/\/jornalfatosenoticias.com.br\/wp-content\/uploads\/2024\/09\/Legis-Juris-Consultoria_logo-768x322.jpg 768w\" sizes=\"auto, (max-width: 470px) 100vw, 470px\" \/><\/a><\/figure><\/div>\n\n\n\n<p><strong><span class=\"has-inline-color has-black-color\">O QUE O PARECER DA PGFN N\u00c3O ABORDOU<br><\/span><\/strong>No parecer, a PGFN enfatiza que o ICMS-ST pass\u00edvel de exclus\u00e3o pelos contribuintes substitu\u00eddos \u00e9 aquele destacado nas notas fiscais emitidas por seus fornecedores, que atuam como contribuintes substitutos. Entretanto, aqui reside uma importante lacuna: as modalidades de incid\u00eancia do ICMS-ST. Dependendo do regime aplicado, pode n\u00e3o haver destaque do ICMS-ST na nota fiscal do fornecedor, o que mant\u00e9m espa\u00e7o para autua\u00e7\u00f5es por parte da RFB.<\/p>\n\n\n\n<div class=\"wp-block-image\"><figure class=\"aligncenter size-large is-resized\"><a href=\"https:\/\/www.facebook.com\/profile.php?id=100069289606145\"><img loading=\"lazy\" decoding=\"async\" src=\"https:\/\/jornalfatosenoticias.com.br\/wp-content\/uploads\/2024\/11\/Guaitolini-Contabilidade-1024x714.jpeg\" alt=\"\" class=\"wp-image-55808\" width=\"373\" height=\"260\" srcset=\"https:\/\/jornalfatosenoticias.com.br\/wp-content\/uploads\/2024\/11\/Guaitolini-Contabilidade-1024x714.jpeg 1024w, https:\/\/jornalfatosenoticias.com.br\/wp-content\/uploads\/2024\/11\/Guaitolini-Contabilidade-300x209.jpeg 300w, https:\/\/jornalfatosenoticias.com.br\/wp-content\/uploads\/2024\/11\/Guaitolini-Contabilidade-768x535.jpeg 768w, https:\/\/jornalfatosenoticias.com.br\/wp-content\/uploads\/2024\/11\/Guaitolini-Contabilidade.jpeg 1280w\" sizes=\"auto, (max-width: 373px) 100vw, 373px\" \/><\/a><\/figure><\/div>\n\n\n\n<h3 class=\"wp-block-heading\"><span class=\"has-inline-color has-black-color\">As principais modalidades de recolhimento do ICMS-ST s\u00e3o:<\/span><\/h3>\n\n\n\n<ol class=\"wp-block-list\"><li><strong>Substitui\u00e7\u00e3o Tribut\u00e1ria para Frente:<br><\/strong>O ICMS \u00e9 recolhido antecipadamente pelo contribuinte substituto, com base em valores presumidos pelo Estado.<\/li><li><strong>Substitui\u00e7\u00e3o Tribut\u00e1ria para Tr\u00e1s (Diferimento):<br><\/strong>O pagamento do ICMS \u00e9 postergado para etapas futuras, sendo o contribuinte substitu\u00eddo respons\u00e1vel pelo recolhimento.<\/li><li><strong>Substitui\u00e7\u00e3o Tribut\u00e1ria Concomitante:<br><\/strong>A responsabilidade pelo ICMS \u00e9 compartilhada entre diferentes contribuintes em uma mesma opera\u00e7\u00e3o ao longo da cadeia.<\/li><\/ol>\n\n\n\n<div class=\"wp-block-image\"><figure class=\"aligncenter size-large\"><a href=\"https:\/\/mizu.com.br\/\"><img loading=\"lazy\" decoding=\"async\" width=\"729\" height=\"90\" src=\"https:\/\/jornalfatosenoticias.com.br\/wp-content\/uploads\/2020\/02\/Logo_Mizu.png\" alt=\"\" class=\"wp-image-1441\" srcset=\"https:\/\/jornalfatosenoticias.com.br\/wp-content\/uploads\/2020\/02\/Logo_Mizu.png 729w, https:\/\/jornalfatosenoticias.com.br\/wp-content\/uploads\/2020\/02\/Logo_Mizu-300x37.png 300w\" sizes=\"auto, (max-width: 729px) 100vw, 729px\" \/><\/a><\/figure><\/div>\n\n\n\n<p>Cada uma dessas modalidades possui regras espec\u00edficas, dependendo do tipo de opera\u00e7\u00e3o e dos envolvidos, como vendedores de mercadorias ou prestadores de servi\u00e7os (ex.: transporte rodovi\u00e1rio de cargas). Assim, verifica-se que, em algumas situa\u00e7\u00f5es, o contribuinte substitu\u00eddo pode n\u00e3o receber a nota fiscal com o ICMS-ST destacado, o que n\u00e3o foi abordado pelo Parecer SEI n.\u00ba 4090\/2024 da PGFN. Esses casos continuam pass\u00edveis de interpreta\u00e7\u00e3o divergente pela RFB, com risco de autua\u00e7\u00f5es.<\/p>\n\n\n\n<div class=\"wp-block-image\"><figure class=\"aligncenter size-large is-resized\"><a href=\"https:\/\/www.controlsystems.com.br\/\"><img loading=\"lazy\" decoding=\"async\" src=\"https:\/\/jornalfatosenoticias.com.br\/wp-content\/uploads\/2020\/02\/CONTROL-CS.jpg\" alt=\"\" class=\"wp-image-44991\" width=\"317\" height=\"380\" srcset=\"https:\/\/jornalfatosenoticias.com.br\/wp-content\/uploads\/2020\/02\/CONTROL-CS.jpg 834w, https:\/\/jornalfatosenoticias.com.br\/wp-content\/uploads\/2020\/02\/CONTROL-CS-250x300.jpg 250w, https:\/\/jornalfatosenoticias.com.br\/wp-content\/uploads\/2020\/02\/CONTROL-CS-768x921.jpg 768w\" sizes=\"auto, (max-width: 317px) 100vw, 317px\" \/><\/a><\/figure><\/div>\n\n\n\n<p>Outro ponto relevante \u00e9 o <strong>ICMS-DIFAL (Diferencial de Al\u00edquota).<\/strong> Quando o recolhimento \u00e9 feito pelo adquirente em opera\u00e7\u00f5es interestaduais por meio de guia separada, h\u00e1 direito ao cr\u00e9dito de PIS e COFINS sobre os valores recolhidos. No entanto, o parecer tamb\u00e9m n\u00e3o trata dessa quest\u00e3o, aumentando a complexidade do tema. Agora resta aguardar se a PGFN emitir\u00e1 um parecer complementar ou se essas lacunas permanecer\u00e3o, fomentando novas judicializa\u00e7\u00f5es sobre o tema.<\/p>\n\n\n\n<div class=\"wp-block-image\"><figure class=\"aligncenter size-large\"><a href=\"http:\/\/www.ferrarimaquinas.com.br\/\"><img loading=\"lazy\" decoding=\"async\" width=\"300\" height=\"250\" src=\"https:\/\/jornalfatosenoticias.com.br\/wp-content\/uploads\/2022\/02\/FERRARI_MAQUINAS-E-FERRAMENTAS2.jpg\" alt=\"\" class=\"wp-image-27860\"\/><\/a><\/figure><\/div>\n\n\n\n<p><strong><span class=\"has-inline-color has-black-color\">At\u00e9 a pr\u00f3xima semana, com mais estrat\u00e9gias para ajudar voc\u00ea a economizar tributos!<\/span><\/strong><\/p>\n\n\n\n<p><span class=\"has-inline-color has-black-color\"><em>Legis Juris Consultoria Ltda.<br>Estamos presentes nas redes sociais<br>Instagram: @legisjuris<br>Linkedin: LEGIS &amp; JURIS<\/em><\/span><\/p>\n\n\n\n<div class=\"wp-block-image\"><figure class=\"alignleft size-large is-resized\"><img decoding=\"async\" src=\"https:\/\/jornalfatosenoticias.com.br\/wp-content\/uploads\/2024\/10\/rogerio-fernandes-e-kalyne-calais_PORTAL.jpg\" alt=\"\" class=\"wp-image-55150\" width=\"-82\" height=\"-40\" srcset=\"https:\/\/jornalfatosenoticias.com.br\/wp-content\/uploads\/2024\/10\/rogerio-fernandes-e-kalyne-calais_PORTAL.jpg 755w, https:\/\/jornalfatosenoticias.com.br\/wp-content\/uploads\/2024\/10\/rogerio-fernandes-e-kalyne-calais_PORTAL-300x149.jpg 300w\" sizes=\"(max-width: 755px) 100vw, 755px\" \/><\/figure><\/div>\n","protected":false},"excerpt":{"rendered":"<p>O que o parecer da Procuradoria-Geral da Fazenda Nacional (PGFN) n\u00e3o abordou e os riscos de glosas pela Receita Federal do Brasil Por\u00a0Rogerio Fernandes da Silva &amp; Kalyne Calais Em 16 de dezembro de 2024, foi publicado o Parecer SEI n.\u00ba 4090\/2024 da Procuradoria-Geral da Fazenda Nacional (PGFN), que trata da exclus\u00e3o do ICMS-ST da [&hellip;]<\/p>\n","protected":false},"author":2,"featured_media":56904,"comment_status":"open","ping_status":"open","sticky":false,"template":"","format":"standard","meta":{"footnotes":""},"categories":[9],"tags":[25956,13644,25954,20538,25955,1404],"class_list":["post-56903","post","type-post","status-publish","format-standard","has-post-thumbnail","hentry","category-economia","tag-calculos","tag-cofins","tag-icms-st","tag-pis","tag-procuradoria-geral-da-fazenda-nacional","tag-receita-federal"],"yoast_head":"<!-- This site is optimized with the Yoast SEO plugin v26.5 - https:\/\/yoast.com\/wordpress\/plugins\/seo\/ -->\n<title>Exclus\u00e3o do ICMS-ST da base de c\u00e1lculo da COFINS e do PIS - Jornal Fatos e Not\u00edcias<\/title>\n<meta name=\"robots\" content=\"index, follow, max-snippet:-1, max-image-preview:large, max-video-preview:-1\" \/>\n<link rel=\"canonical\" href=\"https:\/\/jornalfatosenoticias.com.br\/index.php\/2025\/01\/16\/exclusao-do-icms-st-da-base-de-calculo-da-cofins-e-do-pis\/\" \/>\n<meta property=\"og:locale\" content=\"pt_BR\" \/>\n<meta property=\"og:type\" content=\"article\" \/>\n<meta property=\"og:title\" content=\"Exclus\u00e3o do ICMS-ST da base de c\u00e1lculo da COFINS e do PIS - Jornal Fatos e Not\u00edcias\" \/>\n<meta property=\"og:description\" content=\"O que o parecer da Procuradoria-Geral da Fazenda Nacional (PGFN) n\u00e3o abordou e os riscos de glosas pela Receita Federal do Brasil Por\u00a0Rogerio Fernandes da Silva &amp; Kalyne Calais Em 16 de dezembro de 2024, foi publicado o Parecer SEI n.\u00ba 4090\/2024 da Procuradoria-Geral da Fazenda Nacional (PGFN), que trata da exclus\u00e3o do ICMS-ST da [&hellip;]\" \/>\n<meta property=\"og:url\" content=\"https:\/\/jornalfatosenoticias.com.br\/index.php\/2025\/01\/16\/exclusao-do-icms-st-da-base-de-calculo-da-cofins-e-do-pis\/\" \/>\n<meta property=\"og:site_name\" content=\"Jornal Fatos e Not\u00edcias\" \/>\n<meta property=\"article:published_time\" content=\"2025-01-16T18:56:42+00:00\" \/>\n<meta property=\"article:modified_time\" content=\"2025-01-16T18:56:43+00:00\" \/>\n<meta property=\"og:image\" content=\"https:\/\/jornalfatosenoticias.com.br\/wp-content\/uploads\/2025\/01\/COFINS_PIS_FREEPIK.jpg\" \/>\n\t<meta property=\"og:image:width\" content=\"1000\" \/>\n\t<meta property=\"og:image:height\" content=\"666\" \/>\n\t<meta property=\"og:image:type\" content=\"image\/jpeg\" \/>\n<meta name=\"author\" content=\"Luzimara Fernandes\" \/>\n<meta name=\"twitter:card\" content=\"summary_large_image\" \/>\n<meta name=\"twitter:label1\" content=\"Escrito por\" \/>\n\t<meta name=\"twitter:data1\" content=\"Luzimara Fernandes\" \/>\n\t<meta name=\"twitter:label2\" content=\"Est. tempo de leitura\" \/>\n\t<meta name=\"twitter:data2\" content=\"3 minutos\" \/>\n<script type=\"application\/ld+json\" class=\"yoast-schema-graph\">{\"@context\":\"https:\/\/schema.org\",\"@graph\":[{\"@type\":\"Article\",\"@id\":\"https:\/\/jornalfatosenoticias.com.br\/index.php\/2025\/01\/16\/exclusao-do-icms-st-da-base-de-calculo-da-cofins-e-do-pis\/#article\",\"isPartOf\":{\"@id\":\"https:\/\/jornalfatosenoticias.com.br\/index.php\/2025\/01\/16\/exclusao-do-icms-st-da-base-de-calculo-da-cofins-e-do-pis\/\"},\"author\":{\"name\":\"Luzimara Fernandes\",\"@id\":\"https:\/\/jornalfatosenoticias.com.br\/#\/schema\/person\/d63837fa13ac8666eb9e74e0985d6f81\"},\"headline\":\"Exclus\u00e3o do ICMS-ST da base de c\u00e1lculo da COFINS e do PIS\",\"datePublished\":\"2025-01-16T18:56:42+00:00\",\"dateModified\":\"2025-01-16T18:56:43+00:00\",\"mainEntityOfPage\":{\"@id\":\"https:\/\/jornalfatosenoticias.com.br\/index.php\/2025\/01\/16\/exclusao-do-icms-st-da-base-de-calculo-da-cofins-e-do-pis\/\"},\"wordCount\":575,\"commentCount\":0,\"publisher\":{\"@id\":\"https:\/\/jornalfatosenoticias.com.br\/#organization\"},\"image\":{\"@id\":\"https:\/\/jornalfatosenoticias.com.br\/index.php\/2025\/01\/16\/exclusao-do-icms-st-da-base-de-calculo-da-cofins-e-do-pis\/#primaryimage\"},\"thumbnailUrl\":\"https:\/\/jornalfatosenoticias.com.br\/wp-content\/uploads\/2025\/01\/COFINS_PIS_FREEPIK.jpg\",\"keywords\":[\"c\u00e1lculos\",\"Cofins\",\"ICMS-ST\",\"Pis\",\"Procuradoria-Geral da Fazenda Nacional\",\"Receita Federal\"],\"articleSection\":[\"Economia\"],\"inLanguage\":\"pt-BR\",\"potentialAction\":[{\"@type\":\"CommentAction\",\"name\":\"Comment\",\"target\":[\"https:\/\/jornalfatosenoticias.com.br\/index.php\/2025\/01\/16\/exclusao-do-icms-st-da-base-de-calculo-da-cofins-e-do-pis\/#respond\"]}]},{\"@type\":\"WebPage\",\"@id\":\"https:\/\/jornalfatosenoticias.com.br\/index.php\/2025\/01\/16\/exclusao-do-icms-st-da-base-de-calculo-da-cofins-e-do-pis\/\",\"url\":\"https:\/\/jornalfatosenoticias.com.br\/index.php\/2025\/01\/16\/exclusao-do-icms-st-da-base-de-calculo-da-cofins-e-do-pis\/\",\"name\":\"Exclus\u00e3o do ICMS-ST da base de c\u00e1lculo da COFINS e do PIS - Jornal Fatos e Not\u00edcias\",\"isPartOf\":{\"@id\":\"https:\/\/jornalfatosenoticias.com.br\/#website\"},\"primaryImageOfPage\":{\"@id\":\"https:\/\/jornalfatosenoticias.com.br\/index.php\/2025\/01\/16\/exclusao-do-icms-st-da-base-de-calculo-da-cofins-e-do-pis\/#primaryimage\"},\"image\":{\"@id\":\"https:\/\/jornalfatosenoticias.com.br\/index.php\/2025\/01\/16\/exclusao-do-icms-st-da-base-de-calculo-da-cofins-e-do-pis\/#primaryimage\"},\"thumbnailUrl\":\"https:\/\/jornalfatosenoticias.com.br\/wp-content\/uploads\/2025\/01\/COFINS_PIS_FREEPIK.jpg\",\"datePublished\":\"2025-01-16T18:56:42+00:00\",\"dateModified\":\"2025-01-16T18:56:43+00:00\",\"breadcrumb\":{\"@id\":\"https:\/\/jornalfatosenoticias.com.br\/index.php\/2025\/01\/16\/exclusao-do-icms-st-da-base-de-calculo-da-cofins-e-do-pis\/#breadcrumb\"},\"inLanguage\":\"pt-BR\",\"potentialAction\":[{\"@type\":\"ReadAction\",\"target\":[\"https:\/\/jornalfatosenoticias.com.br\/index.php\/2025\/01\/16\/exclusao-do-icms-st-da-base-de-calculo-da-cofins-e-do-pis\/\"]}]},{\"@type\":\"ImageObject\",\"inLanguage\":\"pt-BR\",\"@id\":\"https:\/\/jornalfatosenoticias.com.br\/index.php\/2025\/01\/16\/exclusao-do-icms-st-da-base-de-calculo-da-cofins-e-do-pis\/#primaryimage\",\"url\":\"https:\/\/jornalfatosenoticias.com.br\/wp-content\/uploads\/2025\/01\/COFINS_PIS_FREEPIK.jpg\",\"contentUrl\":\"https:\/\/jornalfatosenoticias.com.br\/wp-content\/uploads\/2025\/01\/COFINS_PIS_FREEPIK.jpg\",\"width\":1000,\"height\":666,\"caption\":\"Closeup of accountant counting on calculator and working with table\"},{\"@type\":\"BreadcrumbList\",\"@id\":\"https:\/\/jornalfatosenoticias.com.br\/index.php\/2025\/01\/16\/exclusao-do-icms-st-da-base-de-calculo-da-cofins-e-do-pis\/#breadcrumb\",\"itemListElement\":[{\"@type\":\"ListItem\",\"position\":1,\"name\":\"In\u00edcio\",\"item\":\"https:\/\/jornalfatosenoticias.com.br\/\"},{\"@type\":\"ListItem\",\"position\":2,\"name\":\"Exclus\u00e3o do ICMS-ST da base de c\u00e1lculo da COFINS e do PIS\"}]},{\"@type\":\"WebSite\",\"@id\":\"https:\/\/jornalfatosenoticias.com.br\/#website\",\"url\":\"https:\/\/jornalfatosenoticias.com.br\/\",\"name\":\"Jornal Fatos e Not\u00edcias\",\"description\":\"Not\u00edcias em geral\",\"publisher\":{\"@id\":\"https:\/\/jornalfatosenoticias.com.br\/#organization\"},\"potentialAction\":[{\"@type\":\"SearchAction\",\"target\":{\"@type\":\"EntryPoint\",\"urlTemplate\":\"https:\/\/jornalfatosenoticias.com.br\/?s={search_term_string}\"},\"query-input\":{\"@type\":\"PropertyValueSpecification\",\"valueRequired\":true,\"valueName\":\"search_term_string\"}}],\"inLanguage\":\"pt-BR\"},{\"@type\":\"Organization\",\"@id\":\"https:\/\/jornalfatosenoticias.com.br\/#organization\",\"name\":\"Jornal Fatos e Not\u00edcias\",\"url\":\"https:\/\/jornalfatosenoticias.com.br\/\",\"logo\":{\"@type\":\"ImageObject\",\"inLanguage\":\"pt-BR\",\"@id\":\"https:\/\/jornalfatosenoticias.com.br\/#\/schema\/logo\/image\/\",\"url\":\"https:\/\/jornalfatosenoticias.com.br\/wp-content\/uploads\/2020\/02\/logo120.png\",\"contentUrl\":\"https:\/\/jornalfatosenoticias.com.br\/wp-content\/uploads\/2020\/02\/logo120.png\",\"width\":1227,\"height\":120,\"caption\":\"Jornal Fatos e Not\u00edcias\"},\"image\":{\"@id\":\"https:\/\/jornalfatosenoticias.com.br\/#\/schema\/logo\/image\/\"}},{\"@type\":\"Person\",\"@id\":\"https:\/\/jornalfatosenoticias.com.br\/#\/schema\/person\/d63837fa13ac8666eb9e74e0985d6f81\",\"name\":\"Luzimara Fernandes\",\"image\":{\"@type\":\"ImageObject\",\"inLanguage\":\"pt-BR\",\"@id\":\"https:\/\/jornalfatosenoticias.com.br\/#\/schema\/person\/image\/\",\"url\":\"https:\/\/jornalfatosenoticias.com.br\/wp-content\/uploads\/2025\/05\/EU_portal.jpg\",\"contentUrl\":\"https:\/\/jornalfatosenoticias.com.br\/wp-content\/uploads\/2025\/05\/EU_portal.jpg\",\"caption\":\"Luzimara Fernandes\"},\"description\":\"Jornalista MTB 2358-ES\",\"sameAs\":[\"https:\/\/jornalfatosenoticias.com.br\"],\"url\":\"https:\/\/jornalfatosenoticias.com.br\/index.php\/author\/luzimara\/\"}]}<\/script>\n<!-- \/ Yoast SEO plugin. -->","yoast_head_json":{"title":"Exclus\u00e3o do ICMS-ST da base de c\u00e1lculo da COFINS e do PIS - Jornal Fatos e Not\u00edcias","robots":{"index":"index","follow":"follow","max-snippet":"max-snippet:-1","max-image-preview":"max-image-preview:large","max-video-preview":"max-video-preview:-1"},"canonical":"https:\/\/jornalfatosenoticias.com.br\/index.php\/2025\/01\/16\/exclusao-do-icms-st-da-base-de-calculo-da-cofins-e-do-pis\/","og_locale":"pt_BR","og_type":"article","og_title":"Exclus\u00e3o do ICMS-ST da base de c\u00e1lculo da COFINS e do PIS - Jornal Fatos e Not\u00edcias","og_description":"O que o parecer da Procuradoria-Geral da Fazenda Nacional (PGFN) n\u00e3o abordou e os riscos de glosas pela Receita Federal do Brasil Por\u00a0Rogerio Fernandes da Silva &amp; Kalyne Calais Em 16 de dezembro de 2024, foi publicado o Parecer SEI n.\u00ba 4090\/2024 da Procuradoria-Geral da Fazenda Nacional (PGFN), que trata da exclus\u00e3o do ICMS-ST da [&hellip;]","og_url":"https:\/\/jornalfatosenoticias.com.br\/index.php\/2025\/01\/16\/exclusao-do-icms-st-da-base-de-calculo-da-cofins-e-do-pis\/","og_site_name":"Jornal Fatos e Not\u00edcias","article_published_time":"2025-01-16T18:56:42+00:00","article_modified_time":"2025-01-16T18:56:43+00:00","og_image":[{"width":1000,"height":666,"url":"https:\/\/jornalfatosenoticias.com.br\/wp-content\/uploads\/2025\/01\/COFINS_PIS_FREEPIK.jpg","type":"image\/jpeg"}],"author":"Luzimara Fernandes","twitter_card":"summary_large_image","twitter_misc":{"Escrito por":"Luzimara Fernandes","Est. tempo de leitura":"3 minutos"},"schema":{"@context":"https:\/\/schema.org","@graph":[{"@type":"Article","@id":"https:\/\/jornalfatosenoticias.com.br\/index.php\/2025\/01\/16\/exclusao-do-icms-st-da-base-de-calculo-da-cofins-e-do-pis\/#article","isPartOf":{"@id":"https:\/\/jornalfatosenoticias.com.br\/index.php\/2025\/01\/16\/exclusao-do-icms-st-da-base-de-calculo-da-cofins-e-do-pis\/"},"author":{"name":"Luzimara Fernandes","@id":"https:\/\/jornalfatosenoticias.com.br\/#\/schema\/person\/d63837fa13ac8666eb9e74e0985d6f81"},"headline":"Exclus\u00e3o do ICMS-ST da base de c\u00e1lculo da COFINS e do PIS","datePublished":"2025-01-16T18:56:42+00:00","dateModified":"2025-01-16T18:56:43+00:00","mainEntityOfPage":{"@id":"https:\/\/jornalfatosenoticias.com.br\/index.php\/2025\/01\/16\/exclusao-do-icms-st-da-base-de-calculo-da-cofins-e-do-pis\/"},"wordCount":575,"commentCount":0,"publisher":{"@id":"https:\/\/jornalfatosenoticias.com.br\/#organization"},"image":{"@id":"https:\/\/jornalfatosenoticias.com.br\/index.php\/2025\/01\/16\/exclusao-do-icms-st-da-base-de-calculo-da-cofins-e-do-pis\/#primaryimage"},"thumbnailUrl":"https:\/\/jornalfatosenoticias.com.br\/wp-content\/uploads\/2025\/01\/COFINS_PIS_FREEPIK.jpg","keywords":["c\u00e1lculos","Cofins","ICMS-ST","Pis","Procuradoria-Geral da Fazenda Nacional","Receita Federal"],"articleSection":["Economia"],"inLanguage":"pt-BR","potentialAction":[{"@type":"CommentAction","name":"Comment","target":["https:\/\/jornalfatosenoticias.com.br\/index.php\/2025\/01\/16\/exclusao-do-icms-st-da-base-de-calculo-da-cofins-e-do-pis\/#respond"]}]},{"@type":"WebPage","@id":"https:\/\/jornalfatosenoticias.com.br\/index.php\/2025\/01\/16\/exclusao-do-icms-st-da-base-de-calculo-da-cofins-e-do-pis\/","url":"https:\/\/jornalfatosenoticias.com.br\/index.php\/2025\/01\/16\/exclusao-do-icms-st-da-base-de-calculo-da-cofins-e-do-pis\/","name":"Exclus\u00e3o do ICMS-ST da base de c\u00e1lculo da COFINS e do PIS - Jornal Fatos e Not\u00edcias","isPartOf":{"@id":"https:\/\/jornalfatosenoticias.com.br\/#website"},"primaryImageOfPage":{"@id":"https:\/\/jornalfatosenoticias.com.br\/index.php\/2025\/01\/16\/exclusao-do-icms-st-da-base-de-calculo-da-cofins-e-do-pis\/#primaryimage"},"image":{"@id":"https:\/\/jornalfatosenoticias.com.br\/index.php\/2025\/01\/16\/exclusao-do-icms-st-da-base-de-calculo-da-cofins-e-do-pis\/#primaryimage"},"thumbnailUrl":"https:\/\/jornalfatosenoticias.com.br\/wp-content\/uploads\/2025\/01\/COFINS_PIS_FREEPIK.jpg","datePublished":"2025-01-16T18:56:42+00:00","dateModified":"2025-01-16T18:56:43+00:00","breadcrumb":{"@id":"https:\/\/jornalfatosenoticias.com.br\/index.php\/2025\/01\/16\/exclusao-do-icms-st-da-base-de-calculo-da-cofins-e-do-pis\/#breadcrumb"},"inLanguage":"pt-BR","potentialAction":[{"@type":"ReadAction","target":["https:\/\/jornalfatosenoticias.com.br\/index.php\/2025\/01\/16\/exclusao-do-icms-st-da-base-de-calculo-da-cofins-e-do-pis\/"]}]},{"@type":"ImageObject","inLanguage":"pt-BR","@id":"https:\/\/jornalfatosenoticias.com.br\/index.php\/2025\/01\/16\/exclusao-do-icms-st-da-base-de-calculo-da-cofins-e-do-pis\/#primaryimage","url":"https:\/\/jornalfatosenoticias.com.br\/wp-content\/uploads\/2025\/01\/COFINS_PIS_FREEPIK.jpg","contentUrl":"https:\/\/jornalfatosenoticias.com.br\/wp-content\/uploads\/2025\/01\/COFINS_PIS_FREEPIK.jpg","width":1000,"height":666,"caption":"Closeup of accountant counting on calculator and working with table"},{"@type":"BreadcrumbList","@id":"https:\/\/jornalfatosenoticias.com.br\/index.php\/2025\/01\/16\/exclusao-do-icms-st-da-base-de-calculo-da-cofins-e-do-pis\/#breadcrumb","itemListElement":[{"@type":"ListItem","position":1,"name":"In\u00edcio","item":"https:\/\/jornalfatosenoticias.com.br\/"},{"@type":"ListItem","position":2,"name":"Exclus\u00e3o do ICMS-ST da base de c\u00e1lculo da COFINS e do PIS"}]},{"@type":"WebSite","@id":"https:\/\/jornalfatosenoticias.com.br\/#website","url":"https:\/\/jornalfatosenoticias.com.br\/","name":"Jornal Fatos e Not\u00edcias","description":"Not\u00edcias em geral","publisher":{"@id":"https:\/\/jornalfatosenoticias.com.br\/#organization"},"potentialAction":[{"@type":"SearchAction","target":{"@type":"EntryPoint","urlTemplate":"https:\/\/jornalfatosenoticias.com.br\/?s={search_term_string}"},"query-input":{"@type":"PropertyValueSpecification","valueRequired":true,"valueName":"search_term_string"}}],"inLanguage":"pt-BR"},{"@type":"Organization","@id":"https:\/\/jornalfatosenoticias.com.br\/#organization","name":"Jornal Fatos e Not\u00edcias","url":"https:\/\/jornalfatosenoticias.com.br\/","logo":{"@type":"ImageObject","inLanguage":"pt-BR","@id":"https:\/\/jornalfatosenoticias.com.br\/#\/schema\/logo\/image\/","url":"https:\/\/jornalfatosenoticias.com.br\/wp-content\/uploads\/2020\/02\/logo120.png","contentUrl":"https:\/\/jornalfatosenoticias.com.br\/wp-content\/uploads\/2020\/02\/logo120.png","width":1227,"height":120,"caption":"Jornal Fatos e Not\u00edcias"},"image":{"@id":"https:\/\/jornalfatosenoticias.com.br\/#\/schema\/logo\/image\/"}},{"@type":"Person","@id":"https:\/\/jornalfatosenoticias.com.br\/#\/schema\/person\/d63837fa13ac8666eb9e74e0985d6f81","name":"Luzimara Fernandes","image":{"@type":"ImageObject","inLanguage":"pt-BR","@id":"https:\/\/jornalfatosenoticias.com.br\/#\/schema\/person\/image\/","url":"https:\/\/jornalfatosenoticias.com.br\/wp-content\/uploads\/2025\/05\/EU_portal.jpg","contentUrl":"https:\/\/jornalfatosenoticias.com.br\/wp-content\/uploads\/2025\/05\/EU_portal.jpg","caption":"Luzimara Fernandes"},"description":"Jornalista MTB 2358-ES","sameAs":["https:\/\/jornalfatosenoticias.com.br"],"url":"https:\/\/jornalfatosenoticias.com.br\/index.php\/author\/luzimara\/"}]}},"cc_featured_image_caption":{"caption_text":"(Foto: Freepik) ","source_text":"","source_url":""},"jetpack_featured_media_url":"https:\/\/jornalfatosenoticias.com.br\/wp-content\/uploads\/2025\/01\/COFINS_PIS_FREEPIK.jpg","_links":{"self":[{"href":"https:\/\/jornalfatosenoticias.com.br\/index.php\/wp-json\/wp\/v2\/posts\/56903","targetHints":{"allow":["GET"]}}],"collection":[{"href":"https:\/\/jornalfatosenoticias.com.br\/index.php\/wp-json\/wp\/v2\/posts"}],"about":[{"href":"https:\/\/jornalfatosenoticias.com.br\/index.php\/wp-json\/wp\/v2\/types\/post"}],"author":[{"embeddable":true,"href":"https:\/\/jornalfatosenoticias.com.br\/index.php\/wp-json\/wp\/v2\/users\/2"}],"replies":[{"embeddable":true,"href":"https:\/\/jornalfatosenoticias.com.br\/index.php\/wp-json\/wp\/v2\/comments?post=56903"}],"version-history":[{"count":0,"href":"https:\/\/jornalfatosenoticias.com.br\/index.php\/wp-json\/wp\/v2\/posts\/56903\/revisions"}],"wp:featuredmedia":[{"embeddable":true,"href":"https:\/\/jornalfatosenoticias.com.br\/index.php\/wp-json\/wp\/v2\/media\/56904"}],"wp:attachment":[{"href":"https:\/\/jornalfatosenoticias.com.br\/index.php\/wp-json\/wp\/v2\/media?parent=56903"}],"wp:term":[{"taxonomy":"category","embeddable":true,"href":"https:\/\/jornalfatosenoticias.com.br\/index.php\/wp-json\/wp\/v2\/categories?post=56903"},{"taxonomy":"post_tag","embeddable":true,"href":"https:\/\/jornalfatosenoticias.com.br\/index.php\/wp-json\/wp\/v2\/tags?post=56903"}],"curies":[{"name":"wp","href":"https:\/\/api.w.org\/{rel}","templated":true}]}}