{"id":56906,"date":"2025-01-20T09:44:40","date_gmt":"2025-01-20T12:44:40","guid":{"rendered":"https:\/\/jornalfatosenoticias.com.br\/?p=56906"},"modified":"2025-01-20T09:46:24","modified_gmt":"2025-01-20T12:46:24","slug":"espirito-santo-recebe-jamil-albuquerque-para-palestra-e-mentorias-exclusivas","status":"publish","type":"post","link":"https:\/\/jornalfatosenoticias.com.br\/index.php\/2025\/01\/20\/espirito-santo-recebe-jamil-albuquerque-para-palestra-e-mentorias-exclusivas\/","title":{"rendered":"Esp\u00edrito Santo recebe Jamil Albuquerque para palestra e mentorias exclusivas"},"content":{"rendered":"\n<p><em><span class=\"has-inline-color has-black-color\">Presidente da Funda\u00e7\u00e3o Napoleon Hill, estar\u00e1 na Grande Vit\u00f3ria entre os dias 4 e 9 de fevereiro<\/span><\/em><\/p>\n\n\n\n<div class=\"wp-block-image\"><figure class=\"aligncenter size-large\"><a href=\"https:\/\/mizu.com.br\/\"><img loading=\"lazy\" decoding=\"async\" width=\"729\" height=\"90\" src=\"https:\/\/jornalfatosenoticias.com.br\/wp-content\/uploads\/2020\/02\/Logo_Mizu.png\" alt=\"\" class=\"wp-image-1441\" srcset=\"https:\/\/jornalfatosenoticias.com.br\/wp-content\/uploads\/2020\/02\/Logo_Mizu.png 729w, https:\/\/jornalfatosenoticias.com.br\/wp-content\/uploads\/2020\/02\/Logo_Mizu-300x37.png 300w\" sizes=\"auto, (max-width: 729px) 100vw, 729px\" \/><\/a><\/figure><\/div>\n\n\n\n<p>Entre os dias 4 e 9 de fevereiro de 2025, a Grande Vit\u00f3ria ser\u00e1 palco de um dos eventos mais inspiradores do ano, com a presen\u00e7a de Jamil Albuquerque, presidente da Funda\u00e7\u00e3o Napoleon Hill no Brasil, economista, escritor e um dos principais nomes na forma\u00e7\u00e3o de l\u00edderes no pa\u00eds.<br>A programa\u00e7\u00e3o come\u00e7a no dia 4 de fevereiro com uma palestra exclusiva no evento do BNI Valor, que reunir\u00e1 empres\u00e1rios e profissionais interessados em elevar seus resultados por meio do networking de alta performance. <\/p>\n\n\n\n<div class=\"wp-block-image\"><figure class=\"aligncenter size-large is-resized\"><a href=\"https:\/\/www.instagram.com\/rcradiadores\/\"><img loading=\"lazy\" decoding=\"async\" src=\"https:\/\/jornalfatosenoticias.com.br\/wp-content\/uploads\/2022\/10\/RC_800x750_page-0001.jpg\" alt=\"\" class=\"wp-image-35338\" width=\"302\" height=\"283\" srcset=\"https:\/\/jornalfatosenoticias.com.br\/wp-content\/uploads\/2022\/10\/RC_800x750_page-0001.jpg 400w, https:\/\/jornalfatosenoticias.com.br\/wp-content\/uploads\/2022\/10\/RC_800x750_page-0001-300x281.jpg 300w\" sizes=\"auto, (max-width: 302px) 100vw, 302px\" \/><\/a><\/figure><\/div>\n\n\n\n<p><strong><span class=\"has-inline-color has-black-color\">Nos dias seguintes, Jamil conduzir\u00e1 mentorias exclusivas:<br><\/span>\u279c Planejamento Estrat\u00e9gico de Alto Impacto<\/strong> (5 e 6\/2)<br><strong>\u279c Vendas de Alto Valor Agregado <\/strong>(7 a 9\/2)<br>Essas sess\u00f5es representam uma oportunidade \u00edmpar para aprender diretamente com um dos maiores especialistas na aplica\u00e7\u00e3o pr\u00e1tica dos princ\u00edpios de Napoleon Hill, autor do cl\u00e1ssico &#8220;Quem Pensa Enriquece&#8221;. As mentorias s\u00e3o voltadas para profissionais e empres\u00e1rios que desejam transformar suas estrat\u00e9gias de neg\u00f3cios e ampliar significativamente seus resultados.<\/p>\n\n\n\n<div class=\"wp-block-image\"><figure class=\"aligncenter size-large is-resized\"><a href=\"https:\/\/www.instagram.com\/esteiochurrascaria\/\"><img loading=\"lazy\" decoding=\"async\" src=\"https:\/\/jornalfatosenoticias.com.br\/wp-content\/uploads\/2022\/02\/LOGO-ESTEIO-1024x730.png\" alt=\"\" class=\"wp-image-27942\" width=\"331\" height=\"236\" srcset=\"https:\/\/jornalfatosenoticias.com.br\/wp-content\/uploads\/2022\/02\/LOGO-ESTEIO-1024x730.png 1024w, https:\/\/jornalfatosenoticias.com.br\/wp-content\/uploads\/2022\/02\/LOGO-ESTEIO-300x214.png 300w, https:\/\/jornalfatosenoticias.com.br\/wp-content\/uploads\/2022\/02\/LOGO-ESTEIO-768x548.png 768w, https:\/\/jornalfatosenoticias.com.br\/wp-content\/uploads\/2022\/02\/LOGO-ESTEIO.png 1123w\" sizes=\"auto, (max-width: 331px) 100vw, 331px\" \/><\/a><\/figure><\/div>\n\n\n\n<blockquote class=\"wp-block-quote is-layout-flow wp-block-quote-is-layout-flow\"><p><span class=\"has-inline-color has-luminous-vivid-orange-color\">Estamos trazendo uma experi\u00eancia \u00fanica para a regi\u00e3o, unindo conhecimento pr\u00e1tico, inspira\u00e7\u00e3o e conex\u00f5es de alto valor\u201d, destaca Charles de La Vega, empres\u00e1rio e associado da MasterMind Esp\u00edrito Santo.<\/span><\/p><\/blockquote>\n\n\n\n<div class=\"wp-block-image\"><figure class=\"aligncenter size-large\"><img loading=\"lazy\" decoding=\"async\" width=\"300\" height=\"250\" src=\"https:\/\/jornalfatosenoticias.com.br\/wp-content\/uploads\/2022\/02\/Banner-2.png\" alt=\"\" class=\"wp-image-27877\"\/><\/figure><\/div>\n\n\n\n<blockquote class=\"wp-block-quote is-layout-flow wp-block-quote-is-layout-flow\"><p><span class=\"has-inline-color has-luminous-vivid-orange-color\">Em nota exclusiva, o presidente Jamil Albuquerque declarou: \u201ca MasterMind reconhece no BNI uma estrutura s\u00f3lida de forma\u00e7\u00e3o de alian\u00e7as de mentes e apoia eventos e iniciativas, pois acreditamos que temos uma vis\u00e3o empresarial de futuro em comum. Juntos, conseguimos transformar a realidade econ\u00f4mica e social das regi\u00f5es onde atuamos\u201d.<\/span><\/p><\/blockquote>\n\n\n\n<div class=\"wp-block-image\"><figure class=\"aligncenter size-large\"><a href=\"https:\/\/www.facebook.com\/vetor.vix\/\"><img loading=\"lazy\" decoding=\"async\" width=\"1024\" height=\"273\" src=\"https:\/\/jornalfatosenoticias.com.br\/wp-content\/uploads\/2023\/09\/vetorvix1024_1.jpg\" alt=\"\" class=\"wp-image-44868\" srcset=\"https:\/\/jornalfatosenoticias.com.br\/wp-content\/uploads\/2023\/09\/vetorvix1024_1.jpg 1024w, https:\/\/jornalfatosenoticias.com.br\/wp-content\/uploads\/2023\/09\/vetorvix1024_1-300x80.jpg 300w, https:\/\/jornalfatosenoticias.com.br\/wp-content\/uploads\/2023\/09\/vetorvix1024_1-768x205.jpg 768w\" sizes=\"auto, (max-width: 1024px) 100vw, 1024px\" \/><\/a><\/figure><\/div>\n\n\n\n<p>No BNI Valor, estamos presentes desde o primeiro ano da comunidade empresarial, onde j\u00e1 assumimos a presid\u00eancia com Andr\u00e9 Costa e Rodrigo Piona. Tamb\u00e9m participamos de outras duas comunidades: o BNI Portunus, cujas diretoras consultoras s\u00e3o J\u00faliana Pr\u00e1do e Milena Rohr. Al\u00e9m disso, estamos presentes em mais de 20 comunidades pelo Brasil e em outros pa\u00edses.<\/p>\n\n\n\n<div class=\"wp-block-image\"><figure class=\"aligncenter size-large is-resized\"><a href=\"https:\/\/www.instagram.com\/serra4x4cambioautomatico\/\"><img loading=\"lazy\" decoding=\"async\" src=\"https:\/\/jornalfatosenoticias.com.br\/wp-content\/uploads\/2024\/08\/Serra-4x4-1-886x1024.jpg\" alt=\"\" class=\"wp-image-53632\" width=\"273\" height=\"315\" srcset=\"https:\/\/jornalfatosenoticias.com.br\/wp-content\/uploads\/2024\/08\/Serra-4x4-1-886x1024.jpg 886w, https:\/\/jornalfatosenoticias.com.br\/wp-content\/uploads\/2024\/08\/Serra-4x4-1-260x300.jpg 260w, https:\/\/jornalfatosenoticias.com.br\/wp-content\/uploads\/2024\/08\/Serra-4x4-1-768x888.jpg 768w, https:\/\/jornalfatosenoticias.com.br\/wp-content\/uploads\/2024\/08\/Serra-4x4-1.jpg 1181w\" sizes=\"auto, (max-width: 273px) 100vw, 273px\" \/><\/a><\/figure><\/div>\n\n\n\n<p>Na Serra, nossa sede foi escolhida devido \u00e0 relev\u00e2ncia econ\u00f4mica da cidade. Somos associados da ASES e atuamos ativamente por meio do nosso diretor Charles de La Vega. Sabemos que s\u00e3o muitas as iniciativas necess\u00e1rias para transformar um pa\u00eds, e participamos de todas as que encontramos espa\u00e7o para colaborar.<\/p>\n\n\n\n<div class=\"wp-block-image\"><figure class=\"aligncenter size-large is-resized\"><a href=\"https:\/\/www.instagram.com\/vmais.midias\/\"><img loading=\"lazy\" decoding=\"async\" src=\"https:\/\/jornalfatosenoticias.com.br\/wp-content\/uploads\/2020\/02\/DE-MAIS-DESTAQUE-VMAIS-800X700.png\" alt=\"\" class=\"wp-image-53112\" width=\"303\" height=\"265\" srcset=\"https:\/\/jornalfatosenoticias.com.br\/wp-content\/uploads\/2020\/02\/DE-MAIS-DESTAQUE-VMAIS-800X700.png 800w, https:\/\/jornalfatosenoticias.com.br\/wp-content\/uploads\/2020\/02\/DE-MAIS-DESTAQUE-VMAIS-800X700-300x263.png 300w, https:\/\/jornalfatosenoticias.com.br\/wp-content\/uploads\/2020\/02\/DE-MAIS-DESTAQUE-VMAIS-800X700-768x672.png 768w\" sizes=\"auto, (max-width: 303px) 100vw, 303px\" \/><\/a><\/figure><\/div>\n\n\n\n<p>Os diretores locais promovem ativamente a cultura do Givers Gain (\u2018Quem d\u00e1, ganha\u2019). Tamb\u00e9m somos parceiros do Rotary em diversos estados do Brasil. Fomos, inclusive, fundadores do Rotary Club Serra Centen\u00e1rio, onde sou membro honor\u00e1rio, e nossas diretoras j\u00e1 assumiram a presid\u00eancia do clube\u201d.<\/p>\n\n\n\n<div class=\"wp-block-image\"><figure class=\"aligncenter size-large is-resized\"><a href=\"https:\/\/www.ithbrasil.com.br\/\"><img loading=\"lazy\" decoding=\"async\" src=\"https:\/\/jornalfatosenoticias.com.br\/wp-content\/uploads\/2023\/08\/ITH.jpeg\" alt=\"\" class=\"wp-image-44638\" width=\"309\" height=\"251\" srcset=\"https:\/\/jornalfatosenoticias.com.br\/wp-content\/uploads\/2023\/08\/ITH.jpeg 800w, https:\/\/jornalfatosenoticias.com.br\/wp-content\/uploads\/2023\/08\/ITH-300x244.jpeg 300w, https:\/\/jornalfatosenoticias.com.br\/wp-content\/uploads\/2023\/08\/ITH-768x624.jpeg 768w\" sizes=\"auto, (max-width: 309px) 100vw, 309px\" \/><\/a><\/figure><\/div>\n\n\n\n<p><strong><span class=\"has-inline-color has-black-color\"><span style=\"text-decoration: underline;\">Servi\u00e7os<br><\/span><\/span><\/strong><em>Evento de Neg\u00f3cios do BNI Valor: 4\/2\/2025<br><\/em><strong>Mentoria Planejamento Estrat\u00e9gico de Alto Impacto:<\/strong> 5 e 6\/2\/2025<br><strong>Mentoria Vendas de Alto Valor Agregado: <\/strong>7 a 9\/2\/2025<br><strong>Local: <\/strong>Laranjeiras, Serra<\/p>\n","protected":false},"excerpt":{"rendered":"<p>Presidente da Funda\u00e7\u00e3o Napoleon Hill, estar\u00e1 na Grande Vit\u00f3ria entre os dias 4 e 9 de fevereiro Entre os dias 4 e 9 de fevereiro de 2025, a Grande Vit\u00f3ria ser\u00e1 palco de um dos eventos mais inspiradores do ano, com a presen\u00e7a de Jamil Albuquerque, presidente da Funda\u00e7\u00e3o Napoleon Hill no Brasil, economista, escritor [&hellip;]<\/p>\n","protected":false},"author":37,"featured_media":56909,"comment_status":"open","ping_status":"open","sticky":false,"template":"","format":"standard","meta":{"footnotes":""},"categories":[5],"tags":[100,19019,2731,19021,25957,19667],"class_list":["post-56906","post","type-post","status-publish","format-standard","has-post-thumbnail","hentry","category-geral","tag-espirito-santo","tag-fundacao-napoleon-hill","tag-grande-vitoria","tag-jamil-albuquerque","tag-mentorias","tag-palestra"],"yoast_head":"<!-- This site is optimized with the Yoast SEO plugin v26.5 - https:\/\/yoast.com\/wordpress\/plugins\/seo\/ -->\n<title>Esp\u00edrito Santo recebe Jamil Albuquerque para palestra e mentorias exclusivas - Jornal Fatos e Not\u00edcias<\/title>\n<meta name=\"robots\" content=\"index, follow, max-snippet:-1, max-image-preview:large, max-video-preview:-1\" \/>\n<link rel=\"canonical\" href=\"https:\/\/jornalfatosenoticias.com.br\/index.php\/2025\/01\/20\/espirito-santo-recebe-jamil-albuquerque-para-palestra-e-mentorias-exclusivas\/\" \/>\n<meta property=\"og:locale\" content=\"pt_BR\" \/>\n<meta property=\"og:type\" content=\"article\" \/>\n<meta property=\"og:title\" content=\"Esp\u00edrito Santo recebe Jamil Albuquerque para palestra e mentorias exclusivas - Jornal Fatos e Not\u00edcias\" \/>\n<meta property=\"og:description\" content=\"Presidente da Funda\u00e7\u00e3o Napoleon Hill, estar\u00e1 na Grande Vit\u00f3ria entre os dias 4 e 9 de fevereiro Entre os dias 4 e 9 de fevereiro de 2025, a Grande Vit\u00f3ria ser\u00e1 palco de um dos eventos mais inspiradores do ano, com a presen\u00e7a de Jamil Albuquerque, presidente da Funda\u00e7\u00e3o Napoleon Hill no Brasil, economista, escritor [&hellip;]\" \/>\n<meta property=\"og:url\" content=\"https:\/\/jornalfatosenoticias.com.br\/index.php\/2025\/01\/20\/espirito-santo-recebe-jamil-albuquerque-para-palestra-e-mentorias-exclusivas\/\" \/>\n<meta property=\"og:site_name\" content=\"Jornal Fatos e Not\u00edcias\" \/>\n<meta property=\"article:published_time\" content=\"2025-01-20T12:44:40+00:00\" \/>\n<meta property=\"article:modified_time\" content=\"2025-01-20T12:46:24+00:00\" \/>\n<meta property=\"og:image\" content=\"https:\/\/jornalfatosenoticias.com.br\/wp-content\/uploads\/2025\/01\/jamil-albuquerque_capa.jpg\" \/>\n\t<meta property=\"og:image:width\" content=\"887\" \/>\n\t<meta property=\"og:image:height\" content=\"745\" \/>\n\t<meta property=\"og:image:type\" content=\"image\/jpeg\" \/>\n<meta name=\"author\" content=\"Milena Rohr\" \/>\n<meta name=\"twitter:card\" content=\"summary_large_image\" \/>\n<meta name=\"twitter:label1\" content=\"Escrito por\" \/>\n\t<meta name=\"twitter:data1\" content=\"Milena Rohr\" \/>\n\t<meta name=\"twitter:label2\" content=\"Est. tempo de leitura\" \/>\n\t<meta name=\"twitter:data2\" content=\"2 minutos\" \/>\n<script type=\"application\/ld+json\" class=\"yoast-schema-graph\">{\"@context\":\"https:\/\/schema.org\",\"@graph\":[{\"@type\":\"Article\",\"@id\":\"https:\/\/jornalfatosenoticias.com.br\/index.php\/2025\/01\/20\/espirito-santo-recebe-jamil-albuquerque-para-palestra-e-mentorias-exclusivas\/#article\",\"isPartOf\":{\"@id\":\"https:\/\/jornalfatosenoticias.com.br\/index.php\/2025\/01\/20\/espirito-santo-recebe-jamil-albuquerque-para-palestra-e-mentorias-exclusivas\/\"},\"author\":{\"name\":\"Milena Rohr\",\"@id\":\"https:\/\/jornalfatosenoticias.com.br\/#\/schema\/person\/bd76a40517f387e41cc072b0d3c7d627\"},\"headline\":\"Esp\u00edrito Santo recebe Jamil Albuquerque para palestra e mentorias exclusivas\",\"datePublished\":\"2025-01-20T12:44:40+00:00\",\"dateModified\":\"2025-01-20T12:46:24+00:00\",\"mainEntityOfPage\":{\"@id\":\"https:\/\/jornalfatosenoticias.com.br\/index.php\/2025\/01\/20\/espirito-santo-recebe-jamil-albuquerque-para-palestra-e-mentorias-exclusivas\/\"},\"wordCount\":476,\"commentCount\":0,\"publisher\":{\"@id\":\"https:\/\/jornalfatosenoticias.com.br\/#organization\"},\"image\":{\"@id\":\"https:\/\/jornalfatosenoticias.com.br\/index.php\/2025\/01\/20\/espirito-santo-recebe-jamil-albuquerque-para-palestra-e-mentorias-exclusivas\/#primaryimage\"},\"thumbnailUrl\":\"https:\/\/jornalfatosenoticias.com.br\/wp-content\/uploads\/2025\/01\/jamil-albuquerque_capa.jpg\",\"keywords\":[\"Esp\u00edrito Santo\",\"Funda\u00e7\u00e3o Napoleon Hill\",\"Grande Vit\u00f3ria\",\"Jamil Albuquerque\",\"mentorias\",\"palestra\"],\"articleSection\":[\"Geral\"],\"inLanguage\":\"pt-BR\",\"potentialAction\":[{\"@type\":\"CommentAction\",\"name\":\"Comment\",\"target\":[\"https:\/\/jornalfatosenoticias.com.br\/index.php\/2025\/01\/20\/espirito-santo-recebe-jamil-albuquerque-para-palestra-e-mentorias-exclusivas\/#respond\"]}]},{\"@type\":\"WebPage\",\"@id\":\"https:\/\/jornalfatosenoticias.com.br\/index.php\/2025\/01\/20\/espirito-santo-recebe-jamil-albuquerque-para-palestra-e-mentorias-exclusivas\/\",\"url\":\"https:\/\/jornalfatosenoticias.com.br\/index.php\/2025\/01\/20\/espirito-santo-recebe-jamil-albuquerque-para-palestra-e-mentorias-exclusivas\/\",\"name\":\"Esp\u00edrito Santo recebe Jamil Albuquerque para palestra e mentorias exclusivas - Jornal Fatos e Not\u00edcias\",\"isPartOf\":{\"@id\":\"https:\/\/jornalfatosenoticias.com.br\/#website\"},\"primaryImageOfPage\":{\"@id\":\"https:\/\/jornalfatosenoticias.com.br\/index.php\/2025\/01\/20\/espirito-santo-recebe-jamil-albuquerque-para-palestra-e-mentorias-exclusivas\/#primaryimage\"},\"image\":{\"@id\":\"https:\/\/jornalfatosenoticias.com.br\/index.php\/2025\/01\/20\/espirito-santo-recebe-jamil-albuquerque-para-palestra-e-mentorias-exclusivas\/#primaryimage\"},\"thumbnailUrl\":\"https:\/\/jornalfatosenoticias.com.br\/wp-content\/uploads\/2025\/01\/jamil-albuquerque_capa.jpg\",\"datePublished\":\"2025-01-20T12:44:40+00:00\",\"dateModified\":\"2025-01-20T12:46:24+00:00\",\"breadcrumb\":{\"@id\":\"https:\/\/jornalfatosenoticias.com.br\/index.php\/2025\/01\/20\/espirito-santo-recebe-jamil-albuquerque-para-palestra-e-mentorias-exclusivas\/#breadcrumb\"},\"inLanguage\":\"pt-BR\",\"potentialAction\":[{\"@type\":\"ReadAction\",\"target\":[\"https:\/\/jornalfatosenoticias.com.br\/index.php\/2025\/01\/20\/espirito-santo-recebe-jamil-albuquerque-para-palestra-e-mentorias-exclusivas\/\"]}]},{\"@type\":\"ImageObject\",\"inLanguage\":\"pt-BR\",\"@id\":\"https:\/\/jornalfatosenoticias.com.br\/index.php\/2025\/01\/20\/espirito-santo-recebe-jamil-albuquerque-para-palestra-e-mentorias-exclusivas\/#primaryimage\",\"url\":\"https:\/\/jornalfatosenoticias.com.br\/wp-content\/uploads\/2025\/01\/jamil-albuquerque_capa.jpg\",\"contentUrl\":\"https:\/\/jornalfatosenoticias.com.br\/wp-content\/uploads\/2025\/01\/jamil-albuquerque_capa.jpg\",\"width\":887,\"height\":745},{\"@type\":\"BreadcrumbList\",\"@id\":\"https:\/\/jornalfatosenoticias.com.br\/index.php\/2025\/01\/20\/espirito-santo-recebe-jamil-albuquerque-para-palestra-e-mentorias-exclusivas\/#breadcrumb\",\"itemListElement\":[{\"@type\":\"ListItem\",\"position\":1,\"name\":\"In\u00edcio\",\"item\":\"https:\/\/jornalfatosenoticias.com.br\/\"},{\"@type\":\"ListItem\",\"position\":2,\"name\":\"Esp\u00edrito Santo recebe Jamil Albuquerque para palestra e mentorias exclusivas\"}]},{\"@type\":\"WebSite\",\"@id\":\"https:\/\/jornalfatosenoticias.com.br\/#website\",\"url\":\"https:\/\/jornalfatosenoticias.com.br\/\",\"name\":\"Jornal Fatos e Not\u00edcias\",\"description\":\"Not\u00edcias em geral\",\"publisher\":{\"@id\":\"https:\/\/jornalfatosenoticias.com.br\/#organization\"},\"potentialAction\":[{\"@type\":\"SearchAction\",\"target\":{\"@type\":\"EntryPoint\",\"urlTemplate\":\"https:\/\/jornalfatosenoticias.com.br\/?s={search_term_string}\"},\"query-input\":{\"@type\":\"PropertyValueSpecification\",\"valueRequired\":true,\"valueName\":\"search_term_string\"}}],\"inLanguage\":\"pt-BR\"},{\"@type\":\"Organization\",\"@id\":\"https:\/\/jornalfatosenoticias.com.br\/#organization\",\"name\":\"Jornal Fatos e Not\u00edcias\",\"url\":\"https:\/\/jornalfatosenoticias.com.br\/\",\"logo\":{\"@type\":\"ImageObject\",\"inLanguage\":\"pt-BR\",\"@id\":\"https:\/\/jornalfatosenoticias.com.br\/#\/schema\/logo\/image\/\",\"url\":\"https:\/\/jornalfatosenoticias.com.br\/wp-content\/uploads\/2020\/02\/logo120.png\",\"contentUrl\":\"https:\/\/jornalfatosenoticias.com.br\/wp-content\/uploads\/2020\/02\/logo120.png\",\"width\":1227,\"height\":120,\"caption\":\"Jornal Fatos e Not\u00edcias\"},\"image\":{\"@id\":\"https:\/\/jornalfatosenoticias.com.br\/#\/schema\/logo\/image\/\"}},{\"@type\":\"Person\",\"@id\":\"https:\/\/jornalfatosenoticias.com.br\/#\/schema\/person\/bd76a40517f387e41cc072b0d3c7d627\",\"name\":\"Milena Rohr\",\"image\":{\"@type\":\"ImageObject\",\"inLanguage\":\"pt-BR\",\"@id\":\"https:\/\/jornalfatosenoticias.com.br\/#\/schema\/person\/image\/\",\"url\":\"https:\/\/jornalfatosenoticias.com.br\/wp-content\/uploads\/2026\/03\/Milena-Rohr_portal-150x150.jpg\",\"contentUrl\":\"https:\/\/jornalfatosenoticias.com.br\/wp-content\/uploads\/2026\/03\/Milena-Rohr_portal-150x150.jpg\",\"caption\":\"Milena Rohr\"},\"description\":\"Milena Rohr S\u00f3cia e diretora do MasterMind (Funda\u00e7\u00e3o Napoleon Hill), Gestora Empresarial, Embaixadora do BNI, Palestrante, Escritora, Colunista e Mentora FRST do Grupo Falconi\",\"url\":\"https:\/\/jornalfatosenoticias.com.br\/index.php\/author\/milena-rhor\/\"}]}<\/script>\n<!-- \/ Yoast SEO plugin. -->","yoast_head_json":{"title":"Esp\u00edrito Santo recebe Jamil Albuquerque para palestra e mentorias exclusivas - Jornal Fatos e Not\u00edcias","robots":{"index":"index","follow":"follow","max-snippet":"max-snippet:-1","max-image-preview":"max-image-preview:large","max-video-preview":"max-video-preview:-1"},"canonical":"https:\/\/jornalfatosenoticias.com.br\/index.php\/2025\/01\/20\/espirito-santo-recebe-jamil-albuquerque-para-palestra-e-mentorias-exclusivas\/","og_locale":"pt_BR","og_type":"article","og_title":"Esp\u00edrito Santo recebe Jamil Albuquerque para palestra e mentorias exclusivas - Jornal Fatos e Not\u00edcias","og_description":"Presidente da Funda\u00e7\u00e3o Napoleon Hill, estar\u00e1 na Grande Vit\u00f3ria entre os dias 4 e 9 de fevereiro Entre os dias 4 e 9 de fevereiro de 2025, a Grande Vit\u00f3ria ser\u00e1 palco de um dos eventos mais inspiradores do ano, com a presen\u00e7a de Jamil Albuquerque, presidente da Funda\u00e7\u00e3o Napoleon Hill no Brasil, economista, escritor [&hellip;]","og_url":"https:\/\/jornalfatosenoticias.com.br\/index.php\/2025\/01\/20\/espirito-santo-recebe-jamil-albuquerque-para-palestra-e-mentorias-exclusivas\/","og_site_name":"Jornal Fatos e Not\u00edcias","article_published_time":"2025-01-20T12:44:40+00:00","article_modified_time":"2025-01-20T12:46:24+00:00","og_image":[{"width":887,"height":745,"url":"https:\/\/jornalfatosenoticias.com.br\/wp-content\/uploads\/2025\/01\/jamil-albuquerque_capa.jpg","type":"image\/jpeg"}],"author":"Milena Rohr","twitter_card":"summary_large_image","twitter_misc":{"Escrito por":"Milena Rohr","Est. tempo de leitura":"2 minutos"},"schema":{"@context":"https:\/\/schema.org","@graph":[{"@type":"Article","@id":"https:\/\/jornalfatosenoticias.com.br\/index.php\/2025\/01\/20\/espirito-santo-recebe-jamil-albuquerque-para-palestra-e-mentorias-exclusivas\/#article","isPartOf":{"@id":"https:\/\/jornalfatosenoticias.com.br\/index.php\/2025\/01\/20\/espirito-santo-recebe-jamil-albuquerque-para-palestra-e-mentorias-exclusivas\/"},"author":{"name":"Milena Rohr","@id":"https:\/\/jornalfatosenoticias.com.br\/#\/schema\/person\/bd76a40517f387e41cc072b0d3c7d627"},"headline":"Esp\u00edrito Santo recebe Jamil Albuquerque para palestra e mentorias exclusivas","datePublished":"2025-01-20T12:44:40+00:00","dateModified":"2025-01-20T12:46:24+00:00","mainEntityOfPage":{"@id":"https:\/\/jornalfatosenoticias.com.br\/index.php\/2025\/01\/20\/espirito-santo-recebe-jamil-albuquerque-para-palestra-e-mentorias-exclusivas\/"},"wordCount":476,"commentCount":0,"publisher":{"@id":"https:\/\/jornalfatosenoticias.com.br\/#organization"},"image":{"@id":"https:\/\/jornalfatosenoticias.com.br\/index.php\/2025\/01\/20\/espirito-santo-recebe-jamil-albuquerque-para-palestra-e-mentorias-exclusivas\/#primaryimage"},"thumbnailUrl":"https:\/\/jornalfatosenoticias.com.br\/wp-content\/uploads\/2025\/01\/jamil-albuquerque_capa.jpg","keywords":["Esp\u00edrito Santo","Funda\u00e7\u00e3o Napoleon Hill","Grande Vit\u00f3ria","Jamil Albuquerque","mentorias","palestra"],"articleSection":["Geral"],"inLanguage":"pt-BR","potentialAction":[{"@type":"CommentAction","name":"Comment","target":["https:\/\/jornalfatosenoticias.com.br\/index.php\/2025\/01\/20\/espirito-santo-recebe-jamil-albuquerque-para-palestra-e-mentorias-exclusivas\/#respond"]}]},{"@type":"WebPage","@id":"https:\/\/jornalfatosenoticias.com.br\/index.php\/2025\/01\/20\/espirito-santo-recebe-jamil-albuquerque-para-palestra-e-mentorias-exclusivas\/","url":"https:\/\/jornalfatosenoticias.com.br\/index.php\/2025\/01\/20\/espirito-santo-recebe-jamil-albuquerque-para-palestra-e-mentorias-exclusivas\/","name":"Esp\u00edrito Santo recebe Jamil Albuquerque para palestra e mentorias exclusivas - Jornal Fatos e Not\u00edcias","isPartOf":{"@id":"https:\/\/jornalfatosenoticias.com.br\/#website"},"primaryImageOfPage":{"@id":"https:\/\/jornalfatosenoticias.com.br\/index.php\/2025\/01\/20\/espirito-santo-recebe-jamil-albuquerque-para-palestra-e-mentorias-exclusivas\/#primaryimage"},"image":{"@id":"https:\/\/jornalfatosenoticias.com.br\/index.php\/2025\/01\/20\/espirito-santo-recebe-jamil-albuquerque-para-palestra-e-mentorias-exclusivas\/#primaryimage"},"thumbnailUrl":"https:\/\/jornalfatosenoticias.com.br\/wp-content\/uploads\/2025\/01\/jamil-albuquerque_capa.jpg","datePublished":"2025-01-20T12:44:40+00:00","dateModified":"2025-01-20T12:46:24+00:00","breadcrumb":{"@id":"https:\/\/jornalfatosenoticias.com.br\/index.php\/2025\/01\/20\/espirito-santo-recebe-jamil-albuquerque-para-palestra-e-mentorias-exclusivas\/#breadcrumb"},"inLanguage":"pt-BR","potentialAction":[{"@type":"ReadAction","target":["https:\/\/jornalfatosenoticias.com.br\/index.php\/2025\/01\/20\/espirito-santo-recebe-jamil-albuquerque-para-palestra-e-mentorias-exclusivas\/"]}]},{"@type":"ImageObject","inLanguage":"pt-BR","@id":"https:\/\/jornalfatosenoticias.com.br\/index.php\/2025\/01\/20\/espirito-santo-recebe-jamil-albuquerque-para-palestra-e-mentorias-exclusivas\/#primaryimage","url":"https:\/\/jornalfatosenoticias.com.br\/wp-content\/uploads\/2025\/01\/jamil-albuquerque_capa.jpg","contentUrl":"https:\/\/jornalfatosenoticias.com.br\/wp-content\/uploads\/2025\/01\/jamil-albuquerque_capa.jpg","width":887,"height":745},{"@type":"BreadcrumbList","@id":"https:\/\/jornalfatosenoticias.com.br\/index.php\/2025\/01\/20\/espirito-santo-recebe-jamil-albuquerque-para-palestra-e-mentorias-exclusivas\/#breadcrumb","itemListElement":[{"@type":"ListItem","position":1,"name":"In\u00edcio","item":"https:\/\/jornalfatosenoticias.com.br\/"},{"@type":"ListItem","position":2,"name":"Esp\u00edrito Santo recebe Jamil Albuquerque para palestra e mentorias exclusivas"}]},{"@type":"WebSite","@id":"https:\/\/jornalfatosenoticias.com.br\/#website","url":"https:\/\/jornalfatosenoticias.com.br\/","name":"Jornal Fatos e Not\u00edcias","description":"Not\u00edcias em geral","publisher":{"@id":"https:\/\/jornalfatosenoticias.com.br\/#organization"},"potentialAction":[{"@type":"SearchAction","target":{"@type":"EntryPoint","urlTemplate":"https:\/\/jornalfatosenoticias.com.br\/?s={search_term_string}"},"query-input":{"@type":"PropertyValueSpecification","valueRequired":true,"valueName":"search_term_string"}}],"inLanguage":"pt-BR"},{"@type":"Organization","@id":"https:\/\/jornalfatosenoticias.com.br\/#organization","name":"Jornal Fatos e Not\u00edcias","url":"https:\/\/jornalfatosenoticias.com.br\/","logo":{"@type":"ImageObject","inLanguage":"pt-BR","@id":"https:\/\/jornalfatosenoticias.com.br\/#\/schema\/logo\/image\/","url":"https:\/\/jornalfatosenoticias.com.br\/wp-content\/uploads\/2020\/02\/logo120.png","contentUrl":"https:\/\/jornalfatosenoticias.com.br\/wp-content\/uploads\/2020\/02\/logo120.png","width":1227,"height":120,"caption":"Jornal Fatos e Not\u00edcias"},"image":{"@id":"https:\/\/jornalfatosenoticias.com.br\/#\/schema\/logo\/image\/"}},{"@type":"Person","@id":"https:\/\/jornalfatosenoticias.com.br\/#\/schema\/person\/bd76a40517f387e41cc072b0d3c7d627","name":"Milena Rohr","image":{"@type":"ImageObject","inLanguage":"pt-BR","@id":"https:\/\/jornalfatosenoticias.com.br\/#\/schema\/person\/image\/","url":"https:\/\/jornalfatosenoticias.com.br\/wp-content\/uploads\/2026\/03\/Milena-Rohr_portal-150x150.jpg","contentUrl":"https:\/\/jornalfatosenoticias.com.br\/wp-content\/uploads\/2026\/03\/Milena-Rohr_portal-150x150.jpg","caption":"Milena Rohr"},"description":"Milena Rohr S\u00f3cia e diretora do MasterMind (Funda\u00e7\u00e3o Napoleon Hill), Gestora Empresarial, Embaixadora do BNI, Palestrante, Escritora, Colunista e Mentora FRST do Grupo Falconi","url":"https:\/\/jornalfatosenoticias.com.br\/index.php\/author\/milena-rhor\/"}]}},"cc_featured_image_caption":{"caption_text":"(Foto: Assessoria de Comunica\u00e7\u00e3o) ","source_text":"","source_url":""},"jetpack_featured_media_url":"https:\/\/jornalfatosenoticias.com.br\/wp-content\/uploads\/2025\/01\/jamil-albuquerque_capa.jpg","_links":{"self":[{"href":"https:\/\/jornalfatosenoticias.com.br\/index.php\/wp-json\/wp\/v2\/posts\/56906","targetHints":{"allow":["GET"]}}],"collection":[{"href":"https:\/\/jornalfatosenoticias.com.br\/index.php\/wp-json\/wp\/v2\/posts"}],"about":[{"href":"https:\/\/jornalfatosenoticias.com.br\/index.php\/wp-json\/wp\/v2\/types\/post"}],"author":[{"embeddable":true,"href":"https:\/\/jornalfatosenoticias.com.br\/index.php\/wp-json\/wp\/v2\/users\/37"}],"replies":[{"embeddable":true,"href":"https:\/\/jornalfatosenoticias.com.br\/index.php\/wp-json\/wp\/v2\/comments?post=56906"}],"version-history":[{"count":0,"href":"https:\/\/jornalfatosenoticias.com.br\/index.php\/wp-json\/wp\/v2\/posts\/56906\/revisions"}],"wp:featuredmedia":[{"embeddable":true,"href":"https:\/\/jornalfatosenoticias.com.br\/index.php\/wp-json\/wp\/v2\/media\/56909"}],"wp:attachment":[{"href":"https:\/\/jornalfatosenoticias.com.br\/index.php\/wp-json\/wp\/v2\/media?parent=56906"}],"wp:term":[{"taxonomy":"category","embeddable":true,"href":"https:\/\/jornalfatosenoticias.com.br\/index.php\/wp-json\/wp\/v2\/categories?post=56906"},{"taxonomy":"post_tag","embeddable":true,"href":"https:\/\/jornalfatosenoticias.com.br\/index.php\/wp-json\/wp\/v2\/tags?post=56906"}],"curies":[{"name":"wp","href":"https:\/\/api.w.org\/{rel}","templated":true}]}}