{"id":56938,"date":"2025-01-20T14:37:48","date_gmt":"2025-01-20T17:37:48","guid":{"rendered":"https:\/\/jornalfatosenoticias.com.br\/?p=56938"},"modified":"2025-01-20T14:37:50","modified_gmt":"2025-01-20T17:37:50","slug":"direita-brasileira-aposta-em-trump-para-superar-impasse-institucional-no-pais","status":"publish","type":"post","link":"https:\/\/jornalfatosenoticias.com.br\/index.php\/2025\/01\/20\/direita-brasileira-aposta-em-trump-para-superar-impasse-institucional-no-pais\/","title":{"rendered":"Direita brasileira aposta em Trump para superar impasse institucional no pa\u00eds"},"content":{"rendered":"\n<p><em><span class=\"has-inline-color has-black-color\">Manifesta\u00e7\u00e3o na Avenida Paulista, em S\u00e3o Paulo, em 7 de setembro de 2021; manifesta\u00e7\u00f5es populares foram insuficientes para conter abusos do Judici\u00e1rio<\/span><\/em><\/p>\n\n\n\n<p><span class=\"has-inline-color has-black-color\">Por <strong><a href=\"https:\/\/www.gazetadopovo.com.br\/autor\/silvio-ribas\/\">S\u00edlvio Ribas<\/a><\/strong><\/span><\/p>\n\n\n\n<div class=\"wp-block-image\"><figure class=\"aligncenter size-large\"><a href=\"https:\/\/mizu.com.br\/\"><img loading=\"lazy\" decoding=\"async\" width=\"729\" height=\"90\" src=\"https:\/\/jornalfatosenoticias.com.br\/wp-content\/uploads\/2020\/02\/Logo_Mizu.png\" alt=\"\" class=\"wp-image-1441\" srcset=\"https:\/\/jornalfatosenoticias.com.br\/wp-content\/uploads\/2020\/02\/Logo_Mizu.png 729w, https:\/\/jornalfatosenoticias.com.br\/wp-content\/uploads\/2020\/02\/Logo_Mizu-300x37.png 300w\" sizes=\"auto, (max-width: 729px) 100vw, 729px\" \/><\/a><\/figure><\/div>\n\n\n\n<p>Parlamentares conservadores brasileiros depositam todas as suas fichas na volta da direita ao poder nos Estados Unidos, personificada pelo presidente eleito Donald Trump, como fator de mudan\u00e7a de cen\u00e1rio internacional e de press\u00e3o externa sobre autoridades para coibir a reiterada persegui\u00e7\u00e3o pol\u00edtica a l\u00edderes da direita.<br>Com o Judici\u00e1rio aparelhado politicamente e cada vez mais alinhado com o Executivo, al\u00e9m da atua\u00e7\u00e3o do Legislativo condicionada a interesses fisiol\u00f3gicos, o Brasil sofre abusos de poder que a oposi\u00e7\u00e3o n\u00e3o se cansa de denunciar, mas n\u00e3o consegue resolver, o que resulta em um impasse institucional aparentemente insol\u00favel.<\/p>\n\n\n\n<div class=\"wp-block-image\"><figure class=\"aligncenter size-large is-resized\"><a href=\"https:\/\/www.facebook.com\/profile.php?id=100069289606145\"><img loading=\"lazy\" decoding=\"async\" src=\"https:\/\/jornalfatosenoticias.com.br\/wp-content\/uploads\/2024\/11\/Guaitolini-Contabilidade-1024x714.jpeg\" alt=\"\" class=\"wp-image-55808\" width=\"342\" height=\"238\" srcset=\"https:\/\/jornalfatosenoticias.com.br\/wp-content\/uploads\/2024\/11\/Guaitolini-Contabilidade-1024x714.jpeg 1024w, https:\/\/jornalfatosenoticias.com.br\/wp-content\/uploads\/2024\/11\/Guaitolini-Contabilidade-300x209.jpeg 300w, https:\/\/jornalfatosenoticias.com.br\/wp-content\/uploads\/2024\/11\/Guaitolini-Contabilidade-768x535.jpeg 768w, https:\/\/jornalfatosenoticias.com.br\/wp-content\/uploads\/2024\/11\/Guaitolini-Contabilidade.jpeg 1280w\" sizes=\"auto, (max-width: 342px) 100vw, 342px\" \/><\/a><\/figure><\/div>\n\n\n\n<p>Ap\u00f3s a apertada vit\u00f3ria eleitoral de Luiz In\u00e1cio Lula da Silva (PT), parte da popula\u00e7\u00e3o acreditou que o Ex\u00e9rcito, com base no artigo 142 da Constitui\u00e7\u00e3o, atuaria como um &#8220;poder moderador&#8221; para retomar a ordem e salvar o Brasil. Mas tanto o Ex\u00e9rcito como o governo conclu\u00edram que isso seria inconstitucional. J\u00e1 no ano passado, a oposi\u00e7\u00e3o passou a apostar nas prerrogativas constitucionais do Senado e press\u00e3o popular para tentar conter o ativismo judicial. O povo foi \u00e0s ruas e parlamentares fizeram projetos para limitar os poderes do STF e derrubar ministros, mas as a\u00e7\u00f5es foram barradas pelas presid\u00eancias do Senado e da C\u00e2mara. Ap\u00f3s todas essas frustra\u00e7\u00f5es, as aten\u00e7\u00f5es da oposi\u00e7\u00e3o e de boa parte da popula\u00e7\u00e3o agora se voltam ao exterior.<\/p>\n\n\n\n<div class=\"wp-block-image\"><figure class=\"aligncenter size-large is-resized\"><a href=\"https:\/\/hotelmarquetti.com.br\/\"><img loading=\"lazy\" decoding=\"async\" src=\"https:\/\/jornalfatosenoticias.com.br\/wp-content\/uploads\/2023\/03\/nova-logo-Marquetti.jpg\" alt=\"\" class=\"wp-image-40207\" width=\"346\" height=\"232\" srcset=\"https:\/\/jornalfatosenoticias.com.br\/wp-content\/uploads\/2023\/03\/nova-logo-Marquetti.jpg 643w, https:\/\/jornalfatosenoticias.com.br\/wp-content\/uploads\/2023\/03\/nova-logo-Marquetti-300x202.jpg 300w\" sizes=\"auto, (max-width: 346px) 100vw, 346px\" \/><\/a><\/figure><\/div>\n\n\n\n<p>Trump tomar\u00e1 posse na Presid\u00eancia dos EUA nesta segunda-feira (20) em cerim\u00f4nia que contar\u00e1 com parlamentares brasileiros. Jair Bolsonaro (PL) foi convidado, mas n\u00e3o p\u00f4de viajar, j\u00e1 que o ministro Alexandre de Moraes negou o pedido de liberar o passaporte do ex-presidente. Ele ser\u00e1 representado pela ex-primeira-dama, Michelle Bolsonaro, e por seu filho, o deputado Eduardo Bolsonaro.<\/p>\n\n\n\n<div class=\"wp-block-image\"><figure class=\"aligncenter size-large\"><a href=\"http:\/\/www.ferrarimaquinas.com.br\/\"><img loading=\"lazy\" decoding=\"async\" width=\"300\" height=\"250\" src=\"https:\/\/jornalfatosenoticias.com.br\/wp-content\/uploads\/2022\/02\/FERRARI_MAQUINAS-E-FERRAMENTAS2.jpg\" alt=\"\" class=\"wp-image-27860\"\/><\/a><\/figure><\/div>\n\n\n\n<p>A oposi\u00e7\u00e3o tamb\u00e9m espera o apoio do bilion\u00e1rio Elon Musk, que teve sua rede social X tirada do ar no Brasil por decis\u00e3o do ministro do STF Alexandre de Moraes. A era Trump come\u00e7a com Musk como um dos mais poderosos do novo governo americano. Isso acende esperan\u00e7as no Brasil sobre uma normaliza\u00e7\u00e3o dos poderes do Judici\u00e1rio e um novo vigor na luta pela liberdade de express\u00e3o.<\/p>\n\n\n\n<div class=\"wp-block-image\"><figure class=\"aligncenter size-large is-resized\"><a href=\"https:\/\/www.instagram.com\/restaurantepegoretti\/\"><img loading=\"lazy\" decoding=\"async\" src=\"https:\/\/jornalfatosenoticias.com.br\/wp-content\/uploads\/2023\/12\/pegoretti-logo-pdf-1024x389.jpg\" alt=\"\" class=\"wp-image-47536\" width=\"472\" height=\"179\" srcset=\"https:\/\/jornalfatosenoticias.com.br\/wp-content\/uploads\/2023\/12\/pegoretti-logo-pdf-1024x389.jpg 1024w, https:\/\/jornalfatosenoticias.com.br\/wp-content\/uploads\/2023\/12\/pegoretti-logo-pdf-300x114.jpg 300w, https:\/\/jornalfatosenoticias.com.br\/wp-content\/uploads\/2023\/12\/pegoretti-logo-pdf-768x291.jpg 768w, https:\/\/jornalfatosenoticias.com.br\/wp-content\/uploads\/2023\/12\/pegoretti-logo-pdf.jpg 1120w\" sizes=\"auto, (max-width: 472px) 100vw, 472px\" \/><\/a><\/figure><\/div>\n\n\n\n<p><strong><span class=\"has-inline-color has-black-color\">Parlamentares festejam as primeiras mudan\u00e7as pol\u00edticas com vit\u00f3ria de Trump<br><\/span><\/strong>Deputados da oposi\u00e7\u00e3o, como Bia Kicis (PL-DF) e Maur\u00edcio Marcon (Podemos-RS), j\u00e1 v\u00eam destacando a mudan\u00e7a nos rumos da pol\u00edtica internacional, em favor da agenda conservadora, desde a vit\u00f3ria eleitoral de Trump. Eles acreditam que a ajuda externa pode impactar efetivamente o comportamento do STF. No Senado, as impress\u00f5es se repetiram. O senador Marcos Rog\u00e9rio (PL-RO) comemorou a vit\u00f3ria de Trump nas urnas, avaliando que o retorno do republicano refor\u00e7a o avan\u00e7o da direita no cen\u00e1rio global. Para Dr. Hiran (PP-RR), Trump ganhou em raz\u00e3o da piora econ\u00f4mica, sobretudo com a infla\u00e7\u00e3o, no governo do democrata Joe Biden.<\/p>\n\n\n\n<div class=\"wp-block-image\"><figure class=\"aligncenter size-large\"><a href=\"https:\/\/cesconetto.com.br\/\"><img loading=\"lazy\" decoding=\"async\" width=\"300\" height=\"250\" src=\"https:\/\/jornalfatosenoticias.com.br\/wp-content\/uploads\/2020\/02\/Banner-2.png\" alt=\"\" class=\"wp-image-43787\"\/><\/a><\/figure><\/div>\n\n\n\n<p>Essa empolga\u00e7\u00e3o ocorre por causa do chamado &#8220;efeito Trump&#8221;. No Canad\u00e1, o primeiro-ministro Justin Trudeau iniciou um processo de ren\u00fancia ap\u00f3s o presidente eleito americano amea\u00e7ar taxar as exporta\u00e7\u00f5es canadenses em 25% se o pa\u00eds n\u00e3o melhorasse a seguran\u00e7a na fronteira. Trudeau n\u00e3o reagiu r\u00e1pido e seu governo caiu.<\/p>\n\n\n\n<div class=\"wp-block-image\"><figure class=\"aligncenter size-large\"><a href=\"https:\/\/www.facebook.com\/vetor.vix\/\"><img loading=\"lazy\" decoding=\"async\" width=\"1024\" height=\"273\" src=\"https:\/\/jornalfatosenoticias.com.br\/wp-content\/uploads\/2023\/09\/vetorvix1024_1.jpg\" alt=\"\" class=\"wp-image-44868\" srcset=\"https:\/\/jornalfatosenoticias.com.br\/wp-content\/uploads\/2023\/09\/vetorvix1024_1.jpg 1024w, https:\/\/jornalfatosenoticias.com.br\/wp-content\/uploads\/2023\/09\/vetorvix1024_1-300x80.jpg 300w, https:\/\/jornalfatosenoticias.com.br\/wp-content\/uploads\/2023\/09\/vetorvix1024_1-768x205.jpg 768w\" sizes=\"auto, (max-width: 1024px) 100vw, 1024px\" \/><\/a><\/figure><\/div>\n\n\n\n<p>Na Alemanha, o fator Trump teve alguma participa\u00e7\u00e3o na queda do chanceler Olaf Scholz no ano passado, segundo analistas. Ele tentou elevar o teto de gastos do pa\u00eds para investir na \u00e1rea militar no fim de 2024 (quase tr\u00eas anos depois do chefe das For\u00e7as Armadas afirmar que o pa\u00eds tinha vergonha do estado de suas for\u00e7as militares e a sua incapacidade de enfrentar a R\u00fassia).<\/p>\n\n\n\n<div class=\"wp-block-image\"><figure class=\"aligncenter size-large is-resized\"><a href=\"https:\/\/www.controlsystems.com.br\/\"><img loading=\"lazy\" decoding=\"async\" src=\"https:\/\/jornalfatosenoticias.com.br\/wp-content\/uploads\/2020\/02\/CONTROL-CS.jpg\" alt=\"\" class=\"wp-image-44991\" width=\"322\" height=\"386\" srcset=\"https:\/\/jornalfatosenoticias.com.br\/wp-content\/uploads\/2020\/02\/CONTROL-CS.jpg 834w, https:\/\/jornalfatosenoticias.com.br\/wp-content\/uploads\/2020\/02\/CONTROL-CS-250x300.jpg 250w, https:\/\/jornalfatosenoticias.com.br\/wp-content\/uploads\/2020\/02\/CONTROL-CS-768x921.jpg 768w\" sizes=\"auto, (max-width: 322px) 100vw, 322px\" \/><\/a><\/figure><\/div>\n\n\n\n<p>Mas a tentativa de injetar dinheiro aconteceu muito tarde: a derrota de Joe Biden, do Partido Democrata dos Estados Unidos, acabou com a garantia de que a Alemanha teria mais tempo de aumentar seus gastos aos poucos, ainda sob a prote\u00e7\u00e3o dos Estados Unidos. Trump amea\u00e7a tirar os Estados Unidos da Otan (alian\u00e7a militar ocidental) se os europeus n\u00e3o ajudarem a pagar a conta. Em com\u00edcio no domingo (19) Trump tamb\u00e9m atribuiu a si mesmo a implementa\u00e7\u00e3o de um cessar-fogo entre Israel e o grupo terrorista Hamas e disse que o mundo n\u00e3o veria 100 primeiros dias de governo t\u00e3o intensos como ser\u00e3o os dele.<\/p>\n\n\n\n<div class=\"wp-block-image\"><figure class=\"aligncenter size-large is-resized\"><a href=\"https:\/\/www.ithbrasil.com.br\/\"><img loading=\"lazy\" decoding=\"async\" src=\"https:\/\/jornalfatosenoticias.com.br\/wp-content\/uploads\/2023\/08\/ITH.jpeg\" alt=\"\" class=\"wp-image-44638\" width=\"325\" height=\"264\" srcset=\"https:\/\/jornalfatosenoticias.com.br\/wp-content\/uploads\/2023\/08\/ITH.jpeg 800w, https:\/\/jornalfatosenoticias.com.br\/wp-content\/uploads\/2023\/08\/ITH-300x244.jpeg 300w, https:\/\/jornalfatosenoticias.com.br\/wp-content\/uploads\/2023\/08\/ITH-768x624.jpeg 768w\" sizes=\"auto, (max-width: 325px) 100vw, 325px\" \/><\/a><\/figure><\/div>\n\n\n\n<p>A esperan\u00e7a brasileira \u00e9 que Trump d\u00ea aten\u00e7\u00e3o para os assuntos do Brasil. Segundo uma reportagem do jornal americano Wall Street Journal da semana passada, assessores pr\u00f3ximos de Trump disseram que ele est\u00e1 aberto para usar a eleva\u00e7\u00e3o de tarifas comerciais para pressionar o Brasil e outros pa\u00edses que ele entenda que estejam usando estrat\u00e9gias esquerdistas de instrumentalizar a Justi\u00e7a para atacar opositores.<\/p>\n\n\n\n<div class=\"wp-block-image\"><figure class=\"aligncenter size-large is-resized\"><a href=\"https:\/\/www.legisjuris.com.br\/\"><img loading=\"lazy\" decoding=\"async\" src=\"https:\/\/jornalfatosenoticias.com.br\/wp-content\/uploads\/2024\/09\/Legis-Juris-Consultoria_logo.jpg\" alt=\"\" class=\"wp-image-53915\" width=\"418\" height=\"175\" srcset=\"https:\/\/jornalfatosenoticias.com.br\/wp-content\/uploads\/2024\/09\/Legis-Juris-Consultoria_logo.jpg 969w, https:\/\/jornalfatosenoticias.com.br\/wp-content\/uploads\/2024\/09\/Legis-Juris-Consultoria_logo-300x126.jpg 300w, https:\/\/jornalfatosenoticias.com.br\/wp-content\/uploads\/2024\/09\/Legis-Juris-Consultoria_logo-768x322.jpg 768w\" sizes=\"auto, (max-width: 418px) 100vw, 418px\" \/><\/a><\/figure><\/div>\n\n\n\n<p>Mas os ministros do STF, por ora, tentam n\u00e3o parecer intimidados. O principal exemplo foi a nega\u00e7\u00e3o do pedido do ex-presidente Jair Bolsonaro de reaver seu passaporte para participar da posse de Trump na tarde desta segunda-feira (20). Para Daniel Afonso Silva, pesquisador de pol\u00edtica externa da USP, a volta de Trump ao poder n\u00e3o deve ser vista como um fator determinante e imediato para beneficiar a direita brasileira, porque os EUA j\u00e1 t\u00eam outras prioridades globais, como as guerras no Leste Europeu e Oriente M\u00e9dio.<\/p>\n\n\n\n<div class=\"wp-block-image\"><figure class=\"aligncenter size-large is-resized\"><a href=\"https:\/\/www.instagram.com\/esteiochurrascaria\/\"><img loading=\"lazy\" decoding=\"async\" src=\"https:\/\/jornalfatosenoticias.com.br\/wp-content\/uploads\/2022\/02\/LOGO-ESTEIO-1024x730.png\" alt=\"\" class=\"wp-image-27942\" width=\"350\" height=\"249\" srcset=\"https:\/\/jornalfatosenoticias.com.br\/wp-content\/uploads\/2022\/02\/LOGO-ESTEIO-1024x730.png 1024w, https:\/\/jornalfatosenoticias.com.br\/wp-content\/uploads\/2022\/02\/LOGO-ESTEIO-300x214.png 300w, https:\/\/jornalfatosenoticias.com.br\/wp-content\/uploads\/2022\/02\/LOGO-ESTEIO-768x548.png 768w, https:\/\/jornalfatosenoticias.com.br\/wp-content\/uploads\/2022\/02\/LOGO-ESTEIO.png 1123w\" sizes=\"auto, (max-width: 350px) 100vw, 350px\" \/><\/a><\/figure><\/div>\n\n\n\n<blockquote class=\"wp-block-quote is-layout-flow wp-block-quote-is-layout-flow\"><p><span class=\"has-inline-color has-luminous-vivid-orange-color\">Com quest\u00f5es acerca de China e Europa, o Brasil est\u00e1 bem longe de ser assunto urgente [para o novo presidente dos EUA]\u201d, avalia o professor. Ainda assim, ele v\u00ea o convite de Bolsonaro para a posse de Trump como um constrangimento para o establishment brasileiro.<\/span><\/p><\/blockquote>\n\n\n\n<div class=\"wp-block-image\"><figure class=\"aligncenter size-large is-resized\"><a href=\"https:\/\/panper.com.br\/\"><img loading=\"lazy\" decoding=\"async\" src=\"https:\/\/jornalfatosenoticias.com.br\/wp-content\/uploads\/2023\/03\/logo-Panper_portal.jpg\" alt=\"\" class=\"wp-image-40208\" width=\"329\" height=\"228\" srcset=\"https:\/\/jornalfatosenoticias.com.br\/wp-content\/uploads\/2023\/03\/logo-Panper_portal.jpg 400w, https:\/\/jornalfatosenoticias.com.br\/wp-content\/uploads\/2023\/03\/logo-Panper_portal-300x208.jpg 300w\" sizes=\"auto, (max-width: 329px) 100vw, 329px\" \/><\/a><\/figure><\/div>\n\n\n\n<p>Mas h\u00e1 um outro fator em jogo: a imagem internacional de Trump. Mesmo que ele tenha preocupa\u00e7\u00f5es mais imediatas, como a deporta\u00e7\u00e3o de imigrantes nos Estados Unidos e a rivalidade com a China, ele n\u00e3o pode mandar um recado internacional de que n\u00e3o se importa com seus aliados da direita \u2014 e Bolsonaro \u00e9 o que est\u00e1 em pior situa\u00e7\u00e3o. Por isso, h\u00e1 uma possibilidade real que interceda em favor de Bolsonaro.<\/p>\n\n\n\n<div class=\"wp-block-image\"><figure class=\"aligncenter size-large is-resized\"><a href=\"https:\/\/www.facebook.com\/postobkr\/?locale=pt_BR\"><img loading=\"lazy\" decoding=\"async\" src=\"https:\/\/jornalfatosenoticias.com.br\/wp-content\/uploads\/2023\/08\/BKR-1024x1021.jpg\" alt=\"\" class=\"wp-image-44494\" width=\"323\" height=\"322\" srcset=\"https:\/\/jornalfatosenoticias.com.br\/wp-content\/uploads\/2023\/08\/BKR-1024x1021.jpg 1024w, https:\/\/jornalfatosenoticias.com.br\/wp-content\/uploads\/2023\/08\/BKR-300x300.jpg 300w, https:\/\/jornalfatosenoticias.com.br\/wp-content\/uploads\/2023\/08\/BKR-150x150.jpg 150w, https:\/\/jornalfatosenoticias.com.br\/wp-content\/uploads\/2023\/08\/BKR-768x766.jpg 768w, https:\/\/jornalfatosenoticias.com.br\/wp-content\/uploads\/2023\/08\/BKR.jpg 1080w\" sizes=\"auto, (max-width: 323px) 100vw, 323px\" \/><\/a><\/figure><\/div>\n\n\n\n<p>Eduardo Bolsonaro afirmou, no fim de semana, que pode ocorrer um impacto concreto inicial. Ele v\u00ea a possibilidade de san\u00e7\u00f5es individuais contra ministros do Supremo, como por exemplo, o cancelamento do visto de entrada nos Estados Unidos para o ministro Alexandre de Moraes. Seu pai, Jair Bolsonaro, que \u00e9 muito pr\u00f3ximo a Trump, vai al\u00e9m e diz que o novo presidente americano pode agir diretamente para reverter sua inelegibilidade. Mas ele n\u00e3o deu detalhes de como isso pode acontecer.<\/p>\n\n\n\n<div class=\"wp-block-image\"><figure class=\"aligncenter size-large is-resized\"><a href=\"https:\/\/www.instagram.com\/rcradiadores\/\"><img loading=\"lazy\" decoding=\"async\" src=\"https:\/\/jornalfatosenoticias.com.br\/wp-content\/uploads\/2022\/10\/RC_800x750_page-0001.jpg\" alt=\"\" class=\"wp-image-35338\" width=\"319\" height=\"299\" srcset=\"https:\/\/jornalfatosenoticias.com.br\/wp-content\/uploads\/2022\/10\/RC_800x750_page-0001.jpg 400w, https:\/\/jornalfatosenoticias.com.br\/wp-content\/uploads\/2022\/10\/RC_800x750_page-0001-300x281.jpg 300w\" sizes=\"auto, (max-width: 319px) 100vw, 319px\" \/><\/a><\/figure><\/div>\n\n\n\n<p><strong><span class=\"has-inline-color has-black-color\">Para analista, movimentos de bastidores podem provocar melhores resultados<br><\/span><\/strong>Adriano Gianturco, coordenador do curso de Rela\u00e7\u00f5es Internacionais do Ibmec de Belo Horizonte, entende a empolga\u00e7\u00e3o dos parlamentares brasileiros com Trump como uma esperan\u00e7a ap\u00f3s uma avalia\u00e7\u00e3o realista do contexto atual, de esgotamento de possibilidades concretas de rea\u00e7\u00e3o no plano dom\u00e9stico.<\/p>\n\n\n\n<blockquote class=\"wp-block-quote is-layout-flow wp-block-quote-is-layout-flow\"><p><span class=\"has-inline-color has-luminous-vivid-orange-color\">Todos os recursos jur\u00eddicos e pol\u00edticos foram usados e nada mais pode ser feito para mudar o cen\u00e1rio nos curto e m\u00e9dio prazos\u201d, diz. Assim, ao mirar a ajuda de outros pa\u00edses e de cortes internacionais, a oposi\u00e7\u00e3o ao governo de Lula faz, segundo o analista, uma aposta consciente em for\u00e7as de fora.<\/span><\/p><\/blockquote>\n\n\n\n<div class=\"wp-block-image\"><figure class=\"aligncenter size-large is-resized\"><a href=\"https:\/\/www.instagram.com\/serra4x4cambioautomatico\/\"><img loading=\"lazy\" decoding=\"async\" src=\"https:\/\/jornalfatosenoticias.com.br\/wp-content\/uploads\/2024\/08\/Serra-4x4-1-886x1024.jpg\" alt=\"\" class=\"wp-image-53632\" width=\"345\" height=\"399\" srcset=\"https:\/\/jornalfatosenoticias.com.br\/wp-content\/uploads\/2024\/08\/Serra-4x4-1-886x1024.jpg 886w, https:\/\/jornalfatosenoticias.com.br\/wp-content\/uploads\/2024\/08\/Serra-4x4-1-260x300.jpg 260w, https:\/\/jornalfatosenoticias.com.br\/wp-content\/uploads\/2024\/08\/Serra-4x4-1-768x888.jpg 768w, https:\/\/jornalfatosenoticias.com.br\/wp-content\/uploads\/2024\/08\/Serra-4x4-1.jpg 1181w\" sizes=\"auto, (max-width: 345px) 100vw, 345px\" \/><\/a><\/figure><\/div>\n\n\n\n<p>Gianturco tamb\u00e9m n\u00e3o acredita que, apesar da proximidade pol\u00edtica de Trump e Bolsonaro, e do interesse pessoal com a situa\u00e7\u00e3o brasileira de figuras pr\u00f3ximas do presidente republicano, como Elon Musk, o pa\u00eds ainda n\u00e3o est\u00e1 entre as prioridades internacionais do novo governo americano.<\/p>\n\n\n\n<div class=\"wp-block-image\"><figure class=\"aligncenter size-large is-resized\"><a href=\"https:\/\/www.instagram.com\/restaurantepegoretti\/\"><img loading=\"lazy\" decoding=\"async\" src=\"https:\/\/jornalfatosenoticias.com.br\/wp-content\/uploads\/2023\/12\/pegoretti-logo-pdf-1024x389.jpg\" alt=\"\" class=\"wp-image-47536\" width=\"424\" height=\"161\" srcset=\"https:\/\/jornalfatosenoticias.com.br\/wp-content\/uploads\/2023\/12\/pegoretti-logo-pdf-1024x389.jpg 1024w, https:\/\/jornalfatosenoticias.com.br\/wp-content\/uploads\/2023\/12\/pegoretti-logo-pdf-300x114.jpg 300w, https:\/\/jornalfatosenoticias.com.br\/wp-content\/uploads\/2023\/12\/pegoretti-logo-pdf-768x291.jpg 768w, https:\/\/jornalfatosenoticias.com.br\/wp-content\/uploads\/2023\/12\/pegoretti-logo-pdf.jpg 1120w\" sizes=\"auto, (max-width: 424px) 100vw, 424px\" \/><\/a><\/figure><\/div>\n\n\n\n<p>O professor acrescenta que mesmo sem resultados pr\u00e1ticos ap\u00f3s a\u00e7\u00f5es pol\u00edticas, como eventual retirada de vistos de entrada nos EUA para ministros do STF, a oposi\u00e7\u00e3o pode encontrar solu\u00e7\u00f5es de bastidores. Uma delas pode ser contar com o apoio americano no campo da intelig\u00eancia, para trazer a p\u00fablico eventuais decis\u00f5es e a\u00e7\u00f5es do governo brasileiro que podem gerar insatisfa\u00e7\u00e3o geral da popula\u00e7\u00e3o contra figuras do governo Lula e do Supremo que tornem suas posi\u00e7\u00f5es insustent\u00e1veis politicamente.<\/p>\n\n\n\n<div class=\"wp-block-image\"><figure class=\"aligncenter size-large is-resized\"><a href=\"https:\/\/www.instagram.com\/ligadossaborespizzaria\/\"><img loading=\"lazy\" decoding=\"async\" src=\"https:\/\/jornalfatosenoticias.com.br\/wp-content\/uploads\/2020\/02\/WhatsApp-Image-2024-10-02-at-08.18.14-819x1024.jpeg\" alt=\"\" class=\"wp-image-54612\" width=\"351\" height=\"439\" srcset=\"https:\/\/jornalfatosenoticias.com.br\/wp-content\/uploads\/2020\/02\/WhatsApp-Image-2024-10-02-at-08.18.14-819x1024.jpeg 819w, https:\/\/jornalfatosenoticias.com.br\/wp-content\/uploads\/2020\/02\/WhatsApp-Image-2024-10-02-at-08.18.14-240x300.jpeg 240w, https:\/\/jornalfatosenoticias.com.br\/wp-content\/uploads\/2020\/02\/WhatsApp-Image-2024-10-02-at-08.18.14-768x960.jpeg 768w, https:\/\/jornalfatosenoticias.com.br\/wp-content\/uploads\/2020\/02\/WhatsApp-Image-2024-10-02-at-08.18.14.jpeg 1024w\" sizes=\"auto, (max-width: 351px) 100vw, 351px\" \/><\/a><\/figure><\/div>\n\n\n\n<p><strong><span class=\"has-inline-color has-black-color\">Governo e STF reagem a mudan\u00e7as nas redes sociais influenciadas por Trump<br><\/span><\/strong>Os dias que antecedem a posse de Trump aceleraram profundas mudan\u00e7as pol\u00edticas em curso no mundo. Nesse per\u00edodo j\u00e1 se efetivaram revers\u00f5es nas pol\u00edticas de controle de conte\u00fado em plataformas digitais, a emerg\u00eancia e a queda de l\u00edderes nacionais e o surgimento de novas tens\u00f5es na geopol\u00edtica. O an\u00fancio feito pela Meta \u2014 dona de Facebook, Instagram, Threads e WhatsApp \u2014 de que encerrar\u00e1 servi\u00e7os de checagem de fatos nas suas redes dos Estados Unidos produziu r\u00e1pida e ostensiva rea\u00e7\u00e3o do governo Lula e de ministros do STF, que cobram esclarecimentos sobre novos rumos da empresa.<\/p>\n\n\n\n<div class=\"wp-block-image\"><figure class=\"aligncenter size-large is-resized\"><a href=\"https:\/\/www.instagram.com\/vmais.midias\/\"><img loading=\"lazy\" decoding=\"async\" src=\"https:\/\/jornalfatosenoticias.com.br\/wp-content\/uploads\/2020\/02\/DE-MAIS-DESTAQUE-VMAIS-800X700.png\" alt=\"\" class=\"wp-image-53112\" width=\"328\" height=\"286\" srcset=\"https:\/\/jornalfatosenoticias.com.br\/wp-content\/uploads\/2020\/02\/DE-MAIS-DESTAQUE-VMAIS-800X700.png 800w, https:\/\/jornalfatosenoticias.com.br\/wp-content\/uploads\/2020\/02\/DE-MAIS-DESTAQUE-VMAIS-800X700-300x263.png 300w, https:\/\/jornalfatosenoticias.com.br\/wp-content\/uploads\/2020\/02\/DE-MAIS-DESTAQUE-VMAIS-800X700-768x672.png 768w\" sizes=\"auto, (max-width: 328px) 100vw, 328px\" \/><\/a><\/figure><\/div>\n\n\n\n<p>O ministro Jorge Messias, da Advocacia-Geral da Uni\u00e3o (AGU), notificou extrajudicialmente a Meta para explicar as mudan\u00e7as na pol\u00edtica de modera\u00e7\u00e3o das redes sociais Facebook, Instagram e Threads. A big tech enviou as informa\u00e7\u00f5es \u00e0 AGU, e o \u00f3rg\u00e3o brasileiro afirmou que as mudan\u00e7as \u201ccausam grave preocupa\u00e7\u00e3o\u201d.<\/p>\n\n\n\n<div class=\"wp-block-image\"><figure class=\"aligncenter size-large is-resized\"><a href=\"https:\/\/hotelmarquetti.com.br\/\"><img loading=\"lazy\" decoding=\"async\" src=\"https:\/\/jornalfatosenoticias.com.br\/wp-content\/uploads\/2023\/03\/nova-logo-Marquetti.jpg\" alt=\"\" class=\"wp-image-40207\" width=\"356\" height=\"239\" srcset=\"https:\/\/jornalfatosenoticias.com.br\/wp-content\/uploads\/2023\/03\/nova-logo-Marquetti.jpg 643w, https:\/\/jornalfatosenoticias.com.br\/wp-content\/uploads\/2023\/03\/nova-logo-Marquetti-300x202.jpg 300w\" sizes=\"auto, (max-width: 356px) 100vw, 356px\" \/><\/a><\/figure><\/div>\n\n\n\n<p>\u201cAlguns aspectos constantes no documento da Meta causam grave preocupa\u00e7\u00e3o na AGU e em \u00f3rg\u00e3os do governo federal. Especialmente a confirma\u00e7\u00e3o da altera\u00e7\u00e3o e ado\u00e7\u00e3o, no Brasil, da Pol\u00edtica de Conduta de \u00d3dio que, \u00e0 toda evid\u00eancia, pode representar terreno f\u00e9rtil para viola\u00e7\u00e3o da legisla\u00e7\u00e3o e de preceitos constitucionais que protegem direitos fundamentais dos cidad\u00e3os brasileiros\u201d, disse a AGU em nota.<\/p>\n\n\n\n<div class=\"wp-block-image\"><figure class=\"aligncenter size-large is-resized\"><a href=\"https:\/\/www.facebook.com\/profile.php?id=100069289606145\"><img loading=\"lazy\" decoding=\"async\" src=\"https:\/\/jornalfatosenoticias.com.br\/wp-content\/uploads\/2024\/11\/Guaitolini-Contabilidade-1024x714.jpeg\" alt=\"\" class=\"wp-image-55808\" width=\"335\" height=\"233\" srcset=\"https:\/\/jornalfatosenoticias.com.br\/wp-content\/uploads\/2024\/11\/Guaitolini-Contabilidade-1024x714.jpeg 1024w, https:\/\/jornalfatosenoticias.com.br\/wp-content\/uploads\/2024\/11\/Guaitolini-Contabilidade-300x209.jpeg 300w, https:\/\/jornalfatosenoticias.com.br\/wp-content\/uploads\/2024\/11\/Guaitolini-Contabilidade-768x535.jpeg 768w, https:\/\/jornalfatosenoticias.com.br\/wp-content\/uploads\/2024\/11\/Guaitolini-Contabilidade.jpeg 1280w\" sizes=\"auto, (max-width: 335px) 100vw, 335px\" \/><\/a><\/figure><\/div>\n\n\n\n<p>Mat\u00e9ria da Gazeta do Povo mostrou que a Advocacia-Geral da Uni\u00e3o n\u00e3o tem compet\u00eancia para adotar medidas judiciais contra a Meta. De acordo com os juristas ouvidos pela reportagem, a big tech n\u00e3o era sequer obrigada a responder aos questionamentos feitos pelo \u00f3rg\u00e3o, mas enviou seu posicionamento na segunda-feira (13). N\u00e3o est\u00e1 claro, por\u00e9m, se a Meta vai manter ou n\u00e3o as parcerias com o Tribunal Superior Eleitoral. O \u00f3rg\u00e3o pressionou a Meta a firmar acordos para diminuir o impacto de manifesta\u00e7\u00f5es contr\u00e1rias do Judici\u00e1rio em suas redes sociais.<\/p>\n\n\n\n<p><strong><em>Fonte: <a href=\"https:\/\/www.gazetadopovo.com.br\/republica\/direita-brasileira-aposta-em-trump-para-superar-impasse-institucional-no-pais\/\">Gazeta do Povo<\/a><\/em><\/strong><\/p>\n","protected":false},"excerpt":{"rendered":"<p>Manifesta\u00e7\u00e3o na Avenida Paulista, em S\u00e3o Paulo, em 7 de setembro de 2021; manifesta\u00e7\u00f5es populares foram insuficientes para conter abusos do Judici\u00e1rio Por S\u00edlvio Ribas Parlamentares conservadores brasileiros depositam todas as suas fichas na volta da direita ao poder nos Estados Unidos, personificada pelo presidente eleito Donald Trump, como fator de mudan\u00e7a de cen\u00e1rio internacional [&hellip;]<\/p>\n","protected":false},"author":2,"featured_media":56939,"comment_status":"open","ping_status":"open","sticky":false,"template":"","format":"standard","meta":{"footnotes":""},"categories":[21374],"tags":[21316,22849,2147,1634,1751,2423,4717,1795,17895,7580,21270,294],"class_list":["post-56938","post","type-post","status-publish","format-standard","has-post-thumbnail","hentry","category-relacoes-internacionais","tag-ativismo-judicial","tag-bia-kicis","tag-donald-trump","tag-elon-musk","tag-estados-unidos","tag-exercito","tag-geopolitica","tag-jair-bolsonaro","tag-judiciario","tag-lula","tag-relacoes-internacionais","tag-stf"],"yoast_head":"<!-- This site is optimized with the Yoast SEO plugin v26.5 - https:\/\/yoast.com\/wordpress\/plugins\/seo\/ -->\n<title>Direita brasileira aposta em Trump para superar impasse institucional no pa\u00eds - Jornal Fatos e Not\u00edcias<\/title>\n<meta name=\"robots\" content=\"index, follow, max-snippet:-1, max-image-preview:large, max-video-preview:-1\" \/>\n<link rel=\"canonical\" href=\"https:\/\/jornalfatosenoticias.com.br\/index.php\/2025\/01\/20\/direita-brasileira-aposta-em-trump-para-superar-impasse-institucional-no-pais\/\" \/>\n<meta property=\"og:locale\" content=\"pt_BR\" \/>\n<meta property=\"og:type\" content=\"article\" \/>\n<meta property=\"og:title\" content=\"Direita brasileira aposta em Trump para superar impasse institucional no pa\u00eds - Jornal Fatos e Not\u00edcias\" \/>\n<meta property=\"og:description\" content=\"Manifesta\u00e7\u00e3o na Avenida Paulista, em S\u00e3o Paulo, em 7 de setembro de 2021; manifesta\u00e7\u00f5es populares foram insuficientes para conter abusos do Judici\u00e1rio Por S\u00edlvio Ribas Parlamentares conservadores brasileiros depositam todas as suas fichas na volta da direita ao poder nos Estados Unidos, personificada pelo presidente eleito Donald Trump, como fator de mudan\u00e7a de cen\u00e1rio internacional [&hellip;]\" \/>\n<meta property=\"og:url\" content=\"https:\/\/jornalfatosenoticias.com.br\/index.php\/2025\/01\/20\/direita-brasileira-aposta-em-trump-para-superar-impasse-institucional-no-pais\/\" \/>\n<meta property=\"og:site_name\" content=\"Jornal Fatos e Not\u00edcias\" \/>\n<meta property=\"article:published_time\" content=\"2025-01-20T17:37:48+00:00\" \/>\n<meta property=\"article:modified_time\" content=\"2025-01-20T17:37:50+00:00\" \/>\n<meta property=\"og:image\" content=\"https:\/\/jornalfatosenoticias.com.br\/wp-content\/uploads\/2025\/01\/Manifestacao-na-Avenida-Paulista-7-de-setembro.jpeg\" \/>\n\t<meta property=\"og:image:width\" content=\"1000\" \/>\n\t<meta property=\"og:image:height\" content=\"562\" \/>\n\t<meta property=\"og:image:type\" content=\"image\/jpeg\" \/>\n<meta name=\"author\" content=\"Luzimara Fernandes\" \/>\n<meta name=\"twitter:card\" content=\"summary_large_image\" \/>\n<meta name=\"twitter:label1\" content=\"Escrito por\" \/>\n\t<meta name=\"twitter:data1\" content=\"Luzimara Fernandes\" \/>\n\t<meta name=\"twitter:label2\" content=\"Est. tempo de leitura\" \/>\n\t<meta name=\"twitter:data2\" content=\"9 minutos\" \/>\n<script type=\"application\/ld+json\" class=\"yoast-schema-graph\">{\"@context\":\"https:\/\/schema.org\",\"@graph\":[{\"@type\":\"Article\",\"@id\":\"https:\/\/jornalfatosenoticias.com.br\/index.php\/2025\/01\/20\/direita-brasileira-aposta-em-trump-para-superar-impasse-institucional-no-pais\/#article\",\"isPartOf\":{\"@id\":\"https:\/\/jornalfatosenoticias.com.br\/index.php\/2025\/01\/20\/direita-brasileira-aposta-em-trump-para-superar-impasse-institucional-no-pais\/\"},\"author\":{\"name\":\"Luzimara Fernandes\",\"@id\":\"https:\/\/jornalfatosenoticias.com.br\/#\/schema\/person\/d63837fa13ac8666eb9e74e0985d6f81\"},\"headline\":\"Direita brasileira aposta em Trump para superar impasse institucional no pa\u00eds\",\"datePublished\":\"2025-01-20T17:37:48+00:00\",\"dateModified\":\"2025-01-20T17:37:50+00:00\",\"mainEntityOfPage\":{\"@id\":\"https:\/\/jornalfatosenoticias.com.br\/index.php\/2025\/01\/20\/direita-brasileira-aposta-em-trump-para-superar-impasse-institucional-no-pais\/\"},\"wordCount\":1765,\"commentCount\":0,\"publisher\":{\"@id\":\"https:\/\/jornalfatosenoticias.com.br\/#organization\"},\"image\":{\"@id\":\"https:\/\/jornalfatosenoticias.com.br\/index.php\/2025\/01\/20\/direita-brasileira-aposta-em-trump-para-superar-impasse-institucional-no-pais\/#primaryimage\"},\"thumbnailUrl\":\"https:\/\/jornalfatosenoticias.com.br\/wp-content\/uploads\/2025\/01\/Manifestacao-na-Avenida-Paulista-7-de-setembro.jpeg\",\"keywords\":[\"ativismo judicial\",\"Bia Kicis\",\"Donald Trump\",\"Elon Musk\",\"Estados Unidos\",\"ex\u00e9rcito\",\"geopol\u00edtica\",\"Jair Bolsonaro\",\"Judici\u00e1rio\",\"Lula\",\"rela\u00e7\u00f5es internacionais\",\"STF\"],\"articleSection\":[\"Rela\u00e7\u00f5es Internacionais\"],\"inLanguage\":\"pt-BR\",\"potentialAction\":[{\"@type\":\"CommentAction\",\"name\":\"Comment\",\"target\":[\"https:\/\/jornalfatosenoticias.com.br\/index.php\/2025\/01\/20\/direita-brasileira-aposta-em-trump-para-superar-impasse-institucional-no-pais\/#respond\"]}]},{\"@type\":\"WebPage\",\"@id\":\"https:\/\/jornalfatosenoticias.com.br\/index.php\/2025\/01\/20\/direita-brasileira-aposta-em-trump-para-superar-impasse-institucional-no-pais\/\",\"url\":\"https:\/\/jornalfatosenoticias.com.br\/index.php\/2025\/01\/20\/direita-brasileira-aposta-em-trump-para-superar-impasse-institucional-no-pais\/\",\"name\":\"Direita brasileira aposta em Trump para superar impasse institucional no pa\u00eds - Jornal Fatos e Not\u00edcias\",\"isPartOf\":{\"@id\":\"https:\/\/jornalfatosenoticias.com.br\/#website\"},\"primaryImageOfPage\":{\"@id\":\"https:\/\/jornalfatosenoticias.com.br\/index.php\/2025\/01\/20\/direita-brasileira-aposta-em-trump-para-superar-impasse-institucional-no-pais\/#primaryimage\"},\"image\":{\"@id\":\"https:\/\/jornalfatosenoticias.com.br\/index.php\/2025\/01\/20\/direita-brasileira-aposta-em-trump-para-superar-impasse-institucional-no-pais\/#primaryimage\"},\"thumbnailUrl\":\"https:\/\/jornalfatosenoticias.com.br\/wp-content\/uploads\/2025\/01\/Manifestacao-na-Avenida-Paulista-7-de-setembro.jpeg\",\"datePublished\":\"2025-01-20T17:37:48+00:00\",\"dateModified\":\"2025-01-20T17:37:50+00:00\",\"breadcrumb\":{\"@id\":\"https:\/\/jornalfatosenoticias.com.br\/index.php\/2025\/01\/20\/direita-brasileira-aposta-em-trump-para-superar-impasse-institucional-no-pais\/#breadcrumb\"},\"inLanguage\":\"pt-BR\",\"potentialAction\":[{\"@type\":\"ReadAction\",\"target\":[\"https:\/\/jornalfatosenoticias.com.br\/index.php\/2025\/01\/20\/direita-brasileira-aposta-em-trump-para-superar-impasse-institucional-no-pais\/\"]}]},{\"@type\":\"ImageObject\",\"inLanguage\":\"pt-BR\",\"@id\":\"https:\/\/jornalfatosenoticias.com.br\/index.php\/2025\/01\/20\/direita-brasileira-aposta-em-trump-para-superar-impasse-institucional-no-pais\/#primaryimage\",\"url\":\"https:\/\/jornalfatosenoticias.com.br\/wp-content\/uploads\/2025\/01\/Manifestacao-na-Avenida-Paulista-7-de-setembro.jpeg\",\"contentUrl\":\"https:\/\/jornalfatosenoticias.com.br\/wp-content\/uploads\/2025\/01\/Manifestacao-na-Avenida-Paulista-7-de-setembro.jpeg\",\"width\":1000,\"height\":562},{\"@type\":\"BreadcrumbList\",\"@id\":\"https:\/\/jornalfatosenoticias.com.br\/index.php\/2025\/01\/20\/direita-brasileira-aposta-em-trump-para-superar-impasse-institucional-no-pais\/#breadcrumb\",\"itemListElement\":[{\"@type\":\"ListItem\",\"position\":1,\"name\":\"In\u00edcio\",\"item\":\"https:\/\/jornalfatosenoticias.com.br\/\"},{\"@type\":\"ListItem\",\"position\":2,\"name\":\"Direita brasileira aposta em Trump para superar impasse institucional no pa\u00eds\"}]},{\"@type\":\"WebSite\",\"@id\":\"https:\/\/jornalfatosenoticias.com.br\/#website\",\"url\":\"https:\/\/jornalfatosenoticias.com.br\/\",\"name\":\"Jornal Fatos e Not\u00edcias\",\"description\":\"Not\u00edcias em geral\",\"publisher\":{\"@id\":\"https:\/\/jornalfatosenoticias.com.br\/#organization\"},\"potentialAction\":[{\"@type\":\"SearchAction\",\"target\":{\"@type\":\"EntryPoint\",\"urlTemplate\":\"https:\/\/jornalfatosenoticias.com.br\/?s={search_term_string}\"},\"query-input\":{\"@type\":\"PropertyValueSpecification\",\"valueRequired\":true,\"valueName\":\"search_term_string\"}}],\"inLanguage\":\"pt-BR\"},{\"@type\":\"Organization\",\"@id\":\"https:\/\/jornalfatosenoticias.com.br\/#organization\",\"name\":\"Jornal Fatos e Not\u00edcias\",\"url\":\"https:\/\/jornalfatosenoticias.com.br\/\",\"logo\":{\"@type\":\"ImageObject\",\"inLanguage\":\"pt-BR\",\"@id\":\"https:\/\/jornalfatosenoticias.com.br\/#\/schema\/logo\/image\/\",\"url\":\"https:\/\/jornalfatosenoticias.com.br\/wp-content\/uploads\/2020\/02\/logo120.png\",\"contentUrl\":\"https:\/\/jornalfatosenoticias.com.br\/wp-content\/uploads\/2020\/02\/logo120.png\",\"width\":1227,\"height\":120,\"caption\":\"Jornal Fatos e Not\u00edcias\"},\"image\":{\"@id\":\"https:\/\/jornalfatosenoticias.com.br\/#\/schema\/logo\/image\/\"}},{\"@type\":\"Person\",\"@id\":\"https:\/\/jornalfatosenoticias.com.br\/#\/schema\/person\/d63837fa13ac8666eb9e74e0985d6f81\",\"name\":\"Luzimara Fernandes\",\"image\":{\"@type\":\"ImageObject\",\"inLanguage\":\"pt-BR\",\"@id\":\"https:\/\/jornalfatosenoticias.com.br\/#\/schema\/person\/image\/\",\"url\":\"https:\/\/jornalfatosenoticias.com.br\/wp-content\/uploads\/2025\/05\/EU_portal.jpg\",\"contentUrl\":\"https:\/\/jornalfatosenoticias.com.br\/wp-content\/uploads\/2025\/05\/EU_portal.jpg\",\"caption\":\"Luzimara Fernandes\"},\"description\":\"Jornalista MTB 2358-ES\",\"sameAs\":[\"https:\/\/jornalfatosenoticias.com.br\"],\"url\":\"https:\/\/jornalfatosenoticias.com.br\/index.php\/author\/luzimara\/\"}]}<\/script>\n<!-- \/ Yoast SEO plugin. -->","yoast_head_json":{"title":"Direita brasileira aposta em Trump para superar impasse institucional no pa\u00eds - Jornal Fatos e Not\u00edcias","robots":{"index":"index","follow":"follow","max-snippet":"max-snippet:-1","max-image-preview":"max-image-preview:large","max-video-preview":"max-video-preview:-1"},"canonical":"https:\/\/jornalfatosenoticias.com.br\/index.php\/2025\/01\/20\/direita-brasileira-aposta-em-trump-para-superar-impasse-institucional-no-pais\/","og_locale":"pt_BR","og_type":"article","og_title":"Direita brasileira aposta em Trump para superar impasse institucional no pa\u00eds - Jornal Fatos e Not\u00edcias","og_description":"Manifesta\u00e7\u00e3o na Avenida Paulista, em S\u00e3o Paulo, em 7 de setembro de 2021; manifesta\u00e7\u00f5es populares foram insuficientes para conter abusos do Judici\u00e1rio Por S\u00edlvio Ribas Parlamentares conservadores brasileiros depositam todas as suas fichas na volta da direita ao poder nos Estados Unidos, personificada pelo presidente eleito Donald Trump, como fator de mudan\u00e7a de cen\u00e1rio internacional [&hellip;]","og_url":"https:\/\/jornalfatosenoticias.com.br\/index.php\/2025\/01\/20\/direita-brasileira-aposta-em-trump-para-superar-impasse-institucional-no-pais\/","og_site_name":"Jornal Fatos e Not\u00edcias","article_published_time":"2025-01-20T17:37:48+00:00","article_modified_time":"2025-01-20T17:37:50+00:00","og_image":[{"width":1000,"height":562,"url":"https:\/\/jornalfatosenoticias.com.br\/wp-content\/uploads\/2025\/01\/Manifestacao-na-Avenida-Paulista-7-de-setembro.jpeg","type":"image\/jpeg"}],"author":"Luzimara Fernandes","twitter_card":"summary_large_image","twitter_misc":{"Escrito por":"Luzimara Fernandes","Est. tempo de leitura":"9 minutos"},"schema":{"@context":"https:\/\/schema.org","@graph":[{"@type":"Article","@id":"https:\/\/jornalfatosenoticias.com.br\/index.php\/2025\/01\/20\/direita-brasileira-aposta-em-trump-para-superar-impasse-institucional-no-pais\/#article","isPartOf":{"@id":"https:\/\/jornalfatosenoticias.com.br\/index.php\/2025\/01\/20\/direita-brasileira-aposta-em-trump-para-superar-impasse-institucional-no-pais\/"},"author":{"name":"Luzimara Fernandes","@id":"https:\/\/jornalfatosenoticias.com.br\/#\/schema\/person\/d63837fa13ac8666eb9e74e0985d6f81"},"headline":"Direita brasileira aposta em Trump para superar impasse institucional no pa\u00eds","datePublished":"2025-01-20T17:37:48+00:00","dateModified":"2025-01-20T17:37:50+00:00","mainEntityOfPage":{"@id":"https:\/\/jornalfatosenoticias.com.br\/index.php\/2025\/01\/20\/direita-brasileira-aposta-em-trump-para-superar-impasse-institucional-no-pais\/"},"wordCount":1765,"commentCount":0,"publisher":{"@id":"https:\/\/jornalfatosenoticias.com.br\/#organization"},"image":{"@id":"https:\/\/jornalfatosenoticias.com.br\/index.php\/2025\/01\/20\/direita-brasileira-aposta-em-trump-para-superar-impasse-institucional-no-pais\/#primaryimage"},"thumbnailUrl":"https:\/\/jornalfatosenoticias.com.br\/wp-content\/uploads\/2025\/01\/Manifestacao-na-Avenida-Paulista-7-de-setembro.jpeg","keywords":["ativismo judicial","Bia Kicis","Donald Trump","Elon Musk","Estados Unidos","ex\u00e9rcito","geopol\u00edtica","Jair Bolsonaro","Judici\u00e1rio","Lula","rela\u00e7\u00f5es internacionais","STF"],"articleSection":["Rela\u00e7\u00f5es Internacionais"],"inLanguage":"pt-BR","potentialAction":[{"@type":"CommentAction","name":"Comment","target":["https:\/\/jornalfatosenoticias.com.br\/index.php\/2025\/01\/20\/direita-brasileira-aposta-em-trump-para-superar-impasse-institucional-no-pais\/#respond"]}]},{"@type":"WebPage","@id":"https:\/\/jornalfatosenoticias.com.br\/index.php\/2025\/01\/20\/direita-brasileira-aposta-em-trump-para-superar-impasse-institucional-no-pais\/","url":"https:\/\/jornalfatosenoticias.com.br\/index.php\/2025\/01\/20\/direita-brasileira-aposta-em-trump-para-superar-impasse-institucional-no-pais\/","name":"Direita brasileira aposta em Trump para superar impasse institucional no pa\u00eds - Jornal Fatos e Not\u00edcias","isPartOf":{"@id":"https:\/\/jornalfatosenoticias.com.br\/#website"},"primaryImageOfPage":{"@id":"https:\/\/jornalfatosenoticias.com.br\/index.php\/2025\/01\/20\/direita-brasileira-aposta-em-trump-para-superar-impasse-institucional-no-pais\/#primaryimage"},"image":{"@id":"https:\/\/jornalfatosenoticias.com.br\/index.php\/2025\/01\/20\/direita-brasileira-aposta-em-trump-para-superar-impasse-institucional-no-pais\/#primaryimage"},"thumbnailUrl":"https:\/\/jornalfatosenoticias.com.br\/wp-content\/uploads\/2025\/01\/Manifestacao-na-Avenida-Paulista-7-de-setembro.jpeg","datePublished":"2025-01-20T17:37:48+00:00","dateModified":"2025-01-20T17:37:50+00:00","breadcrumb":{"@id":"https:\/\/jornalfatosenoticias.com.br\/index.php\/2025\/01\/20\/direita-brasileira-aposta-em-trump-para-superar-impasse-institucional-no-pais\/#breadcrumb"},"inLanguage":"pt-BR","potentialAction":[{"@type":"ReadAction","target":["https:\/\/jornalfatosenoticias.com.br\/index.php\/2025\/01\/20\/direita-brasileira-aposta-em-trump-para-superar-impasse-institucional-no-pais\/"]}]},{"@type":"ImageObject","inLanguage":"pt-BR","@id":"https:\/\/jornalfatosenoticias.com.br\/index.php\/2025\/01\/20\/direita-brasileira-aposta-em-trump-para-superar-impasse-institucional-no-pais\/#primaryimage","url":"https:\/\/jornalfatosenoticias.com.br\/wp-content\/uploads\/2025\/01\/Manifestacao-na-Avenida-Paulista-7-de-setembro.jpeg","contentUrl":"https:\/\/jornalfatosenoticias.com.br\/wp-content\/uploads\/2025\/01\/Manifestacao-na-Avenida-Paulista-7-de-setembro.jpeg","width":1000,"height":562},{"@type":"BreadcrumbList","@id":"https:\/\/jornalfatosenoticias.com.br\/index.php\/2025\/01\/20\/direita-brasileira-aposta-em-trump-para-superar-impasse-institucional-no-pais\/#breadcrumb","itemListElement":[{"@type":"ListItem","position":1,"name":"In\u00edcio","item":"https:\/\/jornalfatosenoticias.com.br\/"},{"@type":"ListItem","position":2,"name":"Direita brasileira aposta em Trump para superar impasse institucional no pa\u00eds"}]},{"@type":"WebSite","@id":"https:\/\/jornalfatosenoticias.com.br\/#website","url":"https:\/\/jornalfatosenoticias.com.br\/","name":"Jornal Fatos e Not\u00edcias","description":"Not\u00edcias em geral","publisher":{"@id":"https:\/\/jornalfatosenoticias.com.br\/#organization"},"potentialAction":[{"@type":"SearchAction","target":{"@type":"EntryPoint","urlTemplate":"https:\/\/jornalfatosenoticias.com.br\/?s={search_term_string}"},"query-input":{"@type":"PropertyValueSpecification","valueRequired":true,"valueName":"search_term_string"}}],"inLanguage":"pt-BR"},{"@type":"Organization","@id":"https:\/\/jornalfatosenoticias.com.br\/#organization","name":"Jornal Fatos e Not\u00edcias","url":"https:\/\/jornalfatosenoticias.com.br\/","logo":{"@type":"ImageObject","inLanguage":"pt-BR","@id":"https:\/\/jornalfatosenoticias.com.br\/#\/schema\/logo\/image\/","url":"https:\/\/jornalfatosenoticias.com.br\/wp-content\/uploads\/2020\/02\/logo120.png","contentUrl":"https:\/\/jornalfatosenoticias.com.br\/wp-content\/uploads\/2020\/02\/logo120.png","width":1227,"height":120,"caption":"Jornal Fatos e Not\u00edcias"},"image":{"@id":"https:\/\/jornalfatosenoticias.com.br\/#\/schema\/logo\/image\/"}},{"@type":"Person","@id":"https:\/\/jornalfatosenoticias.com.br\/#\/schema\/person\/d63837fa13ac8666eb9e74e0985d6f81","name":"Luzimara Fernandes","image":{"@type":"ImageObject","inLanguage":"pt-BR","@id":"https:\/\/jornalfatosenoticias.com.br\/#\/schema\/person\/image\/","url":"https:\/\/jornalfatosenoticias.com.br\/wp-content\/uploads\/2025\/05\/EU_portal.jpg","contentUrl":"https:\/\/jornalfatosenoticias.com.br\/wp-content\/uploads\/2025\/05\/EU_portal.jpg","caption":"Luzimara Fernandes"},"description":"Jornalista MTB 2358-ES","sameAs":["https:\/\/jornalfatosenoticias.com.br"],"url":"https:\/\/jornalfatosenoticias.com.br\/index.php\/author\/luzimara\/"}]}},"cc_featured_image_caption":{"caption_text":"(Foto: Revista Oeste\/Reprodu\u00e7\u00e3o) ","source_text":"","source_url":""},"jetpack_featured_media_url":"https:\/\/jornalfatosenoticias.com.br\/wp-content\/uploads\/2025\/01\/Manifestacao-na-Avenida-Paulista-7-de-setembro.jpeg","_links":{"self":[{"href":"https:\/\/jornalfatosenoticias.com.br\/index.php\/wp-json\/wp\/v2\/posts\/56938","targetHints":{"allow":["GET"]}}],"collection":[{"href":"https:\/\/jornalfatosenoticias.com.br\/index.php\/wp-json\/wp\/v2\/posts"}],"about":[{"href":"https:\/\/jornalfatosenoticias.com.br\/index.php\/wp-json\/wp\/v2\/types\/post"}],"author":[{"embeddable":true,"href":"https:\/\/jornalfatosenoticias.com.br\/index.php\/wp-json\/wp\/v2\/users\/2"}],"replies":[{"embeddable":true,"href":"https:\/\/jornalfatosenoticias.com.br\/index.php\/wp-json\/wp\/v2\/comments?post=56938"}],"version-history":[{"count":0,"href":"https:\/\/jornalfatosenoticias.com.br\/index.php\/wp-json\/wp\/v2\/posts\/56938\/revisions"}],"wp:featuredmedia":[{"embeddable":true,"href":"https:\/\/jornalfatosenoticias.com.br\/index.php\/wp-json\/wp\/v2\/media\/56939"}],"wp:attachment":[{"href":"https:\/\/jornalfatosenoticias.com.br\/index.php\/wp-json\/wp\/v2\/media?parent=56938"}],"wp:term":[{"taxonomy":"category","embeddable":true,"href":"https:\/\/jornalfatosenoticias.com.br\/index.php\/wp-json\/wp\/v2\/categories?post=56938"},{"taxonomy":"post_tag","embeddable":true,"href":"https:\/\/jornalfatosenoticias.com.br\/index.php\/wp-json\/wp\/v2\/tags?post=56938"}],"curies":[{"name":"wp","href":"https:\/\/api.w.org\/{rel}","templated":true}]}}