{"id":56941,"date":"2025-01-20T14:50:00","date_gmt":"2025-01-20T17:50:00","guid":{"rendered":"https:\/\/jornalfatosenoticias.com.br\/?p=56941"},"modified":"2025-01-20T14:50:01","modified_gmt":"2025-01-20T17:50:01","slug":"a-era-de-ouro-dos-eua-comeca-agora-diz-trump-em-discurso-como-novo-presidente-dos-eua","status":"publish","type":"post","link":"https:\/\/jornalfatosenoticias.com.br\/index.php\/2025\/01\/20\/a-era-de-ouro-dos-eua-comeca-agora-diz-trump-em-discurso-como-novo-presidente-dos-eua\/","title":{"rendered":"\u201cA era de ouro dos EUA come\u00e7a agora\u201d, diz Trump em discurso como novo presidente dos EUA"},"content":{"rendered":"\n<p><em><span class=\"has-inline-color has-black-color\">Donald Trump \u00e9 empossado como o 47.\u00ba presidente dos EUA , no Capit\u00f3lio dos EUA, em Washington D.C.<\/span><\/em><\/p>\n\n\n\n<p><span class=\"has-inline-color has-black-color\">Por <strong><a href=\"https:\/\/www.gazetadopovo.com.br\/autor\/john-lucas\/\" rel=\"sponsored nofollow\">John Lucas<\/a><\/strong><\/span><\/p>\n\n\n\n<div class=\"wp-block-image\"><figure class=\"aligncenter size-large\"><a href=\"https:\/\/www.instagram.com\/rcradiadores\/\"><img loading=\"lazy\" decoding=\"async\" width=\"560\" height=\"60\" src=\"https:\/\/jornalfatosenoticias.com.br\/wp-content\/uploads\/2022\/10\/Propaganda-RC-Radiadores-Jornal_page-0001.jpg\" alt=\"\" class=\"wp-image-35270\" srcset=\"https:\/\/jornalfatosenoticias.com.br\/wp-content\/uploads\/2022\/10\/Propaganda-RC-Radiadores-Jornal_page-0001.jpg 560w, https:\/\/jornalfatosenoticias.com.br\/wp-content\/uploads\/2022\/10\/Propaganda-RC-Radiadores-Jornal_page-0001-300x32.jpg 300w\" sizes=\"auto, (max-width: 560px) 100vw, 560px\" \/><\/a><\/figure><\/div>\n\n\n\n<p>O republicano Donald Trump foi empossado nesta segunda-feira (20) como o 47.\u00ba presidente dos Estados Unidos, substituindo o agora ex-presidente Joe Biden, em uma cerim\u00f4nia realizada na Rotunda do Capit\u00f3lio, devido ao frio intenso que atinge a capital Washington D.C., marcando o in\u00edcio de um novo cap\u00edtulo na pol\u00edtica americana. Acompanhado de sua esposa, Melania Trump, ele prestou juramento perante o presidente da Suprema Corte, John Roberts, comprometendo-se a \u201cpreservar, defender e proteger a Constitui\u00e7\u00e3o dos Estados Unidos\u201d.<br>O evento desta segunda-feira tamb\u00e9m marcou a posse de J.D. Vance como novo vice-presidente, substituindo Kamala Harris, derrotada por Trump nas elei\u00e7\u00f5es de novembro de 2024. A cerim\u00f4nia, caracterizada pela tradicional troca pac\u00edfica de poder, foi conduzida sob a supervis\u00e3o da senadora democrata Amy Klobuchar, presidente do Comit\u00ea Conjunto do Congresso para as Cerim\u00f4nias de Posse. Antes do juramento de Trump, Klobuchar destacou em seu discurso que \u201choje, testemunharemos a transfer\u00eancia pac\u00edfica de poder, que est\u00e1 no cora\u00e7\u00e3o de nossa democracia\u201d.<\/p>\n\n\n\n<div class=\"wp-block-image\"><figure class=\"aligncenter size-large is-resized\"><a href=\"https:\/\/www.instagram.com\/esteiochurrascaria\/\"><img loading=\"lazy\" decoding=\"async\" src=\"https:\/\/jornalfatosenoticias.com.br\/wp-content\/uploads\/2022\/02\/LOGO-ESTEIO-1024x730.png\" alt=\"\" class=\"wp-image-27942\" width=\"349\" height=\"248\" srcset=\"https:\/\/jornalfatosenoticias.com.br\/wp-content\/uploads\/2022\/02\/LOGO-ESTEIO-1024x730.png 1024w, https:\/\/jornalfatosenoticias.com.br\/wp-content\/uploads\/2022\/02\/LOGO-ESTEIO-300x214.png 300w, https:\/\/jornalfatosenoticias.com.br\/wp-content\/uploads\/2022\/02\/LOGO-ESTEIO-768x548.png 768w, https:\/\/jornalfatosenoticias.com.br\/wp-content\/uploads\/2022\/02\/LOGO-ESTEIO.png 1123w\" sizes=\"auto, (max-width: 349px) 100vw, 349px\" \/><\/a><\/figure><\/div>\n\n\n\n<p><strong><span class=\"has-inline-color has-black-color\">Discurso de renova\u00e7\u00e3o<br><\/span><\/strong>Em seu discurso de posse, Donald Trump prometeu colocar os Estados Unidos novamente no caminho da prosperidade e do respeito internacional.<\/p>\n\n\n\n<blockquote class=\"wp-block-quote is-layout-flow wp-block-quote-is-layout-flow\"><p><span class=\"has-inline-color has-luminous-vivid-orange-color\">A era de ouro dos EUA come\u00e7a agora\u201d, declarou. Ele ressaltou que, a partir desse momento, o pa\u00eds crescer\u00e1 como nunca antes. \u201cSeremos invejados e n\u00e3o permitiremos que tirem vantagens de n\u00f3s. Durante todo meu mandato, colocarei os EUA em primeiro lugar. Nossa soberania ser\u00e1 recuperada\u201d, afirmou.<\/span><\/p><\/blockquote>\n\n\n\n<div class=\"wp-block-image\"><figure class=\"aligncenter size-large is-resized\"><a href=\"https:\/\/www.controlsystems.com.br\/\"><img loading=\"lazy\" decoding=\"async\" src=\"https:\/\/jornalfatosenoticias.com.br\/wp-content\/uploads\/2020\/02\/CONTROL-CS.jpg\" alt=\"\" class=\"wp-image-44991\" width=\"314\" height=\"376\" srcset=\"https:\/\/jornalfatosenoticias.com.br\/wp-content\/uploads\/2020\/02\/CONTROL-CS.jpg 834w, https:\/\/jornalfatosenoticias.com.br\/wp-content\/uploads\/2020\/02\/CONTROL-CS-250x300.jpg 250w, https:\/\/jornalfatosenoticias.com.br\/wp-content\/uploads\/2020\/02\/CONTROL-CS-768x921.jpg 768w\" sizes=\"auto, (max-width: 314px) 100vw, 314px\" \/><\/a><\/figure><\/div>\n\n\n\n<p>Trump tamb\u00e9m destacou que sua administra\u00e7\u00e3o priorizar\u00e1 a cria\u00e7\u00e3o de uma na\u00e7\u00e3o pr\u00f3spera e livre. \u201cNossa maior prioridade ser\u00e1 construir uma Am\u00e9rica maior, mais forte e muito mais excepcional do que foi um dia\u201d, disse. Ele prometeu enfrentar as crises internas e externas com firmeza, destacando que sua elei\u00e7\u00e3o representa um mandato popular para reverter \u201cas v\u00e1rias trai\u00e7\u00f5es que ocorreram no pa\u00eds\u201d e restaurar a dignidade dos americanos.<\/p>\n\n\n\n<div class=\"wp-block-image\"><figure class=\"aligncenter size-large\"><a href=\"http:\/\/www.ferrarimaquinas.com.br\/\"><img loading=\"lazy\" decoding=\"async\" width=\"300\" height=\"250\" src=\"https:\/\/jornalfatosenoticias.com.br\/wp-content\/uploads\/2022\/02\/FERRARI_MAQUINAS-E-FERRAMENTAS2.jpg\" alt=\"\" class=\"wp-image-27860\"\/><\/a><\/figure><\/div>\n\n\n\n<p><strong><span class=\"has-inline-color has-black-color\">Cr\u00edticas \u00e0 administra\u00e7\u00e3o Biden<br><\/span><\/strong>O presidente criticou pol\u00edticas de imigra\u00e7\u00e3o e a gest\u00e3o de crises recentes, como os inc\u00eandios em Los Angeles, mencionando a inefic\u00e1cia das administra\u00e7\u00f5es locais e nacionais. Trump tamb\u00e9m apontou defici\u00eancias nos sistemas de sa\u00fade e educa\u00e7\u00e3o, afirmando que eles \u201cn\u00e3o atendem o que os americanos realmente querem\u201d. Ele mencionou ainda a tentativa de assassinato que sofreu recentemente, agradecendo a Deus por sua sobreviv\u00eancia e reafirmando seu compromisso com o lema de sua campanha: \u201cfazer os EUA grandes novamente\u201d.<\/p>\n\n\n\n<div class=\"wp-block-image\"><figure class=\"aligncenter size-large is-resized\"><a href=\"https:\/\/www.instagram.com\/serra4x4cambioautomatico\/\"><img loading=\"lazy\" decoding=\"async\" src=\"https:\/\/jornalfatosenoticias.com.br\/wp-content\/uploads\/2024\/08\/Serra-4x4-1-886x1024.jpg\" alt=\"\" class=\"wp-image-53632\" width=\"341\" height=\"394\" srcset=\"https:\/\/jornalfatosenoticias.com.br\/wp-content\/uploads\/2024\/08\/Serra-4x4-1-886x1024.jpg 886w, https:\/\/jornalfatosenoticias.com.br\/wp-content\/uploads\/2024\/08\/Serra-4x4-1-260x300.jpg 260w, https:\/\/jornalfatosenoticias.com.br\/wp-content\/uploads\/2024\/08\/Serra-4x4-1-768x888.jpg 768w, https:\/\/jornalfatosenoticias.com.br\/wp-content\/uploads\/2024\/08\/Serra-4x4-1.jpg 1181w\" sizes=\"auto, (max-width: 341px) 100vw, 341px\" \/><\/a><\/figure><\/div>\n\n\n\n<p><strong><span class=\"has-inline-color has-black-color\">Seguran\u00e7a refor\u00e7ada<br><\/span><\/strong>A cerim\u00f4nia contou com a presen\u00e7a de figuras pol\u00edticas e empresariais influentes. Entre os convidados estavam os ex-presidentes Bill Clinton, George W. Bush e Barack Obama, acompanhados de Hillary Clinton e Laura Bush. Mike Pence, ex-vice-presidente no governo Trump, tamb\u00e9m marcou presen\u00e7a, apesar do afastamento pol\u00edtico nos \u00faltimos anos.<\/p>\n\n\n\n<div class=\"wp-block-image\"><figure class=\"aligncenter size-large is-resized\"><a href=\"https:\/\/www.ithbrasil.com.br\/\"><img loading=\"lazy\" decoding=\"async\" src=\"https:\/\/jornalfatosenoticias.com.br\/wp-content\/uploads\/2023\/08\/ITH.jpeg\" alt=\"\" class=\"wp-image-44638\" width=\"291\" height=\"236\" srcset=\"https:\/\/jornalfatosenoticias.com.br\/wp-content\/uploads\/2023\/08\/ITH.jpeg 800w, https:\/\/jornalfatosenoticias.com.br\/wp-content\/uploads\/2023\/08\/ITH-300x244.jpeg 300w, https:\/\/jornalfatosenoticias.com.br\/wp-content\/uploads\/2023\/08\/ITH-768x624.jpeg 768w\" sizes=\"auto, (max-width: 291px) 100vw, 291px\" \/><\/a><\/figure><\/div>\n\n\n\n<p>L\u00edderes mundiais, como o presidente argentino <em><strong>Javier Milei e a primeira-ministra italiana Giorgia Meloni, refor\u00e7aram o peso global do evento. Grandes empres\u00e1rios do setor tecnol\u00f3gico, incluindo Elon Musk, Mark Zuckerberg, Jeff Bezos, Tim Cook e Sundar Pichai,<\/strong><\/em> participaram de um servi\u00e7o religioso ao lado do presidente antes da cerim\u00f4nia.<\/p>\n\n\n\n<div class=\"wp-block-image\"><figure class=\"aligncenter size-large is-resized\"><a href=\"https:\/\/www.instagram.com\/vmais.midias\/\"><img loading=\"lazy\" decoding=\"async\" src=\"https:\/\/jornalfatosenoticias.com.br\/wp-content\/uploads\/2020\/02\/DE-MAIS-DESTAQUE-VMAIS-800X700.png\" alt=\"\" class=\"wp-image-53112\" width=\"322\" height=\"281\" srcset=\"https:\/\/jornalfatosenoticias.com.br\/wp-content\/uploads\/2020\/02\/DE-MAIS-DESTAQUE-VMAIS-800X700.png 800w, https:\/\/jornalfatosenoticias.com.br\/wp-content\/uploads\/2020\/02\/DE-MAIS-DESTAQUE-VMAIS-800X700-300x263.png 300w, https:\/\/jornalfatosenoticias.com.br\/wp-content\/uploads\/2020\/02\/DE-MAIS-DESTAQUE-VMAIS-800X700-768x672.png 768w\" sizes=\"auto, (max-width: 322px) 100vw, 322px\" \/><\/a><\/figure><\/div>\n\n\n\n<p>As medidas de seguran\u00e7a em Washington, D.C., foram intensificadas, impactando aeroportos e o tr\u00e2nsito a\u00e9reo. Segundo a Administra\u00e7\u00e3o Federal de Avia\u00e7\u00e3o (FAA), atrasos de at\u00e9 30% foram registrados em voos que chegavam \u00e0 regi\u00e3o devido \u00e0s opera\u00e7\u00f5es de seguran\u00e7a refor\u00e7adas.<\/p>\n\n\n\n<div class=\"wp-block-image\"><figure class=\"aligncenter size-large\"><a href=\"https:\/\/www.facebook.com\/vetor.vix\/\"><img loading=\"lazy\" decoding=\"async\" width=\"1024\" height=\"273\" src=\"https:\/\/jornalfatosenoticias.com.br\/wp-content\/uploads\/2023\/09\/vetorvix1024_1.jpg\" alt=\"\" class=\"wp-image-44868\" srcset=\"https:\/\/jornalfatosenoticias.com.br\/wp-content\/uploads\/2023\/09\/vetorvix1024_1.jpg 1024w, https:\/\/jornalfatosenoticias.com.br\/wp-content\/uploads\/2023\/09\/vetorvix1024_1-300x80.jpg 300w, https:\/\/jornalfatosenoticias.com.br\/wp-content\/uploads\/2023\/09\/vetorvix1024_1-768x205.jpg 768w\" sizes=\"auto, (max-width: 1024px) 100vw, 1024px\" \/><\/a><\/figure><\/div>\n\n\n\n<p><strong><em>Fonte: <a href=\"https:\/\/www.gazetadopovo.com.br\/mundo\/a-era-de-ouro-dos-eua-comeca-agora-diz-trump-em-discurso-como-novo-presidente-dos-eua\/\">Gazeta do Povo<\/a><\/em><\/strong><\/p>\n","protected":false},"excerpt":{"rendered":"<p>Donald Trump \u00e9 empossado como o 47.\u00ba presidente dos EUA , no Capit\u00f3lio dos EUA, em Washington D.C. Por John Lucas O republicano Donald Trump foi empossado nesta segunda-feira (20) como o 47.\u00ba presidente dos Estados Unidos, substituindo o agora ex-presidente Joe Biden, em uma cerim\u00f4nia realizada na Rotunda do Capit\u00f3lio, devido ao frio intenso [&hellip;]<\/p>\n","protected":false},"author":2,"featured_media":56942,"comment_status":"open","ping_status":"open","sticky":false,"template":"","format":"standard","meta":{"footnotes":""},"categories":[41],"tags":[2147,159,6700],"class_list":["post-56941","post","type-post","status-publish","format-standard","has-post-thumbnail","hentry","category-internacional","tag-donald-trump","tag-eua","tag-posse"],"yoast_head":"<!-- This site is optimized with the Yoast SEO plugin v26.5 - https:\/\/yoast.com\/wordpress\/plugins\/seo\/ -->\n<title>\u201cA era de ouro dos EUA come\u00e7a agora\u201d, diz Trump em discurso como novo presidente dos EUA - Jornal Fatos e Not\u00edcias<\/title>\n<meta name=\"robots\" content=\"index, follow, max-snippet:-1, max-image-preview:large, max-video-preview:-1\" \/>\n<link rel=\"canonical\" href=\"https:\/\/jornalfatosenoticias.com.br\/index.php\/2025\/01\/20\/a-era-de-ouro-dos-eua-comeca-agora-diz-trump-em-discurso-como-novo-presidente-dos-eua\/\" \/>\n<meta property=\"og:locale\" content=\"pt_BR\" \/>\n<meta property=\"og:type\" content=\"article\" \/>\n<meta property=\"og:title\" content=\"\u201cA era de ouro dos EUA come\u00e7a agora\u201d, diz Trump em discurso como novo presidente dos EUA - Jornal Fatos e Not\u00edcias\" \/>\n<meta property=\"og:description\" content=\"Donald Trump \u00e9 empossado como o 47.\u00ba presidente dos EUA , no Capit\u00f3lio dos EUA, em Washington D.C. Por John Lucas O republicano Donald Trump foi empossado nesta segunda-feira (20) como o 47.\u00ba presidente dos Estados Unidos, substituindo o agora ex-presidente Joe Biden, em uma cerim\u00f4nia realizada na Rotunda do Capit\u00f3lio, devido ao frio intenso [&hellip;]\" \/>\n<meta property=\"og:url\" content=\"https:\/\/jornalfatosenoticias.com.br\/index.php\/2025\/01\/20\/a-era-de-ouro-dos-eua-comeca-agora-diz-trump-em-discurso-como-novo-presidente-dos-eua\/\" \/>\n<meta property=\"og:site_name\" content=\"Jornal Fatos e Not\u00edcias\" \/>\n<meta property=\"article:published_time\" content=\"2025-01-20T17:50:00+00:00\" \/>\n<meta property=\"article:modified_time\" content=\"2025-01-20T17:50:01+00:00\" \/>\n<meta property=\"og:image\" content=\"https:\/\/jornalfatosenoticias.com.br\/wp-content\/uploads\/2025\/01\/posse-Trump.jpg\" \/>\n\t<meta property=\"og:image:width\" content=\"1000\" \/>\n\t<meta property=\"og:image:height\" content=\"645\" \/>\n\t<meta property=\"og:image:type\" content=\"image\/jpeg\" \/>\n<meta name=\"author\" content=\"Luzimara Fernandes\" \/>\n<meta name=\"twitter:card\" content=\"summary_large_image\" \/>\n<meta name=\"twitter:label1\" content=\"Escrito por\" \/>\n\t<meta name=\"twitter:data1\" content=\"Luzimara Fernandes\" \/>\n\t<meta name=\"twitter:label2\" content=\"Est. tempo de leitura\" \/>\n\t<meta name=\"twitter:data2\" content=\"3 minutos\" \/>\n<script type=\"application\/ld+json\" class=\"yoast-schema-graph\">{\"@context\":\"https:\/\/schema.org\",\"@graph\":[{\"@type\":\"Article\",\"@id\":\"https:\/\/jornalfatosenoticias.com.br\/index.php\/2025\/01\/20\/a-era-de-ouro-dos-eua-comeca-agora-diz-trump-em-discurso-como-novo-presidente-dos-eua\/#article\",\"isPartOf\":{\"@id\":\"https:\/\/jornalfatosenoticias.com.br\/index.php\/2025\/01\/20\/a-era-de-ouro-dos-eua-comeca-agora-diz-trump-em-discurso-como-novo-presidente-dos-eua\/\"},\"author\":{\"name\":\"Luzimara Fernandes\",\"@id\":\"https:\/\/jornalfatosenoticias.com.br\/#\/schema\/person\/d63837fa13ac8666eb9e74e0985d6f81\"},\"headline\":\"\u201cA era de ouro dos EUA come\u00e7a agora\u201d, diz Trump em discurso como novo presidente dos EUA\",\"datePublished\":\"2025-01-20T17:50:00+00:00\",\"dateModified\":\"2025-01-20T17:50:01+00:00\",\"mainEntityOfPage\":{\"@id\":\"https:\/\/jornalfatosenoticias.com.br\/index.php\/2025\/01\/20\/a-era-de-ouro-dos-eua-comeca-agora-diz-trump-em-discurso-como-novo-presidente-dos-eua\/\"},\"wordCount\":626,\"commentCount\":0,\"publisher\":{\"@id\":\"https:\/\/jornalfatosenoticias.com.br\/#organization\"},\"image\":{\"@id\":\"https:\/\/jornalfatosenoticias.com.br\/index.php\/2025\/01\/20\/a-era-de-ouro-dos-eua-comeca-agora-diz-trump-em-discurso-como-novo-presidente-dos-eua\/#primaryimage\"},\"thumbnailUrl\":\"https:\/\/jornalfatosenoticias.com.br\/wp-content\/uploads\/2025\/01\/posse-Trump.jpg\",\"keywords\":[\"Donald Trump\",\"EUA\",\"posse\"],\"articleSection\":[\"Internacional\"],\"inLanguage\":\"pt-BR\",\"potentialAction\":[{\"@type\":\"CommentAction\",\"name\":\"Comment\",\"target\":[\"https:\/\/jornalfatosenoticias.com.br\/index.php\/2025\/01\/20\/a-era-de-ouro-dos-eua-comeca-agora-diz-trump-em-discurso-como-novo-presidente-dos-eua\/#respond\"]}]},{\"@type\":\"WebPage\",\"@id\":\"https:\/\/jornalfatosenoticias.com.br\/index.php\/2025\/01\/20\/a-era-de-ouro-dos-eua-comeca-agora-diz-trump-em-discurso-como-novo-presidente-dos-eua\/\",\"url\":\"https:\/\/jornalfatosenoticias.com.br\/index.php\/2025\/01\/20\/a-era-de-ouro-dos-eua-comeca-agora-diz-trump-em-discurso-como-novo-presidente-dos-eua\/\",\"name\":\"\u201cA era de ouro dos EUA come\u00e7a agora\u201d, diz Trump em discurso como novo presidente dos EUA - Jornal Fatos e Not\u00edcias\",\"isPartOf\":{\"@id\":\"https:\/\/jornalfatosenoticias.com.br\/#website\"},\"primaryImageOfPage\":{\"@id\":\"https:\/\/jornalfatosenoticias.com.br\/index.php\/2025\/01\/20\/a-era-de-ouro-dos-eua-comeca-agora-diz-trump-em-discurso-como-novo-presidente-dos-eua\/#primaryimage\"},\"image\":{\"@id\":\"https:\/\/jornalfatosenoticias.com.br\/index.php\/2025\/01\/20\/a-era-de-ouro-dos-eua-comeca-agora-diz-trump-em-discurso-como-novo-presidente-dos-eua\/#primaryimage\"},\"thumbnailUrl\":\"https:\/\/jornalfatosenoticias.com.br\/wp-content\/uploads\/2025\/01\/posse-Trump.jpg\",\"datePublished\":\"2025-01-20T17:50:00+00:00\",\"dateModified\":\"2025-01-20T17:50:01+00:00\",\"breadcrumb\":{\"@id\":\"https:\/\/jornalfatosenoticias.com.br\/index.php\/2025\/01\/20\/a-era-de-ouro-dos-eua-comeca-agora-diz-trump-em-discurso-como-novo-presidente-dos-eua\/#breadcrumb\"},\"inLanguage\":\"pt-BR\",\"potentialAction\":[{\"@type\":\"ReadAction\",\"target\":[\"https:\/\/jornalfatosenoticias.com.br\/index.php\/2025\/01\/20\/a-era-de-ouro-dos-eua-comeca-agora-diz-trump-em-discurso-como-novo-presidente-dos-eua\/\"]}]},{\"@type\":\"ImageObject\",\"inLanguage\":\"pt-BR\",\"@id\":\"https:\/\/jornalfatosenoticias.com.br\/index.php\/2025\/01\/20\/a-era-de-ouro-dos-eua-comeca-agora-diz-trump-em-discurso-como-novo-presidente-dos-eua\/#primaryimage\",\"url\":\"https:\/\/jornalfatosenoticias.com.br\/wp-content\/uploads\/2025\/01\/posse-Trump.jpg\",\"contentUrl\":\"https:\/\/jornalfatosenoticias.com.br\/wp-content\/uploads\/2025\/01\/posse-Trump.jpg\",\"width\":1000,\"height\":645},{\"@type\":\"BreadcrumbList\",\"@id\":\"https:\/\/jornalfatosenoticias.com.br\/index.php\/2025\/01\/20\/a-era-de-ouro-dos-eua-comeca-agora-diz-trump-em-discurso-como-novo-presidente-dos-eua\/#breadcrumb\",\"itemListElement\":[{\"@type\":\"ListItem\",\"position\":1,\"name\":\"In\u00edcio\",\"item\":\"https:\/\/jornalfatosenoticias.com.br\/\"},{\"@type\":\"ListItem\",\"position\":2,\"name\":\"\u201cA era de ouro dos EUA come\u00e7a agora\u201d, diz Trump em discurso como novo presidente dos EUA\"}]},{\"@type\":\"WebSite\",\"@id\":\"https:\/\/jornalfatosenoticias.com.br\/#website\",\"url\":\"https:\/\/jornalfatosenoticias.com.br\/\",\"name\":\"Jornal Fatos e Not\u00edcias\",\"description\":\"Not\u00edcias em geral\",\"publisher\":{\"@id\":\"https:\/\/jornalfatosenoticias.com.br\/#organization\"},\"potentialAction\":[{\"@type\":\"SearchAction\",\"target\":{\"@type\":\"EntryPoint\",\"urlTemplate\":\"https:\/\/jornalfatosenoticias.com.br\/?s={search_term_string}\"},\"query-input\":{\"@type\":\"PropertyValueSpecification\",\"valueRequired\":true,\"valueName\":\"search_term_string\"}}],\"inLanguage\":\"pt-BR\"},{\"@type\":\"Organization\",\"@id\":\"https:\/\/jornalfatosenoticias.com.br\/#organization\",\"name\":\"Jornal Fatos e Not\u00edcias\",\"url\":\"https:\/\/jornalfatosenoticias.com.br\/\",\"logo\":{\"@type\":\"ImageObject\",\"inLanguage\":\"pt-BR\",\"@id\":\"https:\/\/jornalfatosenoticias.com.br\/#\/schema\/logo\/image\/\",\"url\":\"https:\/\/jornalfatosenoticias.com.br\/wp-content\/uploads\/2020\/02\/logo120.png\",\"contentUrl\":\"https:\/\/jornalfatosenoticias.com.br\/wp-content\/uploads\/2020\/02\/logo120.png\",\"width\":1227,\"height\":120,\"caption\":\"Jornal Fatos e Not\u00edcias\"},\"image\":{\"@id\":\"https:\/\/jornalfatosenoticias.com.br\/#\/schema\/logo\/image\/\"}},{\"@type\":\"Person\",\"@id\":\"https:\/\/jornalfatosenoticias.com.br\/#\/schema\/person\/d63837fa13ac8666eb9e74e0985d6f81\",\"name\":\"Luzimara Fernandes\",\"image\":{\"@type\":\"ImageObject\",\"inLanguage\":\"pt-BR\",\"@id\":\"https:\/\/jornalfatosenoticias.com.br\/#\/schema\/person\/image\/\",\"url\":\"https:\/\/jornalfatosenoticias.com.br\/wp-content\/uploads\/2025\/05\/EU_portal.jpg\",\"contentUrl\":\"https:\/\/jornalfatosenoticias.com.br\/wp-content\/uploads\/2025\/05\/EU_portal.jpg\",\"caption\":\"Luzimara Fernandes\"},\"description\":\"Jornalista MTB 2358-ES\",\"sameAs\":[\"https:\/\/jornalfatosenoticias.com.br\"],\"url\":\"https:\/\/jornalfatosenoticias.com.br\/index.php\/author\/luzimara\/\"}]}<\/script>\n<!-- \/ Yoast SEO plugin. -->","yoast_head_json":{"title":"\u201cA era de ouro dos EUA come\u00e7a agora\u201d, diz Trump em discurso como novo presidente dos EUA - Jornal Fatos e Not\u00edcias","robots":{"index":"index","follow":"follow","max-snippet":"max-snippet:-1","max-image-preview":"max-image-preview:large","max-video-preview":"max-video-preview:-1"},"canonical":"https:\/\/jornalfatosenoticias.com.br\/index.php\/2025\/01\/20\/a-era-de-ouro-dos-eua-comeca-agora-diz-trump-em-discurso-como-novo-presidente-dos-eua\/","og_locale":"pt_BR","og_type":"article","og_title":"\u201cA era de ouro dos EUA come\u00e7a agora\u201d, diz Trump em discurso como novo presidente dos EUA - Jornal Fatos e Not\u00edcias","og_description":"Donald Trump \u00e9 empossado como o 47.\u00ba presidente dos EUA , no Capit\u00f3lio dos EUA, em Washington D.C. Por John Lucas O republicano Donald Trump foi empossado nesta segunda-feira (20) como o 47.\u00ba presidente dos Estados Unidos, substituindo o agora ex-presidente Joe Biden, em uma cerim\u00f4nia realizada na Rotunda do Capit\u00f3lio, devido ao frio intenso [&hellip;]","og_url":"https:\/\/jornalfatosenoticias.com.br\/index.php\/2025\/01\/20\/a-era-de-ouro-dos-eua-comeca-agora-diz-trump-em-discurso-como-novo-presidente-dos-eua\/","og_site_name":"Jornal Fatos e Not\u00edcias","article_published_time":"2025-01-20T17:50:00+00:00","article_modified_time":"2025-01-20T17:50:01+00:00","og_image":[{"width":1000,"height":645,"url":"https:\/\/jornalfatosenoticias.com.br\/wp-content\/uploads\/2025\/01\/posse-Trump.jpg","type":"image\/jpeg"}],"author":"Luzimara Fernandes","twitter_card":"summary_large_image","twitter_misc":{"Escrito por":"Luzimara Fernandes","Est. tempo de leitura":"3 minutos"},"schema":{"@context":"https:\/\/schema.org","@graph":[{"@type":"Article","@id":"https:\/\/jornalfatosenoticias.com.br\/index.php\/2025\/01\/20\/a-era-de-ouro-dos-eua-comeca-agora-diz-trump-em-discurso-como-novo-presidente-dos-eua\/#article","isPartOf":{"@id":"https:\/\/jornalfatosenoticias.com.br\/index.php\/2025\/01\/20\/a-era-de-ouro-dos-eua-comeca-agora-diz-trump-em-discurso-como-novo-presidente-dos-eua\/"},"author":{"name":"Luzimara Fernandes","@id":"https:\/\/jornalfatosenoticias.com.br\/#\/schema\/person\/d63837fa13ac8666eb9e74e0985d6f81"},"headline":"\u201cA era de ouro dos EUA come\u00e7a agora\u201d, diz Trump em discurso como novo presidente dos EUA","datePublished":"2025-01-20T17:50:00+00:00","dateModified":"2025-01-20T17:50:01+00:00","mainEntityOfPage":{"@id":"https:\/\/jornalfatosenoticias.com.br\/index.php\/2025\/01\/20\/a-era-de-ouro-dos-eua-comeca-agora-diz-trump-em-discurso-como-novo-presidente-dos-eua\/"},"wordCount":626,"commentCount":0,"publisher":{"@id":"https:\/\/jornalfatosenoticias.com.br\/#organization"},"image":{"@id":"https:\/\/jornalfatosenoticias.com.br\/index.php\/2025\/01\/20\/a-era-de-ouro-dos-eua-comeca-agora-diz-trump-em-discurso-como-novo-presidente-dos-eua\/#primaryimage"},"thumbnailUrl":"https:\/\/jornalfatosenoticias.com.br\/wp-content\/uploads\/2025\/01\/posse-Trump.jpg","keywords":["Donald Trump","EUA","posse"],"articleSection":["Internacional"],"inLanguage":"pt-BR","potentialAction":[{"@type":"CommentAction","name":"Comment","target":["https:\/\/jornalfatosenoticias.com.br\/index.php\/2025\/01\/20\/a-era-de-ouro-dos-eua-comeca-agora-diz-trump-em-discurso-como-novo-presidente-dos-eua\/#respond"]}]},{"@type":"WebPage","@id":"https:\/\/jornalfatosenoticias.com.br\/index.php\/2025\/01\/20\/a-era-de-ouro-dos-eua-comeca-agora-diz-trump-em-discurso-como-novo-presidente-dos-eua\/","url":"https:\/\/jornalfatosenoticias.com.br\/index.php\/2025\/01\/20\/a-era-de-ouro-dos-eua-comeca-agora-diz-trump-em-discurso-como-novo-presidente-dos-eua\/","name":"\u201cA era de ouro dos EUA come\u00e7a agora\u201d, diz Trump em discurso como novo presidente dos EUA - Jornal Fatos e Not\u00edcias","isPartOf":{"@id":"https:\/\/jornalfatosenoticias.com.br\/#website"},"primaryImageOfPage":{"@id":"https:\/\/jornalfatosenoticias.com.br\/index.php\/2025\/01\/20\/a-era-de-ouro-dos-eua-comeca-agora-diz-trump-em-discurso-como-novo-presidente-dos-eua\/#primaryimage"},"image":{"@id":"https:\/\/jornalfatosenoticias.com.br\/index.php\/2025\/01\/20\/a-era-de-ouro-dos-eua-comeca-agora-diz-trump-em-discurso-como-novo-presidente-dos-eua\/#primaryimage"},"thumbnailUrl":"https:\/\/jornalfatosenoticias.com.br\/wp-content\/uploads\/2025\/01\/posse-Trump.jpg","datePublished":"2025-01-20T17:50:00+00:00","dateModified":"2025-01-20T17:50:01+00:00","breadcrumb":{"@id":"https:\/\/jornalfatosenoticias.com.br\/index.php\/2025\/01\/20\/a-era-de-ouro-dos-eua-comeca-agora-diz-trump-em-discurso-como-novo-presidente-dos-eua\/#breadcrumb"},"inLanguage":"pt-BR","potentialAction":[{"@type":"ReadAction","target":["https:\/\/jornalfatosenoticias.com.br\/index.php\/2025\/01\/20\/a-era-de-ouro-dos-eua-comeca-agora-diz-trump-em-discurso-como-novo-presidente-dos-eua\/"]}]},{"@type":"ImageObject","inLanguage":"pt-BR","@id":"https:\/\/jornalfatosenoticias.com.br\/index.php\/2025\/01\/20\/a-era-de-ouro-dos-eua-comeca-agora-diz-trump-em-discurso-como-novo-presidente-dos-eua\/#primaryimage","url":"https:\/\/jornalfatosenoticias.com.br\/wp-content\/uploads\/2025\/01\/posse-Trump.jpg","contentUrl":"https:\/\/jornalfatosenoticias.com.br\/wp-content\/uploads\/2025\/01\/posse-Trump.jpg","width":1000,"height":645},{"@type":"BreadcrumbList","@id":"https:\/\/jornalfatosenoticias.com.br\/index.php\/2025\/01\/20\/a-era-de-ouro-dos-eua-comeca-agora-diz-trump-em-discurso-como-novo-presidente-dos-eua\/#breadcrumb","itemListElement":[{"@type":"ListItem","position":1,"name":"In\u00edcio","item":"https:\/\/jornalfatosenoticias.com.br\/"},{"@type":"ListItem","position":2,"name":"\u201cA era de ouro dos EUA come\u00e7a agora\u201d, diz Trump em discurso como novo presidente dos EUA"}]},{"@type":"WebSite","@id":"https:\/\/jornalfatosenoticias.com.br\/#website","url":"https:\/\/jornalfatosenoticias.com.br\/","name":"Jornal Fatos e Not\u00edcias","description":"Not\u00edcias em geral","publisher":{"@id":"https:\/\/jornalfatosenoticias.com.br\/#organization"},"potentialAction":[{"@type":"SearchAction","target":{"@type":"EntryPoint","urlTemplate":"https:\/\/jornalfatosenoticias.com.br\/?s={search_term_string}"},"query-input":{"@type":"PropertyValueSpecification","valueRequired":true,"valueName":"search_term_string"}}],"inLanguage":"pt-BR"},{"@type":"Organization","@id":"https:\/\/jornalfatosenoticias.com.br\/#organization","name":"Jornal Fatos e Not\u00edcias","url":"https:\/\/jornalfatosenoticias.com.br\/","logo":{"@type":"ImageObject","inLanguage":"pt-BR","@id":"https:\/\/jornalfatosenoticias.com.br\/#\/schema\/logo\/image\/","url":"https:\/\/jornalfatosenoticias.com.br\/wp-content\/uploads\/2020\/02\/logo120.png","contentUrl":"https:\/\/jornalfatosenoticias.com.br\/wp-content\/uploads\/2020\/02\/logo120.png","width":1227,"height":120,"caption":"Jornal Fatos e Not\u00edcias"},"image":{"@id":"https:\/\/jornalfatosenoticias.com.br\/#\/schema\/logo\/image\/"}},{"@type":"Person","@id":"https:\/\/jornalfatosenoticias.com.br\/#\/schema\/person\/d63837fa13ac8666eb9e74e0985d6f81","name":"Luzimara Fernandes","image":{"@type":"ImageObject","inLanguage":"pt-BR","@id":"https:\/\/jornalfatosenoticias.com.br\/#\/schema\/person\/image\/","url":"https:\/\/jornalfatosenoticias.com.br\/wp-content\/uploads\/2025\/05\/EU_portal.jpg","contentUrl":"https:\/\/jornalfatosenoticias.com.br\/wp-content\/uploads\/2025\/05\/EU_portal.jpg","caption":"Luzimara Fernandes"},"description":"Jornalista MTB 2358-ES","sameAs":["https:\/\/jornalfatosenoticias.com.br"],"url":"https:\/\/jornalfatosenoticias.com.br\/index.php\/author\/luzimara\/"}]}},"cc_featured_image_caption":{"caption_text":"(Foto: Gazeta do Povo) ","source_text":"","source_url":""},"jetpack_featured_media_url":"https:\/\/jornalfatosenoticias.com.br\/wp-content\/uploads\/2025\/01\/posse-Trump.jpg","_links":{"self":[{"href":"https:\/\/jornalfatosenoticias.com.br\/index.php\/wp-json\/wp\/v2\/posts\/56941","targetHints":{"allow":["GET"]}}],"collection":[{"href":"https:\/\/jornalfatosenoticias.com.br\/index.php\/wp-json\/wp\/v2\/posts"}],"about":[{"href":"https:\/\/jornalfatosenoticias.com.br\/index.php\/wp-json\/wp\/v2\/types\/post"}],"author":[{"embeddable":true,"href":"https:\/\/jornalfatosenoticias.com.br\/index.php\/wp-json\/wp\/v2\/users\/2"}],"replies":[{"embeddable":true,"href":"https:\/\/jornalfatosenoticias.com.br\/index.php\/wp-json\/wp\/v2\/comments?post=56941"}],"version-history":[{"count":0,"href":"https:\/\/jornalfatosenoticias.com.br\/index.php\/wp-json\/wp\/v2\/posts\/56941\/revisions"}],"wp:featuredmedia":[{"embeddable":true,"href":"https:\/\/jornalfatosenoticias.com.br\/index.php\/wp-json\/wp\/v2\/media\/56942"}],"wp:attachment":[{"href":"https:\/\/jornalfatosenoticias.com.br\/index.php\/wp-json\/wp\/v2\/media?parent=56941"}],"wp:term":[{"taxonomy":"category","embeddable":true,"href":"https:\/\/jornalfatosenoticias.com.br\/index.php\/wp-json\/wp\/v2\/categories?post=56941"},{"taxonomy":"post_tag","embeddable":true,"href":"https:\/\/jornalfatosenoticias.com.br\/index.php\/wp-json\/wp\/v2\/tags?post=56941"}],"curies":[{"name":"wp","href":"https:\/\/api.w.org\/{rel}","templated":true}]}}