{"id":56951,"date":"2025-01-21T09:09:32","date_gmt":"2025-01-21T12:09:32","guid":{"rendered":"https:\/\/jornalfatosenoticias.com.br\/?p=56951"},"modified":"2025-01-21T09:09:33","modified_gmt":"2025-01-21T12:09:33","slug":"concurso-unificado-do-mec-nao-deve-resolver-sistema-precario-de-escolha-de-professores","status":"publish","type":"post","link":"https:\/\/jornalfatosenoticias.com.br\/index.php\/2025\/01\/21\/concurso-unificado-do-mec-nao-deve-resolver-sistema-precario-de-escolha-de-professores\/","title":{"rendered":"Concurso unificado do MEC n\u00e3o deve resolver sistema prec\u00e1rio de escolha de professores"},"content":{"rendered":"\n<p><em><span class=\"has-inline-color has-black-color\">Um estudo do Todos pela Educa\u00e7\u00e3o revelou a falta de quest\u00f5es em concursos para professores que avaliam a habilidade do docente de ensinar de forma eficaz<\/span><\/em><\/p>\n\n\n\n<p><span class=\"has-inline-color has-black-color\">Por <strong><a href=\"https:\/\/www.gazetadopovo.com.br\/autor\/marlice-pinto-vilela\/\">Marlice Pinto Vilela<\/a><\/strong><\/span><\/p>\n\n\n\n<div class=\"wp-block-image\"><figure class=\"aligncenter size-large\"><a href=\"https:\/\/www.instagram.com\/rcradiadores\/\"><img loading=\"lazy\" decoding=\"async\" width=\"560\" height=\"60\" src=\"https:\/\/jornalfatosenoticias.com.br\/wp-content\/uploads\/2022\/10\/Propaganda-RC-Radiadores-Jornal_page-0001.jpg\" alt=\"\" class=\"wp-image-35270\" srcset=\"https:\/\/jornalfatosenoticias.com.br\/wp-content\/uploads\/2022\/10\/Propaganda-RC-Radiadores-Jornal_page-0001.jpg 560w, https:\/\/jornalfatosenoticias.com.br\/wp-content\/uploads\/2022\/10\/Propaganda-RC-Radiadores-Jornal_page-0001-300x32.jpg 300w\" sizes=\"auto, (max-width: 560px) 100vw, 560px\" \/><\/a><\/figure><\/div>\n\n\n\n<p>A maioria dos concursos de professores no Brasil n\u00e3o cobra uma habilidade essencial: se os candidatos sabem a pr\u00e1tica do ensino em sala de aula. Essa \u00e9 uma das conclus\u00f5es de um levantamento realizado pela ONG Todos pela Educa\u00e7\u00e3o, e publicado em novembro de 2024, ap\u00f3s analisar como estados e munic\u00edpios escolhem professores para atuar do 5.\u00b0 ao 9.\u00b0 ano. Para resolver esse e outros problemas, o governo federal anunciou a ado\u00e7\u00e3o de um concurso unificado de professores, que poder\u00e1 ser adotado por estados e munic\u00edpios. Apesar da iniciativa, especialistas em educa\u00e7\u00e3o ouvidos pela Gazeta do Povo apontam que os problemas da forma\u00e7\u00e3o docente no Brasil s\u00e3o estruturais e v\u00e3o muito al\u00e9m da centraliza\u00e7\u00e3o das sele\u00e7\u00f5es.<\/p>\n\n\n\n<div class=\"wp-block-image\"><figure class=\"aligncenter size-large\"><a href=\"https:\/\/cesconetto.com.br\/\"><img loading=\"lazy\" decoding=\"async\" width=\"300\" height=\"250\" src=\"https:\/\/jornalfatosenoticias.com.br\/wp-content\/uploads\/2022\/02\/Banner-2.png\" alt=\"\" class=\"wp-image-27877\"\/><\/a><\/figure><\/div>\n\n\n\n<p>O concurso unificado foi lan\u00e7ado no \u00faltimo dia 14, pelo ministro da Educa\u00e7\u00e3o, Camilo Santana. Na ocasi\u00e3o, o ministro afirmou que a ideia seria usar a prova do Enade, realizada com os estudantes ao final da gradua\u00e7\u00e3o, como uma das etapas dos concursos \u2014 o exame passaria a ser anual. Depois, o MEC esclareceu que seria um exame similar ao Enade, nomeado como Prova Nacional Docente (PND), organizado pelo Inep. Estados e munic\u00edpios que aderirem \u00e0 iniciativa poder\u00e3o at\u00e9 usar a nota da PND como \u00fanica fase de sele\u00e7\u00e3o.<\/p>\n\n\n\n<div class=\"wp-block-image\"><figure class=\"aligncenter size-large is-resized\"><a href=\"https:\/\/www.instagram.com\/vmais.midias\/\"><img loading=\"lazy\" decoding=\"async\" src=\"https:\/\/jornalfatosenoticias.com.br\/wp-content\/uploads\/2020\/02\/DE-MAIS-DESTAQUE-VMAIS-800X700.png\" alt=\"\" class=\"wp-image-53112\" width=\"315\" height=\"275\" srcset=\"https:\/\/jornalfatosenoticias.com.br\/wp-content\/uploads\/2020\/02\/DE-MAIS-DESTAQUE-VMAIS-800X700.png 800w, https:\/\/jornalfatosenoticias.com.br\/wp-content\/uploads\/2020\/02\/DE-MAIS-DESTAQUE-VMAIS-800X700-300x263.png 300w, https:\/\/jornalfatosenoticias.com.br\/wp-content\/uploads\/2020\/02\/DE-MAIS-DESTAQUE-VMAIS-800X700-768x672.png 768w\" sizes=\"auto, (max-width: 315px) 100vw, 315px\" \/><\/a><\/figure><\/div>\n\n\n\n<blockquote class=\"wp-block-quote is-layout-flow wp-block-quote-is-layout-flow\"><p><span class=\"has-inline-color has-luminous-vivid-orange-color\"><strong>Ser\u00e1 de extrema ingenuidade acreditar que o concurso unificado para professores ir\u00e1 resolver o problema da capacita\u00e7\u00e3o pedag\u00f3gica dos professores das redes p\u00fablicas de ensino\u201d,<\/strong> afirma Pedro Caldeira, professor de Educa\u00e7\u00e3o da Universidade Federal do Tri\u00e2ngulo Mineiro. Ele explica que as falhas nos processos seletivos s\u00e3o apenas um elo de uma longa cadeia de problemas mais amplos enfrentados no Brasil.<\/span><\/p><\/blockquote>\n\n\n\n<div class=\"wp-block-image\"><figure class=\"aligncenter size-large is-resized\"><a href=\"https:\/\/www.legisjuris.com.br\/\"><img loading=\"lazy\" decoding=\"async\" src=\"https:\/\/jornalfatosenoticias.com.br\/wp-content\/uploads\/2024\/09\/Legis-Juris-Consultoria_logo.jpg\" alt=\"\" class=\"wp-image-53915\" width=\"456\" height=\"191\" srcset=\"https:\/\/jornalfatosenoticias.com.br\/wp-content\/uploads\/2024\/09\/Legis-Juris-Consultoria_logo.jpg 969w, https:\/\/jornalfatosenoticias.com.br\/wp-content\/uploads\/2024\/09\/Legis-Juris-Consultoria_logo-300x126.jpg 300w, https:\/\/jornalfatosenoticias.com.br\/wp-content\/uploads\/2024\/09\/Legis-Juris-Consultoria_logo-768x322.jpg 768w\" sizes=\"auto, (max-width: 456px) 100vw, 456px\" \/><\/a><\/figure><\/div>\n\n\n\n<p><strong><span class=\"has-inline-color has-vivid-purple-color\">Concursos municipais t\u00eam mais perguntas sobre diversidade e inclus\u00e3o do que sobre conhecimento pedag\u00f3gico aplicado<br><\/span><\/strong>O <a href=\"chrome-extension:\/\/efaidnbmnnnibpcajpcglclefindmkaj\/https:\/\/multimidia.gazetadopovo.com.br\/media\/docs\/1736779140_qualidade-dos-concursos-publicos-para-selecao-de-docentes-da-educacao-basica-no-brasil-todos-pela-educacao.pdf?_gl=1*1cnvx57*_gcl_au*MTQzMjE1MDMzNi4xNzM2Nzk0MTg4*_ga*MTgwNjgxNjYuMTcxMzIxNjM5MA..*_ga_B7X3QY6Y1N*MTczNzQ2MDM1Ni42Ny4xLjE3Mzc0NjAzODcuMjkuMC4w\">estudo do Todos pela Educa\u00e7\u00e3o<\/a>, organiza\u00e7\u00e3o que promove pol\u00edticas p\u00fablicas educacionais, revelou que apenas 3,3% das quest\u00f5es das provas realizadas para professores em redes estaduais testaram o conhecimento pedag\u00f3gico do conte\u00fado. Esse tipo de quest\u00e3o busca medir o dom\u00ednio do conte\u00fado e a habilidade de ensin\u00e1-lo. Ou seja, n\u00e3o adianta apenas o professor ter conhecimento sobre ora\u00e7\u00f5es subordinadas ou neologismo, ao ensinar L\u00edngua Portuguesa, por exemplo. \u00c9 necess\u00e1rio que ele seja capaz de ensinar os alunos sobre o assunto.<\/p>\n\n\n\n<div class=\"wp-block-image\"><figure class=\"aligncenter size-large is-resized\"><a href=\"https:\/\/www.instagram.com\/serra4x4cambioautomatico\/\"><img loading=\"lazy\" decoding=\"async\" src=\"https:\/\/jornalfatosenoticias.com.br\/wp-content\/uploads\/2024\/08\/Serra-4x4-1-886x1024.jpg\" alt=\"\" class=\"wp-image-53632\" width=\"335\" height=\"387\" srcset=\"https:\/\/jornalfatosenoticias.com.br\/wp-content\/uploads\/2024\/08\/Serra-4x4-1-886x1024.jpg 886w, https:\/\/jornalfatosenoticias.com.br\/wp-content\/uploads\/2024\/08\/Serra-4x4-1-260x300.jpg 260w, https:\/\/jornalfatosenoticias.com.br\/wp-content\/uploads\/2024\/08\/Serra-4x4-1-768x888.jpg 768w, https:\/\/jornalfatosenoticias.com.br\/wp-content\/uploads\/2024\/08\/Serra-4x4-1.jpg 1181w\" sizes=\"auto, (max-width: 335px) 100vw, 335px\" \/><\/a><\/figure><\/div>\n\n\n\n<p>Nas redes municipais, o cen\u00e1rio foi semelhante, com apenas 2,9% das quest\u00f5es voltadas para essa avalia\u00e7\u00e3o. O mais alarmante \u00e9 que a porcentagem de quest\u00f5es relacionadas a diversidade e inclus\u00e3o foi ligeiramente superior, chegando a 3,2%. Essas perguntas abordam temas como ra\u00e7a, g\u00eanero e orienta\u00e7\u00e3o sexual, diversidade cultural e promo\u00e7\u00e3o de inclus\u00e3o de estudantes com alguma defici\u00eancia ou transtorno. Na rede estadual, o \u00edndice de quest\u00f5es sobre diversidade e inclus\u00e3o foi de 2%.<\/p>\n\n\n\n<div class=\"wp-block-image\"><figure class=\"aligncenter size-large is-resized\"><a href=\"https:\/\/panper.com.br\/\"><img loading=\"lazy\" decoding=\"async\" src=\"https:\/\/jornalfatosenoticias.com.br\/wp-content\/uploads\/2023\/03\/logo-Panper_portal.jpg\" alt=\"\" class=\"wp-image-40208\" width=\"321\" height=\"222\" srcset=\"https:\/\/jornalfatosenoticias.com.br\/wp-content\/uploads\/2023\/03\/logo-Panper_portal.jpg 400w, https:\/\/jornalfatosenoticias.com.br\/wp-content\/uploads\/2023\/03\/logo-Panper_portal-300x208.jpg 300w\" sizes=\"auto, (max-width: 321px) 100vw, 321px\" \/><\/a><\/figure><\/div>\n\n\n\n<p>A pesquisa analisou editais e provas de 23 redes estaduais e 19 redes municipais (capitais), totalizando 82 provas para as disciplinas de L\u00edngua Portuguesa e Matem\u00e1tica. O objetivo foi obter uma vis\u00e3o representativa dos concursos p\u00fablicos em n\u00edvel nacional.<\/p>\n\n\n\n<div class=\"wp-block-image\"><figure class=\"aligncenter size-large is-resized\"><img loading=\"lazy\" decoding=\"async\" src=\"https:\/\/jornalfatosenoticias.com.br\/wp-content\/uploads\/2025\/01\/questao-estudo-todos-pela-educacao.jpg\" alt=\"\" class=\"wp-image-56952\" width=\"580\" height=\"262\" srcset=\"https:\/\/jornalfatosenoticias.com.br\/wp-content\/uploads\/2025\/01\/questao-estudo-todos-pela-educacao.jpg 1000w, https:\/\/jornalfatosenoticias.com.br\/wp-content\/uploads\/2025\/01\/questao-estudo-todos-pela-educacao-300x136.jpg 300w, https:\/\/jornalfatosenoticias.com.br\/wp-content\/uploads\/2025\/01\/questao-estudo-todos-pela-educacao-768x347.jpg 768w\" sizes=\"auto, (max-width: 580px) 100vw, 580px\" \/><figcaption><em><span class=\"has-inline-color has-black-color\">A quest\u00e3o \u00e9 usada como um exemplo da categoria &#8220;Diversidade e Inclus\u00e3o&#8221; do estudo &#8220;Qualidade dos concursos p\u00fablicos para sele\u00e7\u00e3o de docentes da Educa\u00e7\u00e3o B\u00e1sica no Brasil&#8221;, realizado pelo Todos pela Educa\u00e7\u00e3o (Foto: Reprodu\u00e7\u00e3o\/Todos pela Educa\u00e7\u00e3o)<\/span><\/em><\/figcaption><\/figure><\/div>\n\n\n\n<p>Jo\u00e3o Batista Oliveira, Ph.D. em Educa\u00e7\u00e3o pela Florida State University, acredita que as quest\u00f5es citadas no estudo n\u00e3o contribuem para melhorar a qualidade de ensino por n\u00e3o avaliar a pr\u00e1tica do professor em sala de aula. \u201cS\u00e3o perguntas que refletem o entendimento predominante nas faculdades de educa\u00e7\u00e3o do pa\u00eds a respeito do tema. Avalia\u00e7\u00e3o de conhecimento pedag\u00f3gico melhor se faz com o uso de situa\u00e7\u00f5es pr\u00e1ticas associadas \u00e0 justificativa emp\u00edrica para a interven\u00e7\u00e3o. Mas este \u00e9 um conhecimento raro em nosso pa\u00eds\u201d, afirma.<\/p>\n\n\n\n<div class=\"wp-block-image\"><figure class=\"aligncenter size-large is-resized\"><a href=\"https:\/\/www.facebook.com\/postobkr\/?locale=pt_BR\"><img loading=\"lazy\" decoding=\"async\" src=\"https:\/\/jornalfatosenoticias.com.br\/wp-content\/uploads\/2023\/08\/BKR-1024x1021.jpg\" alt=\"\" class=\"wp-image-44494\" width=\"299\" height=\"298\" srcset=\"https:\/\/jornalfatosenoticias.com.br\/wp-content\/uploads\/2023\/08\/BKR-1024x1021.jpg 1024w, https:\/\/jornalfatosenoticias.com.br\/wp-content\/uploads\/2023\/08\/BKR-300x300.jpg 300w, https:\/\/jornalfatosenoticias.com.br\/wp-content\/uploads\/2023\/08\/BKR-150x150.jpg 150w, https:\/\/jornalfatosenoticias.com.br\/wp-content\/uploads\/2023\/08\/BKR-768x766.jpg 768w, https:\/\/jornalfatosenoticias.com.br\/wp-content\/uploads\/2023\/08\/BKR.jpg 1080w\" sizes=\"auto, (max-width: 299px) 100vw, 299px\" \/><\/a><\/figure><\/div>\n\n\n\n<p>Entre as recomenda\u00e7\u00f5es do Todos pela Educa\u00e7\u00e3o para aprimorar os concursos, est\u00e1 a inclus\u00e3o de uma etapa com prova pr\u00e1tica. Essa medida permitiria uma avalia\u00e7\u00e3o mais aprofundada do conhecimento pedag\u00f3gico do conte\u00fado, al\u00e9m de medir compet\u00eancias gerais dos docentes.<\/p>\n\n\n\n<div class=\"wp-block-image\"><figure class=\"aligncenter size-large is-resized\"><a href=\"https:\/\/www.ithbrasil.com.br\/\"><img loading=\"lazy\" decoding=\"async\" src=\"https:\/\/jornalfatosenoticias.com.br\/wp-content\/uploads\/2023\/08\/ITH.jpeg\" alt=\"\" class=\"wp-image-44638\" width=\"299\" height=\"243\" srcset=\"https:\/\/jornalfatosenoticias.com.br\/wp-content\/uploads\/2023\/08\/ITH.jpeg 800w, https:\/\/jornalfatosenoticias.com.br\/wp-content\/uploads\/2023\/08\/ITH-300x244.jpeg 300w, https:\/\/jornalfatosenoticias.com.br\/wp-content\/uploads\/2023\/08\/ITH-768x624.jpeg 768w\" sizes=\"auto, (max-width: 299px) 100vw, 299px\" \/><\/a><\/figure><\/div>\n\n\n\n<p><strong><span class=\"has-inline-color has-vivid-purple-color\">Problema da qualidade de professores come\u00e7a na forma\u00e7\u00e3o<br><\/span><\/strong>Caldeira destaca que a raiz da m\u00e1 qualidade dos professores no Brasil est\u00e1 na forma\u00e7\u00e3o oferecida aos estudantes nas universidades. <\/p>\n\n\n\n<blockquote class=\"wp-block-quote is-layout-flow wp-block-quote-is-layout-flow\"><p><span class=\"has-inline-color has-luminous-vivid-orange-color\">A forma\u00e7\u00e3o pedag\u00f3gica dos professores \u00e9 extremamente deficiente nos cursos de licenciatura. As horas dedicadas a ensinar s\u00e3o, em geral, escassas, quando n\u00e3o quase inexistentes\u201d, ressalta.<\/span><\/p><\/blockquote>\n\n\n\n<div class=\"wp-block-image\"><figure class=\"aligncenter size-large is-resized\"><a href=\"https:\/\/www.facebook.com\/profile.php?id=100069289606145\"><img loading=\"lazy\" decoding=\"async\" src=\"https:\/\/jornalfatosenoticias.com.br\/wp-content\/uploads\/2024\/11\/Guaitolini-Contabilidade-1024x714.jpeg\" alt=\"\" class=\"wp-image-55808\" width=\"317\" height=\"221\" srcset=\"https:\/\/jornalfatosenoticias.com.br\/wp-content\/uploads\/2024\/11\/Guaitolini-Contabilidade-1024x714.jpeg 1024w, https:\/\/jornalfatosenoticias.com.br\/wp-content\/uploads\/2024\/11\/Guaitolini-Contabilidade-300x209.jpeg 300w, https:\/\/jornalfatosenoticias.com.br\/wp-content\/uploads\/2024\/11\/Guaitolini-Contabilidade-768x535.jpeg 768w, https:\/\/jornalfatosenoticias.com.br\/wp-content\/uploads\/2024\/11\/Guaitolini-Contabilidade.jpeg 1280w\" sizes=\"auto, (max-width: 317px) 100vw, 317px\" \/><\/a><\/figure><\/div>\n\n\n\n<p>Ele aponta como \u00e9 diferente a situa\u00e7\u00e3o do Brasil em rela\u00e7\u00e3o ao modelo europeu, onde os estudantes de licenciatura se dedicam tr\u00eas anos \u00e0 forma\u00e7\u00e3o cient\u00edfica e outros dois exclusivamente \u00e0 forma\u00e7\u00e3o pedag\u00f3gica. \u201cTalvez assim consegu\u00edssemos ter professores mais capacitados pedagogicamente nas redes estaduais e municipais. A simples aplica\u00e7\u00e3o de uma prova de conhecimentos pedag\u00f3gicos n\u00e3o \u00e9 suficiente para garantir melhores professores nas salas de aula\u201d, explica.<\/p>\n\n\n\n<div class=\"wp-block-image\"><figure class=\"aligncenter size-large\"><a href=\"http:\/\/www.ferrarimaquinas.com.br\/\"><img loading=\"lazy\" decoding=\"async\" width=\"300\" height=\"250\" src=\"https:\/\/jornalfatosenoticias.com.br\/wp-content\/uploads\/2022\/02\/FERRARI_MAQUINAS-E-FERRAMENTAS2.jpg\" alt=\"\" class=\"wp-image-27860\"\/><\/a><\/figure><\/div>\n\n\n\n<p>A pesquisa apontou que a maior parte das quest\u00f5es em concursos para professores est\u00e1 voltada para o conhecimento de conte\u00fado espec\u00edfico, que representa cerca de 70% nas redes municipais e 66% nas estaduais. Em segundo lugar, aparecem as perguntas relacionadas ao conhecimento pedag\u00f3gico isolado. Essas perguntas abordam como os alunos aprendem e como se d\u00e1 o processo de desenvolvimento e aprendizado, sem conex\u00e3o direta com os conte\u00fados das disciplinas. Esse tipo de quest\u00e3o representa 17,6% do conte\u00fado das provas de concurso municipais e 16,3% nas estaduais.<\/p>\n\n\n\n<div class=\"wp-block-image\"><figure class=\"aligncenter size-large is-resized\"><a href=\"https:\/\/www.controlsystems.com.br\/\"><img loading=\"lazy\" decoding=\"async\" src=\"https:\/\/jornalfatosenoticias.com.br\/wp-content\/uploads\/2020\/02\/CONTROL-CS.jpg\" alt=\"\" class=\"wp-image-44991\" width=\"289\" height=\"346\" srcset=\"https:\/\/jornalfatosenoticias.com.br\/wp-content\/uploads\/2020\/02\/CONTROL-CS.jpg 834w, https:\/\/jornalfatosenoticias.com.br\/wp-content\/uploads\/2020\/02\/CONTROL-CS-250x300.jpg 250w, https:\/\/jornalfatosenoticias.com.br\/wp-content\/uploads\/2020\/02\/CONTROL-CS-768x921.jpg 768w\" sizes=\"auto, (max-width: 289px) 100vw, 289px\" \/><\/a><\/figure><\/div>\n\n\n\n<p><strong><span class=\"has-inline-color has-vivid-purple-color\">Concurso unificado do MEC \u00e9 amea\u00e7ado por problemas estruturais da educa\u00e7\u00e3o<br><\/span><\/strong>Para Caldeira, o gigantismo das redes de ensino, a falta de pr\u00e1tica e a desconsidera\u00e7\u00e3o do conjunto dos sistemas educacionais s\u00e3o fatores que tornam improv\u00e1vel o sucesso em atrair melhores profissionais por meio concurso unificado proposto pelo MEC.<\/p>\n\n\n\n<div class=\"wp-block-image\"><figure class=\"aligncenter size-large is-resized\"><a href=\"https:\/\/www.instagram.com\/esteiochurrascaria\/\"><img loading=\"lazy\" decoding=\"async\" src=\"https:\/\/jornalfatosenoticias.com.br\/wp-content\/uploads\/2022\/02\/LOGO-ESTEIO-1024x730.png\" alt=\"\" class=\"wp-image-27942\" width=\"343\" height=\"244\" srcset=\"https:\/\/jornalfatosenoticias.com.br\/wp-content\/uploads\/2022\/02\/LOGO-ESTEIO-1024x730.png 1024w, https:\/\/jornalfatosenoticias.com.br\/wp-content\/uploads\/2022\/02\/LOGO-ESTEIO-300x214.png 300w, https:\/\/jornalfatosenoticias.com.br\/wp-content\/uploads\/2022\/02\/LOGO-ESTEIO-768x548.png 768w, https:\/\/jornalfatosenoticias.com.br\/wp-content\/uploads\/2022\/02\/LOGO-ESTEIO.png 1123w\" sizes=\"auto, (max-width: 343px) 100vw, 343px\" \/><\/a><\/figure><\/div>\n\n\n\n<blockquote class=\"wp-block-quote is-layout-flow wp-block-quote-is-layout-flow\"><p><span class=\"has-inline-color has-luminous-vivid-orange-color\">Infelizmente, as propostas do governo v\u00e3o em sentido contr\u00e1rio: n\u00e3o v\u00e3o resolver os problemas relacionados \u00e0 forma\u00e7\u00e3o inicial dos professores, continuaremos com uma Base Nacional Comum Curricular [BNCC] que \u00e9 um lixo e prosseguiremos com livros did\u00e1ticos de baixa qualidade\u201d, critica o professor.<\/span><\/p><\/blockquote>\n\n\n\n<div class=\"wp-block-image\"><figure class=\"aligncenter size-large is-resized\"><a href=\"https:\/\/hotelmarquetti.com.br\/\"><img loading=\"lazy\" decoding=\"async\" src=\"https:\/\/jornalfatosenoticias.com.br\/wp-content\/uploads\/2020\/02\/nova-logo-Marquetti.jpg\" alt=\"\" class=\"wp-image-22331\" width=\"346\" height=\"232\" srcset=\"https:\/\/jornalfatosenoticias.com.br\/wp-content\/uploads\/2020\/02\/nova-logo-Marquetti.jpg 643w, https:\/\/jornalfatosenoticias.com.br\/wp-content\/uploads\/2020\/02\/nova-logo-Marquetti-300x202.jpg 300w\" sizes=\"auto, (max-width: 346px) 100vw, 346px\" \/><\/a><\/figure><\/div>\n\n\n\n<p>Al\u00e9m do concurso unificado, o ministro da Educa\u00e7\u00e3o Camilo Santana anunciou o programa <strong>\u201cP\u00e9-de-Meia\u201d<\/strong> para universit\u00e1rios, uma mesada de R$ 1.050,00 (R$ 750 com saque a qualquer momento e R$ 300 para uma poupan\u00e7a criada para esse fim) para alunos que ingressarem em cursos de pedagogia e licenciatura, para tentar atrair estudantes de alto desempenho para serem professores. Pesquisas mostram que os estudantes com as piores notas no Enem tendem a escolher os cursos de pedagogia e licenciatura.<\/p>\n\n\n\n<div class=\"wp-block-image\"><figure class=\"aligncenter size-large\"><a href=\"https:\/\/www.facebook.com\/vetor.vix\/\"><img loading=\"lazy\" decoding=\"async\" width=\"1024\" height=\"273\" src=\"https:\/\/jornalfatosenoticias.com.br\/wp-content\/uploads\/2023\/09\/vetorvix1024_1.jpg\" alt=\"\" class=\"wp-image-44868\" srcset=\"https:\/\/jornalfatosenoticias.com.br\/wp-content\/uploads\/2023\/09\/vetorvix1024_1.jpg 1024w, https:\/\/jornalfatosenoticias.com.br\/wp-content\/uploads\/2023\/09\/vetorvix1024_1-300x80.jpg 300w, https:\/\/jornalfatosenoticias.com.br\/wp-content\/uploads\/2023\/09\/vetorvix1024_1-768x205.jpg 768w\" sizes=\"auto, (max-width: 1024px) 100vw, 1024px\" \/><\/a><\/figure><\/div>\n\n\n\n<p><strong><em>Fonte: <a href=\"https:\/\/www.gazetadopovo.com.br\/vida-e-cidadania\/selecao-professores-concurso-unificado-mec\/\">Gazeta do Povo<\/a><\/em><\/strong><\/p>\n","protected":false},"excerpt":{"rendered":"<p>Um estudo do Todos pela Educa\u00e7\u00e3o revelou a falta de quest\u00f5es em concursos para professores que avaliam a habilidade do docente de ensinar de forma eficaz Por Marlice Pinto Vilela A maioria dos concursos de professores no Brasil n\u00e3o cobra uma habilidade essencial: se os candidatos sabem a pr\u00e1tica do ensino em sala de aula. [&hellip;]<\/p>\n","protected":false},"author":2,"featured_media":56953,"comment_status":"open","ping_status":"open","sticky":false,"template":"","format":"standard","meta":{"footnotes":""},"categories":[7],"tags":[23117,345,1787,860,283,10127,5377,425],"class_list":["post-56951","post","type-post","status-publish","format-standard","has-post-thumbnail","hentry","category-educacao","tag-camilo-santana","tag-educacao","tag-ensino","tag-governo-federal","tag-mec","tag-ministerio-da-educacao","tag-todos-pela-educacao","tag-universidade"],"yoast_head":"<!-- This site is optimized with the Yoast SEO plugin v26.5 - https:\/\/yoast.com\/wordpress\/plugins\/seo\/ -->\n<title>Concurso unificado do MEC n\u00e3o deve resolver sistema prec\u00e1rio de escolha de professores - Jornal Fatos e Not\u00edcias<\/title>\n<meta name=\"robots\" content=\"index, follow, max-snippet:-1, max-image-preview:large, max-video-preview:-1\" \/>\n<link rel=\"canonical\" href=\"https:\/\/jornalfatosenoticias.com.br\/index.php\/2025\/01\/21\/concurso-unificado-do-mec-nao-deve-resolver-sistema-precario-de-escolha-de-professores\/\" \/>\n<meta property=\"og:locale\" content=\"pt_BR\" \/>\n<meta property=\"og:type\" content=\"article\" \/>\n<meta property=\"og:title\" content=\"Concurso unificado do MEC n\u00e3o deve resolver sistema prec\u00e1rio de escolha de professores - Jornal Fatos e Not\u00edcias\" \/>\n<meta property=\"og:description\" content=\"Um estudo do Todos pela Educa\u00e7\u00e3o revelou a falta de quest\u00f5es em concursos para professores que avaliam a habilidade do docente de ensinar de forma eficaz Por Marlice Pinto Vilela A maioria dos concursos de professores no Brasil n\u00e3o cobra uma habilidade essencial: se os candidatos sabem a pr\u00e1tica do ensino em sala de aula. [&hellip;]\" \/>\n<meta property=\"og:url\" content=\"https:\/\/jornalfatosenoticias.com.br\/index.php\/2025\/01\/21\/concurso-unificado-do-mec-nao-deve-resolver-sistema-precario-de-escolha-de-professores\/\" \/>\n<meta property=\"og:site_name\" content=\"Jornal Fatos e Not\u00edcias\" \/>\n<meta property=\"article:published_time\" content=\"2025-01-21T12:09:32+00:00\" \/>\n<meta property=\"article:modified_time\" content=\"2025-01-21T12:09:33+00:00\" \/>\n<meta property=\"og:image\" content=\"https:\/\/jornalfatosenoticias.com.br\/wp-content\/uploads\/2025\/01\/sistema-precario-de-escolha-de-professores_Freepik.jpg\" \/>\n\t<meta property=\"og:image:width\" content=\"740\" \/>\n\t<meta property=\"og:image:height\" content=\"523\" \/>\n\t<meta property=\"og:image:type\" content=\"image\/jpeg\" \/>\n<meta name=\"author\" content=\"Luzimara Fernandes\" \/>\n<meta name=\"twitter:card\" content=\"summary_large_image\" \/>\n<meta name=\"twitter:label1\" content=\"Escrito por\" \/>\n\t<meta name=\"twitter:data1\" content=\"Luzimara Fernandes\" \/>\n\t<meta name=\"twitter:label2\" content=\"Est. tempo de leitura\" \/>\n\t<meta name=\"twitter:data2\" content=\"6 minutos\" \/>\n<script type=\"application\/ld+json\" class=\"yoast-schema-graph\">{\"@context\":\"https:\/\/schema.org\",\"@graph\":[{\"@type\":\"Article\",\"@id\":\"https:\/\/jornalfatosenoticias.com.br\/index.php\/2025\/01\/21\/concurso-unificado-do-mec-nao-deve-resolver-sistema-precario-de-escolha-de-professores\/#article\",\"isPartOf\":{\"@id\":\"https:\/\/jornalfatosenoticias.com.br\/index.php\/2025\/01\/21\/concurso-unificado-do-mec-nao-deve-resolver-sistema-precario-de-escolha-de-professores\/\"},\"author\":{\"name\":\"Luzimara Fernandes\",\"@id\":\"https:\/\/jornalfatosenoticias.com.br\/#\/schema\/person\/d63837fa13ac8666eb9e74e0985d6f81\"},\"headline\":\"Concurso unificado do MEC n\u00e3o deve resolver sistema prec\u00e1rio de escolha de professores\",\"datePublished\":\"2025-01-21T12:09:32+00:00\",\"dateModified\":\"2025-01-21T12:09:33+00:00\",\"mainEntityOfPage\":{\"@id\":\"https:\/\/jornalfatosenoticias.com.br\/index.php\/2025\/01\/21\/concurso-unificado-do-mec-nao-deve-resolver-sistema-precario-de-escolha-de-professores\/\"},\"wordCount\":1167,\"commentCount\":0,\"publisher\":{\"@id\":\"https:\/\/jornalfatosenoticias.com.br\/#organization\"},\"image\":{\"@id\":\"https:\/\/jornalfatosenoticias.com.br\/index.php\/2025\/01\/21\/concurso-unificado-do-mec-nao-deve-resolver-sistema-precario-de-escolha-de-professores\/#primaryimage\"},\"thumbnailUrl\":\"https:\/\/jornalfatosenoticias.com.br\/wp-content\/uploads\/2025\/01\/sistema-precario-de-escolha-de-professores_Freepik.jpg\",\"keywords\":[\"Camilo Santana\",\"educa\u00e7\u00e3o\",\"ensino\",\"governo federal\",\"MEC\",\"Minist\u00e9rio da Educa\u00e7\u00e3o\",\"Todos Pela Educa\u00e7\u00e3o\",\"Universidade\"],\"articleSection\":[\"Educa\u00e7\u00e3o\"],\"inLanguage\":\"pt-BR\",\"potentialAction\":[{\"@type\":\"CommentAction\",\"name\":\"Comment\",\"target\":[\"https:\/\/jornalfatosenoticias.com.br\/index.php\/2025\/01\/21\/concurso-unificado-do-mec-nao-deve-resolver-sistema-precario-de-escolha-de-professores\/#respond\"]}]},{\"@type\":\"WebPage\",\"@id\":\"https:\/\/jornalfatosenoticias.com.br\/index.php\/2025\/01\/21\/concurso-unificado-do-mec-nao-deve-resolver-sistema-precario-de-escolha-de-professores\/\",\"url\":\"https:\/\/jornalfatosenoticias.com.br\/index.php\/2025\/01\/21\/concurso-unificado-do-mec-nao-deve-resolver-sistema-precario-de-escolha-de-professores\/\",\"name\":\"Concurso unificado do MEC n\u00e3o deve resolver sistema prec\u00e1rio de escolha de professores - Jornal Fatos e Not\u00edcias\",\"isPartOf\":{\"@id\":\"https:\/\/jornalfatosenoticias.com.br\/#website\"},\"primaryImageOfPage\":{\"@id\":\"https:\/\/jornalfatosenoticias.com.br\/index.php\/2025\/01\/21\/concurso-unificado-do-mec-nao-deve-resolver-sistema-precario-de-escolha-de-professores\/#primaryimage\"},\"image\":{\"@id\":\"https:\/\/jornalfatosenoticias.com.br\/index.php\/2025\/01\/21\/concurso-unificado-do-mec-nao-deve-resolver-sistema-precario-de-escolha-de-professores\/#primaryimage\"},\"thumbnailUrl\":\"https:\/\/jornalfatosenoticias.com.br\/wp-content\/uploads\/2025\/01\/sistema-precario-de-escolha-de-professores_Freepik.jpg\",\"datePublished\":\"2025-01-21T12:09:32+00:00\",\"dateModified\":\"2025-01-21T12:09:33+00:00\",\"breadcrumb\":{\"@id\":\"https:\/\/jornalfatosenoticias.com.br\/index.php\/2025\/01\/21\/concurso-unificado-do-mec-nao-deve-resolver-sistema-precario-de-escolha-de-professores\/#breadcrumb\"},\"inLanguage\":\"pt-BR\",\"potentialAction\":[{\"@type\":\"ReadAction\",\"target\":[\"https:\/\/jornalfatosenoticias.com.br\/index.php\/2025\/01\/21\/concurso-unificado-do-mec-nao-deve-resolver-sistema-precario-de-escolha-de-professores\/\"]}]},{\"@type\":\"ImageObject\",\"inLanguage\":\"pt-BR\",\"@id\":\"https:\/\/jornalfatosenoticias.com.br\/index.php\/2025\/01\/21\/concurso-unificado-do-mec-nao-deve-resolver-sistema-precario-de-escolha-de-professores\/#primaryimage\",\"url\":\"https:\/\/jornalfatosenoticias.com.br\/wp-content\/uploads\/2025\/01\/sistema-precario-de-escolha-de-professores_Freepik.jpg\",\"contentUrl\":\"https:\/\/jornalfatosenoticias.com.br\/wp-content\/uploads\/2025\/01\/sistema-precario-de-escolha-de-professores_Freepik.jpg\",\"width\":740,\"height\":523},{\"@type\":\"BreadcrumbList\",\"@id\":\"https:\/\/jornalfatosenoticias.com.br\/index.php\/2025\/01\/21\/concurso-unificado-do-mec-nao-deve-resolver-sistema-precario-de-escolha-de-professores\/#breadcrumb\",\"itemListElement\":[{\"@type\":\"ListItem\",\"position\":1,\"name\":\"In\u00edcio\",\"item\":\"https:\/\/jornalfatosenoticias.com.br\/\"},{\"@type\":\"ListItem\",\"position\":2,\"name\":\"Concurso unificado do MEC n\u00e3o deve resolver sistema prec\u00e1rio de escolha de professores\"}]},{\"@type\":\"WebSite\",\"@id\":\"https:\/\/jornalfatosenoticias.com.br\/#website\",\"url\":\"https:\/\/jornalfatosenoticias.com.br\/\",\"name\":\"Jornal Fatos e Not\u00edcias\",\"description\":\"Not\u00edcias em geral\",\"publisher\":{\"@id\":\"https:\/\/jornalfatosenoticias.com.br\/#organization\"},\"potentialAction\":[{\"@type\":\"SearchAction\",\"target\":{\"@type\":\"EntryPoint\",\"urlTemplate\":\"https:\/\/jornalfatosenoticias.com.br\/?s={search_term_string}\"},\"query-input\":{\"@type\":\"PropertyValueSpecification\",\"valueRequired\":true,\"valueName\":\"search_term_string\"}}],\"inLanguage\":\"pt-BR\"},{\"@type\":\"Organization\",\"@id\":\"https:\/\/jornalfatosenoticias.com.br\/#organization\",\"name\":\"Jornal Fatos e Not\u00edcias\",\"url\":\"https:\/\/jornalfatosenoticias.com.br\/\",\"logo\":{\"@type\":\"ImageObject\",\"inLanguage\":\"pt-BR\",\"@id\":\"https:\/\/jornalfatosenoticias.com.br\/#\/schema\/logo\/image\/\",\"url\":\"https:\/\/jornalfatosenoticias.com.br\/wp-content\/uploads\/2020\/02\/logo120.png\",\"contentUrl\":\"https:\/\/jornalfatosenoticias.com.br\/wp-content\/uploads\/2020\/02\/logo120.png\",\"width\":1227,\"height\":120,\"caption\":\"Jornal Fatos e Not\u00edcias\"},\"image\":{\"@id\":\"https:\/\/jornalfatosenoticias.com.br\/#\/schema\/logo\/image\/\"}},{\"@type\":\"Person\",\"@id\":\"https:\/\/jornalfatosenoticias.com.br\/#\/schema\/person\/d63837fa13ac8666eb9e74e0985d6f81\",\"name\":\"Luzimara Fernandes\",\"image\":{\"@type\":\"ImageObject\",\"inLanguage\":\"pt-BR\",\"@id\":\"https:\/\/jornalfatosenoticias.com.br\/#\/schema\/person\/image\/\",\"url\":\"https:\/\/jornalfatosenoticias.com.br\/wp-content\/uploads\/2025\/05\/EU_portal.jpg\",\"contentUrl\":\"https:\/\/jornalfatosenoticias.com.br\/wp-content\/uploads\/2025\/05\/EU_portal.jpg\",\"caption\":\"Luzimara Fernandes\"},\"description\":\"Jornalista MTB 2358-ES\",\"sameAs\":[\"https:\/\/jornalfatosenoticias.com.br\"],\"url\":\"https:\/\/jornalfatosenoticias.com.br\/index.php\/author\/luzimara\/\"}]}<\/script>\n<!-- \/ Yoast SEO plugin. -->","yoast_head_json":{"title":"Concurso unificado do MEC n\u00e3o deve resolver sistema prec\u00e1rio de escolha de professores - Jornal Fatos e Not\u00edcias","robots":{"index":"index","follow":"follow","max-snippet":"max-snippet:-1","max-image-preview":"max-image-preview:large","max-video-preview":"max-video-preview:-1"},"canonical":"https:\/\/jornalfatosenoticias.com.br\/index.php\/2025\/01\/21\/concurso-unificado-do-mec-nao-deve-resolver-sistema-precario-de-escolha-de-professores\/","og_locale":"pt_BR","og_type":"article","og_title":"Concurso unificado do MEC n\u00e3o deve resolver sistema prec\u00e1rio de escolha de professores - Jornal Fatos e Not\u00edcias","og_description":"Um estudo do Todos pela Educa\u00e7\u00e3o revelou a falta de quest\u00f5es em concursos para professores que avaliam a habilidade do docente de ensinar de forma eficaz Por Marlice Pinto Vilela A maioria dos concursos de professores no Brasil n\u00e3o cobra uma habilidade essencial: se os candidatos sabem a pr\u00e1tica do ensino em sala de aula. [&hellip;]","og_url":"https:\/\/jornalfatosenoticias.com.br\/index.php\/2025\/01\/21\/concurso-unificado-do-mec-nao-deve-resolver-sistema-precario-de-escolha-de-professores\/","og_site_name":"Jornal Fatos e Not\u00edcias","article_published_time":"2025-01-21T12:09:32+00:00","article_modified_time":"2025-01-21T12:09:33+00:00","og_image":[{"width":740,"height":523,"url":"https:\/\/jornalfatosenoticias.com.br\/wp-content\/uploads\/2025\/01\/sistema-precario-de-escolha-de-professores_Freepik.jpg","type":"image\/jpeg"}],"author":"Luzimara Fernandes","twitter_card":"summary_large_image","twitter_misc":{"Escrito por":"Luzimara Fernandes","Est. tempo de leitura":"6 minutos"},"schema":{"@context":"https:\/\/schema.org","@graph":[{"@type":"Article","@id":"https:\/\/jornalfatosenoticias.com.br\/index.php\/2025\/01\/21\/concurso-unificado-do-mec-nao-deve-resolver-sistema-precario-de-escolha-de-professores\/#article","isPartOf":{"@id":"https:\/\/jornalfatosenoticias.com.br\/index.php\/2025\/01\/21\/concurso-unificado-do-mec-nao-deve-resolver-sistema-precario-de-escolha-de-professores\/"},"author":{"name":"Luzimara Fernandes","@id":"https:\/\/jornalfatosenoticias.com.br\/#\/schema\/person\/d63837fa13ac8666eb9e74e0985d6f81"},"headline":"Concurso unificado do MEC n\u00e3o deve resolver sistema prec\u00e1rio de escolha de professores","datePublished":"2025-01-21T12:09:32+00:00","dateModified":"2025-01-21T12:09:33+00:00","mainEntityOfPage":{"@id":"https:\/\/jornalfatosenoticias.com.br\/index.php\/2025\/01\/21\/concurso-unificado-do-mec-nao-deve-resolver-sistema-precario-de-escolha-de-professores\/"},"wordCount":1167,"commentCount":0,"publisher":{"@id":"https:\/\/jornalfatosenoticias.com.br\/#organization"},"image":{"@id":"https:\/\/jornalfatosenoticias.com.br\/index.php\/2025\/01\/21\/concurso-unificado-do-mec-nao-deve-resolver-sistema-precario-de-escolha-de-professores\/#primaryimage"},"thumbnailUrl":"https:\/\/jornalfatosenoticias.com.br\/wp-content\/uploads\/2025\/01\/sistema-precario-de-escolha-de-professores_Freepik.jpg","keywords":["Camilo Santana","educa\u00e7\u00e3o","ensino","governo federal","MEC","Minist\u00e9rio da Educa\u00e7\u00e3o","Todos Pela Educa\u00e7\u00e3o","Universidade"],"articleSection":["Educa\u00e7\u00e3o"],"inLanguage":"pt-BR","potentialAction":[{"@type":"CommentAction","name":"Comment","target":["https:\/\/jornalfatosenoticias.com.br\/index.php\/2025\/01\/21\/concurso-unificado-do-mec-nao-deve-resolver-sistema-precario-de-escolha-de-professores\/#respond"]}]},{"@type":"WebPage","@id":"https:\/\/jornalfatosenoticias.com.br\/index.php\/2025\/01\/21\/concurso-unificado-do-mec-nao-deve-resolver-sistema-precario-de-escolha-de-professores\/","url":"https:\/\/jornalfatosenoticias.com.br\/index.php\/2025\/01\/21\/concurso-unificado-do-mec-nao-deve-resolver-sistema-precario-de-escolha-de-professores\/","name":"Concurso unificado do MEC n\u00e3o deve resolver sistema prec\u00e1rio de escolha de professores - Jornal Fatos e Not\u00edcias","isPartOf":{"@id":"https:\/\/jornalfatosenoticias.com.br\/#website"},"primaryImageOfPage":{"@id":"https:\/\/jornalfatosenoticias.com.br\/index.php\/2025\/01\/21\/concurso-unificado-do-mec-nao-deve-resolver-sistema-precario-de-escolha-de-professores\/#primaryimage"},"image":{"@id":"https:\/\/jornalfatosenoticias.com.br\/index.php\/2025\/01\/21\/concurso-unificado-do-mec-nao-deve-resolver-sistema-precario-de-escolha-de-professores\/#primaryimage"},"thumbnailUrl":"https:\/\/jornalfatosenoticias.com.br\/wp-content\/uploads\/2025\/01\/sistema-precario-de-escolha-de-professores_Freepik.jpg","datePublished":"2025-01-21T12:09:32+00:00","dateModified":"2025-01-21T12:09:33+00:00","breadcrumb":{"@id":"https:\/\/jornalfatosenoticias.com.br\/index.php\/2025\/01\/21\/concurso-unificado-do-mec-nao-deve-resolver-sistema-precario-de-escolha-de-professores\/#breadcrumb"},"inLanguage":"pt-BR","potentialAction":[{"@type":"ReadAction","target":["https:\/\/jornalfatosenoticias.com.br\/index.php\/2025\/01\/21\/concurso-unificado-do-mec-nao-deve-resolver-sistema-precario-de-escolha-de-professores\/"]}]},{"@type":"ImageObject","inLanguage":"pt-BR","@id":"https:\/\/jornalfatosenoticias.com.br\/index.php\/2025\/01\/21\/concurso-unificado-do-mec-nao-deve-resolver-sistema-precario-de-escolha-de-professores\/#primaryimage","url":"https:\/\/jornalfatosenoticias.com.br\/wp-content\/uploads\/2025\/01\/sistema-precario-de-escolha-de-professores_Freepik.jpg","contentUrl":"https:\/\/jornalfatosenoticias.com.br\/wp-content\/uploads\/2025\/01\/sistema-precario-de-escolha-de-professores_Freepik.jpg","width":740,"height":523},{"@type":"BreadcrumbList","@id":"https:\/\/jornalfatosenoticias.com.br\/index.php\/2025\/01\/21\/concurso-unificado-do-mec-nao-deve-resolver-sistema-precario-de-escolha-de-professores\/#breadcrumb","itemListElement":[{"@type":"ListItem","position":1,"name":"In\u00edcio","item":"https:\/\/jornalfatosenoticias.com.br\/"},{"@type":"ListItem","position":2,"name":"Concurso unificado do MEC n\u00e3o deve resolver sistema prec\u00e1rio de escolha de professores"}]},{"@type":"WebSite","@id":"https:\/\/jornalfatosenoticias.com.br\/#website","url":"https:\/\/jornalfatosenoticias.com.br\/","name":"Jornal Fatos e Not\u00edcias","description":"Not\u00edcias em geral","publisher":{"@id":"https:\/\/jornalfatosenoticias.com.br\/#organization"},"potentialAction":[{"@type":"SearchAction","target":{"@type":"EntryPoint","urlTemplate":"https:\/\/jornalfatosenoticias.com.br\/?s={search_term_string}"},"query-input":{"@type":"PropertyValueSpecification","valueRequired":true,"valueName":"search_term_string"}}],"inLanguage":"pt-BR"},{"@type":"Organization","@id":"https:\/\/jornalfatosenoticias.com.br\/#organization","name":"Jornal Fatos e Not\u00edcias","url":"https:\/\/jornalfatosenoticias.com.br\/","logo":{"@type":"ImageObject","inLanguage":"pt-BR","@id":"https:\/\/jornalfatosenoticias.com.br\/#\/schema\/logo\/image\/","url":"https:\/\/jornalfatosenoticias.com.br\/wp-content\/uploads\/2020\/02\/logo120.png","contentUrl":"https:\/\/jornalfatosenoticias.com.br\/wp-content\/uploads\/2020\/02\/logo120.png","width":1227,"height":120,"caption":"Jornal Fatos e Not\u00edcias"},"image":{"@id":"https:\/\/jornalfatosenoticias.com.br\/#\/schema\/logo\/image\/"}},{"@type":"Person","@id":"https:\/\/jornalfatosenoticias.com.br\/#\/schema\/person\/d63837fa13ac8666eb9e74e0985d6f81","name":"Luzimara Fernandes","image":{"@type":"ImageObject","inLanguage":"pt-BR","@id":"https:\/\/jornalfatosenoticias.com.br\/#\/schema\/person\/image\/","url":"https:\/\/jornalfatosenoticias.com.br\/wp-content\/uploads\/2025\/05\/EU_portal.jpg","contentUrl":"https:\/\/jornalfatosenoticias.com.br\/wp-content\/uploads\/2025\/05\/EU_portal.jpg","caption":"Luzimara Fernandes"},"description":"Jornalista MTB 2358-ES","sameAs":["https:\/\/jornalfatosenoticias.com.br"],"url":"https:\/\/jornalfatosenoticias.com.br\/index.php\/author\/luzimara\/"}]}},"cc_featured_image_caption":{"caption_text":"(Foto: Freepik) ","source_text":"","source_url":""},"jetpack_featured_media_url":"https:\/\/jornalfatosenoticias.com.br\/wp-content\/uploads\/2025\/01\/sistema-precario-de-escolha-de-professores_Freepik.jpg","_links":{"self":[{"href":"https:\/\/jornalfatosenoticias.com.br\/index.php\/wp-json\/wp\/v2\/posts\/56951","targetHints":{"allow":["GET"]}}],"collection":[{"href":"https:\/\/jornalfatosenoticias.com.br\/index.php\/wp-json\/wp\/v2\/posts"}],"about":[{"href":"https:\/\/jornalfatosenoticias.com.br\/index.php\/wp-json\/wp\/v2\/types\/post"}],"author":[{"embeddable":true,"href":"https:\/\/jornalfatosenoticias.com.br\/index.php\/wp-json\/wp\/v2\/users\/2"}],"replies":[{"embeddable":true,"href":"https:\/\/jornalfatosenoticias.com.br\/index.php\/wp-json\/wp\/v2\/comments?post=56951"}],"version-history":[{"count":0,"href":"https:\/\/jornalfatosenoticias.com.br\/index.php\/wp-json\/wp\/v2\/posts\/56951\/revisions"}],"wp:featuredmedia":[{"embeddable":true,"href":"https:\/\/jornalfatosenoticias.com.br\/index.php\/wp-json\/wp\/v2\/media\/56953"}],"wp:attachment":[{"href":"https:\/\/jornalfatosenoticias.com.br\/index.php\/wp-json\/wp\/v2\/media?parent=56951"}],"wp:term":[{"taxonomy":"category","embeddable":true,"href":"https:\/\/jornalfatosenoticias.com.br\/index.php\/wp-json\/wp\/v2\/categories?post=56951"},{"taxonomy":"post_tag","embeddable":true,"href":"https:\/\/jornalfatosenoticias.com.br\/index.php\/wp-json\/wp\/v2\/tags?post=56951"}],"curies":[{"name":"wp","href":"https:\/\/api.w.org\/{rel}","templated":true}]}}