{"id":56977,"date":"2025-01-21T13:54:57","date_gmt":"2025-01-21T16:54:57","guid":{"rendered":"https:\/\/jornalfatosenoticias.com.br\/?p=56977"},"modified":"2025-01-21T13:54:58","modified_gmt":"2025-01-21T16:54:58","slug":"mudanca-da-geopolitica-promete-tempos-dificeis-para-a-economia-brasileira","status":"publish","type":"post","link":"https:\/\/jornalfatosenoticias.com.br\/index.php\/2025\/01\/21\/mudanca-da-geopolitica-promete-tempos-dificeis-para-a-economia-brasileira\/","title":{"rendered":"Mudan\u00e7a da geopol\u00edtica promete tempos dif\u00edceis para a economia brasileira"},"content":{"rendered":"\n<p><span class=\"has-inline-color has-black-color\"><em>O presidente dos EUA, Donald Trump, e seu antecessor, Joe Biden: analistas preveem tempos dif\u00edceis para a economia brasileira<\/em><\/span><\/p>\n\n\n\n<p><span class=\"has-inline-color has-black-color\">Por <strong><a href=\"https:\/\/www.gazetadopovo.com.br\/autor\/rose-amantea\/\">Rose Amant\u00e9a<\/a><\/strong><\/span><\/p>\n\n\n\n<div class=\"wp-block-image\"><figure class=\"aligncenter size-large\"><a href=\"https:\/\/mizu.com.br\/\"><img loading=\"lazy\" decoding=\"async\" width=\"729\" height=\"90\" src=\"https:\/\/jornalfatosenoticias.com.br\/wp-content\/uploads\/2020\/02\/Logo_Mizu.png\" alt=\"\" class=\"wp-image-1441\" srcset=\"https:\/\/jornalfatosenoticias.com.br\/wp-content\/uploads\/2020\/02\/Logo_Mizu.png 729w, https:\/\/jornalfatosenoticias.com.br\/wp-content\/uploads\/2020\/02\/Logo_Mizu-300x37.png 300w\" sizes=\"auto, (max-width: 729px) 100vw, 729px\" \/><\/a><\/figure><\/div>\n\n\n\n<p>Os impactos do que se denomina &#8220;Trumponomics&#8221; \u2014 a abordagem do presidente norte-americano Donald Trump para pol\u00edtica econ\u00f4mica interna e com o resto do mundo \u2014 s\u00e3o ainda incertos, mas inevit\u00e1veis. Ambas as dimens\u00f5es, dom\u00e9stica e externa, ter\u00e3o reflexos para o Brasil, trazendo desafios e oportunidades. A nova abordagem inclui a ado\u00e7\u00e3o de medidas protecionistas, leia-se tarifas de importa\u00e7\u00e3o, n\u00e3o s\u00f3 contra a China, principal concorrente global dos Estados Unidos, mas todos os pa\u00edses \u2014 incluindo aliados hist\u00f3ricos, como o Brasil.<br>Nesta segunda-feira (20), o novo presidente dos Estados Unidos sugeriu que a &#8220;linha dura&#8221; tamb\u00e9m ser\u00e1 adotada em rela\u00e7\u00e3o ao Brasil e \u00e0 Am\u00e9rica Latina. &#8220;Eles precisam da gente muito mais do que precisamos deles. N\u00f3s n\u00e3o precisamos deles, eles precisam de n\u00f3s. Todos precisam de n\u00f3s&#8221;, afirmou Trump em coletiva \u00e0 imprensa. O resultado esperado do protecionismo americano, acreditam analistas, ser\u00e1 um menor crescimento global, queda nos pre\u00e7os das commodities, fortalecimento do d\u00f3lar e desvaloriza\u00e7\u00e3o de moedas emergentes como o real.<\/p>\n\n\n\n<div class=\"wp-block-image\"><figure class=\"aligncenter size-large is-resized\"><a href=\"https:\/\/www.facebook.com\/postobkr\/?locale=pt_BR\"><img loading=\"lazy\" decoding=\"async\" src=\"https:\/\/jornalfatosenoticias.com.br\/wp-content\/uploads\/2023\/08\/BKR-1024x1021.jpg\" alt=\"\" class=\"wp-image-44494\" width=\"332\" height=\"331\" srcset=\"https:\/\/jornalfatosenoticias.com.br\/wp-content\/uploads\/2023\/08\/BKR-1024x1021.jpg 1024w, https:\/\/jornalfatosenoticias.com.br\/wp-content\/uploads\/2023\/08\/BKR-300x300.jpg 300w, https:\/\/jornalfatosenoticias.com.br\/wp-content\/uploads\/2023\/08\/BKR-150x150.jpg 150w, https:\/\/jornalfatosenoticias.com.br\/wp-content\/uploads\/2023\/08\/BKR-768x766.jpg 768w, https:\/\/jornalfatosenoticias.com.br\/wp-content\/uploads\/2023\/08\/BKR.jpg 1080w\" sizes=\"auto, (max-width: 332px) 100vw, 332px\" \/><\/a><\/figure><\/div>\n\n\n\n<p>Luciano Telo, executivo-chefe de investimentos (CIO) para o Brasil no UBS Global Wealth Management, destaca os reflexos para o cen\u00e1rio macroecon\u00f4mico brasileiro. Segundo ele, a ado\u00e7\u00e3o de tarifas trar\u00e1 um potencial inflacion\u00e1rio para a economia americana, o que deve dificultar a redu\u00e7\u00e3o de juros pelo Federal Reserve (Fed, o banco central dos EUA). Esse movimento do Fed, ressalta, al\u00e9m de redirecionar investimentos dos emergentes para pa\u00edses mais seguros, vai exigir maior restri\u00e7\u00e3o monet\u00e1ria no Brasil.<\/p>\n\n\n\n<div class=\"wp-block-image\"><figure class=\"aligncenter size-large is-resized\"><a href=\"https:\/\/www.instagram.com\/esteiochurrascaria\/\"><img loading=\"lazy\" decoding=\"async\" src=\"https:\/\/jornalfatosenoticias.com.br\/wp-content\/uploads\/2022\/02\/LOGO-ESTEIO-1024x730.png\" alt=\"\" class=\"wp-image-27942\" width=\"379\" height=\"270\" srcset=\"https:\/\/jornalfatosenoticias.com.br\/wp-content\/uploads\/2022\/02\/LOGO-ESTEIO-1024x730.png 1024w, https:\/\/jornalfatosenoticias.com.br\/wp-content\/uploads\/2022\/02\/LOGO-ESTEIO-300x214.png 300w, https:\/\/jornalfatosenoticias.com.br\/wp-content\/uploads\/2022\/02\/LOGO-ESTEIO-768x548.png 768w, https:\/\/jornalfatosenoticias.com.br\/wp-content\/uploads\/2022\/02\/LOGO-ESTEIO.png 1123w\" sizes=\"auto, (max-width: 379px) 100vw, 379px\" \/><\/a><\/figure><\/div>\n\n\n\n<blockquote class=\"wp-block-quote is-layout-flow wp-block-quote-is-layout-flow\"><p><span class=\"has-inline-color has-luminous-vivid-orange-color\"><strong>O que acontece \u00e9 que quando os juros nos Estados Unidos s\u00e3o mais altos, o mundo todo tem que trabalhar com juros mais altos\u201d, <\/strong>destaca. <strong>\u201cEnt\u00e3o se o Brasil j\u00e1 est\u00e1 subindo juros por uma quest\u00e3o interna, para combater a infla\u00e7\u00e3o alta, o Banco Central vai ter que provavelmente ficar com esses juros altos por mais tempo em fun\u00e7\u00e3o dessa pol\u00edtica essa implementada nos Estados Unidos\u201d.<\/strong><\/span><\/p><\/blockquote>\n\n\n\n<div class=\"wp-block-image\"><figure class=\"aligncenter size-large is-resized\"><a href=\"https:\/\/www.instagram.com\/rcradiadores\/\"><img loading=\"lazy\" decoding=\"async\" src=\"https:\/\/jornalfatosenoticias.com.br\/wp-content\/uploads\/2022\/10\/RC_800x750_page-0001.jpg\" alt=\"\" class=\"wp-image-35338\" width=\"324\" height=\"304\" srcset=\"https:\/\/jornalfatosenoticias.com.br\/wp-content\/uploads\/2022\/10\/RC_800x750_page-0001.jpg 400w, https:\/\/jornalfatosenoticias.com.br\/wp-content\/uploads\/2022\/10\/RC_800x750_page-0001-300x281.jpg 300w\" sizes=\"auto, (max-width: 324px) 100vw, 324px\" \/><\/a><\/figure><\/div>\n\n\n\n<p><strong><span class=\"has-inline-color has-black-color\">Juros internos ainda est\u00e3o sendo precificados<br><\/span><\/strong>Trump espera resolver o problema da infla\u00e7\u00e3o dom\u00e9stica controlando gastos e desregulamentando a economia, o que deve trazer mais efici\u00eancia para as empresas. No entanto, isso n\u00e3o \u00e9 imediato.<\/p>\n\n\n\n<blockquote class=\"wp-block-quote is-layout-flow wp-block-quote-is-layout-flow\"><p><span class=\"has-inline-color has-luminous-vivid-orange-color\">A melhora de efici\u00eancia e a condi\u00e7\u00e3o de sustentabilidade da economia demora mais tempo para ser implementada, mais dif\u00edcil\u201d, explica Telo. \u201cTem um hiato de tempo em que haver\u00e1 um pouco mais de infla\u00e7\u00e3o nos Estados Unidos e isso vai levar a conviver com juros altos\u201d.<\/span><\/p><\/blockquote>\n\n\n\n<div class=\"wp-block-image\"><figure class=\"aligncenter size-large is-resized\"><a href=\"https:\/\/panper.com.br\/\"><img loading=\"lazy\" decoding=\"async\" src=\"https:\/\/jornalfatosenoticias.com.br\/wp-content\/uploads\/2023\/03\/logo-Panper_portal.jpg\" alt=\"\" class=\"wp-image-40208\" width=\"334\" height=\"231\" srcset=\"https:\/\/jornalfatosenoticias.com.br\/wp-content\/uploads\/2023\/03\/logo-Panper_portal.jpg 400w, https:\/\/jornalfatosenoticias.com.br\/wp-content\/uploads\/2023\/03\/logo-Panper_portal-300x208.jpg 300w\" sizes=\"auto, (max-width: 334px) 100vw, 334px\" \/><\/a><\/figure><\/div>\n\n\n\n<p>Os \u00faltimos dados da atividade econ\u00f4mica dos EUA j\u00e1 vieram fortes, com cria\u00e7\u00e3o de novas vagas de emprego acima das expectativas. Al\u00e9m disso, a promessa de Trump de deporta\u00e7\u00e3o em massa de imigrantes ilegais deve pressionar o mercado de trabalho e aumentar o custo da m\u00e3o de obra, gerando mais infla\u00e7\u00e3o. Neste cen\u00e1rio, o Fed j\u00e1 reduziu a proje\u00e7\u00e3o de quatro cortes de 0,25 ponto na taxa de juros em 2025 para apenas dois. Mas alguns analistas do mercado americano j\u00e1 falam em apenas um.<\/p>\n\n\n\n<div class=\"wp-block-image\"><figure class=\"aligncenter size-large is-resized\"><a href=\"https:\/\/www.ithbrasil.com.br\/\"><img loading=\"lazy\" decoding=\"async\" src=\"https:\/\/jornalfatosenoticias.com.br\/wp-content\/uploads\/2023\/08\/ITH.jpeg\" alt=\"\" class=\"wp-image-44638\" width=\"297\" height=\"241\" srcset=\"https:\/\/jornalfatosenoticias.com.br\/wp-content\/uploads\/2023\/08\/ITH.jpeg 800w, https:\/\/jornalfatosenoticias.com.br\/wp-content\/uploads\/2023\/08\/ITH-300x244.jpeg 300w, https:\/\/jornalfatosenoticias.com.br\/wp-content\/uploads\/2023\/08\/ITH-768x624.jpeg 768w\" sizes=\"auto, (max-width: 297px) 100vw, 297px\" \/><\/a><\/figure><\/div>\n\n\n\n<blockquote class=\"wp-block-quote is-layout-flow wp-block-quote-is-layout-flow\"><p><span class=\"has-inline-color has-luminous-vivid-orange-color\"><strong>Em algum momento da discuss\u00e3o, voc\u00ea n\u00e3o vai ter mais corte de juros nos Estados Unidos\u201d, <\/strong>acredita o executivo. <strong>\u201cA infla\u00e7\u00e3o j\u00e1 est\u00e1 caindo mais lentamente do que o imaginado e ter\u00e1 at\u00e9 uma subida da infla\u00e7\u00e3o no curto prazo, em fun\u00e7\u00e3o da implementa\u00e7\u00e3o das tarifas\u201d.<\/strong><\/span><\/p><\/blockquote>\n\n\n\n<div class=\"wp-block-image\"><figure class=\"aligncenter size-large is-resized\"><a href=\"https:\/\/hotelmarquetti.com.br\/\"><img loading=\"lazy\" decoding=\"async\" src=\"https:\/\/jornalfatosenoticias.com.br\/wp-content\/uploads\/2020\/02\/nova-logo-Marquetti.jpg\" alt=\"\" class=\"wp-image-22331\" width=\"353\" height=\"237\" srcset=\"https:\/\/jornalfatosenoticias.com.br\/wp-content\/uploads\/2020\/02\/nova-logo-Marquetti.jpg 643w, https:\/\/jornalfatosenoticias.com.br\/wp-content\/uploads\/2020\/02\/nova-logo-Marquetti-300x202.jpg 300w\" sizes=\"auto, (max-width: 353px) 100vw, 353px\" \/><\/a><\/figure><\/div>\n\n\n\n<p>Telo lembra que as expectativas de juros no Brasil ainda est\u00e3o sendo formadas e nem o pr\u00f3prio BC sabe precisar quanto tempo permanecer\u00e1 a alta. \u201cFala-se em Selic de at\u00e9 16% ao longo de dois anos\u201d, diz. \u201cMas n\u00e3o h\u00e1 garantias que este seja um patamar de estabiliza\u00e7\u00e3o. As expectativas de infla\u00e7\u00e3o futura est\u00e3o em andamento. Enquanto isso, o mercado vai pedindo mais pr\u00eamio\u201d.<br>Da\u00ed a import\u00e2ncia, segundo ele, de o governo Lula sinalizar um ajuste fiscal para o equil\u00edbrio das contas p\u00fablicas, inclusive para fortalecer a posi\u00e7\u00e3o do pa\u00eds em outras esferas de negocia\u00e7\u00e3o.<\/p>\n\n\n\n<div class=\"wp-block-image\"><figure class=\"aligncenter size-large\"><a href=\"https:\/\/cesconetto.com.br\/\"><img loading=\"lazy\" decoding=\"async\" width=\"300\" height=\"250\" src=\"https:\/\/jornalfatosenoticias.com.br\/wp-content\/uploads\/2022\/02\/Banner-2.png\" alt=\"\" class=\"wp-image-27877\"\/><\/a><\/figure><\/div>\n\n\n\n<blockquote class=\"wp-block-quote is-layout-flow wp-block-quote-is-layout-flow\"><p><span class=\"has-inline-color has-luminous-vivid-orange-color\">O cen\u00e1rio externo \u00e9 de um ambiente mais hostil, mais dif\u00edcil para voc\u00ea navegar\u201d, afirma. \u201cEnt\u00e3o voc\u00ea n\u00e3o pode cometer erros de pol\u00edtica interna. O primeiro passo necess\u00e1rio \u00e9 resolver a quest\u00e3o fiscal. Com a casa mais organizada, voc\u00ea tem um c\u00e2mbio mais forte, juros mais baixos, e mais condi\u00e7\u00e3o de negocia\u00e7\u00e3o de qualquer pa\u00eds do mundo. Enfim, fazer o dever de casa\u201d.<\/span><\/p><\/blockquote>\n\n\n\n<div class=\"wp-block-image\"><figure class=\"aligncenter size-large is-resized\"><a href=\"https:\/\/www.instagram.com\/restaurantepegoretti\/\"><img loading=\"lazy\" decoding=\"async\" src=\"https:\/\/jornalfatosenoticias.com.br\/wp-content\/uploads\/2023\/12\/pegoretti-logo-pdf-1024x389.jpg\" alt=\"\" class=\"wp-image-47536\" width=\"459\" height=\"174\" srcset=\"https:\/\/jornalfatosenoticias.com.br\/wp-content\/uploads\/2023\/12\/pegoretti-logo-pdf-1024x389.jpg 1024w, https:\/\/jornalfatosenoticias.com.br\/wp-content\/uploads\/2023\/12\/pegoretti-logo-pdf-300x114.jpg 300w, https:\/\/jornalfatosenoticias.com.br\/wp-content\/uploads\/2023\/12\/pegoretti-logo-pdf-768x291.jpg 768w, https:\/\/jornalfatosenoticias.com.br\/wp-content\/uploads\/2023\/12\/pegoretti-logo-pdf.jpg 1120w\" sizes=\"auto, (max-width: 459px) 100vw, 459px\" \/><\/a><\/figure><\/div>\n\n\n\n<p><strong><span class=\"has-inline-color has-black-color\">Trump tem abordagem &#8220;transnacional&#8221;<br><\/span><\/strong>No \u00e2mbito comercial, se por um lado uma guerra de tarifas com os chineses poderia beneficiar as exporta\u00e7\u00f5es brasileiras, especialmente no setor agr\u00edcola, no longo prazo, os desafios tendem a aumentar. Um deles \u00e9 a abordagem \u201ctransnacional\u201d defendida por Donald Trump para as negocia\u00e7\u00f5es e aus\u00eancia de organismos globais para media\u00e7\u00f5es de interesses. O republicano trata o com\u00e9rcio internacional como uma sequ\u00eancia de negocia\u00e7\u00f5es individuais.<\/p>\n\n\n\n<div class=\"wp-block-image\"><figure class=\"aligncenter size-large is-resized\"><a href=\"https:\/\/www.facebook.com\/profile.php?id=100069289606145\"><img loading=\"lazy\" decoding=\"async\" src=\"https:\/\/jornalfatosenoticias.com.br\/wp-content\/uploads\/2024\/11\/Guaitolini-Contabilidade-1024x714.jpeg\" alt=\"\" class=\"wp-image-55808\" width=\"382\" height=\"266\" srcset=\"https:\/\/jornalfatosenoticias.com.br\/wp-content\/uploads\/2024\/11\/Guaitolini-Contabilidade-1024x714.jpeg 1024w, https:\/\/jornalfatosenoticias.com.br\/wp-content\/uploads\/2024\/11\/Guaitolini-Contabilidade-300x209.jpeg 300w, https:\/\/jornalfatosenoticias.com.br\/wp-content\/uploads\/2024\/11\/Guaitolini-Contabilidade-768x535.jpeg 768w, https:\/\/jornalfatosenoticias.com.br\/wp-content\/uploads\/2024\/11\/Guaitolini-Contabilidade.jpeg 1280w\" sizes=\"auto, (max-width: 382px) 100vw, 382px\" \/><\/a><\/figure><\/div>\n\n\n\n<p>Em recente Relat\u00f3rio da Eurasia Group, intitulado \u201cTop Risks 2025\u201d, a consultoria aponta o d\u00e9ficit de lideran\u00e7a global, apelidado de \u201cG-Zero\u201d, em contraposi\u00e7\u00e3o aos grupos G7 e G20. O cen\u00e1rio descrito \u00e9 de um ambiente onde n\u00e3o h\u00e1 um grupo de pa\u00edses capaz de enfrentar os desafios globais, seja em seguran\u00e7a, finan\u00e7as ou com\u00e9rcio. Essa abordagem rompe com a postura adotada pelos Estados Unidos desde o fim da Segunda Guerra Mundial, que consolidava um relacionamento n\u00e3o s\u00f3 comercial, mas diplom\u00e1tico, focado em parcerias.<\/p>\n\n\n\n<div class=\"wp-block-image\"><figure class=\"aligncenter size-large is-resized\"><a href=\"https:\/\/www.instagram.com\/ligadossaborespizzaria\/\"><img loading=\"lazy\" decoding=\"async\" src=\"https:\/\/jornalfatosenoticias.com.br\/wp-content\/uploads\/2020\/02\/WhatsApp-Image-2024-10-02-at-08.18.14-819x1024.jpeg\" alt=\"\" class=\"wp-image-54612\" width=\"282\" height=\"352\" srcset=\"https:\/\/jornalfatosenoticias.com.br\/wp-content\/uploads\/2020\/02\/WhatsApp-Image-2024-10-02-at-08.18.14-819x1024.jpeg 819w, https:\/\/jornalfatosenoticias.com.br\/wp-content\/uploads\/2020\/02\/WhatsApp-Image-2024-10-02-at-08.18.14-240x300.jpeg 240w, https:\/\/jornalfatosenoticias.com.br\/wp-content\/uploads\/2020\/02\/WhatsApp-Image-2024-10-02-at-08.18.14-768x960.jpeg 768w, https:\/\/jornalfatosenoticias.com.br\/wp-content\/uploads\/2020\/02\/WhatsApp-Image-2024-10-02-at-08.18.14.jpeg 1024w\" sizes=\"auto, (max-width: 282px) 100vw, 282px\" \/><\/a><\/figure><\/div>\n\n\n\n<p>Para Luciano Telo, no longo prazo, essa vis\u00e3o promover\u00e1 um outro equil\u00edbrio geopol\u00edtico. \u201cO que a gente consegue perceber desses movimentos \u00e9 que aparentemente vai ser um mundo menos multilateral e com mais pa\u00edses com esferas de influ\u00eancia\u201d, constata.<\/p>\n\n\n\n<blockquote class=\"wp-block-quote is-layout-flow wp-block-quote-is-layout-flow\"><p><span class=\"has-inline-color has-luminous-vivid-orange-color\">O que os Estados Unidos est\u00e3o tentando fazer \u00e9 passar de mensagem que o hemisf\u00e9rio ocidental \u00e9 a esfera de influ\u00eancia deles e v\u00e3o exercer essa lideran\u00e7a sozinho, n\u00e3o atrav\u00e9s daqueles instrumentos que se usavam antes\u201d. \u201cA d\u00favida, a partir de agora, \u00e9 se essa mensagem implica que a China tamb\u00e9m vai ter esfera de influ\u00eancia dela na \u00c1sia, ou a R\u00fassia a dela no leste europeu. O Brasil precisa passar mensagens que quer fazer com\u00e9rcio com todos\u201d, ressalta.<\/span><\/p><\/blockquote>\n\n\n\n<div class=\"wp-block-image\"><figure class=\"aligncenter size-large is-resized\"><a href=\"https:\/\/www.controlsystems.com.br\/\"><img loading=\"lazy\" decoding=\"async\" src=\"https:\/\/jornalfatosenoticias.com.br\/wp-content\/uploads\/2020\/02\/CONTROL-CS.jpg\" alt=\"\" class=\"wp-image-44991\" width=\"302\" height=\"361\" srcset=\"https:\/\/jornalfatosenoticias.com.br\/wp-content\/uploads\/2020\/02\/CONTROL-CS.jpg 834w, https:\/\/jornalfatosenoticias.com.br\/wp-content\/uploads\/2020\/02\/CONTROL-CS-250x300.jpg 250w, https:\/\/jornalfatosenoticias.com.br\/wp-content\/uploads\/2020\/02\/CONTROL-CS-768x921.jpg 768w\" sizes=\"auto, (max-width: 302px) 100vw, 302px\" \/><\/a><\/figure><\/div>\n\n\n\n<p><strong><span class=\"has-inline-color has-black-color\">Alinhamento com Brics pode ser de &#8220;alto risco&#8221;<br><\/span><\/strong>Nesta segunda-feira (20), Luiz In\u00e1cio Lula da Silva desejou a Trump um mandato \u201cexitoso\u201d que promova \u201cque contribua para a prosperidade e o bem-estar do povo dos Estados Unidos e um mundo mais justo e pac\u00edfico\u201d. \u201cEm nome do governo brasileiro, cumprimento o presidente Donald Trump pela sua posse\u201d, disse o mandat\u00e1rio brasileiro em suas redes sociais, pouco depois de Trump ser empossado no Capit\u00f3lio, sede do Congresso americano. <\/p>\n\n\n\n<div class=\"wp-block-image\"><figure class=\"aligncenter size-large is-resized\"><a href=\"https:\/\/www.instagram.com\/vmais.midias\/\"><img loading=\"lazy\" decoding=\"async\" src=\"https:\/\/jornalfatosenoticias.com.br\/wp-content\/uploads\/2020\/02\/DE-MAIS-DESTAQUE-VMAIS-800X700.png\" alt=\"\" class=\"wp-image-53112\" width=\"332\" height=\"289\"\/><\/a><\/figure><\/div>\n\n\n\n<p>Poucas horas antes, em reuni\u00e3o com os ministros em Bras\u00edlia, Lula havia j\u00e1 havia ressaltado que n\u00e3o queria \u201cbrigas\u201d com Trump, apesar de suas profundas diferen\u00e7as ideol\u00f3gicas. Para Alex Agostini, economista-chefe da Austin Ratings, a parceria do Brasil com os Estados Unidos \u00e9 hist\u00f3rica e n\u00e3o deve ser abalada com Trump. O pa\u00eds \u00e9 nosso segundo parceiro comercial, atr\u00e1s da China. E a rela\u00e7\u00e3o com o Brasil \u00e9 superavit\u00e1ria para os EUA.<\/p>\n\n\n\n<div class=\"wp-block-image\"><figure class=\"aligncenter size-large\"><a href=\"http:\/\/www.ferrarimaquinas.com.br\/\"><img loading=\"lazy\" decoding=\"async\" width=\"300\" height=\"250\" src=\"https:\/\/jornalfatosenoticias.com.br\/wp-content\/uploads\/2022\/02\/FERRARI_MAQUINAS-E-FERRAMENTAS2.jpg\" alt=\"\" class=\"wp-image-27860\"\/><\/a><\/figure><\/div>\n\n\n\n<blockquote class=\"wp-block-quote is-layout-flow wp-block-quote-is-layout-flow\"><p><span class=\"has-inline-color has-luminous-vivid-orange-color\"><strong>O que o Trump est\u00e1 fazendo \u00e9 jogar temores aos ventos para depois sentar na mesa e negociar\u201d,<\/strong> afirma. <strong>\u201cAt\u00e9 porque \u00e9 imposs\u00edvel ele abrir m\u00e3o de comprar produtos brasileiros, como por exemplo o nosso petr\u00f3leo\u201d.<\/strong><\/span><\/p><\/blockquote>\n\n\n\n<div class=\"wp-block-image\"><figure class=\"aligncenter size-large is-resized\"><a href=\"https:\/\/www.legisjuris.com.br\/\"><img loading=\"lazy\" decoding=\"async\" src=\"https:\/\/jornalfatosenoticias.com.br\/wp-content\/uploads\/2024\/09\/Legis-Juris-Consultoria_logo.jpg\" alt=\"\" class=\"wp-image-53915\" width=\"472\" height=\"198\" srcset=\"https:\/\/jornalfatosenoticias.com.br\/wp-content\/uploads\/2024\/09\/Legis-Juris-Consultoria_logo.jpg 969w, https:\/\/jornalfatosenoticias.com.br\/wp-content\/uploads\/2024\/09\/Legis-Juris-Consultoria_logo-300x126.jpg 300w, https:\/\/jornalfatosenoticias.com.br\/wp-content\/uploads\/2024\/09\/Legis-Juris-Consultoria_logo-768x322.jpg 768w\" sizes=\"auto, (max-width: 472px) 100vw, 472px\" \/><\/a><\/figure><\/div>\n\n\n\n<p>Para Roberto Azevedo, ex-diretor da Organiza\u00e7\u00e3o Mundial do Com\u00e9rcio (OMC), o alinhamento do Brasil ao Brics, grupo de pa\u00edses emergentes que se contrap\u00f5em a hegemonia americana, traz para o pa\u00eds um cen\u00e1rio de \u201calto risco\u201d. \u201cOs Brics s\u00e3o entendidos como antag\u00f4nicos aos Estados Unidos, n\u00e3o como um \u2018broker\u2019, como um mediador entre China e EUA, at\u00e9 pela pr\u00f3pria composi\u00e7\u00e3o dos pa\u00edses que est\u00e3o ali na sua maioria\u201d, disse Azevedo em entrevista \u00e0 CNN.<\/p>\n\n\n\n<div class=\"wp-block-image\"><figure class=\"aligncenter size-large is-resized\"><a href=\"https:\/\/www.instagram.com\/serra4x4cambioautomatico\/\"><img loading=\"lazy\" decoding=\"async\" src=\"https:\/\/jornalfatosenoticias.com.br\/wp-content\/uploads\/2024\/08\/Serra-4x4-1-886x1024.jpg\" alt=\"\" class=\"wp-image-53632\" width=\"296\" height=\"342\" srcset=\"https:\/\/jornalfatosenoticias.com.br\/wp-content\/uploads\/2024\/08\/Serra-4x4-1-886x1024.jpg 886w, https:\/\/jornalfatosenoticias.com.br\/wp-content\/uploads\/2024\/08\/Serra-4x4-1-260x300.jpg 260w, https:\/\/jornalfatosenoticias.com.br\/wp-content\/uploads\/2024\/08\/Serra-4x4-1-768x888.jpg 768w, https:\/\/jornalfatosenoticias.com.br\/wp-content\/uploads\/2024\/08\/Serra-4x4-1.jpg 1181w\" sizes=\"auto, (max-width: 296px) 100vw, 296px\" \/><\/a><\/figure><\/div>\n\n\n\n<blockquote class=\"wp-block-quote is-layout-flow wp-block-quote-is-layout-flow\"><p><span class=\"has-inline-color has-luminous-vivid-orange-color\"><strong>Acho que \u00e9 muito improv\u00e1vel que voc\u00ea veja medidas adotadas pelo governo americano e pela equipe econ\u00f4mica do Trump que sejam favor\u00e1veis ao Brasil. O Brasil n\u00e3o faz parte do c\u00edrculo de amigos, dos \u2018friends\u2019 do mundo ocidental tradicional alinhado ao ide\u00e1rio norte-americano. E tampouco somos vistos hoje como neutros&#8221;<\/strong>, afirmou o ex-diretor da OMC. <strong>&#8220;A percep\u00e7\u00e3o \u00e9 de que o Brasil hoje est\u00e1 mais do lado de l\u00e1 do que do lado de c\u00e1, est\u00e1 mais para &#8216;eles&#8217; do que para &#8216;n\u00f3s&#8217;. E isso traz desafios importantes para n\u00e3o s\u00f3 a pol\u00edtica externa brasileira, mas para a economia brasileira e para os investidores\u201d, <\/strong>completou.<\/span><\/p><\/blockquote>\n\n\n\n<div class=\"wp-block-image\"><figure class=\"aligncenter size-large\"><a href=\"https:\/\/www.facebook.com\/vetor.vix\/\"><img loading=\"lazy\" decoding=\"async\" width=\"1024\" height=\"273\" src=\"https:\/\/jornalfatosenoticias.com.br\/wp-content\/uploads\/2023\/09\/vetorvix1024_1.jpg\" alt=\"\" class=\"wp-image-44868\" srcset=\"https:\/\/jornalfatosenoticias.com.br\/wp-content\/uploads\/2023\/09\/vetorvix1024_1.jpg 1024w, https:\/\/jornalfatosenoticias.com.br\/wp-content\/uploads\/2023\/09\/vetorvix1024_1-300x80.jpg 300w, https:\/\/jornalfatosenoticias.com.br\/wp-content\/uploads\/2023\/09\/vetorvix1024_1-768x205.jpg 768w\" sizes=\"auto, (max-width: 1024px) 100vw, 1024px\" \/><\/a><\/figure><\/div>\n\n\n\n<p><strong><em>Fonte: <a href=\"https:\/\/www.gazetadopovo.com.br\/economia\/trumponomics-mudanca-da-geopolitica-promete-tempos-dificeis-para-a-economia-brasileira\/\">Gazeta do Povo<\/a><\/em><\/strong><\/p>\n","protected":false},"excerpt":{"rendered":"<p>O presidente dos EUA, Donald Trump, e seu antecessor, Joe Biden: analistas preveem tempos dif\u00edceis para a economia brasileira Por Rose Amant\u00e9a Os impactos do que se denomina &#8220;Trumponomics&#8221; \u2014 a abordagem do presidente norte-americano Donald Trump para pol\u00edtica econ\u00f4mica interna e com o resto do mundo \u2014 s\u00e3o ainda incertos, mas inevit\u00e1veis. Ambas as [&hellip;]<\/p>\n","protected":false},"author":2,"featured_media":56978,"comment_status":"open","ping_status":"open","sticky":false,"template":"","format":"standard","meta":{"footnotes":""},"categories":[21374],"tags":[489,13312,85,1412,8163,2147,159,24332,4717,25515,6750,736,734,25981],"class_list":["post-56977","post","type-post","status-publish","format-standard","has-post-thumbnail","hentry","category-relacoes-internacionais","tag-banco-central","tag-brics","tag-china","tag-comercio","tag-contas-publicas","tag-donald-trump","tag-eua","tag-fed","tag-geopolitica","tag-guerra-mundial","tag-importacao","tag-petroleo","tag-sustentabilidade","tag-trumponomics"],"yoast_head":"<!-- This site is optimized with the Yoast SEO plugin v26.5 - https:\/\/yoast.com\/wordpress\/plugins\/seo\/ -->\n<title>Mudan\u00e7a da geopol\u00edtica promete tempos dif\u00edceis para a economia brasileira - Jornal Fatos e Not\u00edcias<\/title>\n<meta name=\"robots\" content=\"index, follow, max-snippet:-1, max-image-preview:large, max-video-preview:-1\" \/>\n<link rel=\"canonical\" href=\"https:\/\/jornalfatosenoticias.com.br\/index.php\/2025\/01\/21\/mudanca-da-geopolitica-promete-tempos-dificeis-para-a-economia-brasileira\/\" \/>\n<meta property=\"og:locale\" content=\"pt_BR\" \/>\n<meta property=\"og:type\" content=\"article\" \/>\n<meta property=\"og:title\" content=\"Mudan\u00e7a da geopol\u00edtica promete tempos dif\u00edceis para a economia brasileira - Jornal Fatos e Not\u00edcias\" \/>\n<meta property=\"og:description\" content=\"O presidente dos EUA, Donald Trump, e seu antecessor, Joe Biden: analistas preveem tempos dif\u00edceis para a economia brasileira Por Rose Amant\u00e9a Os impactos do que se denomina &#8220;Trumponomics&#8221; \u2014 a abordagem do presidente norte-americano Donald Trump para pol\u00edtica econ\u00f4mica interna e com o resto do mundo \u2014 s\u00e3o ainda incertos, mas inevit\u00e1veis. Ambas as [&hellip;]\" \/>\n<meta property=\"og:url\" content=\"https:\/\/jornalfatosenoticias.com.br\/index.php\/2025\/01\/21\/mudanca-da-geopolitica-promete-tempos-dificeis-para-a-economia-brasileira\/\" \/>\n<meta property=\"og:site_name\" content=\"Jornal Fatos e Not\u00edcias\" \/>\n<meta property=\"article:published_time\" content=\"2025-01-21T16:54:57+00:00\" \/>\n<meta property=\"article:modified_time\" content=\"2025-01-21T16:54:58+00:00\" \/>\n<meta property=\"og:image\" content=\"https:\/\/jornalfatosenoticias.com.br\/wp-content\/uploads\/2025\/01\/Donald-Trump-e-Joe-Biden_gettyimages.jpg\" \/>\n\t<meta property=\"og:image:width\" content=\"612\" \/>\n\t<meta property=\"og:image:height\" content=\"406\" \/>\n\t<meta property=\"og:image:type\" content=\"image\/jpeg\" \/>\n<meta name=\"author\" content=\"Luzimara Fernandes\" \/>\n<meta name=\"twitter:card\" content=\"summary_large_image\" \/>\n<meta name=\"twitter:label1\" content=\"Escrito por\" \/>\n\t<meta name=\"twitter:data1\" content=\"Luzimara Fernandes\" \/>\n\t<meta name=\"twitter:label2\" content=\"Est. tempo de leitura\" \/>\n\t<meta name=\"twitter:data2\" content=\"7 minutos\" \/>\n<script type=\"application\/ld+json\" class=\"yoast-schema-graph\">{\"@context\":\"https:\/\/schema.org\",\"@graph\":[{\"@type\":\"Article\",\"@id\":\"https:\/\/jornalfatosenoticias.com.br\/index.php\/2025\/01\/21\/mudanca-da-geopolitica-promete-tempos-dificeis-para-a-economia-brasileira\/#article\",\"isPartOf\":{\"@id\":\"https:\/\/jornalfatosenoticias.com.br\/index.php\/2025\/01\/21\/mudanca-da-geopolitica-promete-tempos-dificeis-para-a-economia-brasileira\/\"},\"author\":{\"name\":\"Luzimara Fernandes\",\"@id\":\"https:\/\/jornalfatosenoticias.com.br\/#\/schema\/person\/d63837fa13ac8666eb9e74e0985d6f81\"},\"headline\":\"Mudan\u00e7a da geopol\u00edtica promete tempos dif\u00edceis para a economia brasileira\",\"datePublished\":\"2025-01-21T16:54:57+00:00\",\"dateModified\":\"2025-01-21T16:54:58+00:00\",\"mainEntityOfPage\":{\"@id\":\"https:\/\/jornalfatosenoticias.com.br\/index.php\/2025\/01\/21\/mudanca-da-geopolitica-promete-tempos-dificeis-para-a-economia-brasileira\/\"},\"wordCount\":1481,\"commentCount\":0,\"publisher\":{\"@id\":\"https:\/\/jornalfatosenoticias.com.br\/#organization\"},\"image\":{\"@id\":\"https:\/\/jornalfatosenoticias.com.br\/index.php\/2025\/01\/21\/mudanca-da-geopolitica-promete-tempos-dificeis-para-a-economia-brasileira\/#primaryimage\"},\"thumbnailUrl\":\"https:\/\/jornalfatosenoticias.com.br\/wp-content\/uploads\/2025\/01\/Donald-Trump-e-Joe-Biden_gettyimages.jpg\",\"keywords\":[\"Banco Central\",\"Brics\",\"china\",\"com\u00e9rcio\",\"contas p\u00fablicas\",\"Donald Trump\",\"EUA\",\"FED\",\"geopol\u00edtica\",\"Guerra Mundial\",\"importa\u00e7\u00e3o\",\"petr\u00f3leo\",\"sustentabilidade\",\"Trumponomics\"],\"articleSection\":[\"Rela\u00e7\u00f5es Internacionais\"],\"inLanguage\":\"pt-BR\",\"potentialAction\":[{\"@type\":\"CommentAction\",\"name\":\"Comment\",\"target\":[\"https:\/\/jornalfatosenoticias.com.br\/index.php\/2025\/01\/21\/mudanca-da-geopolitica-promete-tempos-dificeis-para-a-economia-brasileira\/#respond\"]}]},{\"@type\":\"WebPage\",\"@id\":\"https:\/\/jornalfatosenoticias.com.br\/index.php\/2025\/01\/21\/mudanca-da-geopolitica-promete-tempos-dificeis-para-a-economia-brasileira\/\",\"url\":\"https:\/\/jornalfatosenoticias.com.br\/index.php\/2025\/01\/21\/mudanca-da-geopolitica-promete-tempos-dificeis-para-a-economia-brasileira\/\",\"name\":\"Mudan\u00e7a da geopol\u00edtica promete tempos dif\u00edceis para a economia brasileira - Jornal Fatos e Not\u00edcias\",\"isPartOf\":{\"@id\":\"https:\/\/jornalfatosenoticias.com.br\/#website\"},\"primaryImageOfPage\":{\"@id\":\"https:\/\/jornalfatosenoticias.com.br\/index.php\/2025\/01\/21\/mudanca-da-geopolitica-promete-tempos-dificeis-para-a-economia-brasileira\/#primaryimage\"},\"image\":{\"@id\":\"https:\/\/jornalfatosenoticias.com.br\/index.php\/2025\/01\/21\/mudanca-da-geopolitica-promete-tempos-dificeis-para-a-economia-brasileira\/#primaryimage\"},\"thumbnailUrl\":\"https:\/\/jornalfatosenoticias.com.br\/wp-content\/uploads\/2025\/01\/Donald-Trump-e-Joe-Biden_gettyimages.jpg\",\"datePublished\":\"2025-01-21T16:54:57+00:00\",\"dateModified\":\"2025-01-21T16:54:58+00:00\",\"breadcrumb\":{\"@id\":\"https:\/\/jornalfatosenoticias.com.br\/index.php\/2025\/01\/21\/mudanca-da-geopolitica-promete-tempos-dificeis-para-a-economia-brasileira\/#breadcrumb\"},\"inLanguage\":\"pt-BR\",\"potentialAction\":[{\"@type\":\"ReadAction\",\"target\":[\"https:\/\/jornalfatosenoticias.com.br\/index.php\/2025\/01\/21\/mudanca-da-geopolitica-promete-tempos-dificeis-para-a-economia-brasileira\/\"]}]},{\"@type\":\"ImageObject\",\"inLanguage\":\"pt-BR\",\"@id\":\"https:\/\/jornalfatosenoticias.com.br\/index.php\/2025\/01\/21\/mudanca-da-geopolitica-promete-tempos-dificeis-para-a-economia-brasileira\/#primaryimage\",\"url\":\"https:\/\/jornalfatosenoticias.com.br\/wp-content\/uploads\/2025\/01\/Donald-Trump-e-Joe-Biden_gettyimages.jpg\",\"contentUrl\":\"https:\/\/jornalfatosenoticias.com.br\/wp-content\/uploads\/2025\/01\/Donald-Trump-e-Joe-Biden_gettyimages.jpg\",\"width\":612,\"height\":406,\"caption\":\"WASHINGTON, DC - JANUARY 20: U.S. President Joe Biden (L) welcomes U.S. President-elect Donald Trump to the White House ahead of inauguration ceremonies on January 20, 2025 in Washington, DC. Donald Trump takes office for his second term as the 47th president of the United States. (Photo by Win McNamee\/Getty Images)\"},{\"@type\":\"BreadcrumbList\",\"@id\":\"https:\/\/jornalfatosenoticias.com.br\/index.php\/2025\/01\/21\/mudanca-da-geopolitica-promete-tempos-dificeis-para-a-economia-brasileira\/#breadcrumb\",\"itemListElement\":[{\"@type\":\"ListItem\",\"position\":1,\"name\":\"In\u00edcio\",\"item\":\"https:\/\/jornalfatosenoticias.com.br\/\"},{\"@type\":\"ListItem\",\"position\":2,\"name\":\"Mudan\u00e7a da geopol\u00edtica promete tempos dif\u00edceis para a economia brasileira\"}]},{\"@type\":\"WebSite\",\"@id\":\"https:\/\/jornalfatosenoticias.com.br\/#website\",\"url\":\"https:\/\/jornalfatosenoticias.com.br\/\",\"name\":\"Jornal Fatos e Not\u00edcias\",\"description\":\"Not\u00edcias em geral\",\"publisher\":{\"@id\":\"https:\/\/jornalfatosenoticias.com.br\/#organization\"},\"potentialAction\":[{\"@type\":\"SearchAction\",\"target\":{\"@type\":\"EntryPoint\",\"urlTemplate\":\"https:\/\/jornalfatosenoticias.com.br\/?s={search_term_string}\"},\"query-input\":{\"@type\":\"PropertyValueSpecification\",\"valueRequired\":true,\"valueName\":\"search_term_string\"}}],\"inLanguage\":\"pt-BR\"},{\"@type\":\"Organization\",\"@id\":\"https:\/\/jornalfatosenoticias.com.br\/#organization\",\"name\":\"Jornal Fatos e Not\u00edcias\",\"url\":\"https:\/\/jornalfatosenoticias.com.br\/\",\"logo\":{\"@type\":\"ImageObject\",\"inLanguage\":\"pt-BR\",\"@id\":\"https:\/\/jornalfatosenoticias.com.br\/#\/schema\/logo\/image\/\",\"url\":\"https:\/\/jornalfatosenoticias.com.br\/wp-content\/uploads\/2020\/02\/logo120.png\",\"contentUrl\":\"https:\/\/jornalfatosenoticias.com.br\/wp-content\/uploads\/2020\/02\/logo120.png\",\"width\":1227,\"height\":120,\"caption\":\"Jornal Fatos e Not\u00edcias\"},\"image\":{\"@id\":\"https:\/\/jornalfatosenoticias.com.br\/#\/schema\/logo\/image\/\"}},{\"@type\":\"Person\",\"@id\":\"https:\/\/jornalfatosenoticias.com.br\/#\/schema\/person\/d63837fa13ac8666eb9e74e0985d6f81\",\"name\":\"Luzimara Fernandes\",\"image\":{\"@type\":\"ImageObject\",\"inLanguage\":\"pt-BR\",\"@id\":\"https:\/\/jornalfatosenoticias.com.br\/#\/schema\/person\/image\/\",\"url\":\"https:\/\/jornalfatosenoticias.com.br\/wp-content\/uploads\/2025\/05\/EU_portal.jpg\",\"contentUrl\":\"https:\/\/jornalfatosenoticias.com.br\/wp-content\/uploads\/2025\/05\/EU_portal.jpg\",\"caption\":\"Luzimara Fernandes\"},\"description\":\"Jornalista MTB 2358-ES\",\"sameAs\":[\"https:\/\/jornalfatosenoticias.com.br\"],\"url\":\"https:\/\/jornalfatosenoticias.com.br\/index.php\/author\/luzimara\/\"}]}<\/script>\n<!-- \/ Yoast SEO plugin. -->","yoast_head_json":{"title":"Mudan\u00e7a da geopol\u00edtica promete tempos dif\u00edceis para a economia brasileira - Jornal Fatos e Not\u00edcias","robots":{"index":"index","follow":"follow","max-snippet":"max-snippet:-1","max-image-preview":"max-image-preview:large","max-video-preview":"max-video-preview:-1"},"canonical":"https:\/\/jornalfatosenoticias.com.br\/index.php\/2025\/01\/21\/mudanca-da-geopolitica-promete-tempos-dificeis-para-a-economia-brasileira\/","og_locale":"pt_BR","og_type":"article","og_title":"Mudan\u00e7a da geopol\u00edtica promete tempos dif\u00edceis para a economia brasileira - Jornal Fatos e Not\u00edcias","og_description":"O presidente dos EUA, Donald Trump, e seu antecessor, Joe Biden: analistas preveem tempos dif\u00edceis para a economia brasileira Por Rose Amant\u00e9a Os impactos do que se denomina &#8220;Trumponomics&#8221; \u2014 a abordagem do presidente norte-americano Donald Trump para pol\u00edtica econ\u00f4mica interna e com o resto do mundo \u2014 s\u00e3o ainda incertos, mas inevit\u00e1veis. Ambas as [&hellip;]","og_url":"https:\/\/jornalfatosenoticias.com.br\/index.php\/2025\/01\/21\/mudanca-da-geopolitica-promete-tempos-dificeis-para-a-economia-brasileira\/","og_site_name":"Jornal Fatos e Not\u00edcias","article_published_time":"2025-01-21T16:54:57+00:00","article_modified_time":"2025-01-21T16:54:58+00:00","og_image":[{"width":612,"height":406,"url":"https:\/\/jornalfatosenoticias.com.br\/wp-content\/uploads\/2025\/01\/Donald-Trump-e-Joe-Biden_gettyimages.jpg","type":"image\/jpeg"}],"author":"Luzimara Fernandes","twitter_card":"summary_large_image","twitter_misc":{"Escrito por":"Luzimara Fernandes","Est. tempo de leitura":"7 minutos"},"schema":{"@context":"https:\/\/schema.org","@graph":[{"@type":"Article","@id":"https:\/\/jornalfatosenoticias.com.br\/index.php\/2025\/01\/21\/mudanca-da-geopolitica-promete-tempos-dificeis-para-a-economia-brasileira\/#article","isPartOf":{"@id":"https:\/\/jornalfatosenoticias.com.br\/index.php\/2025\/01\/21\/mudanca-da-geopolitica-promete-tempos-dificeis-para-a-economia-brasileira\/"},"author":{"name":"Luzimara Fernandes","@id":"https:\/\/jornalfatosenoticias.com.br\/#\/schema\/person\/d63837fa13ac8666eb9e74e0985d6f81"},"headline":"Mudan\u00e7a da geopol\u00edtica promete tempos dif\u00edceis para a economia brasileira","datePublished":"2025-01-21T16:54:57+00:00","dateModified":"2025-01-21T16:54:58+00:00","mainEntityOfPage":{"@id":"https:\/\/jornalfatosenoticias.com.br\/index.php\/2025\/01\/21\/mudanca-da-geopolitica-promete-tempos-dificeis-para-a-economia-brasileira\/"},"wordCount":1481,"commentCount":0,"publisher":{"@id":"https:\/\/jornalfatosenoticias.com.br\/#organization"},"image":{"@id":"https:\/\/jornalfatosenoticias.com.br\/index.php\/2025\/01\/21\/mudanca-da-geopolitica-promete-tempos-dificeis-para-a-economia-brasileira\/#primaryimage"},"thumbnailUrl":"https:\/\/jornalfatosenoticias.com.br\/wp-content\/uploads\/2025\/01\/Donald-Trump-e-Joe-Biden_gettyimages.jpg","keywords":["Banco Central","Brics","china","com\u00e9rcio","contas p\u00fablicas","Donald Trump","EUA","FED","geopol\u00edtica","Guerra Mundial","importa\u00e7\u00e3o","petr\u00f3leo","sustentabilidade","Trumponomics"],"articleSection":["Rela\u00e7\u00f5es Internacionais"],"inLanguage":"pt-BR","potentialAction":[{"@type":"CommentAction","name":"Comment","target":["https:\/\/jornalfatosenoticias.com.br\/index.php\/2025\/01\/21\/mudanca-da-geopolitica-promete-tempos-dificeis-para-a-economia-brasileira\/#respond"]}]},{"@type":"WebPage","@id":"https:\/\/jornalfatosenoticias.com.br\/index.php\/2025\/01\/21\/mudanca-da-geopolitica-promete-tempos-dificeis-para-a-economia-brasileira\/","url":"https:\/\/jornalfatosenoticias.com.br\/index.php\/2025\/01\/21\/mudanca-da-geopolitica-promete-tempos-dificeis-para-a-economia-brasileira\/","name":"Mudan\u00e7a da geopol\u00edtica promete tempos dif\u00edceis para a economia brasileira - Jornal Fatos e Not\u00edcias","isPartOf":{"@id":"https:\/\/jornalfatosenoticias.com.br\/#website"},"primaryImageOfPage":{"@id":"https:\/\/jornalfatosenoticias.com.br\/index.php\/2025\/01\/21\/mudanca-da-geopolitica-promete-tempos-dificeis-para-a-economia-brasileira\/#primaryimage"},"image":{"@id":"https:\/\/jornalfatosenoticias.com.br\/index.php\/2025\/01\/21\/mudanca-da-geopolitica-promete-tempos-dificeis-para-a-economia-brasileira\/#primaryimage"},"thumbnailUrl":"https:\/\/jornalfatosenoticias.com.br\/wp-content\/uploads\/2025\/01\/Donald-Trump-e-Joe-Biden_gettyimages.jpg","datePublished":"2025-01-21T16:54:57+00:00","dateModified":"2025-01-21T16:54:58+00:00","breadcrumb":{"@id":"https:\/\/jornalfatosenoticias.com.br\/index.php\/2025\/01\/21\/mudanca-da-geopolitica-promete-tempos-dificeis-para-a-economia-brasileira\/#breadcrumb"},"inLanguage":"pt-BR","potentialAction":[{"@type":"ReadAction","target":["https:\/\/jornalfatosenoticias.com.br\/index.php\/2025\/01\/21\/mudanca-da-geopolitica-promete-tempos-dificeis-para-a-economia-brasileira\/"]}]},{"@type":"ImageObject","inLanguage":"pt-BR","@id":"https:\/\/jornalfatosenoticias.com.br\/index.php\/2025\/01\/21\/mudanca-da-geopolitica-promete-tempos-dificeis-para-a-economia-brasileira\/#primaryimage","url":"https:\/\/jornalfatosenoticias.com.br\/wp-content\/uploads\/2025\/01\/Donald-Trump-e-Joe-Biden_gettyimages.jpg","contentUrl":"https:\/\/jornalfatosenoticias.com.br\/wp-content\/uploads\/2025\/01\/Donald-Trump-e-Joe-Biden_gettyimages.jpg","width":612,"height":406,"caption":"WASHINGTON, DC - JANUARY 20: U.S. President Joe Biden (L) welcomes U.S. President-elect Donald Trump to the White House ahead of inauguration ceremonies on January 20, 2025 in Washington, DC. Donald Trump takes office for his second term as the 47th president of the United States. (Photo by Win McNamee\/Getty Images)"},{"@type":"BreadcrumbList","@id":"https:\/\/jornalfatosenoticias.com.br\/index.php\/2025\/01\/21\/mudanca-da-geopolitica-promete-tempos-dificeis-para-a-economia-brasileira\/#breadcrumb","itemListElement":[{"@type":"ListItem","position":1,"name":"In\u00edcio","item":"https:\/\/jornalfatosenoticias.com.br\/"},{"@type":"ListItem","position":2,"name":"Mudan\u00e7a da geopol\u00edtica promete tempos dif\u00edceis para a economia brasileira"}]},{"@type":"WebSite","@id":"https:\/\/jornalfatosenoticias.com.br\/#website","url":"https:\/\/jornalfatosenoticias.com.br\/","name":"Jornal Fatos e Not\u00edcias","description":"Not\u00edcias em geral","publisher":{"@id":"https:\/\/jornalfatosenoticias.com.br\/#organization"},"potentialAction":[{"@type":"SearchAction","target":{"@type":"EntryPoint","urlTemplate":"https:\/\/jornalfatosenoticias.com.br\/?s={search_term_string}"},"query-input":{"@type":"PropertyValueSpecification","valueRequired":true,"valueName":"search_term_string"}}],"inLanguage":"pt-BR"},{"@type":"Organization","@id":"https:\/\/jornalfatosenoticias.com.br\/#organization","name":"Jornal Fatos e Not\u00edcias","url":"https:\/\/jornalfatosenoticias.com.br\/","logo":{"@type":"ImageObject","inLanguage":"pt-BR","@id":"https:\/\/jornalfatosenoticias.com.br\/#\/schema\/logo\/image\/","url":"https:\/\/jornalfatosenoticias.com.br\/wp-content\/uploads\/2020\/02\/logo120.png","contentUrl":"https:\/\/jornalfatosenoticias.com.br\/wp-content\/uploads\/2020\/02\/logo120.png","width":1227,"height":120,"caption":"Jornal Fatos e Not\u00edcias"},"image":{"@id":"https:\/\/jornalfatosenoticias.com.br\/#\/schema\/logo\/image\/"}},{"@type":"Person","@id":"https:\/\/jornalfatosenoticias.com.br\/#\/schema\/person\/d63837fa13ac8666eb9e74e0985d6f81","name":"Luzimara Fernandes","image":{"@type":"ImageObject","inLanguage":"pt-BR","@id":"https:\/\/jornalfatosenoticias.com.br\/#\/schema\/person\/image\/","url":"https:\/\/jornalfatosenoticias.com.br\/wp-content\/uploads\/2025\/05\/EU_portal.jpg","contentUrl":"https:\/\/jornalfatosenoticias.com.br\/wp-content\/uploads\/2025\/05\/EU_portal.jpg","caption":"Luzimara Fernandes"},"description":"Jornalista MTB 2358-ES","sameAs":["https:\/\/jornalfatosenoticias.com.br"],"url":"https:\/\/jornalfatosenoticias.com.br\/index.php\/author\/luzimara\/"}]}},"cc_featured_image_caption":{"caption_text":"(Foto: Getty Images) ","source_text":"","source_url":""},"jetpack_featured_media_url":"https:\/\/jornalfatosenoticias.com.br\/wp-content\/uploads\/2025\/01\/Donald-Trump-e-Joe-Biden_gettyimages.jpg","_links":{"self":[{"href":"https:\/\/jornalfatosenoticias.com.br\/index.php\/wp-json\/wp\/v2\/posts\/56977","targetHints":{"allow":["GET"]}}],"collection":[{"href":"https:\/\/jornalfatosenoticias.com.br\/index.php\/wp-json\/wp\/v2\/posts"}],"about":[{"href":"https:\/\/jornalfatosenoticias.com.br\/index.php\/wp-json\/wp\/v2\/types\/post"}],"author":[{"embeddable":true,"href":"https:\/\/jornalfatosenoticias.com.br\/index.php\/wp-json\/wp\/v2\/users\/2"}],"replies":[{"embeddable":true,"href":"https:\/\/jornalfatosenoticias.com.br\/index.php\/wp-json\/wp\/v2\/comments?post=56977"}],"version-history":[{"count":0,"href":"https:\/\/jornalfatosenoticias.com.br\/index.php\/wp-json\/wp\/v2\/posts\/56977\/revisions"}],"wp:featuredmedia":[{"embeddable":true,"href":"https:\/\/jornalfatosenoticias.com.br\/index.php\/wp-json\/wp\/v2\/media\/56978"}],"wp:attachment":[{"href":"https:\/\/jornalfatosenoticias.com.br\/index.php\/wp-json\/wp\/v2\/media?parent=56977"}],"wp:term":[{"taxonomy":"category","embeddable":true,"href":"https:\/\/jornalfatosenoticias.com.br\/index.php\/wp-json\/wp\/v2\/categories?post=56977"},{"taxonomy":"post_tag","embeddable":true,"href":"https:\/\/jornalfatosenoticias.com.br\/index.php\/wp-json\/wp\/v2\/tags?post=56977"}],"curies":[{"name":"wp","href":"https:\/\/api.w.org\/{rel}","templated":true}]}}