{"id":56983,"date":"2025-01-21T14:33:33","date_gmt":"2025-01-21T17:33:33","guid":{"rendered":"https:\/\/jornalfatosenoticias.com.br\/?p=56983"},"modified":"2025-01-21T14:33:34","modified_gmt":"2025-01-21T17:33:34","slug":"fim-da-cidadania-por-nascimento-e-combate-a-agenda-woke-veja-decretos-assinados-por-trump","status":"publish","type":"post","link":"https:\/\/jornalfatosenoticias.com.br\/index.php\/2025\/01\/21\/fim-da-cidadania-por-nascimento-e-combate-a-agenda-woke-veja-decretos-assinados-por-trump\/","title":{"rendered":"Fim da cidadania por nascimento e combate \u00e0 agenda woke: veja decretos assinados por Trump"},"content":{"rendered":"\n<p><em><span class=\"has-inline-color has-black-color\">Retrato de Trump exibido na National Portrait Gallery, em Washington, por ocasi\u00e3o de sua posse<\/span><\/em><\/p>\n\n\n\n<p><span class=\"has-inline-color has-black-color\">Por <strong><a href=\"https:\/\/www.gazetadopovo.com.br\/autor\/isabella-de-paula\/\">Isabella de Paula<\/a><\/strong><\/span><\/p>\n\n\n\n<div class=\"wp-block-image\"><figure class=\"aligncenter size-large\"><a href=\"https:\/\/mizu.com.br\/\"><img loading=\"lazy\" decoding=\"async\" width=\"729\" height=\"90\" src=\"https:\/\/jornalfatosenoticias.com.br\/wp-content\/uploads\/2020\/02\/Logo_Mizu.png\" alt=\"\" class=\"wp-image-1441\" srcset=\"https:\/\/jornalfatosenoticias.com.br\/wp-content\/uploads\/2020\/02\/Logo_Mizu.png 729w, https:\/\/jornalfatosenoticias.com.br\/wp-content\/uploads\/2020\/02\/Logo_Mizu-300x37.png 300w\" sizes=\"auto, (max-width: 729px) 100vw, 729px\" \/><\/a><\/figure><\/div>\n\n\n\n<p>Como prometido, Donald Trump assinou dezenas de ordens executivas j\u00e1 nas primeiras horas de seu mandato como presidente dos Estados Unidos. Entre elas est\u00e3o medidas duras contra a imigra\u00e7\u00e3o ilegal, cart\u00e9is de drogas, al\u00e9m de incentivos ao crescimento econ\u00f4mico nacional. Um dos primeiros documentos assinados defende o fim da cidadania americana aos filhos de imigrantes ilegais nascidos no pa\u00eds.<br>A ordem visa modificar a interpreta\u00e7\u00e3o atual da 14.\u00aa Emenda da Constitui\u00e7\u00e3o dos Estados Unidos, que estabelece que qualquer pessoa nascida em solo americano obt\u00e9m automaticamente a cidadania, independentemente do status de imigra\u00e7\u00e3o de seus pais. A medida s\u00f3 se aplicaria a nascimentos futuros, informou um membro da equipe de Trump em uma entrevista coletiva na manh\u00e3 desta segunda-feira (20), antes da posse do novo presidente.<\/p>\n\n\n\n<div class=\"wp-block-image\"><figure class=\"aligncenter size-large is-resized\"><a href=\"https:\/\/www.controlsystems.com.br\/\"><img loading=\"lazy\" decoding=\"async\" src=\"https:\/\/jornalfatosenoticias.com.br\/wp-content\/uploads\/2020\/02\/CONTROL-CS.jpg\" alt=\"\" class=\"wp-image-44991\" width=\"295\" height=\"353\" srcset=\"https:\/\/jornalfatosenoticias.com.br\/wp-content\/uploads\/2020\/02\/CONTROL-CS.jpg 834w, https:\/\/jornalfatosenoticias.com.br\/wp-content\/uploads\/2020\/02\/CONTROL-CS-250x300.jpg 250w, https:\/\/jornalfatosenoticias.com.br\/wp-content\/uploads\/2020\/02\/CONTROL-CS-768x921.jpg 768w\" sizes=\"auto, (max-width: 295px) 100vw, 295px\" \/><\/a><\/figure><\/div>\n\n\n\n<p>Na pr\u00e1tica, a elimina\u00e7\u00e3o da cidadania autom\u00e1tica nesse caso impediria que o Departamento de Estado emitisse passaportes para crian\u00e7as nascidas de pais em situa\u00e7\u00e3o ilegal nos Estados Unidos e que a Administra\u00e7\u00e3o da Previd\u00eancia Social as reconhe\u00e7a como cidad\u00e3s americanas, tornando mais dif\u00edcil para elas terem acesso a direitos b\u00e1sicos inerentes aos americanos.<\/p>\n\n\n\n<div class=\"wp-block-image\"><figure class=\"aligncenter size-large is-resized\"><a href=\"https:\/\/www.instagram.com\/restaurantepegoretti\/\"><img loading=\"lazy\" decoding=\"async\" src=\"https:\/\/jornalfatosenoticias.com.br\/wp-content\/uploads\/2023\/12\/pegoretti-logo-pdf-1024x389.jpg\" alt=\"\" class=\"wp-image-47536\" width=\"464\" height=\"176\" srcset=\"https:\/\/jornalfatosenoticias.com.br\/wp-content\/uploads\/2023\/12\/pegoretti-logo-pdf-1024x389.jpg 1024w, https:\/\/jornalfatosenoticias.com.br\/wp-content\/uploads\/2023\/12\/pegoretti-logo-pdf-300x114.jpg 300w, https:\/\/jornalfatosenoticias.com.br\/wp-content\/uploads\/2023\/12\/pegoretti-logo-pdf-768x291.jpg 768w, https:\/\/jornalfatosenoticias.com.br\/wp-content\/uploads\/2023\/12\/pegoretti-logo-pdf.jpg 1120w\" sizes=\"auto, (max-width: 464px) 100vw, 464px\" \/><\/a><\/figure><\/div>\n\n\n\n<p>A elimina\u00e7\u00e3o da cidadania por nascimento tem sido uma demanda recorrente de grupos conservadores. Trump j\u00e1 havia amea\u00e7ado revogar esse direito por ordem executiva durante seu primeiro mandato (2017-2021), mas n\u00e3o o fez. A Casa Branca n\u00e3o detalhou como implementar\u00e1 essa medida, que dever\u00e1 enfrentar desafios legais nos tribunais e que muitos especialistas consideram inconstitucional.<\/p>\n\n\n\n<div class=\"wp-block-image\"><figure class=\"aligncenter size-large is-resized\"><a href=\"https:\/\/www.instagram.com\/vmais.midias\/\"><img loading=\"lazy\" decoding=\"async\" src=\"https:\/\/jornalfatosenoticias.com.br\/wp-content\/uploads\/2020\/02\/DE-MAIS-DESTAQUE-VMAIS-800X700.png\" alt=\"\" class=\"wp-image-53112\" width=\"325\" height=\"284\" srcset=\"https:\/\/jornalfatosenoticias.com.br\/wp-content\/uploads\/2020\/02\/DE-MAIS-DESTAQUE-VMAIS-800X700.png 800w, https:\/\/jornalfatosenoticias.com.br\/wp-content\/uploads\/2020\/02\/DE-MAIS-DESTAQUE-VMAIS-800X700-300x263.png 300w, https:\/\/jornalfatosenoticias.com.br\/wp-content\/uploads\/2020\/02\/DE-MAIS-DESTAQUE-VMAIS-800X700-768x672.png 768w\" sizes=\"auto, (max-width: 325px) 100vw, 325px\" \/><\/a><\/figure><\/div>\n\n\n\n<p>Para conseguir colocar em pr\u00e1tica a medida, o caminho mais direto seria propor uma emenda constitucional, o que exigiria uma maioria de dois ter\u00e7os na C\u00e2mara dos Representantes e no Senado, assim como a ratifica\u00e7\u00e3o por tr\u00eas quartos dos estados, explicou recentemente o historiador Scott Bomboy em uma an\u00e1lise publicada pelo National Constitution Center, uma institui\u00e7\u00e3o dedicada ao estudo da Constitui\u00e7\u00e3o.<\/p>\n\n\n\n<div class=\"wp-block-image\"><figure class=\"aligncenter size-large\"><a href=\"https:\/\/www.facebook.com\/vetor.vix\/\"><img loading=\"lazy\" decoding=\"async\" width=\"1024\" height=\"273\" src=\"https:\/\/jornalfatosenoticias.com.br\/wp-content\/uploads\/2023\/09\/vetorvix1024_1.jpg\" alt=\"\" class=\"wp-image-44868\" srcset=\"https:\/\/jornalfatosenoticias.com.br\/wp-content\/uploads\/2023\/09\/vetorvix1024_1.jpg 1024w, https:\/\/jornalfatosenoticias.com.br\/wp-content\/uploads\/2023\/09\/vetorvix1024_1-300x80.jpg 300w, https:\/\/jornalfatosenoticias.com.br\/wp-content\/uploads\/2023\/09\/vetorvix1024_1-768x205.jpg 768w\" sizes=\"auto, (max-width: 1024px) 100vw, 1024px\" \/><\/a><\/figure><\/div>\n\n\n\n<p><strong><span class=\"has-inline-color has-black-color\">Cuba volta para a lista de Estados que patrocinam o terrorismo<br><\/span><\/strong>Durante os primeiros momentos de sua nova administra\u00e7\u00e3o, Trump tamb\u00e9m revogou a ordem executiva de seu antecessor, o democrata Joe Biden, de retirar a ditadura de Cuba da lista de pa\u00edses patrocinadores do terrorismo. Biden havia tomado a decis\u00e3o no \u00faltimo dia 14 para facilitar a liberta\u00e7\u00e3o de v\u00e1rios prisioneiros cubanos como parte de um processo mediado pelo Vaticano. De fato, no mesmo dia, Cuba anunciou a soltura de 553 pessoas \u201csancionadas por v\u00e1rios crimes\u201d.<\/p>\n\n\n\n<div class=\"wp-block-image\"><figure class=\"aligncenter size-large\"><a href=\"https:\/\/cesconetto.com.br\/\"><img loading=\"lazy\" decoding=\"async\" width=\"300\" height=\"250\" src=\"https:\/\/jornalfatosenoticias.com.br\/wp-content\/uploads\/2022\/02\/Banner-2.png\" alt=\"\" class=\"wp-image-27877\"\/><\/a><\/figure><\/div>\n\n\n\n<p>O ex-presidente democrata tamb\u00e9m suspendeu a capacidade dos cidad\u00e3os americanos de processar, nos tribunais dos EUA, a expropria\u00e7\u00e3o de suas propriedades em Cuba e suspendeu algumas san\u00e7\u00f5es financeiras. A inclus\u00e3o de Cuba na lista, em janeiro de 2021, foi uma das \u00faltimas decis\u00f5es tomadas por Trump antes de deixar o cargo em seu primeiro mandato (2017-2021). Essa designa\u00e7\u00e3o tem como efeito a proibi\u00e7\u00e3o da venda de armas ao pa\u00eds, maior controle sobre suas exporta\u00e7\u00f5es, restri\u00e7\u00f5es \u00e0 ajuda externa, maiores exig\u00eancias de visto e v\u00e1rias san\u00e7\u00f5es econ\u00f4micas.<\/p>\n\n\n\n<div class=\"wp-block-image\"><figure class=\"aligncenter size-large is-resized\"><a href=\"https:\/\/www.facebook.com\/profile.php?id=100069289606145\"><img loading=\"lazy\" decoding=\"async\" src=\"https:\/\/jornalfatosenoticias.com.br\/wp-content\/uploads\/2024\/11\/Guaitolini-Contabilidade-1024x714.jpeg\" alt=\"\" class=\"wp-image-55808\" width=\"329\" height=\"229\" srcset=\"https:\/\/jornalfatosenoticias.com.br\/wp-content\/uploads\/2024\/11\/Guaitolini-Contabilidade-1024x714.jpeg 1024w, https:\/\/jornalfatosenoticias.com.br\/wp-content\/uploads\/2024\/11\/Guaitolini-Contabilidade-300x209.jpeg 300w, https:\/\/jornalfatosenoticias.com.br\/wp-content\/uploads\/2024\/11\/Guaitolini-Contabilidade-768x535.jpeg 768w, https:\/\/jornalfatosenoticias.com.br\/wp-content\/uploads\/2024\/11\/Guaitolini-Contabilidade.jpeg 1280w\" sizes=\"auto, (max-width: 329px) 100vw, 329px\" \/><\/a><\/figure><\/div>\n\n\n\n<p>Em sua audi\u00eancia no Senado de nomea\u00e7\u00e3o como secret\u00e1rio de Estado no governo Trump, Marco Rubio, que foi confirmado nesta segunda-feira (20) para o cargo, disse na semana passada que tinha \u201czero d\u00favida\u201d de que Cuba \u00e9 um pa\u00eds que promove o terrorismo.<\/p>\n\n\n\n<div class=\"wp-block-image\"><figure class=\"aligncenter size-large is-resized\"><a href=\"https:\/\/www.ithbrasil.com.br\/\"><img loading=\"lazy\" decoding=\"async\" src=\"https:\/\/jornalfatosenoticias.com.br\/wp-content\/uploads\/2023\/08\/ITH.jpeg\" alt=\"\" class=\"wp-image-44638\" width=\"297\" height=\"241\" srcset=\"https:\/\/jornalfatosenoticias.com.br\/wp-content\/uploads\/2023\/08\/ITH.jpeg 800w, https:\/\/jornalfatosenoticias.com.br\/wp-content\/uploads\/2023\/08\/ITH-300x244.jpeg 300w, https:\/\/jornalfatosenoticias.com.br\/wp-content\/uploads\/2023\/08\/ITH-768x624.jpeg 768w\" sizes=\"auto, (max-width: 297px) 100vw, 297px\" \/><\/a><\/figure><\/div>\n\n\n\n<p><strong><span class=\"has-inline-color has-black-color\">Cart\u00e9is de drogas s\u00e3o classificados como grupos terroristas<br><\/span><\/strong>Trump tamb\u00e9m assinou uma ordem para classificar todos os cart\u00e9is internacionais e outras organiza\u00e7\u00f5es que atrapalham o crescimento dos EUA por incentivar o crime e o mercado ilegal de drogas como Organiza\u00e7\u00f5es Terroristas Estrangeiras.\u00a0Segundo o documento defendido pelo presidente nesta segunda-feira, &#8220;os cart\u00e9is internacionais constituem uma amea\u00e7a \u00e0 seguran\u00e7a nacional que vai al\u00e9m daquela colocada pelo crime organizado tradicional&#8221;.<\/p>\n\n\n\n<div class=\"wp-block-image\"><figure class=\"aligncenter size-large is-resized\"><a href=\"https:\/\/www.instagram.com\/esteiochurrascaria\/\"><img loading=\"lazy\" decoding=\"async\" src=\"https:\/\/jornalfatosenoticias.com.br\/wp-content\/uploads\/2022\/02\/LOGO-ESTEIO-1024x730.png\" alt=\"\" class=\"wp-image-27942\" width=\"347\" height=\"247\" srcset=\"https:\/\/jornalfatosenoticias.com.br\/wp-content\/uploads\/2022\/02\/LOGO-ESTEIO-1024x730.png 1024w, https:\/\/jornalfatosenoticias.com.br\/wp-content\/uploads\/2022\/02\/LOGO-ESTEIO-300x214.png 300w, https:\/\/jornalfatosenoticias.com.br\/wp-content\/uploads\/2022\/02\/LOGO-ESTEIO-768x548.png 768w, https:\/\/jornalfatosenoticias.com.br\/wp-content\/uploads\/2022\/02\/LOGO-ESTEIO.png 1123w\" sizes=\"auto, (max-width: 347px) 100vw, 347px\" \/><\/a><\/figure><\/div>\n\n\n\n<blockquote class=\"wp-block-quote is-layout-flow wp-block-quote-is-layout-flow\"><p><span class=\"has-inline-color has-luminous-vivid-orange-color\">Os cart\u00e9is se envolveram em uma campanha de viol\u00eancia e terror por todo o Hemisf\u00e9rio Ocidental que n\u00e3o apenas desestabilizou pa\u00edses com import\u00e2ncia significativa para nossos interesses nacionais, mas tamb\u00e9m inundou os Estados Unidos com drogas mortais, criminosos violentos e gangues cru\u00e9is&#8221;, menciona a ordem executiva.<\/span><\/p><\/blockquote>\n\n\n\n<div class=\"wp-block-image\"><figure class=\"aligncenter size-large is-resized\"><a href=\"https:\/\/www.instagram.com\/serra4x4cambioautomatico\/\"><img loading=\"lazy\" decoding=\"async\" src=\"https:\/\/jornalfatosenoticias.com.br\/wp-content\/uploads\/2024\/08\/Serra-4x4-1-886x1024.jpg\" alt=\"\" class=\"wp-image-53632\" width=\"312\" height=\"360\" srcset=\"https:\/\/jornalfatosenoticias.com.br\/wp-content\/uploads\/2024\/08\/Serra-4x4-1-886x1024.jpg 886w, https:\/\/jornalfatosenoticias.com.br\/wp-content\/uploads\/2024\/08\/Serra-4x4-1-260x300.jpg 260w, https:\/\/jornalfatosenoticias.com.br\/wp-content\/uploads\/2024\/08\/Serra-4x4-1-768x888.jpg 768w, https:\/\/jornalfatosenoticias.com.br\/wp-content\/uploads\/2024\/08\/Serra-4x4-1.jpg 1181w\" sizes=\"auto, (max-width: 312px) 100vw, 312px\" \/><\/a><\/figure><\/div>\n\n\n\n<p><strong><span class=\"has-inline-color has-black-color\">Trump aprova aumento da produ\u00e7\u00e3o de petr\u00f3leo e g\u00e1s<br><\/span><\/strong>Umas das a\u00e7\u00f5es da nova gest\u00e3o da Casa Branca para impulsionar a economia nacional tamb\u00e9m foi anunciada por meio de decreto nesta segunda-feira. O presidente Donald Trump declarou, por meio de uma ordem executiva, &#8220;emerg\u00eancia energ\u00e9tica nacional&#8221;, que lhe d\u00e1 autoridade para aumentar a produ\u00e7\u00e3o de petr\u00f3leo e g\u00e1s no pa\u00eds, incluindo a abertura de novas plataformas de perfura\u00e7\u00e3o no Alasca. A emerg\u00eancia energ\u00e9tica \u00e9 uma das v\u00e1rias medidas para impulsionar a ind\u00fastria de petr\u00f3leo, g\u00e1s e energia e reverter a &#8220;pol\u00edtica verde&#8221; promovida por seu antecessor, Joe Biden.<\/p>\n\n\n\n<div class=\"wp-block-image\"><figure class=\"aligncenter size-large is-resized\"><a href=\"https:\/\/www.facebook.com\/postobkr\/?locale=pt_BR\"><img loading=\"lazy\" decoding=\"async\" src=\"https:\/\/jornalfatosenoticias.com.br\/wp-content\/uploads\/2023\/08\/BKR-1024x1021.jpg\" alt=\"\" class=\"wp-image-44494\" width=\"323\" height=\"322\" srcset=\"https:\/\/jornalfatosenoticias.com.br\/wp-content\/uploads\/2023\/08\/BKR-1024x1021.jpg 1024w, https:\/\/jornalfatosenoticias.com.br\/wp-content\/uploads\/2023\/08\/BKR-300x300.jpg 300w, https:\/\/jornalfatosenoticias.com.br\/wp-content\/uploads\/2023\/08\/BKR-150x150.jpg 150w, https:\/\/jornalfatosenoticias.com.br\/wp-content\/uploads\/2023\/08\/BKR-768x766.jpg 768w, https:\/\/jornalfatosenoticias.com.br\/wp-content\/uploads\/2023\/08\/BKR.jpg 1080w\" sizes=\"auto, (max-width: 323px) 100vw, 323px\" \/><\/a><\/figure><\/div>\n\n\n\n<blockquote class=\"wp-block-quote is-layout-flow wp-block-quote-is-layout-flow\"><p><span class=\"has-inline-color has-luminous-vivid-orange-color\">As pol\u00edticas da administra\u00e7\u00e3o anterior levaram nossa na\u00e7\u00e3o a uma emerg\u00eancia nacional, onde um fornecimento de energia precariamente inadequado e intermitente e uma rede el\u00e9trica cada vez mais n\u00e3o confi\u00e1vel exigem uma a\u00e7\u00e3o r\u00e1pida e decisiva. Sem uma solu\u00e7\u00e3o imediata, essa situa\u00e7\u00e3o se deteriorar\u00e1 drasticamente em um futuro pr\u00f3ximo&#8221;, diz sua ordem.<\/span><\/p><\/blockquote>\n\n\n\n<div class=\"wp-block-image\"><figure class=\"aligncenter size-large is-resized\"><a href=\"https:\/\/www.instagram.com\/ligadossaborespizzaria\/\"><img loading=\"lazy\" decoding=\"async\" src=\"https:\/\/jornalfatosenoticias.com.br\/wp-content\/uploads\/2024\/09\/WhatsApp-Image-2024-09-14-at-22.46.10-819x1024.jpeg\" alt=\"\" class=\"wp-image-54180\" width=\"306\" height=\"382\" srcset=\"https:\/\/jornalfatosenoticias.com.br\/wp-content\/uploads\/2024\/09\/WhatsApp-Image-2024-09-14-at-22.46.10-819x1024.jpeg 819w, https:\/\/jornalfatosenoticias.com.br\/wp-content\/uploads\/2024\/09\/WhatsApp-Image-2024-09-14-at-22.46.10-240x300.jpeg 240w, https:\/\/jornalfatosenoticias.com.br\/wp-content\/uploads\/2024\/09\/WhatsApp-Image-2024-09-14-at-22.46.10-768x960.jpeg 768w, https:\/\/jornalfatosenoticias.com.br\/wp-content\/uploads\/2024\/09\/WhatsApp-Image-2024-09-14-at-22.46.10.jpeg 1024w\" sizes=\"auto, (max-width: 306px) 100vw, 306px\" \/><\/a><\/figure><\/div>\n\n\n\n<p>Durante seu primeiro mandato (2017-2021), Trump j\u00e1 havia considerado declarar uma emerg\u00eancia energ\u00e9tica sob a Lei Federal de Energia de 1920 para tentar resgatar a ind\u00fastria do carv\u00e3o, mas nunca chegou a faz\u00ea-lo. Antes da posse, membros da equipe de Trump disseram que a emerg\u00eancia energ\u00e9tica lhe permitiria &#8220;desbloquear ferramentas&#8221; para expandir a explora\u00e7\u00e3o de recursos naturais, incluindo perfura\u00e7\u00f5es no Alasca e no Oceano \u00c1rtico, uma iniciativa que Biden tentou impedir durante seu mandato.<\/p>\n\n\n\n<div class=\"wp-block-image\"><figure class=\"aligncenter size-large is-resized\"><a href=\"https:\/\/panper.com.br\/\"><img loading=\"lazy\" decoding=\"async\" src=\"https:\/\/jornalfatosenoticias.com.br\/wp-content\/uploads\/2023\/03\/logo-Panper_portal.jpg\" alt=\"\" class=\"wp-image-40208\" width=\"357\" height=\"247\" srcset=\"https:\/\/jornalfatosenoticias.com.br\/wp-content\/uploads\/2023\/03\/logo-Panper_portal.jpg 400w, https:\/\/jornalfatosenoticias.com.br\/wp-content\/uploads\/2023\/03\/logo-Panper_portal-300x208.jpg 300w\" sizes=\"auto, (max-width: 357px) 100vw, 357px\" \/><\/a><\/figure><\/div>\n\n\n\n<p>Em uma ordem executiva dedicada exclusivamente ao Alasca, o novo presidente americano enfatizou que o estado &#8220;possui um suprimento abundante e em grande medida inexplorado de recursos naturais&#8221;. &#8220;Liberar essa abund\u00e2ncia de riqueza natural aumentar\u00e1 a prosperidade dos nossos cidad\u00e3os e ao mesmo tempo ajudar\u00e1 a melhorar a economia e a seguran\u00e7a nacional da nossa na\u00e7\u00e3o para as gera\u00e7\u00f5es futuras&#8221;, frisou.<\/p>\n\n\n\n<div class=\"wp-block-image\"><figure class=\"aligncenter size-large is-resized\"><a href=\"https:\/\/hotelmarquetti.com.br\/\"><img loading=\"lazy\" decoding=\"async\" src=\"https:\/\/jornalfatosenoticias.com.br\/wp-content\/uploads\/2023\/03\/nova-logo-Marquetti.jpg\" alt=\"\" class=\"wp-image-40207\" width=\"361\" height=\"242\" srcset=\"https:\/\/jornalfatosenoticias.com.br\/wp-content\/uploads\/2023\/03\/nova-logo-Marquetti.jpg 643w, https:\/\/jornalfatosenoticias.com.br\/wp-content\/uploads\/2023\/03\/nova-logo-Marquetti-300x202.jpg 300w\" sizes=\"auto, (max-width: 361px) 100vw, 361px\" \/><\/a><\/figure><\/div>\n\n\n\n<p>Em rela\u00e7\u00e3o a pol\u00edticas ambientais, o presidente tomou outra decis\u00e3o j\u00e1 no primeiro dia de mandato: a sa\u00edda do Acordo Clim\u00e1tico de Paris, an\u00fancio que gerou rea\u00e7\u00e3o da comunidade internacional. A presidente da Comiss\u00e3o Europeia, Ursula Von der Leyen, criticou nesta ter\u00e7a-feira (21) a medida definida pela nova gest\u00e3o republicana. Segundo ela, o Acordo de Paris \u00e9 &#8220;a maior esperan\u00e7a da humanidade&#8221;.<\/p>\n\n\n\n<div class=\"wp-block-image\"><figure class=\"aligncenter size-large is-resized\"><a href=\"https:\/\/www.instagram.com\/rcradiadores\/\"><img loading=\"lazy\" decoding=\"async\" src=\"https:\/\/jornalfatosenoticias.com.br\/wp-content\/uploads\/2022\/10\/RC_800x750_page-0001.jpg\" alt=\"\" class=\"wp-image-35338\" width=\"323\" height=\"303\" srcset=\"https:\/\/jornalfatosenoticias.com.br\/wp-content\/uploads\/2022\/10\/RC_800x750_page-0001.jpg 400w, https:\/\/jornalfatosenoticias.com.br\/wp-content\/uploads\/2022\/10\/RC_800x750_page-0001-300x281.jpg 300w\" sizes=\"auto, (max-width: 323px) 100vw, 323px\" \/><\/a><\/figure><\/div>\n\n\n\n<blockquote class=\"wp-block-quote is-layout-flow wp-block-quote-is-layout-flow\"><p><span class=\"has-inline-color has-luminous-vivid-orange-color\">O Acordo de Paris continua sendo a maior esperan\u00e7a para toda a humanidade. Ent\u00e3o a Europa manter\u00e1 o curso e continuar\u00e1 a trabalhar com todas as na\u00e7\u00f5es que querem proteger a natureza e deter o aquecimento global&#8221;, afirmou Von der Leyen em seu discurso no F\u00f3rum de Davos.<\/span><\/p><\/blockquote>\n\n\n\n<div class=\"wp-block-image\"><figure class=\"aligncenter size-large is-resized\"><a href=\"https:\/\/www.legisjuris.com.br\/\"><img loading=\"lazy\" decoding=\"async\" src=\"https:\/\/jornalfatosenoticias.com.br\/wp-content\/uploads\/2024\/09\/Legis-Juris-Consultoria_logo.jpg\" alt=\"\" class=\"wp-image-53915\" width=\"475\" height=\"199\" srcset=\"https:\/\/jornalfatosenoticias.com.br\/wp-content\/uploads\/2024\/09\/Legis-Juris-Consultoria_logo.jpg 969w, https:\/\/jornalfatosenoticias.com.br\/wp-content\/uploads\/2024\/09\/Legis-Juris-Consultoria_logo-300x126.jpg 300w, https:\/\/jornalfatosenoticias.com.br\/wp-content\/uploads\/2024\/09\/Legis-Juris-Consultoria_logo-768x322.jpg 768w\" sizes=\"auto, (max-width: 475px) 100vw, 475px\" \/><\/a><\/figure><\/div>\n\n\n\n<p><strong><span class=\"has-inline-color has-black-color\">Fim das pol\u00edticas woke impostas pela administra\u00e7\u00e3o Biden<br><\/span><\/strong>Outra \u00e1rea que passar\u00e1 por mudan\u00e7as estruturais durante a administra\u00e7\u00e3o de Donald Trump \u00e9 a da diversidade, equidade e inclus\u00e3o, conhecida pela sigla DEI. O novo presidente dos EUA prometeu acabar com a pol\u00edtica imposta pelo governo Biden que, segundo ele, &#8220;corrompeu as institui\u00e7\u00f5es p\u00fablicas ao substituir o trabalho \u00e1rduo, o m\u00e9rito e a igualdade por uma hierarquia preferencial divisiva e perigosa&#8221;. Com isso, o republicano agora empossado promoveu uma reforma no processo de contrata\u00e7\u00e3o no servi\u00e7o p\u00fablico, restaurando o &#8220;m\u00e9rito&#8221; dos candidatos que disputam vagas no Estado.<\/p>\n\n\n\n<div class=\"wp-block-image\"><figure class=\"aligncenter size-large\"><a href=\"http:\/\/www.ferrarimaquinas.com.br\/\"><img loading=\"lazy\" decoding=\"async\" width=\"300\" height=\"250\" src=\"https:\/\/jornalfatosenoticias.com.br\/wp-content\/uploads\/2022\/02\/FERRARI_MAQUINAS-E-FERRAMENTAS2.jpg\" alt=\"\" class=\"wp-image-27860\"\/><\/a><\/figure><\/div>\n\n\n\n<blockquote class=\"wp-block-quote is-layout-flow wp-block-quote-is-layout-flow\"><p><span class=\"has-inline-color has-luminous-vivid-orange-color\">Os cidad\u00e3os americanos merecem uma for\u00e7a de trabalho federal excelente e eficiente que atraia o mais alto calibre de servidores p\u00fablicos comprometidos em alcan\u00e7ar a liberdade, prosperidade e governo democr\u00e1tico que nossa Constitui\u00e7\u00e3o promove&#8221;, diz um trecho da ordem executiva, assinada nesta segunda-feira. &#8220;As pr\u00e1ticas atuais [do governo Biden] de contrata\u00e7\u00e3o federal s\u00e3o quebradas e ultrapassadas&#8221;, acrescentou.<\/span><\/p><\/blockquote>\n\n\n\n<div class=\"wp-block-image\"><figure class=\"aligncenter size-large\"><a href=\"https:\/\/mizu.com.br\/\"><img loading=\"lazy\" decoding=\"async\" width=\"729\" height=\"90\" src=\"https:\/\/jornalfatosenoticias.com.br\/wp-content\/uploads\/2020\/02\/Logo_Mizu.png\" alt=\"\" class=\"wp-image-1441\" srcset=\"https:\/\/jornalfatosenoticias.com.br\/wp-content\/uploads\/2020\/02\/Logo_Mizu.png 729w, https:\/\/jornalfatosenoticias.com.br\/wp-content\/uploads\/2020\/02\/Logo_Mizu-300x37.png 300w\" sizes=\"auto, (max-width: 729px) 100vw, 729px\" \/><\/a><\/figure><\/div>\n\n\n\n<p>A media convoca membros do gabinete de Trump, incluindo o Departamento de Efici\u00eancia Governamental (DOGE), liderado por Elon Musk, a apresentar plano para mudan\u00e7as nas regras de recrutamento que &#8220;renove a for\u00e7a de trabalho federal para selecionar apenas americanos altamente qualificados e dedicados \u00e0 promo\u00e7\u00e3o dos ideais, valores e interesses americanos&#8221;.<\/p>\n\n\n\n<div class=\"wp-block-image\"><figure class=\"aligncenter size-large is-resized\"><a href=\"https:\/\/www.controlsystems.com.br\/\"><img loading=\"lazy\" decoding=\"async\" src=\"https:\/\/jornalfatosenoticias.com.br\/wp-content\/uploads\/2020\/02\/CONTROL-CS.jpg\" alt=\"\" class=\"wp-image-44991\" width=\"295\" height=\"354\" srcset=\"https:\/\/jornalfatosenoticias.com.br\/wp-content\/uploads\/2020\/02\/CONTROL-CS.jpg 834w, https:\/\/jornalfatosenoticias.com.br\/wp-content\/uploads\/2020\/02\/CONTROL-CS-250x300.jpg 250w, https:\/\/jornalfatosenoticias.com.br\/wp-content\/uploads\/2020\/02\/CONTROL-CS-768x921.jpg 768w\" sizes=\"auto, (max-width: 295px) 100vw, 295px\" \/><\/a><\/figure><\/div>\n\n\n\n<p><strong><span class=\"has-inline-color has-black-color\">Cria\u00e7\u00e3o do Departamento de Defici\u00eancia Governamental (DOGE)<br><\/span><\/strong>Ainda nesta segunda-feira, Trump assinou decreto para implementar o Departamento de Defici\u00eancia Governamental (DOGE, na sigla em ingl\u00eas), que ser\u00e1 liderado por Elon Musk para elaborar um plano de corte de gastos na administra\u00e7\u00e3o da Casa Branca.<\/p>\n\n\n\n<div class=\"wp-block-image\"><figure class=\"aligncenter size-large is-resized\"><a href=\"https:\/\/www.instagram.com\/vmais.midias\/\"><img loading=\"lazy\" decoding=\"async\" src=\"https:\/\/jornalfatosenoticias.com.br\/wp-content\/uploads\/2020\/02\/DE-MAIS-DESTAQUE-VMAIS-800X700.png\" alt=\"\" class=\"wp-image-53112\" width=\"306\" height=\"267\" srcset=\"https:\/\/jornalfatosenoticias.com.br\/wp-content\/uploads\/2020\/02\/DE-MAIS-DESTAQUE-VMAIS-800X700.png 800w, https:\/\/jornalfatosenoticias.com.br\/wp-content\/uploads\/2020\/02\/DE-MAIS-DESTAQUE-VMAIS-800X700-300x263.png 300w, https:\/\/jornalfatosenoticias.com.br\/wp-content\/uploads\/2020\/02\/DE-MAIS-DESTAQUE-VMAIS-800X700-768x672.png 768w\" sizes=\"auto, (max-width: 306px) 100vw, 306px\" \/><\/a><\/figure><\/div>\n\n\n\n<p>Inicialmente, Vivek Ramaswamy, que foi pr\u00e9-candidato \u00e0 presid\u00eancia pelo Partido Republicano, chefiaria ao lado de Musk o departamento ligado a Trump. No entanto, nesta segunda, o empres\u00e1rio informou que estava deixando o projeto e logo mais divulgaria informa\u00e7\u00f5es sobre seu futuro. A emissora Fox News afirmou que Ramaswamy sinalizou o interesse de concorrer ao governo de Ohio no pr\u00f3ximo ano, o que pode explicar sua desist\u00eancia em compor a gest\u00e3o de Trump.<\/p>\n\n\n\n<div class=\"wp-block-image\"><figure class=\"aligncenter size-large\"><a href=\"https:\/\/www.facebook.com\/vetor.vix\/\"><img loading=\"lazy\" decoding=\"async\" width=\"1024\" height=\"273\" src=\"https:\/\/jornalfatosenoticias.com.br\/wp-content\/uploads\/2023\/09\/vetorvix1024_1.jpg\" alt=\"\" class=\"wp-image-44868\" srcset=\"https:\/\/jornalfatosenoticias.com.br\/wp-content\/uploads\/2023\/09\/vetorvix1024_1.jpg 1024w, https:\/\/jornalfatosenoticias.com.br\/wp-content\/uploads\/2023\/09\/vetorvix1024_1-300x80.jpg 300w, https:\/\/jornalfatosenoticias.com.br\/wp-content\/uploads\/2023\/09\/vetorvix1024_1-768x205.jpg 768w\" sizes=\"auto, (max-width: 1024px) 100vw, 1024px\" \/><\/a><\/figure><\/div>\n\n\n\n<p><strong><span class=\"has-inline-color has-black-color\">Suspens\u00e3o de san\u00e7\u00f5es contra colonos da Cisjord\u00e2nia<br><\/span><\/strong>O presidente dos Estados Unidos, Donald Trump, tamb\u00e9m assinou uma ordem executiva suspendendo as san\u00e7\u00f5es impostas pela administra\u00e7\u00e3o anterior aos grupos de colonos israelenses na Cisjord\u00e2nia. A ordem executiva, conforme relatado no site da Casa Branca, reverte a ordem 14115 de 1.\u00ba de fevereiro de 2024, que imp\u00f4s san\u00e7\u00f5es a indiv\u00edduos e organiza\u00e7\u00f5es que &#8220;comprometem a paz, a seguran\u00e7a e a estabilidade na Cisjord\u00e2nia&#8221;.<\/p>\n\n\n\n<div class=\"wp-block-image\"><figure class=\"aligncenter size-large\"><a href=\"https:\/\/cesconetto.com.br\/\"><img loading=\"lazy\" decoding=\"async\" width=\"300\" height=\"250\" src=\"https:\/\/jornalfatosenoticias.com.br\/wp-content\/uploads\/2022\/02\/Banner-2.png\" alt=\"\" class=\"wp-image-27877\"\/><\/a><\/figure><\/div>\n\n\n\n<p>Esta decis\u00e3o sobre os colonos da Cisjord\u00e2nia est\u00e1 inclu\u00edda em um grande pacote de v\u00e1rias dezenas de a\u00e7\u00f5es executivas assinadas por Donald Trump em seu primeiro dia de trabalho como presidente, sob o t\u00edtulo &#8220;Revoga\u00e7\u00f5es Iniciais de Ordens e A\u00e7\u00f5es Executivas Prejudiciais&#8221;.<\/p>\n\n\n\n<p><strong><em>Fonte: <a href=\"https:\/\/www.gazetadopovo.com.br\/mundo\/fim-cidadania-por-nascimento-combate-agenda-woke-veja-decretos-as-trump\/\">Gazeta do Povo<\/a><\/em><\/strong><\/p>\n","protected":false},"excerpt":{"rendered":"<p>Retrato de Trump exibido na National Portrait Gallery, em Washington, por ocasi\u00e3o de sua posse Por Isabella de Paula Como prometido, Donald Trump assinou dezenas de ordens executivas j\u00e1 nas primeiras horas de seu mandato como presidente dos Estados Unidos. Entre elas est\u00e3o medidas duras contra a imigra\u00e7\u00e3o ilegal, cart\u00e9is de drogas, al\u00e9m de incentivos [&hellip;]<\/p>\n","protected":false},"author":2,"featured_media":56984,"comment_status":"open","ping_status":"open","sticky":false,"template":"","format":"standard","meta":{"footnotes":""},"categories":[41],"tags":[5043,2147,159,11404,7703,736,4906],"class_list":["post-56983","post","type-post","status-publish","format-standard","has-post-thumbnail","hentry","category-internacional","tag-cuba","tag-donald-trump","tag-eua","tag-imigracao","tag-joe-biden","tag-petroleo","tag-terrorismo"],"yoast_head":"<!-- This site is optimized with the Yoast SEO plugin v26.5 - https:\/\/yoast.com\/wordpress\/plugins\/seo\/ -->\n<title>Fim da cidadania por nascimento e combate \u00e0 agenda woke: veja decretos assinados por Trump - Jornal Fatos e Not\u00edcias<\/title>\n<meta name=\"robots\" content=\"index, follow, max-snippet:-1, max-image-preview:large, max-video-preview:-1\" \/>\n<link rel=\"canonical\" href=\"https:\/\/jornalfatosenoticias.com.br\/index.php\/2025\/01\/21\/fim-da-cidadania-por-nascimento-e-combate-a-agenda-woke-veja-decretos-assinados-por-trump\/\" \/>\n<meta property=\"og:locale\" content=\"pt_BR\" \/>\n<meta property=\"og:type\" content=\"article\" \/>\n<meta property=\"og:title\" content=\"Fim da cidadania por nascimento e combate \u00e0 agenda woke: veja decretos assinados por Trump - Jornal Fatos e Not\u00edcias\" \/>\n<meta property=\"og:description\" content=\"Retrato de Trump exibido na National Portrait Gallery, em Washington, por ocasi\u00e3o de sua posse Por Isabella de Paula Como prometido, Donald Trump assinou dezenas de ordens executivas j\u00e1 nas primeiras horas de seu mandato como presidente dos Estados Unidos. Entre elas est\u00e3o medidas duras contra a imigra\u00e7\u00e3o ilegal, cart\u00e9is de drogas, al\u00e9m de incentivos [&hellip;]\" \/>\n<meta property=\"og:url\" content=\"https:\/\/jornalfatosenoticias.com.br\/index.php\/2025\/01\/21\/fim-da-cidadania-por-nascimento-e-combate-a-agenda-woke-veja-decretos-assinados-por-trump\/\" \/>\n<meta property=\"og:site_name\" content=\"Jornal Fatos e Not\u00edcias\" \/>\n<meta property=\"article:published_time\" content=\"2025-01-21T17:33:33+00:00\" \/>\n<meta property=\"article:modified_time\" content=\"2025-01-21T17:33:34+00:00\" \/>\n<meta property=\"og:image\" content=\"https:\/\/jornalfatosenoticias.com.br\/wp-content\/uploads\/2025\/01\/retrato-Trump.jpg\" \/>\n\t<meta property=\"og:image:width\" content=\"1000\" \/>\n\t<meta property=\"og:image:height\" content=\"654\" \/>\n\t<meta property=\"og:image:type\" content=\"image\/jpeg\" \/>\n<meta name=\"author\" content=\"Luzimara Fernandes\" \/>\n<meta name=\"twitter:card\" content=\"summary_large_image\" \/>\n<meta name=\"twitter:label1\" content=\"Escrito por\" \/>\n\t<meta name=\"twitter:data1\" content=\"Luzimara Fernandes\" \/>\n\t<meta name=\"twitter:label2\" content=\"Est. tempo de leitura\" \/>\n\t<meta name=\"twitter:data2\" content=\"8 minutos\" \/>\n<script type=\"application\/ld+json\" class=\"yoast-schema-graph\">{\"@context\":\"https:\/\/schema.org\",\"@graph\":[{\"@type\":\"Article\",\"@id\":\"https:\/\/jornalfatosenoticias.com.br\/index.php\/2025\/01\/21\/fim-da-cidadania-por-nascimento-e-combate-a-agenda-woke-veja-decretos-assinados-por-trump\/#article\",\"isPartOf\":{\"@id\":\"https:\/\/jornalfatosenoticias.com.br\/index.php\/2025\/01\/21\/fim-da-cidadania-por-nascimento-e-combate-a-agenda-woke-veja-decretos-assinados-por-trump\/\"},\"author\":{\"name\":\"Luzimara Fernandes\",\"@id\":\"https:\/\/jornalfatosenoticias.com.br\/#\/schema\/person\/d63837fa13ac8666eb9e74e0985d6f81\"},\"headline\":\"Fim da cidadania por nascimento e combate \u00e0 agenda woke: veja decretos assinados por Trump\",\"datePublished\":\"2025-01-21T17:33:33+00:00\",\"dateModified\":\"2025-01-21T17:33:34+00:00\",\"mainEntityOfPage\":{\"@id\":\"https:\/\/jornalfatosenoticias.com.br\/index.php\/2025\/01\/21\/fim-da-cidadania-por-nascimento-e-combate-a-agenda-woke-veja-decretos-assinados-por-trump\/\"},\"wordCount\":1668,\"commentCount\":0,\"publisher\":{\"@id\":\"https:\/\/jornalfatosenoticias.com.br\/#organization\"},\"image\":{\"@id\":\"https:\/\/jornalfatosenoticias.com.br\/index.php\/2025\/01\/21\/fim-da-cidadania-por-nascimento-e-combate-a-agenda-woke-veja-decretos-assinados-por-trump\/#primaryimage\"},\"thumbnailUrl\":\"https:\/\/jornalfatosenoticias.com.br\/wp-content\/uploads\/2025\/01\/retrato-Trump.jpg\",\"keywords\":[\"Cuba\",\"Donald Trump\",\"EUA\",\"imigra\u00e7\u00e3o\",\"Joe Biden\",\"petr\u00f3leo\",\"terrorismo\"],\"articleSection\":[\"Internacional\"],\"inLanguage\":\"pt-BR\",\"potentialAction\":[{\"@type\":\"CommentAction\",\"name\":\"Comment\",\"target\":[\"https:\/\/jornalfatosenoticias.com.br\/index.php\/2025\/01\/21\/fim-da-cidadania-por-nascimento-e-combate-a-agenda-woke-veja-decretos-assinados-por-trump\/#respond\"]}]},{\"@type\":\"WebPage\",\"@id\":\"https:\/\/jornalfatosenoticias.com.br\/index.php\/2025\/01\/21\/fim-da-cidadania-por-nascimento-e-combate-a-agenda-woke-veja-decretos-assinados-por-trump\/\",\"url\":\"https:\/\/jornalfatosenoticias.com.br\/index.php\/2025\/01\/21\/fim-da-cidadania-por-nascimento-e-combate-a-agenda-woke-veja-decretos-assinados-por-trump\/\",\"name\":\"Fim da cidadania por nascimento e combate \u00e0 agenda woke: veja decretos assinados por Trump - Jornal Fatos e Not\u00edcias\",\"isPartOf\":{\"@id\":\"https:\/\/jornalfatosenoticias.com.br\/#website\"},\"primaryImageOfPage\":{\"@id\":\"https:\/\/jornalfatosenoticias.com.br\/index.php\/2025\/01\/21\/fim-da-cidadania-por-nascimento-e-combate-a-agenda-woke-veja-decretos-assinados-por-trump\/#primaryimage\"},\"image\":{\"@id\":\"https:\/\/jornalfatosenoticias.com.br\/index.php\/2025\/01\/21\/fim-da-cidadania-por-nascimento-e-combate-a-agenda-woke-veja-decretos-assinados-por-trump\/#primaryimage\"},\"thumbnailUrl\":\"https:\/\/jornalfatosenoticias.com.br\/wp-content\/uploads\/2025\/01\/retrato-Trump.jpg\",\"datePublished\":\"2025-01-21T17:33:33+00:00\",\"dateModified\":\"2025-01-21T17:33:34+00:00\",\"breadcrumb\":{\"@id\":\"https:\/\/jornalfatosenoticias.com.br\/index.php\/2025\/01\/21\/fim-da-cidadania-por-nascimento-e-combate-a-agenda-woke-veja-decretos-assinados-por-trump\/#breadcrumb\"},\"inLanguage\":\"pt-BR\",\"potentialAction\":[{\"@type\":\"ReadAction\",\"target\":[\"https:\/\/jornalfatosenoticias.com.br\/index.php\/2025\/01\/21\/fim-da-cidadania-por-nascimento-e-combate-a-agenda-woke-veja-decretos-assinados-por-trump\/\"]}]},{\"@type\":\"ImageObject\",\"inLanguage\":\"pt-BR\",\"@id\":\"https:\/\/jornalfatosenoticias.com.br\/index.php\/2025\/01\/21\/fim-da-cidadania-por-nascimento-e-combate-a-agenda-woke-veja-decretos-assinados-por-trump\/#primaryimage\",\"url\":\"https:\/\/jornalfatosenoticias.com.br\/wp-content\/uploads\/2025\/01\/retrato-Trump.jpg\",\"contentUrl\":\"https:\/\/jornalfatosenoticias.com.br\/wp-content\/uploads\/2025\/01\/retrato-Trump.jpg\",\"width\":1000,\"height\":654},{\"@type\":\"BreadcrumbList\",\"@id\":\"https:\/\/jornalfatosenoticias.com.br\/index.php\/2025\/01\/21\/fim-da-cidadania-por-nascimento-e-combate-a-agenda-woke-veja-decretos-assinados-por-trump\/#breadcrumb\",\"itemListElement\":[{\"@type\":\"ListItem\",\"position\":1,\"name\":\"In\u00edcio\",\"item\":\"https:\/\/jornalfatosenoticias.com.br\/\"},{\"@type\":\"ListItem\",\"position\":2,\"name\":\"Fim da cidadania por nascimento e combate \u00e0 agenda woke: veja decretos assinados por Trump\"}]},{\"@type\":\"WebSite\",\"@id\":\"https:\/\/jornalfatosenoticias.com.br\/#website\",\"url\":\"https:\/\/jornalfatosenoticias.com.br\/\",\"name\":\"Jornal Fatos e Not\u00edcias\",\"description\":\"Not\u00edcias em geral\",\"publisher\":{\"@id\":\"https:\/\/jornalfatosenoticias.com.br\/#organization\"},\"potentialAction\":[{\"@type\":\"SearchAction\",\"target\":{\"@type\":\"EntryPoint\",\"urlTemplate\":\"https:\/\/jornalfatosenoticias.com.br\/?s={search_term_string}\"},\"query-input\":{\"@type\":\"PropertyValueSpecification\",\"valueRequired\":true,\"valueName\":\"search_term_string\"}}],\"inLanguage\":\"pt-BR\"},{\"@type\":\"Organization\",\"@id\":\"https:\/\/jornalfatosenoticias.com.br\/#organization\",\"name\":\"Jornal Fatos e Not\u00edcias\",\"url\":\"https:\/\/jornalfatosenoticias.com.br\/\",\"logo\":{\"@type\":\"ImageObject\",\"inLanguage\":\"pt-BR\",\"@id\":\"https:\/\/jornalfatosenoticias.com.br\/#\/schema\/logo\/image\/\",\"url\":\"https:\/\/jornalfatosenoticias.com.br\/wp-content\/uploads\/2020\/02\/logo120.png\",\"contentUrl\":\"https:\/\/jornalfatosenoticias.com.br\/wp-content\/uploads\/2020\/02\/logo120.png\",\"width\":1227,\"height\":120,\"caption\":\"Jornal Fatos e Not\u00edcias\"},\"image\":{\"@id\":\"https:\/\/jornalfatosenoticias.com.br\/#\/schema\/logo\/image\/\"}},{\"@type\":\"Person\",\"@id\":\"https:\/\/jornalfatosenoticias.com.br\/#\/schema\/person\/d63837fa13ac8666eb9e74e0985d6f81\",\"name\":\"Luzimara Fernandes\",\"image\":{\"@type\":\"ImageObject\",\"inLanguage\":\"pt-BR\",\"@id\":\"https:\/\/jornalfatosenoticias.com.br\/#\/schema\/person\/image\/\",\"url\":\"https:\/\/jornalfatosenoticias.com.br\/wp-content\/uploads\/2025\/05\/EU_portal.jpg\",\"contentUrl\":\"https:\/\/jornalfatosenoticias.com.br\/wp-content\/uploads\/2025\/05\/EU_portal.jpg\",\"caption\":\"Luzimara Fernandes\"},\"description\":\"Jornalista MTB 2358-ES\",\"sameAs\":[\"https:\/\/jornalfatosenoticias.com.br\"],\"url\":\"https:\/\/jornalfatosenoticias.com.br\/index.php\/author\/luzimara\/\"}]}<\/script>\n<!-- \/ Yoast SEO plugin. -->","yoast_head_json":{"title":"Fim da cidadania por nascimento e combate \u00e0 agenda woke: veja decretos assinados por Trump - Jornal Fatos e Not\u00edcias","robots":{"index":"index","follow":"follow","max-snippet":"max-snippet:-1","max-image-preview":"max-image-preview:large","max-video-preview":"max-video-preview:-1"},"canonical":"https:\/\/jornalfatosenoticias.com.br\/index.php\/2025\/01\/21\/fim-da-cidadania-por-nascimento-e-combate-a-agenda-woke-veja-decretos-assinados-por-trump\/","og_locale":"pt_BR","og_type":"article","og_title":"Fim da cidadania por nascimento e combate \u00e0 agenda woke: veja decretos assinados por Trump - Jornal Fatos e Not\u00edcias","og_description":"Retrato de Trump exibido na National Portrait Gallery, em Washington, por ocasi\u00e3o de sua posse Por Isabella de Paula Como prometido, Donald Trump assinou dezenas de ordens executivas j\u00e1 nas primeiras horas de seu mandato como presidente dos Estados Unidos. Entre elas est\u00e3o medidas duras contra a imigra\u00e7\u00e3o ilegal, cart\u00e9is de drogas, al\u00e9m de incentivos [&hellip;]","og_url":"https:\/\/jornalfatosenoticias.com.br\/index.php\/2025\/01\/21\/fim-da-cidadania-por-nascimento-e-combate-a-agenda-woke-veja-decretos-assinados-por-trump\/","og_site_name":"Jornal Fatos e Not\u00edcias","article_published_time":"2025-01-21T17:33:33+00:00","article_modified_time":"2025-01-21T17:33:34+00:00","og_image":[{"width":1000,"height":654,"url":"https:\/\/jornalfatosenoticias.com.br\/wp-content\/uploads\/2025\/01\/retrato-Trump.jpg","type":"image\/jpeg"}],"author":"Luzimara Fernandes","twitter_card":"summary_large_image","twitter_misc":{"Escrito por":"Luzimara Fernandes","Est. tempo de leitura":"8 minutos"},"schema":{"@context":"https:\/\/schema.org","@graph":[{"@type":"Article","@id":"https:\/\/jornalfatosenoticias.com.br\/index.php\/2025\/01\/21\/fim-da-cidadania-por-nascimento-e-combate-a-agenda-woke-veja-decretos-assinados-por-trump\/#article","isPartOf":{"@id":"https:\/\/jornalfatosenoticias.com.br\/index.php\/2025\/01\/21\/fim-da-cidadania-por-nascimento-e-combate-a-agenda-woke-veja-decretos-assinados-por-trump\/"},"author":{"name":"Luzimara Fernandes","@id":"https:\/\/jornalfatosenoticias.com.br\/#\/schema\/person\/d63837fa13ac8666eb9e74e0985d6f81"},"headline":"Fim da cidadania por nascimento e combate \u00e0 agenda woke: veja decretos assinados por Trump","datePublished":"2025-01-21T17:33:33+00:00","dateModified":"2025-01-21T17:33:34+00:00","mainEntityOfPage":{"@id":"https:\/\/jornalfatosenoticias.com.br\/index.php\/2025\/01\/21\/fim-da-cidadania-por-nascimento-e-combate-a-agenda-woke-veja-decretos-assinados-por-trump\/"},"wordCount":1668,"commentCount":0,"publisher":{"@id":"https:\/\/jornalfatosenoticias.com.br\/#organization"},"image":{"@id":"https:\/\/jornalfatosenoticias.com.br\/index.php\/2025\/01\/21\/fim-da-cidadania-por-nascimento-e-combate-a-agenda-woke-veja-decretos-assinados-por-trump\/#primaryimage"},"thumbnailUrl":"https:\/\/jornalfatosenoticias.com.br\/wp-content\/uploads\/2025\/01\/retrato-Trump.jpg","keywords":["Cuba","Donald Trump","EUA","imigra\u00e7\u00e3o","Joe Biden","petr\u00f3leo","terrorismo"],"articleSection":["Internacional"],"inLanguage":"pt-BR","potentialAction":[{"@type":"CommentAction","name":"Comment","target":["https:\/\/jornalfatosenoticias.com.br\/index.php\/2025\/01\/21\/fim-da-cidadania-por-nascimento-e-combate-a-agenda-woke-veja-decretos-assinados-por-trump\/#respond"]}]},{"@type":"WebPage","@id":"https:\/\/jornalfatosenoticias.com.br\/index.php\/2025\/01\/21\/fim-da-cidadania-por-nascimento-e-combate-a-agenda-woke-veja-decretos-assinados-por-trump\/","url":"https:\/\/jornalfatosenoticias.com.br\/index.php\/2025\/01\/21\/fim-da-cidadania-por-nascimento-e-combate-a-agenda-woke-veja-decretos-assinados-por-trump\/","name":"Fim da cidadania por nascimento e combate \u00e0 agenda woke: veja decretos assinados por Trump - Jornal Fatos e Not\u00edcias","isPartOf":{"@id":"https:\/\/jornalfatosenoticias.com.br\/#website"},"primaryImageOfPage":{"@id":"https:\/\/jornalfatosenoticias.com.br\/index.php\/2025\/01\/21\/fim-da-cidadania-por-nascimento-e-combate-a-agenda-woke-veja-decretos-assinados-por-trump\/#primaryimage"},"image":{"@id":"https:\/\/jornalfatosenoticias.com.br\/index.php\/2025\/01\/21\/fim-da-cidadania-por-nascimento-e-combate-a-agenda-woke-veja-decretos-assinados-por-trump\/#primaryimage"},"thumbnailUrl":"https:\/\/jornalfatosenoticias.com.br\/wp-content\/uploads\/2025\/01\/retrato-Trump.jpg","datePublished":"2025-01-21T17:33:33+00:00","dateModified":"2025-01-21T17:33:34+00:00","breadcrumb":{"@id":"https:\/\/jornalfatosenoticias.com.br\/index.php\/2025\/01\/21\/fim-da-cidadania-por-nascimento-e-combate-a-agenda-woke-veja-decretos-assinados-por-trump\/#breadcrumb"},"inLanguage":"pt-BR","potentialAction":[{"@type":"ReadAction","target":["https:\/\/jornalfatosenoticias.com.br\/index.php\/2025\/01\/21\/fim-da-cidadania-por-nascimento-e-combate-a-agenda-woke-veja-decretos-assinados-por-trump\/"]}]},{"@type":"ImageObject","inLanguage":"pt-BR","@id":"https:\/\/jornalfatosenoticias.com.br\/index.php\/2025\/01\/21\/fim-da-cidadania-por-nascimento-e-combate-a-agenda-woke-veja-decretos-assinados-por-trump\/#primaryimage","url":"https:\/\/jornalfatosenoticias.com.br\/wp-content\/uploads\/2025\/01\/retrato-Trump.jpg","contentUrl":"https:\/\/jornalfatosenoticias.com.br\/wp-content\/uploads\/2025\/01\/retrato-Trump.jpg","width":1000,"height":654},{"@type":"BreadcrumbList","@id":"https:\/\/jornalfatosenoticias.com.br\/index.php\/2025\/01\/21\/fim-da-cidadania-por-nascimento-e-combate-a-agenda-woke-veja-decretos-assinados-por-trump\/#breadcrumb","itemListElement":[{"@type":"ListItem","position":1,"name":"In\u00edcio","item":"https:\/\/jornalfatosenoticias.com.br\/"},{"@type":"ListItem","position":2,"name":"Fim da cidadania por nascimento e combate \u00e0 agenda woke: veja decretos assinados por Trump"}]},{"@type":"WebSite","@id":"https:\/\/jornalfatosenoticias.com.br\/#website","url":"https:\/\/jornalfatosenoticias.com.br\/","name":"Jornal Fatos e Not\u00edcias","description":"Not\u00edcias em geral","publisher":{"@id":"https:\/\/jornalfatosenoticias.com.br\/#organization"},"potentialAction":[{"@type":"SearchAction","target":{"@type":"EntryPoint","urlTemplate":"https:\/\/jornalfatosenoticias.com.br\/?s={search_term_string}"},"query-input":{"@type":"PropertyValueSpecification","valueRequired":true,"valueName":"search_term_string"}}],"inLanguage":"pt-BR"},{"@type":"Organization","@id":"https:\/\/jornalfatosenoticias.com.br\/#organization","name":"Jornal Fatos e Not\u00edcias","url":"https:\/\/jornalfatosenoticias.com.br\/","logo":{"@type":"ImageObject","inLanguage":"pt-BR","@id":"https:\/\/jornalfatosenoticias.com.br\/#\/schema\/logo\/image\/","url":"https:\/\/jornalfatosenoticias.com.br\/wp-content\/uploads\/2020\/02\/logo120.png","contentUrl":"https:\/\/jornalfatosenoticias.com.br\/wp-content\/uploads\/2020\/02\/logo120.png","width":1227,"height":120,"caption":"Jornal Fatos e Not\u00edcias"},"image":{"@id":"https:\/\/jornalfatosenoticias.com.br\/#\/schema\/logo\/image\/"}},{"@type":"Person","@id":"https:\/\/jornalfatosenoticias.com.br\/#\/schema\/person\/d63837fa13ac8666eb9e74e0985d6f81","name":"Luzimara Fernandes","image":{"@type":"ImageObject","inLanguage":"pt-BR","@id":"https:\/\/jornalfatosenoticias.com.br\/#\/schema\/person\/image\/","url":"https:\/\/jornalfatosenoticias.com.br\/wp-content\/uploads\/2025\/05\/EU_portal.jpg","contentUrl":"https:\/\/jornalfatosenoticias.com.br\/wp-content\/uploads\/2025\/05\/EU_portal.jpg","caption":"Luzimara Fernandes"},"description":"Jornalista MTB 2358-ES","sameAs":["https:\/\/jornalfatosenoticias.com.br"],"url":"https:\/\/jornalfatosenoticias.com.br\/index.php\/author\/luzimara\/"}]}},"cc_featured_image_caption":{"caption_text":"(Foto: Gazeta do Povo)","source_text":"","source_url":""},"jetpack_featured_media_url":"https:\/\/jornalfatosenoticias.com.br\/wp-content\/uploads\/2025\/01\/retrato-Trump.jpg","_links":{"self":[{"href":"https:\/\/jornalfatosenoticias.com.br\/index.php\/wp-json\/wp\/v2\/posts\/56983","targetHints":{"allow":["GET"]}}],"collection":[{"href":"https:\/\/jornalfatosenoticias.com.br\/index.php\/wp-json\/wp\/v2\/posts"}],"about":[{"href":"https:\/\/jornalfatosenoticias.com.br\/index.php\/wp-json\/wp\/v2\/types\/post"}],"author":[{"embeddable":true,"href":"https:\/\/jornalfatosenoticias.com.br\/index.php\/wp-json\/wp\/v2\/users\/2"}],"replies":[{"embeddable":true,"href":"https:\/\/jornalfatosenoticias.com.br\/index.php\/wp-json\/wp\/v2\/comments?post=56983"}],"version-history":[{"count":0,"href":"https:\/\/jornalfatosenoticias.com.br\/index.php\/wp-json\/wp\/v2\/posts\/56983\/revisions"}],"wp:featuredmedia":[{"embeddable":true,"href":"https:\/\/jornalfatosenoticias.com.br\/index.php\/wp-json\/wp\/v2\/media\/56984"}],"wp:attachment":[{"href":"https:\/\/jornalfatosenoticias.com.br\/index.php\/wp-json\/wp\/v2\/media?parent=56983"}],"wp:term":[{"taxonomy":"category","embeddable":true,"href":"https:\/\/jornalfatosenoticias.com.br\/index.php\/wp-json\/wp\/v2\/categories?post=56983"},{"taxonomy":"post_tag","embeddable":true,"href":"https:\/\/jornalfatosenoticias.com.br\/index.php\/wp-json\/wp\/v2\/tags?post=56983"}],"curies":[{"name":"wp","href":"https:\/\/api.w.org\/{rel}","templated":true}]}}