{"id":57000,"date":"2025-01-22T10:16:13","date_gmt":"2025-01-22T13:16:13","guid":{"rendered":"https:\/\/jornalfatosenoticias.com.br\/?p=57000"},"modified":"2025-01-22T10:16:14","modified_gmt":"2025-01-22T13:16:14","slug":"um-dos-mais-espetaculares-alinhamentos-planetarios-esta-prestes-a-acontecer","status":"publish","type":"post","link":"https:\/\/jornalfatosenoticias.com.br\/index.php\/2025\/01\/22\/um-dos-mais-espetaculares-alinhamentos-planetarios-esta-prestes-a-acontecer\/","title":{"rendered":"Um dos mais espetaculares alinhamentos planet\u00e1rios est\u00e1 prestes a acontecer"},"content":{"rendered":"\n<p><em><span class=\"has-inline-color has-black-color\">&#8220;Desfile&#8221; de sete planetas no firmamento noturno ser\u00e1 uma das maiores atra\u00e7\u00f5es astron\u00f4micas de 2025<\/span><\/em><\/p>\n\n\n\n<div class=\"wp-block-image\"><figure class=\"aligncenter size-large\"><a href=\"https:\/\/mizu.com.br\/\"><img loading=\"lazy\" decoding=\"async\" width=\"729\" height=\"90\" src=\"https:\/\/jornalfatosenoticias.com.br\/wp-content\/uploads\/2020\/02\/Logo_Mizu.png\" alt=\"\" class=\"wp-image-1441\" srcset=\"https:\/\/jornalfatosenoticias.com.br\/wp-content\/uploads\/2020\/02\/Logo_Mizu.png 729w, https:\/\/jornalfatosenoticias.com.br\/wp-content\/uploads\/2020\/02\/Logo_Mizu-300x37.png 300w\" sizes=\"auto, (max-width: 729px) 100vw, 729px\" \/><\/a><\/figure><\/div>\n\n\n\n<p>O universo nos reserva um espet\u00e1culo extraordin\u00e1rio para 2025: um alinhamento planet\u00e1rio que n\u00e3o veremos novamente por quase meio mil\u00eanio. No dia 28 de fevereiro, os sete planetas vis\u00edveis do Sistema Solar se reunir\u00e3o em uma forma\u00e7\u00e3o \u00fanica, fen\u00f4meno que s\u00f3 se repetir\u00e1 no ano de 2492.<br>Segundo os especialistas, o alinhamento n\u00e3o \u00e9 exatamente um fen\u00f4meno astron\u00f4mico, mas sim um efeito visual. Isso porque os planetas n\u00e3o est\u00e3o realmente alinhados, mas da perspectiva terrestre, eles parecer\u00e3o distribu\u00eddos ao longo de uma linha imagin\u00e1ria no c\u00e9u.<\/p>\n\n\n\n<div class=\"wp-block-image\"><figure class=\"aligncenter size-large is-resized\"><a href=\"https:\/\/www.controlsystems.com.br\/\"><img loading=\"lazy\" decoding=\"async\" src=\"https:\/\/jornalfatosenoticias.com.br\/wp-content\/uploads\/2020\/02\/CONTROL-CS.jpg\" alt=\"\" class=\"wp-image-44991\" width=\"311\" height=\"373\" srcset=\"https:\/\/jornalfatosenoticias.com.br\/wp-content\/uploads\/2020\/02\/CONTROL-CS.jpg 834w, https:\/\/jornalfatosenoticias.com.br\/wp-content\/uploads\/2020\/02\/CONTROL-CS-250x300.jpg 250w, https:\/\/jornalfatosenoticias.com.br\/wp-content\/uploads\/2020\/02\/CONTROL-CS-768x921.jpg 768w\" sizes=\"auto, (max-width: 311px) 100vw, 311px\" \/><\/a><\/figure><\/div>\n\n\n\n<p><strong><span class=\"has-inline-color has-black-color\">Hor\u00e1rio:<\/span><\/strong> o alinhamento ser\u00e1 mais vis\u00edvel ap\u00f3s o p\u00f4r do sol. \u00c9 recomend\u00e1vel iniciar as observa\u00e7\u00f5es cerca de uma hora ap\u00f3s o crep\u00fasculo.<br><strong><span class=\"has-inline-color has-black-color\">Localiza\u00e7\u00e3o no c\u00e9u: <\/span><span style=\"text-decoration: underline;\">Merc\u00fario e V\u00eanus<\/span><\/strong> estar\u00e3o pr\u00f3ximos ao horizonte oeste, vis\u00edveis logo ap\u00f3s o p\u00f4r do sol.<br><strong><span style=\"text-decoration: underline;\">Marte e J\u00fapiter<\/span><\/strong> estar\u00e3o localizados mais altos no c\u00e9u e ser\u00e3o mais f\u00e1ceis de identificar. <span style=\"text-decoration: underline;\"><strong>Saturno<\/strong><\/span> tamb\u00e9m estar\u00e1 vis\u00edvel no horizonte oeste, pr\u00f3ximo a V\u00eanus. <span style=\"text-decoration: underline;\"><strong>Urano e Netuno<\/strong><\/span> estar\u00e3o situados mais distantes e menos brilhantes, n\u00e3o ser\u00e3o vis\u00edveis a olho nu; ser\u00e1 necess\u00e1rio o uso de telesc\u00f3pios ou bin\u00f3culos de alta pot\u00eancia para observ\u00e1-los.<\/p>\n\n\n\n<div class=\"wp-block-image\"><figure class=\"aligncenter size-large\"><a href=\"http:\/\/www.ferrarimaquinas.com.br\/\"><img loading=\"lazy\" decoding=\"async\" width=\"300\" height=\"250\" src=\"https:\/\/jornalfatosenoticias.com.br\/wp-content\/uploads\/2022\/02\/FERRARI_MAQUINAS-E-FERRAMENTAS2.jpg\" alt=\"\" class=\"wp-image-27860\"\/><\/a><\/figure><\/div>\n\n\n\n<p><strong><span class=\"has-inline-color has-vivid-purple-color\">Dicas para observa\u00e7\u00e3o<br><\/span><\/strong>Procure \u00e1reas com horizonte oeste desobstru\u00eddo e baixa polui\u00e7\u00e3o luminosa, como regi\u00f5es rurais ou pontos elevados.<br><strong><span style=\"text-decoration: underline;\">Equipamentos:<\/span> <\/strong>embora cinco planetas sejam vis\u00edveis a olho nu, o uso de bin\u00f3culos ou telesc\u00f3pios pode melhorar a experi\u00eancia, especialmente para Urano e Netuno.<br><strong><span style=\"text-decoration: underline;\">Aplicativos auxiliares:<\/span> <\/strong>utilize aplicativos como Stellarium ou Sky Tonight para localizar com precis\u00e3o os planetas no c\u00e9u.<\/p>\n\n\n\n<div class=\"wp-block-image\"><figure class=\"aligncenter size-large is-resized\"><a href=\"https:\/\/www.instagram.com\/vmais.midias\/\"><img loading=\"lazy\" decoding=\"async\" src=\"https:\/\/jornalfatosenoticias.com.br\/wp-content\/uploads\/2020\/02\/DE-MAIS-DESTAQUE-VMAIS-800X700.png\" alt=\"\" class=\"wp-image-53112\" width=\"325\" height=\"283\" srcset=\"https:\/\/jornalfatosenoticias.com.br\/wp-content\/uploads\/2020\/02\/DE-MAIS-DESTAQUE-VMAIS-800X700.png 800w, https:\/\/jornalfatosenoticias.com.br\/wp-content\/uploads\/2020\/02\/DE-MAIS-DESTAQUE-VMAIS-800X700-768x672.png 768w\" sizes=\"auto, (max-width: 325px) 100vw, 325px\" \/><\/a><\/figure><\/div>\n\n\n\n<p><strong><em>Fonte: <a href=\"https:\/\/www.canalhistory.com.br\/ciencia-e-tecnologia\/um-dos-mais-espetaculares-alinhamentos-planetarios-esta-prestes-acontecer\">History Channel Brasil<\/a><\/em><\/strong><\/p>\n","protected":false},"excerpt":{"rendered":"<p>&#8220;Desfile&#8221; de sete planetas no firmamento noturno ser\u00e1 uma das maiores atra\u00e7\u00f5es astron\u00f4micas de 2025 O universo nos reserva um espet\u00e1culo extraordin\u00e1rio para 2025: um alinhamento planet\u00e1rio que n\u00e3o veremos novamente por quase meio mil\u00eanio. No dia 28 de fevereiro, os sete planetas vis\u00edveis do Sistema Solar se reunir\u00e3o em uma forma\u00e7\u00e3o \u00fanica, fen\u00f4meno que [&hellip;]<\/p>\n","protected":false},"author":2,"featured_media":57001,"comment_status":"open","ping_status":"open","sticky":false,"template":"","format":"standard","meta":{"footnotes":""},"categories":[2],"tags":[472,25998,86,25999,25997,1650],"class_list":["post-57000","post","type-post","status-publish","format-standard","has-post-thumbnail","hentry","category-ciencia","tag-astronomia","tag-atracoes-astronomicas","tag-espaco","tag-firmamento","tag-firmamento-noturno","tag-planetas"],"yoast_head":"<!-- This site is optimized with the Yoast SEO plugin v26.5 - https:\/\/yoast.com\/wordpress\/plugins\/seo\/ -->\n<title>Um dos mais espetaculares alinhamentos planet\u00e1rios est\u00e1 prestes a acontecer - Jornal Fatos e Not\u00edcias<\/title>\n<meta name=\"robots\" content=\"index, follow, max-snippet:-1, max-image-preview:large, max-video-preview:-1\" \/>\n<link rel=\"canonical\" href=\"https:\/\/jornalfatosenoticias.com.br\/index.php\/2025\/01\/22\/um-dos-mais-espetaculares-alinhamentos-planetarios-esta-prestes-a-acontecer\/\" \/>\n<meta property=\"og:locale\" content=\"pt_BR\" \/>\n<meta property=\"og:type\" content=\"article\" \/>\n<meta property=\"og:title\" content=\"Um dos mais espetaculares alinhamentos planet\u00e1rios est\u00e1 prestes a acontecer - Jornal Fatos e Not\u00edcias\" \/>\n<meta property=\"og:description\" content=\"&#8220;Desfile&#8221; de sete planetas no firmamento noturno ser\u00e1 uma das maiores atra\u00e7\u00f5es astron\u00f4micas de 2025 O universo nos reserva um espet\u00e1culo extraordin\u00e1rio para 2025: um alinhamento planet\u00e1rio que n\u00e3o veremos novamente por quase meio mil\u00eanio. No dia 28 de fevereiro, os sete planetas vis\u00edveis do Sistema Solar se reunir\u00e3o em uma forma\u00e7\u00e3o \u00fanica, fen\u00f4meno que [&hellip;]\" \/>\n<meta property=\"og:url\" content=\"https:\/\/jornalfatosenoticias.com.br\/index.php\/2025\/01\/22\/um-dos-mais-espetaculares-alinhamentos-planetarios-esta-prestes-a-acontecer\/\" \/>\n<meta property=\"og:site_name\" content=\"Jornal Fatos e Not\u00edcias\" \/>\n<meta property=\"article:published_time\" content=\"2025-01-22T13:16:13+00:00\" \/>\n<meta property=\"article:modified_time\" content=\"2025-01-22T13:16:14+00:00\" \/>\n<meta property=\"og:image\" content=\"https:\/\/jornalfatosenoticias.com.br\/wp-content\/uploads\/2025\/01\/alinhamentos-planetarios_istock.jpg\" \/>\n\t<meta property=\"og:image:width\" content=\"612\" \/>\n\t<meta property=\"og:image:height\" content=\"324\" \/>\n\t<meta property=\"og:image:type\" content=\"image\/jpeg\" \/>\n<meta name=\"author\" content=\"Luzimara Fernandes\" \/>\n<meta name=\"twitter:card\" content=\"summary_large_image\" \/>\n<meta name=\"twitter:label1\" content=\"Escrito por\" \/>\n\t<meta name=\"twitter:data1\" content=\"Luzimara Fernandes\" \/>\n\t<meta name=\"twitter:label2\" content=\"Est. tempo de leitura\" \/>\n\t<meta name=\"twitter:data2\" content=\"2 minutos\" \/>\n<script type=\"application\/ld+json\" class=\"yoast-schema-graph\">{\"@context\":\"https:\/\/schema.org\",\"@graph\":[{\"@type\":\"Article\",\"@id\":\"https:\/\/jornalfatosenoticias.com.br\/index.php\/2025\/01\/22\/um-dos-mais-espetaculares-alinhamentos-planetarios-esta-prestes-a-acontecer\/#article\",\"isPartOf\":{\"@id\":\"https:\/\/jornalfatosenoticias.com.br\/index.php\/2025\/01\/22\/um-dos-mais-espetaculares-alinhamentos-planetarios-esta-prestes-a-acontecer\/\"},\"author\":{\"name\":\"Luzimara Fernandes\",\"@id\":\"https:\/\/jornalfatosenoticias.com.br\/#\/schema\/person\/d63837fa13ac8666eb9e74e0985d6f81\"},\"headline\":\"Um dos mais espetaculares alinhamentos planet\u00e1rios est\u00e1 prestes a acontecer\",\"datePublished\":\"2025-01-22T13:16:13+00:00\",\"dateModified\":\"2025-01-22T13:16:14+00:00\",\"mainEntityOfPage\":{\"@id\":\"https:\/\/jornalfatosenoticias.com.br\/index.php\/2025\/01\/22\/um-dos-mais-espetaculares-alinhamentos-planetarios-esta-prestes-a-acontecer\/\"},\"wordCount\":330,\"commentCount\":0,\"publisher\":{\"@id\":\"https:\/\/jornalfatosenoticias.com.br\/#organization\"},\"image\":{\"@id\":\"https:\/\/jornalfatosenoticias.com.br\/index.php\/2025\/01\/22\/um-dos-mais-espetaculares-alinhamentos-planetarios-esta-prestes-a-acontecer\/#primaryimage\"},\"thumbnailUrl\":\"https:\/\/jornalfatosenoticias.com.br\/wp-content\/uploads\/2025\/01\/alinhamentos-planetarios_istock.jpg\",\"keywords\":[\"Astronomia\",\"atra\u00e7\u00f5es astron\u00f4micas\",\"espa\u00e7o\",\"firmamento\",\"firmamento noturno\",\"planetas\"],\"articleSection\":[\"Ci\u00eancia\"],\"inLanguage\":\"pt-BR\",\"potentialAction\":[{\"@type\":\"CommentAction\",\"name\":\"Comment\",\"target\":[\"https:\/\/jornalfatosenoticias.com.br\/index.php\/2025\/01\/22\/um-dos-mais-espetaculares-alinhamentos-planetarios-esta-prestes-a-acontecer\/#respond\"]}]},{\"@type\":\"WebPage\",\"@id\":\"https:\/\/jornalfatosenoticias.com.br\/index.php\/2025\/01\/22\/um-dos-mais-espetaculares-alinhamentos-planetarios-esta-prestes-a-acontecer\/\",\"url\":\"https:\/\/jornalfatosenoticias.com.br\/index.php\/2025\/01\/22\/um-dos-mais-espetaculares-alinhamentos-planetarios-esta-prestes-a-acontecer\/\",\"name\":\"Um dos mais espetaculares alinhamentos planet\u00e1rios est\u00e1 prestes a acontecer - Jornal Fatos e Not\u00edcias\",\"isPartOf\":{\"@id\":\"https:\/\/jornalfatosenoticias.com.br\/#website\"},\"primaryImageOfPage\":{\"@id\":\"https:\/\/jornalfatosenoticias.com.br\/index.php\/2025\/01\/22\/um-dos-mais-espetaculares-alinhamentos-planetarios-esta-prestes-a-acontecer\/#primaryimage\"},\"image\":{\"@id\":\"https:\/\/jornalfatosenoticias.com.br\/index.php\/2025\/01\/22\/um-dos-mais-espetaculares-alinhamentos-planetarios-esta-prestes-a-acontecer\/#primaryimage\"},\"thumbnailUrl\":\"https:\/\/jornalfatosenoticias.com.br\/wp-content\/uploads\/2025\/01\/alinhamentos-planetarios_istock.jpg\",\"datePublished\":\"2025-01-22T13:16:13+00:00\",\"dateModified\":\"2025-01-22T13:16:14+00:00\",\"breadcrumb\":{\"@id\":\"https:\/\/jornalfatosenoticias.com.br\/index.php\/2025\/01\/22\/um-dos-mais-espetaculares-alinhamentos-planetarios-esta-prestes-a-acontecer\/#breadcrumb\"},\"inLanguage\":\"pt-BR\",\"potentialAction\":[{\"@type\":\"ReadAction\",\"target\":[\"https:\/\/jornalfatosenoticias.com.br\/index.php\/2025\/01\/22\/um-dos-mais-espetaculares-alinhamentos-planetarios-esta-prestes-a-acontecer\/\"]}]},{\"@type\":\"ImageObject\",\"inLanguage\":\"pt-BR\",\"@id\":\"https:\/\/jornalfatosenoticias.com.br\/index.php\/2025\/01\/22\/um-dos-mais-espetaculares-alinhamentos-planetarios-esta-prestes-a-acontecer\/#primaryimage\",\"url\":\"https:\/\/jornalfatosenoticias.com.br\/wp-content\/uploads\/2025\/01\/alinhamentos-planetarios_istock.jpg\",\"contentUrl\":\"https:\/\/jornalfatosenoticias.com.br\/wp-content\/uploads\/2025\/01\/alinhamentos-planetarios_istock.jpg\",\"width\":612,\"height\":324,\"caption\":\"3d render. Solar system isolated on black background. Real textures for planets get from http:\/\/www.nasa.gov\/\"},{\"@type\":\"BreadcrumbList\",\"@id\":\"https:\/\/jornalfatosenoticias.com.br\/index.php\/2025\/01\/22\/um-dos-mais-espetaculares-alinhamentos-planetarios-esta-prestes-a-acontecer\/#breadcrumb\",\"itemListElement\":[{\"@type\":\"ListItem\",\"position\":1,\"name\":\"In\u00edcio\",\"item\":\"https:\/\/jornalfatosenoticias.com.br\/\"},{\"@type\":\"ListItem\",\"position\":2,\"name\":\"Um dos mais espetaculares alinhamentos planet\u00e1rios est\u00e1 prestes a acontecer\"}]},{\"@type\":\"WebSite\",\"@id\":\"https:\/\/jornalfatosenoticias.com.br\/#website\",\"url\":\"https:\/\/jornalfatosenoticias.com.br\/\",\"name\":\"Jornal Fatos e Not\u00edcias\",\"description\":\"Not\u00edcias em geral\",\"publisher\":{\"@id\":\"https:\/\/jornalfatosenoticias.com.br\/#organization\"},\"potentialAction\":[{\"@type\":\"SearchAction\",\"target\":{\"@type\":\"EntryPoint\",\"urlTemplate\":\"https:\/\/jornalfatosenoticias.com.br\/?s={search_term_string}\"},\"query-input\":{\"@type\":\"PropertyValueSpecification\",\"valueRequired\":true,\"valueName\":\"search_term_string\"}}],\"inLanguage\":\"pt-BR\"},{\"@type\":\"Organization\",\"@id\":\"https:\/\/jornalfatosenoticias.com.br\/#organization\",\"name\":\"Jornal Fatos e Not\u00edcias\",\"url\":\"https:\/\/jornalfatosenoticias.com.br\/\",\"logo\":{\"@type\":\"ImageObject\",\"inLanguage\":\"pt-BR\",\"@id\":\"https:\/\/jornalfatosenoticias.com.br\/#\/schema\/logo\/image\/\",\"url\":\"https:\/\/jornalfatosenoticias.com.br\/wp-content\/uploads\/2020\/02\/logo120.png\",\"contentUrl\":\"https:\/\/jornalfatosenoticias.com.br\/wp-content\/uploads\/2020\/02\/logo120.png\",\"width\":1227,\"height\":120,\"caption\":\"Jornal Fatos e Not\u00edcias\"},\"image\":{\"@id\":\"https:\/\/jornalfatosenoticias.com.br\/#\/schema\/logo\/image\/\"}},{\"@type\":\"Person\",\"@id\":\"https:\/\/jornalfatosenoticias.com.br\/#\/schema\/person\/d63837fa13ac8666eb9e74e0985d6f81\",\"name\":\"Luzimara Fernandes\",\"image\":{\"@type\":\"ImageObject\",\"inLanguage\":\"pt-BR\",\"@id\":\"https:\/\/jornalfatosenoticias.com.br\/#\/schema\/person\/image\/\",\"url\":\"https:\/\/jornalfatosenoticias.com.br\/wp-content\/uploads\/2025\/05\/EU_portal.jpg\",\"contentUrl\":\"https:\/\/jornalfatosenoticias.com.br\/wp-content\/uploads\/2025\/05\/EU_portal.jpg\",\"caption\":\"Luzimara Fernandes\"},\"description\":\"Jornalista MTB 2358-ES\",\"sameAs\":[\"https:\/\/jornalfatosenoticias.com.br\"],\"url\":\"https:\/\/jornalfatosenoticias.com.br\/index.php\/author\/luzimara\/\"}]}<\/script>\n<!-- \/ Yoast SEO plugin. -->","yoast_head_json":{"title":"Um dos mais espetaculares alinhamentos planet\u00e1rios est\u00e1 prestes a acontecer - Jornal Fatos e Not\u00edcias","robots":{"index":"index","follow":"follow","max-snippet":"max-snippet:-1","max-image-preview":"max-image-preview:large","max-video-preview":"max-video-preview:-1"},"canonical":"https:\/\/jornalfatosenoticias.com.br\/index.php\/2025\/01\/22\/um-dos-mais-espetaculares-alinhamentos-planetarios-esta-prestes-a-acontecer\/","og_locale":"pt_BR","og_type":"article","og_title":"Um dos mais espetaculares alinhamentos planet\u00e1rios est\u00e1 prestes a acontecer - Jornal Fatos e Not\u00edcias","og_description":"&#8220;Desfile&#8221; de sete planetas no firmamento noturno ser\u00e1 uma das maiores atra\u00e7\u00f5es astron\u00f4micas de 2025 O universo nos reserva um espet\u00e1culo extraordin\u00e1rio para 2025: um alinhamento planet\u00e1rio que n\u00e3o veremos novamente por quase meio mil\u00eanio. No dia 28 de fevereiro, os sete planetas vis\u00edveis do Sistema Solar se reunir\u00e3o em uma forma\u00e7\u00e3o \u00fanica, fen\u00f4meno que [&hellip;]","og_url":"https:\/\/jornalfatosenoticias.com.br\/index.php\/2025\/01\/22\/um-dos-mais-espetaculares-alinhamentos-planetarios-esta-prestes-a-acontecer\/","og_site_name":"Jornal Fatos e Not\u00edcias","article_published_time":"2025-01-22T13:16:13+00:00","article_modified_time":"2025-01-22T13:16:14+00:00","og_image":[{"width":612,"height":324,"url":"https:\/\/jornalfatosenoticias.com.br\/wp-content\/uploads\/2025\/01\/alinhamentos-planetarios_istock.jpg","type":"image\/jpeg"}],"author":"Luzimara Fernandes","twitter_card":"summary_large_image","twitter_misc":{"Escrito por":"Luzimara Fernandes","Est. tempo de leitura":"2 minutos"},"schema":{"@context":"https:\/\/schema.org","@graph":[{"@type":"Article","@id":"https:\/\/jornalfatosenoticias.com.br\/index.php\/2025\/01\/22\/um-dos-mais-espetaculares-alinhamentos-planetarios-esta-prestes-a-acontecer\/#article","isPartOf":{"@id":"https:\/\/jornalfatosenoticias.com.br\/index.php\/2025\/01\/22\/um-dos-mais-espetaculares-alinhamentos-planetarios-esta-prestes-a-acontecer\/"},"author":{"name":"Luzimara Fernandes","@id":"https:\/\/jornalfatosenoticias.com.br\/#\/schema\/person\/d63837fa13ac8666eb9e74e0985d6f81"},"headline":"Um dos mais espetaculares alinhamentos planet\u00e1rios est\u00e1 prestes a acontecer","datePublished":"2025-01-22T13:16:13+00:00","dateModified":"2025-01-22T13:16:14+00:00","mainEntityOfPage":{"@id":"https:\/\/jornalfatosenoticias.com.br\/index.php\/2025\/01\/22\/um-dos-mais-espetaculares-alinhamentos-planetarios-esta-prestes-a-acontecer\/"},"wordCount":330,"commentCount":0,"publisher":{"@id":"https:\/\/jornalfatosenoticias.com.br\/#organization"},"image":{"@id":"https:\/\/jornalfatosenoticias.com.br\/index.php\/2025\/01\/22\/um-dos-mais-espetaculares-alinhamentos-planetarios-esta-prestes-a-acontecer\/#primaryimage"},"thumbnailUrl":"https:\/\/jornalfatosenoticias.com.br\/wp-content\/uploads\/2025\/01\/alinhamentos-planetarios_istock.jpg","keywords":["Astronomia","atra\u00e7\u00f5es astron\u00f4micas","espa\u00e7o","firmamento","firmamento noturno","planetas"],"articleSection":["Ci\u00eancia"],"inLanguage":"pt-BR","potentialAction":[{"@type":"CommentAction","name":"Comment","target":["https:\/\/jornalfatosenoticias.com.br\/index.php\/2025\/01\/22\/um-dos-mais-espetaculares-alinhamentos-planetarios-esta-prestes-a-acontecer\/#respond"]}]},{"@type":"WebPage","@id":"https:\/\/jornalfatosenoticias.com.br\/index.php\/2025\/01\/22\/um-dos-mais-espetaculares-alinhamentos-planetarios-esta-prestes-a-acontecer\/","url":"https:\/\/jornalfatosenoticias.com.br\/index.php\/2025\/01\/22\/um-dos-mais-espetaculares-alinhamentos-planetarios-esta-prestes-a-acontecer\/","name":"Um dos mais espetaculares alinhamentos planet\u00e1rios est\u00e1 prestes a acontecer - Jornal Fatos e Not\u00edcias","isPartOf":{"@id":"https:\/\/jornalfatosenoticias.com.br\/#website"},"primaryImageOfPage":{"@id":"https:\/\/jornalfatosenoticias.com.br\/index.php\/2025\/01\/22\/um-dos-mais-espetaculares-alinhamentos-planetarios-esta-prestes-a-acontecer\/#primaryimage"},"image":{"@id":"https:\/\/jornalfatosenoticias.com.br\/index.php\/2025\/01\/22\/um-dos-mais-espetaculares-alinhamentos-planetarios-esta-prestes-a-acontecer\/#primaryimage"},"thumbnailUrl":"https:\/\/jornalfatosenoticias.com.br\/wp-content\/uploads\/2025\/01\/alinhamentos-planetarios_istock.jpg","datePublished":"2025-01-22T13:16:13+00:00","dateModified":"2025-01-22T13:16:14+00:00","breadcrumb":{"@id":"https:\/\/jornalfatosenoticias.com.br\/index.php\/2025\/01\/22\/um-dos-mais-espetaculares-alinhamentos-planetarios-esta-prestes-a-acontecer\/#breadcrumb"},"inLanguage":"pt-BR","potentialAction":[{"@type":"ReadAction","target":["https:\/\/jornalfatosenoticias.com.br\/index.php\/2025\/01\/22\/um-dos-mais-espetaculares-alinhamentos-planetarios-esta-prestes-a-acontecer\/"]}]},{"@type":"ImageObject","inLanguage":"pt-BR","@id":"https:\/\/jornalfatosenoticias.com.br\/index.php\/2025\/01\/22\/um-dos-mais-espetaculares-alinhamentos-planetarios-esta-prestes-a-acontecer\/#primaryimage","url":"https:\/\/jornalfatosenoticias.com.br\/wp-content\/uploads\/2025\/01\/alinhamentos-planetarios_istock.jpg","contentUrl":"https:\/\/jornalfatosenoticias.com.br\/wp-content\/uploads\/2025\/01\/alinhamentos-planetarios_istock.jpg","width":612,"height":324,"caption":"3d render. Solar system isolated on black background. Real textures for planets get from http:\/\/www.nasa.gov\/"},{"@type":"BreadcrumbList","@id":"https:\/\/jornalfatosenoticias.com.br\/index.php\/2025\/01\/22\/um-dos-mais-espetaculares-alinhamentos-planetarios-esta-prestes-a-acontecer\/#breadcrumb","itemListElement":[{"@type":"ListItem","position":1,"name":"In\u00edcio","item":"https:\/\/jornalfatosenoticias.com.br\/"},{"@type":"ListItem","position":2,"name":"Um dos mais espetaculares alinhamentos planet\u00e1rios est\u00e1 prestes a acontecer"}]},{"@type":"WebSite","@id":"https:\/\/jornalfatosenoticias.com.br\/#website","url":"https:\/\/jornalfatosenoticias.com.br\/","name":"Jornal Fatos e Not\u00edcias","description":"Not\u00edcias em geral","publisher":{"@id":"https:\/\/jornalfatosenoticias.com.br\/#organization"},"potentialAction":[{"@type":"SearchAction","target":{"@type":"EntryPoint","urlTemplate":"https:\/\/jornalfatosenoticias.com.br\/?s={search_term_string}"},"query-input":{"@type":"PropertyValueSpecification","valueRequired":true,"valueName":"search_term_string"}}],"inLanguage":"pt-BR"},{"@type":"Organization","@id":"https:\/\/jornalfatosenoticias.com.br\/#organization","name":"Jornal Fatos e Not\u00edcias","url":"https:\/\/jornalfatosenoticias.com.br\/","logo":{"@type":"ImageObject","inLanguage":"pt-BR","@id":"https:\/\/jornalfatosenoticias.com.br\/#\/schema\/logo\/image\/","url":"https:\/\/jornalfatosenoticias.com.br\/wp-content\/uploads\/2020\/02\/logo120.png","contentUrl":"https:\/\/jornalfatosenoticias.com.br\/wp-content\/uploads\/2020\/02\/logo120.png","width":1227,"height":120,"caption":"Jornal Fatos e Not\u00edcias"},"image":{"@id":"https:\/\/jornalfatosenoticias.com.br\/#\/schema\/logo\/image\/"}},{"@type":"Person","@id":"https:\/\/jornalfatosenoticias.com.br\/#\/schema\/person\/d63837fa13ac8666eb9e74e0985d6f81","name":"Luzimara Fernandes","image":{"@type":"ImageObject","inLanguage":"pt-BR","@id":"https:\/\/jornalfatosenoticias.com.br\/#\/schema\/person\/image\/","url":"https:\/\/jornalfatosenoticias.com.br\/wp-content\/uploads\/2025\/05\/EU_portal.jpg","contentUrl":"https:\/\/jornalfatosenoticias.com.br\/wp-content\/uploads\/2025\/05\/EU_portal.jpg","caption":"Luzimara Fernandes"},"description":"Jornalista MTB 2358-ES","sameAs":["https:\/\/jornalfatosenoticias.com.br"],"url":"https:\/\/jornalfatosenoticias.com.br\/index.php\/author\/luzimara\/"}]}},"cc_featured_image_caption":{"caption_text":"(Foto: iStock) ","source_text":"","source_url":""},"jetpack_featured_media_url":"https:\/\/jornalfatosenoticias.com.br\/wp-content\/uploads\/2025\/01\/alinhamentos-planetarios_istock.jpg","_links":{"self":[{"href":"https:\/\/jornalfatosenoticias.com.br\/index.php\/wp-json\/wp\/v2\/posts\/57000","targetHints":{"allow":["GET"]}}],"collection":[{"href":"https:\/\/jornalfatosenoticias.com.br\/index.php\/wp-json\/wp\/v2\/posts"}],"about":[{"href":"https:\/\/jornalfatosenoticias.com.br\/index.php\/wp-json\/wp\/v2\/types\/post"}],"author":[{"embeddable":true,"href":"https:\/\/jornalfatosenoticias.com.br\/index.php\/wp-json\/wp\/v2\/users\/2"}],"replies":[{"embeddable":true,"href":"https:\/\/jornalfatosenoticias.com.br\/index.php\/wp-json\/wp\/v2\/comments?post=57000"}],"version-history":[{"count":0,"href":"https:\/\/jornalfatosenoticias.com.br\/index.php\/wp-json\/wp\/v2\/posts\/57000\/revisions"}],"wp:featuredmedia":[{"embeddable":true,"href":"https:\/\/jornalfatosenoticias.com.br\/index.php\/wp-json\/wp\/v2\/media\/57001"}],"wp:attachment":[{"href":"https:\/\/jornalfatosenoticias.com.br\/index.php\/wp-json\/wp\/v2\/media?parent=57000"}],"wp:term":[{"taxonomy":"category","embeddable":true,"href":"https:\/\/jornalfatosenoticias.com.br\/index.php\/wp-json\/wp\/v2\/categories?post=57000"},{"taxonomy":"post_tag","embeddable":true,"href":"https:\/\/jornalfatosenoticias.com.br\/index.php\/wp-json\/wp\/v2\/tags?post=57000"}],"curies":[{"name":"wp","href":"https:\/\/api.w.org\/{rel}","templated":true}]}}