{"id":57003,"date":"2025-01-22T10:22:43","date_gmt":"2025-01-22T13:22:43","guid":{"rendered":"https:\/\/jornalfatosenoticias.com.br\/?p=57003"},"modified":"2025-01-22T10:22:44","modified_gmt":"2025-01-22T13:22:44","slug":"novos-genes-ligados-a-depressao-sao-descobertos-em-estudo-inedito","status":"publish","type":"post","link":"https:\/\/jornalfatosenoticias.com.br\/index.php\/2025\/01\/22\/novos-genes-ligados-a-depressao-sao-descobertos-em-estudo-inedito\/","title":{"rendered":"Novos genes ligados \u00e0 depress\u00e3o s\u00e3o descobertos em estudo in\u00e9dito"},"content":{"rendered":"\n<p><em><span class=\"has-inline-color has-black-color\">As descobertas aumentam a compreens\u00e3o sobre como a depress\u00e3o afeta o c\u00e9rebro, al\u00e9m de ajudar na cria\u00e7\u00e3o de novos tratamentos contra a doen\u00e7a<\/span><\/em><\/p>\n\n\n\n<p><span class=\"has-inline-color has-black-color\">Por <strong><a href=\"https:\/\/olhardigital.com.br\/author\/alessandro-lorenzo\/\">Alessandro Di Lorenzo<\/a><\/strong><\/span><\/p>\n\n\n\n<div class=\"wp-block-image\"><figure class=\"aligncenter size-large\"><a href=\"https:\/\/www.facebook.com\/vetor.vix\/\"><img loading=\"lazy\" decoding=\"async\" width=\"1024\" height=\"273\" src=\"https:\/\/jornalfatosenoticias.com.br\/wp-content\/uploads\/2023\/09\/vetorvix1024_1.jpg\" alt=\"\" class=\"wp-image-44868\" srcset=\"https:\/\/jornalfatosenoticias.com.br\/wp-content\/uploads\/2023\/09\/vetorvix1024_1.jpg 1024w, https:\/\/jornalfatosenoticias.com.br\/wp-content\/uploads\/2023\/09\/vetorvix1024_1-300x80.jpg 300w, https:\/\/jornalfatosenoticias.com.br\/wp-content\/uploads\/2023\/09\/vetorvix1024_1-768x205.jpg 768w\" sizes=\"auto, (max-width: 1024px) 100vw, 1024px\" \/><\/a><\/figure><\/div>\n\n\n\n<p>Um estudo in\u00e9dito identificou 300 novos fatores de risco gen\u00e9tico para a <strong><a href=\"https:\/\/olhardigital.com.br\/tag\/depressao\/\" target=\"_blank\" rel=\"noreferrer noopener\">depress\u00e3o<\/a><\/strong>. A descoberta foi feita por pesquisadores da Universidade de Edimburgo, na Esc\u00f3cia, e do King\u2019s College London, na Inglaterra. Durante o trabalho, os cientistas analisaram <strong><a href=\"https:\/\/olhardigital.com.br\/tag\/genes\/\" target=\"_blank\" rel=\"noreferrer noopener\">dados gen\u00e9ticos<\/a><\/strong> de mais de cinco milh\u00f5es de pessoas de 29 pa\u00edses, incluindo participantes de ancestrais n\u00e3o europeus. Esta diversidade, que n\u00e3o \u00e9 comum em pesquisas do tipo, foi considerada crucial para os resultados.<br>No total, o estudo identificou 700 varia\u00e7\u00f5es gen\u00e9ticas associadas \u00e0 depress\u00e3o, sendo que quase metade delas (300) nunca havia sido relacionada \u00e0 condi\u00e7\u00e3o. Essas varia\u00e7\u00f5es est\u00e3o ligadas a neur\u00f4nios em regi\u00f5es cerebrais que controlam as emo\u00e7\u00f5es.<\/p>\n\n\n\n<div class=\"wp-block-image\"><figure class=\"aligncenter size-large is-resized\"><a href=\"https:\/\/panper.com.br\/\"><img loading=\"lazy\" decoding=\"async\" src=\"https:\/\/jornalfatosenoticias.com.br\/wp-content\/uploads\/2023\/03\/logo-Panper_portal.jpg\" alt=\"\" class=\"wp-image-40208\" width=\"325\" height=\"225\" srcset=\"https:\/\/jornalfatosenoticias.com.br\/wp-content\/uploads\/2023\/03\/logo-Panper_portal.jpg 400w, https:\/\/jornalfatosenoticias.com.br\/wp-content\/uploads\/2023\/03\/logo-Panper_portal-300x208.jpg 300w\" sizes=\"auto, (max-width: 325px) 100vw, 325px\" \/><\/a><\/figure><\/div>\n\n\n\n<p>Esta \u00e9 considerada a maior e a mais diversa pesquisa j\u00e1 realizada sobre gen\u00e9tica da depress\u00e3o. De acordo com os pesquisadores, as conclus\u00f5es permitir\u00e3o a realiza\u00e7\u00e3o de novos estudos experimentais, usando cultura de c\u00e9lulas in vitro, para identificar que tipos de neur\u00f4nios esses genes est\u00e3o mais associados em termos de express\u00e3o g\u00eanica. A depress\u00e3o \u00e9 resultado da intera\u00e7\u00e3o entre gen\u00e9tica, eventos adversos na vida e problemas de sa\u00fade f\u00edsica. A doen\u00e7a \u00e9 uma das principais causas de incapacidade no mundo e afeta cerca 15% da popula\u00e7\u00e3o global ao longo da vida.<\/p>\n\n\n\n<div class=\"wp-block-image\"><figure class=\"aligncenter size-large is-resized\"><a href=\"https:\/\/www.instagram.com\/serra4x4cambioautomatico\/\"><img loading=\"lazy\" decoding=\"async\" src=\"https:\/\/jornalfatosenoticias.com.br\/wp-content\/uploads\/2024\/08\/Serra-4x4-1-886x1024.jpg\" alt=\"\" class=\"wp-image-53632\" width=\"310\" height=\"358\" srcset=\"https:\/\/jornalfatosenoticias.com.br\/wp-content\/uploads\/2024\/08\/Serra-4x4-1-886x1024.jpg 886w, https:\/\/jornalfatosenoticias.com.br\/wp-content\/uploads\/2024\/08\/Serra-4x4-1-260x300.jpg 260w, https:\/\/jornalfatosenoticias.com.br\/wp-content\/uploads\/2024\/08\/Serra-4x4-1-768x888.jpg 768w, https:\/\/jornalfatosenoticias.com.br\/wp-content\/uploads\/2024\/08\/Serra-4x4-1.jpg 1181w\" sizes=\"auto, (max-width: 310px) 100vw, 310px\" \/><\/a><\/figure><\/div>\n\n\n\n<p>O transtorno \u00e9 tipicamente recorrente ou cr\u00f4nico por natureza, muitas vezes com incapacidade persistente, apesar das terapias farmacol\u00f3gicas e psicol\u00f3gicas. Al\u00e9m de mapear os fatores de risco gen\u00e9tico, o estudo investigou mais de 1.600 medicamentos para determinar seu impacto nos genes ligados \u00e0 depress\u00e3o.<\/p>\n\n\n\n<div class=\"wp-block-image\"><figure class=\"aligncenter size-large is-resized\"><a href=\"https:\/\/www.ithbrasil.com.br\/\"><img loading=\"lazy\" decoding=\"async\" src=\"https:\/\/jornalfatosenoticias.com.br\/wp-content\/uploads\/2023\/08\/ITH.jpeg\" alt=\"\" class=\"wp-image-44638\" width=\"291\" height=\"236\" srcset=\"https:\/\/jornalfatosenoticias.com.br\/wp-content\/uploads\/2023\/08\/ITH.jpeg 800w, https:\/\/jornalfatosenoticias.com.br\/wp-content\/uploads\/2023\/08\/ITH-300x244.jpeg 300w, https:\/\/jornalfatosenoticias.com.br\/wp-content\/uploads\/2023\/08\/ITH-768x624.jpeg 768w\" sizes=\"auto, (max-width: 291px) 100vw, 291px\" \/><\/a><\/figure><\/div>\n\n\n\n<p>Hoje, de 20% a 30% das pessoas com depress\u00e3o t\u00eam a forma resistente da doen\u00e7a, o que significa que n\u00e3o respondem a pelo menos duas medica\u00e7\u00f5es em dose e tempo adequados. Por isso, as descobertas podem abrir novas oportunidades para estes pacientes. Os resultados ainda oferecem novas pistas sobre como a doen\u00e7a afeta o <a href=\"https:\/\/olhardigital.com.br\/tag\/cerebro\/\" target=\"_blank\" rel=\"noreferrer noopener\"><strong>c\u00e9rebro<\/strong><\/a>, o que pode levar ao desenvolvimento de tratamentos mais eficazes no futuro. As descobertas foram descritas em estudo publicado na revista\u00a0<strong><a href=\"https:\/\/www.cell.com\/cell\/fulltext\/S0092-8674(24)01415-6\" target=\"_blank\" rel=\"noreferrer noopener\">Cell<\/a>.<\/strong><\/p>\n\n\n\n<div class=\"wp-block-image\"><figure class=\"aligncenter size-large is-resized\"><a href=\"https:\/\/hotelmarquetti.com.br\/\"><img loading=\"lazy\" decoding=\"async\" src=\"https:\/\/jornalfatosenoticias.com.br\/wp-content\/uploads\/2023\/03\/nova-logo-Marquetti.jpg\" alt=\"\" class=\"wp-image-40207\" width=\"319\" height=\"214\" srcset=\"https:\/\/jornalfatosenoticias.com.br\/wp-content\/uploads\/2023\/03\/nova-logo-Marquetti.jpg 643w, https:\/\/jornalfatosenoticias.com.br\/wp-content\/uploads\/2023\/03\/nova-logo-Marquetti-300x202.jpg 300w\" sizes=\"auto, (max-width: 319px) 100vw, 319px\" \/><\/a><\/figure><\/div>\n\n\n\n<p><strong><em>Fonte: <a href=\"https:\/\/olhardigital.com.br\/2025\/01\/15\/medicina-e-saude\/novos-genes-ligados-a-depressao-sao-descobertos-em-estudo-inedito\/\">Olhar Digital<\/a><\/em><\/strong><\/p>\n","protected":false},"excerpt":{"rendered":"<p>As descobertas aumentam a compreens\u00e3o sobre como a depress\u00e3o afeta o c\u00e9rebro, al\u00e9m de ajudar na cria\u00e7\u00e3o de novos tratamentos contra a doen\u00e7a Por Alessandro Di Lorenzo Um estudo in\u00e9dito identificou 300 novos fatores de risco gen\u00e9tico para a depress\u00e3o. A descoberta foi feita por pesquisadores da Universidade de Edimburgo, na Esc\u00f3cia, e do King\u2019s [&hellip;]<\/p>\n","protected":false},"author":2,"featured_media":57004,"comment_status":"open","ping_status":"open","sticky":false,"template":"","format":"standard","meta":{"footnotes":""},"categories":[11],"tags":[2336,26001,2375,2316,26000],"class_list":["post-57003","post","type-post","status-publish","format-standard","has-post-thumbnail","hentry","category-saude","tag-cerebro","tag-dados-geneticos","tag-depressao","tag-genes","tag-novos-tratamentos"],"yoast_head":"<!-- This site is optimized with the Yoast SEO plugin v26.5 - https:\/\/yoast.com\/wordpress\/plugins\/seo\/ -->\n<title>Novos genes ligados \u00e0 depress\u00e3o s\u00e3o descobertos em estudo in\u00e9dito - Jornal Fatos e Not\u00edcias<\/title>\n<meta name=\"robots\" content=\"index, follow, max-snippet:-1, max-image-preview:large, max-video-preview:-1\" \/>\n<link rel=\"canonical\" href=\"https:\/\/jornalfatosenoticias.com.br\/index.php\/2025\/01\/22\/novos-genes-ligados-a-depressao-sao-descobertos-em-estudo-inedito\/\" \/>\n<meta property=\"og:locale\" content=\"pt_BR\" \/>\n<meta property=\"og:type\" content=\"article\" \/>\n<meta property=\"og:title\" content=\"Novos genes ligados \u00e0 depress\u00e3o s\u00e3o descobertos em estudo in\u00e9dito - Jornal Fatos e Not\u00edcias\" \/>\n<meta property=\"og:description\" content=\"As descobertas aumentam a compreens\u00e3o sobre como a depress\u00e3o afeta o c\u00e9rebro, al\u00e9m de ajudar na cria\u00e7\u00e3o de novos tratamentos contra a doen\u00e7a Por Alessandro Di Lorenzo Um estudo in\u00e9dito identificou 300 novos fatores de risco gen\u00e9tico para a depress\u00e3o. A descoberta foi feita por pesquisadores da Universidade de Edimburgo, na Esc\u00f3cia, e do King\u2019s [&hellip;]\" \/>\n<meta property=\"og:url\" content=\"https:\/\/jornalfatosenoticias.com.br\/index.php\/2025\/01\/22\/novos-genes-ligados-a-depressao-sao-descobertos-em-estudo-inedito\/\" \/>\n<meta property=\"og:site_name\" content=\"Jornal Fatos e Not\u00edcias\" \/>\n<meta property=\"article:published_time\" content=\"2025-01-22T13:22:43+00:00\" \/>\n<meta property=\"article:modified_time\" content=\"2025-01-22T13:22:44+00:00\" \/>\n<meta property=\"og:image\" content=\"https:\/\/jornalfatosenoticias.com.br\/wp-content\/uploads\/2025\/01\/depressao-saude-mental_Freepik.jpg\" \/>\n\t<meta property=\"og:image:width\" content=\"739\" \/>\n\t<meta property=\"og:image:height\" content=\"469\" \/>\n\t<meta property=\"og:image:type\" content=\"image\/jpeg\" \/>\n<meta name=\"author\" content=\"Luzimara Fernandes\" \/>\n<meta name=\"twitter:card\" content=\"summary_large_image\" \/>\n<meta name=\"twitter:label1\" content=\"Escrito por\" \/>\n\t<meta name=\"twitter:data1\" content=\"Luzimara Fernandes\" \/>\n\t<meta name=\"twitter:label2\" content=\"Est. tempo de leitura\" \/>\n\t<meta name=\"twitter:data2\" content=\"2 minutos\" \/>\n<script type=\"application\/ld+json\" class=\"yoast-schema-graph\">{\"@context\":\"https:\/\/schema.org\",\"@graph\":[{\"@type\":\"Article\",\"@id\":\"https:\/\/jornalfatosenoticias.com.br\/index.php\/2025\/01\/22\/novos-genes-ligados-a-depressao-sao-descobertos-em-estudo-inedito\/#article\",\"isPartOf\":{\"@id\":\"https:\/\/jornalfatosenoticias.com.br\/index.php\/2025\/01\/22\/novos-genes-ligados-a-depressao-sao-descobertos-em-estudo-inedito\/\"},\"author\":{\"name\":\"Luzimara Fernandes\",\"@id\":\"https:\/\/jornalfatosenoticias.com.br\/#\/schema\/person\/d63837fa13ac8666eb9e74e0985d6f81\"},\"headline\":\"Novos genes ligados \u00e0 depress\u00e3o s\u00e3o descobertos em estudo in\u00e9dito\",\"datePublished\":\"2025-01-22T13:22:43+00:00\",\"dateModified\":\"2025-01-22T13:22:44+00:00\",\"mainEntityOfPage\":{\"@id\":\"https:\/\/jornalfatosenoticias.com.br\/index.php\/2025\/01\/22\/novos-genes-ligados-a-depressao-sao-descobertos-em-estudo-inedito\/\"},\"wordCount\":401,\"commentCount\":0,\"publisher\":{\"@id\":\"https:\/\/jornalfatosenoticias.com.br\/#organization\"},\"image\":{\"@id\":\"https:\/\/jornalfatosenoticias.com.br\/index.php\/2025\/01\/22\/novos-genes-ligados-a-depressao-sao-descobertos-em-estudo-inedito\/#primaryimage\"},\"thumbnailUrl\":\"https:\/\/jornalfatosenoticias.com.br\/wp-content\/uploads\/2025\/01\/depressao-saude-mental_Freepik.jpg\",\"keywords\":[\"c\u00e9rebro\",\"dados gen\u00e9ticos\",\"depress\u00e3o\",\"genes\",\"novos tratamentos\"],\"articleSection\":[\"Sa\u00fade\"],\"inLanguage\":\"pt-BR\",\"potentialAction\":[{\"@type\":\"CommentAction\",\"name\":\"Comment\",\"target\":[\"https:\/\/jornalfatosenoticias.com.br\/index.php\/2025\/01\/22\/novos-genes-ligados-a-depressao-sao-descobertos-em-estudo-inedito\/#respond\"]}]},{\"@type\":\"WebPage\",\"@id\":\"https:\/\/jornalfatosenoticias.com.br\/index.php\/2025\/01\/22\/novos-genes-ligados-a-depressao-sao-descobertos-em-estudo-inedito\/\",\"url\":\"https:\/\/jornalfatosenoticias.com.br\/index.php\/2025\/01\/22\/novos-genes-ligados-a-depressao-sao-descobertos-em-estudo-inedito\/\",\"name\":\"Novos genes ligados \u00e0 depress\u00e3o s\u00e3o descobertos em estudo in\u00e9dito - Jornal Fatos e Not\u00edcias\",\"isPartOf\":{\"@id\":\"https:\/\/jornalfatosenoticias.com.br\/#website\"},\"primaryImageOfPage\":{\"@id\":\"https:\/\/jornalfatosenoticias.com.br\/index.php\/2025\/01\/22\/novos-genes-ligados-a-depressao-sao-descobertos-em-estudo-inedito\/#primaryimage\"},\"image\":{\"@id\":\"https:\/\/jornalfatosenoticias.com.br\/index.php\/2025\/01\/22\/novos-genes-ligados-a-depressao-sao-descobertos-em-estudo-inedito\/#primaryimage\"},\"thumbnailUrl\":\"https:\/\/jornalfatosenoticias.com.br\/wp-content\/uploads\/2025\/01\/depressao-saude-mental_Freepik.jpg\",\"datePublished\":\"2025-01-22T13:22:43+00:00\",\"dateModified\":\"2025-01-22T13:22:44+00:00\",\"breadcrumb\":{\"@id\":\"https:\/\/jornalfatosenoticias.com.br\/index.php\/2025\/01\/22\/novos-genes-ligados-a-depressao-sao-descobertos-em-estudo-inedito\/#breadcrumb\"},\"inLanguage\":\"pt-BR\",\"potentialAction\":[{\"@type\":\"ReadAction\",\"target\":[\"https:\/\/jornalfatosenoticias.com.br\/index.php\/2025\/01\/22\/novos-genes-ligados-a-depressao-sao-descobertos-em-estudo-inedito\/\"]}]},{\"@type\":\"ImageObject\",\"inLanguage\":\"pt-BR\",\"@id\":\"https:\/\/jornalfatosenoticias.com.br\/index.php\/2025\/01\/22\/novos-genes-ligados-a-depressao-sao-descobertos-em-estudo-inedito\/#primaryimage\",\"url\":\"https:\/\/jornalfatosenoticias.com.br\/wp-content\/uploads\/2025\/01\/depressao-saude-mental_Freepik.jpg\",\"contentUrl\":\"https:\/\/jornalfatosenoticias.com.br\/wp-content\/uploads\/2025\/01\/depressao-saude-mental_Freepik.jpg\",\"width\":739,\"height\":469},{\"@type\":\"BreadcrumbList\",\"@id\":\"https:\/\/jornalfatosenoticias.com.br\/index.php\/2025\/01\/22\/novos-genes-ligados-a-depressao-sao-descobertos-em-estudo-inedito\/#breadcrumb\",\"itemListElement\":[{\"@type\":\"ListItem\",\"position\":1,\"name\":\"In\u00edcio\",\"item\":\"https:\/\/jornalfatosenoticias.com.br\/\"},{\"@type\":\"ListItem\",\"position\":2,\"name\":\"Novos genes ligados \u00e0 depress\u00e3o s\u00e3o descobertos em estudo in\u00e9dito\"}]},{\"@type\":\"WebSite\",\"@id\":\"https:\/\/jornalfatosenoticias.com.br\/#website\",\"url\":\"https:\/\/jornalfatosenoticias.com.br\/\",\"name\":\"Jornal Fatos e Not\u00edcias\",\"description\":\"Not\u00edcias em geral\",\"publisher\":{\"@id\":\"https:\/\/jornalfatosenoticias.com.br\/#organization\"},\"potentialAction\":[{\"@type\":\"SearchAction\",\"target\":{\"@type\":\"EntryPoint\",\"urlTemplate\":\"https:\/\/jornalfatosenoticias.com.br\/?s={search_term_string}\"},\"query-input\":{\"@type\":\"PropertyValueSpecification\",\"valueRequired\":true,\"valueName\":\"search_term_string\"}}],\"inLanguage\":\"pt-BR\"},{\"@type\":\"Organization\",\"@id\":\"https:\/\/jornalfatosenoticias.com.br\/#organization\",\"name\":\"Jornal Fatos e Not\u00edcias\",\"url\":\"https:\/\/jornalfatosenoticias.com.br\/\",\"logo\":{\"@type\":\"ImageObject\",\"inLanguage\":\"pt-BR\",\"@id\":\"https:\/\/jornalfatosenoticias.com.br\/#\/schema\/logo\/image\/\",\"url\":\"https:\/\/jornalfatosenoticias.com.br\/wp-content\/uploads\/2020\/02\/logo120.png\",\"contentUrl\":\"https:\/\/jornalfatosenoticias.com.br\/wp-content\/uploads\/2020\/02\/logo120.png\",\"width\":1227,\"height\":120,\"caption\":\"Jornal Fatos e Not\u00edcias\"},\"image\":{\"@id\":\"https:\/\/jornalfatosenoticias.com.br\/#\/schema\/logo\/image\/\"}},{\"@type\":\"Person\",\"@id\":\"https:\/\/jornalfatosenoticias.com.br\/#\/schema\/person\/d63837fa13ac8666eb9e74e0985d6f81\",\"name\":\"Luzimara Fernandes\",\"image\":{\"@type\":\"ImageObject\",\"inLanguage\":\"pt-BR\",\"@id\":\"https:\/\/jornalfatosenoticias.com.br\/#\/schema\/person\/image\/\",\"url\":\"https:\/\/jornalfatosenoticias.com.br\/wp-content\/uploads\/2025\/05\/EU_portal.jpg\",\"contentUrl\":\"https:\/\/jornalfatosenoticias.com.br\/wp-content\/uploads\/2025\/05\/EU_portal.jpg\",\"caption\":\"Luzimara Fernandes\"},\"description\":\"Jornalista MTB 2358-ES\",\"sameAs\":[\"https:\/\/jornalfatosenoticias.com.br\"],\"url\":\"https:\/\/jornalfatosenoticias.com.br\/index.php\/author\/luzimara\/\"}]}<\/script>\n<!-- \/ Yoast SEO plugin. -->","yoast_head_json":{"title":"Novos genes ligados \u00e0 depress\u00e3o s\u00e3o descobertos em estudo in\u00e9dito - Jornal Fatos e Not\u00edcias","robots":{"index":"index","follow":"follow","max-snippet":"max-snippet:-1","max-image-preview":"max-image-preview:large","max-video-preview":"max-video-preview:-1"},"canonical":"https:\/\/jornalfatosenoticias.com.br\/index.php\/2025\/01\/22\/novos-genes-ligados-a-depressao-sao-descobertos-em-estudo-inedito\/","og_locale":"pt_BR","og_type":"article","og_title":"Novos genes ligados \u00e0 depress\u00e3o s\u00e3o descobertos em estudo in\u00e9dito - Jornal Fatos e Not\u00edcias","og_description":"As descobertas aumentam a compreens\u00e3o sobre como a depress\u00e3o afeta o c\u00e9rebro, al\u00e9m de ajudar na cria\u00e7\u00e3o de novos tratamentos contra a doen\u00e7a Por Alessandro Di Lorenzo Um estudo in\u00e9dito identificou 300 novos fatores de risco gen\u00e9tico para a depress\u00e3o. A descoberta foi feita por pesquisadores da Universidade de Edimburgo, na Esc\u00f3cia, e do King\u2019s [&hellip;]","og_url":"https:\/\/jornalfatosenoticias.com.br\/index.php\/2025\/01\/22\/novos-genes-ligados-a-depressao-sao-descobertos-em-estudo-inedito\/","og_site_name":"Jornal Fatos e Not\u00edcias","article_published_time":"2025-01-22T13:22:43+00:00","article_modified_time":"2025-01-22T13:22:44+00:00","og_image":[{"width":739,"height":469,"url":"https:\/\/jornalfatosenoticias.com.br\/wp-content\/uploads\/2025\/01\/depressao-saude-mental_Freepik.jpg","type":"image\/jpeg"}],"author":"Luzimara Fernandes","twitter_card":"summary_large_image","twitter_misc":{"Escrito por":"Luzimara Fernandes","Est. tempo de leitura":"2 minutos"},"schema":{"@context":"https:\/\/schema.org","@graph":[{"@type":"Article","@id":"https:\/\/jornalfatosenoticias.com.br\/index.php\/2025\/01\/22\/novos-genes-ligados-a-depressao-sao-descobertos-em-estudo-inedito\/#article","isPartOf":{"@id":"https:\/\/jornalfatosenoticias.com.br\/index.php\/2025\/01\/22\/novos-genes-ligados-a-depressao-sao-descobertos-em-estudo-inedito\/"},"author":{"name":"Luzimara Fernandes","@id":"https:\/\/jornalfatosenoticias.com.br\/#\/schema\/person\/d63837fa13ac8666eb9e74e0985d6f81"},"headline":"Novos genes ligados \u00e0 depress\u00e3o s\u00e3o descobertos em estudo in\u00e9dito","datePublished":"2025-01-22T13:22:43+00:00","dateModified":"2025-01-22T13:22:44+00:00","mainEntityOfPage":{"@id":"https:\/\/jornalfatosenoticias.com.br\/index.php\/2025\/01\/22\/novos-genes-ligados-a-depressao-sao-descobertos-em-estudo-inedito\/"},"wordCount":401,"commentCount":0,"publisher":{"@id":"https:\/\/jornalfatosenoticias.com.br\/#organization"},"image":{"@id":"https:\/\/jornalfatosenoticias.com.br\/index.php\/2025\/01\/22\/novos-genes-ligados-a-depressao-sao-descobertos-em-estudo-inedito\/#primaryimage"},"thumbnailUrl":"https:\/\/jornalfatosenoticias.com.br\/wp-content\/uploads\/2025\/01\/depressao-saude-mental_Freepik.jpg","keywords":["c\u00e9rebro","dados gen\u00e9ticos","depress\u00e3o","genes","novos tratamentos"],"articleSection":["Sa\u00fade"],"inLanguage":"pt-BR","potentialAction":[{"@type":"CommentAction","name":"Comment","target":["https:\/\/jornalfatosenoticias.com.br\/index.php\/2025\/01\/22\/novos-genes-ligados-a-depressao-sao-descobertos-em-estudo-inedito\/#respond"]}]},{"@type":"WebPage","@id":"https:\/\/jornalfatosenoticias.com.br\/index.php\/2025\/01\/22\/novos-genes-ligados-a-depressao-sao-descobertos-em-estudo-inedito\/","url":"https:\/\/jornalfatosenoticias.com.br\/index.php\/2025\/01\/22\/novos-genes-ligados-a-depressao-sao-descobertos-em-estudo-inedito\/","name":"Novos genes ligados \u00e0 depress\u00e3o s\u00e3o descobertos em estudo in\u00e9dito - Jornal Fatos e Not\u00edcias","isPartOf":{"@id":"https:\/\/jornalfatosenoticias.com.br\/#website"},"primaryImageOfPage":{"@id":"https:\/\/jornalfatosenoticias.com.br\/index.php\/2025\/01\/22\/novos-genes-ligados-a-depressao-sao-descobertos-em-estudo-inedito\/#primaryimage"},"image":{"@id":"https:\/\/jornalfatosenoticias.com.br\/index.php\/2025\/01\/22\/novos-genes-ligados-a-depressao-sao-descobertos-em-estudo-inedito\/#primaryimage"},"thumbnailUrl":"https:\/\/jornalfatosenoticias.com.br\/wp-content\/uploads\/2025\/01\/depressao-saude-mental_Freepik.jpg","datePublished":"2025-01-22T13:22:43+00:00","dateModified":"2025-01-22T13:22:44+00:00","breadcrumb":{"@id":"https:\/\/jornalfatosenoticias.com.br\/index.php\/2025\/01\/22\/novos-genes-ligados-a-depressao-sao-descobertos-em-estudo-inedito\/#breadcrumb"},"inLanguage":"pt-BR","potentialAction":[{"@type":"ReadAction","target":["https:\/\/jornalfatosenoticias.com.br\/index.php\/2025\/01\/22\/novos-genes-ligados-a-depressao-sao-descobertos-em-estudo-inedito\/"]}]},{"@type":"ImageObject","inLanguage":"pt-BR","@id":"https:\/\/jornalfatosenoticias.com.br\/index.php\/2025\/01\/22\/novos-genes-ligados-a-depressao-sao-descobertos-em-estudo-inedito\/#primaryimage","url":"https:\/\/jornalfatosenoticias.com.br\/wp-content\/uploads\/2025\/01\/depressao-saude-mental_Freepik.jpg","contentUrl":"https:\/\/jornalfatosenoticias.com.br\/wp-content\/uploads\/2025\/01\/depressao-saude-mental_Freepik.jpg","width":739,"height":469},{"@type":"BreadcrumbList","@id":"https:\/\/jornalfatosenoticias.com.br\/index.php\/2025\/01\/22\/novos-genes-ligados-a-depressao-sao-descobertos-em-estudo-inedito\/#breadcrumb","itemListElement":[{"@type":"ListItem","position":1,"name":"In\u00edcio","item":"https:\/\/jornalfatosenoticias.com.br\/"},{"@type":"ListItem","position":2,"name":"Novos genes ligados \u00e0 depress\u00e3o s\u00e3o descobertos em estudo in\u00e9dito"}]},{"@type":"WebSite","@id":"https:\/\/jornalfatosenoticias.com.br\/#website","url":"https:\/\/jornalfatosenoticias.com.br\/","name":"Jornal Fatos e Not\u00edcias","description":"Not\u00edcias em geral","publisher":{"@id":"https:\/\/jornalfatosenoticias.com.br\/#organization"},"potentialAction":[{"@type":"SearchAction","target":{"@type":"EntryPoint","urlTemplate":"https:\/\/jornalfatosenoticias.com.br\/?s={search_term_string}"},"query-input":{"@type":"PropertyValueSpecification","valueRequired":true,"valueName":"search_term_string"}}],"inLanguage":"pt-BR"},{"@type":"Organization","@id":"https:\/\/jornalfatosenoticias.com.br\/#organization","name":"Jornal Fatos e Not\u00edcias","url":"https:\/\/jornalfatosenoticias.com.br\/","logo":{"@type":"ImageObject","inLanguage":"pt-BR","@id":"https:\/\/jornalfatosenoticias.com.br\/#\/schema\/logo\/image\/","url":"https:\/\/jornalfatosenoticias.com.br\/wp-content\/uploads\/2020\/02\/logo120.png","contentUrl":"https:\/\/jornalfatosenoticias.com.br\/wp-content\/uploads\/2020\/02\/logo120.png","width":1227,"height":120,"caption":"Jornal Fatos e Not\u00edcias"},"image":{"@id":"https:\/\/jornalfatosenoticias.com.br\/#\/schema\/logo\/image\/"}},{"@type":"Person","@id":"https:\/\/jornalfatosenoticias.com.br\/#\/schema\/person\/d63837fa13ac8666eb9e74e0985d6f81","name":"Luzimara Fernandes","image":{"@type":"ImageObject","inLanguage":"pt-BR","@id":"https:\/\/jornalfatosenoticias.com.br\/#\/schema\/person\/image\/","url":"https:\/\/jornalfatosenoticias.com.br\/wp-content\/uploads\/2025\/05\/EU_portal.jpg","contentUrl":"https:\/\/jornalfatosenoticias.com.br\/wp-content\/uploads\/2025\/05\/EU_portal.jpg","caption":"Luzimara Fernandes"},"description":"Jornalista MTB 2358-ES","sameAs":["https:\/\/jornalfatosenoticias.com.br"],"url":"https:\/\/jornalfatosenoticias.com.br\/index.php\/author\/luzimara\/"}]}},"cc_featured_image_caption":{"caption_text":"(Foto: Freepik) ","source_text":"","source_url":""},"jetpack_featured_media_url":"https:\/\/jornalfatosenoticias.com.br\/wp-content\/uploads\/2025\/01\/depressao-saude-mental_Freepik.jpg","_links":{"self":[{"href":"https:\/\/jornalfatosenoticias.com.br\/index.php\/wp-json\/wp\/v2\/posts\/57003","targetHints":{"allow":["GET"]}}],"collection":[{"href":"https:\/\/jornalfatosenoticias.com.br\/index.php\/wp-json\/wp\/v2\/posts"}],"about":[{"href":"https:\/\/jornalfatosenoticias.com.br\/index.php\/wp-json\/wp\/v2\/types\/post"}],"author":[{"embeddable":true,"href":"https:\/\/jornalfatosenoticias.com.br\/index.php\/wp-json\/wp\/v2\/users\/2"}],"replies":[{"embeddable":true,"href":"https:\/\/jornalfatosenoticias.com.br\/index.php\/wp-json\/wp\/v2\/comments?post=57003"}],"version-history":[{"count":0,"href":"https:\/\/jornalfatosenoticias.com.br\/index.php\/wp-json\/wp\/v2\/posts\/57003\/revisions"}],"wp:featuredmedia":[{"embeddable":true,"href":"https:\/\/jornalfatosenoticias.com.br\/index.php\/wp-json\/wp\/v2\/media\/57004"}],"wp:attachment":[{"href":"https:\/\/jornalfatosenoticias.com.br\/index.php\/wp-json\/wp\/v2\/media?parent=57003"}],"wp:term":[{"taxonomy":"category","embeddable":true,"href":"https:\/\/jornalfatosenoticias.com.br\/index.php\/wp-json\/wp\/v2\/categories?post=57003"},{"taxonomy":"post_tag","embeddable":true,"href":"https:\/\/jornalfatosenoticias.com.br\/index.php\/wp-json\/wp\/v2\/tags?post=57003"}],"curies":[{"name":"wp","href":"https:\/\/api.w.org\/{rel}","templated":true}]}}