{"id":57006,"date":"2025-01-22T10:30:50","date_gmt":"2025-01-22T13:30:50","guid":{"rendered":"https:\/\/jornalfatosenoticias.com.br\/?p=57006"},"modified":"2025-01-22T10:30:51","modified_gmt":"2025-01-22T13:30:51","slug":"encontrado-fossil-do-menor-gato-do-mundo-que-cabe-na-palma-da-mao","status":"publish","type":"post","link":"https:\/\/jornalfatosenoticias.com.br\/index.php\/2025\/01\/22\/encontrado-fossil-do-menor-gato-do-mundo-que-cabe-na-palma-da-mao\/","title":{"rendered":"Encontrado f\u00f3ssil do menor gato do mundo que cabe na palma da m\u00e3o"},"content":{"rendered":"\n<p><em><span class=\"has-inline-color has-black-color\">Menor esp\u00e9cie de gato do mundo \u00e9 compar\u00e1vel ao gato-ferrugem-manchado<\/span><\/em><\/p>\n\n\n\n<p><span class=\"has-inline-color has-black-color\">Por <strong><a href=\"https:\/\/gizmodo.uol.com.br\/author\/isabela-oliveira\/\">Isabela Oliveira<\/a><\/strong><\/span><\/p>\n\n\n\n<div class=\"wp-block-image\"><figure class=\"aligncenter size-large\"><a href=\"https:\/\/www.instagram.com\/rcradiadores\/\"><img loading=\"lazy\" decoding=\"async\" width=\"560\" height=\"60\" src=\"https:\/\/jornalfatosenoticias.com.br\/wp-content\/uploads\/2022\/10\/Propaganda-RC-Radiadores-Jornal_page-0001.jpg\" alt=\"\" class=\"wp-image-35270\" srcset=\"https:\/\/jornalfatosenoticias.com.br\/wp-content\/uploads\/2022\/10\/Propaganda-RC-Radiadores-Jornal_page-0001.jpg 560w, https:\/\/jornalfatosenoticias.com.br\/wp-content\/uploads\/2022\/10\/Propaganda-RC-Radiadores-Jornal_page-0001-300x32.jpg 300w\" sizes=\"auto, (max-width: 560px) 100vw, 560px\" \/><\/a><\/figure><\/div>\n\n\n\n<p>Uma nova esp\u00e9cie de gato, <em>Prionailurus kurteni,<\/em> foi encontrada em um f\u00f3ssil na Caverna Hualongdong, na <a href=\"https:\/\/gizmodo.uol.com.br\/calor-na-china-chega-a-45c-e-e-o-mais-severo-do-planeta\/\">China<\/a>. Supostamente o menor membro f\u00f3ssil conhecido da fam\u00edlia <em>Felidae,<\/em> o animal \u00e9 pequeno o suficiente para caber na palma de uma m\u00e3o.<br>Ele foi descoberto devido a um fragmento de osso maxilar, de acordo com a pesquisa publicada no <em>Annales Zoologici Fennic. <\/em>Estima-se que o animal tenha entre 275 mil e 331 mil anos e que seja parte do grupo dos gatos-leopardo \u2014 ainda existente.<\/p>\n\n\n\n<div class=\"wp-block-image\"><figure class=\"aligncenter size-large is-resized\"><a href=\"https:\/\/www.facebook.com\/postobkr\/?locale=pt_BR\"><img loading=\"lazy\" decoding=\"async\" src=\"https:\/\/jornalfatosenoticias.com.br\/wp-content\/uploads\/2023\/08\/BKR-1024x1021.jpg\" alt=\"\" class=\"wp-image-44494\" width=\"331\" height=\"330\" srcset=\"https:\/\/jornalfatosenoticias.com.br\/wp-content\/uploads\/2023\/08\/BKR-1024x1021.jpg 1024w, https:\/\/jornalfatosenoticias.com.br\/wp-content\/uploads\/2023\/08\/BKR-300x300.jpg 300w, https:\/\/jornalfatosenoticias.com.br\/wp-content\/uploads\/2023\/08\/BKR-150x150.jpg 150w, https:\/\/jornalfatosenoticias.com.br\/wp-content\/uploads\/2023\/08\/BKR-768x766.jpg 768w, https:\/\/jornalfatosenoticias.com.br\/wp-content\/uploads\/2023\/08\/BKR.jpg 1080w\" sizes=\"auto, (max-width: 331px) 100vw, 331px\" \/><\/a><\/figure><\/div>\n\n\n\n<p>De acordo com o autor principal, Qigao Jiangzuo, \u00e0 <a href=\"https:\/\/www.iflscience.com\/worlds-smallest-cat-was-300000-years-old-and-adorably-teeny-tiny-77675\" target=\"_blank\" rel=\"noreferrer noopener\"><em>Live Science<\/em><\/a>, o gato \u00e9 compar\u00e1vel aos atuais gato-ferrugem-pintado e gato-de-patas-pretas.<strong><em> \u201cEste gato \u00e9 claramente menor do que um <a href=\"https:\/\/gizmodo.uol.com.br\/gatos-domesticos-podem-hospedar-mutacoes-do-virus-da-gripe-aviaria\/\">gato dom\u00e9stico<\/a>. \u00c9 compar\u00e1vel ao menor gato vivo, [com cerca de] um quilo\u201d, disse.<\/em><\/strong><\/p>\n\n\n\n<div class=\"wp-block-image\"><figure class=\"aligncenter size-large is-resized\"><a href=\"https:\/\/www.legisjuris.com.br\/\"><img loading=\"lazy\" decoding=\"async\" src=\"https:\/\/jornalfatosenoticias.com.br\/wp-content\/uploads\/2024\/09\/Legis-Juris-Consultoria_logo.jpg\" alt=\"\" class=\"wp-image-53915\" width=\"446\" height=\"187\" srcset=\"https:\/\/jornalfatosenoticias.com.br\/wp-content\/uploads\/2024\/09\/Legis-Juris-Consultoria_logo.jpg 969w, https:\/\/jornalfatosenoticias.com.br\/wp-content\/uploads\/2024\/09\/Legis-Juris-Consultoria_logo-300x126.jpg 300w, https:\/\/jornalfatosenoticias.com.br\/wp-content\/uploads\/2024\/09\/Legis-Juris-Consultoria_logo-768x322.jpg 768w\" sizes=\"auto, (max-width: 446px) 100vw, 446px\" \/><\/a><\/figure><\/div>\n\n\n\n<p>Segundo o site, f\u00f3sseis de ancestrais do gato-leopardo s\u00e3o raros, j\u00e1 que eles costumam estar em ambientes n\u00e3o preservados, degradando seus ossos fr\u00e1geis. Por isso, a maioria dos f\u00f3sseis anteriores veio da denti\u00e7\u00e3o ou da mand\u00edbula \u2014 o que torna a identifica\u00e7\u00e3o mais dif\u00edcil. No entanto, o interior da caverna preservou a esp\u00e9cime recente.<\/p>\n\n\n\n<div class=\"wp-block-image\"><figure class=\"aligncenter size-large is-resized\"><a href=\"https:\/\/www.instagram.com\/ligadossaborespizzaria\/\"><img loading=\"lazy\" decoding=\"async\" src=\"https:\/\/jornalfatosenoticias.com.br\/wp-content\/uploads\/2020\/02\/WhatsApp-Image-2024-10-02-at-08.18.14-819x1024.jpeg\" alt=\"\" class=\"wp-image-54612\" width=\"307\" height=\"383\" srcset=\"https:\/\/jornalfatosenoticias.com.br\/wp-content\/uploads\/2020\/02\/WhatsApp-Image-2024-10-02-at-08.18.14-819x1024.jpeg 819w, https:\/\/jornalfatosenoticias.com.br\/wp-content\/uploads\/2020\/02\/WhatsApp-Image-2024-10-02-at-08.18.14-240x300.jpeg 240w, https:\/\/jornalfatosenoticias.com.br\/wp-content\/uploads\/2020\/02\/WhatsApp-Image-2024-10-02-at-08.18.14-768x960.jpeg 768w, https:\/\/jornalfatosenoticias.com.br\/wp-content\/uploads\/2020\/02\/WhatsApp-Image-2024-10-02-at-08.18.14.jpeg 1024w\" sizes=\"auto, (max-width: 307px) 100vw, 307px\" \/><\/a><\/figure><\/div>\n\n\n\n<p>A Caverna Hualongdong, ali\u00e1s, preservou diversos f\u00f3sseis. Nela, os pesquisadores j\u00e1 descobriram restos de humanos, ursos pardos, entre outros. Isso levantou suspeitas de que os felinos e os humanos antigos do local tenham coexistido. O felino, ali\u00e1s, estava na mesma caverna onde uma fam\u00edlia de 20 pessoas viveu cerca de 30 mil anos atr\u00e1s, segundo o <em>South China Morning Post.<\/em><br><em><strong>\u201cOs restos de comida que esses humanos arcaicos deixaram no s\u00edtio de Hualongdong podem ter atra\u00eddo ratos e pequenos gatos-leopardos tamb\u00e9m\u201d, disse Jiangzuo ao China Daily. <\/strong><\/em><\/p>\n\n\n\n<div class=\"wp-block-image\"><figure class=\"aligncenter size-large is-resized\"><a href=\"https:\/\/www.instagram.com\/esteiochurrascaria\/\"><img loading=\"lazy\" decoding=\"async\" src=\"https:\/\/jornalfatosenoticias.com.br\/wp-content\/uploads\/2022\/02\/LOGO-ESTEIO-1024x730.png\" alt=\"\" class=\"wp-image-27942\" width=\"336\" height=\"239\" srcset=\"https:\/\/jornalfatosenoticias.com.br\/wp-content\/uploads\/2022\/02\/LOGO-ESTEIO-1024x730.png 1024w, https:\/\/jornalfatosenoticias.com.br\/wp-content\/uploads\/2022\/02\/LOGO-ESTEIO-300x214.png 300w, https:\/\/jornalfatosenoticias.com.br\/wp-content\/uploads\/2022\/02\/LOGO-ESTEIO-768x548.png 768w, https:\/\/jornalfatosenoticias.com.br\/wp-content\/uploads\/2022\/02\/LOGO-ESTEIO.png 1123w\" sizes=\"auto, (max-width: 336px) 100vw, 336px\" \/><\/a><\/figure><\/div>\n\n\n\n<blockquote class=\"wp-block-quote is-layout-flow wp-block-quote-is-layout-flow\"><p><span class=\"has-inline-color has-luminous-vivid-orange-color\"><strong>N\u00e3o est\u00e1 claro se esses gatos constitu\u00edam parte da dieta dos moradores das cavernas\u201d.<\/strong> Agora, os pesquisadores pretendem descobrir mais sobre os gatos na <a href=\"https:\/\/gizmodo.uol.com.br\/viaduto-substituido-em-43-horas\/\">China<\/a> e ao redor do mundo. <strong>\u201cEsperamos rastrear as origens e a diversidade passada da fam\u00edlia dos felinos\u201d,<\/strong> declarou Jiangzuo.<\/span><\/p><\/blockquote>\n\n\n\n<div class=\"wp-block-image\"><figure class=\"aligncenter size-large is-resized\"><a href=\"https:\/\/www.facebook.com\/profile.php?id=100069289606145\"><img loading=\"lazy\" decoding=\"async\" src=\"https:\/\/jornalfatosenoticias.com.br\/wp-content\/uploads\/2024\/11\/Guaitolini-Contabilidade-1024x714.jpeg\" alt=\"\" class=\"wp-image-55808\" width=\"330\" height=\"230\" srcset=\"https:\/\/jornalfatosenoticias.com.br\/wp-content\/uploads\/2024\/11\/Guaitolini-Contabilidade-1024x714.jpeg 1024w, https:\/\/jornalfatosenoticias.com.br\/wp-content\/uploads\/2024\/11\/Guaitolini-Contabilidade-300x209.jpeg 300w, https:\/\/jornalfatosenoticias.com.br\/wp-content\/uploads\/2024\/11\/Guaitolini-Contabilidade-768x535.jpeg 768w, https:\/\/jornalfatosenoticias.com.br\/wp-content\/uploads\/2024\/11\/Guaitolini-Contabilidade.jpeg 1280w\" sizes=\"auto, (max-width: 330px) 100vw, 330px\" \/><\/a><\/figure><\/div>\n\n\n\n<p><strong><em>Fonte: <a href=\"https:\/\/gizmodo.uol.com.br\/encontrado-fossil-do-menor-gato-do-mundo-cabe-na-palma-da-mao\/\">Giz Brasil<\/a><\/em><\/strong><\/p>\n","protected":false},"excerpt":{"rendered":"<p>Menor esp\u00e9cie de gato do mundo \u00e9 compar\u00e1vel ao gato-ferrugem-manchado Por Isabela Oliveira Uma nova esp\u00e9cie de gato, Prionailurus kurteni, foi encontrada em um f\u00f3ssil na Caverna Hualongdong, na China. Supostamente o menor membro f\u00f3ssil conhecido da fam\u00edlia Felidae, o animal \u00e9 pequeno o suficiente para caber na palma de uma m\u00e3o.Ele foi descoberto devido [&hellip;]<\/p>\n","protected":false},"author":2,"featured_media":57007,"comment_status":"open","ping_status":"open","sticky":false,"template":"","format":"standard","meta":{"footnotes":""},"categories":[9808],"tags":[1264,85,1614,1290],"class_list":["post-57006","post","type-post","status-publish","format-standard","has-post-thumbnail","hentry","category-paleo-arqueologia","tag-animais","tag-china","tag-fosseis","tag-gato"],"yoast_head":"<!-- This site is optimized with the Yoast SEO plugin v26.5 - https:\/\/yoast.com\/wordpress\/plugins\/seo\/ -->\n<title>Encontrado f\u00f3ssil do menor gato do mundo que cabe na palma da m\u00e3o - Jornal Fatos e Not\u00edcias<\/title>\n<meta name=\"robots\" content=\"index, follow, max-snippet:-1, max-image-preview:large, max-video-preview:-1\" \/>\n<link rel=\"canonical\" href=\"https:\/\/jornalfatosenoticias.com.br\/index.php\/2025\/01\/22\/encontrado-fossil-do-menor-gato-do-mundo-que-cabe-na-palma-da-mao\/\" \/>\n<meta property=\"og:locale\" content=\"pt_BR\" \/>\n<meta property=\"og:type\" content=\"article\" \/>\n<meta property=\"og:title\" content=\"Encontrado f\u00f3ssil do menor gato do mundo que cabe na palma da m\u00e3o - Jornal Fatos e Not\u00edcias\" \/>\n<meta property=\"og:description\" content=\"Menor esp\u00e9cie de gato do mundo \u00e9 compar\u00e1vel ao gato-ferrugem-manchado Por Isabela Oliveira Uma nova esp\u00e9cie de gato, Prionailurus kurteni, foi encontrada em um f\u00f3ssil na Caverna Hualongdong, na China. Supostamente o menor membro f\u00f3ssil conhecido da fam\u00edlia Felidae, o animal \u00e9 pequeno o suficiente para caber na palma de uma m\u00e3o.Ele foi descoberto devido [&hellip;]\" \/>\n<meta property=\"og:url\" content=\"https:\/\/jornalfatosenoticias.com.br\/index.php\/2025\/01\/22\/encontrado-fossil-do-menor-gato-do-mundo-que-cabe-na-palma-da-mao\/\" \/>\n<meta property=\"og:site_name\" content=\"Jornal Fatos e Not\u00edcias\" \/>\n<meta property=\"article:published_time\" content=\"2025-01-22T13:30:50+00:00\" \/>\n<meta property=\"article:modified_time\" content=\"2025-01-22T13:30:51+00:00\" \/>\n<meta property=\"og:image\" content=\"https:\/\/jornalfatosenoticias.com.br\/wp-content\/uploads\/2025\/01\/gato-ferrugem-manchado_Freepik.jpg\" \/>\n\t<meta property=\"og:image:width\" content=\"1000\" \/>\n\t<meta property=\"og:image:height\" content=\"667\" \/>\n\t<meta property=\"og:image:type\" content=\"image\/jpeg\" \/>\n<meta name=\"author\" content=\"Luzimara Fernandes\" \/>\n<meta name=\"twitter:card\" content=\"summary_large_image\" \/>\n<meta name=\"twitter:label1\" content=\"Escrito por\" \/>\n\t<meta name=\"twitter:data1\" content=\"Luzimara Fernandes\" \/>\n\t<meta name=\"twitter:label2\" content=\"Est. tempo de leitura\" \/>\n\t<meta name=\"twitter:data2\" content=\"2 minutos\" \/>\n<script type=\"application\/ld+json\" class=\"yoast-schema-graph\">{\"@context\":\"https:\/\/schema.org\",\"@graph\":[{\"@type\":\"Article\",\"@id\":\"https:\/\/jornalfatosenoticias.com.br\/index.php\/2025\/01\/22\/encontrado-fossil-do-menor-gato-do-mundo-que-cabe-na-palma-da-mao\/#article\",\"isPartOf\":{\"@id\":\"https:\/\/jornalfatosenoticias.com.br\/index.php\/2025\/01\/22\/encontrado-fossil-do-menor-gato-do-mundo-que-cabe-na-palma-da-mao\/\"},\"author\":{\"name\":\"Luzimara Fernandes\",\"@id\":\"https:\/\/jornalfatosenoticias.com.br\/#\/schema\/person\/d63837fa13ac8666eb9e74e0985d6f81\"},\"headline\":\"Encontrado f\u00f3ssil do menor gato do mundo que cabe na palma da m\u00e3o\",\"datePublished\":\"2025-01-22T13:30:50+00:00\",\"dateModified\":\"2025-01-22T13:30:51+00:00\",\"mainEntityOfPage\":{\"@id\":\"https:\/\/jornalfatosenoticias.com.br\/index.php\/2025\/01\/22\/encontrado-fossil-do-menor-gato-do-mundo-que-cabe-na-palma-da-mao\/\"},\"wordCount\":358,\"commentCount\":0,\"publisher\":{\"@id\":\"https:\/\/jornalfatosenoticias.com.br\/#organization\"},\"image\":{\"@id\":\"https:\/\/jornalfatosenoticias.com.br\/index.php\/2025\/01\/22\/encontrado-fossil-do-menor-gato-do-mundo-que-cabe-na-palma-da-mao\/#primaryimage\"},\"thumbnailUrl\":\"https:\/\/jornalfatosenoticias.com.br\/wp-content\/uploads\/2025\/01\/gato-ferrugem-manchado_Freepik.jpg\",\"keywords\":[\"animais\",\"china\",\"f\u00f3sseis\",\"gato\"],\"articleSection\":[\"Paleo &amp; Arqueologia\"],\"inLanguage\":\"pt-BR\",\"potentialAction\":[{\"@type\":\"CommentAction\",\"name\":\"Comment\",\"target\":[\"https:\/\/jornalfatosenoticias.com.br\/index.php\/2025\/01\/22\/encontrado-fossil-do-menor-gato-do-mundo-que-cabe-na-palma-da-mao\/#respond\"]}]},{\"@type\":\"WebPage\",\"@id\":\"https:\/\/jornalfatosenoticias.com.br\/index.php\/2025\/01\/22\/encontrado-fossil-do-menor-gato-do-mundo-que-cabe-na-palma-da-mao\/\",\"url\":\"https:\/\/jornalfatosenoticias.com.br\/index.php\/2025\/01\/22\/encontrado-fossil-do-menor-gato-do-mundo-que-cabe-na-palma-da-mao\/\",\"name\":\"Encontrado f\u00f3ssil do menor gato do mundo que cabe na palma da m\u00e3o - Jornal Fatos e Not\u00edcias\",\"isPartOf\":{\"@id\":\"https:\/\/jornalfatosenoticias.com.br\/#website\"},\"primaryImageOfPage\":{\"@id\":\"https:\/\/jornalfatosenoticias.com.br\/index.php\/2025\/01\/22\/encontrado-fossil-do-menor-gato-do-mundo-que-cabe-na-palma-da-mao\/#primaryimage\"},\"image\":{\"@id\":\"https:\/\/jornalfatosenoticias.com.br\/index.php\/2025\/01\/22\/encontrado-fossil-do-menor-gato-do-mundo-que-cabe-na-palma-da-mao\/#primaryimage\"},\"thumbnailUrl\":\"https:\/\/jornalfatosenoticias.com.br\/wp-content\/uploads\/2025\/01\/gato-ferrugem-manchado_Freepik.jpg\",\"datePublished\":\"2025-01-22T13:30:50+00:00\",\"dateModified\":\"2025-01-22T13:30:51+00:00\",\"breadcrumb\":{\"@id\":\"https:\/\/jornalfatosenoticias.com.br\/index.php\/2025\/01\/22\/encontrado-fossil-do-menor-gato-do-mundo-que-cabe-na-palma-da-mao\/#breadcrumb\"},\"inLanguage\":\"pt-BR\",\"potentialAction\":[{\"@type\":\"ReadAction\",\"target\":[\"https:\/\/jornalfatosenoticias.com.br\/index.php\/2025\/01\/22\/encontrado-fossil-do-menor-gato-do-mundo-que-cabe-na-palma-da-mao\/\"]}]},{\"@type\":\"ImageObject\",\"inLanguage\":\"pt-BR\",\"@id\":\"https:\/\/jornalfatosenoticias.com.br\/index.php\/2025\/01\/22\/encontrado-fossil-do-menor-gato-do-mundo-que-cabe-na-palma-da-mao\/#primaryimage\",\"url\":\"https:\/\/jornalfatosenoticias.com.br\/wp-content\/uploads\/2025\/01\/gato-ferrugem-manchado_Freepik.jpg\",\"contentUrl\":\"https:\/\/jornalfatosenoticias.com.br\/wp-content\/uploads\/2025\/01\/gato-ferrugem-manchado_Freepik.jpg\",\"width\":1000,\"height\":667,\"caption\":\"A beautiful shot of a bengal cat curiously staring at the camera with a blurred background\"},{\"@type\":\"BreadcrumbList\",\"@id\":\"https:\/\/jornalfatosenoticias.com.br\/index.php\/2025\/01\/22\/encontrado-fossil-do-menor-gato-do-mundo-que-cabe-na-palma-da-mao\/#breadcrumb\",\"itemListElement\":[{\"@type\":\"ListItem\",\"position\":1,\"name\":\"In\u00edcio\",\"item\":\"https:\/\/jornalfatosenoticias.com.br\/\"},{\"@type\":\"ListItem\",\"position\":2,\"name\":\"Encontrado f\u00f3ssil do menor gato do mundo que cabe na palma da m\u00e3o\"}]},{\"@type\":\"WebSite\",\"@id\":\"https:\/\/jornalfatosenoticias.com.br\/#website\",\"url\":\"https:\/\/jornalfatosenoticias.com.br\/\",\"name\":\"Jornal Fatos e Not\u00edcias\",\"description\":\"Not\u00edcias em geral\",\"publisher\":{\"@id\":\"https:\/\/jornalfatosenoticias.com.br\/#organization\"},\"potentialAction\":[{\"@type\":\"SearchAction\",\"target\":{\"@type\":\"EntryPoint\",\"urlTemplate\":\"https:\/\/jornalfatosenoticias.com.br\/?s={search_term_string}\"},\"query-input\":{\"@type\":\"PropertyValueSpecification\",\"valueRequired\":true,\"valueName\":\"search_term_string\"}}],\"inLanguage\":\"pt-BR\"},{\"@type\":\"Organization\",\"@id\":\"https:\/\/jornalfatosenoticias.com.br\/#organization\",\"name\":\"Jornal Fatos e Not\u00edcias\",\"url\":\"https:\/\/jornalfatosenoticias.com.br\/\",\"logo\":{\"@type\":\"ImageObject\",\"inLanguage\":\"pt-BR\",\"@id\":\"https:\/\/jornalfatosenoticias.com.br\/#\/schema\/logo\/image\/\",\"url\":\"https:\/\/jornalfatosenoticias.com.br\/wp-content\/uploads\/2020\/02\/logo120.png\",\"contentUrl\":\"https:\/\/jornalfatosenoticias.com.br\/wp-content\/uploads\/2020\/02\/logo120.png\",\"width\":1227,\"height\":120,\"caption\":\"Jornal Fatos e Not\u00edcias\"},\"image\":{\"@id\":\"https:\/\/jornalfatosenoticias.com.br\/#\/schema\/logo\/image\/\"}},{\"@type\":\"Person\",\"@id\":\"https:\/\/jornalfatosenoticias.com.br\/#\/schema\/person\/d63837fa13ac8666eb9e74e0985d6f81\",\"name\":\"Luzimara Fernandes\",\"image\":{\"@type\":\"ImageObject\",\"inLanguage\":\"pt-BR\",\"@id\":\"https:\/\/jornalfatosenoticias.com.br\/#\/schema\/person\/image\/\",\"url\":\"https:\/\/jornalfatosenoticias.com.br\/wp-content\/uploads\/2025\/05\/EU_portal.jpg\",\"contentUrl\":\"https:\/\/jornalfatosenoticias.com.br\/wp-content\/uploads\/2025\/05\/EU_portal.jpg\",\"caption\":\"Luzimara Fernandes\"},\"description\":\"Jornalista MTB 2358-ES\",\"sameAs\":[\"https:\/\/jornalfatosenoticias.com.br\"],\"url\":\"https:\/\/jornalfatosenoticias.com.br\/index.php\/author\/luzimara\/\"}]}<\/script>\n<!-- \/ Yoast SEO plugin. -->","yoast_head_json":{"title":"Encontrado f\u00f3ssil do menor gato do mundo que cabe na palma da m\u00e3o - Jornal Fatos e Not\u00edcias","robots":{"index":"index","follow":"follow","max-snippet":"max-snippet:-1","max-image-preview":"max-image-preview:large","max-video-preview":"max-video-preview:-1"},"canonical":"https:\/\/jornalfatosenoticias.com.br\/index.php\/2025\/01\/22\/encontrado-fossil-do-menor-gato-do-mundo-que-cabe-na-palma-da-mao\/","og_locale":"pt_BR","og_type":"article","og_title":"Encontrado f\u00f3ssil do menor gato do mundo que cabe na palma da m\u00e3o - Jornal Fatos e Not\u00edcias","og_description":"Menor esp\u00e9cie de gato do mundo \u00e9 compar\u00e1vel ao gato-ferrugem-manchado Por Isabela Oliveira Uma nova esp\u00e9cie de gato, Prionailurus kurteni, foi encontrada em um f\u00f3ssil na Caverna Hualongdong, na China. Supostamente o menor membro f\u00f3ssil conhecido da fam\u00edlia Felidae, o animal \u00e9 pequeno o suficiente para caber na palma de uma m\u00e3o.Ele foi descoberto devido [&hellip;]","og_url":"https:\/\/jornalfatosenoticias.com.br\/index.php\/2025\/01\/22\/encontrado-fossil-do-menor-gato-do-mundo-que-cabe-na-palma-da-mao\/","og_site_name":"Jornal Fatos e Not\u00edcias","article_published_time":"2025-01-22T13:30:50+00:00","article_modified_time":"2025-01-22T13:30:51+00:00","og_image":[{"width":1000,"height":667,"url":"https:\/\/jornalfatosenoticias.com.br\/wp-content\/uploads\/2025\/01\/gato-ferrugem-manchado_Freepik.jpg","type":"image\/jpeg"}],"author":"Luzimara Fernandes","twitter_card":"summary_large_image","twitter_misc":{"Escrito por":"Luzimara Fernandes","Est. tempo de leitura":"2 minutos"},"schema":{"@context":"https:\/\/schema.org","@graph":[{"@type":"Article","@id":"https:\/\/jornalfatosenoticias.com.br\/index.php\/2025\/01\/22\/encontrado-fossil-do-menor-gato-do-mundo-que-cabe-na-palma-da-mao\/#article","isPartOf":{"@id":"https:\/\/jornalfatosenoticias.com.br\/index.php\/2025\/01\/22\/encontrado-fossil-do-menor-gato-do-mundo-que-cabe-na-palma-da-mao\/"},"author":{"name":"Luzimara Fernandes","@id":"https:\/\/jornalfatosenoticias.com.br\/#\/schema\/person\/d63837fa13ac8666eb9e74e0985d6f81"},"headline":"Encontrado f\u00f3ssil do menor gato do mundo que cabe na palma da m\u00e3o","datePublished":"2025-01-22T13:30:50+00:00","dateModified":"2025-01-22T13:30:51+00:00","mainEntityOfPage":{"@id":"https:\/\/jornalfatosenoticias.com.br\/index.php\/2025\/01\/22\/encontrado-fossil-do-menor-gato-do-mundo-que-cabe-na-palma-da-mao\/"},"wordCount":358,"commentCount":0,"publisher":{"@id":"https:\/\/jornalfatosenoticias.com.br\/#organization"},"image":{"@id":"https:\/\/jornalfatosenoticias.com.br\/index.php\/2025\/01\/22\/encontrado-fossil-do-menor-gato-do-mundo-que-cabe-na-palma-da-mao\/#primaryimage"},"thumbnailUrl":"https:\/\/jornalfatosenoticias.com.br\/wp-content\/uploads\/2025\/01\/gato-ferrugem-manchado_Freepik.jpg","keywords":["animais","china","f\u00f3sseis","gato"],"articleSection":["Paleo &amp; Arqueologia"],"inLanguage":"pt-BR","potentialAction":[{"@type":"CommentAction","name":"Comment","target":["https:\/\/jornalfatosenoticias.com.br\/index.php\/2025\/01\/22\/encontrado-fossil-do-menor-gato-do-mundo-que-cabe-na-palma-da-mao\/#respond"]}]},{"@type":"WebPage","@id":"https:\/\/jornalfatosenoticias.com.br\/index.php\/2025\/01\/22\/encontrado-fossil-do-menor-gato-do-mundo-que-cabe-na-palma-da-mao\/","url":"https:\/\/jornalfatosenoticias.com.br\/index.php\/2025\/01\/22\/encontrado-fossil-do-menor-gato-do-mundo-que-cabe-na-palma-da-mao\/","name":"Encontrado f\u00f3ssil do menor gato do mundo que cabe na palma da m\u00e3o - Jornal Fatos e Not\u00edcias","isPartOf":{"@id":"https:\/\/jornalfatosenoticias.com.br\/#website"},"primaryImageOfPage":{"@id":"https:\/\/jornalfatosenoticias.com.br\/index.php\/2025\/01\/22\/encontrado-fossil-do-menor-gato-do-mundo-que-cabe-na-palma-da-mao\/#primaryimage"},"image":{"@id":"https:\/\/jornalfatosenoticias.com.br\/index.php\/2025\/01\/22\/encontrado-fossil-do-menor-gato-do-mundo-que-cabe-na-palma-da-mao\/#primaryimage"},"thumbnailUrl":"https:\/\/jornalfatosenoticias.com.br\/wp-content\/uploads\/2025\/01\/gato-ferrugem-manchado_Freepik.jpg","datePublished":"2025-01-22T13:30:50+00:00","dateModified":"2025-01-22T13:30:51+00:00","breadcrumb":{"@id":"https:\/\/jornalfatosenoticias.com.br\/index.php\/2025\/01\/22\/encontrado-fossil-do-menor-gato-do-mundo-que-cabe-na-palma-da-mao\/#breadcrumb"},"inLanguage":"pt-BR","potentialAction":[{"@type":"ReadAction","target":["https:\/\/jornalfatosenoticias.com.br\/index.php\/2025\/01\/22\/encontrado-fossil-do-menor-gato-do-mundo-que-cabe-na-palma-da-mao\/"]}]},{"@type":"ImageObject","inLanguage":"pt-BR","@id":"https:\/\/jornalfatosenoticias.com.br\/index.php\/2025\/01\/22\/encontrado-fossil-do-menor-gato-do-mundo-que-cabe-na-palma-da-mao\/#primaryimage","url":"https:\/\/jornalfatosenoticias.com.br\/wp-content\/uploads\/2025\/01\/gato-ferrugem-manchado_Freepik.jpg","contentUrl":"https:\/\/jornalfatosenoticias.com.br\/wp-content\/uploads\/2025\/01\/gato-ferrugem-manchado_Freepik.jpg","width":1000,"height":667,"caption":"A beautiful shot of a bengal cat curiously staring at the camera with a blurred background"},{"@type":"BreadcrumbList","@id":"https:\/\/jornalfatosenoticias.com.br\/index.php\/2025\/01\/22\/encontrado-fossil-do-menor-gato-do-mundo-que-cabe-na-palma-da-mao\/#breadcrumb","itemListElement":[{"@type":"ListItem","position":1,"name":"In\u00edcio","item":"https:\/\/jornalfatosenoticias.com.br\/"},{"@type":"ListItem","position":2,"name":"Encontrado f\u00f3ssil do menor gato do mundo que cabe na palma da m\u00e3o"}]},{"@type":"WebSite","@id":"https:\/\/jornalfatosenoticias.com.br\/#website","url":"https:\/\/jornalfatosenoticias.com.br\/","name":"Jornal Fatos e Not\u00edcias","description":"Not\u00edcias em geral","publisher":{"@id":"https:\/\/jornalfatosenoticias.com.br\/#organization"},"potentialAction":[{"@type":"SearchAction","target":{"@type":"EntryPoint","urlTemplate":"https:\/\/jornalfatosenoticias.com.br\/?s={search_term_string}"},"query-input":{"@type":"PropertyValueSpecification","valueRequired":true,"valueName":"search_term_string"}}],"inLanguage":"pt-BR"},{"@type":"Organization","@id":"https:\/\/jornalfatosenoticias.com.br\/#organization","name":"Jornal Fatos e Not\u00edcias","url":"https:\/\/jornalfatosenoticias.com.br\/","logo":{"@type":"ImageObject","inLanguage":"pt-BR","@id":"https:\/\/jornalfatosenoticias.com.br\/#\/schema\/logo\/image\/","url":"https:\/\/jornalfatosenoticias.com.br\/wp-content\/uploads\/2020\/02\/logo120.png","contentUrl":"https:\/\/jornalfatosenoticias.com.br\/wp-content\/uploads\/2020\/02\/logo120.png","width":1227,"height":120,"caption":"Jornal Fatos e Not\u00edcias"},"image":{"@id":"https:\/\/jornalfatosenoticias.com.br\/#\/schema\/logo\/image\/"}},{"@type":"Person","@id":"https:\/\/jornalfatosenoticias.com.br\/#\/schema\/person\/d63837fa13ac8666eb9e74e0985d6f81","name":"Luzimara Fernandes","image":{"@type":"ImageObject","inLanguage":"pt-BR","@id":"https:\/\/jornalfatosenoticias.com.br\/#\/schema\/person\/image\/","url":"https:\/\/jornalfatosenoticias.com.br\/wp-content\/uploads\/2025\/05\/EU_portal.jpg","contentUrl":"https:\/\/jornalfatosenoticias.com.br\/wp-content\/uploads\/2025\/05\/EU_portal.jpg","caption":"Luzimara Fernandes"},"description":"Jornalista MTB 2358-ES","sameAs":["https:\/\/jornalfatosenoticias.com.br"],"url":"https:\/\/jornalfatosenoticias.com.br\/index.php\/author\/luzimara\/"}]}},"cc_featured_image_caption":{"caption_text":"(Foto: iStock) ","source_text":"","source_url":""},"jetpack_featured_media_url":"https:\/\/jornalfatosenoticias.com.br\/wp-content\/uploads\/2025\/01\/gato-ferrugem-manchado_Freepik.jpg","_links":{"self":[{"href":"https:\/\/jornalfatosenoticias.com.br\/index.php\/wp-json\/wp\/v2\/posts\/57006","targetHints":{"allow":["GET"]}}],"collection":[{"href":"https:\/\/jornalfatosenoticias.com.br\/index.php\/wp-json\/wp\/v2\/posts"}],"about":[{"href":"https:\/\/jornalfatosenoticias.com.br\/index.php\/wp-json\/wp\/v2\/types\/post"}],"author":[{"embeddable":true,"href":"https:\/\/jornalfatosenoticias.com.br\/index.php\/wp-json\/wp\/v2\/users\/2"}],"replies":[{"embeddable":true,"href":"https:\/\/jornalfatosenoticias.com.br\/index.php\/wp-json\/wp\/v2\/comments?post=57006"}],"version-history":[{"count":0,"href":"https:\/\/jornalfatosenoticias.com.br\/index.php\/wp-json\/wp\/v2\/posts\/57006\/revisions"}],"wp:featuredmedia":[{"embeddable":true,"href":"https:\/\/jornalfatosenoticias.com.br\/index.php\/wp-json\/wp\/v2\/media\/57007"}],"wp:attachment":[{"href":"https:\/\/jornalfatosenoticias.com.br\/index.php\/wp-json\/wp\/v2\/media?parent=57006"}],"wp:term":[{"taxonomy":"category","embeddable":true,"href":"https:\/\/jornalfatosenoticias.com.br\/index.php\/wp-json\/wp\/v2\/categories?post=57006"},{"taxonomy":"post_tag","embeddable":true,"href":"https:\/\/jornalfatosenoticias.com.br\/index.php\/wp-json\/wp\/v2\/tags?post=57006"}],"curies":[{"name":"wp","href":"https:\/\/api.w.org\/{rel}","templated":true}]}}