{"id":57018,"date":"2025-01-22T11:46:39","date_gmt":"2025-01-22T14:46:39","guid":{"rendered":"https:\/\/jornalfatosenoticias.com.br\/?p=57018"},"modified":"2025-01-22T11:46:40","modified_gmt":"2025-01-22T14:46:40","slug":"seis-em-cada-10-veem-brasil-na-direcao-errada-com-lula-diz-pesquisa-mundial","status":"publish","type":"post","link":"https:\/\/jornalfatosenoticias.com.br\/index.php\/2025\/01\/22\/seis-em-cada-10-veem-brasil-na-direcao-errada-com-lula-diz-pesquisa-mundial\/","title":{"rendered":"Seis em cada 10 veem Brasil \u201cna dire\u00e7\u00e3o errada\u201d com Lula, diz pesquisa mundial"},"content":{"rendered":"\n<p><em><span class=\"has-inline-color has-black-color\">Levantamento aponta temor principalmente com economia e viol\u00eancia ap\u00f3s dois anos deste terceiro mandato de Lula<\/span><\/em><\/p>\n\n\n\n<p><span class=\"has-inline-color has-black-color\">Por <strong><a href=\"https:\/\/www.gazetadopovo.com.br\/autor\/guilherme-grandi\/\">Guilherme Grandi<\/a><\/strong><\/span><\/p>\n\n\n\n<div class=\"wp-block-image\"><figure class=\"aligncenter size-large\"><a href=\"https:\/\/www.instagram.com\/vmais.midias\/\"><img loading=\"lazy\" decoding=\"async\" width=\"1024\" height=\"110\" src=\"https:\/\/jornalfatosenoticias.com.br\/wp-content\/uploads\/2020\/02\/DE-MAIS-DESTAQUE-VMAIS-1120X120-1024x110.png\" alt=\"\" class=\"wp-image-53110\" srcset=\"https:\/\/jornalfatosenoticias.com.br\/wp-content\/uploads\/2020\/02\/DE-MAIS-DESTAQUE-VMAIS-1120X120-1024x110.png 1024w, https:\/\/jornalfatosenoticias.com.br\/wp-content\/uploads\/2020\/02\/DE-MAIS-DESTAQUE-VMAIS-1120X120-300x32.png 300w, https:\/\/jornalfatosenoticias.com.br\/wp-content\/uploads\/2020\/02\/DE-MAIS-DESTAQUE-VMAIS-1120X120-768x82.png 768w, https:\/\/jornalfatosenoticias.com.br\/wp-content\/uploads\/2020\/02\/DE-MAIS-DESTAQUE-VMAIS-1120X120.png 1120w\" sizes=\"auto, (max-width: 1024px) 100vw, 1024px\" \/><\/a><\/figure><\/div>\n\n\n\n<p>Um levantamento do Instituto Ipsos divulgado nesta ter\u00e7a-feira (21) pelo jornal O Globo revelou que 63% dos brasileiros acreditam que o pa\u00eds est\u00e1 \u201cna dire\u00e7\u00e3o errada\u201d. O resultado, que compila a percep\u00e7\u00e3o dos entrevistados referente a 2024, mostra um aumento de nove pontos percentuais em rela\u00e7\u00e3o ao mesmo per\u00edodo do ano anterior, evidenciando o aumento da insatisfa\u00e7\u00e3o no segundo ano do governo de Luiz In\u00e1cio Lula da Silva (PT).<br>A percep\u00e7\u00e3o negativa est\u00e1 diretamente ligada \u00e0 situa\u00e7\u00e3o econ\u00f4mica de acordo com a pesquisa \u201cWhat Worries the World\u201d. O Ipsos apontou que dois ter\u00e7os da popula\u00e7\u00e3o (65%) avaliam que a economia vai \u201cmal\u201d, enquanto apenas 35% enxergam um cen\u00e1rio positivo. Em compara\u00e7\u00e3o com dezembro de 2023, os n\u00fameros pioraram: naquele per\u00edodo, 61% consideravam a economia ruim, contra 39% que tinham uma vis\u00e3o otimista.<\/p>\n\n\n\n<div class=\"wp-block-image\"><figure class=\"aligncenter size-large is-resized\"><a href=\"https:\/\/www.controlsystems.com.br\/\"><img loading=\"lazy\" decoding=\"async\" src=\"https:\/\/jornalfatosenoticias.com.br\/wp-content\/uploads\/2020\/02\/CONTROL-CS.jpg\" alt=\"\" class=\"wp-image-44991\" width=\"315\" height=\"377\" srcset=\"https:\/\/jornalfatosenoticias.com.br\/wp-content\/uploads\/2020\/02\/CONTROL-CS.jpg 834w, https:\/\/jornalfatosenoticias.com.br\/wp-content\/uploads\/2020\/02\/CONTROL-CS-250x300.jpg 250w, https:\/\/jornalfatosenoticias.com.br\/wp-content\/uploads\/2020\/02\/CONTROL-CS-768x921.jpg 768w\" sizes=\"auto, (max-width: 315px) 100vw, 315px\" \/><\/a><\/figure><\/div>\n\n\n\n<p>O CEO do Ipsos, Marcos Calliari, atribui o descontentamento a fatores como a demora do governo em apresentar um pacote fiscal para cortes de gastos, baixos \u00edndices de aprova\u00e7\u00e3o tanto do governo federal quanto do ministro Fernando Haddad, da Fazenda, al\u00e9m de quest\u00f5es relativas a problemas estruturais, como crimes policiais de grande repercuss\u00e3o.<\/p>\n\n\n\n<div class=\"wp-block-image\"><figure class=\"aligncenter size-large\"><a href=\"http:\/\/www.ferrarimaquinas.com.br\/\"><img loading=\"lazy\" decoding=\"async\" width=\"300\" height=\"250\" src=\"https:\/\/jornalfatosenoticias.com.br\/wp-content\/uploads\/2022\/02\/FERRARI_MAQUINAS-E-FERRAMENTAS2.jpg\" alt=\"\" class=\"wp-image-27860\"\/><\/a><\/figure><\/div>\n\n\n\n<blockquote class=\"wp-block-quote is-layout-flow wp-block-quote-is-layout-flow\"><p><span class=\"has-inline-color has-luminous-vivid-orange-color\">O \u00faltimo ano foi marcado por quedas na avalia\u00e7\u00e3o do governo [\u2026] inegavelmente escancarando problemas estruturais da nossa sociedade\u201d, afirmou Calliari.<\/span><\/p><\/blockquote>\n\n\n\n<div class=\"wp-block-image\"><figure class=\"aligncenter size-large is-resized\"><a href=\"https:\/\/www.instagram.com\/rcradiadores\/\"><img loading=\"lazy\" decoding=\"async\" src=\"https:\/\/jornalfatosenoticias.com.br\/wp-content\/uploads\/2022\/10\/RC_800x750_page-0001.jpg\" alt=\"\" class=\"wp-image-35338\" width=\"321\" height=\"301\" srcset=\"https:\/\/jornalfatosenoticias.com.br\/wp-content\/uploads\/2022\/10\/RC_800x750_page-0001.jpg 400w, https:\/\/jornalfatosenoticias.com.br\/wp-content\/uploads\/2022\/10\/RC_800x750_page-0001-300x281.jpg 300w\" sizes=\"auto, (max-width: 321px) 100vw, 321px\" \/><\/a><\/figure><\/div>\n\n\n\n<p>A infla\u00e7\u00e3o tamb\u00e9m figura entre as preocupa\u00e7\u00f5es crescentes dos brasileiros, com 26% das men\u00e7\u00f5es, dois pontos percentuais acima de novembro e quatro a mais do que no ano anterior. Calliari aponta que os gastos de fim de ano e a instabilidade econ\u00f4mica, marcada pela alta do d\u00f3lar e pela queda da Bolsa de Valores, intensificaram esse temor.<\/p>\n\n\n\n<div class=\"wp-block-image\"><figure class=\"aligncenter size-large is-resized\"><a href=\"https:\/\/www.instagram.com\/serra4x4cambioautomatico\/\"><img loading=\"lazy\" decoding=\"async\" src=\"https:\/\/jornalfatosenoticias.com.br\/wp-content\/uploads\/2024\/08\/Serra-4x4-1-886x1024.jpg\" alt=\"\" class=\"wp-image-53632\" width=\"315\" height=\"364\" srcset=\"https:\/\/jornalfatosenoticias.com.br\/wp-content\/uploads\/2024\/08\/Serra-4x4-1-886x1024.jpg 886w, https:\/\/jornalfatosenoticias.com.br\/wp-content\/uploads\/2024\/08\/Serra-4x4-1-260x300.jpg 260w, https:\/\/jornalfatosenoticias.com.br\/wp-content\/uploads\/2024\/08\/Serra-4x4-1-768x888.jpg 768w, https:\/\/jornalfatosenoticias.com.br\/wp-content\/uploads\/2024\/08\/Serra-4x4-1.jpg 1181w\" sizes=\"auto, (max-width: 315px) 100vw, 315px\" \/><\/a><\/figure><\/div>\n\n\n\n<p>Apesar disso, os problemas mais citados pela popula\u00e7\u00e3o permanecem os mesmos: crime e viol\u00eancia (41%), sa\u00fade (38%) e pobreza e desigualdade social (37%). O Brasil ocupa a oitava posi\u00e7\u00e3o entre os 29 pa\u00edses analisados no quesito preocupa\u00e7\u00e3o com a viol\u00eancia, tema que continua central no debate p\u00fablico.<\/p>\n\n\n\n<div class=\"wp-block-image\"><figure class=\"aligncenter size-large is-resized\"><a href=\"https:\/\/panper.com.br\/\"><img loading=\"lazy\" decoding=\"async\" src=\"https:\/\/jornalfatosenoticias.com.br\/wp-content\/uploads\/2023\/03\/logo-Panper_portal.jpg\" alt=\"\" class=\"wp-image-40208\" width=\"297\" height=\"206\" srcset=\"https:\/\/jornalfatosenoticias.com.br\/wp-content\/uploads\/2023\/03\/logo-Panper_portal.jpg 400w, https:\/\/jornalfatosenoticias.com.br\/wp-content\/uploads\/2023\/03\/logo-Panper_portal-300x208.jpg 300w\" sizes=\"auto, (max-width: 297px) 100vw, 297px\" \/><\/a><\/figure><\/div>\n\n\n\n<p>De acordo com ele, o temor \u201cse justifica por in\u00fameros crimes midi\u00e1ticos\u201d, como o assassinato do delator do PCC, Vinicius Gritzbach, no Aeroporto Internacional de S\u00e3o Paulo\/Guarulhos. O executivo tamb\u00e9m apontou o caso do flagrante de um policial militar arremessando um homem de uma ponte na Zona Sul de S\u00e3o Paulo.<\/p>\n\n\n\n<div class=\"wp-block-image\"><figure class=\"aligncenter size-large\"><a href=\"https:\/\/www.facebook.com\/vetor.vix\/\"><img loading=\"lazy\" decoding=\"async\" width=\"1024\" height=\"273\" src=\"https:\/\/jornalfatosenoticias.com.br\/wp-content\/uploads\/2023\/09\/vetorvix1024_1.jpg\" alt=\"\" class=\"wp-image-44868\" srcset=\"https:\/\/jornalfatosenoticias.com.br\/wp-content\/uploads\/2023\/09\/vetorvix1024_1.jpg 1024w, https:\/\/jornalfatosenoticias.com.br\/wp-content\/uploads\/2023\/09\/vetorvix1024_1-300x80.jpg 300w, https:\/\/jornalfatosenoticias.com.br\/wp-content\/uploads\/2023\/09\/vetorvix1024_1-768x205.jpg 768w\" sizes=\"auto, (max-width: 1024px) 100vw, 1024px\" \/><\/a><\/figure><\/div>\n\n\n\n<p>A pesquisa foi realizada entre 22 de novembro e 6 de dezembro de 2024, por meio de um painel on-line com 23.287 pessoas de 29 pa\u00edses. No Brasil, participaram cerca de mil respondentes com idades entre 16 e 74 anos. A margem de erro estimada \u00e9 de 3,5 pontos percentuais.<\/p>\n\n\n\n<div class=\"wp-block-image\"><figure class=\"aligncenter size-large is-resized\"><a href=\"https:\/\/www.ithbrasil.com.br\/\"><img loading=\"lazy\" decoding=\"async\" src=\"https:\/\/jornalfatosenoticias.com.br\/wp-content\/uploads\/2023\/08\/ITH.jpeg\" alt=\"\" class=\"wp-image-44638\" width=\"339\" height=\"275\" srcset=\"https:\/\/jornalfatosenoticias.com.br\/wp-content\/uploads\/2023\/08\/ITH.jpeg 800w, https:\/\/jornalfatosenoticias.com.br\/wp-content\/uploads\/2023\/08\/ITH-300x244.jpeg 300w, https:\/\/jornalfatosenoticias.com.br\/wp-content\/uploads\/2023\/08\/ITH-768x624.jpeg 768w\" sizes=\"auto, (max-width: 339px) 100vw, 339px\" \/><\/a><\/figure><\/div>\n\n\n\n<p><strong><em>Fonte: <a href=\"https:\/\/www.gazetadopovo.com.br\/republica\/seis-cada-10-brasil-direcao-errada-lula-pesquisa-mundial\/\">Gazeta do Povo<\/a><\/em><\/strong><\/p>\n","protected":false},"excerpt":{"rendered":"<p>Levantamento aponta temor principalmente com economia e viol\u00eancia ap\u00f3s dois anos deste terceiro mandato de Lula Por Guilherme Grandi Um levantamento do Instituto Ipsos divulgado nesta ter\u00e7a-feira (21) pelo jornal O Globo revelou que 63% dos brasileiros acreditam que o pa\u00eds est\u00e1 \u201cna dire\u00e7\u00e3o errada\u201d. O resultado, que compila a percep\u00e7\u00e3o dos entrevistados referente a [&hellip;]<\/p>\n","protected":false},"author":2,"featured_media":56495,"comment_status":"open","ping_status":"open","sticky":false,"template":"","format":"standard","meta":{"footnotes":""},"categories":[10],"tags":[18155,25819,7580,115],"class_list":["post-57018","post","type-post","status-publish","format-standard","has-post-thumbnail","hentry","category-politica","tag-fernando-haddad","tag-instituto-ipsos","tag-lula","tag-pesquisa"],"yoast_head":"<!-- This site is optimized with the Yoast SEO plugin v26.5 - https:\/\/yoast.com\/wordpress\/plugins\/seo\/ -->\n<title>Seis em cada 10 veem Brasil \u201cna dire\u00e7\u00e3o errada\u201d com Lula, diz pesquisa mundial - Jornal Fatos e Not\u00edcias<\/title>\n<meta name=\"robots\" content=\"index, follow, max-snippet:-1, max-image-preview:large, max-video-preview:-1\" \/>\n<link rel=\"canonical\" href=\"https:\/\/jornalfatosenoticias.com.br\/index.php\/2025\/01\/22\/seis-em-cada-10-veem-brasil-na-direcao-errada-com-lula-diz-pesquisa-mundial\/\" \/>\n<meta property=\"og:locale\" content=\"pt_BR\" \/>\n<meta property=\"og:type\" content=\"article\" \/>\n<meta property=\"og:title\" content=\"Seis em cada 10 veem Brasil \u201cna dire\u00e7\u00e3o errada\u201d com Lula, diz pesquisa mundial - Jornal Fatos e Not\u00edcias\" \/>\n<meta property=\"og:description\" content=\"Levantamento aponta temor principalmente com economia e viol\u00eancia ap\u00f3s dois anos deste terceiro mandato de Lula Por Guilherme Grandi Um levantamento do Instituto Ipsos divulgado nesta ter\u00e7a-feira (21) pelo jornal O Globo revelou que 63% dos brasileiros acreditam que o pa\u00eds est\u00e1 \u201cna dire\u00e7\u00e3o errada\u201d. O resultado, que compila a percep\u00e7\u00e3o dos entrevistados referente a [&hellip;]\" \/>\n<meta property=\"og:url\" content=\"https:\/\/jornalfatosenoticias.com.br\/index.php\/2025\/01\/22\/seis-em-cada-10-veem-brasil-na-direcao-errada-com-lula-diz-pesquisa-mundial\/\" \/>\n<meta property=\"og:site_name\" content=\"Jornal Fatos e Not\u00edcias\" \/>\n<meta property=\"article:published_time\" content=\"2025-01-22T14:46:39+00:00\" \/>\n<meta property=\"article:modified_time\" content=\"2025-01-22T14:46:40+00:00\" \/>\n<meta property=\"og:image\" content=\"https:\/\/jornalfatosenoticias.com.br\/wp-content\/uploads\/2024\/12\/lula-molusco_gettyimages.jpg\" \/>\n\t<meta property=\"og:image:width\" content=\"612\" \/>\n\t<meta property=\"og:image:height\" content=\"408\" \/>\n\t<meta property=\"og:image:type\" content=\"image\/jpeg\" \/>\n<meta name=\"author\" content=\"Luzimara Fernandes\" \/>\n<meta name=\"twitter:card\" content=\"summary_large_image\" \/>\n<meta name=\"twitter:label1\" content=\"Escrito por\" \/>\n\t<meta name=\"twitter:data1\" content=\"Luzimara Fernandes\" \/>\n\t<meta name=\"twitter:label2\" content=\"Est. tempo de leitura\" \/>\n\t<meta name=\"twitter:data2\" content=\"2 minutos\" \/>\n<script type=\"application\/ld+json\" class=\"yoast-schema-graph\">{\"@context\":\"https:\/\/schema.org\",\"@graph\":[{\"@type\":\"Article\",\"@id\":\"https:\/\/jornalfatosenoticias.com.br\/index.php\/2025\/01\/22\/seis-em-cada-10-veem-brasil-na-direcao-errada-com-lula-diz-pesquisa-mundial\/#article\",\"isPartOf\":{\"@id\":\"https:\/\/jornalfatosenoticias.com.br\/index.php\/2025\/01\/22\/seis-em-cada-10-veem-brasil-na-direcao-errada-com-lula-diz-pesquisa-mundial\/\"},\"author\":{\"name\":\"Luzimara Fernandes\",\"@id\":\"https:\/\/jornalfatosenoticias.com.br\/#\/schema\/person\/d63837fa13ac8666eb9e74e0985d6f81\"},\"headline\":\"Seis em cada 10 veem Brasil \u201cna dire\u00e7\u00e3o errada\u201d com Lula, diz pesquisa mundial\",\"datePublished\":\"2025-01-22T14:46:39+00:00\",\"dateModified\":\"2025-01-22T14:46:40+00:00\",\"mainEntityOfPage\":{\"@id\":\"https:\/\/jornalfatosenoticias.com.br\/index.php\/2025\/01\/22\/seis-em-cada-10-veem-brasil-na-direcao-errada-com-lula-diz-pesquisa-mundial\/\"},\"wordCount\":470,\"commentCount\":0,\"publisher\":{\"@id\":\"https:\/\/jornalfatosenoticias.com.br\/#organization\"},\"image\":{\"@id\":\"https:\/\/jornalfatosenoticias.com.br\/index.php\/2025\/01\/22\/seis-em-cada-10-veem-brasil-na-direcao-errada-com-lula-diz-pesquisa-mundial\/#primaryimage\"},\"thumbnailUrl\":\"https:\/\/jornalfatosenoticias.com.br\/wp-content\/uploads\/2024\/12\/lula-molusco_gettyimages.jpg\",\"keywords\":[\"Fernando Haddad\",\"Instituto Ipsos\",\"Lula\",\"pesquisa\"],\"articleSection\":[\"Pol\u00edtica\"],\"inLanguage\":\"pt-BR\",\"potentialAction\":[{\"@type\":\"CommentAction\",\"name\":\"Comment\",\"target\":[\"https:\/\/jornalfatosenoticias.com.br\/index.php\/2025\/01\/22\/seis-em-cada-10-veem-brasil-na-direcao-errada-com-lula-diz-pesquisa-mundial\/#respond\"]}]},{\"@type\":\"WebPage\",\"@id\":\"https:\/\/jornalfatosenoticias.com.br\/index.php\/2025\/01\/22\/seis-em-cada-10-veem-brasil-na-direcao-errada-com-lula-diz-pesquisa-mundial\/\",\"url\":\"https:\/\/jornalfatosenoticias.com.br\/index.php\/2025\/01\/22\/seis-em-cada-10-veem-brasil-na-direcao-errada-com-lula-diz-pesquisa-mundial\/\",\"name\":\"Seis em cada 10 veem Brasil \u201cna dire\u00e7\u00e3o errada\u201d com Lula, diz pesquisa mundial - Jornal Fatos e Not\u00edcias\",\"isPartOf\":{\"@id\":\"https:\/\/jornalfatosenoticias.com.br\/#website\"},\"primaryImageOfPage\":{\"@id\":\"https:\/\/jornalfatosenoticias.com.br\/index.php\/2025\/01\/22\/seis-em-cada-10-veem-brasil-na-direcao-errada-com-lula-diz-pesquisa-mundial\/#primaryimage\"},\"image\":{\"@id\":\"https:\/\/jornalfatosenoticias.com.br\/index.php\/2025\/01\/22\/seis-em-cada-10-veem-brasil-na-direcao-errada-com-lula-diz-pesquisa-mundial\/#primaryimage\"},\"thumbnailUrl\":\"https:\/\/jornalfatosenoticias.com.br\/wp-content\/uploads\/2024\/12\/lula-molusco_gettyimages.jpg\",\"datePublished\":\"2025-01-22T14:46:39+00:00\",\"dateModified\":\"2025-01-22T14:46:40+00:00\",\"breadcrumb\":{\"@id\":\"https:\/\/jornalfatosenoticias.com.br\/index.php\/2025\/01\/22\/seis-em-cada-10-veem-brasil-na-direcao-errada-com-lula-diz-pesquisa-mundial\/#breadcrumb\"},\"inLanguage\":\"pt-BR\",\"potentialAction\":[{\"@type\":\"ReadAction\",\"target\":[\"https:\/\/jornalfatosenoticias.com.br\/index.php\/2025\/01\/22\/seis-em-cada-10-veem-brasil-na-direcao-errada-com-lula-diz-pesquisa-mundial\/\"]}]},{\"@type\":\"ImageObject\",\"inLanguage\":\"pt-BR\",\"@id\":\"https:\/\/jornalfatosenoticias.com.br\/index.php\/2025\/01\/22\/seis-em-cada-10-veem-brasil-na-direcao-errada-com-lula-diz-pesquisa-mundial\/#primaryimage\",\"url\":\"https:\/\/jornalfatosenoticias.com.br\/wp-content\/uploads\/2024\/12\/lula-molusco_gettyimages.jpg\",\"contentUrl\":\"https:\/\/jornalfatosenoticias.com.br\/wp-content\/uploads\/2024\/12\/lula-molusco_gettyimages.jpg\",\"width\":612,\"height\":408,\"caption\":\"Brazil's President Luiz Inacio Lula da Silva attends the sanctioning of a bill at the Planalto Palace in Brasilia, Brazil, on November 6, 2024, after congratulating President-elect Donald Trump on his victory as president of the United States. (Photo by Ton Molina\/NurPhoto via Getty Images)\"},{\"@type\":\"BreadcrumbList\",\"@id\":\"https:\/\/jornalfatosenoticias.com.br\/index.php\/2025\/01\/22\/seis-em-cada-10-veem-brasil-na-direcao-errada-com-lula-diz-pesquisa-mundial\/#breadcrumb\",\"itemListElement\":[{\"@type\":\"ListItem\",\"position\":1,\"name\":\"In\u00edcio\",\"item\":\"https:\/\/jornalfatosenoticias.com.br\/\"},{\"@type\":\"ListItem\",\"position\":2,\"name\":\"Seis em cada 10 veem Brasil \u201cna dire\u00e7\u00e3o errada\u201d com Lula, diz pesquisa mundial\"}]},{\"@type\":\"WebSite\",\"@id\":\"https:\/\/jornalfatosenoticias.com.br\/#website\",\"url\":\"https:\/\/jornalfatosenoticias.com.br\/\",\"name\":\"Jornal Fatos e Not\u00edcias\",\"description\":\"Not\u00edcias em geral\",\"publisher\":{\"@id\":\"https:\/\/jornalfatosenoticias.com.br\/#organization\"},\"potentialAction\":[{\"@type\":\"SearchAction\",\"target\":{\"@type\":\"EntryPoint\",\"urlTemplate\":\"https:\/\/jornalfatosenoticias.com.br\/?s={search_term_string}\"},\"query-input\":{\"@type\":\"PropertyValueSpecification\",\"valueRequired\":true,\"valueName\":\"search_term_string\"}}],\"inLanguage\":\"pt-BR\"},{\"@type\":\"Organization\",\"@id\":\"https:\/\/jornalfatosenoticias.com.br\/#organization\",\"name\":\"Jornal Fatos e Not\u00edcias\",\"url\":\"https:\/\/jornalfatosenoticias.com.br\/\",\"logo\":{\"@type\":\"ImageObject\",\"inLanguage\":\"pt-BR\",\"@id\":\"https:\/\/jornalfatosenoticias.com.br\/#\/schema\/logo\/image\/\",\"url\":\"https:\/\/jornalfatosenoticias.com.br\/wp-content\/uploads\/2020\/02\/logo120.png\",\"contentUrl\":\"https:\/\/jornalfatosenoticias.com.br\/wp-content\/uploads\/2020\/02\/logo120.png\",\"width\":1227,\"height\":120,\"caption\":\"Jornal Fatos e Not\u00edcias\"},\"image\":{\"@id\":\"https:\/\/jornalfatosenoticias.com.br\/#\/schema\/logo\/image\/\"}},{\"@type\":\"Person\",\"@id\":\"https:\/\/jornalfatosenoticias.com.br\/#\/schema\/person\/d63837fa13ac8666eb9e74e0985d6f81\",\"name\":\"Luzimara Fernandes\",\"image\":{\"@type\":\"ImageObject\",\"inLanguage\":\"pt-BR\",\"@id\":\"https:\/\/jornalfatosenoticias.com.br\/#\/schema\/person\/image\/\",\"url\":\"https:\/\/jornalfatosenoticias.com.br\/wp-content\/uploads\/2025\/05\/EU_portal.jpg\",\"contentUrl\":\"https:\/\/jornalfatosenoticias.com.br\/wp-content\/uploads\/2025\/05\/EU_portal.jpg\",\"caption\":\"Luzimara Fernandes\"},\"description\":\"Jornalista MTB 2358-ES\",\"sameAs\":[\"https:\/\/jornalfatosenoticias.com.br\"],\"url\":\"https:\/\/jornalfatosenoticias.com.br\/index.php\/author\/luzimara\/\"}]}<\/script>\n<!-- \/ Yoast SEO plugin. -->","yoast_head_json":{"title":"Seis em cada 10 veem Brasil \u201cna dire\u00e7\u00e3o errada\u201d com Lula, diz pesquisa mundial - Jornal Fatos e Not\u00edcias","robots":{"index":"index","follow":"follow","max-snippet":"max-snippet:-1","max-image-preview":"max-image-preview:large","max-video-preview":"max-video-preview:-1"},"canonical":"https:\/\/jornalfatosenoticias.com.br\/index.php\/2025\/01\/22\/seis-em-cada-10-veem-brasil-na-direcao-errada-com-lula-diz-pesquisa-mundial\/","og_locale":"pt_BR","og_type":"article","og_title":"Seis em cada 10 veem Brasil \u201cna dire\u00e7\u00e3o errada\u201d com Lula, diz pesquisa mundial - Jornal Fatos e Not\u00edcias","og_description":"Levantamento aponta temor principalmente com economia e viol\u00eancia ap\u00f3s dois anos deste terceiro mandato de Lula Por Guilherme Grandi Um levantamento do Instituto Ipsos divulgado nesta ter\u00e7a-feira (21) pelo jornal O Globo revelou que 63% dos brasileiros acreditam que o pa\u00eds est\u00e1 \u201cna dire\u00e7\u00e3o errada\u201d. O resultado, que compila a percep\u00e7\u00e3o dos entrevistados referente a [&hellip;]","og_url":"https:\/\/jornalfatosenoticias.com.br\/index.php\/2025\/01\/22\/seis-em-cada-10-veem-brasil-na-direcao-errada-com-lula-diz-pesquisa-mundial\/","og_site_name":"Jornal Fatos e Not\u00edcias","article_published_time":"2025-01-22T14:46:39+00:00","article_modified_time":"2025-01-22T14:46:40+00:00","og_image":[{"width":612,"height":408,"url":"https:\/\/jornalfatosenoticias.com.br\/wp-content\/uploads\/2024\/12\/lula-molusco_gettyimages.jpg","type":"image\/jpeg"}],"author":"Luzimara Fernandes","twitter_card":"summary_large_image","twitter_misc":{"Escrito por":"Luzimara Fernandes","Est. tempo de leitura":"2 minutos"},"schema":{"@context":"https:\/\/schema.org","@graph":[{"@type":"Article","@id":"https:\/\/jornalfatosenoticias.com.br\/index.php\/2025\/01\/22\/seis-em-cada-10-veem-brasil-na-direcao-errada-com-lula-diz-pesquisa-mundial\/#article","isPartOf":{"@id":"https:\/\/jornalfatosenoticias.com.br\/index.php\/2025\/01\/22\/seis-em-cada-10-veem-brasil-na-direcao-errada-com-lula-diz-pesquisa-mundial\/"},"author":{"name":"Luzimara Fernandes","@id":"https:\/\/jornalfatosenoticias.com.br\/#\/schema\/person\/d63837fa13ac8666eb9e74e0985d6f81"},"headline":"Seis em cada 10 veem Brasil \u201cna dire\u00e7\u00e3o errada\u201d com Lula, diz pesquisa mundial","datePublished":"2025-01-22T14:46:39+00:00","dateModified":"2025-01-22T14:46:40+00:00","mainEntityOfPage":{"@id":"https:\/\/jornalfatosenoticias.com.br\/index.php\/2025\/01\/22\/seis-em-cada-10-veem-brasil-na-direcao-errada-com-lula-diz-pesquisa-mundial\/"},"wordCount":470,"commentCount":0,"publisher":{"@id":"https:\/\/jornalfatosenoticias.com.br\/#organization"},"image":{"@id":"https:\/\/jornalfatosenoticias.com.br\/index.php\/2025\/01\/22\/seis-em-cada-10-veem-brasil-na-direcao-errada-com-lula-diz-pesquisa-mundial\/#primaryimage"},"thumbnailUrl":"https:\/\/jornalfatosenoticias.com.br\/wp-content\/uploads\/2024\/12\/lula-molusco_gettyimages.jpg","keywords":["Fernando Haddad","Instituto Ipsos","Lula","pesquisa"],"articleSection":["Pol\u00edtica"],"inLanguage":"pt-BR","potentialAction":[{"@type":"CommentAction","name":"Comment","target":["https:\/\/jornalfatosenoticias.com.br\/index.php\/2025\/01\/22\/seis-em-cada-10-veem-brasil-na-direcao-errada-com-lula-diz-pesquisa-mundial\/#respond"]}]},{"@type":"WebPage","@id":"https:\/\/jornalfatosenoticias.com.br\/index.php\/2025\/01\/22\/seis-em-cada-10-veem-brasil-na-direcao-errada-com-lula-diz-pesquisa-mundial\/","url":"https:\/\/jornalfatosenoticias.com.br\/index.php\/2025\/01\/22\/seis-em-cada-10-veem-brasil-na-direcao-errada-com-lula-diz-pesquisa-mundial\/","name":"Seis em cada 10 veem Brasil \u201cna dire\u00e7\u00e3o errada\u201d com Lula, diz pesquisa mundial - Jornal Fatos e Not\u00edcias","isPartOf":{"@id":"https:\/\/jornalfatosenoticias.com.br\/#website"},"primaryImageOfPage":{"@id":"https:\/\/jornalfatosenoticias.com.br\/index.php\/2025\/01\/22\/seis-em-cada-10-veem-brasil-na-direcao-errada-com-lula-diz-pesquisa-mundial\/#primaryimage"},"image":{"@id":"https:\/\/jornalfatosenoticias.com.br\/index.php\/2025\/01\/22\/seis-em-cada-10-veem-brasil-na-direcao-errada-com-lula-diz-pesquisa-mundial\/#primaryimage"},"thumbnailUrl":"https:\/\/jornalfatosenoticias.com.br\/wp-content\/uploads\/2024\/12\/lula-molusco_gettyimages.jpg","datePublished":"2025-01-22T14:46:39+00:00","dateModified":"2025-01-22T14:46:40+00:00","breadcrumb":{"@id":"https:\/\/jornalfatosenoticias.com.br\/index.php\/2025\/01\/22\/seis-em-cada-10-veem-brasil-na-direcao-errada-com-lula-diz-pesquisa-mundial\/#breadcrumb"},"inLanguage":"pt-BR","potentialAction":[{"@type":"ReadAction","target":["https:\/\/jornalfatosenoticias.com.br\/index.php\/2025\/01\/22\/seis-em-cada-10-veem-brasil-na-direcao-errada-com-lula-diz-pesquisa-mundial\/"]}]},{"@type":"ImageObject","inLanguage":"pt-BR","@id":"https:\/\/jornalfatosenoticias.com.br\/index.php\/2025\/01\/22\/seis-em-cada-10-veem-brasil-na-direcao-errada-com-lula-diz-pesquisa-mundial\/#primaryimage","url":"https:\/\/jornalfatosenoticias.com.br\/wp-content\/uploads\/2024\/12\/lula-molusco_gettyimages.jpg","contentUrl":"https:\/\/jornalfatosenoticias.com.br\/wp-content\/uploads\/2024\/12\/lula-molusco_gettyimages.jpg","width":612,"height":408,"caption":"Brazil's President Luiz Inacio Lula da Silva attends the sanctioning of a bill at the Planalto Palace in Brasilia, Brazil, on November 6, 2024, after congratulating President-elect Donald Trump on his victory as president of the United States. (Photo by Ton Molina\/NurPhoto via Getty Images)"},{"@type":"BreadcrumbList","@id":"https:\/\/jornalfatosenoticias.com.br\/index.php\/2025\/01\/22\/seis-em-cada-10-veem-brasil-na-direcao-errada-com-lula-diz-pesquisa-mundial\/#breadcrumb","itemListElement":[{"@type":"ListItem","position":1,"name":"In\u00edcio","item":"https:\/\/jornalfatosenoticias.com.br\/"},{"@type":"ListItem","position":2,"name":"Seis em cada 10 veem Brasil \u201cna dire\u00e7\u00e3o errada\u201d com Lula, diz pesquisa mundial"}]},{"@type":"WebSite","@id":"https:\/\/jornalfatosenoticias.com.br\/#website","url":"https:\/\/jornalfatosenoticias.com.br\/","name":"Jornal Fatos e Not\u00edcias","description":"Not\u00edcias em geral","publisher":{"@id":"https:\/\/jornalfatosenoticias.com.br\/#organization"},"potentialAction":[{"@type":"SearchAction","target":{"@type":"EntryPoint","urlTemplate":"https:\/\/jornalfatosenoticias.com.br\/?s={search_term_string}"},"query-input":{"@type":"PropertyValueSpecification","valueRequired":true,"valueName":"search_term_string"}}],"inLanguage":"pt-BR"},{"@type":"Organization","@id":"https:\/\/jornalfatosenoticias.com.br\/#organization","name":"Jornal Fatos e Not\u00edcias","url":"https:\/\/jornalfatosenoticias.com.br\/","logo":{"@type":"ImageObject","inLanguage":"pt-BR","@id":"https:\/\/jornalfatosenoticias.com.br\/#\/schema\/logo\/image\/","url":"https:\/\/jornalfatosenoticias.com.br\/wp-content\/uploads\/2020\/02\/logo120.png","contentUrl":"https:\/\/jornalfatosenoticias.com.br\/wp-content\/uploads\/2020\/02\/logo120.png","width":1227,"height":120,"caption":"Jornal Fatos e Not\u00edcias"},"image":{"@id":"https:\/\/jornalfatosenoticias.com.br\/#\/schema\/logo\/image\/"}},{"@type":"Person","@id":"https:\/\/jornalfatosenoticias.com.br\/#\/schema\/person\/d63837fa13ac8666eb9e74e0985d6f81","name":"Luzimara Fernandes","image":{"@type":"ImageObject","inLanguage":"pt-BR","@id":"https:\/\/jornalfatosenoticias.com.br\/#\/schema\/person\/image\/","url":"https:\/\/jornalfatosenoticias.com.br\/wp-content\/uploads\/2025\/05\/EU_portal.jpg","contentUrl":"https:\/\/jornalfatosenoticias.com.br\/wp-content\/uploads\/2025\/05\/EU_portal.jpg","caption":"Luzimara Fernandes"},"description":"Jornalista MTB 2358-ES","sameAs":["https:\/\/jornalfatosenoticias.com.br"],"url":"https:\/\/jornalfatosenoticias.com.br\/index.php\/author\/luzimara\/"}]}},"cc_featured_image_caption":{"caption_text":"(Foto: Getty Images) ","source_text":"","source_url":""},"jetpack_featured_media_url":"https:\/\/jornalfatosenoticias.com.br\/wp-content\/uploads\/2024\/12\/lula-molusco_gettyimages.jpg","_links":{"self":[{"href":"https:\/\/jornalfatosenoticias.com.br\/index.php\/wp-json\/wp\/v2\/posts\/57018","targetHints":{"allow":["GET"]}}],"collection":[{"href":"https:\/\/jornalfatosenoticias.com.br\/index.php\/wp-json\/wp\/v2\/posts"}],"about":[{"href":"https:\/\/jornalfatosenoticias.com.br\/index.php\/wp-json\/wp\/v2\/types\/post"}],"author":[{"embeddable":true,"href":"https:\/\/jornalfatosenoticias.com.br\/index.php\/wp-json\/wp\/v2\/users\/2"}],"replies":[{"embeddable":true,"href":"https:\/\/jornalfatosenoticias.com.br\/index.php\/wp-json\/wp\/v2\/comments?post=57018"}],"version-history":[{"count":0,"href":"https:\/\/jornalfatosenoticias.com.br\/index.php\/wp-json\/wp\/v2\/posts\/57018\/revisions"}],"wp:featuredmedia":[{"embeddable":true,"href":"https:\/\/jornalfatosenoticias.com.br\/index.php\/wp-json\/wp\/v2\/media\/56495"}],"wp:attachment":[{"href":"https:\/\/jornalfatosenoticias.com.br\/index.php\/wp-json\/wp\/v2\/media?parent=57018"}],"wp:term":[{"taxonomy":"category","embeddable":true,"href":"https:\/\/jornalfatosenoticias.com.br\/index.php\/wp-json\/wp\/v2\/categories?post=57018"},{"taxonomy":"post_tag","embeddable":true,"href":"https:\/\/jornalfatosenoticias.com.br\/index.php\/wp-json\/wp\/v2\/tags?post=57018"}],"curies":[{"name":"wp","href":"https:\/\/api.w.org\/{rel}","templated":true}]}}