{"id":57071,"date":"2025-01-24T13:24:14","date_gmt":"2025-01-24T16:24:14","guid":{"rendered":"https:\/\/jornalfatosenoticias.com.br\/?p=57071"},"modified":"2025-01-24T13:24:16","modified_gmt":"2025-01-24T16:24:16","slug":"volta-as-aulas-dicas-para-a-adaptacao-de-criancas-a-uma-nova-escola","status":"publish","type":"post","link":"https:\/\/jornalfatosenoticias.com.br\/index.php\/2025\/01\/24\/volta-as-aulas-dicas-para-a-adaptacao-de-criancas-a-uma-nova-escola\/","title":{"rendered":"Volta \u00e0s aulas: dicas para a adapta\u00e7\u00e3o de crian\u00e7as a uma nova escola"},"content":{"rendered":"\n<p><span class=\"has-inline-color has-black-color\">Por <strong>Roberta Cassar\u00e1 Scalzaretto\/Bons Fluidos<\/strong><\/span><\/p>\n\n\n\n<div class=\"wp-block-image\"><figure class=\"aligncenter size-large\"><a href=\"https:\/\/mizu.com.br\/\"><img loading=\"lazy\" decoding=\"async\" width=\"729\" height=\"90\" src=\"https:\/\/jornalfatosenoticias.com.br\/wp-content\/uploads\/2020\/02\/Logo_Mizu.png\" alt=\"\" class=\"wp-image-1441\" srcset=\"https:\/\/jornalfatosenoticias.com.br\/wp-content\/uploads\/2020\/02\/Logo_Mizu.png 729w, https:\/\/jornalfatosenoticias.com.br\/wp-content\/uploads\/2020\/02\/Logo_Mizu-300x37.png 300w\" sizes=\"auto, (max-width: 729px) 100vw, 729px\" \/><\/a><\/figure><\/div>\n\n\n\n<p>Ap\u00f3s um per\u00edodo de f\u00e9rias, a volta \u00e0s aulas pode ser um momento de grande expectativa para alunos e professores. Principalmente, quando a escola \u00e9 nova. Essa etapa pode gerar desafios para as crian\u00e7as, especialmente ap\u00f3s tempos de distanciamento ou mudan\u00e7as significativas no contexto educacional. Como especialista em forma\u00e7\u00e3o de professores e uma trajet\u00f3ria dedicada a capacitar profissionais para lidarem com a diversidade de perfis e necessidades dos alunos, sei o quanto um ambiente acolhedor pode ser transformador para o sucesso de todos.<br>A escolha de um espa\u00e7o acolhedor n\u00e3o \u00e9 apenas uma quest\u00e3o de infraestrutura f\u00edsica, mas envolve uma atitude de empatia, escuta ativa e respeito pelas diferen\u00e7as de cada crian\u00e7a. A seguir, compartilho algumas dicas pr\u00e1ticas para um ambiente escolar adequado e criar um recome\u00e7o que priorize o bem-estar de todos.<\/p>\n\n\n\n<div class=\"wp-block-image\"><figure class=\"aligncenter size-large is-resized\"><a href=\"https:\/\/www.ithbrasil.com.br\/\"><img loading=\"lazy\" decoding=\"async\" src=\"https:\/\/jornalfatosenoticias.com.br\/wp-content\/uploads\/2023\/08\/ITH.jpeg\" alt=\"\" class=\"wp-image-44638\" width=\"299\" height=\"243\" srcset=\"https:\/\/jornalfatosenoticias.com.br\/wp-content\/uploads\/2023\/08\/ITH.jpeg 800w, https:\/\/jornalfatosenoticias.com.br\/wp-content\/uploads\/2023\/08\/ITH-300x244.jpeg 300w, https:\/\/jornalfatosenoticias.com.br\/wp-content\/uploads\/2023\/08\/ITH-768x624.jpeg 768w\" sizes=\"auto, (max-width: 299px) 100vw, 299px\" \/><\/a><\/figure><\/div>\n\n\n\n<p><strong><span class=\"has-inline-color has-vivid-purple-color\">Valorizar a diversidade e a individualidade dos alunos<br><\/span><\/strong>\u00c9 fundamental que, ao planejar o retorno \u00e0s aulas, o professor tenha em mente que cada aluno \u00e9 \u00fanico, com necessidades e ritmos de aprendizagem distintos. Dedique momentos para conhecer seus alunos logo no in\u00edcio do ano, por meio de atividades interativas e conversas informais. Essa aproxima\u00e7\u00e3o ajudar\u00e1 a identificar as diferentes formas de aprendizagem e a perceber os aspectos emocionais e sociais de cada crian\u00e7a. Ao valorizar a individualidade de cada um, criamos um espa\u00e7o onde todos se sentem respeitados e compreendidos, o que \u00e9 essencial para o desenvolvimento saud\u00e1vel e para a constru\u00e7\u00e3o de um ambiente educacional acolhedor.<\/p>\n\n\n\n<div class=\"wp-block-image\"><figure class=\"aligncenter size-large is-resized\"><a href=\"https:\/\/www.legisjuris.com.br\/\"><img loading=\"lazy\" decoding=\"async\" src=\"https:\/\/jornalfatosenoticias.com.br\/wp-content\/uploads\/2024\/09\/Legis-Juris-Consultoria_logo.jpg\" alt=\"\" class=\"wp-image-53915\" width=\"396\" height=\"166\" srcset=\"https:\/\/jornalfatosenoticias.com.br\/wp-content\/uploads\/2024\/09\/Legis-Juris-Consultoria_logo.jpg 969w, https:\/\/jornalfatosenoticias.com.br\/wp-content\/uploads\/2024\/09\/Legis-Juris-Consultoria_logo-300x126.jpg 300w, https:\/\/jornalfatosenoticias.com.br\/wp-content\/uploads\/2024\/09\/Legis-Juris-Consultoria_logo-768x322.jpg 768w\" sizes=\"auto, (max-width: 396px) 100vw, 396px\" \/><\/a><\/figure><\/div>\n\n\n\n<p><strong><span class=\"has-inline-color has-vivid-purple-color\">Organizar o espa\u00e7o f\u00edsico com carinho e funcionalidade<br><\/span><\/strong>A disposi\u00e7\u00e3o dos m\u00f3veis e a escolha de materiais pedag\u00f3gicos s\u00e3o essenciais para criar um ambiente que favore\u00e7a a aprendizagem e o acolhimento. Se poss\u00edvel, organize a sala de aula de maneira que favore\u00e7a a intera\u00e7\u00e3o, o movimento e o conforto. Utilize diferentes cantos e \u00e1reas que possam ser personalizados pelos alunos, como espa\u00e7os de leitura, de atividades manuais ou de reflex\u00e3o. Ao mesmo tempo, garanta que o ambiente seja funcional, permitindo que todos os alunos tenham acesso aos materiais e atividades com facilidade.<\/p>\n\n\n\n<div class=\"wp-block-image\"><figure class=\"aligncenter size-large is-resized\"><a href=\"https:\/\/www.instagram.com\/serra4x4cambioautomatico\/\"><img loading=\"lazy\" decoding=\"async\" src=\"https:\/\/jornalfatosenoticias.com.br\/wp-content\/uploads\/2024\/08\/Serra-4x4-1-886x1024.jpg\" alt=\"\" class=\"wp-image-53632\" width=\"305\" height=\"352\" srcset=\"https:\/\/jornalfatosenoticias.com.br\/wp-content\/uploads\/2024\/08\/Serra-4x4-1-886x1024.jpg 886w, https:\/\/jornalfatosenoticias.com.br\/wp-content\/uploads\/2024\/08\/Serra-4x4-1-260x300.jpg 260w, https:\/\/jornalfatosenoticias.com.br\/wp-content\/uploads\/2024\/08\/Serra-4x4-1-768x888.jpg 768w, https:\/\/jornalfatosenoticias.com.br\/wp-content\/uploads\/2024\/08\/Serra-4x4-1.jpg 1181w\" sizes=\"auto, (max-width: 305px) 100vw, 305px\" \/><\/a><\/figure><\/div>\n\n\n\n<p><strong><span class=\"has-inline-color has-vivid-purple-color\">Priorizar a comunica\u00e7\u00e3o afetiva e o di\u00e1logo<br><\/span><\/strong>Ao retornar \u00e0s aulas, a comunica\u00e7\u00e3o afetiva \u00e9 uma poderosa ferramenta para fortalecer v\u00ednculos e estabelecer um clima de confian\u00e7a. Dedique tempo para conversar com os alunos sobre como foi o per\u00edodo de f\u00e9rias, como est\u00e3o se sentindo e o que esperam para o novo ano letivo. Essa troca de informa\u00e7\u00f5es contribui para o processo de adapta\u00e7\u00e3o e transmite aos alunos que suas emo\u00e7\u00f5es s\u00e3o reconhecidas e valorizadas. No dia a dia da sala de aula, incentive o di\u00e1logo aberto, a troca de ideias e o respeito pelas opini\u00f5es dos colegas. A comunica\u00e7\u00e3o afetiva ajuda a criar um ambiente em que todos se sintam pertencentes.<\/p>\n\n\n\n<div class=\"wp-block-image\"><figure class=\"aligncenter size-large is-resized\"><a href=\"https:\/\/www.instagram.com\/vmais.midias\/\"><img loading=\"lazy\" decoding=\"async\" src=\"https:\/\/jornalfatosenoticias.com.br\/wp-content\/uploads\/2020\/02\/DE-MAIS-DESTAQUE-VMAIS-800X700.png\" alt=\"\" class=\"wp-image-53112\" width=\"311\" height=\"271\" srcset=\"https:\/\/jornalfatosenoticias.com.br\/wp-content\/uploads\/2020\/02\/DE-MAIS-DESTAQUE-VMAIS-800X700.png 800w, https:\/\/jornalfatosenoticias.com.br\/wp-content\/uploads\/2020\/02\/DE-MAIS-DESTAQUE-VMAIS-800X700-768x672.png 768w\" sizes=\"auto, (max-width: 311px) 100vw, 311px\" \/><\/a><\/figure><\/div>\n\n\n\n<p><strong><span class=\"has-inline-color has-vivid-purple-color\">Promover atividades inclusivas e de socializa\u00e7\u00e3o<br><\/span><\/strong>A volta \u00e0s aulas tamb\u00e9m \u00e9 uma oportunidade para estimular atividades que promovam a integra\u00e7\u00e3o entre os alunos, especialmente quando se trata de turmas novas ou de alunos que enfrentam dificuldades de socializa\u00e7\u00e3o. Planeje din\u00e2micas de grupo que favore\u00e7am a colabora\u00e7\u00e3o e a empatia. Jogos, rodas de conversa e atividades em pares s\u00e3o boas alternativas para fortalecer o relacionamento entre os estudantes. Al\u00e9m disso, \u00e9 importante promover pr\u00e1ticas inclusivas, garantindo que todos os alunos, independentemente de suas habilidades, se sintam parte do processo educacional.<\/p>\n\n\n\n<div class=\"wp-block-image\"><figure class=\"aligncenter size-large is-resized\"><a href=\"https:\/\/panper.com.br\/\"><img loading=\"lazy\" decoding=\"async\" src=\"https:\/\/jornalfatosenoticias.com.br\/wp-content\/uploads\/2023\/03\/logo-Panper_portal.jpg\" alt=\"\" class=\"wp-image-40208\" width=\"308\" height=\"213\" srcset=\"https:\/\/jornalfatosenoticias.com.br\/wp-content\/uploads\/2023\/03\/logo-Panper_portal.jpg 400w, https:\/\/jornalfatosenoticias.com.br\/wp-content\/uploads\/2023\/03\/logo-Panper_portal-300x208.jpg 300w\" sizes=\"auto, (max-width: 308px) 100vw, 308px\" \/><\/a><\/figure><\/div>\n\n\n\n<p><strong><span class=\"has-inline-color has-vivid-purple-color\">Envolver os pais no processo de adapta\u00e7\u00e3o<br><\/span><\/strong>O apoio da fam\u00edlia \u00e9 fundamental para o sucesso do processo de adapta\u00e7\u00e3o. Envolver os pais desde o in\u00edcio, fornecendo informa\u00e7\u00f5es claras sobre as expectativas do ano letivo e como eles podem contribuir para o bem-estar de seus filhos, \u00e9 uma estrat\u00e9gia que facilita a integra\u00e7\u00e3o da crian\u00e7a \u00e0 escola. Realizar reuni\u00f5es ou enviar comunicados peri\u00f3dicos ajuda a manter os respons\u00e1veis informados sobre o andamento do processo educacional e emocional dos alunos. A parceria escola-fam\u00edlia \u00e9 uma base s\u00f3lida para garantir que a adapta\u00e7\u00e3o ao novo ano letivo seja positiva e tranquila.<\/p>\n\n\n\n<div class=\"wp-block-image\"><figure class=\"aligncenter size-large is-resized\"><a href=\"https:\/\/www.instagram.com\/ligadossaborespizzaria\/\"><img loading=\"lazy\" decoding=\"async\" src=\"https:\/\/jornalfatosenoticias.com.br\/wp-content\/uploads\/2024\/09\/WhatsApp-Image-2024-09-14-at-22.46.10-819x1024.jpeg\" alt=\"\" class=\"wp-image-54180\" width=\"297\" height=\"372\" srcset=\"https:\/\/jornalfatosenoticias.com.br\/wp-content\/uploads\/2024\/09\/WhatsApp-Image-2024-09-14-at-22.46.10-819x1024.jpeg 819w, https:\/\/jornalfatosenoticias.com.br\/wp-content\/uploads\/2024\/09\/WhatsApp-Image-2024-09-14-at-22.46.10-240x300.jpeg 240w, https:\/\/jornalfatosenoticias.com.br\/wp-content\/uploads\/2024\/09\/WhatsApp-Image-2024-09-14-at-22.46.10-768x960.jpeg 768w, https:\/\/jornalfatosenoticias.com.br\/wp-content\/uploads\/2024\/09\/WhatsApp-Image-2024-09-14-at-22.46.10.jpeg 1024w\" sizes=\"auto, (max-width: 297px) 100vw, 297px\" \/><\/a><\/figure><\/div>\n\n\n\n<p><strong><em>Fonte: <a href=\"https:\/\/www.terra.com.br\/vida-e-estilo\/volta-as-aulas-dicas-para-a-adaptacao-de-criancas-a-uma-nova-escola,e8b484bd0c198c31209aa2b9e6b6b875gdwhgnw9.html\">Terra<\/a><\/em><\/strong><\/p>\n","protected":false},"excerpt":{"rendered":"<p>Por Roberta Cassar\u00e1 Scalzaretto\/Bons Fluidos Ap\u00f3s um per\u00edodo de f\u00e9rias, a volta \u00e0s aulas pode ser um momento de grande expectativa para alunos e professores. Principalmente, quando a escola \u00e9 nova. Essa etapa pode gerar desafios para as crian\u00e7as, especialmente ap\u00f3s tempos de distanciamento ou mudan\u00e7as significativas no contexto educacional. Como especialista em forma\u00e7\u00e3o de [&hellip;]<\/p>\n","protected":false},"author":2,"featured_media":57072,"comment_status":"open","ping_status":"open","sticky":false,"template":"","format":"standard","meta":{"footnotes":""},"categories":[7],"tags":[12762,410,6617,26036,357,7326,4692],"class_list":["post-57071","post","type-post","status-publish","format-standard","has-post-thumbnail","hentry","category-educacao","tag-ambiente-escolar","tag-escola","tag-ferias","tag-novo-ano-letivo","tag-professores","tag-sala-de-aula","tag-volta-as-aulas"],"yoast_head":"<!-- This site is optimized with the Yoast SEO plugin v26.5 - https:\/\/yoast.com\/wordpress\/plugins\/seo\/ -->\n<title>Volta \u00e0s aulas: dicas para a adapta\u00e7\u00e3o de crian\u00e7as a uma nova escola - Jornal Fatos e Not\u00edcias<\/title>\n<meta name=\"robots\" content=\"index, follow, max-snippet:-1, max-image-preview:large, max-video-preview:-1\" \/>\n<link rel=\"canonical\" href=\"https:\/\/jornalfatosenoticias.com.br\/index.php\/2025\/01\/24\/volta-as-aulas-dicas-para-a-adaptacao-de-criancas-a-uma-nova-escola\/\" \/>\n<meta property=\"og:locale\" content=\"pt_BR\" \/>\n<meta property=\"og:type\" content=\"article\" \/>\n<meta property=\"og:title\" content=\"Volta \u00e0s aulas: dicas para a adapta\u00e7\u00e3o de crian\u00e7as a uma nova escola - Jornal Fatos e Not\u00edcias\" \/>\n<meta property=\"og:description\" content=\"Por Roberta Cassar\u00e1 Scalzaretto\/Bons Fluidos Ap\u00f3s um per\u00edodo de f\u00e9rias, a volta \u00e0s aulas pode ser um momento de grande expectativa para alunos e professores. Principalmente, quando a escola \u00e9 nova. Essa etapa pode gerar desafios para as crian\u00e7as, especialmente ap\u00f3s tempos de distanciamento ou mudan\u00e7as significativas no contexto educacional. Como especialista em forma\u00e7\u00e3o de [&hellip;]\" \/>\n<meta property=\"og:url\" content=\"https:\/\/jornalfatosenoticias.com.br\/index.php\/2025\/01\/24\/volta-as-aulas-dicas-para-a-adaptacao-de-criancas-a-uma-nova-escola\/\" \/>\n<meta property=\"og:site_name\" content=\"Jornal Fatos e Not\u00edcias\" \/>\n<meta property=\"article:published_time\" content=\"2025-01-24T16:24:14+00:00\" \/>\n<meta property=\"article:modified_time\" content=\"2025-01-24T16:24:16+00:00\" \/>\n<meta property=\"og:image\" content=\"https:\/\/jornalfatosenoticias.com.br\/wp-content\/uploads\/2025\/01\/VOLTA-AS-AULAS_istock.jpg\" \/>\n\t<meta property=\"og:image:width\" content=\"612\" \/>\n\t<meta property=\"og:image:height\" content=\"408\" \/>\n\t<meta property=\"og:image:type\" content=\"image\/jpeg\" \/>\n<meta name=\"author\" content=\"Luzimara Fernandes\" \/>\n<meta name=\"twitter:card\" content=\"summary_large_image\" \/>\n<meta name=\"twitter:label1\" content=\"Escrito por\" \/>\n\t<meta name=\"twitter:data1\" content=\"Luzimara Fernandes\" \/>\n\t<meta name=\"twitter:label2\" content=\"Est. tempo de leitura\" \/>\n\t<meta name=\"twitter:data2\" content=\"3 minutos\" \/>\n<script type=\"application\/ld+json\" class=\"yoast-schema-graph\">{\"@context\":\"https:\/\/schema.org\",\"@graph\":[{\"@type\":\"Article\",\"@id\":\"https:\/\/jornalfatosenoticias.com.br\/index.php\/2025\/01\/24\/volta-as-aulas-dicas-para-a-adaptacao-de-criancas-a-uma-nova-escola\/#article\",\"isPartOf\":{\"@id\":\"https:\/\/jornalfatosenoticias.com.br\/index.php\/2025\/01\/24\/volta-as-aulas-dicas-para-a-adaptacao-de-criancas-a-uma-nova-escola\/\"},\"author\":{\"name\":\"Luzimara Fernandes\",\"@id\":\"https:\/\/jornalfatosenoticias.com.br\/#\/schema\/person\/d63837fa13ac8666eb9e74e0985d6f81\"},\"headline\":\"Volta \u00e0s aulas: dicas para a adapta\u00e7\u00e3o de crian\u00e7as a uma nova escola\",\"datePublished\":\"2025-01-24T16:24:14+00:00\",\"dateModified\":\"2025-01-24T16:24:16+00:00\",\"mainEntityOfPage\":{\"@id\":\"https:\/\/jornalfatosenoticias.com.br\/index.php\/2025\/01\/24\/volta-as-aulas-dicas-para-a-adaptacao-de-criancas-a-uma-nova-escola\/\"},\"wordCount\":718,\"commentCount\":0,\"publisher\":{\"@id\":\"https:\/\/jornalfatosenoticias.com.br\/#organization\"},\"image\":{\"@id\":\"https:\/\/jornalfatosenoticias.com.br\/index.php\/2025\/01\/24\/volta-as-aulas-dicas-para-a-adaptacao-de-criancas-a-uma-nova-escola\/#primaryimage\"},\"thumbnailUrl\":\"https:\/\/jornalfatosenoticias.com.br\/wp-content\/uploads\/2025\/01\/VOLTA-AS-AULAS_istock.jpg\",\"keywords\":[\"ambiente escolar\",\"escola\",\"f\u00e9rias\",\"novo ano letivo\",\"professores\",\"sala de aula\",\"volta \u00e0s aulas\"],\"articleSection\":[\"Educa\u00e7\u00e3o\"],\"inLanguage\":\"pt-BR\",\"potentialAction\":[{\"@type\":\"CommentAction\",\"name\":\"Comment\",\"target\":[\"https:\/\/jornalfatosenoticias.com.br\/index.php\/2025\/01\/24\/volta-as-aulas-dicas-para-a-adaptacao-de-criancas-a-uma-nova-escola\/#respond\"]}]},{\"@type\":\"WebPage\",\"@id\":\"https:\/\/jornalfatosenoticias.com.br\/index.php\/2025\/01\/24\/volta-as-aulas-dicas-para-a-adaptacao-de-criancas-a-uma-nova-escola\/\",\"url\":\"https:\/\/jornalfatosenoticias.com.br\/index.php\/2025\/01\/24\/volta-as-aulas-dicas-para-a-adaptacao-de-criancas-a-uma-nova-escola\/\",\"name\":\"Volta \u00e0s aulas: dicas para a adapta\u00e7\u00e3o de crian\u00e7as a uma nova escola - Jornal Fatos e Not\u00edcias\",\"isPartOf\":{\"@id\":\"https:\/\/jornalfatosenoticias.com.br\/#website\"},\"primaryImageOfPage\":{\"@id\":\"https:\/\/jornalfatosenoticias.com.br\/index.php\/2025\/01\/24\/volta-as-aulas-dicas-para-a-adaptacao-de-criancas-a-uma-nova-escola\/#primaryimage\"},\"image\":{\"@id\":\"https:\/\/jornalfatosenoticias.com.br\/index.php\/2025\/01\/24\/volta-as-aulas-dicas-para-a-adaptacao-de-criancas-a-uma-nova-escola\/#primaryimage\"},\"thumbnailUrl\":\"https:\/\/jornalfatosenoticias.com.br\/wp-content\/uploads\/2025\/01\/VOLTA-AS-AULAS_istock.jpg\",\"datePublished\":\"2025-01-24T16:24:14+00:00\",\"dateModified\":\"2025-01-24T16:24:16+00:00\",\"breadcrumb\":{\"@id\":\"https:\/\/jornalfatosenoticias.com.br\/index.php\/2025\/01\/24\/volta-as-aulas-dicas-para-a-adaptacao-de-criancas-a-uma-nova-escola\/#breadcrumb\"},\"inLanguage\":\"pt-BR\",\"potentialAction\":[{\"@type\":\"ReadAction\",\"target\":[\"https:\/\/jornalfatosenoticias.com.br\/index.php\/2025\/01\/24\/volta-as-aulas-dicas-para-a-adaptacao-de-criancas-a-uma-nova-escola\/\"]}]},{\"@type\":\"ImageObject\",\"inLanguage\":\"pt-BR\",\"@id\":\"https:\/\/jornalfatosenoticias.com.br\/index.php\/2025\/01\/24\/volta-as-aulas-dicas-para-a-adaptacao-de-criancas-a-uma-nova-escola\/#primaryimage\",\"url\":\"https:\/\/jornalfatosenoticias.com.br\/wp-content\/uploads\/2025\/01\/VOLTA-AS-AULAS_istock.jpg\",\"contentUrl\":\"https:\/\/jornalfatosenoticias.com.br\/wp-content\/uploads\/2025\/01\/VOLTA-AS-AULAS_istock.jpg\",\"width\":612,\"height\":408,\"caption\":\"Little kids schoolchildren pupils students running hurrying to the school building for classes lessons from to the school bus. Welcome back to school. The new academic semester year start\"},{\"@type\":\"BreadcrumbList\",\"@id\":\"https:\/\/jornalfatosenoticias.com.br\/index.php\/2025\/01\/24\/volta-as-aulas-dicas-para-a-adaptacao-de-criancas-a-uma-nova-escola\/#breadcrumb\",\"itemListElement\":[{\"@type\":\"ListItem\",\"position\":1,\"name\":\"In\u00edcio\",\"item\":\"https:\/\/jornalfatosenoticias.com.br\/\"},{\"@type\":\"ListItem\",\"position\":2,\"name\":\"Volta \u00e0s aulas: dicas para a adapta\u00e7\u00e3o de crian\u00e7as a uma nova escola\"}]},{\"@type\":\"WebSite\",\"@id\":\"https:\/\/jornalfatosenoticias.com.br\/#website\",\"url\":\"https:\/\/jornalfatosenoticias.com.br\/\",\"name\":\"Jornal Fatos e Not\u00edcias\",\"description\":\"Not\u00edcias em geral\",\"publisher\":{\"@id\":\"https:\/\/jornalfatosenoticias.com.br\/#organization\"},\"potentialAction\":[{\"@type\":\"SearchAction\",\"target\":{\"@type\":\"EntryPoint\",\"urlTemplate\":\"https:\/\/jornalfatosenoticias.com.br\/?s={search_term_string}\"},\"query-input\":{\"@type\":\"PropertyValueSpecification\",\"valueRequired\":true,\"valueName\":\"search_term_string\"}}],\"inLanguage\":\"pt-BR\"},{\"@type\":\"Organization\",\"@id\":\"https:\/\/jornalfatosenoticias.com.br\/#organization\",\"name\":\"Jornal Fatos e Not\u00edcias\",\"url\":\"https:\/\/jornalfatosenoticias.com.br\/\",\"logo\":{\"@type\":\"ImageObject\",\"inLanguage\":\"pt-BR\",\"@id\":\"https:\/\/jornalfatosenoticias.com.br\/#\/schema\/logo\/image\/\",\"url\":\"https:\/\/jornalfatosenoticias.com.br\/wp-content\/uploads\/2020\/02\/logo120.png\",\"contentUrl\":\"https:\/\/jornalfatosenoticias.com.br\/wp-content\/uploads\/2020\/02\/logo120.png\",\"width\":1227,\"height\":120,\"caption\":\"Jornal Fatos e Not\u00edcias\"},\"image\":{\"@id\":\"https:\/\/jornalfatosenoticias.com.br\/#\/schema\/logo\/image\/\"}},{\"@type\":\"Person\",\"@id\":\"https:\/\/jornalfatosenoticias.com.br\/#\/schema\/person\/d63837fa13ac8666eb9e74e0985d6f81\",\"name\":\"Luzimara Fernandes\",\"image\":{\"@type\":\"ImageObject\",\"inLanguage\":\"pt-BR\",\"@id\":\"https:\/\/jornalfatosenoticias.com.br\/#\/schema\/person\/image\/\",\"url\":\"https:\/\/jornalfatosenoticias.com.br\/wp-content\/uploads\/2025\/05\/EU_portal.jpg\",\"contentUrl\":\"https:\/\/jornalfatosenoticias.com.br\/wp-content\/uploads\/2025\/05\/EU_portal.jpg\",\"caption\":\"Luzimara Fernandes\"},\"description\":\"Jornalista MTB 2358-ES\",\"sameAs\":[\"https:\/\/jornalfatosenoticias.com.br\"],\"url\":\"https:\/\/jornalfatosenoticias.com.br\/index.php\/author\/luzimara\/\"}]}<\/script>\n<!-- \/ Yoast SEO plugin. -->","yoast_head_json":{"title":"Volta \u00e0s aulas: dicas para a adapta\u00e7\u00e3o de crian\u00e7as a uma nova escola - Jornal Fatos e Not\u00edcias","robots":{"index":"index","follow":"follow","max-snippet":"max-snippet:-1","max-image-preview":"max-image-preview:large","max-video-preview":"max-video-preview:-1"},"canonical":"https:\/\/jornalfatosenoticias.com.br\/index.php\/2025\/01\/24\/volta-as-aulas-dicas-para-a-adaptacao-de-criancas-a-uma-nova-escola\/","og_locale":"pt_BR","og_type":"article","og_title":"Volta \u00e0s aulas: dicas para a adapta\u00e7\u00e3o de crian\u00e7as a uma nova escola - Jornal Fatos e Not\u00edcias","og_description":"Por Roberta Cassar\u00e1 Scalzaretto\/Bons Fluidos Ap\u00f3s um per\u00edodo de f\u00e9rias, a volta \u00e0s aulas pode ser um momento de grande expectativa para alunos e professores. Principalmente, quando a escola \u00e9 nova. Essa etapa pode gerar desafios para as crian\u00e7as, especialmente ap\u00f3s tempos de distanciamento ou mudan\u00e7as significativas no contexto educacional. Como especialista em forma\u00e7\u00e3o de [&hellip;]","og_url":"https:\/\/jornalfatosenoticias.com.br\/index.php\/2025\/01\/24\/volta-as-aulas-dicas-para-a-adaptacao-de-criancas-a-uma-nova-escola\/","og_site_name":"Jornal Fatos e Not\u00edcias","article_published_time":"2025-01-24T16:24:14+00:00","article_modified_time":"2025-01-24T16:24:16+00:00","og_image":[{"width":612,"height":408,"url":"https:\/\/jornalfatosenoticias.com.br\/wp-content\/uploads\/2025\/01\/VOLTA-AS-AULAS_istock.jpg","type":"image\/jpeg"}],"author":"Luzimara Fernandes","twitter_card":"summary_large_image","twitter_misc":{"Escrito por":"Luzimara Fernandes","Est. tempo de leitura":"3 minutos"},"schema":{"@context":"https:\/\/schema.org","@graph":[{"@type":"Article","@id":"https:\/\/jornalfatosenoticias.com.br\/index.php\/2025\/01\/24\/volta-as-aulas-dicas-para-a-adaptacao-de-criancas-a-uma-nova-escola\/#article","isPartOf":{"@id":"https:\/\/jornalfatosenoticias.com.br\/index.php\/2025\/01\/24\/volta-as-aulas-dicas-para-a-adaptacao-de-criancas-a-uma-nova-escola\/"},"author":{"name":"Luzimara Fernandes","@id":"https:\/\/jornalfatosenoticias.com.br\/#\/schema\/person\/d63837fa13ac8666eb9e74e0985d6f81"},"headline":"Volta \u00e0s aulas: dicas para a adapta\u00e7\u00e3o de crian\u00e7as a uma nova escola","datePublished":"2025-01-24T16:24:14+00:00","dateModified":"2025-01-24T16:24:16+00:00","mainEntityOfPage":{"@id":"https:\/\/jornalfatosenoticias.com.br\/index.php\/2025\/01\/24\/volta-as-aulas-dicas-para-a-adaptacao-de-criancas-a-uma-nova-escola\/"},"wordCount":718,"commentCount":0,"publisher":{"@id":"https:\/\/jornalfatosenoticias.com.br\/#organization"},"image":{"@id":"https:\/\/jornalfatosenoticias.com.br\/index.php\/2025\/01\/24\/volta-as-aulas-dicas-para-a-adaptacao-de-criancas-a-uma-nova-escola\/#primaryimage"},"thumbnailUrl":"https:\/\/jornalfatosenoticias.com.br\/wp-content\/uploads\/2025\/01\/VOLTA-AS-AULAS_istock.jpg","keywords":["ambiente escolar","escola","f\u00e9rias","novo ano letivo","professores","sala de aula","volta \u00e0s aulas"],"articleSection":["Educa\u00e7\u00e3o"],"inLanguage":"pt-BR","potentialAction":[{"@type":"CommentAction","name":"Comment","target":["https:\/\/jornalfatosenoticias.com.br\/index.php\/2025\/01\/24\/volta-as-aulas-dicas-para-a-adaptacao-de-criancas-a-uma-nova-escola\/#respond"]}]},{"@type":"WebPage","@id":"https:\/\/jornalfatosenoticias.com.br\/index.php\/2025\/01\/24\/volta-as-aulas-dicas-para-a-adaptacao-de-criancas-a-uma-nova-escola\/","url":"https:\/\/jornalfatosenoticias.com.br\/index.php\/2025\/01\/24\/volta-as-aulas-dicas-para-a-adaptacao-de-criancas-a-uma-nova-escola\/","name":"Volta \u00e0s aulas: dicas para a adapta\u00e7\u00e3o de crian\u00e7as a uma nova escola - Jornal Fatos e Not\u00edcias","isPartOf":{"@id":"https:\/\/jornalfatosenoticias.com.br\/#website"},"primaryImageOfPage":{"@id":"https:\/\/jornalfatosenoticias.com.br\/index.php\/2025\/01\/24\/volta-as-aulas-dicas-para-a-adaptacao-de-criancas-a-uma-nova-escola\/#primaryimage"},"image":{"@id":"https:\/\/jornalfatosenoticias.com.br\/index.php\/2025\/01\/24\/volta-as-aulas-dicas-para-a-adaptacao-de-criancas-a-uma-nova-escola\/#primaryimage"},"thumbnailUrl":"https:\/\/jornalfatosenoticias.com.br\/wp-content\/uploads\/2025\/01\/VOLTA-AS-AULAS_istock.jpg","datePublished":"2025-01-24T16:24:14+00:00","dateModified":"2025-01-24T16:24:16+00:00","breadcrumb":{"@id":"https:\/\/jornalfatosenoticias.com.br\/index.php\/2025\/01\/24\/volta-as-aulas-dicas-para-a-adaptacao-de-criancas-a-uma-nova-escola\/#breadcrumb"},"inLanguage":"pt-BR","potentialAction":[{"@type":"ReadAction","target":["https:\/\/jornalfatosenoticias.com.br\/index.php\/2025\/01\/24\/volta-as-aulas-dicas-para-a-adaptacao-de-criancas-a-uma-nova-escola\/"]}]},{"@type":"ImageObject","inLanguage":"pt-BR","@id":"https:\/\/jornalfatosenoticias.com.br\/index.php\/2025\/01\/24\/volta-as-aulas-dicas-para-a-adaptacao-de-criancas-a-uma-nova-escola\/#primaryimage","url":"https:\/\/jornalfatosenoticias.com.br\/wp-content\/uploads\/2025\/01\/VOLTA-AS-AULAS_istock.jpg","contentUrl":"https:\/\/jornalfatosenoticias.com.br\/wp-content\/uploads\/2025\/01\/VOLTA-AS-AULAS_istock.jpg","width":612,"height":408,"caption":"Little kids schoolchildren pupils students running hurrying to the school building for classes lessons from to the school bus. Welcome back to school. The new academic semester year start"},{"@type":"BreadcrumbList","@id":"https:\/\/jornalfatosenoticias.com.br\/index.php\/2025\/01\/24\/volta-as-aulas-dicas-para-a-adaptacao-de-criancas-a-uma-nova-escola\/#breadcrumb","itemListElement":[{"@type":"ListItem","position":1,"name":"In\u00edcio","item":"https:\/\/jornalfatosenoticias.com.br\/"},{"@type":"ListItem","position":2,"name":"Volta \u00e0s aulas: dicas para a adapta\u00e7\u00e3o de crian\u00e7as a uma nova escola"}]},{"@type":"WebSite","@id":"https:\/\/jornalfatosenoticias.com.br\/#website","url":"https:\/\/jornalfatosenoticias.com.br\/","name":"Jornal Fatos e Not\u00edcias","description":"Not\u00edcias em geral","publisher":{"@id":"https:\/\/jornalfatosenoticias.com.br\/#organization"},"potentialAction":[{"@type":"SearchAction","target":{"@type":"EntryPoint","urlTemplate":"https:\/\/jornalfatosenoticias.com.br\/?s={search_term_string}"},"query-input":{"@type":"PropertyValueSpecification","valueRequired":true,"valueName":"search_term_string"}}],"inLanguage":"pt-BR"},{"@type":"Organization","@id":"https:\/\/jornalfatosenoticias.com.br\/#organization","name":"Jornal Fatos e Not\u00edcias","url":"https:\/\/jornalfatosenoticias.com.br\/","logo":{"@type":"ImageObject","inLanguage":"pt-BR","@id":"https:\/\/jornalfatosenoticias.com.br\/#\/schema\/logo\/image\/","url":"https:\/\/jornalfatosenoticias.com.br\/wp-content\/uploads\/2020\/02\/logo120.png","contentUrl":"https:\/\/jornalfatosenoticias.com.br\/wp-content\/uploads\/2020\/02\/logo120.png","width":1227,"height":120,"caption":"Jornal Fatos e Not\u00edcias"},"image":{"@id":"https:\/\/jornalfatosenoticias.com.br\/#\/schema\/logo\/image\/"}},{"@type":"Person","@id":"https:\/\/jornalfatosenoticias.com.br\/#\/schema\/person\/d63837fa13ac8666eb9e74e0985d6f81","name":"Luzimara Fernandes","image":{"@type":"ImageObject","inLanguage":"pt-BR","@id":"https:\/\/jornalfatosenoticias.com.br\/#\/schema\/person\/image\/","url":"https:\/\/jornalfatosenoticias.com.br\/wp-content\/uploads\/2025\/05\/EU_portal.jpg","contentUrl":"https:\/\/jornalfatosenoticias.com.br\/wp-content\/uploads\/2025\/05\/EU_portal.jpg","caption":"Luzimara Fernandes"},"description":"Jornalista MTB 2358-ES","sameAs":["https:\/\/jornalfatosenoticias.com.br"],"url":"https:\/\/jornalfatosenoticias.com.br\/index.php\/author\/luzimara\/"}]}},"cc_featured_image_caption":{"caption_text":"(Foto: iStock) ","source_text":"","source_url":""},"jetpack_featured_media_url":"https:\/\/jornalfatosenoticias.com.br\/wp-content\/uploads\/2025\/01\/VOLTA-AS-AULAS_istock.jpg","_links":{"self":[{"href":"https:\/\/jornalfatosenoticias.com.br\/index.php\/wp-json\/wp\/v2\/posts\/57071","targetHints":{"allow":["GET"]}}],"collection":[{"href":"https:\/\/jornalfatosenoticias.com.br\/index.php\/wp-json\/wp\/v2\/posts"}],"about":[{"href":"https:\/\/jornalfatosenoticias.com.br\/index.php\/wp-json\/wp\/v2\/types\/post"}],"author":[{"embeddable":true,"href":"https:\/\/jornalfatosenoticias.com.br\/index.php\/wp-json\/wp\/v2\/users\/2"}],"replies":[{"embeddable":true,"href":"https:\/\/jornalfatosenoticias.com.br\/index.php\/wp-json\/wp\/v2\/comments?post=57071"}],"version-history":[{"count":0,"href":"https:\/\/jornalfatosenoticias.com.br\/index.php\/wp-json\/wp\/v2\/posts\/57071\/revisions"}],"wp:featuredmedia":[{"embeddable":true,"href":"https:\/\/jornalfatosenoticias.com.br\/index.php\/wp-json\/wp\/v2\/media\/57072"}],"wp:attachment":[{"href":"https:\/\/jornalfatosenoticias.com.br\/index.php\/wp-json\/wp\/v2\/media?parent=57071"}],"wp:term":[{"taxonomy":"category","embeddable":true,"href":"https:\/\/jornalfatosenoticias.com.br\/index.php\/wp-json\/wp\/v2\/categories?post=57071"},{"taxonomy":"post_tag","embeddable":true,"href":"https:\/\/jornalfatosenoticias.com.br\/index.php\/wp-json\/wp\/v2\/tags?post=57071"}],"curies":[{"name":"wp","href":"https:\/\/api.w.org\/{rel}","templated":true}]}}