{"id":57091,"date":"2025-01-24T16:53:04","date_gmt":"2025-01-24T19:53:04","guid":{"rendered":"https:\/\/jornalfatosenoticias.com.br\/?p=57091"},"modified":"2025-01-24T16:55:50","modified_gmt":"2025-01-24T19:55:50","slug":"moraes-determina-retirada-de-livro-que-usa-eduardo-cunha-como-pseudonimo","status":"publish","type":"post","link":"https:\/\/jornalfatosenoticias.com.br\/index.php\/2025\/01\/24\/moraes-determina-retirada-de-livro-que-usa-eduardo-cunha-como-pseudonimo\/","title":{"rendered":"Moraes determina retirada de livro que usa \u201cEduardo Cunha\u201d como pseud\u00f4nimo"},"content":{"rendered":"\n<p><em><span class=\"has-inline-color has-black-color\">Alexandre de Moraes fixou multa no valor de R$ 50 mil por dia, caso a decis\u00e3o n\u00e3o seja cumprida<\/span><\/em><\/p>\n\n\n\n<p><span class=\"has-inline-color has-black-color\">Por <strong><a href=\"https:\/\/www.gazetadopovo.com.br\/autor\/marlice-pinto-vilela\/\" rel=\"sponsored nofollow\">Marlice Pinto Vilela<\/a><\/strong><\/span><\/p>\n\n\n\n<div class=\"wp-block-image\"><figure class=\"aligncenter size-large\"><a href=\"https:\/\/cesconetto.com.br\/\"><img loading=\"lazy\" decoding=\"async\" width=\"1024\" height=\"100\" src=\"https:\/\/jornalfatosenoticias.com.br\/wp-content\/uploads\/2022\/05\/NOVA-LOGO-CESCONETTO-1024x100.jpg\" alt=\"\" class=\"wp-image-30792\" srcset=\"https:\/\/jornalfatosenoticias.com.br\/wp-content\/uploads\/2022\/05\/NOVA-LOGO-CESCONETTO-1024x100.jpg 1024w, https:\/\/jornalfatosenoticias.com.br\/wp-content\/uploads\/2022\/05\/NOVA-LOGO-CESCONETTO-300x29.jpg 300w, https:\/\/jornalfatosenoticias.com.br\/wp-content\/uploads\/2022\/05\/NOVA-LOGO-CESCONETTO-768x75.jpg 768w, https:\/\/jornalfatosenoticias.com.br\/wp-content\/uploads\/2022\/05\/NOVA-LOGO-CESCONETTO.jpg 1280w\" sizes=\"auto, (max-width: 1024px) 100vw, 1024px\" \/><\/a><\/figure><\/div>\n\n\n\n<p>O ministro Alexandre de Moraes, do Supremo Tribunal Federal, determinou a retirada de circula\u00e7\u00e3o do livro \u201cDi\u00e1rio da Cadeia\u201d. A obra, escrita por Ricardo L\u00edsias e publicada pela Editora Record, utiliza o nome &#8220;Eduardo Cunha&#8221; como pseud\u00f4nimo, em refer\u00eancia ao ex-deputado federal.<br>Na decis\u00e3o monocr\u00e1tica, Moraes afirmou que a obra pode ser republicada desde que sem o nome do ex-deputado. Al\u00e9m disso, o ministro ordenou que seja concedida a Eduardo Cunha a exposi\u00e7\u00e3o de seu direito de resposta. O ministro fixou uma multa de R$ 50 mil por dia caso a obra n\u00e3o seja retirada de circula\u00e7\u00e3o nos pr\u00f3ximos 60 dias. Al\u00e9m disso, o autor e a editora foram condenados a pagar uma indeniza\u00e7\u00e3o de R$ 30 mil por danos morais.<\/p>\n\n\n\n<div class=\"wp-block-image\"><figure class=\"aligncenter size-large is-resized\"><a href=\"https:\/\/www.facebook.com\/postobkr\/?locale=pt_BR\"><img loading=\"lazy\" decoding=\"async\" src=\"https:\/\/jornalfatosenoticias.com.br\/wp-content\/uploads\/2023\/08\/BKR-1024x1021.jpg\" alt=\"\" class=\"wp-image-44494\" width=\"307\" height=\"306\" srcset=\"https:\/\/jornalfatosenoticias.com.br\/wp-content\/uploads\/2023\/08\/BKR-1024x1021.jpg 1024w, https:\/\/jornalfatosenoticias.com.br\/wp-content\/uploads\/2023\/08\/BKR-300x300.jpg 300w, https:\/\/jornalfatosenoticias.com.br\/wp-content\/uploads\/2023\/08\/BKR-150x150.jpg 150w, https:\/\/jornalfatosenoticias.com.br\/wp-content\/uploads\/2023\/08\/BKR-768x766.jpg 768w, https:\/\/jornalfatosenoticias.com.br\/wp-content\/uploads\/2023\/08\/BKR.jpg 1080w\" sizes=\"auto, (max-width: 307px) 100vw, 307px\" \/><\/a><\/figure><\/div>\n\n\n\n<p>Nas redes sociais, L\u00edsias se manifestou brevemente sobre o caso. No X, apenas publicou: \u201clamento a censura. N\u00e3o vou aceitar\u201d. Carlos Andreazza, editor do livro e colunista do jornal O Estado de S. Paulo, tamb\u00e9m est\u00e1 entre os envolvidos. \u201cXand\u00e3o me condenou numa a\u00e7\u00e3o que censura livro\u201d, manifestou-se Andreazza no X. A reportagem procurou a editora Record para comentar o caso, mas ainda n\u00e3o obteve resposta. O espa\u00e7o permanece aberto para manifesta\u00e7\u00e3o da editora.<\/p>\n\n\n\n<div class=\"wp-block-image\"><figure class=\"aligncenter size-large is-resized\"><a href=\"https:\/\/www.facebook.com\/profile.php?id=100069289606145\"><img loading=\"lazy\" decoding=\"async\" src=\"https:\/\/jornalfatosenoticias.com.br\/wp-content\/uploads\/2024\/11\/Guaitolini-Contabilidade-1024x714.jpeg\" alt=\"\" class=\"wp-image-55808\" width=\"336\" height=\"234\" srcset=\"https:\/\/jornalfatosenoticias.com.br\/wp-content\/uploads\/2024\/11\/Guaitolini-Contabilidade-1024x714.jpeg 1024w, https:\/\/jornalfatosenoticias.com.br\/wp-content\/uploads\/2024\/11\/Guaitolini-Contabilidade-300x209.jpeg 300w, https:\/\/jornalfatosenoticias.com.br\/wp-content\/uploads\/2024\/11\/Guaitolini-Contabilidade-768x535.jpeg 768w, https:\/\/jornalfatosenoticias.com.br\/wp-content\/uploads\/2024\/11\/Guaitolini-Contabilidade.jpeg 1280w\" sizes=\"auto, (max-width: 336px) 100vw, 336px\" \/><\/a><\/figure><\/div>\n\n\n\n<p><strong><span class=\"has-inline-color has-black-color\">Moraes reafirma que n\u00e3o h\u00e1 direito absoluto de liberdade de express\u00e3o<br><\/span><\/strong>Na peti\u00e7\u00e3o inicial, protocolada em 2017, Eduardo Cunha alegou que o material era uma tentativa de explora\u00e7\u00e3o comercial baseada em sua pris\u00e3o preventiva, ocorrida em outubro de 2016. A obra \u00e9 uma fic\u00e7\u00e3o que mescla personagens e institui\u00e7\u00f5es reais da pol\u00edtica brasileira, que inclui figuras como o Partido dos Trabalhadores, Dilma Rousseff, Michel Temer, PC Farias e Kim Kataguiri, al\u00e9m de abordar epis\u00f3dios da vida pessoal de Cunha.<\/p>\n\n\n\n<div class=\"wp-block-image\"><figure class=\"aligncenter size-large is-resized\"><a href=\"https:\/\/www.instagram.com\/esteiochurrascaria\/\"><img loading=\"lazy\" decoding=\"async\" src=\"https:\/\/jornalfatosenoticias.com.br\/wp-content\/uploads\/2022\/02\/LOGO-ESTEIO-1024x730.png\" alt=\"\" class=\"wp-image-27942\" width=\"325\" height=\"232\" srcset=\"https:\/\/jornalfatosenoticias.com.br\/wp-content\/uploads\/2022\/02\/LOGO-ESTEIO-1024x730.png 1024w, https:\/\/jornalfatosenoticias.com.br\/wp-content\/uploads\/2022\/02\/LOGO-ESTEIO-300x214.png 300w, https:\/\/jornalfatosenoticias.com.br\/wp-content\/uploads\/2022\/02\/LOGO-ESTEIO-768x548.png 768w, https:\/\/jornalfatosenoticias.com.br\/wp-content\/uploads\/2022\/02\/LOGO-ESTEIO.png 1123w\" sizes=\"auto, (max-width: 325px) 100vw, 325px\" \/><\/a><\/figure><\/div>\n\n\n\n<p>Ao justificar sua decis\u00e3o, Alexandre de Moraes reafirmou que \u201cn\u00e3o h\u00e1, no ordenamento jur\u00eddico, direito absoluto \u00e0 liberdade de express\u00e3o\u201d. Para o ministro, o exerc\u00edcio desse direito fundamental entra em conflito com os direitos \u00e0 honra, \u00e0 imagem e ao nome de Eduardo Cunha, j\u00e1 que o uso do pseud\u00f4nimo cria a falsa impress\u00e3o de que o ex-parlamentar seria o autor da obra.<\/p>\n\n\n\n<div class=\"wp-block-image\"><figure class=\"aligncenter size-large is-resized\"><a href=\"https:\/\/www.instagram.com\/ligadossaborespizzaria\/\"><img loading=\"lazy\" decoding=\"async\" src=\"https:\/\/jornalfatosenoticias.com.br\/wp-content\/uploads\/2024\/09\/WhatsApp-Image-2024-09-14-at-22.46.10-819x1024.jpeg\" alt=\"\" class=\"wp-image-54180\" width=\"294\" height=\"368\" srcset=\"https:\/\/jornalfatosenoticias.com.br\/wp-content\/uploads\/2024\/09\/WhatsApp-Image-2024-09-14-at-22.46.10-819x1024.jpeg 819w, https:\/\/jornalfatosenoticias.com.br\/wp-content\/uploads\/2024\/09\/WhatsApp-Image-2024-09-14-at-22.46.10-240x300.jpeg 240w, https:\/\/jornalfatosenoticias.com.br\/wp-content\/uploads\/2024\/09\/WhatsApp-Image-2024-09-14-at-22.46.10-768x960.jpeg 768w, https:\/\/jornalfatosenoticias.com.br\/wp-content\/uploads\/2024\/09\/WhatsApp-Image-2024-09-14-at-22.46.10.jpeg 1024w\" sizes=\"auto, (max-width: 294px) 100vw, 294px\" \/><\/a><\/figure><\/div>\n\n\n\n<p><strong><em>Fonte: <a href=\"https:\/\/www.gazetadopovo.com.br\/vida-e-cidadania\/moraes-retira-livro-pseudonimo-cunha\/\">Gazeta do Povo<\/a><\/em><\/strong><\/p>\n","protected":false},"excerpt":{"rendered":"<p>Alexandre de Moraes fixou multa no valor de R$ 50 mil por dia, caso a decis\u00e3o n\u00e3o seja cumprida Por Marlice Pinto Vilela O ministro Alexandre de Moraes, do Supremo Tribunal Federal, determinou a retirada de circula\u00e7\u00e3o do livro \u201cDi\u00e1rio da Cadeia\u201d. A obra, escrita por Ricardo L\u00edsias e publicada pela Editora Record, utiliza o [&hellip;]<\/p>\n","protected":false},"author":2,"featured_media":57092,"comment_status":"open","ping_status":"open","sticky":false,"template":"","format":"standard","meta":{"footnotes":""},"categories":[7],"tags":[13889,13991,26046,16935],"class_list":["post-57091","post","type-post","status-publish","format-standard","has-post-thumbnail","hentry","category-educacao","tag-alexandre-de-moraes","tag-dilma-rousseff","tag-eduardo-cunha","tag-liberdade-de-expressao"],"yoast_head":"<!-- This site is optimized with the Yoast SEO plugin v26.5 - https:\/\/yoast.com\/wordpress\/plugins\/seo\/ -->\n<title>Moraes determina retirada de livro que usa \u201cEduardo Cunha\u201d como pseud\u00f4nimo - Jornal Fatos e Not\u00edcias<\/title>\n<meta name=\"robots\" content=\"index, follow, max-snippet:-1, max-image-preview:large, max-video-preview:-1\" \/>\n<link rel=\"canonical\" href=\"https:\/\/jornalfatosenoticias.com.br\/index.php\/2025\/01\/24\/moraes-determina-retirada-de-livro-que-usa-eduardo-cunha-como-pseudonimo\/\" \/>\n<meta property=\"og:locale\" content=\"pt_BR\" \/>\n<meta property=\"og:type\" content=\"article\" \/>\n<meta property=\"og:title\" content=\"Moraes determina retirada de livro que usa \u201cEduardo Cunha\u201d como pseud\u00f4nimo - Jornal Fatos e Not\u00edcias\" \/>\n<meta property=\"og:description\" content=\"Alexandre de Moraes fixou multa no valor de R$ 50 mil por dia, caso a decis\u00e3o n\u00e3o seja cumprida Por Marlice Pinto Vilela O ministro Alexandre de Moraes, do Supremo Tribunal Federal, determinou a retirada de circula\u00e7\u00e3o do livro \u201cDi\u00e1rio da Cadeia\u201d. A obra, escrita por Ricardo L\u00edsias e publicada pela Editora Record, utiliza o [&hellip;]\" \/>\n<meta property=\"og:url\" content=\"https:\/\/jornalfatosenoticias.com.br\/index.php\/2025\/01\/24\/moraes-determina-retirada-de-livro-que-usa-eduardo-cunha-como-pseudonimo\/\" \/>\n<meta property=\"og:site_name\" content=\"Jornal Fatos e Not\u00edcias\" \/>\n<meta property=\"article:published_time\" content=\"2025-01-24T19:53:04+00:00\" \/>\n<meta property=\"article:modified_time\" content=\"2025-01-24T19:55:50+00:00\" \/>\n<meta property=\"og:image\" content=\"https:\/\/jornalfatosenoticias.com.br\/wp-content\/uploads\/2025\/01\/Alexandre-de-Moraes-determina-retirada-de-livro.jpg\" \/>\n\t<meta property=\"og:image:width\" content=\"1000\" \/>\n\t<meta property=\"og:image:height\" content=\"376\" \/>\n\t<meta property=\"og:image:type\" content=\"image\/jpeg\" \/>\n<meta name=\"author\" content=\"Luzimara Fernandes\" \/>\n<meta name=\"twitter:card\" content=\"summary_large_image\" \/>\n<meta name=\"twitter:label1\" content=\"Escrito por\" \/>\n\t<meta name=\"twitter:data1\" content=\"Luzimara Fernandes\" \/>\n\t<meta name=\"twitter:label2\" content=\"Est. tempo de leitura\" \/>\n\t<meta name=\"twitter:data2\" content=\"2 minutos\" \/>\n<script type=\"application\/ld+json\" class=\"yoast-schema-graph\">{\"@context\":\"https:\/\/schema.org\",\"@graph\":[{\"@type\":\"Article\",\"@id\":\"https:\/\/jornalfatosenoticias.com.br\/index.php\/2025\/01\/24\/moraes-determina-retirada-de-livro-que-usa-eduardo-cunha-como-pseudonimo\/#article\",\"isPartOf\":{\"@id\":\"https:\/\/jornalfatosenoticias.com.br\/index.php\/2025\/01\/24\/moraes-determina-retirada-de-livro-que-usa-eduardo-cunha-como-pseudonimo\/\"},\"author\":{\"name\":\"Luzimara Fernandes\",\"@id\":\"https:\/\/jornalfatosenoticias.com.br\/#\/schema\/person\/d63837fa13ac8666eb9e74e0985d6f81\"},\"headline\":\"Moraes determina retirada de livro que usa \u201cEduardo Cunha\u201d como pseud\u00f4nimo\",\"datePublished\":\"2025-01-24T19:53:04+00:00\",\"dateModified\":\"2025-01-24T19:55:50+00:00\",\"mainEntityOfPage\":{\"@id\":\"https:\/\/jornalfatosenoticias.com.br\/index.php\/2025\/01\/24\/moraes-determina-retirada-de-livro-que-usa-eduardo-cunha-como-pseudonimo\/\"},\"wordCount\":407,\"commentCount\":0,\"publisher\":{\"@id\":\"https:\/\/jornalfatosenoticias.com.br\/#organization\"},\"image\":{\"@id\":\"https:\/\/jornalfatosenoticias.com.br\/index.php\/2025\/01\/24\/moraes-determina-retirada-de-livro-que-usa-eduardo-cunha-como-pseudonimo\/#primaryimage\"},\"thumbnailUrl\":\"https:\/\/jornalfatosenoticias.com.br\/wp-content\/uploads\/2025\/01\/Alexandre-de-Moraes-determina-retirada-de-livro.jpg\",\"keywords\":[\"Alexandre de Moraes\",\"Dilma Rousseff\",\"Eduardo Cunha\",\"liberdade de express\u00e3o\"],\"articleSection\":[\"Educa\u00e7\u00e3o\"],\"inLanguage\":\"pt-BR\",\"potentialAction\":[{\"@type\":\"CommentAction\",\"name\":\"Comment\",\"target\":[\"https:\/\/jornalfatosenoticias.com.br\/index.php\/2025\/01\/24\/moraes-determina-retirada-de-livro-que-usa-eduardo-cunha-como-pseudonimo\/#respond\"]}]},{\"@type\":\"WebPage\",\"@id\":\"https:\/\/jornalfatosenoticias.com.br\/index.php\/2025\/01\/24\/moraes-determina-retirada-de-livro-que-usa-eduardo-cunha-como-pseudonimo\/\",\"url\":\"https:\/\/jornalfatosenoticias.com.br\/index.php\/2025\/01\/24\/moraes-determina-retirada-de-livro-que-usa-eduardo-cunha-como-pseudonimo\/\",\"name\":\"Moraes determina retirada de livro que usa \u201cEduardo Cunha\u201d como pseud\u00f4nimo - Jornal Fatos e Not\u00edcias\",\"isPartOf\":{\"@id\":\"https:\/\/jornalfatosenoticias.com.br\/#website\"},\"primaryImageOfPage\":{\"@id\":\"https:\/\/jornalfatosenoticias.com.br\/index.php\/2025\/01\/24\/moraes-determina-retirada-de-livro-que-usa-eduardo-cunha-como-pseudonimo\/#primaryimage\"},\"image\":{\"@id\":\"https:\/\/jornalfatosenoticias.com.br\/index.php\/2025\/01\/24\/moraes-determina-retirada-de-livro-que-usa-eduardo-cunha-como-pseudonimo\/#primaryimage\"},\"thumbnailUrl\":\"https:\/\/jornalfatosenoticias.com.br\/wp-content\/uploads\/2025\/01\/Alexandre-de-Moraes-determina-retirada-de-livro.jpg\",\"datePublished\":\"2025-01-24T19:53:04+00:00\",\"dateModified\":\"2025-01-24T19:55:50+00:00\",\"breadcrumb\":{\"@id\":\"https:\/\/jornalfatosenoticias.com.br\/index.php\/2025\/01\/24\/moraes-determina-retirada-de-livro-que-usa-eduardo-cunha-como-pseudonimo\/#breadcrumb\"},\"inLanguage\":\"pt-BR\",\"potentialAction\":[{\"@type\":\"ReadAction\",\"target\":[\"https:\/\/jornalfatosenoticias.com.br\/index.php\/2025\/01\/24\/moraes-determina-retirada-de-livro-que-usa-eduardo-cunha-como-pseudonimo\/\"]}]},{\"@type\":\"ImageObject\",\"inLanguage\":\"pt-BR\",\"@id\":\"https:\/\/jornalfatosenoticias.com.br\/index.php\/2025\/01\/24\/moraes-determina-retirada-de-livro-que-usa-eduardo-cunha-como-pseudonimo\/#primaryimage\",\"url\":\"https:\/\/jornalfatosenoticias.com.br\/wp-content\/uploads\/2025\/01\/Alexandre-de-Moraes-determina-retirada-de-livro.jpg\",\"contentUrl\":\"https:\/\/jornalfatosenoticias.com.br\/wp-content\/uploads\/2025\/01\/Alexandre-de-Moraes-determina-retirada-de-livro.jpg\",\"width\":1000,\"height\":376},{\"@type\":\"BreadcrumbList\",\"@id\":\"https:\/\/jornalfatosenoticias.com.br\/index.php\/2025\/01\/24\/moraes-determina-retirada-de-livro-que-usa-eduardo-cunha-como-pseudonimo\/#breadcrumb\",\"itemListElement\":[{\"@type\":\"ListItem\",\"position\":1,\"name\":\"In\u00edcio\",\"item\":\"https:\/\/jornalfatosenoticias.com.br\/\"},{\"@type\":\"ListItem\",\"position\":2,\"name\":\"Moraes determina retirada de livro que usa \u201cEduardo Cunha\u201d como pseud\u00f4nimo\"}]},{\"@type\":\"WebSite\",\"@id\":\"https:\/\/jornalfatosenoticias.com.br\/#website\",\"url\":\"https:\/\/jornalfatosenoticias.com.br\/\",\"name\":\"Jornal Fatos e Not\u00edcias\",\"description\":\"Not\u00edcias em geral\",\"publisher\":{\"@id\":\"https:\/\/jornalfatosenoticias.com.br\/#organization\"},\"potentialAction\":[{\"@type\":\"SearchAction\",\"target\":{\"@type\":\"EntryPoint\",\"urlTemplate\":\"https:\/\/jornalfatosenoticias.com.br\/?s={search_term_string}\"},\"query-input\":{\"@type\":\"PropertyValueSpecification\",\"valueRequired\":true,\"valueName\":\"search_term_string\"}}],\"inLanguage\":\"pt-BR\"},{\"@type\":\"Organization\",\"@id\":\"https:\/\/jornalfatosenoticias.com.br\/#organization\",\"name\":\"Jornal Fatos e Not\u00edcias\",\"url\":\"https:\/\/jornalfatosenoticias.com.br\/\",\"logo\":{\"@type\":\"ImageObject\",\"inLanguage\":\"pt-BR\",\"@id\":\"https:\/\/jornalfatosenoticias.com.br\/#\/schema\/logo\/image\/\",\"url\":\"https:\/\/jornalfatosenoticias.com.br\/wp-content\/uploads\/2020\/02\/logo120.png\",\"contentUrl\":\"https:\/\/jornalfatosenoticias.com.br\/wp-content\/uploads\/2020\/02\/logo120.png\",\"width\":1227,\"height\":120,\"caption\":\"Jornal Fatos e Not\u00edcias\"},\"image\":{\"@id\":\"https:\/\/jornalfatosenoticias.com.br\/#\/schema\/logo\/image\/\"}},{\"@type\":\"Person\",\"@id\":\"https:\/\/jornalfatosenoticias.com.br\/#\/schema\/person\/d63837fa13ac8666eb9e74e0985d6f81\",\"name\":\"Luzimara Fernandes\",\"image\":{\"@type\":\"ImageObject\",\"inLanguage\":\"pt-BR\",\"@id\":\"https:\/\/jornalfatosenoticias.com.br\/#\/schema\/person\/image\/\",\"url\":\"https:\/\/jornalfatosenoticias.com.br\/wp-content\/uploads\/2025\/05\/EU_portal.jpg\",\"contentUrl\":\"https:\/\/jornalfatosenoticias.com.br\/wp-content\/uploads\/2025\/05\/EU_portal.jpg\",\"caption\":\"Luzimara Fernandes\"},\"description\":\"Jornalista MTB 2358-ES\",\"sameAs\":[\"https:\/\/jornalfatosenoticias.com.br\"],\"url\":\"https:\/\/jornalfatosenoticias.com.br\/index.php\/author\/luzimara\/\"}]}<\/script>\n<!-- \/ Yoast SEO plugin. -->","yoast_head_json":{"title":"Moraes determina retirada de livro que usa \u201cEduardo Cunha\u201d como pseud\u00f4nimo - Jornal Fatos e Not\u00edcias","robots":{"index":"index","follow":"follow","max-snippet":"max-snippet:-1","max-image-preview":"max-image-preview:large","max-video-preview":"max-video-preview:-1"},"canonical":"https:\/\/jornalfatosenoticias.com.br\/index.php\/2025\/01\/24\/moraes-determina-retirada-de-livro-que-usa-eduardo-cunha-como-pseudonimo\/","og_locale":"pt_BR","og_type":"article","og_title":"Moraes determina retirada de livro que usa \u201cEduardo Cunha\u201d como pseud\u00f4nimo - Jornal Fatos e Not\u00edcias","og_description":"Alexandre de Moraes fixou multa no valor de R$ 50 mil por dia, caso a decis\u00e3o n\u00e3o seja cumprida Por Marlice Pinto Vilela O ministro Alexandre de Moraes, do Supremo Tribunal Federal, determinou a retirada de circula\u00e7\u00e3o do livro \u201cDi\u00e1rio da Cadeia\u201d. A obra, escrita por Ricardo L\u00edsias e publicada pela Editora Record, utiliza o [&hellip;]","og_url":"https:\/\/jornalfatosenoticias.com.br\/index.php\/2025\/01\/24\/moraes-determina-retirada-de-livro-que-usa-eduardo-cunha-como-pseudonimo\/","og_site_name":"Jornal Fatos e Not\u00edcias","article_published_time":"2025-01-24T19:53:04+00:00","article_modified_time":"2025-01-24T19:55:50+00:00","og_image":[{"width":1000,"height":376,"url":"https:\/\/jornalfatosenoticias.com.br\/wp-content\/uploads\/2025\/01\/Alexandre-de-Moraes-determina-retirada-de-livro.jpg","type":"image\/jpeg"}],"author":"Luzimara Fernandes","twitter_card":"summary_large_image","twitter_misc":{"Escrito por":"Luzimara Fernandes","Est. tempo de leitura":"2 minutos"},"schema":{"@context":"https:\/\/schema.org","@graph":[{"@type":"Article","@id":"https:\/\/jornalfatosenoticias.com.br\/index.php\/2025\/01\/24\/moraes-determina-retirada-de-livro-que-usa-eduardo-cunha-como-pseudonimo\/#article","isPartOf":{"@id":"https:\/\/jornalfatosenoticias.com.br\/index.php\/2025\/01\/24\/moraes-determina-retirada-de-livro-que-usa-eduardo-cunha-como-pseudonimo\/"},"author":{"name":"Luzimara Fernandes","@id":"https:\/\/jornalfatosenoticias.com.br\/#\/schema\/person\/d63837fa13ac8666eb9e74e0985d6f81"},"headline":"Moraes determina retirada de livro que usa \u201cEduardo Cunha\u201d como pseud\u00f4nimo","datePublished":"2025-01-24T19:53:04+00:00","dateModified":"2025-01-24T19:55:50+00:00","mainEntityOfPage":{"@id":"https:\/\/jornalfatosenoticias.com.br\/index.php\/2025\/01\/24\/moraes-determina-retirada-de-livro-que-usa-eduardo-cunha-como-pseudonimo\/"},"wordCount":407,"commentCount":0,"publisher":{"@id":"https:\/\/jornalfatosenoticias.com.br\/#organization"},"image":{"@id":"https:\/\/jornalfatosenoticias.com.br\/index.php\/2025\/01\/24\/moraes-determina-retirada-de-livro-que-usa-eduardo-cunha-como-pseudonimo\/#primaryimage"},"thumbnailUrl":"https:\/\/jornalfatosenoticias.com.br\/wp-content\/uploads\/2025\/01\/Alexandre-de-Moraes-determina-retirada-de-livro.jpg","keywords":["Alexandre de Moraes","Dilma Rousseff","Eduardo Cunha","liberdade de express\u00e3o"],"articleSection":["Educa\u00e7\u00e3o"],"inLanguage":"pt-BR","potentialAction":[{"@type":"CommentAction","name":"Comment","target":["https:\/\/jornalfatosenoticias.com.br\/index.php\/2025\/01\/24\/moraes-determina-retirada-de-livro-que-usa-eduardo-cunha-como-pseudonimo\/#respond"]}]},{"@type":"WebPage","@id":"https:\/\/jornalfatosenoticias.com.br\/index.php\/2025\/01\/24\/moraes-determina-retirada-de-livro-que-usa-eduardo-cunha-como-pseudonimo\/","url":"https:\/\/jornalfatosenoticias.com.br\/index.php\/2025\/01\/24\/moraes-determina-retirada-de-livro-que-usa-eduardo-cunha-como-pseudonimo\/","name":"Moraes determina retirada de livro que usa \u201cEduardo Cunha\u201d como pseud\u00f4nimo - Jornal Fatos e Not\u00edcias","isPartOf":{"@id":"https:\/\/jornalfatosenoticias.com.br\/#website"},"primaryImageOfPage":{"@id":"https:\/\/jornalfatosenoticias.com.br\/index.php\/2025\/01\/24\/moraes-determina-retirada-de-livro-que-usa-eduardo-cunha-como-pseudonimo\/#primaryimage"},"image":{"@id":"https:\/\/jornalfatosenoticias.com.br\/index.php\/2025\/01\/24\/moraes-determina-retirada-de-livro-que-usa-eduardo-cunha-como-pseudonimo\/#primaryimage"},"thumbnailUrl":"https:\/\/jornalfatosenoticias.com.br\/wp-content\/uploads\/2025\/01\/Alexandre-de-Moraes-determina-retirada-de-livro.jpg","datePublished":"2025-01-24T19:53:04+00:00","dateModified":"2025-01-24T19:55:50+00:00","breadcrumb":{"@id":"https:\/\/jornalfatosenoticias.com.br\/index.php\/2025\/01\/24\/moraes-determina-retirada-de-livro-que-usa-eduardo-cunha-como-pseudonimo\/#breadcrumb"},"inLanguage":"pt-BR","potentialAction":[{"@type":"ReadAction","target":["https:\/\/jornalfatosenoticias.com.br\/index.php\/2025\/01\/24\/moraes-determina-retirada-de-livro-que-usa-eduardo-cunha-como-pseudonimo\/"]}]},{"@type":"ImageObject","inLanguage":"pt-BR","@id":"https:\/\/jornalfatosenoticias.com.br\/index.php\/2025\/01\/24\/moraes-determina-retirada-de-livro-que-usa-eduardo-cunha-como-pseudonimo\/#primaryimage","url":"https:\/\/jornalfatosenoticias.com.br\/wp-content\/uploads\/2025\/01\/Alexandre-de-Moraes-determina-retirada-de-livro.jpg","contentUrl":"https:\/\/jornalfatosenoticias.com.br\/wp-content\/uploads\/2025\/01\/Alexandre-de-Moraes-determina-retirada-de-livro.jpg","width":1000,"height":376},{"@type":"BreadcrumbList","@id":"https:\/\/jornalfatosenoticias.com.br\/index.php\/2025\/01\/24\/moraes-determina-retirada-de-livro-que-usa-eduardo-cunha-como-pseudonimo\/#breadcrumb","itemListElement":[{"@type":"ListItem","position":1,"name":"In\u00edcio","item":"https:\/\/jornalfatosenoticias.com.br\/"},{"@type":"ListItem","position":2,"name":"Moraes determina retirada de livro que usa \u201cEduardo Cunha\u201d como pseud\u00f4nimo"}]},{"@type":"WebSite","@id":"https:\/\/jornalfatosenoticias.com.br\/#website","url":"https:\/\/jornalfatosenoticias.com.br\/","name":"Jornal Fatos e Not\u00edcias","description":"Not\u00edcias em geral","publisher":{"@id":"https:\/\/jornalfatosenoticias.com.br\/#organization"},"potentialAction":[{"@type":"SearchAction","target":{"@type":"EntryPoint","urlTemplate":"https:\/\/jornalfatosenoticias.com.br\/?s={search_term_string}"},"query-input":{"@type":"PropertyValueSpecification","valueRequired":true,"valueName":"search_term_string"}}],"inLanguage":"pt-BR"},{"@type":"Organization","@id":"https:\/\/jornalfatosenoticias.com.br\/#organization","name":"Jornal Fatos e Not\u00edcias","url":"https:\/\/jornalfatosenoticias.com.br\/","logo":{"@type":"ImageObject","inLanguage":"pt-BR","@id":"https:\/\/jornalfatosenoticias.com.br\/#\/schema\/logo\/image\/","url":"https:\/\/jornalfatosenoticias.com.br\/wp-content\/uploads\/2020\/02\/logo120.png","contentUrl":"https:\/\/jornalfatosenoticias.com.br\/wp-content\/uploads\/2020\/02\/logo120.png","width":1227,"height":120,"caption":"Jornal Fatos e Not\u00edcias"},"image":{"@id":"https:\/\/jornalfatosenoticias.com.br\/#\/schema\/logo\/image\/"}},{"@type":"Person","@id":"https:\/\/jornalfatosenoticias.com.br\/#\/schema\/person\/d63837fa13ac8666eb9e74e0985d6f81","name":"Luzimara Fernandes","image":{"@type":"ImageObject","inLanguage":"pt-BR","@id":"https:\/\/jornalfatosenoticias.com.br\/#\/schema\/person\/image\/","url":"https:\/\/jornalfatosenoticias.com.br\/wp-content\/uploads\/2025\/05\/EU_portal.jpg","contentUrl":"https:\/\/jornalfatosenoticias.com.br\/wp-content\/uploads\/2025\/05\/EU_portal.jpg","caption":"Luzimara Fernandes"},"description":"Jornalista MTB 2358-ES","sameAs":["https:\/\/jornalfatosenoticias.com.br"],"url":"https:\/\/jornalfatosenoticias.com.br\/index.php\/author\/luzimara\/"}]}},"cc_featured_image_caption":{"caption_text":"(Foto: Nelson Jr.\/SCO\/STF\/Divulga\u00e7\u00e3o)","source_text":"","source_url":""},"jetpack_featured_media_url":"https:\/\/jornalfatosenoticias.com.br\/wp-content\/uploads\/2025\/01\/Alexandre-de-Moraes-determina-retirada-de-livro.jpg","_links":{"self":[{"href":"https:\/\/jornalfatosenoticias.com.br\/index.php\/wp-json\/wp\/v2\/posts\/57091","targetHints":{"allow":["GET"]}}],"collection":[{"href":"https:\/\/jornalfatosenoticias.com.br\/index.php\/wp-json\/wp\/v2\/posts"}],"about":[{"href":"https:\/\/jornalfatosenoticias.com.br\/index.php\/wp-json\/wp\/v2\/types\/post"}],"author":[{"embeddable":true,"href":"https:\/\/jornalfatosenoticias.com.br\/index.php\/wp-json\/wp\/v2\/users\/2"}],"replies":[{"embeddable":true,"href":"https:\/\/jornalfatosenoticias.com.br\/index.php\/wp-json\/wp\/v2\/comments?post=57091"}],"version-history":[{"count":0,"href":"https:\/\/jornalfatosenoticias.com.br\/index.php\/wp-json\/wp\/v2\/posts\/57091\/revisions"}],"wp:featuredmedia":[{"embeddable":true,"href":"https:\/\/jornalfatosenoticias.com.br\/index.php\/wp-json\/wp\/v2\/media\/57092"}],"wp:attachment":[{"href":"https:\/\/jornalfatosenoticias.com.br\/index.php\/wp-json\/wp\/v2\/media?parent=57091"}],"wp:term":[{"taxonomy":"category","embeddable":true,"href":"https:\/\/jornalfatosenoticias.com.br\/index.php\/wp-json\/wp\/v2\/categories?post=57091"},{"taxonomy":"post_tag","embeddable":true,"href":"https:\/\/jornalfatosenoticias.com.br\/index.php\/wp-json\/wp\/v2\/tags?post=57091"}],"curies":[{"name":"wp","href":"https:\/\/api.w.org\/{rel}","templated":true}]}}