{"id":57104,"date":"2025-01-27T16:11:35","date_gmt":"2025-01-27T19:11:35","guid":{"rendered":"https:\/\/jornalfatosenoticias.com.br\/?p=57104"},"modified":"2025-01-27T16:11:36","modified_gmt":"2025-01-27T19:11:36","slug":"quase-metade-das-criancas-com-escape-diurno-de-xixi-sao-punidas-diz-estudo","status":"publish","type":"post","link":"https:\/\/jornalfatosenoticias.com.br\/index.php\/2025\/01\/27\/quase-metade-das-criancas-com-escape-diurno-de-xixi-sao-punidas-diz-estudo\/","title":{"rendered":"Quase metade das crian\u00e7as com escape diurno de xixi s\u00e3o punidas, diz estudo"},"content":{"rendered":"\n<p><em><span class=\"has-inline-color has-black-color\">Pesquisa analisou 188 crian\u00e7as e 78% alegaram receber algum tipo de puni\u00e7\u00e3o oral. A disfun\u00e7\u00e3o do trato urin\u00e1rio afeta n\u00e3o s\u00f3 a sa\u00fade f\u00edsica, mas tamb\u00e9m o bem-estar emocional e psicossocial da crian\u00e7a<\/span><\/em><\/p>\n\n\n\n<p><span class=\"has-inline-color has-black-color\">Por <strong>Ag\u00eancia Einstein<\/strong><\/span><\/p>\n\n\n\n<div class=\"wp-block-image\"><figure class=\"aligncenter size-large\"><a href=\"https:\/\/www.instagram.com\/rcradiadores\/\"><img loading=\"lazy\" decoding=\"async\" width=\"560\" height=\"60\" src=\"https:\/\/jornalfatosenoticias.com.br\/wp-content\/uploads\/2022\/10\/Propaganda-RC-Radiadores-Jornal_page-0001.jpg\" alt=\"\" class=\"wp-image-35270\" srcset=\"https:\/\/jornalfatosenoticias.com.br\/wp-content\/uploads\/2022\/10\/Propaganda-RC-Radiadores-Jornal_page-0001.jpg 560w, https:\/\/jornalfatosenoticias.com.br\/wp-content\/uploads\/2022\/10\/Propaganda-RC-Radiadores-Jornal_page-0001-300x32.jpg 300w\" sizes=\"auto, (max-width: 560px) 100vw, 560px\" \/><\/a><\/figure><\/div>\n\n\n\n<p>Quase metade (48,9%) das crian\u00e7as que sofrem com escapes de xixi durante o dia s\u00e3o punidas pelos pais ou respons\u00e1veis, aponta estudo brasileiro realizado no Centro de Dist\u00farbios Urin\u00e1rios da Crian\u00e7a (CEDIMI) da Escola Bahiana de Medicina e Sa\u00fade P\u00fablica. O trabalho foi <a href=\"https:\/\/fallcongress.spuonline.org\/program\/2024\/30.cgi\" target=\"_blank\" rel=\"noreferrer noopener\">apresentado<\/a> em setembro no maior congresso de pediatria urol\u00f3gica do mundo, o Pediatric Urology Fall Congress, da Sociedade Americana de Urologia Pedi\u00e1trica, que aconteceu nos Estados Unidos.<br>Uma investiga\u00e7\u00e3o anterior feita por pesquisadores de Minas Gerais j\u00e1 havia constatado alto \u00edndice de puni\u00e7\u00e3o das crian\u00e7as que sofrem de enurese noturna, ou seja, que fazem xixi na cama. A partir desses resultados, o grupo liderado pelo urologista Ubirajara Barroso, que \u00e9 professor Adjunto de Urologia da Escola Bahiana de Medicina e Sa\u00fade P\u00fablica, decidiu investigar se as crian\u00e7as que sofrem de incontin\u00eancia urin\u00e1ria diurna tamb\u00e9m enfrentam algum tipo de puni\u00e7\u00e3o.<\/p>\n\n\n\n<div class=\"wp-block-image\"><figure class=\"aligncenter size-large\"><a href=\"http:\/\/www.ferrarimaquinas.com.br\/\"><img loading=\"lazy\" decoding=\"async\" width=\"300\" height=\"250\" src=\"https:\/\/jornalfatosenoticias.com.br\/wp-content\/uploads\/2022\/02\/FERRARI_MAQUINAS-E-FERRAMENTAS2.jpg\" alt=\"\" class=\"wp-image-27860\"\/><\/a><\/figure><\/div>\n\n\n\n<p>Para chegar aos resultados, a psic\u00f3loga Ana Aparecida Braga, da equipe do CEDIMI, aplicou um amplo question\u00e1rio para 188 crian\u00e7as com altera\u00e7\u00f5es no trato urin\u00e1rio inferior que eram atendidas no centro. Eles tamb\u00e9m usaram avaliaram a gravidade dos sintomas urin\u00e1rios e constipa\u00e7\u00e3o. Do total de crian\u00e7as que participaram, 143 (76%) tamb\u00e9m tinham problemas de enurese noturna.<\/p>\n\n\n\n<div class=\"wp-block-image\"><figure class=\"aligncenter size-large is-resized\"><a href=\"https:\/\/www.instagram.com\/restaurantepegoretti\/\"><img loading=\"lazy\" decoding=\"async\" src=\"https:\/\/jornalfatosenoticias.com.br\/wp-content\/uploads\/2023\/12\/pegoretti-logo-pdf-1024x389.jpg\" alt=\"\" class=\"wp-image-47536\" width=\"469\" height=\"178\" srcset=\"https:\/\/jornalfatosenoticias.com.br\/wp-content\/uploads\/2023\/12\/pegoretti-logo-pdf-1024x389.jpg 1024w, https:\/\/jornalfatosenoticias.com.br\/wp-content\/uploads\/2023\/12\/pegoretti-logo-pdf-300x114.jpg 300w, https:\/\/jornalfatosenoticias.com.br\/wp-content\/uploads\/2023\/12\/pegoretti-logo-pdf-768x291.jpg 768w, https:\/\/jornalfatosenoticias.com.br\/wp-content\/uploads\/2023\/12\/pegoretti-logo-pdf.jpg 1120w\" sizes=\"auto, (max-width: 469px) 100vw, 469px\" \/><\/a><\/figure><\/div>\n\n\n\n<p>Entre as quest\u00f5es aplicadas, uma perguntava se essa crian\u00e7a lidava com alguma puni\u00e7\u00e3o devido \u00e0 incontin\u00eancia urin\u00e1ria. Se a resposta fosse sim, os pesquisadores perguntavam o tipo de puni\u00e7\u00e3o: f\u00edsica com contato (apanhar); f\u00edsica sem contato (colocar de castigo) ou oral (gritos e broncas). Os resultados mostraram que 48,9% sofrem alguma forma de puni\u00e7\u00e3o parental: 20% disseram que apanham dos pais; 18% afirmam que s\u00e3o colocadas de castigo e 78% alegam receber alguma puni\u00e7\u00e3o oral (gritos, broncas, bullying). A soma ultrapassa 100% porque algumas crian\u00e7as declararam sofrer mais de um tipo de puni\u00e7\u00e3o.<\/p>\n\n\n\n<div class=\"wp-block-image\"><figure class=\"aligncenter size-large is-resized\"><a href=\"https:\/\/www.instagram.com\/vmais.midias\/\"><img loading=\"lazy\" decoding=\"async\" src=\"https:\/\/jornalfatosenoticias.com.br\/wp-content\/uploads\/2020\/02\/DE-MAIS-DESTAQUE-VMAIS-800X700.png\" alt=\"\" class=\"wp-image-53112\" width=\"331\" height=\"289\" srcset=\"https:\/\/jornalfatosenoticias.com.br\/wp-content\/uploads\/2020\/02\/DE-MAIS-DESTAQUE-VMAIS-800X700.png 800w, https:\/\/jornalfatosenoticias.com.br\/wp-content\/uploads\/2020\/02\/DE-MAIS-DESTAQUE-VMAIS-800X700-300x263.png 300w, https:\/\/jornalfatosenoticias.com.br\/wp-content\/uploads\/2020\/02\/DE-MAIS-DESTAQUE-VMAIS-800X700-768x672.png 768w\" sizes=\"auto, (max-width: 331px) 100vw, 331px\" \/><\/a><\/figure><\/div>\n\n\n\n<blockquote class=\"wp-block-quote is-layout-flow wp-block-quote-is-layout-flow\"><p><span class=\"has-inline-color has-luminous-vivid-orange-color\">Mesmo que a gente soubesse que isso acontece, pela nossa pr\u00e1tica cl\u00ednica, o resultado nos surpreendeu. Muitos pais acham que essas crian\u00e7as deixam a urina escapar porque est\u00e3o com pregui\u00e7a de ir ao banheiro, porque preferem ficar brincando com os amigos. E consideram que a crian\u00e7a \u00e9 culpada por isso\u201d, diz Barroso, que tamb\u00e9m \u00e9 presidente da International Children\u2019s Continence Society (ICCS).<\/span><\/p><\/blockquote>\n\n\n\n<div class=\"wp-block-image\"><figure class=\"aligncenter size-large is-resized\"><a href=\"https:\/\/www.legisjuris.com.br\/\"><img loading=\"lazy\" decoding=\"async\" src=\"https:\/\/jornalfatosenoticias.com.br\/wp-content\/uploads\/2024\/09\/Legis-Juris-Consultoria_logo.jpg\" alt=\"\" class=\"wp-image-53915\" width=\"434\" height=\"182\" srcset=\"https:\/\/jornalfatosenoticias.com.br\/wp-content\/uploads\/2024\/09\/Legis-Juris-Consultoria_logo.jpg 969w, https:\/\/jornalfatosenoticias.com.br\/wp-content\/uploads\/2024\/09\/Legis-Juris-Consultoria_logo-300x126.jpg 300w, https:\/\/jornalfatosenoticias.com.br\/wp-content\/uploads\/2024\/09\/Legis-Juris-Consultoria_logo-768x322.jpg 768w\" sizes=\"auto, (max-width: 434px) 100vw, 434px\" \/><\/a><\/figure><\/div>\n\n\n\n<p>Para o urologista, a conscientiza\u00e7\u00e3o pode ajudar a reduzir as pr\u00e1ticas parentais punitivas. \u201cOs pais e cuidadores precisam entender que a crian\u00e7a que perde urina n\u00e3o faz isso por rebeldia e, sim, porque tem um problema de sa\u00fade que precisa ser tratado\u201d, afirma.<\/p>\n\n\n\n<div class=\"wp-block-image\"><figure class=\"aligncenter size-large is-resized\"><a href=\"https:\/\/www.instagram.com\/ligadossaborespizzaria\/\"><img loading=\"lazy\" decoding=\"async\" src=\"https:\/\/jornalfatosenoticias.com.br\/wp-content\/uploads\/2024\/09\/WhatsApp-Image-2024-09-14-at-22.46.10-819x1024.jpeg\" alt=\"\" class=\"wp-image-54180\" width=\"317\" height=\"396\" srcset=\"https:\/\/jornalfatosenoticias.com.br\/wp-content\/uploads\/2024\/09\/WhatsApp-Image-2024-09-14-at-22.46.10-819x1024.jpeg 819w, https:\/\/jornalfatosenoticias.com.br\/wp-content\/uploads\/2024\/09\/WhatsApp-Image-2024-09-14-at-22.46.10-240x300.jpeg 240w, https:\/\/jornalfatosenoticias.com.br\/wp-content\/uploads\/2024\/09\/WhatsApp-Image-2024-09-14-at-22.46.10-768x960.jpeg 768w, https:\/\/jornalfatosenoticias.com.br\/wp-content\/uploads\/2024\/09\/WhatsApp-Image-2024-09-14-at-22.46.10.jpeg 1024w\" sizes=\"auto, (max-width: 317px) 100vw, 317px\" \/><\/a><\/figure><\/div>\n\n\n\n<p>Na vis\u00e3o da psic\u00f3loga Lucianne Areal, do Departamento Materno-Infantil do Hospital Israelita Albert Einstein, os resultados evidenciam o quanto a puni\u00e7\u00e3o n\u00e3o \u00e9 efetiva para propiciar mudan\u00e7as, al\u00e9m de n\u00e3o promover o bem-estar emocional e o desenvolvimento saud\u00e1vel da crian\u00e7a. <\/p>\n\n\n\n<div class=\"wp-block-image\"><figure class=\"aligncenter size-large is-resized\"><a href=\"https:\/\/www.ithbrasil.com.br\/\"><img loading=\"lazy\" decoding=\"async\" src=\"https:\/\/jornalfatosenoticias.com.br\/wp-content\/uploads\/2023\/08\/ITH.jpeg\" alt=\"\" class=\"wp-image-44638\" width=\"313\" height=\"254\" srcset=\"https:\/\/jornalfatosenoticias.com.br\/wp-content\/uploads\/2023\/08\/ITH.jpeg 800w, https:\/\/jornalfatosenoticias.com.br\/wp-content\/uploads\/2023\/08\/ITH-300x244.jpeg 300w, https:\/\/jornalfatosenoticias.com.br\/wp-content\/uploads\/2023\/08\/ITH-768x624.jpeg 768w\" sizes=\"auto, (max-width: 313px) 100vw, 313px\" \/><\/a><\/figure><\/div>\n\n\n\n<blockquote class=\"wp-block-quote is-layout-flow wp-block-quote-is-layout-flow\"><p><span class=\"has-inline-color has-luminous-vivid-orange-color\">Esses estudos s\u00e3o importantes para sensibilizar pais e respons\u00e1veis para melhor manejar situa\u00e7\u00f5es complexas e buscar aux\u00edlio profissional para orienta\u00e7\u00e3o\u201d, comenta.<\/span><\/p><\/blockquote>\n\n\n\n<div class=\"wp-block-image\"><figure class=\"aligncenter size-large is-resized\"><a href=\"https:\/\/www.controlsystems.com.br\/\"><img loading=\"lazy\" decoding=\"async\" src=\"https:\/\/jornalfatosenoticias.com.br\/wp-content\/uploads\/2020\/02\/CONTROL-CS.jpg\" alt=\"\" class=\"wp-image-44991\" width=\"308\" height=\"369\" srcset=\"https:\/\/jornalfatosenoticias.com.br\/wp-content\/uploads\/2020\/02\/CONTROL-CS.jpg 834w, https:\/\/jornalfatosenoticias.com.br\/wp-content\/uploads\/2020\/02\/CONTROL-CS-250x300.jpg 250w, https:\/\/jornalfatosenoticias.com.br\/wp-content\/uploads\/2020\/02\/CONTROL-CS-768x921.jpg 768w\" sizes=\"auto, (max-width: 308px) 100vw, 308px\" \/><\/a><\/figure><\/div>\n\n\n\n<p><strong><span class=\"has-inline-color has-vivid-cyan-blue-color\">Condi\u00e7\u00e3o frequente<br><\/span><\/strong>De acordo com Ubirajara Barroso, a disfun\u00e7\u00e3o do trato urin\u00e1rio inferior (DTUI) \u00e9 uma condi\u00e7\u00e3o muito prevalente em crian\u00e7as e afeta n\u00e3o apenas a sa\u00fade f\u00edsica, mas tamb\u00e9m o bem-estar emocional e psicossocial delas. Estima-se que o problema atinja cerca de 7% das meninas e 3% dos meninos aos sete anos de idade e, na maioria das vezes, vem associado \u00e0 enurese noturna. O xixi na cama causa mais impacto emocional para a fam\u00edlia toda, pois o problema afeta a din\u00e2mica da casa durante a madrugada. Os escapes durante o dia, por\u00e9m, costumam impactar mais os pequenos. <\/p>\n\n\n\n<div class=\"wp-block-image\"><figure class=\"aligncenter size-large is-resized\"><a href=\"https:\/\/www.instagram.com\/serra4x4cambioautomatico\/\"><img loading=\"lazy\" decoding=\"async\" src=\"https:\/\/jornalfatosenoticias.com.br\/wp-content\/uploads\/2024\/08\/Serra-4x4-1-886x1024.jpg\" alt=\"\" class=\"wp-image-53632\" width=\"344\" height=\"397\" srcset=\"https:\/\/jornalfatosenoticias.com.br\/wp-content\/uploads\/2024\/08\/Serra-4x4-1-886x1024.jpg 886w, https:\/\/jornalfatosenoticias.com.br\/wp-content\/uploads\/2024\/08\/Serra-4x4-1-260x300.jpg 260w, https:\/\/jornalfatosenoticias.com.br\/wp-content\/uploads\/2024\/08\/Serra-4x4-1-768x888.jpg 768w, https:\/\/jornalfatosenoticias.com.br\/wp-content\/uploads\/2024\/08\/Serra-4x4-1.jpg 1181w\" sizes=\"auto, (max-width: 344px) 100vw, 344px\" \/><\/a><\/figure><\/div>\n\n\n\n<blockquote class=\"wp-block-quote is-layout-flow wp-block-quote-is-layout-flow\"><p><span class=\"has-inline-color has-luminous-vivid-orange-color\">A crian\u00e7a que faz xixi na cama est\u00e1 em casa, num ambiente seguro para ela. Mas existe um grupo enorme de crian\u00e7as que sofre com escapes de xixi na roupa durante o dia, no meio da escola, por exemplo. Nesses casos, ela se esfor\u00e7a para n\u00e3o deixar a urina escapar e sofre com o temor de ser descoberta na frente dos amiguinhos\u201d, observa o urologista.<\/span><\/p><\/blockquote>\n\n\n\n<div class=\"wp-block-image\"><figure class=\"aligncenter size-large is-resized\"><a href=\"https:\/\/www.facebook.com\/profile.php?id=100069289606145\"><img loading=\"lazy\" decoding=\"async\" src=\"https:\/\/jornalfatosenoticias.com.br\/wp-content\/uploads\/2024\/11\/Guaitolini-Contabilidade-1024x714.jpeg\" alt=\"\" class=\"wp-image-55808\" width=\"373\" height=\"260\" srcset=\"https:\/\/jornalfatosenoticias.com.br\/wp-content\/uploads\/2024\/11\/Guaitolini-Contabilidade-1024x714.jpeg 1024w, https:\/\/jornalfatosenoticias.com.br\/wp-content\/uploads\/2024\/11\/Guaitolini-Contabilidade-300x209.jpeg 300w, https:\/\/jornalfatosenoticias.com.br\/wp-content\/uploads\/2024\/11\/Guaitolini-Contabilidade-768x535.jpeg 768w, https:\/\/jornalfatosenoticias.com.br\/wp-content\/uploads\/2024\/11\/Guaitolini-Contabilidade.jpeg 1280w\" sizes=\"auto, (max-width: 373px) 100vw, 373px\" \/><\/a><\/figure><\/div>\n\n\n\n<p>No estudo baiano, os autores destacam que punir essas crian\u00e7as aumenta o estresse e a ansiedade nelas. A psic\u00f3loga do Einstein concorda. \u201cPosso citar primeiramente ansiedade, inseguran\u00e7a e medo em rela\u00e7\u00e3o \u00e0 figura parental e em rela\u00e7\u00e3o a conseguir controlar as perdas urin\u00e1rias para aprova\u00e7\u00e3o e reconhecimento\u201d, diz Lucianne Areal.<\/p>\n\n\n\n<div class=\"wp-block-image\"><figure class=\"aligncenter size-large\"><a href=\"https:\/\/www.facebook.com\/vetor.vix\/\"><img loading=\"lazy\" decoding=\"async\" width=\"1024\" height=\"273\" src=\"https:\/\/jornalfatosenoticias.com.br\/wp-content\/uploads\/2023\/09\/vetorvix1024_1.jpg\" alt=\"\" class=\"wp-image-44868\" srcset=\"https:\/\/jornalfatosenoticias.com.br\/wp-content\/uploads\/2023\/09\/vetorvix1024_1.jpg 1024w, https:\/\/jornalfatosenoticias.com.br\/wp-content\/uploads\/2023\/09\/vetorvix1024_1-300x80.jpg 300w, https:\/\/jornalfatosenoticias.com.br\/wp-content\/uploads\/2023\/09\/vetorvix1024_1-768x205.jpg 768w\" sizes=\"auto, (max-width: 1024px) 100vw, 1024px\" \/><\/a><\/figure><\/div>\n\n\n\n<p>Outras poss\u00edveis consequ\u00eancias s\u00e3o a baixa autoestima e as implica\u00e7\u00f5es para diferentes contextos da vida da crian\u00e7a \u2014 como a dificuldade de estabelecer relacionamentos saud\u00e1veis \u201co desgaste da rela\u00e7\u00e3o entre crian\u00e7a e pais, por conta das puni\u00e7\u00f5es, desfavorece o v\u00ednculo, a confian\u00e7a e n\u00e3o auxilia no enfrentamento das dificuldades, nem ajuda a lidar com o estresse e a frustra\u00e7\u00e3o\u201d, complementa a psic\u00f3loga.<\/p>\n\n\n\n<div class=\"wp-block-image\"><figure class=\"aligncenter size-large\"><a href=\"https:\/\/cesconetto.com.br\/\"><img loading=\"lazy\" decoding=\"async\" width=\"300\" height=\"250\" src=\"https:\/\/jornalfatosenoticias.com.br\/wp-content\/uploads\/2022\/02\/Banner-2.png\" alt=\"\" class=\"wp-image-27877\"\/><\/a><\/figure><\/div>\n\n\n\n<p><strong><span class=\"has-inline-color has-vivid-cyan-blue-color\">Como cuidar?<br><\/span><\/strong>A disfun\u00e7\u00e3o urin\u00e1ria na crian\u00e7a pode variar em rela\u00e7\u00e3o \u00e0 dura\u00e7\u00e3o, j\u00e1 que h\u00e1 vari\u00e1veis diferentes para sua resolu\u00e7\u00e3o. Se ap\u00f3s o desfralde (que costuma acontecer at\u00e9 os cinco anos de idade) o problema ocorrer de forma sistem\u00e1tica, \u00e9 importante que os pais consultem um especialista para avaliar o caso e receber orienta\u00e7\u00f5es sobre como conduzir a situa\u00e7\u00e3o. A equipe de pesquisadores da Bahia enfatiza a import\u00e2ncia de uma abordagem multidisciplinar que inclua suporte psicol\u00f3gico para pais e filhos, visando melhorar a qualidade de vida e o sucesso terap\u00eautico.<\/p>\n\n\n\n<div class=\"wp-block-image\"><figure class=\"aligncenter size-large is-resized\"><a href=\"https:\/\/www.facebook.com\/postobkr\/?locale=pt_BR\"><img loading=\"lazy\" decoding=\"async\" src=\"https:\/\/jornalfatosenoticias.com.br\/wp-content\/uploads\/2023\/08\/BKR-1024x1021.jpg\" alt=\"\" class=\"wp-image-44494\" width=\"333\" height=\"332\" srcset=\"https:\/\/jornalfatosenoticias.com.br\/wp-content\/uploads\/2023\/08\/BKR-1024x1021.jpg 1024w, https:\/\/jornalfatosenoticias.com.br\/wp-content\/uploads\/2023\/08\/BKR-300x300.jpg 300w, https:\/\/jornalfatosenoticias.com.br\/wp-content\/uploads\/2023\/08\/BKR-150x150.jpg 150w, https:\/\/jornalfatosenoticias.com.br\/wp-content\/uploads\/2023\/08\/BKR-768x766.jpg 768w, https:\/\/jornalfatosenoticias.com.br\/wp-content\/uploads\/2023\/08\/BKR.jpg 1080w\" sizes=\"auto, (max-width: 333px) 100vw, 333px\" \/><\/a><\/figure><\/div>\n\n\n\n<p>Entre as formas de resolver o problema est\u00e3o uma s\u00e9rie de medidas e orienta\u00e7\u00f5es comportamentais que t\u00eam como objetivo melhorar os h\u00e1bitos miccionais da crian\u00e7a: manter a hidrata\u00e7\u00e3o adequada durante o dia e n\u00e3o passar mais do que tr\u00eas horas sem fazer xixi; urinar de forma relaxada e com os dois p\u00e9s apoiados no ch\u00e3o; esvaziar a bexiga antes de dormir e n\u00e3o beber l\u00edquidos perto da hora de ir para a cama. Se nenhuma dessas medidas funcionar, \u00e9 poss\u00edvel fazer fisioterapia p\u00e9lvica e eletroestimula\u00e7\u00e3o dos nervos da bexiga.<br>Segundo Areal, a busca por ajuda ocorre geralmente de forma tardia, o que influencia na identifica\u00e7\u00e3o das poss\u00edveis causas e estrat\u00e9gias de tratamento, al\u00e9m de afetar a din\u00e2mica familiar. <\/p>\n\n\n\n<div class=\"wp-block-image\"><figure class=\"aligncenter size-large is-resized\"><a href=\"https:\/\/www.instagram.com\/esteiochurrascaria\/\"><img loading=\"lazy\" decoding=\"async\" src=\"https:\/\/jornalfatosenoticias.com.br\/wp-content\/uploads\/2022\/02\/LOGO-ESTEIO-1024x730.png\" alt=\"\" class=\"wp-image-27942\" width=\"342\" height=\"244\" srcset=\"https:\/\/jornalfatosenoticias.com.br\/wp-content\/uploads\/2022\/02\/LOGO-ESTEIO-1024x730.png 1024w, https:\/\/jornalfatosenoticias.com.br\/wp-content\/uploads\/2022\/02\/LOGO-ESTEIO-300x214.png 300w, https:\/\/jornalfatosenoticias.com.br\/wp-content\/uploads\/2022\/02\/LOGO-ESTEIO-768x548.png 768w, https:\/\/jornalfatosenoticias.com.br\/wp-content\/uploads\/2022\/02\/LOGO-ESTEIO.png 1123w\" sizes=\"auto, (max-width: 342px) 100vw, 342px\" \/><\/a><\/figure><\/div>\n\n\n\n<blockquote class=\"wp-block-quote is-layout-flow wp-block-quote-is-layout-flow\"><p><span class=\"has-inline-color has-luminous-vivid-orange-color\"><strong>A maioria dos pais tem dificuldades em manejar o problema e manifesta impaci\u00eancia. Querem resolu\u00e7\u00e3o imediata ou o mais r\u00e1pido poss\u00edvel\u201d,<\/strong> analisa a psic\u00f3loga. <strong>\u201cPaci\u00eancia, compreens\u00e3o, apoio e interven\u00e7\u00e3o profissional s\u00e3o a\u00e7\u00f5es necess\u00e1rias para melhor condu\u00e7\u00e3o da situa\u00e7\u00e3o\u201d.<\/strong><\/span><\/p><\/blockquote>\n\n\n\n<div class=\"wp-block-image\"><figure class=\"aligncenter size-large is-resized\"><a href=\"https:\/\/panper.com.br\/\"><img loading=\"lazy\" decoding=\"async\" src=\"https:\/\/jornalfatosenoticias.com.br\/wp-content\/uploads\/2023\/03\/logo-Panper_portal.jpg\" alt=\"\" class=\"wp-image-40208\" width=\"335\" height=\"232\" srcset=\"https:\/\/jornalfatosenoticias.com.br\/wp-content\/uploads\/2023\/03\/logo-Panper_portal.jpg 400w, https:\/\/jornalfatosenoticias.com.br\/wp-content\/uploads\/2023\/03\/logo-Panper_portal-300x208.jpg 300w\" sizes=\"auto, (max-width: 335px) 100vw, 335px\" \/><\/a><\/figure><\/div>\n\n\n\n<p><strong><em>Fonte: <a href=\"https:\/\/cangurunews.com.br\/quase-metade-das-criancas-com-escapes-diurnos-de-xixi-sao-punidas-diz-estudo\/\">Canguru News<\/a><\/em><\/strong><\/p>\n","protected":false},"excerpt":{"rendered":"<p>Pesquisa analisou 188 crian\u00e7as e 78% alegaram receber algum tipo de puni\u00e7\u00e3o oral. A disfun\u00e7\u00e3o do trato urin\u00e1rio afeta n\u00e3o s\u00f3 a sa\u00fade f\u00edsica, mas tamb\u00e9m o bem-estar emocional e psicossocial da crian\u00e7a Por Ag\u00eancia Einstein Quase metade (48,9%) das crian\u00e7as que sofrem com escapes de xixi durante o dia s\u00e3o punidas pelos pais ou [&hellip;]<\/p>\n","protected":false},"author":2,"featured_media":57105,"comment_status":"open","ping_status":"open","sticky":false,"template":"","format":"standard","meta":{"footnotes":""},"categories":[2522],"tags":[14291,1317,26053,26051,26052,11849,17171],"class_list":["post-57104","post","type-post","status-publish","format-standard","has-post-thumbnail","hentry","category-comportamento","tag-bem-estar-emocional","tag-crianca","tag-disfuncao-do-trato-urinario","tag-escape-diurno","tag-escape-diurno-de-xixi","tag-punicao","tag-xixi-na-cama"],"yoast_head":"<!-- This site is optimized with the Yoast SEO plugin v26.5 - https:\/\/yoast.com\/wordpress\/plugins\/seo\/ -->\n<title>Quase metade das crian\u00e7as com escape diurno de xixi s\u00e3o punidas, diz estudo - Jornal Fatos e Not\u00edcias<\/title>\n<meta name=\"robots\" content=\"index, follow, max-snippet:-1, max-image-preview:large, max-video-preview:-1\" \/>\n<link rel=\"canonical\" href=\"https:\/\/jornalfatosenoticias.com.br\/index.php\/2025\/01\/27\/quase-metade-das-criancas-com-escape-diurno-de-xixi-sao-punidas-diz-estudo\/\" \/>\n<meta property=\"og:locale\" content=\"pt_BR\" \/>\n<meta property=\"og:type\" content=\"article\" \/>\n<meta property=\"og:title\" content=\"Quase metade das crian\u00e7as com escape diurno de xixi s\u00e3o punidas, diz estudo - Jornal Fatos e Not\u00edcias\" \/>\n<meta property=\"og:description\" content=\"Pesquisa analisou 188 crian\u00e7as e 78% alegaram receber algum tipo de puni\u00e7\u00e3o oral. A disfun\u00e7\u00e3o do trato urin\u00e1rio afeta n\u00e3o s\u00f3 a sa\u00fade f\u00edsica, mas tamb\u00e9m o bem-estar emocional e psicossocial da crian\u00e7a Por Ag\u00eancia Einstein Quase metade (48,9%) das crian\u00e7as que sofrem com escapes de xixi durante o dia s\u00e3o punidas pelos pais ou [&hellip;]\" \/>\n<meta property=\"og:url\" content=\"https:\/\/jornalfatosenoticias.com.br\/index.php\/2025\/01\/27\/quase-metade-das-criancas-com-escape-diurno-de-xixi-sao-punidas-diz-estudo\/\" \/>\n<meta property=\"og:site_name\" content=\"Jornal Fatos e Not\u00edcias\" \/>\n<meta property=\"article:published_time\" content=\"2025-01-27T19:11:35+00:00\" \/>\n<meta property=\"article:modified_time\" content=\"2025-01-27T19:11:36+00:00\" \/>\n<meta property=\"og:image\" content=\"https:\/\/jornalfatosenoticias.com.br\/wp-content\/uploads\/2025\/01\/xixi-na-cama_freepik.jpg\" \/>\n\t<meta property=\"og:image:width\" content=\"1000\" \/>\n\t<meta property=\"og:image:height\" content=\"666\" \/>\n\t<meta property=\"og:image:type\" content=\"image\/jpeg\" \/>\n<meta name=\"author\" content=\"Luzimara Fernandes\" \/>\n<meta name=\"twitter:card\" content=\"summary_large_image\" \/>\n<meta name=\"twitter:label1\" content=\"Escrito por\" \/>\n\t<meta name=\"twitter:data1\" content=\"Luzimara Fernandes\" \/>\n\t<meta name=\"twitter:label2\" content=\"Est. tempo de leitura\" \/>\n\t<meta name=\"twitter:data2\" content=\"6 minutos\" \/>\n<script type=\"application\/ld+json\" class=\"yoast-schema-graph\">{\"@context\":\"https:\/\/schema.org\",\"@graph\":[{\"@type\":\"Article\",\"@id\":\"https:\/\/jornalfatosenoticias.com.br\/index.php\/2025\/01\/27\/quase-metade-das-criancas-com-escape-diurno-de-xixi-sao-punidas-diz-estudo\/#article\",\"isPartOf\":{\"@id\":\"https:\/\/jornalfatosenoticias.com.br\/index.php\/2025\/01\/27\/quase-metade-das-criancas-com-escape-diurno-de-xixi-sao-punidas-diz-estudo\/\"},\"author\":{\"name\":\"Luzimara Fernandes\",\"@id\":\"https:\/\/jornalfatosenoticias.com.br\/#\/schema\/person\/d63837fa13ac8666eb9e74e0985d6f81\"},\"headline\":\"Quase metade das crian\u00e7as com escape diurno de xixi s\u00e3o punidas, diz estudo\",\"datePublished\":\"2025-01-27T19:11:35+00:00\",\"dateModified\":\"2025-01-27T19:11:36+00:00\",\"mainEntityOfPage\":{\"@id\":\"https:\/\/jornalfatosenoticias.com.br\/index.php\/2025\/01\/27\/quase-metade-das-criancas-com-escape-diurno-de-xixi-sao-punidas-diz-estudo\/\"},\"wordCount\":1174,\"commentCount\":0,\"publisher\":{\"@id\":\"https:\/\/jornalfatosenoticias.com.br\/#organization\"},\"image\":{\"@id\":\"https:\/\/jornalfatosenoticias.com.br\/index.php\/2025\/01\/27\/quase-metade-das-criancas-com-escape-diurno-de-xixi-sao-punidas-diz-estudo\/#primaryimage\"},\"thumbnailUrl\":\"https:\/\/jornalfatosenoticias.com.br\/wp-content\/uploads\/2025\/01\/xixi-na-cama_freepik.jpg\",\"keywords\":[\"bem-estar emocional\",\"crian\u00e7a\",\"disfun\u00e7\u00e3o do trato urin\u00e1rio\",\"escape diurno\",\"escape diurno de xixi\",\"puni\u00e7\u00e3o\",\"xixi na cama\"],\"articleSection\":[\"Comportamento &amp; Equil\u00edbrio\"],\"inLanguage\":\"pt-BR\",\"potentialAction\":[{\"@type\":\"CommentAction\",\"name\":\"Comment\",\"target\":[\"https:\/\/jornalfatosenoticias.com.br\/index.php\/2025\/01\/27\/quase-metade-das-criancas-com-escape-diurno-de-xixi-sao-punidas-diz-estudo\/#respond\"]}]},{\"@type\":\"WebPage\",\"@id\":\"https:\/\/jornalfatosenoticias.com.br\/index.php\/2025\/01\/27\/quase-metade-das-criancas-com-escape-diurno-de-xixi-sao-punidas-diz-estudo\/\",\"url\":\"https:\/\/jornalfatosenoticias.com.br\/index.php\/2025\/01\/27\/quase-metade-das-criancas-com-escape-diurno-de-xixi-sao-punidas-diz-estudo\/\",\"name\":\"Quase metade das crian\u00e7as com escape diurno de xixi s\u00e3o punidas, diz estudo - Jornal Fatos e Not\u00edcias\",\"isPartOf\":{\"@id\":\"https:\/\/jornalfatosenoticias.com.br\/#website\"},\"primaryImageOfPage\":{\"@id\":\"https:\/\/jornalfatosenoticias.com.br\/index.php\/2025\/01\/27\/quase-metade-das-criancas-com-escape-diurno-de-xixi-sao-punidas-diz-estudo\/#primaryimage\"},\"image\":{\"@id\":\"https:\/\/jornalfatosenoticias.com.br\/index.php\/2025\/01\/27\/quase-metade-das-criancas-com-escape-diurno-de-xixi-sao-punidas-diz-estudo\/#primaryimage\"},\"thumbnailUrl\":\"https:\/\/jornalfatosenoticias.com.br\/wp-content\/uploads\/2025\/01\/xixi-na-cama_freepik.jpg\",\"datePublished\":\"2025-01-27T19:11:35+00:00\",\"dateModified\":\"2025-01-27T19:11:36+00:00\",\"breadcrumb\":{\"@id\":\"https:\/\/jornalfatosenoticias.com.br\/index.php\/2025\/01\/27\/quase-metade-das-criancas-com-escape-diurno-de-xixi-sao-punidas-diz-estudo\/#breadcrumb\"},\"inLanguage\":\"pt-BR\",\"potentialAction\":[{\"@type\":\"ReadAction\",\"target\":[\"https:\/\/jornalfatosenoticias.com.br\/index.php\/2025\/01\/27\/quase-metade-das-criancas-com-escape-diurno-de-xixi-sao-punidas-diz-estudo\/\"]}]},{\"@type\":\"ImageObject\",\"inLanguage\":\"pt-BR\",\"@id\":\"https:\/\/jornalfatosenoticias.com.br\/index.php\/2025\/01\/27\/quase-metade-das-criancas-com-escape-diurno-de-xixi-sao-punidas-diz-estudo\/#primaryimage\",\"url\":\"https:\/\/jornalfatosenoticias.com.br\/wp-content\/uploads\/2025\/01\/xixi-na-cama_freepik.jpg\",\"contentUrl\":\"https:\/\/jornalfatosenoticias.com.br\/wp-content\/uploads\/2025\/01\/xixi-na-cama_freepik.jpg\",\"width\":1000,\"height\":666},{\"@type\":\"BreadcrumbList\",\"@id\":\"https:\/\/jornalfatosenoticias.com.br\/index.php\/2025\/01\/27\/quase-metade-das-criancas-com-escape-diurno-de-xixi-sao-punidas-diz-estudo\/#breadcrumb\",\"itemListElement\":[{\"@type\":\"ListItem\",\"position\":1,\"name\":\"In\u00edcio\",\"item\":\"https:\/\/jornalfatosenoticias.com.br\/\"},{\"@type\":\"ListItem\",\"position\":2,\"name\":\"Quase metade das crian\u00e7as com escape diurno de xixi s\u00e3o punidas, diz estudo\"}]},{\"@type\":\"WebSite\",\"@id\":\"https:\/\/jornalfatosenoticias.com.br\/#website\",\"url\":\"https:\/\/jornalfatosenoticias.com.br\/\",\"name\":\"Jornal Fatos e Not\u00edcias\",\"description\":\"Not\u00edcias em geral\",\"publisher\":{\"@id\":\"https:\/\/jornalfatosenoticias.com.br\/#organization\"},\"potentialAction\":[{\"@type\":\"SearchAction\",\"target\":{\"@type\":\"EntryPoint\",\"urlTemplate\":\"https:\/\/jornalfatosenoticias.com.br\/?s={search_term_string}\"},\"query-input\":{\"@type\":\"PropertyValueSpecification\",\"valueRequired\":true,\"valueName\":\"search_term_string\"}}],\"inLanguage\":\"pt-BR\"},{\"@type\":\"Organization\",\"@id\":\"https:\/\/jornalfatosenoticias.com.br\/#organization\",\"name\":\"Jornal Fatos e Not\u00edcias\",\"url\":\"https:\/\/jornalfatosenoticias.com.br\/\",\"logo\":{\"@type\":\"ImageObject\",\"inLanguage\":\"pt-BR\",\"@id\":\"https:\/\/jornalfatosenoticias.com.br\/#\/schema\/logo\/image\/\",\"url\":\"https:\/\/jornalfatosenoticias.com.br\/wp-content\/uploads\/2020\/02\/logo120.png\",\"contentUrl\":\"https:\/\/jornalfatosenoticias.com.br\/wp-content\/uploads\/2020\/02\/logo120.png\",\"width\":1227,\"height\":120,\"caption\":\"Jornal Fatos e Not\u00edcias\"},\"image\":{\"@id\":\"https:\/\/jornalfatosenoticias.com.br\/#\/schema\/logo\/image\/\"}},{\"@type\":\"Person\",\"@id\":\"https:\/\/jornalfatosenoticias.com.br\/#\/schema\/person\/d63837fa13ac8666eb9e74e0985d6f81\",\"name\":\"Luzimara Fernandes\",\"image\":{\"@type\":\"ImageObject\",\"inLanguage\":\"pt-BR\",\"@id\":\"https:\/\/jornalfatosenoticias.com.br\/#\/schema\/person\/image\/\",\"url\":\"https:\/\/jornalfatosenoticias.com.br\/wp-content\/uploads\/2025\/05\/EU_portal.jpg\",\"contentUrl\":\"https:\/\/jornalfatosenoticias.com.br\/wp-content\/uploads\/2025\/05\/EU_portal.jpg\",\"caption\":\"Luzimara Fernandes\"},\"description\":\"Jornalista MTB 2358-ES\",\"sameAs\":[\"https:\/\/jornalfatosenoticias.com.br\"],\"url\":\"https:\/\/jornalfatosenoticias.com.br\/index.php\/author\/luzimara\/\"}]}<\/script>\n<!-- \/ Yoast SEO plugin. -->","yoast_head_json":{"title":"Quase metade das crian\u00e7as com escape diurno de xixi s\u00e3o punidas, diz estudo - Jornal Fatos e Not\u00edcias","robots":{"index":"index","follow":"follow","max-snippet":"max-snippet:-1","max-image-preview":"max-image-preview:large","max-video-preview":"max-video-preview:-1"},"canonical":"https:\/\/jornalfatosenoticias.com.br\/index.php\/2025\/01\/27\/quase-metade-das-criancas-com-escape-diurno-de-xixi-sao-punidas-diz-estudo\/","og_locale":"pt_BR","og_type":"article","og_title":"Quase metade das crian\u00e7as com escape diurno de xixi s\u00e3o punidas, diz estudo - Jornal Fatos e Not\u00edcias","og_description":"Pesquisa analisou 188 crian\u00e7as e 78% alegaram receber algum tipo de puni\u00e7\u00e3o oral. A disfun\u00e7\u00e3o do trato urin\u00e1rio afeta n\u00e3o s\u00f3 a sa\u00fade f\u00edsica, mas tamb\u00e9m o bem-estar emocional e psicossocial da crian\u00e7a Por Ag\u00eancia Einstein Quase metade (48,9%) das crian\u00e7as que sofrem com escapes de xixi durante o dia s\u00e3o punidas pelos pais ou [&hellip;]","og_url":"https:\/\/jornalfatosenoticias.com.br\/index.php\/2025\/01\/27\/quase-metade-das-criancas-com-escape-diurno-de-xixi-sao-punidas-diz-estudo\/","og_site_name":"Jornal Fatos e Not\u00edcias","article_published_time":"2025-01-27T19:11:35+00:00","article_modified_time":"2025-01-27T19:11:36+00:00","og_image":[{"width":1000,"height":666,"url":"https:\/\/jornalfatosenoticias.com.br\/wp-content\/uploads\/2025\/01\/xixi-na-cama_freepik.jpg","type":"image\/jpeg"}],"author":"Luzimara Fernandes","twitter_card":"summary_large_image","twitter_misc":{"Escrito por":"Luzimara Fernandes","Est. tempo de leitura":"6 minutos"},"schema":{"@context":"https:\/\/schema.org","@graph":[{"@type":"Article","@id":"https:\/\/jornalfatosenoticias.com.br\/index.php\/2025\/01\/27\/quase-metade-das-criancas-com-escape-diurno-de-xixi-sao-punidas-diz-estudo\/#article","isPartOf":{"@id":"https:\/\/jornalfatosenoticias.com.br\/index.php\/2025\/01\/27\/quase-metade-das-criancas-com-escape-diurno-de-xixi-sao-punidas-diz-estudo\/"},"author":{"name":"Luzimara Fernandes","@id":"https:\/\/jornalfatosenoticias.com.br\/#\/schema\/person\/d63837fa13ac8666eb9e74e0985d6f81"},"headline":"Quase metade das crian\u00e7as com escape diurno de xixi s\u00e3o punidas, diz estudo","datePublished":"2025-01-27T19:11:35+00:00","dateModified":"2025-01-27T19:11:36+00:00","mainEntityOfPage":{"@id":"https:\/\/jornalfatosenoticias.com.br\/index.php\/2025\/01\/27\/quase-metade-das-criancas-com-escape-diurno-de-xixi-sao-punidas-diz-estudo\/"},"wordCount":1174,"commentCount":0,"publisher":{"@id":"https:\/\/jornalfatosenoticias.com.br\/#organization"},"image":{"@id":"https:\/\/jornalfatosenoticias.com.br\/index.php\/2025\/01\/27\/quase-metade-das-criancas-com-escape-diurno-de-xixi-sao-punidas-diz-estudo\/#primaryimage"},"thumbnailUrl":"https:\/\/jornalfatosenoticias.com.br\/wp-content\/uploads\/2025\/01\/xixi-na-cama_freepik.jpg","keywords":["bem-estar emocional","crian\u00e7a","disfun\u00e7\u00e3o do trato urin\u00e1rio","escape diurno","escape diurno de xixi","puni\u00e7\u00e3o","xixi na cama"],"articleSection":["Comportamento &amp; Equil\u00edbrio"],"inLanguage":"pt-BR","potentialAction":[{"@type":"CommentAction","name":"Comment","target":["https:\/\/jornalfatosenoticias.com.br\/index.php\/2025\/01\/27\/quase-metade-das-criancas-com-escape-diurno-de-xixi-sao-punidas-diz-estudo\/#respond"]}]},{"@type":"WebPage","@id":"https:\/\/jornalfatosenoticias.com.br\/index.php\/2025\/01\/27\/quase-metade-das-criancas-com-escape-diurno-de-xixi-sao-punidas-diz-estudo\/","url":"https:\/\/jornalfatosenoticias.com.br\/index.php\/2025\/01\/27\/quase-metade-das-criancas-com-escape-diurno-de-xixi-sao-punidas-diz-estudo\/","name":"Quase metade das crian\u00e7as com escape diurno de xixi s\u00e3o punidas, diz estudo - Jornal Fatos e Not\u00edcias","isPartOf":{"@id":"https:\/\/jornalfatosenoticias.com.br\/#website"},"primaryImageOfPage":{"@id":"https:\/\/jornalfatosenoticias.com.br\/index.php\/2025\/01\/27\/quase-metade-das-criancas-com-escape-diurno-de-xixi-sao-punidas-diz-estudo\/#primaryimage"},"image":{"@id":"https:\/\/jornalfatosenoticias.com.br\/index.php\/2025\/01\/27\/quase-metade-das-criancas-com-escape-diurno-de-xixi-sao-punidas-diz-estudo\/#primaryimage"},"thumbnailUrl":"https:\/\/jornalfatosenoticias.com.br\/wp-content\/uploads\/2025\/01\/xixi-na-cama_freepik.jpg","datePublished":"2025-01-27T19:11:35+00:00","dateModified":"2025-01-27T19:11:36+00:00","breadcrumb":{"@id":"https:\/\/jornalfatosenoticias.com.br\/index.php\/2025\/01\/27\/quase-metade-das-criancas-com-escape-diurno-de-xixi-sao-punidas-diz-estudo\/#breadcrumb"},"inLanguage":"pt-BR","potentialAction":[{"@type":"ReadAction","target":["https:\/\/jornalfatosenoticias.com.br\/index.php\/2025\/01\/27\/quase-metade-das-criancas-com-escape-diurno-de-xixi-sao-punidas-diz-estudo\/"]}]},{"@type":"ImageObject","inLanguage":"pt-BR","@id":"https:\/\/jornalfatosenoticias.com.br\/index.php\/2025\/01\/27\/quase-metade-das-criancas-com-escape-diurno-de-xixi-sao-punidas-diz-estudo\/#primaryimage","url":"https:\/\/jornalfatosenoticias.com.br\/wp-content\/uploads\/2025\/01\/xixi-na-cama_freepik.jpg","contentUrl":"https:\/\/jornalfatosenoticias.com.br\/wp-content\/uploads\/2025\/01\/xixi-na-cama_freepik.jpg","width":1000,"height":666},{"@type":"BreadcrumbList","@id":"https:\/\/jornalfatosenoticias.com.br\/index.php\/2025\/01\/27\/quase-metade-das-criancas-com-escape-diurno-de-xixi-sao-punidas-diz-estudo\/#breadcrumb","itemListElement":[{"@type":"ListItem","position":1,"name":"In\u00edcio","item":"https:\/\/jornalfatosenoticias.com.br\/"},{"@type":"ListItem","position":2,"name":"Quase metade das crian\u00e7as com escape diurno de xixi s\u00e3o punidas, diz estudo"}]},{"@type":"WebSite","@id":"https:\/\/jornalfatosenoticias.com.br\/#website","url":"https:\/\/jornalfatosenoticias.com.br\/","name":"Jornal Fatos e Not\u00edcias","description":"Not\u00edcias em geral","publisher":{"@id":"https:\/\/jornalfatosenoticias.com.br\/#organization"},"potentialAction":[{"@type":"SearchAction","target":{"@type":"EntryPoint","urlTemplate":"https:\/\/jornalfatosenoticias.com.br\/?s={search_term_string}"},"query-input":{"@type":"PropertyValueSpecification","valueRequired":true,"valueName":"search_term_string"}}],"inLanguage":"pt-BR"},{"@type":"Organization","@id":"https:\/\/jornalfatosenoticias.com.br\/#organization","name":"Jornal Fatos e Not\u00edcias","url":"https:\/\/jornalfatosenoticias.com.br\/","logo":{"@type":"ImageObject","inLanguage":"pt-BR","@id":"https:\/\/jornalfatosenoticias.com.br\/#\/schema\/logo\/image\/","url":"https:\/\/jornalfatosenoticias.com.br\/wp-content\/uploads\/2020\/02\/logo120.png","contentUrl":"https:\/\/jornalfatosenoticias.com.br\/wp-content\/uploads\/2020\/02\/logo120.png","width":1227,"height":120,"caption":"Jornal Fatos e Not\u00edcias"},"image":{"@id":"https:\/\/jornalfatosenoticias.com.br\/#\/schema\/logo\/image\/"}},{"@type":"Person","@id":"https:\/\/jornalfatosenoticias.com.br\/#\/schema\/person\/d63837fa13ac8666eb9e74e0985d6f81","name":"Luzimara Fernandes","image":{"@type":"ImageObject","inLanguage":"pt-BR","@id":"https:\/\/jornalfatosenoticias.com.br\/#\/schema\/person\/image\/","url":"https:\/\/jornalfatosenoticias.com.br\/wp-content\/uploads\/2025\/05\/EU_portal.jpg","contentUrl":"https:\/\/jornalfatosenoticias.com.br\/wp-content\/uploads\/2025\/05\/EU_portal.jpg","caption":"Luzimara Fernandes"},"description":"Jornalista MTB 2358-ES","sameAs":["https:\/\/jornalfatosenoticias.com.br"],"url":"https:\/\/jornalfatosenoticias.com.br\/index.php\/author\/luzimara\/"}]}},"cc_featured_image_caption":{"caption_text":"(Foto: Freepik) ","source_text":"","source_url":""},"jetpack_featured_media_url":"https:\/\/jornalfatosenoticias.com.br\/wp-content\/uploads\/2025\/01\/xixi-na-cama_freepik.jpg","_links":{"self":[{"href":"https:\/\/jornalfatosenoticias.com.br\/index.php\/wp-json\/wp\/v2\/posts\/57104","targetHints":{"allow":["GET"]}}],"collection":[{"href":"https:\/\/jornalfatosenoticias.com.br\/index.php\/wp-json\/wp\/v2\/posts"}],"about":[{"href":"https:\/\/jornalfatosenoticias.com.br\/index.php\/wp-json\/wp\/v2\/types\/post"}],"author":[{"embeddable":true,"href":"https:\/\/jornalfatosenoticias.com.br\/index.php\/wp-json\/wp\/v2\/users\/2"}],"replies":[{"embeddable":true,"href":"https:\/\/jornalfatosenoticias.com.br\/index.php\/wp-json\/wp\/v2\/comments?post=57104"}],"version-history":[{"count":0,"href":"https:\/\/jornalfatosenoticias.com.br\/index.php\/wp-json\/wp\/v2\/posts\/57104\/revisions"}],"wp:featuredmedia":[{"embeddable":true,"href":"https:\/\/jornalfatosenoticias.com.br\/index.php\/wp-json\/wp\/v2\/media\/57105"}],"wp:attachment":[{"href":"https:\/\/jornalfatosenoticias.com.br\/index.php\/wp-json\/wp\/v2\/media?parent=57104"}],"wp:term":[{"taxonomy":"category","embeddable":true,"href":"https:\/\/jornalfatosenoticias.com.br\/index.php\/wp-json\/wp\/v2\/categories?post=57104"},{"taxonomy":"post_tag","embeddable":true,"href":"https:\/\/jornalfatosenoticias.com.br\/index.php\/wp-json\/wp\/v2\/tags?post=57104"}],"curies":[{"name":"wp","href":"https:\/\/api.w.org\/{rel}","templated":true}]}}