{"id":57135,"date":"2025-01-28T12:28:34","date_gmt":"2025-01-28T15:28:34","guid":{"rendered":"https:\/\/jornalfatosenoticias.com.br\/?p=57135"},"modified":"2025-01-28T12:28:35","modified_gmt":"2025-01-28T15:28:35","slug":"anta-dada-como-extinta-ha-um-seculo-reaparece-no-rio-de-janeiro","status":"publish","type":"post","link":"https:\/\/jornalfatosenoticias.com.br\/index.php\/2025\/01\/28\/anta-dada-como-extinta-ha-um-seculo-reaparece-no-rio-de-janeiro\/","title":{"rendered":"Anta dada como extinta h\u00e1 um s\u00e9culo reaparece no Rio de Janeiro"},"content":{"rendered":"\n<p><em><span class=\"has-inline-color has-black-color\">O retorno da anta ao Rio de Janeiro \u00e9 o resultado de trabalhos de conserva\u00e7\u00e3o da biodiversidade da Mata Atl\u00e2ntica<\/span><\/em><\/p>\n\n\n\n<p><span class=\"has-inline-color has-black-color\">Por <strong><a href=\"https:\/\/gizmodo.uol.com.br\/author\/pablo-nogueira\/\">Pablo Nogueira<\/a><\/strong><\/span><\/p>\n\n\n\n<div class=\"wp-block-image\"><figure class=\"aligncenter size-large\"><a href=\"https:\/\/mizu.com.br\/\"><img loading=\"lazy\" decoding=\"async\" width=\"729\" height=\"90\" src=\"https:\/\/jornalfatosenoticias.com.br\/wp-content\/uploads\/2020\/02\/Logo_Mizu.png\" alt=\"\" class=\"wp-image-1441\" srcset=\"https:\/\/jornalfatosenoticias.com.br\/wp-content\/uploads\/2020\/02\/Logo_Mizu.png 729w, https:\/\/jornalfatosenoticias.com.br\/wp-content\/uploads\/2020\/02\/Logo_Mizu-300x37.png 300w\" sizes=\"auto, (max-width: 729px) 100vw, 729px\" \/><\/a><\/figure><\/div>\n\n\n\n<p>Um s\u00e9culo ap\u00f3s ser considerada extinta, a anta-brasileira (<em>Tapirus Terrestris<\/em>) reapareceu no estado do Rio de Janeiro,\u00a0<a href=\"https:\/\/gizmodo.uol.com.br\/cientistas-encontram-mamifero-que-poe-ovos-e-era-dado-como-extinto\/\">representando um marco para conserva\u00e7\u00e3o da esp\u00e9cie<\/a>. O Instituto Estadual do Ambiente (Inea) revelou a informa\u00e7\u00e3o no in\u00edcio deste m\u00eas. Para registrar o retorno da Anta, o Inea usou c\u00e2meras fotogr\u00e1ficas no\u00a0<a href=\"https:\/\/gizmodo.uol.com.br\/o-que-o-rio-de-janeiro-tem-a-ver-com-o-dia-mundial-dos-oceanos\/\">Parque Estadual Cunhambebe.<\/a><br>De acordo com o Inea, as c\u00e2meras registraram grupos de antas de at\u00e9 tr\u00eas indiv\u00edduos, incluindo uma f\u00eamea com um filhote, indicando o estabelecimento de uma popula\u00e7\u00e3o na regi\u00e3o. <\/p>\n\n\n\n<div class=\"wp-block-image\"><figure class=\"aligncenter size-large is-resized\"><a href=\"https:\/\/www.facebook.com\/profile.php?id=100069289606145\"><img loading=\"lazy\" decoding=\"async\" src=\"https:\/\/jornalfatosenoticias.com.br\/wp-content\/uploads\/2024\/11\/Guaitolini-Contabilidade-1024x714.jpeg\" alt=\"\" class=\"wp-image-55808\" width=\"328\" height=\"229\" srcset=\"https:\/\/jornalfatosenoticias.com.br\/wp-content\/uploads\/2024\/11\/Guaitolini-Contabilidade-1024x714.jpeg 1024w, https:\/\/jornalfatosenoticias.com.br\/wp-content\/uploads\/2024\/11\/Guaitolini-Contabilidade-300x209.jpeg 300w, https:\/\/jornalfatosenoticias.com.br\/wp-content\/uploads\/2024\/11\/Guaitolini-Contabilidade-768x535.jpeg 768w, https:\/\/jornalfatosenoticias.com.br\/wp-content\/uploads\/2024\/11\/Guaitolini-Contabilidade.jpeg 1280w\" sizes=\"auto, (max-width: 328px) 100vw, 328px\" \/><\/a><\/figure><\/div>\n\n\n\n<p>O instituto captou 108 imagens por meio de dez c\u00e2meras no Parque Estadual Cunhambebe, uma das <a href=\"https:\/\/gizmodo.uol.com.br\/na-mata-atlantica-arvores-jovens-fogem-do-calor\/\">Unidades de Conserva\u00e7\u00e3o da Natureza do Rio de Janeiro<\/a>. A iniciativa de instalar c\u00e2meras no local\u00a0<a href=\"https:\/\/agenciabrasil.ebc.com.br\/meio-ambiente\/noticia\/2025-01\/consideradas-extintas-antas-sao-vistas-no-rio-apos-100-anos\">come\u00e7ou<\/a>\u00a0em 2020, visando\u00a0<a href=\"https:\/\/gizmodo.uol.com.br\/cobertura-florestal-e-tipo-de-ambiente-moldam-diversidade-funcional-de-aves-insetivoras-na-mata-atlantica\/\">proteger o ecossistema e preservar a biodiversidade do parque,<\/a> que abrange as cidades de Angra dos Reis, Rio Claro, Mangaratiba e Itagua\u00ed.<\/p>\n\n\n\n<div class=\"wp-block-image\"><figure class=\"aligncenter size-large\"><img loading=\"lazy\" decoding=\"async\" width=\"1000\" height=\"600\" src=\"https:\/\/jornalfatosenoticias.com.br\/wp-content\/uploads\/2025\/01\/anta-parque-rj2.jpg\" alt=\"\" class=\"wp-image-57136\" srcset=\"https:\/\/jornalfatosenoticias.com.br\/wp-content\/uploads\/2025\/01\/anta-parque-rj2.jpg 1000w, https:\/\/jornalfatosenoticias.com.br\/wp-content\/uploads\/2025\/01\/anta-parque-rj2-300x180.jpg 300w, https:\/\/jornalfatosenoticias.com.br\/wp-content\/uploads\/2025\/01\/anta-parque-rj2-768x461.jpg 768w\" sizes=\"auto, (max-width: 1000px) 100vw, 1000px\" \/><figcaption><em><span class=\"has-inline-color has-black-color\">Anta de volta ao Rio de Janeiro um s\u00e9culo ap\u00f3s ser extinta no estado (Imagem: Inea\/Divulga\u00e7\u00e3o)<\/span><\/em><\/figcaption><\/figure><\/div>\n\n\n\n<p><strong><span class=\"has-inline-color has-vivid-green-cyan-color\">Anta reaparece no Rio de Janeiro sem a\u00e7\u00f5es de reintrodu\u00e7\u00e3o de faunas<br><\/span><\/strong>De acordo com o Inea, esta \u00e9 a primeira vez em um s\u00e9culo que antas aparecem no Rio de Janeiro em \u201ctotal vida livre\u201d. Desse modo, a anta retornou ao estado <a href=\"https:\/\/gizmodo.uol.com.br\/peixe-da-indonesia-se-torna-o-1o-a-ser-extinto-por-causa-dos-humanos\/\">sem depender da a\u00e7\u00e3o humana ou de projetos de reintrodu\u00e7\u00e3o de faunas.<\/a> Al\u00e9m disso, conforme o Inea, o ressurgimento das antas no Rio de Janeiro se d\u00e1 <a href=\"https:\/\/gizmodo.uol.com.br\/mais-de-80-das-especies-de-arvores-exclusivas-da-mata-atlantica-correm-risco-de-extincao\/\">pelo trabalho de conserva\u00e7\u00e3o da Mata Atl\u00e2ntica<\/a>. O \u00f3rg\u00e3o afirma que o trabalho fornece um habitat seguro para as antas e outros animais, como a on\u00e7a-parda.<\/p>\n\n\n\n<div class=\"wp-block-image\"><figure class=\"aligncenter size-large is-resized\"><a href=\"https:\/\/hotelmarquetti.com.br\/\"><img loading=\"lazy\" decoding=\"async\" src=\"https:\/\/jornalfatosenoticias.com.br\/wp-content\/uploads\/2023\/03\/nova-logo-Marquetti.jpg\" alt=\"\" class=\"wp-image-40207\" width=\"337\" height=\"226\" srcset=\"https:\/\/jornalfatosenoticias.com.br\/wp-content\/uploads\/2023\/03\/nova-logo-Marquetti.jpg 643w, https:\/\/jornalfatosenoticias.com.br\/wp-content\/uploads\/2023\/03\/nova-logo-Marquetti-300x202.jpg 300w\" sizes=\"auto, (max-width: 337px) 100vw, 337px\" \/><\/a><\/figure><\/div>\n\n\n\n<p>Curiosamente, o \u00faltimo <a href=\"https:\/\/gizmodo.uol.com.br\/brasil-tem-1o-parque-protegido-contra-poluicao-luminosa-da-america-latina\/\">registro de anta no Rio de Janeiro ocorreu na regi\u00e3o serrana do estado<\/a>, no Parque Nacional da Serra dos \u00d3rg\u00e3os, h\u00e1 um s\u00e9culo. Agora, o animal\u00a0<a href=\"https:\/\/gizmodo.uol.com.br\/degradacao-da-mata-atlantica-pela-agricultura-chega-a-93-em-areas-do-norte-e-noroeste-do-estado-do-rj\/\">reaparece no sul do estado<\/a>. A anta ficou extinta no Rio de Janeiro\u00a0<a href=\"https:\/\/gizmodo.uol.com.br\/os-efeitos-da-caca-para-subsistencia-em-reservas-extrativistas-da-amazonia\/\">devido \u00e0 perda de habitat, a ca\u00e7a e a urbaniza\u00e7\u00e3o que ocorreu h\u00e1 um s\u00e9culo<\/a>. A esp\u00e9cie, no entanto, \u00e9 muito importante para o ecossistema. O maior mam\u00edfero terrestre da Am\u00e9rica do Sul, a anta atua como dispersora e predadora de sementes. Renato Jord\u00e3o, presidente do Inea, afirma que os registros da anta, ap\u00f3s mais de um s\u00e9culo classificada como extinta, \u00e9 um <a href=\"https:\/\/gizmodo.uol.com.br\/projeto-promove-preservacao-de-remanescentes-de-mata-atlantica-em-propriedades-rurais\/\">momento \u201chist\u00f3rico e significativo\u201d.<\/a><\/p>\n\n\n\n<div class=\"wp-block-image\"><figure class=\"aligncenter size-large is-resized\"><a href=\"https:\/\/www.instagram.com\/ligadossaborespizzaria\/\"><img loading=\"lazy\" decoding=\"async\" src=\"https:\/\/jornalfatosenoticias.com.br\/wp-content\/uploads\/2020\/02\/WhatsApp-Image-2024-10-02-at-08.18.14-819x1024.jpeg\" alt=\"\" class=\"wp-image-54612\" width=\"300\" height=\"374\" srcset=\"https:\/\/jornalfatosenoticias.com.br\/wp-content\/uploads\/2020\/02\/WhatsApp-Image-2024-10-02-at-08.18.14-819x1024.jpeg 819w, https:\/\/jornalfatosenoticias.com.br\/wp-content\/uploads\/2020\/02\/WhatsApp-Image-2024-10-02-at-08.18.14-240x300.jpeg 240w, https:\/\/jornalfatosenoticias.com.br\/wp-content\/uploads\/2020\/02\/WhatsApp-Image-2024-10-02-at-08.18.14-768x960.jpeg 768w, https:\/\/jornalfatosenoticias.com.br\/wp-content\/uploads\/2020\/02\/WhatsApp-Image-2024-10-02-at-08.18.14.jpeg 1024w\" sizes=\"auto, (max-width: 300px) 100vw, 300px\" \/><\/a><\/figure><\/div>\n\n\n\n<p><em><strong>Fonte: <a href=\"https:\/\/gizmodo.uol.com.br\/anta-dada-como-extinta-ha-1-seculo-reaparece-no-rio-de-janeiro\/\">Giz Brasil<\/a><\/strong><\/em><\/p>\n","protected":false},"excerpt":{"rendered":"<p>O retorno da anta ao Rio de Janeiro \u00e9 o resultado de trabalhos de conserva\u00e7\u00e3o da biodiversidade da Mata Atl\u00e2ntica Por Pablo Nogueira Um s\u00e9culo ap\u00f3s ser considerada extinta, a anta-brasileira (Tapirus Terrestris) reapareceu no estado do Rio de Janeiro,\u00a0representando um marco para conserva\u00e7\u00e3o da esp\u00e9cie. O Instituto Estadual do Ambiente (Inea) revelou a informa\u00e7\u00e3o [&hellip;]<\/p>\n","protected":false},"author":2,"featured_media":57137,"comment_status":"open","ping_status":"open","sticky":false,"template":"","format":"standard","meta":{"footnotes":""},"categories":[8],"tags":[5252,6600,18015,334,11227,258,289],"class_list":["post-57135","post","type-post","status-publish","format-standard","has-post-thumbnail","hentry","category-meio-ambiente","tag-animais-em-extincao","tag-anta","tag-anta-brasileira","tag-biodiversidade","tag-fauna-brasileira","tag-mata-atlantica","tag-rio-de-janeiro"],"yoast_head":"<!-- This site is optimized with the Yoast SEO plugin v26.5 - https:\/\/yoast.com\/wordpress\/plugins\/seo\/ -->\n<title>Anta dada como extinta h\u00e1 um s\u00e9culo reaparece no Rio de Janeiro - Jornal Fatos e Not\u00edcias<\/title>\n<meta name=\"robots\" content=\"index, follow, max-snippet:-1, max-image-preview:large, max-video-preview:-1\" \/>\n<link rel=\"canonical\" href=\"https:\/\/jornalfatosenoticias.com.br\/index.php\/2025\/01\/28\/anta-dada-como-extinta-ha-um-seculo-reaparece-no-rio-de-janeiro\/\" \/>\n<meta property=\"og:locale\" content=\"pt_BR\" \/>\n<meta property=\"og:type\" content=\"article\" \/>\n<meta property=\"og:title\" content=\"Anta dada como extinta h\u00e1 um s\u00e9culo reaparece no Rio de Janeiro - Jornal Fatos e Not\u00edcias\" \/>\n<meta property=\"og:description\" content=\"O retorno da anta ao Rio de Janeiro \u00e9 o resultado de trabalhos de conserva\u00e7\u00e3o da biodiversidade da Mata Atl\u00e2ntica Por Pablo Nogueira Um s\u00e9culo ap\u00f3s ser considerada extinta, a anta-brasileira (Tapirus Terrestris) reapareceu no estado do Rio de Janeiro,\u00a0representando um marco para conserva\u00e7\u00e3o da esp\u00e9cie. O Instituto Estadual do Ambiente (Inea) revelou a informa\u00e7\u00e3o [&hellip;]\" \/>\n<meta property=\"og:url\" content=\"https:\/\/jornalfatosenoticias.com.br\/index.php\/2025\/01\/28\/anta-dada-como-extinta-ha-um-seculo-reaparece-no-rio-de-janeiro\/\" \/>\n<meta property=\"og:site_name\" content=\"Jornal Fatos e Not\u00edcias\" \/>\n<meta property=\"article:published_time\" content=\"2025-01-28T15:28:34+00:00\" \/>\n<meta property=\"article:modified_time\" content=\"2025-01-28T15:28:35+00:00\" \/>\n<meta property=\"og:image\" content=\"https:\/\/jornalfatosenoticias.com.br\/wp-content\/uploads\/2025\/01\/anta_istock.jpg\" \/>\n\t<meta property=\"og:image:width\" content=\"612\" \/>\n\t<meta property=\"og:image:height\" content=\"412\" \/>\n\t<meta property=\"og:image:type\" content=\"image\/jpeg\" \/>\n<meta name=\"author\" content=\"Luzimara Fernandes\" \/>\n<meta name=\"twitter:card\" content=\"summary_large_image\" \/>\n<meta name=\"twitter:label1\" content=\"Escrito por\" \/>\n\t<meta name=\"twitter:data1\" content=\"Luzimara Fernandes\" \/>\n\t<meta name=\"twitter:label2\" content=\"Est. tempo de leitura\" \/>\n\t<meta name=\"twitter:data2\" content=\"2 minutos\" \/>\n<script type=\"application\/ld+json\" class=\"yoast-schema-graph\">{\"@context\":\"https:\/\/schema.org\",\"@graph\":[{\"@type\":\"Article\",\"@id\":\"https:\/\/jornalfatosenoticias.com.br\/index.php\/2025\/01\/28\/anta-dada-como-extinta-ha-um-seculo-reaparece-no-rio-de-janeiro\/#article\",\"isPartOf\":{\"@id\":\"https:\/\/jornalfatosenoticias.com.br\/index.php\/2025\/01\/28\/anta-dada-como-extinta-ha-um-seculo-reaparece-no-rio-de-janeiro\/\"},\"author\":{\"name\":\"Luzimara Fernandes\",\"@id\":\"https:\/\/jornalfatosenoticias.com.br\/#\/schema\/person\/d63837fa13ac8666eb9e74e0985d6f81\"},\"headline\":\"Anta dada como extinta h\u00e1 um s\u00e9culo reaparece no Rio de Janeiro\",\"datePublished\":\"2025-01-28T15:28:34+00:00\",\"dateModified\":\"2025-01-28T15:28:35+00:00\",\"mainEntityOfPage\":{\"@id\":\"https:\/\/jornalfatosenoticias.com.br\/index.php\/2025\/01\/28\/anta-dada-como-extinta-ha-um-seculo-reaparece-no-rio-de-janeiro\/\"},\"wordCount\":440,\"commentCount\":0,\"publisher\":{\"@id\":\"https:\/\/jornalfatosenoticias.com.br\/#organization\"},\"image\":{\"@id\":\"https:\/\/jornalfatosenoticias.com.br\/index.php\/2025\/01\/28\/anta-dada-como-extinta-ha-um-seculo-reaparece-no-rio-de-janeiro\/#primaryimage\"},\"thumbnailUrl\":\"https:\/\/jornalfatosenoticias.com.br\/wp-content\/uploads\/2025\/01\/anta_istock.jpg\",\"keywords\":[\"animais em extin\u00e7\u00e3o\",\"anta\",\"anta-brasileira\",\"biodiversidade\",\"fauna brasileira\",\"mata atl\u00e2ntica\",\"Rio de Janeiro\"],\"articleSection\":[\"Meio ambiente\"],\"inLanguage\":\"pt-BR\",\"potentialAction\":[{\"@type\":\"CommentAction\",\"name\":\"Comment\",\"target\":[\"https:\/\/jornalfatosenoticias.com.br\/index.php\/2025\/01\/28\/anta-dada-como-extinta-ha-um-seculo-reaparece-no-rio-de-janeiro\/#respond\"]}]},{\"@type\":\"WebPage\",\"@id\":\"https:\/\/jornalfatosenoticias.com.br\/index.php\/2025\/01\/28\/anta-dada-como-extinta-ha-um-seculo-reaparece-no-rio-de-janeiro\/\",\"url\":\"https:\/\/jornalfatosenoticias.com.br\/index.php\/2025\/01\/28\/anta-dada-como-extinta-ha-um-seculo-reaparece-no-rio-de-janeiro\/\",\"name\":\"Anta dada como extinta h\u00e1 um s\u00e9culo reaparece no Rio de Janeiro - Jornal Fatos e Not\u00edcias\",\"isPartOf\":{\"@id\":\"https:\/\/jornalfatosenoticias.com.br\/#website\"},\"primaryImageOfPage\":{\"@id\":\"https:\/\/jornalfatosenoticias.com.br\/index.php\/2025\/01\/28\/anta-dada-como-extinta-ha-um-seculo-reaparece-no-rio-de-janeiro\/#primaryimage\"},\"image\":{\"@id\":\"https:\/\/jornalfatosenoticias.com.br\/index.php\/2025\/01\/28\/anta-dada-como-extinta-ha-um-seculo-reaparece-no-rio-de-janeiro\/#primaryimage\"},\"thumbnailUrl\":\"https:\/\/jornalfatosenoticias.com.br\/wp-content\/uploads\/2025\/01\/anta_istock.jpg\",\"datePublished\":\"2025-01-28T15:28:34+00:00\",\"dateModified\":\"2025-01-28T15:28:35+00:00\",\"breadcrumb\":{\"@id\":\"https:\/\/jornalfatosenoticias.com.br\/index.php\/2025\/01\/28\/anta-dada-como-extinta-ha-um-seculo-reaparece-no-rio-de-janeiro\/#breadcrumb\"},\"inLanguage\":\"pt-BR\",\"potentialAction\":[{\"@type\":\"ReadAction\",\"target\":[\"https:\/\/jornalfatosenoticias.com.br\/index.php\/2025\/01\/28\/anta-dada-como-extinta-ha-um-seculo-reaparece-no-rio-de-janeiro\/\"]}]},{\"@type\":\"ImageObject\",\"inLanguage\":\"pt-BR\",\"@id\":\"https:\/\/jornalfatosenoticias.com.br\/index.php\/2025\/01\/28\/anta-dada-como-extinta-ha-um-seculo-reaparece-no-rio-de-janeiro\/#primaryimage\",\"url\":\"https:\/\/jornalfatosenoticias.com.br\/wp-content\/uploads\/2025\/01\/anta_istock.jpg\",\"contentUrl\":\"https:\/\/jornalfatosenoticias.com.br\/wp-content\/uploads\/2025\/01\/anta_istock.jpg\",\"width\":612,\"height\":412,\"caption\":\"Lowland Tapir, tapirus terrestris, Female with Calf\"},{\"@type\":\"BreadcrumbList\",\"@id\":\"https:\/\/jornalfatosenoticias.com.br\/index.php\/2025\/01\/28\/anta-dada-como-extinta-ha-um-seculo-reaparece-no-rio-de-janeiro\/#breadcrumb\",\"itemListElement\":[{\"@type\":\"ListItem\",\"position\":1,\"name\":\"In\u00edcio\",\"item\":\"https:\/\/jornalfatosenoticias.com.br\/\"},{\"@type\":\"ListItem\",\"position\":2,\"name\":\"Anta dada como extinta h\u00e1 um s\u00e9culo reaparece no Rio de Janeiro\"}]},{\"@type\":\"WebSite\",\"@id\":\"https:\/\/jornalfatosenoticias.com.br\/#website\",\"url\":\"https:\/\/jornalfatosenoticias.com.br\/\",\"name\":\"Jornal Fatos e Not\u00edcias\",\"description\":\"Not\u00edcias em geral\",\"publisher\":{\"@id\":\"https:\/\/jornalfatosenoticias.com.br\/#organization\"},\"potentialAction\":[{\"@type\":\"SearchAction\",\"target\":{\"@type\":\"EntryPoint\",\"urlTemplate\":\"https:\/\/jornalfatosenoticias.com.br\/?s={search_term_string}\"},\"query-input\":{\"@type\":\"PropertyValueSpecification\",\"valueRequired\":true,\"valueName\":\"search_term_string\"}}],\"inLanguage\":\"pt-BR\"},{\"@type\":\"Organization\",\"@id\":\"https:\/\/jornalfatosenoticias.com.br\/#organization\",\"name\":\"Jornal Fatos e Not\u00edcias\",\"url\":\"https:\/\/jornalfatosenoticias.com.br\/\",\"logo\":{\"@type\":\"ImageObject\",\"inLanguage\":\"pt-BR\",\"@id\":\"https:\/\/jornalfatosenoticias.com.br\/#\/schema\/logo\/image\/\",\"url\":\"https:\/\/jornalfatosenoticias.com.br\/wp-content\/uploads\/2020\/02\/logo120.png\",\"contentUrl\":\"https:\/\/jornalfatosenoticias.com.br\/wp-content\/uploads\/2020\/02\/logo120.png\",\"width\":1227,\"height\":120,\"caption\":\"Jornal Fatos e Not\u00edcias\"},\"image\":{\"@id\":\"https:\/\/jornalfatosenoticias.com.br\/#\/schema\/logo\/image\/\"}},{\"@type\":\"Person\",\"@id\":\"https:\/\/jornalfatosenoticias.com.br\/#\/schema\/person\/d63837fa13ac8666eb9e74e0985d6f81\",\"name\":\"Luzimara Fernandes\",\"image\":{\"@type\":\"ImageObject\",\"inLanguage\":\"pt-BR\",\"@id\":\"https:\/\/jornalfatosenoticias.com.br\/#\/schema\/person\/image\/\",\"url\":\"https:\/\/jornalfatosenoticias.com.br\/wp-content\/uploads\/2025\/05\/EU_portal.jpg\",\"contentUrl\":\"https:\/\/jornalfatosenoticias.com.br\/wp-content\/uploads\/2025\/05\/EU_portal.jpg\",\"caption\":\"Luzimara Fernandes\"},\"description\":\"Jornalista MTB 2358-ES\",\"sameAs\":[\"https:\/\/jornalfatosenoticias.com.br\"],\"url\":\"https:\/\/jornalfatosenoticias.com.br\/index.php\/author\/luzimara\/\"}]}<\/script>\n<!-- \/ Yoast SEO plugin. -->","yoast_head_json":{"title":"Anta dada como extinta h\u00e1 um s\u00e9culo reaparece no Rio de Janeiro - Jornal Fatos e Not\u00edcias","robots":{"index":"index","follow":"follow","max-snippet":"max-snippet:-1","max-image-preview":"max-image-preview:large","max-video-preview":"max-video-preview:-1"},"canonical":"https:\/\/jornalfatosenoticias.com.br\/index.php\/2025\/01\/28\/anta-dada-como-extinta-ha-um-seculo-reaparece-no-rio-de-janeiro\/","og_locale":"pt_BR","og_type":"article","og_title":"Anta dada como extinta h\u00e1 um s\u00e9culo reaparece no Rio de Janeiro - Jornal Fatos e Not\u00edcias","og_description":"O retorno da anta ao Rio de Janeiro \u00e9 o resultado de trabalhos de conserva\u00e7\u00e3o da biodiversidade da Mata Atl\u00e2ntica Por Pablo Nogueira Um s\u00e9culo ap\u00f3s ser considerada extinta, a anta-brasileira (Tapirus Terrestris) reapareceu no estado do Rio de Janeiro,\u00a0representando um marco para conserva\u00e7\u00e3o da esp\u00e9cie. O Instituto Estadual do Ambiente (Inea) revelou a informa\u00e7\u00e3o [&hellip;]","og_url":"https:\/\/jornalfatosenoticias.com.br\/index.php\/2025\/01\/28\/anta-dada-como-extinta-ha-um-seculo-reaparece-no-rio-de-janeiro\/","og_site_name":"Jornal Fatos e Not\u00edcias","article_published_time":"2025-01-28T15:28:34+00:00","article_modified_time":"2025-01-28T15:28:35+00:00","og_image":[{"width":612,"height":412,"url":"https:\/\/jornalfatosenoticias.com.br\/wp-content\/uploads\/2025\/01\/anta_istock.jpg","type":"image\/jpeg"}],"author":"Luzimara Fernandes","twitter_card":"summary_large_image","twitter_misc":{"Escrito por":"Luzimara Fernandes","Est. tempo de leitura":"2 minutos"},"schema":{"@context":"https:\/\/schema.org","@graph":[{"@type":"Article","@id":"https:\/\/jornalfatosenoticias.com.br\/index.php\/2025\/01\/28\/anta-dada-como-extinta-ha-um-seculo-reaparece-no-rio-de-janeiro\/#article","isPartOf":{"@id":"https:\/\/jornalfatosenoticias.com.br\/index.php\/2025\/01\/28\/anta-dada-como-extinta-ha-um-seculo-reaparece-no-rio-de-janeiro\/"},"author":{"name":"Luzimara Fernandes","@id":"https:\/\/jornalfatosenoticias.com.br\/#\/schema\/person\/d63837fa13ac8666eb9e74e0985d6f81"},"headline":"Anta dada como extinta h\u00e1 um s\u00e9culo reaparece no Rio de Janeiro","datePublished":"2025-01-28T15:28:34+00:00","dateModified":"2025-01-28T15:28:35+00:00","mainEntityOfPage":{"@id":"https:\/\/jornalfatosenoticias.com.br\/index.php\/2025\/01\/28\/anta-dada-como-extinta-ha-um-seculo-reaparece-no-rio-de-janeiro\/"},"wordCount":440,"commentCount":0,"publisher":{"@id":"https:\/\/jornalfatosenoticias.com.br\/#organization"},"image":{"@id":"https:\/\/jornalfatosenoticias.com.br\/index.php\/2025\/01\/28\/anta-dada-como-extinta-ha-um-seculo-reaparece-no-rio-de-janeiro\/#primaryimage"},"thumbnailUrl":"https:\/\/jornalfatosenoticias.com.br\/wp-content\/uploads\/2025\/01\/anta_istock.jpg","keywords":["animais em extin\u00e7\u00e3o","anta","anta-brasileira","biodiversidade","fauna brasileira","mata atl\u00e2ntica","Rio de Janeiro"],"articleSection":["Meio ambiente"],"inLanguage":"pt-BR","potentialAction":[{"@type":"CommentAction","name":"Comment","target":["https:\/\/jornalfatosenoticias.com.br\/index.php\/2025\/01\/28\/anta-dada-como-extinta-ha-um-seculo-reaparece-no-rio-de-janeiro\/#respond"]}]},{"@type":"WebPage","@id":"https:\/\/jornalfatosenoticias.com.br\/index.php\/2025\/01\/28\/anta-dada-como-extinta-ha-um-seculo-reaparece-no-rio-de-janeiro\/","url":"https:\/\/jornalfatosenoticias.com.br\/index.php\/2025\/01\/28\/anta-dada-como-extinta-ha-um-seculo-reaparece-no-rio-de-janeiro\/","name":"Anta dada como extinta h\u00e1 um s\u00e9culo reaparece no Rio de Janeiro - Jornal Fatos e Not\u00edcias","isPartOf":{"@id":"https:\/\/jornalfatosenoticias.com.br\/#website"},"primaryImageOfPage":{"@id":"https:\/\/jornalfatosenoticias.com.br\/index.php\/2025\/01\/28\/anta-dada-como-extinta-ha-um-seculo-reaparece-no-rio-de-janeiro\/#primaryimage"},"image":{"@id":"https:\/\/jornalfatosenoticias.com.br\/index.php\/2025\/01\/28\/anta-dada-como-extinta-ha-um-seculo-reaparece-no-rio-de-janeiro\/#primaryimage"},"thumbnailUrl":"https:\/\/jornalfatosenoticias.com.br\/wp-content\/uploads\/2025\/01\/anta_istock.jpg","datePublished":"2025-01-28T15:28:34+00:00","dateModified":"2025-01-28T15:28:35+00:00","breadcrumb":{"@id":"https:\/\/jornalfatosenoticias.com.br\/index.php\/2025\/01\/28\/anta-dada-como-extinta-ha-um-seculo-reaparece-no-rio-de-janeiro\/#breadcrumb"},"inLanguage":"pt-BR","potentialAction":[{"@type":"ReadAction","target":["https:\/\/jornalfatosenoticias.com.br\/index.php\/2025\/01\/28\/anta-dada-como-extinta-ha-um-seculo-reaparece-no-rio-de-janeiro\/"]}]},{"@type":"ImageObject","inLanguage":"pt-BR","@id":"https:\/\/jornalfatosenoticias.com.br\/index.php\/2025\/01\/28\/anta-dada-como-extinta-ha-um-seculo-reaparece-no-rio-de-janeiro\/#primaryimage","url":"https:\/\/jornalfatosenoticias.com.br\/wp-content\/uploads\/2025\/01\/anta_istock.jpg","contentUrl":"https:\/\/jornalfatosenoticias.com.br\/wp-content\/uploads\/2025\/01\/anta_istock.jpg","width":612,"height":412,"caption":"Lowland Tapir, tapirus terrestris, Female with Calf"},{"@type":"BreadcrumbList","@id":"https:\/\/jornalfatosenoticias.com.br\/index.php\/2025\/01\/28\/anta-dada-como-extinta-ha-um-seculo-reaparece-no-rio-de-janeiro\/#breadcrumb","itemListElement":[{"@type":"ListItem","position":1,"name":"In\u00edcio","item":"https:\/\/jornalfatosenoticias.com.br\/"},{"@type":"ListItem","position":2,"name":"Anta dada como extinta h\u00e1 um s\u00e9culo reaparece no Rio de Janeiro"}]},{"@type":"WebSite","@id":"https:\/\/jornalfatosenoticias.com.br\/#website","url":"https:\/\/jornalfatosenoticias.com.br\/","name":"Jornal Fatos e Not\u00edcias","description":"Not\u00edcias em geral","publisher":{"@id":"https:\/\/jornalfatosenoticias.com.br\/#organization"},"potentialAction":[{"@type":"SearchAction","target":{"@type":"EntryPoint","urlTemplate":"https:\/\/jornalfatosenoticias.com.br\/?s={search_term_string}"},"query-input":{"@type":"PropertyValueSpecification","valueRequired":true,"valueName":"search_term_string"}}],"inLanguage":"pt-BR"},{"@type":"Organization","@id":"https:\/\/jornalfatosenoticias.com.br\/#organization","name":"Jornal Fatos e Not\u00edcias","url":"https:\/\/jornalfatosenoticias.com.br\/","logo":{"@type":"ImageObject","inLanguage":"pt-BR","@id":"https:\/\/jornalfatosenoticias.com.br\/#\/schema\/logo\/image\/","url":"https:\/\/jornalfatosenoticias.com.br\/wp-content\/uploads\/2020\/02\/logo120.png","contentUrl":"https:\/\/jornalfatosenoticias.com.br\/wp-content\/uploads\/2020\/02\/logo120.png","width":1227,"height":120,"caption":"Jornal Fatos e Not\u00edcias"},"image":{"@id":"https:\/\/jornalfatosenoticias.com.br\/#\/schema\/logo\/image\/"}},{"@type":"Person","@id":"https:\/\/jornalfatosenoticias.com.br\/#\/schema\/person\/d63837fa13ac8666eb9e74e0985d6f81","name":"Luzimara Fernandes","image":{"@type":"ImageObject","inLanguage":"pt-BR","@id":"https:\/\/jornalfatosenoticias.com.br\/#\/schema\/person\/image\/","url":"https:\/\/jornalfatosenoticias.com.br\/wp-content\/uploads\/2025\/05\/EU_portal.jpg","contentUrl":"https:\/\/jornalfatosenoticias.com.br\/wp-content\/uploads\/2025\/05\/EU_portal.jpg","caption":"Luzimara Fernandes"},"description":"Jornalista MTB 2358-ES","sameAs":["https:\/\/jornalfatosenoticias.com.br"],"url":"https:\/\/jornalfatosenoticias.com.br\/index.php\/author\/luzimara\/"}]}},"cc_featured_image_caption":{"caption_text":"(Foto: iStock) ","source_text":"","source_url":""},"jetpack_featured_media_url":"https:\/\/jornalfatosenoticias.com.br\/wp-content\/uploads\/2025\/01\/anta_istock.jpg","_links":{"self":[{"href":"https:\/\/jornalfatosenoticias.com.br\/index.php\/wp-json\/wp\/v2\/posts\/57135","targetHints":{"allow":["GET"]}}],"collection":[{"href":"https:\/\/jornalfatosenoticias.com.br\/index.php\/wp-json\/wp\/v2\/posts"}],"about":[{"href":"https:\/\/jornalfatosenoticias.com.br\/index.php\/wp-json\/wp\/v2\/types\/post"}],"author":[{"embeddable":true,"href":"https:\/\/jornalfatosenoticias.com.br\/index.php\/wp-json\/wp\/v2\/users\/2"}],"replies":[{"embeddable":true,"href":"https:\/\/jornalfatosenoticias.com.br\/index.php\/wp-json\/wp\/v2\/comments?post=57135"}],"version-history":[{"count":0,"href":"https:\/\/jornalfatosenoticias.com.br\/index.php\/wp-json\/wp\/v2\/posts\/57135\/revisions"}],"wp:featuredmedia":[{"embeddable":true,"href":"https:\/\/jornalfatosenoticias.com.br\/index.php\/wp-json\/wp\/v2\/media\/57137"}],"wp:attachment":[{"href":"https:\/\/jornalfatosenoticias.com.br\/index.php\/wp-json\/wp\/v2\/media?parent=57135"}],"wp:term":[{"taxonomy":"category","embeddable":true,"href":"https:\/\/jornalfatosenoticias.com.br\/index.php\/wp-json\/wp\/v2\/categories?post=57135"},{"taxonomy":"post_tag","embeddable":true,"href":"https:\/\/jornalfatosenoticias.com.br\/index.php\/wp-json\/wp\/v2\/tags?post=57135"}],"curies":[{"name":"wp","href":"https:\/\/api.w.org\/{rel}","templated":true}]}}