{"id":57153,"date":"2025-01-29T10:16:02","date_gmt":"2025-01-29T13:16:02","guid":{"rendered":"https:\/\/jornalfatosenoticias.com.br\/?p=57153"},"modified":"2025-01-29T10:16:03","modified_gmt":"2025-01-29T13:16:03","slug":"mais-um-pastor-e-assassinado-na-colombia","status":"publish","type":"post","link":"https:\/\/jornalfatosenoticias.com.br\/index.php\/2025\/01\/29\/mais-um-pastor-e-assassinado-na-colombia\/","title":{"rendered":"Mais um pastor \u00e9 assassinado na Col\u00f4mbia"},"content":{"rendered":"\n<p><em><span class=\"has-inline-color has-black-color\">Iv\u00e1n Dar\u00edo Garc\u00eda Gonz\u00e1lez \u00e9 o terceiro pastor colombiano morto em um m\u00eas<\/span><\/em><\/p>\n\n\n\n<div class=\"wp-block-image\"><figure class=\"aligncenter size-large\"><a href=\"https:\/\/mizu.com.br\/\"><img loading=\"lazy\" decoding=\"async\" width=\"729\" height=\"90\" src=\"https:\/\/jornalfatosenoticias.com.br\/wp-content\/uploads\/2020\/02\/Logo_Mizu.png\" alt=\"\" class=\"wp-image-1441\" srcset=\"https:\/\/jornalfatosenoticias.com.br\/wp-content\/uploads\/2020\/02\/Logo_Mizu.png 729w, https:\/\/jornalfatosenoticias.com.br\/wp-content\/uploads\/2020\/02\/Logo_Mizu-300x37.png 300w\" sizes=\"auto, (max-width: 729px) 100vw, 729px\" \/><\/a><\/figure><\/div>\n\n\n\n<p>O pastor Iv\u00e1n Dar\u00edo Garc\u00eda Gonz\u00e1lez, l\u00edder da Igreja Crist\u00e3 <em>Nuevo Renacer<\/em>, foi baleado e morto na noite de 8 de janeiro ap\u00f3s sair de um culto noturno na vila de R\u00edo Fr\u00edo, em Magdalena,\u00a0<a href=\"https:\/\/portasabertas.org.br\/lista-mundial-da-perseguicao\/colombia\">Col\u00f4mbia<\/a>. O ataque, que tamb\u00e9m deixou outro membro da igreja ferido, marca o\u00a0<a href=\"https:\/\/portasabertas.org.br\/noticias\/cristaos-perseguidos\/pastor-colombiano-e-familia-sao-mortos-apos-culto\">terceiro assassinato de pastor<\/a> no pa\u00eds em menos de um m\u00eas.<br>O agressor, um pistoleiro em uma motocicleta, foi quem executou o l\u00edder crist\u00e3o. O membro ferido, que estava acompanhando o pastor Garc\u00eda na hora, foi levado a um hospital local, onde est\u00e1 se recuperando. \u201cEste crime soma-se aos <a href=\"https:\/\/portasabertas.org.br\/noticias\/cristaos-perseguidos\/pastor-colombiano-e-familia-sao-mortos-apos-culto\">horr\u00edveis assassinatos de l\u00edderes religiosos,<\/a> como o pastor Marlon Yamith Lora, sua esposa Yorley Rinc\u00f3n e seus dois filhos, em 29 de dezembro de 2024, em Aguachica. Em apenas 11 dias, tr\u00eas pastores foram assassinados\u201d, afirmou o Minist\u00e9rio P\u00fablico em um comunicado oficial em 15 de janeiro.<\/p>\n\n\n\n<div class=\"wp-block-image\"><figure class=\"aligncenter size-large is-resized\"><a href=\"https:\/\/www.instagram.com\/esteiochurrascaria\/\"><img loading=\"lazy\" decoding=\"async\" src=\"https:\/\/jornalfatosenoticias.com.br\/wp-content\/uploads\/2022\/02\/LOGO-ESTEIO-1024x730.png\" alt=\"\" class=\"wp-image-27942\" width=\"335\" height=\"239\" srcset=\"https:\/\/jornalfatosenoticias.com.br\/wp-content\/uploads\/2022\/02\/LOGO-ESTEIO-1024x730.png 1024w, https:\/\/jornalfatosenoticias.com.br\/wp-content\/uploads\/2022\/02\/LOGO-ESTEIO-300x214.png 300w, https:\/\/jornalfatosenoticias.com.br\/wp-content\/uploads\/2022\/02\/LOGO-ESTEIO-768x548.png 768w, https:\/\/jornalfatosenoticias.com.br\/wp-content\/uploads\/2022\/02\/LOGO-ESTEIO.png 1123w\" sizes=\"auto, (max-width: 335px) 100vw, 335px\" \/><\/a><\/figure><\/div>\n\n\n\n<blockquote class=\"wp-block-quote is-layout-flow wp-block-quote-is-layout-flow\"><p><span class=\"has-inline-color has-luminous-vivid-orange-color\">Este pastor \u00e9 uma das muitas v\u00edtimas que enfrentam riscos devido a sua lideran\u00e7a religiosa. Esses l\u00edderes desempenham um papel crucial na promo\u00e7\u00e3o da coes\u00e3o <a href=\"https:\/\/portasabertas.org.br\/noticias\/cristaos-perseguidos\/pastores-sao-pressionados-por-gangues-na-colombia\">social<\/a> e de valores dentro de suas comunidades\u201d, disse Javier Sarmiento, defensor dos direitos humanos da Col\u00f4mbia, enfatizando a gravidade da situa\u00e7\u00e3o.<\/span><\/p><\/blockquote>\n\n\n\n<div class=\"wp-block-image\"><figure class=\"aligncenter size-large is-resized\"><a href=\"https:\/\/hotelmarquetti.com.br\/\"><img loading=\"lazy\" decoding=\"async\" src=\"https:\/\/jornalfatosenoticias.com.br\/wp-content\/uploads\/2023\/03\/nova-logo-Marquetti.jpg\" alt=\"\" class=\"wp-image-40207\" width=\"313\" height=\"210\" srcset=\"https:\/\/jornalfatosenoticias.com.br\/wp-content\/uploads\/2023\/03\/nova-logo-Marquetti.jpg 643w, https:\/\/jornalfatosenoticias.com.br\/wp-content\/uploads\/2023\/03\/nova-logo-Marquetti-300x202.jpg 300w\" sizes=\"auto, (max-width: 313px) 100vw, 313px\" \/><\/a><\/figure><\/div>\n\n\n\n<p><strong><span class=\"has-inline-color has-black-color\">Apelo por prote\u00e7\u00e3o<br><\/span><\/strong>O Minist\u00e9rio do Interior e a Unidade Nacional de Prote\u00e7\u00e3o (UNP) foram instados a classificar os l\u00edderes religiosos como uma popula\u00e7\u00e3o em risco e implementar medidas espec\u00edficas para proteg\u00ea-los. A Confedera\u00e7\u00e3o Evang\u00e9lica da Col\u00f4mbia (Codecol), \u00e0 qual o pastor Marlon Lora pertencia, condenou veementemente o assassinato. \u201cApelamos enfaticamente \u00e0s autoridades locais e nacionais para que ajam rapidamente\u201d, afirmou a Codecol em um comunicado \u00e0 imprensa.<\/p>\n\n\n\n<div class=\"wp-block-image\"><figure class=\"aligncenter size-large is-resized\"><a href=\"https:\/\/www.instagram.com\/ligadossaborespizzaria\/\"><img loading=\"lazy\" decoding=\"async\" src=\"https:\/\/jornalfatosenoticias.com.br\/wp-content\/uploads\/2020\/02\/WhatsApp-Image-2024-10-02-at-08.18.14-819x1024.jpeg\" alt=\"\" class=\"wp-image-54612\" width=\"281\" height=\"351\" srcset=\"https:\/\/jornalfatosenoticias.com.br\/wp-content\/uploads\/2020\/02\/WhatsApp-Image-2024-10-02-at-08.18.14-819x1024.jpeg 819w, https:\/\/jornalfatosenoticias.com.br\/wp-content\/uploads\/2020\/02\/WhatsApp-Image-2024-10-02-at-08.18.14-240x300.jpeg 240w, https:\/\/jornalfatosenoticias.com.br\/wp-content\/uploads\/2020\/02\/WhatsApp-Image-2024-10-02-at-08.18.14-768x960.jpeg 768w, https:\/\/jornalfatosenoticias.com.br\/wp-content\/uploads\/2020\/02\/WhatsApp-Image-2024-10-02-at-08.18.14.jpeg 1024w\" sizes=\"auto, (max-width: 281px) 100vw, 281px\" \/><\/a><\/figure><\/div>\n\n\n\n<p>As autoridades est\u00e3o investigando ativamente as circunst\u00e2ncias em torno do assassinato do pastor Garc\u00eda Gonz\u00e1lez. H\u00e1 uma crescente <a href=\"https:\/\/portasabertas.org.br\/noticias\/cristaos-perseguidos\/pastores-sao-pressionados-por-gangues-na-colombia\">preocupa\u00e7\u00e3o com o aumento da extors\u00e3o de l\u00edderes religiosos<\/a> em v\u00e1rias regi\u00f5es. Essa viol\u00eancia for\u00e7ou muitos pastores a fugir de suas comunidades para evitar retalia\u00e7\u00e3o.<\/p>\n\n\n\n<div class=\"wp-block-image\"><figure class=\"aligncenter size-large is-resized\"><a href=\"https:\/\/www.instagram.com\/restaurantepegoretti\/\"><img loading=\"lazy\" decoding=\"async\" src=\"https:\/\/jornalfatosenoticias.com.br\/wp-content\/uploads\/2023\/12\/pegoretti-logo-pdf-1024x389.jpg\" alt=\"\" class=\"wp-image-47536\" width=\"395\" height=\"150\" srcset=\"https:\/\/jornalfatosenoticias.com.br\/wp-content\/uploads\/2023\/12\/pegoretti-logo-pdf-1024x389.jpg 1024w, https:\/\/jornalfatosenoticias.com.br\/wp-content\/uploads\/2023\/12\/pegoretti-logo-pdf-300x114.jpg 300w, https:\/\/jornalfatosenoticias.com.br\/wp-content\/uploads\/2023\/12\/pegoretti-logo-pdf-768x291.jpg 768w, https:\/\/jornalfatosenoticias.com.br\/wp-content\/uploads\/2023\/12\/pegoretti-logo-pdf.jpg 1120w\" sizes=\"auto, (max-width: 395px) 100vw, 395px\" \/><\/a><\/figure><\/div>\n\n\n\n<p>Karen Niebles, esposa do pastor Garc\u00eda, compartilhou com a m\u00eddia nacional que seu marido havia recebido recentemente liga\u00e7\u00f5es perturbadoras.<em><strong> \u201cEram n\u00fameros privados. Ele nunca me contou os detalhes, queria me proteger da preocupa\u00e7\u00e3o, mas acredito que estava sendo extorquido\u201d, disse ela.<\/strong><\/em><\/p>\n\n\n\n<div class=\"wp-block-image\"><figure class=\"aligncenter size-large\"><a href=\"https:\/\/cesconetto.com.br\/\"><img loading=\"lazy\" decoding=\"async\" width=\"300\" height=\"250\" src=\"https:\/\/jornalfatosenoticias.com.br\/wp-content\/uploads\/2022\/02\/Banner-2.png\" alt=\"\" class=\"wp-image-27877\"\/><\/a><\/figure><\/div>\n\n\n\n<p>A equipe de pesquisa da <a href=\"https:\/\/portasabertas.org.br\/sobre-nos\/quem-somos\">Portas Abertas<\/a> Col\u00f4mbia est\u00e1 monitorando de perto o caso para determinar se o assassinato do pastor Garc\u00eda Gonz\u00e1lez estava ligado ao seu minist\u00e9rio ou a outros fatores. Ore pela Col\u00f4mbia e por seus l\u00edderes crist\u00e3os, que continuam a enfrentar graves riscos em \u00e1reas assoladas por conflitos armados e crime organizado.<\/p>\n\n\n\n<div class=\"wp-block-image\"><figure class=\"aligncenter size-large\"><a href=\"http:\/\/www.ferrarimaquinas.com.br\/\"><img loading=\"lazy\" decoding=\"async\" width=\"300\" height=\"250\" src=\"https:\/\/jornalfatosenoticias.com.br\/wp-content\/uploads\/2022\/02\/FERRARI_MAQUINAS-E-FERRAMENTAS2.jpg\" alt=\"\" class=\"wp-image-27860\"\/><\/a><\/figure><\/div>\n\n\n\n<p><strong><em>Fonte: <a href=\"https:\/\/portasabertas.org.br\/noticias\/cristaos-perseguidos\/mais-um-pastor-e-assassinado-na-colombia\">Portas Abertas<\/a><\/em><\/strong><\/p>\n","protected":false},"excerpt":{"rendered":"<p>Iv\u00e1n Dar\u00edo Garc\u00eda Gonz\u00e1lez \u00e9 o terceiro pastor colombiano morto em um m\u00eas O pastor Iv\u00e1n Dar\u00edo Garc\u00eda Gonz\u00e1lez, l\u00edder da Igreja Crist\u00e3 Nuevo Renacer, foi baleado e morto na noite de 8 de janeiro ap\u00f3s sair de um culto noturno na vila de R\u00edo Fr\u00edo, em Magdalena,\u00a0Col\u00f4mbia. O ataque, que tamb\u00e9m deixou outro membro [&hellip;]<\/p>\n","protected":false},"author":2,"featured_media":57154,"comment_status":"open","ping_status":"open","sticky":false,"template":"","format":"standard","meta":{"footnotes":""},"categories":[21140],"tags":[9981,4282,6597,26078,26077,23689,14152,24096,2479],"class_list":["post-57153","post","type-post","status-publish","format-standard","has-post-thumbnail","hentry","category-religiao","tag-assassinato","tag-ataque","tag-colombia","tag-criminosos","tag-gospel","tag-pastor","tag-perseguicao","tag-portas-abertas","tag-violencia"],"yoast_head":"<!-- This site is optimized with the Yoast SEO plugin v26.5 - https:\/\/yoast.com\/wordpress\/plugins\/seo\/ -->\n<title>Mais um pastor \u00e9 assassinado na Col\u00f4mbia - Jornal Fatos e Not\u00edcias<\/title>\n<meta name=\"robots\" content=\"index, follow, max-snippet:-1, max-image-preview:large, max-video-preview:-1\" \/>\n<link rel=\"canonical\" href=\"https:\/\/jornalfatosenoticias.com.br\/index.php\/2025\/01\/29\/mais-um-pastor-e-assassinado-na-colombia\/\" \/>\n<meta property=\"og:locale\" content=\"pt_BR\" \/>\n<meta property=\"og:type\" content=\"article\" \/>\n<meta property=\"og:title\" content=\"Mais um pastor \u00e9 assassinado na Col\u00f4mbia - Jornal Fatos e Not\u00edcias\" \/>\n<meta property=\"og:description\" content=\"Iv\u00e1n Dar\u00edo Garc\u00eda Gonz\u00e1lez \u00e9 o terceiro pastor colombiano morto em um m\u00eas O pastor Iv\u00e1n Dar\u00edo Garc\u00eda Gonz\u00e1lez, l\u00edder da Igreja Crist\u00e3 Nuevo Renacer, foi baleado e morto na noite de 8 de janeiro ap\u00f3s sair de um culto noturno na vila de R\u00edo Fr\u00edo, em Magdalena,\u00a0Col\u00f4mbia. O ataque, que tamb\u00e9m deixou outro membro [&hellip;]\" \/>\n<meta property=\"og:url\" content=\"https:\/\/jornalfatosenoticias.com.br\/index.php\/2025\/01\/29\/mais-um-pastor-e-assassinado-na-colombia\/\" \/>\n<meta property=\"og:site_name\" content=\"Jornal Fatos e Not\u00edcias\" \/>\n<meta property=\"article:published_time\" content=\"2025-01-29T13:16:02+00:00\" \/>\n<meta property=\"article:modified_time\" content=\"2025-01-29T13:16:03+00:00\" \/>\n<meta property=\"og:image\" content=\"https:\/\/jornalfatosenoticias.com.br\/wp-content\/uploads\/2025\/01\/pastor-assassinado-Colombia-Portas-Abertas.jpg\" \/>\n\t<meta property=\"og:image:width\" content=\"1000\" \/>\n\t<meta property=\"og:image:height\" content=\"562\" \/>\n\t<meta property=\"og:image:type\" content=\"image\/jpeg\" \/>\n<meta name=\"author\" content=\"Luzimara Fernandes\" \/>\n<meta name=\"twitter:card\" content=\"summary_large_image\" \/>\n<meta name=\"twitter:label1\" content=\"Escrito por\" \/>\n\t<meta name=\"twitter:data1\" content=\"Luzimara Fernandes\" \/>\n\t<meta name=\"twitter:label2\" content=\"Est. tempo de leitura\" \/>\n\t<meta name=\"twitter:data2\" content=\"2 minutos\" \/>\n<script type=\"application\/ld+json\" class=\"yoast-schema-graph\">{\"@context\":\"https:\/\/schema.org\",\"@graph\":[{\"@type\":\"Article\",\"@id\":\"https:\/\/jornalfatosenoticias.com.br\/index.php\/2025\/01\/29\/mais-um-pastor-e-assassinado-na-colombia\/#article\",\"isPartOf\":{\"@id\":\"https:\/\/jornalfatosenoticias.com.br\/index.php\/2025\/01\/29\/mais-um-pastor-e-assassinado-na-colombia\/\"},\"author\":{\"name\":\"Luzimara Fernandes\",\"@id\":\"https:\/\/jornalfatosenoticias.com.br\/#\/schema\/person\/d63837fa13ac8666eb9e74e0985d6f81\"},\"headline\":\"Mais um pastor \u00e9 assassinado na Col\u00f4mbia\",\"datePublished\":\"2025-01-29T13:16:02+00:00\",\"dateModified\":\"2025-01-29T13:16:03+00:00\",\"mainEntityOfPage\":{\"@id\":\"https:\/\/jornalfatosenoticias.com.br\/index.php\/2025\/01\/29\/mais-um-pastor-e-assassinado-na-colombia\/\"},\"wordCount\":479,\"commentCount\":0,\"publisher\":{\"@id\":\"https:\/\/jornalfatosenoticias.com.br\/#organization\"},\"image\":{\"@id\":\"https:\/\/jornalfatosenoticias.com.br\/index.php\/2025\/01\/29\/mais-um-pastor-e-assassinado-na-colombia\/#primaryimage\"},\"thumbnailUrl\":\"https:\/\/jornalfatosenoticias.com.br\/wp-content\/uploads\/2025\/01\/pastor-assassinado-Colombia-Portas-Abertas.jpg\",\"keywords\":[\"assassinato\",\"ataque\",\"Col\u00f4mbia\",\"criminosos\",\"gospel\",\"pastor\",\"persegui\u00e7\u00e3o\",\"Portas Abertas\",\"viol\u00eancia\"],\"articleSection\":[\"Religi\u00e3o\"],\"inLanguage\":\"pt-BR\",\"potentialAction\":[{\"@type\":\"CommentAction\",\"name\":\"Comment\",\"target\":[\"https:\/\/jornalfatosenoticias.com.br\/index.php\/2025\/01\/29\/mais-um-pastor-e-assassinado-na-colombia\/#respond\"]}]},{\"@type\":\"WebPage\",\"@id\":\"https:\/\/jornalfatosenoticias.com.br\/index.php\/2025\/01\/29\/mais-um-pastor-e-assassinado-na-colombia\/\",\"url\":\"https:\/\/jornalfatosenoticias.com.br\/index.php\/2025\/01\/29\/mais-um-pastor-e-assassinado-na-colombia\/\",\"name\":\"Mais um pastor \u00e9 assassinado na Col\u00f4mbia - Jornal Fatos e Not\u00edcias\",\"isPartOf\":{\"@id\":\"https:\/\/jornalfatosenoticias.com.br\/#website\"},\"primaryImageOfPage\":{\"@id\":\"https:\/\/jornalfatosenoticias.com.br\/index.php\/2025\/01\/29\/mais-um-pastor-e-assassinado-na-colombia\/#primaryimage\"},\"image\":{\"@id\":\"https:\/\/jornalfatosenoticias.com.br\/index.php\/2025\/01\/29\/mais-um-pastor-e-assassinado-na-colombia\/#primaryimage\"},\"thumbnailUrl\":\"https:\/\/jornalfatosenoticias.com.br\/wp-content\/uploads\/2025\/01\/pastor-assassinado-Colombia-Portas-Abertas.jpg\",\"datePublished\":\"2025-01-29T13:16:02+00:00\",\"dateModified\":\"2025-01-29T13:16:03+00:00\",\"breadcrumb\":{\"@id\":\"https:\/\/jornalfatosenoticias.com.br\/index.php\/2025\/01\/29\/mais-um-pastor-e-assassinado-na-colombia\/#breadcrumb\"},\"inLanguage\":\"pt-BR\",\"potentialAction\":[{\"@type\":\"ReadAction\",\"target\":[\"https:\/\/jornalfatosenoticias.com.br\/index.php\/2025\/01\/29\/mais-um-pastor-e-assassinado-na-colombia\/\"]}]},{\"@type\":\"ImageObject\",\"inLanguage\":\"pt-BR\",\"@id\":\"https:\/\/jornalfatosenoticias.com.br\/index.php\/2025\/01\/29\/mais-um-pastor-e-assassinado-na-colombia\/#primaryimage\",\"url\":\"https:\/\/jornalfatosenoticias.com.br\/wp-content\/uploads\/2025\/01\/pastor-assassinado-Colombia-Portas-Abertas.jpg\",\"contentUrl\":\"https:\/\/jornalfatosenoticias.com.br\/wp-content\/uploads\/2025\/01\/pastor-assassinado-Colombia-Portas-Abertas.jpg\",\"width\":1000,\"height\":562},{\"@type\":\"BreadcrumbList\",\"@id\":\"https:\/\/jornalfatosenoticias.com.br\/index.php\/2025\/01\/29\/mais-um-pastor-e-assassinado-na-colombia\/#breadcrumb\",\"itemListElement\":[{\"@type\":\"ListItem\",\"position\":1,\"name\":\"In\u00edcio\",\"item\":\"https:\/\/jornalfatosenoticias.com.br\/\"},{\"@type\":\"ListItem\",\"position\":2,\"name\":\"Mais um pastor \u00e9 assassinado na Col\u00f4mbia\"}]},{\"@type\":\"WebSite\",\"@id\":\"https:\/\/jornalfatosenoticias.com.br\/#website\",\"url\":\"https:\/\/jornalfatosenoticias.com.br\/\",\"name\":\"Jornal Fatos e Not\u00edcias\",\"description\":\"Not\u00edcias em geral\",\"publisher\":{\"@id\":\"https:\/\/jornalfatosenoticias.com.br\/#organization\"},\"potentialAction\":[{\"@type\":\"SearchAction\",\"target\":{\"@type\":\"EntryPoint\",\"urlTemplate\":\"https:\/\/jornalfatosenoticias.com.br\/?s={search_term_string}\"},\"query-input\":{\"@type\":\"PropertyValueSpecification\",\"valueRequired\":true,\"valueName\":\"search_term_string\"}}],\"inLanguage\":\"pt-BR\"},{\"@type\":\"Organization\",\"@id\":\"https:\/\/jornalfatosenoticias.com.br\/#organization\",\"name\":\"Jornal Fatos e Not\u00edcias\",\"url\":\"https:\/\/jornalfatosenoticias.com.br\/\",\"logo\":{\"@type\":\"ImageObject\",\"inLanguage\":\"pt-BR\",\"@id\":\"https:\/\/jornalfatosenoticias.com.br\/#\/schema\/logo\/image\/\",\"url\":\"https:\/\/jornalfatosenoticias.com.br\/wp-content\/uploads\/2020\/02\/logo120.png\",\"contentUrl\":\"https:\/\/jornalfatosenoticias.com.br\/wp-content\/uploads\/2020\/02\/logo120.png\",\"width\":1227,\"height\":120,\"caption\":\"Jornal Fatos e Not\u00edcias\"},\"image\":{\"@id\":\"https:\/\/jornalfatosenoticias.com.br\/#\/schema\/logo\/image\/\"}},{\"@type\":\"Person\",\"@id\":\"https:\/\/jornalfatosenoticias.com.br\/#\/schema\/person\/d63837fa13ac8666eb9e74e0985d6f81\",\"name\":\"Luzimara Fernandes\",\"image\":{\"@type\":\"ImageObject\",\"inLanguage\":\"pt-BR\",\"@id\":\"https:\/\/jornalfatosenoticias.com.br\/#\/schema\/person\/image\/\",\"url\":\"https:\/\/jornalfatosenoticias.com.br\/wp-content\/uploads\/2025\/05\/EU_portal.jpg\",\"contentUrl\":\"https:\/\/jornalfatosenoticias.com.br\/wp-content\/uploads\/2025\/05\/EU_portal.jpg\",\"caption\":\"Luzimara Fernandes\"},\"description\":\"Jornalista MTB 2358-ES\",\"sameAs\":[\"https:\/\/jornalfatosenoticias.com.br\"],\"url\":\"https:\/\/jornalfatosenoticias.com.br\/index.php\/author\/luzimara\/\"}]}<\/script>\n<!-- \/ Yoast SEO plugin. -->","yoast_head_json":{"title":"Mais um pastor \u00e9 assassinado na Col\u00f4mbia - Jornal Fatos e Not\u00edcias","robots":{"index":"index","follow":"follow","max-snippet":"max-snippet:-1","max-image-preview":"max-image-preview:large","max-video-preview":"max-video-preview:-1"},"canonical":"https:\/\/jornalfatosenoticias.com.br\/index.php\/2025\/01\/29\/mais-um-pastor-e-assassinado-na-colombia\/","og_locale":"pt_BR","og_type":"article","og_title":"Mais um pastor \u00e9 assassinado na Col\u00f4mbia - Jornal Fatos e Not\u00edcias","og_description":"Iv\u00e1n Dar\u00edo Garc\u00eda Gonz\u00e1lez \u00e9 o terceiro pastor colombiano morto em um m\u00eas O pastor Iv\u00e1n Dar\u00edo Garc\u00eda Gonz\u00e1lez, l\u00edder da Igreja Crist\u00e3 Nuevo Renacer, foi baleado e morto na noite de 8 de janeiro ap\u00f3s sair de um culto noturno na vila de R\u00edo Fr\u00edo, em Magdalena,\u00a0Col\u00f4mbia. O ataque, que tamb\u00e9m deixou outro membro [&hellip;]","og_url":"https:\/\/jornalfatosenoticias.com.br\/index.php\/2025\/01\/29\/mais-um-pastor-e-assassinado-na-colombia\/","og_site_name":"Jornal Fatos e Not\u00edcias","article_published_time":"2025-01-29T13:16:02+00:00","article_modified_time":"2025-01-29T13:16:03+00:00","og_image":[{"width":1000,"height":562,"url":"https:\/\/jornalfatosenoticias.com.br\/wp-content\/uploads\/2025\/01\/pastor-assassinado-Colombia-Portas-Abertas.jpg","type":"image\/jpeg"}],"author":"Luzimara Fernandes","twitter_card":"summary_large_image","twitter_misc":{"Escrito por":"Luzimara Fernandes","Est. tempo de leitura":"2 minutos"},"schema":{"@context":"https:\/\/schema.org","@graph":[{"@type":"Article","@id":"https:\/\/jornalfatosenoticias.com.br\/index.php\/2025\/01\/29\/mais-um-pastor-e-assassinado-na-colombia\/#article","isPartOf":{"@id":"https:\/\/jornalfatosenoticias.com.br\/index.php\/2025\/01\/29\/mais-um-pastor-e-assassinado-na-colombia\/"},"author":{"name":"Luzimara Fernandes","@id":"https:\/\/jornalfatosenoticias.com.br\/#\/schema\/person\/d63837fa13ac8666eb9e74e0985d6f81"},"headline":"Mais um pastor \u00e9 assassinado na Col\u00f4mbia","datePublished":"2025-01-29T13:16:02+00:00","dateModified":"2025-01-29T13:16:03+00:00","mainEntityOfPage":{"@id":"https:\/\/jornalfatosenoticias.com.br\/index.php\/2025\/01\/29\/mais-um-pastor-e-assassinado-na-colombia\/"},"wordCount":479,"commentCount":0,"publisher":{"@id":"https:\/\/jornalfatosenoticias.com.br\/#organization"},"image":{"@id":"https:\/\/jornalfatosenoticias.com.br\/index.php\/2025\/01\/29\/mais-um-pastor-e-assassinado-na-colombia\/#primaryimage"},"thumbnailUrl":"https:\/\/jornalfatosenoticias.com.br\/wp-content\/uploads\/2025\/01\/pastor-assassinado-Colombia-Portas-Abertas.jpg","keywords":["assassinato","ataque","Col\u00f4mbia","criminosos","gospel","pastor","persegui\u00e7\u00e3o","Portas Abertas","viol\u00eancia"],"articleSection":["Religi\u00e3o"],"inLanguage":"pt-BR","potentialAction":[{"@type":"CommentAction","name":"Comment","target":["https:\/\/jornalfatosenoticias.com.br\/index.php\/2025\/01\/29\/mais-um-pastor-e-assassinado-na-colombia\/#respond"]}]},{"@type":"WebPage","@id":"https:\/\/jornalfatosenoticias.com.br\/index.php\/2025\/01\/29\/mais-um-pastor-e-assassinado-na-colombia\/","url":"https:\/\/jornalfatosenoticias.com.br\/index.php\/2025\/01\/29\/mais-um-pastor-e-assassinado-na-colombia\/","name":"Mais um pastor \u00e9 assassinado na Col\u00f4mbia - Jornal Fatos e Not\u00edcias","isPartOf":{"@id":"https:\/\/jornalfatosenoticias.com.br\/#website"},"primaryImageOfPage":{"@id":"https:\/\/jornalfatosenoticias.com.br\/index.php\/2025\/01\/29\/mais-um-pastor-e-assassinado-na-colombia\/#primaryimage"},"image":{"@id":"https:\/\/jornalfatosenoticias.com.br\/index.php\/2025\/01\/29\/mais-um-pastor-e-assassinado-na-colombia\/#primaryimage"},"thumbnailUrl":"https:\/\/jornalfatosenoticias.com.br\/wp-content\/uploads\/2025\/01\/pastor-assassinado-Colombia-Portas-Abertas.jpg","datePublished":"2025-01-29T13:16:02+00:00","dateModified":"2025-01-29T13:16:03+00:00","breadcrumb":{"@id":"https:\/\/jornalfatosenoticias.com.br\/index.php\/2025\/01\/29\/mais-um-pastor-e-assassinado-na-colombia\/#breadcrumb"},"inLanguage":"pt-BR","potentialAction":[{"@type":"ReadAction","target":["https:\/\/jornalfatosenoticias.com.br\/index.php\/2025\/01\/29\/mais-um-pastor-e-assassinado-na-colombia\/"]}]},{"@type":"ImageObject","inLanguage":"pt-BR","@id":"https:\/\/jornalfatosenoticias.com.br\/index.php\/2025\/01\/29\/mais-um-pastor-e-assassinado-na-colombia\/#primaryimage","url":"https:\/\/jornalfatosenoticias.com.br\/wp-content\/uploads\/2025\/01\/pastor-assassinado-Colombia-Portas-Abertas.jpg","contentUrl":"https:\/\/jornalfatosenoticias.com.br\/wp-content\/uploads\/2025\/01\/pastor-assassinado-Colombia-Portas-Abertas.jpg","width":1000,"height":562},{"@type":"BreadcrumbList","@id":"https:\/\/jornalfatosenoticias.com.br\/index.php\/2025\/01\/29\/mais-um-pastor-e-assassinado-na-colombia\/#breadcrumb","itemListElement":[{"@type":"ListItem","position":1,"name":"In\u00edcio","item":"https:\/\/jornalfatosenoticias.com.br\/"},{"@type":"ListItem","position":2,"name":"Mais um pastor \u00e9 assassinado na Col\u00f4mbia"}]},{"@type":"WebSite","@id":"https:\/\/jornalfatosenoticias.com.br\/#website","url":"https:\/\/jornalfatosenoticias.com.br\/","name":"Jornal Fatos e Not\u00edcias","description":"Not\u00edcias em geral","publisher":{"@id":"https:\/\/jornalfatosenoticias.com.br\/#organization"},"potentialAction":[{"@type":"SearchAction","target":{"@type":"EntryPoint","urlTemplate":"https:\/\/jornalfatosenoticias.com.br\/?s={search_term_string}"},"query-input":{"@type":"PropertyValueSpecification","valueRequired":true,"valueName":"search_term_string"}}],"inLanguage":"pt-BR"},{"@type":"Organization","@id":"https:\/\/jornalfatosenoticias.com.br\/#organization","name":"Jornal Fatos e Not\u00edcias","url":"https:\/\/jornalfatosenoticias.com.br\/","logo":{"@type":"ImageObject","inLanguage":"pt-BR","@id":"https:\/\/jornalfatosenoticias.com.br\/#\/schema\/logo\/image\/","url":"https:\/\/jornalfatosenoticias.com.br\/wp-content\/uploads\/2020\/02\/logo120.png","contentUrl":"https:\/\/jornalfatosenoticias.com.br\/wp-content\/uploads\/2020\/02\/logo120.png","width":1227,"height":120,"caption":"Jornal Fatos e Not\u00edcias"},"image":{"@id":"https:\/\/jornalfatosenoticias.com.br\/#\/schema\/logo\/image\/"}},{"@type":"Person","@id":"https:\/\/jornalfatosenoticias.com.br\/#\/schema\/person\/d63837fa13ac8666eb9e74e0985d6f81","name":"Luzimara Fernandes","image":{"@type":"ImageObject","inLanguage":"pt-BR","@id":"https:\/\/jornalfatosenoticias.com.br\/#\/schema\/person\/image\/","url":"https:\/\/jornalfatosenoticias.com.br\/wp-content\/uploads\/2025\/05\/EU_portal.jpg","contentUrl":"https:\/\/jornalfatosenoticias.com.br\/wp-content\/uploads\/2025\/05\/EU_portal.jpg","caption":"Luzimara Fernandes"},"description":"Jornalista MTB 2358-ES","sameAs":["https:\/\/jornalfatosenoticias.com.br"],"url":"https:\/\/jornalfatosenoticias.com.br\/index.php\/author\/luzimara\/"}]}},"cc_featured_image_caption":{"caption_text":"(Foto: Portas Abertas\/Reprodu\u00e7\u00e3o)","source_text":"","source_url":""},"jetpack_featured_media_url":"https:\/\/jornalfatosenoticias.com.br\/wp-content\/uploads\/2025\/01\/pastor-assassinado-Colombia-Portas-Abertas.jpg","_links":{"self":[{"href":"https:\/\/jornalfatosenoticias.com.br\/index.php\/wp-json\/wp\/v2\/posts\/57153","targetHints":{"allow":["GET"]}}],"collection":[{"href":"https:\/\/jornalfatosenoticias.com.br\/index.php\/wp-json\/wp\/v2\/posts"}],"about":[{"href":"https:\/\/jornalfatosenoticias.com.br\/index.php\/wp-json\/wp\/v2\/types\/post"}],"author":[{"embeddable":true,"href":"https:\/\/jornalfatosenoticias.com.br\/index.php\/wp-json\/wp\/v2\/users\/2"}],"replies":[{"embeddable":true,"href":"https:\/\/jornalfatosenoticias.com.br\/index.php\/wp-json\/wp\/v2\/comments?post=57153"}],"version-history":[{"count":0,"href":"https:\/\/jornalfatosenoticias.com.br\/index.php\/wp-json\/wp\/v2\/posts\/57153\/revisions"}],"wp:featuredmedia":[{"embeddable":true,"href":"https:\/\/jornalfatosenoticias.com.br\/index.php\/wp-json\/wp\/v2\/media\/57154"}],"wp:attachment":[{"href":"https:\/\/jornalfatosenoticias.com.br\/index.php\/wp-json\/wp\/v2\/media?parent=57153"}],"wp:term":[{"taxonomy":"category","embeddable":true,"href":"https:\/\/jornalfatosenoticias.com.br\/index.php\/wp-json\/wp\/v2\/categories?post=57153"},{"taxonomy":"post_tag","embeddable":true,"href":"https:\/\/jornalfatosenoticias.com.br\/index.php\/wp-json\/wp\/v2\/tags?post=57153"}],"curies":[{"name":"wp","href":"https:\/\/api.w.org\/{rel}","templated":true}]}}