{"id":57162,"date":"2025-01-29T10:37:20","date_gmt":"2025-01-29T13:37:20","guid":{"rendered":"https:\/\/jornalfatosenoticias.com.br\/?p=57162"},"modified":"2025-01-29T10:37:21","modified_gmt":"2025-01-29T13:37:21","slug":"menor-exoplaneta-ja-registrado-e-diferente-de-tudo-que-conhecemos","status":"publish","type":"post","link":"https:\/\/jornalfatosenoticias.com.br\/index.php\/2025\/01\/29\/menor-exoplaneta-ja-registrado-e-diferente-de-tudo-que-conhecemos\/","title":{"rendered":"Menor exoplaneta j\u00e1 registrado \u00e9 diferente de tudo que conhecemos"},"content":{"rendered":"\n<p><em><span class=\"has-inline-color has-black-color\">Astr\u00f4nomos ainda n\u00e3o confirmaram natureza (e nem exist\u00eancia) do astro<\/span><\/em><\/p>\n\n\n\n<p><span class=\"has-inline-color has-black-color\">Por <strong><a href=\"https:\/\/olhardigital.com.br\/author\/vitoria-gomez\/\">Vitoria Lopes Gomez<\/a><\/strong><\/span><\/p>\n\n\n\n<div class=\"wp-block-image\"><figure class=\"aligncenter size-large\"><a href=\"https:\/\/panper.com.br\/\"><img loading=\"lazy\" decoding=\"async\" width=\"1024\" height=\"111\" src=\"https:\/\/jornalfatosenoticias.com.br\/wp-content\/uploads\/2020\/02\/WhatsApp-Image-2022-09-23-at-12.09.18-1024x111.jpeg\" alt=\"\" class=\"wp-image-34527\" srcset=\"https:\/\/jornalfatosenoticias.com.br\/wp-content\/uploads\/2020\/02\/WhatsApp-Image-2022-09-23-at-12.09.18-1024x111.jpeg 1024w, https:\/\/jornalfatosenoticias.com.br\/wp-content\/uploads\/2020\/02\/WhatsApp-Image-2022-09-23-at-12.09.18-300x32.jpeg 300w, https:\/\/jornalfatosenoticias.com.br\/wp-content\/uploads\/2020\/02\/WhatsApp-Image-2022-09-23-at-12.09.18-768x83.jpeg 768w, https:\/\/jornalfatosenoticias.com.br\/wp-content\/uploads\/2020\/02\/WhatsApp-Image-2022-09-23-at-12.09.18.jpeg 1121w\" sizes=\"auto, (max-width: 1024px) 100vw, 1024px\" \/><\/a><\/figure><\/div>\n\n\n\n<p>Astr\u00f4nomos encontraram evid\u00eancias de um <strong>poss\u00edvel planeta com metade da massa da Lua<\/strong>\u00a0<strong>orbitando o pulsar PSR J0337+1715<\/strong>, fora do nosso Sistema Solar. Se as hip\u00f3teses estiverem corretas, isso o tornaria o\u00a0<strong>menor\u00a0<a href=\"https:\/\/olhardigital.com.br\/tag\/exoplanetas\/\" target=\"_blank\" rel=\"noreferrer noopener\">exoplaneta<\/a>\u00a0j\u00e1 registrado<\/strong>. Os detalhes foram relatados em estudo publicado este m\u00eas na revista <strong><a href=\"https:\/\/www.aanda.org\/component\/article?access=doi&amp;doi=10.1051\/0004-6361\/202452100\" target=\"_blank\" rel=\"noreferrer noopener\">Astronomy and Astrophysics<\/a>.<\/strong><br>Pulsares s\u00e3o estrelas de n\u00eautrons de rota\u00e7\u00e3o r\u00e1pida que emitem pulsos de ondas de r\u00e1dio. Mas PSR J0337+1715 n\u00e3o \u00e9 qualquer pulsar: o corpo celeste est\u00e1 <strong>preso em uma \u00f3rbita com duas estrelas an\u00e3s brancas<\/strong>, o que desafia a Lei da Relatividade Geral.<\/p>\n\n\n\n<div class=\"wp-block-image\"><figure class=\"aligncenter size-large is-resized\"><a href=\"https:\/\/www.instagram.com\/serra4x4cambioautomatico\/\"><img loading=\"lazy\" decoding=\"async\" src=\"https:\/\/jornalfatosenoticias.com.br\/wp-content\/uploads\/2024\/08\/Serra-4x4-1-886x1024.jpg\" alt=\"\" class=\"wp-image-53632\" width=\"275\" height=\"318\" srcset=\"https:\/\/jornalfatosenoticias.com.br\/wp-content\/uploads\/2024\/08\/Serra-4x4-1-886x1024.jpg 886w, https:\/\/jornalfatosenoticias.com.br\/wp-content\/uploads\/2024\/08\/Serra-4x4-1-260x300.jpg 260w, https:\/\/jornalfatosenoticias.com.br\/wp-content\/uploads\/2024\/08\/Serra-4x4-1-768x888.jpg 768w, https:\/\/jornalfatosenoticias.com.br\/wp-content\/uploads\/2024\/08\/Serra-4x4-1.jpg 1181w\" sizes=\"auto, (max-width: 275px) 100vw, 275px\" \/><\/a><\/figure><\/div>\n\n\n\n<p>Vamos explicar. Um dos princ\u00edpios mais importantes da lei de Einstein diz que os objetos no v\u00e1cuo caem na mesma taxa, independentemente de sua massa. No caso do pulsar e das estrelas, essa taxa pode ser medida de acordo com a frequ\u00eancia em que recebemos seus pulsos de r\u00e1dio.<\/p>\n\n\n\n<div class=\"wp-block-image\"><figure class=\"aligncenter size-large is-resized\"><a href=\"https:\/\/www.instagram.com\/rcradiadores\/\"><img loading=\"lazy\" decoding=\"async\" src=\"https:\/\/jornalfatosenoticias.com.br\/wp-content\/uploads\/2022\/10\/RC_800x750_page-0001.jpg\" alt=\"\" class=\"wp-image-35338\" width=\"294\" height=\"276\" srcset=\"https:\/\/jornalfatosenoticias.com.br\/wp-content\/uploads\/2022\/10\/RC_800x750_page-0001.jpg 400w, https:\/\/jornalfatosenoticias.com.br\/wp-content\/uploads\/2022\/10\/RC_800x750_page-0001-300x281.jpg 300w\" sizes=\"auto, (max-width: 294px) 100vw, 294px\" \/><\/a><\/figure><\/div>\n\n\n\n<p>O pulsar est\u00e1 em uma \u00f3rbita de 1,6 dia com uma an\u00e3 branca. Ambos s\u00e3o orbitados por uma segunda an\u00e3 branca a cada 327 dias. A an\u00e1lise desse trio permite medir se o pulsar e a an\u00e3 branca interna t\u00eam a mesma taxa de acelera\u00e7\u00e3o da an\u00e3 branca externa (respeitando a lei de Einstein) ou se as taxas s\u00e3o diferentes de acordo com a massa de cada uma (desafiando essa lei).<\/p>\n\n\n\n<div class=\"wp-block-image\"><figure class=\"aligncenter size-large is-resized\"><a href=\"https:\/\/www.instagram.com\/esteiochurrascaria\/\"><img loading=\"lazy\" decoding=\"async\" src=\"https:\/\/jornalfatosenoticias.com.br\/wp-content\/uploads\/2022\/02\/LOGO-ESTEIO-1024x730.png\" alt=\"\" class=\"wp-image-27942\" width=\"334\" height=\"238\" srcset=\"https:\/\/jornalfatosenoticias.com.br\/wp-content\/uploads\/2022\/02\/LOGO-ESTEIO-1024x730.png 1024w, https:\/\/jornalfatosenoticias.com.br\/wp-content\/uploads\/2022\/02\/LOGO-ESTEIO-300x214.png 300w, https:\/\/jornalfatosenoticias.com.br\/wp-content\/uploads\/2022\/02\/LOGO-ESTEIO-768x548.png 768w, https:\/\/jornalfatosenoticias.com.br\/wp-content\/uploads\/2022\/02\/LOGO-ESTEIO.png 1123w\" sizes=\"auto, (max-width: 334px) 100vw, 334px\" \/><\/a><\/figure><\/div>\n\n\n\n<p>O fato do poss\u00edvel exoplaneta obrigar um pulsar n\u00e3o \u00e9 novidade, j\u00e1 que os primeiros planetas fora do Sistema Solar tamb\u00e9m tinham essa configura\u00e7\u00e3o. No entanto, os pulsares se originam das estrelas de n\u00eautrons, que t\u00eam origem em supernovas\u2026 e n\u00e3o \u00e9 nada f\u00e1cil para que um planeta sobrevive nessas condi\u00e7\u00f5es.<\/p>\n\n\n\n<div class=\"wp-block-image\"><figure class=\"aligncenter size-large is-resized\"><a href=\"https:\/\/www.instagram.com\/ligadossaborespizzaria\/\"><img loading=\"lazy\" decoding=\"async\" src=\"https:\/\/jornalfatosenoticias.com.br\/wp-content\/uploads\/2024\/09\/WhatsApp-Image-2024-09-14-at-22.46.10-819x1024.jpeg\" alt=\"\" class=\"wp-image-54180\" width=\"281\" height=\"352\" srcset=\"https:\/\/jornalfatosenoticias.com.br\/wp-content\/uploads\/2024\/09\/WhatsApp-Image-2024-09-14-at-22.46.10-819x1024.jpeg 819w, https:\/\/jornalfatosenoticias.com.br\/wp-content\/uploads\/2024\/09\/WhatsApp-Image-2024-09-14-at-22.46.10-240x300.jpeg 240w, https:\/\/jornalfatosenoticias.com.br\/wp-content\/uploads\/2024\/09\/WhatsApp-Image-2024-09-14-at-22.46.10-768x960.jpeg 768w, https:\/\/jornalfatosenoticias.com.br\/wp-content\/uploads\/2024\/09\/WhatsApp-Image-2024-09-14-at-22.46.10.jpeg 1024w\" sizes=\"auto, (max-width: 281px) 100vw, 281px\" \/><\/a><\/figure><\/div>\n\n\n\n<p>Se o exoplaneta realmente existir, os astr\u00f4nomos calculam uma <strong>massa de cerca de 0,4% da Terra,<\/strong> o que o tornaria o menor em massa j\u00e1 registrado. Sua \u00f3rbita duraria cerca de oito anos e seria alongada, em um \u00e2ngulo \u00edngreme em rela\u00e7\u00e3o ao plano dos objetos maiores do sistema no qual est\u00e1 inserido.<\/p>\n\n\n\n<p><strong><em>Fonte: <a href=\"https:\/\/olhardigital.com.br\/2025\/01\/27\/ciencia-e-espaco\/menor-exoplaneta-ja-registrado-e-diferente-de-tudo-que-conhecemos\/\">Olhar Digital<\/a><\/em><\/strong><\/p>\n","protected":false},"excerpt":{"rendered":"<p>Astr\u00f4nomos ainda n\u00e3o confirmaram natureza (e nem exist\u00eancia) do astro Por Vitoria Lopes Gomez Astr\u00f4nomos encontraram evid\u00eancias de um poss\u00edvel planeta com metade da massa da Lua\u00a0orbitando o pulsar PSR J0337+1715, fora do nosso Sistema Solar. Se as hip\u00f3teses estiverem corretas, isso o tornaria o\u00a0menor\u00a0exoplaneta\u00a0j\u00e1 registrado. Os detalhes foram relatados em estudo publicado este m\u00eas [&hellip;]<\/p>\n","protected":false},"author":2,"featured_media":57163,"comment_status":"open","ping_status":"open","sticky":false,"template":"","format":"standard","meta":{"footnotes":""},"categories":[2],"tags":[6260,2500,790,7533,24149,469],"class_list":["post-57162","post","type-post","status-publish","format-standard","has-post-thumbnail","hentry","category-ciencia","tag-ana-branca","tag-corpo-celeste","tag-estrelas","tag-exoplaneta","tag-pulsares","tag-sistema-solar"],"yoast_head":"<!-- This site is optimized with the Yoast SEO plugin v26.5 - https:\/\/yoast.com\/wordpress\/plugins\/seo\/ -->\n<title>Menor exoplaneta j\u00e1 registrado \u00e9 diferente de tudo que conhecemos - Jornal Fatos e Not\u00edcias<\/title>\n<meta name=\"robots\" content=\"index, follow, max-snippet:-1, max-image-preview:large, max-video-preview:-1\" \/>\n<link rel=\"canonical\" href=\"https:\/\/jornalfatosenoticias.com.br\/index.php\/2025\/01\/29\/menor-exoplaneta-ja-registrado-e-diferente-de-tudo-que-conhecemos\/\" \/>\n<meta property=\"og:locale\" content=\"pt_BR\" \/>\n<meta property=\"og:type\" content=\"article\" \/>\n<meta property=\"og:title\" content=\"Menor exoplaneta j\u00e1 registrado \u00e9 diferente de tudo que conhecemos - Jornal Fatos e Not\u00edcias\" \/>\n<meta property=\"og:description\" content=\"Astr\u00f4nomos ainda n\u00e3o confirmaram natureza (e nem exist\u00eancia) do astro Por Vitoria Lopes Gomez Astr\u00f4nomos encontraram evid\u00eancias de um poss\u00edvel planeta com metade da massa da Lua\u00a0orbitando o pulsar PSR J0337+1715, fora do nosso Sistema Solar. Se as hip\u00f3teses estiverem corretas, isso o tornaria o\u00a0menor\u00a0exoplaneta\u00a0j\u00e1 registrado. Os detalhes foram relatados em estudo publicado este m\u00eas [&hellip;]\" \/>\n<meta property=\"og:url\" content=\"https:\/\/jornalfatosenoticias.com.br\/index.php\/2025\/01\/29\/menor-exoplaneta-ja-registrado-e-diferente-de-tudo-que-conhecemos\/\" \/>\n<meta property=\"og:site_name\" content=\"Jornal Fatos e Not\u00edcias\" \/>\n<meta property=\"article:published_time\" content=\"2025-01-29T13:37:20+00:00\" \/>\n<meta property=\"article:modified_time\" content=\"2025-01-29T13:37:21+00:00\" \/>\n<meta property=\"og:image\" content=\"https:\/\/jornalfatosenoticias.com.br\/wp-content\/uploads\/2025\/01\/pulsar-PSR-J03371715.jpg\" \/>\n\t<meta property=\"og:image:width\" content=\"1000\" \/>\n\t<meta property=\"og:image:height\" content=\"562\" \/>\n\t<meta property=\"og:image:type\" content=\"image\/jpeg\" \/>\n<meta name=\"author\" content=\"Luzimara Fernandes\" \/>\n<meta name=\"twitter:card\" content=\"summary_large_image\" \/>\n<meta name=\"twitter:label1\" content=\"Escrito por\" \/>\n\t<meta name=\"twitter:data1\" content=\"Luzimara Fernandes\" \/>\n\t<meta name=\"twitter:label2\" content=\"Est. tempo de leitura\" \/>\n\t<meta name=\"twitter:data2\" content=\"2 minutos\" \/>\n<script type=\"application\/ld+json\" class=\"yoast-schema-graph\">{\"@context\":\"https:\/\/schema.org\",\"@graph\":[{\"@type\":\"Article\",\"@id\":\"https:\/\/jornalfatosenoticias.com.br\/index.php\/2025\/01\/29\/menor-exoplaneta-ja-registrado-e-diferente-de-tudo-que-conhecemos\/#article\",\"isPartOf\":{\"@id\":\"https:\/\/jornalfatosenoticias.com.br\/index.php\/2025\/01\/29\/menor-exoplaneta-ja-registrado-e-diferente-de-tudo-que-conhecemos\/\"},\"author\":{\"name\":\"Luzimara Fernandes\",\"@id\":\"https:\/\/jornalfatosenoticias.com.br\/#\/schema\/person\/d63837fa13ac8666eb9e74e0985d6f81\"},\"headline\":\"Menor exoplaneta j\u00e1 registrado \u00e9 diferente de tudo que conhecemos\",\"datePublished\":\"2025-01-29T13:37:20+00:00\",\"dateModified\":\"2025-01-29T13:37:21+00:00\",\"mainEntityOfPage\":{\"@id\":\"https:\/\/jornalfatosenoticias.com.br\/index.php\/2025\/01\/29\/menor-exoplaneta-ja-registrado-e-diferente-de-tudo-que-conhecemos\/\"},\"wordCount\":372,\"commentCount\":0,\"publisher\":{\"@id\":\"https:\/\/jornalfatosenoticias.com.br\/#organization\"},\"image\":{\"@id\":\"https:\/\/jornalfatosenoticias.com.br\/index.php\/2025\/01\/29\/menor-exoplaneta-ja-registrado-e-diferente-de-tudo-que-conhecemos\/#primaryimage\"},\"thumbnailUrl\":\"https:\/\/jornalfatosenoticias.com.br\/wp-content\/uploads\/2025\/01\/pulsar-PSR-J03371715.jpg\",\"keywords\":[\"an\u00e3 branca\",\"corpo celeste\",\"estrelas\",\"exoplaneta\",\"pulsares\",\"sistema solar\"],\"articleSection\":[\"Ci\u00eancia\"],\"inLanguage\":\"pt-BR\",\"potentialAction\":[{\"@type\":\"CommentAction\",\"name\":\"Comment\",\"target\":[\"https:\/\/jornalfatosenoticias.com.br\/index.php\/2025\/01\/29\/menor-exoplaneta-ja-registrado-e-diferente-de-tudo-que-conhecemos\/#respond\"]}]},{\"@type\":\"WebPage\",\"@id\":\"https:\/\/jornalfatosenoticias.com.br\/index.php\/2025\/01\/29\/menor-exoplaneta-ja-registrado-e-diferente-de-tudo-que-conhecemos\/\",\"url\":\"https:\/\/jornalfatosenoticias.com.br\/index.php\/2025\/01\/29\/menor-exoplaneta-ja-registrado-e-diferente-de-tudo-que-conhecemos\/\",\"name\":\"Menor exoplaneta j\u00e1 registrado \u00e9 diferente de tudo que conhecemos - Jornal Fatos e Not\u00edcias\",\"isPartOf\":{\"@id\":\"https:\/\/jornalfatosenoticias.com.br\/#website\"},\"primaryImageOfPage\":{\"@id\":\"https:\/\/jornalfatosenoticias.com.br\/index.php\/2025\/01\/29\/menor-exoplaneta-ja-registrado-e-diferente-de-tudo-que-conhecemos\/#primaryimage\"},\"image\":{\"@id\":\"https:\/\/jornalfatosenoticias.com.br\/index.php\/2025\/01\/29\/menor-exoplaneta-ja-registrado-e-diferente-de-tudo-que-conhecemos\/#primaryimage\"},\"thumbnailUrl\":\"https:\/\/jornalfatosenoticias.com.br\/wp-content\/uploads\/2025\/01\/pulsar-PSR-J03371715.jpg\",\"datePublished\":\"2025-01-29T13:37:20+00:00\",\"dateModified\":\"2025-01-29T13:37:21+00:00\",\"breadcrumb\":{\"@id\":\"https:\/\/jornalfatosenoticias.com.br\/index.php\/2025\/01\/29\/menor-exoplaneta-ja-registrado-e-diferente-de-tudo-que-conhecemos\/#breadcrumb\"},\"inLanguage\":\"pt-BR\",\"potentialAction\":[{\"@type\":\"ReadAction\",\"target\":[\"https:\/\/jornalfatosenoticias.com.br\/index.php\/2025\/01\/29\/menor-exoplaneta-ja-registrado-e-diferente-de-tudo-que-conhecemos\/\"]}]},{\"@type\":\"ImageObject\",\"inLanguage\":\"pt-BR\",\"@id\":\"https:\/\/jornalfatosenoticias.com.br\/index.php\/2025\/01\/29\/menor-exoplaneta-ja-registrado-e-diferente-de-tudo-que-conhecemos\/#primaryimage\",\"url\":\"https:\/\/jornalfatosenoticias.com.br\/wp-content\/uploads\/2025\/01\/pulsar-PSR-J03371715.jpg\",\"contentUrl\":\"https:\/\/jornalfatosenoticias.com.br\/wp-content\/uploads\/2025\/01\/pulsar-PSR-J03371715.jpg\",\"width\":1000,\"height\":562},{\"@type\":\"BreadcrumbList\",\"@id\":\"https:\/\/jornalfatosenoticias.com.br\/index.php\/2025\/01\/29\/menor-exoplaneta-ja-registrado-e-diferente-de-tudo-que-conhecemos\/#breadcrumb\",\"itemListElement\":[{\"@type\":\"ListItem\",\"position\":1,\"name\":\"In\u00edcio\",\"item\":\"https:\/\/jornalfatosenoticias.com.br\/\"},{\"@type\":\"ListItem\",\"position\":2,\"name\":\"Menor exoplaneta j\u00e1 registrado \u00e9 diferente de tudo que conhecemos\"}]},{\"@type\":\"WebSite\",\"@id\":\"https:\/\/jornalfatosenoticias.com.br\/#website\",\"url\":\"https:\/\/jornalfatosenoticias.com.br\/\",\"name\":\"Jornal Fatos e Not\u00edcias\",\"description\":\"Not\u00edcias em geral\",\"publisher\":{\"@id\":\"https:\/\/jornalfatosenoticias.com.br\/#organization\"},\"potentialAction\":[{\"@type\":\"SearchAction\",\"target\":{\"@type\":\"EntryPoint\",\"urlTemplate\":\"https:\/\/jornalfatosenoticias.com.br\/?s={search_term_string}\"},\"query-input\":{\"@type\":\"PropertyValueSpecification\",\"valueRequired\":true,\"valueName\":\"search_term_string\"}}],\"inLanguage\":\"pt-BR\"},{\"@type\":\"Organization\",\"@id\":\"https:\/\/jornalfatosenoticias.com.br\/#organization\",\"name\":\"Jornal Fatos e Not\u00edcias\",\"url\":\"https:\/\/jornalfatosenoticias.com.br\/\",\"logo\":{\"@type\":\"ImageObject\",\"inLanguage\":\"pt-BR\",\"@id\":\"https:\/\/jornalfatosenoticias.com.br\/#\/schema\/logo\/image\/\",\"url\":\"https:\/\/jornalfatosenoticias.com.br\/wp-content\/uploads\/2020\/02\/logo120.png\",\"contentUrl\":\"https:\/\/jornalfatosenoticias.com.br\/wp-content\/uploads\/2020\/02\/logo120.png\",\"width\":1227,\"height\":120,\"caption\":\"Jornal Fatos e Not\u00edcias\"},\"image\":{\"@id\":\"https:\/\/jornalfatosenoticias.com.br\/#\/schema\/logo\/image\/\"}},{\"@type\":\"Person\",\"@id\":\"https:\/\/jornalfatosenoticias.com.br\/#\/schema\/person\/d63837fa13ac8666eb9e74e0985d6f81\",\"name\":\"Luzimara Fernandes\",\"image\":{\"@type\":\"ImageObject\",\"inLanguage\":\"pt-BR\",\"@id\":\"https:\/\/jornalfatosenoticias.com.br\/#\/schema\/person\/image\/\",\"url\":\"https:\/\/jornalfatosenoticias.com.br\/wp-content\/uploads\/2025\/05\/EU_portal.jpg\",\"contentUrl\":\"https:\/\/jornalfatosenoticias.com.br\/wp-content\/uploads\/2025\/05\/EU_portal.jpg\",\"caption\":\"Luzimara Fernandes\"},\"description\":\"Jornalista MTB 2358-ES\",\"sameAs\":[\"https:\/\/jornalfatosenoticias.com.br\"],\"url\":\"https:\/\/jornalfatosenoticias.com.br\/index.php\/author\/luzimara\/\"}]}<\/script>\n<!-- \/ Yoast SEO plugin. -->","yoast_head_json":{"title":"Menor exoplaneta j\u00e1 registrado \u00e9 diferente de tudo que conhecemos - Jornal Fatos e Not\u00edcias","robots":{"index":"index","follow":"follow","max-snippet":"max-snippet:-1","max-image-preview":"max-image-preview:large","max-video-preview":"max-video-preview:-1"},"canonical":"https:\/\/jornalfatosenoticias.com.br\/index.php\/2025\/01\/29\/menor-exoplaneta-ja-registrado-e-diferente-de-tudo-que-conhecemos\/","og_locale":"pt_BR","og_type":"article","og_title":"Menor exoplaneta j\u00e1 registrado \u00e9 diferente de tudo que conhecemos - Jornal Fatos e Not\u00edcias","og_description":"Astr\u00f4nomos ainda n\u00e3o confirmaram natureza (e nem exist\u00eancia) do astro Por Vitoria Lopes Gomez Astr\u00f4nomos encontraram evid\u00eancias de um poss\u00edvel planeta com metade da massa da Lua\u00a0orbitando o pulsar PSR J0337+1715, fora do nosso Sistema Solar. Se as hip\u00f3teses estiverem corretas, isso o tornaria o\u00a0menor\u00a0exoplaneta\u00a0j\u00e1 registrado. Os detalhes foram relatados em estudo publicado este m\u00eas [&hellip;]","og_url":"https:\/\/jornalfatosenoticias.com.br\/index.php\/2025\/01\/29\/menor-exoplaneta-ja-registrado-e-diferente-de-tudo-que-conhecemos\/","og_site_name":"Jornal Fatos e Not\u00edcias","article_published_time":"2025-01-29T13:37:20+00:00","article_modified_time":"2025-01-29T13:37:21+00:00","og_image":[{"width":1000,"height":562,"url":"https:\/\/jornalfatosenoticias.com.br\/wp-content\/uploads\/2025\/01\/pulsar-PSR-J03371715.jpg","type":"image\/jpeg"}],"author":"Luzimara Fernandes","twitter_card":"summary_large_image","twitter_misc":{"Escrito por":"Luzimara Fernandes","Est. tempo de leitura":"2 minutos"},"schema":{"@context":"https:\/\/schema.org","@graph":[{"@type":"Article","@id":"https:\/\/jornalfatosenoticias.com.br\/index.php\/2025\/01\/29\/menor-exoplaneta-ja-registrado-e-diferente-de-tudo-que-conhecemos\/#article","isPartOf":{"@id":"https:\/\/jornalfatosenoticias.com.br\/index.php\/2025\/01\/29\/menor-exoplaneta-ja-registrado-e-diferente-de-tudo-que-conhecemos\/"},"author":{"name":"Luzimara Fernandes","@id":"https:\/\/jornalfatosenoticias.com.br\/#\/schema\/person\/d63837fa13ac8666eb9e74e0985d6f81"},"headline":"Menor exoplaneta j\u00e1 registrado \u00e9 diferente de tudo que conhecemos","datePublished":"2025-01-29T13:37:20+00:00","dateModified":"2025-01-29T13:37:21+00:00","mainEntityOfPage":{"@id":"https:\/\/jornalfatosenoticias.com.br\/index.php\/2025\/01\/29\/menor-exoplaneta-ja-registrado-e-diferente-de-tudo-que-conhecemos\/"},"wordCount":372,"commentCount":0,"publisher":{"@id":"https:\/\/jornalfatosenoticias.com.br\/#organization"},"image":{"@id":"https:\/\/jornalfatosenoticias.com.br\/index.php\/2025\/01\/29\/menor-exoplaneta-ja-registrado-e-diferente-de-tudo-que-conhecemos\/#primaryimage"},"thumbnailUrl":"https:\/\/jornalfatosenoticias.com.br\/wp-content\/uploads\/2025\/01\/pulsar-PSR-J03371715.jpg","keywords":["an\u00e3 branca","corpo celeste","estrelas","exoplaneta","pulsares","sistema solar"],"articleSection":["Ci\u00eancia"],"inLanguage":"pt-BR","potentialAction":[{"@type":"CommentAction","name":"Comment","target":["https:\/\/jornalfatosenoticias.com.br\/index.php\/2025\/01\/29\/menor-exoplaneta-ja-registrado-e-diferente-de-tudo-que-conhecemos\/#respond"]}]},{"@type":"WebPage","@id":"https:\/\/jornalfatosenoticias.com.br\/index.php\/2025\/01\/29\/menor-exoplaneta-ja-registrado-e-diferente-de-tudo-que-conhecemos\/","url":"https:\/\/jornalfatosenoticias.com.br\/index.php\/2025\/01\/29\/menor-exoplaneta-ja-registrado-e-diferente-de-tudo-que-conhecemos\/","name":"Menor exoplaneta j\u00e1 registrado \u00e9 diferente de tudo que conhecemos - Jornal Fatos e Not\u00edcias","isPartOf":{"@id":"https:\/\/jornalfatosenoticias.com.br\/#website"},"primaryImageOfPage":{"@id":"https:\/\/jornalfatosenoticias.com.br\/index.php\/2025\/01\/29\/menor-exoplaneta-ja-registrado-e-diferente-de-tudo-que-conhecemos\/#primaryimage"},"image":{"@id":"https:\/\/jornalfatosenoticias.com.br\/index.php\/2025\/01\/29\/menor-exoplaneta-ja-registrado-e-diferente-de-tudo-que-conhecemos\/#primaryimage"},"thumbnailUrl":"https:\/\/jornalfatosenoticias.com.br\/wp-content\/uploads\/2025\/01\/pulsar-PSR-J03371715.jpg","datePublished":"2025-01-29T13:37:20+00:00","dateModified":"2025-01-29T13:37:21+00:00","breadcrumb":{"@id":"https:\/\/jornalfatosenoticias.com.br\/index.php\/2025\/01\/29\/menor-exoplaneta-ja-registrado-e-diferente-de-tudo-que-conhecemos\/#breadcrumb"},"inLanguage":"pt-BR","potentialAction":[{"@type":"ReadAction","target":["https:\/\/jornalfatosenoticias.com.br\/index.php\/2025\/01\/29\/menor-exoplaneta-ja-registrado-e-diferente-de-tudo-que-conhecemos\/"]}]},{"@type":"ImageObject","inLanguage":"pt-BR","@id":"https:\/\/jornalfatosenoticias.com.br\/index.php\/2025\/01\/29\/menor-exoplaneta-ja-registrado-e-diferente-de-tudo-que-conhecemos\/#primaryimage","url":"https:\/\/jornalfatosenoticias.com.br\/wp-content\/uploads\/2025\/01\/pulsar-PSR-J03371715.jpg","contentUrl":"https:\/\/jornalfatosenoticias.com.br\/wp-content\/uploads\/2025\/01\/pulsar-PSR-J03371715.jpg","width":1000,"height":562},{"@type":"BreadcrumbList","@id":"https:\/\/jornalfatosenoticias.com.br\/index.php\/2025\/01\/29\/menor-exoplaneta-ja-registrado-e-diferente-de-tudo-que-conhecemos\/#breadcrumb","itemListElement":[{"@type":"ListItem","position":1,"name":"In\u00edcio","item":"https:\/\/jornalfatosenoticias.com.br\/"},{"@type":"ListItem","position":2,"name":"Menor exoplaneta j\u00e1 registrado \u00e9 diferente de tudo que conhecemos"}]},{"@type":"WebSite","@id":"https:\/\/jornalfatosenoticias.com.br\/#website","url":"https:\/\/jornalfatosenoticias.com.br\/","name":"Jornal Fatos e Not\u00edcias","description":"Not\u00edcias em geral","publisher":{"@id":"https:\/\/jornalfatosenoticias.com.br\/#organization"},"potentialAction":[{"@type":"SearchAction","target":{"@type":"EntryPoint","urlTemplate":"https:\/\/jornalfatosenoticias.com.br\/?s={search_term_string}"},"query-input":{"@type":"PropertyValueSpecification","valueRequired":true,"valueName":"search_term_string"}}],"inLanguage":"pt-BR"},{"@type":"Organization","@id":"https:\/\/jornalfatosenoticias.com.br\/#organization","name":"Jornal Fatos e Not\u00edcias","url":"https:\/\/jornalfatosenoticias.com.br\/","logo":{"@type":"ImageObject","inLanguage":"pt-BR","@id":"https:\/\/jornalfatosenoticias.com.br\/#\/schema\/logo\/image\/","url":"https:\/\/jornalfatosenoticias.com.br\/wp-content\/uploads\/2020\/02\/logo120.png","contentUrl":"https:\/\/jornalfatosenoticias.com.br\/wp-content\/uploads\/2020\/02\/logo120.png","width":1227,"height":120,"caption":"Jornal Fatos e Not\u00edcias"},"image":{"@id":"https:\/\/jornalfatosenoticias.com.br\/#\/schema\/logo\/image\/"}},{"@type":"Person","@id":"https:\/\/jornalfatosenoticias.com.br\/#\/schema\/person\/d63837fa13ac8666eb9e74e0985d6f81","name":"Luzimara Fernandes","image":{"@type":"ImageObject","inLanguage":"pt-BR","@id":"https:\/\/jornalfatosenoticias.com.br\/#\/schema\/person\/image\/","url":"https:\/\/jornalfatosenoticias.com.br\/wp-content\/uploads\/2025\/05\/EU_portal.jpg","contentUrl":"https:\/\/jornalfatosenoticias.com.br\/wp-content\/uploads\/2025\/05\/EU_portal.jpg","caption":"Luzimara Fernandes"},"description":"Jornalista MTB 2358-ES","sameAs":["https:\/\/jornalfatosenoticias.com.br"],"url":"https:\/\/jornalfatosenoticias.com.br\/index.php\/author\/luzimara\/"}]}},"cc_featured_image_caption":{"caption_text":"(Ilustra\u00e7\u00e3o: Sci.News\/Divulga\u00e7\u00e3o) ","source_text":"","source_url":""},"jetpack_featured_media_url":"https:\/\/jornalfatosenoticias.com.br\/wp-content\/uploads\/2025\/01\/pulsar-PSR-J03371715.jpg","_links":{"self":[{"href":"https:\/\/jornalfatosenoticias.com.br\/index.php\/wp-json\/wp\/v2\/posts\/57162","targetHints":{"allow":["GET"]}}],"collection":[{"href":"https:\/\/jornalfatosenoticias.com.br\/index.php\/wp-json\/wp\/v2\/posts"}],"about":[{"href":"https:\/\/jornalfatosenoticias.com.br\/index.php\/wp-json\/wp\/v2\/types\/post"}],"author":[{"embeddable":true,"href":"https:\/\/jornalfatosenoticias.com.br\/index.php\/wp-json\/wp\/v2\/users\/2"}],"replies":[{"embeddable":true,"href":"https:\/\/jornalfatosenoticias.com.br\/index.php\/wp-json\/wp\/v2\/comments?post=57162"}],"version-history":[{"count":0,"href":"https:\/\/jornalfatosenoticias.com.br\/index.php\/wp-json\/wp\/v2\/posts\/57162\/revisions"}],"wp:featuredmedia":[{"embeddable":true,"href":"https:\/\/jornalfatosenoticias.com.br\/index.php\/wp-json\/wp\/v2\/media\/57163"}],"wp:attachment":[{"href":"https:\/\/jornalfatosenoticias.com.br\/index.php\/wp-json\/wp\/v2\/media?parent=57162"}],"wp:term":[{"taxonomy":"category","embeddable":true,"href":"https:\/\/jornalfatosenoticias.com.br\/index.php\/wp-json\/wp\/v2\/categories?post=57162"},{"taxonomy":"post_tag","embeddable":true,"href":"https:\/\/jornalfatosenoticias.com.br\/index.php\/wp-json\/wp\/v2\/tags?post=57162"}],"curies":[{"name":"wp","href":"https:\/\/api.w.org\/{rel}","templated":true}]}}