{"id":57196,"date":"2025-01-30T10:43:46","date_gmt":"2025-01-30T13:43:46","guid":{"rendered":"https:\/\/jornalfatosenoticias.com.br\/?p=57196"},"modified":"2025-01-30T10:43:47","modified_gmt":"2025-01-30T13:43:47","slug":"a-semana-no-brasil-e-no-mundo-governo-lula-planeja-nova-proposta-de-regulamentacao-para-redes-sociais-e-combate-a-desinformacao","status":"publish","type":"post","link":"https:\/\/jornalfatosenoticias.com.br\/index.php\/2025\/01\/30\/a-semana-no-brasil-e-no-mundo-governo-lula-planeja-nova-proposta-de-regulamentacao-para-redes-sociais-e-combate-a-desinformacao\/","title":{"rendered":"A Semana no Brasil e no Mundo \u2014 Governo Lula planeja nova proposta de regulamenta\u00e7\u00e3o para redes sociais e combate \u00e0 desinforma\u00e7\u00e3o"},"content":{"rendered":"\n<div class=\"wp-block-image\"><figure class=\"aligncenter size-large\"><a href=\"https:\/\/www.instagram.com\/rcradiadores\/\"><img loading=\"lazy\" decoding=\"async\" width=\"560\" height=\"60\" src=\"https:\/\/jornalfatosenoticias.com.br\/wp-content\/uploads\/2022\/10\/Propaganda-RC-Radiadores-Jornal_page-0001.jpg\" alt=\"\" class=\"wp-image-35270\" srcset=\"https:\/\/jornalfatosenoticias.com.br\/wp-content\/uploads\/2022\/10\/Propaganda-RC-Radiadores-Jornal_page-0001.jpg 560w, https:\/\/jornalfatosenoticias.com.br\/wp-content\/uploads\/2022\/10\/Propaganda-RC-Radiadores-Jornal_page-0001-300x32.jpg 300w\" sizes=\"auto, (max-width: 560px) 100vw, 560px\" \/><\/a><\/figure><\/div>\n\n\n\n<p>Ap\u00f3s o recuo do <strong><a href=\"https:\/\/www25.senado.leg.br\/web\/atividade\/materias\/-\/materia\/141944\">Projeto de Lei 2.630\/2020<\/a><\/strong>, apelidado de <em>\u201cPL das Fake News\u201d,<\/em> que perdeu for\u00e7a na C\u00e2mara dos Deputados, o governo de Luiz In\u00e1cio Lula da Silva prepara um novo texto para regular as redes sociais e ampliar o combate \u00e0 desinforma\u00e7\u00e3o e aos discursos de \u00f3dio. A informa\u00e7\u00e3o \u00e9 do jornal <em>Folha de S. Paulo.<\/em><br>De acordo com a<em> Folha, <\/em>a proposta prev\u00ea responsabilizar as plataformas pelo conte\u00fado postado por seus usu\u00e1rios, exigindo que adotem um \u201cdever de precau\u00e7\u00e3o\u201d para remover conte\u00fados ilegais sem necessidade de decis\u00e3o judicial. A medida, inspirada no modelo europeu, pode transferir \u00e0s empresas maior responsabilidade na modera\u00e7\u00e3o de publica\u00e7\u00f5es.<\/p>\n\n\n\n<div class=\"wp-block-image\"><figure class=\"aligncenter size-large is-resized\"><a href=\"https:\/\/www.controlsystems.com.br\/\"><img loading=\"lazy\" decoding=\"async\" src=\"https:\/\/jornalfatosenoticias.com.br\/wp-content\/uploads\/2020\/02\/CONTROL-CS.jpg\" alt=\"\" class=\"wp-image-44991\" width=\"307\" height=\"367\" srcset=\"https:\/\/jornalfatosenoticias.com.br\/wp-content\/uploads\/2020\/02\/CONTROL-CS.jpg 834w, https:\/\/jornalfatosenoticias.com.br\/wp-content\/uploads\/2020\/02\/CONTROL-CS-250x300.jpg 250w, https:\/\/jornalfatosenoticias.com.br\/wp-content\/uploads\/2020\/02\/CONTROL-CS-768x921.jpg 768w\" sizes=\"auto, (max-width: 307px) 100vw, 307px\" \/><\/a><\/figure><\/div>\n\n\n\n<p>Uma das inova\u00e7\u00f5es sugeridas no projeto \u00e9 a obriga\u00e7\u00e3o das plataformas de reagirem a conte\u00fados considerados \u201cdesinforma\u00e7\u00e3o sobre pol\u00edticas p\u00fablicas\u201d. As empresas dever\u00e3o atender a notifica\u00e7\u00f5es extrajudiciais e implementar a\u00e7\u00f5es para impedir a dissemina\u00e7\u00e3o massiva desse tipo de material.<\/p>\n\n\n\n<div class=\"wp-block-image\"><figure class=\"aligncenter size-large is-resized\"><a href=\"https:\/\/www.legisjuris.com.br\/\"><img loading=\"lazy\" decoding=\"async\" src=\"https:\/\/jornalfatosenoticias.com.br\/wp-content\/uploads\/2024\/09\/Legis-Juris-Consultoria_logo.jpg\" alt=\"\" class=\"wp-image-53915\" width=\"411\" height=\"172\" srcset=\"https:\/\/jornalfatosenoticias.com.br\/wp-content\/uploads\/2024\/09\/Legis-Juris-Consultoria_logo.jpg 969w, https:\/\/jornalfatosenoticias.com.br\/wp-content\/uploads\/2024\/09\/Legis-Juris-Consultoria_logo-300x126.jpg 300w, https:\/\/jornalfatosenoticias.com.br\/wp-content\/uploads\/2024\/09\/Legis-Juris-Consultoria_logo-768x322.jpg 768w\" sizes=\"auto, (max-width: 411px) 100vw, 411px\" \/><\/a><\/figure><\/div>\n\n\n\n<p>O Minist\u00e9rio da Justi\u00e7a, autor do esbo\u00e7o inicial, submeteu o texto a um grupo de trabalho envolvendo a Casa Civil, a Advocacia-Geral da Uni\u00e3o (AGU), a Controladoria-Geral da Uni\u00e3o (CGU), o Minist\u00e9rio da Fazenda e a Secretaria de Comunica\u00e7\u00e3o (Secom). Apesar de avan\u00e7os, ainda h\u00e1 discord\u00e2ncias internas sobre o conte\u00fado e a estrat\u00e9gia pol\u00edtica de tramita\u00e7\u00e3o.<\/p>\n\n\n\n<div class=\"wp-block-image\"><figure class=\"aligncenter size-large is-resized\"><a href=\"https:\/\/www.facebook.com\/postobkr\/?locale=pt_BR\"><img loading=\"lazy\" decoding=\"async\" src=\"https:\/\/jornalfatosenoticias.com.br\/wp-content\/uploads\/2023\/08\/BKR-1024x1021.jpg\" alt=\"\" class=\"wp-image-44494\" width=\"317\" height=\"316\" srcset=\"https:\/\/jornalfatosenoticias.com.br\/wp-content\/uploads\/2023\/08\/BKR-1024x1021.jpg 1024w, https:\/\/jornalfatosenoticias.com.br\/wp-content\/uploads\/2023\/08\/BKR-300x300.jpg 300w, https:\/\/jornalfatosenoticias.com.br\/wp-content\/uploads\/2023\/08\/BKR-150x150.jpg 150w, https:\/\/jornalfatosenoticias.com.br\/wp-content\/uploads\/2023\/08\/BKR-768x766.jpg 768w, https:\/\/jornalfatosenoticias.com.br\/wp-content\/uploads\/2023\/08\/BKR.jpg 1080w\" sizes=\"auto, (max-width: 317px) 100vw, 317px\" \/><\/a><\/figure><\/div>\n\n\n\n<p>A nova tentativa de regulamenta\u00e7\u00e3o j\u00e1 enfrenta resist\u00eancia de parlamentares da oposi\u00e7\u00e3o. O l\u00edder na C\u00e2mara, Luciano Zucco (PL-RS), garantiu que a bancada oposicionista atuar\u00e1 para barrar a proposta. Em meio \u00e0s cr\u00edticas, um v\u00eddeo do deputado Nikolas Ferreira (PL-MG) viralizou, ultrapassando tr\u00eas milh\u00f5es de visualiza\u00e7\u00f5es. Na grava\u00e7\u00e3o, ele alerta que medidas como a regulamenta\u00e7\u00e3o poderiam resultar em mais fiscaliza\u00e7\u00e3o e impacto negativo para pequenos empreendedores e aut\u00f4nomos.<\/p>\n\n\n\n<div class=\"wp-block-image\"><figure class=\"aligncenter size-large is-resized\"><a href=\"https:\/\/www.facebook.com\/profile.php?id=100069289606145\"><img loading=\"lazy\" decoding=\"async\" src=\"https:\/\/jornalfatosenoticias.com.br\/wp-content\/uploads\/2024\/11\/Guaitolini-Contabilidade-1024x714.jpeg\" alt=\"\" class=\"wp-image-55808\" width=\"314\" height=\"219\" srcset=\"https:\/\/jornalfatosenoticias.com.br\/wp-content\/uploads\/2024\/11\/Guaitolini-Contabilidade-1024x714.jpeg 1024w, https:\/\/jornalfatosenoticias.com.br\/wp-content\/uploads\/2024\/11\/Guaitolini-Contabilidade-300x209.jpeg 300w, https:\/\/jornalfatosenoticias.com.br\/wp-content\/uploads\/2024\/11\/Guaitolini-Contabilidade-768x535.jpeg 768w, https:\/\/jornalfatosenoticias.com.br\/wp-content\/uploads\/2024\/11\/Guaitolini-Contabilidade.jpeg 1280w\" sizes=\"auto, (max-width: 314px) 100vw, 314px\" \/><\/a><\/figure><\/div>\n\n\n\n<p>Atualmente, o Marco Civil da Internet, de 2014, estabelece que plataformas s\u00f3 podem ser responsabilizadas por conte\u00fados de terceiros ap\u00f3s n\u00e3o cumprirem uma ordem judicial. Essa legisla\u00e7\u00e3o tamb\u00e9m pro\u00edbe censura pr\u00e9via e impede a exclus\u00e3o de perfis inteiros sem decis\u00e3o judicial.<\/p>\n\n\n\n<div class=\"wp-block-image\"><figure class=\"aligncenter size-large is-resized\"><a href=\"https:\/\/www.ithbrasil.com.br\/\"><img loading=\"lazy\" decoding=\"async\" src=\"https:\/\/jornalfatosenoticias.com.br\/wp-content\/uploads\/2023\/08\/ITH.jpeg\" alt=\"\" class=\"wp-image-44638\" width=\"310\" height=\"252\" srcset=\"https:\/\/jornalfatosenoticias.com.br\/wp-content\/uploads\/2023\/08\/ITH.jpeg 800w, https:\/\/jornalfatosenoticias.com.br\/wp-content\/uploads\/2023\/08\/ITH-300x244.jpeg 300w, https:\/\/jornalfatosenoticias.com.br\/wp-content\/uploads\/2023\/08\/ITH-768x624.jpeg 768w\" sizes=\"auto, (max-width: 310px) 100vw, 310px\" \/><\/a><\/figure><\/div>\n\n\n\n<p>A decis\u00e3o do governo de enviar o projeto ao Congresso Nacional ou integr\u00e1-lo a textos j\u00e1 em tramita\u00e7\u00e3o, como o do deputado Silas C\u00e2mara (Republicanos-AM), ser\u00e1 influenciada pelo julgamento do Supremo Tribunal Federal (STF) sobre a responsabilidade das plataformas digitais.<\/p>\n\n\n\n<div class=\"wp-block-image\"><figure class=\"aligncenter size-large is-resized\"><a href=\"https:\/\/www.instagram.com\/serra4x4cambioautomatico\/\"><img loading=\"lazy\" decoding=\"async\" src=\"https:\/\/jornalfatosenoticias.com.br\/wp-content\/uploads\/2024\/08\/Serra-4x4-1-886x1024.jpg\" alt=\"\" class=\"wp-image-53632\" width=\"281\" height=\"324\" srcset=\"https:\/\/jornalfatosenoticias.com.br\/wp-content\/uploads\/2024\/08\/Serra-4x4-1-886x1024.jpg 886w, https:\/\/jornalfatosenoticias.com.br\/wp-content\/uploads\/2024\/08\/Serra-4x4-1-260x300.jpg 260w, https:\/\/jornalfatosenoticias.com.br\/wp-content\/uploads\/2024\/08\/Serra-4x4-1-768x888.jpg 768w, https:\/\/jornalfatosenoticias.com.br\/wp-content\/uploads\/2024\/08\/Serra-4x4-1.jpg 1181w\" sizes=\"auto, (max-width: 281px) 100vw, 281px\" \/><\/a><\/figure><\/div>\n\n\n\n<p>O ministro Sid\u00f4nio Palmeira, chefe da Secretaria de Comunica\u00e7\u00e3o, j\u00e1 antecipou que o governo est\u00e1 determinado a avan\u00e7ar com o tema. Durante sua posse, em 14 de janeiro, ele afirmou que \u201co PL das Fake News vai andar\u201d. <strong>(Fonte: Hora Bras\u00edlia)<\/strong><\/p>\n\n\n\n<div class=\"wp-block-image\"><figure class=\"aligncenter size-large is-resized\"><a href=\"https:\/\/hotelmarquetti.com.br\/\"><img loading=\"lazy\" decoding=\"async\" src=\"https:\/\/jornalfatosenoticias.com.br\/wp-content\/uploads\/2023\/03\/nova-logo-Marquetti.jpg\" alt=\"\" class=\"wp-image-40207\" width=\"323\" height=\"217\" srcset=\"https:\/\/jornalfatosenoticias.com.br\/wp-content\/uploads\/2023\/03\/nova-logo-Marquetti.jpg 643w, https:\/\/jornalfatosenoticias.com.br\/wp-content\/uploads\/2023\/03\/nova-logo-Marquetti-300x202.jpg 300w\" sizes=\"auto, (max-width: 323px) 100vw, 323px\" \/><\/a><\/figure><\/div>\n\n\n\n<hr class=\"wp-block-separator\"\/>\n\n\n\n<h3 class=\"wp-block-heading\"><span class=\"has-inline-color has-black-color\">D\u00edvida da Venezuela com o Brasil ultrapassa R$ 10 bilh\u00f5es<\/span><\/h3>\n\n\n\n<div class=\"wp-block-image\"><figure class=\"aligncenter size-large\"><img loading=\"lazy\" decoding=\"async\" width=\"612\" height=\"408\" src=\"https:\/\/jornalfatosenoticias.com.br\/wp-content\/uploads\/2025\/01\/divida-Venezuela_gettyimages.jpg\" alt=\"\" class=\"wp-image-57201\" srcset=\"https:\/\/jornalfatosenoticias.com.br\/wp-content\/uploads\/2025\/01\/divida-Venezuela_gettyimages.jpg 612w, https:\/\/jornalfatosenoticias.com.br\/wp-content\/uploads\/2025\/01\/divida-Venezuela_gettyimages-300x200.jpg 300w\" sizes=\"auto, (max-width: 612px) 100vw, 612px\" \/><figcaption><em><span class=\"has-inline-color has-black-color\">(Foto: Getty Images)<\/span><\/em><\/figcaption><\/figure><\/div>\n\n\n\n<p>A Venezuela acumula uma d\u00edvida de mais de R$ 10 bilh\u00f5es com o Brasil, conforme dados divulgados pelo Minist\u00e9rio da Fazenda. Entre agosto e dezembro de 2024, o saldo devedor cresceu US$ 39,7 milh\u00f5es, ou cerca de R$ 240 milh\u00f5es, considerando a cota\u00e7\u00e3o atual do d\u00f3lar.<\/p>\n\n\n\n<div class=\"wp-block-image\"><figure class=\"aligncenter size-large is-resized\"><a href=\"https:\/\/www.instagram.com\/vmais.midias\/\"><img loading=\"lazy\" decoding=\"async\" src=\"https:\/\/jornalfatosenoticias.com.br\/wp-content\/uploads\/2020\/02\/DE-MAIS-DESTAQUE-VMAIS-800X700.png\" alt=\"\" class=\"wp-image-53112\" width=\"327\" height=\"286\" srcset=\"https:\/\/jornalfatosenoticias.com.br\/wp-content\/uploads\/2020\/02\/DE-MAIS-DESTAQUE-VMAIS-800X700.png 800w, https:\/\/jornalfatosenoticias.com.br\/wp-content\/uploads\/2020\/02\/DE-MAIS-DESTAQUE-VMAIS-800X700-300x263.png 300w, https:\/\/jornalfatosenoticias.com.br\/wp-content\/uploads\/2020\/02\/DE-MAIS-DESTAQUE-VMAIS-800X700-768x672.png 768w\" sizes=\"auto, (max-width: 327px) 100vw, 327px\" \/><\/a><\/figure><\/div>\n\n\n\n<p>De acordo com a Secretaria de Assuntos Internacionais da Fazenda, o calote da gest\u00e3o de Nicol\u00e1s Maduro j\u00e1 totaliza US$ 1,7 bilh\u00e3o at\u00e9 31 de dezembro de 2024. Apesar da magnitude da d\u00edvida, as negocia\u00e7\u00f5es para quita\u00e7\u00e3o est\u00e3o estagnadas. \u201cAinda estamos na fase de concilia\u00e7\u00e3o de contas, sem reuni\u00f5es previstas at\u00e9 o momento\u201d, informou a secretaria \u00e0 Veja.<\/p>\n\n\n\n<div class=\"wp-block-image\"><figure class=\"aligncenter size-large\"><a href=\"http:\/\/www.ferrarimaquinas.com.br\/\"><img loading=\"lazy\" decoding=\"async\" width=\"300\" height=\"250\" src=\"https:\/\/jornalfatosenoticias.com.br\/wp-content\/uploads\/2022\/02\/FERRARI_MAQUINAS-E-FERRAMENTAS2.jpg\" alt=\"\" class=\"wp-image-27860\"\/><\/a><\/figure><\/div>\n\n\n\n<p>A origem da d\u00edvida remonta a opera\u00e7\u00f5es de financiamento realizadas para exporta\u00e7\u00e3o de bens e servi\u00e7os por empresas brasileiras. Em maio de 2023, durante a visita oficial de Maduro ao Brasil, quando foi recebido por Luiz In\u00e1cio Lula da Silva, o d\u00e9bito venezuelano era estimado em US$ 1,27 bilh\u00e3o. Na ocasi\u00e3o, os dois governos anunciaram a cria\u00e7\u00e3o de uma mesa de negocia\u00e7\u00f5es, com reuni\u00f5es virtuais realizadas at\u00e9 setembro daquele ano. Segundo o ministro da Fazenda, Fernando Haddad, o objetivo era reprogramar os pagamentos da d\u00edvida. No entanto, desde ent\u00e3o, o di\u00e1logo entre os pa\u00edses n\u00e3o avan\u00e7ou.<\/p>\n\n\n\n<div class=\"wp-block-image\"><figure class=\"aligncenter size-large is-resized\"><a href=\"https:\/\/www.instagram.com\/ligadossaborespizzaria\/\"><img loading=\"lazy\" decoding=\"async\" src=\"https:\/\/jornalfatosenoticias.com.br\/wp-content\/uploads\/2020\/02\/WhatsApp-Image-2024-10-02-at-08.18.14-819x1024.jpeg\" alt=\"\" class=\"wp-image-54612\" width=\"294\" height=\"367\" srcset=\"https:\/\/jornalfatosenoticias.com.br\/wp-content\/uploads\/2020\/02\/WhatsApp-Image-2024-10-02-at-08.18.14-819x1024.jpeg 819w, https:\/\/jornalfatosenoticias.com.br\/wp-content\/uploads\/2020\/02\/WhatsApp-Image-2024-10-02-at-08.18.14-240x300.jpeg 240w, https:\/\/jornalfatosenoticias.com.br\/wp-content\/uploads\/2020\/02\/WhatsApp-Image-2024-10-02-at-08.18.14-768x960.jpeg 768w, https:\/\/jornalfatosenoticias.com.br\/wp-content\/uploads\/2020\/02\/WhatsApp-Image-2024-10-02-at-08.18.14.jpeg 1024w\" sizes=\"auto, (max-width: 294px) 100vw, 294px\" \/><\/a><\/figure><\/div>\n\n\n\n<p>As rela\u00e7\u00f5es entre Lula e Maduro, que j\u00e1 foram aliados pr\u00f3ximos, se deterioraram nos \u00faltimos meses. O governo brasileiro manifestou \u201cgrande preocupa\u00e7\u00e3o\u201d com den\u00fancias de viola\u00e7\u00f5es de direitos humanos contra opositores do regime na Venezuela. Mesmo assim, uma embaixadora foi enviada \u00e0 cerim\u00f4nia de posse de Maduro no in\u00edcio de 2025, um movimento interpretado como uma tentativa de manter os la\u00e7os diplom\u00e1ticos.<strong> (Fonte: Hora Bras\u00edlia)<\/strong><\/p>\n\n\n\n<div class=\"wp-block-image\"><figure class=\"aligncenter size-large is-resized\"><a href=\"https:\/\/www.instagram.com\/restaurantepegoretti\/\"><img loading=\"lazy\" decoding=\"async\" src=\"https:\/\/jornalfatosenoticias.com.br\/wp-content\/uploads\/2023\/12\/pegoretti-logo-pdf-1024x389.jpg\" alt=\"\" class=\"wp-image-47536\" width=\"432\" height=\"164\" srcset=\"https:\/\/jornalfatosenoticias.com.br\/wp-content\/uploads\/2023\/12\/pegoretti-logo-pdf-1024x389.jpg 1024w, https:\/\/jornalfatosenoticias.com.br\/wp-content\/uploads\/2023\/12\/pegoretti-logo-pdf-300x114.jpg 300w, https:\/\/jornalfatosenoticias.com.br\/wp-content\/uploads\/2023\/12\/pegoretti-logo-pdf-768x291.jpg 768w, https:\/\/jornalfatosenoticias.com.br\/wp-content\/uploads\/2023\/12\/pegoretti-logo-pdf.jpg 1120w\" sizes=\"auto, (max-width: 432px) 100vw, 432px\" \/><\/a><\/figure><\/div>\n\n\n\n<hr class=\"wp-block-separator\"\/>\n\n\n\n<h3 class=\"wp-block-heading\"><span class=\"has-inline-color has-black-color\">Reprova\u00e7\u00e3o ao governo Lula cresce, com destaque para o Nordeste, aponta Pesquisa Quaest<\/span><\/h3>\n\n\n\n<div class=\"wp-block-image\"><figure class=\"aligncenter size-large\"><img loading=\"lazy\" decoding=\"async\" width=\"780\" height=\"470\" src=\"https:\/\/jornalfatosenoticias.com.br\/wp-content\/uploads\/2025\/01\/lula-REPROVACAO.jpeg\" alt=\"\" class=\"wp-image-57200\" srcset=\"https:\/\/jornalfatosenoticias.com.br\/wp-content\/uploads\/2025\/01\/lula-REPROVACAO.jpeg 780w, https:\/\/jornalfatosenoticias.com.br\/wp-content\/uploads\/2025\/01\/lula-REPROVACAO-300x181.jpeg 300w, https:\/\/jornalfatosenoticias.com.br\/wp-content\/uploads\/2025\/01\/lula-REPROVACAO-768x463.jpeg 768w\" sizes=\"auto, (max-width: 780px) 100vw, 780px\" \/><figcaption><em><span class=\"has-inline-color has-black-color\">(Foto: F\u00e1bio Rodrigues-Pozzebom\/Ag\u00eancia Brasil)<\/span><\/em><\/figcaption><\/figure><\/div>\n\n\n\n<p>A primeira pesquisa <strong>Genial\/Quaest de 2025<\/strong> revelou uma queda significativa na aprova\u00e7\u00e3o do governo Lula, tanto no Nordeste quanto no cen\u00e1rio nacional. No Nordeste, \u00fanico reduto onde o petista venceu Jair Bolsonaro (PL) nas elei\u00e7\u00f5es de 2022, a aprova\u00e7\u00e3o caiu de 67% em dezembro para 60%, enquanto a desaprova\u00e7\u00e3o aumentou de 32% para 37%.<\/p>\n\n\n\n<div class=\"wp-block-image\"><figure class=\"aligncenter size-large\"><a href=\"https:\/\/cesconetto.com.br\/\"><img loading=\"lazy\" decoding=\"async\" width=\"300\" height=\"250\" src=\"https:\/\/jornalfatosenoticias.com.br\/wp-content\/uploads\/2022\/02\/Banner-2.png\" alt=\"\" class=\"wp-image-27877\"\/><\/a><\/figure><\/div>\n\n\n\n<p>Em \u00e2mbito nacional, o levantamento mostrou que a aprova\u00e7\u00e3o de Lula passou de 52% para 47%, enquanto a desaprova\u00e7\u00e3o subiu de 45% para 49% no \u00faltimo m\u00eas. A avalia\u00e7\u00e3o negativa do governo tamb\u00e9m aumentou, saltando de 31% para 37%. Esses n\u00fameros representam a maior rejei\u00e7\u00e3o registrada desde o in\u00edcio da s\u00e9rie hist\u00f3rica da pesquisa, em fevereiro de 2023, e marcam a primeira vez em que a desaprova\u00e7\u00e3o do governo supera numericamente a aprova\u00e7\u00e3o. <\/p>\n\n\n\n<div class=\"wp-block-image\"><figure class=\"aligncenter size-large\"><a href=\"https:\/\/mizu.com.br\/\"><img loading=\"lazy\" decoding=\"async\" width=\"729\" height=\"90\" src=\"https:\/\/jornalfatosenoticias.com.br\/wp-content\/uploads\/2020\/02\/Logo_Mizu.png\" alt=\"\" class=\"wp-image-1441\" srcset=\"https:\/\/jornalfatosenoticias.com.br\/wp-content\/uploads\/2020\/02\/Logo_Mizu.png 729w, https:\/\/jornalfatosenoticias.com.br\/wp-content\/uploads\/2020\/02\/Logo_Mizu-300x37.png 300w\" sizes=\"auto, (max-width: 729px) 100vw, 729px\" \/><\/a><\/figure><\/div>\n\n\n\n<p><strong><span class=\"has-inline-color has-black-color\">A pesquisa apontou dois fatores principais para a insatisfa\u00e7\u00e3o crescente:<br><\/span>\u2713<\/strong> A alta no pre\u00e7o dos alimentos, que impacta diretamente o custo de vida e a economia das fam\u00edlias;<br><strong>\u2713 <\/strong>A controv\u00e9rsia sobre a regula\u00e7\u00e3o do Pix, que gerou receios entre consumidores e investidores.<\/p>\n\n\n\n<div class=\"wp-block-image\"><figure class=\"aligncenter size-large is-resized\"><a href=\"https:\/\/www.instagram.com\/esteiochurrascaria\/\"><img loading=\"lazy\" decoding=\"async\" src=\"https:\/\/jornalfatosenoticias.com.br\/wp-content\/uploads\/2022\/02\/LOGO-ESTEIO-1024x730.png\" alt=\"\" class=\"wp-image-27942\" width=\"346\" height=\"246\" srcset=\"https:\/\/jornalfatosenoticias.com.br\/wp-content\/uploads\/2022\/02\/LOGO-ESTEIO-1024x730.png 1024w, https:\/\/jornalfatosenoticias.com.br\/wp-content\/uploads\/2022\/02\/LOGO-ESTEIO-300x214.png 300w, https:\/\/jornalfatosenoticias.com.br\/wp-content\/uploads\/2022\/02\/LOGO-ESTEIO-768x548.png 768w, https:\/\/jornalfatosenoticias.com.br\/wp-content\/uploads\/2022\/02\/LOGO-ESTEIO.png 1123w\" sizes=\"auto, (max-width: 346px) 100vw, 346px\" \/><\/a><\/figure><\/div>\n\n\n\n<p>Apesar da queda, o Nordeste ainda registra a maior aprova\u00e7\u00e3o ao governo Lula, com 60%. No entanto, a regi\u00e3o, que foi crucial para a vit\u00f3ria do petista em 2022, est\u00e1 mostrando sinais de descontentamento. Nas elei\u00e7\u00f5es, Lula obteve 69,34% dos votos v\u00e1lidos no Nordeste, enquanto Bolsonaro venceu com ampla vantagem nas demais regi\u00f5es, incluindo 61,84% dos votos v\u00e1lidos no Sul. O levantamento ouviu 4,5 mil eleitores pessoalmente entre os dias 23 e 26 de janeiro, com margem de erro estimada em 1 ponto percentual. <strong>(Fonte: Hora Bras\u00edlia)<\/strong><\/p>\n\n\n\n<div class=\"wp-block-image\"><figure class=\"aligncenter size-large is-resized\"><a href=\"https:\/\/panper.com.br\/\"><img loading=\"lazy\" decoding=\"async\" src=\"https:\/\/jornalfatosenoticias.com.br\/wp-content\/uploads\/2023\/03\/logo-Panper_portal.jpg\" alt=\"\" class=\"wp-image-40208\" width=\"321\" height=\"222\" srcset=\"https:\/\/jornalfatosenoticias.com.br\/wp-content\/uploads\/2023\/03\/logo-Panper_portal.jpg 400w, https:\/\/jornalfatosenoticias.com.br\/wp-content\/uploads\/2023\/03\/logo-Panper_portal-300x208.jpg 300w\" sizes=\"auto, (max-width: 321px) 100vw, 321px\" \/><\/a><\/figure><\/div>\n\n\n\n<hr class=\"wp-block-separator\"\/>\n\n\n\n<h3 class=\"wp-block-heading\"><span class=\"has-inline-color has-black-color\">Trump critica excesso de taxas do Brasil e amea\u00e7a impor san\u00e7\u00f5es comerciais<\/span><\/h3>\n\n\n\n<div class=\"wp-block-image\"><figure class=\"aligncenter size-large\"><img loading=\"lazy\" decoding=\"async\" width=\"612\" height=\"408\" src=\"https:\/\/jornalfatosenoticias.com.br\/wp-content\/uploads\/2025\/01\/Trump_gettyimages.jpg\" alt=\"\" class=\"wp-image-57199\" srcset=\"https:\/\/jornalfatosenoticias.com.br\/wp-content\/uploads\/2025\/01\/Trump_gettyimages.jpg 612w, https:\/\/jornalfatosenoticias.com.br\/wp-content\/uploads\/2025\/01\/Trump_gettyimages-300x200.jpg 300w\" sizes=\"auto, (max-width: 612px) 100vw, 612px\" \/><figcaption><em><span class=\"has-inline-color has-black-color\">(Foto: Getty Images)<\/span><\/em><\/figcaption><\/figure><\/div>\n\n\n\n<p>O presidente dos Estados Unidos, Donald Trump, voltou a criticar o Brasil, na segunda-feira (27), durante um discurso na Fl\u00f3rida. Trump afirmou que o pa\u00eds, assim como outras na\u00e7\u00f5es do Sul Global, como \u00cdndia e China, aplica tarifas que prejudicam a economia norte-americana. Ele acusou esses pa\u00edses de \u201cn\u00e3o quererem bem\u201d aos EUA e prometeu retaliar com medidas protecionistas.<\/p>\n\n\n\n<div class=\"wp-block-image\"><figure class=\"aligncenter size-large is-resized\"><a href=\"https:\/\/www.facebook.com\/postobkr\/?locale=pt_BR\"><img loading=\"lazy\" decoding=\"async\" src=\"https:\/\/jornalfatosenoticias.com.br\/wp-content\/uploads\/2023\/08\/BKR-1024x1021.jpg\" alt=\"\" class=\"wp-image-44494\" width=\"329\" height=\"328\" srcset=\"https:\/\/jornalfatosenoticias.com.br\/wp-content\/uploads\/2023\/08\/BKR-1024x1021.jpg 1024w, https:\/\/jornalfatosenoticias.com.br\/wp-content\/uploads\/2023\/08\/BKR-300x300.jpg 300w, https:\/\/jornalfatosenoticias.com.br\/wp-content\/uploads\/2023\/08\/BKR-150x150.jpg 150w, https:\/\/jornalfatosenoticias.com.br\/wp-content\/uploads\/2023\/08\/BKR-768x766.jpg 768w, https:\/\/jornalfatosenoticias.com.br\/wp-content\/uploads\/2023\/08\/BKR.jpg 1080w\" sizes=\"auto, (max-width: 329px) 100vw, 329px\" \/><\/a><\/figure><\/div>\n\n\n\n<blockquote class=\"wp-block-quote is-layout-flow wp-block-quote-is-layout-flow\"><p><span class=\"has-inline-color has-luminous-vivid-orange-color\"><strong>Coloque tarifas em pa\u00edses e pessoas estrangeiras que realmente nos querem mal\u201d,<\/strong> declarou o republicano. Ele refor\u00e7ou que sua prioridade \u00e9 colocar \u201c<strong>a Am\u00e9rica em primeiro lugar\u201d <\/strong>e afirmou que n\u00e3o permitir\u00e1 que outros pa\u00edses continuem a impor taxas que, segundo ele, prejudicam a produ\u00e7\u00e3o interna dos EUA.<\/span><\/p><\/blockquote>\n\n\n\n<div class=\"wp-block-image\"><figure class=\"aligncenter size-large\"><a href=\"https:\/\/www.facebook.com\/vetor.vix\/\"><img loading=\"lazy\" decoding=\"async\" width=\"1024\" height=\"273\" src=\"https:\/\/jornalfatosenoticias.com.br\/wp-content\/uploads\/2023\/09\/vetorvix1024_1.jpg\" alt=\"\" class=\"wp-image-44868\" srcset=\"https:\/\/jornalfatosenoticias.com.br\/wp-content\/uploads\/2023\/09\/vetorvix1024_1.jpg 1024w, https:\/\/jornalfatosenoticias.com.br\/wp-content\/uploads\/2023\/09\/vetorvix1024_1-300x80.jpg 300w, https:\/\/jornalfatosenoticias.com.br\/wp-content\/uploads\/2023\/09\/vetorvix1024_1-768x205.jpg 768w\" sizes=\"auto, (max-width: 1024px) 100vw, 1024px\" \/><\/a><\/figure><\/div>\n\n\n\n<p>Trump incluiu o Brasil entre os pa\u00edses que, de acordo com ele, aplicam tarifas excessivas sobre produtos americanos, impactando negativamente o com\u00e9rcio bilateral. A declara\u00e7\u00e3o faz eco a falas anteriores, quando o republicano j\u00e1 havia criticado o Brasil por adotar pr\u00e1ticas que considera injustas. Em novembro de 2024, ele chegou a afirmar: <strong><em>\u201cse eles nos cobrarem muito, n\u00f3s vamos cobrar a mesma coisa\u201d.<\/em><\/strong><\/p>\n\n\n\n<div class=\"wp-block-image\"><figure class=\"aligncenter size-large is-resized\"><a href=\"https:\/\/www.instagram.com\/rcradiadores\/\"><img loading=\"lazy\" decoding=\"async\" src=\"https:\/\/jornalfatosenoticias.com.br\/wp-content\/uploads\/2022\/10\/RC_800x750_page-0001.jpg\" alt=\"\" class=\"wp-image-35338\" width=\"299\" height=\"280\" srcset=\"https:\/\/jornalfatosenoticias.com.br\/wp-content\/uploads\/2022\/10\/RC_800x750_page-0001.jpg 400w, https:\/\/jornalfatosenoticias.com.br\/wp-content\/uploads\/2022\/10\/RC_800x750_page-0001-300x281.jpg 300w\" sizes=\"auto, (max-width: 299px) 100vw, 299px\" \/><\/a><\/figure><\/div>\n\n\n\n<p>Embora Trump n\u00e3o tenha detalhado quais produtos ou tarifas estavam sendo mencionados, a cr\u00edtica se alinha \u00e0 sua pol\u00edtica protecionista, que busca equilibrar rela\u00e7\u00f5es comerciais por meio da imposi\u00e7\u00e3o de medidas retaliat\u00f3rias, como aumento de tarifas sobre importa\u00e7\u00f5es.<\/p>\n\n\n\n<div class=\"wp-block-image\"><figure class=\"aligncenter size-large is-resized\"><a href=\"https:\/\/www.facebook.com\/profile.php?id=100069289606145\"><img loading=\"lazy\" decoding=\"async\" src=\"https:\/\/jornalfatosenoticias.com.br\/wp-content\/uploads\/2024\/11\/Guaitolini-Contabilidade-1024x714.jpeg\" alt=\"\" class=\"wp-image-55808\" width=\"313\" height=\"218\" srcset=\"https:\/\/jornalfatosenoticias.com.br\/wp-content\/uploads\/2024\/11\/Guaitolini-Contabilidade-1024x714.jpeg 1024w, https:\/\/jornalfatosenoticias.com.br\/wp-content\/uploads\/2024\/11\/Guaitolini-Contabilidade-300x209.jpeg 300w, https:\/\/jornalfatosenoticias.com.br\/wp-content\/uploads\/2024\/11\/Guaitolini-Contabilidade-768x535.jpeg 768w, https:\/\/jornalfatosenoticias.com.br\/wp-content\/uploads\/2024\/11\/Guaitolini-Contabilidade.jpeg 1280w\" sizes=\"auto, (max-width: 313px) 100vw, 313px\" \/><\/a><\/figure><\/div>\n\n\n\n<p>Trump tamb\u00e9m usou o discurso para criticar a Col\u00f4mbia, com quem os EUA enfrentaram recentemente um atrito diplom\u00e1tico. O pa\u00eds sul-americano havia recusado voos com imigrantes deportados pelos Estados Unidos, levando Trump a amea\u00e7ar uma taxa de 25% sobre produtos colombianos. O impasse foi resolvido ap\u00f3s o presidente Gustavo Petro aceitar os voos, fazendo Trump recuar da poss\u00edvel san\u00e7\u00e3o.<\/p>\n\n\n\n<div class=\"wp-block-image\"><figure class=\"aligncenter size-large is-resized\"><a href=\"https:\/\/www.legisjuris.com.br\/\"><img loading=\"lazy\" decoding=\"async\" src=\"https:\/\/jornalfatosenoticias.com.br\/wp-content\/uploads\/2024\/09\/Legis-Juris-Consultoria_logo.jpg\" alt=\"\" class=\"wp-image-53915\" width=\"442\" height=\"185\" srcset=\"https:\/\/jornalfatosenoticias.com.br\/wp-content\/uploads\/2024\/09\/Legis-Juris-Consultoria_logo.jpg 969w, https:\/\/jornalfatosenoticias.com.br\/wp-content\/uploads\/2024\/09\/Legis-Juris-Consultoria_logo-300x126.jpg 300w, https:\/\/jornalfatosenoticias.com.br\/wp-content\/uploads\/2024\/09\/Legis-Juris-Consultoria_logo-768x322.jpg 768w\" sizes=\"auto, (max-width: 442px) 100vw, 442px\" \/><\/a><\/figure><\/div>\n\n\n\n<p>Desde sua \u00faltima campanha eleitoral, Trump tem refor\u00e7ado sua defesa da produ\u00e7\u00e3o interna norte-americana. Na semana passada, ele anunciou a possibilidade de uma taxa de 10% sobre importa\u00e7\u00f5es chinesas a partir de 1.\u00ba de fevereiro, como parte de sua estrat\u00e9gia de proteger a economia dos EUA de pr\u00e1ticas comerciais que considera desleais.<\/p>\n\n\n\n<div class=\"wp-block-image\"><figure class=\"aligncenter size-large is-resized\"><a href=\"https:\/\/hotelmarquetti.com.br\/\"><img loading=\"lazy\" decoding=\"async\" src=\"https:\/\/jornalfatosenoticias.com.br\/wp-content\/uploads\/2023\/03\/nova-logo-Marquetti.jpg\" alt=\"\" class=\"wp-image-40207\" width=\"338\" height=\"227\" srcset=\"https:\/\/jornalfatosenoticias.com.br\/wp-content\/uploads\/2023\/03\/nova-logo-Marquetti.jpg 643w, https:\/\/jornalfatosenoticias.com.br\/wp-content\/uploads\/2023\/03\/nova-logo-Marquetti-300x202.jpg 300w\" sizes=\"auto, (max-width: 338px) 100vw, 338px\" \/><\/a><\/figure><\/div>\n\n\n\n<p>As novas cr\u00edticas ao Brasil elevam as tens\u00f5es comerciais entre os dois pa\u00edses e colocam em evid\u00eancia o impacto de medidas protecionistas. Analistas avaliam que, caso Trump retorne \u00e0 presid\u00eancia, o Brasil e outros pa\u00edses poder\u00e3o enfrentar um cen\u00e1rio mais r\u00edgido nas rela\u00e7\u00f5es comerciais com os Estados Unidos. <strong>(Fonte: Hora Bras\u00edlia)<\/strong><\/p>\n\n\n\n<div class=\"wp-block-image\"><figure class=\"aligncenter size-large is-resized\"><a href=\"https:\/\/www.ithbrasil.com.br\/\"><img loading=\"lazy\" decoding=\"async\" src=\"https:\/\/jornalfatosenoticias.com.br\/wp-content\/uploads\/2023\/08\/ITH.jpeg\" alt=\"\" class=\"wp-image-44638\" width=\"323\" height=\"262\" srcset=\"https:\/\/jornalfatosenoticias.com.br\/wp-content\/uploads\/2023\/08\/ITH.jpeg 800w, https:\/\/jornalfatosenoticias.com.br\/wp-content\/uploads\/2023\/08\/ITH-300x244.jpeg 300w, https:\/\/jornalfatosenoticias.com.br\/wp-content\/uploads\/2023\/08\/ITH-768x624.jpeg 768w\" sizes=\"auto, (max-width: 323px) 100vw, 323px\" \/><\/a><\/figure><\/div>\n\n\n\n<hr class=\"wp-block-separator\"\/>\n\n\n\n<h3 class=\"wp-block-heading\"><span class=\"has-inline-color has-black-color\">Sigilos do governo Lula sobre Janja s\u00e3o alvo de cr\u00edtica pela Transpar\u00eancia Internacional<\/span><\/h3>\n\n\n\n<div class=\"wp-block-image\"><figure class=\"aligncenter size-large\"><img loading=\"lazy\" decoding=\"async\" width=\"612\" height=\"408\" src=\"https:\/\/jornalfatosenoticias.com.br\/wp-content\/uploads\/2025\/01\/sigilo-molusco-e-canja_gettyimages.jpg\" alt=\"\" class=\"wp-image-57198\" srcset=\"https:\/\/jornalfatosenoticias.com.br\/wp-content\/uploads\/2025\/01\/sigilo-molusco-e-canja_gettyimages.jpg 612w, https:\/\/jornalfatosenoticias.com.br\/wp-content\/uploads\/2025\/01\/sigilo-molusco-e-canja_gettyimages-300x200.jpg 300w\" sizes=\"auto, (max-width: 612px) 100vw, 612px\" \/><figcaption><em><span class=\"has-inline-color has-black-color\">(Foto: Getty Images)<\/span><\/em><\/figcaption><\/figure><\/div>\n\n\n\n<p><span class=\"has-inline-color has-black-color\">Por <strong>Felipe Dantas<\/strong><br><\/span>A Transpar\u00eancia Internacional Brasil manifestou, na segunda-feira (27), cr\u00edticas aos sigilos impostos pelo governo de Luiz In\u00e1cio Lula da Silva (PT) em rela\u00e7\u00e3o a informa\u00e7\u00f5es sobre a primeira-dama Ros\u00e2ngela Lula da Silva, conhecida como Janja. O diretor-executivo da entidade, Bruno Brand\u00e3o, destacou que \u00e9 amplamente reconhecido que Janja desempenha um papel p\u00fablico.<\/p>\n\n\n\n<div class=\"wp-block-image\"><figure class=\"aligncenter size-large is-resized\"><a href=\"https:\/\/www.instagram.com\/serra4x4cambioautomatico\/\"><img loading=\"lazy\" decoding=\"async\" src=\"https:\/\/jornalfatosenoticias.com.br\/wp-content\/uploads\/2024\/08\/Serra-4x4-1-886x1024.jpg\" alt=\"\" class=\"wp-image-53632\" width=\"286\" height=\"330\" srcset=\"https:\/\/jornalfatosenoticias.com.br\/wp-content\/uploads\/2024\/08\/Serra-4x4-1-886x1024.jpg 886w, https:\/\/jornalfatosenoticias.com.br\/wp-content\/uploads\/2024\/08\/Serra-4x4-1-260x300.jpg 260w, https:\/\/jornalfatosenoticias.com.br\/wp-content\/uploads\/2024\/08\/Serra-4x4-1-768x888.jpg 768w, https:\/\/jornalfatosenoticias.com.br\/wp-content\/uploads\/2024\/08\/Serra-4x4-1.jpg 1181w\" sizes=\"auto, (max-width: 286px) 100vw, 286px\" \/><\/a><\/figure><\/div>\n\n\n\n<p>O posicionamento foi motivado por uma reportagem publicada no blog de Malu Gaspar, do jornal<strong> O Globo,<\/strong> intitulada <strong><em>\u201cGoverno Lula esconde informa\u00e7\u00f5es sobre Janja\u201d.<\/em><\/strong> O texto aponta que o governo federal tem se recusado a fornecer respostas a diversos pedidos sobre as atividades e agendas da primeira-dama, apresentados tanto pelo blog quanto pela <strong>ONG Fiquem Sabendo,<\/strong> especializada em promover o acesso \u00e0 informa\u00e7\u00e3o p\u00fablica.<\/p>\n\n\n\n<div class=\"wp-block-image\"><figure class=\"aligncenter size-large is-resized\"><a href=\"https:\/\/www.controlsystems.com.br\/\"><img loading=\"lazy\" decoding=\"async\" src=\"https:\/\/jornalfatosenoticias.com.br\/wp-content\/uploads\/2020\/02\/CONTROL-CS.jpg\" alt=\"\" class=\"wp-image-44991\" width=\"299\" height=\"359\" srcset=\"https:\/\/jornalfatosenoticias.com.br\/wp-content\/uploads\/2020\/02\/CONTROL-CS.jpg 834w, https:\/\/jornalfatosenoticias.com.br\/wp-content\/uploads\/2020\/02\/CONTROL-CS-250x300.jpg 250w, https:\/\/jornalfatosenoticias.com.br\/wp-content\/uploads\/2020\/02\/CONTROL-CS-768x921.jpg 768w\" sizes=\"auto, (max-width: 299px) 100vw, 299px\" \/><\/a><\/figure><\/div>\n\n\n\n<blockquote class=\"wp-block-quote is-layout-flow wp-block-quote-is-layout-flow\"><p><span class=\"has-inline-color has-luminous-vivid-orange-color\"><strong>\u00c9 evidente que a primeira-dama exerce fun\u00e7\u00e3o p\u00fablica, com uma agenda intensa de representa\u00e7\u00e3o governamental e uma equipe de apoio. O fato de isso ocorrer sem as formaliza\u00e7\u00f5es necess\u00e1rias n\u00e3o pode ser usado como justificativa para desrespeitar o princ\u00edpio da transpar\u00eancia da administra\u00e7\u00e3o p\u00fablica, bem como a Lei de Acesso \u00e0 Informa\u00e7\u00e3o e a lei que trata de conflitos de interesse. Na verdade, essa informalidade s\u00f3 agrava a situa\u00e7\u00e3o\u201d,<\/strong> afirmou Brand\u00e3o em publica\u00e7\u00e3o no perfil da Transpar\u00eancia Internacional na rede social X (antigo Twitter).<\/span><\/p><\/blockquote>\n\n\n\n<div class=\"wp-block-image\"><figure class=\"aligncenter size-large is-resized\"><a href=\"https:\/\/www.instagram.com\/vmais.midias\/\"><img loading=\"lazy\" decoding=\"async\" src=\"https:\/\/jornalfatosenoticias.com.br\/wp-content\/uploads\/2020\/02\/DE-MAIS-DESTAQUE-VMAIS-800X700.png\" alt=\"\" class=\"wp-image-53112\" width=\"294\" height=\"257\" srcset=\"https:\/\/jornalfatosenoticias.com.br\/wp-content\/uploads\/2020\/02\/DE-MAIS-DESTAQUE-VMAIS-800X700.png 800w, https:\/\/jornalfatosenoticias.com.br\/wp-content\/uploads\/2020\/02\/DE-MAIS-DESTAQUE-VMAIS-800X700-300x263.png 300w, https:\/\/jornalfatosenoticias.com.br\/wp-content\/uploads\/2020\/02\/DE-MAIS-DESTAQUE-VMAIS-800X700-768x672.png 768w\" sizes=\"auto, (max-width: 294px) 100vw, 294px\" \/><\/a><\/figure><\/div>\n\n\n\n<p>Desde o in\u00edcio de seu terceiro mandato, Lula tem aplicado restri\u00e7\u00f5es de acesso a informa\u00e7\u00f5es p\u00fablicas, como os detalhes de uma carta enviada ao presidente da R\u00fassia, Vladimir Putin, as agendas de Janja, e trocas de informa\u00e7\u00f5es oficiais relacionadas \u00e0 pris\u00e3o do jogador de futebol Robinho.<\/p>\n\n\n\n<div class=\"wp-block-image\"><figure class=\"aligncenter size-large\"><a href=\"https:\/\/www.facebook.com\/vetor.vix\/\"><img loading=\"lazy\" decoding=\"async\" width=\"1024\" height=\"273\" src=\"https:\/\/jornalfatosenoticias.com.br\/wp-content\/uploads\/2023\/09\/vetorvix1024_1.jpg\" alt=\"\" class=\"wp-image-44868\" srcset=\"https:\/\/jornalfatosenoticias.com.br\/wp-content\/uploads\/2023\/09\/vetorvix1024_1.jpg 1024w, https:\/\/jornalfatosenoticias.com.br\/wp-content\/uploads\/2023\/09\/vetorvix1024_1-300x80.jpg 300w, https:\/\/jornalfatosenoticias.com.br\/wp-content\/uploads\/2023\/09\/vetorvix1024_1-768x205.jpg 768w\" sizes=\"auto, (max-width: 1024px) 100vw, 1024px\" \/><\/a><\/figure><\/div>\n\n\n\n<p>A Controladoria-Geral da Uni\u00e3o (CGU) est\u00e1 trabalhando em uma proposta para alterar a Lei de Acesso \u00e0 Informa\u00e7\u00e3o (LAI) e limitar os prazos de sigilo de 100 anos. Atualmente, a legisla\u00e7\u00e3o permite o bloqueio de acesso por at\u00e9 um s\u00e9culo a <strong><em>\u201cinforma\u00e7\u00f5es pessoais relacionadas \u00e0 intimidade, vida privada, honra e imagem\u201d.<\/em><\/strong><\/p>\n\n\n\n<div class=\"wp-block-image\"><figure class=\"aligncenter size-large is-resized\"><a href=\"https:\/\/www.instagram.com\/ligadossaborespizzaria\/\"><img loading=\"lazy\" decoding=\"async\" src=\"https:\/\/jornalfatosenoticias.com.br\/wp-content\/uploads\/2024\/09\/WhatsApp-Image-2024-09-14-at-22.46.10-819x1024.jpeg\" alt=\"\" class=\"wp-image-54180\" width=\"318\" height=\"397\" srcset=\"https:\/\/jornalfatosenoticias.com.br\/wp-content\/uploads\/2024\/09\/WhatsApp-Image-2024-09-14-at-22.46.10-819x1024.jpeg 819w, https:\/\/jornalfatosenoticias.com.br\/wp-content\/uploads\/2024\/09\/WhatsApp-Image-2024-09-14-at-22.46.10-240x300.jpeg 240w, https:\/\/jornalfatosenoticias.com.br\/wp-content\/uploads\/2024\/09\/WhatsApp-Image-2024-09-14-at-22.46.10-768x960.jpeg 768w, https:\/\/jornalfatosenoticias.com.br\/wp-content\/uploads\/2024\/09\/WhatsApp-Image-2024-09-14-at-22.46.10.jpeg 1024w\" sizes=\"auto, (max-width: 318px) 100vw, 318px\" \/><\/a><\/figure><\/div>\n\n\n\n<p>A transpar\u00eancia \u00e9 considerada um pilar fundamental da administra\u00e7\u00e3o p\u00fablica, pois garante que os cidad\u00e3os tenham acesso a informa\u00e7\u00f5es cr\u00edticas sobre as a\u00e7\u00f5es do governo. Ela \u00e9 essencial para assegurar a presta\u00e7\u00e3o de contas e fortalecer a democracia. Em contextos onde a privacidade \u00e9 alegada como raz\u00e3o para o sigilo, h\u00e1 um conflito inerente entre interesse p\u00fablico e direitos individuais.<br>No caso em quest\u00e3o, a abrang\u00eancia dos sigilos aplicados pelo governo Lula traz \u00e0 tona preocupa\u00e7\u00f5es sobre a conformidade com as leis de acesso \u00e0 informa\u00e7\u00e3o. Elementos como agendas de trabalho do governo e correspond\u00eancias oficiais s\u00e3o temas de grande interesse p\u00fablico, e a falta de divulga\u00e7\u00e3o desses dados pode enfraquecer a confian\u00e7a nas institui\u00e7\u00f5es governamentais. <strong>(Fonte: Terra Brasil Not\u00edcias)<\/strong><\/p>\n\n\n\n<div class=\"wp-block-image\"><figure class=\"aligncenter size-large\"><a href=\"http:\/\/www.ferrarimaquinas.com.br\/\"><img loading=\"lazy\" decoding=\"async\" width=\"300\" height=\"250\" src=\"https:\/\/jornalfatosenoticias.com.br\/wp-content\/uploads\/2022\/02\/FERRARI_MAQUINAS-E-FERRAMENTAS2.jpg\" alt=\"\" class=\"wp-image-27860\"\/><\/a><\/figure><\/div>\n\n\n\n<hr class=\"wp-block-separator\"\/>\n\n\n\n<h3 class=\"wp-block-heading\"><span class=\"has-inline-color has-black-color\">Ap\u00f3s Bol\u00edvia, Argentina diz que vai refor\u00e7ar seguran\u00e7a na fronteira com o Brasil<\/span><\/h3>\n\n\n\n<div class=\"wp-block-image\"><figure class=\"aligncenter size-large\"><img loading=\"lazy\" decoding=\"async\" width=\"612\" height=\"408\" src=\"https:\/\/jornalfatosenoticias.com.br\/wp-content\/uploads\/2025\/01\/Patricia-Bullrich-Argentina_gettyimages.jpg\" alt=\"\" class=\"wp-image-57197\" srcset=\"https:\/\/jornalfatosenoticias.com.br\/wp-content\/uploads\/2025\/01\/Patricia-Bullrich-Argentina_gettyimages.jpg 612w, https:\/\/jornalfatosenoticias.com.br\/wp-content\/uploads\/2025\/01\/Patricia-Bullrich-Argentina_gettyimages-300x200.jpg 300w\" sizes=\"auto, (max-width: 612px) 100vw, 612px\" \/><figcaption><em><span class=\"has-inline-color has-black-color\">(Foto: Getty Images)<\/span><\/em><\/figcaption><\/figure><\/div>\n\n\n\n<p><span class=\"has-inline-color has-black-color\">Por <strong>John Lucas<\/strong><br><\/span>O governo da Argentina, por meio da ministra da Seguran\u00e7a, Patricia Bullrich, anunciou, na ter\u00e7a-feira (28), que intensificar\u00e1 os controles na fronteira com o Brasil, no estado de Misiones \u2014 que fica na divisa com os estados do Paran\u00e1, de Santa Catarina e do Rio Grande do Sul, al\u00e9m de ficar ao lado tamb\u00e9m do Paraguai, como parte do chamado Plano G\u00fcemes, estrat\u00e9gia que j\u00e1 estava em vigor na fronteira com a Bol\u00edvia e que visa combater o contrabando, o tr\u00e1fico de drogas e outras atividades il\u00edcitas no pa\u00eds.<\/p>\n\n\n\n<div class=\"wp-block-image\"><figure class=\"aligncenter size-large\"><a href=\"https:\/\/mizu.com.br\/\"><img loading=\"lazy\" decoding=\"async\" width=\"729\" height=\"90\" src=\"https:\/\/jornalfatosenoticias.com.br\/wp-content\/uploads\/2020\/02\/Logo_Mizu.png\" alt=\"\" class=\"wp-image-1441\" srcset=\"https:\/\/jornalfatosenoticias.com.br\/wp-content\/uploads\/2020\/02\/Logo_Mizu.png 729w, https:\/\/jornalfatosenoticias.com.br\/wp-content\/uploads\/2020\/02\/Logo_Mizu-300x37.png 300w\" sizes=\"auto, (max-width: 729px) 100vw, 729px\" \/><\/a><\/figure><\/div>\n\n\n\n<p>Segundo Bullrich, a regi\u00e3o de Misiones \u00e9 uma das mais sens\u00edveis devido \u00e0 facilidade de atravessar a fronteira, favorecendo crimes como contrabando e at\u00e9 mesmo a\u00e7\u00f5es de grupos criminosos. <\/p>\n\n\n\n<div class=\"wp-block-image\"><figure class=\"aligncenter size-large is-resized\"><a href=\"https:\/\/www.instagram.com\/esteiochurrascaria\/\"><img loading=\"lazy\" decoding=\"async\" src=\"https:\/\/jornalfatosenoticias.com.br\/wp-content\/uploads\/2022\/02\/LOGO-ESTEIO-1024x730.png\" alt=\"\" class=\"wp-image-27942\" width=\"368\" height=\"262\" srcset=\"https:\/\/jornalfatosenoticias.com.br\/wp-content\/uploads\/2022\/02\/LOGO-ESTEIO-1024x730.png 1024w, https:\/\/jornalfatosenoticias.com.br\/wp-content\/uploads\/2022\/02\/LOGO-ESTEIO-300x214.png 300w, https:\/\/jornalfatosenoticias.com.br\/wp-content\/uploads\/2022\/02\/LOGO-ESTEIO-768x548.png 768w, https:\/\/jornalfatosenoticias.com.br\/wp-content\/uploads\/2022\/02\/LOGO-ESTEIO.png 1123w\" sizes=\"auto, (max-width: 368px) 100vw, 368px\" \/><\/a><\/figure><\/div>\n\n\n\n<blockquote class=\"wp-block-quote is-layout-flow wp-block-quote-is-layout-flow\"><p><span class=\"has-inline-color has-luminous-vivid-orange-color\"><strong>Este ano vamos ter toda a fronteira vigiada como queremos&#8221;,<\/strong> afirmou a ministra, destacando que o plano inclui o uso de tecnologias como drones adquiridos no governo de Mauricio Macri, que estavam subutilizados no \u00faltimo governo peronista de Alberto Fern\u00e1ndez.<\/span><\/p><\/blockquote>\n\n\n\n<div class=\"wp-block-image\"><figure class=\"aligncenter size-large\"><a href=\"https:\/\/cesconetto.com.br\/\"><img loading=\"lazy\" decoding=\"async\" width=\"300\" height=\"250\" src=\"https:\/\/jornalfatosenoticias.com.br\/wp-content\/uploads\/2022\/02\/Banner-2.png\" alt=\"\" class=\"wp-image-27877\"\/><\/a><\/figure><\/div>\n\n\n\n<p>Segundo Bullrich, a presen\u00e7a da Gendarmeria ser\u00e1 ampliada nas fronteiras do pa\u00eds e haver\u00e1 uma integra\u00e7\u00e3o de sistemas de vigil\u00e2ncia tecnol\u00f3gica que permitir\u00e3o monitorar as movimenta\u00e7\u00f5es nesses locais de forma mais eficaz. Bullrich enfatizou que essas a\u00e7\u00f5es buscam melhorar a seguran\u00e7a nas regi\u00f5es fronteiri\u00e7as e impedir que atividades il\u00edcitas continuem prejudicando o pa\u00eds. <\/p>\n\n\n\n<div class=\"wp-block-image\"><figure class=\"aligncenter size-large is-resized\"><a href=\"https:\/\/panper.com.br\/\"><img loading=\"lazy\" decoding=\"async\" src=\"https:\/\/jornalfatosenoticias.com.br\/wp-content\/uploads\/2023\/03\/logo-Panper_portal.jpg\" alt=\"\" class=\"wp-image-40208\" width=\"344\" height=\"238\" srcset=\"https:\/\/jornalfatosenoticias.com.br\/wp-content\/uploads\/2023\/03\/logo-Panper_portal.jpg 400w, https:\/\/jornalfatosenoticias.com.br\/wp-content\/uploads\/2023\/03\/logo-Panper_portal-300x208.jpg 300w\" sizes=\"auto, (max-width: 344px) 100vw, 344px\" \/><\/a><\/figure><\/div>\n\n\n\n<p>Al\u00e9m do refor\u00e7o na seguran\u00e7a da regi\u00e3o da tr\u00edplice fronteira, a Argentina tamb\u00e9m vai construir uma cerca de arame farpado de 200 metros no vilarejo de Aguas Blancas, localizado na prov\u00edncia de Salta, na fronteira com a Bol\u00edvia. O objetivo do projeto \u00e9 organizar o tr\u00e2nsito de pessoas, refor\u00e7ar os controles migrat\u00f3rios e combater o contrabando e o narcotr\u00e1fico. A estrutura inclui tr\u00eas acessos exclusivos para for\u00e7as de seguran\u00e7a e o arame farpado ser\u00e1 colocado para dificultar travessias ilegais.<\/p>\n\n\n\n<div class=\"wp-block-image\"><figure class=\"aligncenter size-large is-resized\"><a href=\"https:\/\/www.instagram.com\/restaurantepegoretti\/\"><img loading=\"lazy\" decoding=\"async\" src=\"https:\/\/jornalfatosenoticias.com.br\/wp-content\/uploads\/2023\/12\/pegoretti-logo-pdf-1024x389.jpg\" alt=\"\" class=\"wp-image-47536\" width=\"419\" height=\"159\" srcset=\"https:\/\/jornalfatosenoticias.com.br\/wp-content\/uploads\/2023\/12\/pegoretti-logo-pdf-1024x389.jpg 1024w, https:\/\/jornalfatosenoticias.com.br\/wp-content\/uploads\/2023\/12\/pegoretti-logo-pdf-300x114.jpg 300w, https:\/\/jornalfatosenoticias.com.br\/wp-content\/uploads\/2023\/12\/pegoretti-logo-pdf-768x291.jpg 768w, https:\/\/jornalfatosenoticias.com.br\/wp-content\/uploads\/2023\/12\/pegoretti-logo-pdf.jpg 1120w\" sizes=\"auto, (max-width: 419px) 100vw, 419px\" \/><\/a><\/figure><\/div>\n\n\n\n<p>O governador de Salta, Gustavo S\u00e1enz, defendeu a medida, explicando que n\u00e3o h\u00e1 vi\u00e9s pol\u00edtico no projeto. Segundo ele, a cerca \u00e9 uma necessidade para regular o ingresso e a sa\u00edda de pessoas, garantindo que os controles migrat\u00f3rios sejam respeitados. <strong>(Fonte: Gazeta do Povo)<\/strong><\/p>\n\n\n\n<div class=\"wp-block-image\"><figure class=\"aligncenter size-large is-resized\"><a href=\"https:\/\/www.ithbrasil.com.br\/\"><img loading=\"lazy\" decoding=\"async\" src=\"https:\/\/jornalfatosenoticias.com.br\/wp-content\/uploads\/2023\/08\/ITH.jpeg\" alt=\"\" class=\"wp-image-44638\" width=\"315\" height=\"256\" srcset=\"https:\/\/jornalfatosenoticias.com.br\/wp-content\/uploads\/2023\/08\/ITH.jpeg 800w, https:\/\/jornalfatosenoticias.com.br\/wp-content\/uploads\/2023\/08\/ITH-300x244.jpeg 300w, https:\/\/jornalfatosenoticias.com.br\/wp-content\/uploads\/2023\/08\/ITH-768x624.jpeg 768w\" sizes=\"auto, (max-width: 315px) 100vw, 315px\" \/><\/a><\/figure><\/div>\n\n\n\n<hr class=\"wp-block-separator\"\/>\n","protected":false},"excerpt":{"rendered":"<p>Ap\u00f3s o recuo do Projeto de Lei 2.630\/2020, apelidado de \u201cPL das Fake News\u201d, que perdeu for\u00e7a na C\u00e2mara dos Deputados, o governo de Luiz In\u00e1cio Lula da Silva prepara um novo texto para regular as redes sociais e ampliar o combate \u00e0 desinforma\u00e7\u00e3o e aos discursos de \u00f3dio. A informa\u00e7\u00e3o \u00e9 do jornal Folha [&hellip;]<\/p>\n","protected":false},"author":3,"featured_media":57202,"comment_status":"open","ping_status":"open","sticky":false,"template":"","format":"standard","meta":{"footnotes":""},"categories":[10],"tags":[5995,23908,26110,2147,18343,23890,26108,26109,26106,26107],"class_list":["post-57196","post","type-post","status-publish","format-standard","has-post-thumbnail","hentry","category-politica","tag-argentina","tag-combate-a-desinformacao","tag-divida-da-venezuela-com-o-brasil","tag-donald-trump","tag-governo-lula","tag-patricia-bullrich","tag-regulamentacao-das-redes-sociais","tag-reprovacao-ao-governo-lula","tag-sigilos-impostos-pelo-governo-lula","tag-transparencia-internacional-brasil"],"yoast_head":"<!-- This site is optimized with the Yoast SEO plugin v26.5 - https:\/\/yoast.com\/wordpress\/plugins\/seo\/ -->\n<title>A Semana no Brasil e no Mundo \u2014 Governo Lula planeja nova proposta de regulamenta\u00e7\u00e3o para redes sociais e combate \u00e0 desinforma\u00e7\u00e3o - Jornal Fatos e Not\u00edcias<\/title>\n<meta name=\"robots\" content=\"index, follow, max-snippet:-1, max-image-preview:large, max-video-preview:-1\" \/>\n<link rel=\"canonical\" href=\"https:\/\/jornalfatosenoticias.com.br\/index.php\/2025\/01\/30\/a-semana-no-brasil-e-no-mundo-governo-lula-planeja-nova-proposta-de-regulamentacao-para-redes-sociais-e-combate-a-desinformacao\/\" \/>\n<meta property=\"og:locale\" content=\"pt_BR\" \/>\n<meta property=\"og:type\" content=\"article\" \/>\n<meta property=\"og:title\" content=\"A Semana no Brasil e no Mundo \u2014 Governo Lula planeja nova proposta de regulamenta\u00e7\u00e3o para redes sociais e combate \u00e0 desinforma\u00e7\u00e3o - Jornal Fatos e Not\u00edcias\" \/>\n<meta property=\"og:description\" content=\"Ap\u00f3s o recuo do Projeto de Lei 2.630\/2020, apelidado de \u201cPL das Fake News\u201d, que perdeu for\u00e7a na C\u00e2mara dos Deputados, o governo de Luiz In\u00e1cio Lula da Silva prepara um novo texto para regular as redes sociais e ampliar o combate \u00e0 desinforma\u00e7\u00e3o e aos discursos de \u00f3dio. A informa\u00e7\u00e3o \u00e9 do jornal Folha [&hellip;]\" \/>\n<meta property=\"og:url\" content=\"https:\/\/jornalfatosenoticias.com.br\/index.php\/2025\/01\/30\/a-semana-no-brasil-e-no-mundo-governo-lula-planeja-nova-proposta-de-regulamentacao-para-redes-sociais-e-combate-a-desinformacao\/\" \/>\n<meta property=\"og:site_name\" content=\"Jornal Fatos e Not\u00edcias\" \/>\n<meta property=\"article:published_time\" content=\"2025-01-30T13:43:46+00:00\" \/>\n<meta property=\"article:modified_time\" content=\"2025-01-30T13:43:47+00:00\" \/>\n<meta property=\"og:image\" content=\"https:\/\/jornalfatosenoticias.com.br\/wp-content\/uploads\/2025\/01\/lula-regulacao-das-redes-sociais.jpg\" \/>\n\t<meta property=\"og:image:width\" content=\"780\" \/>\n\t<meta property=\"og:image:height\" content=\"470\" \/>\n\t<meta property=\"og:image:type\" content=\"image\/jpeg\" \/>\n<meta name=\"author\" content=\"Haroldo Filho\" \/>\n<meta name=\"twitter:card\" content=\"summary_large_image\" \/>\n<meta name=\"twitter:label1\" content=\"Escrito por\" \/>\n\t<meta name=\"twitter:data1\" content=\"Haroldo Filho\" \/>\n\t<meta name=\"twitter:label2\" content=\"Est. tempo de leitura\" \/>\n\t<meta name=\"twitter:data2\" content=\"12 minutos\" \/>\n<script type=\"application\/ld+json\" class=\"yoast-schema-graph\">{\"@context\":\"https:\/\/schema.org\",\"@graph\":[{\"@type\":\"Article\",\"@id\":\"https:\/\/jornalfatosenoticias.com.br\/index.php\/2025\/01\/30\/a-semana-no-brasil-e-no-mundo-governo-lula-planeja-nova-proposta-de-regulamentacao-para-redes-sociais-e-combate-a-desinformacao\/#article\",\"isPartOf\":{\"@id\":\"https:\/\/jornalfatosenoticias.com.br\/index.php\/2025\/01\/30\/a-semana-no-brasil-e-no-mundo-governo-lula-planeja-nova-proposta-de-regulamentacao-para-redes-sociais-e-combate-a-desinformacao\/\"},\"author\":{\"name\":\"Haroldo Filho\",\"@id\":\"https:\/\/jornalfatosenoticias.com.br\/#\/schema\/person\/05c46cc25b42a5c27e004fb0fa6b4965\"},\"headline\":\"A Semana no Brasil e no Mundo \u2014 Governo Lula planeja nova proposta de regulamenta\u00e7\u00e3o para redes sociais e combate \u00e0 desinforma\u00e7\u00e3o\",\"datePublished\":\"2025-01-30T13:43:46+00:00\",\"dateModified\":\"2025-01-30T13:43:47+00:00\",\"mainEntityOfPage\":{\"@id\":\"https:\/\/jornalfatosenoticias.com.br\/index.php\/2025\/01\/30\/a-semana-no-brasil-e-no-mundo-governo-lula-planeja-nova-proposta-de-regulamentacao-para-redes-sociais-e-combate-a-desinformacao\/\"},\"wordCount\":2380,\"commentCount\":0,\"publisher\":{\"@id\":\"https:\/\/jornalfatosenoticias.com.br\/#organization\"},\"image\":{\"@id\":\"https:\/\/jornalfatosenoticias.com.br\/index.php\/2025\/01\/30\/a-semana-no-brasil-e-no-mundo-governo-lula-planeja-nova-proposta-de-regulamentacao-para-redes-sociais-e-combate-a-desinformacao\/#primaryimage\"},\"thumbnailUrl\":\"https:\/\/jornalfatosenoticias.com.br\/wp-content\/uploads\/2025\/01\/lula-regulacao-das-redes-sociais.jpg\",\"keywords\":[\"Argentina\",\"combate \u00e0 desinforma\u00e7\u00e3o\",\"d\u00edvida da Venezuela com o Brasil\",\"Donald Trump\",\"governo Lula\",\"Patricia Bullrich\",\"regulamenta\u00e7\u00e3o das redes sociais\",\"reprova\u00e7\u00e3o ao governo Lula\",\"sigilos impostos pelo governo Lula\",\"Transpar\u00eancia Internacional Brasil\"],\"articleSection\":[\"Pol\u00edtica\"],\"inLanguage\":\"pt-BR\",\"potentialAction\":[{\"@type\":\"CommentAction\",\"name\":\"Comment\",\"target\":[\"https:\/\/jornalfatosenoticias.com.br\/index.php\/2025\/01\/30\/a-semana-no-brasil-e-no-mundo-governo-lula-planeja-nova-proposta-de-regulamentacao-para-redes-sociais-e-combate-a-desinformacao\/#respond\"]}]},{\"@type\":\"WebPage\",\"@id\":\"https:\/\/jornalfatosenoticias.com.br\/index.php\/2025\/01\/30\/a-semana-no-brasil-e-no-mundo-governo-lula-planeja-nova-proposta-de-regulamentacao-para-redes-sociais-e-combate-a-desinformacao\/\",\"url\":\"https:\/\/jornalfatosenoticias.com.br\/index.php\/2025\/01\/30\/a-semana-no-brasil-e-no-mundo-governo-lula-planeja-nova-proposta-de-regulamentacao-para-redes-sociais-e-combate-a-desinformacao\/\",\"name\":\"A Semana no Brasil e no Mundo \u2014 Governo Lula planeja nova proposta de regulamenta\u00e7\u00e3o para redes sociais e combate \u00e0 desinforma\u00e7\u00e3o - Jornal Fatos e Not\u00edcias\",\"isPartOf\":{\"@id\":\"https:\/\/jornalfatosenoticias.com.br\/#website\"},\"primaryImageOfPage\":{\"@id\":\"https:\/\/jornalfatosenoticias.com.br\/index.php\/2025\/01\/30\/a-semana-no-brasil-e-no-mundo-governo-lula-planeja-nova-proposta-de-regulamentacao-para-redes-sociais-e-combate-a-desinformacao\/#primaryimage\"},\"image\":{\"@id\":\"https:\/\/jornalfatosenoticias.com.br\/index.php\/2025\/01\/30\/a-semana-no-brasil-e-no-mundo-governo-lula-planeja-nova-proposta-de-regulamentacao-para-redes-sociais-e-combate-a-desinformacao\/#primaryimage\"},\"thumbnailUrl\":\"https:\/\/jornalfatosenoticias.com.br\/wp-content\/uploads\/2025\/01\/lula-regulacao-das-redes-sociais.jpg\",\"datePublished\":\"2025-01-30T13:43:46+00:00\",\"dateModified\":\"2025-01-30T13:43:47+00:00\",\"breadcrumb\":{\"@id\":\"https:\/\/jornalfatosenoticias.com.br\/index.php\/2025\/01\/30\/a-semana-no-brasil-e-no-mundo-governo-lula-planeja-nova-proposta-de-regulamentacao-para-redes-sociais-e-combate-a-desinformacao\/#breadcrumb\"},\"inLanguage\":\"pt-BR\",\"potentialAction\":[{\"@type\":\"ReadAction\",\"target\":[\"https:\/\/jornalfatosenoticias.com.br\/index.php\/2025\/01\/30\/a-semana-no-brasil-e-no-mundo-governo-lula-planeja-nova-proposta-de-regulamentacao-para-redes-sociais-e-combate-a-desinformacao\/\"]}]},{\"@type\":\"ImageObject\",\"inLanguage\":\"pt-BR\",\"@id\":\"https:\/\/jornalfatosenoticias.com.br\/index.php\/2025\/01\/30\/a-semana-no-brasil-e-no-mundo-governo-lula-planeja-nova-proposta-de-regulamentacao-para-redes-sociais-e-combate-a-desinformacao\/#primaryimage\",\"url\":\"https:\/\/jornalfatosenoticias.com.br\/wp-content\/uploads\/2025\/01\/lula-regulacao-das-redes-sociais.jpg\",\"contentUrl\":\"https:\/\/jornalfatosenoticias.com.br\/wp-content\/uploads\/2025\/01\/lula-regulacao-das-redes-sociais.jpg\",\"width\":780,\"height\":470},{\"@type\":\"BreadcrumbList\",\"@id\":\"https:\/\/jornalfatosenoticias.com.br\/index.php\/2025\/01\/30\/a-semana-no-brasil-e-no-mundo-governo-lula-planeja-nova-proposta-de-regulamentacao-para-redes-sociais-e-combate-a-desinformacao\/#breadcrumb\",\"itemListElement\":[{\"@type\":\"ListItem\",\"position\":1,\"name\":\"In\u00edcio\",\"item\":\"https:\/\/jornalfatosenoticias.com.br\/\"},{\"@type\":\"ListItem\",\"position\":2,\"name\":\"A Semana no Brasil e no Mundo \u2014 Governo Lula planeja nova proposta de regulamenta\u00e7\u00e3o para redes sociais e combate \u00e0 desinforma\u00e7\u00e3o\"}]},{\"@type\":\"WebSite\",\"@id\":\"https:\/\/jornalfatosenoticias.com.br\/#website\",\"url\":\"https:\/\/jornalfatosenoticias.com.br\/\",\"name\":\"Jornal Fatos e Not\u00edcias\",\"description\":\"Not\u00edcias em geral\",\"publisher\":{\"@id\":\"https:\/\/jornalfatosenoticias.com.br\/#organization\"},\"potentialAction\":[{\"@type\":\"SearchAction\",\"target\":{\"@type\":\"EntryPoint\",\"urlTemplate\":\"https:\/\/jornalfatosenoticias.com.br\/?s={search_term_string}\"},\"query-input\":{\"@type\":\"PropertyValueSpecification\",\"valueRequired\":true,\"valueName\":\"search_term_string\"}}],\"inLanguage\":\"pt-BR\"},{\"@type\":\"Organization\",\"@id\":\"https:\/\/jornalfatosenoticias.com.br\/#organization\",\"name\":\"Jornal Fatos e Not\u00edcias\",\"url\":\"https:\/\/jornalfatosenoticias.com.br\/\",\"logo\":{\"@type\":\"ImageObject\",\"inLanguage\":\"pt-BR\",\"@id\":\"https:\/\/jornalfatosenoticias.com.br\/#\/schema\/logo\/image\/\",\"url\":\"https:\/\/jornalfatosenoticias.com.br\/wp-content\/uploads\/2020\/02\/logo120.png\",\"contentUrl\":\"https:\/\/jornalfatosenoticias.com.br\/wp-content\/uploads\/2020\/02\/logo120.png\",\"width\":1227,\"height\":120,\"caption\":\"Jornal Fatos e Not\u00edcias\"},\"image\":{\"@id\":\"https:\/\/jornalfatosenoticias.com.br\/#\/schema\/logo\/image\/\"}},{\"@type\":\"Person\",\"@id\":\"https:\/\/jornalfatosenoticias.com.br\/#\/schema\/person\/05c46cc25b42a5c27e004fb0fa6b4965\",\"name\":\"Haroldo Filho\",\"image\":{\"@type\":\"ImageObject\",\"inLanguage\":\"pt-BR\",\"@id\":\"https:\/\/jornalfatosenoticias.com.br\/#\/schema\/person\/image\/\",\"url\":\"https:\/\/jornalfatosenoticias.com.br\/wp-content\/uploads\/2025\/08\/WhatsApp-Image-2025-08-18-at-15.30.28-150x150.jpeg\",\"contentUrl\":\"https:\/\/jornalfatosenoticias.com.br\/wp-content\/uploads\/2025\/08\/WhatsApp-Image-2025-08-18-at-15.30.28-150x150.jpeg\",\"caption\":\"Haroldo Filho\"},\"description\":\"Jornalista \u2013 DRT: 0003818\/ES Coordenador-geral da ONG Educar para Crescer\",\"url\":\"https:\/\/jornalfatosenoticias.com.br\/index.php\/author\/haroldo\/\"}]}<\/script>\n<!-- \/ Yoast SEO plugin. -->","yoast_head_json":{"title":"A Semana no Brasil e no Mundo \u2014 Governo Lula planeja nova proposta de regulamenta\u00e7\u00e3o para redes sociais e combate \u00e0 desinforma\u00e7\u00e3o - Jornal Fatos e Not\u00edcias","robots":{"index":"index","follow":"follow","max-snippet":"max-snippet:-1","max-image-preview":"max-image-preview:large","max-video-preview":"max-video-preview:-1"},"canonical":"https:\/\/jornalfatosenoticias.com.br\/index.php\/2025\/01\/30\/a-semana-no-brasil-e-no-mundo-governo-lula-planeja-nova-proposta-de-regulamentacao-para-redes-sociais-e-combate-a-desinformacao\/","og_locale":"pt_BR","og_type":"article","og_title":"A Semana no Brasil e no Mundo \u2014 Governo Lula planeja nova proposta de regulamenta\u00e7\u00e3o para redes sociais e combate \u00e0 desinforma\u00e7\u00e3o - Jornal Fatos e Not\u00edcias","og_description":"Ap\u00f3s o recuo do Projeto de Lei 2.630\/2020, apelidado de \u201cPL das Fake News\u201d, que perdeu for\u00e7a na C\u00e2mara dos Deputados, o governo de Luiz In\u00e1cio Lula da Silva prepara um novo texto para regular as redes sociais e ampliar o combate \u00e0 desinforma\u00e7\u00e3o e aos discursos de \u00f3dio. A informa\u00e7\u00e3o \u00e9 do jornal Folha [&hellip;]","og_url":"https:\/\/jornalfatosenoticias.com.br\/index.php\/2025\/01\/30\/a-semana-no-brasil-e-no-mundo-governo-lula-planeja-nova-proposta-de-regulamentacao-para-redes-sociais-e-combate-a-desinformacao\/","og_site_name":"Jornal Fatos e Not\u00edcias","article_published_time":"2025-01-30T13:43:46+00:00","article_modified_time":"2025-01-30T13:43:47+00:00","og_image":[{"width":780,"height":470,"url":"https:\/\/jornalfatosenoticias.com.br\/wp-content\/uploads\/2025\/01\/lula-regulacao-das-redes-sociais.jpg","type":"image\/jpeg"}],"author":"Haroldo Filho","twitter_card":"summary_large_image","twitter_misc":{"Escrito por":"Haroldo Filho","Est. tempo de leitura":"12 minutos"},"schema":{"@context":"https:\/\/schema.org","@graph":[{"@type":"Article","@id":"https:\/\/jornalfatosenoticias.com.br\/index.php\/2025\/01\/30\/a-semana-no-brasil-e-no-mundo-governo-lula-planeja-nova-proposta-de-regulamentacao-para-redes-sociais-e-combate-a-desinformacao\/#article","isPartOf":{"@id":"https:\/\/jornalfatosenoticias.com.br\/index.php\/2025\/01\/30\/a-semana-no-brasil-e-no-mundo-governo-lula-planeja-nova-proposta-de-regulamentacao-para-redes-sociais-e-combate-a-desinformacao\/"},"author":{"name":"Haroldo Filho","@id":"https:\/\/jornalfatosenoticias.com.br\/#\/schema\/person\/05c46cc25b42a5c27e004fb0fa6b4965"},"headline":"A Semana no Brasil e no Mundo \u2014 Governo Lula planeja nova proposta de regulamenta\u00e7\u00e3o para redes sociais e combate \u00e0 desinforma\u00e7\u00e3o","datePublished":"2025-01-30T13:43:46+00:00","dateModified":"2025-01-30T13:43:47+00:00","mainEntityOfPage":{"@id":"https:\/\/jornalfatosenoticias.com.br\/index.php\/2025\/01\/30\/a-semana-no-brasil-e-no-mundo-governo-lula-planeja-nova-proposta-de-regulamentacao-para-redes-sociais-e-combate-a-desinformacao\/"},"wordCount":2380,"commentCount":0,"publisher":{"@id":"https:\/\/jornalfatosenoticias.com.br\/#organization"},"image":{"@id":"https:\/\/jornalfatosenoticias.com.br\/index.php\/2025\/01\/30\/a-semana-no-brasil-e-no-mundo-governo-lula-planeja-nova-proposta-de-regulamentacao-para-redes-sociais-e-combate-a-desinformacao\/#primaryimage"},"thumbnailUrl":"https:\/\/jornalfatosenoticias.com.br\/wp-content\/uploads\/2025\/01\/lula-regulacao-das-redes-sociais.jpg","keywords":["Argentina","combate \u00e0 desinforma\u00e7\u00e3o","d\u00edvida da Venezuela com o Brasil","Donald Trump","governo Lula","Patricia Bullrich","regulamenta\u00e7\u00e3o das redes sociais","reprova\u00e7\u00e3o ao governo Lula","sigilos impostos pelo governo Lula","Transpar\u00eancia Internacional Brasil"],"articleSection":["Pol\u00edtica"],"inLanguage":"pt-BR","potentialAction":[{"@type":"CommentAction","name":"Comment","target":["https:\/\/jornalfatosenoticias.com.br\/index.php\/2025\/01\/30\/a-semana-no-brasil-e-no-mundo-governo-lula-planeja-nova-proposta-de-regulamentacao-para-redes-sociais-e-combate-a-desinformacao\/#respond"]}]},{"@type":"WebPage","@id":"https:\/\/jornalfatosenoticias.com.br\/index.php\/2025\/01\/30\/a-semana-no-brasil-e-no-mundo-governo-lula-planeja-nova-proposta-de-regulamentacao-para-redes-sociais-e-combate-a-desinformacao\/","url":"https:\/\/jornalfatosenoticias.com.br\/index.php\/2025\/01\/30\/a-semana-no-brasil-e-no-mundo-governo-lula-planeja-nova-proposta-de-regulamentacao-para-redes-sociais-e-combate-a-desinformacao\/","name":"A Semana no Brasil e no Mundo \u2014 Governo Lula planeja nova proposta de regulamenta\u00e7\u00e3o para redes sociais e combate \u00e0 desinforma\u00e7\u00e3o - Jornal Fatos e Not\u00edcias","isPartOf":{"@id":"https:\/\/jornalfatosenoticias.com.br\/#website"},"primaryImageOfPage":{"@id":"https:\/\/jornalfatosenoticias.com.br\/index.php\/2025\/01\/30\/a-semana-no-brasil-e-no-mundo-governo-lula-planeja-nova-proposta-de-regulamentacao-para-redes-sociais-e-combate-a-desinformacao\/#primaryimage"},"image":{"@id":"https:\/\/jornalfatosenoticias.com.br\/index.php\/2025\/01\/30\/a-semana-no-brasil-e-no-mundo-governo-lula-planeja-nova-proposta-de-regulamentacao-para-redes-sociais-e-combate-a-desinformacao\/#primaryimage"},"thumbnailUrl":"https:\/\/jornalfatosenoticias.com.br\/wp-content\/uploads\/2025\/01\/lula-regulacao-das-redes-sociais.jpg","datePublished":"2025-01-30T13:43:46+00:00","dateModified":"2025-01-30T13:43:47+00:00","breadcrumb":{"@id":"https:\/\/jornalfatosenoticias.com.br\/index.php\/2025\/01\/30\/a-semana-no-brasil-e-no-mundo-governo-lula-planeja-nova-proposta-de-regulamentacao-para-redes-sociais-e-combate-a-desinformacao\/#breadcrumb"},"inLanguage":"pt-BR","potentialAction":[{"@type":"ReadAction","target":["https:\/\/jornalfatosenoticias.com.br\/index.php\/2025\/01\/30\/a-semana-no-brasil-e-no-mundo-governo-lula-planeja-nova-proposta-de-regulamentacao-para-redes-sociais-e-combate-a-desinformacao\/"]}]},{"@type":"ImageObject","inLanguage":"pt-BR","@id":"https:\/\/jornalfatosenoticias.com.br\/index.php\/2025\/01\/30\/a-semana-no-brasil-e-no-mundo-governo-lula-planeja-nova-proposta-de-regulamentacao-para-redes-sociais-e-combate-a-desinformacao\/#primaryimage","url":"https:\/\/jornalfatosenoticias.com.br\/wp-content\/uploads\/2025\/01\/lula-regulacao-das-redes-sociais.jpg","contentUrl":"https:\/\/jornalfatosenoticias.com.br\/wp-content\/uploads\/2025\/01\/lula-regulacao-das-redes-sociais.jpg","width":780,"height":470},{"@type":"BreadcrumbList","@id":"https:\/\/jornalfatosenoticias.com.br\/index.php\/2025\/01\/30\/a-semana-no-brasil-e-no-mundo-governo-lula-planeja-nova-proposta-de-regulamentacao-para-redes-sociais-e-combate-a-desinformacao\/#breadcrumb","itemListElement":[{"@type":"ListItem","position":1,"name":"In\u00edcio","item":"https:\/\/jornalfatosenoticias.com.br\/"},{"@type":"ListItem","position":2,"name":"A Semana no Brasil e no Mundo \u2014 Governo Lula planeja nova proposta de regulamenta\u00e7\u00e3o para redes sociais e combate \u00e0 desinforma\u00e7\u00e3o"}]},{"@type":"WebSite","@id":"https:\/\/jornalfatosenoticias.com.br\/#website","url":"https:\/\/jornalfatosenoticias.com.br\/","name":"Jornal Fatos e Not\u00edcias","description":"Not\u00edcias em geral","publisher":{"@id":"https:\/\/jornalfatosenoticias.com.br\/#organization"},"potentialAction":[{"@type":"SearchAction","target":{"@type":"EntryPoint","urlTemplate":"https:\/\/jornalfatosenoticias.com.br\/?s={search_term_string}"},"query-input":{"@type":"PropertyValueSpecification","valueRequired":true,"valueName":"search_term_string"}}],"inLanguage":"pt-BR"},{"@type":"Organization","@id":"https:\/\/jornalfatosenoticias.com.br\/#organization","name":"Jornal Fatos e Not\u00edcias","url":"https:\/\/jornalfatosenoticias.com.br\/","logo":{"@type":"ImageObject","inLanguage":"pt-BR","@id":"https:\/\/jornalfatosenoticias.com.br\/#\/schema\/logo\/image\/","url":"https:\/\/jornalfatosenoticias.com.br\/wp-content\/uploads\/2020\/02\/logo120.png","contentUrl":"https:\/\/jornalfatosenoticias.com.br\/wp-content\/uploads\/2020\/02\/logo120.png","width":1227,"height":120,"caption":"Jornal Fatos e Not\u00edcias"},"image":{"@id":"https:\/\/jornalfatosenoticias.com.br\/#\/schema\/logo\/image\/"}},{"@type":"Person","@id":"https:\/\/jornalfatosenoticias.com.br\/#\/schema\/person\/05c46cc25b42a5c27e004fb0fa6b4965","name":"Haroldo Filho","image":{"@type":"ImageObject","inLanguage":"pt-BR","@id":"https:\/\/jornalfatosenoticias.com.br\/#\/schema\/person\/image\/","url":"https:\/\/jornalfatosenoticias.com.br\/wp-content\/uploads\/2025\/08\/WhatsApp-Image-2025-08-18-at-15.30.28-150x150.jpeg","contentUrl":"https:\/\/jornalfatosenoticias.com.br\/wp-content\/uploads\/2025\/08\/WhatsApp-Image-2025-08-18-at-15.30.28-150x150.jpeg","caption":"Haroldo Filho"},"description":"Jornalista \u2013 DRT: 0003818\/ES Coordenador-geral da ONG Educar para Crescer","url":"https:\/\/jornalfatosenoticias.com.br\/index.php\/author\/haroldo\/"}]}},"cc_featured_image_caption":{"caption_text":"(Foto: Ag\u00eancia Brasil) ","source_text":"","source_url":""},"jetpack_featured_media_url":"https:\/\/jornalfatosenoticias.com.br\/wp-content\/uploads\/2025\/01\/lula-regulacao-das-redes-sociais.jpg","_links":{"self":[{"href":"https:\/\/jornalfatosenoticias.com.br\/index.php\/wp-json\/wp\/v2\/posts\/57196","targetHints":{"allow":["GET"]}}],"collection":[{"href":"https:\/\/jornalfatosenoticias.com.br\/index.php\/wp-json\/wp\/v2\/posts"}],"about":[{"href":"https:\/\/jornalfatosenoticias.com.br\/index.php\/wp-json\/wp\/v2\/types\/post"}],"author":[{"embeddable":true,"href":"https:\/\/jornalfatosenoticias.com.br\/index.php\/wp-json\/wp\/v2\/users\/3"}],"replies":[{"embeddable":true,"href":"https:\/\/jornalfatosenoticias.com.br\/index.php\/wp-json\/wp\/v2\/comments?post=57196"}],"version-history":[{"count":0,"href":"https:\/\/jornalfatosenoticias.com.br\/index.php\/wp-json\/wp\/v2\/posts\/57196\/revisions"}],"wp:featuredmedia":[{"embeddable":true,"href":"https:\/\/jornalfatosenoticias.com.br\/index.php\/wp-json\/wp\/v2\/media\/57202"}],"wp:attachment":[{"href":"https:\/\/jornalfatosenoticias.com.br\/index.php\/wp-json\/wp\/v2\/media?parent=57196"}],"wp:term":[{"taxonomy":"category","embeddable":true,"href":"https:\/\/jornalfatosenoticias.com.br\/index.php\/wp-json\/wp\/v2\/categories?post=57196"},{"taxonomy":"post_tag","embeddable":true,"href":"https:\/\/jornalfatosenoticias.com.br\/index.php\/wp-json\/wp\/v2\/tags?post=57196"}],"curies":[{"name":"wp","href":"https:\/\/api.w.org\/{rel}","templated":true}]}}