{"id":57207,"date":"2025-01-30T11:05:53","date_gmt":"2025-01-30T14:05:53","guid":{"rendered":"https:\/\/jornalfatosenoticias.com.br\/?p=57207"},"modified":"2025-01-30T14:40:48","modified_gmt":"2025-01-30T17:40:48","slug":"como-ficou-a-questao-do-iss-na-base-de-calculo-do-pis-e-da-cofins","status":"publish","type":"post","link":"https:\/\/jornalfatosenoticias.com.br\/index.php\/2025\/01\/30\/como-ficou-a-questao-do-iss-na-base-de-calculo-do-pis-e-da-cofins\/","title":{"rendered":"Como ficou a quest\u00e3o do ISS na base de c\u00e1lculo do PIS e da COFINS"},"content":{"rendered":"\n<p><span class=\"has-inline-color has-black-color\"><em>Quem dever\u00e1 sair ganhando, FISCO ou CONTRIBUINTES?<\/em><\/span><\/p>\n\n\n\n<p>Por&nbsp;<strong><a href=\"https:\/\/jornalfatosenoticias.com.br\/index.php\/2024\/11\/07\/empresas-de-transporte-coletivo-de-passageiros-creditos-cofins-e-pis-o-novo-incentivo\/\">Rogerio Fernandes da Silva &amp; Kalyne Calais<\/a><\/strong><\/p>\n\n\n\n<div class=\"wp-block-image is-style-rounded\"><figure class=\"alignleft size-large\"><img loading=\"lazy\" decoding=\"async\" width=\"120\" height=\"60\" src=\"https:\/\/jornalfatosenoticias.com.br\/wp-content\/uploads\/2024\/09\/Legis_Juris_Consultoria_Rogerio_e_Kalyne-Portal.jpg\" alt=\"\" class=\"wp-image-53912\"\/><\/figure><\/div>\n\n\n\n<p>A exclus\u00e3o do Imposto sobre Servi\u00e7os (ISS) da base de c\u00e1lculo do PIS e da COFINS \u00e9 uma quest\u00e3o tribut\u00e1ria de grande relev\u00e2ncia para as empresas prestadoras de servi\u00e7os. Esse debate gira em torno da defini\u00e7\u00e3o do que pode ser considerado faturamento ou receita bruta, conceitos que servem de base para a cobran\u00e7a dessas contribui\u00e7\u00f5es sociais.<br>A controv\u00e9rsia ganhou for\u00e7a ap\u00f3s o Supremo Tribunal Federal (STF) decidir, em 2017, que o ICMS n\u00e3o deveria compor a base do PIS e da COFINS, pois n\u00e3o se trata de receita pr\u00f3pria das empresas, mas de um valor repassado aos cofres p\u00fablicos.<\/p>\n\n\n\n<div class=\"wp-block-image\"><figure class=\"aligncenter size-large is-resized\"><a href=\"https:\/\/www.legisjuris.com.br\/\"><img loading=\"lazy\" decoding=\"async\" src=\"https:\/\/jornalfatosenoticias.com.br\/wp-content\/uploads\/2024\/09\/Legis-Juris-Consultoria_logo.jpg\" alt=\"\" class=\"wp-image-53915\" width=\"408\" height=\"171\" srcset=\"https:\/\/jornalfatosenoticias.com.br\/wp-content\/uploads\/2024\/09\/Legis-Juris-Consultoria_logo.jpg 969w, https:\/\/jornalfatosenoticias.com.br\/wp-content\/uploads\/2024\/09\/Legis-Juris-Consultoria_logo-300x126.jpg 300w, https:\/\/jornalfatosenoticias.com.br\/wp-content\/uploads\/2024\/09\/Legis-Juris-Consultoria_logo-768x322.jpg 768w\" sizes=\"auto, (max-width: 408px) 100vw, 408px\" \/><\/a><\/figure><\/div>\n\n\n\n<p>Desde ent\u00e3o, os contribuintes passaram a pleitear a mesma interpreta\u00e7\u00e3o para o ISS, argumentando que ele tamb\u00e9m n\u00e3o representa faturamento real das empresas, mas um imposto devido ao munic\u00edpio. O tema chegou ao STF por meio do Recurso Extraordin\u00e1rio (RE) 592.616, que est\u00e1 em julgamento e pode definir o futuro dessa tese tribut\u00e1ria.<\/p>\n\n\n\n<div class=\"wp-block-image\"><figure class=\"aligncenter size-large is-resized\"><a href=\"https:\/\/www.controlsystems.com.br\/\"><img loading=\"lazy\" decoding=\"async\" src=\"https:\/\/jornalfatosenoticias.com.br\/wp-content\/uploads\/2020\/02\/CONTROL-CS.jpg\" alt=\"\" class=\"wp-image-44991\" width=\"279\" height=\"335\" srcset=\"https:\/\/jornalfatosenoticias.com.br\/wp-content\/uploads\/2020\/02\/CONTROL-CS.jpg 834w, https:\/\/jornalfatosenoticias.com.br\/wp-content\/uploads\/2020\/02\/CONTROL-CS-250x300.jpg 250w, https:\/\/jornalfatosenoticias.com.br\/wp-content\/uploads\/2020\/02\/CONTROL-CS-768x921.jpg 768w\" sizes=\"auto, (max-width: 279px) 100vw, 279px\" \/><\/a><\/figure><\/div>\n\n\n\n<p><strong><span class=\"has-inline-color has-black-color\">Julgamento empatado no STF<br><\/span><\/strong>Atualmente, o Supremo Tribunal Federal (STF) est\u00e1 analisando a exclus\u00e3o do ISS da base de c\u00e1lculo do PIS e da COFINS, o que pode gerar impactos financeiros significativos para empresas prestadoras de servi\u00e7os. O julgamento, iniciado em 2020, encontra-se empatado em 5 a 5, e o voto decisivo ser\u00e1 dado pelo ministro Luiz Fux.<\/p>\n\n\n\n<div class=\"wp-block-image\"><figure class=\"aligncenter size-large is-resized\"><a href=\"https:\/\/www.facebook.com\/profile.php?id=100069289606145\"><img loading=\"lazy\" decoding=\"async\" src=\"https:\/\/jornalfatosenoticias.com.br\/wp-content\/uploads\/2024\/11\/Guaitolini-Contabilidade-1024x714.jpeg\" alt=\"\" class=\"wp-image-55808\" width=\"339\" height=\"236\" srcset=\"https:\/\/jornalfatosenoticias.com.br\/wp-content\/uploads\/2024\/11\/Guaitolini-Contabilidade-1024x714.jpeg 1024w, https:\/\/jornalfatosenoticias.com.br\/wp-content\/uploads\/2024\/11\/Guaitolini-Contabilidade-300x209.jpeg 300w, https:\/\/jornalfatosenoticias.com.br\/wp-content\/uploads\/2024\/11\/Guaitolini-Contabilidade-768x535.jpeg 768w, https:\/\/jornalfatosenoticias.com.br\/wp-content\/uploads\/2024\/11\/Guaitolini-Contabilidade.jpeg 1280w\" sizes=\"auto, (max-width: 339px) 100vw, 339px\" \/><\/a><\/figure><\/div>\n\n\n\n<p><strong><span class=\"has-inline-color has-black-color\">Argumentos dos contribuintes<br><\/span><\/strong>Os contribuintes sustentam que o ISS n\u00e3o constitui receita pr\u00f3pria das empresas e, portanto, n\u00e3o deveria ser inclu\u00eddo na base de c\u00e1lculo do PIS e da COFINS. Por outro lado, a Uni\u00e3o defende sua inclus\u00e3o, alegando que o imposto faz parte do faturamento das empresas.<\/p>\n\n\n\n<div class=\"wp-block-image\"><figure class=\"aligncenter size-large is-resized\"><a href=\"https:\/\/www.instagram.com\/rcradiadores\/\"><img loading=\"lazy\" decoding=\"async\" src=\"https:\/\/jornalfatosenoticias.com.br\/wp-content\/uploads\/2022\/10\/RC_800x750_page-0001.jpg\" alt=\"\" class=\"wp-image-35338\" width=\"317\" height=\"297\" srcset=\"https:\/\/jornalfatosenoticias.com.br\/wp-content\/uploads\/2022\/10\/RC_800x750_page-0001.jpg 400w, https:\/\/jornalfatosenoticias.com.br\/wp-content\/uploads\/2022\/10\/RC_800x750_page-0001-300x281.jpg 300w\" sizes=\"auto, (max-width: 317px) 100vw, 317px\" \/><\/a><\/figure><\/div>\n\n\n\n<p>Se o STF decidir pela exclus\u00e3o do ISS, essa interpreta\u00e7\u00e3o poder\u00e1 refor\u00e7ar a tese de que tributos n\u00e3o devem ser considerados receita e, consequentemente, n\u00e3o devem compor a base de c\u00e1lculo de contribui\u00e7\u00f5es sociais. Esse entendimento pode impactar o fluxo de caixa das empresas e influenciar estrat\u00e9gias de planejamento tribut\u00e1rio.<\/p>\n\n\n\n<div class=\"wp-block-image\"><figure class=\"aligncenter size-large is-resized\"><a href=\"https:\/\/www.instagram.com\/serra4x4cambioautomatico\/\"><img loading=\"lazy\" decoding=\"async\" src=\"https:\/\/jornalfatosenoticias.com.br\/wp-content\/uploads\/2024\/08\/Serra-4x4-1-886x1024.jpg\" alt=\"\" class=\"wp-image-53632\" width=\"331\" height=\"382\" srcset=\"https:\/\/jornalfatosenoticias.com.br\/wp-content\/uploads\/2024\/08\/Serra-4x4-1-886x1024.jpg 886w, https:\/\/jornalfatosenoticias.com.br\/wp-content\/uploads\/2024\/08\/Serra-4x4-1-260x300.jpg 260w, https:\/\/jornalfatosenoticias.com.br\/wp-content\/uploads\/2024\/08\/Serra-4x4-1-768x888.jpg 768w, https:\/\/jornalfatosenoticias.com.br\/wp-content\/uploads\/2024\/08\/Serra-4x4-1.jpg 1181w\" sizes=\"auto, (max-width: 331px) 100vw, 331px\" \/><\/a><\/figure><\/div>\n\n\n\n<p><strong><span class=\"has-inline-color has-black-color\">Expectativa pelo desfecho<br><\/span><\/strong>Diante da relev\u00e2ncia do julgamento, o mercado e os contribuintes aguardam a decis\u00e3o final do STF, que poder\u00e1 consolidar um importante precedente na esfera tribut\u00e1ria. Para acompanhar os desdobramentos desse julgamento e entender como ele pode afetar sua empresa, siga nossas publica\u00e7\u00f5es. Caso precise de orienta\u00e7\u00e3o especializada para avaliar o impacto dessa decis\u00e3o no seu neg\u00f3cio, entre em contato conosco para uma consultoria tribut\u00e1ria personalizada.<\/p>\n\n\n\n<div class=\"wp-block-image\"><figure class=\"aligncenter size-large is-resized\"><a href=\"https:\/\/www.facebook.com\/postobkr\/?locale=pt_BR\"><img loading=\"lazy\" decoding=\"async\" src=\"https:\/\/jornalfatosenoticias.com.br\/wp-content\/uploads\/2023\/08\/BKR-1024x1021.jpg\" alt=\"\" class=\"wp-image-44494\" width=\"334\" height=\"333\" srcset=\"https:\/\/jornalfatosenoticias.com.br\/wp-content\/uploads\/2023\/08\/BKR-1024x1021.jpg 1024w, https:\/\/jornalfatosenoticias.com.br\/wp-content\/uploads\/2023\/08\/BKR-300x300.jpg 300w, https:\/\/jornalfatosenoticias.com.br\/wp-content\/uploads\/2023\/08\/BKR-150x150.jpg 150w, https:\/\/jornalfatosenoticias.com.br\/wp-content\/uploads\/2023\/08\/BKR-768x766.jpg 768w, https:\/\/jornalfatosenoticias.com.br\/wp-content\/uploads\/2023\/08\/BKR.jpg 1080w\" sizes=\"auto, (max-width: 334px) 100vw, 334px\" \/><\/a><\/figure><\/div>\n\n\n\n<div class=\"wp-block-image\"><figure class=\"alignleft size-large is-resized\"><img decoding=\"async\" src=\"https:\/\/jornalfatosenoticias.com.br\/wp-content\/uploads\/2024\/10\/rogerio-fernandes-e-kalyne-calais_PORTAL.jpg\" alt=\"\" class=\"wp-image-55150\" width=\"-112\" height=\"-55\" srcset=\"https:\/\/jornalfatosenoticias.com.br\/wp-content\/uploads\/2024\/10\/rogerio-fernandes-e-kalyne-calais_PORTAL.jpg 755w, https:\/\/jornalfatosenoticias.com.br\/wp-content\/uploads\/2024\/10\/rogerio-fernandes-e-kalyne-calais_PORTAL-300x149.jpg 300w\" sizes=\"(max-width: 755px) 100vw, 755px\" \/><\/figure><\/div>\n\n\n\n<p><strong><span class=\"has-inline-color has-black-color\">Contatos da LEGIS JURIS<br><\/span><\/strong><em><span class=\"has-inline-color has-black-color\"><strong>Instagram: <\/strong><a href=\"https:\/\/www.instagram.com\/legisjuris\/\">legisjuris<\/a><br><strong>Linkedin: <\/strong><a href=\"https:\/\/www.linkedin.com\/company\/legis-juris\/\">Legis&amp;Juris Consultoria<\/a><\/span><\/em><\/p>\n","protected":false},"excerpt":{"rendered":"<p>Quem dever\u00e1 sair ganhando, FISCO ou CONTRIBUINTES? Por&nbsp;Rogerio Fernandes da Silva &amp; Kalyne Calais A exclus\u00e3o do Imposto sobre Servi\u00e7os (ISS) da base de c\u00e1lculo do PIS e da COFINS \u00e9 uma quest\u00e3o tribut\u00e1ria de grande relev\u00e2ncia para as empresas prestadoras de servi\u00e7os. Esse debate gira em torno da defini\u00e7\u00e3o do que pode ser considerado [&hellip;]<\/p>\n","protected":false},"author":2,"featured_media":57208,"comment_status":"open","ping_status":"open","sticky":false,"template":"","format":"standard","meta":{"footnotes":""},"categories":[9],"tags":[13644,26111,989,8257,15304,20538,294],"class_list":["post-57207","post","type-post","status-publish","format-standard","has-post-thumbnail","hentry","category-economia","tag-cofins","tag-consultoria-tributaria","tag-contribuintes","tag-impostos","tag-iss","tag-pis","tag-stf"],"yoast_head":"<!-- This site is optimized with the Yoast SEO plugin v26.5 - https:\/\/yoast.com\/wordpress\/plugins\/seo\/ -->\n<title>Como ficou a quest\u00e3o do ISS na base de c\u00e1lculo do PIS e da COFINS - Jornal Fatos e Not\u00edcias<\/title>\n<meta name=\"robots\" content=\"index, follow, max-snippet:-1, max-image-preview:large, max-video-preview:-1\" \/>\n<link rel=\"canonical\" href=\"https:\/\/jornalfatosenoticias.com.br\/index.php\/2025\/01\/30\/como-ficou-a-questao-do-iss-na-base-de-calculo-do-pis-e-da-cofins\/\" \/>\n<meta property=\"og:locale\" content=\"pt_BR\" \/>\n<meta property=\"og:type\" content=\"article\" \/>\n<meta property=\"og:title\" content=\"Como ficou a quest\u00e3o do ISS na base de c\u00e1lculo do PIS e da COFINS - Jornal Fatos e Not\u00edcias\" \/>\n<meta property=\"og:description\" content=\"Quem dever\u00e1 sair ganhando, FISCO ou CONTRIBUINTES? Por&nbsp;Rogerio Fernandes da Silva &amp; Kalyne Calais A exclus\u00e3o do Imposto sobre Servi\u00e7os (ISS) da base de c\u00e1lculo do PIS e da COFINS \u00e9 uma quest\u00e3o tribut\u00e1ria de grande relev\u00e2ncia para as empresas prestadoras de servi\u00e7os. Esse debate gira em torno da defini\u00e7\u00e3o do que pode ser considerado [&hellip;]\" \/>\n<meta property=\"og:url\" content=\"https:\/\/jornalfatosenoticias.com.br\/index.php\/2025\/01\/30\/como-ficou-a-questao-do-iss-na-base-de-calculo-do-pis-e-da-cofins\/\" \/>\n<meta property=\"og:site_name\" content=\"Jornal Fatos e Not\u00edcias\" \/>\n<meta property=\"article:published_time\" content=\"2025-01-30T14:05:53+00:00\" \/>\n<meta property=\"article:modified_time\" content=\"2025-01-30T17:40:48+00:00\" \/>\n<meta property=\"og:image\" content=\"https:\/\/jornalfatosenoticias.com.br\/wp-content\/uploads\/2025\/01\/ISS-na-base-de-calculo-do-PIS-e-da-COFINS_istock.jpg\" \/>\n\t<meta property=\"og:image:width\" content=\"612\" \/>\n\t<meta property=\"og:image:height\" content=\"406\" \/>\n\t<meta property=\"og:image:type\" content=\"image\/jpeg\" \/>\n<meta name=\"author\" content=\"Luzimara Fernandes\" \/>\n<meta name=\"twitter:card\" content=\"summary_large_image\" \/>\n<meta name=\"twitter:label1\" content=\"Escrito por\" \/>\n\t<meta name=\"twitter:data1\" content=\"Luzimara Fernandes\" \/>\n\t<meta name=\"twitter:label2\" content=\"Est. tempo de leitura\" \/>\n\t<meta name=\"twitter:data2\" content=\"2 minutos\" \/>\n<script type=\"application\/ld+json\" class=\"yoast-schema-graph\">{\"@context\":\"https:\/\/schema.org\",\"@graph\":[{\"@type\":\"Article\",\"@id\":\"https:\/\/jornalfatosenoticias.com.br\/index.php\/2025\/01\/30\/como-ficou-a-questao-do-iss-na-base-de-calculo-do-pis-e-da-cofins\/#article\",\"isPartOf\":{\"@id\":\"https:\/\/jornalfatosenoticias.com.br\/index.php\/2025\/01\/30\/como-ficou-a-questao-do-iss-na-base-de-calculo-do-pis-e-da-cofins\/\"},\"author\":{\"name\":\"Luzimara Fernandes\",\"@id\":\"https:\/\/jornalfatosenoticias.com.br\/#\/schema\/person\/d63837fa13ac8666eb9e74e0985d6f81\"},\"headline\":\"Como ficou a quest\u00e3o do ISS na base de c\u00e1lculo do PIS e da COFINS\",\"datePublished\":\"2025-01-30T14:05:53+00:00\",\"dateModified\":\"2025-01-30T17:40:48+00:00\",\"mainEntityOfPage\":{\"@id\":\"https:\/\/jornalfatosenoticias.com.br\/index.php\/2025\/01\/30\/como-ficou-a-questao-do-iss-na-base-de-calculo-do-pis-e-da-cofins\/\"},\"wordCount\":465,\"commentCount\":0,\"publisher\":{\"@id\":\"https:\/\/jornalfatosenoticias.com.br\/#organization\"},\"image\":{\"@id\":\"https:\/\/jornalfatosenoticias.com.br\/index.php\/2025\/01\/30\/como-ficou-a-questao-do-iss-na-base-de-calculo-do-pis-e-da-cofins\/#primaryimage\"},\"thumbnailUrl\":\"https:\/\/jornalfatosenoticias.com.br\/wp-content\/uploads\/2025\/01\/ISS-na-base-de-calculo-do-PIS-e-da-COFINS_istock.jpg\",\"keywords\":[\"Cofins\",\"consultoria tribut\u00e1ria\",\"contribuintes\",\"impostos\",\"ISS\",\"Pis\",\"STF\"],\"articleSection\":[\"Economia\"],\"inLanguage\":\"pt-BR\",\"potentialAction\":[{\"@type\":\"CommentAction\",\"name\":\"Comment\",\"target\":[\"https:\/\/jornalfatosenoticias.com.br\/index.php\/2025\/01\/30\/como-ficou-a-questao-do-iss-na-base-de-calculo-do-pis-e-da-cofins\/#respond\"]}]},{\"@type\":\"WebPage\",\"@id\":\"https:\/\/jornalfatosenoticias.com.br\/index.php\/2025\/01\/30\/como-ficou-a-questao-do-iss-na-base-de-calculo-do-pis-e-da-cofins\/\",\"url\":\"https:\/\/jornalfatosenoticias.com.br\/index.php\/2025\/01\/30\/como-ficou-a-questao-do-iss-na-base-de-calculo-do-pis-e-da-cofins\/\",\"name\":\"Como ficou a quest\u00e3o do ISS na base de c\u00e1lculo do PIS e da COFINS - Jornal Fatos e Not\u00edcias\",\"isPartOf\":{\"@id\":\"https:\/\/jornalfatosenoticias.com.br\/#website\"},\"primaryImageOfPage\":{\"@id\":\"https:\/\/jornalfatosenoticias.com.br\/index.php\/2025\/01\/30\/como-ficou-a-questao-do-iss-na-base-de-calculo-do-pis-e-da-cofins\/#primaryimage\"},\"image\":{\"@id\":\"https:\/\/jornalfatosenoticias.com.br\/index.php\/2025\/01\/30\/como-ficou-a-questao-do-iss-na-base-de-calculo-do-pis-e-da-cofins\/#primaryimage\"},\"thumbnailUrl\":\"https:\/\/jornalfatosenoticias.com.br\/wp-content\/uploads\/2025\/01\/ISS-na-base-de-calculo-do-PIS-e-da-COFINS_istock.jpg\",\"datePublished\":\"2025-01-30T14:05:53+00:00\",\"dateModified\":\"2025-01-30T17:40:48+00:00\",\"breadcrumb\":{\"@id\":\"https:\/\/jornalfatosenoticias.com.br\/index.php\/2025\/01\/30\/como-ficou-a-questao-do-iss-na-base-de-calculo-do-pis-e-da-cofins\/#breadcrumb\"},\"inLanguage\":\"pt-BR\",\"potentialAction\":[{\"@type\":\"ReadAction\",\"target\":[\"https:\/\/jornalfatosenoticias.com.br\/index.php\/2025\/01\/30\/como-ficou-a-questao-do-iss-na-base-de-calculo-do-pis-e-da-cofins\/\"]}]},{\"@type\":\"ImageObject\",\"inLanguage\":\"pt-BR\",\"@id\":\"https:\/\/jornalfatosenoticias.com.br\/index.php\/2025\/01\/30\/como-ficou-a-questao-do-iss-na-base-de-calculo-do-pis-e-da-cofins\/#primaryimage\",\"url\":\"https:\/\/jornalfatosenoticias.com.br\/wp-content\/uploads\/2025\/01\/ISS-na-base-de-calculo-do-PIS-e-da-COFINS_istock.jpg\",\"contentUrl\":\"https:\/\/jornalfatosenoticias.com.br\/wp-content\/uploads\/2025\/01\/ISS-na-base-de-calculo-do-PIS-e-da-COFINS_istock.jpg\",\"width\":612,\"height\":406,\"caption\":\"stock exchange graph background\"},{\"@type\":\"BreadcrumbList\",\"@id\":\"https:\/\/jornalfatosenoticias.com.br\/index.php\/2025\/01\/30\/como-ficou-a-questao-do-iss-na-base-de-calculo-do-pis-e-da-cofins\/#breadcrumb\",\"itemListElement\":[{\"@type\":\"ListItem\",\"position\":1,\"name\":\"In\u00edcio\",\"item\":\"https:\/\/jornalfatosenoticias.com.br\/\"},{\"@type\":\"ListItem\",\"position\":2,\"name\":\"Como ficou a quest\u00e3o do ISS na base de c\u00e1lculo do PIS e da COFINS\"}]},{\"@type\":\"WebSite\",\"@id\":\"https:\/\/jornalfatosenoticias.com.br\/#website\",\"url\":\"https:\/\/jornalfatosenoticias.com.br\/\",\"name\":\"Jornal Fatos e Not\u00edcias\",\"description\":\"Not\u00edcias em geral\",\"publisher\":{\"@id\":\"https:\/\/jornalfatosenoticias.com.br\/#organization\"},\"potentialAction\":[{\"@type\":\"SearchAction\",\"target\":{\"@type\":\"EntryPoint\",\"urlTemplate\":\"https:\/\/jornalfatosenoticias.com.br\/?s={search_term_string}\"},\"query-input\":{\"@type\":\"PropertyValueSpecification\",\"valueRequired\":true,\"valueName\":\"search_term_string\"}}],\"inLanguage\":\"pt-BR\"},{\"@type\":\"Organization\",\"@id\":\"https:\/\/jornalfatosenoticias.com.br\/#organization\",\"name\":\"Jornal Fatos e Not\u00edcias\",\"url\":\"https:\/\/jornalfatosenoticias.com.br\/\",\"logo\":{\"@type\":\"ImageObject\",\"inLanguage\":\"pt-BR\",\"@id\":\"https:\/\/jornalfatosenoticias.com.br\/#\/schema\/logo\/image\/\",\"url\":\"https:\/\/jornalfatosenoticias.com.br\/wp-content\/uploads\/2020\/02\/logo120.png\",\"contentUrl\":\"https:\/\/jornalfatosenoticias.com.br\/wp-content\/uploads\/2020\/02\/logo120.png\",\"width\":1227,\"height\":120,\"caption\":\"Jornal Fatos e Not\u00edcias\"},\"image\":{\"@id\":\"https:\/\/jornalfatosenoticias.com.br\/#\/schema\/logo\/image\/\"}},{\"@type\":\"Person\",\"@id\":\"https:\/\/jornalfatosenoticias.com.br\/#\/schema\/person\/d63837fa13ac8666eb9e74e0985d6f81\",\"name\":\"Luzimara Fernandes\",\"image\":{\"@type\":\"ImageObject\",\"inLanguage\":\"pt-BR\",\"@id\":\"https:\/\/jornalfatosenoticias.com.br\/#\/schema\/person\/image\/\",\"url\":\"https:\/\/jornalfatosenoticias.com.br\/wp-content\/uploads\/2025\/05\/EU_portal.jpg\",\"contentUrl\":\"https:\/\/jornalfatosenoticias.com.br\/wp-content\/uploads\/2025\/05\/EU_portal.jpg\",\"caption\":\"Luzimara Fernandes\"},\"description\":\"Jornalista MTB 2358-ES\",\"sameAs\":[\"https:\/\/jornalfatosenoticias.com.br\"],\"url\":\"https:\/\/jornalfatosenoticias.com.br\/index.php\/author\/luzimara\/\"}]}<\/script>\n<!-- \/ Yoast SEO plugin. -->","yoast_head_json":{"title":"Como ficou a quest\u00e3o do ISS na base de c\u00e1lculo do PIS e da COFINS - Jornal Fatos e Not\u00edcias","robots":{"index":"index","follow":"follow","max-snippet":"max-snippet:-1","max-image-preview":"max-image-preview:large","max-video-preview":"max-video-preview:-1"},"canonical":"https:\/\/jornalfatosenoticias.com.br\/index.php\/2025\/01\/30\/como-ficou-a-questao-do-iss-na-base-de-calculo-do-pis-e-da-cofins\/","og_locale":"pt_BR","og_type":"article","og_title":"Como ficou a quest\u00e3o do ISS na base de c\u00e1lculo do PIS e da COFINS - Jornal Fatos e Not\u00edcias","og_description":"Quem dever\u00e1 sair ganhando, FISCO ou CONTRIBUINTES? Por&nbsp;Rogerio Fernandes da Silva &amp; Kalyne Calais A exclus\u00e3o do Imposto sobre Servi\u00e7os (ISS) da base de c\u00e1lculo do PIS e da COFINS \u00e9 uma quest\u00e3o tribut\u00e1ria de grande relev\u00e2ncia para as empresas prestadoras de servi\u00e7os. Esse debate gira em torno da defini\u00e7\u00e3o do que pode ser considerado [&hellip;]","og_url":"https:\/\/jornalfatosenoticias.com.br\/index.php\/2025\/01\/30\/como-ficou-a-questao-do-iss-na-base-de-calculo-do-pis-e-da-cofins\/","og_site_name":"Jornal Fatos e Not\u00edcias","article_published_time":"2025-01-30T14:05:53+00:00","article_modified_time":"2025-01-30T17:40:48+00:00","og_image":[{"width":612,"height":406,"url":"https:\/\/jornalfatosenoticias.com.br\/wp-content\/uploads\/2025\/01\/ISS-na-base-de-calculo-do-PIS-e-da-COFINS_istock.jpg","type":"image\/jpeg"}],"author":"Luzimara Fernandes","twitter_card":"summary_large_image","twitter_misc":{"Escrito por":"Luzimara Fernandes","Est. tempo de leitura":"2 minutos"},"schema":{"@context":"https:\/\/schema.org","@graph":[{"@type":"Article","@id":"https:\/\/jornalfatosenoticias.com.br\/index.php\/2025\/01\/30\/como-ficou-a-questao-do-iss-na-base-de-calculo-do-pis-e-da-cofins\/#article","isPartOf":{"@id":"https:\/\/jornalfatosenoticias.com.br\/index.php\/2025\/01\/30\/como-ficou-a-questao-do-iss-na-base-de-calculo-do-pis-e-da-cofins\/"},"author":{"name":"Luzimara Fernandes","@id":"https:\/\/jornalfatosenoticias.com.br\/#\/schema\/person\/d63837fa13ac8666eb9e74e0985d6f81"},"headline":"Como ficou a quest\u00e3o do ISS na base de c\u00e1lculo do PIS e da COFINS","datePublished":"2025-01-30T14:05:53+00:00","dateModified":"2025-01-30T17:40:48+00:00","mainEntityOfPage":{"@id":"https:\/\/jornalfatosenoticias.com.br\/index.php\/2025\/01\/30\/como-ficou-a-questao-do-iss-na-base-de-calculo-do-pis-e-da-cofins\/"},"wordCount":465,"commentCount":0,"publisher":{"@id":"https:\/\/jornalfatosenoticias.com.br\/#organization"},"image":{"@id":"https:\/\/jornalfatosenoticias.com.br\/index.php\/2025\/01\/30\/como-ficou-a-questao-do-iss-na-base-de-calculo-do-pis-e-da-cofins\/#primaryimage"},"thumbnailUrl":"https:\/\/jornalfatosenoticias.com.br\/wp-content\/uploads\/2025\/01\/ISS-na-base-de-calculo-do-PIS-e-da-COFINS_istock.jpg","keywords":["Cofins","consultoria tribut\u00e1ria","contribuintes","impostos","ISS","Pis","STF"],"articleSection":["Economia"],"inLanguage":"pt-BR","potentialAction":[{"@type":"CommentAction","name":"Comment","target":["https:\/\/jornalfatosenoticias.com.br\/index.php\/2025\/01\/30\/como-ficou-a-questao-do-iss-na-base-de-calculo-do-pis-e-da-cofins\/#respond"]}]},{"@type":"WebPage","@id":"https:\/\/jornalfatosenoticias.com.br\/index.php\/2025\/01\/30\/como-ficou-a-questao-do-iss-na-base-de-calculo-do-pis-e-da-cofins\/","url":"https:\/\/jornalfatosenoticias.com.br\/index.php\/2025\/01\/30\/como-ficou-a-questao-do-iss-na-base-de-calculo-do-pis-e-da-cofins\/","name":"Como ficou a quest\u00e3o do ISS na base de c\u00e1lculo do PIS e da COFINS - Jornal Fatos e Not\u00edcias","isPartOf":{"@id":"https:\/\/jornalfatosenoticias.com.br\/#website"},"primaryImageOfPage":{"@id":"https:\/\/jornalfatosenoticias.com.br\/index.php\/2025\/01\/30\/como-ficou-a-questao-do-iss-na-base-de-calculo-do-pis-e-da-cofins\/#primaryimage"},"image":{"@id":"https:\/\/jornalfatosenoticias.com.br\/index.php\/2025\/01\/30\/como-ficou-a-questao-do-iss-na-base-de-calculo-do-pis-e-da-cofins\/#primaryimage"},"thumbnailUrl":"https:\/\/jornalfatosenoticias.com.br\/wp-content\/uploads\/2025\/01\/ISS-na-base-de-calculo-do-PIS-e-da-COFINS_istock.jpg","datePublished":"2025-01-30T14:05:53+00:00","dateModified":"2025-01-30T17:40:48+00:00","breadcrumb":{"@id":"https:\/\/jornalfatosenoticias.com.br\/index.php\/2025\/01\/30\/como-ficou-a-questao-do-iss-na-base-de-calculo-do-pis-e-da-cofins\/#breadcrumb"},"inLanguage":"pt-BR","potentialAction":[{"@type":"ReadAction","target":["https:\/\/jornalfatosenoticias.com.br\/index.php\/2025\/01\/30\/como-ficou-a-questao-do-iss-na-base-de-calculo-do-pis-e-da-cofins\/"]}]},{"@type":"ImageObject","inLanguage":"pt-BR","@id":"https:\/\/jornalfatosenoticias.com.br\/index.php\/2025\/01\/30\/como-ficou-a-questao-do-iss-na-base-de-calculo-do-pis-e-da-cofins\/#primaryimage","url":"https:\/\/jornalfatosenoticias.com.br\/wp-content\/uploads\/2025\/01\/ISS-na-base-de-calculo-do-PIS-e-da-COFINS_istock.jpg","contentUrl":"https:\/\/jornalfatosenoticias.com.br\/wp-content\/uploads\/2025\/01\/ISS-na-base-de-calculo-do-PIS-e-da-COFINS_istock.jpg","width":612,"height":406,"caption":"stock exchange graph background"},{"@type":"BreadcrumbList","@id":"https:\/\/jornalfatosenoticias.com.br\/index.php\/2025\/01\/30\/como-ficou-a-questao-do-iss-na-base-de-calculo-do-pis-e-da-cofins\/#breadcrumb","itemListElement":[{"@type":"ListItem","position":1,"name":"In\u00edcio","item":"https:\/\/jornalfatosenoticias.com.br\/"},{"@type":"ListItem","position":2,"name":"Como ficou a quest\u00e3o do ISS na base de c\u00e1lculo do PIS e da COFINS"}]},{"@type":"WebSite","@id":"https:\/\/jornalfatosenoticias.com.br\/#website","url":"https:\/\/jornalfatosenoticias.com.br\/","name":"Jornal Fatos e Not\u00edcias","description":"Not\u00edcias em geral","publisher":{"@id":"https:\/\/jornalfatosenoticias.com.br\/#organization"},"potentialAction":[{"@type":"SearchAction","target":{"@type":"EntryPoint","urlTemplate":"https:\/\/jornalfatosenoticias.com.br\/?s={search_term_string}"},"query-input":{"@type":"PropertyValueSpecification","valueRequired":true,"valueName":"search_term_string"}}],"inLanguage":"pt-BR"},{"@type":"Organization","@id":"https:\/\/jornalfatosenoticias.com.br\/#organization","name":"Jornal Fatos e Not\u00edcias","url":"https:\/\/jornalfatosenoticias.com.br\/","logo":{"@type":"ImageObject","inLanguage":"pt-BR","@id":"https:\/\/jornalfatosenoticias.com.br\/#\/schema\/logo\/image\/","url":"https:\/\/jornalfatosenoticias.com.br\/wp-content\/uploads\/2020\/02\/logo120.png","contentUrl":"https:\/\/jornalfatosenoticias.com.br\/wp-content\/uploads\/2020\/02\/logo120.png","width":1227,"height":120,"caption":"Jornal Fatos e Not\u00edcias"},"image":{"@id":"https:\/\/jornalfatosenoticias.com.br\/#\/schema\/logo\/image\/"}},{"@type":"Person","@id":"https:\/\/jornalfatosenoticias.com.br\/#\/schema\/person\/d63837fa13ac8666eb9e74e0985d6f81","name":"Luzimara Fernandes","image":{"@type":"ImageObject","inLanguage":"pt-BR","@id":"https:\/\/jornalfatosenoticias.com.br\/#\/schema\/person\/image\/","url":"https:\/\/jornalfatosenoticias.com.br\/wp-content\/uploads\/2025\/05\/EU_portal.jpg","contentUrl":"https:\/\/jornalfatosenoticias.com.br\/wp-content\/uploads\/2025\/05\/EU_portal.jpg","caption":"Luzimara Fernandes"},"description":"Jornalista MTB 2358-ES","sameAs":["https:\/\/jornalfatosenoticias.com.br"],"url":"https:\/\/jornalfatosenoticias.com.br\/index.php\/author\/luzimara\/"}]}},"cc_featured_image_caption":{"caption_text":"(Foto: iStock) ","source_text":"","source_url":""},"jetpack_featured_media_url":"https:\/\/jornalfatosenoticias.com.br\/wp-content\/uploads\/2025\/01\/ISS-na-base-de-calculo-do-PIS-e-da-COFINS_istock.jpg","_links":{"self":[{"href":"https:\/\/jornalfatosenoticias.com.br\/index.php\/wp-json\/wp\/v2\/posts\/57207","targetHints":{"allow":["GET"]}}],"collection":[{"href":"https:\/\/jornalfatosenoticias.com.br\/index.php\/wp-json\/wp\/v2\/posts"}],"about":[{"href":"https:\/\/jornalfatosenoticias.com.br\/index.php\/wp-json\/wp\/v2\/types\/post"}],"author":[{"embeddable":true,"href":"https:\/\/jornalfatosenoticias.com.br\/index.php\/wp-json\/wp\/v2\/users\/2"}],"replies":[{"embeddable":true,"href":"https:\/\/jornalfatosenoticias.com.br\/index.php\/wp-json\/wp\/v2\/comments?post=57207"}],"version-history":[{"count":0,"href":"https:\/\/jornalfatosenoticias.com.br\/index.php\/wp-json\/wp\/v2\/posts\/57207\/revisions"}],"wp:featuredmedia":[{"embeddable":true,"href":"https:\/\/jornalfatosenoticias.com.br\/index.php\/wp-json\/wp\/v2\/media\/57208"}],"wp:attachment":[{"href":"https:\/\/jornalfatosenoticias.com.br\/index.php\/wp-json\/wp\/v2\/media?parent=57207"}],"wp:term":[{"taxonomy":"category","embeddable":true,"href":"https:\/\/jornalfatosenoticias.com.br\/index.php\/wp-json\/wp\/v2\/categories?post=57207"},{"taxonomy":"post_tag","embeddable":true,"href":"https:\/\/jornalfatosenoticias.com.br\/index.php\/wp-json\/wp\/v2\/tags?post=57207"}],"curies":[{"name":"wp","href":"https:\/\/api.w.org\/{rel}","templated":true}]}}