{"id":57213,"date":"2025-01-30T13:10:54","date_gmt":"2025-01-30T16:10:54","guid":{"rendered":"https:\/\/jornalfatosenoticias.com.br\/?p=57213"},"modified":"2025-01-30T13:10:56","modified_gmt":"2025-01-30T16:10:56","slug":"a-arte-da-expansao-o-poder-da-rede-certa","status":"publish","type":"post","link":"https:\/\/jornalfatosenoticias.com.br\/index.php\/2025\/01\/30\/a-arte-da-expansao-o-poder-da-rede-certa\/","title":{"rendered":"A arte da expans\u00e3o: o poder da rede certa"},"content":{"rendered":"\n<p><em><span class=\"has-inline-color has-black-color\">Aprenda a identificar quem est\u00e1 ao seu lado e quem deveria estar. Valorize aqueles que desafiam voc\u00ea a ser melhor<\/span><\/em><\/p>\n\n\n\n<div class=\"wp-block-image\"><figure class=\"aligncenter size-large\"><a href=\"https:\/\/www.instagram.com\/rcradiadores\/\"><img loading=\"lazy\" decoding=\"async\" width=\"560\" height=\"60\" src=\"https:\/\/jornalfatosenoticias.com.br\/wp-content\/uploads\/2022\/10\/Propaganda-RC-Radiadores-Jornal_page-0001.jpg\" alt=\"\" class=\"wp-image-35270\" srcset=\"https:\/\/jornalfatosenoticias.com.br\/wp-content\/uploads\/2022\/10\/Propaganda-RC-Radiadores-Jornal_page-0001.jpg 560w, https:\/\/jornalfatosenoticias.com.br\/wp-content\/uploads\/2022\/10\/Propaganda-RC-Radiadores-Jornal_page-0001-300x32.jpg 300w\" sizes=\"auto, (max-width: 560px) 100vw, 560px\" \/><\/a><\/figure><\/div>\n\n\n\n<p>Passei seis dias em uma imers\u00e3o intensa. N\u00e3o era um simples treinamento. Era uma jornada. O nome? <strong><span class=\"has-inline-color has-black-color\">BYG \u2014 Build Your Growth<\/span><\/strong> (<em>Construa Seu Crescimento<\/em>). O mentor? <strong><span class=\"has-inline-color has-black-color\">Rodrigo Di Bernardi. <\/span><\/strong>A promessa? Expandir nossa mente, nossa vis\u00e3o e nosso potencial empresarial. O resultado? Muito maior do que eu poderia imaginar.<br>Eu e um grupo seleto de empres\u00e1rios aceitamos o desafio. Deixamos de lado a rotina para nos lan\u00e7ar em uma experi\u00eancia que n\u00e3o apenas nos ensinou t\u00e9cnicas, mas nos fez sentir, na pele, o que significa <strong><span class=\"has-inline-color has-black-color\">crescer de verdade. <\/span><\/strong>Ao final, recebi o t\u00edtulo <strong><span class=\"has-inline-color has-black-color\">MBN \u2014 Master in Business Networking, <\/span><\/strong>mas o verdadeiro pr\u00eamio n\u00e3o foi um certificado. Foi uma mudan\u00e7a de mentalidade.<\/p>\n\n\n\n<div class=\"wp-block-image\"><figure class=\"aligncenter size-large is-resized\"><a href=\"https:\/\/www.facebook.com\/postobkr\/?locale=pt_BR\"><img loading=\"lazy\" decoding=\"async\" src=\"https:\/\/jornalfatosenoticias.com.br\/wp-content\/uploads\/2023\/08\/BKR-1024x1021.jpg\" alt=\"\" class=\"wp-image-44494\" width=\"334\" height=\"333\" srcset=\"https:\/\/jornalfatosenoticias.com.br\/wp-content\/uploads\/2023\/08\/BKR-1024x1021.jpg 1024w, https:\/\/jornalfatosenoticias.com.br\/wp-content\/uploads\/2023\/08\/BKR-300x300.jpg 300w, https:\/\/jornalfatosenoticias.com.br\/wp-content\/uploads\/2023\/08\/BKR-150x150.jpg 150w, https:\/\/jornalfatosenoticias.com.br\/wp-content\/uploads\/2023\/08\/BKR-768x766.jpg 768w, https:\/\/jornalfatosenoticias.com.br\/wp-content\/uploads\/2023\/08\/BKR.jpg 1080w\" sizes=\"auto, (max-width: 334px) 100vw, 334px\" \/><\/a><\/figure><\/div>\n\n\n\n<p><strong><span class=\"has-inline-color has-vivid-purple-color\">Quem s\u00e3o os seus guardi\u00f5es?<br><\/span><\/strong>Um dos aprendizados mais marcantes dessa experi\u00eancia foi entender <strong><span class=\"has-inline-color has-black-color\">o valor da rede certa. <\/span><\/strong>Sim, sempre ouvimos falar de networking, mas quantos de n\u00f3s realmente compreendemos o que isso significa?<br>Durante o treinamento, fomos levados a enxergar que n\u00e3o trata-se apenas de contatos, mas de <strong><span class=\"has-inline-color has-black-color\">guardi\u00f5es. <\/span><\/strong>Aqueles que nos protegem, nos desafiam, nos impulsionam. Pessoas que nos seguram quando estamos prestes a cair e que nos empurram quando hesitamos em avan\u00e7ar. <strong><span class=\"has-inline-color has-black-color\">Ter uma rede de qualidade n\u00e3o \u00e9 um luxo; \u00e9 uma necessidade.<\/span><\/strong><\/p>\n\n\n\n<div class=\"wp-block-image\"><figure class=\"aligncenter size-large is-resized\"><a href=\"https:\/\/www.facebook.com\/profile.php?id=100069289606145\"><img loading=\"lazy\" decoding=\"async\" src=\"https:\/\/jornalfatosenoticias.com.br\/wp-content\/uploads\/2024\/11\/Guaitolini-Contabilidade-1024x714.jpeg\" alt=\"\" class=\"wp-image-55808\" width=\"327\" height=\"228\" srcset=\"https:\/\/jornalfatosenoticias.com.br\/wp-content\/uploads\/2024\/11\/Guaitolini-Contabilidade-1024x714.jpeg 1024w, https:\/\/jornalfatosenoticias.com.br\/wp-content\/uploads\/2024\/11\/Guaitolini-Contabilidade-300x209.jpeg 300w, https:\/\/jornalfatosenoticias.com.br\/wp-content\/uploads\/2024\/11\/Guaitolini-Contabilidade-768x535.jpeg 768w, https:\/\/jornalfatosenoticias.com.br\/wp-content\/uploads\/2024\/11\/Guaitolini-Contabilidade.jpeg 1280w\" sizes=\"auto, (max-width: 327px) 100vw, 327px\" \/><\/a><\/figure><\/div>\n\n\n\n<p><strong><span class=\"has-inline-color has-vivid-purple-color\">Comunica\u00e7\u00e3o: a chave da expans\u00e3o<br><\/span><\/strong>Outro aspecto transformador dessa imers\u00e3o foi a compreens\u00e3o do papel da <strong><span class=\"has-inline-color has-black-color\">comunica\u00e7\u00e3o verdadeira.<\/span><\/strong> N\u00e3o basta falar. N\u00e3o basta vender. N\u00e3o basta apresentar n\u00fameros. Se queremos crescer, precisamos nos conectar.<br>E conectar-se n\u00e3o \u00e9 sobre impressionar, mas sobre <strong><span class=\"has-inline-color has-black-color\">gerar impacto real.<\/span><\/strong> Sobre falar com a alma e ouvir com aten\u00e7\u00e3o. Durante os seis dias de treinamento, aprendi que cada conversa tem o poder de abrir portas \u2014 ou fech\u00e1-las para sempre.<\/p>\n\n\n\n<div class=\"wp-block-image\"><figure class=\"aligncenter size-large is-resized\"><a href=\"https:\/\/www.instagram.com\/serra4x4cambioautomatico\/\"><img loading=\"lazy\" decoding=\"async\" src=\"https:\/\/jornalfatosenoticias.com.br\/wp-content\/uploads\/2024\/08\/Serra-4x4-1-886x1024.jpg\" alt=\"\" class=\"wp-image-53632\" width=\"319\" height=\"368\" srcset=\"https:\/\/jornalfatosenoticias.com.br\/wp-content\/uploads\/2024\/08\/Serra-4x4-1-886x1024.jpg 886w, https:\/\/jornalfatosenoticias.com.br\/wp-content\/uploads\/2024\/08\/Serra-4x4-1-260x300.jpg 260w, https:\/\/jornalfatosenoticias.com.br\/wp-content\/uploads\/2024\/08\/Serra-4x4-1-768x888.jpg 768w, https:\/\/jornalfatosenoticias.com.br\/wp-content\/uploads\/2024\/08\/Serra-4x4-1.jpg 1181w\" sizes=\"auto, (max-width: 319px) 100vw, 319px\" \/><\/a><\/figure><\/div>\n\n\n\n<p>Quantas oportunidades voc\u00ea j\u00e1 perdeu por n\u00e3o saber <strong><span class=\"has-inline-color has-black-color\">como<\/span><\/strong> se expressar? Quantos neg\u00f3cios deixaram de acontecer porque a comunica\u00e7\u00e3o foi fraca, superficial ou desconectada do que realmente importa?<\/p>\n\n\n\n<div class=\"wp-block-image\"><figure class=\"aligncenter size-large\"><img loading=\"lazy\" decoding=\"async\" width=\"750\" height=\"1000\" src=\"https:\/\/jornalfatosenoticias.com.br\/wp-content\/uploads\/2025\/01\/Rodrigo-Di-Bernardi.jpeg\" alt=\"\" class=\"wp-image-57214\" srcset=\"https:\/\/jornalfatosenoticias.com.br\/wp-content\/uploads\/2025\/01\/Rodrigo-Di-Bernardi.jpeg 750w, https:\/\/jornalfatosenoticias.com.br\/wp-content\/uploads\/2025\/01\/Rodrigo-Di-Bernardi-225x300.jpeg 225w\" sizes=\"auto, (max-width: 750px) 100vw, 750px\" \/><figcaption><em><span class=\"has-inline-color has-black-color\">Rodrigo Di Bernardi (Foto: Divulga\u00e7\u00e3o)<\/span><\/em><\/figcaption><\/figure><\/div>\n\n\n\n<p><strong><span class=\"has-inline-color has-vivid-purple-color\">Expans\u00e3o empresarial: voc\u00ea est\u00e1 pronto?<br><\/span><\/strong>A maioria das pessoas pensa que crescimento vem de estrat\u00e9gia, n\u00fameros e planejamento. Sim, tudo isso importa. Mas a verdade \u00e9 que <strong><span class=\"has-inline-color has-black-color\">ningu\u00e9m cresce sozinho.<\/span><\/strong> Se voc\u00ea quer expans\u00e3o empresarial, comece expandindo sua mente. Aprenda a identificar <strong><span class=\"has-inline-color has-black-color\">quem est\u00e1 ao seu lado e quem deveria estar. <\/span><\/strong>Valorize aqueles que desafiam voc\u00ea a ser melhor. Torne-se um comunicador aut\u00eantico.<br>A experi\u00eancia no <strong><span class=\"has-inline-color has-black-color\">BYG<\/span><\/strong> me mostrou que crescimento n\u00e3o \u00e9 sobre esfor\u00e7o solit\u00e1rio. <strong><span class=\"has-inline-color has-black-color\">\u00c9 sobre se cercar das pessoas certas e aprender a se conectar de verdade.<\/span><\/strong><br>E voc\u00ea? <strong><span class=\"has-inline-color has-black-color\">Quem s\u00e3o seus guardi\u00f5es?<\/span><\/strong><\/p>\n\n\n\n<div class=\"wp-block-image\"><figure class=\"aligncenter size-large is-resized\"><a href=\"https:\/\/hotelmarquetti.com.br\/\"><img loading=\"lazy\" decoding=\"async\" src=\"https:\/\/jornalfatosenoticias.com.br\/wp-content\/uploads\/2023\/03\/nova-logo-Marquetti.jpg\" alt=\"\" class=\"wp-image-40207\" width=\"372\" height=\"250\" srcset=\"https:\/\/jornalfatosenoticias.com.br\/wp-content\/uploads\/2023\/03\/nova-logo-Marquetti.jpg 643w, https:\/\/jornalfatosenoticias.com.br\/wp-content\/uploads\/2023\/03\/nova-logo-Marquetti-300x202.jpg 300w\" sizes=\"auto, (max-width: 372px) 100vw, 372px\" \/><\/a><\/figure><\/div>\n\n\n\n<p><strong><span class=\"has-inline-color has-vivid-purple-color\">Uma honraria especial<br><\/span><\/strong>Al\u00e9m de toda a imers\u00e3o transformadora, tivemos um privil\u00e9gio extraordin\u00e1rio: receber antecipadamente o livro<strong><span class=\"has-inline-color has-black-color\"> &#8220;Referenciologia&#8221;,<\/span><\/strong> de <strong><span class=\"has-inline-color has-black-color\">Rodrigo Di Bernardi,<\/span><\/strong> que ser\u00e1 lan\u00e7ado oficialmente na <strong><span class=\"has-inline-color has-black-color\">Livraria Leitura.<\/span><\/strong><br>Esse livro n\u00e3o \u00e9 apenas uma obra sobre networking. Ele \u00e9 um <strong><span class=\"has-inline-color has-black-color\">guia estrat\u00e9gico para construir conex\u00f5es verdadeiras e duradouras.<\/span><\/strong> Um mapa para entender a import\u00e2ncia de se cercar de refer\u00eancias de valor e se tornar uma. Ter acesso a esse conhecimento antes de seu lan\u00e7amento foi um presente inestim\u00e1vel.<\/p>\n\n\n\n<div class=\"wp-block-image\"><figure class=\"aligncenter size-large is-resized\"><a href=\"https:\/\/www.instagram.com\/vmais.midias\/\"><img loading=\"lazy\" decoding=\"async\" src=\"https:\/\/jornalfatosenoticias.com.br\/wp-content\/uploads\/2020\/02\/DE-MAIS-DESTAQUE-VMAIS-800X700.png\" alt=\"\" class=\"wp-image-53112\" width=\"320\" height=\"279\" srcset=\"https:\/\/jornalfatosenoticias.com.br\/wp-content\/uploads\/2020\/02\/DE-MAIS-DESTAQUE-VMAIS-800X700.png 800w, https:\/\/jornalfatosenoticias.com.br\/wp-content\/uploads\/2020\/02\/DE-MAIS-DESTAQUE-VMAIS-800X700-300x263.png 300w, https:\/\/jornalfatosenoticias.com.br\/wp-content\/uploads\/2020\/02\/DE-MAIS-DESTAQUE-VMAIS-800X700-768x672.png 768w\" sizes=\"auto, (max-width: 320px) 100vw, 320px\" \/><\/a><\/figure><\/div>\n\n\n\n<p><strong><span class=\"has-inline-color has-vivid-purple-color\">Agradecimento especial<br><\/span><\/strong>A verdadeira grandeza de um mentor n\u00e3o est\u00e1 apenas no que ele ensina, mas no que ele desperta dentro de cada um de n\u00f3s. <strong><span class=\"has-inline-color has-black-color\">Rodrigo Di Bernardi<\/span><\/strong> n\u00e3o \u00e9 apenas um especialista. Ele \u00e9 um catalisador de transforma\u00e7\u00f5es.<br>Sua entrega, sua vis\u00e3o e sua capacidade de nos desafiar a enxergar al\u00e9m do \u00f3bvio fazem dele um mentor raro, daqueles que deixam marcas profundas e definitivas.<\/p>\n\n\n\n<div class=\"wp-block-image\"><figure class=\"aligncenter size-large\"><a href=\"https:\/\/cesconetto.com.br\/\"><img loading=\"lazy\" decoding=\"async\" width=\"300\" height=\"250\" src=\"https:\/\/jornalfatosenoticias.com.br\/wp-content\/uploads\/2022\/02\/Banner-2.png\" alt=\"\" class=\"wp-image-27877\"\/><\/a><\/figure><\/div>\n\n\n\n<p>Rodrigo, <strong><span class=\"has-inline-color has-black-color\">obrigada por nos guiar nessa jornada de crescimento.<\/span><\/strong> Sua dedica\u00e7\u00e3o e conhecimento n\u00e3o apenas elevam neg\u00f3cios, mas <strong><span class=\"has-inline-color has-black-color\">moldam l\u00edderes e constroem legados. <\/span><\/strong>O impacto que voc\u00ea causa na vida de cada empres\u00e1rio que passa pelo BYG \u00e9 imensur\u00e1vel.<br>Afinal, crescimento de verdade n\u00e3o acontece sozinho. <strong><span class=\"has-inline-color has-black-color\">E voc\u00ea nos ensinou a construir o nosso da melhor forma poss\u00edvel.<\/span><\/strong><\/p>\n","protected":false},"excerpt":{"rendered":"<p>Aprenda a identificar quem est\u00e1 ao seu lado e quem deveria estar. Valorize aqueles que desafiam voc\u00ea a ser melhor Passei seis dias em uma imers\u00e3o intensa. N\u00e3o era um simples treinamento. Era uma jornada. O nome? BYG \u2014 Build Your Growth (Construa Seu Crescimento). O mentor? Rodrigo Di Bernardi. A promessa? Expandir nossa mente, [&hellip;]<\/p>\n","protected":false},"author":37,"featured_media":57215,"comment_status":"open","ping_status":"open","sticky":false,"template":"","format":"standard","meta":{"footnotes":""},"categories":[5],"tags":[26114,25543,17484,5450,26113],"class_list":["post-57213","post","type-post","status-publish","format-standard","has-post-thumbnail","hentry","category-geral","tag-legados","tag-lideres","tag-networking","tag-rede","tag-rodrigo-di-bernardi"],"yoast_head":"<!-- This site is optimized with the Yoast SEO plugin v26.5 - https:\/\/yoast.com\/wordpress\/plugins\/seo\/ -->\n<title>A arte da expans\u00e3o: o poder da rede certa - Jornal Fatos e Not\u00edcias<\/title>\n<meta name=\"robots\" content=\"index, follow, max-snippet:-1, max-image-preview:large, max-video-preview:-1\" \/>\n<link rel=\"canonical\" href=\"https:\/\/jornalfatosenoticias.com.br\/index.php\/2025\/01\/30\/a-arte-da-expansao-o-poder-da-rede-certa\/\" \/>\n<meta property=\"og:locale\" content=\"pt_BR\" \/>\n<meta property=\"og:type\" content=\"article\" \/>\n<meta property=\"og:title\" content=\"A arte da expans\u00e3o: o poder da rede certa - Jornal Fatos e Not\u00edcias\" \/>\n<meta property=\"og:description\" content=\"Aprenda a identificar quem est\u00e1 ao seu lado e quem deveria estar. Valorize aqueles que desafiam voc\u00ea a ser melhor Passei seis dias em uma imers\u00e3o intensa. N\u00e3o era um simples treinamento. Era uma jornada. O nome? BYG \u2014 Build Your Growth (Construa Seu Crescimento). O mentor? Rodrigo Di Bernardi. A promessa? Expandir nossa mente, [&hellip;]\" \/>\n<meta property=\"og:url\" content=\"https:\/\/jornalfatosenoticias.com.br\/index.php\/2025\/01\/30\/a-arte-da-expansao-o-poder-da-rede-certa\/\" \/>\n<meta property=\"og:site_name\" content=\"Jornal Fatos e Not\u00edcias\" \/>\n<meta property=\"article:published_time\" content=\"2025-01-30T16:10:54+00:00\" \/>\n<meta property=\"article:modified_time\" content=\"2025-01-30T16:10:56+00:00\" \/>\n<meta property=\"og:image\" content=\"https:\/\/jornalfatosenoticias.com.br\/wp-content\/uploads\/2025\/01\/Rodrigo-Di-Bernardi_capa-portal.jpg\" \/>\n\t<meta property=\"og:image:width\" content=\"749\" \/>\n\t<meta property=\"og:image:height\" content=\"711\" \/>\n\t<meta property=\"og:image:type\" content=\"image\/jpeg\" \/>\n<meta name=\"author\" content=\"Milena Rohr\" \/>\n<meta name=\"twitter:card\" content=\"summary_large_image\" \/>\n<meta name=\"twitter:label1\" content=\"Escrito por\" \/>\n\t<meta name=\"twitter:data1\" content=\"Milena Rohr\" \/>\n\t<meta name=\"twitter:label2\" content=\"Est. tempo de leitura\" \/>\n\t<meta name=\"twitter:data2\" content=\"3 minutos\" \/>\n<script type=\"application\/ld+json\" class=\"yoast-schema-graph\">{\"@context\":\"https:\/\/schema.org\",\"@graph\":[{\"@type\":\"Article\",\"@id\":\"https:\/\/jornalfatosenoticias.com.br\/index.php\/2025\/01\/30\/a-arte-da-expansao-o-poder-da-rede-certa\/#article\",\"isPartOf\":{\"@id\":\"https:\/\/jornalfatosenoticias.com.br\/index.php\/2025\/01\/30\/a-arte-da-expansao-o-poder-da-rede-certa\/\"},\"author\":{\"name\":\"Milena Rohr\",\"@id\":\"https:\/\/jornalfatosenoticias.com.br\/#\/schema\/person\/bd76a40517f387e41cc072b0d3c7d627\"},\"headline\":\"A arte da expans\u00e3o: o poder da rede certa\",\"datePublished\":\"2025-01-30T16:10:54+00:00\",\"dateModified\":\"2025-01-30T16:10:56+00:00\",\"mainEntityOfPage\":{\"@id\":\"https:\/\/jornalfatosenoticias.com.br\/index.php\/2025\/01\/30\/a-arte-da-expansao-o-poder-da-rede-certa\/\"},\"wordCount\":699,\"commentCount\":0,\"publisher\":{\"@id\":\"https:\/\/jornalfatosenoticias.com.br\/#organization\"},\"image\":{\"@id\":\"https:\/\/jornalfatosenoticias.com.br\/index.php\/2025\/01\/30\/a-arte-da-expansao-o-poder-da-rede-certa\/#primaryimage\"},\"thumbnailUrl\":\"https:\/\/jornalfatosenoticias.com.br\/wp-content\/uploads\/2025\/01\/Rodrigo-Di-Bernardi_capa-portal.jpg\",\"keywords\":[\"legados\",\"l\u00edderes\",\"networking\",\"rede\",\"Rodrigo Di Bernardi\"],\"articleSection\":[\"Geral\"],\"inLanguage\":\"pt-BR\",\"potentialAction\":[{\"@type\":\"CommentAction\",\"name\":\"Comment\",\"target\":[\"https:\/\/jornalfatosenoticias.com.br\/index.php\/2025\/01\/30\/a-arte-da-expansao-o-poder-da-rede-certa\/#respond\"]}]},{\"@type\":\"WebPage\",\"@id\":\"https:\/\/jornalfatosenoticias.com.br\/index.php\/2025\/01\/30\/a-arte-da-expansao-o-poder-da-rede-certa\/\",\"url\":\"https:\/\/jornalfatosenoticias.com.br\/index.php\/2025\/01\/30\/a-arte-da-expansao-o-poder-da-rede-certa\/\",\"name\":\"A arte da expans\u00e3o: o poder da rede certa - Jornal Fatos e Not\u00edcias\",\"isPartOf\":{\"@id\":\"https:\/\/jornalfatosenoticias.com.br\/#website\"},\"primaryImageOfPage\":{\"@id\":\"https:\/\/jornalfatosenoticias.com.br\/index.php\/2025\/01\/30\/a-arte-da-expansao-o-poder-da-rede-certa\/#primaryimage\"},\"image\":{\"@id\":\"https:\/\/jornalfatosenoticias.com.br\/index.php\/2025\/01\/30\/a-arte-da-expansao-o-poder-da-rede-certa\/#primaryimage\"},\"thumbnailUrl\":\"https:\/\/jornalfatosenoticias.com.br\/wp-content\/uploads\/2025\/01\/Rodrigo-Di-Bernardi_capa-portal.jpg\",\"datePublished\":\"2025-01-30T16:10:54+00:00\",\"dateModified\":\"2025-01-30T16:10:56+00:00\",\"breadcrumb\":{\"@id\":\"https:\/\/jornalfatosenoticias.com.br\/index.php\/2025\/01\/30\/a-arte-da-expansao-o-poder-da-rede-certa\/#breadcrumb\"},\"inLanguage\":\"pt-BR\",\"potentialAction\":[{\"@type\":\"ReadAction\",\"target\":[\"https:\/\/jornalfatosenoticias.com.br\/index.php\/2025\/01\/30\/a-arte-da-expansao-o-poder-da-rede-certa\/\"]}]},{\"@type\":\"ImageObject\",\"inLanguage\":\"pt-BR\",\"@id\":\"https:\/\/jornalfatosenoticias.com.br\/index.php\/2025\/01\/30\/a-arte-da-expansao-o-poder-da-rede-certa\/#primaryimage\",\"url\":\"https:\/\/jornalfatosenoticias.com.br\/wp-content\/uploads\/2025\/01\/Rodrigo-Di-Bernardi_capa-portal.jpg\",\"contentUrl\":\"https:\/\/jornalfatosenoticias.com.br\/wp-content\/uploads\/2025\/01\/Rodrigo-Di-Bernardi_capa-portal.jpg\",\"width\":749,\"height\":711},{\"@type\":\"BreadcrumbList\",\"@id\":\"https:\/\/jornalfatosenoticias.com.br\/index.php\/2025\/01\/30\/a-arte-da-expansao-o-poder-da-rede-certa\/#breadcrumb\",\"itemListElement\":[{\"@type\":\"ListItem\",\"position\":1,\"name\":\"In\u00edcio\",\"item\":\"https:\/\/jornalfatosenoticias.com.br\/\"},{\"@type\":\"ListItem\",\"position\":2,\"name\":\"A arte da expans\u00e3o: o poder da rede certa\"}]},{\"@type\":\"WebSite\",\"@id\":\"https:\/\/jornalfatosenoticias.com.br\/#website\",\"url\":\"https:\/\/jornalfatosenoticias.com.br\/\",\"name\":\"Jornal Fatos e Not\u00edcias\",\"description\":\"Not\u00edcias em geral\",\"publisher\":{\"@id\":\"https:\/\/jornalfatosenoticias.com.br\/#organization\"},\"potentialAction\":[{\"@type\":\"SearchAction\",\"target\":{\"@type\":\"EntryPoint\",\"urlTemplate\":\"https:\/\/jornalfatosenoticias.com.br\/?s={search_term_string}\"},\"query-input\":{\"@type\":\"PropertyValueSpecification\",\"valueRequired\":true,\"valueName\":\"search_term_string\"}}],\"inLanguage\":\"pt-BR\"},{\"@type\":\"Organization\",\"@id\":\"https:\/\/jornalfatosenoticias.com.br\/#organization\",\"name\":\"Jornal Fatos e Not\u00edcias\",\"url\":\"https:\/\/jornalfatosenoticias.com.br\/\",\"logo\":{\"@type\":\"ImageObject\",\"inLanguage\":\"pt-BR\",\"@id\":\"https:\/\/jornalfatosenoticias.com.br\/#\/schema\/logo\/image\/\",\"url\":\"https:\/\/jornalfatosenoticias.com.br\/wp-content\/uploads\/2020\/02\/logo120.png\",\"contentUrl\":\"https:\/\/jornalfatosenoticias.com.br\/wp-content\/uploads\/2020\/02\/logo120.png\",\"width\":1227,\"height\":120,\"caption\":\"Jornal Fatos e Not\u00edcias\"},\"image\":{\"@id\":\"https:\/\/jornalfatosenoticias.com.br\/#\/schema\/logo\/image\/\"}},{\"@type\":\"Person\",\"@id\":\"https:\/\/jornalfatosenoticias.com.br\/#\/schema\/person\/bd76a40517f387e41cc072b0d3c7d627\",\"name\":\"Milena Rohr\",\"image\":{\"@type\":\"ImageObject\",\"inLanguage\":\"pt-BR\",\"@id\":\"https:\/\/jornalfatosenoticias.com.br\/#\/schema\/person\/image\/\",\"url\":\"https:\/\/jornalfatosenoticias.com.br\/wp-content\/uploads\/2026\/03\/Milena-Rohr_portal-150x150.jpg\",\"contentUrl\":\"https:\/\/jornalfatosenoticias.com.br\/wp-content\/uploads\/2026\/03\/Milena-Rohr_portal-150x150.jpg\",\"caption\":\"Milena Rohr\"},\"description\":\"Milena Rohr S\u00f3cia e diretora do MasterMind (Funda\u00e7\u00e3o Napoleon Hill), Gestora Empresarial, Embaixadora do BNI, Palestrante, Escritora, Colunista e Mentora FRST do Grupo Falconi\",\"url\":\"https:\/\/jornalfatosenoticias.com.br\/index.php\/author\/milena-rhor\/\"}]}<\/script>\n<!-- \/ Yoast SEO plugin. -->","yoast_head_json":{"title":"A arte da expans\u00e3o: o poder da rede certa - Jornal Fatos e Not\u00edcias","robots":{"index":"index","follow":"follow","max-snippet":"max-snippet:-1","max-image-preview":"max-image-preview:large","max-video-preview":"max-video-preview:-1"},"canonical":"https:\/\/jornalfatosenoticias.com.br\/index.php\/2025\/01\/30\/a-arte-da-expansao-o-poder-da-rede-certa\/","og_locale":"pt_BR","og_type":"article","og_title":"A arte da expans\u00e3o: o poder da rede certa - Jornal Fatos e Not\u00edcias","og_description":"Aprenda a identificar quem est\u00e1 ao seu lado e quem deveria estar. Valorize aqueles que desafiam voc\u00ea a ser melhor Passei seis dias em uma imers\u00e3o intensa. N\u00e3o era um simples treinamento. Era uma jornada. O nome? BYG \u2014 Build Your Growth (Construa Seu Crescimento). O mentor? Rodrigo Di Bernardi. A promessa? Expandir nossa mente, [&hellip;]","og_url":"https:\/\/jornalfatosenoticias.com.br\/index.php\/2025\/01\/30\/a-arte-da-expansao-o-poder-da-rede-certa\/","og_site_name":"Jornal Fatos e Not\u00edcias","article_published_time":"2025-01-30T16:10:54+00:00","article_modified_time":"2025-01-30T16:10:56+00:00","og_image":[{"width":749,"height":711,"url":"https:\/\/jornalfatosenoticias.com.br\/wp-content\/uploads\/2025\/01\/Rodrigo-Di-Bernardi_capa-portal.jpg","type":"image\/jpeg"}],"author":"Milena Rohr","twitter_card":"summary_large_image","twitter_misc":{"Escrito por":"Milena Rohr","Est. tempo de leitura":"3 minutos"},"schema":{"@context":"https:\/\/schema.org","@graph":[{"@type":"Article","@id":"https:\/\/jornalfatosenoticias.com.br\/index.php\/2025\/01\/30\/a-arte-da-expansao-o-poder-da-rede-certa\/#article","isPartOf":{"@id":"https:\/\/jornalfatosenoticias.com.br\/index.php\/2025\/01\/30\/a-arte-da-expansao-o-poder-da-rede-certa\/"},"author":{"name":"Milena Rohr","@id":"https:\/\/jornalfatosenoticias.com.br\/#\/schema\/person\/bd76a40517f387e41cc072b0d3c7d627"},"headline":"A arte da expans\u00e3o: o poder da rede certa","datePublished":"2025-01-30T16:10:54+00:00","dateModified":"2025-01-30T16:10:56+00:00","mainEntityOfPage":{"@id":"https:\/\/jornalfatosenoticias.com.br\/index.php\/2025\/01\/30\/a-arte-da-expansao-o-poder-da-rede-certa\/"},"wordCount":699,"commentCount":0,"publisher":{"@id":"https:\/\/jornalfatosenoticias.com.br\/#organization"},"image":{"@id":"https:\/\/jornalfatosenoticias.com.br\/index.php\/2025\/01\/30\/a-arte-da-expansao-o-poder-da-rede-certa\/#primaryimage"},"thumbnailUrl":"https:\/\/jornalfatosenoticias.com.br\/wp-content\/uploads\/2025\/01\/Rodrigo-Di-Bernardi_capa-portal.jpg","keywords":["legados","l\u00edderes","networking","rede","Rodrigo Di Bernardi"],"articleSection":["Geral"],"inLanguage":"pt-BR","potentialAction":[{"@type":"CommentAction","name":"Comment","target":["https:\/\/jornalfatosenoticias.com.br\/index.php\/2025\/01\/30\/a-arte-da-expansao-o-poder-da-rede-certa\/#respond"]}]},{"@type":"WebPage","@id":"https:\/\/jornalfatosenoticias.com.br\/index.php\/2025\/01\/30\/a-arte-da-expansao-o-poder-da-rede-certa\/","url":"https:\/\/jornalfatosenoticias.com.br\/index.php\/2025\/01\/30\/a-arte-da-expansao-o-poder-da-rede-certa\/","name":"A arte da expans\u00e3o: o poder da rede certa - Jornal Fatos e Not\u00edcias","isPartOf":{"@id":"https:\/\/jornalfatosenoticias.com.br\/#website"},"primaryImageOfPage":{"@id":"https:\/\/jornalfatosenoticias.com.br\/index.php\/2025\/01\/30\/a-arte-da-expansao-o-poder-da-rede-certa\/#primaryimage"},"image":{"@id":"https:\/\/jornalfatosenoticias.com.br\/index.php\/2025\/01\/30\/a-arte-da-expansao-o-poder-da-rede-certa\/#primaryimage"},"thumbnailUrl":"https:\/\/jornalfatosenoticias.com.br\/wp-content\/uploads\/2025\/01\/Rodrigo-Di-Bernardi_capa-portal.jpg","datePublished":"2025-01-30T16:10:54+00:00","dateModified":"2025-01-30T16:10:56+00:00","breadcrumb":{"@id":"https:\/\/jornalfatosenoticias.com.br\/index.php\/2025\/01\/30\/a-arte-da-expansao-o-poder-da-rede-certa\/#breadcrumb"},"inLanguage":"pt-BR","potentialAction":[{"@type":"ReadAction","target":["https:\/\/jornalfatosenoticias.com.br\/index.php\/2025\/01\/30\/a-arte-da-expansao-o-poder-da-rede-certa\/"]}]},{"@type":"ImageObject","inLanguage":"pt-BR","@id":"https:\/\/jornalfatosenoticias.com.br\/index.php\/2025\/01\/30\/a-arte-da-expansao-o-poder-da-rede-certa\/#primaryimage","url":"https:\/\/jornalfatosenoticias.com.br\/wp-content\/uploads\/2025\/01\/Rodrigo-Di-Bernardi_capa-portal.jpg","contentUrl":"https:\/\/jornalfatosenoticias.com.br\/wp-content\/uploads\/2025\/01\/Rodrigo-Di-Bernardi_capa-portal.jpg","width":749,"height":711},{"@type":"BreadcrumbList","@id":"https:\/\/jornalfatosenoticias.com.br\/index.php\/2025\/01\/30\/a-arte-da-expansao-o-poder-da-rede-certa\/#breadcrumb","itemListElement":[{"@type":"ListItem","position":1,"name":"In\u00edcio","item":"https:\/\/jornalfatosenoticias.com.br\/"},{"@type":"ListItem","position":2,"name":"A arte da expans\u00e3o: o poder da rede certa"}]},{"@type":"WebSite","@id":"https:\/\/jornalfatosenoticias.com.br\/#website","url":"https:\/\/jornalfatosenoticias.com.br\/","name":"Jornal Fatos e Not\u00edcias","description":"Not\u00edcias em geral","publisher":{"@id":"https:\/\/jornalfatosenoticias.com.br\/#organization"},"potentialAction":[{"@type":"SearchAction","target":{"@type":"EntryPoint","urlTemplate":"https:\/\/jornalfatosenoticias.com.br\/?s={search_term_string}"},"query-input":{"@type":"PropertyValueSpecification","valueRequired":true,"valueName":"search_term_string"}}],"inLanguage":"pt-BR"},{"@type":"Organization","@id":"https:\/\/jornalfatosenoticias.com.br\/#organization","name":"Jornal Fatos e Not\u00edcias","url":"https:\/\/jornalfatosenoticias.com.br\/","logo":{"@type":"ImageObject","inLanguage":"pt-BR","@id":"https:\/\/jornalfatosenoticias.com.br\/#\/schema\/logo\/image\/","url":"https:\/\/jornalfatosenoticias.com.br\/wp-content\/uploads\/2020\/02\/logo120.png","contentUrl":"https:\/\/jornalfatosenoticias.com.br\/wp-content\/uploads\/2020\/02\/logo120.png","width":1227,"height":120,"caption":"Jornal Fatos e Not\u00edcias"},"image":{"@id":"https:\/\/jornalfatosenoticias.com.br\/#\/schema\/logo\/image\/"}},{"@type":"Person","@id":"https:\/\/jornalfatosenoticias.com.br\/#\/schema\/person\/bd76a40517f387e41cc072b0d3c7d627","name":"Milena Rohr","image":{"@type":"ImageObject","inLanguage":"pt-BR","@id":"https:\/\/jornalfatosenoticias.com.br\/#\/schema\/person\/image\/","url":"https:\/\/jornalfatosenoticias.com.br\/wp-content\/uploads\/2026\/03\/Milena-Rohr_portal-150x150.jpg","contentUrl":"https:\/\/jornalfatosenoticias.com.br\/wp-content\/uploads\/2026\/03\/Milena-Rohr_portal-150x150.jpg","caption":"Milena Rohr"},"description":"Milena Rohr S\u00f3cia e diretora do MasterMind (Funda\u00e7\u00e3o Napoleon Hill), Gestora Empresarial, Embaixadora do BNI, Palestrante, Escritora, Colunista e Mentora FRST do Grupo Falconi","url":"https:\/\/jornalfatosenoticias.com.br\/index.php\/author\/milena-rhor\/"}]}},"cc_featured_image_caption":{"caption_text":"Rodrigo Di Bernardi (Foto: Divulga\u00e7\u00e3o)","source_text":"","source_url":""},"jetpack_featured_media_url":"https:\/\/jornalfatosenoticias.com.br\/wp-content\/uploads\/2025\/01\/Rodrigo-Di-Bernardi_capa-portal.jpg","_links":{"self":[{"href":"https:\/\/jornalfatosenoticias.com.br\/index.php\/wp-json\/wp\/v2\/posts\/57213","targetHints":{"allow":["GET"]}}],"collection":[{"href":"https:\/\/jornalfatosenoticias.com.br\/index.php\/wp-json\/wp\/v2\/posts"}],"about":[{"href":"https:\/\/jornalfatosenoticias.com.br\/index.php\/wp-json\/wp\/v2\/types\/post"}],"author":[{"embeddable":true,"href":"https:\/\/jornalfatosenoticias.com.br\/index.php\/wp-json\/wp\/v2\/users\/37"}],"replies":[{"embeddable":true,"href":"https:\/\/jornalfatosenoticias.com.br\/index.php\/wp-json\/wp\/v2\/comments?post=57213"}],"version-history":[{"count":0,"href":"https:\/\/jornalfatosenoticias.com.br\/index.php\/wp-json\/wp\/v2\/posts\/57213\/revisions"}],"wp:featuredmedia":[{"embeddable":true,"href":"https:\/\/jornalfatosenoticias.com.br\/index.php\/wp-json\/wp\/v2\/media\/57215"}],"wp:attachment":[{"href":"https:\/\/jornalfatosenoticias.com.br\/index.php\/wp-json\/wp\/v2\/media?parent=57213"}],"wp:term":[{"taxonomy":"category","embeddable":true,"href":"https:\/\/jornalfatosenoticias.com.br\/index.php\/wp-json\/wp\/v2\/categories?post=57213"},{"taxonomy":"post_tag","embeddable":true,"href":"https:\/\/jornalfatosenoticias.com.br\/index.php\/wp-json\/wp\/v2\/tags?post=57213"}],"curies":[{"name":"wp","href":"https:\/\/api.w.org\/{rel}","templated":true}]}}