{"id":57223,"date":"2025-01-30T14:35:29","date_gmt":"2025-01-30T17:35:29","guid":{"rendered":"https:\/\/jornalfatosenoticias.com.br\/?p=57223"},"modified":"2025-01-30T14:35:30","modified_gmt":"2025-01-30T17:35:30","slug":"as-macroviolencias-sociais-contra-mulheres-e-criancas-parte-iii","status":"publish","type":"post","link":"https:\/\/jornalfatosenoticias.com.br\/index.php\/2025\/01\/30\/as-macroviolencias-sociais-contra-mulheres-e-criancas-parte-iii\/","title":{"rendered":"As Macroviol\u00eancias Sociais contra Mulheres e Crian\u00e7as \u2014 Parte III"},"content":{"rendered":"\n<p><em><span class=\"has-inline-color has-black-color\">A Maternidade, enquanto \u00fanico Poder da Mulher passou a ser alvo de depreda\u00e7\u00e3o. E seu exerc\u00edcio saud\u00e1vel \u00e9 um chamariz de viol\u00eancia. Sua palavra no que tange essa Maternidade \u00e9 desacreditada, desvalorizada<\/span><\/em><\/p>\n\n\n\n<div class=\"wp-block-image\"><figure class=\"aligncenter size-large\"><a href=\"https:\/\/mizu.com.br\/\"><img loading=\"lazy\" decoding=\"async\" width=\"729\" height=\"90\" src=\"https:\/\/jornalfatosenoticias.com.br\/wp-content\/uploads\/2020\/02\/Logo_Mizu.png\" alt=\"\" class=\"wp-image-1441\" srcset=\"https:\/\/jornalfatosenoticias.com.br\/wp-content\/uploads\/2020\/02\/Logo_Mizu.png 729w, https:\/\/jornalfatosenoticias.com.br\/wp-content\/uploads\/2020\/02\/Logo_Mizu-300x37.png 300w\" sizes=\"auto, (max-width: 729px) 100vw, 729px\" \/><\/a><\/figure><\/div>\n\n\n\n<p>Na era p\u00f3s-moderna a Psiquiatria deu um empurr\u00e3o, mais um, no \u00f3dio pela Mulher. A sexualidade feminina e os primeiros sinais de rea\u00e7\u00e3o \u00e0 submiss\u00e3o absoluta ao Homem, entendido como o chefe e provedor \u00fanico da prole, o dono da fam\u00edlia, foram interpretados e tipificados em Patologia Mental. A leitura feita pelos psiquiatras e neurologistas da \u00e9poca denominou como Histeria essas manifesta\u00e7\u00f5es femininas, arroubos do \u00fatero. Histeria vem de Hysterus, o \u00fatero. Hist\u00e9rica = louca. Essa denomina\u00e7\u00e3o sequenciou a denomina\u00e7\u00e3o de bruxa que devia ser queimada. A \u201cbruxa\u201d era aquela mulher que tinha conhecimento de ervas e plantas e curava doen\u00e7as que m\u00e9dicos homens n\u00e3o curavam. Portanto, merecia a fogueira por tamanha ousadia.<\/p>\n\n\n\n<div class=\"wp-block-image\"><figure class=\"aligncenter size-large\"><a href=\"http:\/\/www.ferrarimaquinas.com.br\/\"><img loading=\"lazy\" decoding=\"async\" width=\"300\" height=\"250\" src=\"https:\/\/jornalfatosenoticias.com.br\/wp-content\/uploads\/2022\/02\/FERRARI_MAQUINAS-E-FERRAMENTAS2.jpg\" alt=\"\" class=\"wp-image-27860\"\/><\/a><\/figure><\/div>\n\n\n\n<p>Antes disso, e desde sempre, a mulher \u00e9 odiada porque \u00e9 ela que, segundo hist\u00f3ria religiosa, conversa com o diabo\/serpente, seduzindo em seguida o pobre homem, sendo, portanto, a culpada por todo o sofrimento de todos os humanos. Portadora da maldade.<\/p>\n\n\n\n<div class=\"wp-block-image\"><figure class=\"aligncenter size-large is-resized\"><a href=\"https:\/\/hotelmarquetti.com.br\/\"><img loading=\"lazy\" decoding=\"async\" src=\"https:\/\/jornalfatosenoticias.com.br\/wp-content\/uploads\/2023\/03\/nova-logo-Marquetti.jpg\" alt=\"\" class=\"wp-image-40207\" width=\"337\" height=\"226\" srcset=\"https:\/\/jornalfatosenoticias.com.br\/wp-content\/uploads\/2023\/03\/nova-logo-Marquetti.jpg 643w, https:\/\/jornalfatosenoticias.com.br\/wp-content\/uploads\/2023\/03\/nova-logo-Marquetti-300x202.jpg 300w\" sizes=\"auto, (max-width: 337px) 100vw, 337px\" \/><\/a><\/figure><\/div>\n\n\n\n<p>Restou-lhe apenas a capacidade de gerar e de amamentar garantindo a sobreviv\u00eancia dos descendentes humanos. A Maternidade, enquanto \u00fanico Poder da Mulher passou a ser alvo de depreda\u00e7\u00e3o. E seu exerc\u00edcio saud\u00e1vel \u00e9 um chamariz de viol\u00eancia. Sua palavra no que tange essa Maternidade \u00e9 desacreditada, desvalorizada, e acaba por ser alojada no canto da deprecia\u00e7\u00e3o. Afinal, \u00e9 uma hist\u00e9rica, uma desequilibrada, uma louca. \u00c9-lhe atribu\u00edda tamanha periculosidade que \u00e9 proibida de ter qualquer contato com aquele que tentou proteger do predador incestuoso.<\/p>\n\n\n\n<div class=\"wp-block-image\"><figure class=\"aligncenter size-large\"><img loading=\"lazy\" decoding=\"async\" width=\"612\" height=\"383\" src=\"https:\/\/jornalfatosenoticias.com.br\/wp-content\/uploads\/2025\/01\/Macroviolencias-Sociais-contra-Mulheres-e-Criancas3_istock.jpg\" alt=\"\" class=\"wp-image-57227\" srcset=\"https:\/\/jornalfatosenoticias.com.br\/wp-content\/uploads\/2025\/01\/Macroviolencias-Sociais-contra-Mulheres-e-Criancas3_istock.jpg 612w, https:\/\/jornalfatosenoticias.com.br\/wp-content\/uploads\/2025\/01\/Macroviolencias-Sociais-contra-Mulheres-e-Criancas3_istock-300x188.jpg 300w, https:\/\/jornalfatosenoticias.com.br\/wp-content\/uploads\/2025\/01\/Macroviolencias-Sociais-contra-Mulheres-e-Criancas3_istock-350x220.jpg 350w\" sizes=\"auto, (max-width: 612px) 100vw, 612px\" \/><figcaption><em><span class=\"has-inline-color has-black-color\">(Foto: iStock)<\/span><\/em><\/figcaption><\/figure><\/div>\n\n\n\n<p>Penso que nesse ponto, quando lhe \u00e9 atribu\u00edda a defini\u00e7\u00e3o de alt\u00edssima periculosidade, os fantasmas da mulher que conversa com o diabo sobrevoam as mentes de ju\u00edzos que creem na idolatria da seita mis\u00f3gina. E Mulher e Crian\u00e7a s\u00e3o tachadas de mentirosas. Quantas vezes ocorre uma Viol\u00eancia Institucional praticada por um juiz de fam\u00edlia que amea\u00e7ando a m\u00e3e, \u201cvoc\u00ea n\u00e3o vai mais ver seu filho na vida\u201d, aos berros, coagindo abertamente a m\u00e3e que denunciou estupro de vulner\u00e1vel perpetrado pelo genitor, obtendo uma assinatura em prantos dessa m\u00e3e. A Retrata\u00e7\u00e3o criminosa passa a ser a \u00fanica verdade, n\u00e3o importando mais nenhuma prova nem mesmo exame de corpo de delito atestando positividade para estupro.<\/p>\n\n\n\n<div class=\"wp-block-image\"><figure class=\"aligncenter size-large is-resized\"><a href=\"https:\/\/www.instagram.com\/ligadossaborespizzaria\/\"><img loading=\"lazy\" decoding=\"async\" src=\"https:\/\/jornalfatosenoticias.com.br\/wp-content\/uploads\/2024\/09\/WhatsApp-Image-2024-09-14-at-22.46.10-819x1024.jpeg\" alt=\"\" class=\"wp-image-54180\" width=\"299\" height=\"374\" srcset=\"https:\/\/jornalfatosenoticias.com.br\/wp-content\/uploads\/2024\/09\/WhatsApp-Image-2024-09-14-at-22.46.10-819x1024.jpeg 819w, https:\/\/jornalfatosenoticias.com.br\/wp-content\/uploads\/2024\/09\/WhatsApp-Image-2024-09-14-at-22.46.10-240x300.jpeg 240w, https:\/\/jornalfatosenoticias.com.br\/wp-content\/uploads\/2024\/09\/WhatsApp-Image-2024-09-14-at-22.46.10-768x960.jpeg 768w, https:\/\/jornalfatosenoticias.com.br\/wp-content\/uploads\/2024\/09\/WhatsApp-Image-2024-09-14-at-22.46.10.jpeg 1024w\" sizes=\"auto, (max-width: 299px) 100vw, 299px\" \/><\/a><\/figure><\/div>\n\n\n\n<p>Talvez alguns pensem que isso \u00e9 uma exce\u00e7\u00e3o, e que se restringir\u00e1 \u00e0quela m\u00e3e e \u00e0quela crian\u00e7a. N\u00e3o devemos ser ing\u00eanuos. Primeiro porque se tornou corriqueiro. Segundo porque h\u00e1 desdobramentos das consequ\u00eancias e sequelas tanto na m\u00e3e quanto na crian\u00e7a. Isso atinge a sociedade toda. Pode n\u00e3o parecer. O segredo de justi\u00e7a n\u00e3o consegue apagar porque, a partir desse momento, nada ser\u00e1 como antes. A omiss\u00e3o do entorno n\u00e3o apaga os fatos. A verdade sempre aparece, mesmo que seja depois de um estrago irrevers\u00edvel. S\u00f3 o \u00f3bito de m\u00e3e e crian\u00e7a pode cessar a viol\u00eancia que prossegue. Mas os \u00f3bitos falam por si s\u00f3. Mas eles n\u00e3o ser\u00e3o contabilizados como tendo sido causados por erro jurisdicional. J\u00e1 aconteceu de se tornar pe\u00e7a de defesa do Criminoso pela alega\u00e7\u00e3o de que o pobre homem perdeu a cabe\u00e7a e matou a m\u00e3e, ou a crian\u00e7a, ou as duas, porque estava sofrendo aliena\u00e7\u00e3o parental por parte da m\u00e3e. \u00c9 inacredit\u00e1vel a invers\u00e3o perversa.<\/p>\n\n\n\n<div class=\"wp-block-image\"><figure class=\"aligncenter size-large\"><img loading=\"lazy\" decoding=\"async\" width=\"612\" height=\"408\" src=\"https:\/\/jornalfatosenoticias.com.br\/wp-content\/uploads\/2025\/01\/Macroviolencias-Sociais-contra-Mulheres_istock-1.jpg\" alt=\"\" class=\"wp-image-57225\" srcset=\"https:\/\/jornalfatosenoticias.com.br\/wp-content\/uploads\/2025\/01\/Macroviolencias-Sociais-contra-Mulheres_istock-1.jpg 612w, https:\/\/jornalfatosenoticias.com.br\/wp-content\/uploads\/2025\/01\/Macroviolencias-Sociais-contra-Mulheres_istock-1-300x200.jpg 300w\" sizes=\"auto, (max-width: 612px) 100vw, 612px\" \/><figcaption><em><span class=\"has-inline-color has-black-color\">(Foto: iStock)<\/span><\/em><\/figcaption><\/figure><\/div>\n\n\n\n<p>Se temos a Lei Maria da Penha que se prop\u00f5e a combater cinco tipos de viol\u00eancia contra a mulher, sua implementa\u00e7\u00e3o n\u00e3o avan\u00e7a. Quando precisamos intervir numa Delegacia de Mulher, dita especializada para acolher essas den\u00fancias, porque o inspetor se nega a fazer o boletim de ocorr\u00eancia (B.O.) porque ele, (ELE) n\u00e3o est\u00e1 vendo os hematomas do espancamento que uma mulher sofreu do marido, desesperada em choro, est\u00e1 relatando, e temos que entrar com nossa palavra branca, n\u00e3o nos damos conta que em pele negra os hematomas s\u00e3o, dificilmente, enxergados. Nosso par\u00e2metro \u00e9 de marcas em pele branca. Os hematomas da alma que estavam, claramente, expostos por aquela mulher, n\u00e3o importam. S\u00e3o loucas, mentirosas, hist\u00e9ricas.<\/p>\n\n\n\n<div class=\"wp-block-image\"><figure class=\"aligncenter size-large is-resized\"><a href=\"https:\/\/www.instagram.com\/restaurantepegoretti\/\"><img loading=\"lazy\" decoding=\"async\" src=\"https:\/\/jornalfatosenoticias.com.br\/wp-content\/uploads\/2023\/12\/pegoretti-logo-pdf-1024x389.jpg\" alt=\"\" class=\"wp-image-47536\" width=\"424\" height=\"161\" srcset=\"https:\/\/jornalfatosenoticias.com.br\/wp-content\/uploads\/2023\/12\/pegoretti-logo-pdf-1024x389.jpg 1024w, https:\/\/jornalfatosenoticias.com.br\/wp-content\/uploads\/2023\/12\/pegoretti-logo-pdf-300x114.jpg 300w, https:\/\/jornalfatosenoticias.com.br\/wp-content\/uploads\/2023\/12\/pegoretti-logo-pdf-768x291.jpg 768w, https:\/\/jornalfatosenoticias.com.br\/wp-content\/uploads\/2023\/12\/pegoretti-logo-pdf.jpg 1120w\" sizes=\"auto, (max-width: 424px) 100vw, 424px\" \/><\/a><\/figure><\/div>\n\n\n\n<p>A OMS divulgou que mais de dois milh\u00f5es de pessoas morrem por ano por Erro M\u00e9dico. N\u00f3s engrossamos essa soma. Mas j\u00e1 demos a solu\u00e7\u00e3o. Criatividade n\u00e3o falta. Ficou abolido o termo \u201cErro M\u00e9dico\u201d no Brasil. Agora vamos cham\u00e1-lo de: \u201cSitua\u00e7\u00e3o Adversa da Sa\u00fade\u201d. Pronto. N\u00e3o tem mais erro m\u00e9dico por aqui. Substituindo o termo, mata-se o fato.<\/p>\n\n\n\n<div class=\"wp-block-image\"><figure class=\"aligncenter size-large\"><a href=\"https:\/\/cesconetto.com.br\/\"><img loading=\"lazy\" decoding=\"async\" width=\"300\" height=\"250\" src=\"https:\/\/jornalfatosenoticias.com.br\/wp-content\/uploads\/2020\/02\/Banner-2.png\" alt=\"\" class=\"wp-image-43787\"\/><\/a><\/figure><\/div>\n\n\n\n<p>Assim vem sendo feito com o Estupro de Vulner\u00e1vel Intrafamiliar, a forma mais frequente. \u00c9 aliena\u00e7\u00e3o parental da m\u00e3e. N\u00e3o importa se esse termo n\u00e3o tem cientificidade, n\u00e3o tem fundamenta\u00e7\u00e3o te\u00f3rica. J\u00e1 foi montada at\u00e9 uma Escala de Aliena\u00e7\u00e3o Parental, que se diz \u201ccient\u00edfica\u201d, sem expor os crit\u00e9rios cient\u00edficos, as pesquisas rigorosas. Uma checklist que contraria toda a Ci\u00eancia da Psicologia.<br>Mas, como no caso do Erro M\u00e9dico, que vai ser extinto em breve, para dar lugar \u00e0 Situa\u00e7\u00e3o Adversa da Sa\u00fade, n\u00e3o existe mais abuso sexual intrafamiliar de Crian\u00e7a. Tudo \u00e9 aliena\u00e7\u00e3o parental de m\u00e3e louca. S\u00e3o Macroviol\u00eancias Sociais contra Mulheres e Crian\u00e7as.<\/p>\n\n\n\n<div class=\"wp-block-image\"><figure class=\"aligncenter size-large\"><a href=\"https:\/\/www.facebook.com\/vetor.vix\/\"><img loading=\"lazy\" decoding=\"async\" width=\"1024\" height=\"273\" src=\"https:\/\/jornalfatosenoticias.com.br\/wp-content\/uploads\/2023\/09\/vetorvix1024_1.jpg\" alt=\"\" class=\"wp-image-44868\" srcset=\"https:\/\/jornalfatosenoticias.com.br\/wp-content\/uploads\/2023\/09\/vetorvix1024_1.jpg 1024w, https:\/\/jornalfatosenoticias.com.br\/wp-content\/uploads\/2023\/09\/vetorvix1024_1-300x80.jpg 300w, https:\/\/jornalfatosenoticias.com.br\/wp-content\/uploads\/2023\/09\/vetorvix1024_1-768x205.jpg 768w\" sizes=\"auto, (max-width: 1024px) 100vw, 1024px\" \/><\/a><\/figure><\/div>\n","protected":false},"excerpt":{"rendered":"<p>A Maternidade, enquanto \u00fanico Poder da Mulher passou a ser alvo de depreda\u00e7\u00e3o. E seu exerc\u00edcio saud\u00e1vel \u00e9 um chamariz de viol\u00eancia. Sua palavra no que tange essa Maternidade \u00e9 desacreditada, desvalorizada Na era p\u00f3s-moderna a Psiquiatria deu um empurr\u00e3o, mais um, no \u00f3dio pela Mulher. A sexualidade feminina e os primeiros sinais de rea\u00e7\u00e3o [&hellip;]<\/p>\n","protected":false},"author":8,"featured_media":57226,"comment_status":"open","ping_status":"open","sticky":false,"template":"","format":"standard","meta":{"footnotes":""},"categories":[2522],"tags":[670,26116,4553,2479],"class_list":["post-57223","post","type-post","status-publish","format-standard","has-post-thumbnail","hentry","category-comportamento","tag-criancas","tag-macroviolencias","tag-maternidade","tag-violencia"],"yoast_head":"<!-- This site is optimized with the Yoast SEO plugin v26.5 - https:\/\/yoast.com\/wordpress\/plugins\/seo\/ -->\n<title>As Macroviol\u00eancias Sociais contra Mulheres e Crian\u00e7as \u2014 Parte III - Jornal Fatos e Not\u00edcias<\/title>\n<meta name=\"robots\" content=\"index, follow, max-snippet:-1, max-image-preview:large, max-video-preview:-1\" \/>\n<link rel=\"canonical\" href=\"https:\/\/jornalfatosenoticias.com.br\/index.php\/2025\/01\/30\/as-macroviolencias-sociais-contra-mulheres-e-criancas-parte-iii\/\" \/>\n<meta property=\"og:locale\" content=\"pt_BR\" \/>\n<meta property=\"og:type\" content=\"article\" \/>\n<meta property=\"og:title\" content=\"As Macroviol\u00eancias Sociais contra Mulheres e Crian\u00e7as \u2014 Parte III - Jornal Fatos e Not\u00edcias\" \/>\n<meta property=\"og:description\" content=\"A Maternidade, enquanto \u00fanico Poder da Mulher passou a ser alvo de depreda\u00e7\u00e3o. E seu exerc\u00edcio saud\u00e1vel \u00e9 um chamariz de viol\u00eancia. Sua palavra no que tange essa Maternidade \u00e9 desacreditada, desvalorizada Na era p\u00f3s-moderna a Psiquiatria deu um empurr\u00e3o, mais um, no \u00f3dio pela Mulher. A sexualidade feminina e os primeiros sinais de rea\u00e7\u00e3o [&hellip;]\" \/>\n<meta property=\"og:url\" content=\"https:\/\/jornalfatosenoticias.com.br\/index.php\/2025\/01\/30\/as-macroviolencias-sociais-contra-mulheres-e-criancas-parte-iii\/\" \/>\n<meta property=\"og:site_name\" content=\"Jornal Fatos e Not\u00edcias\" \/>\n<meta property=\"article:published_time\" content=\"2025-01-30T17:35:29+00:00\" \/>\n<meta property=\"article:modified_time\" content=\"2025-01-30T17:35:30+00:00\" \/>\n<meta property=\"og:image\" content=\"https:\/\/jornalfatosenoticias.com.br\/wp-content\/uploads\/2025\/01\/Macroviolencias-Sociais-contra-Mulheres-e-Criancas2_istock.jpg\" \/>\n\t<meta property=\"og:image:width\" content=\"612\" \/>\n\t<meta property=\"og:image:height\" content=\"408\" \/>\n\t<meta property=\"og:image:type\" content=\"image\/jpeg\" \/>\n<meta name=\"author\" content=\"Ana Maria Iencarelli\" \/>\n<meta name=\"twitter:card\" content=\"summary_large_image\" \/>\n<meta name=\"twitter:label1\" content=\"Escrito por\" \/>\n\t<meta name=\"twitter:data1\" content=\"Ana Maria Iencarelli\" \/>\n\t<meta name=\"twitter:label2\" content=\"Est. tempo de leitura\" \/>\n\t<meta name=\"twitter:data2\" content=\"5 minutos\" \/>\n<script type=\"application\/ld+json\" class=\"yoast-schema-graph\">{\"@context\":\"https:\/\/schema.org\",\"@graph\":[{\"@type\":\"Article\",\"@id\":\"https:\/\/jornalfatosenoticias.com.br\/index.php\/2025\/01\/30\/as-macroviolencias-sociais-contra-mulheres-e-criancas-parte-iii\/#article\",\"isPartOf\":{\"@id\":\"https:\/\/jornalfatosenoticias.com.br\/index.php\/2025\/01\/30\/as-macroviolencias-sociais-contra-mulheres-e-criancas-parte-iii\/\"},\"author\":{\"name\":\"Ana Maria Iencarelli\",\"@id\":\"https:\/\/jornalfatosenoticias.com.br\/#\/schema\/person\/c33fcf5fb02d729d3fec92c6737a22d1\"},\"headline\":\"As Macroviol\u00eancias Sociais contra Mulheres e Crian\u00e7as \u2014 Parte III\",\"datePublished\":\"2025-01-30T17:35:29+00:00\",\"dateModified\":\"2025-01-30T17:35:30+00:00\",\"mainEntityOfPage\":{\"@id\":\"https:\/\/jornalfatosenoticias.com.br\/index.php\/2025\/01\/30\/as-macroviolencias-sociais-contra-mulheres-e-criancas-parte-iii\/\"},\"wordCount\":937,\"commentCount\":0,\"publisher\":{\"@id\":\"https:\/\/jornalfatosenoticias.com.br\/#organization\"},\"image\":{\"@id\":\"https:\/\/jornalfatosenoticias.com.br\/index.php\/2025\/01\/30\/as-macroviolencias-sociais-contra-mulheres-e-criancas-parte-iii\/#primaryimage\"},\"thumbnailUrl\":\"https:\/\/jornalfatosenoticias.com.br\/wp-content\/uploads\/2025\/01\/Macroviolencias-Sociais-contra-Mulheres-e-Criancas2_istock.jpg\",\"keywords\":[\"crian\u00e7as\",\"macroviol\u00eancias\",\"maternidade\",\"viol\u00eancia\"],\"articleSection\":[\"Comportamento &amp; Equil\u00edbrio\"],\"inLanguage\":\"pt-BR\",\"potentialAction\":[{\"@type\":\"CommentAction\",\"name\":\"Comment\",\"target\":[\"https:\/\/jornalfatosenoticias.com.br\/index.php\/2025\/01\/30\/as-macroviolencias-sociais-contra-mulheres-e-criancas-parte-iii\/#respond\"]}]},{\"@type\":\"WebPage\",\"@id\":\"https:\/\/jornalfatosenoticias.com.br\/index.php\/2025\/01\/30\/as-macroviolencias-sociais-contra-mulheres-e-criancas-parte-iii\/\",\"url\":\"https:\/\/jornalfatosenoticias.com.br\/index.php\/2025\/01\/30\/as-macroviolencias-sociais-contra-mulheres-e-criancas-parte-iii\/\",\"name\":\"As Macroviol\u00eancias Sociais contra Mulheres e Crian\u00e7as \u2014 Parte III - Jornal Fatos e Not\u00edcias\",\"isPartOf\":{\"@id\":\"https:\/\/jornalfatosenoticias.com.br\/#website\"},\"primaryImageOfPage\":{\"@id\":\"https:\/\/jornalfatosenoticias.com.br\/index.php\/2025\/01\/30\/as-macroviolencias-sociais-contra-mulheres-e-criancas-parte-iii\/#primaryimage\"},\"image\":{\"@id\":\"https:\/\/jornalfatosenoticias.com.br\/index.php\/2025\/01\/30\/as-macroviolencias-sociais-contra-mulheres-e-criancas-parte-iii\/#primaryimage\"},\"thumbnailUrl\":\"https:\/\/jornalfatosenoticias.com.br\/wp-content\/uploads\/2025\/01\/Macroviolencias-Sociais-contra-Mulheres-e-Criancas2_istock.jpg\",\"datePublished\":\"2025-01-30T17:35:29+00:00\",\"dateModified\":\"2025-01-30T17:35:30+00:00\",\"breadcrumb\":{\"@id\":\"https:\/\/jornalfatosenoticias.com.br\/index.php\/2025\/01\/30\/as-macroviolencias-sociais-contra-mulheres-e-criancas-parte-iii\/#breadcrumb\"},\"inLanguage\":\"pt-BR\",\"potentialAction\":[{\"@type\":\"ReadAction\",\"target\":[\"https:\/\/jornalfatosenoticias.com.br\/index.php\/2025\/01\/30\/as-macroviolencias-sociais-contra-mulheres-e-criancas-parte-iii\/\"]}]},{\"@type\":\"ImageObject\",\"inLanguage\":\"pt-BR\",\"@id\":\"https:\/\/jornalfatosenoticias.com.br\/index.php\/2025\/01\/30\/as-macroviolencias-sociais-contra-mulheres-e-criancas-parte-iii\/#primaryimage\",\"url\":\"https:\/\/jornalfatosenoticias.com.br\/wp-content\/uploads\/2025\/01\/Macroviolencias-Sociais-contra-Mulheres-e-Criancas2_istock.jpg\",\"contentUrl\":\"https:\/\/jornalfatosenoticias.com.br\/wp-content\/uploads\/2025\/01\/Macroviolencias-Sociais-contra-Mulheres-e-Criancas2_istock.jpg\",\"width\":612,\"height\":408,\"caption\":\"woman and child is the victim of aggressive man\"},{\"@type\":\"BreadcrumbList\",\"@id\":\"https:\/\/jornalfatosenoticias.com.br\/index.php\/2025\/01\/30\/as-macroviolencias-sociais-contra-mulheres-e-criancas-parte-iii\/#breadcrumb\",\"itemListElement\":[{\"@type\":\"ListItem\",\"position\":1,\"name\":\"In\u00edcio\",\"item\":\"https:\/\/jornalfatosenoticias.com.br\/\"},{\"@type\":\"ListItem\",\"position\":2,\"name\":\"As Macroviol\u00eancias Sociais contra Mulheres e Crian\u00e7as \u2014 Parte III\"}]},{\"@type\":\"WebSite\",\"@id\":\"https:\/\/jornalfatosenoticias.com.br\/#website\",\"url\":\"https:\/\/jornalfatosenoticias.com.br\/\",\"name\":\"Jornal Fatos e Not\u00edcias\",\"description\":\"Not\u00edcias em geral\",\"publisher\":{\"@id\":\"https:\/\/jornalfatosenoticias.com.br\/#organization\"},\"potentialAction\":[{\"@type\":\"SearchAction\",\"target\":{\"@type\":\"EntryPoint\",\"urlTemplate\":\"https:\/\/jornalfatosenoticias.com.br\/?s={search_term_string}\"},\"query-input\":{\"@type\":\"PropertyValueSpecification\",\"valueRequired\":true,\"valueName\":\"search_term_string\"}}],\"inLanguage\":\"pt-BR\"},{\"@type\":\"Organization\",\"@id\":\"https:\/\/jornalfatosenoticias.com.br\/#organization\",\"name\":\"Jornal Fatos e Not\u00edcias\",\"url\":\"https:\/\/jornalfatosenoticias.com.br\/\",\"logo\":{\"@type\":\"ImageObject\",\"inLanguage\":\"pt-BR\",\"@id\":\"https:\/\/jornalfatosenoticias.com.br\/#\/schema\/logo\/image\/\",\"url\":\"https:\/\/jornalfatosenoticias.com.br\/wp-content\/uploads\/2020\/02\/logo120.png\",\"contentUrl\":\"https:\/\/jornalfatosenoticias.com.br\/wp-content\/uploads\/2020\/02\/logo120.png\",\"width\":1227,\"height\":120,\"caption\":\"Jornal Fatos e Not\u00edcias\"},\"image\":{\"@id\":\"https:\/\/jornalfatosenoticias.com.br\/#\/schema\/logo\/image\/\"}},{\"@type\":\"Person\",\"@id\":\"https:\/\/jornalfatosenoticias.com.br\/#\/schema\/person\/c33fcf5fb02d729d3fec92c6737a22d1\",\"name\":\"Ana Maria Iencarelli\",\"image\":{\"@type\":\"ImageObject\",\"inLanguage\":\"pt-BR\",\"@id\":\"https:\/\/jornalfatosenoticias.com.br\/#\/schema\/person\/image\/\",\"url\":\"https:\/\/jornalfatosenoticias.com.br\/wp-content\/uploads\/2020\/02\/Ana-Maria-Iencarelli-1-150x150.jpg\",\"contentUrl\":\"https:\/\/jornalfatosenoticias.com.br\/wp-content\/uploads\/2020\/02\/Ana-Maria-Iencarelli-1-150x150.jpg\",\"caption\":\"Ana Maria Iencarelli\"},\"description\":\"Psicanalista Cl\u00ednica, especializada no atendimento a Crian\u00e7as e Adolescentes. Presidente da ONG Vozes de Anjos.\",\"url\":\"https:\/\/jornalfatosenoticias.com.br\/index.php\/author\/anamaria\/\"}]}<\/script>\n<!-- \/ Yoast SEO plugin. -->","yoast_head_json":{"title":"As Macroviol\u00eancias Sociais contra Mulheres e Crian\u00e7as \u2014 Parte III - Jornal Fatos e Not\u00edcias","robots":{"index":"index","follow":"follow","max-snippet":"max-snippet:-1","max-image-preview":"max-image-preview:large","max-video-preview":"max-video-preview:-1"},"canonical":"https:\/\/jornalfatosenoticias.com.br\/index.php\/2025\/01\/30\/as-macroviolencias-sociais-contra-mulheres-e-criancas-parte-iii\/","og_locale":"pt_BR","og_type":"article","og_title":"As Macroviol\u00eancias Sociais contra Mulheres e Crian\u00e7as \u2014 Parte III - Jornal Fatos e Not\u00edcias","og_description":"A Maternidade, enquanto \u00fanico Poder da Mulher passou a ser alvo de depreda\u00e7\u00e3o. E seu exerc\u00edcio saud\u00e1vel \u00e9 um chamariz de viol\u00eancia. Sua palavra no que tange essa Maternidade \u00e9 desacreditada, desvalorizada Na era p\u00f3s-moderna a Psiquiatria deu um empurr\u00e3o, mais um, no \u00f3dio pela Mulher. A sexualidade feminina e os primeiros sinais de rea\u00e7\u00e3o [&hellip;]","og_url":"https:\/\/jornalfatosenoticias.com.br\/index.php\/2025\/01\/30\/as-macroviolencias-sociais-contra-mulheres-e-criancas-parte-iii\/","og_site_name":"Jornal Fatos e Not\u00edcias","article_published_time":"2025-01-30T17:35:29+00:00","article_modified_time":"2025-01-30T17:35:30+00:00","og_image":[{"width":612,"height":408,"url":"https:\/\/jornalfatosenoticias.com.br\/wp-content\/uploads\/2025\/01\/Macroviolencias-Sociais-contra-Mulheres-e-Criancas2_istock.jpg","type":"image\/jpeg"}],"author":"Ana Maria Iencarelli","twitter_card":"summary_large_image","twitter_misc":{"Escrito por":"Ana Maria Iencarelli","Est. tempo de leitura":"5 minutos"},"schema":{"@context":"https:\/\/schema.org","@graph":[{"@type":"Article","@id":"https:\/\/jornalfatosenoticias.com.br\/index.php\/2025\/01\/30\/as-macroviolencias-sociais-contra-mulheres-e-criancas-parte-iii\/#article","isPartOf":{"@id":"https:\/\/jornalfatosenoticias.com.br\/index.php\/2025\/01\/30\/as-macroviolencias-sociais-contra-mulheres-e-criancas-parte-iii\/"},"author":{"name":"Ana Maria Iencarelli","@id":"https:\/\/jornalfatosenoticias.com.br\/#\/schema\/person\/c33fcf5fb02d729d3fec92c6737a22d1"},"headline":"As Macroviol\u00eancias Sociais contra Mulheres e Crian\u00e7as \u2014 Parte III","datePublished":"2025-01-30T17:35:29+00:00","dateModified":"2025-01-30T17:35:30+00:00","mainEntityOfPage":{"@id":"https:\/\/jornalfatosenoticias.com.br\/index.php\/2025\/01\/30\/as-macroviolencias-sociais-contra-mulheres-e-criancas-parte-iii\/"},"wordCount":937,"commentCount":0,"publisher":{"@id":"https:\/\/jornalfatosenoticias.com.br\/#organization"},"image":{"@id":"https:\/\/jornalfatosenoticias.com.br\/index.php\/2025\/01\/30\/as-macroviolencias-sociais-contra-mulheres-e-criancas-parte-iii\/#primaryimage"},"thumbnailUrl":"https:\/\/jornalfatosenoticias.com.br\/wp-content\/uploads\/2025\/01\/Macroviolencias-Sociais-contra-Mulheres-e-Criancas2_istock.jpg","keywords":["crian\u00e7as","macroviol\u00eancias","maternidade","viol\u00eancia"],"articleSection":["Comportamento &amp; Equil\u00edbrio"],"inLanguage":"pt-BR","potentialAction":[{"@type":"CommentAction","name":"Comment","target":["https:\/\/jornalfatosenoticias.com.br\/index.php\/2025\/01\/30\/as-macroviolencias-sociais-contra-mulheres-e-criancas-parte-iii\/#respond"]}]},{"@type":"WebPage","@id":"https:\/\/jornalfatosenoticias.com.br\/index.php\/2025\/01\/30\/as-macroviolencias-sociais-contra-mulheres-e-criancas-parte-iii\/","url":"https:\/\/jornalfatosenoticias.com.br\/index.php\/2025\/01\/30\/as-macroviolencias-sociais-contra-mulheres-e-criancas-parte-iii\/","name":"As Macroviol\u00eancias Sociais contra Mulheres e Crian\u00e7as \u2014 Parte III - Jornal Fatos e Not\u00edcias","isPartOf":{"@id":"https:\/\/jornalfatosenoticias.com.br\/#website"},"primaryImageOfPage":{"@id":"https:\/\/jornalfatosenoticias.com.br\/index.php\/2025\/01\/30\/as-macroviolencias-sociais-contra-mulheres-e-criancas-parte-iii\/#primaryimage"},"image":{"@id":"https:\/\/jornalfatosenoticias.com.br\/index.php\/2025\/01\/30\/as-macroviolencias-sociais-contra-mulheres-e-criancas-parte-iii\/#primaryimage"},"thumbnailUrl":"https:\/\/jornalfatosenoticias.com.br\/wp-content\/uploads\/2025\/01\/Macroviolencias-Sociais-contra-Mulheres-e-Criancas2_istock.jpg","datePublished":"2025-01-30T17:35:29+00:00","dateModified":"2025-01-30T17:35:30+00:00","breadcrumb":{"@id":"https:\/\/jornalfatosenoticias.com.br\/index.php\/2025\/01\/30\/as-macroviolencias-sociais-contra-mulheres-e-criancas-parte-iii\/#breadcrumb"},"inLanguage":"pt-BR","potentialAction":[{"@type":"ReadAction","target":["https:\/\/jornalfatosenoticias.com.br\/index.php\/2025\/01\/30\/as-macroviolencias-sociais-contra-mulheres-e-criancas-parte-iii\/"]}]},{"@type":"ImageObject","inLanguage":"pt-BR","@id":"https:\/\/jornalfatosenoticias.com.br\/index.php\/2025\/01\/30\/as-macroviolencias-sociais-contra-mulheres-e-criancas-parte-iii\/#primaryimage","url":"https:\/\/jornalfatosenoticias.com.br\/wp-content\/uploads\/2025\/01\/Macroviolencias-Sociais-contra-Mulheres-e-Criancas2_istock.jpg","contentUrl":"https:\/\/jornalfatosenoticias.com.br\/wp-content\/uploads\/2025\/01\/Macroviolencias-Sociais-contra-Mulheres-e-Criancas2_istock.jpg","width":612,"height":408,"caption":"woman and child is the victim of aggressive man"},{"@type":"BreadcrumbList","@id":"https:\/\/jornalfatosenoticias.com.br\/index.php\/2025\/01\/30\/as-macroviolencias-sociais-contra-mulheres-e-criancas-parte-iii\/#breadcrumb","itemListElement":[{"@type":"ListItem","position":1,"name":"In\u00edcio","item":"https:\/\/jornalfatosenoticias.com.br\/"},{"@type":"ListItem","position":2,"name":"As Macroviol\u00eancias Sociais contra Mulheres e Crian\u00e7as \u2014 Parte III"}]},{"@type":"WebSite","@id":"https:\/\/jornalfatosenoticias.com.br\/#website","url":"https:\/\/jornalfatosenoticias.com.br\/","name":"Jornal Fatos e Not\u00edcias","description":"Not\u00edcias em geral","publisher":{"@id":"https:\/\/jornalfatosenoticias.com.br\/#organization"},"potentialAction":[{"@type":"SearchAction","target":{"@type":"EntryPoint","urlTemplate":"https:\/\/jornalfatosenoticias.com.br\/?s={search_term_string}"},"query-input":{"@type":"PropertyValueSpecification","valueRequired":true,"valueName":"search_term_string"}}],"inLanguage":"pt-BR"},{"@type":"Organization","@id":"https:\/\/jornalfatosenoticias.com.br\/#organization","name":"Jornal Fatos e Not\u00edcias","url":"https:\/\/jornalfatosenoticias.com.br\/","logo":{"@type":"ImageObject","inLanguage":"pt-BR","@id":"https:\/\/jornalfatosenoticias.com.br\/#\/schema\/logo\/image\/","url":"https:\/\/jornalfatosenoticias.com.br\/wp-content\/uploads\/2020\/02\/logo120.png","contentUrl":"https:\/\/jornalfatosenoticias.com.br\/wp-content\/uploads\/2020\/02\/logo120.png","width":1227,"height":120,"caption":"Jornal Fatos e Not\u00edcias"},"image":{"@id":"https:\/\/jornalfatosenoticias.com.br\/#\/schema\/logo\/image\/"}},{"@type":"Person","@id":"https:\/\/jornalfatosenoticias.com.br\/#\/schema\/person\/c33fcf5fb02d729d3fec92c6737a22d1","name":"Ana Maria Iencarelli","image":{"@type":"ImageObject","inLanguage":"pt-BR","@id":"https:\/\/jornalfatosenoticias.com.br\/#\/schema\/person\/image\/","url":"https:\/\/jornalfatosenoticias.com.br\/wp-content\/uploads\/2020\/02\/Ana-Maria-Iencarelli-1-150x150.jpg","contentUrl":"https:\/\/jornalfatosenoticias.com.br\/wp-content\/uploads\/2020\/02\/Ana-Maria-Iencarelli-1-150x150.jpg","caption":"Ana Maria Iencarelli"},"description":"Psicanalista Cl\u00ednica, especializada no atendimento a Crian\u00e7as e Adolescentes. Presidente da ONG Vozes de Anjos.","url":"https:\/\/jornalfatosenoticias.com.br\/index.php\/author\/anamaria\/"}]}},"cc_featured_image_caption":{"caption_text":"(Foto: iStock) ","source_text":"","source_url":""},"jetpack_featured_media_url":"https:\/\/jornalfatosenoticias.com.br\/wp-content\/uploads\/2025\/01\/Macroviolencias-Sociais-contra-Mulheres-e-Criancas2_istock.jpg","_links":{"self":[{"href":"https:\/\/jornalfatosenoticias.com.br\/index.php\/wp-json\/wp\/v2\/posts\/57223","targetHints":{"allow":["GET"]}}],"collection":[{"href":"https:\/\/jornalfatosenoticias.com.br\/index.php\/wp-json\/wp\/v2\/posts"}],"about":[{"href":"https:\/\/jornalfatosenoticias.com.br\/index.php\/wp-json\/wp\/v2\/types\/post"}],"author":[{"embeddable":true,"href":"https:\/\/jornalfatosenoticias.com.br\/index.php\/wp-json\/wp\/v2\/users\/8"}],"replies":[{"embeddable":true,"href":"https:\/\/jornalfatosenoticias.com.br\/index.php\/wp-json\/wp\/v2\/comments?post=57223"}],"version-history":[{"count":0,"href":"https:\/\/jornalfatosenoticias.com.br\/index.php\/wp-json\/wp\/v2\/posts\/57223\/revisions"}],"wp:featuredmedia":[{"embeddable":true,"href":"https:\/\/jornalfatosenoticias.com.br\/index.php\/wp-json\/wp\/v2\/media\/57226"}],"wp:attachment":[{"href":"https:\/\/jornalfatosenoticias.com.br\/index.php\/wp-json\/wp\/v2\/media?parent=57223"}],"wp:term":[{"taxonomy":"category","embeddable":true,"href":"https:\/\/jornalfatosenoticias.com.br\/index.php\/wp-json\/wp\/v2\/categories?post=57223"},{"taxonomy":"post_tag","embeddable":true,"href":"https:\/\/jornalfatosenoticias.com.br\/index.php\/wp-json\/wp\/v2\/tags?post=57223"}],"curies":[{"name":"wp","href":"https:\/\/api.w.org\/{rel}","templated":true}]}}