{"id":57279,"date":"2025-02-03T15:49:39","date_gmt":"2025-02-03T18:49:39","guid":{"rendered":"https:\/\/jornalfatosenoticias.com.br\/?p=57279"},"modified":"2025-02-03T15:49:42","modified_gmt":"2025-02-03T18:49:42","slug":"metodo-bukele-presidente-de-el-salvador-coloca-40-dos-presos-para-trabalhar","status":"publish","type":"post","link":"https:\/\/jornalfatosenoticias.com.br\/index.php\/2025\/02\/03\/metodo-bukele-presidente-de-el-salvador-coloca-40-dos-presos-para-trabalhar\/","title":{"rendered":"M\u00e9todo Bukele: presidente de El Salvador coloca 40% dos presos para trabalhar"},"content":{"rendered":"\n<p><em><span class=\"has-inline-color has-black-color\">O presidente de El Salvador, Nayib Bukele, colocou 40% da popula\u00e7\u00e3o carcer\u00e1ria do pa\u00eds para trabalhar. Em v\u00eddeo publicado nas redes<\/span><\/em><\/p>\n\n\n\n<div class=\"wp-block-image\"><figure class=\"aligncenter size-large\"><a href=\"https:\/\/mizu.com.br\/\"><img loading=\"lazy\" decoding=\"async\" width=\"729\" height=\"90\" src=\"https:\/\/jornalfatosenoticias.com.br\/wp-content\/uploads\/2020\/02\/Logo_Mizu.png\" alt=\"\" class=\"wp-image-1441\" srcset=\"https:\/\/jornalfatosenoticias.com.br\/wp-content\/uploads\/2020\/02\/Logo_Mizu.png 729w, https:\/\/jornalfatosenoticias.com.br\/wp-content\/uploads\/2020\/02\/Logo_Mizu-300x37.png 300w\" sizes=\"auto, (max-width: 729px) 100vw, 729px\" \/><\/a><\/figure><\/div>\n\n\n\n<p>Em uma iniciativa in\u00e9dita e pol\u00eamica, o presidente de El Salvador, Nayib Bukele, anunciou que 40% da popula\u00e7\u00e3o carcer\u00e1ria do pa\u00eds passar\u00e1 a participar de um programa de trabalho que visa contribuir para obras de infraestrutura e a reintegra\u00e7\u00e3o social dos internos.<br>O novo esquema, denominado \u201cPrograma Zero \u00d3cio\u201d, mobilizar\u00e1 os detentos para atuarem em projetos essenciais, como a constru\u00e7\u00e3o de rodovias, hospitais e escolas, al\u00e9m de tarefas como a confec\u00e7\u00e3o de m\u00f3veis, o plantio de alimentos e a limpeza de rios. <strong>De acordo com Bukele, o programa \u201cn\u00e3o inclui assassinos e estupradores\u201d,<\/strong> garantindo que apenas presos considerados aptos para a ressocializa\u00e7\u00e3o sejam inclu\u00eddos. Em troca, os participantes ter\u00e3o direito \u00e0 redu\u00e7\u00e3o de pena enquanto adquirem habilidades que poder\u00e3o auxili\u00e1-los na inser\u00e7\u00e3o no mercado de trabalho.<\/p>\n\n\n\n<div class=\"wp-block-image\"><figure class=\"aligncenter size-large is-resized\"><a href=\"https:\/\/www.facebook.com\/profile.php?id=100069289606145\"><img loading=\"lazy\" decoding=\"async\" src=\"https:\/\/jornalfatosenoticias.com.br\/wp-content\/uploads\/2024\/11\/Guaitolini-Contabilidade-1024x714.jpeg\" alt=\"\" class=\"wp-image-55808\" width=\"324\" height=\"226\" srcset=\"https:\/\/jornalfatosenoticias.com.br\/wp-content\/uploads\/2024\/11\/Guaitolini-Contabilidade-1024x714.jpeg 1024w, https:\/\/jornalfatosenoticias.com.br\/wp-content\/uploads\/2024\/11\/Guaitolini-Contabilidade-300x209.jpeg 300w, https:\/\/jornalfatosenoticias.com.br\/wp-content\/uploads\/2024\/11\/Guaitolini-Contabilidade-768x535.jpeg 768w, https:\/\/jornalfatosenoticias.com.br\/wp-content\/uploads\/2024\/11\/Guaitolini-Contabilidade.jpeg 1280w\" sizes=\"auto, (max-width: 324px) 100vw, 324px\" \/><\/a><\/figure><\/div>\n\n\n\n<p>A medida faz parte de uma pol\u00edtica de seguran\u00e7a p\u00fablica que tem sido um dos pilares do governo, contribuindo para a diminui\u00e7\u00e3o dos \u00edndices de criminalidade no pa\u00eds. Segundo o presidente, <strong>os presos v\u00e3o ajudar a construir rodovias, hospitais e escolas,<\/strong> transformando o ambiente carcer\u00e1rio em um espa\u00e7o de aprendizado e produ\u00e7\u00e3o social. A proposta busca, assim, fazer com que os reclusos \u201cpaguem a d\u00edvida\u201d que t\u00eam com a sociedade por meio do trabalho, promovendo ao mesmo tempo a moderniza\u00e7\u00e3o do sistema penitenci\u00e1rio.<\/p>\n\n\n\n<div class=\"wp-block-image\"><figure class=\"aligncenter size-large is-resized\"><a href=\"https:\/\/www.instagram.com\/restaurantepegoretti\/\"><img loading=\"lazy\" decoding=\"async\" src=\"https:\/\/jornalfatosenoticias.com.br\/wp-content\/uploads\/2023\/12\/pegoretti-logo-pdf-1024x389.jpg\" alt=\"\" class=\"wp-image-47536\" width=\"430\" height=\"163\" srcset=\"https:\/\/jornalfatosenoticias.com.br\/wp-content\/uploads\/2023\/12\/pegoretti-logo-pdf-1024x389.jpg 1024w, https:\/\/jornalfatosenoticias.com.br\/wp-content\/uploads\/2023\/12\/pegoretti-logo-pdf-300x114.jpg 300w, https:\/\/jornalfatosenoticias.com.br\/wp-content\/uploads\/2023\/12\/pegoretti-logo-pdf-768x291.jpg 768w, https:\/\/jornalfatosenoticias.com.br\/wp-content\/uploads\/2023\/12\/pegoretti-logo-pdf.jpg 1120w\" sizes=\"auto, (max-width: 430px) 100vw, 430px\" \/><\/a><\/figure><\/div>\n\n\n\n<p>Al\u00e9m disso, o presidente comentou que, embora j\u00e1 tenha mantido di\u00e1logos com outros l\u00edderes internacionais sobre o tema, <strong>\u201cfalei algumas vezes com o p Lula, mas ele nunca me mencionou a quest\u00e3o da seguran\u00e7a\u201d,<\/strong> refor\u00e7ando a singularidade de sua abordagem. Essa estrat\u00e9gia tem atra\u00eddo elogios de diversos setores, que veem no modelo uma refer\u00eancia inovadora para pa\u00edses que enfrentam desafios similares em mat\u00e9ria de seguran\u00e7a e gest\u00e3o do sistema prisional.<\/p>\n\n\n\n<div class=\"wp-block-image\"><figure class=\"aligncenter size-large is-resized\"><a href=\"https:\/\/www.ithbrasil.com.br\/\"><img loading=\"lazy\" decoding=\"async\" src=\"https:\/\/jornalfatosenoticias.com.br\/wp-content\/uploads\/2023\/08\/ITH.jpeg\" alt=\"\" class=\"wp-image-44638\" width=\"295\" height=\"240\" srcset=\"https:\/\/jornalfatosenoticias.com.br\/wp-content\/uploads\/2023\/08\/ITH.jpeg 800w, https:\/\/jornalfatosenoticias.com.br\/wp-content\/uploads\/2023\/08\/ITH-300x244.jpeg 300w, https:\/\/jornalfatosenoticias.com.br\/wp-content\/uploads\/2023\/08\/ITH-768x624.jpeg 768w\" sizes=\"auto, (max-width: 295px) 100vw, 295px\" \/><\/a><\/figure><\/div>\n\n\n\n<p>A implementa\u00e7\u00e3o do \u201cPrograma Zero \u00d3cio\u201d representa uma tentativa de conciliar a necessidade de combater a superlota\u00e7\u00e3o carcer\u00e1ria com a de promover a transforma\u00e7\u00e3o pessoal dos presos. Se bem-sucedido, o modelo poder\u00e1 servir de exemplo para outras na\u00e7\u00f5es, contribuindo para a redu\u00e7\u00e3o dos \u00edndices de criminalidade e a promo\u00e7\u00e3o de avan\u00e7os significativos na seguran\u00e7a p\u00fablica.<\/p>\n\n\n\n<figure class=\"wp-block-embed-youtube wp-block-embed is-type-video is-provider-youtube wp-embed-aspect-16-9 wp-has-aspect-ratio\"><div class=\"wp-block-embed__wrapper\">\n<iframe loading=\"lazy\" title=\"NAYIB BUKELE vai COLOCAR 40% DOS PRESOS para TRABALHAR PELO PA\u00cdS: MODELO DE SUCESSO ou ESCRAVID\u00c3O?\" width=\"660\" height=\"371\" src=\"https:\/\/www.youtube.com\/embed\/fDHYLBm6-7U?feature=oembed\" frameborder=\"0\" allow=\"accelerometer; autoplay; clipboard-write; encrypted-media; gyroscope; picture-in-picture; web-share\" referrerpolicy=\"strict-origin-when-cross-origin\" allowfullscreen><\/iframe>\n<\/div><\/figure>\n\n\n\n<p><strong><em>Fonte: <a href=\"https:\/\/portalpaulinia.com\/metodo-bukele-presidente-de-el-salvador-coloca-40-dos-presos-para-trabalhar-em-obras-essenciais\/\">Portal Paul\u00ednia<\/a><\/em><\/strong><\/p>\n","protected":false},"excerpt":{"rendered":"<p>O presidente de El Salvador, Nayib Bukele, colocou 40% da popula\u00e7\u00e3o carcer\u00e1ria do pa\u00eds para trabalhar. Em v\u00eddeo publicado nas redes Em uma iniciativa in\u00e9dita e pol\u00eamica, o presidente de El Salvador, Nayib Bukele, anunciou que 40% da popula\u00e7\u00e3o carcer\u00e1ria do pa\u00eds passar\u00e1 a participar de um programa de trabalho que visa contribuir para obras [&hellip;]<\/p>\n","protected":false},"author":2,"featured_media":55013,"comment_status":"open","ping_status":"open","sticky":false,"template":"","format":"standard","meta":{"footnotes":""},"categories":[41],"tags":[20904,20905,5542,26149],"class_list":["post-57279","post","type-post","status-publish","format-standard","has-post-thumbnail","hentry","category-internacional","tag-el-salvador","tag-nayib-bukele","tag-presos","tag-programa-zero-ocio"],"yoast_head":"<!-- This site is optimized with the Yoast SEO plugin v26.5 - https:\/\/yoast.com\/wordpress\/plugins\/seo\/ -->\n<title>M\u00e9todo Bukele: presidente de El Salvador coloca 40% dos presos para trabalhar - Jornal Fatos e Not\u00edcias<\/title>\n<meta name=\"robots\" content=\"index, follow, max-snippet:-1, max-image-preview:large, max-video-preview:-1\" \/>\n<link rel=\"canonical\" href=\"https:\/\/jornalfatosenoticias.com.br\/index.php\/2025\/02\/03\/metodo-bukele-presidente-de-el-salvador-coloca-40-dos-presos-para-trabalhar\/\" \/>\n<meta property=\"og:locale\" content=\"pt_BR\" \/>\n<meta property=\"og:type\" content=\"article\" \/>\n<meta property=\"og:title\" content=\"M\u00e9todo Bukele: presidente de El Salvador coloca 40% dos presos para trabalhar - Jornal Fatos e Not\u00edcias\" \/>\n<meta property=\"og:description\" content=\"O presidente de El Salvador, Nayib Bukele, colocou 40% da popula\u00e7\u00e3o carcer\u00e1ria do pa\u00eds para trabalhar. Em v\u00eddeo publicado nas redes Em uma iniciativa in\u00e9dita e pol\u00eamica, o presidente de El Salvador, Nayib Bukele, anunciou que 40% da popula\u00e7\u00e3o carcer\u00e1ria do pa\u00eds passar\u00e1 a participar de um programa de trabalho que visa contribuir para obras [&hellip;]\" \/>\n<meta property=\"og:url\" content=\"https:\/\/jornalfatosenoticias.com.br\/index.php\/2025\/02\/03\/metodo-bukele-presidente-de-el-salvador-coloca-40-dos-presos-para-trabalhar\/\" \/>\n<meta property=\"og:site_name\" content=\"Jornal Fatos e Not\u00edcias\" \/>\n<meta property=\"article:published_time\" content=\"2025-02-03T18:49:39+00:00\" \/>\n<meta property=\"article:modified_time\" content=\"2025-02-03T18:49:42+00:00\" \/>\n<meta property=\"og:image\" content=\"https:\/\/jornalfatosenoticias.com.br\/wp-content\/uploads\/2024\/10\/el-salvador_gettyimages.jpg\" \/>\n\t<meta property=\"og:image:width\" content=\"612\" \/>\n\t<meta property=\"og:image:height\" content=\"408\" \/>\n\t<meta property=\"og:image:type\" content=\"image\/jpeg\" \/>\n<meta name=\"author\" content=\"Luzimara Fernandes\" \/>\n<meta name=\"twitter:card\" content=\"summary_large_image\" \/>\n<meta name=\"twitter:label1\" content=\"Escrito por\" \/>\n\t<meta name=\"twitter:data1\" content=\"Luzimara Fernandes\" \/>\n\t<meta name=\"twitter:label2\" content=\"Est. tempo de leitura\" \/>\n\t<meta name=\"twitter:data2\" content=\"2 minutos\" \/>\n<script type=\"application\/ld+json\" class=\"yoast-schema-graph\">{\"@context\":\"https:\/\/schema.org\",\"@graph\":[{\"@type\":\"Article\",\"@id\":\"https:\/\/jornalfatosenoticias.com.br\/index.php\/2025\/02\/03\/metodo-bukele-presidente-de-el-salvador-coloca-40-dos-presos-para-trabalhar\/#article\",\"isPartOf\":{\"@id\":\"https:\/\/jornalfatosenoticias.com.br\/index.php\/2025\/02\/03\/metodo-bukele-presidente-de-el-salvador-coloca-40-dos-presos-para-trabalhar\/\"},\"author\":{\"name\":\"Luzimara Fernandes\",\"@id\":\"https:\/\/jornalfatosenoticias.com.br\/#\/schema\/person\/d63837fa13ac8666eb9e74e0985d6f81\"},\"headline\":\"M\u00e9todo Bukele: presidente de El Salvador coloca 40% dos presos para trabalhar\",\"datePublished\":\"2025-02-03T18:49:39+00:00\",\"dateModified\":\"2025-02-03T18:49:42+00:00\",\"mainEntityOfPage\":{\"@id\":\"https:\/\/jornalfatosenoticias.com.br\/index.php\/2025\/02\/03\/metodo-bukele-presidente-de-el-salvador-coloca-40-dos-presos-para-trabalhar\/\"},\"wordCount\":435,\"commentCount\":0,\"publisher\":{\"@id\":\"https:\/\/jornalfatosenoticias.com.br\/#organization\"},\"image\":{\"@id\":\"https:\/\/jornalfatosenoticias.com.br\/index.php\/2025\/02\/03\/metodo-bukele-presidente-de-el-salvador-coloca-40-dos-presos-para-trabalhar\/#primaryimage\"},\"thumbnailUrl\":\"https:\/\/jornalfatosenoticias.com.br\/wp-content\/uploads\/2024\/10\/el-salvador_gettyimages.jpg\",\"keywords\":[\"El Salvador\",\"Nayib Bukele\",\"presos\",\"Programa Zero \u00d3cio\"],\"articleSection\":[\"Internacional\"],\"inLanguage\":\"pt-BR\",\"potentialAction\":[{\"@type\":\"CommentAction\",\"name\":\"Comment\",\"target\":[\"https:\/\/jornalfatosenoticias.com.br\/index.php\/2025\/02\/03\/metodo-bukele-presidente-de-el-salvador-coloca-40-dos-presos-para-trabalhar\/#respond\"]}]},{\"@type\":\"WebPage\",\"@id\":\"https:\/\/jornalfatosenoticias.com.br\/index.php\/2025\/02\/03\/metodo-bukele-presidente-de-el-salvador-coloca-40-dos-presos-para-trabalhar\/\",\"url\":\"https:\/\/jornalfatosenoticias.com.br\/index.php\/2025\/02\/03\/metodo-bukele-presidente-de-el-salvador-coloca-40-dos-presos-para-trabalhar\/\",\"name\":\"M\u00e9todo Bukele: presidente de El Salvador coloca 40% dos presos para trabalhar - Jornal Fatos e Not\u00edcias\",\"isPartOf\":{\"@id\":\"https:\/\/jornalfatosenoticias.com.br\/#website\"},\"primaryImageOfPage\":{\"@id\":\"https:\/\/jornalfatosenoticias.com.br\/index.php\/2025\/02\/03\/metodo-bukele-presidente-de-el-salvador-coloca-40-dos-presos-para-trabalhar\/#primaryimage\"},\"image\":{\"@id\":\"https:\/\/jornalfatosenoticias.com.br\/index.php\/2025\/02\/03\/metodo-bukele-presidente-de-el-salvador-coloca-40-dos-presos-para-trabalhar\/#primaryimage\"},\"thumbnailUrl\":\"https:\/\/jornalfatosenoticias.com.br\/wp-content\/uploads\/2024\/10\/el-salvador_gettyimages.jpg\",\"datePublished\":\"2025-02-03T18:49:39+00:00\",\"dateModified\":\"2025-02-03T18:49:42+00:00\",\"breadcrumb\":{\"@id\":\"https:\/\/jornalfatosenoticias.com.br\/index.php\/2025\/02\/03\/metodo-bukele-presidente-de-el-salvador-coloca-40-dos-presos-para-trabalhar\/#breadcrumb\"},\"inLanguage\":\"pt-BR\",\"potentialAction\":[{\"@type\":\"ReadAction\",\"target\":[\"https:\/\/jornalfatosenoticias.com.br\/index.php\/2025\/02\/03\/metodo-bukele-presidente-de-el-salvador-coloca-40-dos-presos-para-trabalhar\/\"]}]},{\"@type\":\"ImageObject\",\"inLanguage\":\"pt-BR\",\"@id\":\"https:\/\/jornalfatosenoticias.com.br\/index.php\/2025\/02\/03\/metodo-bukele-presidente-de-el-salvador-coloca-40-dos-presos-para-trabalhar\/#primaryimage\",\"url\":\"https:\/\/jornalfatosenoticias.com.br\/wp-content\/uploads\/2024\/10\/el-salvador_gettyimages.jpg\",\"contentUrl\":\"https:\/\/jornalfatosenoticias.com.br\/wp-content\/uploads\/2024\/10\/el-salvador_gettyimages.jpg\",\"width\":612,\"height\":408,\"caption\":\"El Salvador's President Nayib Bukele speaks before some 14,000 soldiers gathered in a field near a military barracks on the outskirts of the town of San Juan Opico, 35 km west of San Salvador, on November 23, 2022. - The president of El Salvador, Nayib Bukele, announced on Wednesday that police and soldiers will set up \\\"fences\\\" in cities to search for gang members who have not been arrested as part of the war against these groups, which has already left 58,000 detainees. (Photo by Marvin RECINOS \/ AFP) (Photo by MARVIN RECINOS\/AFP via Getty Images)\"},{\"@type\":\"BreadcrumbList\",\"@id\":\"https:\/\/jornalfatosenoticias.com.br\/index.php\/2025\/02\/03\/metodo-bukele-presidente-de-el-salvador-coloca-40-dos-presos-para-trabalhar\/#breadcrumb\",\"itemListElement\":[{\"@type\":\"ListItem\",\"position\":1,\"name\":\"In\u00edcio\",\"item\":\"https:\/\/jornalfatosenoticias.com.br\/\"},{\"@type\":\"ListItem\",\"position\":2,\"name\":\"M\u00e9todo Bukele: presidente de El Salvador coloca 40% dos presos para trabalhar\"}]},{\"@type\":\"WebSite\",\"@id\":\"https:\/\/jornalfatosenoticias.com.br\/#website\",\"url\":\"https:\/\/jornalfatosenoticias.com.br\/\",\"name\":\"Jornal Fatos e Not\u00edcias\",\"description\":\"Not\u00edcias em geral\",\"publisher\":{\"@id\":\"https:\/\/jornalfatosenoticias.com.br\/#organization\"},\"potentialAction\":[{\"@type\":\"SearchAction\",\"target\":{\"@type\":\"EntryPoint\",\"urlTemplate\":\"https:\/\/jornalfatosenoticias.com.br\/?s={search_term_string}\"},\"query-input\":{\"@type\":\"PropertyValueSpecification\",\"valueRequired\":true,\"valueName\":\"search_term_string\"}}],\"inLanguage\":\"pt-BR\"},{\"@type\":\"Organization\",\"@id\":\"https:\/\/jornalfatosenoticias.com.br\/#organization\",\"name\":\"Jornal Fatos e Not\u00edcias\",\"url\":\"https:\/\/jornalfatosenoticias.com.br\/\",\"logo\":{\"@type\":\"ImageObject\",\"inLanguage\":\"pt-BR\",\"@id\":\"https:\/\/jornalfatosenoticias.com.br\/#\/schema\/logo\/image\/\",\"url\":\"https:\/\/jornalfatosenoticias.com.br\/wp-content\/uploads\/2020\/02\/logo120.png\",\"contentUrl\":\"https:\/\/jornalfatosenoticias.com.br\/wp-content\/uploads\/2020\/02\/logo120.png\",\"width\":1227,\"height\":120,\"caption\":\"Jornal Fatos e Not\u00edcias\"},\"image\":{\"@id\":\"https:\/\/jornalfatosenoticias.com.br\/#\/schema\/logo\/image\/\"}},{\"@type\":\"Person\",\"@id\":\"https:\/\/jornalfatosenoticias.com.br\/#\/schema\/person\/d63837fa13ac8666eb9e74e0985d6f81\",\"name\":\"Luzimara Fernandes\",\"image\":{\"@type\":\"ImageObject\",\"inLanguage\":\"pt-BR\",\"@id\":\"https:\/\/jornalfatosenoticias.com.br\/#\/schema\/person\/image\/\",\"url\":\"https:\/\/jornalfatosenoticias.com.br\/wp-content\/uploads\/2025\/05\/EU_portal.jpg\",\"contentUrl\":\"https:\/\/jornalfatosenoticias.com.br\/wp-content\/uploads\/2025\/05\/EU_portal.jpg\",\"caption\":\"Luzimara Fernandes\"},\"description\":\"Jornalista MTB 2358-ES\",\"sameAs\":[\"https:\/\/jornalfatosenoticias.com.br\"],\"url\":\"https:\/\/jornalfatosenoticias.com.br\/index.php\/author\/luzimara\/\"}]}<\/script>\n<!-- \/ Yoast SEO plugin. -->","yoast_head_json":{"title":"M\u00e9todo Bukele: presidente de El Salvador coloca 40% dos presos para trabalhar - Jornal Fatos e Not\u00edcias","robots":{"index":"index","follow":"follow","max-snippet":"max-snippet:-1","max-image-preview":"max-image-preview:large","max-video-preview":"max-video-preview:-1"},"canonical":"https:\/\/jornalfatosenoticias.com.br\/index.php\/2025\/02\/03\/metodo-bukele-presidente-de-el-salvador-coloca-40-dos-presos-para-trabalhar\/","og_locale":"pt_BR","og_type":"article","og_title":"M\u00e9todo Bukele: presidente de El Salvador coloca 40% dos presos para trabalhar - Jornal Fatos e Not\u00edcias","og_description":"O presidente de El Salvador, Nayib Bukele, colocou 40% da popula\u00e7\u00e3o carcer\u00e1ria do pa\u00eds para trabalhar. Em v\u00eddeo publicado nas redes Em uma iniciativa in\u00e9dita e pol\u00eamica, o presidente de El Salvador, Nayib Bukele, anunciou que 40% da popula\u00e7\u00e3o carcer\u00e1ria do pa\u00eds passar\u00e1 a participar de um programa de trabalho que visa contribuir para obras [&hellip;]","og_url":"https:\/\/jornalfatosenoticias.com.br\/index.php\/2025\/02\/03\/metodo-bukele-presidente-de-el-salvador-coloca-40-dos-presos-para-trabalhar\/","og_site_name":"Jornal Fatos e Not\u00edcias","article_published_time":"2025-02-03T18:49:39+00:00","article_modified_time":"2025-02-03T18:49:42+00:00","og_image":[{"width":612,"height":408,"url":"https:\/\/jornalfatosenoticias.com.br\/wp-content\/uploads\/2024\/10\/el-salvador_gettyimages.jpg","type":"image\/jpeg"}],"author":"Luzimara Fernandes","twitter_card":"summary_large_image","twitter_misc":{"Escrito por":"Luzimara Fernandes","Est. tempo de leitura":"2 minutos"},"schema":{"@context":"https:\/\/schema.org","@graph":[{"@type":"Article","@id":"https:\/\/jornalfatosenoticias.com.br\/index.php\/2025\/02\/03\/metodo-bukele-presidente-de-el-salvador-coloca-40-dos-presos-para-trabalhar\/#article","isPartOf":{"@id":"https:\/\/jornalfatosenoticias.com.br\/index.php\/2025\/02\/03\/metodo-bukele-presidente-de-el-salvador-coloca-40-dos-presos-para-trabalhar\/"},"author":{"name":"Luzimara Fernandes","@id":"https:\/\/jornalfatosenoticias.com.br\/#\/schema\/person\/d63837fa13ac8666eb9e74e0985d6f81"},"headline":"M\u00e9todo Bukele: presidente de El Salvador coloca 40% dos presos para trabalhar","datePublished":"2025-02-03T18:49:39+00:00","dateModified":"2025-02-03T18:49:42+00:00","mainEntityOfPage":{"@id":"https:\/\/jornalfatosenoticias.com.br\/index.php\/2025\/02\/03\/metodo-bukele-presidente-de-el-salvador-coloca-40-dos-presos-para-trabalhar\/"},"wordCount":435,"commentCount":0,"publisher":{"@id":"https:\/\/jornalfatosenoticias.com.br\/#organization"},"image":{"@id":"https:\/\/jornalfatosenoticias.com.br\/index.php\/2025\/02\/03\/metodo-bukele-presidente-de-el-salvador-coloca-40-dos-presos-para-trabalhar\/#primaryimage"},"thumbnailUrl":"https:\/\/jornalfatosenoticias.com.br\/wp-content\/uploads\/2024\/10\/el-salvador_gettyimages.jpg","keywords":["El Salvador","Nayib Bukele","presos","Programa Zero \u00d3cio"],"articleSection":["Internacional"],"inLanguage":"pt-BR","potentialAction":[{"@type":"CommentAction","name":"Comment","target":["https:\/\/jornalfatosenoticias.com.br\/index.php\/2025\/02\/03\/metodo-bukele-presidente-de-el-salvador-coloca-40-dos-presos-para-trabalhar\/#respond"]}]},{"@type":"WebPage","@id":"https:\/\/jornalfatosenoticias.com.br\/index.php\/2025\/02\/03\/metodo-bukele-presidente-de-el-salvador-coloca-40-dos-presos-para-trabalhar\/","url":"https:\/\/jornalfatosenoticias.com.br\/index.php\/2025\/02\/03\/metodo-bukele-presidente-de-el-salvador-coloca-40-dos-presos-para-trabalhar\/","name":"M\u00e9todo Bukele: presidente de El Salvador coloca 40% dos presos para trabalhar - Jornal Fatos e Not\u00edcias","isPartOf":{"@id":"https:\/\/jornalfatosenoticias.com.br\/#website"},"primaryImageOfPage":{"@id":"https:\/\/jornalfatosenoticias.com.br\/index.php\/2025\/02\/03\/metodo-bukele-presidente-de-el-salvador-coloca-40-dos-presos-para-trabalhar\/#primaryimage"},"image":{"@id":"https:\/\/jornalfatosenoticias.com.br\/index.php\/2025\/02\/03\/metodo-bukele-presidente-de-el-salvador-coloca-40-dos-presos-para-trabalhar\/#primaryimage"},"thumbnailUrl":"https:\/\/jornalfatosenoticias.com.br\/wp-content\/uploads\/2024\/10\/el-salvador_gettyimages.jpg","datePublished":"2025-02-03T18:49:39+00:00","dateModified":"2025-02-03T18:49:42+00:00","breadcrumb":{"@id":"https:\/\/jornalfatosenoticias.com.br\/index.php\/2025\/02\/03\/metodo-bukele-presidente-de-el-salvador-coloca-40-dos-presos-para-trabalhar\/#breadcrumb"},"inLanguage":"pt-BR","potentialAction":[{"@type":"ReadAction","target":["https:\/\/jornalfatosenoticias.com.br\/index.php\/2025\/02\/03\/metodo-bukele-presidente-de-el-salvador-coloca-40-dos-presos-para-trabalhar\/"]}]},{"@type":"ImageObject","inLanguage":"pt-BR","@id":"https:\/\/jornalfatosenoticias.com.br\/index.php\/2025\/02\/03\/metodo-bukele-presidente-de-el-salvador-coloca-40-dos-presos-para-trabalhar\/#primaryimage","url":"https:\/\/jornalfatosenoticias.com.br\/wp-content\/uploads\/2024\/10\/el-salvador_gettyimages.jpg","contentUrl":"https:\/\/jornalfatosenoticias.com.br\/wp-content\/uploads\/2024\/10\/el-salvador_gettyimages.jpg","width":612,"height":408,"caption":"El Salvador's President Nayib Bukele speaks before some 14,000 soldiers gathered in a field near a military barracks on the outskirts of the town of San Juan Opico, 35 km west of San Salvador, on November 23, 2022. - The president of El Salvador, Nayib Bukele, announced on Wednesday that police and soldiers will set up \"fences\" in cities to search for gang members who have not been arrested as part of the war against these groups, which has already left 58,000 detainees. (Photo by Marvin RECINOS \/ AFP) (Photo by MARVIN RECINOS\/AFP via Getty Images)"},{"@type":"BreadcrumbList","@id":"https:\/\/jornalfatosenoticias.com.br\/index.php\/2025\/02\/03\/metodo-bukele-presidente-de-el-salvador-coloca-40-dos-presos-para-trabalhar\/#breadcrumb","itemListElement":[{"@type":"ListItem","position":1,"name":"In\u00edcio","item":"https:\/\/jornalfatosenoticias.com.br\/"},{"@type":"ListItem","position":2,"name":"M\u00e9todo Bukele: presidente de El Salvador coloca 40% dos presos para trabalhar"}]},{"@type":"WebSite","@id":"https:\/\/jornalfatosenoticias.com.br\/#website","url":"https:\/\/jornalfatosenoticias.com.br\/","name":"Jornal Fatos e Not\u00edcias","description":"Not\u00edcias em geral","publisher":{"@id":"https:\/\/jornalfatosenoticias.com.br\/#organization"},"potentialAction":[{"@type":"SearchAction","target":{"@type":"EntryPoint","urlTemplate":"https:\/\/jornalfatosenoticias.com.br\/?s={search_term_string}"},"query-input":{"@type":"PropertyValueSpecification","valueRequired":true,"valueName":"search_term_string"}}],"inLanguage":"pt-BR"},{"@type":"Organization","@id":"https:\/\/jornalfatosenoticias.com.br\/#organization","name":"Jornal Fatos e Not\u00edcias","url":"https:\/\/jornalfatosenoticias.com.br\/","logo":{"@type":"ImageObject","inLanguage":"pt-BR","@id":"https:\/\/jornalfatosenoticias.com.br\/#\/schema\/logo\/image\/","url":"https:\/\/jornalfatosenoticias.com.br\/wp-content\/uploads\/2020\/02\/logo120.png","contentUrl":"https:\/\/jornalfatosenoticias.com.br\/wp-content\/uploads\/2020\/02\/logo120.png","width":1227,"height":120,"caption":"Jornal Fatos e Not\u00edcias"},"image":{"@id":"https:\/\/jornalfatosenoticias.com.br\/#\/schema\/logo\/image\/"}},{"@type":"Person","@id":"https:\/\/jornalfatosenoticias.com.br\/#\/schema\/person\/d63837fa13ac8666eb9e74e0985d6f81","name":"Luzimara Fernandes","image":{"@type":"ImageObject","inLanguage":"pt-BR","@id":"https:\/\/jornalfatosenoticias.com.br\/#\/schema\/person\/image\/","url":"https:\/\/jornalfatosenoticias.com.br\/wp-content\/uploads\/2025\/05\/EU_portal.jpg","contentUrl":"https:\/\/jornalfatosenoticias.com.br\/wp-content\/uploads\/2025\/05\/EU_portal.jpg","caption":"Luzimara Fernandes"},"description":"Jornalista MTB 2358-ES","sameAs":["https:\/\/jornalfatosenoticias.com.br"],"url":"https:\/\/jornalfatosenoticias.com.br\/index.php\/author\/luzimara\/"}]}},"cc_featured_image_caption":{"caption_text":"(Foto: Getty Images)","source_text":"","source_url":""},"jetpack_featured_media_url":"https:\/\/jornalfatosenoticias.com.br\/wp-content\/uploads\/2024\/10\/el-salvador_gettyimages.jpg","_links":{"self":[{"href":"https:\/\/jornalfatosenoticias.com.br\/index.php\/wp-json\/wp\/v2\/posts\/57279","targetHints":{"allow":["GET"]}}],"collection":[{"href":"https:\/\/jornalfatosenoticias.com.br\/index.php\/wp-json\/wp\/v2\/posts"}],"about":[{"href":"https:\/\/jornalfatosenoticias.com.br\/index.php\/wp-json\/wp\/v2\/types\/post"}],"author":[{"embeddable":true,"href":"https:\/\/jornalfatosenoticias.com.br\/index.php\/wp-json\/wp\/v2\/users\/2"}],"replies":[{"embeddable":true,"href":"https:\/\/jornalfatosenoticias.com.br\/index.php\/wp-json\/wp\/v2\/comments?post=57279"}],"version-history":[{"count":0,"href":"https:\/\/jornalfatosenoticias.com.br\/index.php\/wp-json\/wp\/v2\/posts\/57279\/revisions"}],"wp:featuredmedia":[{"embeddable":true,"href":"https:\/\/jornalfatosenoticias.com.br\/index.php\/wp-json\/wp\/v2\/media\/55013"}],"wp:attachment":[{"href":"https:\/\/jornalfatosenoticias.com.br\/index.php\/wp-json\/wp\/v2\/media?parent=57279"}],"wp:term":[{"taxonomy":"category","embeddable":true,"href":"https:\/\/jornalfatosenoticias.com.br\/index.php\/wp-json\/wp\/v2\/categories?post=57279"},{"taxonomy":"post_tag","embeddable":true,"href":"https:\/\/jornalfatosenoticias.com.br\/index.php\/wp-json\/wp\/v2\/tags?post=57279"}],"curies":[{"name":"wp","href":"https:\/\/api.w.org\/{rel}","templated":true}]}}