{"id":57282,"date":"2025-02-03T16:03:27","date_gmt":"2025-02-03T19:03:27","guid":{"rendered":"https:\/\/jornalfatosenoticias.com.br\/?p=57282"},"modified":"2025-02-03T16:03:28","modified_gmt":"2025-02-03T19:03:28","slug":"presidente-dos-correios-atribui-deficit-de-r-32-bilhoes-a-taxa-das-blusinhas","status":"publish","type":"post","link":"https:\/\/jornalfatosenoticias.com.br\/index.php\/2025\/02\/03\/presidente-dos-correios-atribui-deficit-de-r-32-bilhoes-a-taxa-das-blusinhas\/","title":{"rendered":"Presidente dos Correios atribui d\u00e9ficit de R$ 3,2 bilh\u00f5es \u00e0 \u201ctaxa das blusinhas\u201d"},"content":{"rendered":"\n<p><em><span class=\"has-inline-color has-black-color\">Presidente dos Correios, Fabiano Silva dos Santos<\/span><\/em><\/p>\n\n\n\n<p><span class=\"has-inline-color has-black-color\">Por <strong><a href=\"https:\/\/www.gazetadopovo.com.br\/autor\/ana-carolina-curvello\/\">Ana Carolina Curvello<\/a><\/strong><\/span><\/p>\n\n\n\n<div class=\"wp-block-image\"><figure class=\"aligncenter size-large\"><a href=\"https:\/\/www.instagram.com\/vmais.midias\/\"><img loading=\"lazy\" decoding=\"async\" width=\"1024\" height=\"110\" src=\"https:\/\/jornalfatosenoticias.com.br\/wp-content\/uploads\/2020\/02\/DE-MAIS-DESTAQUE-VMAIS-1120X120-1024x110.png\" alt=\"\" class=\"wp-image-53110\" srcset=\"https:\/\/jornalfatosenoticias.com.br\/wp-content\/uploads\/2020\/02\/DE-MAIS-DESTAQUE-VMAIS-1120X120-1024x110.png 1024w, https:\/\/jornalfatosenoticias.com.br\/wp-content\/uploads\/2020\/02\/DE-MAIS-DESTAQUE-VMAIS-1120X120-300x32.png 300w, https:\/\/jornalfatosenoticias.com.br\/wp-content\/uploads\/2020\/02\/DE-MAIS-DESTAQUE-VMAIS-1120X120-768x82.png 768w, https:\/\/jornalfatosenoticias.com.br\/wp-content\/uploads\/2020\/02\/DE-MAIS-DESTAQUE-VMAIS-1120X120.png 1120w\" sizes=\"auto, (max-width: 1024px) 100vw, 1024px\" \/><\/a><\/figure><\/div>\n\n\n\n<p>O presidente dos Correios, Fabiano Silva dos Santos, afirmou na \u00faltima sexta-feira (31) que o d\u00e9ficit de R$ 3,2 bilh\u00f5es na estatal est\u00e1 relacionado \u00e0 taxa imposta pela Fazenda a compras internacionais, como a &#8220;taxa das blusinhas&#8221;, e aos precat\u00f3rios de gest\u00f5es passadas. O rombo bilion\u00e1rio dos Correios representa 50% do d\u00e9ficit das estatais.<br>Os dados da estatal foram apresentados em uma reuni\u00e3o com Luiz In\u00e1cio Lula da Silva (PT) e a ministra da Gest\u00e3o e Inova\u00e7\u00e3o, Esther Dweck. \u201cEssa pr\u00e9via se refere a um contexto espec\u00edfico, que foi a regulamenta\u00e7\u00e3o, o compliance que foi dado a essas compras internacionais. Isso teve um impacto significativo na nossa empresa. E tamb\u00e9m precat\u00f3rios que s\u00e3o fruto de gest\u00f5es anteriores e que hoje est\u00e3o contabilizados no nosso resultado\u201d, explicou Fabiano aos jornalistas, ap\u00f3s o encontro com Lula.<\/p>\n\n\n\n<div class=\"wp-block-image\"><figure class=\"aligncenter size-large is-resized\"><a href=\"https:\/\/www.facebook.com\/postobkr\/?locale=pt_BR\"><img loading=\"lazy\" decoding=\"async\" src=\"https:\/\/jornalfatosenoticias.com.br\/wp-content\/uploads\/2023\/08\/BKR-1024x1021.jpg\" alt=\"\" class=\"wp-image-44494\" width=\"312\" height=\"311\" srcset=\"https:\/\/jornalfatosenoticias.com.br\/wp-content\/uploads\/2023\/08\/BKR-1024x1021.jpg 1024w, https:\/\/jornalfatosenoticias.com.br\/wp-content\/uploads\/2023\/08\/BKR-300x300.jpg 300w, https:\/\/jornalfatosenoticias.com.br\/wp-content\/uploads\/2023\/08\/BKR-150x150.jpg 150w, https:\/\/jornalfatosenoticias.com.br\/wp-content\/uploads\/2023\/08\/BKR-768x766.jpg 768w, https:\/\/jornalfatosenoticias.com.br\/wp-content\/uploads\/2023\/08\/BKR.jpg 1080w\" sizes=\"auto, (max-width: 312px) 100vw, 312px\" \/><\/a><\/figure><\/div>\n\n\n\n<p>No ano passado, o preju\u00edzo dos Correios foi de R$ 2,13 bilh\u00f5es e o investimento feito pela estatal chegou a R$ 830 milh\u00f5es, resultando em um d\u00e9ficit de R$ 3,2 bilh\u00f5es. O MGI destacou que a Lei de Diretrizes Or\u00e7ament\u00e1rias (LDO) de 2024 autorizou um d\u00e9ficit de R$ 7,3 bilh\u00f5es ao longo do exerc\u00edcio.<\/p>\n\n\n\n<div class=\"wp-block-image\"><figure class=\"aligncenter size-large is-resized\"><a href=\"https:\/\/www.legisjuris.com.br\/\"><img loading=\"lazy\" decoding=\"async\" src=\"https:\/\/jornalfatosenoticias.com.br\/wp-content\/uploads\/2024\/09\/Legis-Juris-Consultoria_logo.jpg\" alt=\"\" class=\"wp-image-53915\" width=\"435\" height=\"182\" srcset=\"https:\/\/jornalfatosenoticias.com.br\/wp-content\/uploads\/2024\/09\/Legis-Juris-Consultoria_logo.jpg 969w, https:\/\/jornalfatosenoticias.com.br\/wp-content\/uploads\/2024\/09\/Legis-Juris-Consultoria_logo-300x126.jpg 300w, https:\/\/jornalfatosenoticias.com.br\/wp-content\/uploads\/2024\/09\/Legis-Juris-Consultoria_logo-768x322.jpg 768w\" sizes=\"auto, (max-width: 435px) 100vw, 435px\" \/><\/a><\/figure><\/div>\n\n\n\n<p>Na coletiva de imprensa, Fabiano destacou que o d\u00e9ficit \u00e9 um resultado pr\u00e9vio, e o valor consolidado s\u00f3 ser\u00e1 conhecido em mar\u00e7o, mas deve ser pr\u00f3ximo da estimativa atual. Segundo ele, a empresa ainda sofre os impactos de ter sido colocada no rol de privatiza\u00e7\u00f5es pelo governo de Jair Bolsonaro (PL). \u201cEra uma empresa que estava para ser privatizada, que foi colocada na bacia das almas, e isso traz efeitos que s\u00e3o importantes na empresa, e s\u00e3o esses efeitos que a gente est\u00e1 combatendo hoje\u201d,\u00a0declarou Fabiano.<\/p>\n\n\n\n<div class=\"wp-block-image\"><figure class=\"aligncenter size-large is-resized\"><a href=\"https:\/\/www.facebook.com\/profile.php?id=100069289606145\"><img loading=\"lazy\" decoding=\"async\" src=\"https:\/\/jornalfatosenoticias.com.br\/wp-content\/uploads\/2024\/11\/Guaitolini-Contabilidade-1024x714.jpeg\" alt=\"\" class=\"wp-image-55808\" width=\"366\" height=\"255\" srcset=\"https:\/\/jornalfatosenoticias.com.br\/wp-content\/uploads\/2024\/11\/Guaitolini-Contabilidade-1024x714.jpeg 1024w, https:\/\/jornalfatosenoticias.com.br\/wp-content\/uploads\/2024\/11\/Guaitolini-Contabilidade-300x209.jpeg 300w, https:\/\/jornalfatosenoticias.com.br\/wp-content\/uploads\/2024\/11\/Guaitolini-Contabilidade-768x535.jpeg 768w, https:\/\/jornalfatosenoticias.com.br\/wp-content\/uploads\/2024\/11\/Guaitolini-Contabilidade.jpeg 1280w\" sizes=\"auto, (max-width: 366px) 100vw, 366px\" \/><\/a><\/figure><\/div>\n\n\n\n<p>Entre as a\u00e7\u00f5es em andamento, para tornar a empresa mais lucrativa, Fabiano disse que a estatal trabalha para cortar gastos, com relicita\u00e7\u00f5es, aberturas de concurso e revis\u00f5es de contrato, por exemplo, mas tamb\u00e9m para aumentar a receita com investimentos em novas \u00e1reas do mercado nacional, especialmente na parte log\u00edstica.<\/p>\n\n\n\n<div class=\"wp-block-image\"><figure class=\"aligncenter size-large is-resized\"><a href=\"https:\/\/www.instagram.com\/esteiochurrascaria\/\"><img loading=\"lazy\" decoding=\"async\" src=\"https:\/\/jornalfatosenoticias.com.br\/wp-content\/uploads\/2022\/02\/LOGO-ESTEIO-1024x730.png\" alt=\"\" class=\"wp-image-27942\" width=\"340\" height=\"242\" srcset=\"https:\/\/jornalfatosenoticias.com.br\/wp-content\/uploads\/2022\/02\/LOGO-ESTEIO-1024x730.png 1024w, https:\/\/jornalfatosenoticias.com.br\/wp-content\/uploads\/2022\/02\/LOGO-ESTEIO-300x214.png 300w, https:\/\/jornalfatosenoticias.com.br\/wp-content\/uploads\/2022\/02\/LOGO-ESTEIO-768x548.png 768w, https:\/\/jornalfatosenoticias.com.br\/wp-content\/uploads\/2022\/02\/LOGO-ESTEIO.png 1123w\" sizes=\"auto, (max-width: 340px) 100vw, 340px\" \/><\/a><\/figure><\/div>\n\n\n\n<p><strong><span class=\"has-inline-color has-black-color\">Ministra nega haver rombo<br><\/span><\/strong>Apesar do d\u00e9ficit bilion\u00e1rio, a ministra Esther negou haver \u201crombo\u201d na estatal. Segundo ela, o balan\u00e7o fiscal n\u00e3o afeta os cofres p\u00fablicos\u00a0\u2014 uma vez que os Correios n\u00e3o recebem aportes do Tesouro e operam com recursos pr\u00f3prios. \u201c\u00c9 muito importante lembrar que n\u00e3o tem rombo. Das 11 empresas que t\u00eam d\u00e9ficit que foram divulgadas hoje, nove t\u00eam lucro. Segundo, o Tesouro n\u00e3o vai arcar com isso\u201d, enfatizou a ministra. \u201cEssa \u00e9 a preocupa\u00e7\u00e3o do presidente: se as empresas est\u00e3o tendo lucro ou preju\u00edzo. O d\u00e9ficit ou super\u00e1vit \u00e9 fluxo de caixa, e \u00e9 uma outra discuss\u00e3o. N\u00e3o impacta a d\u00edvida p\u00fablica\u201d, acrescentou.<\/p>\n\n\n\n<div class=\"wp-block-image\"><figure class=\"aligncenter size-large is-resized\"><a href=\"https:\/\/www.instagram.com\/ligadossaborespizzaria\/\"><img loading=\"lazy\" decoding=\"async\" src=\"https:\/\/jornalfatosenoticias.com.br\/wp-content\/uploads\/2024\/09\/WhatsApp-Image-2024-09-14-at-22.46.10-819x1024.jpeg\" alt=\"\" class=\"wp-image-54180\" width=\"304\" height=\"380\" srcset=\"https:\/\/jornalfatosenoticias.com.br\/wp-content\/uploads\/2024\/09\/WhatsApp-Image-2024-09-14-at-22.46.10-819x1024.jpeg 819w, https:\/\/jornalfatosenoticias.com.br\/wp-content\/uploads\/2024\/09\/WhatsApp-Image-2024-09-14-at-22.46.10-240x300.jpeg 240w, https:\/\/jornalfatosenoticias.com.br\/wp-content\/uploads\/2024\/09\/WhatsApp-Image-2024-09-14-at-22.46.10-768x960.jpeg 768w, https:\/\/jornalfatosenoticias.com.br\/wp-content\/uploads\/2024\/09\/WhatsApp-Image-2024-09-14-at-22.46.10.jpeg 1024w\" sizes=\"auto, (max-width: 304px) 100vw, 304px\" \/><\/a><\/figure><\/div>\n\n\n\n<p>Nesta sexta-feira (31), o Banco Central informou que as empresas estatais do pa\u00eds registraram d\u00e9ficit de R$ 8,07 bilh\u00f5es em 2024. Este \u00e9 o pior resultado desde o in\u00edcio da s\u00e9rie hist\u00f3rica, em 2001, considerando os dados nominais, sem corre\u00e7\u00e3o pela infla\u00e7\u00e3o.<\/p>\n\n\n\n<p><strong><em>Fonte: <a href=\"https:\/\/www.gazetadopovo.com.br\/economia\/presidente-dos-correios-atribui-deficit-de-r-32-bi-a-taxa-das-blusinhas\/\">Gazeta do Povo<\/a><\/em><\/strong><\/p>\n","protected":false},"excerpt":{"rendered":"<p>Presidente dos Correios, Fabiano Silva dos Santos Por Ana Carolina Curvello O presidente dos Correios, Fabiano Silva dos Santos, afirmou na \u00faltima sexta-feira (31) que o d\u00e9ficit de R$ 3,2 bilh\u00f5es na estatal est\u00e1 relacionado \u00e0 taxa imposta pela Fazenda a compras internacionais, como a &#8220;taxa das blusinhas&#8221;, e aos precat\u00f3rios de gest\u00f5es passadas. O [&hellip;]<\/p>\n","protected":false},"author":2,"featured_media":57283,"comment_status":"open","ping_status":"open","sticky":false,"template":"","format":"standard","meta":{"footnotes":""},"categories":[9],"tags":[3756,25256,26151,1795,7580,26150],"class_list":["post-57282","post","type-post","status-publish","format-standard","has-post-thumbnail","hentry","category-economia","tag-correios","tag-deficit-das-estatais","tag-fabiano-silva-dos-santos","tag-jair-bolsonaro","tag-lula","tag-partido-liberal-pl"],"yoast_head":"<!-- This site is optimized with the Yoast SEO plugin v26.5 - https:\/\/yoast.com\/wordpress\/plugins\/seo\/ -->\n<title>Presidente dos Correios atribui d\u00e9ficit de R$ 3,2 bilh\u00f5es \u00e0 \u201ctaxa das blusinhas\u201d - Jornal Fatos e Not\u00edcias<\/title>\n<meta name=\"robots\" content=\"index, follow, max-snippet:-1, max-image-preview:large, max-video-preview:-1\" \/>\n<link rel=\"canonical\" href=\"https:\/\/jornalfatosenoticias.com.br\/index.php\/2025\/02\/03\/presidente-dos-correios-atribui-deficit-de-r-32-bilhoes-a-taxa-das-blusinhas\/\" \/>\n<meta property=\"og:locale\" content=\"pt_BR\" \/>\n<meta property=\"og:type\" content=\"article\" \/>\n<meta property=\"og:title\" content=\"Presidente dos Correios atribui d\u00e9ficit de R$ 3,2 bilh\u00f5es \u00e0 \u201ctaxa das blusinhas\u201d - Jornal Fatos e Not\u00edcias\" \/>\n<meta property=\"og:description\" content=\"Presidente dos Correios, Fabiano Silva dos Santos Por Ana Carolina Curvello O presidente dos Correios, Fabiano Silva dos Santos, afirmou na \u00faltima sexta-feira (31) que o d\u00e9ficit de R$ 3,2 bilh\u00f5es na estatal est\u00e1 relacionado \u00e0 taxa imposta pela Fazenda a compras internacionais, como a &#8220;taxa das blusinhas&#8221;, e aos precat\u00f3rios de gest\u00f5es passadas. O [&hellip;]\" \/>\n<meta property=\"og:url\" content=\"https:\/\/jornalfatosenoticias.com.br\/index.php\/2025\/02\/03\/presidente-dos-correios-atribui-deficit-de-r-32-bilhoes-a-taxa-das-blusinhas\/\" \/>\n<meta property=\"og:site_name\" content=\"Jornal Fatos e Not\u00edcias\" \/>\n<meta property=\"article:published_time\" content=\"2025-02-03T19:03:27+00:00\" \/>\n<meta property=\"article:modified_time\" content=\"2025-02-03T19:03:28+00:00\" \/>\n<meta property=\"og:image\" content=\"https:\/\/jornalfatosenoticias.com.br\/wp-content\/uploads\/2025\/02\/presidente-dos-correios.jpg\" \/>\n\t<meta property=\"og:image:width\" content=\"799\" \/>\n\t<meta property=\"og:image:height\" content=\"533\" \/>\n\t<meta property=\"og:image:type\" content=\"image\/jpeg\" \/>\n<meta name=\"author\" content=\"Luzimara Fernandes\" \/>\n<meta name=\"twitter:card\" content=\"summary_large_image\" \/>\n<meta name=\"twitter:label1\" content=\"Escrito por\" \/>\n\t<meta name=\"twitter:data1\" content=\"Luzimara Fernandes\" \/>\n\t<meta name=\"twitter:label2\" content=\"Est. tempo de leitura\" \/>\n\t<meta name=\"twitter:data2\" content=\"3 minutos\" \/>\n<script type=\"application\/ld+json\" class=\"yoast-schema-graph\">{\"@context\":\"https:\/\/schema.org\",\"@graph\":[{\"@type\":\"Article\",\"@id\":\"https:\/\/jornalfatosenoticias.com.br\/index.php\/2025\/02\/03\/presidente-dos-correios-atribui-deficit-de-r-32-bilhoes-a-taxa-das-blusinhas\/#article\",\"isPartOf\":{\"@id\":\"https:\/\/jornalfatosenoticias.com.br\/index.php\/2025\/02\/03\/presidente-dos-correios-atribui-deficit-de-r-32-bilhoes-a-taxa-das-blusinhas\/\"},\"author\":{\"name\":\"Luzimara Fernandes\",\"@id\":\"https:\/\/jornalfatosenoticias.com.br\/#\/schema\/person\/d63837fa13ac8666eb9e74e0985d6f81\"},\"headline\":\"Presidente dos Correios atribui d\u00e9ficit de R$ 3,2 bilh\u00f5es \u00e0 \u201ctaxa das blusinhas\u201d\",\"datePublished\":\"2025-02-03T19:03:27+00:00\",\"dateModified\":\"2025-02-03T19:03:28+00:00\",\"mainEntityOfPage\":{\"@id\":\"https:\/\/jornalfatosenoticias.com.br\/index.php\/2025\/02\/03\/presidente-dos-correios-atribui-deficit-de-r-32-bilhoes-a-taxa-das-blusinhas\/\"},\"wordCount\":550,\"commentCount\":0,\"publisher\":{\"@id\":\"https:\/\/jornalfatosenoticias.com.br\/#organization\"},\"image\":{\"@id\":\"https:\/\/jornalfatosenoticias.com.br\/index.php\/2025\/02\/03\/presidente-dos-correios-atribui-deficit-de-r-32-bilhoes-a-taxa-das-blusinhas\/#primaryimage\"},\"thumbnailUrl\":\"https:\/\/jornalfatosenoticias.com.br\/wp-content\/uploads\/2025\/02\/presidente-dos-correios.jpg\",\"keywords\":[\"Correios\",\"d\u00e9ficit das estatais\",\"Fabiano Silva dos Santos\",\"Jair Bolsonaro\",\"Lula\",\"Partido Liberal (PL)\"],\"articleSection\":[\"Economia\"],\"inLanguage\":\"pt-BR\",\"potentialAction\":[{\"@type\":\"CommentAction\",\"name\":\"Comment\",\"target\":[\"https:\/\/jornalfatosenoticias.com.br\/index.php\/2025\/02\/03\/presidente-dos-correios-atribui-deficit-de-r-32-bilhoes-a-taxa-das-blusinhas\/#respond\"]}]},{\"@type\":\"WebPage\",\"@id\":\"https:\/\/jornalfatosenoticias.com.br\/index.php\/2025\/02\/03\/presidente-dos-correios-atribui-deficit-de-r-32-bilhoes-a-taxa-das-blusinhas\/\",\"url\":\"https:\/\/jornalfatosenoticias.com.br\/index.php\/2025\/02\/03\/presidente-dos-correios-atribui-deficit-de-r-32-bilhoes-a-taxa-das-blusinhas\/\",\"name\":\"Presidente dos Correios atribui d\u00e9ficit de R$ 3,2 bilh\u00f5es \u00e0 \u201ctaxa das blusinhas\u201d - Jornal Fatos e Not\u00edcias\",\"isPartOf\":{\"@id\":\"https:\/\/jornalfatosenoticias.com.br\/#website\"},\"primaryImageOfPage\":{\"@id\":\"https:\/\/jornalfatosenoticias.com.br\/index.php\/2025\/02\/03\/presidente-dos-correios-atribui-deficit-de-r-32-bilhoes-a-taxa-das-blusinhas\/#primaryimage\"},\"image\":{\"@id\":\"https:\/\/jornalfatosenoticias.com.br\/index.php\/2025\/02\/03\/presidente-dos-correios-atribui-deficit-de-r-32-bilhoes-a-taxa-das-blusinhas\/#primaryimage\"},\"thumbnailUrl\":\"https:\/\/jornalfatosenoticias.com.br\/wp-content\/uploads\/2025\/02\/presidente-dos-correios.jpg\",\"datePublished\":\"2025-02-03T19:03:27+00:00\",\"dateModified\":\"2025-02-03T19:03:28+00:00\",\"breadcrumb\":{\"@id\":\"https:\/\/jornalfatosenoticias.com.br\/index.php\/2025\/02\/03\/presidente-dos-correios-atribui-deficit-de-r-32-bilhoes-a-taxa-das-blusinhas\/#breadcrumb\"},\"inLanguage\":\"pt-BR\",\"potentialAction\":[{\"@type\":\"ReadAction\",\"target\":[\"https:\/\/jornalfatosenoticias.com.br\/index.php\/2025\/02\/03\/presidente-dos-correios-atribui-deficit-de-r-32-bilhoes-a-taxa-das-blusinhas\/\"]}]},{\"@type\":\"ImageObject\",\"inLanguage\":\"pt-BR\",\"@id\":\"https:\/\/jornalfatosenoticias.com.br\/index.php\/2025\/02\/03\/presidente-dos-correios-atribui-deficit-de-r-32-bilhoes-a-taxa-das-blusinhas\/#primaryimage\",\"url\":\"https:\/\/jornalfatosenoticias.com.br\/wp-content\/uploads\/2025\/02\/presidente-dos-correios.jpg\",\"contentUrl\":\"https:\/\/jornalfatosenoticias.com.br\/wp-content\/uploads\/2025\/02\/presidente-dos-correios.jpg\",\"width\":799,\"height\":533},{\"@type\":\"BreadcrumbList\",\"@id\":\"https:\/\/jornalfatosenoticias.com.br\/index.php\/2025\/02\/03\/presidente-dos-correios-atribui-deficit-de-r-32-bilhoes-a-taxa-das-blusinhas\/#breadcrumb\",\"itemListElement\":[{\"@type\":\"ListItem\",\"position\":1,\"name\":\"In\u00edcio\",\"item\":\"https:\/\/jornalfatosenoticias.com.br\/\"},{\"@type\":\"ListItem\",\"position\":2,\"name\":\"Presidente dos Correios atribui d\u00e9ficit de R$ 3,2 bilh\u00f5es \u00e0 \u201ctaxa das blusinhas\u201d\"}]},{\"@type\":\"WebSite\",\"@id\":\"https:\/\/jornalfatosenoticias.com.br\/#website\",\"url\":\"https:\/\/jornalfatosenoticias.com.br\/\",\"name\":\"Jornal Fatos e Not\u00edcias\",\"description\":\"Not\u00edcias em geral\",\"publisher\":{\"@id\":\"https:\/\/jornalfatosenoticias.com.br\/#organization\"},\"potentialAction\":[{\"@type\":\"SearchAction\",\"target\":{\"@type\":\"EntryPoint\",\"urlTemplate\":\"https:\/\/jornalfatosenoticias.com.br\/?s={search_term_string}\"},\"query-input\":{\"@type\":\"PropertyValueSpecification\",\"valueRequired\":true,\"valueName\":\"search_term_string\"}}],\"inLanguage\":\"pt-BR\"},{\"@type\":\"Organization\",\"@id\":\"https:\/\/jornalfatosenoticias.com.br\/#organization\",\"name\":\"Jornal Fatos e Not\u00edcias\",\"url\":\"https:\/\/jornalfatosenoticias.com.br\/\",\"logo\":{\"@type\":\"ImageObject\",\"inLanguage\":\"pt-BR\",\"@id\":\"https:\/\/jornalfatosenoticias.com.br\/#\/schema\/logo\/image\/\",\"url\":\"https:\/\/jornalfatosenoticias.com.br\/wp-content\/uploads\/2020\/02\/logo120.png\",\"contentUrl\":\"https:\/\/jornalfatosenoticias.com.br\/wp-content\/uploads\/2020\/02\/logo120.png\",\"width\":1227,\"height\":120,\"caption\":\"Jornal Fatos e Not\u00edcias\"},\"image\":{\"@id\":\"https:\/\/jornalfatosenoticias.com.br\/#\/schema\/logo\/image\/\"}},{\"@type\":\"Person\",\"@id\":\"https:\/\/jornalfatosenoticias.com.br\/#\/schema\/person\/d63837fa13ac8666eb9e74e0985d6f81\",\"name\":\"Luzimara Fernandes\",\"image\":{\"@type\":\"ImageObject\",\"inLanguage\":\"pt-BR\",\"@id\":\"https:\/\/jornalfatosenoticias.com.br\/#\/schema\/person\/image\/\",\"url\":\"https:\/\/jornalfatosenoticias.com.br\/wp-content\/uploads\/2025\/05\/EU_portal.jpg\",\"contentUrl\":\"https:\/\/jornalfatosenoticias.com.br\/wp-content\/uploads\/2025\/05\/EU_portal.jpg\",\"caption\":\"Luzimara Fernandes\"},\"description\":\"Jornalista MTB 2358-ES\",\"sameAs\":[\"https:\/\/jornalfatosenoticias.com.br\"],\"url\":\"https:\/\/jornalfatosenoticias.com.br\/index.php\/author\/luzimara\/\"}]}<\/script>\n<!-- \/ Yoast SEO plugin. -->","yoast_head_json":{"title":"Presidente dos Correios atribui d\u00e9ficit de R$ 3,2 bilh\u00f5es \u00e0 \u201ctaxa das blusinhas\u201d - Jornal Fatos e Not\u00edcias","robots":{"index":"index","follow":"follow","max-snippet":"max-snippet:-1","max-image-preview":"max-image-preview:large","max-video-preview":"max-video-preview:-1"},"canonical":"https:\/\/jornalfatosenoticias.com.br\/index.php\/2025\/02\/03\/presidente-dos-correios-atribui-deficit-de-r-32-bilhoes-a-taxa-das-blusinhas\/","og_locale":"pt_BR","og_type":"article","og_title":"Presidente dos Correios atribui d\u00e9ficit de R$ 3,2 bilh\u00f5es \u00e0 \u201ctaxa das blusinhas\u201d - Jornal Fatos e Not\u00edcias","og_description":"Presidente dos Correios, Fabiano Silva dos Santos Por Ana Carolina Curvello O presidente dos Correios, Fabiano Silva dos Santos, afirmou na \u00faltima sexta-feira (31) que o d\u00e9ficit de R$ 3,2 bilh\u00f5es na estatal est\u00e1 relacionado \u00e0 taxa imposta pela Fazenda a compras internacionais, como a &#8220;taxa das blusinhas&#8221;, e aos precat\u00f3rios de gest\u00f5es passadas. O [&hellip;]","og_url":"https:\/\/jornalfatosenoticias.com.br\/index.php\/2025\/02\/03\/presidente-dos-correios-atribui-deficit-de-r-32-bilhoes-a-taxa-das-blusinhas\/","og_site_name":"Jornal Fatos e Not\u00edcias","article_published_time":"2025-02-03T19:03:27+00:00","article_modified_time":"2025-02-03T19:03:28+00:00","og_image":[{"width":799,"height":533,"url":"https:\/\/jornalfatosenoticias.com.br\/wp-content\/uploads\/2025\/02\/presidente-dos-correios.jpg","type":"image\/jpeg"}],"author":"Luzimara Fernandes","twitter_card":"summary_large_image","twitter_misc":{"Escrito por":"Luzimara Fernandes","Est. tempo de leitura":"3 minutos"},"schema":{"@context":"https:\/\/schema.org","@graph":[{"@type":"Article","@id":"https:\/\/jornalfatosenoticias.com.br\/index.php\/2025\/02\/03\/presidente-dos-correios-atribui-deficit-de-r-32-bilhoes-a-taxa-das-blusinhas\/#article","isPartOf":{"@id":"https:\/\/jornalfatosenoticias.com.br\/index.php\/2025\/02\/03\/presidente-dos-correios-atribui-deficit-de-r-32-bilhoes-a-taxa-das-blusinhas\/"},"author":{"name":"Luzimara Fernandes","@id":"https:\/\/jornalfatosenoticias.com.br\/#\/schema\/person\/d63837fa13ac8666eb9e74e0985d6f81"},"headline":"Presidente dos Correios atribui d\u00e9ficit de R$ 3,2 bilh\u00f5es \u00e0 \u201ctaxa das blusinhas\u201d","datePublished":"2025-02-03T19:03:27+00:00","dateModified":"2025-02-03T19:03:28+00:00","mainEntityOfPage":{"@id":"https:\/\/jornalfatosenoticias.com.br\/index.php\/2025\/02\/03\/presidente-dos-correios-atribui-deficit-de-r-32-bilhoes-a-taxa-das-blusinhas\/"},"wordCount":550,"commentCount":0,"publisher":{"@id":"https:\/\/jornalfatosenoticias.com.br\/#organization"},"image":{"@id":"https:\/\/jornalfatosenoticias.com.br\/index.php\/2025\/02\/03\/presidente-dos-correios-atribui-deficit-de-r-32-bilhoes-a-taxa-das-blusinhas\/#primaryimage"},"thumbnailUrl":"https:\/\/jornalfatosenoticias.com.br\/wp-content\/uploads\/2025\/02\/presidente-dos-correios.jpg","keywords":["Correios","d\u00e9ficit das estatais","Fabiano Silva dos Santos","Jair Bolsonaro","Lula","Partido Liberal (PL)"],"articleSection":["Economia"],"inLanguage":"pt-BR","potentialAction":[{"@type":"CommentAction","name":"Comment","target":["https:\/\/jornalfatosenoticias.com.br\/index.php\/2025\/02\/03\/presidente-dos-correios-atribui-deficit-de-r-32-bilhoes-a-taxa-das-blusinhas\/#respond"]}]},{"@type":"WebPage","@id":"https:\/\/jornalfatosenoticias.com.br\/index.php\/2025\/02\/03\/presidente-dos-correios-atribui-deficit-de-r-32-bilhoes-a-taxa-das-blusinhas\/","url":"https:\/\/jornalfatosenoticias.com.br\/index.php\/2025\/02\/03\/presidente-dos-correios-atribui-deficit-de-r-32-bilhoes-a-taxa-das-blusinhas\/","name":"Presidente dos Correios atribui d\u00e9ficit de R$ 3,2 bilh\u00f5es \u00e0 \u201ctaxa das blusinhas\u201d - Jornal Fatos e Not\u00edcias","isPartOf":{"@id":"https:\/\/jornalfatosenoticias.com.br\/#website"},"primaryImageOfPage":{"@id":"https:\/\/jornalfatosenoticias.com.br\/index.php\/2025\/02\/03\/presidente-dos-correios-atribui-deficit-de-r-32-bilhoes-a-taxa-das-blusinhas\/#primaryimage"},"image":{"@id":"https:\/\/jornalfatosenoticias.com.br\/index.php\/2025\/02\/03\/presidente-dos-correios-atribui-deficit-de-r-32-bilhoes-a-taxa-das-blusinhas\/#primaryimage"},"thumbnailUrl":"https:\/\/jornalfatosenoticias.com.br\/wp-content\/uploads\/2025\/02\/presidente-dos-correios.jpg","datePublished":"2025-02-03T19:03:27+00:00","dateModified":"2025-02-03T19:03:28+00:00","breadcrumb":{"@id":"https:\/\/jornalfatosenoticias.com.br\/index.php\/2025\/02\/03\/presidente-dos-correios-atribui-deficit-de-r-32-bilhoes-a-taxa-das-blusinhas\/#breadcrumb"},"inLanguage":"pt-BR","potentialAction":[{"@type":"ReadAction","target":["https:\/\/jornalfatosenoticias.com.br\/index.php\/2025\/02\/03\/presidente-dos-correios-atribui-deficit-de-r-32-bilhoes-a-taxa-das-blusinhas\/"]}]},{"@type":"ImageObject","inLanguage":"pt-BR","@id":"https:\/\/jornalfatosenoticias.com.br\/index.php\/2025\/02\/03\/presidente-dos-correios-atribui-deficit-de-r-32-bilhoes-a-taxa-das-blusinhas\/#primaryimage","url":"https:\/\/jornalfatosenoticias.com.br\/wp-content\/uploads\/2025\/02\/presidente-dos-correios.jpg","contentUrl":"https:\/\/jornalfatosenoticias.com.br\/wp-content\/uploads\/2025\/02\/presidente-dos-correios.jpg","width":799,"height":533},{"@type":"BreadcrumbList","@id":"https:\/\/jornalfatosenoticias.com.br\/index.php\/2025\/02\/03\/presidente-dos-correios-atribui-deficit-de-r-32-bilhoes-a-taxa-das-blusinhas\/#breadcrumb","itemListElement":[{"@type":"ListItem","position":1,"name":"In\u00edcio","item":"https:\/\/jornalfatosenoticias.com.br\/"},{"@type":"ListItem","position":2,"name":"Presidente dos Correios atribui d\u00e9ficit de R$ 3,2 bilh\u00f5es \u00e0 \u201ctaxa das blusinhas\u201d"}]},{"@type":"WebSite","@id":"https:\/\/jornalfatosenoticias.com.br\/#website","url":"https:\/\/jornalfatosenoticias.com.br\/","name":"Jornal Fatos e Not\u00edcias","description":"Not\u00edcias em geral","publisher":{"@id":"https:\/\/jornalfatosenoticias.com.br\/#organization"},"potentialAction":[{"@type":"SearchAction","target":{"@type":"EntryPoint","urlTemplate":"https:\/\/jornalfatosenoticias.com.br\/?s={search_term_string}"},"query-input":{"@type":"PropertyValueSpecification","valueRequired":true,"valueName":"search_term_string"}}],"inLanguage":"pt-BR"},{"@type":"Organization","@id":"https:\/\/jornalfatosenoticias.com.br\/#organization","name":"Jornal Fatos e Not\u00edcias","url":"https:\/\/jornalfatosenoticias.com.br\/","logo":{"@type":"ImageObject","inLanguage":"pt-BR","@id":"https:\/\/jornalfatosenoticias.com.br\/#\/schema\/logo\/image\/","url":"https:\/\/jornalfatosenoticias.com.br\/wp-content\/uploads\/2020\/02\/logo120.png","contentUrl":"https:\/\/jornalfatosenoticias.com.br\/wp-content\/uploads\/2020\/02\/logo120.png","width":1227,"height":120,"caption":"Jornal Fatos e Not\u00edcias"},"image":{"@id":"https:\/\/jornalfatosenoticias.com.br\/#\/schema\/logo\/image\/"}},{"@type":"Person","@id":"https:\/\/jornalfatosenoticias.com.br\/#\/schema\/person\/d63837fa13ac8666eb9e74e0985d6f81","name":"Luzimara Fernandes","image":{"@type":"ImageObject","inLanguage":"pt-BR","@id":"https:\/\/jornalfatosenoticias.com.br\/#\/schema\/person\/image\/","url":"https:\/\/jornalfatosenoticias.com.br\/wp-content\/uploads\/2025\/05\/EU_portal.jpg","contentUrl":"https:\/\/jornalfatosenoticias.com.br\/wp-content\/uploads\/2025\/05\/EU_portal.jpg","caption":"Luzimara Fernandes"},"description":"Jornalista MTB 2358-ES","sameAs":["https:\/\/jornalfatosenoticias.com.br"],"url":"https:\/\/jornalfatosenoticias.com.br\/index.php\/author\/luzimara\/"}]}},"cc_featured_image_caption":{"caption_text":"(Foto: Ant\u00f4nio Cruz\/Ag\u00eancia Brasil)","source_text":"","source_url":""},"jetpack_featured_media_url":"https:\/\/jornalfatosenoticias.com.br\/wp-content\/uploads\/2025\/02\/presidente-dos-correios.jpg","_links":{"self":[{"href":"https:\/\/jornalfatosenoticias.com.br\/index.php\/wp-json\/wp\/v2\/posts\/57282","targetHints":{"allow":["GET"]}}],"collection":[{"href":"https:\/\/jornalfatosenoticias.com.br\/index.php\/wp-json\/wp\/v2\/posts"}],"about":[{"href":"https:\/\/jornalfatosenoticias.com.br\/index.php\/wp-json\/wp\/v2\/types\/post"}],"author":[{"embeddable":true,"href":"https:\/\/jornalfatosenoticias.com.br\/index.php\/wp-json\/wp\/v2\/users\/2"}],"replies":[{"embeddable":true,"href":"https:\/\/jornalfatosenoticias.com.br\/index.php\/wp-json\/wp\/v2\/comments?post=57282"}],"version-history":[{"count":0,"href":"https:\/\/jornalfatosenoticias.com.br\/index.php\/wp-json\/wp\/v2\/posts\/57282\/revisions"}],"wp:featuredmedia":[{"embeddable":true,"href":"https:\/\/jornalfatosenoticias.com.br\/index.php\/wp-json\/wp\/v2\/media\/57283"}],"wp:attachment":[{"href":"https:\/\/jornalfatosenoticias.com.br\/index.php\/wp-json\/wp\/v2\/media?parent=57282"}],"wp:term":[{"taxonomy":"category","embeddable":true,"href":"https:\/\/jornalfatosenoticias.com.br\/index.php\/wp-json\/wp\/v2\/categories?post=57282"},{"taxonomy":"post_tag","embeddable":true,"href":"https:\/\/jornalfatosenoticias.com.br\/index.php\/wp-json\/wp\/v2\/tags?post=57282"}],"curies":[{"name":"wp","href":"https:\/\/api.w.org\/{rel}","templated":true}]}}