{"id":57318,"date":"2025-02-04T13:36:25","date_gmt":"2025-02-04T16:36:25","guid":{"rendered":"https:\/\/jornalfatosenoticias.com.br\/?p=57318"},"modified":"2025-02-04T13:36:27","modified_gmt":"2025-02-04T16:36:27","slug":"economia-explica-por-que-insatisfacao-com-lula-transbordou-da-classe-media-para-a-baixa","status":"publish","type":"post","link":"https:\/\/jornalfatosenoticias.com.br\/index.php\/2025\/02\/04\/economia-explica-por-que-insatisfacao-com-lula-transbordou-da-classe-media-para-a-baixa\/","title":{"rendered":"Economia explica por que insatisfa\u00e7\u00e3o com Lula \u201ctransbordou\u201d da classe m\u00e9dia para a baixa"},"content":{"rendered":"\n<p><em><span class=\"has-inline-color has-black-color\">Lula da Silva amarga desaprova\u00e7\u00e3o nas classes m\u00e9dia e baixa<\/span><\/em><\/p>\n\n\n\n<p><span class=\"has-inline-color has-black-color\">Por <strong><a href=\"https:\/\/www.gazetadopovo.com.br\/autor\/rose-amantea\/\">Rose Amant\u00e9a<\/a><\/strong><\/span><\/p>\n\n\n\n<div class=\"wp-block-image\"><figure class=\"aligncenter size-large\"><a href=\"https:\/\/www.instagram.com\/rcradiadores\/\"><img loading=\"lazy\" decoding=\"async\" width=\"560\" height=\"60\" src=\"https:\/\/jornalfatosenoticias.com.br\/wp-content\/uploads\/2022\/10\/Propaganda-RC-Radiadores-Jornal_page-0001.jpg\" alt=\"\" class=\"wp-image-35270\" srcset=\"https:\/\/jornalfatosenoticias.com.br\/wp-content\/uploads\/2022\/10\/Propaganda-RC-Radiadores-Jornal_page-0001.jpg 560w, https:\/\/jornalfatosenoticias.com.br\/wp-content\/uploads\/2022\/10\/Propaganda-RC-Radiadores-Jornal_page-0001-300x32.jpg 300w\" sizes=\"auto, (max-width: 560px) 100vw, 560px\" \/><\/a><\/figure><\/div>\n\n\n\n<p>As \u00faltimas pesquisas revelaram que a desaprova\u00e7\u00e3o ao governo de Luiz In\u00e1cio Lula da Silva (PT), j\u00e1 registrada anteriormente entre eleitores de classe m\u00e9dia, transbordou para a popula\u00e7\u00e3o de baixa renda, que ganha menos de dois sal\u00e1rios m\u00ednimos. A piora da avalia\u00e7\u00e3o foi verificada, inclusive, nos estados do Nordeste, reduto hist\u00f3rico do partido do petista.<br>A combina\u00e7\u00e3o de fatores que resultou no desgaste tem rela\u00e7\u00e3o estreita com a gest\u00e3o da economia. Inclui o descontrole das contas p\u00fablicas, seus impactos na alta da infla\u00e7\u00e3o, a crise de confian\u00e7a junto ao mercado financeiro e os erros de comunica\u00e7\u00e3o do Planalto.<\/p>\n\n\n\n<div class=\"wp-block-image\"><figure class=\"aligncenter size-large is-resized\"><a href=\"https:\/\/www.instagram.com\/restaurantepegoretti\/\"><img loading=\"lazy\" decoding=\"async\" src=\"https:\/\/jornalfatosenoticias.com.br\/wp-content\/uploads\/2023\/12\/pegoretti-logo-pdf-1024x389.jpg\" alt=\"\" class=\"wp-image-47536\" width=\"430\" height=\"163\" srcset=\"https:\/\/jornalfatosenoticias.com.br\/wp-content\/uploads\/2023\/12\/pegoretti-logo-pdf-1024x389.jpg 1024w, https:\/\/jornalfatosenoticias.com.br\/wp-content\/uploads\/2023\/12\/pegoretti-logo-pdf-300x114.jpg 300w, https:\/\/jornalfatosenoticias.com.br\/wp-content\/uploads\/2023\/12\/pegoretti-logo-pdf-768x291.jpg 768w, https:\/\/jornalfatosenoticias.com.br\/wp-content\/uploads\/2023\/12\/pegoretti-logo-pdf.jpg 1120w\" sizes=\"auto, (max-width: 430px) 100vw, 430px\" \/><\/a><\/figure><\/div>\n\n\n\n<p>Neste cen\u00e1rio, um epis\u00f3dio conseguiu catalisar a insatisfa\u00e7\u00e3o popular e configurar o turning point da popularidade de Lula: a crise do Pix, provocada pelo an\u00fancio do monitoramento de transa\u00e7\u00f5es acima de R$ 5 mil pela Receita Federal. Depois dela, pela primeira vez a avalia\u00e7\u00e3o negativa do governo superou a positiva.<\/p>\n\n\n\n<div class=\"wp-block-image\"><figure class=\"aligncenter size-large is-resized\"><a href=\"https:\/\/www.instagram.com\/esteiochurrascaria\/\"><img loading=\"lazy\" decoding=\"async\" src=\"https:\/\/jornalfatosenoticias.com.br\/wp-content\/uploads\/2022\/02\/LOGO-ESTEIO-1024x730.png\" alt=\"\" class=\"wp-image-27942\" width=\"354\" height=\"252\" srcset=\"https:\/\/jornalfatosenoticias.com.br\/wp-content\/uploads\/2022\/02\/LOGO-ESTEIO-1024x730.png 1024w, https:\/\/jornalfatosenoticias.com.br\/wp-content\/uploads\/2022\/02\/LOGO-ESTEIO-300x214.png 300w, https:\/\/jornalfatosenoticias.com.br\/wp-content\/uploads\/2022\/02\/LOGO-ESTEIO-768x548.png 768w, https:\/\/jornalfatosenoticias.com.br\/wp-content\/uploads\/2022\/02\/LOGO-ESTEIO.png 1123w\" sizes=\"auto, (max-width: 354px) 100vw, 354px\" \/><\/a><\/figure><\/div>\n\n\n\n<blockquote class=\"wp-block-quote is-layout-flow wp-block-quote-is-layout-flow\"><p><span class=\"has-inline-color has-luminous-vivid-orange-color\"><strong>A crise do Pix sintetizou talvez todo o problema do governo, que \u00e9 o foco na arrecada\u00e7\u00e3o e um descompromisso com a economia popular, com o empreendedorismo\u201d,<\/strong> diz o cientista pol\u00edtico Fernando Sch\u00fcler, professor do Insper. \u201c<strong>Ele conseguiu atingir o mecanismo de pagamento mais bem-sucedido da hist\u00f3ria do pa\u00eds e misturou isso, digamos assim, com a propens\u00e3o arrecadat\u00f3ria do governo, que \u00e9 not\u00f3ria\u201d.<\/strong><\/span><\/p><\/blockquote>\n\n\n\n<div class=\"wp-block-image\"><figure class=\"aligncenter size-large is-resized\"><a href=\"https:\/\/www.legisjuris.com.br\/\"><img loading=\"lazy\" decoding=\"async\" src=\"https:\/\/jornalfatosenoticias.com.br\/wp-content\/uploads\/2024\/09\/Legis-Juris-Consultoria_logo.jpg\" alt=\"\" class=\"wp-image-53915\" width=\"430\" height=\"180\" srcset=\"https:\/\/jornalfatosenoticias.com.br\/wp-content\/uploads\/2024\/09\/Legis-Juris-Consultoria_logo.jpg 969w, https:\/\/jornalfatosenoticias.com.br\/wp-content\/uploads\/2024\/09\/Legis-Juris-Consultoria_logo-300x126.jpg 300w, https:\/\/jornalfatosenoticias.com.br\/wp-content\/uploads\/2024\/09\/Legis-Juris-Consultoria_logo-768x322.jpg 768w\" sizes=\"auto, (max-width: 430px) 100vw, 430px\" \/><\/a><\/figure><\/div>\n\n\n\n<p><strong><span class=\"has-inline-color has-black-color\">Brasil virou economia de empreendedorismo, mas esquerda vive &#8220;em outro universo&#8221;<br><\/span><\/strong>Para Sch\u00fcler, o Brasil se tornou uma grande economia de empreendedorismo popular, formal e informal. A desconex\u00e3o do governo Lula em rela\u00e7\u00e3o ao empreendedorismo formal j\u00e1 foi constatada h\u00e1 algum tempo, desde a revolu\u00e7\u00e3o tecnol\u00f3gica que modernizou e flexibilizou as leis do trabalho.<\/p>\n\n\n\n<blockquote class=\"wp-block-quote is-layout-flow wp-block-quote-is-layout-flow\"><p><span class=\"has-inline-color has-luminous-vivid-orange-color\"><strong>A ideia [de empreendedorismo] vem de uma economia cada vez mais ligada a servi\u00e7os, de um pa\u00eds cada vez mais urbano, da economia dos aplicativos, da sharing economy, dos modelos de compartilhamento\u201d,<\/strong> afirma. \u201c<strong>Mas a esquerda, que n\u00e3o entende como esse mundo do empreendedorismo funciona, tem outra ideia de rela\u00e7\u00e3o capital-trabalho. Est\u00e3o falando em retomar o financiamento de sindicatos, endurecer de novo as regras trabalhistas. Quer dizer, est\u00e3o vivendo um outro universo\u201d.<\/strong><\/span><\/p><\/blockquote>\n\n\n\n<div class=\"wp-block-image\"><figure class=\"aligncenter size-large\"><a href=\"http:\/\/www.ferrarimaquinas.com.br\/\"><img loading=\"lazy\" decoding=\"async\" width=\"300\" height=\"250\" src=\"https:\/\/jornalfatosenoticias.com.br\/wp-content\/uploads\/2022\/02\/FERRARI_MAQUINAS-E-FERRAMENTAS2.jpg\" alt=\"\" class=\"wp-image-27860\"\/><\/a><\/figure><\/div>\n\n\n\n<p>Al\u00e9m disso, a medida da Receita Federal atingia parte substancial da m\u00e3o de obra que trabalha no empreendedorismo informal. \u201cPouco mais de 40% dos trabalhadores do pa\u00eds est\u00e3o na informalidade\u201d, afirma. \u201c\u00c9 natural que as pessoas busquem outras formas de renda. Voc\u00ea ainda tem boa parte dos benefici\u00e1rios Bolsa Fam\u00edlia que fazem complementa\u00e7\u00e3o dos rendimentos. S\u00e3o mais de 15 milh\u00f5es de pessoas no que eu chamo de semiformaliza\u00e7\u00e3o do trabalho, um fen\u00f4meno no pa\u00eds. Todas essas pessoas se sentiram atingidas pela medida do Pix\u201d.<\/p>\n\n\n\n<div class=\"wp-block-image\"><figure class=\"aligncenter size-large\"><a href=\"https:\/\/mizu.com.br\/\"><img loading=\"lazy\" decoding=\"async\" width=\"729\" height=\"90\" src=\"https:\/\/jornalfatosenoticias.com.br\/wp-content\/uploads\/2020\/02\/Logo_Mizu.png\" alt=\"\" class=\"wp-image-1441\" srcset=\"https:\/\/jornalfatosenoticias.com.br\/wp-content\/uploads\/2020\/02\/Logo_Mizu.png 729w, https:\/\/jornalfatosenoticias.com.br\/wp-content\/uploads\/2020\/02\/Logo_Mizu-300x37.png 300w\" sizes=\"auto, (max-width: 729px) 100vw, 729px\" \/><\/a><\/figure><\/div>\n\n\n\n<p><strong><span class=\"has-inline-color has-black-color\">Crise do Pix trouxe \u00e0 tona insatisfa\u00e7\u00e3o com poder de compra<br><\/span><\/strong>Para o economista Bruno Imaizumi, da LCA Consultores, a crise do Pix trouxe \u00e0 tona uma insatisfa\u00e7\u00e3o que tem como pano de fundo a alta da infla\u00e7\u00e3o. \u201cA crise foi um epis\u00f3dio catastr\u00f3fico em todos os sentidos, no m\u00e9rito e na comunica\u00e7\u00e3o, j\u00e1 que o Pix \u00e9 universalizado no Brasil, quase toda a popula\u00e7\u00e3o tem uma chave que facilita muito as transa\u00e7\u00f5es at\u00e9 de neg\u00f3cios informais\u201d, diz. \u201cMas foi um catalisador de uma percep\u00e7\u00e3o de encolhimento de renda que j\u00e1 vinha acontecendo\u201d.<\/p>\n\n\n\n<div class=\"wp-block-image\"><figure class=\"aligncenter size-large is-resized\"><a href=\"https:\/\/www.facebook.com\/profile.php?id=100069289606145\"><img loading=\"lazy\" decoding=\"async\" src=\"https:\/\/jornalfatosenoticias.com.br\/wp-content\/uploads\/2024\/11\/Guaitolini-Contabilidade-1024x714.jpeg\" alt=\"\" class=\"wp-image-55808\" width=\"330\" height=\"230\" srcset=\"https:\/\/jornalfatosenoticias.com.br\/wp-content\/uploads\/2024\/11\/Guaitolini-Contabilidade-1024x714.jpeg 1024w, https:\/\/jornalfatosenoticias.com.br\/wp-content\/uploads\/2024\/11\/Guaitolini-Contabilidade-300x209.jpeg 300w, https:\/\/jornalfatosenoticias.com.br\/wp-content\/uploads\/2024\/11\/Guaitolini-Contabilidade-768x535.jpeg 768w, https:\/\/jornalfatosenoticias.com.br\/wp-content\/uploads\/2024\/11\/Guaitolini-Contabilidade.jpeg 1280w\" sizes=\"auto, (max-width: 330px) 100vw, 330px\" \/><\/a><\/figure><\/div>\n\n\n\n<p>O economista destaca, sobretudo, a infla\u00e7\u00e3o de alimentos, que tem corro\u00eddo o poder de compra da popula\u00e7\u00e3o. O IPCA geral aumentou quase 5% em 2024, enquanto alimentos e bebidas ficaram quase 8% mais caros, na m\u00e9dia, segundo o Instituto Brasileiro de Geografia e Estat\u00edstica (IBGE).<\/p>\n\n\n\n<div class=\"wp-block-image\"><figure class=\"aligncenter size-large is-resized\"><a href=\"https:\/\/www.instagram.com\/restaurantepegoretti\/\"><img loading=\"lazy\" decoding=\"async\" src=\"https:\/\/jornalfatosenoticias.com.br\/wp-content\/uploads\/2023\/12\/pegoretti-logo-pdf-1024x389.jpg\" alt=\"\" class=\"wp-image-47536\" width=\"443\" height=\"168\" srcset=\"https:\/\/jornalfatosenoticias.com.br\/wp-content\/uploads\/2023\/12\/pegoretti-logo-pdf-1024x389.jpg 1024w, https:\/\/jornalfatosenoticias.com.br\/wp-content\/uploads\/2023\/12\/pegoretti-logo-pdf-300x114.jpg 300w, https:\/\/jornalfatosenoticias.com.br\/wp-content\/uploads\/2023\/12\/pegoretti-logo-pdf-768x291.jpg 768w, https:\/\/jornalfatosenoticias.com.br\/wp-content\/uploads\/2023\/12\/pegoretti-logo-pdf.jpg 1120w\" sizes=\"auto, (max-width: 443px) 100vw, 443px\" \/><\/a><\/figure><\/div>\n\n\n\n<p>Num estudo rec\u00e9m-publicado sobre o tema, que cruza o custo da cesta b\u00e1sica com a evolu\u00e7\u00e3o do sal\u00e1rio m\u00ednimo e do rendimento m\u00e9dio do trabalho, Imaizumi observou que o aumento da renda proporcionado pelo reajuste do piso salarial acima da infla\u00e7\u00e3o, em vigor na gest\u00e3o Lula, n\u00e3o \u00e9 observado pelo consumidor. \u201cEles n\u00e3o conseguem ver uma recupera\u00e7\u00e3o do seu poder de compra que foi perdido desde a pandemia\u201d, afirma. \u201cA\u00ed a raz\u00e3o de as coisas n\u00e3o irem muito bem para o governo\u201d.<\/p>\n\n\n\n<div class=\"wp-block-image\"><figure class=\"aligncenter size-large is-resized\"><a href=\"https:\/\/www.controlsystems.com.br\/\"><img loading=\"lazy\" decoding=\"async\" src=\"https:\/\/jornalfatosenoticias.com.br\/wp-content\/uploads\/2020\/02\/CONTROL-CS.jpg\" alt=\"\" class=\"wp-image-44991\" width=\"289\" height=\"347\" srcset=\"https:\/\/jornalfatosenoticias.com.br\/wp-content\/uploads\/2020\/02\/CONTROL-CS.jpg 834w, https:\/\/jornalfatosenoticias.com.br\/wp-content\/uploads\/2020\/02\/CONTROL-CS-250x300.jpg 250w, https:\/\/jornalfatosenoticias.com.br\/wp-content\/uploads\/2020\/02\/CONTROL-CS-768x921.jpg 768w\" sizes=\"auto, (max-width: 289px) 100vw, 289px\" \/><\/a><\/figure><\/div>\n\n\n\n<p>Imaizumi mostra no levantamento que, antes da pandemia, um sal\u00e1rio m\u00ednimo conseguia comprar 2,07 cestas b\u00e1sicas em S\u00e3o Paulo na m\u00e9dia de 2010 a 2019. Essa rela\u00e7\u00e3o baixou ap\u00f3s a pandemia de covid-19, chegando a 1,51 em abril de 2022, no governo Jair Bolsonaro (PL). At\u00e9 dezembro de 2025, o estudo estima que um sal\u00e1rio m\u00ednimo conseguir\u00e1 comprar perto de 1,7 cesta b\u00e1sica. O mesmo n\u00famero deve se repetir no ano eleitoral de 2026, demonstrando estagna\u00e7\u00e3o do poder de compra.<\/p>\n\n\n\n<div class=\"wp-block-image\"><figure class=\"aligncenter size-large is-resized\"><a href=\"https:\/\/www.facebook.com\/postobkr\/?locale=pt_BR\"><img loading=\"lazy\" decoding=\"async\" src=\"https:\/\/jornalfatosenoticias.com.br\/wp-content\/uploads\/2023\/08\/BKR-1024x1021.jpg\" alt=\"\" class=\"wp-image-44494\" width=\"319\" height=\"318\" srcset=\"https:\/\/jornalfatosenoticias.com.br\/wp-content\/uploads\/2023\/08\/BKR-1024x1021.jpg 1024w, https:\/\/jornalfatosenoticias.com.br\/wp-content\/uploads\/2023\/08\/BKR-300x300.jpg 300w, https:\/\/jornalfatosenoticias.com.br\/wp-content\/uploads\/2023\/08\/BKR-150x150.jpg 150w, https:\/\/jornalfatosenoticias.com.br\/wp-content\/uploads\/2023\/08\/BKR-768x766.jpg 768w, https:\/\/jornalfatosenoticias.com.br\/wp-content\/uploads\/2023\/08\/BKR.jpg 1080w\" sizes=\"auto, (max-width: 319px) 100vw, 319px\" \/><\/a><\/figure><\/div>\n\n\n\n<blockquote class=\"wp-block-quote is-layout-flow wp-block-quote-is-layout-flow\"><p><span class=\"has-inline-color has-luminous-vivid-orange-color\">N\u00e3o \u00e0 toa, est\u00e3o procurando medidas para tentar diminuir de maneira artificial os pre\u00e7os de alimentos\u201d, afirma.<\/span><\/p><\/blockquote>\n\n\n\n<div class=\"wp-block-image\"><figure class=\"aligncenter size-large\"><a href=\"https:\/\/www.facebook.com\/vetor.vix\/\"><img loading=\"lazy\" decoding=\"async\" width=\"1024\" height=\"273\" src=\"https:\/\/jornalfatosenoticias.com.br\/wp-content\/uploads\/2023\/09\/vetorvix1024_1.jpg\" alt=\"\" class=\"wp-image-44868\" srcset=\"https:\/\/jornalfatosenoticias.com.br\/wp-content\/uploads\/2023\/09\/vetorvix1024_1.jpg 1024w, https:\/\/jornalfatosenoticias.com.br\/wp-content\/uploads\/2023\/09\/vetorvix1024_1-300x80.jpg 300w, https:\/\/jornalfatosenoticias.com.br\/wp-content\/uploads\/2023\/09\/vetorvix1024_1-768x205.jpg 768w\" sizes=\"auto, (max-width: 1024px) 100vw, 1024px\" \/><\/a><\/figure><\/div>\n\n\n\n<p><strong><span class=\"has-inline-color has-black-color\">Governo Lula quer usar comunica\u00e7\u00e3o para resolver economia e reverter desaprova\u00e7\u00e3o<br><\/span><\/strong>N\u00e3o foi por acaso que o governo p\u00f4s a agenda econ\u00f4mica no centro das prioridades junto ao Congresso, sob nova lideran\u00e7a. Tamb\u00e9m est\u00e1 apostando na comunica\u00e7\u00e3o, a cargo do novo ministro da Secretaria de Comunica\u00e7\u00e3o, o publicit\u00e1rio Sid\u00f4nio Palmeira. Seu primeiro teste foi justamente o epis\u00f3dio do Pix e n\u00e3o surtiu o efeito esperado. O v\u00eddeo de Lula fazendo uma transa\u00e7\u00e3o pelo celular para desmentir a taxa\u00e7\u00e3o n\u00e3o arrefeceu a crise, j\u00e1 que o problema era o aumento da fiscaliza\u00e7\u00e3o.<\/p>\n\n\n\n<div class=\"wp-block-image\"><figure class=\"aligncenter size-large is-resized\"><a href=\"https:\/\/www.instagram.com\/vmais.midias\/\"><img loading=\"lazy\" decoding=\"async\" src=\"https:\/\/jornalfatosenoticias.com.br\/wp-content\/uploads\/2020\/02\/DE-MAIS-DESTAQUE-VMAIS-800X700.png\" alt=\"\" class=\"wp-image-53112\" width=\"308\" height=\"269\" srcset=\"https:\/\/jornalfatosenoticias.com.br\/wp-content\/uploads\/2020\/02\/DE-MAIS-DESTAQUE-VMAIS-800X700.png 800w, https:\/\/jornalfatosenoticias.com.br\/wp-content\/uploads\/2020\/02\/DE-MAIS-DESTAQUE-VMAIS-800X700-300x263.png 300w, https:\/\/jornalfatosenoticias.com.br\/wp-content\/uploads\/2020\/02\/DE-MAIS-DESTAQUE-VMAIS-800X700-768x672.png 768w\" sizes=\"auto, (max-width: 308px) 100vw, 308px\" \/><\/a><\/figure><\/div>\n\n\n\n<blockquote class=\"wp-block-quote is-layout-flow wp-block-quote-is-layout-flow\"><p><span class=\"has-inline-color has-luminous-vivid-orange-color\">O governo tem se comunicado muito mal nos \u00faltimos grandes eventos econ\u00f4micos\u201d, diz Imaizumi. \u201cAntes do Pix, j\u00e1 tinha pegado muito mal o an\u00fancio do pacote de gastos com o pronunciamento do [ministro da Fazenda, Fernando] Haddad, que juntou a quest\u00e3o da isen\u00e7\u00e3o do Imposto de Renda\u201d. Desde ent\u00e3o, o desgaste do ministro s\u00f3 aumentou.<\/span><\/p><\/blockquote>\n\n\n\n<div class=\"wp-block-image\"><figure class=\"aligncenter size-large is-resized\"><a href=\"https:\/\/hotelmarquetti.com.br\/\"><img loading=\"lazy\" decoding=\"async\" src=\"https:\/\/jornalfatosenoticias.com.br\/wp-content\/uploads\/2023\/03\/nova-logo-Marquetti.jpg\" alt=\"\" class=\"wp-image-40207\" width=\"315\" height=\"212\" srcset=\"https:\/\/jornalfatosenoticias.com.br\/wp-content\/uploads\/2023\/03\/nova-logo-Marquetti.jpg 643w, https:\/\/jornalfatosenoticias.com.br\/wp-content\/uploads\/2023\/03\/nova-logo-Marquetti-300x202.jpg 300w\" sizes=\"auto, (max-width: 315px) 100vw, 315px\" \/><\/a><\/figure><\/div>\n\n\n\n<p>Numa pesquisa Genial\/Quaest divulgada nesta segunda-feira (3), o ministro da Fazenda aparece com a maior desaprova\u00e7\u00e3o entre os nomes testados: 56% dos entrevistados responderam que o conhecem, mas n\u00e3o votariam nele. A Quaest ouviu 4,5 mil pessoas entre os dias 23 e 26 de janeiro. A margem de erro \u00e9 de 1 ponto percentual e grau de confian\u00e7a de 95%.<\/p>\n\n\n\n<div class=\"wp-block-image\"><figure class=\"aligncenter size-large is-resized\"><a href=\"https:\/\/www.instagram.com\/serra4x4cambioautomatico\/\"><img loading=\"lazy\" decoding=\"async\" src=\"https:\/\/jornalfatosenoticias.com.br\/wp-content\/uploads\/2024\/08\/Serra-4x4-1-886x1024.jpg\" alt=\"\" class=\"wp-image-53632\" width=\"281\" height=\"325\" srcset=\"https:\/\/jornalfatosenoticias.com.br\/wp-content\/uploads\/2024\/08\/Serra-4x4-1-886x1024.jpg 886w, https:\/\/jornalfatosenoticias.com.br\/wp-content\/uploads\/2024\/08\/Serra-4x4-1-260x300.jpg 260w, https:\/\/jornalfatosenoticias.com.br\/wp-content\/uploads\/2024\/08\/Serra-4x4-1-768x888.jpg 768w, https:\/\/jornalfatosenoticias.com.br\/wp-content\/uploads\/2024\/08\/Serra-4x4-1.jpg 1181w\" sizes=\"auto, (max-width: 281px) 100vw, 281px\" \/><\/a><\/figure><\/div>\n\n\n\n<p>O economista tamb\u00e9m pontua os ru\u00eddos de comunica\u00e7\u00e3o com o mercado financeiro, que provocaram a escalada do d\u00f3lar desde novembro. O m\u00eas de dezembro foi marcado por cota\u00e7\u00f5es recordes da moeda, que s\u00f3 recuou ap\u00f3s a posse do republicano Donald Trump na presid\u00eancia dos Estados Unidos. \u201cO valor da moeda impacta a infla\u00e7\u00e3o, especialmente a de alimentos, porque grande parte das commodities \u00e9 cotada em d\u00f3lar, e afeta diretamente o term\u00f4metro da popularidade do petista\u201d, observa o economista da LCA.<\/p>\n\n\n\n<div class=\"wp-block-image\"><figure class=\"aligncenter size-large is-resized\"><a href=\"https:\/\/www.ithbrasil.com.br\/\"><img loading=\"lazy\" decoding=\"async\" src=\"https:\/\/jornalfatosenoticias.com.br\/wp-content\/uploads\/2023\/08\/ITH.jpeg\" alt=\"\" class=\"wp-image-44638\" width=\"326\" height=\"265\" srcset=\"https:\/\/jornalfatosenoticias.com.br\/wp-content\/uploads\/2023\/08\/ITH.jpeg 800w, https:\/\/jornalfatosenoticias.com.br\/wp-content\/uploads\/2023\/08\/ITH-300x244.jpeg 300w, https:\/\/jornalfatosenoticias.com.br\/wp-content\/uploads\/2023\/08\/ITH-768x624.jpeg 768w\" sizes=\"auto, (max-width: 326px) 100vw, 326px\" \/><\/a><\/figure><\/div>\n\n\n\n<p><strong><span class=\"has-inline-color has-black-color\">Raiz do problema econ\u00f4mico \u00e9 o descontrole fiscal<br><\/span><\/strong>Sch\u00fcler destaca que, embora seja \u201c\u00f3bvio\u201d que h\u00e1 problemas, a tentativa do governo de reduzir a queda de popularidade a uma falha de comunica\u00e7\u00e3o \u00e9 \u201cingenuidade\u201d. \u201cTamb\u00e9m \u00e9 ingenuidade imaginar que vai se resolver isso com comunica\u00e7\u00e3o\u201d, diz. \u201cA quest\u00e3o central do governo \u00e9 a perda do controle da situa\u00e7\u00e3o fiscal, que se traduz em infla\u00e7\u00e3o e na sensa\u00e7\u00e3o de encolhimento da renda relativa, inversa \u00e0 que se teve no ano passado\u201d.<\/p>\n\n\n\n<div class=\"wp-block-image\"><figure class=\"aligncenter size-large is-resized\"><a href=\"https:\/\/panper.com.br\/\"><img loading=\"lazy\" decoding=\"async\" src=\"https:\/\/jornalfatosenoticias.com.br\/wp-content\/uploads\/2023\/03\/logo-Panper_portal.jpg\" alt=\"\" class=\"wp-image-40208\" width=\"331\" height=\"229\" srcset=\"https:\/\/jornalfatosenoticias.com.br\/wp-content\/uploads\/2023\/03\/logo-Panper_portal.jpg 400w, https:\/\/jornalfatosenoticias.com.br\/wp-content\/uploads\/2023\/03\/logo-Panper_portal-300x208.jpg 300w\" sizes=\"auto, (max-width: 331px) 100vw, 331px\" \/><\/a><\/figure><\/div>\n\n\n\n<blockquote class=\"wp-block-quote is-layout-flow wp-block-quote-is-layout-flow\"><p><span class=\"has-inline-color has-luminous-vivid-orange-color\">Embora o descontrole fiscal pare\u00e7a um tema apenas para investidores, mercado e tal, na verdade ele gera uma enorme inseguran\u00e7a econ\u00f4mica no pa\u00eds&#8221;, acrescenta. &#8220;E essa percep\u00e7\u00e3o vai se irradiando na sociedade. Todo mundo vai percebendo que a fotografia pode ser boa, mas o filme n\u00e3o \u00e9 bom\u201d.<\/span><\/p><\/blockquote>\n\n\n\n<div class=\"wp-block-image\"><figure class=\"aligncenter size-large\"><a href=\"https:\/\/cesconetto.com.br\/\"><img loading=\"lazy\" decoding=\"async\" width=\"300\" height=\"250\" src=\"https:\/\/jornalfatosenoticias.com.br\/wp-content\/uploads\/2022\/02\/Banner-2.png\" alt=\"\" class=\"wp-image-27877\"\/><\/a><\/figure><\/div>\n\n\n\n<p>Imaizumi diz que as pessoas percebem o governo \u201ctentando fingir que est\u00e1 compromissado com a trajet\u00f3ria de m\u00e9dio e longo prazo das contas p\u00fablicas, mas, na verdade, s\u00f3 tem procurado algumas medidas via arrecada\u00e7\u00e3o&#8221;. &#8220;Ele esquece que tamb\u00e9m pode estar olhando para os outros lados, principalmente para as despesas\u201d, diz. \u201cPorque aqui no Brasil a gente gasta muito e gasta muito mal\u201d.<\/p>\n\n\n\n<div class=\"wp-block-image\"><figure class=\"aligncenter size-large is-resized\"><a href=\"https:\/\/www.instagram.com\/rcradiadores\/\"><img loading=\"lazy\" decoding=\"async\" src=\"https:\/\/jornalfatosenoticias.com.br\/wp-content\/uploads\/2022\/10\/RC_800x750_page-0001.jpg\" alt=\"\" class=\"wp-image-35338\" width=\"304\" height=\"285\" srcset=\"https:\/\/jornalfatosenoticias.com.br\/wp-content\/uploads\/2022\/10\/RC_800x750_page-0001.jpg 400w, https:\/\/jornalfatosenoticias.com.br\/wp-content\/uploads\/2022\/10\/RC_800x750_page-0001-300x281.jpg 300w\" sizes=\"auto, (max-width: 304px) 100vw, 304px\" \/><\/a><\/figure><\/div>\n\n\n\n<p><strong><span class=\"has-inline-color has-black-color\">O que esperar at\u00e9 as elei\u00e7\u00f5es<br><\/span><\/strong>Para os analistas, daqui para frente at\u00e9 as elei\u00e7\u00f5es, o que se ver\u00e1 na pr\u00e1tica \u00e9 um governo tentando compensar todas as suas defici\u00eancias reais com uma comunica\u00e7\u00e3o mais engajada. \u201cEles [o governo] n\u00e3o t\u00eam a mesma pegada de comunica\u00e7\u00e3o que seus futuros advers\u00e1rios pol\u00edticos t\u00eam\u201d, diz Imaizumi. \u201cSabem que acabam perdendo um pouco nisso\u201d.<\/p>\n\n\n\n<div class=\"wp-block-image\"><figure class=\"aligncenter size-large is-resized\"><a href=\"https:\/\/www.instagram.com\/restaurantepegoretti\/\"><img loading=\"lazy\" decoding=\"async\" src=\"https:\/\/jornalfatosenoticias.com.br\/wp-content\/uploads\/2023\/12\/pegoretti-logo-pdf-1024x389.jpg\" alt=\"\" class=\"wp-image-47536\" width=\"409\" height=\"155\" srcset=\"https:\/\/jornalfatosenoticias.com.br\/wp-content\/uploads\/2023\/12\/pegoretti-logo-pdf-1024x389.jpg 1024w, https:\/\/jornalfatosenoticias.com.br\/wp-content\/uploads\/2023\/12\/pegoretti-logo-pdf-300x114.jpg 300w, https:\/\/jornalfatosenoticias.com.br\/wp-content\/uploads\/2023\/12\/pegoretti-logo-pdf-768x291.jpg 768w, https:\/\/jornalfatosenoticias.com.br\/wp-content\/uploads\/2023\/12\/pegoretti-logo-pdf.jpg 1120w\" sizes=\"auto, (max-width: 409px) 100vw, 409px\" \/><\/a><\/figure><\/div>\n\n\n\n<p>Sch\u00fcler tamb\u00e9m acredita que o Planalto enxerga \u201cque a direita ganhou, ou tem ganhado sistematicamente, o jogo nas redes sociais e vai tentar reverter isso\u201d. \u201c[O governo] vai tentar criar instrumentos, financiar influenciadores digitais, adaptar a sua linguagem e fazer uma comunica\u00e7\u00e3o muito mais agressiva\u201d, diz.<\/p>\n\n\n\n<div class=\"wp-block-image\"><figure class=\"aligncenter size-large is-resized\"><a href=\"https:\/\/www.instagram.com\/esteiochurrascaria\/\"><img loading=\"lazy\" decoding=\"async\" src=\"https:\/\/jornalfatosenoticias.com.br\/wp-content\/uploads\/2022\/02\/LOGO-ESTEIO-1024x730.png\" alt=\"\" class=\"wp-image-27942\" width=\"345\" height=\"246\" srcset=\"https:\/\/jornalfatosenoticias.com.br\/wp-content\/uploads\/2022\/02\/LOGO-ESTEIO-1024x730.png 1024w, https:\/\/jornalfatosenoticias.com.br\/wp-content\/uploads\/2022\/02\/LOGO-ESTEIO-300x214.png 300w, https:\/\/jornalfatosenoticias.com.br\/wp-content\/uploads\/2022\/02\/LOGO-ESTEIO-768x548.png 768w, https:\/\/jornalfatosenoticias.com.br\/wp-content\/uploads\/2022\/02\/LOGO-ESTEIO.png 1123w\" sizes=\"auto, (max-width: 345px) 100vw, 345px\" \/><\/a><\/figure><\/div>\n\n\n\n<blockquote class=\"wp-block-quote is-layout-flow wp-block-quote-is-layout-flow\"><p><span class=\"has-inline-color has-luminous-vivid-orange-color\">Vai apostar na polariza\u00e7\u00e3o, vai retomar essa ideia de risco \u00e0 democracia, ressuscitar os fantasmas todos, da extrema-direita, da invas\u00e3o do 8 de janeiro, de n\u00e3o sei o qu\u00ea, do fascismo, da destrui\u00e7\u00e3o do Brasil. O ministro Sid\u00f4nio tem uma filosofia de que o discurso da radicaliza\u00e7\u00e3o \u00e9 bom para o Lula\u201d, acrescenta.<\/span><\/p><\/blockquote>\n\n\n\n<div class=\"wp-block-image\"><figure class=\"aligncenter size-large\"><a href=\"https:\/\/www.facebook.com\/vetor.vix\/\"><img loading=\"lazy\" decoding=\"async\" width=\"1024\" height=\"273\" src=\"https:\/\/jornalfatosenoticias.com.br\/wp-content\/uploads\/2023\/09\/vetorvix1024_1.jpg\" alt=\"\" class=\"wp-image-44868\" srcset=\"https:\/\/jornalfatosenoticias.com.br\/wp-content\/uploads\/2023\/09\/vetorvix1024_1.jpg 1024w, https:\/\/jornalfatosenoticias.com.br\/wp-content\/uploads\/2023\/09\/vetorvix1024_1-300x80.jpg 300w, https:\/\/jornalfatosenoticias.com.br\/wp-content\/uploads\/2023\/09\/vetorvix1024_1-768x205.jpg 768w\" sizes=\"auto, (max-width: 1024px) 100vw, 1024px\" \/><\/a><\/figure><\/div>\n\n\n\n<p>O cen\u00e1rio de incertezas na economia, no entanto, impede previs\u00f5es mais precisas. O panorama pol\u00edtico tamb\u00e9m \u00e9 intricado, com uma direita \u201cfragmentada e acuada\u201d, segundo Sch\u00fcler.<\/p>\n\n\n\n<blockquote class=\"wp-block-quote is-layout-flow wp-block-quote-is-layout-flow\"><p><span class=\"has-inline-color has-luminous-vivid-orange-color\">Apesar de a direita viver um \u00f3timo momento global, das pesquisas mostrarem que a receptividade das ideias mais \u00e0 direita \u00e9 muito maior, a equa\u00e7\u00e3o pol\u00edtica interna ainda n\u00e3o apareceu&#8221;, afirma. &#8220;Quer dizer, quem \u00e9 que vai liderar isso? Qual coaliz\u00e3o que vai produzir isso? Ainda n\u00e3o apareceu\u201d.<\/span><\/p><\/blockquote>\n\n\n\n<div class=\"wp-block-image\"><figure class=\"aligncenter size-large is-resized\"><a href=\"https:\/\/www.facebook.com\/postobkr\/?locale=pt_BR\"><img loading=\"lazy\" decoding=\"async\" src=\"https:\/\/jornalfatosenoticias.com.br\/wp-content\/uploads\/2023\/08\/BKR-1024x1021.jpg\" alt=\"\" class=\"wp-image-44494\" width=\"312\" height=\"311\" srcset=\"https:\/\/jornalfatosenoticias.com.br\/wp-content\/uploads\/2023\/08\/BKR-1024x1021.jpg 1024w, https:\/\/jornalfatosenoticias.com.br\/wp-content\/uploads\/2023\/08\/BKR-300x300.jpg 300w, https:\/\/jornalfatosenoticias.com.br\/wp-content\/uploads\/2023\/08\/BKR-150x150.jpg 150w, https:\/\/jornalfatosenoticias.com.br\/wp-content\/uploads\/2023\/08\/BKR-768x766.jpg 768w, https:\/\/jornalfatosenoticias.com.br\/wp-content\/uploads\/2023\/08\/BKR.jpg 1080w\" sizes=\"auto, (max-width: 312px) 100vw, 312px\" \/><\/a><\/figure><\/div>\n\n\n\n<p><strong><em>Fonte: <a href=\"https:\/\/www.gazetadopovo.com.br\/economia\/desaprovacao-lula-classe-media-baixa-renda-economia\/\">Gazeta do Povo<\/a><\/em><\/strong><\/p>\n","protected":false},"excerpt":{"rendered":"<p>Lula da Silva amarga desaprova\u00e7\u00e3o nas classes m\u00e9dia e baixa Por Rose Amant\u00e9a As \u00faltimas pesquisas revelaram que a desaprova\u00e7\u00e3o ao governo de Luiz In\u00e1cio Lula da Silva (PT), j\u00e1 registrada anteriormente entre eleitores de classe m\u00e9dia, transbordou para a popula\u00e7\u00e3o de baixa renda, que ganha menos de dois sal\u00e1rios m\u00ednimos. A piora da avalia\u00e7\u00e3o [&hellip;]<\/p>\n","protected":false},"author":2,"featured_media":57319,"comment_status":"open","ping_status":"open","sticky":false,"template":"","format":"standard","meta":{"footnotes":""},"categories":[9,10],"tags":[4360,7580,876,5921,26162,1404],"class_list":["post-57318","post","type-post","status-publish","format-standard","has-post-thumbnail","hentry","category-economia","category-politica","tag-empreendedorismo","tag-lula","tag-pesquisas","tag-pix","tag-poder-de-compra-da-populacao","tag-receita-federal"],"yoast_head":"<!-- This site is optimized with the Yoast SEO plugin v26.5 - https:\/\/yoast.com\/wordpress\/plugins\/seo\/ -->\n<title>Economia explica por que insatisfa\u00e7\u00e3o com Lula \u201ctransbordou\u201d da classe m\u00e9dia para a baixa - Jornal Fatos e Not\u00edcias<\/title>\n<meta name=\"robots\" content=\"index, follow, max-snippet:-1, max-image-preview:large, max-video-preview:-1\" \/>\n<link rel=\"canonical\" href=\"https:\/\/jornalfatosenoticias.com.br\/index.php\/2025\/02\/04\/economia-explica-por-que-insatisfacao-com-lula-transbordou-da-classe-media-para-a-baixa\/\" \/>\n<meta property=\"og:locale\" content=\"pt_BR\" \/>\n<meta property=\"og:type\" content=\"article\" \/>\n<meta property=\"og:title\" content=\"Economia explica por que insatisfa\u00e7\u00e3o com Lula \u201ctransbordou\u201d da classe m\u00e9dia para a baixa - Jornal Fatos e Not\u00edcias\" \/>\n<meta property=\"og:description\" content=\"Lula da Silva amarga desaprova\u00e7\u00e3o nas classes m\u00e9dia e baixa Por Rose Amant\u00e9a As \u00faltimas pesquisas revelaram que a desaprova\u00e7\u00e3o ao governo de Luiz In\u00e1cio Lula da Silva (PT), j\u00e1 registrada anteriormente entre eleitores de classe m\u00e9dia, transbordou para a popula\u00e7\u00e3o de baixa renda, que ganha menos de dois sal\u00e1rios m\u00ednimos. A piora da avalia\u00e7\u00e3o [&hellip;]\" \/>\n<meta property=\"og:url\" content=\"https:\/\/jornalfatosenoticias.com.br\/index.php\/2025\/02\/04\/economia-explica-por-que-insatisfacao-com-lula-transbordou-da-classe-media-para-a-baixa\/\" \/>\n<meta property=\"og:site_name\" content=\"Jornal Fatos e Not\u00edcias\" \/>\n<meta property=\"article:published_time\" content=\"2025-02-04T16:36:25+00:00\" \/>\n<meta property=\"article:modified_time\" content=\"2025-02-04T16:36:27+00:00\" \/>\n<meta property=\"og:image\" content=\"https:\/\/jornalfatosenoticias.com.br\/wp-content\/uploads\/2025\/02\/molusco-ladeira-a-baixo_gettyimages.jpg\" \/>\n\t<meta property=\"og:image:width\" content=\"612\" \/>\n\t<meta property=\"og:image:height\" content=\"407\" \/>\n\t<meta property=\"og:image:type\" content=\"image\/jpeg\" \/>\n<meta name=\"author\" content=\"Luzimara Fernandes\" \/>\n<meta name=\"twitter:card\" content=\"summary_large_image\" \/>\n<meta name=\"twitter:label1\" content=\"Escrito por\" \/>\n\t<meta name=\"twitter:data1\" content=\"Luzimara Fernandes\" \/>\n\t<meta name=\"twitter:label2\" content=\"Est. tempo de leitura\" \/>\n\t<meta name=\"twitter:data2\" content=\"8 minutos\" \/>\n<script type=\"application\/ld+json\" class=\"yoast-schema-graph\">{\"@context\":\"https:\/\/schema.org\",\"@graph\":[{\"@type\":\"Article\",\"@id\":\"https:\/\/jornalfatosenoticias.com.br\/index.php\/2025\/02\/04\/economia-explica-por-que-insatisfacao-com-lula-transbordou-da-classe-media-para-a-baixa\/#article\",\"isPartOf\":{\"@id\":\"https:\/\/jornalfatosenoticias.com.br\/index.php\/2025\/02\/04\/economia-explica-por-que-insatisfacao-com-lula-transbordou-da-classe-media-para-a-baixa\/\"},\"author\":{\"name\":\"Luzimara Fernandes\",\"@id\":\"https:\/\/jornalfatosenoticias.com.br\/#\/schema\/person\/d63837fa13ac8666eb9e74e0985d6f81\"},\"headline\":\"Economia explica por que insatisfa\u00e7\u00e3o com Lula \u201ctransbordou\u201d da classe m\u00e9dia para a baixa\",\"datePublished\":\"2025-02-04T16:36:25+00:00\",\"dateModified\":\"2025-02-04T16:36:27+00:00\",\"mainEntityOfPage\":{\"@id\":\"https:\/\/jornalfatosenoticias.com.br\/index.php\/2025\/02\/04\/economia-explica-por-que-insatisfacao-com-lula-transbordou-da-classe-media-para-a-baixa\/\"},\"wordCount\":1623,\"commentCount\":0,\"publisher\":{\"@id\":\"https:\/\/jornalfatosenoticias.com.br\/#organization\"},\"image\":{\"@id\":\"https:\/\/jornalfatosenoticias.com.br\/index.php\/2025\/02\/04\/economia-explica-por-que-insatisfacao-com-lula-transbordou-da-classe-media-para-a-baixa\/#primaryimage\"},\"thumbnailUrl\":\"https:\/\/jornalfatosenoticias.com.br\/wp-content\/uploads\/2025\/02\/molusco-ladeira-a-baixo_gettyimages.jpg\",\"keywords\":[\"empreendedorismo\",\"Lula\",\"pesquisas\",\"Pix\",\"poder de compra da popula\u00e7\u00e3o\",\"Receita Federal\"],\"articleSection\":[\"Economia\",\"Pol\u00edtica\"],\"inLanguage\":\"pt-BR\",\"potentialAction\":[{\"@type\":\"CommentAction\",\"name\":\"Comment\",\"target\":[\"https:\/\/jornalfatosenoticias.com.br\/index.php\/2025\/02\/04\/economia-explica-por-que-insatisfacao-com-lula-transbordou-da-classe-media-para-a-baixa\/#respond\"]}]},{\"@type\":\"WebPage\",\"@id\":\"https:\/\/jornalfatosenoticias.com.br\/index.php\/2025\/02\/04\/economia-explica-por-que-insatisfacao-com-lula-transbordou-da-classe-media-para-a-baixa\/\",\"url\":\"https:\/\/jornalfatosenoticias.com.br\/index.php\/2025\/02\/04\/economia-explica-por-que-insatisfacao-com-lula-transbordou-da-classe-media-para-a-baixa\/\",\"name\":\"Economia explica por que insatisfa\u00e7\u00e3o com Lula \u201ctransbordou\u201d da classe m\u00e9dia para a baixa - Jornal Fatos e Not\u00edcias\",\"isPartOf\":{\"@id\":\"https:\/\/jornalfatosenoticias.com.br\/#website\"},\"primaryImageOfPage\":{\"@id\":\"https:\/\/jornalfatosenoticias.com.br\/index.php\/2025\/02\/04\/economia-explica-por-que-insatisfacao-com-lula-transbordou-da-classe-media-para-a-baixa\/#primaryimage\"},\"image\":{\"@id\":\"https:\/\/jornalfatosenoticias.com.br\/index.php\/2025\/02\/04\/economia-explica-por-que-insatisfacao-com-lula-transbordou-da-classe-media-para-a-baixa\/#primaryimage\"},\"thumbnailUrl\":\"https:\/\/jornalfatosenoticias.com.br\/wp-content\/uploads\/2025\/02\/molusco-ladeira-a-baixo_gettyimages.jpg\",\"datePublished\":\"2025-02-04T16:36:25+00:00\",\"dateModified\":\"2025-02-04T16:36:27+00:00\",\"breadcrumb\":{\"@id\":\"https:\/\/jornalfatosenoticias.com.br\/index.php\/2025\/02\/04\/economia-explica-por-que-insatisfacao-com-lula-transbordou-da-classe-media-para-a-baixa\/#breadcrumb\"},\"inLanguage\":\"pt-BR\",\"potentialAction\":[{\"@type\":\"ReadAction\",\"target\":[\"https:\/\/jornalfatosenoticias.com.br\/index.php\/2025\/02\/04\/economia-explica-por-que-insatisfacao-com-lula-transbordou-da-classe-media-para-a-baixa\/\"]}]},{\"@type\":\"ImageObject\",\"inLanguage\":\"pt-BR\",\"@id\":\"https:\/\/jornalfatosenoticias.com.br\/index.php\/2025\/02\/04\/economia-explica-por-que-insatisfacao-com-lula-transbordou-da-classe-media-para-a-baixa\/#primaryimage\",\"url\":\"https:\/\/jornalfatosenoticias.com.br\/wp-content\/uploads\/2025\/02\/molusco-ladeira-a-baixo_gettyimages.jpg\",\"contentUrl\":\"https:\/\/jornalfatosenoticias.com.br\/wp-content\/uploads\/2025\/02\/molusco-ladeira-a-baixo_gettyimages.jpg\",\"width\":612,\"height\":407,\"caption\":\"BRASILIA, BRAZIL - JANUARY 29: President of BraZil Luiz In\u00e1cio Lula da Silva gestures during a ceremony to announce financing for the roads in Parana at Planalto Palace on January 29, 2025 in Brasilia, Brazil. (Photo by Andressa Anholete\/Getty Images)\"},{\"@type\":\"BreadcrumbList\",\"@id\":\"https:\/\/jornalfatosenoticias.com.br\/index.php\/2025\/02\/04\/economia-explica-por-que-insatisfacao-com-lula-transbordou-da-classe-media-para-a-baixa\/#breadcrumb\",\"itemListElement\":[{\"@type\":\"ListItem\",\"position\":1,\"name\":\"In\u00edcio\",\"item\":\"https:\/\/jornalfatosenoticias.com.br\/\"},{\"@type\":\"ListItem\",\"position\":2,\"name\":\"Economia explica por que insatisfa\u00e7\u00e3o com Lula \u201ctransbordou\u201d da classe m\u00e9dia para a baixa\"}]},{\"@type\":\"WebSite\",\"@id\":\"https:\/\/jornalfatosenoticias.com.br\/#website\",\"url\":\"https:\/\/jornalfatosenoticias.com.br\/\",\"name\":\"Jornal Fatos e Not\u00edcias\",\"description\":\"Not\u00edcias em geral\",\"publisher\":{\"@id\":\"https:\/\/jornalfatosenoticias.com.br\/#organization\"},\"potentialAction\":[{\"@type\":\"SearchAction\",\"target\":{\"@type\":\"EntryPoint\",\"urlTemplate\":\"https:\/\/jornalfatosenoticias.com.br\/?s={search_term_string}\"},\"query-input\":{\"@type\":\"PropertyValueSpecification\",\"valueRequired\":true,\"valueName\":\"search_term_string\"}}],\"inLanguage\":\"pt-BR\"},{\"@type\":\"Organization\",\"@id\":\"https:\/\/jornalfatosenoticias.com.br\/#organization\",\"name\":\"Jornal Fatos e Not\u00edcias\",\"url\":\"https:\/\/jornalfatosenoticias.com.br\/\",\"logo\":{\"@type\":\"ImageObject\",\"inLanguage\":\"pt-BR\",\"@id\":\"https:\/\/jornalfatosenoticias.com.br\/#\/schema\/logo\/image\/\",\"url\":\"https:\/\/jornalfatosenoticias.com.br\/wp-content\/uploads\/2020\/02\/logo120.png\",\"contentUrl\":\"https:\/\/jornalfatosenoticias.com.br\/wp-content\/uploads\/2020\/02\/logo120.png\",\"width\":1227,\"height\":120,\"caption\":\"Jornal Fatos e Not\u00edcias\"},\"image\":{\"@id\":\"https:\/\/jornalfatosenoticias.com.br\/#\/schema\/logo\/image\/\"}},{\"@type\":\"Person\",\"@id\":\"https:\/\/jornalfatosenoticias.com.br\/#\/schema\/person\/d63837fa13ac8666eb9e74e0985d6f81\",\"name\":\"Luzimara Fernandes\",\"image\":{\"@type\":\"ImageObject\",\"inLanguage\":\"pt-BR\",\"@id\":\"https:\/\/jornalfatosenoticias.com.br\/#\/schema\/person\/image\/\",\"url\":\"https:\/\/jornalfatosenoticias.com.br\/wp-content\/uploads\/2025\/05\/EU_portal.jpg\",\"contentUrl\":\"https:\/\/jornalfatosenoticias.com.br\/wp-content\/uploads\/2025\/05\/EU_portal.jpg\",\"caption\":\"Luzimara Fernandes\"},\"description\":\"Jornalista MTB 2358-ES\",\"sameAs\":[\"https:\/\/jornalfatosenoticias.com.br\"],\"url\":\"https:\/\/jornalfatosenoticias.com.br\/index.php\/author\/luzimara\/\"}]}<\/script>\n<!-- \/ Yoast SEO plugin. -->","yoast_head_json":{"title":"Economia explica por que insatisfa\u00e7\u00e3o com Lula \u201ctransbordou\u201d da classe m\u00e9dia para a baixa - Jornal Fatos e Not\u00edcias","robots":{"index":"index","follow":"follow","max-snippet":"max-snippet:-1","max-image-preview":"max-image-preview:large","max-video-preview":"max-video-preview:-1"},"canonical":"https:\/\/jornalfatosenoticias.com.br\/index.php\/2025\/02\/04\/economia-explica-por-que-insatisfacao-com-lula-transbordou-da-classe-media-para-a-baixa\/","og_locale":"pt_BR","og_type":"article","og_title":"Economia explica por que insatisfa\u00e7\u00e3o com Lula \u201ctransbordou\u201d da classe m\u00e9dia para a baixa - Jornal Fatos e Not\u00edcias","og_description":"Lula da Silva amarga desaprova\u00e7\u00e3o nas classes m\u00e9dia e baixa Por Rose Amant\u00e9a As \u00faltimas pesquisas revelaram que a desaprova\u00e7\u00e3o ao governo de Luiz In\u00e1cio Lula da Silva (PT), j\u00e1 registrada anteriormente entre eleitores de classe m\u00e9dia, transbordou para a popula\u00e7\u00e3o de baixa renda, que ganha menos de dois sal\u00e1rios m\u00ednimos. A piora da avalia\u00e7\u00e3o [&hellip;]","og_url":"https:\/\/jornalfatosenoticias.com.br\/index.php\/2025\/02\/04\/economia-explica-por-que-insatisfacao-com-lula-transbordou-da-classe-media-para-a-baixa\/","og_site_name":"Jornal Fatos e Not\u00edcias","article_published_time":"2025-02-04T16:36:25+00:00","article_modified_time":"2025-02-04T16:36:27+00:00","og_image":[{"width":612,"height":407,"url":"https:\/\/jornalfatosenoticias.com.br\/wp-content\/uploads\/2025\/02\/molusco-ladeira-a-baixo_gettyimages.jpg","type":"image\/jpeg"}],"author":"Luzimara Fernandes","twitter_card":"summary_large_image","twitter_misc":{"Escrito por":"Luzimara Fernandes","Est. tempo de leitura":"8 minutos"},"schema":{"@context":"https:\/\/schema.org","@graph":[{"@type":"Article","@id":"https:\/\/jornalfatosenoticias.com.br\/index.php\/2025\/02\/04\/economia-explica-por-que-insatisfacao-com-lula-transbordou-da-classe-media-para-a-baixa\/#article","isPartOf":{"@id":"https:\/\/jornalfatosenoticias.com.br\/index.php\/2025\/02\/04\/economia-explica-por-que-insatisfacao-com-lula-transbordou-da-classe-media-para-a-baixa\/"},"author":{"name":"Luzimara Fernandes","@id":"https:\/\/jornalfatosenoticias.com.br\/#\/schema\/person\/d63837fa13ac8666eb9e74e0985d6f81"},"headline":"Economia explica por que insatisfa\u00e7\u00e3o com Lula \u201ctransbordou\u201d da classe m\u00e9dia para a baixa","datePublished":"2025-02-04T16:36:25+00:00","dateModified":"2025-02-04T16:36:27+00:00","mainEntityOfPage":{"@id":"https:\/\/jornalfatosenoticias.com.br\/index.php\/2025\/02\/04\/economia-explica-por-que-insatisfacao-com-lula-transbordou-da-classe-media-para-a-baixa\/"},"wordCount":1623,"commentCount":0,"publisher":{"@id":"https:\/\/jornalfatosenoticias.com.br\/#organization"},"image":{"@id":"https:\/\/jornalfatosenoticias.com.br\/index.php\/2025\/02\/04\/economia-explica-por-que-insatisfacao-com-lula-transbordou-da-classe-media-para-a-baixa\/#primaryimage"},"thumbnailUrl":"https:\/\/jornalfatosenoticias.com.br\/wp-content\/uploads\/2025\/02\/molusco-ladeira-a-baixo_gettyimages.jpg","keywords":["empreendedorismo","Lula","pesquisas","Pix","poder de compra da popula\u00e7\u00e3o","Receita Federal"],"articleSection":["Economia","Pol\u00edtica"],"inLanguage":"pt-BR","potentialAction":[{"@type":"CommentAction","name":"Comment","target":["https:\/\/jornalfatosenoticias.com.br\/index.php\/2025\/02\/04\/economia-explica-por-que-insatisfacao-com-lula-transbordou-da-classe-media-para-a-baixa\/#respond"]}]},{"@type":"WebPage","@id":"https:\/\/jornalfatosenoticias.com.br\/index.php\/2025\/02\/04\/economia-explica-por-que-insatisfacao-com-lula-transbordou-da-classe-media-para-a-baixa\/","url":"https:\/\/jornalfatosenoticias.com.br\/index.php\/2025\/02\/04\/economia-explica-por-que-insatisfacao-com-lula-transbordou-da-classe-media-para-a-baixa\/","name":"Economia explica por que insatisfa\u00e7\u00e3o com Lula \u201ctransbordou\u201d da classe m\u00e9dia para a baixa - Jornal Fatos e Not\u00edcias","isPartOf":{"@id":"https:\/\/jornalfatosenoticias.com.br\/#website"},"primaryImageOfPage":{"@id":"https:\/\/jornalfatosenoticias.com.br\/index.php\/2025\/02\/04\/economia-explica-por-que-insatisfacao-com-lula-transbordou-da-classe-media-para-a-baixa\/#primaryimage"},"image":{"@id":"https:\/\/jornalfatosenoticias.com.br\/index.php\/2025\/02\/04\/economia-explica-por-que-insatisfacao-com-lula-transbordou-da-classe-media-para-a-baixa\/#primaryimage"},"thumbnailUrl":"https:\/\/jornalfatosenoticias.com.br\/wp-content\/uploads\/2025\/02\/molusco-ladeira-a-baixo_gettyimages.jpg","datePublished":"2025-02-04T16:36:25+00:00","dateModified":"2025-02-04T16:36:27+00:00","breadcrumb":{"@id":"https:\/\/jornalfatosenoticias.com.br\/index.php\/2025\/02\/04\/economia-explica-por-que-insatisfacao-com-lula-transbordou-da-classe-media-para-a-baixa\/#breadcrumb"},"inLanguage":"pt-BR","potentialAction":[{"@type":"ReadAction","target":["https:\/\/jornalfatosenoticias.com.br\/index.php\/2025\/02\/04\/economia-explica-por-que-insatisfacao-com-lula-transbordou-da-classe-media-para-a-baixa\/"]}]},{"@type":"ImageObject","inLanguage":"pt-BR","@id":"https:\/\/jornalfatosenoticias.com.br\/index.php\/2025\/02\/04\/economia-explica-por-que-insatisfacao-com-lula-transbordou-da-classe-media-para-a-baixa\/#primaryimage","url":"https:\/\/jornalfatosenoticias.com.br\/wp-content\/uploads\/2025\/02\/molusco-ladeira-a-baixo_gettyimages.jpg","contentUrl":"https:\/\/jornalfatosenoticias.com.br\/wp-content\/uploads\/2025\/02\/molusco-ladeira-a-baixo_gettyimages.jpg","width":612,"height":407,"caption":"BRASILIA, BRAZIL - JANUARY 29: President of BraZil Luiz In\u00e1cio Lula da Silva gestures during a ceremony to announce financing for the roads in Parana at Planalto Palace on January 29, 2025 in Brasilia, Brazil. (Photo by Andressa Anholete\/Getty Images)"},{"@type":"BreadcrumbList","@id":"https:\/\/jornalfatosenoticias.com.br\/index.php\/2025\/02\/04\/economia-explica-por-que-insatisfacao-com-lula-transbordou-da-classe-media-para-a-baixa\/#breadcrumb","itemListElement":[{"@type":"ListItem","position":1,"name":"In\u00edcio","item":"https:\/\/jornalfatosenoticias.com.br\/"},{"@type":"ListItem","position":2,"name":"Economia explica por que insatisfa\u00e7\u00e3o com Lula \u201ctransbordou\u201d da classe m\u00e9dia para a baixa"}]},{"@type":"WebSite","@id":"https:\/\/jornalfatosenoticias.com.br\/#website","url":"https:\/\/jornalfatosenoticias.com.br\/","name":"Jornal Fatos e Not\u00edcias","description":"Not\u00edcias em geral","publisher":{"@id":"https:\/\/jornalfatosenoticias.com.br\/#organization"},"potentialAction":[{"@type":"SearchAction","target":{"@type":"EntryPoint","urlTemplate":"https:\/\/jornalfatosenoticias.com.br\/?s={search_term_string}"},"query-input":{"@type":"PropertyValueSpecification","valueRequired":true,"valueName":"search_term_string"}}],"inLanguage":"pt-BR"},{"@type":"Organization","@id":"https:\/\/jornalfatosenoticias.com.br\/#organization","name":"Jornal Fatos e Not\u00edcias","url":"https:\/\/jornalfatosenoticias.com.br\/","logo":{"@type":"ImageObject","inLanguage":"pt-BR","@id":"https:\/\/jornalfatosenoticias.com.br\/#\/schema\/logo\/image\/","url":"https:\/\/jornalfatosenoticias.com.br\/wp-content\/uploads\/2020\/02\/logo120.png","contentUrl":"https:\/\/jornalfatosenoticias.com.br\/wp-content\/uploads\/2020\/02\/logo120.png","width":1227,"height":120,"caption":"Jornal Fatos e Not\u00edcias"},"image":{"@id":"https:\/\/jornalfatosenoticias.com.br\/#\/schema\/logo\/image\/"}},{"@type":"Person","@id":"https:\/\/jornalfatosenoticias.com.br\/#\/schema\/person\/d63837fa13ac8666eb9e74e0985d6f81","name":"Luzimara Fernandes","image":{"@type":"ImageObject","inLanguage":"pt-BR","@id":"https:\/\/jornalfatosenoticias.com.br\/#\/schema\/person\/image\/","url":"https:\/\/jornalfatosenoticias.com.br\/wp-content\/uploads\/2025\/05\/EU_portal.jpg","contentUrl":"https:\/\/jornalfatosenoticias.com.br\/wp-content\/uploads\/2025\/05\/EU_portal.jpg","caption":"Luzimara Fernandes"},"description":"Jornalista MTB 2358-ES","sameAs":["https:\/\/jornalfatosenoticias.com.br"],"url":"https:\/\/jornalfatosenoticias.com.br\/index.php\/author\/luzimara\/"}]}},"cc_featured_image_caption":{"caption_text":"(Foto: Getty Images)","source_text":"","source_url":""},"jetpack_featured_media_url":"https:\/\/jornalfatosenoticias.com.br\/wp-content\/uploads\/2025\/02\/molusco-ladeira-a-baixo_gettyimages.jpg","_links":{"self":[{"href":"https:\/\/jornalfatosenoticias.com.br\/index.php\/wp-json\/wp\/v2\/posts\/57318","targetHints":{"allow":["GET"]}}],"collection":[{"href":"https:\/\/jornalfatosenoticias.com.br\/index.php\/wp-json\/wp\/v2\/posts"}],"about":[{"href":"https:\/\/jornalfatosenoticias.com.br\/index.php\/wp-json\/wp\/v2\/types\/post"}],"author":[{"embeddable":true,"href":"https:\/\/jornalfatosenoticias.com.br\/index.php\/wp-json\/wp\/v2\/users\/2"}],"replies":[{"embeddable":true,"href":"https:\/\/jornalfatosenoticias.com.br\/index.php\/wp-json\/wp\/v2\/comments?post=57318"}],"version-history":[{"count":0,"href":"https:\/\/jornalfatosenoticias.com.br\/index.php\/wp-json\/wp\/v2\/posts\/57318\/revisions"}],"wp:featuredmedia":[{"embeddable":true,"href":"https:\/\/jornalfatosenoticias.com.br\/index.php\/wp-json\/wp\/v2\/media\/57319"}],"wp:attachment":[{"href":"https:\/\/jornalfatosenoticias.com.br\/index.php\/wp-json\/wp\/v2\/media?parent=57318"}],"wp:term":[{"taxonomy":"category","embeddable":true,"href":"https:\/\/jornalfatosenoticias.com.br\/index.php\/wp-json\/wp\/v2\/categories?post=57318"},{"taxonomy":"post_tag","embeddable":true,"href":"https:\/\/jornalfatosenoticias.com.br\/index.php\/wp-json\/wp\/v2\/tags?post=57318"}],"curies":[{"name":"wp","href":"https:\/\/api.w.org\/{rel}","templated":true}]}}