{"id":57340,"date":"2025-02-05T09:29:21","date_gmt":"2025-02-05T12:29:21","guid":{"rendered":"https:\/\/jornalfatosenoticias.com.br\/?p=57340"},"modified":"2025-02-05T09:29:22","modified_gmt":"2025-02-05T12:29:22","slug":"governo-de-sc-proibe-musicas-com-apologia-a-sexo-drogas-e-crimes-em-escolas","status":"publish","type":"post","link":"https:\/\/jornalfatosenoticias.com.br\/index.php\/2025\/02\/05\/governo-de-sc-proibe-musicas-com-apologia-a-sexo-drogas-e-crimes-em-escolas\/","title":{"rendered":"Governo de SC pro\u00edbe m\u00fasicas com apologia a sexo, drogas e crimes em escolas"},"content":{"rendered":"\n<p><em><span class=\"has-inline-color has-black-color\">\u201cJuntos, escolas e fam\u00edlias, vamos garantir uma educa\u00e7\u00e3o de qualidade, livre de influ\u00eancias negativas\u201d, disse o governador de Santa Catarina, Jorginho Mello (PL)<\/span><\/em><\/p>\n\n\n\n<p><span class=\"has-inline-color has-black-color\">Por <strong><a href=\"https:\/\/www.gazetadopovo.com.br\/autor\/fabio-calsavara\/\" rel=\"sponsored nofollow\">Fabio Calsavara<\/a><\/strong><\/span><\/p>\n\n\n\n<div class=\"wp-block-image\"><figure class=\"aligncenter size-large\"><a href=\"https:\/\/mizu.com.br\/\"><img loading=\"lazy\" decoding=\"async\" width=\"729\" height=\"90\" src=\"https:\/\/jornalfatosenoticias.com.br\/wp-content\/uploads\/2020\/02\/Logo_Mizu.png\" alt=\"\" class=\"wp-image-1441\" srcset=\"https:\/\/jornalfatosenoticias.com.br\/wp-content\/uploads\/2020\/02\/Logo_Mizu.png 729w, https:\/\/jornalfatosenoticias.com.br\/wp-content\/uploads\/2020\/02\/Logo_Mizu-300x37.png 300w\" sizes=\"auto, (max-width: 729px) 100vw, 729px\" \/><\/a><\/figure><\/div>\n\n\n\n<p>Est\u00e1 em vigor em Santa Catarina uma lei estadual que pro\u00edbe a execu\u00e7\u00e3o de m\u00fasicas e videoclipes com apologia ao crime, ao uso de drogas ou que expressem conte\u00fados de cunho sexual e er\u00f3tico nas unidades de ensino p\u00fablicas e privadas do estado. A lei, de autoria do deputado estadual Jess\u00e9 Lopes (PL), foi sancionada pelo governador Jorginho Mello (PL) e publicada no Di\u00e1rio Oficial do estado.<br>De acordo com a lei, que exclui apenas as institui\u00e7\u00f5es de ensino superior, est\u00e1 vedada a reprodu\u00e7\u00e3o nas escolas, p\u00fablicas ou particulares, de conte\u00fado audiovisual que tenham os seguintes conte\u00fados:<br><strong><span class=\"has-inline-color has-black-color\">\u27a1<\/span><\/strong> Letras e coreografias que remetam, incentivem ou fa\u00e7am apologia \u00e0 criminalidade e o cometimento de il\u00edcitos penais;<br><strong><span class=\"has-inline-color has-black-color\">\u27a1<\/span><\/strong> Letras e coreografias que remetam, incentivem ou fa\u00e7am apologia ao uso de drogas il\u00edcitas;<br><strong><span class=\"has-inline-color has-black-color\">\u27a1<\/span><\/strong> Letras, coreografias e outros conte\u00fados verbais ou n\u00e3o verbais de cunho sexual ou er\u00f3tico.<\/p>\n\n\n\n<div class=\"wp-block-image\"><figure class=\"aligncenter size-large\"><a href=\"https:\/\/cesconetto.com.br\/\"><img loading=\"lazy\" decoding=\"async\" width=\"300\" height=\"250\" src=\"https:\/\/jornalfatosenoticias.com.br\/wp-content\/uploads\/2022\/02\/Banner-2.png\" alt=\"\" class=\"wp-image-27877\"\/><\/a><\/figure><\/div>\n\n\n\n<p><span class=\"has-inline-color has-vivid-purple-color\"><strong>Diretores e gestores dever\u00e3o fiscalizar a execu\u00e7\u00e3o de m\u00fasicas ilegais nas escolas<br><\/strong><\/span>Segundo a lei, caber\u00e1 aos diretores ou gestores das escolas a fiscaliza\u00e7\u00e3o sobre as novas determina\u00e7\u00f5es. Na aus\u00eancia destes, quaisquer outras pessoas que presenciarem o descumprimento dos termos da lei poder\u00e1 fazer a den\u00fancia aos \u00f3rg\u00e3os competentes. Uma vez identificada a infra\u00e7\u00e3o, o evento no qual o material ilegal estiver sendo reproduzido deve ser imediatamente interrompido.<\/p>\n\n\n\n<div class=\"wp-block-image\"><figure class=\"aligncenter size-large is-resized\"><a href=\"https:\/\/panper.com.br\/\"><img loading=\"lazy\" decoding=\"async\" src=\"https:\/\/jornalfatosenoticias.com.br\/wp-content\/uploads\/2023\/03\/logo-Panper_portal.jpg\" alt=\"\" class=\"wp-image-40208\" width=\"336\" height=\"233\" srcset=\"https:\/\/jornalfatosenoticias.com.br\/wp-content\/uploads\/2023\/03\/logo-Panper_portal.jpg 400w, https:\/\/jornalfatosenoticias.com.br\/wp-content\/uploads\/2023\/03\/logo-Panper_portal-300x208.jpg 300w\" sizes=\"auto, (max-width: 336px) 100vw, 336px\" \/><\/a><\/figure><\/div>\n\n\n\n<p>Caso descumpram o determinado pela lei, diretores, gestores ou respons\u00e1veis pelas escolas est\u00e3o sujeitos a uma s\u00e9rie de san\u00e7\u00f5es. Caso a situa\u00e7\u00e3o ocorra em uma escola da rede p\u00fablica, o servidor responsabilizado vai responder a processo administrativo, estando sujeito \u00e0s penas previstas na legisla\u00e7\u00e3o. Nas escolas da rede particular, o funcion\u00e1rio responsabilizado pela promo\u00e7\u00e3o ou omiss\u00e3o quanto \u00e0 execu\u00e7\u00e3o de conte\u00fado ilegal deve receber, conforme a gravidade do caso, uma advert\u00eancia por escrito ou verbal, suspens\u00e3o ou demiss\u00e3o.<\/p>\n\n\n\n<div class=\"wp-block-image\"><figure class=\"aligncenter size-large is-resized\"><a href=\"https:\/\/www.ithbrasil.com.br\/\"><img loading=\"lazy\" decoding=\"async\" src=\"https:\/\/jornalfatosenoticias.com.br\/wp-content\/uploads\/2023\/08\/ITH.jpeg\" alt=\"\" class=\"wp-image-44638\" width=\"315\" height=\"256\" srcset=\"https:\/\/jornalfatosenoticias.com.br\/wp-content\/uploads\/2023\/08\/ITH.jpeg 800w, https:\/\/jornalfatosenoticias.com.br\/wp-content\/uploads\/2023\/08\/ITH-300x244.jpeg 300w, https:\/\/jornalfatosenoticias.com.br\/wp-content\/uploads\/2023\/08\/ITH-768x624.jpeg 768w\" sizes=\"auto, (max-width: 315px) 100vw, 315px\" \/><\/a><\/figure><\/div>\n\n\n\n<p>Al\u00e9m disso, a lei que pro\u00edbe a execu\u00e7\u00e3o de m\u00fasicas e v\u00eddeos com apologia a crimes, drogas e sexo determina a aplica\u00e7\u00e3o de multa de dois a 10 sal\u00e1rios m\u00ednimos \u00e0s escolas privadas onde houver a conduta ilegal. Em caso de reincid\u00eancia, a multa a ser aplicada ser\u00e1, obrigatoriamente, de 10 sal\u00e1rios m\u00ednimos, o equivalente a mais de R$ 18 mil.<\/p>\n\n\n\n<div class=\"wp-block-image\"><figure class=\"aligncenter size-large is-resized\"><a href=\"https:\/\/www.instagram.com\/vmais.midias\/\"><img loading=\"lazy\" decoding=\"async\" src=\"https:\/\/jornalfatosenoticias.com.br\/wp-content\/uploads\/2020\/02\/DE-MAIS-DESTAQUE-VMAIS-800X700.png\" alt=\"\" class=\"wp-image-53112\" width=\"312\" height=\"272\" srcset=\"https:\/\/jornalfatosenoticias.com.br\/wp-content\/uploads\/2020\/02\/DE-MAIS-DESTAQUE-VMAIS-800X700.png 800w, https:\/\/jornalfatosenoticias.com.br\/wp-content\/uploads\/2020\/02\/DE-MAIS-DESTAQUE-VMAIS-800X700-300x263.png 300w, https:\/\/jornalfatosenoticias.com.br\/wp-content\/uploads\/2020\/02\/DE-MAIS-DESTAQUE-VMAIS-800X700-768x672.png 768w\" sizes=\"auto, (max-width: 312px) 100vw, 312px\" \/><\/a><\/figure><\/div>\n\n\n\n<p>A mesma multa deve ser aplicada aos servidores p\u00fablicos que comprovadamente se omitirem, n\u00e3o prestarem o devido atendimento nos casos previstos na lei ou colaborarem para o descumprimento dos termos legais.<\/p>\n\n\n\n<div class=\"wp-block-image\"><figure class=\"aligncenter size-large\"><a href=\"https:\/\/www.facebook.com\/vetor.vix\/\"><img loading=\"lazy\" decoding=\"async\" width=\"1024\" height=\"273\" src=\"https:\/\/jornalfatosenoticias.com.br\/wp-content\/uploads\/2023\/09\/vetorvix1024_1.jpg\" alt=\"\" class=\"wp-image-44868\" srcset=\"https:\/\/jornalfatosenoticias.com.br\/wp-content\/uploads\/2023\/09\/vetorvix1024_1.jpg 1024w, https:\/\/jornalfatosenoticias.com.br\/wp-content\/uploads\/2023\/09\/vetorvix1024_1-300x80.jpg 300w, https:\/\/jornalfatosenoticias.com.br\/wp-content\/uploads\/2023\/09\/vetorvix1024_1-768x205.jpg 768w\" sizes=\"auto, (max-width: 1024px) 100vw, 1024px\" \/><\/a><\/figure><\/div>\n\n\n\n<p><strong><span class=\"has-inline-color has-vivid-purple-color\">Governador de SC comemorou nova lei que pro\u00edbe m\u00fasicas com apologia a sexo e drogas nas escolas<br><\/span><\/strong>A publica\u00e7\u00e3o da lei foi comemorada pelo governador catarinense. Na rede social Instagram, Jorginho Mello publicou um v\u00eddeo no qual refor\u00e7a que em Santa Catarina n\u00e3o ser\u00e3o permitidas m\u00fasicas com apologia \u00e0s drogas, ao crime e ao sexo nas escolas. <\/p>\n\n\n\n<div class=\"wp-block-image\"><figure class=\"aligncenter size-large is-resized\"><a href=\"https:\/\/www.instagram.com\/esteiochurrascaria\/\"><img loading=\"lazy\" decoding=\"async\" src=\"https:\/\/jornalfatosenoticias.com.br\/wp-content\/uploads\/2022\/02\/LOGO-ESTEIO-1024x730.png\" alt=\"\" class=\"wp-image-27942\" width=\"338\" height=\"241\" srcset=\"https:\/\/jornalfatosenoticias.com.br\/wp-content\/uploads\/2022\/02\/LOGO-ESTEIO-1024x730.png 1024w, https:\/\/jornalfatosenoticias.com.br\/wp-content\/uploads\/2022\/02\/LOGO-ESTEIO-300x214.png 300w, https:\/\/jornalfatosenoticias.com.br\/wp-content\/uploads\/2022\/02\/LOGO-ESTEIO-768x548.png 768w, https:\/\/jornalfatosenoticias.com.br\/wp-content\/uploads\/2022\/02\/LOGO-ESTEIO.png 1123w\" sizes=\"auto, (max-width: 338px) 100vw, 338px\" \/><\/a><\/figure><\/div>\n\n\n\n<blockquote class=\"wp-block-quote is-layout-flow wp-block-quote-is-layout-flow\"><p><span class=\"has-inline-color has-luminous-vivid-orange-color\">Escola \u00e9 lugar de aprender o que \u00e9 certo, de se preparar para o futuro, conquistar um bom emprego, formar valores para toda a vida. Estamos protegendo nossos estudantes, formando cidad\u00e3os respons\u00e1veis e construindo uma sociedade mais segura. Juntos, escolas e fam\u00edlias, vamos garantir uma educa\u00e7\u00e3o de qualidade, livre de influ\u00eancias negativas\u201d, disse o governador.<\/span><\/p><\/blockquote>\n\n\n\n<div class=\"wp-block-image\"><figure class=\"aligncenter size-large is-resized\"><a href=\"https:\/\/www.legisjuris.com.br\/\"><img loading=\"lazy\" decoding=\"async\" src=\"https:\/\/jornalfatosenoticias.com.br\/wp-content\/uploads\/2024\/09\/Legis-Juris-Consultoria_logo.jpg\" alt=\"\" class=\"wp-image-53915\" width=\"455\" height=\"191\" srcset=\"https:\/\/jornalfatosenoticias.com.br\/wp-content\/uploads\/2024\/09\/Legis-Juris-Consultoria_logo.jpg 969w, https:\/\/jornalfatosenoticias.com.br\/wp-content\/uploads\/2024\/09\/Legis-Juris-Consultoria_logo-300x126.jpg 300w, https:\/\/jornalfatosenoticias.com.br\/wp-content\/uploads\/2024\/09\/Legis-Juris-Consultoria_logo-768x322.jpg 768w\" sizes=\"auto, (max-width: 455px) 100vw, 455px\" \/><\/a><\/figure><\/div>\n\n\n\n<p>Tamb\u00e9m via Instagram, o deputado Jess\u00e9 Lopes classificou a publica\u00e7\u00e3o da lei como \u201cuma vit\u00f3ria para a fam\u00edlia catarinense\u201d. Para ele, o ambiente escolar precisa ser seguro e prop\u00edcio ao aprendizado, e n\u00e3o um local que traz preocupa\u00e7\u00f5es aos pais e \u201cp\u00e9ssimos exemplos a serem copiados por crian\u00e7as e adolescentes\u201d.<\/p>\n\n\n\n<div class=\"wp-block-image\"><figure class=\"aligncenter size-large\"><a href=\"http:\/\/www.ferrarimaquinas.com.br\/\"><img loading=\"lazy\" decoding=\"async\" width=\"300\" height=\"250\" src=\"https:\/\/jornalfatosenoticias.com.br\/wp-content\/uploads\/2022\/02\/FERRARI_MAQUINAS-E-FERRAMENTAS2.jpg\" alt=\"\" class=\"wp-image-27860\"\/><\/a><\/figure><\/div>\n\n\n\n<blockquote class=\"wp-block-quote is-layout-flow wp-block-quote-is-layout-flow\"><p><span class=\"has-inline-color has-luminous-vivid-orange-color\">Chega de milit\u00e2ncia dentro das nossas escolas. Chega de passar pano para o crime. O ambiente escolar vem sendo alvo de professores e artistas militantes que trazem em seu repert\u00f3rio, sempre travestido de arte e cultura, p\u00e9ssimas influ\u00eancias para jovens e crian\u00e7as. Podem contar comigo para fiscalizar as pr\u00e1ticas abusivas que ocorrem dentro das escolas\u201d, postou o deputado.<\/span><\/p><\/blockquote>\n\n\n\n<div class=\"wp-block-image\"><figure class=\"aligncenter size-large is-resized\"><a href=\"https:\/\/www.instagram.com\/ligadossaborespizzaria\/\"><img loading=\"lazy\" decoding=\"async\" src=\"https:\/\/jornalfatosenoticias.com.br\/wp-content\/uploads\/2024\/09\/WhatsApp-Image-2024-09-14-at-22.46.10-819x1024.jpeg\" alt=\"\" class=\"wp-image-54180\" width=\"311\" height=\"389\" srcset=\"https:\/\/jornalfatosenoticias.com.br\/wp-content\/uploads\/2024\/09\/WhatsApp-Image-2024-09-14-at-22.46.10-819x1024.jpeg 819w, https:\/\/jornalfatosenoticias.com.br\/wp-content\/uploads\/2024\/09\/WhatsApp-Image-2024-09-14-at-22.46.10-240x300.jpeg 240w, https:\/\/jornalfatosenoticias.com.br\/wp-content\/uploads\/2024\/09\/WhatsApp-Image-2024-09-14-at-22.46.10-768x960.jpeg 768w, https:\/\/jornalfatosenoticias.com.br\/wp-content\/uploads\/2024\/09\/WhatsApp-Image-2024-09-14-at-22.46.10.jpeg 1024w\" sizes=\"auto, (max-width: 311px) 100vw, 311px\" \/><\/a><\/figure><\/div>\n\n\n\n<p><strong><span class=\"has-inline-color has-vivid-purple-color\">Outras leis semelhantes est\u00e3o em vigor em Roraima e no Esp\u00edrito Santo<br><\/span><\/strong>A iniciativa \u00e9 similar \u00e0 tomada pela Assembleia Legislativa de Roraima. De iniciativa da deputada Tayla Peres (Republicanos), o projeto de lei aprovado pro\u00edbe o uso de m\u00fasicas com palavras de baixo cal\u00e3o ou letras que estimulem a pr\u00e1tica de crime, apologia ao sexo ou uso de drogas nas institui\u00e7\u00f5es de ensino do estado. <\/p>\n\n\n\n<div class=\"wp-block-image\"><figure class=\"aligncenter size-large is-resized\"><a href=\"https:\/\/www.facebook.com\/postobkr\/?locale=pt_BR\"><img loading=\"lazy\" decoding=\"async\" src=\"https:\/\/jornalfatosenoticias.com.br\/wp-content\/uploads\/2023\/08\/BKR-1024x1021.jpg\" alt=\"\" class=\"wp-image-44494\" width=\"317\" height=\"316\" srcset=\"https:\/\/jornalfatosenoticias.com.br\/wp-content\/uploads\/2023\/08\/BKR-1024x1021.jpg 1024w, https:\/\/jornalfatosenoticias.com.br\/wp-content\/uploads\/2023\/08\/BKR-300x300.jpg 300w, https:\/\/jornalfatosenoticias.com.br\/wp-content\/uploads\/2023\/08\/BKR-150x150.jpg 150w, https:\/\/jornalfatosenoticias.com.br\/wp-content\/uploads\/2023\/08\/BKR-768x766.jpg 768w, https:\/\/jornalfatosenoticias.com.br\/wp-content\/uploads\/2023\/08\/BKR.jpg 1080w\" sizes=\"auto, (max-width: 317px) 100vw, 317px\" \/><\/a><\/figure><\/div>\n\n\n\n<blockquote class=\"wp-block-quote is-layout-flow wp-block-quote-is-layout-flow\"><p><span class=\"has-inline-color has-luminous-vivid-orange-color\">Esses segmentos merecem ter acesso a um ambiente educacional saud\u00e1vel e seguro. Essa lei visa justamente proteger nossos jovens de influ\u00eancias negativas\u201d, disse a deputada na justificativa da mat\u00e9ria.<\/span><\/p><\/blockquote>\n\n\n\n<div class=\"wp-block-image\"><figure class=\"aligncenter size-large is-resized\"><a href=\"https:\/\/hotelmarquetti.com.br\/\"><img loading=\"lazy\" decoding=\"async\" src=\"https:\/\/jornalfatosenoticias.com.br\/wp-content\/uploads\/2023\/03\/nova-logo-Marquetti.jpg\" alt=\"\" class=\"wp-image-40207\" width=\"341\" height=\"229\" srcset=\"https:\/\/jornalfatosenoticias.com.br\/wp-content\/uploads\/2023\/03\/nova-logo-Marquetti.jpg 643w, https:\/\/jornalfatosenoticias.com.br\/wp-content\/uploads\/2023\/03\/nova-logo-Marquetti-300x202.jpg 300w\" sizes=\"auto, (max-width: 341px) 100vw, 341px\" \/><\/a><\/figure><\/div>\n\n\n\n<p>Outro estado que conta com uma proibi\u00e7\u00e3o semelhante \u00e9 o Esp\u00edrito Santo. De autoria do deputado Alc\u00e2ntaro Filho (Republicanos), a lei entrou em vigor no in\u00edcio de janeiro. Assim como as outras duas iniciativas estaduais, pro\u00edbe conte\u00fado pornogr\u00e1fico, linguajar obsceno e express\u00f5es vulgares ligados ao sexo, \u00e0s drogas e ao crime nas institui\u00e7\u00f5es de educa\u00e7\u00e3o infantil, de ensino fundamental e de ensino m\u00e9dio, p\u00fablicas e privadas no territ\u00f3rio capixaba.<\/p>\n\n\n\n<div class=\"wp-block-image\"><figure class=\"aligncenter size-large is-resized\"><a href=\"https:\/\/www.controlsystems.com.br\/\"><img loading=\"lazy\" decoding=\"async\" src=\"https:\/\/jornalfatosenoticias.com.br\/wp-content\/uploads\/2020\/02\/CONTROL-CS.jpg\" alt=\"\" class=\"wp-image-44991\" width=\"320\" height=\"384\" srcset=\"https:\/\/jornalfatosenoticias.com.br\/wp-content\/uploads\/2020\/02\/CONTROL-CS.jpg 834w, https:\/\/jornalfatosenoticias.com.br\/wp-content\/uploads\/2020\/02\/CONTROL-CS-250x300.jpg 250w, https:\/\/jornalfatosenoticias.com.br\/wp-content\/uploads\/2020\/02\/CONTROL-CS-768x921.jpg 768w\" sizes=\"auto, (max-width: 320px) 100vw, 320px\" \/><\/a><\/figure><\/div>\n\n\n\n<blockquote class=\"wp-block-quote is-layout-flow wp-block-quote-is-layout-flow\"><p><span class=\"has-inline-color has-luminous-vivid-orange-color\">Por ser o ve\u00edculo de forma\u00e7\u00e3o e educa\u00e7\u00e3o, a escola deve afastar os menores das influ\u00eancias de composi\u00e7\u00f5es musicais que interfiram negativamente no comportamento e nas rela\u00e7\u00f5es interpessoais dos seus alunos\u201d, afirma o autor.<\/span><\/p><\/blockquote>\n\n\n\n<div class=\"wp-block-image\"><figure class=\"aligncenter size-large is-resized\"><a href=\"https:\/\/www.facebook.com\/profile.php?id=100069289606145\"><img loading=\"lazy\" decoding=\"async\" src=\"https:\/\/jornalfatosenoticias.com.br\/wp-content\/uploads\/2024\/11\/Guaitolini-Contabilidade-1024x714.jpeg\" alt=\"\" class=\"wp-image-55808\" width=\"337\" height=\"235\" srcset=\"https:\/\/jornalfatosenoticias.com.br\/wp-content\/uploads\/2024\/11\/Guaitolini-Contabilidade-1024x714.jpeg 1024w, https:\/\/jornalfatosenoticias.com.br\/wp-content\/uploads\/2024\/11\/Guaitolini-Contabilidade-300x209.jpeg 300w, https:\/\/jornalfatosenoticias.com.br\/wp-content\/uploads\/2024\/11\/Guaitolini-Contabilidade-768x535.jpeg 768w, https:\/\/jornalfatosenoticias.com.br\/wp-content\/uploads\/2024\/11\/Guaitolini-Contabilidade.jpeg 1280w\" sizes=\"auto, (max-width: 337px) 100vw, 337px\" \/><\/a><\/figure><\/div>\n\n\n\n<p><strong><em>Fonte: <a href=\"https:\/\/www.gazetadopovo.com.br\/brasil\/governo-sc-proibe-musicas-apologia-sexo-drogas-crimes-em-escolas\/\">Gazeta do Povo<\/a><\/em><\/strong><\/p>\n","protected":false},"excerpt":{"rendered":"<p>\u201cJuntos, escolas e fam\u00edlias, vamos garantir uma educa\u00e7\u00e3o de qualidade, livre de influ\u00eancias negativas\u201d, disse o governador de Santa Catarina, Jorginho Mello (PL) Por Fabio Calsavara Est\u00e1 em vigor em Santa Catarina uma lei estadual que pro\u00edbe a execu\u00e7\u00e3o de m\u00fasicas e videoclipes com apologia ao crime, ao uso de drogas ou que expressem conte\u00fados [&hellip;]<\/p>\n","protected":false},"author":2,"featured_media":57341,"comment_status":"open","ping_status":"open","sticky":false,"template":"","format":"standard","meta":{"footnotes":""},"categories":[7],"tags":[670,345,26172,3586],"class_list":["post-57340","post","type-post","status-publish","format-standard","has-post-thumbnail","hentry","category-educacao","tag-criancas","tag-educacao","tag-jorginho-mello","tag-santa-catarina"],"yoast_head":"<!-- This site is optimized with the Yoast SEO plugin v26.5 - https:\/\/yoast.com\/wordpress\/plugins\/seo\/ -->\n<title>Governo de SC pro\u00edbe m\u00fasicas com apologia a sexo, drogas e crimes em escolas - Jornal Fatos e Not\u00edcias<\/title>\n<meta name=\"robots\" content=\"index, follow, max-snippet:-1, max-image-preview:large, max-video-preview:-1\" \/>\n<link rel=\"canonical\" href=\"https:\/\/jornalfatosenoticias.com.br\/index.php\/2025\/02\/05\/governo-de-sc-proibe-musicas-com-apologia-a-sexo-drogas-e-crimes-em-escolas\/\" \/>\n<meta property=\"og:locale\" content=\"pt_BR\" \/>\n<meta property=\"og:type\" content=\"article\" \/>\n<meta property=\"og:title\" content=\"Governo de SC pro\u00edbe m\u00fasicas com apologia a sexo, drogas e crimes em escolas - Jornal Fatos e Not\u00edcias\" \/>\n<meta property=\"og:description\" content=\"\u201cJuntos, escolas e fam\u00edlias, vamos garantir uma educa\u00e7\u00e3o de qualidade, livre de influ\u00eancias negativas\u201d, disse o governador de Santa Catarina, Jorginho Mello (PL) Por Fabio Calsavara Est\u00e1 em vigor em Santa Catarina uma lei estadual que pro\u00edbe a execu\u00e7\u00e3o de m\u00fasicas e videoclipes com apologia ao crime, ao uso de drogas ou que expressem conte\u00fados [&hellip;]\" \/>\n<meta property=\"og:url\" content=\"https:\/\/jornalfatosenoticias.com.br\/index.php\/2025\/02\/05\/governo-de-sc-proibe-musicas-com-apologia-a-sexo-drogas-e-crimes-em-escolas\/\" \/>\n<meta property=\"og:site_name\" content=\"Jornal Fatos e Not\u00edcias\" \/>\n<meta property=\"article:published_time\" content=\"2025-02-05T12:29:21+00:00\" \/>\n<meta property=\"article:modified_time\" content=\"2025-02-05T12:29:22+00:00\" \/>\n<meta property=\"og:image\" content=\"https:\/\/jornalfatosenoticias.com.br\/wp-content\/uploads\/2025\/02\/Jorginho-Mello-Divulgacao-Secom-SC-960x540-1.jpg\" \/>\n\t<meta property=\"og:image:width\" content=\"960\" \/>\n\t<meta property=\"og:image:height\" content=\"540\" \/>\n\t<meta property=\"og:image:type\" content=\"image\/jpeg\" \/>\n<meta name=\"author\" content=\"Luzimara Fernandes\" \/>\n<meta name=\"twitter:card\" content=\"summary_large_image\" \/>\n<meta name=\"twitter:label1\" content=\"Escrito por\" \/>\n\t<meta name=\"twitter:data1\" content=\"Luzimara Fernandes\" \/>\n\t<meta name=\"twitter:label2\" content=\"Est. tempo de leitura\" \/>\n\t<meta name=\"twitter:data2\" content=\"5 minutos\" \/>\n<script type=\"application\/ld+json\" class=\"yoast-schema-graph\">{\"@context\":\"https:\/\/schema.org\",\"@graph\":[{\"@type\":\"Article\",\"@id\":\"https:\/\/jornalfatosenoticias.com.br\/index.php\/2025\/02\/05\/governo-de-sc-proibe-musicas-com-apologia-a-sexo-drogas-e-crimes-em-escolas\/#article\",\"isPartOf\":{\"@id\":\"https:\/\/jornalfatosenoticias.com.br\/index.php\/2025\/02\/05\/governo-de-sc-proibe-musicas-com-apologia-a-sexo-drogas-e-crimes-em-escolas\/\"},\"author\":{\"name\":\"Luzimara Fernandes\",\"@id\":\"https:\/\/jornalfatosenoticias.com.br\/#\/schema\/person\/d63837fa13ac8666eb9e74e0985d6f81\"},\"headline\":\"Governo de SC pro\u00edbe m\u00fasicas com apologia a sexo, drogas e crimes em escolas\",\"datePublished\":\"2025-02-05T12:29:21+00:00\",\"dateModified\":\"2025-02-05T12:29:22+00:00\",\"mainEntityOfPage\":{\"@id\":\"https:\/\/jornalfatosenoticias.com.br\/index.php\/2025\/02\/05\/governo-de-sc-proibe-musicas-com-apologia-a-sexo-drogas-e-crimes-em-escolas\/\"},\"wordCount\":950,\"commentCount\":0,\"publisher\":{\"@id\":\"https:\/\/jornalfatosenoticias.com.br\/#organization\"},\"image\":{\"@id\":\"https:\/\/jornalfatosenoticias.com.br\/index.php\/2025\/02\/05\/governo-de-sc-proibe-musicas-com-apologia-a-sexo-drogas-e-crimes-em-escolas\/#primaryimage\"},\"thumbnailUrl\":\"https:\/\/jornalfatosenoticias.com.br\/wp-content\/uploads\/2025\/02\/Jorginho-Mello-Divulgacao-Secom-SC-960x540-1.jpg\",\"keywords\":[\"crian\u00e7as\",\"educa\u00e7\u00e3o\",\"Jorginho Mello\",\"Santa Catarina\"],\"articleSection\":[\"Educa\u00e7\u00e3o\"],\"inLanguage\":\"pt-BR\",\"potentialAction\":[{\"@type\":\"CommentAction\",\"name\":\"Comment\",\"target\":[\"https:\/\/jornalfatosenoticias.com.br\/index.php\/2025\/02\/05\/governo-de-sc-proibe-musicas-com-apologia-a-sexo-drogas-e-crimes-em-escolas\/#respond\"]}]},{\"@type\":\"WebPage\",\"@id\":\"https:\/\/jornalfatosenoticias.com.br\/index.php\/2025\/02\/05\/governo-de-sc-proibe-musicas-com-apologia-a-sexo-drogas-e-crimes-em-escolas\/\",\"url\":\"https:\/\/jornalfatosenoticias.com.br\/index.php\/2025\/02\/05\/governo-de-sc-proibe-musicas-com-apologia-a-sexo-drogas-e-crimes-em-escolas\/\",\"name\":\"Governo de SC pro\u00edbe m\u00fasicas com apologia a sexo, drogas e crimes em escolas - Jornal Fatos e Not\u00edcias\",\"isPartOf\":{\"@id\":\"https:\/\/jornalfatosenoticias.com.br\/#website\"},\"primaryImageOfPage\":{\"@id\":\"https:\/\/jornalfatosenoticias.com.br\/index.php\/2025\/02\/05\/governo-de-sc-proibe-musicas-com-apologia-a-sexo-drogas-e-crimes-em-escolas\/#primaryimage\"},\"image\":{\"@id\":\"https:\/\/jornalfatosenoticias.com.br\/index.php\/2025\/02\/05\/governo-de-sc-proibe-musicas-com-apologia-a-sexo-drogas-e-crimes-em-escolas\/#primaryimage\"},\"thumbnailUrl\":\"https:\/\/jornalfatosenoticias.com.br\/wp-content\/uploads\/2025\/02\/Jorginho-Mello-Divulgacao-Secom-SC-960x540-1.jpg\",\"datePublished\":\"2025-02-05T12:29:21+00:00\",\"dateModified\":\"2025-02-05T12:29:22+00:00\",\"breadcrumb\":{\"@id\":\"https:\/\/jornalfatosenoticias.com.br\/index.php\/2025\/02\/05\/governo-de-sc-proibe-musicas-com-apologia-a-sexo-drogas-e-crimes-em-escolas\/#breadcrumb\"},\"inLanguage\":\"pt-BR\",\"potentialAction\":[{\"@type\":\"ReadAction\",\"target\":[\"https:\/\/jornalfatosenoticias.com.br\/index.php\/2025\/02\/05\/governo-de-sc-proibe-musicas-com-apologia-a-sexo-drogas-e-crimes-em-escolas\/\"]}]},{\"@type\":\"ImageObject\",\"inLanguage\":\"pt-BR\",\"@id\":\"https:\/\/jornalfatosenoticias.com.br\/index.php\/2025\/02\/05\/governo-de-sc-proibe-musicas-com-apologia-a-sexo-drogas-e-crimes-em-escolas\/#primaryimage\",\"url\":\"https:\/\/jornalfatosenoticias.com.br\/wp-content\/uploads\/2025\/02\/Jorginho-Mello-Divulgacao-Secom-SC-960x540-1.jpg\",\"contentUrl\":\"https:\/\/jornalfatosenoticias.com.br\/wp-content\/uploads\/2025\/02\/Jorginho-Mello-Divulgacao-Secom-SC-960x540-1.jpg\",\"width\":960,\"height\":540},{\"@type\":\"BreadcrumbList\",\"@id\":\"https:\/\/jornalfatosenoticias.com.br\/index.php\/2025\/02\/05\/governo-de-sc-proibe-musicas-com-apologia-a-sexo-drogas-e-crimes-em-escolas\/#breadcrumb\",\"itemListElement\":[{\"@type\":\"ListItem\",\"position\":1,\"name\":\"In\u00edcio\",\"item\":\"https:\/\/jornalfatosenoticias.com.br\/\"},{\"@type\":\"ListItem\",\"position\":2,\"name\":\"Governo de SC pro\u00edbe m\u00fasicas com apologia a sexo, drogas e crimes em escolas\"}]},{\"@type\":\"WebSite\",\"@id\":\"https:\/\/jornalfatosenoticias.com.br\/#website\",\"url\":\"https:\/\/jornalfatosenoticias.com.br\/\",\"name\":\"Jornal Fatos e Not\u00edcias\",\"description\":\"Not\u00edcias em geral\",\"publisher\":{\"@id\":\"https:\/\/jornalfatosenoticias.com.br\/#organization\"},\"potentialAction\":[{\"@type\":\"SearchAction\",\"target\":{\"@type\":\"EntryPoint\",\"urlTemplate\":\"https:\/\/jornalfatosenoticias.com.br\/?s={search_term_string}\"},\"query-input\":{\"@type\":\"PropertyValueSpecification\",\"valueRequired\":true,\"valueName\":\"search_term_string\"}}],\"inLanguage\":\"pt-BR\"},{\"@type\":\"Organization\",\"@id\":\"https:\/\/jornalfatosenoticias.com.br\/#organization\",\"name\":\"Jornal Fatos e Not\u00edcias\",\"url\":\"https:\/\/jornalfatosenoticias.com.br\/\",\"logo\":{\"@type\":\"ImageObject\",\"inLanguage\":\"pt-BR\",\"@id\":\"https:\/\/jornalfatosenoticias.com.br\/#\/schema\/logo\/image\/\",\"url\":\"https:\/\/jornalfatosenoticias.com.br\/wp-content\/uploads\/2020\/02\/logo120.png\",\"contentUrl\":\"https:\/\/jornalfatosenoticias.com.br\/wp-content\/uploads\/2020\/02\/logo120.png\",\"width\":1227,\"height\":120,\"caption\":\"Jornal Fatos e Not\u00edcias\"},\"image\":{\"@id\":\"https:\/\/jornalfatosenoticias.com.br\/#\/schema\/logo\/image\/\"}},{\"@type\":\"Person\",\"@id\":\"https:\/\/jornalfatosenoticias.com.br\/#\/schema\/person\/d63837fa13ac8666eb9e74e0985d6f81\",\"name\":\"Luzimara Fernandes\",\"image\":{\"@type\":\"ImageObject\",\"inLanguage\":\"pt-BR\",\"@id\":\"https:\/\/jornalfatosenoticias.com.br\/#\/schema\/person\/image\/\",\"url\":\"https:\/\/jornalfatosenoticias.com.br\/wp-content\/uploads\/2025\/05\/EU_portal.jpg\",\"contentUrl\":\"https:\/\/jornalfatosenoticias.com.br\/wp-content\/uploads\/2025\/05\/EU_portal.jpg\",\"caption\":\"Luzimara Fernandes\"},\"description\":\"Jornalista MTB 2358-ES\",\"sameAs\":[\"https:\/\/jornalfatosenoticias.com.br\"],\"url\":\"https:\/\/jornalfatosenoticias.com.br\/index.php\/author\/luzimara\/\"}]}<\/script>\n<!-- \/ Yoast SEO plugin. -->","yoast_head_json":{"title":"Governo de SC pro\u00edbe m\u00fasicas com apologia a sexo, drogas e crimes em escolas - Jornal Fatos e Not\u00edcias","robots":{"index":"index","follow":"follow","max-snippet":"max-snippet:-1","max-image-preview":"max-image-preview:large","max-video-preview":"max-video-preview:-1"},"canonical":"https:\/\/jornalfatosenoticias.com.br\/index.php\/2025\/02\/05\/governo-de-sc-proibe-musicas-com-apologia-a-sexo-drogas-e-crimes-em-escolas\/","og_locale":"pt_BR","og_type":"article","og_title":"Governo de SC pro\u00edbe m\u00fasicas com apologia a sexo, drogas e crimes em escolas - Jornal Fatos e Not\u00edcias","og_description":"\u201cJuntos, escolas e fam\u00edlias, vamos garantir uma educa\u00e7\u00e3o de qualidade, livre de influ\u00eancias negativas\u201d, disse o governador de Santa Catarina, Jorginho Mello (PL) Por Fabio Calsavara Est\u00e1 em vigor em Santa Catarina uma lei estadual que pro\u00edbe a execu\u00e7\u00e3o de m\u00fasicas e videoclipes com apologia ao crime, ao uso de drogas ou que expressem conte\u00fados [&hellip;]","og_url":"https:\/\/jornalfatosenoticias.com.br\/index.php\/2025\/02\/05\/governo-de-sc-proibe-musicas-com-apologia-a-sexo-drogas-e-crimes-em-escolas\/","og_site_name":"Jornal Fatos e Not\u00edcias","article_published_time":"2025-02-05T12:29:21+00:00","article_modified_time":"2025-02-05T12:29:22+00:00","og_image":[{"width":960,"height":540,"url":"https:\/\/jornalfatosenoticias.com.br\/wp-content\/uploads\/2025\/02\/Jorginho-Mello-Divulgacao-Secom-SC-960x540-1.jpg","type":"image\/jpeg"}],"author":"Luzimara Fernandes","twitter_card":"summary_large_image","twitter_misc":{"Escrito por":"Luzimara Fernandes","Est. tempo de leitura":"5 minutos"},"schema":{"@context":"https:\/\/schema.org","@graph":[{"@type":"Article","@id":"https:\/\/jornalfatosenoticias.com.br\/index.php\/2025\/02\/05\/governo-de-sc-proibe-musicas-com-apologia-a-sexo-drogas-e-crimes-em-escolas\/#article","isPartOf":{"@id":"https:\/\/jornalfatosenoticias.com.br\/index.php\/2025\/02\/05\/governo-de-sc-proibe-musicas-com-apologia-a-sexo-drogas-e-crimes-em-escolas\/"},"author":{"name":"Luzimara Fernandes","@id":"https:\/\/jornalfatosenoticias.com.br\/#\/schema\/person\/d63837fa13ac8666eb9e74e0985d6f81"},"headline":"Governo de SC pro\u00edbe m\u00fasicas com apologia a sexo, drogas e crimes em escolas","datePublished":"2025-02-05T12:29:21+00:00","dateModified":"2025-02-05T12:29:22+00:00","mainEntityOfPage":{"@id":"https:\/\/jornalfatosenoticias.com.br\/index.php\/2025\/02\/05\/governo-de-sc-proibe-musicas-com-apologia-a-sexo-drogas-e-crimes-em-escolas\/"},"wordCount":950,"commentCount":0,"publisher":{"@id":"https:\/\/jornalfatosenoticias.com.br\/#organization"},"image":{"@id":"https:\/\/jornalfatosenoticias.com.br\/index.php\/2025\/02\/05\/governo-de-sc-proibe-musicas-com-apologia-a-sexo-drogas-e-crimes-em-escolas\/#primaryimage"},"thumbnailUrl":"https:\/\/jornalfatosenoticias.com.br\/wp-content\/uploads\/2025\/02\/Jorginho-Mello-Divulgacao-Secom-SC-960x540-1.jpg","keywords":["crian\u00e7as","educa\u00e7\u00e3o","Jorginho Mello","Santa Catarina"],"articleSection":["Educa\u00e7\u00e3o"],"inLanguage":"pt-BR","potentialAction":[{"@type":"CommentAction","name":"Comment","target":["https:\/\/jornalfatosenoticias.com.br\/index.php\/2025\/02\/05\/governo-de-sc-proibe-musicas-com-apologia-a-sexo-drogas-e-crimes-em-escolas\/#respond"]}]},{"@type":"WebPage","@id":"https:\/\/jornalfatosenoticias.com.br\/index.php\/2025\/02\/05\/governo-de-sc-proibe-musicas-com-apologia-a-sexo-drogas-e-crimes-em-escolas\/","url":"https:\/\/jornalfatosenoticias.com.br\/index.php\/2025\/02\/05\/governo-de-sc-proibe-musicas-com-apologia-a-sexo-drogas-e-crimes-em-escolas\/","name":"Governo de SC pro\u00edbe m\u00fasicas com apologia a sexo, drogas e crimes em escolas - Jornal Fatos e Not\u00edcias","isPartOf":{"@id":"https:\/\/jornalfatosenoticias.com.br\/#website"},"primaryImageOfPage":{"@id":"https:\/\/jornalfatosenoticias.com.br\/index.php\/2025\/02\/05\/governo-de-sc-proibe-musicas-com-apologia-a-sexo-drogas-e-crimes-em-escolas\/#primaryimage"},"image":{"@id":"https:\/\/jornalfatosenoticias.com.br\/index.php\/2025\/02\/05\/governo-de-sc-proibe-musicas-com-apologia-a-sexo-drogas-e-crimes-em-escolas\/#primaryimage"},"thumbnailUrl":"https:\/\/jornalfatosenoticias.com.br\/wp-content\/uploads\/2025\/02\/Jorginho-Mello-Divulgacao-Secom-SC-960x540-1.jpg","datePublished":"2025-02-05T12:29:21+00:00","dateModified":"2025-02-05T12:29:22+00:00","breadcrumb":{"@id":"https:\/\/jornalfatosenoticias.com.br\/index.php\/2025\/02\/05\/governo-de-sc-proibe-musicas-com-apologia-a-sexo-drogas-e-crimes-em-escolas\/#breadcrumb"},"inLanguage":"pt-BR","potentialAction":[{"@type":"ReadAction","target":["https:\/\/jornalfatosenoticias.com.br\/index.php\/2025\/02\/05\/governo-de-sc-proibe-musicas-com-apologia-a-sexo-drogas-e-crimes-em-escolas\/"]}]},{"@type":"ImageObject","inLanguage":"pt-BR","@id":"https:\/\/jornalfatosenoticias.com.br\/index.php\/2025\/02\/05\/governo-de-sc-proibe-musicas-com-apologia-a-sexo-drogas-e-crimes-em-escolas\/#primaryimage","url":"https:\/\/jornalfatosenoticias.com.br\/wp-content\/uploads\/2025\/02\/Jorginho-Mello-Divulgacao-Secom-SC-960x540-1.jpg","contentUrl":"https:\/\/jornalfatosenoticias.com.br\/wp-content\/uploads\/2025\/02\/Jorginho-Mello-Divulgacao-Secom-SC-960x540-1.jpg","width":960,"height":540},{"@type":"BreadcrumbList","@id":"https:\/\/jornalfatosenoticias.com.br\/index.php\/2025\/02\/05\/governo-de-sc-proibe-musicas-com-apologia-a-sexo-drogas-e-crimes-em-escolas\/#breadcrumb","itemListElement":[{"@type":"ListItem","position":1,"name":"In\u00edcio","item":"https:\/\/jornalfatosenoticias.com.br\/"},{"@type":"ListItem","position":2,"name":"Governo de SC pro\u00edbe m\u00fasicas com apologia a sexo, drogas e crimes em escolas"}]},{"@type":"WebSite","@id":"https:\/\/jornalfatosenoticias.com.br\/#website","url":"https:\/\/jornalfatosenoticias.com.br\/","name":"Jornal Fatos e Not\u00edcias","description":"Not\u00edcias em geral","publisher":{"@id":"https:\/\/jornalfatosenoticias.com.br\/#organization"},"potentialAction":[{"@type":"SearchAction","target":{"@type":"EntryPoint","urlTemplate":"https:\/\/jornalfatosenoticias.com.br\/?s={search_term_string}"},"query-input":{"@type":"PropertyValueSpecification","valueRequired":true,"valueName":"search_term_string"}}],"inLanguage":"pt-BR"},{"@type":"Organization","@id":"https:\/\/jornalfatosenoticias.com.br\/#organization","name":"Jornal Fatos e Not\u00edcias","url":"https:\/\/jornalfatosenoticias.com.br\/","logo":{"@type":"ImageObject","inLanguage":"pt-BR","@id":"https:\/\/jornalfatosenoticias.com.br\/#\/schema\/logo\/image\/","url":"https:\/\/jornalfatosenoticias.com.br\/wp-content\/uploads\/2020\/02\/logo120.png","contentUrl":"https:\/\/jornalfatosenoticias.com.br\/wp-content\/uploads\/2020\/02\/logo120.png","width":1227,"height":120,"caption":"Jornal Fatos e Not\u00edcias"},"image":{"@id":"https:\/\/jornalfatosenoticias.com.br\/#\/schema\/logo\/image\/"}},{"@type":"Person","@id":"https:\/\/jornalfatosenoticias.com.br\/#\/schema\/person\/d63837fa13ac8666eb9e74e0985d6f81","name":"Luzimara Fernandes","image":{"@type":"ImageObject","inLanguage":"pt-BR","@id":"https:\/\/jornalfatosenoticias.com.br\/#\/schema\/person\/image\/","url":"https:\/\/jornalfatosenoticias.com.br\/wp-content\/uploads\/2025\/05\/EU_portal.jpg","contentUrl":"https:\/\/jornalfatosenoticias.com.br\/wp-content\/uploads\/2025\/05\/EU_portal.jpg","caption":"Luzimara Fernandes"},"description":"Jornalista MTB 2358-ES","sameAs":["https:\/\/jornalfatosenoticias.com.br"],"url":"https:\/\/jornalfatosenoticias.com.br\/index.php\/author\/luzimara\/"}]}},"cc_featured_image_caption":{"caption_text":"(Foto: Divulga\u00e7\u00e3o\/Governo de SC) ","source_text":"","source_url":""},"jetpack_featured_media_url":"https:\/\/jornalfatosenoticias.com.br\/wp-content\/uploads\/2025\/02\/Jorginho-Mello-Divulgacao-Secom-SC-960x540-1.jpg","_links":{"self":[{"href":"https:\/\/jornalfatosenoticias.com.br\/index.php\/wp-json\/wp\/v2\/posts\/57340","targetHints":{"allow":["GET"]}}],"collection":[{"href":"https:\/\/jornalfatosenoticias.com.br\/index.php\/wp-json\/wp\/v2\/posts"}],"about":[{"href":"https:\/\/jornalfatosenoticias.com.br\/index.php\/wp-json\/wp\/v2\/types\/post"}],"author":[{"embeddable":true,"href":"https:\/\/jornalfatosenoticias.com.br\/index.php\/wp-json\/wp\/v2\/users\/2"}],"replies":[{"embeddable":true,"href":"https:\/\/jornalfatosenoticias.com.br\/index.php\/wp-json\/wp\/v2\/comments?post=57340"}],"version-history":[{"count":0,"href":"https:\/\/jornalfatosenoticias.com.br\/index.php\/wp-json\/wp\/v2\/posts\/57340\/revisions"}],"wp:featuredmedia":[{"embeddable":true,"href":"https:\/\/jornalfatosenoticias.com.br\/index.php\/wp-json\/wp\/v2\/media\/57341"}],"wp:attachment":[{"href":"https:\/\/jornalfatosenoticias.com.br\/index.php\/wp-json\/wp\/v2\/media?parent=57340"}],"wp:term":[{"taxonomy":"category","embeddable":true,"href":"https:\/\/jornalfatosenoticias.com.br\/index.php\/wp-json\/wp\/v2\/categories?post=57340"},{"taxonomy":"post_tag","embeddable":true,"href":"https:\/\/jornalfatosenoticias.com.br\/index.php\/wp-json\/wp\/v2\/tags?post=57340"}],"curies":[{"name":"wp","href":"https:\/\/api.w.org\/{rel}","templated":true}]}}