{"id":57346,"date":"2025-02-05T10:16:40","date_gmt":"2025-02-05T13:16:40","guid":{"rendered":"https:\/\/jornalfatosenoticias.com.br\/?p=57346"},"modified":"2025-02-05T10:16:41","modified_gmt":"2025-02-05T13:16:41","slug":"lula-diz-que-trump-governa-com-bravatas-e-que-eua-incentivaram-genocidio-em-gaza","status":"publish","type":"post","link":"https:\/\/jornalfatosenoticias.com.br\/index.php\/2025\/02\/05\/lula-diz-que-trump-governa-com-bravatas-e-que-eua-incentivaram-genocidio-em-gaza\/","title":{"rendered":"Lula diz que Trump governa com \u201cbravatas\u201d e que EUA incentivaram \u201cgenoc\u00eddio\u201d em Gaza"},"content":{"rendered":"\n<p><em><span class=\"has-inline-color has-black-color\">Petista afirmou que &#8220;bravatas&#8221; de Trump e medidas pol\u00edticas isolam pa\u00eds da comunidade internacional<\/span><\/em><\/p>\n\n\n\n<p><span class=\"has-inline-color has-black-color\">Por <strong><a href=\"https:\/\/www.gazetadopovo.com.br\/autor\/guilherme-grandi\/\">Guilherme Grandi<\/a><\/strong><\/span><\/p>\n\n\n\n<div class=\"wp-block-image\"><figure class=\"aligncenter size-large\"><a href=\"https:\/\/mizu.com.br\/\"><img loading=\"lazy\" decoding=\"async\" width=\"729\" height=\"90\" src=\"https:\/\/jornalfatosenoticias.com.br\/wp-content\/uploads\/2020\/02\/Logo_Mizu.png\" alt=\"\" class=\"wp-image-1441\" srcset=\"https:\/\/jornalfatosenoticias.com.br\/wp-content\/uploads\/2020\/02\/Logo_Mizu.png 729w, https:\/\/jornalfatosenoticias.com.br\/wp-content\/uploads\/2020\/02\/Logo_Mizu-300x37.png 300w\" sizes=\"auto, (max-width: 729px) 100vw, 729px\" \/><\/a><\/figure><\/div>\n\n\n\n<p>Luiz In\u00e1cio Lula da Silva (PT) demonstrou preocupa\u00e7\u00e3o nesta quarta (5) em como o presidente dos Estados Unidos, Donald Trump, vem governando o pa\u00eds desde que tomou posse, com \u201cbravatas\u201d, amea\u00e7as de tarifa\u00e7o e sa\u00edda de acordos que podem isolar o pa\u00eds da comunidade internacional, de acordo com ele.<br>Lula criticou duramente o mandat\u00e1rio americano principalmente ap\u00f3s a fala de ter\u00e7a (4) em que Trump defendeu a sa\u00edda dos palestinos de Gaza, fortemente destru\u00edda pelos bombardeios do ex\u00e9rcito israelense, ap\u00f3s um encontro com o primeiro-ministro Benjamin Netanyahu.<br>\u201cVamos ser francos: os Estados Unidos participou (sic) do incentivo a tudo o que Israel fez na Faixa de Gaza, n\u00e3o tem sentido os dois presidentes se reunirem e dizer &#8216;olha, n\u00f3s vamos ocupar, recuperar e morar em Gaza\u2019. E os palestinos v\u00e3o pra onde? Onde que v\u00e3o viver, qual o pa\u00eds deles? \u00c9 uma coisa incompreens\u00edvel para qualquer ser humano\u201d, disparou Lula em entrevistas a r\u00e1dios de Minas Gerais.<\/p>\n\n\n\n<div class=\"wp-block-image\"><figure class=\"aligncenter size-large\"><a href=\"http:\/\/www.ferrarimaquinas.com.br\/\"><img loading=\"lazy\" decoding=\"async\" width=\"300\" height=\"250\" src=\"https:\/\/jornalfatosenoticias.com.br\/wp-content\/uploads\/2022\/02\/FERRARI_MAQUINAS-E-FERRAMENTAS2.jpg\" alt=\"\" class=\"wp-image-27860\"\/><\/a><\/figure><\/div>\n\n\n\n<p>Lula emendou reafirmando que \u201co que aconteceu em Gaza foi um genoc\u00eddio\u201d e que \u201cn\u00e3o sei se os Estados Unidos, que faz parte de tudo isso, seria o pa\u00eds para tentar cuidar de Gaza\u201d. Para ele, quem tem que cuidar de Gaza s\u00e3o os pr\u00f3prios palestinos e defendeu a posi\u00e7\u00e3o diplom\u00e1tica brasileira da cria\u00e7\u00e3o da Palestina convivendo harmonicamente com Israel.<\/p>\n\n\n\n<div class=\"wp-block-image\"><figure class=\"aligncenter size-large is-resized\"><a href=\"https:\/\/www.facebook.com\/profile.php?id=100069289606145\"><img loading=\"lazy\" decoding=\"async\" src=\"https:\/\/jornalfatosenoticias.com.br\/wp-content\/uploads\/2024\/11\/Guaitolini-Contabilidade-1024x714.jpeg\" alt=\"\" class=\"wp-image-55808\" width=\"382\" height=\"266\" srcset=\"https:\/\/jornalfatosenoticias.com.br\/wp-content\/uploads\/2024\/11\/Guaitolini-Contabilidade-1024x714.jpeg 1024w, https:\/\/jornalfatosenoticias.com.br\/wp-content\/uploads\/2024\/11\/Guaitolini-Contabilidade-300x209.jpeg 300w, https:\/\/jornalfatosenoticias.com.br\/wp-content\/uploads\/2024\/11\/Guaitolini-Contabilidade-768x535.jpeg 768w, https:\/\/jornalfatosenoticias.com.br\/wp-content\/uploads\/2024\/11\/Guaitolini-Contabilidade.jpeg 1280w\" sizes=\"auto, (max-width: 382px) 100vw, 382px\" \/><\/a><\/figure><\/div>\n\n\n\n<p>Durante o encontro com Netanyahu, Trump afirmou que poderia assumir o controle de Gaza e transformar a regi\u00e3o numa esp\u00e9cie de \u201cRiviera do Oriente M\u00e9dio\u201d, em alus\u00e3o aos ricos balne\u00e1rios franceses. Para ele, a atual situa\u00e7\u00e3o do territ\u00f3rio \u00e9 completamente invi\u00e1vel para o retorno dos palestinos deslocados durante o conflito.<\/p>\n\n\n\n<div class=\"wp-block-image\"><figure class=\"aligncenter size-large is-resized\"><a href=\"https:\/\/www.controlsystems.com.br\/\"><img loading=\"lazy\" decoding=\"async\" src=\"https:\/\/jornalfatosenoticias.com.br\/wp-content\/uploads\/2020\/02\/CONTROL-CS.jpg\" alt=\"\" class=\"wp-image-44991\" width=\"306\" height=\"367\" srcset=\"https:\/\/jornalfatosenoticias.com.br\/wp-content\/uploads\/2020\/02\/CONTROL-CS.jpg 834w, https:\/\/jornalfatosenoticias.com.br\/wp-content\/uploads\/2020\/02\/CONTROL-CS-250x300.jpg 250w, https:\/\/jornalfatosenoticias.com.br\/wp-content\/uploads\/2020\/02\/CONTROL-CS-768x921.jpg 768w\" sizes=\"auto, (max-width: 306px) 100vw, 306px\" \/><\/a><\/figure><\/div>\n\n\n\n<p>Para Lula, as falas de Trump soam como \u201carrog\u00e2ncia\u201d e \u201cirreais\u201d que acabam tendo destaque na m\u00eddia mundial, mas que n\u00e3o deveriam tomar tanto espa\u00e7o. Tamb\u00e9m classificou as declara\u00e7\u00f5es do presidente norte-americano como \u201cbravatas\u201d desde antes de assumir o cargo, ainda durante a campanha, e que seguem com as amea\u00e7as de tomar a Groenl\u00e2ndia e o Canal do Panam\u00e1, de sobretaxar produtos dos parceiros comerciais hist\u00f3ricos \u2014 como M\u00e9xico e Canad\u00e1, que depois negociam e acaba voltando atr\u00e1s \u2014 e mesmo da China e do Brics.<\/p>\n\n\n\n<div class=\"wp-block-image\"><figure class=\"aligncenter size-large is-resized\"><a href=\"https:\/\/www.instagram.com\/rcradiadores\/\"><img loading=\"lazy\" decoding=\"async\" src=\"https:\/\/jornalfatosenoticias.com.br\/wp-content\/uploads\/2022\/10\/RC_800x750_page-0001.jpg\" alt=\"\" class=\"wp-image-35338\" width=\"331\" height=\"310\" srcset=\"https:\/\/jornalfatosenoticias.com.br\/wp-content\/uploads\/2022\/10\/RC_800x750_page-0001.jpg 400w, https:\/\/jornalfatosenoticias.com.br\/wp-content\/uploads\/2022\/10\/RC_800x750_page-0001-300x281.jpg 300w\" sizes=\"auto, (max-width: 331px) 100vw, 331px\" \/><\/a><\/figure><\/div>\n\n\n\n<p>No caso do Brics, Trump amea\u00e7ou uma taxa\u00e7\u00e3o de 100% caso o grupo de pa\u00edses siga com a ideia de se adotar uma moeda alternativa ao d\u00f3lar para as transa\u00e7\u00f5es comerciais entre eles. Lula defendeu a ideia e afirmou que a amea\u00e7a \u00e9 uma \u201cbravata\u201d e que os Estados Unidos n\u00e3o podem, de repente, mudarem a posi\u00e7\u00e3o do que pregavam antigamente, de ser um \u201cs\u00edmbolo da democracia mundial\u201d e \u201cjuiz do planeta\u201d \u2014 \u201cdo pa\u00eds que vendia a paz agora para a provoca\u00e7\u00e3o e a discord\u00e2ncia\u201d.<\/p>\n\n\n\n<div class=\"wp-block-image\"><figure class=\"aligncenter size-large\"><a href=\"https:\/\/www.facebook.com\/vetor.vix\/\"><img loading=\"lazy\" decoding=\"async\" width=\"1024\" height=\"273\" src=\"https:\/\/jornalfatosenoticias.com.br\/wp-content\/uploads\/2023\/09\/vetorvix1024_1.jpg\" alt=\"\" class=\"wp-image-44868\" srcset=\"https:\/\/jornalfatosenoticias.com.br\/wp-content\/uploads\/2023\/09\/vetorvix1024_1.jpg 1024w, https:\/\/jornalfatosenoticias.com.br\/wp-content\/uploads\/2023\/09\/vetorvix1024_1-300x80.jpg 300w, https:\/\/jornalfatosenoticias.com.br\/wp-content\/uploads\/2023\/09\/vetorvix1024_1-768x205.jpg 768w\" sizes=\"auto, (max-width: 1024px) 100vw, 1024px\" \/><\/a><\/figure><\/div>\n\n\n\n<p>\u201cNenhum pa\u00eds, por mais importante que seja, pode brigar com todo mundo todo o tempo. Ele tem que saber que o Brics significa praticamente metade da popula\u00e7\u00e3o mundial, quase metade do com\u00e9rcio exterior do mundo. E n\u00f3s temos o direito de discutir a cria\u00e7\u00e3o de uma forma de comercializa\u00e7\u00e3o que a gente n\u00e3o dependa s\u00f3 do d\u00f3lar. N\u00e3o podemos ter preocupa\u00e7\u00e3o com as bravatas do Trump\u201d, afirmou Lula.<\/p>\n\n\n\n<div class=\"wp-block-image\"><figure class=\"aligncenter size-large is-resized\"><a href=\"https:\/\/www.instagram.com\/serra4x4cambioautomatico\/\"><img loading=\"lazy\" decoding=\"async\" src=\"https:\/\/jornalfatosenoticias.com.br\/wp-content\/uploads\/2024\/08\/Serra-4x4-1-886x1024.jpg\" alt=\"\" class=\"wp-image-53632\" width=\"326\" height=\"376\" srcset=\"https:\/\/jornalfatosenoticias.com.br\/wp-content\/uploads\/2024\/08\/Serra-4x4-1-886x1024.jpg 886w, https:\/\/jornalfatosenoticias.com.br\/wp-content\/uploads\/2024\/08\/Serra-4x4-1-260x300.jpg 260w, https:\/\/jornalfatosenoticias.com.br\/wp-content\/uploads\/2024\/08\/Serra-4x4-1-768x888.jpg 768w, https:\/\/jornalfatosenoticias.com.br\/wp-content\/uploads\/2024\/08\/Serra-4x4-1.jpg 1181w\" sizes=\"auto, (max-width: 326px) 100vw, 326px\" \/><\/a><\/figure><\/div>\n\n\n\n<p>Ele ainda pontuou que o Brasil ir\u00e1 retaliar os Estados Unidos se as exporta\u00e7\u00f5es sofrerem alguma taxa\u00e7\u00e3o extra como, diz, \u00e9 permitido pela Organiza\u00e7\u00e3o Mundial do Com\u00e9rcio (OMC). N\u00e3o \u00e9 uma \u201cquest\u00e3o ideol\u00f3gica\u201d, pontuou Lula. No entanto, o petista acredita que isso n\u00e3o ir\u00e1 ocorrer, devido ao hist\u00f3rico de mais de 200 anos de rela\u00e7\u00f5es comerciais, e que o mundo n\u00e3o precisa apenas dos Estados Unidos. \u201cOs Estados Unidos precisa (sic) conviver harmonicamente com o Brasil, o M\u00e9xico, com a China. Ningu\u00e9m pode viver de bravatas a vida inteira, amea\u00e7ando todo mundo\u201d, completou.<\/p>\n\n\n\n<div class=\"wp-block-image\"><figure class=\"aligncenter size-large is-resized\"><a href=\"https:\/\/www.instagram.com\/vmais.midias\/\"><img loading=\"lazy\" decoding=\"async\" src=\"https:\/\/jornalfatosenoticias.com.br\/wp-content\/uploads\/2020\/02\/DE-MAIS-DESTAQUE-VMAIS-800X700.png\" alt=\"\" class=\"wp-image-53112\" width=\"338\" height=\"295\" srcset=\"https:\/\/jornalfatosenoticias.com.br\/wp-content\/uploads\/2020\/02\/DE-MAIS-DESTAQUE-VMAIS-800X700.png 800w, https:\/\/jornalfatosenoticias.com.br\/wp-content\/uploads\/2020\/02\/DE-MAIS-DESTAQUE-VMAIS-800X700-300x263.png 300w, https:\/\/jornalfatosenoticias.com.br\/wp-content\/uploads\/2020\/02\/DE-MAIS-DESTAQUE-VMAIS-800X700-768x672.png 768w\" sizes=\"auto, (max-width: 338px) 100vw, 338px\" \/><\/a><\/figure><\/div>\n\n\n\n<p><strong><em>Fonte: <a href=\"https:\/\/www.gazetadopovo.com.br\/republica\/lula-trump-bravatas-eua-incentivaram-genocidio-gaza\/\">Gazeta do Povo<\/a><\/em><\/strong><\/p>\n","protected":false},"excerpt":{"rendered":"<p>Petista afirmou que &#8220;bravatas&#8221; de Trump e medidas pol\u00edticas isolam pa\u00eds da comunidade internacional Por Guilherme Grandi Luiz In\u00e1cio Lula da Silva (PT) demonstrou preocupa\u00e7\u00e3o nesta quarta (5) em como o presidente dos Estados Unidos, Donald Trump, vem governando o pa\u00eds desde que tomou posse, com \u201cbravatas\u201d, amea\u00e7as de tarifa\u00e7o e sa\u00edda de acordos que [&hellip;]<\/p>\n","protected":false},"author":2,"featured_media":57347,"comment_status":"open","ping_status":"open","sticky":false,"template":"","format":"standard","meta":{"footnotes":""},"categories":[10],"tags":[22480,13312,15837,2147,162,7580,147,2516],"class_list":["post-57346","post","type-post","status-publish","format-standard","has-post-thumbnail","hentry","category-politica","tag-benjamin-netanyahu","tag-brics","tag-comercio-exterior","tag-donald-trump","tag-israel","tag-lula","tag-oriente-medio","tag-palestina"],"yoast_head":"<!-- This site is optimized with the Yoast SEO plugin v26.5 - https:\/\/yoast.com\/wordpress\/plugins\/seo\/ -->\n<title>Lula diz que Trump governa com \u201cbravatas\u201d e que EUA incentivaram \u201cgenoc\u00eddio\u201d em Gaza - Jornal Fatos e Not\u00edcias<\/title>\n<meta name=\"robots\" content=\"index, follow, max-snippet:-1, max-image-preview:large, max-video-preview:-1\" \/>\n<link rel=\"canonical\" href=\"https:\/\/jornalfatosenoticias.com.br\/index.php\/2025\/02\/05\/lula-diz-que-trump-governa-com-bravatas-e-que-eua-incentivaram-genocidio-em-gaza\/\" \/>\n<meta property=\"og:locale\" content=\"pt_BR\" \/>\n<meta property=\"og:type\" content=\"article\" \/>\n<meta property=\"og:title\" content=\"Lula diz que Trump governa com \u201cbravatas\u201d e que EUA incentivaram \u201cgenoc\u00eddio\u201d em Gaza - Jornal Fatos e Not\u00edcias\" \/>\n<meta property=\"og:description\" content=\"Petista afirmou que &#8220;bravatas&#8221; de Trump e medidas pol\u00edticas isolam pa\u00eds da comunidade internacional Por Guilherme Grandi Luiz In\u00e1cio Lula da Silva (PT) demonstrou preocupa\u00e7\u00e3o nesta quarta (5) em como o presidente dos Estados Unidos, Donald Trump, vem governando o pa\u00eds desde que tomou posse, com \u201cbravatas\u201d, amea\u00e7as de tarifa\u00e7o e sa\u00edda de acordos que [&hellip;]\" \/>\n<meta property=\"og:url\" content=\"https:\/\/jornalfatosenoticias.com.br\/index.php\/2025\/02\/05\/lula-diz-que-trump-governa-com-bravatas-e-que-eua-incentivaram-genocidio-em-gaza\/\" \/>\n<meta property=\"og:site_name\" content=\"Jornal Fatos e Not\u00edcias\" \/>\n<meta property=\"article:published_time\" content=\"2025-02-05T13:16:40+00:00\" \/>\n<meta property=\"article:modified_time\" content=\"2025-02-05T13:16:41+00:00\" \/>\n<meta property=\"og:image\" content=\"https:\/\/jornalfatosenoticias.com.br\/wp-content\/uploads\/2025\/02\/nine_gettyimages.jpg\" \/>\n\t<meta property=\"og:image:width\" content=\"612\" \/>\n\t<meta property=\"og:image:height\" content=\"408\" \/>\n\t<meta property=\"og:image:type\" content=\"image\/jpeg\" \/>\n<meta name=\"author\" content=\"Luzimara Fernandes\" \/>\n<meta name=\"twitter:card\" content=\"summary_large_image\" \/>\n<meta name=\"twitter:label1\" content=\"Escrito por\" \/>\n\t<meta name=\"twitter:data1\" content=\"Luzimara Fernandes\" \/>\n\t<meta name=\"twitter:label2\" content=\"Est. tempo de leitura\" \/>\n\t<meta name=\"twitter:data2\" content=\"3 minutos\" \/>\n<script type=\"application\/ld+json\" class=\"yoast-schema-graph\">{\"@context\":\"https:\/\/schema.org\",\"@graph\":[{\"@type\":\"Article\",\"@id\":\"https:\/\/jornalfatosenoticias.com.br\/index.php\/2025\/02\/05\/lula-diz-que-trump-governa-com-bravatas-e-que-eua-incentivaram-genocidio-em-gaza\/#article\",\"isPartOf\":{\"@id\":\"https:\/\/jornalfatosenoticias.com.br\/index.php\/2025\/02\/05\/lula-diz-que-trump-governa-com-bravatas-e-que-eua-incentivaram-genocidio-em-gaza\/\"},\"author\":{\"name\":\"Luzimara Fernandes\",\"@id\":\"https:\/\/jornalfatosenoticias.com.br\/#\/schema\/person\/d63837fa13ac8666eb9e74e0985d6f81\"},\"headline\":\"Lula diz que Trump governa com \u201cbravatas\u201d e que EUA incentivaram \u201cgenoc\u00eddio\u201d em Gaza\",\"datePublished\":\"2025-02-05T13:16:40+00:00\",\"dateModified\":\"2025-02-05T13:16:41+00:00\",\"mainEntityOfPage\":{\"@id\":\"https:\/\/jornalfatosenoticias.com.br\/index.php\/2025\/02\/05\/lula-diz-que-trump-governa-com-bravatas-e-que-eua-incentivaram-genocidio-em-gaza\/\"},\"wordCount\":710,\"commentCount\":0,\"publisher\":{\"@id\":\"https:\/\/jornalfatosenoticias.com.br\/#organization\"},\"image\":{\"@id\":\"https:\/\/jornalfatosenoticias.com.br\/index.php\/2025\/02\/05\/lula-diz-que-trump-governa-com-bravatas-e-que-eua-incentivaram-genocidio-em-gaza\/#primaryimage\"},\"thumbnailUrl\":\"https:\/\/jornalfatosenoticias.com.br\/wp-content\/uploads\/2025\/02\/nine_gettyimages.jpg\",\"keywords\":[\"Benjamin Netanyahu\",\"Brics\",\"com\u00e9rcio exterior\",\"Donald Trump\",\"Israel\",\"Lula\",\"Oriente M\u00e9dio\",\"Palestina\"],\"articleSection\":[\"Pol\u00edtica\"],\"inLanguage\":\"pt-BR\",\"potentialAction\":[{\"@type\":\"CommentAction\",\"name\":\"Comment\",\"target\":[\"https:\/\/jornalfatosenoticias.com.br\/index.php\/2025\/02\/05\/lula-diz-que-trump-governa-com-bravatas-e-que-eua-incentivaram-genocidio-em-gaza\/#respond\"]}]},{\"@type\":\"WebPage\",\"@id\":\"https:\/\/jornalfatosenoticias.com.br\/index.php\/2025\/02\/05\/lula-diz-que-trump-governa-com-bravatas-e-que-eua-incentivaram-genocidio-em-gaza\/\",\"url\":\"https:\/\/jornalfatosenoticias.com.br\/index.php\/2025\/02\/05\/lula-diz-que-trump-governa-com-bravatas-e-que-eua-incentivaram-genocidio-em-gaza\/\",\"name\":\"Lula diz que Trump governa com \u201cbravatas\u201d e que EUA incentivaram \u201cgenoc\u00eddio\u201d em Gaza - Jornal Fatos e Not\u00edcias\",\"isPartOf\":{\"@id\":\"https:\/\/jornalfatosenoticias.com.br\/#website\"},\"primaryImageOfPage\":{\"@id\":\"https:\/\/jornalfatosenoticias.com.br\/index.php\/2025\/02\/05\/lula-diz-que-trump-governa-com-bravatas-e-que-eua-incentivaram-genocidio-em-gaza\/#primaryimage\"},\"image\":{\"@id\":\"https:\/\/jornalfatosenoticias.com.br\/index.php\/2025\/02\/05\/lula-diz-que-trump-governa-com-bravatas-e-que-eua-incentivaram-genocidio-em-gaza\/#primaryimage\"},\"thumbnailUrl\":\"https:\/\/jornalfatosenoticias.com.br\/wp-content\/uploads\/2025\/02\/nine_gettyimages.jpg\",\"datePublished\":\"2025-02-05T13:16:40+00:00\",\"dateModified\":\"2025-02-05T13:16:41+00:00\",\"breadcrumb\":{\"@id\":\"https:\/\/jornalfatosenoticias.com.br\/index.php\/2025\/02\/05\/lula-diz-que-trump-governa-com-bravatas-e-que-eua-incentivaram-genocidio-em-gaza\/#breadcrumb\"},\"inLanguage\":\"pt-BR\",\"potentialAction\":[{\"@type\":\"ReadAction\",\"target\":[\"https:\/\/jornalfatosenoticias.com.br\/index.php\/2025\/02\/05\/lula-diz-que-trump-governa-com-bravatas-e-que-eua-incentivaram-genocidio-em-gaza\/\"]}]},{\"@type\":\"ImageObject\",\"inLanguage\":\"pt-BR\",\"@id\":\"https:\/\/jornalfatosenoticias.com.br\/index.php\/2025\/02\/05\/lula-diz-que-trump-governa-com-bravatas-e-que-eua-incentivaram-genocidio-em-gaza\/#primaryimage\",\"url\":\"https:\/\/jornalfatosenoticias.com.br\/wp-content\/uploads\/2025\/02\/nine_gettyimages.jpg\",\"contentUrl\":\"https:\/\/jornalfatosenoticias.com.br\/wp-content\/uploads\/2025\/02\/nine_gettyimages.jpg\",\"width\":612,\"height\":408,\"caption\":\"BRASILIA, BRAZIL - OCTOBER 25: President of Brazil Luiz In\u00e1cio Lula da Silva speaks during an event at Palacio do Planalto as first appearance after suffering a domestic accident on October 25, 2024 in Brasilia, Brazil. Lula Da Silva suffered an accident in the bathroom of his home last saturday causing a big hit and a cut in the rear of his head. The Brazilian president cancelled his trip to Russia. (Photo by Claudio Reis\/Getty Images)\"},{\"@type\":\"BreadcrumbList\",\"@id\":\"https:\/\/jornalfatosenoticias.com.br\/index.php\/2025\/02\/05\/lula-diz-que-trump-governa-com-bravatas-e-que-eua-incentivaram-genocidio-em-gaza\/#breadcrumb\",\"itemListElement\":[{\"@type\":\"ListItem\",\"position\":1,\"name\":\"In\u00edcio\",\"item\":\"https:\/\/jornalfatosenoticias.com.br\/\"},{\"@type\":\"ListItem\",\"position\":2,\"name\":\"Lula diz que Trump governa com \u201cbravatas\u201d e que EUA incentivaram \u201cgenoc\u00eddio\u201d em Gaza\"}]},{\"@type\":\"WebSite\",\"@id\":\"https:\/\/jornalfatosenoticias.com.br\/#website\",\"url\":\"https:\/\/jornalfatosenoticias.com.br\/\",\"name\":\"Jornal Fatos e Not\u00edcias\",\"description\":\"Not\u00edcias em geral\",\"publisher\":{\"@id\":\"https:\/\/jornalfatosenoticias.com.br\/#organization\"},\"potentialAction\":[{\"@type\":\"SearchAction\",\"target\":{\"@type\":\"EntryPoint\",\"urlTemplate\":\"https:\/\/jornalfatosenoticias.com.br\/?s={search_term_string}\"},\"query-input\":{\"@type\":\"PropertyValueSpecification\",\"valueRequired\":true,\"valueName\":\"search_term_string\"}}],\"inLanguage\":\"pt-BR\"},{\"@type\":\"Organization\",\"@id\":\"https:\/\/jornalfatosenoticias.com.br\/#organization\",\"name\":\"Jornal Fatos e Not\u00edcias\",\"url\":\"https:\/\/jornalfatosenoticias.com.br\/\",\"logo\":{\"@type\":\"ImageObject\",\"inLanguage\":\"pt-BR\",\"@id\":\"https:\/\/jornalfatosenoticias.com.br\/#\/schema\/logo\/image\/\",\"url\":\"https:\/\/jornalfatosenoticias.com.br\/wp-content\/uploads\/2020\/02\/logo120.png\",\"contentUrl\":\"https:\/\/jornalfatosenoticias.com.br\/wp-content\/uploads\/2020\/02\/logo120.png\",\"width\":1227,\"height\":120,\"caption\":\"Jornal Fatos e Not\u00edcias\"},\"image\":{\"@id\":\"https:\/\/jornalfatosenoticias.com.br\/#\/schema\/logo\/image\/\"}},{\"@type\":\"Person\",\"@id\":\"https:\/\/jornalfatosenoticias.com.br\/#\/schema\/person\/d63837fa13ac8666eb9e74e0985d6f81\",\"name\":\"Luzimara Fernandes\",\"image\":{\"@type\":\"ImageObject\",\"inLanguage\":\"pt-BR\",\"@id\":\"https:\/\/jornalfatosenoticias.com.br\/#\/schema\/person\/image\/\",\"url\":\"https:\/\/jornalfatosenoticias.com.br\/wp-content\/uploads\/2025\/05\/EU_portal.jpg\",\"contentUrl\":\"https:\/\/jornalfatosenoticias.com.br\/wp-content\/uploads\/2025\/05\/EU_portal.jpg\",\"caption\":\"Luzimara Fernandes\"},\"description\":\"Jornalista MTB 2358-ES\",\"sameAs\":[\"https:\/\/jornalfatosenoticias.com.br\"],\"url\":\"https:\/\/jornalfatosenoticias.com.br\/index.php\/author\/luzimara\/\"}]}<\/script>\n<!-- \/ Yoast SEO plugin. -->","yoast_head_json":{"title":"Lula diz que Trump governa com \u201cbravatas\u201d e que EUA incentivaram \u201cgenoc\u00eddio\u201d em Gaza - Jornal Fatos e Not\u00edcias","robots":{"index":"index","follow":"follow","max-snippet":"max-snippet:-1","max-image-preview":"max-image-preview:large","max-video-preview":"max-video-preview:-1"},"canonical":"https:\/\/jornalfatosenoticias.com.br\/index.php\/2025\/02\/05\/lula-diz-que-trump-governa-com-bravatas-e-que-eua-incentivaram-genocidio-em-gaza\/","og_locale":"pt_BR","og_type":"article","og_title":"Lula diz que Trump governa com \u201cbravatas\u201d e que EUA incentivaram \u201cgenoc\u00eddio\u201d em Gaza - Jornal Fatos e Not\u00edcias","og_description":"Petista afirmou que &#8220;bravatas&#8221; de Trump e medidas pol\u00edticas isolam pa\u00eds da comunidade internacional Por Guilherme Grandi Luiz In\u00e1cio Lula da Silva (PT) demonstrou preocupa\u00e7\u00e3o nesta quarta (5) em como o presidente dos Estados Unidos, Donald Trump, vem governando o pa\u00eds desde que tomou posse, com \u201cbravatas\u201d, amea\u00e7as de tarifa\u00e7o e sa\u00edda de acordos que [&hellip;]","og_url":"https:\/\/jornalfatosenoticias.com.br\/index.php\/2025\/02\/05\/lula-diz-que-trump-governa-com-bravatas-e-que-eua-incentivaram-genocidio-em-gaza\/","og_site_name":"Jornal Fatos e Not\u00edcias","article_published_time":"2025-02-05T13:16:40+00:00","article_modified_time":"2025-02-05T13:16:41+00:00","og_image":[{"width":612,"height":408,"url":"https:\/\/jornalfatosenoticias.com.br\/wp-content\/uploads\/2025\/02\/nine_gettyimages.jpg","type":"image\/jpeg"}],"author":"Luzimara Fernandes","twitter_card":"summary_large_image","twitter_misc":{"Escrito por":"Luzimara Fernandes","Est. tempo de leitura":"3 minutos"},"schema":{"@context":"https:\/\/schema.org","@graph":[{"@type":"Article","@id":"https:\/\/jornalfatosenoticias.com.br\/index.php\/2025\/02\/05\/lula-diz-que-trump-governa-com-bravatas-e-que-eua-incentivaram-genocidio-em-gaza\/#article","isPartOf":{"@id":"https:\/\/jornalfatosenoticias.com.br\/index.php\/2025\/02\/05\/lula-diz-que-trump-governa-com-bravatas-e-que-eua-incentivaram-genocidio-em-gaza\/"},"author":{"name":"Luzimara Fernandes","@id":"https:\/\/jornalfatosenoticias.com.br\/#\/schema\/person\/d63837fa13ac8666eb9e74e0985d6f81"},"headline":"Lula diz que Trump governa com \u201cbravatas\u201d e que EUA incentivaram \u201cgenoc\u00eddio\u201d em Gaza","datePublished":"2025-02-05T13:16:40+00:00","dateModified":"2025-02-05T13:16:41+00:00","mainEntityOfPage":{"@id":"https:\/\/jornalfatosenoticias.com.br\/index.php\/2025\/02\/05\/lula-diz-que-trump-governa-com-bravatas-e-que-eua-incentivaram-genocidio-em-gaza\/"},"wordCount":710,"commentCount":0,"publisher":{"@id":"https:\/\/jornalfatosenoticias.com.br\/#organization"},"image":{"@id":"https:\/\/jornalfatosenoticias.com.br\/index.php\/2025\/02\/05\/lula-diz-que-trump-governa-com-bravatas-e-que-eua-incentivaram-genocidio-em-gaza\/#primaryimage"},"thumbnailUrl":"https:\/\/jornalfatosenoticias.com.br\/wp-content\/uploads\/2025\/02\/nine_gettyimages.jpg","keywords":["Benjamin Netanyahu","Brics","com\u00e9rcio exterior","Donald Trump","Israel","Lula","Oriente M\u00e9dio","Palestina"],"articleSection":["Pol\u00edtica"],"inLanguage":"pt-BR","potentialAction":[{"@type":"CommentAction","name":"Comment","target":["https:\/\/jornalfatosenoticias.com.br\/index.php\/2025\/02\/05\/lula-diz-que-trump-governa-com-bravatas-e-que-eua-incentivaram-genocidio-em-gaza\/#respond"]}]},{"@type":"WebPage","@id":"https:\/\/jornalfatosenoticias.com.br\/index.php\/2025\/02\/05\/lula-diz-que-trump-governa-com-bravatas-e-que-eua-incentivaram-genocidio-em-gaza\/","url":"https:\/\/jornalfatosenoticias.com.br\/index.php\/2025\/02\/05\/lula-diz-que-trump-governa-com-bravatas-e-que-eua-incentivaram-genocidio-em-gaza\/","name":"Lula diz que Trump governa com \u201cbravatas\u201d e que EUA incentivaram \u201cgenoc\u00eddio\u201d em Gaza - Jornal Fatos e Not\u00edcias","isPartOf":{"@id":"https:\/\/jornalfatosenoticias.com.br\/#website"},"primaryImageOfPage":{"@id":"https:\/\/jornalfatosenoticias.com.br\/index.php\/2025\/02\/05\/lula-diz-que-trump-governa-com-bravatas-e-que-eua-incentivaram-genocidio-em-gaza\/#primaryimage"},"image":{"@id":"https:\/\/jornalfatosenoticias.com.br\/index.php\/2025\/02\/05\/lula-diz-que-trump-governa-com-bravatas-e-que-eua-incentivaram-genocidio-em-gaza\/#primaryimage"},"thumbnailUrl":"https:\/\/jornalfatosenoticias.com.br\/wp-content\/uploads\/2025\/02\/nine_gettyimages.jpg","datePublished":"2025-02-05T13:16:40+00:00","dateModified":"2025-02-05T13:16:41+00:00","breadcrumb":{"@id":"https:\/\/jornalfatosenoticias.com.br\/index.php\/2025\/02\/05\/lula-diz-que-trump-governa-com-bravatas-e-que-eua-incentivaram-genocidio-em-gaza\/#breadcrumb"},"inLanguage":"pt-BR","potentialAction":[{"@type":"ReadAction","target":["https:\/\/jornalfatosenoticias.com.br\/index.php\/2025\/02\/05\/lula-diz-que-trump-governa-com-bravatas-e-que-eua-incentivaram-genocidio-em-gaza\/"]}]},{"@type":"ImageObject","inLanguage":"pt-BR","@id":"https:\/\/jornalfatosenoticias.com.br\/index.php\/2025\/02\/05\/lula-diz-que-trump-governa-com-bravatas-e-que-eua-incentivaram-genocidio-em-gaza\/#primaryimage","url":"https:\/\/jornalfatosenoticias.com.br\/wp-content\/uploads\/2025\/02\/nine_gettyimages.jpg","contentUrl":"https:\/\/jornalfatosenoticias.com.br\/wp-content\/uploads\/2025\/02\/nine_gettyimages.jpg","width":612,"height":408,"caption":"BRASILIA, BRAZIL - OCTOBER 25: President of Brazil Luiz In\u00e1cio Lula da Silva speaks during an event at Palacio do Planalto as first appearance after suffering a domestic accident on October 25, 2024 in Brasilia, Brazil. Lula Da Silva suffered an accident in the bathroom of his home last saturday causing a big hit and a cut in the rear of his head. The Brazilian president cancelled his trip to Russia. (Photo by Claudio Reis\/Getty Images)"},{"@type":"BreadcrumbList","@id":"https:\/\/jornalfatosenoticias.com.br\/index.php\/2025\/02\/05\/lula-diz-que-trump-governa-com-bravatas-e-que-eua-incentivaram-genocidio-em-gaza\/#breadcrumb","itemListElement":[{"@type":"ListItem","position":1,"name":"In\u00edcio","item":"https:\/\/jornalfatosenoticias.com.br\/"},{"@type":"ListItem","position":2,"name":"Lula diz que Trump governa com \u201cbravatas\u201d e que EUA incentivaram \u201cgenoc\u00eddio\u201d em Gaza"}]},{"@type":"WebSite","@id":"https:\/\/jornalfatosenoticias.com.br\/#website","url":"https:\/\/jornalfatosenoticias.com.br\/","name":"Jornal Fatos e Not\u00edcias","description":"Not\u00edcias em geral","publisher":{"@id":"https:\/\/jornalfatosenoticias.com.br\/#organization"},"potentialAction":[{"@type":"SearchAction","target":{"@type":"EntryPoint","urlTemplate":"https:\/\/jornalfatosenoticias.com.br\/?s={search_term_string}"},"query-input":{"@type":"PropertyValueSpecification","valueRequired":true,"valueName":"search_term_string"}}],"inLanguage":"pt-BR"},{"@type":"Organization","@id":"https:\/\/jornalfatosenoticias.com.br\/#organization","name":"Jornal Fatos e Not\u00edcias","url":"https:\/\/jornalfatosenoticias.com.br\/","logo":{"@type":"ImageObject","inLanguage":"pt-BR","@id":"https:\/\/jornalfatosenoticias.com.br\/#\/schema\/logo\/image\/","url":"https:\/\/jornalfatosenoticias.com.br\/wp-content\/uploads\/2020\/02\/logo120.png","contentUrl":"https:\/\/jornalfatosenoticias.com.br\/wp-content\/uploads\/2020\/02\/logo120.png","width":1227,"height":120,"caption":"Jornal Fatos e Not\u00edcias"},"image":{"@id":"https:\/\/jornalfatosenoticias.com.br\/#\/schema\/logo\/image\/"}},{"@type":"Person","@id":"https:\/\/jornalfatosenoticias.com.br\/#\/schema\/person\/d63837fa13ac8666eb9e74e0985d6f81","name":"Luzimara Fernandes","image":{"@type":"ImageObject","inLanguage":"pt-BR","@id":"https:\/\/jornalfatosenoticias.com.br\/#\/schema\/person\/image\/","url":"https:\/\/jornalfatosenoticias.com.br\/wp-content\/uploads\/2025\/05\/EU_portal.jpg","contentUrl":"https:\/\/jornalfatosenoticias.com.br\/wp-content\/uploads\/2025\/05\/EU_portal.jpg","caption":"Luzimara Fernandes"},"description":"Jornalista MTB 2358-ES","sameAs":["https:\/\/jornalfatosenoticias.com.br"],"url":"https:\/\/jornalfatosenoticias.com.br\/index.php\/author\/luzimara\/"}]}},"cc_featured_image_caption":{"caption_text":"(Foto: Getty Images) ","source_text":"","source_url":""},"jetpack_featured_media_url":"https:\/\/jornalfatosenoticias.com.br\/wp-content\/uploads\/2025\/02\/nine_gettyimages.jpg","_links":{"self":[{"href":"https:\/\/jornalfatosenoticias.com.br\/index.php\/wp-json\/wp\/v2\/posts\/57346","targetHints":{"allow":["GET"]}}],"collection":[{"href":"https:\/\/jornalfatosenoticias.com.br\/index.php\/wp-json\/wp\/v2\/posts"}],"about":[{"href":"https:\/\/jornalfatosenoticias.com.br\/index.php\/wp-json\/wp\/v2\/types\/post"}],"author":[{"embeddable":true,"href":"https:\/\/jornalfatosenoticias.com.br\/index.php\/wp-json\/wp\/v2\/users\/2"}],"replies":[{"embeddable":true,"href":"https:\/\/jornalfatosenoticias.com.br\/index.php\/wp-json\/wp\/v2\/comments?post=57346"}],"version-history":[{"count":0,"href":"https:\/\/jornalfatosenoticias.com.br\/index.php\/wp-json\/wp\/v2\/posts\/57346\/revisions"}],"wp:featuredmedia":[{"embeddable":true,"href":"https:\/\/jornalfatosenoticias.com.br\/index.php\/wp-json\/wp\/v2\/media\/57347"}],"wp:attachment":[{"href":"https:\/\/jornalfatosenoticias.com.br\/index.php\/wp-json\/wp\/v2\/media?parent=57346"}],"wp:term":[{"taxonomy":"category","embeddable":true,"href":"https:\/\/jornalfatosenoticias.com.br\/index.php\/wp-json\/wp\/v2\/categories?post=57346"},{"taxonomy":"post_tag","embeddable":true,"href":"https:\/\/jornalfatosenoticias.com.br\/index.php\/wp-json\/wp\/v2\/tags?post=57346"}],"curies":[{"name":"wp","href":"https:\/\/api.w.org\/{rel}","templated":true}]}}