{"id":57351,"date":"2025-02-05T14:24:49","date_gmt":"2025-02-05T17:24:49","guid":{"rendered":"https:\/\/jornalfatosenoticias.com.br\/?p=57351"},"modified":"2025-02-05T14:24:52","modified_gmt":"2025-02-05T17:24:52","slug":"jornalista-portugues-finaliza-filme-contra-o-ministro-alexandre-de-moraes","status":"publish","type":"post","link":"https:\/\/jornalfatosenoticias.com.br\/index.php\/2025\/02\/05\/jornalista-portugues-finaliza-filme-contra-o-ministro-alexandre-de-moraes\/","title":{"rendered":"Jornalista portugu\u00eas finaliza filme contra o ministro Alexandre de Moraes"},"content":{"rendered":"\n<p><em><span class=\"has-inline-color has-black-color\">O ministro do STF, Alexandre de Moraes, est\u00e1 em foco no document\u00e1rio &#8220;The Fake Judge&#8221;<\/span><\/em><\/p>\n\n\n\n<p><span class=\"has-inline-color has-black-color\">Por <strong><a href=\"https:\/\/www.gazetadopovo.com.br\/autor\/erich-thomas-mafra\/\" rel=\"sponsored nofollow\">Erich Thomas Mafra<\/a><\/strong><\/span><\/p>\n\n\n\n<div class=\"wp-block-image\"><figure class=\"aligncenter size-large\"><a href=\"https:\/\/mizu.com.br\/\"><img loading=\"lazy\" decoding=\"async\" width=\"729\" height=\"90\" src=\"https:\/\/jornalfatosenoticias.com.br\/wp-content\/uploads\/2020\/02\/Logo_Mizu.png\" alt=\"\" class=\"wp-image-1441\" srcset=\"https:\/\/jornalfatosenoticias.com.br\/wp-content\/uploads\/2020\/02\/Logo_Mizu.png 729w, https:\/\/jornalfatosenoticias.com.br\/wp-content\/uploads\/2020\/02\/Logo_Mizu-300x37.png 300w\" sizes=\"auto, (max-width: 729px) 100vw, 729px\" \/><\/a><\/figure><\/div>\n\n\n\n<p>O jornalista portugu\u00eas S\u00e9rgio Tavares anunciou em seu Instagram o lan\u00e7amento de um novo document\u00e1rio. Segundo a postagem, realizada ontem (4), o trabalho se chama The Fake Judge e abordar\u00e1 a figura de Alexandre de Moraes, ministro do Supremo Tribunal Federal (STF).<br><strong><em>&#8220;Um rep\u00f3rter independente viajou por dez pa\u00edses, para recolher todos os testemunhos das v\u00edtimas de Alexandre de Moraes. Gravado no Brasil, Portugal, Espanha, It\u00e1lia, Reino Unido, Estados Unidos, Argentina, B\u00e9lgica, Alemanha e \u00cdndia, este \u00e9 um document\u00e1rio \u00fanico, que vai expor a ditadura implantada no Brasil por Moraes, o &#8216;ditador da Toga'&#8221;, alerta o trailer disponibilizado.<\/em><\/strong><\/p>\n\n\n\n<div class=\"wp-block-image\"><figure class=\"aligncenter size-large\"><a href=\"https:\/\/cesconetto.com.br\/\"><img loading=\"lazy\" decoding=\"async\" width=\"300\" height=\"250\" src=\"https:\/\/jornalfatosenoticias.com.br\/wp-content\/uploads\/2022\/02\/Banner-2.png\" alt=\"\" class=\"wp-image-27877\"\/><\/a><\/figure><\/div>\n\n\n\n<p>Com o subt\u00edtulo A Hist\u00f3ria de uma Na\u00e7\u00e3o nas M\u00e3os de um Psicopata, o filme juntar\u00e1 a pr\u00f3pria hist\u00f3ria de Tavares com a de outros afetados por alguma a\u00e7\u00e3o do ministro. O portugu\u00eas foi detido, em fevereiro do ano passado, quando veio ao Brasil para participar de uma manifesta\u00e7\u00e3o convocada pelo ex-presidente Jair Bolsonaro.<\/p>\n\n\n\n<div class=\"wp-block-image\"><figure class=\"aligncenter size-large is-resized\"><a href=\"https:\/\/www.legisjuris.com.br\/\"><img loading=\"lazy\" decoding=\"async\" src=\"https:\/\/jornalfatosenoticias.com.br\/wp-content\/uploads\/2024\/09\/Legis-Juris-Consultoria_logo.jpg\" alt=\"\" class=\"wp-image-53915\" width=\"473\" height=\"198\" srcset=\"https:\/\/jornalfatosenoticias.com.br\/wp-content\/uploads\/2024\/09\/Legis-Juris-Consultoria_logo.jpg 969w, https:\/\/jornalfatosenoticias.com.br\/wp-content\/uploads\/2024\/09\/Legis-Juris-Consultoria_logo-300x126.jpg 300w, https:\/\/jornalfatosenoticias.com.br\/wp-content\/uploads\/2024\/09\/Legis-Juris-Consultoria_logo-768x322.jpg 768w\" sizes=\"auto, (max-width: 473px) 100vw, 473px\" \/><\/a><\/figure><\/div>\n\n\n\n<p>Na ocasi\u00e3o, Tavares teve seu passaporte retido pela Pol\u00edcia Federal no Aeroporto de Guarulhos e revelou em sua conta no X: \u201cperguntaram, especificamente, sobre Alexandre de Moraes, Fl\u00e1vio Dino, vacinas, 8 de janeiro, tudo. Um portugu\u00eas que vem simplesmente cobrir uma manifesta\u00e7\u00e3o de apoio a Jair Bolsonaro \u00e9 sujeito a isto tudo\u201d.<\/p>\n\n\n\n<div class=\"wp-block-image\"><figure class=\"aligncenter size-large\"><a href=\"http:\/\/www.ferrarimaquinas.com.br\/\"><img loading=\"lazy\" decoding=\"async\" width=\"300\" height=\"250\" src=\"https:\/\/jornalfatosenoticias.com.br\/wp-content\/uploads\/2022\/02\/FERRARI_MAQUINAS-E-FERRAMENTAS2.jpg\" alt=\"\" class=\"wp-image-27860\"\/><\/a><\/figure><\/div>\n\n\n\n<p>Junto do an\u00fancio de The Fake Judge, que ser\u00e1 lan\u00e7ado no YouTube em maio, o jornalista tamb\u00e9m j\u00e1 adiantou uma lista com os entrevistados do document\u00e1rio. <strong>Os nomes confirmados s\u00e3o:<\/strong><\/p>\n\n\n\n<ol class=\"wp-block-list\"><li>Adalberto Piotto<\/li><li>Allan dos Santos<\/li><li>Bia Kicis<\/li><li>Chris Smith<\/li><li>Eduardo Bolsonaro<\/li><li>Eduardo Gir\u00e3o<\/li><li>Gustavo Gayer<\/li><li>Jair Bolsonaro<\/li><li>Karina Michelin<\/li><li>Ludmilla Grilo<\/li><li>Marcel Van Hattem<\/li><li>Michael Shellenberger<\/li><li>Nikolas Ferreira<\/li><li>Oswaldo Eustaquio<\/li><li>Paulo Figueiredo<\/li><li>Silas Malafaia<\/li><\/ol>\n\n\n\n<div class=\"wp-block-image\"><figure class=\"aligncenter size-large\"><a href=\"https:\/\/www.facebook.com\/vetor.vix\/\"><img loading=\"lazy\" decoding=\"async\" width=\"1024\" height=\"273\" src=\"https:\/\/jornalfatosenoticias.com.br\/wp-content\/uploads\/2023\/09\/vetorvix1024_1.jpg\" alt=\"\" class=\"wp-image-44868\" srcset=\"https:\/\/jornalfatosenoticias.com.br\/wp-content\/uploads\/2023\/09\/vetorvix1024_1.jpg 1024w, https:\/\/jornalfatosenoticias.com.br\/wp-content\/uploads\/2023\/09\/vetorvix1024_1-300x80.jpg 300w, https:\/\/jornalfatosenoticias.com.br\/wp-content\/uploads\/2023\/09\/vetorvix1024_1-768x205.jpg 768w\" sizes=\"auto, (max-width: 1024px) 100vw, 1024px\" \/><\/a><\/figure><\/div>\n\n\n\n<p>Fora as pessoas acima, Tavares afirma ter entrevistado refugiados do 8 de janeiro, familiares de Cleriston Pereira , os advogados de Cacique Cerer\u00e9, Daniel Silveira e D\u00e9bora Rodrigues. \u00c0 revista Oeste, onde atua como comentarista, o portugu\u00eas explicou o motivo que o fez produzir o filme.<\/p>\n\n\n\n<div class=\"wp-block-image\"><figure class=\"aligncenter size-large is-resized\"><a href=\"https:\/\/www.instagram.com\/esteiochurrascaria\/\"><img loading=\"lazy\" decoding=\"async\" src=\"https:\/\/jornalfatosenoticias.com.br\/wp-content\/uploads\/2022\/02\/LOGO-ESTEIO-1024x730.png\" alt=\"\" class=\"wp-image-27942\" width=\"317\" height=\"226\" srcset=\"https:\/\/jornalfatosenoticias.com.br\/wp-content\/uploads\/2022\/02\/LOGO-ESTEIO-1024x730.png 1024w, https:\/\/jornalfatosenoticias.com.br\/wp-content\/uploads\/2022\/02\/LOGO-ESTEIO-300x214.png 300w, https:\/\/jornalfatosenoticias.com.br\/wp-content\/uploads\/2022\/02\/LOGO-ESTEIO-768x548.png 768w, https:\/\/jornalfatosenoticias.com.br\/wp-content\/uploads\/2022\/02\/LOGO-ESTEIO.png 1123w\" sizes=\"auto, (max-width: 317px) 100vw, 317px\" \/><\/a><\/figure><\/div>\n\n\n\n<blockquote class=\"wp-block-quote is-layout-flow wp-block-quote-is-layout-flow\"><p><span class=\"has-inline-color has-luminous-vivid-orange-color\">A raz\u00e3o do document\u00e1rio foi porque eu fiz uma promessa no dia 25 de fevereiro do ano passado, perante um milh\u00e3o de pessoas na Avenida Paulista, em l\u00e1grimas, de que eu levaria a mensagem e o grito de revolta aos cinco cantos do mundo. E, no fundo, uma vingan\u00e7a pelo que a Pol\u00edcia Federal me fez e pelo que o Alexandre de Moraes mandou fazer&#8221;.<\/span><\/p><\/blockquote>\n\n\n\n<div class=\"wp-block-image\"><figure class=\"aligncenter size-large is-resized\"><a href=\"https:\/\/www.instagram.com\/restaurantepegoretti\/\"><img loading=\"lazy\" decoding=\"async\" src=\"https:\/\/jornalfatosenoticias.com.br\/wp-content\/uploads\/2023\/12\/pegoretti-logo-pdf-1024x389.jpg\" alt=\"\" class=\"wp-image-47536\" width=\"477\" height=\"181\" srcset=\"https:\/\/jornalfatosenoticias.com.br\/wp-content\/uploads\/2023\/12\/pegoretti-logo-pdf-1024x389.jpg 1024w, https:\/\/jornalfatosenoticias.com.br\/wp-content\/uploads\/2023\/12\/pegoretti-logo-pdf-300x114.jpg 300w, https:\/\/jornalfatosenoticias.com.br\/wp-content\/uploads\/2023\/12\/pegoretti-logo-pdf-768x291.jpg 768w, https:\/\/jornalfatosenoticias.com.br\/wp-content\/uploads\/2023\/12\/pegoretti-logo-pdf.jpg 1120w\" sizes=\"auto, (max-width: 477px) 100vw, 477px\" \/><\/a><\/figure><\/div>\n\n\n\n<p><strong><em>Fonte: <a href=\"https:\/\/www.gazetadopovo.com.br\/cultura\/jornalista-portugues-finaliza-filme-contra-ministro-alexandre-moraes\/?ref=mais-lidas\">Gazeta do Povo<\/a><\/em><\/strong><\/p>\n","protected":false},"excerpt":{"rendered":"<p>O ministro do STF, Alexandre de Moraes, est\u00e1 em foco no document\u00e1rio &#8220;The Fake Judge&#8221; Por Erich Thomas Mafra O jornalista portugu\u00eas S\u00e9rgio Tavares anunciou em seu Instagram o lan\u00e7amento de um novo document\u00e1rio. Segundo a postagem, realizada ontem (4), o trabalho se chama The Fake Judge e abordar\u00e1 a figura de Alexandre de Moraes, [&hellip;]<\/p>\n","protected":false},"author":2,"featured_media":56200,"comment_status":"open","ping_status":"open","sticky":false,"template":"","format":"standard","meta":{"footnotes":""},"categories":[5],"tags":[18055,13889,2095,2507,294,26176],"class_list":["post-57351","post","type-post","status-publish","format-standard","has-post-thumbnail","hentry","category-geral","tag-8-de-janeiro","tag-alexandre-de-moraes","tag-documentarios","tag-filmes","tag-stf","tag-the-fake-judge"],"yoast_head":"<!-- This site is optimized with the Yoast SEO plugin v26.5 - https:\/\/yoast.com\/wordpress\/plugins\/seo\/ -->\n<title>Jornalista portugu\u00eas finaliza filme contra o ministro Alexandre de Moraes - Jornal Fatos e Not\u00edcias<\/title>\n<meta name=\"robots\" content=\"index, follow, max-snippet:-1, max-image-preview:large, max-video-preview:-1\" \/>\n<link rel=\"canonical\" href=\"https:\/\/jornalfatosenoticias.com.br\/index.php\/2025\/02\/05\/jornalista-portugues-finaliza-filme-contra-o-ministro-alexandre-de-moraes\/\" \/>\n<meta property=\"og:locale\" content=\"pt_BR\" \/>\n<meta property=\"og:type\" content=\"article\" \/>\n<meta property=\"og:title\" content=\"Jornalista portugu\u00eas finaliza filme contra o ministro Alexandre de Moraes - Jornal Fatos e Not\u00edcias\" \/>\n<meta property=\"og:description\" content=\"O ministro do STF, Alexandre de Moraes, est\u00e1 em foco no document\u00e1rio &#8220;The Fake Judge&#8221; Por Erich Thomas Mafra O jornalista portugu\u00eas S\u00e9rgio Tavares anunciou em seu Instagram o lan\u00e7amento de um novo document\u00e1rio. Segundo a postagem, realizada ontem (4), o trabalho se chama The Fake Judge e abordar\u00e1 a figura de Alexandre de Moraes, [&hellip;]\" \/>\n<meta property=\"og:url\" content=\"https:\/\/jornalfatosenoticias.com.br\/index.php\/2025\/02\/05\/jornalista-portugues-finaliza-filme-contra-o-ministro-alexandre-de-moraes\/\" \/>\n<meta property=\"og:site_name\" content=\"Jornal Fatos e Not\u00edcias\" \/>\n<meta property=\"article:published_time\" content=\"2025-02-05T17:24:49+00:00\" \/>\n<meta property=\"article:modified_time\" content=\"2025-02-05T17:24:52+00:00\" \/>\n<meta property=\"og:image\" content=\"https:\/\/jornalfatosenoticias.com.br\/wp-content\/uploads\/2024\/12\/xandao-cabeca-de-ovo_gettyimages.jpg\" \/>\n\t<meta property=\"og:image:width\" content=\"612\" \/>\n\t<meta property=\"og:image:height\" content=\"407\" \/>\n\t<meta property=\"og:image:type\" content=\"image\/jpeg\" \/>\n<meta name=\"author\" content=\"Luzimara Fernandes\" \/>\n<meta name=\"twitter:card\" content=\"summary_large_image\" \/>\n<meta name=\"twitter:label1\" content=\"Escrito por\" \/>\n\t<meta name=\"twitter:data1\" content=\"Luzimara Fernandes\" \/>\n\t<meta name=\"twitter:label2\" content=\"Est. tempo de leitura\" \/>\n\t<meta name=\"twitter:data2\" content=\"2 minutos\" \/>\n<script type=\"application\/ld+json\" class=\"yoast-schema-graph\">{\"@context\":\"https:\/\/schema.org\",\"@graph\":[{\"@type\":\"Article\",\"@id\":\"https:\/\/jornalfatosenoticias.com.br\/index.php\/2025\/02\/05\/jornalista-portugues-finaliza-filme-contra-o-ministro-alexandre-de-moraes\/#article\",\"isPartOf\":{\"@id\":\"https:\/\/jornalfatosenoticias.com.br\/index.php\/2025\/02\/05\/jornalista-portugues-finaliza-filme-contra-o-ministro-alexandre-de-moraes\/\"},\"author\":{\"name\":\"Luzimara Fernandes\",\"@id\":\"https:\/\/jornalfatosenoticias.com.br\/#\/schema\/person\/d63837fa13ac8666eb9e74e0985d6f81\"},\"headline\":\"Jornalista portugu\u00eas finaliza filme contra o ministro Alexandre de Moraes\",\"datePublished\":\"2025-02-05T17:24:49+00:00\",\"dateModified\":\"2025-02-05T17:24:52+00:00\",\"mainEntityOfPage\":{\"@id\":\"https:\/\/jornalfatosenoticias.com.br\/index.php\/2025\/02\/05\/jornalista-portugues-finaliza-filme-contra-o-ministro-alexandre-de-moraes\/\"},\"wordCount\":444,\"commentCount\":0,\"publisher\":{\"@id\":\"https:\/\/jornalfatosenoticias.com.br\/#organization\"},\"image\":{\"@id\":\"https:\/\/jornalfatosenoticias.com.br\/index.php\/2025\/02\/05\/jornalista-portugues-finaliza-filme-contra-o-ministro-alexandre-de-moraes\/#primaryimage\"},\"thumbnailUrl\":\"https:\/\/jornalfatosenoticias.com.br\/wp-content\/uploads\/2024\/12\/xandao-cabeca-de-ovo_gettyimages.jpg\",\"keywords\":[\"8 de janeiro\",\"Alexandre de Moraes\",\"document\u00e1rios\",\"filmes\",\"STF\",\"The Fake Judge\"],\"articleSection\":[\"Geral\"],\"inLanguage\":\"pt-BR\",\"potentialAction\":[{\"@type\":\"CommentAction\",\"name\":\"Comment\",\"target\":[\"https:\/\/jornalfatosenoticias.com.br\/index.php\/2025\/02\/05\/jornalista-portugues-finaliza-filme-contra-o-ministro-alexandre-de-moraes\/#respond\"]}]},{\"@type\":\"WebPage\",\"@id\":\"https:\/\/jornalfatosenoticias.com.br\/index.php\/2025\/02\/05\/jornalista-portugues-finaliza-filme-contra-o-ministro-alexandre-de-moraes\/\",\"url\":\"https:\/\/jornalfatosenoticias.com.br\/index.php\/2025\/02\/05\/jornalista-portugues-finaliza-filme-contra-o-ministro-alexandre-de-moraes\/\",\"name\":\"Jornalista portugu\u00eas finaliza filme contra o ministro Alexandre de Moraes - Jornal Fatos e Not\u00edcias\",\"isPartOf\":{\"@id\":\"https:\/\/jornalfatosenoticias.com.br\/#website\"},\"primaryImageOfPage\":{\"@id\":\"https:\/\/jornalfatosenoticias.com.br\/index.php\/2025\/02\/05\/jornalista-portugues-finaliza-filme-contra-o-ministro-alexandre-de-moraes\/#primaryimage\"},\"image\":{\"@id\":\"https:\/\/jornalfatosenoticias.com.br\/index.php\/2025\/02\/05\/jornalista-portugues-finaliza-filme-contra-o-ministro-alexandre-de-moraes\/#primaryimage\"},\"thumbnailUrl\":\"https:\/\/jornalfatosenoticias.com.br\/wp-content\/uploads\/2024\/12\/xandao-cabeca-de-ovo_gettyimages.jpg\",\"datePublished\":\"2025-02-05T17:24:49+00:00\",\"dateModified\":\"2025-02-05T17:24:52+00:00\",\"breadcrumb\":{\"@id\":\"https:\/\/jornalfatosenoticias.com.br\/index.php\/2025\/02\/05\/jornalista-portugues-finaliza-filme-contra-o-ministro-alexandre-de-moraes\/#breadcrumb\"},\"inLanguage\":\"pt-BR\",\"potentialAction\":[{\"@type\":\"ReadAction\",\"target\":[\"https:\/\/jornalfatosenoticias.com.br\/index.php\/2025\/02\/05\/jornalista-portugues-finaliza-filme-contra-o-ministro-alexandre-de-moraes\/\"]}]},{\"@type\":\"ImageObject\",\"inLanguage\":\"pt-BR\",\"@id\":\"https:\/\/jornalfatosenoticias.com.br\/index.php\/2025\/02\/05\/jornalista-portugues-finaliza-filme-contra-o-ministro-alexandre-de-moraes\/#primaryimage\",\"url\":\"https:\/\/jornalfatosenoticias.com.br\/wp-content\/uploads\/2024\/12\/xandao-cabeca-de-ovo_gettyimages.jpg\",\"contentUrl\":\"https:\/\/jornalfatosenoticias.com.br\/wp-content\/uploads\/2024\/12\/xandao-cabeca-de-ovo_gettyimages.jpg\",\"width\":612,\"height\":407,\"caption\":\"On September 4, 2024, in Brazil, Supreme Court Justice Alexandre de Moraes participates in the first plenary session of the Supreme Court (STF) after ordering the blocking of platform X (Twitter) in Brazil and the accounts of entrepreneur Elon Musk's company Starlink. (Photo by Ton Molina\/NurPhoto via Getty Images)\"},{\"@type\":\"BreadcrumbList\",\"@id\":\"https:\/\/jornalfatosenoticias.com.br\/index.php\/2025\/02\/05\/jornalista-portugues-finaliza-filme-contra-o-ministro-alexandre-de-moraes\/#breadcrumb\",\"itemListElement\":[{\"@type\":\"ListItem\",\"position\":1,\"name\":\"In\u00edcio\",\"item\":\"https:\/\/jornalfatosenoticias.com.br\/\"},{\"@type\":\"ListItem\",\"position\":2,\"name\":\"Jornalista portugu\u00eas finaliza filme contra o ministro Alexandre de Moraes\"}]},{\"@type\":\"WebSite\",\"@id\":\"https:\/\/jornalfatosenoticias.com.br\/#website\",\"url\":\"https:\/\/jornalfatosenoticias.com.br\/\",\"name\":\"Jornal Fatos e Not\u00edcias\",\"description\":\"Not\u00edcias em geral\",\"publisher\":{\"@id\":\"https:\/\/jornalfatosenoticias.com.br\/#organization\"},\"potentialAction\":[{\"@type\":\"SearchAction\",\"target\":{\"@type\":\"EntryPoint\",\"urlTemplate\":\"https:\/\/jornalfatosenoticias.com.br\/?s={search_term_string}\"},\"query-input\":{\"@type\":\"PropertyValueSpecification\",\"valueRequired\":true,\"valueName\":\"search_term_string\"}}],\"inLanguage\":\"pt-BR\"},{\"@type\":\"Organization\",\"@id\":\"https:\/\/jornalfatosenoticias.com.br\/#organization\",\"name\":\"Jornal Fatos e Not\u00edcias\",\"url\":\"https:\/\/jornalfatosenoticias.com.br\/\",\"logo\":{\"@type\":\"ImageObject\",\"inLanguage\":\"pt-BR\",\"@id\":\"https:\/\/jornalfatosenoticias.com.br\/#\/schema\/logo\/image\/\",\"url\":\"https:\/\/jornalfatosenoticias.com.br\/wp-content\/uploads\/2020\/02\/logo120.png\",\"contentUrl\":\"https:\/\/jornalfatosenoticias.com.br\/wp-content\/uploads\/2020\/02\/logo120.png\",\"width\":1227,\"height\":120,\"caption\":\"Jornal Fatos e Not\u00edcias\"},\"image\":{\"@id\":\"https:\/\/jornalfatosenoticias.com.br\/#\/schema\/logo\/image\/\"}},{\"@type\":\"Person\",\"@id\":\"https:\/\/jornalfatosenoticias.com.br\/#\/schema\/person\/d63837fa13ac8666eb9e74e0985d6f81\",\"name\":\"Luzimara Fernandes\",\"image\":{\"@type\":\"ImageObject\",\"inLanguage\":\"pt-BR\",\"@id\":\"https:\/\/jornalfatosenoticias.com.br\/#\/schema\/person\/image\/\",\"url\":\"https:\/\/jornalfatosenoticias.com.br\/wp-content\/uploads\/2025\/05\/EU_portal.jpg\",\"contentUrl\":\"https:\/\/jornalfatosenoticias.com.br\/wp-content\/uploads\/2025\/05\/EU_portal.jpg\",\"caption\":\"Luzimara Fernandes\"},\"description\":\"Jornalista MTB 2358-ES\",\"sameAs\":[\"https:\/\/jornalfatosenoticias.com.br\"],\"url\":\"https:\/\/jornalfatosenoticias.com.br\/index.php\/author\/luzimara\/\"}]}<\/script>\n<!-- \/ Yoast SEO plugin. -->","yoast_head_json":{"title":"Jornalista portugu\u00eas finaliza filme contra o ministro Alexandre de Moraes - Jornal Fatos e Not\u00edcias","robots":{"index":"index","follow":"follow","max-snippet":"max-snippet:-1","max-image-preview":"max-image-preview:large","max-video-preview":"max-video-preview:-1"},"canonical":"https:\/\/jornalfatosenoticias.com.br\/index.php\/2025\/02\/05\/jornalista-portugues-finaliza-filme-contra-o-ministro-alexandre-de-moraes\/","og_locale":"pt_BR","og_type":"article","og_title":"Jornalista portugu\u00eas finaliza filme contra o ministro Alexandre de Moraes - Jornal Fatos e Not\u00edcias","og_description":"O ministro do STF, Alexandre de Moraes, est\u00e1 em foco no document\u00e1rio &#8220;The Fake Judge&#8221; Por Erich Thomas Mafra O jornalista portugu\u00eas S\u00e9rgio Tavares anunciou em seu Instagram o lan\u00e7amento de um novo document\u00e1rio. Segundo a postagem, realizada ontem (4), o trabalho se chama The Fake Judge e abordar\u00e1 a figura de Alexandre de Moraes, [&hellip;]","og_url":"https:\/\/jornalfatosenoticias.com.br\/index.php\/2025\/02\/05\/jornalista-portugues-finaliza-filme-contra-o-ministro-alexandre-de-moraes\/","og_site_name":"Jornal Fatos e Not\u00edcias","article_published_time":"2025-02-05T17:24:49+00:00","article_modified_time":"2025-02-05T17:24:52+00:00","og_image":[{"width":612,"height":407,"url":"https:\/\/jornalfatosenoticias.com.br\/wp-content\/uploads\/2024\/12\/xandao-cabeca-de-ovo_gettyimages.jpg","type":"image\/jpeg"}],"author":"Luzimara Fernandes","twitter_card":"summary_large_image","twitter_misc":{"Escrito por":"Luzimara Fernandes","Est. tempo de leitura":"2 minutos"},"schema":{"@context":"https:\/\/schema.org","@graph":[{"@type":"Article","@id":"https:\/\/jornalfatosenoticias.com.br\/index.php\/2025\/02\/05\/jornalista-portugues-finaliza-filme-contra-o-ministro-alexandre-de-moraes\/#article","isPartOf":{"@id":"https:\/\/jornalfatosenoticias.com.br\/index.php\/2025\/02\/05\/jornalista-portugues-finaliza-filme-contra-o-ministro-alexandre-de-moraes\/"},"author":{"name":"Luzimara Fernandes","@id":"https:\/\/jornalfatosenoticias.com.br\/#\/schema\/person\/d63837fa13ac8666eb9e74e0985d6f81"},"headline":"Jornalista portugu\u00eas finaliza filme contra o ministro Alexandre de Moraes","datePublished":"2025-02-05T17:24:49+00:00","dateModified":"2025-02-05T17:24:52+00:00","mainEntityOfPage":{"@id":"https:\/\/jornalfatosenoticias.com.br\/index.php\/2025\/02\/05\/jornalista-portugues-finaliza-filme-contra-o-ministro-alexandre-de-moraes\/"},"wordCount":444,"commentCount":0,"publisher":{"@id":"https:\/\/jornalfatosenoticias.com.br\/#organization"},"image":{"@id":"https:\/\/jornalfatosenoticias.com.br\/index.php\/2025\/02\/05\/jornalista-portugues-finaliza-filme-contra-o-ministro-alexandre-de-moraes\/#primaryimage"},"thumbnailUrl":"https:\/\/jornalfatosenoticias.com.br\/wp-content\/uploads\/2024\/12\/xandao-cabeca-de-ovo_gettyimages.jpg","keywords":["8 de janeiro","Alexandre de Moraes","document\u00e1rios","filmes","STF","The Fake Judge"],"articleSection":["Geral"],"inLanguage":"pt-BR","potentialAction":[{"@type":"CommentAction","name":"Comment","target":["https:\/\/jornalfatosenoticias.com.br\/index.php\/2025\/02\/05\/jornalista-portugues-finaliza-filme-contra-o-ministro-alexandre-de-moraes\/#respond"]}]},{"@type":"WebPage","@id":"https:\/\/jornalfatosenoticias.com.br\/index.php\/2025\/02\/05\/jornalista-portugues-finaliza-filme-contra-o-ministro-alexandre-de-moraes\/","url":"https:\/\/jornalfatosenoticias.com.br\/index.php\/2025\/02\/05\/jornalista-portugues-finaliza-filme-contra-o-ministro-alexandre-de-moraes\/","name":"Jornalista portugu\u00eas finaliza filme contra o ministro Alexandre de Moraes - Jornal Fatos e Not\u00edcias","isPartOf":{"@id":"https:\/\/jornalfatosenoticias.com.br\/#website"},"primaryImageOfPage":{"@id":"https:\/\/jornalfatosenoticias.com.br\/index.php\/2025\/02\/05\/jornalista-portugues-finaliza-filme-contra-o-ministro-alexandre-de-moraes\/#primaryimage"},"image":{"@id":"https:\/\/jornalfatosenoticias.com.br\/index.php\/2025\/02\/05\/jornalista-portugues-finaliza-filme-contra-o-ministro-alexandre-de-moraes\/#primaryimage"},"thumbnailUrl":"https:\/\/jornalfatosenoticias.com.br\/wp-content\/uploads\/2024\/12\/xandao-cabeca-de-ovo_gettyimages.jpg","datePublished":"2025-02-05T17:24:49+00:00","dateModified":"2025-02-05T17:24:52+00:00","breadcrumb":{"@id":"https:\/\/jornalfatosenoticias.com.br\/index.php\/2025\/02\/05\/jornalista-portugues-finaliza-filme-contra-o-ministro-alexandre-de-moraes\/#breadcrumb"},"inLanguage":"pt-BR","potentialAction":[{"@type":"ReadAction","target":["https:\/\/jornalfatosenoticias.com.br\/index.php\/2025\/02\/05\/jornalista-portugues-finaliza-filme-contra-o-ministro-alexandre-de-moraes\/"]}]},{"@type":"ImageObject","inLanguage":"pt-BR","@id":"https:\/\/jornalfatosenoticias.com.br\/index.php\/2025\/02\/05\/jornalista-portugues-finaliza-filme-contra-o-ministro-alexandre-de-moraes\/#primaryimage","url":"https:\/\/jornalfatosenoticias.com.br\/wp-content\/uploads\/2024\/12\/xandao-cabeca-de-ovo_gettyimages.jpg","contentUrl":"https:\/\/jornalfatosenoticias.com.br\/wp-content\/uploads\/2024\/12\/xandao-cabeca-de-ovo_gettyimages.jpg","width":612,"height":407,"caption":"On September 4, 2024, in Brazil, Supreme Court Justice Alexandre de Moraes participates in the first plenary session of the Supreme Court (STF) after ordering the blocking of platform X (Twitter) in Brazil and the accounts of entrepreneur Elon Musk's company Starlink. (Photo by Ton Molina\/NurPhoto via Getty Images)"},{"@type":"BreadcrumbList","@id":"https:\/\/jornalfatosenoticias.com.br\/index.php\/2025\/02\/05\/jornalista-portugues-finaliza-filme-contra-o-ministro-alexandre-de-moraes\/#breadcrumb","itemListElement":[{"@type":"ListItem","position":1,"name":"In\u00edcio","item":"https:\/\/jornalfatosenoticias.com.br\/"},{"@type":"ListItem","position":2,"name":"Jornalista portugu\u00eas finaliza filme contra o ministro Alexandre de Moraes"}]},{"@type":"WebSite","@id":"https:\/\/jornalfatosenoticias.com.br\/#website","url":"https:\/\/jornalfatosenoticias.com.br\/","name":"Jornal Fatos e Not\u00edcias","description":"Not\u00edcias em geral","publisher":{"@id":"https:\/\/jornalfatosenoticias.com.br\/#organization"},"potentialAction":[{"@type":"SearchAction","target":{"@type":"EntryPoint","urlTemplate":"https:\/\/jornalfatosenoticias.com.br\/?s={search_term_string}"},"query-input":{"@type":"PropertyValueSpecification","valueRequired":true,"valueName":"search_term_string"}}],"inLanguage":"pt-BR"},{"@type":"Organization","@id":"https:\/\/jornalfatosenoticias.com.br\/#organization","name":"Jornal Fatos e Not\u00edcias","url":"https:\/\/jornalfatosenoticias.com.br\/","logo":{"@type":"ImageObject","inLanguage":"pt-BR","@id":"https:\/\/jornalfatosenoticias.com.br\/#\/schema\/logo\/image\/","url":"https:\/\/jornalfatosenoticias.com.br\/wp-content\/uploads\/2020\/02\/logo120.png","contentUrl":"https:\/\/jornalfatosenoticias.com.br\/wp-content\/uploads\/2020\/02\/logo120.png","width":1227,"height":120,"caption":"Jornal Fatos e Not\u00edcias"},"image":{"@id":"https:\/\/jornalfatosenoticias.com.br\/#\/schema\/logo\/image\/"}},{"@type":"Person","@id":"https:\/\/jornalfatosenoticias.com.br\/#\/schema\/person\/d63837fa13ac8666eb9e74e0985d6f81","name":"Luzimara Fernandes","image":{"@type":"ImageObject","inLanguage":"pt-BR","@id":"https:\/\/jornalfatosenoticias.com.br\/#\/schema\/person\/image\/","url":"https:\/\/jornalfatosenoticias.com.br\/wp-content\/uploads\/2025\/05\/EU_portal.jpg","contentUrl":"https:\/\/jornalfatosenoticias.com.br\/wp-content\/uploads\/2025\/05\/EU_portal.jpg","caption":"Luzimara Fernandes"},"description":"Jornalista MTB 2358-ES","sameAs":["https:\/\/jornalfatosenoticias.com.br"],"url":"https:\/\/jornalfatosenoticias.com.br\/index.php\/author\/luzimara\/"}]}},"cc_featured_image_caption":{"caption_text":"(Foto: Getty Images)","source_text":"","source_url":""},"jetpack_featured_media_url":"https:\/\/jornalfatosenoticias.com.br\/wp-content\/uploads\/2024\/12\/xandao-cabeca-de-ovo_gettyimages.jpg","_links":{"self":[{"href":"https:\/\/jornalfatosenoticias.com.br\/index.php\/wp-json\/wp\/v2\/posts\/57351","targetHints":{"allow":["GET"]}}],"collection":[{"href":"https:\/\/jornalfatosenoticias.com.br\/index.php\/wp-json\/wp\/v2\/posts"}],"about":[{"href":"https:\/\/jornalfatosenoticias.com.br\/index.php\/wp-json\/wp\/v2\/types\/post"}],"author":[{"embeddable":true,"href":"https:\/\/jornalfatosenoticias.com.br\/index.php\/wp-json\/wp\/v2\/users\/2"}],"replies":[{"embeddable":true,"href":"https:\/\/jornalfatosenoticias.com.br\/index.php\/wp-json\/wp\/v2\/comments?post=57351"}],"version-history":[{"count":0,"href":"https:\/\/jornalfatosenoticias.com.br\/index.php\/wp-json\/wp\/v2\/posts\/57351\/revisions"}],"wp:featuredmedia":[{"embeddable":true,"href":"https:\/\/jornalfatosenoticias.com.br\/index.php\/wp-json\/wp\/v2\/media\/56200"}],"wp:attachment":[{"href":"https:\/\/jornalfatosenoticias.com.br\/index.php\/wp-json\/wp\/v2\/media?parent=57351"}],"wp:term":[{"taxonomy":"category","embeddable":true,"href":"https:\/\/jornalfatosenoticias.com.br\/index.php\/wp-json\/wp\/v2\/categories?post=57351"},{"taxonomy":"post_tag","embeddable":true,"href":"https:\/\/jornalfatosenoticias.com.br\/index.php\/wp-json\/wp\/v2\/tags?post=57351"}],"curies":[{"name":"wp","href":"https:\/\/api.w.org\/{rel}","templated":true}]}}