{"id":57353,"date":"2025-02-05T14:36:06","date_gmt":"2025-02-05T17:36:06","guid":{"rendered":"https:\/\/jornalfatosenoticias.com.br\/?p=57353"},"modified":"2025-02-05T14:36:07","modified_gmt":"2025-02-05T17:36:07","slug":"governo-milei-anuncia-retirada-da-argentina-da-oms","status":"publish","type":"post","link":"https:\/\/jornalfatosenoticias.com.br\/index.php\/2025\/02\/05\/governo-milei-anuncia-retirada-da-argentina-da-oms\/","title":{"rendered":"Governo Milei anuncia retirada da Argentina da OMS"},"content":{"rendered":"\n<p><em><span class=\"has-inline-color has-black-color\">Decis\u00e3o do presidente da Argentina, Javier Milei, surge dias ap\u00f3s o an\u00fancio do governo Trump<\/span><\/em><\/p>\n\n\n\n<p><span class=\"has-inline-color has-black-color\">Por <strong>Ag\u00eancia EFE<\/strong><\/span><\/p>\n\n\n\n<div class=\"wp-block-image\"><figure class=\"aligncenter size-large\"><a href=\"https:\/\/www.instagram.com\/vmais.midias\/\"><img loading=\"lazy\" decoding=\"async\" width=\"1024\" height=\"110\" src=\"https:\/\/jornalfatosenoticias.com.br\/wp-content\/uploads\/2020\/02\/DE-MAIS-DESTAQUE-VMAIS-1120X120-1024x110.png\" alt=\"\" class=\"wp-image-53110\" srcset=\"https:\/\/jornalfatosenoticias.com.br\/wp-content\/uploads\/2020\/02\/DE-MAIS-DESTAQUE-VMAIS-1120X120-1024x110.png 1024w, https:\/\/jornalfatosenoticias.com.br\/wp-content\/uploads\/2020\/02\/DE-MAIS-DESTAQUE-VMAIS-1120X120-300x32.png 300w, https:\/\/jornalfatosenoticias.com.br\/wp-content\/uploads\/2020\/02\/DE-MAIS-DESTAQUE-VMAIS-1120X120-768x82.png 768w, https:\/\/jornalfatosenoticias.com.br\/wp-content\/uploads\/2020\/02\/DE-MAIS-DESTAQUE-VMAIS-1120X120.png 1120w\" sizes=\"auto, (max-width: 1024px) 100vw, 1024px\" \/><\/a><\/figure><\/div>\n\n\n\n<p>O governo de Javier Milei anunciou nesta quarta-feira (5) que retirar\u00e1 a Argentina da Organiza\u00e7\u00e3o Mundial da Sa\u00fade (OMS) devido a &#8220;profundas diferen\u00e7as&#8221; com o \u00f3rg\u00e3o sobre a gest\u00e3o sanit\u00e1ria da pandemia de covid-19.<\/p>\n\n\n\n<blockquote class=\"wp-block-quote is-layout-flow wp-block-quote-is-layout-flow\"><p><span class=\"has-inline-color has-luminous-vivid-orange-color\"><strong>O presidente Milei instruiu o ministro das Rela\u00e7\u00f5es Exteriores, Gerardo Werthein, a retirar a participa\u00e7\u00e3o da Argentina na OMS. Isso se baseia nas profundas diferen\u00e7as em rela\u00e7\u00e3o \u00e0 gest\u00e3o da sa\u00fade, especialmente durante a pandemia, que, juntamente com o governo de Alberto Fern\u00e1ndez (2019-2023), nos levou ao mais longo cerco da hist\u00f3ria da humanidade e \u00e0 falta de independ\u00eancia da influ\u00eancia pol\u00edtica de alguns estados<\/strong>&#8220;, anunciou o porta-voz presidencial Manuel Adorni. &#8220;<strong>N\u00f3s, argentinos, n\u00e3o vamos permitir que uma organiza\u00e7\u00e3o internacional intervenha em nossa soberania, muito menos em nossa sa\u00fade&#8221;<\/strong>, acrescentou.<\/span><\/p><\/blockquote>\n\n\n\n<div class=\"wp-block-image\"><figure class=\"aligncenter size-large is-resized\"><a href=\"https:\/\/www.controlsystems.com.br\/\"><img loading=\"lazy\" decoding=\"async\" src=\"https:\/\/jornalfatosenoticias.com.br\/wp-content\/uploads\/2020\/02\/CONTROL-CS.jpg\" alt=\"\" class=\"wp-image-44991\" width=\"297\" height=\"356\" srcset=\"https:\/\/jornalfatosenoticias.com.br\/wp-content\/uploads\/2020\/02\/CONTROL-CS.jpg 834w, https:\/\/jornalfatosenoticias.com.br\/wp-content\/uploads\/2020\/02\/CONTROL-CS-250x300.jpg 250w, https:\/\/jornalfatosenoticias.com.br\/wp-content\/uploads\/2020\/02\/CONTROL-CS-768x921.jpg 768w\" sizes=\"auto, (max-width: 297px) 100vw, 297px\" \/><\/a><\/figure><\/div>\n\n\n\n<p>Por outro lado, esclareceu que o pa\u00eds sul-americano n\u00e3o recebe financiamento da OMS para a gest\u00e3o da sa\u00fade, &#8220;portanto, essa medida n\u00e3o representa uma perda de fundos para o pa\u00eds nem afeta a qualidade dos servi\u00e7os&#8221;. &#8220;Pelo contr\u00e1rio, d\u00e1 ao pa\u00eds mais flexibilidade para implementar pol\u00edticas adaptadas ao contexto e aos interesses que a Argentina requer, bem como maior disponibilidade de recursos e reafirma nosso caminho em dire\u00e7\u00e3o a um pa\u00eds com soberania em mat\u00e9ria de sa\u00fade&#8221;, enfatizou.<\/p>\n\n\n\n<div class=\"wp-block-image\"><figure class=\"aligncenter size-large is-resized\"><a href=\"https:\/\/www.instagram.com\/rcradiadores\/\"><img loading=\"lazy\" decoding=\"async\" src=\"https:\/\/jornalfatosenoticias.com.br\/wp-content\/uploads\/2022\/10\/RC_800x750_page-0001.jpg\" alt=\"\" class=\"wp-image-35338\" width=\"321\" height=\"301\" srcset=\"https:\/\/jornalfatosenoticias.com.br\/wp-content\/uploads\/2022\/10\/RC_800x750_page-0001.jpg 400w, https:\/\/jornalfatosenoticias.com.br\/wp-content\/uploads\/2022\/10\/RC_800x750_page-0001-300x281.jpg 300w\" sizes=\"auto, (max-width: 321px) 100vw, 321px\" \/><\/a><\/figure><\/div>\n\n\n\n<p>A cr\u00edtica em rela\u00e7\u00e3o \u00e0 gest\u00e3o da pandemia durante o governo do peronista Fern\u00e1ndez se concentra no confinamento imposto pelo ent\u00e3o presidente, que foi rigidamente mantido entre mar\u00e7o e novembro de 2020 e depois foi lentamente relaxado, embora sob um sistema de distanciamento social obrigat\u00f3rio, que manteve importantes restri\u00e7\u00f5es de capacidade e movimento durante 2021.<\/p>\n\n\n\n<div class=\"wp-block-image\"><figure class=\"aligncenter size-large is-resized\"><a href=\"https:\/\/www.facebook.com\/profile.php?id=100069289606145\"><img loading=\"lazy\" decoding=\"async\" src=\"https:\/\/jornalfatosenoticias.com.br\/wp-content\/uploads\/2024\/11\/Guaitolini-Contabilidade-1024x714.jpeg\" alt=\"\" class=\"wp-image-55808\" width=\"343\" height=\"239\" srcset=\"https:\/\/jornalfatosenoticias.com.br\/wp-content\/uploads\/2024\/11\/Guaitolini-Contabilidade-1024x714.jpeg 1024w, https:\/\/jornalfatosenoticias.com.br\/wp-content\/uploads\/2024\/11\/Guaitolini-Contabilidade-300x209.jpeg 300w, https:\/\/jornalfatosenoticias.com.br\/wp-content\/uploads\/2024\/11\/Guaitolini-Contabilidade-768x535.jpeg 768w, https:\/\/jornalfatosenoticias.com.br\/wp-content\/uploads\/2024\/11\/Guaitolini-Contabilidade.jpeg 1280w\" sizes=\"auto, (max-width: 343px) 100vw, 343px\" \/><\/a><\/figure><\/div>\n\n\n\n<p>O an\u00fancio desta quarta-feira ocorre duas semanas depois que o presidente dos EUA, Donald Trump, assinou uma ordem executiva para retirar seu pa\u00eds da OMS, argumentando que contribuiu com muito mais recursos do que a China para o \u00f3rg\u00e3o.<\/p>\n\n\n\n<div class=\"wp-block-image\"><figure class=\"aligncenter size-large is-resized\"><a href=\"https:\/\/panper.com.br\/\"><img loading=\"lazy\" decoding=\"async\" src=\"https:\/\/jornalfatosenoticias.com.br\/wp-content\/uploads\/2023\/03\/logo-Panper_portal.jpg\" alt=\"\" class=\"wp-image-40208\" width=\"331\" height=\"229\" srcset=\"https:\/\/jornalfatosenoticias.com.br\/wp-content\/uploads\/2023\/03\/logo-Panper_portal.jpg 400w, https:\/\/jornalfatosenoticias.com.br\/wp-content\/uploads\/2023\/03\/logo-Panper_portal-300x208.jpg 300w\" sizes=\"auto, (max-width: 331px) 100vw, 331px\" \/><\/a><\/figure><\/div>\n\n\n\n<p>Trump j\u00e1 havia assinado a retirada de seu pa\u00eds da OMS durante seu primeiro mandato na Casa Branca, em 2020, em meio a cr\u00edticas \u00e0 forma como a ag\u00eancia lidou com a pandemia, mas a medida nunca se concretizou devido \u00e0 chegada do democrata Joe Biden ao poder em janeiro de 2021.<\/p>\n\n\n\n<div class=\"wp-block-image\"><figure class=\"aligncenter size-large is-resized\"><a href=\"https:\/\/hotelmarquetti.com.br\/\"><img loading=\"lazy\" decoding=\"async\" src=\"https:\/\/jornalfatosenoticias.com.br\/wp-content\/uploads\/2023\/03\/nova-logo-Marquetti.jpg\" alt=\"\" class=\"wp-image-40207\" width=\"312\" height=\"210\" srcset=\"https:\/\/jornalfatosenoticias.com.br\/wp-content\/uploads\/2023\/03\/nova-logo-Marquetti.jpg 643w, https:\/\/jornalfatosenoticias.com.br\/wp-content\/uploads\/2023\/03\/nova-logo-Marquetti-300x202.jpg 300w\" sizes=\"auto, (max-width: 312px) 100vw, 312px\" \/><\/a><\/figure><\/div>\n\n\n\n<p><strong><em>Fonte: <a href=\"https:\/\/www.gazetadopovo.com.br\/mundo\/governo-milei-anuncia-retirada-da-argentina-da-oms\/\">Gazeta do Povo<\/a><\/em><\/strong><\/p>\n","protected":false},"excerpt":{"rendered":"<p>Decis\u00e3o do presidente da Argentina, Javier Milei, surge dias ap\u00f3s o an\u00fancio do governo Trump Por Ag\u00eancia EFE O governo de Javier Milei anunciou nesta quarta-feira (5) que retirar\u00e1 a Argentina da Organiza\u00e7\u00e3o Mundial da Sa\u00fade (OMS) devido a &#8220;profundas diferen\u00e7as&#8221; com o \u00f3rg\u00e3o sobre a gest\u00e3o sanit\u00e1ria da pandemia de covid-19. O presidente Milei [&hellip;]<\/p>\n","protected":false},"author":2,"featured_media":55549,"comment_status":"open","ping_status":"open","sticky":false,"template":"","format":"standard","meta":{"footnotes":""},"categories":[41],"tags":[5995,18297,2147,18616,7703,89],"class_list":["post-57353","post","type-post","status-publish","format-standard","has-post-thumbnail","hentry","category-internacional","tag-argentina","tag-casa-branca","tag-donald-trump","tag-javier-milei","tag-joe-biden","tag-oms"],"yoast_head":"<!-- This site is optimized with the Yoast SEO plugin v26.5 - https:\/\/yoast.com\/wordpress\/plugins\/seo\/ -->\n<title>Governo Milei anuncia retirada da Argentina da OMS - Jornal Fatos e Not\u00edcias<\/title>\n<meta name=\"robots\" content=\"index, follow, max-snippet:-1, max-image-preview:large, max-video-preview:-1\" \/>\n<link rel=\"canonical\" href=\"https:\/\/jornalfatosenoticias.com.br\/index.php\/2025\/02\/05\/governo-milei-anuncia-retirada-da-argentina-da-oms\/\" \/>\n<meta property=\"og:locale\" content=\"pt_BR\" \/>\n<meta property=\"og:type\" content=\"article\" \/>\n<meta property=\"og:title\" content=\"Governo Milei anuncia retirada da Argentina da OMS - Jornal Fatos e Not\u00edcias\" \/>\n<meta property=\"og:description\" content=\"Decis\u00e3o do presidente da Argentina, Javier Milei, surge dias ap\u00f3s o an\u00fancio do governo Trump Por Ag\u00eancia EFE O governo de Javier Milei anunciou nesta quarta-feira (5) que retirar\u00e1 a Argentina da Organiza\u00e7\u00e3o Mundial da Sa\u00fade (OMS) devido a &#8220;profundas diferen\u00e7as&#8221; com o \u00f3rg\u00e3o sobre a gest\u00e3o sanit\u00e1ria da pandemia de covid-19. O presidente Milei [&hellip;]\" \/>\n<meta property=\"og:url\" content=\"https:\/\/jornalfatosenoticias.com.br\/index.php\/2025\/02\/05\/governo-milei-anuncia-retirada-da-argentina-da-oms\/\" \/>\n<meta property=\"og:site_name\" content=\"Jornal Fatos e Not\u00edcias\" \/>\n<meta property=\"article:published_time\" content=\"2025-02-05T17:36:06+00:00\" \/>\n<meta property=\"article:modified_time\" content=\"2025-02-05T17:36:07+00:00\" \/>\n<meta property=\"og:image\" content=\"https:\/\/jornalfatosenoticias.com.br\/wp-content\/uploads\/2024\/11\/javier-milei_gettyimages.jpg\" \/>\n\t<meta property=\"og:image:width\" content=\"612\" \/>\n\t<meta property=\"og:image:height\" content=\"408\" \/>\n\t<meta property=\"og:image:type\" content=\"image\/jpeg\" \/>\n<meta name=\"author\" content=\"Luzimara Fernandes\" \/>\n<meta name=\"twitter:card\" content=\"summary_large_image\" \/>\n<meta name=\"twitter:label1\" content=\"Escrito por\" \/>\n\t<meta name=\"twitter:data1\" content=\"Luzimara Fernandes\" \/>\n\t<meta name=\"twitter:label2\" content=\"Est. tempo de leitura\" \/>\n\t<meta name=\"twitter:data2\" content=\"2 minutos\" \/>\n<script type=\"application\/ld+json\" class=\"yoast-schema-graph\">{\"@context\":\"https:\/\/schema.org\",\"@graph\":[{\"@type\":\"Article\",\"@id\":\"https:\/\/jornalfatosenoticias.com.br\/index.php\/2025\/02\/05\/governo-milei-anuncia-retirada-da-argentina-da-oms\/#article\",\"isPartOf\":{\"@id\":\"https:\/\/jornalfatosenoticias.com.br\/index.php\/2025\/02\/05\/governo-milei-anuncia-retirada-da-argentina-da-oms\/\"},\"author\":{\"name\":\"Luzimara Fernandes\",\"@id\":\"https:\/\/jornalfatosenoticias.com.br\/#\/schema\/person\/d63837fa13ac8666eb9e74e0985d6f81\"},\"headline\":\"Governo Milei anuncia retirada da Argentina da OMS\",\"datePublished\":\"2025-02-05T17:36:06+00:00\",\"dateModified\":\"2025-02-05T17:36:07+00:00\",\"mainEntityOfPage\":{\"@id\":\"https:\/\/jornalfatosenoticias.com.br\/index.php\/2025\/02\/05\/governo-milei-anuncia-retirada-da-argentina-da-oms\/\"},\"wordCount\":421,\"commentCount\":0,\"publisher\":{\"@id\":\"https:\/\/jornalfatosenoticias.com.br\/#organization\"},\"image\":{\"@id\":\"https:\/\/jornalfatosenoticias.com.br\/index.php\/2025\/02\/05\/governo-milei-anuncia-retirada-da-argentina-da-oms\/#primaryimage\"},\"thumbnailUrl\":\"https:\/\/jornalfatosenoticias.com.br\/wp-content\/uploads\/2024\/11\/javier-milei_gettyimages.jpg\",\"keywords\":[\"Argentina\",\"Casa Branca\",\"Donald Trump\",\"Javier Milei\",\"Joe Biden\",\"oms\"],\"articleSection\":[\"Internacional\"],\"inLanguage\":\"pt-BR\",\"potentialAction\":[{\"@type\":\"CommentAction\",\"name\":\"Comment\",\"target\":[\"https:\/\/jornalfatosenoticias.com.br\/index.php\/2025\/02\/05\/governo-milei-anuncia-retirada-da-argentina-da-oms\/#respond\"]}]},{\"@type\":\"WebPage\",\"@id\":\"https:\/\/jornalfatosenoticias.com.br\/index.php\/2025\/02\/05\/governo-milei-anuncia-retirada-da-argentina-da-oms\/\",\"url\":\"https:\/\/jornalfatosenoticias.com.br\/index.php\/2025\/02\/05\/governo-milei-anuncia-retirada-da-argentina-da-oms\/\",\"name\":\"Governo Milei anuncia retirada da Argentina da OMS - Jornal Fatos e Not\u00edcias\",\"isPartOf\":{\"@id\":\"https:\/\/jornalfatosenoticias.com.br\/#website\"},\"primaryImageOfPage\":{\"@id\":\"https:\/\/jornalfatosenoticias.com.br\/index.php\/2025\/02\/05\/governo-milei-anuncia-retirada-da-argentina-da-oms\/#primaryimage\"},\"image\":{\"@id\":\"https:\/\/jornalfatosenoticias.com.br\/index.php\/2025\/02\/05\/governo-milei-anuncia-retirada-da-argentina-da-oms\/#primaryimage\"},\"thumbnailUrl\":\"https:\/\/jornalfatosenoticias.com.br\/wp-content\/uploads\/2024\/11\/javier-milei_gettyimages.jpg\",\"datePublished\":\"2025-02-05T17:36:06+00:00\",\"dateModified\":\"2025-02-05T17:36:07+00:00\",\"breadcrumb\":{\"@id\":\"https:\/\/jornalfatosenoticias.com.br\/index.php\/2025\/02\/05\/governo-milei-anuncia-retirada-da-argentina-da-oms\/#breadcrumb\"},\"inLanguage\":\"pt-BR\",\"potentialAction\":[{\"@type\":\"ReadAction\",\"target\":[\"https:\/\/jornalfatosenoticias.com.br\/index.php\/2025\/02\/05\/governo-milei-anuncia-retirada-da-argentina-da-oms\/\"]}]},{\"@type\":\"ImageObject\",\"inLanguage\":\"pt-BR\",\"@id\":\"https:\/\/jornalfatosenoticias.com.br\/index.php\/2025\/02\/05\/governo-milei-anuncia-retirada-da-argentina-da-oms\/#primaryimage\",\"url\":\"https:\/\/jornalfatosenoticias.com.br\/wp-content\/uploads\/2024\/11\/javier-milei_gettyimages.jpg\",\"contentUrl\":\"https:\/\/jornalfatosenoticias.com.br\/wp-content\/uploads\/2024\/11\/javier-milei_gettyimages.jpg\",\"width\":612,\"height\":408,\"caption\":\"Javier Milei, Argentina's president, speaks during the United Nations General Assembly (UNGA) in New York, US, on Tuesday, Sept. 24, 2024. World leaders from more than 190 nations have descended on New York City for the general assembly's annual high level debate as well as discussions on the war in Gaza, Russia's invasion of Ukraine and issues ranging from climate change to the challenge posed by artificial intelligence. Photographer: Jeenah Moon\/Bloomberg via Getty Images\"},{\"@type\":\"BreadcrumbList\",\"@id\":\"https:\/\/jornalfatosenoticias.com.br\/index.php\/2025\/02\/05\/governo-milei-anuncia-retirada-da-argentina-da-oms\/#breadcrumb\",\"itemListElement\":[{\"@type\":\"ListItem\",\"position\":1,\"name\":\"In\u00edcio\",\"item\":\"https:\/\/jornalfatosenoticias.com.br\/\"},{\"@type\":\"ListItem\",\"position\":2,\"name\":\"Governo Milei anuncia retirada da Argentina da OMS\"}]},{\"@type\":\"WebSite\",\"@id\":\"https:\/\/jornalfatosenoticias.com.br\/#website\",\"url\":\"https:\/\/jornalfatosenoticias.com.br\/\",\"name\":\"Jornal Fatos e Not\u00edcias\",\"description\":\"Not\u00edcias em geral\",\"publisher\":{\"@id\":\"https:\/\/jornalfatosenoticias.com.br\/#organization\"},\"potentialAction\":[{\"@type\":\"SearchAction\",\"target\":{\"@type\":\"EntryPoint\",\"urlTemplate\":\"https:\/\/jornalfatosenoticias.com.br\/?s={search_term_string}\"},\"query-input\":{\"@type\":\"PropertyValueSpecification\",\"valueRequired\":true,\"valueName\":\"search_term_string\"}}],\"inLanguage\":\"pt-BR\"},{\"@type\":\"Organization\",\"@id\":\"https:\/\/jornalfatosenoticias.com.br\/#organization\",\"name\":\"Jornal Fatos e Not\u00edcias\",\"url\":\"https:\/\/jornalfatosenoticias.com.br\/\",\"logo\":{\"@type\":\"ImageObject\",\"inLanguage\":\"pt-BR\",\"@id\":\"https:\/\/jornalfatosenoticias.com.br\/#\/schema\/logo\/image\/\",\"url\":\"https:\/\/jornalfatosenoticias.com.br\/wp-content\/uploads\/2020\/02\/logo120.png\",\"contentUrl\":\"https:\/\/jornalfatosenoticias.com.br\/wp-content\/uploads\/2020\/02\/logo120.png\",\"width\":1227,\"height\":120,\"caption\":\"Jornal Fatos e Not\u00edcias\"},\"image\":{\"@id\":\"https:\/\/jornalfatosenoticias.com.br\/#\/schema\/logo\/image\/\"}},{\"@type\":\"Person\",\"@id\":\"https:\/\/jornalfatosenoticias.com.br\/#\/schema\/person\/d63837fa13ac8666eb9e74e0985d6f81\",\"name\":\"Luzimara Fernandes\",\"image\":{\"@type\":\"ImageObject\",\"inLanguage\":\"pt-BR\",\"@id\":\"https:\/\/jornalfatosenoticias.com.br\/#\/schema\/person\/image\/\",\"url\":\"https:\/\/jornalfatosenoticias.com.br\/wp-content\/uploads\/2025\/05\/EU_portal.jpg\",\"contentUrl\":\"https:\/\/jornalfatosenoticias.com.br\/wp-content\/uploads\/2025\/05\/EU_portal.jpg\",\"caption\":\"Luzimara Fernandes\"},\"description\":\"Jornalista MTB 2358-ES\",\"sameAs\":[\"https:\/\/jornalfatosenoticias.com.br\"],\"url\":\"https:\/\/jornalfatosenoticias.com.br\/index.php\/author\/luzimara\/\"}]}<\/script>\n<!-- \/ Yoast SEO plugin. -->","yoast_head_json":{"title":"Governo Milei anuncia retirada da Argentina da OMS - Jornal Fatos e Not\u00edcias","robots":{"index":"index","follow":"follow","max-snippet":"max-snippet:-1","max-image-preview":"max-image-preview:large","max-video-preview":"max-video-preview:-1"},"canonical":"https:\/\/jornalfatosenoticias.com.br\/index.php\/2025\/02\/05\/governo-milei-anuncia-retirada-da-argentina-da-oms\/","og_locale":"pt_BR","og_type":"article","og_title":"Governo Milei anuncia retirada da Argentina da OMS - Jornal Fatos e Not\u00edcias","og_description":"Decis\u00e3o do presidente da Argentina, Javier Milei, surge dias ap\u00f3s o an\u00fancio do governo Trump Por Ag\u00eancia EFE O governo de Javier Milei anunciou nesta quarta-feira (5) que retirar\u00e1 a Argentina da Organiza\u00e7\u00e3o Mundial da Sa\u00fade (OMS) devido a &#8220;profundas diferen\u00e7as&#8221; com o \u00f3rg\u00e3o sobre a gest\u00e3o sanit\u00e1ria da pandemia de covid-19. O presidente Milei [&hellip;]","og_url":"https:\/\/jornalfatosenoticias.com.br\/index.php\/2025\/02\/05\/governo-milei-anuncia-retirada-da-argentina-da-oms\/","og_site_name":"Jornal Fatos e Not\u00edcias","article_published_time":"2025-02-05T17:36:06+00:00","article_modified_time":"2025-02-05T17:36:07+00:00","og_image":[{"width":612,"height":408,"url":"https:\/\/jornalfatosenoticias.com.br\/wp-content\/uploads\/2024\/11\/javier-milei_gettyimages.jpg","type":"image\/jpeg"}],"author":"Luzimara Fernandes","twitter_card":"summary_large_image","twitter_misc":{"Escrito por":"Luzimara Fernandes","Est. tempo de leitura":"2 minutos"},"schema":{"@context":"https:\/\/schema.org","@graph":[{"@type":"Article","@id":"https:\/\/jornalfatosenoticias.com.br\/index.php\/2025\/02\/05\/governo-milei-anuncia-retirada-da-argentina-da-oms\/#article","isPartOf":{"@id":"https:\/\/jornalfatosenoticias.com.br\/index.php\/2025\/02\/05\/governo-milei-anuncia-retirada-da-argentina-da-oms\/"},"author":{"name":"Luzimara Fernandes","@id":"https:\/\/jornalfatosenoticias.com.br\/#\/schema\/person\/d63837fa13ac8666eb9e74e0985d6f81"},"headline":"Governo Milei anuncia retirada da Argentina da OMS","datePublished":"2025-02-05T17:36:06+00:00","dateModified":"2025-02-05T17:36:07+00:00","mainEntityOfPage":{"@id":"https:\/\/jornalfatosenoticias.com.br\/index.php\/2025\/02\/05\/governo-milei-anuncia-retirada-da-argentina-da-oms\/"},"wordCount":421,"commentCount":0,"publisher":{"@id":"https:\/\/jornalfatosenoticias.com.br\/#organization"},"image":{"@id":"https:\/\/jornalfatosenoticias.com.br\/index.php\/2025\/02\/05\/governo-milei-anuncia-retirada-da-argentina-da-oms\/#primaryimage"},"thumbnailUrl":"https:\/\/jornalfatosenoticias.com.br\/wp-content\/uploads\/2024\/11\/javier-milei_gettyimages.jpg","keywords":["Argentina","Casa Branca","Donald Trump","Javier Milei","Joe Biden","oms"],"articleSection":["Internacional"],"inLanguage":"pt-BR","potentialAction":[{"@type":"CommentAction","name":"Comment","target":["https:\/\/jornalfatosenoticias.com.br\/index.php\/2025\/02\/05\/governo-milei-anuncia-retirada-da-argentina-da-oms\/#respond"]}]},{"@type":"WebPage","@id":"https:\/\/jornalfatosenoticias.com.br\/index.php\/2025\/02\/05\/governo-milei-anuncia-retirada-da-argentina-da-oms\/","url":"https:\/\/jornalfatosenoticias.com.br\/index.php\/2025\/02\/05\/governo-milei-anuncia-retirada-da-argentina-da-oms\/","name":"Governo Milei anuncia retirada da Argentina da OMS - Jornal Fatos e Not\u00edcias","isPartOf":{"@id":"https:\/\/jornalfatosenoticias.com.br\/#website"},"primaryImageOfPage":{"@id":"https:\/\/jornalfatosenoticias.com.br\/index.php\/2025\/02\/05\/governo-milei-anuncia-retirada-da-argentina-da-oms\/#primaryimage"},"image":{"@id":"https:\/\/jornalfatosenoticias.com.br\/index.php\/2025\/02\/05\/governo-milei-anuncia-retirada-da-argentina-da-oms\/#primaryimage"},"thumbnailUrl":"https:\/\/jornalfatosenoticias.com.br\/wp-content\/uploads\/2024\/11\/javier-milei_gettyimages.jpg","datePublished":"2025-02-05T17:36:06+00:00","dateModified":"2025-02-05T17:36:07+00:00","breadcrumb":{"@id":"https:\/\/jornalfatosenoticias.com.br\/index.php\/2025\/02\/05\/governo-milei-anuncia-retirada-da-argentina-da-oms\/#breadcrumb"},"inLanguage":"pt-BR","potentialAction":[{"@type":"ReadAction","target":["https:\/\/jornalfatosenoticias.com.br\/index.php\/2025\/02\/05\/governo-milei-anuncia-retirada-da-argentina-da-oms\/"]}]},{"@type":"ImageObject","inLanguage":"pt-BR","@id":"https:\/\/jornalfatosenoticias.com.br\/index.php\/2025\/02\/05\/governo-milei-anuncia-retirada-da-argentina-da-oms\/#primaryimage","url":"https:\/\/jornalfatosenoticias.com.br\/wp-content\/uploads\/2024\/11\/javier-milei_gettyimages.jpg","contentUrl":"https:\/\/jornalfatosenoticias.com.br\/wp-content\/uploads\/2024\/11\/javier-milei_gettyimages.jpg","width":612,"height":408,"caption":"Javier Milei, Argentina's president, speaks during the United Nations General Assembly (UNGA) in New York, US, on Tuesday, Sept. 24, 2024. World leaders from more than 190 nations have descended on New York City for the general assembly's annual high level debate as well as discussions on the war in Gaza, Russia's invasion of Ukraine and issues ranging from climate change to the challenge posed by artificial intelligence. Photographer: Jeenah Moon\/Bloomberg via Getty Images"},{"@type":"BreadcrumbList","@id":"https:\/\/jornalfatosenoticias.com.br\/index.php\/2025\/02\/05\/governo-milei-anuncia-retirada-da-argentina-da-oms\/#breadcrumb","itemListElement":[{"@type":"ListItem","position":1,"name":"In\u00edcio","item":"https:\/\/jornalfatosenoticias.com.br\/"},{"@type":"ListItem","position":2,"name":"Governo Milei anuncia retirada da Argentina da OMS"}]},{"@type":"WebSite","@id":"https:\/\/jornalfatosenoticias.com.br\/#website","url":"https:\/\/jornalfatosenoticias.com.br\/","name":"Jornal Fatos e Not\u00edcias","description":"Not\u00edcias em geral","publisher":{"@id":"https:\/\/jornalfatosenoticias.com.br\/#organization"},"potentialAction":[{"@type":"SearchAction","target":{"@type":"EntryPoint","urlTemplate":"https:\/\/jornalfatosenoticias.com.br\/?s={search_term_string}"},"query-input":{"@type":"PropertyValueSpecification","valueRequired":true,"valueName":"search_term_string"}}],"inLanguage":"pt-BR"},{"@type":"Organization","@id":"https:\/\/jornalfatosenoticias.com.br\/#organization","name":"Jornal Fatos e Not\u00edcias","url":"https:\/\/jornalfatosenoticias.com.br\/","logo":{"@type":"ImageObject","inLanguage":"pt-BR","@id":"https:\/\/jornalfatosenoticias.com.br\/#\/schema\/logo\/image\/","url":"https:\/\/jornalfatosenoticias.com.br\/wp-content\/uploads\/2020\/02\/logo120.png","contentUrl":"https:\/\/jornalfatosenoticias.com.br\/wp-content\/uploads\/2020\/02\/logo120.png","width":1227,"height":120,"caption":"Jornal Fatos e Not\u00edcias"},"image":{"@id":"https:\/\/jornalfatosenoticias.com.br\/#\/schema\/logo\/image\/"}},{"@type":"Person","@id":"https:\/\/jornalfatosenoticias.com.br\/#\/schema\/person\/d63837fa13ac8666eb9e74e0985d6f81","name":"Luzimara Fernandes","image":{"@type":"ImageObject","inLanguage":"pt-BR","@id":"https:\/\/jornalfatosenoticias.com.br\/#\/schema\/person\/image\/","url":"https:\/\/jornalfatosenoticias.com.br\/wp-content\/uploads\/2025\/05\/EU_portal.jpg","contentUrl":"https:\/\/jornalfatosenoticias.com.br\/wp-content\/uploads\/2025\/05\/EU_portal.jpg","caption":"Luzimara Fernandes"},"description":"Jornalista MTB 2358-ES","sameAs":["https:\/\/jornalfatosenoticias.com.br"],"url":"https:\/\/jornalfatosenoticias.com.br\/index.php\/author\/luzimara\/"}]}},"cc_featured_image_caption":{"caption_text":"(Foto: Getty Images)","source_text":"","source_url":""},"jetpack_featured_media_url":"https:\/\/jornalfatosenoticias.com.br\/wp-content\/uploads\/2024\/11\/javier-milei_gettyimages.jpg","_links":{"self":[{"href":"https:\/\/jornalfatosenoticias.com.br\/index.php\/wp-json\/wp\/v2\/posts\/57353","targetHints":{"allow":["GET"]}}],"collection":[{"href":"https:\/\/jornalfatosenoticias.com.br\/index.php\/wp-json\/wp\/v2\/posts"}],"about":[{"href":"https:\/\/jornalfatosenoticias.com.br\/index.php\/wp-json\/wp\/v2\/types\/post"}],"author":[{"embeddable":true,"href":"https:\/\/jornalfatosenoticias.com.br\/index.php\/wp-json\/wp\/v2\/users\/2"}],"replies":[{"embeddable":true,"href":"https:\/\/jornalfatosenoticias.com.br\/index.php\/wp-json\/wp\/v2\/comments?post=57353"}],"version-history":[{"count":0,"href":"https:\/\/jornalfatosenoticias.com.br\/index.php\/wp-json\/wp\/v2\/posts\/57353\/revisions"}],"wp:featuredmedia":[{"embeddable":true,"href":"https:\/\/jornalfatosenoticias.com.br\/index.php\/wp-json\/wp\/v2\/media\/55549"}],"wp:attachment":[{"href":"https:\/\/jornalfatosenoticias.com.br\/index.php\/wp-json\/wp\/v2\/media?parent=57353"}],"wp:term":[{"taxonomy":"category","embeddable":true,"href":"https:\/\/jornalfatosenoticias.com.br\/index.php\/wp-json\/wp\/v2\/categories?post=57353"},{"taxonomy":"post_tag","embeddable":true,"href":"https:\/\/jornalfatosenoticias.com.br\/index.php\/wp-json\/wp\/v2\/tags?post=57353"}],"curies":[{"name":"wp","href":"https:\/\/api.w.org\/{rel}","templated":true}]}}