{"id":57361,"date":"2025-02-05T15:19:50","date_gmt":"2025-02-05T18:19:50","guid":{"rendered":"https:\/\/jornalfatosenoticias.com.br\/?p=57361"},"modified":"2025-02-05T15:19:52","modified_gmt":"2025-02-05T18:19:52","slug":"pmv-nomeia-mais-professores-para-atuar-na-rede-municipal-de-ensino","status":"publish","type":"post","link":"https:\/\/jornalfatosenoticias.com.br\/index.php\/2025\/02\/05\/pmv-nomeia-mais-professores-para-atuar-na-rede-municipal-de-ensino\/","title":{"rendered":"PMV nomeia mais professores para atuar na rede municipal de ensino"},"content":{"rendered":"\n<p><span class=\"has-inline-color has-black-color\">Por<strong> Jos\u00e9 Carlos Schaeffer<\/strong><\/span><\/p>\n\n\n\n<div class=\"wp-block-image\"><figure class=\"aligncenter size-large\"><a href=\"https:\/\/www.facebook.com\/vetor.vix\/\"><img loading=\"lazy\" decoding=\"async\" width=\"1024\" height=\"273\" src=\"https:\/\/jornalfatosenoticias.com.br\/wp-content\/uploads\/2023\/09\/vetorvix1024_1.jpg\" alt=\"\" class=\"wp-image-44868\" srcset=\"https:\/\/jornalfatosenoticias.com.br\/wp-content\/uploads\/2023\/09\/vetorvix1024_1.jpg 1024w, https:\/\/jornalfatosenoticias.com.br\/wp-content\/uploads\/2023\/09\/vetorvix1024_1-300x80.jpg 300w, https:\/\/jornalfatosenoticias.com.br\/wp-content\/uploads\/2023\/09\/vetorvix1024_1-768x205.jpg 768w\" sizes=\"auto, (max-width: 1024px) 100vw, 1024px\" \/><\/a><\/figure><\/div>\n\n\n\n<p>A Prefeitura de Vit\u00f3ria nomeou mais candidatos aprovados no Processo Seletivo Simplificado para a contrata\u00e7\u00e3o de professores que ir\u00e3o atuar na rede municipal de ensino durante o ano letivo de 2025. A nomea\u00e7\u00e3o foi publicada no <a href=\"https:\/\/diariooficial.vitoria.es.gov.br\/ExibirArquivo.aspx?qs=nnmrXIDe5L4hR81FZwDXlD95Q%2fWHOCtXgeCw%2fnRIrFMxQA7S5mwuf0RM3mOCPGtiwqKwtsQd8WTWmli6Dukj2br1dGOJy%2b7OnYDnpZucaj8Jqr118vmdqlQQa3pfndEi\">Di\u00e1rio Oficial<\/a>.<br>Os nomeados devem comparecer \u00e0 Ger\u00eancia de Recrutamento, Sele\u00e7\u00e3o e Registros (Atendimento RH), localizada na sede da Prefeitura de Vit\u00f3ria (Avenida Marechal Mascarenhas de Moraes, 1927, bairro Bento Ferreira), nesta ter\u00e7a-feira (04), das 8h \u00e0s 13h. No local, \u00e9 preciso apresentar o comprovante de inscri\u00e7\u00e3o impresso e toda a documenta\u00e7\u00e3o exigida em edital.<\/p>\n\n\n\n<div class=\"wp-block-image\"><figure class=\"aligncenter size-large\"><a href=\"http:\/\/www.ferrarimaquinas.com.br\/\"><img loading=\"lazy\" decoding=\"async\" width=\"300\" height=\"250\" src=\"https:\/\/jornalfatosenoticias.com.br\/wp-content\/uploads\/2022\/02\/FERRARI_MAQUINAS-E-FERRAMENTAS2.jpg\" alt=\"\" class=\"wp-image-27860\"\/><\/a><\/figure><\/div>\n\n\n\n<p><strong><span class=\"has-inline-color has-black-color\">Aten\u00e7\u00e3o para os cargos e os hor\u00e1rios de apresenta\u00e7\u00e3o<br><\/span><span style=\"text-decoration: underline;\">Devem se apresentar \u00e0s 8h:<br><\/span><\/strong>Professor de Educa\u00e7\u00e3o B\u00e1sica III \u2014 Educa\u00e7\u00e3o Art\u00edstica &#8211; 25h ou 44h (Ed. 009\/2024)<br>Professor de Educa\u00e7\u00e3o B\u00e1sica III \u2014 L\u00edngua Inglesa &#8211; 25h ou 44h (Ed. 009\/2024)<br>Professor de Educa\u00e7\u00e3o B\u00e1sica III \u2014 Dinamizador de Educa\u00e7\u00e3o F\u00edsica &#8211; 25h ou 44h (Ed. 009\/2024)<\/p>\n\n\n\n<div class=\"wp-block-image\"><figure class=\"aligncenter size-large is-resized\"><a href=\"https:\/\/www.legisjuris.com.br\/\"><img loading=\"lazy\" decoding=\"async\" src=\"https:\/\/jornalfatosenoticias.com.br\/wp-content\/uploads\/2024\/09\/Legis-Juris-Consultoria_logo.jpg\" alt=\"\" class=\"wp-image-53915\" width=\"465\" height=\"195\" srcset=\"https:\/\/jornalfatosenoticias.com.br\/wp-content\/uploads\/2024\/09\/Legis-Juris-Consultoria_logo.jpg 969w, https:\/\/jornalfatosenoticias.com.br\/wp-content\/uploads\/2024\/09\/Legis-Juris-Consultoria_logo-300x126.jpg 300w, https:\/\/jornalfatosenoticias.com.br\/wp-content\/uploads\/2024\/09\/Legis-Juris-Consultoria_logo-768x322.jpg 768w\" sizes=\"auto, (max-width: 465px) 100vw, 465px\" \/><\/a><\/figure><\/div>\n\n\n\n<p><strong><span style=\"text-decoration: underline;\">Devem se apresentar \u00e0s 13h<br><\/span><\/strong>Professor de Educa\u00e7\u00e3o B\u00e1sica III \u2014 L\u00edngua Portuguesa &#8211; 25h ou 44h (Ed. 009\/2024)<br>Professor de Educa\u00e7\u00e3o B\u00e1sica III \u2014 Dinamizador de Educa\u00e7\u00e3o Art\u00edstica &#8211; 25h ou 44h (Ed. 009\/2024)<\/p>\n\n\n\n<div class=\"wp-block-image\"><figure class=\"aligncenter size-large is-resized\"><a href=\"https:\/\/www.controlsystems.com.br\/\"><img loading=\"lazy\" decoding=\"async\" src=\"https:\/\/jornalfatosenoticias.com.br\/wp-content\/uploads\/2020\/02\/CONTROL-CS.jpg\" alt=\"\" class=\"wp-image-44991\" width=\"317\" height=\"381\" srcset=\"https:\/\/jornalfatosenoticias.com.br\/wp-content\/uploads\/2020\/02\/CONTROL-CS.jpg 834w, https:\/\/jornalfatosenoticias.com.br\/wp-content\/uploads\/2020\/02\/CONTROL-CS-250x300.jpg 250w, https:\/\/jornalfatosenoticias.com.br\/wp-content\/uploads\/2020\/02\/CONTROL-CS-768x921.jpg 768w\" sizes=\"auto, (max-width: 317px) 100vw, 317px\" \/><\/a><\/figure><\/div>\n\n\n\n<p><strong><span class=\"has-inline-color has-black-color\">Documenta\u00e7\u00e3o<br><\/span><\/strong>Todos os candidatos dever\u00e3o entregar o laudo m\u00e9dico admissional emitido por empresa especializada (ASO \u2014 contendo as informa\u00e7\u00f5es para a Prefeitura Municipal de Vit\u00f3ria, na fun\u00e7\u00e3o pleiteada). A rela\u00e7\u00e3o de documentos e formul\u00e1rios obrigat\u00f3rios para a admiss\u00e3o estar\u00e3o dispon\u00edveis no site <a href=\"https:\/\/www.vitoria.es.gov.br\/noticia\/selecao.vitoria.es.gov.br\">selecao.vitoria.es.gov.br<\/a>, e os mesmos dever\u00e3o ser entregues sem rasura e leg\u00edvel. O edital destaca que poder\u00e3o ser solicitados novos documentos para a conclus\u00e3o do processo de contrata\u00e7\u00e3o.<\/p>\n\n\n\n<div class=\"wp-block-image\"><figure class=\"aligncenter size-large is-resized\"><a href=\"https:\/\/www.instagram.com\/vmais.midias\/\"><img loading=\"lazy\" decoding=\"async\" src=\"https:\/\/jornalfatosenoticias.com.br\/wp-content\/uploads\/2020\/02\/DE-MAIS-DESTAQUE-VMAIS-800X700.png\" alt=\"\" class=\"wp-image-53112\" width=\"291\" height=\"254\" srcset=\"https:\/\/jornalfatosenoticias.com.br\/wp-content\/uploads\/2020\/02\/DE-MAIS-DESTAQUE-VMAIS-800X700.png 800w, https:\/\/jornalfatosenoticias.com.br\/wp-content\/uploads\/2020\/02\/DE-MAIS-DESTAQUE-VMAIS-800X700-300x263.png 300w, https:\/\/jornalfatosenoticias.com.br\/wp-content\/uploads\/2020\/02\/DE-MAIS-DESTAQUE-VMAIS-800X700-768x672.png 768w\" sizes=\"auto, (max-width: 291px) 100vw, 291px\" \/><\/a><\/figure><\/div>\n\n\n\n<p>O n\u00e3o comparecimento do candidato no prazo especificado far\u00e1 que o mesmo seja reclassificado para o final da lista de reserva do processo seletivo simplificado ao qual concorreu, caso n\u00e3o tenha sido reclassificado anteriormente. Os candidatos dever\u00e3o obedecer ao hor\u00e1rio definido no Edital. Ser\u00e3o distribu\u00eddas as senhas por ordem de nomea\u00e7\u00e3o. O candidato que comparecer ap\u00f3s o hor\u00e1rio determinado, n\u00e3o ter\u00e1 a prioridade da escolha das vagas.<\/p>\n\n\n\n<div class=\"wp-block-image\"><figure class=\"aligncenter size-large is-resized\"><a href=\"https:\/\/www.instagram.com\/serra4x4cambioautomatico\/\"><img loading=\"lazy\" decoding=\"async\" src=\"https:\/\/jornalfatosenoticias.com.br\/wp-content\/uploads\/2024\/08\/Serra-4x4-1-886x1024.jpg\" alt=\"\" class=\"wp-image-53632\" width=\"319\" height=\"369\" srcset=\"https:\/\/jornalfatosenoticias.com.br\/wp-content\/uploads\/2024\/08\/Serra-4x4-1-886x1024.jpg 886w, https:\/\/jornalfatosenoticias.com.br\/wp-content\/uploads\/2024\/08\/Serra-4x4-1-260x300.jpg 260w, https:\/\/jornalfatosenoticias.com.br\/wp-content\/uploads\/2024\/08\/Serra-4x4-1-768x888.jpg 768w, https:\/\/jornalfatosenoticias.com.br\/wp-content\/uploads\/2024\/08\/Serra-4x4-1.jpg 1181w\" sizes=\"auto, (max-width: 319px) 100vw, 319px\" \/><\/a><\/figure><\/div>\n\n\n\n<p>No mesmo dia ser\u00e3o realizadas as assinaturas dos contratos. Portanto, os candidatos dever\u00e3o apresentar toda a documenta\u00e7\u00e3o e formul\u00e1rios (incluindo a declara\u00e7\u00e3o de ac\u00famulo, emitida pelo RH do \u00f3rg\u00e3o), sob pena de elimina\u00e7\u00e3o caso o candidato deixe de apresentar algum documento\/formul\u00e1rio.<\/p>\n\n\n\n<div class=\"wp-block-image\"><figure class=\"aligncenter size-large is-resized\"><a href=\"https:\/\/panper.com.br\/\"><img loading=\"lazy\" decoding=\"async\" src=\"https:\/\/jornalfatosenoticias.com.br\/wp-content\/uploads\/2023\/03\/logo-Panper_portal.jpg\" alt=\"\" class=\"wp-image-40208\" width=\"323\" height=\"224\" srcset=\"https:\/\/jornalfatosenoticias.com.br\/wp-content\/uploads\/2023\/03\/logo-Panper_portal.jpg 400w, https:\/\/jornalfatosenoticias.com.br\/wp-content\/uploads\/2023\/03\/logo-Panper_portal-300x208.jpg 300w\" sizes=\"auto, (max-width: 323px) 100vw, 323px\" \/><\/a><\/figure><\/div>\n\n\n\n<p><strong><em>Fonte: <a href=\"https:\/\/www.vitoria.es.gov.br\/noticia\/educacao-pmv-nomeia-mais-professores-para-atuar-na-rede-municipal-de-ensino-52542\">PMV<\/a><\/em><\/strong><\/p>\n","protected":false},"excerpt":{"rendered":"<p>Por Jos\u00e9 Carlos Schaeffer A Prefeitura de Vit\u00f3ria nomeou mais candidatos aprovados no Processo Seletivo Simplificado para a contrata\u00e7\u00e3o de professores que ir\u00e3o atuar na rede municipal de ensino durante o ano letivo de 2025. A nomea\u00e7\u00e3o foi publicada no Di\u00e1rio Oficial.Os nomeados devem comparecer \u00e0 Ger\u00eancia de Recrutamento, Sele\u00e7\u00e3o e Registros (Atendimento RH), localizada [&hellip;]<\/p>\n","protected":false},"author":2,"featured_media":57362,"comment_status":"open","ping_status":"open","sticky":false,"template":"","format":"standard","meta":{"footnotes":""},"categories":[7],"tags":[26180,2562,357,26181],"class_list":["post-57361","post","type-post","status-publish","format-standard","has-post-thumbnail","hentry","category-educacao","tag-contratacao-de-professores","tag-prefeitura-de-vitoria","tag-professores","tag-rede-municipal-de-ensino"],"yoast_head":"<!-- This site is optimized with the Yoast SEO plugin v26.5 - https:\/\/yoast.com\/wordpress\/plugins\/seo\/ -->\n<title>PMV nomeia mais professores para atuar na rede municipal de ensino - Jornal Fatos e Not\u00edcias<\/title>\n<meta name=\"robots\" content=\"index, follow, max-snippet:-1, max-image-preview:large, max-video-preview:-1\" \/>\n<link rel=\"canonical\" href=\"https:\/\/jornalfatosenoticias.com.br\/index.php\/2025\/02\/05\/pmv-nomeia-mais-professores-para-atuar-na-rede-municipal-de-ensino\/\" \/>\n<meta property=\"og:locale\" content=\"pt_BR\" \/>\n<meta property=\"og:type\" content=\"article\" \/>\n<meta property=\"og:title\" content=\"PMV nomeia mais professores para atuar na rede municipal de ensino - Jornal Fatos e Not\u00edcias\" \/>\n<meta property=\"og:description\" content=\"Por Jos\u00e9 Carlos Schaeffer A Prefeitura de Vit\u00f3ria nomeou mais candidatos aprovados no Processo Seletivo Simplificado para a contrata\u00e7\u00e3o de professores que ir\u00e3o atuar na rede municipal de ensino durante o ano letivo de 2025. A nomea\u00e7\u00e3o foi publicada no Di\u00e1rio Oficial.Os nomeados devem comparecer \u00e0 Ger\u00eancia de Recrutamento, Sele\u00e7\u00e3o e Registros (Atendimento RH), localizada [&hellip;]\" \/>\n<meta property=\"og:url\" content=\"https:\/\/jornalfatosenoticias.com.br\/index.php\/2025\/02\/05\/pmv-nomeia-mais-professores-para-atuar-na-rede-municipal-de-ensino\/\" \/>\n<meta property=\"og:site_name\" content=\"Jornal Fatos e Not\u00edcias\" \/>\n<meta property=\"article:published_time\" content=\"2025-02-05T18:19:50+00:00\" \/>\n<meta property=\"article:modified_time\" content=\"2025-02-05T18:19:52+00:00\" \/>\n<meta property=\"og:image\" content=\"https:\/\/jornalfatosenoticias.com.br\/wp-content\/uploads\/2025\/02\/professores-Vitoria_Freepik.jpg\" \/>\n\t<meta property=\"og:image:width\" content=\"1000\" \/>\n\t<meta property=\"og:image:height\" content=\"667\" \/>\n\t<meta property=\"og:image:type\" content=\"image\/jpeg\" \/>\n<meta name=\"author\" content=\"Luzimara Fernandes\" \/>\n<meta name=\"twitter:card\" content=\"summary_large_image\" \/>\n<meta name=\"twitter:label1\" content=\"Escrito por\" \/>\n\t<meta name=\"twitter:data1\" content=\"Luzimara Fernandes\" \/>\n\t<meta name=\"twitter:label2\" content=\"Est. tempo de leitura\" \/>\n\t<meta name=\"twitter:data2\" content=\"2 minutos\" \/>\n<script type=\"application\/ld+json\" class=\"yoast-schema-graph\">{\"@context\":\"https:\/\/schema.org\",\"@graph\":[{\"@type\":\"Article\",\"@id\":\"https:\/\/jornalfatosenoticias.com.br\/index.php\/2025\/02\/05\/pmv-nomeia-mais-professores-para-atuar-na-rede-municipal-de-ensino\/#article\",\"isPartOf\":{\"@id\":\"https:\/\/jornalfatosenoticias.com.br\/index.php\/2025\/02\/05\/pmv-nomeia-mais-professores-para-atuar-na-rede-municipal-de-ensino\/\"},\"author\":{\"name\":\"Luzimara Fernandes\",\"@id\":\"https:\/\/jornalfatosenoticias.com.br\/#\/schema\/person\/d63837fa13ac8666eb9e74e0985d6f81\"},\"headline\":\"PMV nomeia mais professores para atuar na rede municipal de ensino\",\"datePublished\":\"2025-02-05T18:19:50+00:00\",\"dateModified\":\"2025-02-05T18:19:52+00:00\",\"mainEntityOfPage\":{\"@id\":\"https:\/\/jornalfatosenoticias.com.br\/index.php\/2025\/02\/05\/pmv-nomeia-mais-professores-para-atuar-na-rede-municipal-de-ensino\/\"},\"wordCount\":435,\"commentCount\":0,\"publisher\":{\"@id\":\"https:\/\/jornalfatosenoticias.com.br\/#organization\"},\"image\":{\"@id\":\"https:\/\/jornalfatosenoticias.com.br\/index.php\/2025\/02\/05\/pmv-nomeia-mais-professores-para-atuar-na-rede-municipal-de-ensino\/#primaryimage\"},\"thumbnailUrl\":\"https:\/\/jornalfatosenoticias.com.br\/wp-content\/uploads\/2025\/02\/professores-Vitoria_Freepik.jpg\",\"keywords\":[\"contrata\u00e7\u00e3o de professores\",\"Prefeitura de Vit\u00f3ria\",\"professores\",\"rede municipal de ensino\"],\"articleSection\":[\"Educa\u00e7\u00e3o\"],\"inLanguage\":\"pt-BR\",\"potentialAction\":[{\"@type\":\"CommentAction\",\"name\":\"Comment\",\"target\":[\"https:\/\/jornalfatosenoticias.com.br\/index.php\/2025\/02\/05\/pmv-nomeia-mais-professores-para-atuar-na-rede-municipal-de-ensino\/#respond\"]}]},{\"@type\":\"WebPage\",\"@id\":\"https:\/\/jornalfatosenoticias.com.br\/index.php\/2025\/02\/05\/pmv-nomeia-mais-professores-para-atuar-na-rede-municipal-de-ensino\/\",\"url\":\"https:\/\/jornalfatosenoticias.com.br\/index.php\/2025\/02\/05\/pmv-nomeia-mais-professores-para-atuar-na-rede-municipal-de-ensino\/\",\"name\":\"PMV nomeia mais professores para atuar na rede municipal de ensino - Jornal Fatos e Not\u00edcias\",\"isPartOf\":{\"@id\":\"https:\/\/jornalfatosenoticias.com.br\/#website\"},\"primaryImageOfPage\":{\"@id\":\"https:\/\/jornalfatosenoticias.com.br\/index.php\/2025\/02\/05\/pmv-nomeia-mais-professores-para-atuar-na-rede-municipal-de-ensino\/#primaryimage\"},\"image\":{\"@id\":\"https:\/\/jornalfatosenoticias.com.br\/index.php\/2025\/02\/05\/pmv-nomeia-mais-professores-para-atuar-na-rede-municipal-de-ensino\/#primaryimage\"},\"thumbnailUrl\":\"https:\/\/jornalfatosenoticias.com.br\/wp-content\/uploads\/2025\/02\/professores-Vitoria_Freepik.jpg\",\"datePublished\":\"2025-02-05T18:19:50+00:00\",\"dateModified\":\"2025-02-05T18:19:52+00:00\",\"breadcrumb\":{\"@id\":\"https:\/\/jornalfatosenoticias.com.br\/index.php\/2025\/02\/05\/pmv-nomeia-mais-professores-para-atuar-na-rede-municipal-de-ensino\/#breadcrumb\"},\"inLanguage\":\"pt-BR\",\"potentialAction\":[{\"@type\":\"ReadAction\",\"target\":[\"https:\/\/jornalfatosenoticias.com.br\/index.php\/2025\/02\/05\/pmv-nomeia-mais-professores-para-atuar-na-rede-municipal-de-ensino\/\"]}]},{\"@type\":\"ImageObject\",\"inLanguage\":\"pt-BR\",\"@id\":\"https:\/\/jornalfatosenoticias.com.br\/index.php\/2025\/02\/05\/pmv-nomeia-mais-professores-para-atuar-na-rede-municipal-de-ensino\/#primaryimage\",\"url\":\"https:\/\/jornalfatosenoticias.com.br\/wp-content\/uploads\/2025\/02\/professores-Vitoria_Freepik.jpg\",\"contentUrl\":\"https:\/\/jornalfatosenoticias.com.br\/wp-content\/uploads\/2025\/02\/professores-Vitoria_Freepik.jpg\",\"width\":1000,\"height\":667,\"caption\":\"book with green board background\"},{\"@type\":\"BreadcrumbList\",\"@id\":\"https:\/\/jornalfatosenoticias.com.br\/index.php\/2025\/02\/05\/pmv-nomeia-mais-professores-para-atuar-na-rede-municipal-de-ensino\/#breadcrumb\",\"itemListElement\":[{\"@type\":\"ListItem\",\"position\":1,\"name\":\"In\u00edcio\",\"item\":\"https:\/\/jornalfatosenoticias.com.br\/\"},{\"@type\":\"ListItem\",\"position\":2,\"name\":\"PMV nomeia mais professores para atuar na rede municipal de ensino\"}]},{\"@type\":\"WebSite\",\"@id\":\"https:\/\/jornalfatosenoticias.com.br\/#website\",\"url\":\"https:\/\/jornalfatosenoticias.com.br\/\",\"name\":\"Jornal Fatos e Not\u00edcias\",\"description\":\"Not\u00edcias em geral\",\"publisher\":{\"@id\":\"https:\/\/jornalfatosenoticias.com.br\/#organization\"},\"potentialAction\":[{\"@type\":\"SearchAction\",\"target\":{\"@type\":\"EntryPoint\",\"urlTemplate\":\"https:\/\/jornalfatosenoticias.com.br\/?s={search_term_string}\"},\"query-input\":{\"@type\":\"PropertyValueSpecification\",\"valueRequired\":true,\"valueName\":\"search_term_string\"}}],\"inLanguage\":\"pt-BR\"},{\"@type\":\"Organization\",\"@id\":\"https:\/\/jornalfatosenoticias.com.br\/#organization\",\"name\":\"Jornal Fatos e Not\u00edcias\",\"url\":\"https:\/\/jornalfatosenoticias.com.br\/\",\"logo\":{\"@type\":\"ImageObject\",\"inLanguage\":\"pt-BR\",\"@id\":\"https:\/\/jornalfatosenoticias.com.br\/#\/schema\/logo\/image\/\",\"url\":\"https:\/\/jornalfatosenoticias.com.br\/wp-content\/uploads\/2020\/02\/logo120.png\",\"contentUrl\":\"https:\/\/jornalfatosenoticias.com.br\/wp-content\/uploads\/2020\/02\/logo120.png\",\"width\":1227,\"height\":120,\"caption\":\"Jornal Fatos e Not\u00edcias\"},\"image\":{\"@id\":\"https:\/\/jornalfatosenoticias.com.br\/#\/schema\/logo\/image\/\"}},{\"@type\":\"Person\",\"@id\":\"https:\/\/jornalfatosenoticias.com.br\/#\/schema\/person\/d63837fa13ac8666eb9e74e0985d6f81\",\"name\":\"Luzimara Fernandes\",\"image\":{\"@type\":\"ImageObject\",\"inLanguage\":\"pt-BR\",\"@id\":\"https:\/\/jornalfatosenoticias.com.br\/#\/schema\/person\/image\/\",\"url\":\"https:\/\/jornalfatosenoticias.com.br\/wp-content\/uploads\/2025\/05\/EU_portal.jpg\",\"contentUrl\":\"https:\/\/jornalfatosenoticias.com.br\/wp-content\/uploads\/2025\/05\/EU_portal.jpg\",\"caption\":\"Luzimara Fernandes\"},\"description\":\"Jornalista MTB 2358-ES\",\"sameAs\":[\"https:\/\/jornalfatosenoticias.com.br\"],\"url\":\"https:\/\/jornalfatosenoticias.com.br\/index.php\/author\/luzimara\/\"}]}<\/script>\n<!-- \/ Yoast SEO plugin. -->","yoast_head_json":{"title":"PMV nomeia mais professores para atuar na rede municipal de ensino - Jornal Fatos e Not\u00edcias","robots":{"index":"index","follow":"follow","max-snippet":"max-snippet:-1","max-image-preview":"max-image-preview:large","max-video-preview":"max-video-preview:-1"},"canonical":"https:\/\/jornalfatosenoticias.com.br\/index.php\/2025\/02\/05\/pmv-nomeia-mais-professores-para-atuar-na-rede-municipal-de-ensino\/","og_locale":"pt_BR","og_type":"article","og_title":"PMV nomeia mais professores para atuar na rede municipal de ensino - Jornal Fatos e Not\u00edcias","og_description":"Por Jos\u00e9 Carlos Schaeffer A Prefeitura de Vit\u00f3ria nomeou mais candidatos aprovados no Processo Seletivo Simplificado para a contrata\u00e7\u00e3o de professores que ir\u00e3o atuar na rede municipal de ensino durante o ano letivo de 2025. A nomea\u00e7\u00e3o foi publicada no Di\u00e1rio Oficial.Os nomeados devem comparecer \u00e0 Ger\u00eancia de Recrutamento, Sele\u00e7\u00e3o e Registros (Atendimento RH), localizada [&hellip;]","og_url":"https:\/\/jornalfatosenoticias.com.br\/index.php\/2025\/02\/05\/pmv-nomeia-mais-professores-para-atuar-na-rede-municipal-de-ensino\/","og_site_name":"Jornal Fatos e Not\u00edcias","article_published_time":"2025-02-05T18:19:50+00:00","article_modified_time":"2025-02-05T18:19:52+00:00","og_image":[{"width":1000,"height":667,"url":"https:\/\/jornalfatosenoticias.com.br\/wp-content\/uploads\/2025\/02\/professores-Vitoria_Freepik.jpg","type":"image\/jpeg"}],"author":"Luzimara Fernandes","twitter_card":"summary_large_image","twitter_misc":{"Escrito por":"Luzimara Fernandes","Est. tempo de leitura":"2 minutos"},"schema":{"@context":"https:\/\/schema.org","@graph":[{"@type":"Article","@id":"https:\/\/jornalfatosenoticias.com.br\/index.php\/2025\/02\/05\/pmv-nomeia-mais-professores-para-atuar-na-rede-municipal-de-ensino\/#article","isPartOf":{"@id":"https:\/\/jornalfatosenoticias.com.br\/index.php\/2025\/02\/05\/pmv-nomeia-mais-professores-para-atuar-na-rede-municipal-de-ensino\/"},"author":{"name":"Luzimara Fernandes","@id":"https:\/\/jornalfatosenoticias.com.br\/#\/schema\/person\/d63837fa13ac8666eb9e74e0985d6f81"},"headline":"PMV nomeia mais professores para atuar na rede municipal de ensino","datePublished":"2025-02-05T18:19:50+00:00","dateModified":"2025-02-05T18:19:52+00:00","mainEntityOfPage":{"@id":"https:\/\/jornalfatosenoticias.com.br\/index.php\/2025\/02\/05\/pmv-nomeia-mais-professores-para-atuar-na-rede-municipal-de-ensino\/"},"wordCount":435,"commentCount":0,"publisher":{"@id":"https:\/\/jornalfatosenoticias.com.br\/#organization"},"image":{"@id":"https:\/\/jornalfatosenoticias.com.br\/index.php\/2025\/02\/05\/pmv-nomeia-mais-professores-para-atuar-na-rede-municipal-de-ensino\/#primaryimage"},"thumbnailUrl":"https:\/\/jornalfatosenoticias.com.br\/wp-content\/uploads\/2025\/02\/professores-Vitoria_Freepik.jpg","keywords":["contrata\u00e7\u00e3o de professores","Prefeitura de Vit\u00f3ria","professores","rede municipal de ensino"],"articleSection":["Educa\u00e7\u00e3o"],"inLanguage":"pt-BR","potentialAction":[{"@type":"CommentAction","name":"Comment","target":["https:\/\/jornalfatosenoticias.com.br\/index.php\/2025\/02\/05\/pmv-nomeia-mais-professores-para-atuar-na-rede-municipal-de-ensino\/#respond"]}]},{"@type":"WebPage","@id":"https:\/\/jornalfatosenoticias.com.br\/index.php\/2025\/02\/05\/pmv-nomeia-mais-professores-para-atuar-na-rede-municipal-de-ensino\/","url":"https:\/\/jornalfatosenoticias.com.br\/index.php\/2025\/02\/05\/pmv-nomeia-mais-professores-para-atuar-na-rede-municipal-de-ensino\/","name":"PMV nomeia mais professores para atuar na rede municipal de ensino - Jornal Fatos e Not\u00edcias","isPartOf":{"@id":"https:\/\/jornalfatosenoticias.com.br\/#website"},"primaryImageOfPage":{"@id":"https:\/\/jornalfatosenoticias.com.br\/index.php\/2025\/02\/05\/pmv-nomeia-mais-professores-para-atuar-na-rede-municipal-de-ensino\/#primaryimage"},"image":{"@id":"https:\/\/jornalfatosenoticias.com.br\/index.php\/2025\/02\/05\/pmv-nomeia-mais-professores-para-atuar-na-rede-municipal-de-ensino\/#primaryimage"},"thumbnailUrl":"https:\/\/jornalfatosenoticias.com.br\/wp-content\/uploads\/2025\/02\/professores-Vitoria_Freepik.jpg","datePublished":"2025-02-05T18:19:50+00:00","dateModified":"2025-02-05T18:19:52+00:00","breadcrumb":{"@id":"https:\/\/jornalfatosenoticias.com.br\/index.php\/2025\/02\/05\/pmv-nomeia-mais-professores-para-atuar-na-rede-municipal-de-ensino\/#breadcrumb"},"inLanguage":"pt-BR","potentialAction":[{"@type":"ReadAction","target":["https:\/\/jornalfatosenoticias.com.br\/index.php\/2025\/02\/05\/pmv-nomeia-mais-professores-para-atuar-na-rede-municipal-de-ensino\/"]}]},{"@type":"ImageObject","inLanguage":"pt-BR","@id":"https:\/\/jornalfatosenoticias.com.br\/index.php\/2025\/02\/05\/pmv-nomeia-mais-professores-para-atuar-na-rede-municipal-de-ensino\/#primaryimage","url":"https:\/\/jornalfatosenoticias.com.br\/wp-content\/uploads\/2025\/02\/professores-Vitoria_Freepik.jpg","contentUrl":"https:\/\/jornalfatosenoticias.com.br\/wp-content\/uploads\/2025\/02\/professores-Vitoria_Freepik.jpg","width":1000,"height":667,"caption":"book with green board background"},{"@type":"BreadcrumbList","@id":"https:\/\/jornalfatosenoticias.com.br\/index.php\/2025\/02\/05\/pmv-nomeia-mais-professores-para-atuar-na-rede-municipal-de-ensino\/#breadcrumb","itemListElement":[{"@type":"ListItem","position":1,"name":"In\u00edcio","item":"https:\/\/jornalfatosenoticias.com.br\/"},{"@type":"ListItem","position":2,"name":"PMV nomeia mais professores para atuar na rede municipal de ensino"}]},{"@type":"WebSite","@id":"https:\/\/jornalfatosenoticias.com.br\/#website","url":"https:\/\/jornalfatosenoticias.com.br\/","name":"Jornal Fatos e Not\u00edcias","description":"Not\u00edcias em geral","publisher":{"@id":"https:\/\/jornalfatosenoticias.com.br\/#organization"},"potentialAction":[{"@type":"SearchAction","target":{"@type":"EntryPoint","urlTemplate":"https:\/\/jornalfatosenoticias.com.br\/?s={search_term_string}"},"query-input":{"@type":"PropertyValueSpecification","valueRequired":true,"valueName":"search_term_string"}}],"inLanguage":"pt-BR"},{"@type":"Organization","@id":"https:\/\/jornalfatosenoticias.com.br\/#organization","name":"Jornal Fatos e Not\u00edcias","url":"https:\/\/jornalfatosenoticias.com.br\/","logo":{"@type":"ImageObject","inLanguage":"pt-BR","@id":"https:\/\/jornalfatosenoticias.com.br\/#\/schema\/logo\/image\/","url":"https:\/\/jornalfatosenoticias.com.br\/wp-content\/uploads\/2020\/02\/logo120.png","contentUrl":"https:\/\/jornalfatosenoticias.com.br\/wp-content\/uploads\/2020\/02\/logo120.png","width":1227,"height":120,"caption":"Jornal Fatos e Not\u00edcias"},"image":{"@id":"https:\/\/jornalfatosenoticias.com.br\/#\/schema\/logo\/image\/"}},{"@type":"Person","@id":"https:\/\/jornalfatosenoticias.com.br\/#\/schema\/person\/d63837fa13ac8666eb9e74e0985d6f81","name":"Luzimara Fernandes","image":{"@type":"ImageObject","inLanguage":"pt-BR","@id":"https:\/\/jornalfatosenoticias.com.br\/#\/schema\/person\/image\/","url":"https:\/\/jornalfatosenoticias.com.br\/wp-content\/uploads\/2025\/05\/EU_portal.jpg","contentUrl":"https:\/\/jornalfatosenoticias.com.br\/wp-content\/uploads\/2025\/05\/EU_portal.jpg","caption":"Luzimara Fernandes"},"description":"Jornalista MTB 2358-ES","sameAs":["https:\/\/jornalfatosenoticias.com.br"],"url":"https:\/\/jornalfatosenoticias.com.br\/index.php\/author\/luzimara\/"}]}},"cc_featured_image_caption":{"caption_text":"(Foto: Freepik) ","source_text":"","source_url":""},"jetpack_featured_media_url":"https:\/\/jornalfatosenoticias.com.br\/wp-content\/uploads\/2025\/02\/professores-Vitoria_Freepik.jpg","_links":{"self":[{"href":"https:\/\/jornalfatosenoticias.com.br\/index.php\/wp-json\/wp\/v2\/posts\/57361","targetHints":{"allow":["GET"]}}],"collection":[{"href":"https:\/\/jornalfatosenoticias.com.br\/index.php\/wp-json\/wp\/v2\/posts"}],"about":[{"href":"https:\/\/jornalfatosenoticias.com.br\/index.php\/wp-json\/wp\/v2\/types\/post"}],"author":[{"embeddable":true,"href":"https:\/\/jornalfatosenoticias.com.br\/index.php\/wp-json\/wp\/v2\/users\/2"}],"replies":[{"embeddable":true,"href":"https:\/\/jornalfatosenoticias.com.br\/index.php\/wp-json\/wp\/v2\/comments?post=57361"}],"version-history":[{"count":0,"href":"https:\/\/jornalfatosenoticias.com.br\/index.php\/wp-json\/wp\/v2\/posts\/57361\/revisions"}],"wp:featuredmedia":[{"embeddable":true,"href":"https:\/\/jornalfatosenoticias.com.br\/index.php\/wp-json\/wp\/v2\/media\/57362"}],"wp:attachment":[{"href":"https:\/\/jornalfatosenoticias.com.br\/index.php\/wp-json\/wp\/v2\/media?parent=57361"}],"wp:term":[{"taxonomy":"category","embeddable":true,"href":"https:\/\/jornalfatosenoticias.com.br\/index.php\/wp-json\/wp\/v2\/categories?post=57361"},{"taxonomy":"post_tag","embeddable":true,"href":"https:\/\/jornalfatosenoticias.com.br\/index.php\/wp-json\/wp\/v2\/tags?post=57361"}],"curies":[{"name":"wp","href":"https:\/\/api.w.org\/{rel}","templated":true}]}}