{"id":57364,"date":"2025-02-06T12:32:07","date_gmt":"2025-02-06T15:32:07","guid":{"rendered":"https:\/\/jornalfatosenoticias.com.br\/?p=57364"},"modified":"2025-02-06T12:32:09","modified_gmt":"2025-02-06T15:32:09","slug":"a-semana-no-brasil-e-no-mundo-sob-lula-governo-milei-planeja-construir-muro-na-fronteira-com-o-brasil","status":"publish","type":"post","link":"https:\/\/jornalfatosenoticias.com.br\/index.php\/2025\/02\/06\/a-semana-no-brasil-e-no-mundo-sob-lula-governo-milei-planeja-construir-muro-na-fronteira-com-o-brasil\/","title":{"rendered":"A Semana no Brasil e no Mundo \u2014 Sob Lula, governo Milei planeja construir muro na fronteira com o Brasil"},"content":{"rendered":"\n<div class=\"wp-block-image\"><figure class=\"aligncenter size-large\"><a href=\"https:\/\/mizu.com.br\/\"><img loading=\"lazy\" decoding=\"async\" width=\"729\" height=\"90\" src=\"https:\/\/jornalfatosenoticias.com.br\/wp-content\/uploads\/2020\/02\/Logo_Mizu.png\" alt=\"\" class=\"wp-image-1441\" srcset=\"https:\/\/jornalfatosenoticias.com.br\/wp-content\/uploads\/2020\/02\/Logo_Mizu.png 729w, https:\/\/jornalfatosenoticias.com.br\/wp-content\/uploads\/2020\/02\/Logo_Mizu-300x37.png 300w\" sizes=\"auto, (max-width: 729px) 100vw, 729px\" \/><\/a><\/figure><\/div>\n\n\n\n<p>O governo do presidente argentino Javier Milei anunciou planos para refor\u00e7ar a seguran\u00e7a nas fronteiras do pa\u00eds, incluindo a constru\u00e7\u00e3o de um muro na divisa com o Brasil. A ministra da Seguran\u00e7a, Patricia Bullrich, confirmou a inten\u00e7\u00e3o de instalar uma barreira na regi\u00e3o de Misiones, sobretudo na fronteira com o munic\u00edpio de Dion\u00edsio Cerqueira, em Santa Catarina.<br>A medida mira o controle sobre o contrabando e o tr\u00e1fico de drogas, preocupa\u00e7\u00f5es que tamb\u00e9m motivaram a instala\u00e7\u00e3o de uma cerca de 200 metros na fronteira com a Bol\u00edvia. A decis\u00e3o de construir um muro na fronteira com o Brasil gerou compara\u00e7\u00f5es com o projeto do presidente dos Estados Unidos, Donald Trump, que buscou erigir um muro na fronteira com o M\u00e9xico. Tida como dura, a a\u00e7\u00e3o tem sido emplacada por diversos pa\u00edses como forma de controlar fluxos ilegais e aumentar a seguran\u00e7a. <strong>(Fonte: Conex\u00e3o Pol\u00edtica)<\/strong><\/p>\n\n\n\n<div class=\"wp-block-image\"><figure class=\"aligncenter size-large is-resized\"><a href=\"https:\/\/www.facebook.com\/profile.php?id=100069289606145\"><img loading=\"lazy\" decoding=\"async\" src=\"https:\/\/jornalfatosenoticias.com.br\/wp-content\/uploads\/2024\/11\/Guaitolini-Contabilidade-1024x714.jpeg\" alt=\"\" class=\"wp-image-55808\" width=\"337\" height=\"235\" srcset=\"https:\/\/jornalfatosenoticias.com.br\/wp-content\/uploads\/2024\/11\/Guaitolini-Contabilidade-1024x714.jpeg 1024w, https:\/\/jornalfatosenoticias.com.br\/wp-content\/uploads\/2024\/11\/Guaitolini-Contabilidade-300x209.jpeg 300w, https:\/\/jornalfatosenoticias.com.br\/wp-content\/uploads\/2024\/11\/Guaitolini-Contabilidade-768x535.jpeg 768w, https:\/\/jornalfatosenoticias.com.br\/wp-content\/uploads\/2024\/11\/Guaitolini-Contabilidade.jpeg 1280w\" sizes=\"auto, (max-width: 337px) 100vw, 337px\" \/><\/a><\/figure><\/div>\n\n\n\n<hr class=\"wp-block-separator\"\/>\n\n\n\n<h3 class=\"wp-block-heading\"><span class=\"has-inline-color has-black-color\">Apag\u00e3o hist\u00f3rico em Cuba deixa mais da metade do pa\u00eds no escuro<\/span><\/h3>\n\n\n\n<div class=\"wp-block-image\"><figure class=\"aligncenter size-large\"><img loading=\"lazy\" decoding=\"async\" width=\"750\" height=\"375\" src=\"https:\/\/jornalfatosenoticias.com.br\/wp-content\/uploads\/2025\/02\/APAGOES-CUBA.jpg\" alt=\"\" class=\"wp-image-57370\" srcset=\"https:\/\/jornalfatosenoticias.com.br\/wp-content\/uploads\/2025\/02\/APAGOES-CUBA.jpg 750w, https:\/\/jornalfatosenoticias.com.br\/wp-content\/uploads\/2025\/02\/APAGOES-CUBA-300x150.jpg 300w\" sizes=\"auto, (max-width: 750px) 100vw, 750px\" \/><figcaption><em><span class=\"has-inline-color has-black-color\">(Foto: Getty Images)<\/span><\/em><\/figcaption><\/figure><\/div>\n\n\n\n<p><span class=\"has-inline-color has-black-color\">Por <strong>Felipe Dantas<\/strong><br><\/span>Cuba enfrentou, no \u00faltimo domingo (2), o maior apag\u00e3o registrado em 2025, afetando aproximadamente 53% do pa\u00eds. A crise energ\u00e9tica se intensificou ap\u00f3s uma falha na usina termel\u00e9trica Antonio Guiteras, conforme comunicado da Uni\u00e3o El\u00e9trica de Cuba (UNE). Segundo a empresa estatal, a unidade deixou de operar de forma inesperada, ampliando o d\u00e9ficit de eletricidade no momento de maior demanda. No momento, as tr\u00eas principais usinas do pa\u00eds est\u00e3o fora de funcionamento devido a manuten\u00e7\u00f5es ou falhas t\u00e9cnicas.<\/p>\n\n\n\n<div class=\"wp-block-image\"><figure class=\"aligncenter size-large is-resized\"><a href=\"https:\/\/www.ithbrasil.com.br\/\"><img loading=\"lazy\" decoding=\"async\" src=\"https:\/\/jornalfatosenoticias.com.br\/wp-content\/uploads\/2023\/08\/ITH.jpeg\" alt=\"\" class=\"wp-image-44638\" width=\"320\" height=\"260\" srcset=\"https:\/\/jornalfatosenoticias.com.br\/wp-content\/uploads\/2023\/08\/ITH.jpeg 800w, https:\/\/jornalfatosenoticias.com.br\/wp-content\/uploads\/2023\/08\/ITH-300x244.jpeg 300w, https:\/\/jornalfatosenoticias.com.br\/wp-content\/uploads\/2023\/08\/ITH-768x624.jpeg 768w\" sizes=\"auto, (max-width: 320px) 100vw, 320px\" \/><\/a><\/figure><\/div>\n\n\n\n<p>A escassez de combust\u00edvel agrava o cen\u00e1rio, limitando a capacidade de gerar eletricidade. As regi\u00f5es mais afetadas t\u00eam enfrentado cortes de energia severos, alguns chegando a apenas quatro horas de eletricidade por dia. Esse panorama desafia a gest\u00e3o energ\u00e9tica cubana e amplia as consequ\u00eancias sociais e econ\u00f4micas em uma na\u00e7\u00e3o j\u00e1 sob press\u00e3o devido \u00e0 escassez de recursos e infla\u00e7\u00e3o galopante.<\/p>\n\n\n\n<div class=\"wp-block-image\"><figure class=\"aligncenter size-large is-resized\"><a href=\"https:\/\/www.facebook.com\/postobkr\/?locale=pt_BR\"><img loading=\"lazy\" decoding=\"async\" src=\"https:\/\/jornalfatosenoticias.com.br\/wp-content\/uploads\/2023\/08\/BKR-1024x1021.jpg\" alt=\"\" class=\"wp-image-44494\" width=\"325\" height=\"324\" srcset=\"https:\/\/jornalfatosenoticias.com.br\/wp-content\/uploads\/2023\/08\/BKR-1024x1021.jpg 1024w, https:\/\/jornalfatosenoticias.com.br\/wp-content\/uploads\/2023\/08\/BKR-300x300.jpg 300w, https:\/\/jornalfatosenoticias.com.br\/wp-content\/uploads\/2023\/08\/BKR-150x150.jpg 150w, https:\/\/jornalfatosenoticias.com.br\/wp-content\/uploads\/2023\/08\/BKR-768x766.jpg 768w, https:\/\/jornalfatosenoticias.com.br\/wp-content\/uploads\/2023\/08\/BKR.jpg 1080w\" sizes=\"auto, (max-width: 325px) 100vw, 325px\" \/><\/a><\/figure><\/div>\n\n\n\n<p>O sistema energ\u00e9tico cubano depende de oito usinas termel\u00e9tricas antigas, al\u00e9m de geradores auxiliares. Grande parte dessas instala\u00e7\u00f5es est\u00e1 em condi\u00e7\u00f5es prec\u00e1rias, carecendo de manuten\u00e7\u00e3o adequada e investimentos modernizadores. Al\u00e9m disso, a depend\u00eancia de combust\u00edvel importado dificulta a estabilidade do fornecimento, pois as importa\u00e7\u00f5es enfrentam limita\u00e7\u00f5es econ\u00f4micas devido ao regime pol\u00edtico atual.<\/p>\n\n\n\n<div class=\"wp-block-image\"><figure class=\"aligncenter size-large is-resized\"><a href=\"https:\/\/www.legisjuris.com.br\/\"><img loading=\"lazy\" decoding=\"async\" src=\"https:\/\/jornalfatosenoticias.com.br\/wp-content\/uploads\/2024\/09\/Legis-Juris-Consultoria_logo.jpg\" alt=\"\" class=\"wp-image-53915\" width=\"444\" height=\"186\" srcset=\"https:\/\/jornalfatosenoticias.com.br\/wp-content\/uploads\/2024\/09\/Legis-Juris-Consultoria_logo.jpg 969w, https:\/\/jornalfatosenoticias.com.br\/wp-content\/uploads\/2024\/09\/Legis-Juris-Consultoria_logo-300x126.jpg 300w, https:\/\/jornalfatosenoticias.com.br\/wp-content\/uploads\/2024\/09\/Legis-Juris-Consultoria_logo-768x322.jpg 768w\" sizes=\"auto, (max-width: 444px) 100vw, 444px\" \/><\/a><\/figure><\/div>\n\n\n\n<p>A situa\u00e7\u00e3o se agrava com a falta de recursos financeiros para modernizar a infraestrutura. Estimativas indicam que Cuba precisaria de at\u00e9 US$ 10 bilh\u00f5es para reformar seu sistema el\u00e9trico, uma quantia que o pa\u00eds n\u00e3o consegue arcar no momento. Essa falta de renova\u00e7\u00e3o tecnol\u00f3gica e investimentos contribui significativamente para a fragilidade do fornecimento de energia. <strong>(Fonte: Terra Brasil Not\u00edcias)<\/strong><\/p>\n\n\n\n<div class=\"wp-block-image\"><figure class=\"aligncenter size-large is-resized\"><a href=\"https:\/\/www.instagram.com\/esteiochurrascaria\/\"><img loading=\"lazy\" decoding=\"async\" src=\"https:\/\/jornalfatosenoticias.com.br\/wp-content\/uploads\/2022\/02\/LOGO-ESTEIO-1024x730.png\" alt=\"\" class=\"wp-image-27942\" width=\"334\" height=\"238\" srcset=\"https:\/\/jornalfatosenoticias.com.br\/wp-content\/uploads\/2022\/02\/LOGO-ESTEIO-1024x730.png 1024w, https:\/\/jornalfatosenoticias.com.br\/wp-content\/uploads\/2022\/02\/LOGO-ESTEIO-300x214.png 300w, https:\/\/jornalfatosenoticias.com.br\/wp-content\/uploads\/2022\/02\/LOGO-ESTEIO-768x548.png 768w, https:\/\/jornalfatosenoticias.com.br\/wp-content\/uploads\/2022\/02\/LOGO-ESTEIO.png 1123w\" sizes=\"auto, (max-width: 334px) 100vw, 334px\" \/><\/a><\/figure><\/div>\n\n\n\n<hr class=\"wp-block-separator\"\/>\n\n\n\n<h3 class=\"wp-block-heading\"><span class=\"has-inline-color has-black-color\">Cl\u00e1udio Castro exp\u00f5e arsenal de guerra apreendido no RJ e cobra a\u00e7\u00e3o do governo federal<\/span><\/h3>\n\n\n\n<div class=\"wp-block-image\"><figure class=\"aligncenter size-large\"><img loading=\"lazy\" decoding=\"async\" width=\"888\" height=\"498\" src=\"https:\/\/jornalfatosenoticias.com.br\/wp-content\/uploads\/2025\/02\/Claudio-Castro.jpeg\" alt=\"\" class=\"wp-image-57369\" srcset=\"https:\/\/jornalfatosenoticias.com.br\/wp-content\/uploads\/2025\/02\/Claudio-Castro.jpeg 888w, https:\/\/jornalfatosenoticias.com.br\/wp-content\/uploads\/2025\/02\/Claudio-Castro-300x168.jpeg 300w, https:\/\/jornalfatosenoticias.com.br\/wp-content\/uploads\/2025\/02\/Claudio-Castro-768x431.jpeg 768w\" sizes=\"auto, (max-width: 888px) 100vw, 888px\" \/><figcaption><em><span class=\"has-inline-color has-black-color\">(Foto: Reprodu\u00e7\u00e3o)<\/span><\/em><\/figcaption><\/figure><\/div>\n\n\n\n<p><span class=\"has-inline-color has-black-color\">Por <strong>Carlos Magno<\/strong><br><\/span>O governador do Rio de Janeiro, Cl\u00e1udio Castro (PL), divulgou, na ter\u00e7a-feira (4), um v\u00eddeo impactante mostrando um dep\u00f3sito repleto de fuzis apreendidos no estado. A grava\u00e7\u00e3o, chamada de \u201cO caminho das armas\u201d, enfatiza que o armamento pesado usado pelo crime organizado atravessa as fronteiras do Brasil antes de chegar ao Rio.<\/p>\n\n\n\n<div class=\"wp-block-image\"><figure class=\"aligncenter size-large is-resized\"><a href=\"https:\/\/hotelmarquetti.com.br\/\"><img loading=\"lazy\" decoding=\"async\" src=\"https:\/\/jornalfatosenoticias.com.br\/wp-content\/uploads\/2023\/03\/nova-logo-Marquetti.jpg\" alt=\"\" class=\"wp-image-40207\" width=\"343\" height=\"231\" srcset=\"https:\/\/jornalfatosenoticias.com.br\/wp-content\/uploads\/2023\/03\/nova-logo-Marquetti.jpg 643w, https:\/\/jornalfatosenoticias.com.br\/wp-content\/uploads\/2023\/03\/nova-logo-Marquetti-300x202.jpg 300w\" sizes=\"auto, (max-width: 343px) 100vw, 343px\" \/><\/a><\/figure><\/div>\n\n\n\n<p>O material foi divulgado em meio a uma escalada da viol\u00eancia no estado, com um aumento alarmante de roubos de ve\u00edculos e opera\u00e7\u00f5es policiais intensificadas em comunidades. Segundo Castro, 732 fuzis foram apreendidos em 2024, um aumento de 20% em rela\u00e7\u00e3o ao ano anterior, consolidando um recorde hist\u00f3rico.<\/p>\n\n\n\n<div class=\"wp-block-image\"><figure class=\"aligncenter size-large is-resized\"><a href=\"https:\/\/www.instagram.com\/ligadossaborespizzaria\/\"><img loading=\"lazy\" decoding=\"async\" src=\"https:\/\/jornalfatosenoticias.com.br\/wp-content\/uploads\/2020\/02\/WhatsApp-Image-2024-10-02-at-08.18.14-819x1024.jpeg\" alt=\"\" class=\"wp-image-54612\" width=\"308\" height=\"384\" srcset=\"https:\/\/jornalfatosenoticias.com.br\/wp-content\/uploads\/2020\/02\/WhatsApp-Image-2024-10-02-at-08.18.14-819x1024.jpeg 819w, https:\/\/jornalfatosenoticias.com.br\/wp-content\/uploads\/2020\/02\/WhatsApp-Image-2024-10-02-at-08.18.14-240x300.jpeg 240w, https:\/\/jornalfatosenoticias.com.br\/wp-content\/uploads\/2020\/02\/WhatsApp-Image-2024-10-02-at-08.18.14-768x960.jpeg 768w, https:\/\/jornalfatosenoticias.com.br\/wp-content\/uploads\/2020\/02\/WhatsApp-Image-2024-10-02-at-08.18.14.jpeg 1024w\" sizes=\"auto, (max-width: 308px) 100vw, 308px\" \/><\/a><\/figure><\/div>\n\n\n\n<p>Al\u00e9m de exibir o volume de armamento confiscado, o v\u00eddeo traz uma cobran\u00e7a direta ao governo federal. O governador destaca que nenhuma dessas armas foi produzida no Rio de Janeiro e aponta pa\u00edses como Col\u00f4mbia, Bol\u00edvia e Paraguai como rotas de entrada para o tr\u00e1fico. \u201cDepois de produzidas, essas armas cruzam o oceano e chegam a pa\u00edses como Col\u00f4mbia, Bol\u00edvia e Paraguai. Quando chegam l\u00e1, deixam de ser rastreadas, simplesmente somem\u201d, diz a narra\u00e7\u00e3o do v\u00eddeo.<\/p>\n\n\n\n<div class=\"wp-block-image\"><figure class=\"aligncenter size-large\"><a href=\"https:\/\/www.facebook.com\/vetor.vix\/\"><img loading=\"lazy\" decoding=\"async\" width=\"1024\" height=\"273\" src=\"https:\/\/jornalfatosenoticias.com.br\/wp-content\/uploads\/2023\/09\/vetorvix1024_1.jpg\" alt=\"\" class=\"wp-image-44868\" srcset=\"https:\/\/jornalfatosenoticias.com.br\/wp-content\/uploads\/2023\/09\/vetorvix1024_1.jpg 1024w, https:\/\/jornalfatosenoticias.com.br\/wp-content\/uploads\/2023\/09\/vetorvix1024_1-300x80.jpg 300w, https:\/\/jornalfatosenoticias.com.br\/wp-content\/uploads\/2023\/09\/vetorvix1024_1-768x205.jpg 768w\" sizes=\"auto, (max-width: 1024px) 100vw, 1024px\" \/><\/a><\/figure><\/div>\n\n\n\n<p>A pe\u00e7a publicit\u00e1ria afirma que o governo do estado tem atuado no combate ao crime organizado, mencionando a instala\u00e7\u00e3o de portais com scanners para identificar armas e drogas em ve\u00edculos. No entanto, o governador refor\u00e7a que o combate ao tr\u00e1fico de armamento depende de a\u00e7\u00f5es mais r\u00edgidas por parte do governo federal, incluindo san\u00e7\u00f5es aos pa\u00edses que facilitam a entrada de armas no Brasil. \u201cO que adianta o estado tirar os fuzis dos bandidos se essas armas continuam entrando pelas fronteiras do nosso pa\u00eds?\u201d, questiona a produ\u00e7\u00e3o. <strong>(Fonte: Conex\u00e3o Pol\u00edtica)<\/strong><\/p>\n\n\n\n<div class=\"wp-block-image\"><figure class=\"aligncenter size-large is-resized\"><a href=\"https:\/\/www.instagram.com\/vmais.midias\/\"><img loading=\"lazy\" decoding=\"async\" src=\"https:\/\/jornalfatosenoticias.com.br\/wp-content\/uploads\/2020\/02\/DE-MAIS-DESTAQUE-VMAIS-800X700.png\" alt=\"\" class=\"wp-image-53112\" width=\"323\" height=\"282\" srcset=\"https:\/\/jornalfatosenoticias.com.br\/wp-content\/uploads\/2020\/02\/DE-MAIS-DESTAQUE-VMAIS-800X700.png 800w, https:\/\/jornalfatosenoticias.com.br\/wp-content\/uploads\/2020\/02\/DE-MAIS-DESTAQUE-VMAIS-800X700-300x263.png 300w, https:\/\/jornalfatosenoticias.com.br\/wp-content\/uploads\/2020\/02\/DE-MAIS-DESTAQUE-VMAIS-800X700-768x672.png 768w\" sizes=\"auto, (max-width: 323px) 100vw, 323px\" \/><\/a><\/figure><\/div>\n\n\n\n<hr class=\"wp-block-separator\"\/>\n\n\n\n<h3 class=\"wp-block-heading\"><span class=\"has-inline-color has-black-color\">Trump manda \u2018NYT e NBC\u2019 sa\u00edrem da \u00e1rea de m\u00eddia do Pent\u00e1gono e abre vagas para ve\u00edculos alinhados \u00e0 direita<\/span><\/h3>\n\n\n\n<div class=\"wp-block-image\"><figure class=\"aligncenter size-large\"><img loading=\"lazy\" decoding=\"async\" width=\"612\" height=\"408\" src=\"https:\/\/jornalfatosenoticias.com.br\/wp-content\/uploads\/2025\/02\/Trump-midia_gettyimages.jpg\" alt=\"\" class=\"wp-image-57368\" srcset=\"https:\/\/jornalfatosenoticias.com.br\/wp-content\/uploads\/2025\/02\/Trump-midia_gettyimages.jpg 612w, https:\/\/jornalfatosenoticias.com.br\/wp-content\/uploads\/2025\/02\/Trump-midia_gettyimages-300x200.jpg 300w\" sizes=\"auto, (max-width: 612px) 100vw, 612px\" \/><figcaption><em><span class=\"has-inline-color has-black-color\">(Foto: Getty Images)<\/span><\/em><\/figcaption><\/figure><\/div>\n\n\n\n<p>A administra\u00e7\u00e3o do presidente dos Estados Unidos, Donald Trump, ordenou a retirada de ao menos quatro ve\u00edculos de imprensa do espa\u00e7o destinado \u00e0 m\u00eddia no Pent\u00e1gono. A medida, segundo o governo, tem o objetivo de permitir a entrada de novos meios de comunica\u00e7\u00e3o que ainda n\u00e3o tiveram a oportunidade de atuar como membros residentes no Departamento de Defesa.<\/p>\n\n\n\n<div class=\"wp-block-image\"><figure class=\"aligncenter size-large is-resized\"><a href=\"https:\/\/www.instagram.com\/restaurantepegoretti\/\"><img loading=\"lazy\" decoding=\"async\" src=\"https:\/\/jornalfatosenoticias.com.br\/wp-content\/uploads\/2023\/12\/pegoretti-logo-pdf-1024x389.jpg\" alt=\"\" class=\"wp-image-47536\" width=\"411\" height=\"156\" srcset=\"https:\/\/jornalfatosenoticias.com.br\/wp-content\/uploads\/2023\/12\/pegoretti-logo-pdf-1024x389.jpg 1024w, https:\/\/jornalfatosenoticias.com.br\/wp-content\/uploads\/2023\/12\/pegoretti-logo-pdf-300x114.jpg 300w, https:\/\/jornalfatosenoticias.com.br\/wp-content\/uploads\/2023\/12\/pegoretti-logo-pdf-768x291.jpg 768w, https:\/\/jornalfatosenoticias.com.br\/wp-content\/uploads\/2023\/12\/pegoretti-logo-pdf.jpg 1120w\" sizes=\"auto, (max-width: 411px) 100vw, 411px\" \/><\/a><\/figure><\/div>\n\n\n\n<p>Os ve\u00edculos afetados s\u00e3o New York Times, NPR, NBC News e Politico. De acordo com o porta-voz do Pent\u00e1gono, John Ullyot, eles devem desocupar seus espa\u00e7os at\u00e9 14 de fevereiro. Em substitui\u00e7\u00e3o, os novos meios que ocupar\u00e3o as vagas incluem New York Post, Breitbart News, One America News e HuffPost, pertencente ao grupo BuzzFeed. Todos eles s\u00e3o considerados como m\u00eddias com editoriais mais \u00e0 direita.<\/p>\n\n\n\n<div class=\"wp-block-image\"><figure class=\"aligncenter size-large is-resized\"><a href=\"https:\/\/panper.com.br\/\"><img loading=\"lazy\" decoding=\"async\" src=\"https:\/\/jornalfatosenoticias.com.br\/wp-content\/uploads\/2023\/03\/logo-Panper_portal.jpg\" alt=\"\" class=\"wp-image-40208\" width=\"339\" height=\"235\" srcset=\"https:\/\/jornalfatosenoticias.com.br\/wp-content\/uploads\/2023\/03\/logo-Panper_portal.jpg 400w, https:\/\/jornalfatosenoticias.com.br\/wp-content\/uploads\/2023\/03\/logo-Panper_portal-300x208.jpg 300w\" sizes=\"auto, (max-width: 339px) 100vw, 339px\" \/><\/a><\/figure><\/div>\n\n\n\n<p>Ullyot afirmou que a decis\u00e3o faz parte de um \u201cnovo programa anual de rota\u00e7\u00e3o de m\u00eddia\u201d e alegou que os ve\u00edculos retirados ainda poder\u00e3o participar de coletivas e permanecer\u00e3o como membros do corpo de imprensa do Pent\u00e1gono, mas sem acesso aos escrit\u00f3rios f\u00edsicos dentro do pr\u00e9dio.<\/p>\n\n\n\n<div class=\"wp-block-image\"><figure class=\"aligncenter size-large is-resized\"><a href=\"https:\/\/www.instagram.com\/serra4x4cambioautomatico\/\"><img loading=\"lazy\" decoding=\"async\" src=\"https:\/\/jornalfatosenoticias.com.br\/wp-content\/uploads\/2024\/08\/Serra-4x4-1-886x1024.jpg\" alt=\"\" class=\"wp-image-53632\" width=\"310\" height=\"358\" srcset=\"https:\/\/jornalfatosenoticias.com.br\/wp-content\/uploads\/2024\/08\/Serra-4x4-1-886x1024.jpg 886w, https:\/\/jornalfatosenoticias.com.br\/wp-content\/uploads\/2024\/08\/Serra-4x4-1-260x300.jpg 260w, https:\/\/jornalfatosenoticias.com.br\/wp-content\/uploads\/2024\/08\/Serra-4x4-1-768x888.jpg 768w, https:\/\/jornalfatosenoticias.com.br\/wp-content\/uploads\/2024\/08\/Serra-4x4-1.jpg 1181w\" sizes=\"auto, (max-width: 310px) 100vw, 310px\" \/><\/a><\/figure><\/div>\n\n\n\n<p>A decis\u00e3o gerou rea\u00e7\u00f5es dos ve\u00edculos afetados. Charlie Stadtlander, porta-voz do New York Times, classificou a medida como \u201cpreocupante\u201d e afirmou que restringir o acesso da imprensa \u201cn\u00e3o est\u00e1 no interesse p\u00fablico\u201d. Isabel Lara, da NPR, declarou que a mudan\u00e7a \u201cinterfere na capacidade de milh\u00f5es de americanos ouvirem diretamente a lideran\u00e7a do Pent\u00e1gono\u201d e defendeu a expans\u00e3o do espa\u00e7o para que todos os ve\u00edculos mantenham acesso igualit\u00e1rio.<\/p>\n\n\n\n<div class=\"wp-block-image\"><figure class=\"aligncenter size-large is-resized\"><a href=\"https:\/\/www.instagram.com\/rcradiadores\/\"><img loading=\"lazy\" decoding=\"async\" src=\"https:\/\/jornalfatosenoticias.com.br\/wp-content\/uploads\/2022\/10\/RC_800x750_page-0001.jpg\" alt=\"\" class=\"wp-image-35338\" width=\"319\" height=\"299\" srcset=\"https:\/\/jornalfatosenoticias.com.br\/wp-content\/uploads\/2022\/10\/RC_800x750_page-0001.jpg 400w, https:\/\/jornalfatosenoticias.com.br\/wp-content\/uploads\/2022\/10\/RC_800x750_page-0001-300x281.jpg 300w\" sizes=\"auto, (max-width: 319px) 100vw, 319px\" \/><\/a><\/figure><\/div>\n\n\n\n<p>J\u00e1 os ve\u00edculos que assumir\u00e3o os espa\u00e7os no Pent\u00e1gono se manifestaram favoravelmente \u00e0 mudan\u00e7a. O New York Post afirmou que sua presen\u00e7a no local \u201cfaz todo sentido\u201d, enquanto Charles Herring, do One America News, declarou que a emissora \u201ccontinua buscando acesso semelhante ao concedido a outros ve\u00edculos de not\u00edcias nacionais que operam diariamente em Washington\u201d. <strong>(Fonte: Conex\u00e3o Pol\u00edtica)<\/strong><\/p>\n\n\n\n<div class=\"wp-block-image\"><figure class=\"aligncenter size-large\"><a href=\"http:\/\/www.ferrarimaquinas.com.br\/\"><img loading=\"lazy\" decoding=\"async\" width=\"300\" height=\"250\" src=\"https:\/\/jornalfatosenoticias.com.br\/wp-content\/uploads\/2022\/02\/FERRARI_MAQUINAS-E-FERRAMENTAS2.jpg\" alt=\"\" class=\"wp-image-27860\"\/><\/a><\/figure><\/div>\n\n\n\n<hr class=\"wp-block-separator\"\/>\n\n\n\n<h3 class=\"wp-block-heading\"><span class=\"has-inline-color has-black-color\">Hugo Motta desafia STF e afirma que Congresso tem \u201cprerrogativa\u201d sobre emendas<\/span><\/h3>\n\n\n\n<div class=\"wp-block-image\"><figure class=\"aligncenter size-large\"><img loading=\"lazy\" decoding=\"async\" width=\"612\" height=\"409\" src=\"https:\/\/jornalfatosenoticias.com.br\/wp-content\/uploads\/2025\/02\/HUGO-MOTTA_gettyimages.jpg\" alt=\"\" class=\"wp-image-57367\" srcset=\"https:\/\/jornalfatosenoticias.com.br\/wp-content\/uploads\/2025\/02\/HUGO-MOTTA_gettyimages.jpg 612w, https:\/\/jornalfatosenoticias.com.br\/wp-content\/uploads\/2025\/02\/HUGO-MOTTA_gettyimages-300x200.jpg 300w\" sizes=\"auto, (max-width: 612px) 100vw, 612px\" \/><figcaption><em><span class=\"has-inline-color has-black-color\">(Foto: Getty Images)<\/span><\/em><\/figcaption><\/figure><\/div>\n\n\n\n<p>O presidente da C\u00e2mara dos Deputados, Hugo Motta (Republicanos-PB), afirmou, nesta quarta-feira (5), que a defini\u00e7\u00e3o e o direcionamento das emendas parlamentares s\u00e3o uma \u201cprerrogativa do Congresso\u201d, contrariando a decis\u00e3o do Supremo Tribunal Federal (STF), que bloqueou os repasses. A medida, tomada pelo ministro Fl\u00e1vio Dino em dezembro de 2024, suspendeu R$ 4,2 bilh\u00f5es em emendas por falta de transpar\u00eancia. Apesar disso, Motta defendeu que a discuss\u00e3o deve ocorrer dentro do Legislativo e minimizou um poss\u00edvel embate com o STF.<\/p>\n\n\n\n<div class=\"wp-block-image\"><figure class=\"aligncenter size-large is-resized\"><a href=\"https:\/\/www.controlsystems.com.br\/\"><img loading=\"lazy\" decoding=\"async\" src=\"https:\/\/jornalfatosenoticias.com.br\/wp-content\/uploads\/2020\/02\/CONTROL-CS.jpg\" alt=\"\" class=\"wp-image-44991\" width=\"277\" height=\"332\" srcset=\"https:\/\/jornalfatosenoticias.com.br\/wp-content\/uploads\/2020\/02\/CONTROL-CS.jpg 834w, https:\/\/jornalfatosenoticias.com.br\/wp-content\/uploads\/2020\/02\/CONTROL-CS-250x300.jpg 250w, https:\/\/jornalfatosenoticias.com.br\/wp-content\/uploads\/2020\/02\/CONTROL-CS-768x921.jpg 768w\" sizes=\"auto, (max-width: 277px) 100vw, 277px\" \/><\/a><\/figure><\/div>\n\n\n\n<p>O que n\u00f3s temos que discutir com o Supremo, que n\u00e3o vejo como um embate, mas sim como um processo em que temos que diminuir a tens\u00e3o, \u00e9 sobre quais crit\u00e9rios devem ser adotados. N\u00f3s n\u00e3o temos dificuldade em discutir transpar\u00eancia e rastreabilidade\u201d, afirmou em entrevista \u00e0 r\u00e1dio CBN. O presidente da C\u00e2mara espera encontrar uma solu\u00e7\u00e3o para o impasse ainda em fevereiro e se mostrou confiante no di\u00e1logo com a Corte.<\/p>\n\n\n\n<div class=\"wp-block-image\"><figure class=\"aligncenter size-large\"><a href=\"https:\/\/cesconetto.com.br\/\"><img loading=\"lazy\" decoding=\"async\" width=\"300\" height=\"250\" src=\"https:\/\/jornalfatosenoticias.com.br\/wp-content\/uploads\/2022\/02\/Banner-2.png\" alt=\"\" class=\"wp-image-27877\"\/><\/a><\/figure><\/div>\n\n\n\n<p>A decis\u00e3o de Fl\u00e1vio Dino veio ap\u00f3s auditorias da Controladoria-Geral da Uni\u00e3o (CGU) apontarem que apenas 15% das entidades analisadas apresentaram transpar\u00eancia adequada no uso dos recursos. Em janeiro, o ministro suspendeu repasses para 13 ONGs e entidades, liberando os valores de 12 delas ap\u00f3s ajustes. O impasse ocorre em meio a investiga\u00e7\u00f5es sobre poss\u00edveis desvios na destina\u00e7\u00e3o das verbas por congressistas.<\/p>\n\n\n\n<div class=\"wp-block-image\"><figure class=\"aligncenter size-large is-resized\"><a href=\"https:\/\/www.facebook.com\/profile.php?id=100069289606145\"><img loading=\"lazy\" decoding=\"async\" src=\"https:\/\/jornalfatosenoticias.com.br\/wp-content\/uploads\/2024\/11\/Guaitolini-Contabilidade-1024x714.jpeg\" alt=\"\" class=\"wp-image-55808\" width=\"355\" height=\"247\" srcset=\"https:\/\/jornalfatosenoticias.com.br\/wp-content\/uploads\/2024\/11\/Guaitolini-Contabilidade-1024x714.jpeg 1024w, https:\/\/jornalfatosenoticias.com.br\/wp-content\/uploads\/2024\/11\/Guaitolini-Contabilidade-300x209.jpeg 300w, https:\/\/jornalfatosenoticias.com.br\/wp-content\/uploads\/2024\/11\/Guaitolini-Contabilidade-768x535.jpeg 768w, https:\/\/jornalfatosenoticias.com.br\/wp-content\/uploads\/2024\/11\/Guaitolini-Contabilidade.jpeg 1280w\" sizes=\"auto, (max-width: 355px) 100vw, 355px\" \/><\/a><\/figure><\/div>\n\n\n\n<p>Al\u00e9m da crise das emendas, Hugo Motta confirmou que se reunir\u00e1 com o ministro da Economia, Fernando Haddad, para discutir as prioridades econ\u00f4micas do governo para 2025 e 2026. A pauta inclui 25 propostas, entre projetos de lei e medidas em an\u00e1lise. \u201cVou aguardar a proposta ser apresentada para, a partir da\u00ed, definirmos uma linha de trabalho, mas j\u00e1 adiantando que da nossa parte temos total boa vontade com a agenda econ\u00f4mica, porque ela \u00e9 de import\u00e2ncia para o pa\u00eds\u201d, declarou Motta.<\/p>\n\n\n\n<div class=\"wp-block-image\"><figure class=\"aligncenter size-large is-resized\"><a href=\"https:\/\/www.facebook.com\/postobkr\/?locale=pt_BR\"><img loading=\"lazy\" decoding=\"async\" src=\"https:\/\/jornalfatosenoticias.com.br\/wp-content\/uploads\/2023\/08\/BKR-1024x1021.jpg\" alt=\"\" class=\"wp-image-44494\" width=\"295\" height=\"294\" srcset=\"https:\/\/jornalfatosenoticias.com.br\/wp-content\/uploads\/2023\/08\/BKR-1024x1021.jpg 1024w, https:\/\/jornalfatosenoticias.com.br\/wp-content\/uploads\/2023\/08\/BKR-300x300.jpg 300w, https:\/\/jornalfatosenoticias.com.br\/wp-content\/uploads\/2023\/08\/BKR-150x150.jpg 150w, https:\/\/jornalfatosenoticias.com.br\/wp-content\/uploads\/2023\/08\/BKR-768x766.jpg 768w, https:\/\/jornalfatosenoticias.com.br\/wp-content\/uploads\/2023\/08\/BKR.jpg 1080w\" sizes=\"auto, (max-width: 295px) 100vw, 295px\" \/><\/a><\/figure><\/div>\n\n\n\n<p>Ele tamb\u00e9m ressaltou que manter\u00e1 o di\u00e1logo com o Executivo e o Senado, destacando sua boa rela\u00e7\u00e3o com o presidente da Casa, Davi Alcolumbre (Uni\u00e3o-AP). \u201cEnquanto l\u00edder do Republicanos, n\u00f3s tivemos uma posi\u00e7\u00e3o de apoio \u00e0 agenda econ\u00f4mica do governo e, chegando \u00e0 presid\u00eancia, vamos seguir com esse mesmo prop\u00f3sito\u201d, concluiu. <strong>(Fonte: Hora Bras\u00edlia)<\/strong><\/p>\n\n\n\n<div class=\"wp-block-image\"><figure class=\"aligncenter size-large is-resized\"><a href=\"https:\/\/www.ithbrasil.com.br\/\"><img loading=\"lazy\" decoding=\"async\" src=\"https:\/\/jornalfatosenoticias.com.br\/wp-content\/uploads\/2023\/08\/ITH.jpeg\" alt=\"\" class=\"wp-image-44638\" width=\"328\" height=\"266\" srcset=\"https:\/\/jornalfatosenoticias.com.br\/wp-content\/uploads\/2023\/08\/ITH.jpeg 800w, https:\/\/jornalfatosenoticias.com.br\/wp-content\/uploads\/2023\/08\/ITH-300x244.jpeg 300w, https:\/\/jornalfatosenoticias.com.br\/wp-content\/uploads\/2023\/08\/ITH-768x624.jpeg 768w\" sizes=\"auto, (max-width: 328px) 100vw, 328px\" \/><\/a><\/figure><\/div>\n\n\n\n<hr class=\"wp-block-separator\"\/>\n\n\n\n<h3 class=\"wp-block-heading\"><span class=\"has-inline-color has-black-color\">Israel segue EUA e n\u00e3o participar\u00e1 do Conselho de Direitos Humanos da ONU<\/span><\/h3>\n\n\n\n<div class=\"wp-block-image\"><figure class=\"aligncenter size-large\"><img loading=\"lazy\" decoding=\"async\" width=\"612\" height=\"408\" src=\"https:\/\/jornalfatosenoticias.com.br\/wp-content\/uploads\/2025\/02\/ISRAEL-ONU_gettyimages.jpg\" alt=\"\" class=\"wp-image-57366\" srcset=\"https:\/\/jornalfatosenoticias.com.br\/wp-content\/uploads\/2025\/02\/ISRAEL-ONU_gettyimages.jpg 612w, https:\/\/jornalfatosenoticias.com.br\/wp-content\/uploads\/2025\/02\/ISRAEL-ONU_gettyimages-300x200.jpg 300w\" sizes=\"auto, (max-width: 612px) 100vw, 612px\" \/><figcaption><em><span class=\"has-inline-color has-black-color\">(Foto: Getty Images)<\/span><\/em><\/figcaption><\/figure><\/div>\n\n\n\n<p>O ministro das Rela\u00e7\u00f5es Exteriores de Israel, Gideon Saar, anunciou, nesta quarta-feira (5), que seu pa\u00eds n\u00e3o vai participar do Conselho de Direitos Humanos das Na\u00e7\u00f5es Unidas (CDHNU), do qual n\u00e3o \u00e9 membro, mas tem status de observador &#8211; uma decis\u00e3o semelhante \u00e0 que foi tomada pelos Estados Unidos.<\/p>\n\n\n\n<div class=\"wp-block-image\"><figure class=\"aligncenter size-large is-resized\"><a href=\"https:\/\/www.instagram.com\/ligadossaborespizzaria\/\"><img loading=\"lazy\" decoding=\"async\" src=\"https:\/\/jornalfatosenoticias.com.br\/wp-content\/uploads\/2024\/09\/WhatsApp-Image-2024-09-14-at-22.46.10-819x1024.jpeg\" alt=\"\" class=\"wp-image-54180\" width=\"280\" height=\"350\" srcset=\"https:\/\/jornalfatosenoticias.com.br\/wp-content\/uploads\/2024\/09\/WhatsApp-Image-2024-09-14-at-22.46.10-819x1024.jpeg 819w, https:\/\/jornalfatosenoticias.com.br\/wp-content\/uploads\/2024\/09\/WhatsApp-Image-2024-09-14-at-22.46.10-240x300.jpeg 240w, https:\/\/jornalfatosenoticias.com.br\/wp-content\/uploads\/2024\/09\/WhatsApp-Image-2024-09-14-at-22.46.10-768x960.jpeg 768w, https:\/\/jornalfatosenoticias.com.br\/wp-content\/uploads\/2024\/09\/WhatsApp-Image-2024-09-14-at-22.46.10.jpeg 1024w\" sizes=\"auto, (max-width: 280px) 100vw, 280px\" \/><\/a><\/figure><\/div>\n\n\n\n<blockquote class=\"wp-block-quote is-layout-flow wp-block-quote-is-layout-flow\"><p><span class=\"has-inline-color has-luminous-vivid-orange-color\"><strong>O CDHNU tem tradicionalmente protegido os violadores dos direitos humanos, permitindo que eles se escondam do escrut\u00ednio, demonizando, em vez disso, a \u00fanica democracia no Oriente M\u00e9dio \u2014 Israel\u201d,<\/strong> disse Saar em um comunicado.<br>De acordo com o chefe da diplomacia israelense, o \u00f3rg\u00e3o estaria empenhado em atacar um pa\u00eds democr\u00e1tico e \u201cespalhar o antissemitismo\u201d. <strong>\u201cA discrimina\u00e7\u00e3o contra n\u00f3s \u00e9 clara: no CDHNU, Israel \u00e9 o \u00fanico pa\u00eds com um item da agenda dedicado a ele. Israel foi objeto de mais de cem resolu\u00e7\u00f5es condenat\u00f3rias, mais do que contra Ir\u00e3, Cuba, Coreia do Norte e Venezuela juntos\u201d,<\/strong> lamentou.<\/span><\/p><\/blockquote>\n\n\n\n<div class=\"wp-block-image\"><figure class=\"aligncenter size-large is-resized\"><a href=\"https:\/\/www.instagram.com\/restaurantepegoretti\/\"><img loading=\"lazy\" decoding=\"async\" src=\"https:\/\/jornalfatosenoticias.com.br\/wp-content\/uploads\/2023\/12\/pegoretti-logo-pdf-1024x389.jpg\" alt=\"\" class=\"wp-image-47536\" width=\"464\" height=\"176\" srcset=\"https:\/\/jornalfatosenoticias.com.br\/wp-content\/uploads\/2023\/12\/pegoretti-logo-pdf-1024x389.jpg 1024w, https:\/\/jornalfatosenoticias.com.br\/wp-content\/uploads\/2023\/12\/pegoretti-logo-pdf-300x114.jpg 300w, https:\/\/jornalfatosenoticias.com.br\/wp-content\/uploads\/2023\/12\/pegoretti-logo-pdf-768x291.jpg 768w, https:\/\/jornalfatosenoticias.com.br\/wp-content\/uploads\/2023\/12\/pegoretti-logo-pdf.jpg 1120w\" sizes=\"auto, (max-width: 464px) 100vw, 464px\" \/><\/a><\/figure><\/div>\n\n\n\n<p>Na ter\u00e7a-feira, o presidente dos EUA, Donald Trump, assinou uma ordem executiva para encerrar a participa\u00e7\u00e3o dos EUA no Conselho de Direitos Humanos da ONU \u2014 no qual tamb\u00e9m era observador \u2014 e continuar a suspens\u00e3o do financiamento para a ag\u00eancia da ONU para refugiados palestinos (UNRWA).<\/p>\n\n\n\n<div class=\"wp-block-image\"><figure class=\"aligncenter size-large is-resized\"><a href=\"https:\/\/www.instagram.com\/esteiochurrascaria\/\"><img loading=\"lazy\" decoding=\"async\" src=\"https:\/\/jornalfatosenoticias.com.br\/wp-content\/uploads\/2022\/02\/LOGO-ESTEIO-1024x730.png\" alt=\"\" class=\"wp-image-27942\" width=\"335\" height=\"239\" srcset=\"https:\/\/jornalfatosenoticias.com.br\/wp-content\/uploads\/2022\/02\/LOGO-ESTEIO-1024x730.png 1024w, https:\/\/jornalfatosenoticias.com.br\/wp-content\/uploads\/2022\/02\/LOGO-ESTEIO-300x214.png 300w, https:\/\/jornalfatosenoticias.com.br\/wp-content\/uploads\/2022\/02\/LOGO-ESTEIO-768x548.png 768w, https:\/\/jornalfatosenoticias.com.br\/wp-content\/uploads\/2022\/02\/LOGO-ESTEIO.png 1123w\" sizes=\"auto, (max-width: 335px) 100vw, 335px\" \/><\/a><\/figure><\/div>\n\n\n\n<p>A assinatura ocorreu no mesmo dia em que Trump se reuniu no Sal\u00e3o Oval da Casa Branca com o primeiro-ministro israelense, Benjamin Netanyahu. Em um comunicado divulgado antes da assinatura, a Casa Branca disse que o Conselho de Direitos Humanos da ONU \u201cmostrou um vi\u00e9s consistente contra Israel\u201d e permitiu que pa\u00edses como Ir\u00e3, China e Cuba o utilizassem para \u201cse proteger, apesar de suas graves viola\u00e7\u00f5es e abusos dos direitos humanos\u201d. <strong>(Fonte: Gazeta do Povo)<\/strong><\/p>\n\n\n\n<div class=\"wp-block-image\"><figure class=\"aligncenter size-large\"><a href=\"https:\/\/www.controlsystems.com.br\/\"><img loading=\"lazy\" decoding=\"async\" width=\"1024\" height=\"109\" src=\"https:\/\/jornalfatosenoticias.com.br\/wp-content\/uploads\/2020\/02\/CONTROL-CS2-1024x109.jpg\" alt=\"\" class=\"wp-image-44989\" srcset=\"https:\/\/jornalfatosenoticias.com.br\/wp-content\/uploads\/2020\/02\/CONTROL-CS2-1024x109.jpg 1024w, https:\/\/jornalfatosenoticias.com.br\/wp-content\/uploads\/2020\/02\/CONTROL-CS2-300x32.jpg 300w, https:\/\/jornalfatosenoticias.com.br\/wp-content\/uploads\/2020\/02\/CONTROL-CS2-768x82.jpg 768w, https:\/\/jornalfatosenoticias.com.br\/wp-content\/uploads\/2020\/02\/CONTROL-CS2.jpg 1120w\" sizes=\"auto, (max-width: 1024px) 100vw, 1024px\" \/><\/a><\/figure><\/div>\n\n\n\n<hr class=\"wp-block-separator\"\/>\n","protected":false},"excerpt":{"rendered":"<p>O governo do presidente argentino Javier Milei anunciou planos para refor\u00e7ar a seguran\u00e7a nas fronteiras do pa\u00eds, incluindo a constru\u00e7\u00e3o de um muro na divisa com o Brasil. A ministra da Seguran\u00e7a, Patricia Bullrich, confirmou a inten\u00e7\u00e3o de instalar uma barreira na regi\u00e3o de Misiones, sobretudo na fronteira com o munic\u00edpio de Dion\u00edsio Cerqueira, em [&hellip;]<\/p>\n","protected":false},"author":3,"featured_media":57371,"comment_status":"open","ping_status":"open","sticky":false,"template":"","format":"standard","meta":{"footnotes":""},"categories":[10],"tags":[5995,597,24030,5043,2147,25620,162,18616,7580,12650,289],"class_list":["post-57364","post","type-post","status-publish","format-standard","has-post-thumbnail","hentry","category-politica","tag-argentina","tag-brasil","tag-claudio-castro","tag-cuba","tag-donald-trump","tag-hugo-motta","tag-israel","tag-javier-milei","tag-lula","tag-muro","tag-rio-de-janeiro"],"yoast_head":"<!-- This site is optimized with the Yoast SEO plugin v26.5 - https:\/\/yoast.com\/wordpress\/plugins\/seo\/ -->\n<title>A Semana no Brasil e no Mundo \u2014 Sob Lula, governo Milei planeja construir muro na fronteira com o Brasil - Jornal Fatos e Not\u00edcias<\/title>\n<meta name=\"robots\" content=\"index, follow, max-snippet:-1, max-image-preview:large, max-video-preview:-1\" \/>\n<link rel=\"canonical\" href=\"https:\/\/jornalfatosenoticias.com.br\/index.php\/2025\/02\/06\/a-semana-no-brasil-e-no-mundo-sob-lula-governo-milei-planeja-construir-muro-na-fronteira-com-o-brasil\/\" \/>\n<meta property=\"og:locale\" content=\"pt_BR\" \/>\n<meta property=\"og:type\" content=\"article\" \/>\n<meta property=\"og:title\" content=\"A Semana no Brasil e no Mundo \u2014 Sob Lula, governo Milei planeja construir muro na fronteira com o Brasil - Jornal Fatos e Not\u00edcias\" \/>\n<meta property=\"og:description\" content=\"O governo do presidente argentino Javier Milei anunciou planos para refor\u00e7ar a seguran\u00e7a nas fronteiras do pa\u00eds, incluindo a constru\u00e7\u00e3o de um muro na divisa com o Brasil. A ministra da Seguran\u00e7a, Patricia Bullrich, confirmou a inten\u00e7\u00e3o de instalar uma barreira na regi\u00e3o de Misiones, sobretudo na fronteira com o munic\u00edpio de Dion\u00edsio Cerqueira, em [&hellip;]\" \/>\n<meta property=\"og:url\" content=\"https:\/\/jornalfatosenoticias.com.br\/index.php\/2025\/02\/06\/a-semana-no-brasil-e-no-mundo-sob-lula-governo-milei-planeja-construir-muro-na-fronteira-com-o-brasil\/\" \/>\n<meta property=\"og:site_name\" content=\"Jornal Fatos e Not\u00edcias\" \/>\n<meta property=\"article:published_time\" content=\"2025-02-06T15:32:07+00:00\" \/>\n<meta property=\"article:modified_time\" content=\"2025-02-06T15:32:09+00:00\" \/>\n<meta property=\"og:image\" content=\"https:\/\/jornalfatosenoticias.com.br\/wp-content\/uploads\/2025\/02\/milei-e-lula-MURO.jpg\" \/>\n\t<meta property=\"og:image:width\" content=\"750\" \/>\n\t<meta property=\"og:image:height\" content=\"375\" \/>\n\t<meta property=\"og:image:type\" content=\"image\/jpeg\" \/>\n<meta name=\"author\" content=\"Haroldo Filho\" \/>\n<meta name=\"twitter:card\" content=\"summary_large_image\" \/>\n<meta name=\"twitter:label1\" content=\"Escrito por\" \/>\n\t<meta name=\"twitter:data1\" content=\"Haroldo Filho\" \/>\n\t<meta name=\"twitter:label2\" content=\"Est. tempo de leitura\" \/>\n\t<meta name=\"twitter:data2\" content=\"9 minutos\" \/>\n<script type=\"application\/ld+json\" class=\"yoast-schema-graph\">{\"@context\":\"https:\/\/schema.org\",\"@graph\":[{\"@type\":\"Article\",\"@id\":\"https:\/\/jornalfatosenoticias.com.br\/index.php\/2025\/02\/06\/a-semana-no-brasil-e-no-mundo-sob-lula-governo-milei-planeja-construir-muro-na-fronteira-com-o-brasil\/#article\",\"isPartOf\":{\"@id\":\"https:\/\/jornalfatosenoticias.com.br\/index.php\/2025\/02\/06\/a-semana-no-brasil-e-no-mundo-sob-lula-governo-milei-planeja-construir-muro-na-fronteira-com-o-brasil\/\"},\"author\":{\"name\":\"Haroldo Filho\",\"@id\":\"https:\/\/jornalfatosenoticias.com.br\/#\/schema\/person\/05c46cc25b42a5c27e004fb0fa6b4965\"},\"headline\":\"A Semana no Brasil e no Mundo \u2014 Sob Lula, governo Milei planeja construir muro na fronteira com o Brasil\",\"datePublished\":\"2025-02-06T15:32:07+00:00\",\"dateModified\":\"2025-02-06T15:32:09+00:00\",\"mainEntityOfPage\":{\"@id\":\"https:\/\/jornalfatosenoticias.com.br\/index.php\/2025\/02\/06\/a-semana-no-brasil-e-no-mundo-sob-lula-governo-milei-planeja-construir-muro-na-fronteira-com-o-brasil\/\"},\"wordCount\":1883,\"commentCount\":0,\"publisher\":{\"@id\":\"https:\/\/jornalfatosenoticias.com.br\/#organization\"},\"image\":{\"@id\":\"https:\/\/jornalfatosenoticias.com.br\/index.php\/2025\/02\/06\/a-semana-no-brasil-e-no-mundo-sob-lula-governo-milei-planeja-construir-muro-na-fronteira-com-o-brasil\/#primaryimage\"},\"thumbnailUrl\":\"https:\/\/jornalfatosenoticias.com.br\/wp-content\/uploads\/2025\/02\/milei-e-lula-MURO.jpg\",\"keywords\":[\"Argentina\",\"Brasil\",\"Cl\u00e1udio Castro\",\"Cuba\",\"Donald Trump\",\"Hugo Motta\",\"Israel\",\"Javier Milei\",\"Lula\",\"muro\",\"Rio de Janeiro\"],\"articleSection\":[\"Pol\u00edtica\"],\"inLanguage\":\"pt-BR\",\"potentialAction\":[{\"@type\":\"CommentAction\",\"name\":\"Comment\",\"target\":[\"https:\/\/jornalfatosenoticias.com.br\/index.php\/2025\/02\/06\/a-semana-no-brasil-e-no-mundo-sob-lula-governo-milei-planeja-construir-muro-na-fronteira-com-o-brasil\/#respond\"]}]},{\"@type\":\"WebPage\",\"@id\":\"https:\/\/jornalfatosenoticias.com.br\/index.php\/2025\/02\/06\/a-semana-no-brasil-e-no-mundo-sob-lula-governo-milei-planeja-construir-muro-na-fronteira-com-o-brasil\/\",\"url\":\"https:\/\/jornalfatosenoticias.com.br\/index.php\/2025\/02\/06\/a-semana-no-brasil-e-no-mundo-sob-lula-governo-milei-planeja-construir-muro-na-fronteira-com-o-brasil\/\",\"name\":\"A Semana no Brasil e no Mundo \u2014 Sob Lula, governo Milei planeja construir muro na fronteira com o Brasil - Jornal Fatos e Not\u00edcias\",\"isPartOf\":{\"@id\":\"https:\/\/jornalfatosenoticias.com.br\/#website\"},\"primaryImageOfPage\":{\"@id\":\"https:\/\/jornalfatosenoticias.com.br\/index.php\/2025\/02\/06\/a-semana-no-brasil-e-no-mundo-sob-lula-governo-milei-planeja-construir-muro-na-fronteira-com-o-brasil\/#primaryimage\"},\"image\":{\"@id\":\"https:\/\/jornalfatosenoticias.com.br\/index.php\/2025\/02\/06\/a-semana-no-brasil-e-no-mundo-sob-lula-governo-milei-planeja-construir-muro-na-fronteira-com-o-brasil\/#primaryimage\"},\"thumbnailUrl\":\"https:\/\/jornalfatosenoticias.com.br\/wp-content\/uploads\/2025\/02\/milei-e-lula-MURO.jpg\",\"datePublished\":\"2025-02-06T15:32:07+00:00\",\"dateModified\":\"2025-02-06T15:32:09+00:00\",\"breadcrumb\":{\"@id\":\"https:\/\/jornalfatosenoticias.com.br\/index.php\/2025\/02\/06\/a-semana-no-brasil-e-no-mundo-sob-lula-governo-milei-planeja-construir-muro-na-fronteira-com-o-brasil\/#breadcrumb\"},\"inLanguage\":\"pt-BR\",\"potentialAction\":[{\"@type\":\"ReadAction\",\"target\":[\"https:\/\/jornalfatosenoticias.com.br\/index.php\/2025\/02\/06\/a-semana-no-brasil-e-no-mundo-sob-lula-governo-milei-planeja-construir-muro-na-fronteira-com-o-brasil\/\"]}]},{\"@type\":\"ImageObject\",\"inLanguage\":\"pt-BR\",\"@id\":\"https:\/\/jornalfatosenoticias.com.br\/index.php\/2025\/02\/06\/a-semana-no-brasil-e-no-mundo-sob-lula-governo-milei-planeja-construir-muro-na-fronteira-com-o-brasil\/#primaryimage\",\"url\":\"https:\/\/jornalfatosenoticias.com.br\/wp-content\/uploads\/2025\/02\/milei-e-lula-MURO.jpg\",\"contentUrl\":\"https:\/\/jornalfatosenoticias.com.br\/wp-content\/uploads\/2025\/02\/milei-e-lula-MURO.jpg\",\"width\":750,\"height\":375},{\"@type\":\"BreadcrumbList\",\"@id\":\"https:\/\/jornalfatosenoticias.com.br\/index.php\/2025\/02\/06\/a-semana-no-brasil-e-no-mundo-sob-lula-governo-milei-planeja-construir-muro-na-fronteira-com-o-brasil\/#breadcrumb\",\"itemListElement\":[{\"@type\":\"ListItem\",\"position\":1,\"name\":\"In\u00edcio\",\"item\":\"https:\/\/jornalfatosenoticias.com.br\/\"},{\"@type\":\"ListItem\",\"position\":2,\"name\":\"A Semana no Brasil e no Mundo \u2014 Sob Lula, governo Milei planeja construir muro na fronteira com o Brasil\"}]},{\"@type\":\"WebSite\",\"@id\":\"https:\/\/jornalfatosenoticias.com.br\/#website\",\"url\":\"https:\/\/jornalfatosenoticias.com.br\/\",\"name\":\"Jornal Fatos e Not\u00edcias\",\"description\":\"Not\u00edcias em geral\",\"publisher\":{\"@id\":\"https:\/\/jornalfatosenoticias.com.br\/#organization\"},\"potentialAction\":[{\"@type\":\"SearchAction\",\"target\":{\"@type\":\"EntryPoint\",\"urlTemplate\":\"https:\/\/jornalfatosenoticias.com.br\/?s={search_term_string}\"},\"query-input\":{\"@type\":\"PropertyValueSpecification\",\"valueRequired\":true,\"valueName\":\"search_term_string\"}}],\"inLanguage\":\"pt-BR\"},{\"@type\":\"Organization\",\"@id\":\"https:\/\/jornalfatosenoticias.com.br\/#organization\",\"name\":\"Jornal Fatos e Not\u00edcias\",\"url\":\"https:\/\/jornalfatosenoticias.com.br\/\",\"logo\":{\"@type\":\"ImageObject\",\"inLanguage\":\"pt-BR\",\"@id\":\"https:\/\/jornalfatosenoticias.com.br\/#\/schema\/logo\/image\/\",\"url\":\"https:\/\/jornalfatosenoticias.com.br\/wp-content\/uploads\/2020\/02\/logo120.png\",\"contentUrl\":\"https:\/\/jornalfatosenoticias.com.br\/wp-content\/uploads\/2020\/02\/logo120.png\",\"width\":1227,\"height\":120,\"caption\":\"Jornal Fatos e Not\u00edcias\"},\"image\":{\"@id\":\"https:\/\/jornalfatosenoticias.com.br\/#\/schema\/logo\/image\/\"}},{\"@type\":\"Person\",\"@id\":\"https:\/\/jornalfatosenoticias.com.br\/#\/schema\/person\/05c46cc25b42a5c27e004fb0fa6b4965\",\"name\":\"Haroldo Filho\",\"image\":{\"@type\":\"ImageObject\",\"inLanguage\":\"pt-BR\",\"@id\":\"https:\/\/jornalfatosenoticias.com.br\/#\/schema\/person\/image\/\",\"url\":\"https:\/\/jornalfatosenoticias.com.br\/wp-content\/uploads\/2025\/08\/WhatsApp-Image-2025-08-18-at-15.30.28-150x150.jpeg\",\"contentUrl\":\"https:\/\/jornalfatosenoticias.com.br\/wp-content\/uploads\/2025\/08\/WhatsApp-Image-2025-08-18-at-15.30.28-150x150.jpeg\",\"caption\":\"Haroldo Filho\"},\"description\":\"Jornalista \u2013 DRT: 0003818\/ES Coordenador-geral da ONG Educar para Crescer\",\"url\":\"https:\/\/jornalfatosenoticias.com.br\/index.php\/author\/haroldo\/\"}]}<\/script>\n<!-- \/ Yoast SEO plugin. -->","yoast_head_json":{"title":"A Semana no Brasil e no Mundo \u2014 Sob Lula, governo Milei planeja construir muro na fronteira com o Brasil - Jornal Fatos e Not\u00edcias","robots":{"index":"index","follow":"follow","max-snippet":"max-snippet:-1","max-image-preview":"max-image-preview:large","max-video-preview":"max-video-preview:-1"},"canonical":"https:\/\/jornalfatosenoticias.com.br\/index.php\/2025\/02\/06\/a-semana-no-brasil-e-no-mundo-sob-lula-governo-milei-planeja-construir-muro-na-fronteira-com-o-brasil\/","og_locale":"pt_BR","og_type":"article","og_title":"A Semana no Brasil e no Mundo \u2014 Sob Lula, governo Milei planeja construir muro na fronteira com o Brasil - Jornal Fatos e Not\u00edcias","og_description":"O governo do presidente argentino Javier Milei anunciou planos para refor\u00e7ar a seguran\u00e7a nas fronteiras do pa\u00eds, incluindo a constru\u00e7\u00e3o de um muro na divisa com o Brasil. A ministra da Seguran\u00e7a, Patricia Bullrich, confirmou a inten\u00e7\u00e3o de instalar uma barreira na regi\u00e3o de Misiones, sobretudo na fronteira com o munic\u00edpio de Dion\u00edsio Cerqueira, em [&hellip;]","og_url":"https:\/\/jornalfatosenoticias.com.br\/index.php\/2025\/02\/06\/a-semana-no-brasil-e-no-mundo-sob-lula-governo-milei-planeja-construir-muro-na-fronteira-com-o-brasil\/","og_site_name":"Jornal Fatos e Not\u00edcias","article_published_time":"2025-02-06T15:32:07+00:00","article_modified_time":"2025-02-06T15:32:09+00:00","og_image":[{"width":750,"height":375,"url":"https:\/\/jornalfatosenoticias.com.br\/wp-content\/uploads\/2025\/02\/milei-e-lula-MURO.jpg","type":"image\/jpeg"}],"author":"Haroldo Filho","twitter_card":"summary_large_image","twitter_misc":{"Escrito por":"Haroldo Filho","Est. tempo de leitura":"9 minutos"},"schema":{"@context":"https:\/\/schema.org","@graph":[{"@type":"Article","@id":"https:\/\/jornalfatosenoticias.com.br\/index.php\/2025\/02\/06\/a-semana-no-brasil-e-no-mundo-sob-lula-governo-milei-planeja-construir-muro-na-fronteira-com-o-brasil\/#article","isPartOf":{"@id":"https:\/\/jornalfatosenoticias.com.br\/index.php\/2025\/02\/06\/a-semana-no-brasil-e-no-mundo-sob-lula-governo-milei-planeja-construir-muro-na-fronteira-com-o-brasil\/"},"author":{"name":"Haroldo Filho","@id":"https:\/\/jornalfatosenoticias.com.br\/#\/schema\/person\/05c46cc25b42a5c27e004fb0fa6b4965"},"headline":"A Semana no Brasil e no Mundo \u2014 Sob Lula, governo Milei planeja construir muro na fronteira com o Brasil","datePublished":"2025-02-06T15:32:07+00:00","dateModified":"2025-02-06T15:32:09+00:00","mainEntityOfPage":{"@id":"https:\/\/jornalfatosenoticias.com.br\/index.php\/2025\/02\/06\/a-semana-no-brasil-e-no-mundo-sob-lula-governo-milei-planeja-construir-muro-na-fronteira-com-o-brasil\/"},"wordCount":1883,"commentCount":0,"publisher":{"@id":"https:\/\/jornalfatosenoticias.com.br\/#organization"},"image":{"@id":"https:\/\/jornalfatosenoticias.com.br\/index.php\/2025\/02\/06\/a-semana-no-brasil-e-no-mundo-sob-lula-governo-milei-planeja-construir-muro-na-fronteira-com-o-brasil\/#primaryimage"},"thumbnailUrl":"https:\/\/jornalfatosenoticias.com.br\/wp-content\/uploads\/2025\/02\/milei-e-lula-MURO.jpg","keywords":["Argentina","Brasil","Cl\u00e1udio Castro","Cuba","Donald Trump","Hugo Motta","Israel","Javier Milei","Lula","muro","Rio de Janeiro"],"articleSection":["Pol\u00edtica"],"inLanguage":"pt-BR","potentialAction":[{"@type":"CommentAction","name":"Comment","target":["https:\/\/jornalfatosenoticias.com.br\/index.php\/2025\/02\/06\/a-semana-no-brasil-e-no-mundo-sob-lula-governo-milei-planeja-construir-muro-na-fronteira-com-o-brasil\/#respond"]}]},{"@type":"WebPage","@id":"https:\/\/jornalfatosenoticias.com.br\/index.php\/2025\/02\/06\/a-semana-no-brasil-e-no-mundo-sob-lula-governo-milei-planeja-construir-muro-na-fronteira-com-o-brasil\/","url":"https:\/\/jornalfatosenoticias.com.br\/index.php\/2025\/02\/06\/a-semana-no-brasil-e-no-mundo-sob-lula-governo-milei-planeja-construir-muro-na-fronteira-com-o-brasil\/","name":"A Semana no Brasil e no Mundo \u2014 Sob Lula, governo Milei planeja construir muro na fronteira com o Brasil - Jornal Fatos e Not\u00edcias","isPartOf":{"@id":"https:\/\/jornalfatosenoticias.com.br\/#website"},"primaryImageOfPage":{"@id":"https:\/\/jornalfatosenoticias.com.br\/index.php\/2025\/02\/06\/a-semana-no-brasil-e-no-mundo-sob-lula-governo-milei-planeja-construir-muro-na-fronteira-com-o-brasil\/#primaryimage"},"image":{"@id":"https:\/\/jornalfatosenoticias.com.br\/index.php\/2025\/02\/06\/a-semana-no-brasil-e-no-mundo-sob-lula-governo-milei-planeja-construir-muro-na-fronteira-com-o-brasil\/#primaryimage"},"thumbnailUrl":"https:\/\/jornalfatosenoticias.com.br\/wp-content\/uploads\/2025\/02\/milei-e-lula-MURO.jpg","datePublished":"2025-02-06T15:32:07+00:00","dateModified":"2025-02-06T15:32:09+00:00","breadcrumb":{"@id":"https:\/\/jornalfatosenoticias.com.br\/index.php\/2025\/02\/06\/a-semana-no-brasil-e-no-mundo-sob-lula-governo-milei-planeja-construir-muro-na-fronteira-com-o-brasil\/#breadcrumb"},"inLanguage":"pt-BR","potentialAction":[{"@type":"ReadAction","target":["https:\/\/jornalfatosenoticias.com.br\/index.php\/2025\/02\/06\/a-semana-no-brasil-e-no-mundo-sob-lula-governo-milei-planeja-construir-muro-na-fronteira-com-o-brasil\/"]}]},{"@type":"ImageObject","inLanguage":"pt-BR","@id":"https:\/\/jornalfatosenoticias.com.br\/index.php\/2025\/02\/06\/a-semana-no-brasil-e-no-mundo-sob-lula-governo-milei-planeja-construir-muro-na-fronteira-com-o-brasil\/#primaryimage","url":"https:\/\/jornalfatosenoticias.com.br\/wp-content\/uploads\/2025\/02\/milei-e-lula-MURO.jpg","contentUrl":"https:\/\/jornalfatosenoticias.com.br\/wp-content\/uploads\/2025\/02\/milei-e-lula-MURO.jpg","width":750,"height":375},{"@type":"BreadcrumbList","@id":"https:\/\/jornalfatosenoticias.com.br\/index.php\/2025\/02\/06\/a-semana-no-brasil-e-no-mundo-sob-lula-governo-milei-planeja-construir-muro-na-fronteira-com-o-brasil\/#breadcrumb","itemListElement":[{"@type":"ListItem","position":1,"name":"In\u00edcio","item":"https:\/\/jornalfatosenoticias.com.br\/"},{"@type":"ListItem","position":2,"name":"A Semana no Brasil e no Mundo \u2014 Sob Lula, governo Milei planeja construir muro na fronteira com o Brasil"}]},{"@type":"WebSite","@id":"https:\/\/jornalfatosenoticias.com.br\/#website","url":"https:\/\/jornalfatosenoticias.com.br\/","name":"Jornal Fatos e Not\u00edcias","description":"Not\u00edcias em geral","publisher":{"@id":"https:\/\/jornalfatosenoticias.com.br\/#organization"},"potentialAction":[{"@type":"SearchAction","target":{"@type":"EntryPoint","urlTemplate":"https:\/\/jornalfatosenoticias.com.br\/?s={search_term_string}"},"query-input":{"@type":"PropertyValueSpecification","valueRequired":true,"valueName":"search_term_string"}}],"inLanguage":"pt-BR"},{"@type":"Organization","@id":"https:\/\/jornalfatosenoticias.com.br\/#organization","name":"Jornal Fatos e Not\u00edcias","url":"https:\/\/jornalfatosenoticias.com.br\/","logo":{"@type":"ImageObject","inLanguage":"pt-BR","@id":"https:\/\/jornalfatosenoticias.com.br\/#\/schema\/logo\/image\/","url":"https:\/\/jornalfatosenoticias.com.br\/wp-content\/uploads\/2020\/02\/logo120.png","contentUrl":"https:\/\/jornalfatosenoticias.com.br\/wp-content\/uploads\/2020\/02\/logo120.png","width":1227,"height":120,"caption":"Jornal Fatos e Not\u00edcias"},"image":{"@id":"https:\/\/jornalfatosenoticias.com.br\/#\/schema\/logo\/image\/"}},{"@type":"Person","@id":"https:\/\/jornalfatosenoticias.com.br\/#\/schema\/person\/05c46cc25b42a5c27e004fb0fa6b4965","name":"Haroldo Filho","image":{"@type":"ImageObject","inLanguage":"pt-BR","@id":"https:\/\/jornalfatosenoticias.com.br\/#\/schema\/person\/image\/","url":"https:\/\/jornalfatosenoticias.com.br\/wp-content\/uploads\/2025\/08\/WhatsApp-Image-2025-08-18-at-15.30.28-150x150.jpeg","contentUrl":"https:\/\/jornalfatosenoticias.com.br\/wp-content\/uploads\/2025\/08\/WhatsApp-Image-2025-08-18-at-15.30.28-150x150.jpeg","caption":"Haroldo Filho"},"description":"Jornalista \u2013 DRT: 0003818\/ES Coordenador-geral da ONG Educar para Crescer","url":"https:\/\/jornalfatosenoticias.com.br\/index.php\/author\/haroldo\/"}]}},"cc_featured_image_caption":{"caption_text":"(Foto: Reprodu\u00e7\u00e3o internet) ","source_text":"","source_url":""},"jetpack_featured_media_url":"https:\/\/jornalfatosenoticias.com.br\/wp-content\/uploads\/2025\/02\/milei-e-lula-MURO.jpg","_links":{"self":[{"href":"https:\/\/jornalfatosenoticias.com.br\/index.php\/wp-json\/wp\/v2\/posts\/57364","targetHints":{"allow":["GET"]}}],"collection":[{"href":"https:\/\/jornalfatosenoticias.com.br\/index.php\/wp-json\/wp\/v2\/posts"}],"about":[{"href":"https:\/\/jornalfatosenoticias.com.br\/index.php\/wp-json\/wp\/v2\/types\/post"}],"author":[{"embeddable":true,"href":"https:\/\/jornalfatosenoticias.com.br\/index.php\/wp-json\/wp\/v2\/users\/3"}],"replies":[{"embeddable":true,"href":"https:\/\/jornalfatosenoticias.com.br\/index.php\/wp-json\/wp\/v2\/comments?post=57364"}],"version-history":[{"count":0,"href":"https:\/\/jornalfatosenoticias.com.br\/index.php\/wp-json\/wp\/v2\/posts\/57364\/revisions"}],"wp:featuredmedia":[{"embeddable":true,"href":"https:\/\/jornalfatosenoticias.com.br\/index.php\/wp-json\/wp\/v2\/media\/57371"}],"wp:attachment":[{"href":"https:\/\/jornalfatosenoticias.com.br\/index.php\/wp-json\/wp\/v2\/media?parent=57364"}],"wp:term":[{"taxonomy":"category","embeddable":true,"href":"https:\/\/jornalfatosenoticias.com.br\/index.php\/wp-json\/wp\/v2\/categories?post=57364"},{"taxonomy":"post_tag","embeddable":true,"href":"https:\/\/jornalfatosenoticias.com.br\/index.php\/wp-json\/wp\/v2\/tags?post=57364"}],"curies":[{"name":"wp","href":"https:\/\/api.w.org\/{rel}","templated":true}]}}