{"id":57391,"date":"2025-02-06T13:21:07","date_gmt":"2025-02-06T16:21:07","guid":{"rendered":"https:\/\/jornalfatosenoticias.com.br\/?p=57391"},"modified":"2025-02-06T13:21:08","modified_gmt":"2025-02-06T16:21:08","slug":"acoes-pedagogicas-para-melhorar-o-aprendizado-dos-alunos","status":"publish","type":"post","link":"https:\/\/jornalfatosenoticias.com.br\/index.php\/2025\/02\/06\/acoes-pedagogicas-para-melhorar-o-aprendizado-dos-alunos\/","title":{"rendered":"A\u00e7\u00f5es pedag\u00f3gicas para melhorar o aprendizado dos alunos"},"content":{"rendered":"\n<p><em><span class=\"has-inline-color has-black-color\">Nenhum cen\u00e1rio negativo \u00e9 transformado da noite para o dia, principalmente, quando se fala de educa\u00e7\u00e3o<\/span><\/em><\/p>\n\n\n\n<div class=\"wp-block-image\"><figure class=\"aligncenter size-large\"><a href=\"https:\/\/panper.com.br\/\"><img loading=\"lazy\" decoding=\"async\" width=\"1024\" height=\"111\" src=\"https:\/\/jornalfatosenoticias.com.br\/wp-content\/uploads\/2020\/02\/WhatsApp-Image-2022-09-23-at-12.09.18-1024x111.jpeg\" alt=\"\" class=\"wp-image-34527\" srcset=\"https:\/\/jornalfatosenoticias.com.br\/wp-content\/uploads\/2020\/02\/WhatsApp-Image-2022-09-23-at-12.09.18-1024x111.jpeg 1024w, https:\/\/jornalfatosenoticias.com.br\/wp-content\/uploads\/2020\/02\/WhatsApp-Image-2022-09-23-at-12.09.18-300x32.jpeg 300w, https:\/\/jornalfatosenoticias.com.br\/wp-content\/uploads\/2020\/02\/WhatsApp-Image-2022-09-23-at-12.09.18-768x83.jpeg 768w, https:\/\/jornalfatosenoticias.com.br\/wp-content\/uploads\/2020\/02\/WhatsApp-Image-2022-09-23-at-12.09.18.jpeg 1121w\" sizes=\"auto, (max-width: 1024px) 100vw, 1024px\" \/><\/a><\/figure><\/div>\n\n\n\n<p>Nenhum cen\u00e1rio negativo \u00e9 transformado da noite para o dia, principalmente, quando se fala de educa\u00e7\u00e3o. A escola precisa coordenar uma s\u00e9rie de a\u00e7\u00f5es, em outras palavras, \u00e9 necess\u00e1rio estruturar um plano de a\u00e7\u00e3o para melhorar o desempenho dos alunos. Cada plano de a\u00e7\u00e3o pedag\u00f3gico \u00e9 \u00fanico e exclusivo. A equipe pedag\u00f3gica da escola \u00e9 quem elabora esse documento, de acordo com a realidade local, depois de uma minuciosa an\u00e1lise. Por isso, n\u00e3o h\u00e1 um modelo pronto a seguir. A partir desses dados, \u00e9 poss\u00edvel ter uma vis\u00e3o macro do cen\u00e1rio educacional e come\u00e7ar a mapear as fragilidades. <\/p>\n\n\n\n<div class=\"wp-block-image\"><figure class=\"aligncenter size-large\"><a href=\"https:\/\/cesconetto.com.br\/\"><img loading=\"lazy\" decoding=\"async\" width=\"300\" height=\"250\" src=\"https:\/\/jornalfatosenoticias.com.br\/wp-content\/uploads\/2020\/02\/Banner-2.png\" alt=\"\" class=\"wp-image-43787\"\/><\/a><\/figure><\/div>\n\n\n\n<p><strong><span class=\"has-inline-color has-black-color\">Com propostas voltadas para transformar a educa\u00e7\u00e3o e conect\u00e1-la aos alunos do s\u00e9culo 21. Tais como:<br><\/span>\u2713<\/strong> Planejar e implementar pr\u00e1ticas pedag\u00f3gicas a partir dos interesses dos alunos e das necessidades do s\u00e9culo 21, com o uso dos recursos e das tecnologias dispon\u00edveis na escola e na comunidade.<br><strong>\u2713<\/strong> Promover o uso pedag\u00f3gico das tecnologias e da internet, utilizando-as a favor da realiza\u00e7\u00e3o de pr\u00e1ticas mais inovadoras; usar a tecnologia de forma l\u00fadica e criativa como ferramenta de est\u00edmulo ao engajamento, \u00e0 aprendizagem e \u00e0 colabora\u00e7\u00e3o entre os alunos.<br><strong>\u2713<\/strong> Criar e fortalecer mecanismos em que os alunos sejam coautores das a\u00e7\u00f5es pedag\u00f3gicas, junto com seus professores.<\/p>\n\n\n\n<div class=\"wp-block-image\"><figure class=\"aligncenter size-large is-resized\"><a href=\"https:\/\/www.instagram.com\/serra4x4cambioautomatico\/\"><img loading=\"lazy\" decoding=\"async\" src=\"https:\/\/jornalfatosenoticias.com.br\/wp-content\/uploads\/2024\/08\/Serra-4x4-1-886x1024.jpg\" alt=\"\" class=\"wp-image-53632\" width=\"285\" height=\"329\" srcset=\"https:\/\/jornalfatosenoticias.com.br\/wp-content\/uploads\/2024\/08\/Serra-4x4-1-886x1024.jpg 886w, https:\/\/jornalfatosenoticias.com.br\/wp-content\/uploads\/2024\/08\/Serra-4x4-1-260x300.jpg 260w, https:\/\/jornalfatosenoticias.com.br\/wp-content\/uploads\/2024\/08\/Serra-4x4-1-768x888.jpg 768w, https:\/\/jornalfatosenoticias.com.br\/wp-content\/uploads\/2024\/08\/Serra-4x4-1.jpg 1181w\" sizes=\"auto, (max-width: 285px) 100vw, 285px\" \/><\/a><\/figure><\/div>\n\n\n\n<p>As a\u00e7\u00f5es pedag\u00f3gicas s\u00e3o definidas como um conjunto de a\u00e7\u00f5es intencionais definidas pela escola para promover a aprendizagem dos alunos. Para isso, \u00e9 preciso compreender a import\u00e2ncia de servi\u00e7os de educa\u00e7\u00e3o, que devem ser reconhecidas e valorizadas, assim como o trabalho do professor. Por isso, as a\u00e7\u00f5es s\u00e3o fundamentais para a promo\u00e7\u00e3o da educa\u00e7\u00e3o desde o ensino b\u00e1sico para garantir que as crian\u00e7as alcancem os resultados esperados de acordo com o n\u00edvel escolar que se encontram. E ao longo do ano letivo, com a aplica\u00e7\u00e3o das a\u00e7\u00f5es bem definidas pela equipe pedag\u00f3gica, \u00e9 poss\u00edvel evidenciar se a aprendizagem e o desenvolvimento das crian\u00e7as est\u00e3o seguindo o que foi planejado a n\u00edvel de aprendizado.<\/p>\n\n\n\n<div class=\"wp-block-image\"><figure class=\"aligncenter size-large is-resized\"><a href=\"https:\/\/www.facebook.com\/postobkr\/?locale=pt_BR\"><img loading=\"lazy\" decoding=\"async\" src=\"https:\/\/jornalfatosenoticias.com.br\/wp-content\/uploads\/2023\/08\/BKR-1024x1021.jpg\" alt=\"\" class=\"wp-image-44494\" width=\"323\" height=\"322\" srcset=\"https:\/\/jornalfatosenoticias.com.br\/wp-content\/uploads\/2023\/08\/BKR-1024x1021.jpg 1024w, https:\/\/jornalfatosenoticias.com.br\/wp-content\/uploads\/2023\/08\/BKR-300x300.jpg 300w, https:\/\/jornalfatosenoticias.com.br\/wp-content\/uploads\/2023\/08\/BKR-150x150.jpg 150w, https:\/\/jornalfatosenoticias.com.br\/wp-content\/uploads\/2023\/08\/BKR-768x766.jpg 768w, https:\/\/jornalfatosenoticias.com.br\/wp-content\/uploads\/2023\/08\/BKR.jpg 1080w\" sizes=\"auto, (max-width: 323px) 100vw, 323px\" \/><\/a><\/figure><\/div>\n\n\n\n<p>Incentivar os professores a refletirem sobre sua pr\u00e1tica pedag\u00f3gica e a autoavaliar seu desempenho pode promover o desenvolvimento profissional cont\u00ednuo. Ferramentas como di\u00e1rios de ensino e portf\u00f3lios de pr\u00e1ticas pedag\u00f3gicas s\u00e3o \u00fateis nesse processo. Para desenvolver um relacionamento saud\u00e1vel entre as crian\u00e7as e suas fam\u00edlias, as fam\u00edlias desempenham um papel fundamental no processo educacional.<\/p>\n\n\n\n<div class=\"wp-block-image\"><figure class=\"aligncenter size-large is-resized\"><a href=\"https:\/\/www.instagram.com\/ligadossaborespizzaria\/\"><img loading=\"lazy\" decoding=\"async\" src=\"https:\/\/jornalfatosenoticias.com.br\/wp-content\/uploads\/2024\/09\/WhatsApp-Image-2024-09-14-at-22.46.10-819x1024.jpeg\" alt=\"\" class=\"wp-image-54180\" width=\"302\" height=\"377\" srcset=\"https:\/\/jornalfatosenoticias.com.br\/wp-content\/uploads\/2024\/09\/WhatsApp-Image-2024-09-14-at-22.46.10-819x1024.jpeg 819w, https:\/\/jornalfatosenoticias.com.br\/wp-content\/uploads\/2024\/09\/WhatsApp-Image-2024-09-14-at-22.46.10-240x300.jpeg 240w, https:\/\/jornalfatosenoticias.com.br\/wp-content\/uploads\/2024\/09\/WhatsApp-Image-2024-09-14-at-22.46.10-768x960.jpeg 768w, https:\/\/jornalfatosenoticias.com.br\/wp-content\/uploads\/2024\/09\/WhatsApp-Image-2024-09-14-at-22.46.10.jpeg 1024w\" sizes=\"auto, (max-width: 302px) 100vw, 302px\" \/><\/a><\/figure><\/div>\n\n\n\n<p>Uma parceria s\u00f3lida entre escola e fam\u00edlia pode potencializar os resultados de aprendizagem e o desenvolvimento integral das crian\u00e7as, informar os pais sobre o progresso e as necessidades de seus filhos ajuda a criar um ambiente de apoio em casa; comunicar-se de forma colaborativa com a comunidade de escolar; envolver-se em um aprendizado profissional cont\u00ednuo para apoiar a sua pr\u00e1tica pedag\u00f3gica e gerar um ambiente que promova curiosidade e inclus\u00e3o educacional com qualidade. <\/p>\n\n\n\n<div class=\"wp-block-image\"><figure class=\"aligncenter size-large is-resized\"><a href=\"https:\/\/www.facebook.com\/profile.php?id=100069289606145\"><img loading=\"lazy\" decoding=\"async\" src=\"https:\/\/jornalfatosenoticias.com.br\/wp-content\/uploads\/2024\/11\/Guaitolini-Contabilidade-1024x714.jpeg\" alt=\"\" class=\"wp-image-55808\" width=\"326\" height=\"227\" srcset=\"https:\/\/jornalfatosenoticias.com.br\/wp-content\/uploads\/2024\/11\/Guaitolini-Contabilidade-1024x714.jpeg 1024w, https:\/\/jornalfatosenoticias.com.br\/wp-content\/uploads\/2024\/11\/Guaitolini-Contabilidade-300x209.jpeg 300w, https:\/\/jornalfatosenoticias.com.br\/wp-content\/uploads\/2024\/11\/Guaitolini-Contabilidade-768x535.jpeg 768w, https:\/\/jornalfatosenoticias.com.br\/wp-content\/uploads\/2024\/11\/Guaitolini-Contabilidade.jpeg 1280w\" sizes=\"auto, (max-width: 326px) 100vw, 326px\" \/><\/a><\/figure><\/div>\n\n\n\n<p>As a\u00e7\u00f5es pedag\u00f3gicas visam promover a interdisciplinaridade na educa\u00e7\u00e3o e o ensino moderno, al\u00e9m de desenvolver a integra\u00e7\u00e3o e a complementa\u00e7\u00e3o dos conte\u00fados de uma disciplina com outras \u00e1reas do conhecimento, mesmo que aparentemente distintas. Nessa integra\u00e7\u00e3o das a\u00e7\u00f5es pedag\u00f3gicas efetivas h\u00e1 uma tentativa de tirar os alunos de uma postura passiva na aquisi\u00e7\u00e3o de conhecimento e dos experimentos em sala de aula.<\/p>\n\n\n\n<div class=\"wp-block-image\"><figure class=\"aligncenter size-large\"><a href=\"http:\/\/www.ferrarimaquinas.com.br\/\"><img loading=\"lazy\" decoding=\"async\" width=\"300\" height=\"250\" src=\"https:\/\/jornalfatosenoticias.com.br\/wp-content\/uploads\/2022\/02\/FERRARI_MAQUINAS-E-FERRAMENTAS2.jpg\" alt=\"\" class=\"wp-image-27860\"\/><\/a><\/figure><\/div>\n\n\n\n<p>Essas a\u00e7\u00f5es pedag\u00f3gicas buscam trabalhar um dos pilares da investiga\u00e7\u00e3o cient\u00edfica, a experimenta\u00e7\u00e3o, que est\u00e1 prevista nas diretrizes da Base Nacional Comum Curricular brasileira (BNCC), como preconiza o ensino desde a educa\u00e7\u00e3o infantil e \u00e9 organizado por meio de experi\u00eancias. Os campos de experi\u00eancias envolvem pr\u00e1ticas pedag\u00f3gicas interdisciplinares e l\u00fadicas, que consideram efetivamente as particularidades das crian\u00e7as pequenas.<\/p>\n\n\n\n<div class=\"wp-block-image\"><figure class=\"aligncenter size-large is-resized\"><a href=\"https:\/\/www.controlsystems.com.br\/\"><img loading=\"lazy\" decoding=\"async\" src=\"https:\/\/jornalfatosenoticias.com.br\/wp-content\/uploads\/2020\/02\/CONTROL-CS.jpg\" alt=\"\" class=\"wp-image-44991\" width=\"271\" height=\"324\" srcset=\"https:\/\/jornalfatosenoticias.com.br\/wp-content\/uploads\/2020\/02\/CONTROL-CS.jpg 834w, https:\/\/jornalfatosenoticias.com.br\/wp-content\/uploads\/2020\/02\/CONTROL-CS-250x300.jpg 250w, https:\/\/jornalfatosenoticias.com.br\/wp-content\/uploads\/2020\/02\/CONTROL-CS-768x921.jpg 768w\" sizes=\"auto, (max-width: 271px) 100vw, 271px\" \/><\/a><\/figure><\/div>\n\n\n\n<p>As escolas que se dedicam a essas a\u00e7\u00f5es est\u00e3o melhor equipadas para preparar seus alunos para o futuro, promovendo, n\u00e3o apenas o sucesso acad\u00eamico, mas, tamb\u00e9m, o desenvolvimento integral e o bem-estar. O desenvolvimento das a\u00e7\u00f5es pedag\u00f3gicas \u00e9 um processo que n\u00e3o tem prazo para terminar. Precisamos considerar e ter em mente que o aprimoramento de suas capacidades como professor \u00e9 cont\u00ednuo. N\u00e3o existe uma lista que limita as a\u00e7\u00f5es pedag\u00f3gicas que um professor pode seguir. Afinal, elas est\u00e3o sempre se transformando para atenderem \u00e0s demandas de uma sociedade cada vez mais conectada. As a\u00e7\u00f5es pedag\u00f3gicas visam servir e oferecer seguran\u00e7a e empoderar os alunos a serem os protagonistas na sala de aula, nos processos de aprendizagem social e emocional.<\/p>\n\n\n\n<div class=\"wp-block-image\"><figure class=\"aligncenter size-large\"><a href=\"https:\/\/www.facebook.com\/vetor.vix\/\"><img loading=\"lazy\" decoding=\"async\" width=\"1024\" height=\"273\" src=\"https:\/\/jornalfatosenoticias.com.br\/wp-content\/uploads\/2023\/09\/vetorvix1024_1.jpg\" alt=\"\" class=\"wp-image-44868\" srcset=\"https:\/\/jornalfatosenoticias.com.br\/wp-content\/uploads\/2023\/09\/vetorvix1024_1.jpg 1024w, https:\/\/jornalfatosenoticias.com.br\/wp-content\/uploads\/2023\/09\/vetorvix1024_1-300x80.jpg 300w, https:\/\/jornalfatosenoticias.com.br\/wp-content\/uploads\/2023\/09\/vetorvix1024_1-768x205.jpg 768w\" sizes=\"auto, (max-width: 1024px) 100vw, 1024px\" \/><\/a><\/figure><\/div>\n","protected":false},"excerpt":{"rendered":"<p>Nenhum cen\u00e1rio negativo \u00e9 transformado da noite para o dia, principalmente, quando se fala de educa\u00e7\u00e3o Nenhum cen\u00e1rio negativo \u00e9 transformado da noite para o dia, principalmente, quando se fala de educa\u00e7\u00e3o. A escola precisa coordenar uma s\u00e9rie de a\u00e7\u00f5es, em outras palavras, \u00e9 necess\u00e1rio estruturar um plano de a\u00e7\u00e3o para melhorar o desempenho dos [&hellip;]<\/p>\n","protected":false},"author":35,"featured_media":57365,"comment_status":"open","ping_status":"open","sticky":false,"template":"","format":"standard","meta":{"footnotes":""},"categories":[7],"tags":[26194,649,4575,345],"class_list":["post-57391","post","type-post","status-publish","format-standard","has-post-thumbnail","hentry","category-educacao","tag-acoes-pedagogicas","tag-alunos","tag-aprendizado","tag-educacao"],"yoast_head":"<!-- This site is optimized with the Yoast SEO plugin v26.5 - https:\/\/yoast.com\/wordpress\/plugins\/seo\/ -->\n<title>A\u00e7\u00f5es pedag\u00f3gicas para melhorar o aprendizado dos alunos - Jornal Fatos e Not\u00edcias<\/title>\n<meta name=\"robots\" content=\"index, follow, max-snippet:-1, max-image-preview:large, max-video-preview:-1\" \/>\n<link rel=\"canonical\" href=\"https:\/\/jornalfatosenoticias.com.br\/index.php\/2025\/02\/06\/acoes-pedagogicas-para-melhorar-o-aprendizado-dos-alunos\/\" \/>\n<meta property=\"og:locale\" content=\"pt_BR\" \/>\n<meta property=\"og:type\" content=\"article\" \/>\n<meta property=\"og:title\" content=\"A\u00e7\u00f5es pedag\u00f3gicas para melhorar o aprendizado dos alunos - Jornal Fatos e Not\u00edcias\" \/>\n<meta property=\"og:description\" content=\"Nenhum cen\u00e1rio negativo \u00e9 transformado da noite para o dia, principalmente, quando se fala de educa\u00e7\u00e3o Nenhum cen\u00e1rio negativo \u00e9 transformado da noite para o dia, principalmente, quando se fala de educa\u00e7\u00e3o. A escola precisa coordenar uma s\u00e9rie de a\u00e7\u00f5es, em outras palavras, \u00e9 necess\u00e1rio estruturar um plano de a\u00e7\u00e3o para melhorar o desempenho dos [&hellip;]\" \/>\n<meta property=\"og:url\" content=\"https:\/\/jornalfatosenoticias.com.br\/index.php\/2025\/02\/06\/acoes-pedagogicas-para-melhorar-o-aprendizado-dos-alunos\/\" \/>\n<meta property=\"og:site_name\" content=\"Jornal Fatos e Not\u00edcias\" \/>\n<meta property=\"article:published_time\" content=\"2025-02-06T16:21:07+00:00\" \/>\n<meta property=\"article:modified_time\" content=\"2025-02-06T16:21:08+00:00\" \/>\n<meta property=\"og:image\" content=\"https:\/\/jornalfatosenoticias.com.br\/wp-content\/uploads\/2025\/02\/APRENDIZADO_FLAUZINA_SHUTTERSTOCK.jpg\" \/>\n\t<meta property=\"og:image:width\" content=\"773\" \/>\n\t<meta property=\"og:image:height\" content=\"340\" \/>\n\t<meta property=\"og:image:type\" content=\"image\/jpeg\" \/>\n<meta name=\"author\" content=\"L\u00e9ia Flauzina\" \/>\n<meta name=\"twitter:card\" content=\"summary_large_image\" \/>\n<meta name=\"twitter:label1\" content=\"Escrito por\" \/>\n\t<meta name=\"twitter:data1\" content=\"L\u00e9ia Flauzina\" \/>\n\t<meta name=\"twitter:label2\" content=\"Est. tempo de leitura\" \/>\n\t<meta name=\"twitter:data2\" content=\"4 minutos\" \/>\n<script type=\"application\/ld+json\" class=\"yoast-schema-graph\">{\"@context\":\"https:\/\/schema.org\",\"@graph\":[{\"@type\":\"Article\",\"@id\":\"https:\/\/jornalfatosenoticias.com.br\/index.php\/2025\/02\/06\/acoes-pedagogicas-para-melhorar-o-aprendizado-dos-alunos\/#article\",\"isPartOf\":{\"@id\":\"https:\/\/jornalfatosenoticias.com.br\/index.php\/2025\/02\/06\/acoes-pedagogicas-para-melhorar-o-aprendizado-dos-alunos\/\"},\"author\":{\"name\":\"L\u00e9ia Flauzina\",\"@id\":\"https:\/\/jornalfatosenoticias.com.br\/#\/schema\/person\/4a992c9d5e2ea219b74162b89d96b273\"},\"headline\":\"A\u00e7\u00f5es pedag\u00f3gicas para melhorar o aprendizado dos alunos\",\"datePublished\":\"2025-02-06T16:21:07+00:00\",\"dateModified\":\"2025-02-06T16:21:08+00:00\",\"mainEntityOfPage\":{\"@id\":\"https:\/\/jornalfatosenoticias.com.br\/index.php\/2025\/02\/06\/acoes-pedagogicas-para-melhorar-o-aprendizado-dos-alunos\/\"},\"wordCount\":805,\"commentCount\":0,\"publisher\":{\"@id\":\"https:\/\/jornalfatosenoticias.com.br\/#organization\"},\"image\":{\"@id\":\"https:\/\/jornalfatosenoticias.com.br\/index.php\/2025\/02\/06\/acoes-pedagogicas-para-melhorar-o-aprendizado-dos-alunos\/#primaryimage\"},\"thumbnailUrl\":\"https:\/\/jornalfatosenoticias.com.br\/wp-content\/uploads\/2025\/02\/APRENDIZADO_FLAUZINA_SHUTTERSTOCK.jpg\",\"keywords\":[\"a\u00e7\u00f5es pedag\u00f3gicas\",\"alunos\",\"aprendizado\",\"educa\u00e7\u00e3o\"],\"articleSection\":[\"Educa\u00e7\u00e3o\"],\"inLanguage\":\"pt-BR\",\"potentialAction\":[{\"@type\":\"CommentAction\",\"name\":\"Comment\",\"target\":[\"https:\/\/jornalfatosenoticias.com.br\/index.php\/2025\/02\/06\/acoes-pedagogicas-para-melhorar-o-aprendizado-dos-alunos\/#respond\"]}]},{\"@type\":\"WebPage\",\"@id\":\"https:\/\/jornalfatosenoticias.com.br\/index.php\/2025\/02\/06\/acoes-pedagogicas-para-melhorar-o-aprendizado-dos-alunos\/\",\"url\":\"https:\/\/jornalfatosenoticias.com.br\/index.php\/2025\/02\/06\/acoes-pedagogicas-para-melhorar-o-aprendizado-dos-alunos\/\",\"name\":\"A\u00e7\u00f5es pedag\u00f3gicas para melhorar o aprendizado dos alunos - Jornal Fatos e Not\u00edcias\",\"isPartOf\":{\"@id\":\"https:\/\/jornalfatosenoticias.com.br\/#website\"},\"primaryImageOfPage\":{\"@id\":\"https:\/\/jornalfatosenoticias.com.br\/index.php\/2025\/02\/06\/acoes-pedagogicas-para-melhorar-o-aprendizado-dos-alunos\/#primaryimage\"},\"image\":{\"@id\":\"https:\/\/jornalfatosenoticias.com.br\/index.php\/2025\/02\/06\/acoes-pedagogicas-para-melhorar-o-aprendizado-dos-alunos\/#primaryimage\"},\"thumbnailUrl\":\"https:\/\/jornalfatosenoticias.com.br\/wp-content\/uploads\/2025\/02\/APRENDIZADO_FLAUZINA_SHUTTERSTOCK.jpg\",\"datePublished\":\"2025-02-06T16:21:07+00:00\",\"dateModified\":\"2025-02-06T16:21:08+00:00\",\"breadcrumb\":{\"@id\":\"https:\/\/jornalfatosenoticias.com.br\/index.php\/2025\/02\/06\/acoes-pedagogicas-para-melhorar-o-aprendizado-dos-alunos\/#breadcrumb\"},\"inLanguage\":\"pt-BR\",\"potentialAction\":[{\"@type\":\"ReadAction\",\"target\":[\"https:\/\/jornalfatosenoticias.com.br\/index.php\/2025\/02\/06\/acoes-pedagogicas-para-melhorar-o-aprendizado-dos-alunos\/\"]}]},{\"@type\":\"ImageObject\",\"inLanguage\":\"pt-BR\",\"@id\":\"https:\/\/jornalfatosenoticias.com.br\/index.php\/2025\/02\/06\/acoes-pedagogicas-para-melhorar-o-aprendizado-dos-alunos\/#primaryimage\",\"url\":\"https:\/\/jornalfatosenoticias.com.br\/wp-content\/uploads\/2025\/02\/APRENDIZADO_FLAUZINA_SHUTTERSTOCK.jpg\",\"contentUrl\":\"https:\/\/jornalfatosenoticias.com.br\/wp-content\/uploads\/2025\/02\/APRENDIZADO_FLAUZINA_SHUTTERSTOCK.jpg\",\"width\":773,\"height\":340},{\"@type\":\"BreadcrumbList\",\"@id\":\"https:\/\/jornalfatosenoticias.com.br\/index.php\/2025\/02\/06\/acoes-pedagogicas-para-melhorar-o-aprendizado-dos-alunos\/#breadcrumb\",\"itemListElement\":[{\"@type\":\"ListItem\",\"position\":1,\"name\":\"In\u00edcio\",\"item\":\"https:\/\/jornalfatosenoticias.com.br\/\"},{\"@type\":\"ListItem\",\"position\":2,\"name\":\"A\u00e7\u00f5es pedag\u00f3gicas para melhorar o aprendizado dos alunos\"}]},{\"@type\":\"WebSite\",\"@id\":\"https:\/\/jornalfatosenoticias.com.br\/#website\",\"url\":\"https:\/\/jornalfatosenoticias.com.br\/\",\"name\":\"Jornal Fatos e Not\u00edcias\",\"description\":\"Not\u00edcias em geral\",\"publisher\":{\"@id\":\"https:\/\/jornalfatosenoticias.com.br\/#organization\"},\"potentialAction\":[{\"@type\":\"SearchAction\",\"target\":{\"@type\":\"EntryPoint\",\"urlTemplate\":\"https:\/\/jornalfatosenoticias.com.br\/?s={search_term_string}\"},\"query-input\":{\"@type\":\"PropertyValueSpecification\",\"valueRequired\":true,\"valueName\":\"search_term_string\"}}],\"inLanguage\":\"pt-BR\"},{\"@type\":\"Organization\",\"@id\":\"https:\/\/jornalfatosenoticias.com.br\/#organization\",\"name\":\"Jornal Fatos e Not\u00edcias\",\"url\":\"https:\/\/jornalfatosenoticias.com.br\/\",\"logo\":{\"@type\":\"ImageObject\",\"inLanguage\":\"pt-BR\",\"@id\":\"https:\/\/jornalfatosenoticias.com.br\/#\/schema\/logo\/image\/\",\"url\":\"https:\/\/jornalfatosenoticias.com.br\/wp-content\/uploads\/2020\/02\/logo120.png\",\"contentUrl\":\"https:\/\/jornalfatosenoticias.com.br\/wp-content\/uploads\/2020\/02\/logo120.png\",\"width\":1227,\"height\":120,\"caption\":\"Jornal Fatos e Not\u00edcias\"},\"image\":{\"@id\":\"https:\/\/jornalfatosenoticias.com.br\/#\/schema\/logo\/image\/\"}},{\"@type\":\"Person\",\"@id\":\"https:\/\/jornalfatosenoticias.com.br\/#\/schema\/person\/4a992c9d5e2ea219b74162b89d96b273\",\"name\":\"L\u00e9ia Flauzina\",\"image\":{\"@type\":\"ImageObject\",\"inLanguage\":\"pt-BR\",\"@id\":\"https:\/\/jornalfatosenoticias.com.br\/#\/schema\/person\/image\/\",\"url\":\"https:\/\/jornalfatosenoticias.com.br\/wp-content\/uploads\/2024\/02\/Leia_Flauzina-removebg-preview-150x150.png\",\"contentUrl\":\"https:\/\/jornalfatosenoticias.com.br\/wp-content\/uploads\/2024\/02\/Leia_Flauzina-removebg-preview-150x150.png\",\"caption\":\"L\u00e9ia Flauzina\"},\"description\":\"Psicopedagoga, Neuropsicopedagoga, Especialista em Autismo, Neuroci\u00eancia, Aprendizagem e Mestre em Educa\u00e7\u00e3o, Escritora, Palestrante e Neuroterapeuta\",\"url\":\"https:\/\/jornalfatosenoticias.com.br\/index.php\/author\/leia-flauzina\/\"}]}<\/script>\n<!-- \/ Yoast SEO plugin. -->","yoast_head_json":{"title":"A\u00e7\u00f5es pedag\u00f3gicas para melhorar o aprendizado dos alunos - Jornal Fatos e Not\u00edcias","robots":{"index":"index","follow":"follow","max-snippet":"max-snippet:-1","max-image-preview":"max-image-preview:large","max-video-preview":"max-video-preview:-1"},"canonical":"https:\/\/jornalfatosenoticias.com.br\/index.php\/2025\/02\/06\/acoes-pedagogicas-para-melhorar-o-aprendizado-dos-alunos\/","og_locale":"pt_BR","og_type":"article","og_title":"A\u00e7\u00f5es pedag\u00f3gicas para melhorar o aprendizado dos alunos - Jornal Fatos e Not\u00edcias","og_description":"Nenhum cen\u00e1rio negativo \u00e9 transformado da noite para o dia, principalmente, quando se fala de educa\u00e7\u00e3o Nenhum cen\u00e1rio negativo \u00e9 transformado da noite para o dia, principalmente, quando se fala de educa\u00e7\u00e3o. A escola precisa coordenar uma s\u00e9rie de a\u00e7\u00f5es, em outras palavras, \u00e9 necess\u00e1rio estruturar um plano de a\u00e7\u00e3o para melhorar o desempenho dos [&hellip;]","og_url":"https:\/\/jornalfatosenoticias.com.br\/index.php\/2025\/02\/06\/acoes-pedagogicas-para-melhorar-o-aprendizado-dos-alunos\/","og_site_name":"Jornal Fatos e Not\u00edcias","article_published_time":"2025-02-06T16:21:07+00:00","article_modified_time":"2025-02-06T16:21:08+00:00","og_image":[{"width":773,"height":340,"url":"https:\/\/jornalfatosenoticias.com.br\/wp-content\/uploads\/2025\/02\/APRENDIZADO_FLAUZINA_SHUTTERSTOCK.jpg","type":"image\/jpeg"}],"author":"L\u00e9ia Flauzina","twitter_card":"summary_large_image","twitter_misc":{"Escrito por":"L\u00e9ia Flauzina","Est. tempo de leitura":"4 minutos"},"schema":{"@context":"https:\/\/schema.org","@graph":[{"@type":"Article","@id":"https:\/\/jornalfatosenoticias.com.br\/index.php\/2025\/02\/06\/acoes-pedagogicas-para-melhorar-o-aprendizado-dos-alunos\/#article","isPartOf":{"@id":"https:\/\/jornalfatosenoticias.com.br\/index.php\/2025\/02\/06\/acoes-pedagogicas-para-melhorar-o-aprendizado-dos-alunos\/"},"author":{"name":"L\u00e9ia Flauzina","@id":"https:\/\/jornalfatosenoticias.com.br\/#\/schema\/person\/4a992c9d5e2ea219b74162b89d96b273"},"headline":"A\u00e7\u00f5es pedag\u00f3gicas para melhorar o aprendizado dos alunos","datePublished":"2025-02-06T16:21:07+00:00","dateModified":"2025-02-06T16:21:08+00:00","mainEntityOfPage":{"@id":"https:\/\/jornalfatosenoticias.com.br\/index.php\/2025\/02\/06\/acoes-pedagogicas-para-melhorar-o-aprendizado-dos-alunos\/"},"wordCount":805,"commentCount":0,"publisher":{"@id":"https:\/\/jornalfatosenoticias.com.br\/#organization"},"image":{"@id":"https:\/\/jornalfatosenoticias.com.br\/index.php\/2025\/02\/06\/acoes-pedagogicas-para-melhorar-o-aprendizado-dos-alunos\/#primaryimage"},"thumbnailUrl":"https:\/\/jornalfatosenoticias.com.br\/wp-content\/uploads\/2025\/02\/APRENDIZADO_FLAUZINA_SHUTTERSTOCK.jpg","keywords":["a\u00e7\u00f5es pedag\u00f3gicas","alunos","aprendizado","educa\u00e7\u00e3o"],"articleSection":["Educa\u00e7\u00e3o"],"inLanguage":"pt-BR","potentialAction":[{"@type":"CommentAction","name":"Comment","target":["https:\/\/jornalfatosenoticias.com.br\/index.php\/2025\/02\/06\/acoes-pedagogicas-para-melhorar-o-aprendizado-dos-alunos\/#respond"]}]},{"@type":"WebPage","@id":"https:\/\/jornalfatosenoticias.com.br\/index.php\/2025\/02\/06\/acoes-pedagogicas-para-melhorar-o-aprendizado-dos-alunos\/","url":"https:\/\/jornalfatosenoticias.com.br\/index.php\/2025\/02\/06\/acoes-pedagogicas-para-melhorar-o-aprendizado-dos-alunos\/","name":"A\u00e7\u00f5es pedag\u00f3gicas para melhorar o aprendizado dos alunos - Jornal Fatos e Not\u00edcias","isPartOf":{"@id":"https:\/\/jornalfatosenoticias.com.br\/#website"},"primaryImageOfPage":{"@id":"https:\/\/jornalfatosenoticias.com.br\/index.php\/2025\/02\/06\/acoes-pedagogicas-para-melhorar-o-aprendizado-dos-alunos\/#primaryimage"},"image":{"@id":"https:\/\/jornalfatosenoticias.com.br\/index.php\/2025\/02\/06\/acoes-pedagogicas-para-melhorar-o-aprendizado-dos-alunos\/#primaryimage"},"thumbnailUrl":"https:\/\/jornalfatosenoticias.com.br\/wp-content\/uploads\/2025\/02\/APRENDIZADO_FLAUZINA_SHUTTERSTOCK.jpg","datePublished":"2025-02-06T16:21:07+00:00","dateModified":"2025-02-06T16:21:08+00:00","breadcrumb":{"@id":"https:\/\/jornalfatosenoticias.com.br\/index.php\/2025\/02\/06\/acoes-pedagogicas-para-melhorar-o-aprendizado-dos-alunos\/#breadcrumb"},"inLanguage":"pt-BR","potentialAction":[{"@type":"ReadAction","target":["https:\/\/jornalfatosenoticias.com.br\/index.php\/2025\/02\/06\/acoes-pedagogicas-para-melhorar-o-aprendizado-dos-alunos\/"]}]},{"@type":"ImageObject","inLanguage":"pt-BR","@id":"https:\/\/jornalfatosenoticias.com.br\/index.php\/2025\/02\/06\/acoes-pedagogicas-para-melhorar-o-aprendizado-dos-alunos\/#primaryimage","url":"https:\/\/jornalfatosenoticias.com.br\/wp-content\/uploads\/2025\/02\/APRENDIZADO_FLAUZINA_SHUTTERSTOCK.jpg","contentUrl":"https:\/\/jornalfatosenoticias.com.br\/wp-content\/uploads\/2025\/02\/APRENDIZADO_FLAUZINA_SHUTTERSTOCK.jpg","width":773,"height":340},{"@type":"BreadcrumbList","@id":"https:\/\/jornalfatosenoticias.com.br\/index.php\/2025\/02\/06\/acoes-pedagogicas-para-melhorar-o-aprendizado-dos-alunos\/#breadcrumb","itemListElement":[{"@type":"ListItem","position":1,"name":"In\u00edcio","item":"https:\/\/jornalfatosenoticias.com.br\/"},{"@type":"ListItem","position":2,"name":"A\u00e7\u00f5es pedag\u00f3gicas para melhorar o aprendizado dos alunos"}]},{"@type":"WebSite","@id":"https:\/\/jornalfatosenoticias.com.br\/#website","url":"https:\/\/jornalfatosenoticias.com.br\/","name":"Jornal Fatos e Not\u00edcias","description":"Not\u00edcias em geral","publisher":{"@id":"https:\/\/jornalfatosenoticias.com.br\/#organization"},"potentialAction":[{"@type":"SearchAction","target":{"@type":"EntryPoint","urlTemplate":"https:\/\/jornalfatosenoticias.com.br\/?s={search_term_string}"},"query-input":{"@type":"PropertyValueSpecification","valueRequired":true,"valueName":"search_term_string"}}],"inLanguage":"pt-BR"},{"@type":"Organization","@id":"https:\/\/jornalfatosenoticias.com.br\/#organization","name":"Jornal Fatos e Not\u00edcias","url":"https:\/\/jornalfatosenoticias.com.br\/","logo":{"@type":"ImageObject","inLanguage":"pt-BR","@id":"https:\/\/jornalfatosenoticias.com.br\/#\/schema\/logo\/image\/","url":"https:\/\/jornalfatosenoticias.com.br\/wp-content\/uploads\/2020\/02\/logo120.png","contentUrl":"https:\/\/jornalfatosenoticias.com.br\/wp-content\/uploads\/2020\/02\/logo120.png","width":1227,"height":120,"caption":"Jornal Fatos e Not\u00edcias"},"image":{"@id":"https:\/\/jornalfatosenoticias.com.br\/#\/schema\/logo\/image\/"}},{"@type":"Person","@id":"https:\/\/jornalfatosenoticias.com.br\/#\/schema\/person\/4a992c9d5e2ea219b74162b89d96b273","name":"L\u00e9ia Flauzina","image":{"@type":"ImageObject","inLanguage":"pt-BR","@id":"https:\/\/jornalfatosenoticias.com.br\/#\/schema\/person\/image\/","url":"https:\/\/jornalfatosenoticias.com.br\/wp-content\/uploads\/2024\/02\/Leia_Flauzina-removebg-preview-150x150.png","contentUrl":"https:\/\/jornalfatosenoticias.com.br\/wp-content\/uploads\/2024\/02\/Leia_Flauzina-removebg-preview-150x150.png","caption":"L\u00e9ia Flauzina"},"description":"Psicopedagoga, Neuropsicopedagoga, Especialista em Autismo, Neuroci\u00eancia, Aprendizagem e Mestre em Educa\u00e7\u00e3o, Escritora, Palestrante e Neuroterapeuta","url":"https:\/\/jornalfatosenoticias.com.br\/index.php\/author\/leia-flauzina\/"}]}},"cc_featured_image_caption":{"caption_text":"(Foto: Shutterstock) ","source_text":"","source_url":""},"jetpack_featured_media_url":"https:\/\/jornalfatosenoticias.com.br\/wp-content\/uploads\/2025\/02\/APRENDIZADO_FLAUZINA_SHUTTERSTOCK.jpg","_links":{"self":[{"href":"https:\/\/jornalfatosenoticias.com.br\/index.php\/wp-json\/wp\/v2\/posts\/57391","targetHints":{"allow":["GET"]}}],"collection":[{"href":"https:\/\/jornalfatosenoticias.com.br\/index.php\/wp-json\/wp\/v2\/posts"}],"about":[{"href":"https:\/\/jornalfatosenoticias.com.br\/index.php\/wp-json\/wp\/v2\/types\/post"}],"author":[{"embeddable":true,"href":"https:\/\/jornalfatosenoticias.com.br\/index.php\/wp-json\/wp\/v2\/users\/35"}],"replies":[{"embeddable":true,"href":"https:\/\/jornalfatosenoticias.com.br\/index.php\/wp-json\/wp\/v2\/comments?post=57391"}],"version-history":[{"count":0,"href":"https:\/\/jornalfatosenoticias.com.br\/index.php\/wp-json\/wp\/v2\/posts\/57391\/revisions"}],"wp:featuredmedia":[{"embeddable":true,"href":"https:\/\/jornalfatosenoticias.com.br\/index.php\/wp-json\/wp\/v2\/media\/57365"}],"wp:attachment":[{"href":"https:\/\/jornalfatosenoticias.com.br\/index.php\/wp-json\/wp\/v2\/media?parent=57391"}],"wp:term":[{"taxonomy":"category","embeddable":true,"href":"https:\/\/jornalfatosenoticias.com.br\/index.php\/wp-json\/wp\/v2\/categories?post=57391"},{"taxonomy":"post_tag","embeddable":true,"href":"https:\/\/jornalfatosenoticias.com.br\/index.php\/wp-json\/wp\/v2\/tags?post=57391"}],"curies":[{"name":"wp","href":"https:\/\/api.w.org\/{rel}","templated":true}]}}