{"id":57405,"date":"2025-02-07T14:03:51","date_gmt":"2025-02-07T17:03:51","guid":{"rendered":"https:\/\/jornalfatosenoticias.com.br\/?p=57405"},"modified":"2025-02-07T14:03:52","modified_gmt":"2025-02-07T17:03:52","slug":"inteligencia-nao-e-suficiente-vem-ai-a-imaginacao-artificial","status":"publish","type":"post","link":"https:\/\/jornalfatosenoticias.com.br\/index.php\/2025\/02\/07\/inteligencia-nao-e-suficiente-vem-ai-a-imaginacao-artificial\/","title":{"rendered":"Intelig\u00eancia n\u00e3o \u00e9 suficiente. Vem a\u00ed a imagina\u00e7\u00e3o artificial"},"content":{"rendered":"\n<div class=\"wp-block-image\"><figure class=\"aligncenter size-large\"><a href=\"https:\/\/www.facebook.com\/vetor.vix\/\"><img loading=\"lazy\" decoding=\"async\" width=\"1024\" height=\"273\" src=\"https:\/\/jornalfatosenoticias.com.br\/wp-content\/uploads\/2023\/09\/vetorvix1024_1.jpg\" alt=\"\" class=\"wp-image-44868\" srcset=\"https:\/\/jornalfatosenoticias.com.br\/wp-content\/uploads\/2023\/09\/vetorvix1024_1.jpg 1024w, https:\/\/jornalfatosenoticias.com.br\/wp-content\/uploads\/2023\/09\/vetorvix1024_1-300x80.jpg 300w, https:\/\/jornalfatosenoticias.com.br\/wp-content\/uploads\/2023\/09\/vetorvix1024_1-768x205.jpg 768w\" sizes=\"auto, (max-width: 1024px) 100vw, 1024px\" \/><\/a><\/figure><\/div>\n\n\n\n<p>A <a href=\"https:\/\/www.inovacaotecnologica.com.br\/noticias\/meta.php?meta=inteligencia-artificial\">intelig\u00eancia artificial (IA)<\/a> passou r\u00e1pido do reino da fic\u00e7\u00e3o cient\u00edfica para o mundo das curiosidades de laborat\u00f3rio, mas agora ela emergiu de vez no mundo real, tornando-se parte da nossa vida cotidiana, ajudando, inclusive, os cientistas a elaborarem suas teorias e os escritores a melhorarem seus enredos.<br>No campo cient\u00edfico, o potencial \u00e9 t\u00e3o grande que algumas equipes j\u00e1 est\u00e3o construindo auxiliares virtuais que se comunicam em linguagem comum para ajudar a realizar experimentos, bolar novos experimentos, levantar hip\u00f3teses, rearranjar \u00e1tomos e mol\u00e9culas para elaborar novos materiais e uma lista quase inumer\u00e1vel de etc\u00e9teras.<br>E isso \u00e9 s\u00f3 o come\u00e7o. O professor Kevin Yager, do Laborat\u00f3rio Nacional Brookhaven, nos EUA, articulou uma vis\u00e3o abrangente para o papel da IA na pesquisa cient\u00edfica, defendendo que j\u00e1 est\u00e1 na hora de pensarmos em uma &#8220;imagina\u00e7\u00e3o artificial&#8221;.<\/p>\n\n\n\n<div class=\"wp-block-image\"><figure class=\"aligncenter size-large is-resized\"><a href=\"https:\/\/www.controlsystems.com.br\/\"><img loading=\"lazy\" decoding=\"async\" src=\"https:\/\/jornalfatosenoticias.com.br\/wp-content\/uploads\/2020\/02\/CONTROL-CS.jpg\" alt=\"\" class=\"wp-image-44991\" width=\"302\" height=\"362\" srcset=\"https:\/\/jornalfatosenoticias.com.br\/wp-content\/uploads\/2020\/02\/CONTROL-CS.jpg 834w, https:\/\/jornalfatosenoticias.com.br\/wp-content\/uploads\/2020\/02\/CONTROL-CS-250x300.jpg 250w, https:\/\/jornalfatosenoticias.com.br\/wp-content\/uploads\/2020\/02\/CONTROL-CS-768x921.jpg 768w\" sizes=\"auto, (max-width: 302px) 100vw, 302px\" \/><\/a><\/figure><\/div>\n\n\n\n<p>Ele chama a coisa de &#8220;exoc\u00f3rtex cient\u00edfico&#8221;, onde &#8220;exo&#8221; significa fora e &#8220;c\u00f3rtex&#8221; faz refer\u00eancia \u00e0 camada de processamento de informa\u00e7\u00f5es do c\u00e9rebro humano. Em vez de simples rob\u00f4s de bate-papo e assistentes cient\u00edficos, o exoc\u00f3rtex ser\u00e1 uma extens\u00e3o do c\u00e9rebro de um cientista, que interagir\u00e1 com ele por meio de conversas em linguagem natural, sem a necessidade de nenhuma interface c\u00e9rebro-computador invasiva.<\/p>\n\n\n\n<div class=\"wp-block-image\"><figure class=\"aligncenter size-large\"><a href=\"http:\/\/www.ferrarimaquinas.com.br\/\"><img loading=\"lazy\" decoding=\"async\" width=\"300\" height=\"250\" src=\"https:\/\/jornalfatosenoticias.com.br\/wp-content\/uploads\/2022\/02\/FERRARI_MAQUINAS-E-FERRAMENTAS2.jpg\" alt=\"\" class=\"wp-image-27860\"\/><\/a><\/figure><\/div>\n\n\n\n<blockquote class=\"wp-block-quote is-layout-flow wp-block-quote-is-layout-flow\"><p><span class=\"has-inline-color has-luminous-vivid-orange-color\">Um exoc\u00f3rtex, materializado por meio de software, serviria como uma nova fonte de pensamento, inspira\u00e7\u00e3o e imagina\u00e7\u00e3o&#8221;, descreveu Yager. &#8220;Se projetarmos e construirmos o exoc\u00f3rtex corretamente, nossas intera\u00e7\u00f5es com ele parecer\u00e3o aqueles momentos &#8216;aha&#8217;, que \u00e0s vezes temos ao acordar ou enquanto ruminamos sobre um problema. Voc\u00ea n\u00e3o vai checar um exoc\u00f3rtex; voc\u00ea vai vivenci\u00e1-lo&#8221;.<\/span><\/p><\/blockquote>\n\n\n\n<div class=\"wp-block-image\"><figure class=\"aligncenter size-large is-resized\"><a href=\"https:\/\/panper.com.br\/\"><img loading=\"lazy\" decoding=\"async\" src=\"https:\/\/jornalfatosenoticias.com.br\/wp-content\/uploads\/2023\/03\/logo-Panper_portal.jpg\" alt=\"\" class=\"wp-image-40208\" width=\"344\" height=\"238\" srcset=\"https:\/\/jornalfatosenoticias.com.br\/wp-content\/uploads\/2023\/03\/logo-Panper_portal.jpg 400w, https:\/\/jornalfatosenoticias.com.br\/wp-content\/uploads\/2023\/03\/logo-Panper_portal-300x208.jpg 300w\" sizes=\"auto, (max-width: 344px) 100vw, 344px\" \/><\/a><\/figure><\/div>\n\n\n\n<p><strong><span class=\"has-inline-color has-black-color\">Exoc\u00f3rtex<\/span><\/strong><br>Yager descreve o exoc\u00f3rtex como an\u00e1logo \u00e0s camadas do c\u00e9rebro humano, que se desenvolveram ao longo do curso da evolu\u00e7\u00e3o humana, at\u00e9 se tornar a obra-prima de processamento de informa\u00e7\u00f5es que \u00e9 hoje. Pelo melhor que sabemos, essa evolu\u00e7\u00e3o do c\u00e9rebro envolveu acumular novas camadas, cada uma mais sofisticada do que a anterior. A parte inferior do c\u00e9rebro controla fun\u00e7\u00f5es b\u00e1sicas de sobreviv\u00eancia, como a respira\u00e7\u00e3o; outras camadas mais avan\u00e7adas lidam com fun\u00e7\u00f5es cada vez mais complicadas, como regula\u00e7\u00e3o emocional e processamento da linguagem. Mais importante, todas as facetas do c\u00e9rebro trabalham juntas em harmonia para formar &#8220;a experi\u00eancia humana&#8221;.<\/p>\n\n\n\n<div class=\"wp-block-image\"><figure class=\"aligncenter size-large is-resized\"><a href=\"https:\/\/www.instagram.com\/esteiochurrascaria\/\"><img loading=\"lazy\" decoding=\"async\" src=\"https:\/\/jornalfatosenoticias.com.br\/wp-content\/uploads\/2022\/02\/LOGO-ESTEIO-1024x730.png\" alt=\"\" class=\"wp-image-27942\" width=\"337\" height=\"240\" srcset=\"https:\/\/jornalfatosenoticias.com.br\/wp-content\/uploads\/2022\/02\/LOGO-ESTEIO-1024x730.png 1024w, https:\/\/jornalfatosenoticias.com.br\/wp-content\/uploads\/2022\/02\/LOGO-ESTEIO-300x214.png 300w, https:\/\/jornalfatosenoticias.com.br\/wp-content\/uploads\/2022\/02\/LOGO-ESTEIO-768x548.png 768w, https:\/\/jornalfatosenoticias.com.br\/wp-content\/uploads\/2022\/02\/LOGO-ESTEIO.png 1123w\" sizes=\"auto, (max-width: 337px) 100vw, 337px\" \/><\/a><\/figure><\/div>\n\n\n\n<blockquote class=\"wp-block-quote is-layout-flow wp-block-quote-is-layout-flow\"><p><span class=\"has-inline-color has-luminous-vivid-orange-color\">Tecnologicamente, temos o potencial agora de adicionar outra camada externa ao c\u00e9rebro \u2014 uma que nos conecte \u00e0 IA&#8221;, prop\u00f5e Yager. &#8220;E, assim como as regi\u00f5es especializadas do c\u00e9rebro, que se coordenam para dar origem ao que chamamos de intelig\u00eancia, o exoc\u00f3rtex integrar\u00e1 capacidades de IA individualizadas para resolver um problema ou gerar criatividade&#8221;.<\/span><\/p><\/blockquote>\n\n\n\n<div class=\"wp-block-image\"><figure class=\"aligncenter size-large is-resized\"><a href=\"https:\/\/www.facebook.com\/profile.php?id=100069289606145\"><img loading=\"lazy\" decoding=\"async\" src=\"https:\/\/jornalfatosenoticias.com.br\/wp-content\/uploads\/2024\/11\/Guaitolini-Contabilidade-1024x714.jpeg\" alt=\"\" class=\"wp-image-55808\" width=\"333\" height=\"232\" srcset=\"https:\/\/jornalfatosenoticias.com.br\/wp-content\/uploads\/2024\/11\/Guaitolini-Contabilidade-1024x714.jpeg 1024w, https:\/\/jornalfatosenoticias.com.br\/wp-content\/uploads\/2024\/11\/Guaitolini-Contabilidade-300x209.jpeg 300w, https:\/\/jornalfatosenoticias.com.br\/wp-content\/uploads\/2024\/11\/Guaitolini-Contabilidade-768x535.jpeg 768w, https:\/\/jornalfatosenoticias.com.br\/wp-content\/uploads\/2024\/11\/Guaitolini-Contabilidade.jpeg 1280w\" sizes=\"auto, (max-width: 333px) 100vw, 333px\" \/><\/a><\/figure><\/div>\n\n\n\n<h3 class=\"wp-block-heading\"><strong><span class=\"has-inline-color has-black-color\">Rede de agentes de IA<\/span><\/strong><\/h3>\n\n\n\n<div class=\"wp-block-image\"><figure class=\"aligncenter size-large\"><img loading=\"lazy\" decoding=\"async\" width=\"1000\" height=\"560\" src=\"https:\/\/jornalfatosenoticias.com.br\/wp-content\/uploads\/2025\/02\/imaginacao-artificial_freepik.jpg\" alt=\"\" class=\"wp-image-57407\" srcset=\"https:\/\/jornalfatosenoticias.com.br\/wp-content\/uploads\/2025\/02\/imaginacao-artificial_freepik.jpg 1000w, https:\/\/jornalfatosenoticias.com.br\/wp-content\/uploads\/2025\/02\/imaginacao-artificial_freepik-300x168.jpg 300w, https:\/\/jornalfatosenoticias.com.br\/wp-content\/uploads\/2025\/02\/imaginacao-artificial_freepik-768x430.jpg 768w\" sizes=\"auto, (max-width: 1000px) 100vw, 1000px\" \/><figcaption><em><span class=\"has-inline-color has-black-color\">(Foto: Freepik\/Gerado com IA)<\/span><\/em><\/figcaption><\/figure><\/div>\n\n\n\n<p>Em compara\u00e7\u00e3o com os aplicativos de bate-papo, como ChatGPT e Gemini, que s\u00e3o interfaces para um \u00fanico sistema de IA, o exoc\u00f3rtex dever\u00e1 ser uma cole\u00e7\u00e3o de dezenas de <a href=\"https:\/\/www.inovacaotecnologica.com.br\/noticias\/noticia.php?artigo=o-que-e-agente-inteligencia-artificial&amp;id=010150250110\">agentes de IA<\/a> trabalhando juntos, personalizados de acordo com as necessidades individuais do pesquisador.<\/p>\n\n\n\n<div class=\"wp-block-image\"><figure class=\"aligncenter size-large is-resized\"><a href=\"https:\/\/www.instagram.com\/ligadossaborespizzaria\/\"><img loading=\"lazy\" decoding=\"async\" src=\"https:\/\/jornalfatosenoticias.com.br\/wp-content\/uploads\/2020\/02\/WhatsApp-Image-2024-10-02-at-08.18.14-819x1024.jpeg\" alt=\"\" class=\"wp-image-54612\" width=\"304\" height=\"380\" srcset=\"https:\/\/jornalfatosenoticias.com.br\/wp-content\/uploads\/2020\/02\/WhatsApp-Image-2024-10-02-at-08.18.14-819x1024.jpeg 819w, https:\/\/jornalfatosenoticias.com.br\/wp-content\/uploads\/2020\/02\/WhatsApp-Image-2024-10-02-at-08.18.14-240x300.jpeg 240w, https:\/\/jornalfatosenoticias.com.br\/wp-content\/uploads\/2020\/02\/WhatsApp-Image-2024-10-02-at-08.18.14-768x960.jpeg 768w, https:\/\/jornalfatosenoticias.com.br\/wp-content\/uploads\/2020\/02\/WhatsApp-Image-2024-10-02-at-08.18.14.jpeg 1024w\" sizes=\"auto, (max-width: 304px) 100vw, 304px\" \/><\/a><\/figure><\/div>\n\n\n\n<p>Para isso, cada agente dever\u00e1 ser treinado para executar tarefas espec\u00edficas relacionadas ao campo cient\u00edfico de interesse. Um agente de literatura cient\u00edfica, por exemplo, poderia vasculhar artigos publicados para encontrar um protocolo ideal para um experimento, enquanto outro agente de IA coletaria e analisaria dados de um experimento em execu\u00e7\u00e3o. Agentes adicionais poderiam iniciar experimentos ou simula\u00e7\u00f5es, comparar descobertas com estudos anteriores ou at\u00e9 mesmo propor ideias para experimentos de seguimento.<\/p>\n\n\n\n<div class=\"wp-block-image\"><figure class=\"aligncenter size-large is-resized\"><a href=\"https:\/\/www.facebook.com\/postobkr\/?locale=pt_BR\"><img loading=\"lazy\" decoding=\"async\" src=\"https:\/\/jornalfatosenoticias.com.br\/wp-content\/uploads\/2023\/08\/BKR-1024x1021.jpg\" alt=\"\" class=\"wp-image-44494\" width=\"323\" height=\"322\" srcset=\"https:\/\/jornalfatosenoticias.com.br\/wp-content\/uploads\/2023\/08\/BKR-1024x1021.jpg 1024w, https:\/\/jornalfatosenoticias.com.br\/wp-content\/uploads\/2023\/08\/BKR-300x300.jpg 300w, https:\/\/jornalfatosenoticias.com.br\/wp-content\/uploads\/2023\/08\/BKR-150x150.jpg 150w, https:\/\/jornalfatosenoticias.com.br\/wp-content\/uploads\/2023\/08\/BKR-768x766.jpg 768w, https:\/\/jornalfatosenoticias.com.br\/wp-content\/uploads\/2023\/08\/BKR.jpg 1080w\" sizes=\"auto, (max-width: 323px) 100vw, 323px\" \/><\/a><\/figure><\/div>\n\n\n\n<p>A ideia \u00e9 que todas as tarefas dos agentes cient\u00edficos de IA aconte\u00e7am em conjunto, simultaneamente e sem interven\u00e7\u00e3o manual, resultando em ideias cab\u00edveis e, se poss\u00edvel, criativos, que ser\u00e3o ent\u00e3o relatadas ao pesquisador humano em linguagem natural.<\/p>\n\n\n\n<div class=\"wp-block-image\"><figure class=\"aligncenter size-large is-resized\"><a href=\"https:\/\/hotelmarquetti.com.br\/\"><img loading=\"lazy\" decoding=\"async\" src=\"https:\/\/jornalfatosenoticias.com.br\/wp-content\/uploads\/2023\/03\/nova-logo-Marquetti.jpg\" alt=\"\" class=\"wp-image-40207\" width=\"338\" height=\"227\" srcset=\"https:\/\/jornalfatosenoticias.com.br\/wp-content\/uploads\/2023\/03\/nova-logo-Marquetti.jpg 643w, https:\/\/jornalfatosenoticias.com.br\/wp-content\/uploads\/2023\/03\/nova-logo-Marquetti-300x202.jpg 300w\" sizes=\"auto, (max-width: 338px) 100vw, 338px\" \/><\/a><\/figure><\/div>\n\n\n\n<p><strong><span class=\"has-inline-color has-black-color\">Esfor\u00e7o internacional<br><\/span><\/strong>\u00c9 claro que tornar o exoc\u00f3rtex uma realidade n\u00e3o ser\u00e1 f\u00e1cil. Embora cientistas j\u00e1 tenham projetado uma infinidade de IAs que podem interagir com um usu\u00e1rio e completar tarefas espec\u00edficas, construir uma rede de IAs que interajam entre si \u00e9 um desafio totalmente novo. <\/p>\n\n\n\n<div class=\"wp-block-image\"><figure class=\"aligncenter size-large is-resized\"><a href=\"https:\/\/www.instagram.com\/serra4x4cambioautomatico\/\"><img loading=\"lazy\" decoding=\"async\" src=\"https:\/\/jornalfatosenoticias.com.br\/wp-content\/uploads\/2024\/08\/Serra-4x4-1-886x1024.jpg\" alt=\"\" class=\"wp-image-53632\" width=\"330\" height=\"381\" srcset=\"https:\/\/jornalfatosenoticias.com.br\/wp-content\/uploads\/2024\/08\/Serra-4x4-1-886x1024.jpg 886w, https:\/\/jornalfatosenoticias.com.br\/wp-content\/uploads\/2024\/08\/Serra-4x4-1-260x300.jpg 260w, https:\/\/jornalfatosenoticias.com.br\/wp-content\/uploads\/2024\/08\/Serra-4x4-1-768x888.jpg 768w, https:\/\/jornalfatosenoticias.com.br\/wp-content\/uploads\/2024\/08\/Serra-4x4-1.jpg 1181w\" sizes=\"auto, (max-width: 330px) 100vw, 330px\" \/><\/a><\/figure><\/div>\n\n\n\n<p>Yager reconhece que a proposta de construir um exoc\u00f3rtex \u00e9 enorme, e o esfor\u00e7o de desenvolvimento deve ser compartilhado entre cientistas de todo o mundo, para que grupos de pesquisa individuais possam alavancar sua pr\u00f3pria experi\u00eancia para projetar novos agentes. Se tudo sair como previsto, no futuro os cientistas ter\u00e3o uma loja de aplicativos da qual poder\u00e3o baixar agentes de IA que ir\u00e3o aprimorar as habilidades de seu pr\u00f3prio exoc\u00f3rtex, semelhante a como baixar novos aplicativos adiciona funcionalidade aos celulares.<\/p>\n\n\n\n<div class=\"wp-block-image\"><figure class=\"aligncenter size-large is-resized\"><a href=\"https:\/\/www.instagram.com\/rcradiadores\/\"><img loading=\"lazy\" decoding=\"async\" src=\"https:\/\/jornalfatosenoticias.com.br\/wp-content\/uploads\/2022\/10\/RC_800x750_page-0001.jpg\" alt=\"\" class=\"wp-image-35338\" width=\"330\" height=\"309\" srcset=\"https:\/\/jornalfatosenoticias.com.br\/wp-content\/uploads\/2022\/10\/RC_800x750_page-0001.jpg 400w, https:\/\/jornalfatosenoticias.com.br\/wp-content\/uploads\/2022\/10\/RC_800x750_page-0001-300x281.jpg 300w\" sizes=\"auto, (max-width: 330px) 100vw, 330px\" \/><\/a><\/figure><\/div>\n\n\n\n<blockquote class=\"wp-block-quote is-layout-flow wp-block-quote-is-layout-flow\"><p><span class=\"has-inline-color has-luminous-vivid-orange-color\">Espero ver um efeito multiplicativo&#8221;, disse Yager. &#8220;\u00c0 medida que cientistas melhoram simultaneamente as IAs individuais e a tecnologia fundamental do exoc\u00f3rtex, as capacidades do exoc\u00f3rtex provavelmente crescer\u00e3o muito mais r\u00e1pido do que as pessoas esperam&#8221;.<\/span><\/p><\/blockquote>\n\n\n\n<div class=\"wp-block-image\"><figure class=\"aligncenter size-large\"><a href=\"https:\/\/cesconetto.com.br\/\"><img loading=\"lazy\" decoding=\"async\" width=\"300\" height=\"250\" src=\"https:\/\/jornalfatosenoticias.com.br\/wp-content\/uploads\/2020\/02\/Banner-2.png\" alt=\"\" class=\"wp-image-43787\"\/><\/a><\/figure><\/div>\n\n\n\n<p><strong><span class=\"has-inline-color has-black-color\">Bibliografia:<br><\/span>Artigo: <\/strong><em>Towards a science exocortex<\/em><br><strong>Autores:<\/strong> Kevin G. Yager<br><strong>Revista: <\/strong>Digital Discovery<br><strong>Vol.:<\/strong> 3, 1933-1957<br><strong>DOI:<\/strong> 10.1039\/D4DD00178H<\/p>\n\n\n\n<p><strong><em>Fonte: <a href=\"https:\/\/www.inovacaotecnologica.com.br\/noticias\/noticia.php?artigo=inteligencia-nao-suficiente-vem-ai-imaginacao-artificial&amp;id=010150250124\">Inova\u00e7\u00e3o Tecnol\u00f3gica<\/a><\/em><\/strong><\/p>\n","protected":false},"excerpt":{"rendered":"<p>A intelig\u00eancia artificial (IA) passou r\u00e1pido do reino da fic\u00e7\u00e3o cient\u00edfica para o mundo das curiosidades de laborat\u00f3rio, mas agora ela emergiu de vez no mundo real, tornando-se parte da nossa vida cotidiana, ajudando, inclusive, os cientistas a elaborarem suas teorias e os escritores a melhorarem seus enredos.No campo cient\u00edfico, o potencial \u00e9 t\u00e3o grande [&hellip;]<\/p>\n","protected":false},"author":2,"featured_media":57408,"comment_status":"open","ping_status":"open","sticky":false,"template":"","format":"standard","meta":{"footnotes":""},"categories":[3],"tags":[26198,18962,26200,26199,53],"class_list":["post-57405","post","type-post","status-publish","format-standard","has-post-thumbnail","hentry","category-tecnologia","tag-agentes-de-ia","tag-chatgpt","tag-exocortex-cientifico","tag-imaginacao-artificial","tag-inteligencia-artificial"],"yoast_head":"<!-- This site is optimized with the Yoast SEO plugin v26.5 - https:\/\/yoast.com\/wordpress\/plugins\/seo\/ -->\n<title>Intelig\u00eancia n\u00e3o \u00e9 suficiente. Vem a\u00ed a imagina\u00e7\u00e3o artificial - Jornal Fatos e Not\u00edcias<\/title>\n<meta name=\"robots\" content=\"index, follow, max-snippet:-1, max-image-preview:large, max-video-preview:-1\" \/>\n<link rel=\"canonical\" href=\"https:\/\/jornalfatosenoticias.com.br\/index.php\/2025\/02\/07\/inteligencia-nao-e-suficiente-vem-ai-a-imaginacao-artificial\/\" \/>\n<meta property=\"og:locale\" content=\"pt_BR\" \/>\n<meta property=\"og:type\" content=\"article\" \/>\n<meta property=\"og:title\" content=\"Intelig\u00eancia n\u00e3o \u00e9 suficiente. Vem a\u00ed a imagina\u00e7\u00e3o artificial - Jornal Fatos e Not\u00edcias\" \/>\n<meta property=\"og:description\" content=\"A intelig\u00eancia artificial (IA) passou r\u00e1pido do reino da fic\u00e7\u00e3o cient\u00edfica para o mundo das curiosidades de laborat\u00f3rio, mas agora ela emergiu de vez no mundo real, tornando-se parte da nossa vida cotidiana, ajudando, inclusive, os cientistas a elaborarem suas teorias e os escritores a melhorarem seus enredos.No campo cient\u00edfico, o potencial \u00e9 t\u00e3o grande [&hellip;]\" \/>\n<meta property=\"og:url\" content=\"https:\/\/jornalfatosenoticias.com.br\/index.php\/2025\/02\/07\/inteligencia-nao-e-suficiente-vem-ai-a-imaginacao-artificial\/\" \/>\n<meta property=\"og:site_name\" content=\"Jornal Fatos e Not\u00edcias\" \/>\n<meta property=\"article:published_time\" content=\"2025-02-07T17:03:51+00:00\" \/>\n<meta property=\"article:modified_time\" content=\"2025-02-07T17:03:52+00:00\" \/>\n<meta property=\"og:image\" content=\"https:\/\/jornalfatosenoticias.com.br\/wp-content\/uploads\/2025\/02\/imaginacao-artificial2_freepik.jpg\" \/>\n\t<meta property=\"og:image:width\" content=\"1000\" \/>\n\t<meta property=\"og:image:height\" content=\"833\" \/>\n\t<meta property=\"og:image:type\" content=\"image\/jpeg\" \/>\n<meta name=\"author\" content=\"Luzimara Fernandes\" \/>\n<meta name=\"twitter:card\" content=\"summary_large_image\" \/>\n<meta name=\"twitter:label1\" content=\"Escrito por\" \/>\n\t<meta name=\"twitter:data1\" content=\"Luzimara Fernandes\" \/>\n\t<meta name=\"twitter:label2\" content=\"Est. tempo de leitura\" \/>\n\t<meta name=\"twitter:data2\" content=\"4 minutos\" \/>\n<script type=\"application\/ld+json\" class=\"yoast-schema-graph\">{\"@context\":\"https:\/\/schema.org\",\"@graph\":[{\"@type\":\"Article\",\"@id\":\"https:\/\/jornalfatosenoticias.com.br\/index.php\/2025\/02\/07\/inteligencia-nao-e-suficiente-vem-ai-a-imaginacao-artificial\/#article\",\"isPartOf\":{\"@id\":\"https:\/\/jornalfatosenoticias.com.br\/index.php\/2025\/02\/07\/inteligencia-nao-e-suficiente-vem-ai-a-imaginacao-artificial\/\"},\"author\":{\"name\":\"Luzimara Fernandes\",\"@id\":\"https:\/\/jornalfatosenoticias.com.br\/#\/schema\/person\/d63837fa13ac8666eb9e74e0985d6f81\"},\"headline\":\"Intelig\u00eancia n\u00e3o \u00e9 suficiente. Vem a\u00ed a imagina\u00e7\u00e3o artificial\",\"datePublished\":\"2025-02-07T17:03:51+00:00\",\"dateModified\":\"2025-02-07T17:03:52+00:00\",\"mainEntityOfPage\":{\"@id\":\"https:\/\/jornalfatosenoticias.com.br\/index.php\/2025\/02\/07\/inteligencia-nao-e-suficiente-vem-ai-a-imaginacao-artificial\/\"},\"wordCount\":853,\"commentCount\":0,\"publisher\":{\"@id\":\"https:\/\/jornalfatosenoticias.com.br\/#organization\"},\"image\":{\"@id\":\"https:\/\/jornalfatosenoticias.com.br\/index.php\/2025\/02\/07\/inteligencia-nao-e-suficiente-vem-ai-a-imaginacao-artificial\/#primaryimage\"},\"thumbnailUrl\":\"https:\/\/jornalfatosenoticias.com.br\/wp-content\/uploads\/2025\/02\/imaginacao-artificial2_freepik.jpg\",\"keywords\":[\"agentes de IA\",\"ChatGPT\",\"exoc\u00f3rtex cient\u00edfico\",\"imagina\u00e7\u00e3o artificial\",\"intelig\u00eancia artificial\"],\"articleSection\":[\"Tecnologia &amp; Inova\u00e7\u00e3o\"],\"inLanguage\":\"pt-BR\",\"potentialAction\":[{\"@type\":\"CommentAction\",\"name\":\"Comment\",\"target\":[\"https:\/\/jornalfatosenoticias.com.br\/index.php\/2025\/02\/07\/inteligencia-nao-e-suficiente-vem-ai-a-imaginacao-artificial\/#respond\"]}]},{\"@type\":\"WebPage\",\"@id\":\"https:\/\/jornalfatosenoticias.com.br\/index.php\/2025\/02\/07\/inteligencia-nao-e-suficiente-vem-ai-a-imaginacao-artificial\/\",\"url\":\"https:\/\/jornalfatosenoticias.com.br\/index.php\/2025\/02\/07\/inteligencia-nao-e-suficiente-vem-ai-a-imaginacao-artificial\/\",\"name\":\"Intelig\u00eancia n\u00e3o \u00e9 suficiente. Vem a\u00ed a imagina\u00e7\u00e3o artificial - Jornal Fatos e Not\u00edcias\",\"isPartOf\":{\"@id\":\"https:\/\/jornalfatosenoticias.com.br\/#website\"},\"primaryImageOfPage\":{\"@id\":\"https:\/\/jornalfatosenoticias.com.br\/index.php\/2025\/02\/07\/inteligencia-nao-e-suficiente-vem-ai-a-imaginacao-artificial\/#primaryimage\"},\"image\":{\"@id\":\"https:\/\/jornalfatosenoticias.com.br\/index.php\/2025\/02\/07\/inteligencia-nao-e-suficiente-vem-ai-a-imaginacao-artificial\/#primaryimage\"},\"thumbnailUrl\":\"https:\/\/jornalfatosenoticias.com.br\/wp-content\/uploads\/2025\/02\/imaginacao-artificial2_freepik.jpg\",\"datePublished\":\"2025-02-07T17:03:51+00:00\",\"dateModified\":\"2025-02-07T17:03:52+00:00\",\"breadcrumb\":{\"@id\":\"https:\/\/jornalfatosenoticias.com.br\/index.php\/2025\/02\/07\/inteligencia-nao-e-suficiente-vem-ai-a-imaginacao-artificial\/#breadcrumb\"},\"inLanguage\":\"pt-BR\",\"potentialAction\":[{\"@type\":\"ReadAction\",\"target\":[\"https:\/\/jornalfatosenoticias.com.br\/index.php\/2025\/02\/07\/inteligencia-nao-e-suficiente-vem-ai-a-imaginacao-artificial\/\"]}]},{\"@type\":\"ImageObject\",\"inLanguage\":\"pt-BR\",\"@id\":\"https:\/\/jornalfatosenoticias.com.br\/index.php\/2025\/02\/07\/inteligencia-nao-e-suficiente-vem-ai-a-imaginacao-artificial\/#primaryimage\",\"url\":\"https:\/\/jornalfatosenoticias.com.br\/wp-content\/uploads\/2025\/02\/imaginacao-artificial2_freepik.jpg\",\"contentUrl\":\"https:\/\/jornalfatosenoticias.com.br\/wp-content\/uploads\/2025\/02\/imaginacao-artificial2_freepik.jpg\",\"width\":1000,\"height\":833,\"caption\":\"3D render of a techno background with male head and programming code\"},{\"@type\":\"BreadcrumbList\",\"@id\":\"https:\/\/jornalfatosenoticias.com.br\/index.php\/2025\/02\/07\/inteligencia-nao-e-suficiente-vem-ai-a-imaginacao-artificial\/#breadcrumb\",\"itemListElement\":[{\"@type\":\"ListItem\",\"position\":1,\"name\":\"In\u00edcio\",\"item\":\"https:\/\/jornalfatosenoticias.com.br\/\"},{\"@type\":\"ListItem\",\"position\":2,\"name\":\"Intelig\u00eancia n\u00e3o \u00e9 suficiente. Vem a\u00ed a imagina\u00e7\u00e3o artificial\"}]},{\"@type\":\"WebSite\",\"@id\":\"https:\/\/jornalfatosenoticias.com.br\/#website\",\"url\":\"https:\/\/jornalfatosenoticias.com.br\/\",\"name\":\"Jornal Fatos e Not\u00edcias\",\"description\":\"Not\u00edcias em geral\",\"publisher\":{\"@id\":\"https:\/\/jornalfatosenoticias.com.br\/#organization\"},\"potentialAction\":[{\"@type\":\"SearchAction\",\"target\":{\"@type\":\"EntryPoint\",\"urlTemplate\":\"https:\/\/jornalfatosenoticias.com.br\/?s={search_term_string}\"},\"query-input\":{\"@type\":\"PropertyValueSpecification\",\"valueRequired\":true,\"valueName\":\"search_term_string\"}}],\"inLanguage\":\"pt-BR\"},{\"@type\":\"Organization\",\"@id\":\"https:\/\/jornalfatosenoticias.com.br\/#organization\",\"name\":\"Jornal Fatos e Not\u00edcias\",\"url\":\"https:\/\/jornalfatosenoticias.com.br\/\",\"logo\":{\"@type\":\"ImageObject\",\"inLanguage\":\"pt-BR\",\"@id\":\"https:\/\/jornalfatosenoticias.com.br\/#\/schema\/logo\/image\/\",\"url\":\"https:\/\/jornalfatosenoticias.com.br\/wp-content\/uploads\/2020\/02\/logo120.png\",\"contentUrl\":\"https:\/\/jornalfatosenoticias.com.br\/wp-content\/uploads\/2020\/02\/logo120.png\",\"width\":1227,\"height\":120,\"caption\":\"Jornal Fatos e Not\u00edcias\"},\"image\":{\"@id\":\"https:\/\/jornalfatosenoticias.com.br\/#\/schema\/logo\/image\/\"}},{\"@type\":\"Person\",\"@id\":\"https:\/\/jornalfatosenoticias.com.br\/#\/schema\/person\/d63837fa13ac8666eb9e74e0985d6f81\",\"name\":\"Luzimara Fernandes\",\"image\":{\"@type\":\"ImageObject\",\"inLanguage\":\"pt-BR\",\"@id\":\"https:\/\/jornalfatosenoticias.com.br\/#\/schema\/person\/image\/\",\"url\":\"https:\/\/jornalfatosenoticias.com.br\/wp-content\/uploads\/2025\/05\/EU_portal.jpg\",\"contentUrl\":\"https:\/\/jornalfatosenoticias.com.br\/wp-content\/uploads\/2025\/05\/EU_portal.jpg\",\"caption\":\"Luzimara Fernandes\"},\"description\":\"Jornalista MTB 2358-ES\",\"sameAs\":[\"https:\/\/jornalfatosenoticias.com.br\"],\"url\":\"https:\/\/jornalfatosenoticias.com.br\/index.php\/author\/luzimara\/\"}]}<\/script>\n<!-- \/ Yoast SEO plugin. -->","yoast_head_json":{"title":"Intelig\u00eancia n\u00e3o \u00e9 suficiente. Vem a\u00ed a imagina\u00e7\u00e3o artificial - Jornal Fatos e Not\u00edcias","robots":{"index":"index","follow":"follow","max-snippet":"max-snippet:-1","max-image-preview":"max-image-preview:large","max-video-preview":"max-video-preview:-1"},"canonical":"https:\/\/jornalfatosenoticias.com.br\/index.php\/2025\/02\/07\/inteligencia-nao-e-suficiente-vem-ai-a-imaginacao-artificial\/","og_locale":"pt_BR","og_type":"article","og_title":"Intelig\u00eancia n\u00e3o \u00e9 suficiente. Vem a\u00ed a imagina\u00e7\u00e3o artificial - Jornal Fatos e Not\u00edcias","og_description":"A intelig\u00eancia artificial (IA) passou r\u00e1pido do reino da fic\u00e7\u00e3o cient\u00edfica para o mundo das curiosidades de laborat\u00f3rio, mas agora ela emergiu de vez no mundo real, tornando-se parte da nossa vida cotidiana, ajudando, inclusive, os cientistas a elaborarem suas teorias e os escritores a melhorarem seus enredos.No campo cient\u00edfico, o potencial \u00e9 t\u00e3o grande [&hellip;]","og_url":"https:\/\/jornalfatosenoticias.com.br\/index.php\/2025\/02\/07\/inteligencia-nao-e-suficiente-vem-ai-a-imaginacao-artificial\/","og_site_name":"Jornal Fatos e Not\u00edcias","article_published_time":"2025-02-07T17:03:51+00:00","article_modified_time":"2025-02-07T17:03:52+00:00","og_image":[{"width":1000,"height":833,"url":"https:\/\/jornalfatosenoticias.com.br\/wp-content\/uploads\/2025\/02\/imaginacao-artificial2_freepik.jpg","type":"image\/jpeg"}],"author":"Luzimara Fernandes","twitter_card":"summary_large_image","twitter_misc":{"Escrito por":"Luzimara Fernandes","Est. tempo de leitura":"4 minutos"},"schema":{"@context":"https:\/\/schema.org","@graph":[{"@type":"Article","@id":"https:\/\/jornalfatosenoticias.com.br\/index.php\/2025\/02\/07\/inteligencia-nao-e-suficiente-vem-ai-a-imaginacao-artificial\/#article","isPartOf":{"@id":"https:\/\/jornalfatosenoticias.com.br\/index.php\/2025\/02\/07\/inteligencia-nao-e-suficiente-vem-ai-a-imaginacao-artificial\/"},"author":{"name":"Luzimara Fernandes","@id":"https:\/\/jornalfatosenoticias.com.br\/#\/schema\/person\/d63837fa13ac8666eb9e74e0985d6f81"},"headline":"Intelig\u00eancia n\u00e3o \u00e9 suficiente. Vem a\u00ed a imagina\u00e7\u00e3o artificial","datePublished":"2025-02-07T17:03:51+00:00","dateModified":"2025-02-07T17:03:52+00:00","mainEntityOfPage":{"@id":"https:\/\/jornalfatosenoticias.com.br\/index.php\/2025\/02\/07\/inteligencia-nao-e-suficiente-vem-ai-a-imaginacao-artificial\/"},"wordCount":853,"commentCount":0,"publisher":{"@id":"https:\/\/jornalfatosenoticias.com.br\/#organization"},"image":{"@id":"https:\/\/jornalfatosenoticias.com.br\/index.php\/2025\/02\/07\/inteligencia-nao-e-suficiente-vem-ai-a-imaginacao-artificial\/#primaryimage"},"thumbnailUrl":"https:\/\/jornalfatosenoticias.com.br\/wp-content\/uploads\/2025\/02\/imaginacao-artificial2_freepik.jpg","keywords":["agentes de IA","ChatGPT","exoc\u00f3rtex cient\u00edfico","imagina\u00e7\u00e3o artificial","intelig\u00eancia artificial"],"articleSection":["Tecnologia &amp; Inova\u00e7\u00e3o"],"inLanguage":"pt-BR","potentialAction":[{"@type":"CommentAction","name":"Comment","target":["https:\/\/jornalfatosenoticias.com.br\/index.php\/2025\/02\/07\/inteligencia-nao-e-suficiente-vem-ai-a-imaginacao-artificial\/#respond"]}]},{"@type":"WebPage","@id":"https:\/\/jornalfatosenoticias.com.br\/index.php\/2025\/02\/07\/inteligencia-nao-e-suficiente-vem-ai-a-imaginacao-artificial\/","url":"https:\/\/jornalfatosenoticias.com.br\/index.php\/2025\/02\/07\/inteligencia-nao-e-suficiente-vem-ai-a-imaginacao-artificial\/","name":"Intelig\u00eancia n\u00e3o \u00e9 suficiente. Vem a\u00ed a imagina\u00e7\u00e3o artificial - Jornal Fatos e Not\u00edcias","isPartOf":{"@id":"https:\/\/jornalfatosenoticias.com.br\/#website"},"primaryImageOfPage":{"@id":"https:\/\/jornalfatosenoticias.com.br\/index.php\/2025\/02\/07\/inteligencia-nao-e-suficiente-vem-ai-a-imaginacao-artificial\/#primaryimage"},"image":{"@id":"https:\/\/jornalfatosenoticias.com.br\/index.php\/2025\/02\/07\/inteligencia-nao-e-suficiente-vem-ai-a-imaginacao-artificial\/#primaryimage"},"thumbnailUrl":"https:\/\/jornalfatosenoticias.com.br\/wp-content\/uploads\/2025\/02\/imaginacao-artificial2_freepik.jpg","datePublished":"2025-02-07T17:03:51+00:00","dateModified":"2025-02-07T17:03:52+00:00","breadcrumb":{"@id":"https:\/\/jornalfatosenoticias.com.br\/index.php\/2025\/02\/07\/inteligencia-nao-e-suficiente-vem-ai-a-imaginacao-artificial\/#breadcrumb"},"inLanguage":"pt-BR","potentialAction":[{"@type":"ReadAction","target":["https:\/\/jornalfatosenoticias.com.br\/index.php\/2025\/02\/07\/inteligencia-nao-e-suficiente-vem-ai-a-imaginacao-artificial\/"]}]},{"@type":"ImageObject","inLanguage":"pt-BR","@id":"https:\/\/jornalfatosenoticias.com.br\/index.php\/2025\/02\/07\/inteligencia-nao-e-suficiente-vem-ai-a-imaginacao-artificial\/#primaryimage","url":"https:\/\/jornalfatosenoticias.com.br\/wp-content\/uploads\/2025\/02\/imaginacao-artificial2_freepik.jpg","contentUrl":"https:\/\/jornalfatosenoticias.com.br\/wp-content\/uploads\/2025\/02\/imaginacao-artificial2_freepik.jpg","width":1000,"height":833,"caption":"3D render of a techno background with male head and programming code"},{"@type":"BreadcrumbList","@id":"https:\/\/jornalfatosenoticias.com.br\/index.php\/2025\/02\/07\/inteligencia-nao-e-suficiente-vem-ai-a-imaginacao-artificial\/#breadcrumb","itemListElement":[{"@type":"ListItem","position":1,"name":"In\u00edcio","item":"https:\/\/jornalfatosenoticias.com.br\/"},{"@type":"ListItem","position":2,"name":"Intelig\u00eancia n\u00e3o \u00e9 suficiente. Vem a\u00ed a imagina\u00e7\u00e3o artificial"}]},{"@type":"WebSite","@id":"https:\/\/jornalfatosenoticias.com.br\/#website","url":"https:\/\/jornalfatosenoticias.com.br\/","name":"Jornal Fatos e Not\u00edcias","description":"Not\u00edcias em geral","publisher":{"@id":"https:\/\/jornalfatosenoticias.com.br\/#organization"},"potentialAction":[{"@type":"SearchAction","target":{"@type":"EntryPoint","urlTemplate":"https:\/\/jornalfatosenoticias.com.br\/?s={search_term_string}"},"query-input":{"@type":"PropertyValueSpecification","valueRequired":true,"valueName":"search_term_string"}}],"inLanguage":"pt-BR"},{"@type":"Organization","@id":"https:\/\/jornalfatosenoticias.com.br\/#organization","name":"Jornal Fatos e Not\u00edcias","url":"https:\/\/jornalfatosenoticias.com.br\/","logo":{"@type":"ImageObject","inLanguage":"pt-BR","@id":"https:\/\/jornalfatosenoticias.com.br\/#\/schema\/logo\/image\/","url":"https:\/\/jornalfatosenoticias.com.br\/wp-content\/uploads\/2020\/02\/logo120.png","contentUrl":"https:\/\/jornalfatosenoticias.com.br\/wp-content\/uploads\/2020\/02\/logo120.png","width":1227,"height":120,"caption":"Jornal Fatos e Not\u00edcias"},"image":{"@id":"https:\/\/jornalfatosenoticias.com.br\/#\/schema\/logo\/image\/"}},{"@type":"Person","@id":"https:\/\/jornalfatosenoticias.com.br\/#\/schema\/person\/d63837fa13ac8666eb9e74e0985d6f81","name":"Luzimara Fernandes","image":{"@type":"ImageObject","inLanguage":"pt-BR","@id":"https:\/\/jornalfatosenoticias.com.br\/#\/schema\/person\/image\/","url":"https:\/\/jornalfatosenoticias.com.br\/wp-content\/uploads\/2025\/05\/EU_portal.jpg","contentUrl":"https:\/\/jornalfatosenoticias.com.br\/wp-content\/uploads\/2025\/05\/EU_portal.jpg","caption":"Luzimara Fernandes"},"description":"Jornalista MTB 2358-ES","sameAs":["https:\/\/jornalfatosenoticias.com.br"],"url":"https:\/\/jornalfatosenoticias.com.br\/index.php\/author\/luzimara\/"}]}},"cc_featured_image_caption":{"caption_text":"(Foto: Freepik\/Gerado com IA) \r\n","source_text":"","source_url":""},"jetpack_featured_media_url":"https:\/\/jornalfatosenoticias.com.br\/wp-content\/uploads\/2025\/02\/imaginacao-artificial2_freepik.jpg","_links":{"self":[{"href":"https:\/\/jornalfatosenoticias.com.br\/index.php\/wp-json\/wp\/v2\/posts\/57405","targetHints":{"allow":["GET"]}}],"collection":[{"href":"https:\/\/jornalfatosenoticias.com.br\/index.php\/wp-json\/wp\/v2\/posts"}],"about":[{"href":"https:\/\/jornalfatosenoticias.com.br\/index.php\/wp-json\/wp\/v2\/types\/post"}],"author":[{"embeddable":true,"href":"https:\/\/jornalfatosenoticias.com.br\/index.php\/wp-json\/wp\/v2\/users\/2"}],"replies":[{"embeddable":true,"href":"https:\/\/jornalfatosenoticias.com.br\/index.php\/wp-json\/wp\/v2\/comments?post=57405"}],"version-history":[{"count":0,"href":"https:\/\/jornalfatosenoticias.com.br\/index.php\/wp-json\/wp\/v2\/posts\/57405\/revisions"}],"wp:featuredmedia":[{"embeddable":true,"href":"https:\/\/jornalfatosenoticias.com.br\/index.php\/wp-json\/wp\/v2\/media\/57408"}],"wp:attachment":[{"href":"https:\/\/jornalfatosenoticias.com.br\/index.php\/wp-json\/wp\/v2\/media?parent=57405"}],"wp:term":[{"taxonomy":"category","embeddable":true,"href":"https:\/\/jornalfatosenoticias.com.br\/index.php\/wp-json\/wp\/v2\/categories?post=57405"},{"taxonomy":"post_tag","embeddable":true,"href":"https:\/\/jornalfatosenoticias.com.br\/index.php\/wp-json\/wp\/v2\/tags?post=57405"}],"curies":[{"name":"wp","href":"https:\/\/api.w.org\/{rel}","templated":true}]}}