{"id":57413,"date":"2025-02-07T14:12:38","date_gmt":"2025-02-07T17:12:38","guid":{"rendered":"https:\/\/jornalfatosenoticias.com.br\/?p=57413"},"modified":"2025-02-07T14:12:39","modified_gmt":"2025-02-07T17:12:39","slug":"divida-publica-federal-tem-aumento-de-122-em-2024-e-ultrapassa-r-73-trilhoes","status":"publish","type":"post","link":"https:\/\/jornalfatosenoticias.com.br\/index.php\/2025\/02\/07\/divida-publica-federal-tem-aumento-de-122-em-2024-e-ultrapassa-r-73-trilhoes\/","title":{"rendered":"D\u00edvida P\u00fablica Federal tem aumento de 12,2% em 2024 e ultrapassa R$ 7,3 trilh\u00f5es"},"content":{"rendered":"\n<p><em><span class=\"has-inline-color has-black-color\">Alta do d\u00f3lar, corre\u00e7\u00e3o de juros e demanda por t\u00edtulos atrelados \u00e0 Selic s\u00e3o exemplos de fatores que impulsionaram o crescimento<\/span><\/em><\/p>\n\n\n\n<div class=\"wp-block-image\"><figure class=\"aligncenter size-large\"><a href=\"https:\/\/mizu.com.br\/\"><img loading=\"lazy\" decoding=\"async\" width=\"729\" height=\"90\" src=\"https:\/\/jornalfatosenoticias.com.br\/wp-content\/uploads\/2020\/02\/Logo_Mizu.png\" alt=\"\" class=\"wp-image-1441\" srcset=\"https:\/\/jornalfatosenoticias.com.br\/wp-content\/uploads\/2020\/02\/Logo_Mizu.png 729w, https:\/\/jornalfatosenoticias.com.br\/wp-content\/uploads\/2020\/02\/Logo_Mizu-300x37.png 300w\" sizes=\"auto, (max-width: 729px) 100vw, 729px\" \/><\/a><\/figure><\/div>\n\n\n\n<p>A D\u00edvida P\u00fablica Federal (DPF) registrou um aumento significativo de 12,2% em 2024, alcan\u00e7ando a marca de R$ 7,316 trilh\u00f5es, superando o valor de R$ 6,52 trilh\u00f5es registrado em 2023. Os dados foram divulgados pelo Tesouro Nacional na \u00faltima ter\u00e7a-feira (4).<br>O crescimento da DPF em 2024 \u00e9 atribu\u00eddo, em grande parte, \u00e0 valoriza\u00e7\u00e3o do d\u00f3lar, que subiu 27,3% em 2024, bem como a alta da Selic, por ter permanecido em 12,25% ao ano durante o m\u00eas de dezembro. A corre\u00e7\u00e3o de juros resultou na apropria\u00e7\u00e3o de R$ 673,875 bilh\u00f5es, incorporados ao estoque da d\u00edvida p\u00fablica, o que contribuiu para o aumento no endividamento do governo.<\/p>\n\n\n\n<div class=\"wp-block-image\"><figure class=\"aligncenter size-large is-resized\"><a href=\"https:\/\/www.facebook.com\/profile.php?id=100069289606145\"><img loading=\"lazy\" decoding=\"async\" src=\"https:\/\/jornalfatosenoticias.com.br\/wp-content\/uploads\/2024\/11\/Guaitolini-Contabilidade-1024x714.jpeg\" alt=\"\" class=\"wp-image-55808\" width=\"379\" height=\"264\" srcset=\"https:\/\/jornalfatosenoticias.com.br\/wp-content\/uploads\/2024\/11\/Guaitolini-Contabilidade-1024x714.jpeg 1024w, https:\/\/jornalfatosenoticias.com.br\/wp-content\/uploads\/2024\/11\/Guaitolini-Contabilidade-300x209.jpeg 300w, https:\/\/jornalfatosenoticias.com.br\/wp-content\/uploads\/2024\/11\/Guaitolini-Contabilidade-768x535.jpeg 768w, https:\/\/jornalfatosenoticias.com.br\/wp-content\/uploads\/2024\/11\/Guaitolini-Contabilidade.jpeg 1280w\" sizes=\"auto, (max-width: 379px) 100vw, 379px\" \/><\/a><\/figure><\/div>\n\n\n\n<p>A emiss\u00e3o de R$ 1,457 trilh\u00e3o em t\u00edtulos da D\u00edvida P\u00fablica Mobili\u00e1ria (DPMFi) tamb\u00e9m teve papel importante, com destaque para a emiss\u00e3o de t\u00edtulos corrigidos pela Selic, que somaram R$ 945,02 bilh\u00f5es. O perfil da d\u00edvida p\u00fablica brasileira passou por mudan\u00e7as em 2024. A participa\u00e7\u00e3o dos t\u00edtulos atrelados \u00e0 Selic, que atraem investidores devido \u00e0 alta taxa de juros, aumentou significativamente, passando de 39,66% para 46,29%.<\/p>\n\n\n\n<div class=\"wp-block-image\"><figure class=\"aligncenter size-large is-resized\"><a href=\"https:\/\/www.controlsystems.com.br\/\"><img loading=\"lazy\" decoding=\"async\" src=\"https:\/\/jornalfatosenoticias.com.br\/wp-content\/uploads\/2020\/02\/CONTROL-CS.jpg\" alt=\"\" class=\"wp-image-44991\" width=\"286\" height=\"343\" srcset=\"https:\/\/jornalfatosenoticias.com.br\/wp-content\/uploads\/2020\/02\/CONTROL-CS.jpg 834w, https:\/\/jornalfatosenoticias.com.br\/wp-content\/uploads\/2020\/02\/CONTROL-CS-250x300.jpg 250w, https:\/\/jornalfatosenoticias.com.br\/wp-content\/uploads\/2020\/02\/CONTROL-CS-768x921.jpg 768w\" sizes=\"auto, (max-width: 286px) 100vw, 286px\" \/><\/a><\/figure><\/div>\n\n\n\n<p>Em contrapartida, a fatia dos t\u00edtulos prefixados caiu de 26,53% para 21,99%, devido \u00e0 baixa demanda por esses pap\u00e9is em um cen\u00e1rio de instabilidade econ\u00f4mica. J\u00e1 os t\u00edtulos corrigidos pela infla\u00e7\u00e3o tamb\u00e9m apresentaram queda, de 29,76% para 26,96%. No mercado externo, a D\u00edvida P\u00fablica Federal externa (DPFe) teve um expressivo crescimento de 38,87%, alcan\u00e7ando R$ 349,19 bilh\u00f5es.<\/p>\n\n\n\n<div class=\"wp-block-image\"><figure class=\"aligncenter size-large is-resized\"><a href=\"https:\/\/hotelmarquetti.com.br\/\"><img loading=\"lazy\" decoding=\"async\" src=\"https:\/\/jornalfatosenoticias.com.br\/wp-content\/uploads\/2023\/03\/nova-logo-Marquetti.jpg\" alt=\"\" class=\"wp-image-40207\" width=\"304\" height=\"204\" srcset=\"https:\/\/jornalfatosenoticias.com.br\/wp-content\/uploads\/2023\/03\/nova-logo-Marquetti.jpg 643w, https:\/\/jornalfatosenoticias.com.br\/wp-content\/uploads\/2023\/03\/nova-logo-Marquetti-300x202.jpg 300w\" sizes=\"auto, (max-width: 304px) 100vw, 304px\" \/><\/a><\/figure><\/div>\n\n\n\n<p>Em 2024, o chamado \u201ccolch\u00e3o\u201d da d\u00edvida p\u00fablica \u2014 reserva financeira usada em per\u00edodos de turbul\u00eancia \u2014 registrou uma queda, passando de R$ 982,37 bilh\u00f5es em 2023 para R$ 860,15 bilh\u00f5es no final do ano. Essa reserva agora cobre 6,24 meses de vencimentos da d\u00edvida \u2014 menor n\u00edvel desde fevereiro de 2016. Em 2024, est\u00e1 previsto que o governo enfrente vencimentos de aproximadamente R$ 1,25 trilh\u00e3o nos pr\u00f3ximos 12 meses.<\/p>\n\n\n\n<div class=\"wp-block-image\"><figure class=\"aligncenter size-large is-resized\"><a href=\"https:\/\/www.instagram.com\/vmais.midias\/\"><img loading=\"lazy\" decoding=\"async\" src=\"https:\/\/jornalfatosenoticias.com.br\/wp-content\/uploads\/2020\/02\/DE-MAIS-DESTAQUE-VMAIS-800X700.png\" alt=\"\" class=\"wp-image-53112\" width=\"320\" height=\"279\" srcset=\"https:\/\/jornalfatosenoticias.com.br\/wp-content\/uploads\/2020\/02\/DE-MAIS-DESTAQUE-VMAIS-800X700.png 800w, https:\/\/jornalfatosenoticias.com.br\/wp-content\/uploads\/2020\/02\/DE-MAIS-DESTAQUE-VMAIS-800X700-300x263.png 300w, https:\/\/jornalfatosenoticias.com.br\/wp-content\/uploads\/2020\/02\/DE-MAIS-DESTAQUE-VMAIS-800X700-768x672.png 768w\" sizes=\"auto, (max-width: 320px) 100vw, 320px\" \/><\/a><\/figure><\/div>\n\n\n\n<p>Apesar do cen\u00e1rio econ\u00f4mico inst\u00e1vel, a estrutura da d\u00edvida p\u00fablica segue dentro da previs\u00e3o elaborada pelo Tesouro Nacional, atrav\u00e9s do Plano Anual de Financiamento (PAF), que estabeleceu intervalos de varia\u00e7\u00e3o para os diferentes tipos de t\u00edtulos.<\/p>\n\n\n\n<p><strong><em>Fonte: <a href=\"https:\/\/www.epochtimes.com.br\/economia\/divida-publica-federal-tem-aumento-de-122-em-2024-e-ultrapassa-r-73-trilhoes-211422.html\">Epoch Times Brasil<\/a><\/em><\/strong><\/p>\n","protected":false},"excerpt":{"rendered":"<p>Alta do d\u00f3lar, corre\u00e7\u00e3o de juros e demanda por t\u00edtulos atrelados \u00e0 Selic s\u00e3o exemplos de fatores que impulsionaram o crescimento A D\u00edvida P\u00fablica Federal (DPF) registrou um aumento significativo de 12,2% em 2024, alcan\u00e7ando a marca de R$ 7,316 trilh\u00f5es, superando o valor de R$ 6,52 trilh\u00f5es registrado em 2023. Os dados foram divulgados [&hellip;]<\/p>\n","protected":false},"author":2,"featured_media":57414,"comment_status":"open","ping_status":"open","sticky":false,"template":"","format":"standard","meta":{"footnotes":""},"categories":[9],"tags":[14448,26203,18343,9776,3219],"class_list":["post-57413","post","type-post","status-publish","format-standard","has-post-thumbnail","hentry","category-economia","tag-divida-publica","tag-divida-publica-federal","tag-governo-lula","tag-taxa-selic","tag-tesouro-nacional"],"yoast_head":"<!-- This site is optimized with the Yoast SEO plugin v26.5 - https:\/\/yoast.com\/wordpress\/plugins\/seo\/ -->\n<title>D\u00edvida P\u00fablica Federal tem aumento de 12,2% em 2024 e ultrapassa R$ 7,3 trilh\u00f5es - Jornal Fatos e Not\u00edcias<\/title>\n<meta name=\"robots\" content=\"index, follow, max-snippet:-1, max-image-preview:large, max-video-preview:-1\" \/>\n<link rel=\"canonical\" href=\"https:\/\/jornalfatosenoticias.com.br\/index.php\/2025\/02\/07\/divida-publica-federal-tem-aumento-de-122-em-2024-e-ultrapassa-r-73-trilhoes\/\" \/>\n<meta property=\"og:locale\" content=\"pt_BR\" \/>\n<meta property=\"og:type\" content=\"article\" \/>\n<meta property=\"og:title\" content=\"D\u00edvida P\u00fablica Federal tem aumento de 12,2% em 2024 e ultrapassa R$ 7,3 trilh\u00f5es - Jornal Fatos e Not\u00edcias\" \/>\n<meta property=\"og:description\" content=\"Alta do d\u00f3lar, corre\u00e7\u00e3o de juros e demanda por t\u00edtulos atrelados \u00e0 Selic s\u00e3o exemplos de fatores que impulsionaram o crescimento A D\u00edvida P\u00fablica Federal (DPF) registrou um aumento significativo de 12,2% em 2024, alcan\u00e7ando a marca de R$ 7,316 trilh\u00f5es, superando o valor de R$ 6,52 trilh\u00f5es registrado em 2023. Os dados foram divulgados [&hellip;]\" \/>\n<meta property=\"og:url\" content=\"https:\/\/jornalfatosenoticias.com.br\/index.php\/2025\/02\/07\/divida-publica-federal-tem-aumento-de-122-em-2024-e-ultrapassa-r-73-trilhoes\/\" \/>\n<meta property=\"og:site_name\" content=\"Jornal Fatos e Not\u00edcias\" \/>\n<meta property=\"article:published_time\" content=\"2025-02-07T17:12:38+00:00\" \/>\n<meta property=\"article:modified_time\" content=\"2025-02-07T17:12:39+00:00\" \/>\n<meta property=\"og:image\" content=\"https:\/\/jornalfatosenoticias.com.br\/wp-content\/uploads\/2025\/02\/DIVIDA-PUBLICA-BRASIL_istock.jpg\" \/>\n\t<meta property=\"og:image:width\" content=\"612\" \/>\n\t<meta property=\"og:image:height\" content=\"250\" \/>\n\t<meta property=\"og:image:type\" content=\"image\/jpeg\" \/>\n<meta name=\"author\" content=\"Luzimara Fernandes\" \/>\n<meta name=\"twitter:card\" content=\"summary_large_image\" \/>\n<meta name=\"twitter:label1\" content=\"Escrito por\" \/>\n\t<meta name=\"twitter:data1\" content=\"Luzimara Fernandes\" \/>\n\t<meta name=\"twitter:label2\" content=\"Est. tempo de leitura\" \/>\n\t<meta name=\"twitter:data2\" content=\"2 minutos\" \/>\n<script type=\"application\/ld+json\" class=\"yoast-schema-graph\">{\"@context\":\"https:\/\/schema.org\",\"@graph\":[{\"@type\":\"Article\",\"@id\":\"https:\/\/jornalfatosenoticias.com.br\/index.php\/2025\/02\/07\/divida-publica-federal-tem-aumento-de-122-em-2024-e-ultrapassa-r-73-trilhoes\/#article\",\"isPartOf\":{\"@id\":\"https:\/\/jornalfatosenoticias.com.br\/index.php\/2025\/02\/07\/divida-publica-federal-tem-aumento-de-122-em-2024-e-ultrapassa-r-73-trilhoes\/\"},\"author\":{\"name\":\"Luzimara Fernandes\",\"@id\":\"https:\/\/jornalfatosenoticias.com.br\/#\/schema\/person\/d63837fa13ac8666eb9e74e0985d6f81\"},\"headline\":\"D\u00edvida P\u00fablica Federal tem aumento de 12,2% em 2024 e ultrapassa R$ 7,3 trilh\u00f5es\",\"datePublished\":\"2025-02-07T17:12:38+00:00\",\"dateModified\":\"2025-02-07T17:12:39+00:00\",\"mainEntityOfPage\":{\"@id\":\"https:\/\/jornalfatosenoticias.com.br\/index.php\/2025\/02\/07\/divida-publica-federal-tem-aumento-de-122-em-2024-e-ultrapassa-r-73-trilhoes\/\"},\"wordCount\":399,\"commentCount\":0,\"publisher\":{\"@id\":\"https:\/\/jornalfatosenoticias.com.br\/#organization\"},\"image\":{\"@id\":\"https:\/\/jornalfatosenoticias.com.br\/index.php\/2025\/02\/07\/divida-publica-federal-tem-aumento-de-122-em-2024-e-ultrapassa-r-73-trilhoes\/#primaryimage\"},\"thumbnailUrl\":\"https:\/\/jornalfatosenoticias.com.br\/wp-content\/uploads\/2025\/02\/DIVIDA-PUBLICA-BRASIL_istock.jpg\",\"keywords\":[\"d\u00edvida p\u00fablica\",\"D\u00edvida P\u00fablica Federal\",\"governo Lula\",\"Taxa Selic\",\"Tesouro Nacional\"],\"articleSection\":[\"Economia\"],\"inLanguage\":\"pt-BR\",\"potentialAction\":[{\"@type\":\"CommentAction\",\"name\":\"Comment\",\"target\":[\"https:\/\/jornalfatosenoticias.com.br\/index.php\/2025\/02\/07\/divida-publica-federal-tem-aumento-de-122-em-2024-e-ultrapassa-r-73-trilhoes\/#respond\"]}]},{\"@type\":\"WebPage\",\"@id\":\"https:\/\/jornalfatosenoticias.com.br\/index.php\/2025\/02\/07\/divida-publica-federal-tem-aumento-de-122-em-2024-e-ultrapassa-r-73-trilhoes\/\",\"url\":\"https:\/\/jornalfatosenoticias.com.br\/index.php\/2025\/02\/07\/divida-publica-federal-tem-aumento-de-122-em-2024-e-ultrapassa-r-73-trilhoes\/\",\"name\":\"D\u00edvida P\u00fablica Federal tem aumento de 12,2% em 2024 e ultrapassa R$ 7,3 trilh\u00f5es - Jornal Fatos e Not\u00edcias\",\"isPartOf\":{\"@id\":\"https:\/\/jornalfatosenoticias.com.br\/#website\"},\"primaryImageOfPage\":{\"@id\":\"https:\/\/jornalfatosenoticias.com.br\/index.php\/2025\/02\/07\/divida-publica-federal-tem-aumento-de-122-em-2024-e-ultrapassa-r-73-trilhoes\/#primaryimage\"},\"image\":{\"@id\":\"https:\/\/jornalfatosenoticias.com.br\/index.php\/2025\/02\/07\/divida-publica-federal-tem-aumento-de-122-em-2024-e-ultrapassa-r-73-trilhoes\/#primaryimage\"},\"thumbnailUrl\":\"https:\/\/jornalfatosenoticias.com.br\/wp-content\/uploads\/2025\/02\/DIVIDA-PUBLICA-BRASIL_istock.jpg\",\"datePublished\":\"2025-02-07T17:12:38+00:00\",\"dateModified\":\"2025-02-07T17:12:39+00:00\",\"breadcrumb\":{\"@id\":\"https:\/\/jornalfatosenoticias.com.br\/index.php\/2025\/02\/07\/divida-publica-federal-tem-aumento-de-122-em-2024-e-ultrapassa-r-73-trilhoes\/#breadcrumb\"},\"inLanguage\":\"pt-BR\",\"potentialAction\":[{\"@type\":\"ReadAction\",\"target\":[\"https:\/\/jornalfatosenoticias.com.br\/index.php\/2025\/02\/07\/divida-publica-federal-tem-aumento-de-122-em-2024-e-ultrapassa-r-73-trilhoes\/\"]}]},{\"@type\":\"ImageObject\",\"inLanguage\":\"pt-BR\",\"@id\":\"https:\/\/jornalfatosenoticias.com.br\/index.php\/2025\/02\/07\/divida-publica-federal-tem-aumento-de-122-em-2024-e-ultrapassa-r-73-trilhoes\/#primaryimage\",\"url\":\"https:\/\/jornalfatosenoticias.com.br\/wp-content\/uploads\/2025\/02\/DIVIDA-PUBLICA-BRASIL_istock.jpg\",\"contentUrl\":\"https:\/\/jornalfatosenoticias.com.br\/wp-content\/uploads\/2025\/02\/DIVIDA-PUBLICA-BRASIL_istock.jpg\",\"width\":612,\"height\":250,\"caption\":\"Financial fall of brazil on economy market. Brazil financial crisis on economic graph\"},{\"@type\":\"BreadcrumbList\",\"@id\":\"https:\/\/jornalfatosenoticias.com.br\/index.php\/2025\/02\/07\/divida-publica-federal-tem-aumento-de-122-em-2024-e-ultrapassa-r-73-trilhoes\/#breadcrumb\",\"itemListElement\":[{\"@type\":\"ListItem\",\"position\":1,\"name\":\"In\u00edcio\",\"item\":\"https:\/\/jornalfatosenoticias.com.br\/\"},{\"@type\":\"ListItem\",\"position\":2,\"name\":\"D\u00edvida P\u00fablica Federal tem aumento de 12,2% em 2024 e ultrapassa R$ 7,3 trilh\u00f5es\"}]},{\"@type\":\"WebSite\",\"@id\":\"https:\/\/jornalfatosenoticias.com.br\/#website\",\"url\":\"https:\/\/jornalfatosenoticias.com.br\/\",\"name\":\"Jornal Fatos e Not\u00edcias\",\"description\":\"Not\u00edcias em geral\",\"publisher\":{\"@id\":\"https:\/\/jornalfatosenoticias.com.br\/#organization\"},\"potentialAction\":[{\"@type\":\"SearchAction\",\"target\":{\"@type\":\"EntryPoint\",\"urlTemplate\":\"https:\/\/jornalfatosenoticias.com.br\/?s={search_term_string}\"},\"query-input\":{\"@type\":\"PropertyValueSpecification\",\"valueRequired\":true,\"valueName\":\"search_term_string\"}}],\"inLanguage\":\"pt-BR\"},{\"@type\":\"Organization\",\"@id\":\"https:\/\/jornalfatosenoticias.com.br\/#organization\",\"name\":\"Jornal Fatos e Not\u00edcias\",\"url\":\"https:\/\/jornalfatosenoticias.com.br\/\",\"logo\":{\"@type\":\"ImageObject\",\"inLanguage\":\"pt-BR\",\"@id\":\"https:\/\/jornalfatosenoticias.com.br\/#\/schema\/logo\/image\/\",\"url\":\"https:\/\/jornalfatosenoticias.com.br\/wp-content\/uploads\/2020\/02\/logo120.png\",\"contentUrl\":\"https:\/\/jornalfatosenoticias.com.br\/wp-content\/uploads\/2020\/02\/logo120.png\",\"width\":1227,\"height\":120,\"caption\":\"Jornal Fatos e Not\u00edcias\"},\"image\":{\"@id\":\"https:\/\/jornalfatosenoticias.com.br\/#\/schema\/logo\/image\/\"}},{\"@type\":\"Person\",\"@id\":\"https:\/\/jornalfatosenoticias.com.br\/#\/schema\/person\/d63837fa13ac8666eb9e74e0985d6f81\",\"name\":\"Luzimara Fernandes\",\"image\":{\"@type\":\"ImageObject\",\"inLanguage\":\"pt-BR\",\"@id\":\"https:\/\/jornalfatosenoticias.com.br\/#\/schema\/person\/image\/\",\"url\":\"https:\/\/jornalfatosenoticias.com.br\/wp-content\/uploads\/2025\/05\/EU_portal.jpg\",\"contentUrl\":\"https:\/\/jornalfatosenoticias.com.br\/wp-content\/uploads\/2025\/05\/EU_portal.jpg\",\"caption\":\"Luzimara Fernandes\"},\"description\":\"Jornalista MTB 2358-ES\",\"sameAs\":[\"https:\/\/jornalfatosenoticias.com.br\"],\"url\":\"https:\/\/jornalfatosenoticias.com.br\/index.php\/author\/luzimara\/\"}]}<\/script>\n<!-- \/ Yoast SEO plugin. -->","yoast_head_json":{"title":"D\u00edvida P\u00fablica Federal tem aumento de 12,2% em 2024 e ultrapassa R$ 7,3 trilh\u00f5es - Jornal Fatos e Not\u00edcias","robots":{"index":"index","follow":"follow","max-snippet":"max-snippet:-1","max-image-preview":"max-image-preview:large","max-video-preview":"max-video-preview:-1"},"canonical":"https:\/\/jornalfatosenoticias.com.br\/index.php\/2025\/02\/07\/divida-publica-federal-tem-aumento-de-122-em-2024-e-ultrapassa-r-73-trilhoes\/","og_locale":"pt_BR","og_type":"article","og_title":"D\u00edvida P\u00fablica Federal tem aumento de 12,2% em 2024 e ultrapassa R$ 7,3 trilh\u00f5es - Jornal Fatos e Not\u00edcias","og_description":"Alta do d\u00f3lar, corre\u00e7\u00e3o de juros e demanda por t\u00edtulos atrelados \u00e0 Selic s\u00e3o exemplos de fatores que impulsionaram o crescimento A D\u00edvida P\u00fablica Federal (DPF) registrou um aumento significativo de 12,2% em 2024, alcan\u00e7ando a marca de R$ 7,316 trilh\u00f5es, superando o valor de R$ 6,52 trilh\u00f5es registrado em 2023. Os dados foram divulgados [&hellip;]","og_url":"https:\/\/jornalfatosenoticias.com.br\/index.php\/2025\/02\/07\/divida-publica-federal-tem-aumento-de-122-em-2024-e-ultrapassa-r-73-trilhoes\/","og_site_name":"Jornal Fatos e Not\u00edcias","article_published_time":"2025-02-07T17:12:38+00:00","article_modified_time":"2025-02-07T17:12:39+00:00","og_image":[{"width":612,"height":250,"url":"https:\/\/jornalfatosenoticias.com.br\/wp-content\/uploads\/2025\/02\/DIVIDA-PUBLICA-BRASIL_istock.jpg","type":"image\/jpeg"}],"author":"Luzimara Fernandes","twitter_card":"summary_large_image","twitter_misc":{"Escrito por":"Luzimara Fernandes","Est. tempo de leitura":"2 minutos"},"schema":{"@context":"https:\/\/schema.org","@graph":[{"@type":"Article","@id":"https:\/\/jornalfatosenoticias.com.br\/index.php\/2025\/02\/07\/divida-publica-federal-tem-aumento-de-122-em-2024-e-ultrapassa-r-73-trilhoes\/#article","isPartOf":{"@id":"https:\/\/jornalfatosenoticias.com.br\/index.php\/2025\/02\/07\/divida-publica-federal-tem-aumento-de-122-em-2024-e-ultrapassa-r-73-trilhoes\/"},"author":{"name":"Luzimara Fernandes","@id":"https:\/\/jornalfatosenoticias.com.br\/#\/schema\/person\/d63837fa13ac8666eb9e74e0985d6f81"},"headline":"D\u00edvida P\u00fablica Federal tem aumento de 12,2% em 2024 e ultrapassa R$ 7,3 trilh\u00f5es","datePublished":"2025-02-07T17:12:38+00:00","dateModified":"2025-02-07T17:12:39+00:00","mainEntityOfPage":{"@id":"https:\/\/jornalfatosenoticias.com.br\/index.php\/2025\/02\/07\/divida-publica-federal-tem-aumento-de-122-em-2024-e-ultrapassa-r-73-trilhoes\/"},"wordCount":399,"commentCount":0,"publisher":{"@id":"https:\/\/jornalfatosenoticias.com.br\/#organization"},"image":{"@id":"https:\/\/jornalfatosenoticias.com.br\/index.php\/2025\/02\/07\/divida-publica-federal-tem-aumento-de-122-em-2024-e-ultrapassa-r-73-trilhoes\/#primaryimage"},"thumbnailUrl":"https:\/\/jornalfatosenoticias.com.br\/wp-content\/uploads\/2025\/02\/DIVIDA-PUBLICA-BRASIL_istock.jpg","keywords":["d\u00edvida p\u00fablica","D\u00edvida P\u00fablica Federal","governo Lula","Taxa Selic","Tesouro Nacional"],"articleSection":["Economia"],"inLanguage":"pt-BR","potentialAction":[{"@type":"CommentAction","name":"Comment","target":["https:\/\/jornalfatosenoticias.com.br\/index.php\/2025\/02\/07\/divida-publica-federal-tem-aumento-de-122-em-2024-e-ultrapassa-r-73-trilhoes\/#respond"]}]},{"@type":"WebPage","@id":"https:\/\/jornalfatosenoticias.com.br\/index.php\/2025\/02\/07\/divida-publica-federal-tem-aumento-de-122-em-2024-e-ultrapassa-r-73-trilhoes\/","url":"https:\/\/jornalfatosenoticias.com.br\/index.php\/2025\/02\/07\/divida-publica-federal-tem-aumento-de-122-em-2024-e-ultrapassa-r-73-trilhoes\/","name":"D\u00edvida P\u00fablica Federal tem aumento de 12,2% em 2024 e ultrapassa R$ 7,3 trilh\u00f5es - Jornal Fatos e Not\u00edcias","isPartOf":{"@id":"https:\/\/jornalfatosenoticias.com.br\/#website"},"primaryImageOfPage":{"@id":"https:\/\/jornalfatosenoticias.com.br\/index.php\/2025\/02\/07\/divida-publica-federal-tem-aumento-de-122-em-2024-e-ultrapassa-r-73-trilhoes\/#primaryimage"},"image":{"@id":"https:\/\/jornalfatosenoticias.com.br\/index.php\/2025\/02\/07\/divida-publica-federal-tem-aumento-de-122-em-2024-e-ultrapassa-r-73-trilhoes\/#primaryimage"},"thumbnailUrl":"https:\/\/jornalfatosenoticias.com.br\/wp-content\/uploads\/2025\/02\/DIVIDA-PUBLICA-BRASIL_istock.jpg","datePublished":"2025-02-07T17:12:38+00:00","dateModified":"2025-02-07T17:12:39+00:00","breadcrumb":{"@id":"https:\/\/jornalfatosenoticias.com.br\/index.php\/2025\/02\/07\/divida-publica-federal-tem-aumento-de-122-em-2024-e-ultrapassa-r-73-trilhoes\/#breadcrumb"},"inLanguage":"pt-BR","potentialAction":[{"@type":"ReadAction","target":["https:\/\/jornalfatosenoticias.com.br\/index.php\/2025\/02\/07\/divida-publica-federal-tem-aumento-de-122-em-2024-e-ultrapassa-r-73-trilhoes\/"]}]},{"@type":"ImageObject","inLanguage":"pt-BR","@id":"https:\/\/jornalfatosenoticias.com.br\/index.php\/2025\/02\/07\/divida-publica-federal-tem-aumento-de-122-em-2024-e-ultrapassa-r-73-trilhoes\/#primaryimage","url":"https:\/\/jornalfatosenoticias.com.br\/wp-content\/uploads\/2025\/02\/DIVIDA-PUBLICA-BRASIL_istock.jpg","contentUrl":"https:\/\/jornalfatosenoticias.com.br\/wp-content\/uploads\/2025\/02\/DIVIDA-PUBLICA-BRASIL_istock.jpg","width":612,"height":250,"caption":"Financial fall of brazil on economy market. Brazil financial crisis on economic graph"},{"@type":"BreadcrumbList","@id":"https:\/\/jornalfatosenoticias.com.br\/index.php\/2025\/02\/07\/divida-publica-federal-tem-aumento-de-122-em-2024-e-ultrapassa-r-73-trilhoes\/#breadcrumb","itemListElement":[{"@type":"ListItem","position":1,"name":"In\u00edcio","item":"https:\/\/jornalfatosenoticias.com.br\/"},{"@type":"ListItem","position":2,"name":"D\u00edvida P\u00fablica Federal tem aumento de 12,2% em 2024 e ultrapassa R$ 7,3 trilh\u00f5es"}]},{"@type":"WebSite","@id":"https:\/\/jornalfatosenoticias.com.br\/#website","url":"https:\/\/jornalfatosenoticias.com.br\/","name":"Jornal Fatos e Not\u00edcias","description":"Not\u00edcias em geral","publisher":{"@id":"https:\/\/jornalfatosenoticias.com.br\/#organization"},"potentialAction":[{"@type":"SearchAction","target":{"@type":"EntryPoint","urlTemplate":"https:\/\/jornalfatosenoticias.com.br\/?s={search_term_string}"},"query-input":{"@type":"PropertyValueSpecification","valueRequired":true,"valueName":"search_term_string"}}],"inLanguage":"pt-BR"},{"@type":"Organization","@id":"https:\/\/jornalfatosenoticias.com.br\/#organization","name":"Jornal Fatos e Not\u00edcias","url":"https:\/\/jornalfatosenoticias.com.br\/","logo":{"@type":"ImageObject","inLanguage":"pt-BR","@id":"https:\/\/jornalfatosenoticias.com.br\/#\/schema\/logo\/image\/","url":"https:\/\/jornalfatosenoticias.com.br\/wp-content\/uploads\/2020\/02\/logo120.png","contentUrl":"https:\/\/jornalfatosenoticias.com.br\/wp-content\/uploads\/2020\/02\/logo120.png","width":1227,"height":120,"caption":"Jornal Fatos e Not\u00edcias"},"image":{"@id":"https:\/\/jornalfatosenoticias.com.br\/#\/schema\/logo\/image\/"}},{"@type":"Person","@id":"https:\/\/jornalfatosenoticias.com.br\/#\/schema\/person\/d63837fa13ac8666eb9e74e0985d6f81","name":"Luzimara Fernandes","image":{"@type":"ImageObject","inLanguage":"pt-BR","@id":"https:\/\/jornalfatosenoticias.com.br\/#\/schema\/person\/image\/","url":"https:\/\/jornalfatosenoticias.com.br\/wp-content\/uploads\/2025\/05\/EU_portal.jpg","contentUrl":"https:\/\/jornalfatosenoticias.com.br\/wp-content\/uploads\/2025\/05\/EU_portal.jpg","caption":"Luzimara Fernandes"},"description":"Jornalista MTB 2358-ES","sameAs":["https:\/\/jornalfatosenoticias.com.br"],"url":"https:\/\/jornalfatosenoticias.com.br\/index.php\/author\/luzimara\/"}]}},"cc_featured_image_caption":{"caption_text":"(Foto: iStock) ","source_text":"","source_url":""},"jetpack_featured_media_url":"https:\/\/jornalfatosenoticias.com.br\/wp-content\/uploads\/2025\/02\/DIVIDA-PUBLICA-BRASIL_istock.jpg","_links":{"self":[{"href":"https:\/\/jornalfatosenoticias.com.br\/index.php\/wp-json\/wp\/v2\/posts\/57413","targetHints":{"allow":["GET"]}}],"collection":[{"href":"https:\/\/jornalfatosenoticias.com.br\/index.php\/wp-json\/wp\/v2\/posts"}],"about":[{"href":"https:\/\/jornalfatosenoticias.com.br\/index.php\/wp-json\/wp\/v2\/types\/post"}],"author":[{"embeddable":true,"href":"https:\/\/jornalfatosenoticias.com.br\/index.php\/wp-json\/wp\/v2\/users\/2"}],"replies":[{"embeddable":true,"href":"https:\/\/jornalfatosenoticias.com.br\/index.php\/wp-json\/wp\/v2\/comments?post=57413"}],"version-history":[{"count":0,"href":"https:\/\/jornalfatosenoticias.com.br\/index.php\/wp-json\/wp\/v2\/posts\/57413\/revisions"}],"wp:featuredmedia":[{"embeddable":true,"href":"https:\/\/jornalfatosenoticias.com.br\/index.php\/wp-json\/wp\/v2\/media\/57414"}],"wp:attachment":[{"href":"https:\/\/jornalfatosenoticias.com.br\/index.php\/wp-json\/wp\/v2\/media?parent=57413"}],"wp:term":[{"taxonomy":"category","embeddable":true,"href":"https:\/\/jornalfatosenoticias.com.br\/index.php\/wp-json\/wp\/v2\/categories?post=57413"},{"taxonomy":"post_tag","embeddable":true,"href":"https:\/\/jornalfatosenoticias.com.br\/index.php\/wp-json\/wp\/v2\/tags?post=57413"}],"curies":[{"name":"wp","href":"https:\/\/api.w.org\/{rel}","templated":true}]}}