{"id":57416,"date":"2025-02-07T14:25:22","date_gmt":"2025-02-07T17:25:22","guid":{"rendered":"https:\/\/jornalfatosenoticias.com.br\/?p=57416"},"modified":"2025-02-07T14:25:23","modified_gmt":"2025-02-07T17:25:23","slug":"conheca-peter-stumpp-o-lobisomem-que-assombrou-a-alemanha","status":"publish","type":"post","link":"https:\/\/jornalfatosenoticias.com.br\/index.php\/2025\/02\/07\/conheca-peter-stumpp-o-lobisomem-que-assombrou-a-alemanha\/","title":{"rendered":"Conhe\u00e7a Peter Stumpp, o &#8216;Lobisomem&#8217; que assombrou a Alemanha"},"content":{"rendered":"\n<p><em><span class=\"has-inline-color has-black-color\">Um fazendeiro alem\u00e3o do s\u00e9culo 16, acusado de crimes brutais, inspirou lenda sinistra que ecoa atrav\u00e9s dos s\u00e9culos; entenda<\/span><\/em><\/p>\n\n\n\n<p><span class=\"has-inline-color has-black-color\">Por <strong>Gabriel Marin de Oliveira<\/strong><\/span><\/p>\n\n\n\n<div class=\"wp-block-image\"><figure class=\"aligncenter size-large\"><a href=\"https:\/\/panper.com.br\/\"><img loading=\"lazy\" decoding=\"async\" width=\"1024\" height=\"111\" src=\"https:\/\/jornalfatosenoticias.com.br\/wp-content\/uploads\/2020\/02\/WhatsApp-Image-2022-09-23-at-12.09.18-1024x111.jpeg\" alt=\"\" class=\"wp-image-34527\" srcset=\"https:\/\/jornalfatosenoticias.com.br\/wp-content\/uploads\/2020\/02\/WhatsApp-Image-2022-09-23-at-12.09.18-1024x111.jpeg 1024w, https:\/\/jornalfatosenoticias.com.br\/wp-content\/uploads\/2020\/02\/WhatsApp-Image-2022-09-23-at-12.09.18-300x32.jpeg 300w, https:\/\/jornalfatosenoticias.com.br\/wp-content\/uploads\/2020\/02\/WhatsApp-Image-2022-09-23-at-12.09.18-768x83.jpeg 768w, https:\/\/jornalfatosenoticias.com.br\/wp-content\/uploads\/2020\/02\/WhatsApp-Image-2022-09-23-at-12.09.18.jpeg 1121w\" sizes=\"auto, (max-width: 1024px) 100vw, 1024px\" \/><\/a><\/figure><\/div>\n\n\n\n<p>Monstros podem ser cria\u00e7\u00f5es da imagina\u00e7\u00e3o, mas os crimes que inspiram suas lendas s\u00e3o, muitas vezes,\u00a0<mark>surpreendentes.<\/mark>\u00a0A hist\u00f3ria de\u00a0<strong>Peter Stumpp<\/strong>, um fazendeiro alem\u00e3o do s\u00e9culo 16, \u00e9 um exemplo arrepiante de como a linha entre mito e realidade pode se confundir, deixando um rastro de terror e mist\u00e9rio que permanece vivo na mem\u00f3ria popular.<br><strong>Stumpp<\/strong>, que viveu em Bedbur,\u00a0<a href=\"https:\/\/aventurasnahistoria.com.br\/noticias\/historia-hoje\/na-alemanha-sobrevivente-de-auschwitz-devolve-condecoracao-temo-que-historia-se-repita.phtml\" rel=\"noreferrer noopener\" target=\"_blank\"><strong>Alemanha<\/strong><\/a>, no final dos anos 1500, foi acusado de\u00a0<mark>uma s\u00e9rie de assassinatos brutais<\/mark>, incluindo o de 13 crian\u00e7as, dois homens, tr\u00eas mulheres e at\u00e9 mesmo de seu pr\u00f3prio filho, repercute a Revista People. Os relatos da \u00e9poca o descreviam como um monstro, um <a href=\"https:\/\/aventurasnahistoria.com.br\/noticias\/almanaque\/historia-na-idade-moderna-lobisomens-foram-cacados-como-bruxas.phtml\" rel=\"noreferrer noopener\" target=\"_blank\"><strong>lobisomem<\/strong><\/a>\u00a0que se transformava em fera para saciar sua sede de sangue. Mas, as acusa\u00e7\u00f5es n\u00e3o se resumiam apenas a assassinatos, o homem tamb\u00e9m foi acusado de\u00a0<mark>estupros e at\u00e9 mortes de gados.<\/mark><\/p>\n\n\n\n<div class=\"wp-block-image\"><figure class=\"aligncenter size-large is-resized\"><a href=\"https:\/\/www.ithbrasil.com.br\/\"><img loading=\"lazy\" decoding=\"async\" src=\"https:\/\/jornalfatosenoticias.com.br\/wp-content\/uploads\/2023\/08\/ITH.jpeg\" alt=\"\" class=\"wp-image-44638\" width=\"299\" height=\"243\" srcset=\"https:\/\/jornalfatosenoticias.com.br\/wp-content\/uploads\/2023\/08\/ITH.jpeg 800w, https:\/\/jornalfatosenoticias.com.br\/wp-content\/uploads\/2023\/08\/ITH-300x244.jpeg 300w, https:\/\/jornalfatosenoticias.com.br\/wp-content\/uploads\/2023\/08\/ITH-768x624.jpeg 768w\" sizes=\"auto, (max-width: 299px) 100vw, 299px\" \/><\/a><\/figure><\/div>\n\n\n\n<p>A hist\u00f3ria do fazendeiro ganhou notoriedade na \u00e9poca, com a distribui\u00e7\u00e3o de panfletos que detalhavam seus\u00a0<mark>supostos crimes e alega\u00e7\u00f5es de um esp\u00edrito anormal.<\/mark>\u00a0Um dos livretes acusava-o de\u00a0<a href=\"https:\/\/aventurasnahistoria.com.br\/noticias\/historia-hoje\/ator-de-irmaos-menendez-explica-cenas-de-incesto-historia-controversa.phtml\" rel=\"noreferrer noopener\" target=\"_blank\"><strong>incesto<\/strong><\/a>, alegando que ele tinha um relacionamento rom\u00e2ntico com sua pr\u00f3pria filha. <mark>Sua hist\u00f3ria inspirou obras de arte<\/mark>, como a xilogravura &#8220;O Lobo ou O Canibal&#8221; e o livro de\u00a0<strong>George Bores<\/strong>\u00a0de 1590, &#8220;A Maldita Vida e Morte de Peter Stumpp&#8221;, que se espalharam pela\u00a0<a href=\"https:\/\/aventurasnahistoria.com.br\/noticias\/historia-hoje\/jovens-que-viveram-na-era-glacial-usavam-piercings-nas-bochechas.phtml\" rel=\"noreferrer noopener\" target=\"_blank\"><strong>Europa<\/strong><\/a>, alimentando o medo e a fascina\u00e7\u00e3o em torno de sua figura.<\/p>\n\n\n\n<div class=\"wp-block-image\"><figure class=\"aligncenter size-large is-resized\"><a href=\"https:\/\/www.instagram.com\/serra4x4cambioautomatico\/\"><img loading=\"lazy\" decoding=\"async\" src=\"https:\/\/jornalfatosenoticias.com.br\/wp-content\/uploads\/2024\/08\/Serra-4x4-1-886x1024.jpg\" alt=\"\" class=\"wp-image-53632\" width=\"308\" height=\"356\" srcset=\"https:\/\/jornalfatosenoticias.com.br\/wp-content\/uploads\/2024\/08\/Serra-4x4-1-886x1024.jpg 886w, https:\/\/jornalfatosenoticias.com.br\/wp-content\/uploads\/2024\/08\/Serra-4x4-1-260x300.jpg 260w, https:\/\/jornalfatosenoticias.com.br\/wp-content\/uploads\/2024\/08\/Serra-4x4-1-768x888.jpg 768w, https:\/\/jornalfatosenoticias.com.br\/wp-content\/uploads\/2024\/08\/Serra-4x4-1.jpg 1181w\" sizes=\"auto, (max-width: 308px) 100vw, 308px\" \/><\/a><\/figure><\/div>\n\n\n\n<p><strong><span class=\"has-inline-color has-black-color\">Detido<br><\/span><\/strong>Ap\u00f3s um longo per\u00edodo de terror que se estendeu por <mark>25 anos<\/mark>,\u00a0<strong>Peter Stumpp<\/strong> foi finalmente capturado por um grupo de ca\u00e7adores e levado sob cust\u00f3dia. Diante das autoridades, ele confessou ter feito um &#8220;pacto com o Diabo&#8221;, recebendo em troca um\u00a0<mark>cinto m\u00e1gico<\/mark> que lhe concedia a habilidade de se transformar em lobo quando desejasse.<\/p>\n\n\n\n<div class=\"wp-block-image\"><figure class=\"aligncenter size-large is-resized\"><a href=\"https:\/\/www.instagram.com\/ligadossaborespizzaria\/\"><img loading=\"lazy\" decoding=\"async\" src=\"https:\/\/jornalfatosenoticias.com.br\/wp-content\/uploads\/2020\/02\/WhatsApp-Image-2024-10-02-at-08.18.14-819x1024.jpeg\" alt=\"\" class=\"wp-image-54612\" width=\"285\" height=\"356\" srcset=\"https:\/\/jornalfatosenoticias.com.br\/wp-content\/uploads\/2020\/02\/WhatsApp-Image-2024-10-02-at-08.18.14-819x1024.jpeg 819w, https:\/\/jornalfatosenoticias.com.br\/wp-content\/uploads\/2020\/02\/WhatsApp-Image-2024-10-02-at-08.18.14-240x300.jpeg 240w, https:\/\/jornalfatosenoticias.com.br\/wp-content\/uploads\/2020\/02\/WhatsApp-Image-2024-10-02-at-08.18.14-768x960.jpeg 768w, https:\/\/jornalfatosenoticias.com.br\/wp-content\/uploads\/2020\/02\/WhatsApp-Image-2024-10-02-at-08.18.14.jpeg 1024w\" sizes=\"auto, (max-width: 285px) 100vw, 285px\" \/><\/a><\/figure><\/div>\n\n\n\n<p>Considerado culpado pelos 16 assassinatos, incluindo o de seu pr\u00f3prio filho, <mark>cujo c\u00e9rebro ele teria consumido<\/mark>,\u00a0<strong>Stumpp<\/strong> foi condenado \u00e0 morte. O escritor ingl\u00eas <strong>George Bores,<\/strong> em seu livro de 1590, descreveu o assassinato e canibalismo de seu filho como &#8220;o ato mais monstruoso que o homem j\u00e1 ouviu falar, pois nunca se conheceu um miser\u00e1vel da natureza t\u00e3o degenerado&#8221;, segundo a Universidade de Michigan.<\/p>\n\n\n\n<div class=\"wp-block-image\"><figure class=\"aligncenter size-large is-resized\"><a href=\"https:\/\/www.facebook.com\/postobkr\/?locale=pt_BR\"><img loading=\"lazy\" decoding=\"async\" src=\"https:\/\/jornalfatosenoticias.com.br\/wp-content\/uploads\/2023\/08\/BKR-1024x1021.jpg\" alt=\"\" class=\"wp-image-44494\" width=\"311\" height=\"310\" srcset=\"https:\/\/jornalfatosenoticias.com.br\/wp-content\/uploads\/2023\/08\/BKR-1024x1021.jpg 1024w, https:\/\/jornalfatosenoticias.com.br\/wp-content\/uploads\/2023\/08\/BKR-300x300.jpg 300w, https:\/\/jornalfatosenoticias.com.br\/wp-content\/uploads\/2023\/08\/BKR-150x150.jpg 150w, https:\/\/jornalfatosenoticias.com.br\/wp-content\/uploads\/2023\/08\/BKR-768x766.jpg 768w, https:\/\/jornalfatosenoticias.com.br\/wp-content\/uploads\/2023\/08\/BKR.jpg 1080w\" sizes=\"auto, (max-width: 311px) 100vw, 311px\" \/><\/a><\/figure><\/div>\n\n\n\n<p><strong><span class=\"has-inline-color has-black-color\">Controv\u00e9rsia<br><\/span><\/strong>No entanto, a culpa de <strong>Stumpp<\/strong>\u00a0sempre foi objeto de debate. Sua confiss\u00e3o,\u00a0<mark>obtida sob tortura<\/mark>, levanta d\u00favidas sobre a veracidade das acusa\u00e7\u00f5es. Alguns historiadores sugerem que ele pode ter sido um <mark>bode expiat\u00f3rio<\/mark>\u00a0em tempos de histeria coletiva, quando a Europa era assolada por julgamentos de bruxas e acusa\u00e7\u00f5es de lobisomens.<\/p>\n\n\n\n<div class=\"wp-block-image\"><figure class=\"aligncenter size-large is-resized\"><a href=\"https:\/\/www.instagram.com\/restaurantepegoretti\/\"><img loading=\"lazy\" decoding=\"async\" src=\"https:\/\/jornalfatosenoticias.com.br\/wp-content\/uploads\/2023\/12\/pegoretti-logo-pdf-1024x389.jpg\" alt=\"\" class=\"wp-image-47536\" width=\"424\" height=\"161\" srcset=\"https:\/\/jornalfatosenoticias.com.br\/wp-content\/uploads\/2023\/12\/pegoretti-logo-pdf-1024x389.jpg 1024w, https:\/\/jornalfatosenoticias.com.br\/wp-content\/uploads\/2023\/12\/pegoretti-logo-pdf-300x114.jpg 300w, https:\/\/jornalfatosenoticias.com.br\/wp-content\/uploads\/2023\/12\/pegoretti-logo-pdf-768x291.jpg 768w, https:\/\/jornalfatosenoticias.com.br\/wp-content\/uploads\/2023\/12\/pegoretti-logo-pdf.jpg 1120w\" sizes=\"auto, (max-width: 424px) 100vw, 424px\" \/><\/a><\/figure><\/div>\n\n\n\n<p>Ainda de acordo com a People, ap\u00f3s sua confiss\u00e3o, <strong>Peter<\/strong>\u00a0foi levado para Col\u00f4nia, onde sua execu\u00e7\u00e3o ocorreu na noite de\u00a0<a href=\"https:\/\/aventurasnahistoria.com.br\/noticias\/historia-hoje\/crianca-de-7-anos-recebe-doces-com-cannabis-durante-halloween.phtml\" rel=\"noreferrer noopener\" target=\"_blank\"><strong>Halloween<\/strong><\/a>,\u00a0<mark>31 de outubro de 1589.<\/mark> De acordo com a Universidade de Melbourne, o alem\u00e3o foi morto por meio da &#8220;roda de quebra&#8221;, um m\u00e9todo de execu\u00e7\u00e3o cruel em que o condenado era amarrado a uma roda de carro\u00e7a e\u00a0<mark>tinha sua pele arrancada com pin\u00e7as quentes.<\/mark><br>Seus bra\u00e7os e pernas foram fraturados com a parte cega de um machado, e sua m\u00e3o esquerda foi decepada.<\/p>\n\n\n\n<div class=\"wp-block-image\"><figure class=\"aligncenter size-large\"><a href=\"http:\/\/www.ferrarimaquinas.com.br\/\"><img loading=\"lazy\" decoding=\"async\" width=\"300\" height=\"250\" src=\"https:\/\/jornalfatosenoticias.com.br\/wp-content\/uploads\/2022\/02\/FERRARI_MAQUINAS-E-FERRAMENTAS2.jpg\" alt=\"\" class=\"wp-image-27860\"\/><\/a><\/figure><\/div>\n\n\n\n<p>Ainda segundo a Universidade de Melbourne, a amante e a filha do fazendeiro <mark>tamb\u00e9m foram executadas<\/mark>, e seus corpos foram incinerados com o dele.\u00a0<strong>George Bores<\/strong>, em seu livro publicado um ano ap\u00f3s a execu\u00e7\u00e3o, relatou que a cabe\u00e7a de\u00a0<strong>Stumpp<\/strong>\u00a0foi colocada em uma estaca como um\u00a0<mark>aviso macabro para a comunidade.<\/mark><\/p>\n\n\n\n<div class=\"wp-block-image\"><figure class=\"aligncenter size-large is-resized\"><a href=\"https:\/\/www.instagram.com\/esteiochurrascaria\/\"><img loading=\"lazy\" decoding=\"async\" src=\"https:\/\/jornalfatosenoticias.com.br\/wp-content\/uploads\/2022\/02\/LOGO-ESTEIO-1024x730.png\" alt=\"\" class=\"wp-image-27942\" width=\"344\" height=\"245\" srcset=\"https:\/\/jornalfatosenoticias.com.br\/wp-content\/uploads\/2022\/02\/LOGO-ESTEIO-1024x730.png 1024w, https:\/\/jornalfatosenoticias.com.br\/wp-content\/uploads\/2022\/02\/LOGO-ESTEIO-300x214.png 300w, https:\/\/jornalfatosenoticias.com.br\/wp-content\/uploads\/2022\/02\/LOGO-ESTEIO-768x548.png 768w, https:\/\/jornalfatosenoticias.com.br\/wp-content\/uploads\/2022\/02\/LOGO-ESTEIO.png 1123w\" sizes=\"auto, (max-width: 344px) 100vw, 344px\" \/><\/a><\/figure><\/div>\n\n\n\n<p><strong><em>Fonte: <a href=\"https:\/\/aventurasnahistoria.com.br\/noticias\/historia-hoje\/conheca-peter-stumpp-o-lobisomen-que-assombrou-alemanha.phtml\">Aventuras na Hist\u00f3ria<\/a><\/em><\/strong><\/p>\n","protected":false},"excerpt":{"rendered":"<p>Um fazendeiro alem\u00e3o do s\u00e9culo 16, acusado de crimes brutais, inspirou lenda sinistra que ecoa atrav\u00e9s dos s\u00e9culos; entenda Por Gabriel Marin de Oliveira Monstros podem ser cria\u00e7\u00f5es da imagina\u00e7\u00e3o, mas os crimes que inspiram suas lendas s\u00e3o, muitas vezes,\u00a0surpreendentes.\u00a0A hist\u00f3ria de\u00a0Peter Stumpp, um fazendeiro alem\u00e3o do s\u00e9culo 16, \u00e9 um exemplo arrepiante de como [&hellip;]<\/p>\n","protected":false},"author":2,"featured_media":57417,"comment_status":"open","ping_status":"open","sticky":false,"template":"","format":"standard","meta":{"footnotes":""},"categories":[5],"tags":[417,9881,26204,6889,670,6284,249,4394,26207,75,322,26206],"class_list":["post-57416","post","type-post","status-publish","format-standard","has-post-thumbnail","hentry","category-geral","tag-alemanha","tag-assassinatos","tag-canibal","tag-canibalismo","tag-criancas","tag-curiosidade","tag-historia","tag-lenda","tag-lobisomem","tag-mortes","tag-mundo","tag-peter-stumpp"],"yoast_head":"<!-- This site is optimized with the Yoast SEO plugin v26.5 - https:\/\/yoast.com\/wordpress\/plugins\/seo\/ -->\n<title>Conhe\u00e7a Peter Stumpp, o &#039;Lobisomem&#039; que assombrou a Alemanha - Jornal Fatos e Not\u00edcias<\/title>\n<meta name=\"robots\" content=\"index, follow, max-snippet:-1, max-image-preview:large, max-video-preview:-1\" \/>\n<link rel=\"canonical\" href=\"https:\/\/jornalfatosenoticias.com.br\/index.php\/2025\/02\/07\/conheca-peter-stumpp-o-lobisomem-que-assombrou-a-alemanha\/\" \/>\n<meta property=\"og:locale\" content=\"pt_BR\" \/>\n<meta property=\"og:type\" content=\"article\" \/>\n<meta property=\"og:title\" content=\"Conhe\u00e7a Peter Stumpp, o &#039;Lobisomem&#039; que assombrou a Alemanha - Jornal Fatos e Not\u00edcias\" \/>\n<meta property=\"og:description\" content=\"Um fazendeiro alem\u00e3o do s\u00e9culo 16, acusado de crimes brutais, inspirou lenda sinistra que ecoa atrav\u00e9s dos s\u00e9culos; entenda Por Gabriel Marin de Oliveira Monstros podem ser cria\u00e7\u00f5es da imagina\u00e7\u00e3o, mas os crimes que inspiram suas lendas s\u00e3o, muitas vezes,\u00a0surpreendentes.\u00a0A hist\u00f3ria de\u00a0Peter Stumpp, um fazendeiro alem\u00e3o do s\u00e9culo 16, \u00e9 um exemplo arrepiante de como [&hellip;]\" \/>\n<meta property=\"og:url\" content=\"https:\/\/jornalfatosenoticias.com.br\/index.php\/2025\/02\/07\/conheca-peter-stumpp-o-lobisomem-que-assombrou-a-alemanha\/\" \/>\n<meta property=\"og:site_name\" content=\"Jornal Fatos e Not\u00edcias\" \/>\n<meta property=\"article:published_time\" content=\"2025-02-07T17:25:22+00:00\" \/>\n<meta property=\"article:modified_time\" content=\"2025-02-07T17:25:23+00:00\" \/>\n<meta property=\"og:image\" content=\"https:\/\/jornalfatosenoticias.com.br\/wp-content\/uploads\/2025\/02\/lobisomen_curiosidade.jpg\" \/>\n\t<meta property=\"og:image:width\" content=\"800\" \/>\n\t<meta property=\"og:image:height\" content=\"450\" \/>\n\t<meta property=\"og:image:type\" content=\"image\/jpeg\" \/>\n<meta name=\"author\" content=\"Luzimara Fernandes\" \/>\n<meta name=\"twitter:card\" content=\"summary_large_image\" \/>\n<meta name=\"twitter:label1\" content=\"Escrito por\" \/>\n\t<meta name=\"twitter:data1\" content=\"Luzimara Fernandes\" \/>\n\t<meta name=\"twitter:label2\" content=\"Est. tempo de leitura\" \/>\n\t<meta name=\"twitter:data2\" content=\"3 minutos\" \/>\n<script type=\"application\/ld+json\" class=\"yoast-schema-graph\">{\"@context\":\"https:\/\/schema.org\",\"@graph\":[{\"@type\":\"Article\",\"@id\":\"https:\/\/jornalfatosenoticias.com.br\/index.php\/2025\/02\/07\/conheca-peter-stumpp-o-lobisomem-que-assombrou-a-alemanha\/#article\",\"isPartOf\":{\"@id\":\"https:\/\/jornalfatosenoticias.com.br\/index.php\/2025\/02\/07\/conheca-peter-stumpp-o-lobisomem-que-assombrou-a-alemanha\/\"},\"author\":{\"name\":\"Luzimara Fernandes\",\"@id\":\"https:\/\/jornalfatosenoticias.com.br\/#\/schema\/person\/d63837fa13ac8666eb9e74e0985d6f81\"},\"headline\":\"Conhe\u00e7a Peter Stumpp, o &#8216;Lobisomem&#8217; que assombrou a Alemanha\",\"datePublished\":\"2025-02-07T17:25:22+00:00\",\"dateModified\":\"2025-02-07T17:25:23+00:00\",\"mainEntityOfPage\":{\"@id\":\"https:\/\/jornalfatosenoticias.com.br\/index.php\/2025\/02\/07\/conheca-peter-stumpp-o-lobisomem-que-assombrou-a-alemanha\/\"},\"wordCount\":625,\"commentCount\":0,\"publisher\":{\"@id\":\"https:\/\/jornalfatosenoticias.com.br\/#organization\"},\"image\":{\"@id\":\"https:\/\/jornalfatosenoticias.com.br\/index.php\/2025\/02\/07\/conheca-peter-stumpp-o-lobisomem-que-assombrou-a-alemanha\/#primaryimage\"},\"thumbnailUrl\":\"https:\/\/jornalfatosenoticias.com.br\/wp-content\/uploads\/2025\/02\/lobisomen_curiosidade.jpg\",\"keywords\":[\"Alemanha\",\"assassinatos\",\"canibal\",\"canibalismo\",\"crian\u00e7as\",\"curiosidade\",\"hist\u00f3ria\",\"lenda\",\"lobisomem\",\"mortes\",\"mundo\",\"Peter Stumpp\"],\"articleSection\":[\"Geral\"],\"inLanguage\":\"pt-BR\",\"potentialAction\":[{\"@type\":\"CommentAction\",\"name\":\"Comment\",\"target\":[\"https:\/\/jornalfatosenoticias.com.br\/index.php\/2025\/02\/07\/conheca-peter-stumpp-o-lobisomem-que-assombrou-a-alemanha\/#respond\"]}]},{\"@type\":\"WebPage\",\"@id\":\"https:\/\/jornalfatosenoticias.com.br\/index.php\/2025\/02\/07\/conheca-peter-stumpp-o-lobisomem-que-assombrou-a-alemanha\/\",\"url\":\"https:\/\/jornalfatosenoticias.com.br\/index.php\/2025\/02\/07\/conheca-peter-stumpp-o-lobisomem-que-assombrou-a-alemanha\/\",\"name\":\"Conhe\u00e7a Peter Stumpp, o 'Lobisomem' que assombrou a Alemanha - Jornal Fatos e Not\u00edcias\",\"isPartOf\":{\"@id\":\"https:\/\/jornalfatosenoticias.com.br\/#website\"},\"primaryImageOfPage\":{\"@id\":\"https:\/\/jornalfatosenoticias.com.br\/index.php\/2025\/02\/07\/conheca-peter-stumpp-o-lobisomem-que-assombrou-a-alemanha\/#primaryimage\"},\"image\":{\"@id\":\"https:\/\/jornalfatosenoticias.com.br\/index.php\/2025\/02\/07\/conheca-peter-stumpp-o-lobisomem-que-assombrou-a-alemanha\/#primaryimage\"},\"thumbnailUrl\":\"https:\/\/jornalfatosenoticias.com.br\/wp-content\/uploads\/2025\/02\/lobisomen_curiosidade.jpg\",\"datePublished\":\"2025-02-07T17:25:22+00:00\",\"dateModified\":\"2025-02-07T17:25:23+00:00\",\"breadcrumb\":{\"@id\":\"https:\/\/jornalfatosenoticias.com.br\/index.php\/2025\/02\/07\/conheca-peter-stumpp-o-lobisomem-que-assombrou-a-alemanha\/#breadcrumb\"},\"inLanguage\":\"pt-BR\",\"potentialAction\":[{\"@type\":\"ReadAction\",\"target\":[\"https:\/\/jornalfatosenoticias.com.br\/index.php\/2025\/02\/07\/conheca-peter-stumpp-o-lobisomem-que-assombrou-a-alemanha\/\"]}]},{\"@type\":\"ImageObject\",\"inLanguage\":\"pt-BR\",\"@id\":\"https:\/\/jornalfatosenoticias.com.br\/index.php\/2025\/02\/07\/conheca-peter-stumpp-o-lobisomem-que-assombrou-a-alemanha\/#primaryimage\",\"url\":\"https:\/\/jornalfatosenoticias.com.br\/wp-content\/uploads\/2025\/02\/lobisomen_curiosidade.jpg\",\"contentUrl\":\"https:\/\/jornalfatosenoticias.com.br\/wp-content\/uploads\/2025\/02\/lobisomen_curiosidade.jpg\",\"width\":800,\"height\":450},{\"@type\":\"BreadcrumbList\",\"@id\":\"https:\/\/jornalfatosenoticias.com.br\/index.php\/2025\/02\/07\/conheca-peter-stumpp-o-lobisomem-que-assombrou-a-alemanha\/#breadcrumb\",\"itemListElement\":[{\"@type\":\"ListItem\",\"position\":1,\"name\":\"In\u00edcio\",\"item\":\"https:\/\/jornalfatosenoticias.com.br\/\"},{\"@type\":\"ListItem\",\"position\":2,\"name\":\"Conhe\u00e7a Peter Stumpp, o &#8216;Lobisomem&#8217; que assombrou a Alemanha\"}]},{\"@type\":\"WebSite\",\"@id\":\"https:\/\/jornalfatosenoticias.com.br\/#website\",\"url\":\"https:\/\/jornalfatosenoticias.com.br\/\",\"name\":\"Jornal Fatos e Not\u00edcias\",\"description\":\"Not\u00edcias em geral\",\"publisher\":{\"@id\":\"https:\/\/jornalfatosenoticias.com.br\/#organization\"},\"potentialAction\":[{\"@type\":\"SearchAction\",\"target\":{\"@type\":\"EntryPoint\",\"urlTemplate\":\"https:\/\/jornalfatosenoticias.com.br\/?s={search_term_string}\"},\"query-input\":{\"@type\":\"PropertyValueSpecification\",\"valueRequired\":true,\"valueName\":\"search_term_string\"}}],\"inLanguage\":\"pt-BR\"},{\"@type\":\"Organization\",\"@id\":\"https:\/\/jornalfatosenoticias.com.br\/#organization\",\"name\":\"Jornal Fatos e Not\u00edcias\",\"url\":\"https:\/\/jornalfatosenoticias.com.br\/\",\"logo\":{\"@type\":\"ImageObject\",\"inLanguage\":\"pt-BR\",\"@id\":\"https:\/\/jornalfatosenoticias.com.br\/#\/schema\/logo\/image\/\",\"url\":\"https:\/\/jornalfatosenoticias.com.br\/wp-content\/uploads\/2020\/02\/logo120.png\",\"contentUrl\":\"https:\/\/jornalfatosenoticias.com.br\/wp-content\/uploads\/2020\/02\/logo120.png\",\"width\":1227,\"height\":120,\"caption\":\"Jornal Fatos e Not\u00edcias\"},\"image\":{\"@id\":\"https:\/\/jornalfatosenoticias.com.br\/#\/schema\/logo\/image\/\"}},{\"@type\":\"Person\",\"@id\":\"https:\/\/jornalfatosenoticias.com.br\/#\/schema\/person\/d63837fa13ac8666eb9e74e0985d6f81\",\"name\":\"Luzimara Fernandes\",\"image\":{\"@type\":\"ImageObject\",\"inLanguage\":\"pt-BR\",\"@id\":\"https:\/\/jornalfatosenoticias.com.br\/#\/schema\/person\/image\/\",\"url\":\"https:\/\/jornalfatosenoticias.com.br\/wp-content\/uploads\/2025\/05\/EU_portal.jpg\",\"contentUrl\":\"https:\/\/jornalfatosenoticias.com.br\/wp-content\/uploads\/2025\/05\/EU_portal.jpg\",\"caption\":\"Luzimara Fernandes\"},\"description\":\"Jornalista MTB 2358-ES\",\"sameAs\":[\"https:\/\/jornalfatosenoticias.com.br\"],\"url\":\"https:\/\/jornalfatosenoticias.com.br\/index.php\/author\/luzimara\/\"}]}<\/script>\n<!-- \/ Yoast SEO plugin. -->","yoast_head_json":{"title":"Conhe\u00e7a Peter Stumpp, o 'Lobisomem' que assombrou a Alemanha - Jornal Fatos e Not\u00edcias","robots":{"index":"index","follow":"follow","max-snippet":"max-snippet:-1","max-image-preview":"max-image-preview:large","max-video-preview":"max-video-preview:-1"},"canonical":"https:\/\/jornalfatosenoticias.com.br\/index.php\/2025\/02\/07\/conheca-peter-stumpp-o-lobisomem-que-assombrou-a-alemanha\/","og_locale":"pt_BR","og_type":"article","og_title":"Conhe\u00e7a Peter Stumpp, o 'Lobisomem' que assombrou a Alemanha - Jornal Fatos e Not\u00edcias","og_description":"Um fazendeiro alem\u00e3o do s\u00e9culo 16, acusado de crimes brutais, inspirou lenda sinistra que ecoa atrav\u00e9s dos s\u00e9culos; entenda Por Gabriel Marin de Oliveira Monstros podem ser cria\u00e7\u00f5es da imagina\u00e7\u00e3o, mas os crimes que inspiram suas lendas s\u00e3o, muitas vezes,\u00a0surpreendentes.\u00a0A hist\u00f3ria de\u00a0Peter Stumpp, um fazendeiro alem\u00e3o do s\u00e9culo 16, \u00e9 um exemplo arrepiante de como [&hellip;]","og_url":"https:\/\/jornalfatosenoticias.com.br\/index.php\/2025\/02\/07\/conheca-peter-stumpp-o-lobisomem-que-assombrou-a-alemanha\/","og_site_name":"Jornal Fatos e Not\u00edcias","article_published_time":"2025-02-07T17:25:22+00:00","article_modified_time":"2025-02-07T17:25:23+00:00","og_image":[{"width":800,"height":450,"url":"https:\/\/jornalfatosenoticias.com.br\/wp-content\/uploads\/2025\/02\/lobisomen_curiosidade.jpg","type":"image\/jpeg"}],"author":"Luzimara Fernandes","twitter_card":"summary_large_image","twitter_misc":{"Escrito por":"Luzimara Fernandes","Est. tempo de leitura":"3 minutos"},"schema":{"@context":"https:\/\/schema.org","@graph":[{"@type":"Article","@id":"https:\/\/jornalfatosenoticias.com.br\/index.php\/2025\/02\/07\/conheca-peter-stumpp-o-lobisomem-que-assombrou-a-alemanha\/#article","isPartOf":{"@id":"https:\/\/jornalfatosenoticias.com.br\/index.php\/2025\/02\/07\/conheca-peter-stumpp-o-lobisomem-que-assombrou-a-alemanha\/"},"author":{"name":"Luzimara Fernandes","@id":"https:\/\/jornalfatosenoticias.com.br\/#\/schema\/person\/d63837fa13ac8666eb9e74e0985d6f81"},"headline":"Conhe\u00e7a Peter Stumpp, o &#8216;Lobisomem&#8217; que assombrou a Alemanha","datePublished":"2025-02-07T17:25:22+00:00","dateModified":"2025-02-07T17:25:23+00:00","mainEntityOfPage":{"@id":"https:\/\/jornalfatosenoticias.com.br\/index.php\/2025\/02\/07\/conheca-peter-stumpp-o-lobisomem-que-assombrou-a-alemanha\/"},"wordCount":625,"commentCount":0,"publisher":{"@id":"https:\/\/jornalfatosenoticias.com.br\/#organization"},"image":{"@id":"https:\/\/jornalfatosenoticias.com.br\/index.php\/2025\/02\/07\/conheca-peter-stumpp-o-lobisomem-que-assombrou-a-alemanha\/#primaryimage"},"thumbnailUrl":"https:\/\/jornalfatosenoticias.com.br\/wp-content\/uploads\/2025\/02\/lobisomen_curiosidade.jpg","keywords":["Alemanha","assassinatos","canibal","canibalismo","crian\u00e7as","curiosidade","hist\u00f3ria","lenda","lobisomem","mortes","mundo","Peter Stumpp"],"articleSection":["Geral"],"inLanguage":"pt-BR","potentialAction":[{"@type":"CommentAction","name":"Comment","target":["https:\/\/jornalfatosenoticias.com.br\/index.php\/2025\/02\/07\/conheca-peter-stumpp-o-lobisomem-que-assombrou-a-alemanha\/#respond"]}]},{"@type":"WebPage","@id":"https:\/\/jornalfatosenoticias.com.br\/index.php\/2025\/02\/07\/conheca-peter-stumpp-o-lobisomem-que-assombrou-a-alemanha\/","url":"https:\/\/jornalfatosenoticias.com.br\/index.php\/2025\/02\/07\/conheca-peter-stumpp-o-lobisomem-que-assombrou-a-alemanha\/","name":"Conhe\u00e7a Peter Stumpp, o 'Lobisomem' que assombrou a Alemanha - Jornal Fatos e Not\u00edcias","isPartOf":{"@id":"https:\/\/jornalfatosenoticias.com.br\/#website"},"primaryImageOfPage":{"@id":"https:\/\/jornalfatosenoticias.com.br\/index.php\/2025\/02\/07\/conheca-peter-stumpp-o-lobisomem-que-assombrou-a-alemanha\/#primaryimage"},"image":{"@id":"https:\/\/jornalfatosenoticias.com.br\/index.php\/2025\/02\/07\/conheca-peter-stumpp-o-lobisomem-que-assombrou-a-alemanha\/#primaryimage"},"thumbnailUrl":"https:\/\/jornalfatosenoticias.com.br\/wp-content\/uploads\/2025\/02\/lobisomen_curiosidade.jpg","datePublished":"2025-02-07T17:25:22+00:00","dateModified":"2025-02-07T17:25:23+00:00","breadcrumb":{"@id":"https:\/\/jornalfatosenoticias.com.br\/index.php\/2025\/02\/07\/conheca-peter-stumpp-o-lobisomem-que-assombrou-a-alemanha\/#breadcrumb"},"inLanguage":"pt-BR","potentialAction":[{"@type":"ReadAction","target":["https:\/\/jornalfatosenoticias.com.br\/index.php\/2025\/02\/07\/conheca-peter-stumpp-o-lobisomem-que-assombrou-a-alemanha\/"]}]},{"@type":"ImageObject","inLanguage":"pt-BR","@id":"https:\/\/jornalfatosenoticias.com.br\/index.php\/2025\/02\/07\/conheca-peter-stumpp-o-lobisomem-que-assombrou-a-alemanha\/#primaryimage","url":"https:\/\/jornalfatosenoticias.com.br\/wp-content\/uploads\/2025\/02\/lobisomen_curiosidade.jpg","contentUrl":"https:\/\/jornalfatosenoticias.com.br\/wp-content\/uploads\/2025\/02\/lobisomen_curiosidade.jpg","width":800,"height":450},{"@type":"BreadcrumbList","@id":"https:\/\/jornalfatosenoticias.com.br\/index.php\/2025\/02\/07\/conheca-peter-stumpp-o-lobisomem-que-assombrou-a-alemanha\/#breadcrumb","itemListElement":[{"@type":"ListItem","position":1,"name":"In\u00edcio","item":"https:\/\/jornalfatosenoticias.com.br\/"},{"@type":"ListItem","position":2,"name":"Conhe\u00e7a Peter Stumpp, o &#8216;Lobisomem&#8217; que assombrou a Alemanha"}]},{"@type":"WebSite","@id":"https:\/\/jornalfatosenoticias.com.br\/#website","url":"https:\/\/jornalfatosenoticias.com.br\/","name":"Jornal Fatos e Not\u00edcias","description":"Not\u00edcias em geral","publisher":{"@id":"https:\/\/jornalfatosenoticias.com.br\/#organization"},"potentialAction":[{"@type":"SearchAction","target":{"@type":"EntryPoint","urlTemplate":"https:\/\/jornalfatosenoticias.com.br\/?s={search_term_string}"},"query-input":{"@type":"PropertyValueSpecification","valueRequired":true,"valueName":"search_term_string"}}],"inLanguage":"pt-BR"},{"@type":"Organization","@id":"https:\/\/jornalfatosenoticias.com.br\/#organization","name":"Jornal Fatos e Not\u00edcias","url":"https:\/\/jornalfatosenoticias.com.br\/","logo":{"@type":"ImageObject","inLanguage":"pt-BR","@id":"https:\/\/jornalfatosenoticias.com.br\/#\/schema\/logo\/image\/","url":"https:\/\/jornalfatosenoticias.com.br\/wp-content\/uploads\/2020\/02\/logo120.png","contentUrl":"https:\/\/jornalfatosenoticias.com.br\/wp-content\/uploads\/2020\/02\/logo120.png","width":1227,"height":120,"caption":"Jornal Fatos e Not\u00edcias"},"image":{"@id":"https:\/\/jornalfatosenoticias.com.br\/#\/schema\/logo\/image\/"}},{"@type":"Person","@id":"https:\/\/jornalfatosenoticias.com.br\/#\/schema\/person\/d63837fa13ac8666eb9e74e0985d6f81","name":"Luzimara Fernandes","image":{"@type":"ImageObject","inLanguage":"pt-BR","@id":"https:\/\/jornalfatosenoticias.com.br\/#\/schema\/person\/image\/","url":"https:\/\/jornalfatosenoticias.com.br\/wp-content\/uploads\/2025\/05\/EU_portal.jpg","contentUrl":"https:\/\/jornalfatosenoticias.com.br\/wp-content\/uploads\/2025\/05\/EU_portal.jpg","caption":"Luzimara Fernandes"},"description":"Jornalista MTB 2358-ES","sameAs":["https:\/\/jornalfatosenoticias.com.br"],"url":"https:\/\/jornalfatosenoticias.com.br\/index.php\/author\/luzimara\/"}]}},"cc_featured_image_caption":{"caption_text":"(Foto: Museu de Arte Metropolitana\/Divulga\u00e7\u00e3o) ","source_text":"","source_url":""},"jetpack_featured_media_url":"https:\/\/jornalfatosenoticias.com.br\/wp-content\/uploads\/2025\/02\/lobisomen_curiosidade.jpg","_links":{"self":[{"href":"https:\/\/jornalfatosenoticias.com.br\/index.php\/wp-json\/wp\/v2\/posts\/57416","targetHints":{"allow":["GET"]}}],"collection":[{"href":"https:\/\/jornalfatosenoticias.com.br\/index.php\/wp-json\/wp\/v2\/posts"}],"about":[{"href":"https:\/\/jornalfatosenoticias.com.br\/index.php\/wp-json\/wp\/v2\/types\/post"}],"author":[{"embeddable":true,"href":"https:\/\/jornalfatosenoticias.com.br\/index.php\/wp-json\/wp\/v2\/users\/2"}],"replies":[{"embeddable":true,"href":"https:\/\/jornalfatosenoticias.com.br\/index.php\/wp-json\/wp\/v2\/comments?post=57416"}],"version-history":[{"count":0,"href":"https:\/\/jornalfatosenoticias.com.br\/index.php\/wp-json\/wp\/v2\/posts\/57416\/revisions"}],"wp:featuredmedia":[{"embeddable":true,"href":"https:\/\/jornalfatosenoticias.com.br\/index.php\/wp-json\/wp\/v2\/media\/57417"}],"wp:attachment":[{"href":"https:\/\/jornalfatosenoticias.com.br\/index.php\/wp-json\/wp\/v2\/media?parent=57416"}],"wp:term":[{"taxonomy":"category","embeddable":true,"href":"https:\/\/jornalfatosenoticias.com.br\/index.php\/wp-json\/wp\/v2\/categories?post=57416"},{"taxonomy":"post_tag","embeddable":true,"href":"https:\/\/jornalfatosenoticias.com.br\/index.php\/wp-json\/wp\/v2\/tags?post=57416"}],"curies":[{"name":"wp","href":"https:\/\/api.w.org\/{rel}","templated":true}]}}